{"id":31291,"date":"2025-02-08T17:41:28","date_gmt":"2025-02-08T14:41:28","guid":{"rendered":"https:\/\/denizcankizil.tr\/uncategorized-tr\/ankara-buyuksehirden-asgari-ucrete-destek-programi\/"},"modified":"2025-02-08T17:41:28","modified_gmt":"2025-02-08T14:41:28","slug":"ankara-buyuksehirden-asgari-ucrete-destek-programi","status":"publish","type":"post","link":"https:\/\/denizcankizil.tr\/en\/haberler\/gundem\/ankara-buyuksehirden-asgari-ucrete-destek-programi\/","title":{"rendered":"Ankara B\u00fcy\u00fck\u015fehir&#8217;den asgari \u00fccrete destek program\u0131"},"content":{"rendered":"<p>Ankara B\u00fcy\u00fck\u015fehir Belediye Ba\u015fkan\u0131 Mansur Yava\u015f, T\u00fcrkiye\u2019deki belediyelerde bir ilk olma \u00f6zelli\u011fi ta\u015f\u0131yan \u2018Asgari \u00dccret Destek Program\u0131\u2019n\u0131 duyurdu.ANKARA (\u0130GFA) &#8211; Paket kapsam\u0131nda asgari \u00fccretliler de nakit deste\u011fi, do\u011falgaz deste\u011fi, protein deste\u011fi, k\u0131rtasiye deste\u011fi, kantin deste\u011fi, ula\u015f\u0131m deste\u011fi, ekmek deste\u011fi, s\u00fct deste\u011fi ve su indirimi gibi sosyal desteklerden yararlanabilecek. Ayr\u0131ca, vatanda\u015flar\u0131n muayene ve ila\u00e7 kat\u0131l\u0131m paylar\u0131 da ba\u015fvurmalar\u0131 h\u00e2linde ABB taraf\u0131ndan \u00f6denecek.<br \/>\nKonu\u015fmas\u0131nda T\u00fcrkiye\u2019nin ger\u00e7ek g\u00fcndeminin a\u00e7l\u0131k ve yoksulluk oldu\u011funu belirten Mansur Yava\u015f, \u201cEnflasyonu d\u00fc\u015f\u00fcrmek i\u00e7in \u00e7ok kazanandan \u00e7ok vergi almak yerine y\u0131llard\u0131r oldu\u011fu gibi yine y\u00fck\u00fc dar gelirlerin \u00fczerine koydular. \u0130\u015fte biz bunu seyretmiyoruz. Bir y\u00f6netici olarak bunu seyretmeyece\u011fiz, insanlar\u0131m\u0131z\u0131n evinde donmas\u0131na izin vermeyece\u011fiz, a\u00e7l\u0131ktan \u00f6lmesine izin vermeyece\u011fiz, \u0130ktidar\u0131n bu beceriksizli\u011fini seyretmeyece\u011fiz\u201d dedi.<br \/>\nYava\u015f: \u201cTer d\u00f6kerek \u00fcreten, al\u0131n teriyle \u00e7al\u0131\u015fan, y\u0131llarca bu memlekete hizmet etmi\u015f emeklilere yap\u0131lan bu muamele ve lay\u0131k g\u00f6r\u00fclen maa\u015f, bu \u00fclkeyi y\u00f6netenlerin ay\u0131b\u0131d\u0131r. Bunlar ortadan kalkmad\u0131\u011f\u0131 m\u00fcddet\u00e7e cumhurba\u015fkan\u0131 olsan\u0131z ne yazar? Hangi makam bunlar\u0131 telafi eder? Buradan sesleniyorum: biz yan\u0131n\u0131zday\u0131z.\u201d<\/p>\n<p>\u200bAnkara B\u00fcy\u00fck\u015fehir Belediye Ba\u015fkan\u0131 Mansur Yava\u015f, T\u00fcrkiye\u2019deki belediyelerde bir ilk olma \u00f6zelli\u011fi ta\u015f\u0131yan \u2018Asgari \u00dccret Destek Program\u0131\u2019n\u0131 duyurdu.ANKARA (\u0130GFA) &#8211; Paket kapsam\u0131nda asgari \u00fccretliler de nakit deste\u011fi, do\u011falgaz deste\u011fi, protein deste\u011fi, k\u0131rtasiye deste\u011fi, kantin deste\u011fi, ula\u015f\u0131m deste\u011fi, ekmek deste\u011fi, s\u00fct deste\u011fi ve su indirimi gibi sosyal desteklerden yararlanabilecek. Ayr\u0131ca, vatanda\u015flar\u0131n muayene ve ila\u00e7 kat\u0131l\u0131m paylar\u0131 da ba\u015fvurmalar\u0131 h\u00e2linde ABB taraf\u0131ndan \u00f6denecek.<br \/>\nKonu\u015fmas\u0131nda T\u00fcrkiye\u2019nin ger\u00e7ek g\u00fcndeminin a\u00e7l\u0131k ve yoksulluk oldu\u011funu belirten Mansur Yava\u015f, \u201cEnflasyonu d\u00fc\u015f\u00fcrmek i\u00e7in \u00e7ok kazanandan \u00e7ok vergi almak yerine y\u0131llard\u0131r oldu\u011fu gibi yine y\u00fck\u00fc dar gelirlerin \u00fczerine koydular. \u0130\u015fte biz bunu seyretmiyoruz. Bir y\u00f6netici olarak bunu seyretmeyece\u011fiz, insanlar\u0131m\u0131z\u0131n evinde donmas\u0131na izin vermeyece\u011fiz, a\u00e7l\u0131ktan \u00f6lmesine izin vermeyece\u011fiz, \u0130ktidar\u0131n bu beceriksizli\u011fini seyretmeyece\u011fiz\u201d dedi.<br \/>\nYava\u015f: \u201cTer d\u00f6kerek \u00fcreten, al\u0131n teriyle \u00e7al\u0131\u015fan, y\u0131llarca bu memlekete hizmet etmi\u015f emeklilere yap\u0131lan bu muamele ve lay\u0131k g\u00f6r\u00fclen maa\u015f, bu \u00fclkeyi y\u00f6netenlerin ay\u0131b\u0131d\u0131r. Bunlar ortadan kalkmad\u0131\u011f\u0131 m\u00fcddet\u00e7e cumhurba\u015fkan\u0131 olsan\u0131z ne yazar? Hangi makam bunlar\u0131 telafi eder? Buradan sesleniyorum: biz yan\u0131n\u0131zday\u0131z.\u201d\u00a0<\/p>\n<p>\u200bHaberin Al\u0131nt\u0131land\u0131\u011f\u0131 Kaynak: www.iskenderun.org<\/p>","protected":false},"excerpt":{"rendered":"<p>Ankara B\u00fcy\u00fck\u015fehir Belediye Ba\u015fkan\u0131 Mansur Yava\u015f, T\u00fcrkiye\u2019deki belediyelerde bir ilk olma \u00f6zelli\u011fi ta\u015f\u0131yan \u2018Asgari \u00dccret Destek Program\u0131\u2019n\u0131 duyurdu.ANKARA (\u0130GFA) &#8211; Paket kapsam\u0131nda asgari \u00fccretliler de nakit deste\u011fi, do\u011falgaz deste\u011fi, protein deste\u011fi, k\u0131rtasiye deste\u011fi, kantin deste\u011fi, ula\u015f\u0131m deste\u011fi, ekmek deste\u011fi, s\u00fct deste\u011fi ve su indirimi gibi sosyal desteklerden yararlanabilecek. Ayr\u0131ca, vatanda\u015flar\u0131n muayene ve ila\u00e7 kat\u0131l\u0131m paylar\u0131 da ba\u015fvurmalar\u0131 h\u00e2linde ABB taraf\u0131ndan \u00f6denecek. Konu\u015fmas\u0131nda T\u00fcrkiye\u2019nin ger\u00e7ek g\u00fcndeminin a\u00e7l\u0131k ve yoksulluk oldu\u011funu belirten Mansur Yava\u015f, \u201cEnflasyonu d\u00fc\u015f\u00fcrmek i\u00e7in \u00e7ok kazanandan \u00e7ok vergi almak yerine y\u0131llard\u0131r oldu\u011fu gibi yine y\u00fck\u00fc dar gelirlerin \u00fczerine koydular. \u0130\u015fte biz bunu seyretmiyoruz. Bir y\u00f6netici olarak bunu seyretmeyece\u011fiz, insanlar\u0131m\u0131z\u0131n evinde donmas\u0131na izin vermeyece\u011fiz, a\u00e7l\u0131ktan \u00f6lmesine izin vermeyece\u011fiz, \u0130ktidar\u0131n bu beceriksizli\u011fini seyretmeyece\u011fiz\u201d dedi. Yava\u015f: \u201cTer d\u00f6kerek \u00fcreten, al\u0131n teriyle \u00e7al\u0131\u015fan, y\u0131llarca bu memlekete hizmet etmi\u015f emeklilere yap\u0131lan bu muamele ve lay\u0131k g\u00f6r\u00fclen maa\u015f, bu \u00fclkeyi y\u00f6netenlerin ay\u0131b\u0131d\u0131r. Bunlar ortadan kalkmad\u0131\u011f\u0131 m\u00fcddet\u00e7e cumhurba\u015fkan\u0131 olsan\u0131z ne yazar? Hangi makam bunlar\u0131 telafi eder? Buradan sesleniyorum: biz yan\u0131n\u0131zday\u0131z.\u201d \u200bAnkara B\u00fcy\u00fck\u015fehir Belediye Ba\u015fkan\u0131 Mansur Yava\u015f, T\u00fcrkiye\u2019deki belediyelerde bir ilk olma \u00f6zelli\u011fi ta\u015f\u0131yan \u2018Asgari \u00dccret Destek Program\u0131\u2019n\u0131 duyurdu.ANKARA (\u0130GFA) &#8211; Paket kapsam\u0131nda asgari \u00fccretliler de nakit deste\u011fi, do\u011falgaz deste\u011fi, protein deste\u011fi, k\u0131rtasiye deste\u011fi, kantin deste\u011fi, ula\u015f\u0131m deste\u011fi, ekmek deste\u011fi, s\u00fct deste\u011fi ve su indirimi gibi sosyal &hellip;<\/p>","protected":false},"author":1,"featured_media":0,"comment_status":"open","ping_status":"open","sticky":false,"template":"","format":"standard","meta":{"_acf_changed":false,"footnotes":""},"categories":[24],"tags":[],"class_list":["post-31291","post","type-post","status-publish","format-standard","has-post-thumbnail","hentry","category-gundem"],"acf":[],"yoast_head":"<!-- This site is optimized with the Yoast SEO Premium plugin v26.6 (Yoast SEO v27.1.1) - https:\/\/yoast.com\/product\/yoast-seo-premium-wordpress\/ -->\n<title>Ankara B\u00fcy\u00fck\u015fehir&#039;den asgari \u00fccrete destek program\u0131 - Av. Deniz Can K\u0131z\u0131l<\/title>\n<meta name=\"robots\" content=\"index, follow, max-snippet:-1, max-image-preview:large, max-video-preview:-1\" \/>\n<link rel=\"canonical\" href=\"https:\/\/denizcankizil.tr\/en\/haberler\/gundem\/ankara-buyuksehirden-asgari-ucrete-destek-programi\/\" \/>\n<meta property=\"og:locale\" content=\"en_GB\" \/>\n<meta property=\"og:type\" content=\"article\" \/>\n<meta property=\"og:title\" content=\"Ankara B\u00fcy\u00fck\u015fehir&#039;den asgari \u00fccrete destek program\u0131\" \/>\n<meta property=\"og:description\" content=\"Ankara B\u00fcy\u00fck\u015fehir Belediye Ba\u015fkan\u0131 Mansur Yava\u015f, T\u00fcrkiye\u2019deki belediyelerde bir ilk olma \u00f6zelli\u011fi ta\u015f\u0131yan \u2018Asgari \u00dccret Destek Program\u0131\u2019n\u0131 duyurdu.ANKARA (\u0130GFA) &#8211; Paket kapsam\u0131nda asgari \u00fccretliler de nakit deste\u011fi, do\u011falgaz deste\u011fi, protein deste\u011fi, k\u0131rtasiye deste\u011fi, kantin deste\u011fi, ula\u015f\u0131m deste\u011fi, ekmek deste\u011fi, s\u00fct deste\u011fi ve su indirimi gibi sosyal desteklerden yararlanabilecek. Ayr\u0131ca, vatanda\u015flar\u0131n muayene ve ila\u00e7 kat\u0131l\u0131m paylar\u0131 da ba\u015fvurmalar\u0131 h\u00e2linde ABB taraf\u0131ndan \u00f6denecek. Konu\u015fmas\u0131nda T\u00fcrkiye\u2019nin ger\u00e7ek g\u00fcndeminin a\u00e7l\u0131k ve yoksulluk oldu\u011funu belirten Mansur Yava\u015f, \u201cEnflasyonu d\u00fc\u015f\u00fcrmek i\u00e7in \u00e7ok kazanandan \u00e7ok vergi almak yerine y\u0131llard\u0131r oldu\u011fu gibi yine y\u00fck\u00fc dar gelirlerin \u00fczerine koydular. \u0130\u015fte biz bunu seyretmiyoruz. Bir y\u00f6netici olarak bunu seyretmeyece\u011fiz, insanlar\u0131m\u0131z\u0131n evinde donmas\u0131na izin vermeyece\u011fiz, a\u00e7l\u0131ktan \u00f6lmesine izin vermeyece\u011fiz, \u0130ktidar\u0131n bu beceriksizli\u011fini seyretmeyece\u011fiz\u201d dedi. Yava\u015f: \u201cTer d\u00f6kerek \u00fcreten, al\u0131n teriyle \u00e7al\u0131\u015fan, y\u0131llarca bu memlekete hizmet etmi\u015f emeklilere yap\u0131lan bu muamele ve lay\u0131k g\u00f6r\u00fclen maa\u015f, bu \u00fclkeyi y\u00f6netenlerin ay\u0131b\u0131d\u0131r. Bunlar ortadan kalkmad\u0131\u011f\u0131 m\u00fcddet\u00e7e cumhurba\u015fkan\u0131 olsan\u0131z ne yazar? Hangi makam bunlar\u0131 telafi eder? Buradan sesleniyorum: biz yan\u0131n\u0131zday\u0131z.\u201d \u200bAnkara B\u00fcy\u00fck\u015fehir Belediye Ba\u015fkan\u0131 Mansur Yava\u015f, T\u00fcrkiye\u2019deki belediyelerde bir ilk olma \u00f6zelli\u011fi ta\u015f\u0131yan \u2018Asgari \u00dccret Destek Program\u0131\u2019n\u0131 duyurdu.ANKARA (\u0130GFA) &#8211; Paket kapsam\u0131nda asgari \u00fccretliler de nakit deste\u011fi, do\u011falgaz deste\u011fi, protein deste\u011fi, k\u0131rtasiye deste\u011fi, kantin deste\u011fi, ula\u015f\u0131m deste\u011fi, ekmek deste\u011fi, s\u00fct deste\u011fi ve su indirimi gibi sosyal &hellip;\" \/>\n<meta property=\"og:url\" content=\"https:\/\/denizcankizil.tr\/en\/haberler\/gundem\/ankara-buyuksehirden-asgari-ucrete-destek-programi\/\" \/>\n<meta property=\"og:site_name\" content=\"Av. Deniz Can K\u0131z\u0131l\" \/>\n<meta property=\"article:published_time\" content=\"2025-02-08T14:41:28+00:00\" \/>\n<meta name=\"author\" content=\"admin\" \/>\n<meta name=\"twitter:card\" content=\"summary_large_image\" \/>\n<meta name=\"twitter:label1\" content=\"Written by\" \/>\n\t<meta name=\"twitter:data1\" content=\"admin\" \/>\n\t<meta name=\"twitter:label2\" content=\"Estimated reading time\" \/>\n\t<meta name=\"twitter:data2\" content=\"2 minutes\" \/>\n<script type=\"application\/ld+json\" class=\"yoast-schema-graph\">{\"@context\":\"https:\/\/schema.org\",\"@graph\":[{\"@type\":\"Article\",\"@id\":\"https:\/\/denizcankizil.tr\/en\/haberler\/gundem\/ankara-buyuksehirden-asgari-ucrete-destek-programi\/#article\",\"isPartOf\":{\"@id\":\"https:\/\/denizcankizil.tr\/en\/haberler\/gundem\/ankara-buyuksehirden-asgari-ucrete-destek-programi\/\"},\"author\":{\"name\":\"admin\",\"@id\":\"https:\/\/denizcankizil.tr\/#\/schema\/person\/be3c05fe6a12686905512445d8185489\"},\"headline\":\"Ankara B\u00fcy\u00fck\u015fehir&#8217;den asgari \u00fccrete destek program\u0131\",\"datePublished\":\"2025-02-08T14:41:28+00:00\",\"mainEntityOfPage\":{\"@id\":\"https:\/\/denizcankizil.tr\/en\/haberler\/gundem\/ankara-buyuksehirden-asgari-ucrete-destek-programi\/\"},\"wordCount\":482,\"commentCount\":0,\"publisher\":{\"@id\":\"https:\/\/denizcankizil.tr\/#organization\"},\"articleSection\":[\"G\u00fcndem\"],\"inLanguage\":\"en-GB\",\"potentialAction\":[{\"@type\":\"CommentAction\",\"name\":\"Comment\",\"target\":[\"https:\/\/denizcankizil.tr\/en\/haberler\/gundem\/ankara-buyuksehirden-asgari-ucrete-destek-programi\/#respond\"]}]},{\"@type\":\"WebPage\",\"@id\":\"https:\/\/denizcankizil.tr\/en\/haberler\/gundem\/ankara-buyuksehirden-asgari-ucrete-destek-programi\/\",\"url\":\"https:\/\/denizcankizil.tr\/en\/haberler\/gundem\/ankara-buyuksehirden-asgari-ucrete-destek-programi\/\",\"name\":\"Ankara B\u00fcy\u00fck\u015fehir'den asgari \u00fccrete destek program\u0131 - Av. Deniz Can K\u0131z\u0131l\",\"isPartOf\":{\"@id\":\"https:\/\/denizcankizil.tr\/#website\"},\"datePublished\":\"2025-02-08T14:41:28+00:00\",\"breadcrumb\":{\"@id\":\"https:\/\/denizcankizil.tr\/en\/haberler\/gundem\/ankara-buyuksehirden-asgari-ucrete-destek-programi\/#breadcrumb\"},\"inLanguage\":\"en-GB\",\"potentialAction\":[{\"@type\":\"ReadAction\",\"target\":[\"https:\/\/denizcankizil.tr\/en\/haberler\/gundem\/ankara-buyuksehirden-asgari-ucrete-destek-programi\/\"]}]},{\"@type\":\"BreadcrumbList\",\"@id\":\"https:\/\/denizcankizil.tr\/en\/haberler\/gundem\/ankara-buyuksehirden-asgari-ucrete-destek-programi\/#breadcrumb\",\"itemListElement\":[{\"@type\":\"ListItem\",\"position\":1,\"name\":\"Home\",\"item\":\"https:\/\/denizcankizil.tr\/de\/\"},{\"@type\":\"ListItem\",\"position\":2,\"name\":\"Ankara B\u00fcy\u00fck\u015fehir&#8217;den asgari \u00fccrete destek program\u0131\"}]},{\"@type\":\"WebSite\",\"@id\":\"https:\/\/denizcankizil.tr\/#website\",\"url\":\"https:\/\/denizcankizil.tr\/\",\"name\":\"Av. Deniz Can K\u0131z\u0131l\",\"description\":\"Avukat Deniz Can K\u0131z\u0131l Antalya Barosu\",\"publisher\":{\"@id\":\"https:\/\/denizcankizil.tr\/#organization\"},\"potentialAction\":[{\"@type\":\"SearchAction\",\"target\":{\"@type\":\"EntryPoint\",\"urlTemplate\":\"https:\/\/denizcankizil.tr\/?s={search_term_string}\"},\"query-input\":{\"@type\":\"PropertyValueSpecification\",\"valueRequired\":true,\"valueName\":\"search_term_string\"}}],\"inLanguage\":\"en-GB\"},{\"@type\":\"Organization\",\"@id\":\"https:\/\/denizcankizil.tr\/#organization\",\"name\":\"Av. Deniz Can K\u0131z\u0131l\",\"url\":\"https:\/\/denizcankizil.tr\/\",\"logo\":{\"@type\":\"ImageObject\",\"inLanguage\":\"en-GB\",\"@id\":\"https:\/\/denizcankizil.tr\/#\/schema\/logo\/image\/\",\"url\":\"https:\/\/denizcankizil.tr\/wp-content\/uploads\/2024\/10\/siyah-logo-svg.svg\",\"contentUrl\":\"https:\/\/denizcankizil.tr\/wp-content\/uploads\/2024\/10\/siyah-logo-svg.svg\",\"width\":1080,\"height\":1080,\"caption\":\"Av. Deniz Can K\u0131z\u0131l\"},\"image\":{\"@id\":\"https:\/\/denizcankizil.tr\/#\/schema\/logo\/image\/\"}},{\"@type\":\"Person\",\"@id\":\"https:\/\/denizcankizil.tr\/#\/schema\/person\/be3c05fe6a12686905512445d8185489\",\"name\":\"admin\",\"image\":{\"@type\":\"ImageObject\",\"inLanguage\":\"en-GB\",\"@id\":\"https:\/\/denizcankizil.tr\/#\/schema\/person\/image\/\",\"url\":\"https:\/\/secure.gravatar.com\/avatar\/c1fce94c830dc79107e174f890d7210541c4a63e8e5d816341794a2151c9d58c?s=96&d=mm&r=g\",\"contentUrl\":\"https:\/\/secure.gravatar.com\/avatar\/c1fce94c830dc79107e174f890d7210541c4a63e8e5d816341794a2151c9d58c?s=96&d=mm&r=g\",\"caption\":\"admin\"},\"sameAs\":[\"http:\/\/denizcankizil.tr\"],\"url\":\"https:\/\/www.iskenderun.org\/ankara-buyuksehirden-asgari-ucrete-destek-programi\"}]}<\/script>\n<!-- \/ Yoast SEO Premium plugin. -->","yoast_head_json":{"title":"Ankara B\u00fcy\u00fck\u015fehir'den asgari \u00fccrete destek program\u0131 - Av. Deniz Can K\u0131z\u0131l","robots":{"index":"index","follow":"follow","max-snippet":"max-snippet:-1","max-image-preview":"max-image-preview:large","max-video-preview":"max-video-preview:-1"},"canonical":"https:\/\/denizcankizil.tr\/en\/haberler\/gundem\/ankara-buyuksehirden-asgari-ucrete-destek-programi\/","og_locale":"en_GB","og_type":"article","og_title":"Ankara B\u00fcy\u00fck\u015fehir'den asgari \u00fccrete destek program\u0131","og_description":"Ankara B\u00fcy\u00fck\u015fehir Belediye Ba\u015fkan\u0131 Mansur Yava\u015f, T\u00fcrkiye\u2019deki belediyelerde bir ilk olma \u00f6zelli\u011fi ta\u015f\u0131yan \u2018Asgari \u00dccret Destek Program\u0131\u2019n\u0131 duyurdu.ANKARA (\u0130GFA) &#8211; Paket kapsam\u0131nda asgari \u00fccretliler de nakit deste\u011fi, do\u011falgaz deste\u011fi, protein deste\u011fi, k\u0131rtasiye deste\u011fi, kantin deste\u011fi, ula\u015f\u0131m deste\u011fi, ekmek deste\u011fi, s\u00fct deste\u011fi ve su indirimi gibi sosyal desteklerden yararlanabilecek. Ayr\u0131ca, vatanda\u015flar\u0131n muayene ve ila\u00e7 kat\u0131l\u0131m paylar\u0131 da ba\u015fvurmalar\u0131 h\u00e2linde ABB taraf\u0131ndan \u00f6denecek. Konu\u015fmas\u0131nda T\u00fcrkiye\u2019nin ger\u00e7ek g\u00fcndeminin a\u00e7l\u0131k ve yoksulluk oldu\u011funu belirten Mansur Yava\u015f, \u201cEnflasyonu d\u00fc\u015f\u00fcrmek i\u00e7in \u00e7ok kazanandan \u00e7ok vergi almak yerine y\u0131llard\u0131r oldu\u011fu gibi yine y\u00fck\u00fc dar gelirlerin \u00fczerine koydular. \u0130\u015fte biz bunu seyretmiyoruz. Bir y\u00f6netici olarak bunu seyretmeyece\u011fiz, insanlar\u0131m\u0131z\u0131n evinde donmas\u0131na izin vermeyece\u011fiz, a\u00e7l\u0131ktan \u00f6lmesine izin vermeyece\u011fiz, \u0130ktidar\u0131n bu beceriksizli\u011fini seyretmeyece\u011fiz\u201d dedi. Yava\u015f: \u201cTer d\u00f6kerek \u00fcreten, al\u0131n teriyle \u00e7al\u0131\u015fan, y\u0131llarca bu memlekete hizmet etmi\u015f emeklilere yap\u0131lan bu muamele ve lay\u0131k g\u00f6r\u00fclen maa\u015f, bu \u00fclkeyi y\u00f6netenlerin ay\u0131b\u0131d\u0131r. Bunlar ortadan kalkmad\u0131\u011f\u0131 m\u00fcddet\u00e7e cumhurba\u015fkan\u0131 olsan\u0131z ne yazar? Hangi makam bunlar\u0131 telafi eder? Buradan sesleniyorum: biz yan\u0131n\u0131zday\u0131z.\u201d \u200bAnkara B\u00fcy\u00fck\u015fehir Belediye Ba\u015fkan\u0131 Mansur Yava\u015f, T\u00fcrkiye\u2019deki belediyelerde bir ilk olma \u00f6zelli\u011fi ta\u015f\u0131yan \u2018Asgari \u00dccret Destek Program\u0131\u2019n\u0131 duyurdu.ANKARA (\u0130GFA) &#8211; Paket kapsam\u0131nda asgari \u00fccretliler de nakit deste\u011fi, do\u011falgaz deste\u011fi, protein deste\u011fi, k\u0131rtasiye deste\u011fi, kantin deste\u011fi, ula\u015f\u0131m deste\u011fi, ekmek deste\u011fi, s\u00fct deste\u011fi ve su indirimi gibi sosyal &hellip;","og_url":"https:\/\/denizcankizil.tr\/en\/haberler\/gundem\/ankara-buyuksehirden-asgari-ucrete-destek-programi\/","og_site_name":"Av. Deniz Can K\u0131z\u0131l","article_published_time":"2025-02-08T14:41:28+00:00","author":"admin","twitter_card":"summary_large_image","twitter_misc":{"Written by":"admin","Estimated reading time":"2 minutes"},"schema":{"@context":"https:\/\/schema.org","@graph":[{"@type":"Article","@id":"https:\/\/denizcankizil.tr\/en\/haberler\/gundem\/ankara-buyuksehirden-asgari-ucrete-destek-programi\/#article","isPartOf":{"@id":"https:\/\/denizcankizil.tr\/en\/haberler\/gundem\/ankara-buyuksehirden-asgari-ucrete-destek-programi\/"},"author":{"name":"admin","@id":"https:\/\/denizcankizil.tr\/#\/schema\/person\/be3c05fe6a12686905512445d8185489"},"headline":"Ankara B\u00fcy\u00fck\u015fehir&#8217;den asgari \u00fccrete destek program\u0131","datePublished":"2025-02-08T14:41:28+00:00","mainEntityOfPage":{"@id":"https:\/\/denizcankizil.tr\/en\/haberler\/gundem\/ankara-buyuksehirden-asgari-ucrete-destek-programi\/"},"wordCount":482,"commentCount":0,"publisher":{"@id":"https:\/\/denizcankizil.tr\/#organization"},"articleSection":["G\u00fcndem"],"inLanguage":"en-GB","potentialAction":[{"@type":"CommentAction","name":"Comment","target":["https:\/\/denizcankizil.tr\/en\/haberler\/gundem\/ankara-buyuksehirden-asgari-ucrete-destek-programi\/#respond"]}]},{"@type":"WebPage","@id":"https:\/\/denizcankizil.tr\/en\/haberler\/gundem\/ankara-buyuksehirden-asgari-ucrete-destek-programi\/","url":"https:\/\/denizcankizil.tr\/en\/haberler\/gundem\/ankara-buyuksehirden-asgari-ucrete-destek-programi\/","name":"Ankara B\u00fcy\u00fck\u015fehir'den asgari \u00fccrete destek program\u0131 - Av. Deniz Can K\u0131z\u0131l","isPartOf":{"@id":"https:\/\/denizcankizil.tr\/#website"},"datePublished":"2025-02-08T14:41:28+00:00","breadcrumb":{"@id":"https:\/\/denizcankizil.tr\/en\/haberler\/gundem\/ankara-buyuksehirden-asgari-ucrete-destek-programi\/#breadcrumb"},"inLanguage":"en-GB","potentialAction":[{"@type":"ReadAction","target":["https:\/\/denizcankizil.tr\/en\/haberler\/gundem\/ankara-buyuksehirden-asgari-ucrete-destek-programi\/"]}]},{"@type":"BreadcrumbList","@id":"https:\/\/denizcankizil.tr\/en\/haberler\/gundem\/ankara-buyuksehirden-asgari-ucrete-destek-programi\/#breadcrumb","itemListElement":[{"@type":"ListItem","position":1,"name":"Home","item":"https:\/\/denizcankizil.tr\/de\/"},{"@type":"ListItem","position":2,"name":"Ankara B\u00fcy\u00fck\u015fehir&#8217;den asgari \u00fccrete destek program\u0131"}]},{"@type":"WebSite","@id":"https:\/\/denizcankizil.tr\/#website","url":"https:\/\/denizcankizil.tr\/","name":"Av. Deniz Can K\u0131z\u0131l","description":"Avukat Deniz Can K\u0131z\u0131l Antalya Barosu","publisher":{"@id":"https:\/\/denizcankizil.tr\/#organization"},"potentialAction":[{"@type":"SearchAction","target":{"@type":"EntryPoint","urlTemplate":"https:\/\/denizcankizil.tr\/?s={search_term_string}"},"query-input":{"@type":"PropertyValueSpecification","valueRequired":true,"valueName":"search_term_string"}}],"inLanguage":"en-GB"},{"@type":"Organization","@id":"https:\/\/denizcankizil.tr\/#organization","name":"Av. Deniz Can K\u0131z\u0131l","url":"https:\/\/denizcankizil.tr\/","logo":{"@type":"ImageObject","inLanguage":"en-GB","@id":"https:\/\/denizcankizil.tr\/#\/schema\/logo\/image\/","url":"https:\/\/denizcankizil.tr\/wp-content\/uploads\/2024\/10\/siyah-logo-svg.svg","contentUrl":"https:\/\/denizcankizil.tr\/wp-content\/uploads\/2024\/10\/siyah-logo-svg.svg","width":1080,"height":1080,"caption":"Av. Deniz Can K\u0131z\u0131l"},"image":{"@id":"https:\/\/denizcankizil.tr\/#\/schema\/logo\/image\/"}},{"@type":"Person","@id":"https:\/\/denizcankizil.tr\/#\/schema\/person\/be3c05fe6a12686905512445d8185489","name":"admin","image":{"@type":"ImageObject","inLanguage":"en-GB","@id":"https:\/\/denizcankizil.tr\/#\/schema\/person\/image\/","url":"https:\/\/secure.gravatar.com\/avatar\/c1fce94c830dc79107e174f890d7210541c4a63e8e5d816341794a2151c9d58c?s=96&d=mm&r=g","contentUrl":"https:\/\/secure.gravatar.com\/avatar\/c1fce94c830dc79107e174f890d7210541c4a63e8e5d816341794a2151c9d58c?s=96&d=mm&r=g","caption":"admin"},"sameAs":["http:\/\/denizcankizil.tr"],"url":"https:\/\/www.iskenderun.org\/ankara-buyuksehirden-asgari-ucrete-destek-programi"}]}},"_links":{"self":[{"href":"https:\/\/denizcankizil.tr\/en\/wp-json\/wp\/v2\/posts\/31291","targetHints":{"allow":["GET"]}}],"collection":[{"href":"https:\/\/denizcankizil.tr\/en\/wp-json\/wp\/v2\/posts"}],"about":[{"href":"https:\/\/denizcankizil.tr\/en\/wp-json\/wp\/v2\/types\/post"}],"author":[{"embeddable":true,"href":"https:\/\/denizcankizil.tr\/en\/wp-json\/wp\/v2\/users\/1"}],"replies":[{"embeddable":true,"href":"https:\/\/denizcankizil.tr\/en\/wp-json\/wp\/v2\/comments?post=31291"}],"version-history":[{"count":0,"href":"https:\/\/denizcankizil.tr\/en\/wp-json\/wp\/v2\/posts\/31291\/revisions"}],"wp:attachment":[{"href":"https:\/\/denizcankizil.tr\/en\/wp-json\/wp\/v2\/media?parent=31291"}],"wp:term":[{"taxonomy":"category","embeddable":true,"href":"https:\/\/denizcankizil.tr\/en\/wp-json\/wp\/v2\/categories?post=31291"},{"taxonomy":"post_tag","embeddable":true,"href":"https:\/\/denizcankizil.tr\/en\/wp-json\/wp\/v2\/tags?post=31291"}],"curies":[{"name":"wp","href":"https:\/\/api.w.org\/{rel}","templated":true}]}}