{"id":30937,"date":"2025-02-07T11:41:43","date_gmt":"2025-02-07T08:41:43","guid":{"rendered":"https:\/\/denizcankizil.tr\/uncategorized-tr\/antalyada-tarihin-ortasina-tuvalet-yapmislardi-o-tuvaletin-uzeri-kafe-oldu\/"},"modified":"2025-02-07T11:41:43","modified_gmt":"2025-02-07T08:41:43","slug":"antalyada-tarihin-ortasina-tuvalet-yapmislardi-o-tuvaletin-uzeri-kafe-oldu","status":"publish","type":"post","link":"https:\/\/denizcankizil.tr\/en\/haberler\/gundem\/antalyada-tarihin-ortasina-tuvalet-yapmislardi-o-tuvaletin-uzeri-kafe-oldu\/","title":{"rendered":"Antalya\u2019da tarihin ortas\u0131na tuvalet yapm\u0131\u015flard\u0131: O tuvaletin \u00fczeri kafe oldu!"},"content":{"rendered":"<p>Vak\u0131flar B\u00f6lge M\u00fcd\u00fcrl\u00fc\u011f\u00fc taraf\u0131ndan ba\u015flat\u0131lan in\u015faat, b\u00fcy\u00fck tepki g\u00f6rm\u00fc\u015ft\u00fc. KESK\u2019e ba\u011fl\u0131 K\u00fclt\u00fcr Sanat-Sen Antalya B\u00f6lge Ba\u015fkan\u0131 \u0130rfan Kuru\u00fcz\u00fcm, \u015fehrin en \u00f6nemli tarihi miraslar\u0131 aras\u0131nda yer alan b\u00f6lgede in\u015fa edilen tuvalet projesinin derhal durdurulmas\u0131n\u0131 istemi\u015f fakat bu istek kar\u015f\u0131l\u0131k bulmam\u0131\u015ft\u0131. \u0130n\u015faat\u0131nda sona gelinen beton tuvaletin \u00fczerine masa ve sandalyeler konularak ticari bir alana d\u00f6n\u00fc\u015ft\u00fcr\u00fcld\u00fc.<\/p>\n<p>T\u00dcRBEN\u0130N HEMEN YANI BA\u015eINDA \u0130N\u015eA ED\u0130LD\u0130!<\/p>\n<p>Antalya&#8217;da Roma, Sel\u00e7uklu ve Osmanl\u0131 d\u00f6neminin k\u00fclt\u00fcr miras\u0131n\u0131n bir arada g\u00f6r\u00fcld\u00fc\u011f\u00fc, tarihi alanda Vak\u0131flar B\u00f6lge M\u00fcd\u00fcrl\u00fc\u011f\u00fc eliyle tuvalet in\u015faat \u00e7al\u0131\u015fmas\u0131 ba\u015flat\u0131ld\u0131. Tarihi Kalei\u00e7i b\u00f6lgesi i\u00e7inde bulunan Yivli Minare, Mevlevihane ve t\u00fcrbelerin bulundu\u011fu b\u00f6lgenin tam ortas\u0131nda ba\u015flat\u0131lan tuvalet in\u015faat\u0131 b\u00fcy\u00fck tepki toplad\u0131. Tuvalet in\u015faat\u0131n\u0131n ger\u00e7ekle\u015ftirildi\u011fi alana 100 metre uzakl\u0131kta Muratpa\u015fa Belediyesi&#8217;ne ait \u00fccretsiz tuvalet bulunuyor.<\/p>\n<p>ANTALYA TAR\u0130H\u0130NE I\u015eIK TUTAN B\u00d6LGE<\/p>\n<p>Antalya\u2019n\u0131n Muratpa\u015fa il\u00e7esine ba\u011fl\u0131 Kalei\u00e7i b\u00f6lgesinin s\u0131n\u0131rlar\u0131 i\u00e7inde yer alan Yivli Minare Camii, Atabey Arma\u011fan ve \u0130maret Medresesinin hemen dibinde tuvalet in\u015faat \u00e7al\u0131\u015fmas\u0131nda sona gelindi. B\u00fcy\u00fck tepki \u00e7eken in\u015faat\u0131n hemen \u00e7evresinde \u015eehzade Korkut&#8217;un annesi olan Nigar Hatun&#8217;un t\u00fcrbesi ile tarihi Antalya Mevlevihane\u2019si yer al\u0131yor. Tuvalet in\u015faat\u0131yla ilgili Koruma Kurulu&#8217;nun da uygun bulup, onay verdi\u011fi \u00f6ne s\u00fcr\u00fclen yap\u0131, kentin ge\u00e7mi\u015fine de sayg\u0131s\u0131zl\u0131k olarak nitelendiriliyor.<\/p>\n<p>TUVALET\u0130N \u00dcZER\u0130NE MASA VE SANDALYELER KONULDU!<\/p>\n<p>B\u00fcy\u00fck tepki \u00e7eken tuvalet projesinde yeni bir d\u00f6nem ba\u015flad\u0131. Tarihi alanda yer alan bir i\u015fletme beton tuvaletin \u00fczerine masa ve sandalyeleri koydu. Bu \u015fekilde tuvaletin \u00fcst k\u0131sm\u0131 ticari alana \u00e7evrilmi\u015f oldu. KESK\u2019e ba\u011fl\u0131 K\u00fclt\u00fcr Sanat-Sen Antalya B\u00f6lge Ba\u015fkan\u0131 \u0130rfan Kuru\u00fcz\u00fcm, www.antalyakorfez.com Haber Merkezine daha \u00f6nce yapt\u0131\u011f\u0131 a\u00e7\u0131klamada, \u015fehrin en \u00f6nemli tarihi miraslar\u0131 aras\u0131nda yer alan b\u00f6lgede in\u015fa edilen tuvalet projesinin derhal durdurulmas\u0131n\u0131 istemi\u015fti. Kuru\u00fcz\u00fcm a\u00e7\u0131klamas\u0131nda, \u201cBu in\u015faat tescilli sit alanlar\u0131n\u0131n aras\u0131ndad\u0131r ve do\u011fru bir proje de\u011fildir. Tuvalet projesine \u00e7ok yak\u0131n bir noktada zaten Muratpa\u015fa Belediyesine ait bir tuvalet bulunuyor. Antalya Vak\u0131flar B\u00f6lge M\u00fcd\u00fcrl\u00fc\u011f\u00fc\u2019n\u00fcn tuvalet projesini tekrardan g\u00f6zden ge\u00e7irmesini talep ediyoruz\u201d \u015feklinde a\u00e7\u0131klama yapm\u0131\u015ft\u0131.<\/p>\n<p>Alt\u0131nda tuvaletler olan kafenin giri\u015fine \u00fcr\u00fcnleri g\u00f6steren b\u00f6yle bir tabela as\u0131ld\u0131\u00a0<\/p>\n<p>\u200bAntalya\u2019n\u0131n Mevlevihane ve Yivli Minare gibi simge yap\u0131lar\u0131n yer ald\u0131\u011f\u0131 tarihi b\u00f6lgenin yan\u0131 ba\u015f\u0131na yap\u0131lan tuvalet in\u015faat\u0131nda sona gelindi. Tarihin ortas\u0131na in\u015fa edilen beton tuvaletin \u00fczerine ise kafeterya yap\u0131ld\u0131. Masa ve sandalyelerin konuldu\u011fu tuvaletin \u00fczerinde m\u00fc\u015fteri bekleniyor.\u00a0<\/p>\n<p>\u200bHaberin Al\u0131nt\u0131land\u0131\u011f\u0131 Kaynak: www.antalyakorfez.com<\/p>","protected":false},"excerpt":{"rendered":"<p>Vak\u0131flar B\u00f6lge M\u00fcd\u00fcrl\u00fc\u011f\u00fc taraf\u0131ndan ba\u015flat\u0131lan in\u015faat, b\u00fcy\u00fck tepki g\u00f6rm\u00fc\u015ft\u00fc. KESK\u2019e ba\u011fl\u0131 K\u00fclt\u00fcr Sanat-Sen Antalya B\u00f6lge Ba\u015fkan\u0131 \u0130rfan Kuru\u00fcz\u00fcm, \u015fehrin en \u00f6nemli tarihi miraslar\u0131 aras\u0131nda yer alan b\u00f6lgede in\u015fa edilen tuvalet projesinin derhal durdurulmas\u0131n\u0131 istemi\u015f fakat bu istek kar\u015f\u0131l\u0131k bulmam\u0131\u015ft\u0131. \u0130n\u015faat\u0131nda sona gelinen beton tuvaletin \u00fczerine masa ve sandalyeler konularak ticari bir alana d\u00f6n\u00fc\u015ft\u00fcr\u00fcld\u00fc. T\u00dcRBEN\u0130N HEMEN YANI BA\u015eINDA \u0130N\u015eA ED\u0130LD\u0130! Antalya&#8217;da Roma, Sel\u00e7uklu ve Osmanl\u0131 d\u00f6neminin k\u00fclt\u00fcr miras\u0131n\u0131n bir arada g\u00f6r\u00fcld\u00fc\u011f\u00fc, tarihi alanda Vak\u0131flar B\u00f6lge M\u00fcd\u00fcrl\u00fc\u011f\u00fc eliyle tuvalet in\u015faat \u00e7al\u0131\u015fmas\u0131 ba\u015flat\u0131ld\u0131. Tarihi Kalei\u00e7i b\u00f6lgesi i\u00e7inde bulunan Yivli Minare, Mevlevihane ve t\u00fcrbelerin bulundu\u011fu b\u00f6lgenin tam ortas\u0131nda ba\u015flat\u0131lan tuvalet in\u015faat\u0131 b\u00fcy\u00fck tepki toplad\u0131. Tuvalet in\u015faat\u0131n\u0131n ger\u00e7ekle\u015ftirildi\u011fi alana 100 metre uzakl\u0131kta Muratpa\u015fa Belediyesi&#8217;ne ait \u00fccretsiz tuvalet bulunuyor. ANTALYA TAR\u0130H\u0130NE I\u015eIK TUTAN B\u00d6LGE Antalya\u2019n\u0131n Muratpa\u015fa il\u00e7esine ba\u011fl\u0131 Kalei\u00e7i b\u00f6lgesinin s\u0131n\u0131rlar\u0131 i\u00e7inde yer alan Yivli Minare Camii, Atabey Arma\u011fan ve \u0130maret Medresesinin hemen dibinde tuvalet in\u015faat \u00e7al\u0131\u015fmas\u0131nda sona gelindi. B\u00fcy\u00fck tepki \u00e7eken in\u015faat\u0131n hemen \u00e7evresinde \u015eehzade Korkut&#8217;un annesi olan Nigar Hatun&#8217;un t\u00fcrbesi ile tarihi Antalya Mevlevihane\u2019si yer al\u0131yor. Tuvalet in\u015faat\u0131yla ilgili Koruma Kurulu&#8217;nun da uygun bulup, onay verdi\u011fi \u00f6ne s\u00fcr\u00fclen yap\u0131, kentin ge\u00e7mi\u015fine de sayg\u0131s\u0131zl\u0131k olarak nitelendiriliyor. TUVALET\u0130N \u00dcZER\u0130NE MASA VE SANDALYELER KONULDU! B\u00fcy\u00fck tepki \u00e7eken tuvalet projesinde yeni bir d\u00f6nem ba\u015flad\u0131. Tarihi alanda yer alan &hellip;<\/p>","protected":false},"author":5,"featured_media":0,"comment_status":"open","ping_status":"open","sticky":false,"template":"","format":"standard","meta":{"_acf_changed":false,"footnotes":""},"categories":[24],"tags":[],"class_list":["post-30937","post","type-post","status-publish","format-standard","has-post-thumbnail","hentry","category-gundem"],"acf":[],"yoast_head":"<!-- This site is optimized with the Yoast SEO Premium plugin v26.6 (Yoast SEO v27.1.1) - https:\/\/yoast.com\/product\/yoast-seo-premium-wordpress\/ -->\n<title>Antalya\u2019da tarihin ortas\u0131na tuvalet yapm\u0131\u015flard\u0131: O tuvaletin \u00fczeri kafe oldu! - Av. Deniz Can K\u0131z\u0131l<\/title>\n<meta name=\"robots\" content=\"index, follow, max-snippet:-1, max-image-preview:large, max-video-preview:-1\" \/>\n<link rel=\"canonical\" href=\"https:\/\/denizcankizil.tr\/en\/haberler\/gundem\/antalyada-tarihin-ortasina-tuvalet-yapmislardi-o-tuvaletin-uzeri-kafe-oldu\/\" \/>\n<meta property=\"og:locale\" content=\"en_GB\" \/>\n<meta property=\"og:type\" content=\"article\" \/>\n<meta property=\"og:title\" content=\"Antalya\u2019da tarihin ortas\u0131na tuvalet yapm\u0131\u015flard\u0131: O tuvaletin \u00fczeri kafe oldu!\" \/>\n<meta property=\"og:description\" content=\"Vak\u0131flar B\u00f6lge M\u00fcd\u00fcrl\u00fc\u011f\u00fc taraf\u0131ndan ba\u015flat\u0131lan in\u015faat, b\u00fcy\u00fck tepki g\u00f6rm\u00fc\u015ft\u00fc. KESK\u2019e ba\u011fl\u0131 K\u00fclt\u00fcr Sanat-Sen Antalya B\u00f6lge Ba\u015fkan\u0131 \u0130rfan Kuru\u00fcz\u00fcm, \u015fehrin en \u00f6nemli tarihi miraslar\u0131 aras\u0131nda yer alan b\u00f6lgede in\u015fa edilen tuvalet projesinin derhal durdurulmas\u0131n\u0131 istemi\u015f fakat bu istek kar\u015f\u0131l\u0131k bulmam\u0131\u015ft\u0131. \u0130n\u015faat\u0131nda sona gelinen beton tuvaletin \u00fczerine masa ve sandalyeler konularak ticari bir alana d\u00f6n\u00fc\u015ft\u00fcr\u00fcld\u00fc. T\u00dcRBEN\u0130N HEMEN YANI BA\u015eINDA \u0130N\u015eA ED\u0130LD\u0130! Antalya&#8217;da Roma, Sel\u00e7uklu ve Osmanl\u0131 d\u00f6neminin k\u00fclt\u00fcr miras\u0131n\u0131n bir arada g\u00f6r\u00fcld\u00fc\u011f\u00fc, tarihi alanda Vak\u0131flar B\u00f6lge M\u00fcd\u00fcrl\u00fc\u011f\u00fc eliyle tuvalet in\u015faat \u00e7al\u0131\u015fmas\u0131 ba\u015flat\u0131ld\u0131. Tarihi Kalei\u00e7i b\u00f6lgesi i\u00e7inde bulunan Yivli Minare, Mevlevihane ve t\u00fcrbelerin bulundu\u011fu b\u00f6lgenin tam ortas\u0131nda ba\u015flat\u0131lan tuvalet in\u015faat\u0131 b\u00fcy\u00fck tepki toplad\u0131. Tuvalet in\u015faat\u0131n\u0131n ger\u00e7ekle\u015ftirildi\u011fi alana 100 metre uzakl\u0131kta Muratpa\u015fa Belediyesi&#8217;ne ait \u00fccretsiz tuvalet bulunuyor. ANTALYA TAR\u0130H\u0130NE I\u015eIK TUTAN B\u00d6LGE Antalya\u2019n\u0131n Muratpa\u015fa il\u00e7esine ba\u011fl\u0131 Kalei\u00e7i b\u00f6lgesinin s\u0131n\u0131rlar\u0131 i\u00e7inde yer alan Yivli Minare Camii, Atabey Arma\u011fan ve \u0130maret Medresesinin hemen dibinde tuvalet in\u015faat \u00e7al\u0131\u015fmas\u0131nda sona gelindi. B\u00fcy\u00fck tepki \u00e7eken in\u015faat\u0131n hemen \u00e7evresinde \u015eehzade Korkut&#8217;un annesi olan Nigar Hatun&#8217;un t\u00fcrbesi ile tarihi Antalya Mevlevihane\u2019si yer al\u0131yor. Tuvalet in\u015faat\u0131yla ilgili Koruma Kurulu&#8217;nun da uygun bulup, onay verdi\u011fi \u00f6ne s\u00fcr\u00fclen yap\u0131, kentin ge\u00e7mi\u015fine de sayg\u0131s\u0131zl\u0131k olarak nitelendiriliyor. TUVALET\u0130N \u00dcZER\u0130NE MASA VE SANDALYELER KONULDU! B\u00fcy\u00fck tepki \u00e7eken tuvalet projesinde yeni bir d\u00f6nem ba\u015flad\u0131. Tarihi alanda yer alan &hellip;\" \/>\n<meta property=\"og:url\" content=\"https:\/\/denizcankizil.tr\/en\/haberler\/gundem\/antalyada-tarihin-ortasina-tuvalet-yapmislardi-o-tuvaletin-uzeri-kafe-oldu\/\" \/>\n<meta property=\"og:site_name\" content=\"Av. Deniz Can K\u0131z\u0131l\" \/>\n<meta property=\"article:published_time\" content=\"2025-02-07T08:41:43+00:00\" \/>\n<meta name=\"author\" content=\"Antalya K\u00f6rfez\" \/>\n<meta name=\"twitter:card\" content=\"summary_large_image\" \/>\n<meta name=\"twitter:label1\" content=\"Written by\" \/>\n\t<meta name=\"twitter:data1\" content=\"Antalya K\u00f6rfez\" \/>\n\t<meta name=\"twitter:label2\" content=\"Estimated reading time\" \/>\n\t<meta name=\"twitter:data2\" content=\"3 minutes\" \/>\n<script type=\"application\/ld+json\" class=\"yoast-schema-graph\">{\"@context\":\"https:\/\/schema.org\",\"@graph\":[{\"@type\":\"Article\",\"@id\":\"https:\/\/denizcankizil.tr\/en\/haberler\/gundem\/antalyada-tarihin-ortasina-tuvalet-yapmislardi-o-tuvaletin-uzeri-kafe-oldu\/#article\",\"isPartOf\":{\"@id\":\"https:\/\/denizcankizil.tr\/en\/haberler\/gundem\/antalyada-tarihin-ortasina-tuvalet-yapmislardi-o-tuvaletin-uzeri-kafe-oldu\/\"},\"author\":{\"name\":\"Antalya K\u00f6rfez\",\"@id\":\"https:\/\/denizcankizil.tr\/#\/schema\/person\/e1eb71bb4dd684d46563f0af307e1234\"},\"headline\":\"Antalya\u2019da tarihin ortas\u0131na tuvalet yapm\u0131\u015flard\u0131: O tuvaletin \u00fczeri kafe oldu!\",\"datePublished\":\"2025-02-07T08:41:43+00:00\",\"mainEntityOfPage\":{\"@id\":\"https:\/\/denizcankizil.tr\/en\/haberler\/gundem\/antalyada-tarihin-ortasina-tuvalet-yapmislardi-o-tuvaletin-uzeri-kafe-oldu\/\"},\"wordCount\":539,\"commentCount\":0,\"publisher\":{\"@id\":\"https:\/\/denizcankizil.tr\/#organization\"},\"articleSection\":[\"G\u00fcndem\"],\"inLanguage\":\"en-GB\",\"potentialAction\":[{\"@type\":\"CommentAction\",\"name\":\"Comment\",\"target\":[\"https:\/\/denizcankizil.tr\/en\/haberler\/gundem\/antalyada-tarihin-ortasina-tuvalet-yapmislardi-o-tuvaletin-uzeri-kafe-oldu\/#respond\"]}]},{\"@type\":\"WebPage\",\"@id\":\"https:\/\/denizcankizil.tr\/en\/haberler\/gundem\/antalyada-tarihin-ortasina-tuvalet-yapmislardi-o-tuvaletin-uzeri-kafe-oldu\/\",\"url\":\"https:\/\/denizcankizil.tr\/en\/haberler\/gundem\/antalyada-tarihin-ortasina-tuvalet-yapmislardi-o-tuvaletin-uzeri-kafe-oldu\/\",\"name\":\"Antalya\u2019da tarihin ortas\u0131na tuvalet yapm\u0131\u015flard\u0131: O tuvaletin \u00fczeri kafe oldu! - Av. Deniz Can K\u0131z\u0131l\",\"isPartOf\":{\"@id\":\"https:\/\/denizcankizil.tr\/#website\"},\"datePublished\":\"2025-02-07T08:41:43+00:00\",\"breadcrumb\":{\"@id\":\"https:\/\/denizcankizil.tr\/en\/haberler\/gundem\/antalyada-tarihin-ortasina-tuvalet-yapmislardi-o-tuvaletin-uzeri-kafe-oldu\/#breadcrumb\"},\"inLanguage\":\"en-GB\",\"potentialAction\":[{\"@type\":\"ReadAction\",\"target\":[\"https:\/\/denizcankizil.tr\/en\/haberler\/gundem\/antalyada-tarihin-ortasina-tuvalet-yapmislardi-o-tuvaletin-uzeri-kafe-oldu\/\"]}]},{\"@type\":\"BreadcrumbList\",\"@id\":\"https:\/\/denizcankizil.tr\/en\/haberler\/gundem\/antalyada-tarihin-ortasina-tuvalet-yapmislardi-o-tuvaletin-uzeri-kafe-oldu\/#breadcrumb\",\"itemListElement\":[{\"@type\":\"ListItem\",\"position\":1,\"name\":\"Home\",\"item\":\"https:\/\/denizcankizil.tr\/uk\/\"},{\"@type\":\"ListItem\",\"position\":2,\"name\":\"Antalya\u2019da tarihin ortas\u0131na tuvalet yapm\u0131\u015flard\u0131: O tuvaletin \u00fczeri kafe oldu!\"}]},{\"@type\":\"WebSite\",\"@id\":\"https:\/\/denizcankizil.tr\/#website\",\"url\":\"https:\/\/denizcankizil.tr\/\",\"name\":\"Av. Deniz Can K\u0131z\u0131l\",\"description\":\"Avukat Deniz Can K\u0131z\u0131l Antalya Barosu\",\"publisher\":{\"@id\":\"https:\/\/denizcankizil.tr\/#organization\"},\"potentialAction\":[{\"@type\":\"SearchAction\",\"target\":{\"@type\":\"EntryPoint\",\"urlTemplate\":\"https:\/\/denizcankizil.tr\/?s={search_term_string}\"},\"query-input\":{\"@type\":\"PropertyValueSpecification\",\"valueRequired\":true,\"valueName\":\"search_term_string\"}}],\"inLanguage\":\"en-GB\"},{\"@type\":\"Organization\",\"@id\":\"https:\/\/denizcankizil.tr\/#organization\",\"name\":\"Av. Deniz Can K\u0131z\u0131l\",\"url\":\"https:\/\/denizcankizil.tr\/\",\"logo\":{\"@type\":\"ImageObject\",\"inLanguage\":\"en-GB\",\"@id\":\"https:\/\/denizcankizil.tr\/#\/schema\/logo\/image\/\",\"url\":\"https:\/\/denizcankizil.tr\/wp-content\/uploads\/2024\/10\/siyah-logo-svg.svg\",\"contentUrl\":\"https:\/\/denizcankizil.tr\/wp-content\/uploads\/2024\/10\/siyah-logo-svg.svg\",\"width\":1080,\"height\":1080,\"caption\":\"Av. Deniz Can K\u0131z\u0131l\"},\"image\":{\"@id\":\"https:\/\/denizcankizil.tr\/#\/schema\/logo\/image\/\"}},{\"@type\":\"Person\",\"@id\":\"https:\/\/denizcankizil.tr\/#\/schema\/person\/e1eb71bb4dd684d46563f0af307e1234\",\"name\":\"Antalya K\u00f6rfez\",\"image\":{\"@type\":\"ImageObject\",\"inLanguage\":\"en-GB\",\"@id\":\"https:\/\/denizcankizil.tr\/#\/schema\/person\/image\/\",\"url\":\"https:\/\/secure.gravatar.com\/avatar\/42b01982558a48a0b501fdcab6a408d3717ea5919095ee2e67b0e521799c5905?s=96&d=mm&r=g\",\"contentUrl\":\"https:\/\/secure.gravatar.com\/avatar\/42b01982558a48a0b501fdcab6a408d3717ea5919095ee2e67b0e521799c5905?s=96&d=mm&r=g\",\"caption\":\"Antalya K\u00f6rfez\"},\"sameAs\":[\"http:\/\/www.antalyakorfez.com\"],\"url\":\"https:\/\/www.antalyakorfez.com\/antalyada-tarihin-ortasina-tuvalet-yapmislardi-o-tuvaletin-uzeri-kafe-oldu\"}]}<\/script>\n<!-- \/ Yoast SEO Premium plugin. -->","yoast_head_json":{"title":"Antalya\u2019da tarihin ortas\u0131na tuvalet yapm\u0131\u015flard\u0131: O tuvaletin \u00fczeri kafe oldu! - Av. Deniz Can K\u0131z\u0131l","robots":{"index":"index","follow":"follow","max-snippet":"max-snippet:-1","max-image-preview":"max-image-preview:large","max-video-preview":"max-video-preview:-1"},"canonical":"https:\/\/denizcankizil.tr\/en\/haberler\/gundem\/antalyada-tarihin-ortasina-tuvalet-yapmislardi-o-tuvaletin-uzeri-kafe-oldu\/","og_locale":"en_GB","og_type":"article","og_title":"Antalya\u2019da tarihin ortas\u0131na tuvalet yapm\u0131\u015flard\u0131: O tuvaletin \u00fczeri kafe oldu!","og_description":"Vak\u0131flar B\u00f6lge M\u00fcd\u00fcrl\u00fc\u011f\u00fc taraf\u0131ndan ba\u015flat\u0131lan in\u015faat, b\u00fcy\u00fck tepki g\u00f6rm\u00fc\u015ft\u00fc. KESK\u2019e ba\u011fl\u0131 K\u00fclt\u00fcr Sanat-Sen Antalya B\u00f6lge Ba\u015fkan\u0131 \u0130rfan Kuru\u00fcz\u00fcm, \u015fehrin en \u00f6nemli tarihi miraslar\u0131 aras\u0131nda yer alan b\u00f6lgede in\u015fa edilen tuvalet projesinin derhal durdurulmas\u0131n\u0131 istemi\u015f fakat bu istek kar\u015f\u0131l\u0131k bulmam\u0131\u015ft\u0131. \u0130n\u015faat\u0131nda sona gelinen beton tuvaletin \u00fczerine masa ve sandalyeler konularak ticari bir alana d\u00f6n\u00fc\u015ft\u00fcr\u00fcld\u00fc. T\u00dcRBEN\u0130N HEMEN YANI BA\u015eINDA \u0130N\u015eA ED\u0130LD\u0130! Antalya&#8217;da Roma, Sel\u00e7uklu ve Osmanl\u0131 d\u00f6neminin k\u00fclt\u00fcr miras\u0131n\u0131n bir arada g\u00f6r\u00fcld\u00fc\u011f\u00fc, tarihi alanda Vak\u0131flar B\u00f6lge M\u00fcd\u00fcrl\u00fc\u011f\u00fc eliyle tuvalet in\u015faat \u00e7al\u0131\u015fmas\u0131 ba\u015flat\u0131ld\u0131. Tarihi Kalei\u00e7i b\u00f6lgesi i\u00e7inde bulunan Yivli Minare, Mevlevihane ve t\u00fcrbelerin bulundu\u011fu b\u00f6lgenin tam ortas\u0131nda ba\u015flat\u0131lan tuvalet in\u015faat\u0131 b\u00fcy\u00fck tepki toplad\u0131. Tuvalet in\u015faat\u0131n\u0131n ger\u00e7ekle\u015ftirildi\u011fi alana 100 metre uzakl\u0131kta Muratpa\u015fa Belediyesi&#8217;ne ait \u00fccretsiz tuvalet bulunuyor. ANTALYA TAR\u0130H\u0130NE I\u015eIK TUTAN B\u00d6LGE Antalya\u2019n\u0131n Muratpa\u015fa il\u00e7esine ba\u011fl\u0131 Kalei\u00e7i b\u00f6lgesinin s\u0131n\u0131rlar\u0131 i\u00e7inde yer alan Yivli Minare Camii, Atabey Arma\u011fan ve \u0130maret Medresesinin hemen dibinde tuvalet in\u015faat \u00e7al\u0131\u015fmas\u0131nda sona gelindi. B\u00fcy\u00fck tepki \u00e7eken in\u015faat\u0131n hemen \u00e7evresinde \u015eehzade Korkut&#8217;un annesi olan Nigar Hatun&#8217;un t\u00fcrbesi ile tarihi Antalya Mevlevihane\u2019si yer al\u0131yor. Tuvalet in\u015faat\u0131yla ilgili Koruma Kurulu&#8217;nun da uygun bulup, onay verdi\u011fi \u00f6ne s\u00fcr\u00fclen yap\u0131, kentin ge\u00e7mi\u015fine de sayg\u0131s\u0131zl\u0131k olarak nitelendiriliyor. TUVALET\u0130N \u00dcZER\u0130NE MASA VE SANDALYELER KONULDU! B\u00fcy\u00fck tepki \u00e7eken tuvalet projesinde yeni bir d\u00f6nem ba\u015flad\u0131. Tarihi alanda yer alan &hellip;","og_url":"https:\/\/denizcankizil.tr\/en\/haberler\/gundem\/antalyada-tarihin-ortasina-tuvalet-yapmislardi-o-tuvaletin-uzeri-kafe-oldu\/","og_site_name":"Av. Deniz Can K\u0131z\u0131l","article_published_time":"2025-02-07T08:41:43+00:00","author":"Antalya K\u00f6rfez","twitter_card":"summary_large_image","twitter_misc":{"Written by":"Antalya K\u00f6rfez","Estimated reading time":"3 minutes"},"schema":{"@context":"https:\/\/schema.org","@graph":[{"@type":"Article","@id":"https:\/\/denizcankizil.tr\/en\/haberler\/gundem\/antalyada-tarihin-ortasina-tuvalet-yapmislardi-o-tuvaletin-uzeri-kafe-oldu\/#article","isPartOf":{"@id":"https:\/\/denizcankizil.tr\/en\/haberler\/gundem\/antalyada-tarihin-ortasina-tuvalet-yapmislardi-o-tuvaletin-uzeri-kafe-oldu\/"},"author":{"name":"Antalya K\u00f6rfez","@id":"https:\/\/denizcankizil.tr\/#\/schema\/person\/e1eb71bb4dd684d46563f0af307e1234"},"headline":"Antalya\u2019da tarihin ortas\u0131na tuvalet yapm\u0131\u015flard\u0131: O tuvaletin \u00fczeri kafe oldu!","datePublished":"2025-02-07T08:41:43+00:00","mainEntityOfPage":{"@id":"https:\/\/denizcankizil.tr\/en\/haberler\/gundem\/antalyada-tarihin-ortasina-tuvalet-yapmislardi-o-tuvaletin-uzeri-kafe-oldu\/"},"wordCount":539,"commentCount":0,"publisher":{"@id":"https:\/\/denizcankizil.tr\/#organization"},"articleSection":["G\u00fcndem"],"inLanguage":"en-GB","potentialAction":[{"@type":"CommentAction","name":"Comment","target":["https:\/\/denizcankizil.tr\/en\/haberler\/gundem\/antalyada-tarihin-ortasina-tuvalet-yapmislardi-o-tuvaletin-uzeri-kafe-oldu\/#respond"]}]},{"@type":"WebPage","@id":"https:\/\/denizcankizil.tr\/en\/haberler\/gundem\/antalyada-tarihin-ortasina-tuvalet-yapmislardi-o-tuvaletin-uzeri-kafe-oldu\/","url":"https:\/\/denizcankizil.tr\/en\/haberler\/gundem\/antalyada-tarihin-ortasina-tuvalet-yapmislardi-o-tuvaletin-uzeri-kafe-oldu\/","name":"Antalya\u2019da tarihin ortas\u0131na tuvalet yapm\u0131\u015flard\u0131: O tuvaletin \u00fczeri kafe oldu! - Av. Deniz Can K\u0131z\u0131l","isPartOf":{"@id":"https:\/\/denizcankizil.tr\/#website"},"datePublished":"2025-02-07T08:41:43+00:00","breadcrumb":{"@id":"https:\/\/denizcankizil.tr\/en\/haberler\/gundem\/antalyada-tarihin-ortasina-tuvalet-yapmislardi-o-tuvaletin-uzeri-kafe-oldu\/#breadcrumb"},"inLanguage":"en-GB","potentialAction":[{"@type":"ReadAction","target":["https:\/\/denizcankizil.tr\/en\/haberler\/gundem\/antalyada-tarihin-ortasina-tuvalet-yapmislardi-o-tuvaletin-uzeri-kafe-oldu\/"]}]},{"@type":"BreadcrumbList","@id":"https:\/\/denizcankizil.tr\/en\/haberler\/gundem\/antalyada-tarihin-ortasina-tuvalet-yapmislardi-o-tuvaletin-uzeri-kafe-oldu\/#breadcrumb","itemListElement":[{"@type":"ListItem","position":1,"name":"Home","item":"https:\/\/denizcankizil.tr\/uk\/"},{"@type":"ListItem","position":2,"name":"Antalya\u2019da tarihin ortas\u0131na tuvalet yapm\u0131\u015flard\u0131: O tuvaletin \u00fczeri kafe oldu!"}]},{"@type":"WebSite","@id":"https:\/\/denizcankizil.tr\/#website","url":"https:\/\/denizcankizil.tr\/","name":"Av. Deniz Can K\u0131z\u0131l","description":"Avukat Deniz Can K\u0131z\u0131l Antalya Barosu","publisher":{"@id":"https:\/\/denizcankizil.tr\/#organization"},"potentialAction":[{"@type":"SearchAction","target":{"@type":"EntryPoint","urlTemplate":"https:\/\/denizcankizil.tr\/?s={search_term_string}"},"query-input":{"@type":"PropertyValueSpecification","valueRequired":true,"valueName":"search_term_string"}}],"inLanguage":"en-GB"},{"@type":"Organization","@id":"https:\/\/denizcankizil.tr\/#organization","name":"Av. Deniz Can K\u0131z\u0131l","url":"https:\/\/denizcankizil.tr\/","logo":{"@type":"ImageObject","inLanguage":"en-GB","@id":"https:\/\/denizcankizil.tr\/#\/schema\/logo\/image\/","url":"https:\/\/denizcankizil.tr\/wp-content\/uploads\/2024\/10\/siyah-logo-svg.svg","contentUrl":"https:\/\/denizcankizil.tr\/wp-content\/uploads\/2024\/10\/siyah-logo-svg.svg","width":1080,"height":1080,"caption":"Av. Deniz Can K\u0131z\u0131l"},"image":{"@id":"https:\/\/denizcankizil.tr\/#\/schema\/logo\/image\/"}},{"@type":"Person","@id":"https:\/\/denizcankizil.tr\/#\/schema\/person\/e1eb71bb4dd684d46563f0af307e1234","name":"Antalya K\u00f6rfez","image":{"@type":"ImageObject","inLanguage":"en-GB","@id":"https:\/\/denizcankizil.tr\/#\/schema\/person\/image\/","url":"https:\/\/secure.gravatar.com\/avatar\/42b01982558a48a0b501fdcab6a408d3717ea5919095ee2e67b0e521799c5905?s=96&d=mm&r=g","contentUrl":"https:\/\/secure.gravatar.com\/avatar\/42b01982558a48a0b501fdcab6a408d3717ea5919095ee2e67b0e521799c5905?s=96&d=mm&r=g","caption":"Antalya K\u00f6rfez"},"sameAs":["http:\/\/www.antalyakorfez.com"],"url":"https:\/\/www.antalyakorfez.com\/antalyada-tarihin-ortasina-tuvalet-yapmislardi-o-tuvaletin-uzeri-kafe-oldu"}]}},"_links":{"self":[{"href":"https:\/\/denizcankizil.tr\/en\/wp-json\/wp\/v2\/posts\/30937","targetHints":{"allow":["GET"]}}],"collection":[{"href":"https:\/\/denizcankizil.tr\/en\/wp-json\/wp\/v2\/posts"}],"about":[{"href":"https:\/\/denizcankizil.tr\/en\/wp-json\/wp\/v2\/types\/post"}],"author":[{"embeddable":true,"href":"https:\/\/denizcankizil.tr\/en\/wp-json\/wp\/v2\/users\/5"}],"replies":[{"embeddable":true,"href":"https:\/\/denizcankizil.tr\/en\/wp-json\/wp\/v2\/comments?post=30937"}],"version-history":[{"count":0,"href":"https:\/\/denizcankizil.tr\/en\/wp-json\/wp\/v2\/posts\/30937\/revisions"}],"wp:attachment":[{"href":"https:\/\/denizcankizil.tr\/en\/wp-json\/wp\/v2\/media?parent=30937"}],"wp:term":[{"taxonomy":"category","embeddable":true,"href":"https:\/\/denizcankizil.tr\/en\/wp-json\/wp\/v2\/categories?post=30937"},{"taxonomy":"post_tag","embeddable":true,"href":"https:\/\/denizcankizil.tr\/en\/wp-json\/wp\/v2\/tags?post=30937"}],"curies":[{"name":"wp","href":"https:\/\/api.w.org\/{rel}","templated":true}]}}