{"id":30781,"date":"2025-02-06T18:41:29","date_gmt":"2025-02-06T15:41:29","guid":{"rendered":"https:\/\/denizcankizil.tr\/uncategorized-tr\/nacarne-yasimiz-bitti-ne-acimiz-dindi\/"},"modified":"2025-02-06T18:41:29","modified_gmt":"2025-02-06T15:41:29","slug":"nacarne-yasimiz-bitti-ne-acimiz-dindi","status":"publish","type":"post","link":"https:\/\/denizcankizil.tr\/en\/haberler\/gundem\/nacarne-yasimiz-bitti-ne-acimiz-dindi\/","title":{"rendered":"Nacar,\u201dNe Yas\u0131m\u0131z Bitti Ne Ac\u0131m\u0131z Dindi\u201d"},"content":{"rendered":"<p>6 \u015eubat depreminde \u0130skenderun Devlet Hastanesi A blok ta meydana gelen y\u0131k\u0131mda hayat\u0131n\u0131 kaybedenler, hastane \u00f6n\u00fcnde karanfil b\u0131rak\u0131larak an\u0131ld\u0131.<\/p>\n<p>Depremin ikinci y\u0131l d\u00f6n\u00fcm\u00fcnde hastane \u00f6n\u00fcnde bir araya gelen Sa\u011fl\u0131k ve Sosyal Hizmet Emek\u00e7ileri Sendikas\u0131 (SES) hayat\u0131n\u0131 kaybedenleri anmak i\u00e7in bir araya geldiklerini ve ya\u015fananlar\u0131 unutmayaca\u011f\u0131z unutturmayaca\u011f\u0131z diyerek a\u00e7\u0131klama yapt\u0131lar.<\/p>\n<p>Sa\u011fl\u0131k Emek\u00e7ileri Sendikas\u0131 \u0130skenderun Temsilcisi Nalan Nacar, \u0130ki y\u0131l \u00f6nce, 6 \u015eubat 2023&#8217;te hepimizin y\u00fcre\u011fine kordan bir ate\u015f d\u00fc\u015ft\u00fc. Gecenin zifiri karanl\u0131\u011f\u0131nda, saatler 04.17&#8217;yi g\u00f6sterirken sadece Kahramanmara\u015f, Hatay, Ad\u0131yaman, Malatya, Adana, Osmaniye, Gaziantep, \u015eanl\u0131urfa, Kilis, El\u00e2z\u0131\u011f ve Diyarbak\u0131r de\u011fil, hepimiz derin bir ac\u0131yla sars\u0131ld\u0131k, y\u0131k\u0131ld\u0131k.\u201d diyerek \u015fu a\u00e7\u0131klamay\u0131 yapt\u0131:<\/p>\n<p>\u00a0\u201cAradan iki y\u0131l ge\u00e7se de ne yas\u0131m\u0131z bitti. Ne ac\u0131m\u0131z dindi ne de \u00f6fkemiz. \u00d6fkeliyiz. \u00c7\u00fcnk\u00fc 6 \u015eubat 2023&#8217;te do\u011fal bir afetin g\u00f6z g\u00f6re g\u00f6re b\u00fcy\u00fck bir felakete d\u00f6n\u00fc\u015fmesine tan\u0131k olduk. On binlerce yurtta\u015f\u0131m\u0131z\u0131n hayat\u0131na mal olan, kentlerimizi yerle bir eden bu felaket g\u00f6z g\u00f6re g\u00f6re geldi.<\/p>\n<p>\u00d6fkeliyiz. \u00c7\u00fcnk\u00fc \u00fclkeyi y\u00f6netenlerin akla, bilime, mant\u0131\u011fa, uyar\u0131lara kulaklar\u0131n\u0131 t\u0131kamas\u0131n\u0131 on binlerce yurtta\u015f canlar\u0131 ile \u00f6dedi. 2012 y\u0131l\u0131nda deprem tespiti yap\u0131lm\u0131\u015f olup, depreme dayanaks\u0131z oldu\u011fu rapor edilmi\u015f olmas\u0131na ra\u011fmen arada ge\u00e7en 13 y\u0131la ra\u011fmen maalesef hi\u00e7bir \u00f6nlem al\u0131nmad\u0131. Hastanenin y\u0131k\u0131lan b\u00f6l\u00fcm\u00fc 14&#8217;u sa\u011fl\u0131k \u00e7al\u0131\u015fan\u0131 olmak \u00fczere 91 ki\u015fiye mezar oldu. Depremde k\u0131sa bir s\u00fcre sonra, sonu gelmez bir yaral\u0131 ve \u00f6l\u00fcm ak\u0131n\u0131yla kar\u015f\u0131 kar\u015f\u0131ya kalan depremzede sa\u011fl\u0131k \u00e7al\u0131\u015fanlar\u0131 h\u0131zl\u0131 ve g\u00fcvenli sa\u011fl\u0131k hizmeti verecek g\u00fcvenli alan bulamad\u0131lar.<\/p>\n<p>Dolay\u0131s\u0131yla iki y\u0131l \u00f6nce ya\u015fad\u0131\u011f\u0131m\u0131z y\u0131k\u0131m\u0131n sebebi ne tek ba\u015f\u0131na depremdir. Ne de binalard\u0131r. Bu b\u00fcy\u00fck y\u0131k\u0131mda elbette ki k\u00e2r h\u0131rs\u0131yla ba\u015f\u0131 d\u00f6nen, ya\u015fad\u0131\u011f\u0131 her kar\u0131\u015f\u0131 ranta \u00e7evirmeye \u00e7al\u0131\u015fan m\u00fcteahhitlerin sorumlulu\u011fu ve pay\u0131 b\u00fcy\u00fckt\u00fcr. Ancak as\u0131l sorumlu bu kar h\u0131rs\u0131n\u0131 besleyenler, b\u00fcy\u00fctenlerdir. \u0130mar aflar\u0131 gibi garabetlere imza atarak su\u00e7 i\u015fleyenlerdir. \u0130nsan hayat\u0131n\u0131 yok sayan bu sistemi her g\u00fcn yeniden \u00fcretenlerdir.<\/p>\n<p>Aradan y\u00fcz y\u0131l da ge\u00e7se ya\u015fad\u0131\u011f\u0131m\u0131z ac\u0131lar\u0131, bu ac\u0131lar\u0131 bizlere reva g\u00f6renleri unutmayaca\u011f\u0131z. \u201c<\/p>\n<p>A\u00e7\u0131klaman\u0131n ard\u0131ndan Hastanede hayat\u0131n\u0131 kaybeden sa\u011fl\u0131k\u00e7\u0131lar\u0131n resimlerinin bulundu\u011fu afi\u015f \u00e7imlerin \u00fczerine b\u0131rak\u0131ld\u0131ktan sonra toplananlar k\u0131rm\u0131z\u0131 karanfilleri \u00fczerine koydu.<\/p>\n<p>\u200bSa\u011fl\u0131k ve Sosyal Hizmet Emek\u00e7ileri Sendikas\u0131 \u0130skenderun Temsilcisi Nalan Nacar, 6 \u015eubat depreminin ard\u0131ndan ge\u00e7en iki y\u0131lda ne yas\u0131m\u0131z ne de ac\u0131m\u0131z dindi diyerek felaketin g\u00f6z g\u00f6re g\u00f6re geldi\u011fini s\u00f6yledi.\u00a0<\/p>\n<p>\u200bHaberin Al\u0131nt\u0131land\u0131\u011f\u0131 Kaynak: www.iskenderun.org<\/p>","protected":false},"excerpt":{"rendered":"<p>6 \u015eubat depreminde \u0130skenderun Devlet Hastanesi A blok ta meydana gelen y\u0131k\u0131mda hayat\u0131n\u0131 kaybedenler, hastane \u00f6n\u00fcnde karanfil b\u0131rak\u0131larak an\u0131ld\u0131. Depremin ikinci y\u0131l d\u00f6n\u00fcm\u00fcnde hastane \u00f6n\u00fcnde bir araya gelen Sa\u011fl\u0131k ve Sosyal Hizmet Emek\u00e7ileri Sendikas\u0131 (SES) hayat\u0131n\u0131 kaybedenleri anmak i\u00e7in bir araya geldiklerini ve ya\u015fananlar\u0131 unutmayaca\u011f\u0131z unutturmayaca\u011f\u0131z diyerek a\u00e7\u0131klama yapt\u0131lar. Sa\u011fl\u0131k Emek\u00e7ileri Sendikas\u0131 \u0130skenderun Temsilcisi Nalan Nacar, \u0130ki y\u0131l \u00f6nce, 6 \u015eubat 2023&#8217;te hepimizin y\u00fcre\u011fine kordan bir ate\u015f d\u00fc\u015ft\u00fc. Gecenin zifiri karanl\u0131\u011f\u0131nda, saatler 04.17&#8217;yi g\u00f6sterirken sadece Kahramanmara\u015f, Hatay, Ad\u0131yaman, Malatya, Adana, Osmaniye, Gaziantep, \u015eanl\u0131urfa, Kilis, El\u00e2z\u0131\u011f ve Diyarbak\u0131r de\u011fil, hepimiz derin bir ac\u0131yla sars\u0131ld\u0131k, y\u0131k\u0131ld\u0131k.\u201d diyerek \u015fu a\u00e7\u0131klamay\u0131 yapt\u0131: \u00a0\u201cAradan iki y\u0131l ge\u00e7se de ne yas\u0131m\u0131z bitti. Ne ac\u0131m\u0131z dindi ne de \u00f6fkemiz. \u00d6fkeliyiz. \u00c7\u00fcnk\u00fc 6 \u015eubat 2023&#8217;te do\u011fal bir afetin g\u00f6z g\u00f6re g\u00f6re b\u00fcy\u00fck bir felakete d\u00f6n\u00fc\u015fmesine tan\u0131k olduk. On binlerce yurtta\u015f\u0131m\u0131z\u0131n hayat\u0131na mal olan, kentlerimizi yerle bir eden bu felaket g\u00f6z g\u00f6re g\u00f6re geldi. \u00d6fkeliyiz. \u00c7\u00fcnk\u00fc \u00fclkeyi y\u00f6netenlerin akla, bilime, mant\u0131\u011fa, uyar\u0131lara kulaklar\u0131n\u0131 t\u0131kamas\u0131n\u0131 on binlerce yurtta\u015f canlar\u0131 ile \u00f6dedi. 2012 y\u0131l\u0131nda deprem tespiti yap\u0131lm\u0131\u015f olup, depreme dayanaks\u0131z oldu\u011fu rapor edilmi\u015f olmas\u0131na ra\u011fmen arada ge\u00e7en 13 y\u0131la ra\u011fmen maalesef hi\u00e7bir \u00f6nlem al\u0131nmad\u0131. Hastanenin y\u0131k\u0131lan b\u00f6l\u00fcm\u00fc 14&#8217;u sa\u011fl\u0131k \u00e7al\u0131\u015fan\u0131 olmak \u00fczere 91 ki\u015fiye mezar oldu. Depremde k\u0131sa bir s\u00fcre sonra, &hellip;<\/p>","protected":false},"author":1,"featured_media":0,"comment_status":"open","ping_status":"open","sticky":false,"template":"","format":"standard","meta":{"_acf_changed":false,"footnotes":""},"categories":[24],"tags":[],"class_list":["post-30781","post","type-post","status-publish","format-standard","has-post-thumbnail","hentry","category-gundem"],"acf":[],"yoast_head":"<!-- This site is optimized with the Yoast SEO Premium plugin v26.6 (Yoast SEO v27.1.1) - https:\/\/yoast.com\/product\/yoast-seo-premium-wordpress\/ -->\n<title>Nacar,\u201dNe Yas\u0131m\u0131z Bitti Ne Ac\u0131m\u0131z Dindi\u201d - Av. Deniz Can K\u0131z\u0131l<\/title>\n<meta name=\"robots\" content=\"index, follow, max-snippet:-1, max-image-preview:large, max-video-preview:-1\" \/>\n<link rel=\"canonical\" href=\"https:\/\/denizcankizil.tr\/en\/haberler\/gundem\/nacarne-yasimiz-bitti-ne-acimiz-dindi\/\" \/>\n<meta property=\"og:locale\" content=\"en_GB\" \/>\n<meta property=\"og:type\" content=\"article\" \/>\n<meta property=\"og:title\" content=\"Nacar,\u201dNe Yas\u0131m\u0131z Bitti Ne Ac\u0131m\u0131z Dindi\u201d\" \/>\n<meta property=\"og:description\" content=\"6 \u015eubat depreminde \u0130skenderun Devlet Hastanesi A blok ta meydana gelen y\u0131k\u0131mda hayat\u0131n\u0131 kaybedenler, hastane \u00f6n\u00fcnde karanfil b\u0131rak\u0131larak an\u0131ld\u0131. Depremin ikinci y\u0131l d\u00f6n\u00fcm\u00fcnde hastane \u00f6n\u00fcnde bir araya gelen Sa\u011fl\u0131k ve Sosyal Hizmet Emek\u00e7ileri Sendikas\u0131 (SES) hayat\u0131n\u0131 kaybedenleri anmak i\u00e7in bir araya geldiklerini ve ya\u015fananlar\u0131 unutmayaca\u011f\u0131z unutturmayaca\u011f\u0131z diyerek a\u00e7\u0131klama yapt\u0131lar. Sa\u011fl\u0131k Emek\u00e7ileri Sendikas\u0131 \u0130skenderun Temsilcisi Nalan Nacar, \u0130ki y\u0131l \u00f6nce, 6 \u015eubat 2023&#8217;te hepimizin y\u00fcre\u011fine kordan bir ate\u015f d\u00fc\u015ft\u00fc. Gecenin zifiri karanl\u0131\u011f\u0131nda, saatler 04.17&#8217;yi g\u00f6sterirken sadece Kahramanmara\u015f, Hatay, Ad\u0131yaman, Malatya, Adana, Osmaniye, Gaziantep, \u015eanl\u0131urfa, Kilis, El\u00e2z\u0131\u011f ve Diyarbak\u0131r de\u011fil, hepimiz derin bir ac\u0131yla sars\u0131ld\u0131k, y\u0131k\u0131ld\u0131k.\u201d diyerek \u015fu a\u00e7\u0131klamay\u0131 yapt\u0131: \u00a0\u201cAradan iki y\u0131l ge\u00e7se de ne yas\u0131m\u0131z bitti. Ne ac\u0131m\u0131z dindi ne de \u00f6fkemiz. \u00d6fkeliyiz. \u00c7\u00fcnk\u00fc 6 \u015eubat 2023&#8217;te do\u011fal bir afetin g\u00f6z g\u00f6re g\u00f6re b\u00fcy\u00fck bir felakete d\u00f6n\u00fc\u015fmesine tan\u0131k olduk. On binlerce yurtta\u015f\u0131m\u0131z\u0131n hayat\u0131na mal olan, kentlerimizi yerle bir eden bu felaket g\u00f6z g\u00f6re g\u00f6re geldi. \u00d6fkeliyiz. \u00c7\u00fcnk\u00fc \u00fclkeyi y\u00f6netenlerin akla, bilime, mant\u0131\u011fa, uyar\u0131lara kulaklar\u0131n\u0131 t\u0131kamas\u0131n\u0131 on binlerce yurtta\u015f canlar\u0131 ile \u00f6dedi. 2012 y\u0131l\u0131nda deprem tespiti yap\u0131lm\u0131\u015f olup, depreme dayanaks\u0131z oldu\u011fu rapor edilmi\u015f olmas\u0131na ra\u011fmen arada ge\u00e7en 13 y\u0131la ra\u011fmen maalesef hi\u00e7bir \u00f6nlem al\u0131nmad\u0131. Hastanenin y\u0131k\u0131lan b\u00f6l\u00fcm\u00fc 14&#8217;u sa\u011fl\u0131k \u00e7al\u0131\u015fan\u0131 olmak \u00fczere 91 ki\u015fiye mezar oldu. Depremde k\u0131sa bir s\u00fcre sonra, &hellip;\" \/>\n<meta property=\"og:url\" content=\"https:\/\/denizcankizil.tr\/en\/haberler\/gundem\/nacarne-yasimiz-bitti-ne-acimiz-dindi\/\" \/>\n<meta property=\"og:site_name\" content=\"Av. Deniz Can K\u0131z\u0131l\" \/>\n<meta property=\"article:published_time\" content=\"2025-02-06T15:41:29+00:00\" \/>\n<meta name=\"author\" content=\"admin\" \/>\n<meta name=\"twitter:card\" content=\"summary_large_image\" \/>\n<meta name=\"twitter:label1\" content=\"Written by\" \/>\n\t<meta name=\"twitter:data1\" content=\"admin\" \/>\n\t<meta name=\"twitter:label2\" content=\"Estimated reading time\" \/>\n\t<meta name=\"twitter:data2\" content=\"3 minutes\" \/>\n<script type=\"application\/ld+json\" class=\"yoast-schema-graph\">{\"@context\":\"https:\/\/schema.org\",\"@graph\":[{\"@type\":\"Article\",\"@id\":\"https:\/\/denizcankizil.tr\/de\/haberler\/gundem\/nacarne-yasimiz-bitti-ne-acimiz-dindi\/#article\",\"isPartOf\":{\"@id\":\"https:\/\/denizcankizil.tr\/de\/haberler\/gundem\/nacarne-yasimiz-bitti-ne-acimiz-dindi\/\"},\"author\":{\"name\":\"admin\",\"@id\":\"https:\/\/denizcankizil.tr\/#\/schema\/person\/be3c05fe6a12686905512445d8185489\"},\"headline\":\"Nacar,\u201dNe Yas\u0131m\u0131z Bitti Ne Ac\u0131m\u0131z Dindi\u201d\",\"datePublished\":\"2025-02-06T15:41:29+00:00\",\"mainEntityOfPage\":{\"@id\":\"https:\/\/denizcankizil.tr\/de\/haberler\/gundem\/nacarne-yasimiz-bitti-ne-acimiz-dindi\/\"},\"wordCount\":534,\"commentCount\":0,\"publisher\":{\"@id\":\"https:\/\/denizcankizil.tr\/#organization\"},\"articleSection\":[\"G\u00fcndem\"],\"inLanguage\":\"en-GB\",\"potentialAction\":[{\"@type\":\"CommentAction\",\"name\":\"Comment\",\"target\":[\"https:\/\/denizcankizil.tr\/de\/haberler\/gundem\/nacarne-yasimiz-bitti-ne-acimiz-dindi\/#respond\"]}]},{\"@type\":\"WebPage\",\"@id\":\"https:\/\/denizcankizil.tr\/de\/haberler\/gundem\/nacarne-yasimiz-bitti-ne-acimiz-dindi\/\",\"url\":\"https:\/\/denizcankizil.tr\/de\/haberler\/gundem\/nacarne-yasimiz-bitti-ne-acimiz-dindi\/\",\"name\":\"Nacar,\u201dNe Yas\u0131m\u0131z Bitti Ne Ac\u0131m\u0131z Dindi\u201d - Av. Deniz Can K\u0131z\u0131l\",\"isPartOf\":{\"@id\":\"https:\/\/denizcankizil.tr\/#website\"},\"datePublished\":\"2025-02-06T15:41:29+00:00\",\"breadcrumb\":{\"@id\":\"https:\/\/denizcankizil.tr\/de\/haberler\/gundem\/nacarne-yasimiz-bitti-ne-acimiz-dindi\/#breadcrumb\"},\"inLanguage\":\"en-GB\",\"potentialAction\":[{\"@type\":\"ReadAction\",\"target\":[\"https:\/\/denizcankizil.tr\/de\/haberler\/gundem\/nacarne-yasimiz-bitti-ne-acimiz-dindi\/\"]}]},{\"@type\":\"BreadcrumbList\",\"@id\":\"https:\/\/denizcankizil.tr\/de\/haberler\/gundem\/nacarne-yasimiz-bitti-ne-acimiz-dindi\/#breadcrumb\",\"itemListElement\":[{\"@type\":\"ListItem\",\"position\":1,\"name\":\"Home\",\"item\":\"https:\/\/denizcankizil.tr\/de\/\"},{\"@type\":\"ListItem\",\"position\":2,\"name\":\"Nacar,\u201dNe Yas\u0131m\u0131z Bitti Ne Ac\u0131m\u0131z Dindi\u201d\"}]},{\"@type\":\"WebSite\",\"@id\":\"https:\/\/denizcankizil.tr\/#website\",\"url\":\"https:\/\/denizcankizil.tr\/\",\"name\":\"Av. Deniz Can K\u0131z\u0131l\",\"description\":\"Avukat Deniz Can K\u0131z\u0131l Antalya Barosu\",\"publisher\":{\"@id\":\"https:\/\/denizcankizil.tr\/#organization\"},\"potentialAction\":[{\"@type\":\"SearchAction\",\"target\":{\"@type\":\"EntryPoint\",\"urlTemplate\":\"https:\/\/denizcankizil.tr\/?s={search_term_string}\"},\"query-input\":{\"@type\":\"PropertyValueSpecification\",\"valueRequired\":true,\"valueName\":\"search_term_string\"}}],\"inLanguage\":\"en-GB\"},{\"@type\":\"Organization\",\"@id\":\"https:\/\/denizcankizil.tr\/#organization\",\"name\":\"Av. Deniz Can K\u0131z\u0131l\",\"url\":\"https:\/\/denizcankizil.tr\/\",\"logo\":{\"@type\":\"ImageObject\",\"inLanguage\":\"en-GB\",\"@id\":\"https:\/\/denizcankizil.tr\/#\/schema\/logo\/image\/\",\"url\":\"https:\/\/denizcankizil.tr\/wp-content\/uploads\/2024\/10\/siyah-logo-svg.svg\",\"contentUrl\":\"https:\/\/denizcankizil.tr\/wp-content\/uploads\/2024\/10\/siyah-logo-svg.svg\",\"width\":1080,\"height\":1080,\"caption\":\"Av. Deniz Can K\u0131z\u0131l\"},\"image\":{\"@id\":\"https:\/\/denizcankizil.tr\/#\/schema\/logo\/image\/\"}},{\"@type\":\"Person\",\"@id\":\"https:\/\/denizcankizil.tr\/#\/schema\/person\/be3c05fe6a12686905512445d8185489\",\"name\":\"admin\",\"image\":{\"@type\":\"ImageObject\",\"inLanguage\":\"en-GB\",\"@id\":\"https:\/\/denizcankizil.tr\/#\/schema\/person\/image\/\",\"url\":\"https:\/\/secure.gravatar.com\/avatar\/c1fce94c830dc79107e174f890d7210541c4a63e8e5d816341794a2151c9d58c?s=96&d=mm&r=g\",\"contentUrl\":\"https:\/\/secure.gravatar.com\/avatar\/c1fce94c830dc79107e174f890d7210541c4a63e8e5d816341794a2151c9d58c?s=96&d=mm&r=g\",\"caption\":\"admin\"},\"sameAs\":[\"http:\/\/denizcankizil.tr\"],\"url\":\"https:\/\/www.iskenderun.org\/nacarne-yasimiz-bitti-ne-acimiz-dindi\"}]}<\/script>\n<!-- \/ Yoast SEO Premium plugin. -->","yoast_head_json":{"title":"Nacar,\u201dNe Yas\u0131m\u0131z Bitti Ne Ac\u0131m\u0131z Dindi\u201d - Av. Deniz Can K\u0131z\u0131l","robots":{"index":"index","follow":"follow","max-snippet":"max-snippet:-1","max-image-preview":"max-image-preview:large","max-video-preview":"max-video-preview:-1"},"canonical":"https:\/\/denizcankizil.tr\/en\/haberler\/gundem\/nacarne-yasimiz-bitti-ne-acimiz-dindi\/","og_locale":"en_GB","og_type":"article","og_title":"Nacar,\u201dNe Yas\u0131m\u0131z Bitti Ne Ac\u0131m\u0131z Dindi\u201d","og_description":"6 \u015eubat depreminde \u0130skenderun Devlet Hastanesi A blok ta meydana gelen y\u0131k\u0131mda hayat\u0131n\u0131 kaybedenler, hastane \u00f6n\u00fcnde karanfil b\u0131rak\u0131larak an\u0131ld\u0131. Depremin ikinci y\u0131l d\u00f6n\u00fcm\u00fcnde hastane \u00f6n\u00fcnde bir araya gelen Sa\u011fl\u0131k ve Sosyal Hizmet Emek\u00e7ileri Sendikas\u0131 (SES) hayat\u0131n\u0131 kaybedenleri anmak i\u00e7in bir araya geldiklerini ve ya\u015fananlar\u0131 unutmayaca\u011f\u0131z unutturmayaca\u011f\u0131z diyerek a\u00e7\u0131klama yapt\u0131lar. Sa\u011fl\u0131k Emek\u00e7ileri Sendikas\u0131 \u0130skenderun Temsilcisi Nalan Nacar, \u0130ki y\u0131l \u00f6nce, 6 \u015eubat 2023&#8217;te hepimizin y\u00fcre\u011fine kordan bir ate\u015f d\u00fc\u015ft\u00fc. Gecenin zifiri karanl\u0131\u011f\u0131nda, saatler 04.17&#8217;yi g\u00f6sterirken sadece Kahramanmara\u015f, Hatay, Ad\u0131yaman, Malatya, Adana, Osmaniye, Gaziantep, \u015eanl\u0131urfa, Kilis, El\u00e2z\u0131\u011f ve Diyarbak\u0131r de\u011fil, hepimiz derin bir ac\u0131yla sars\u0131ld\u0131k, y\u0131k\u0131ld\u0131k.\u201d diyerek \u015fu a\u00e7\u0131klamay\u0131 yapt\u0131: \u00a0\u201cAradan iki y\u0131l ge\u00e7se de ne yas\u0131m\u0131z bitti. Ne ac\u0131m\u0131z dindi ne de \u00f6fkemiz. \u00d6fkeliyiz. \u00c7\u00fcnk\u00fc 6 \u015eubat 2023&#8217;te do\u011fal bir afetin g\u00f6z g\u00f6re g\u00f6re b\u00fcy\u00fck bir felakete d\u00f6n\u00fc\u015fmesine tan\u0131k olduk. On binlerce yurtta\u015f\u0131m\u0131z\u0131n hayat\u0131na mal olan, kentlerimizi yerle bir eden bu felaket g\u00f6z g\u00f6re g\u00f6re geldi. \u00d6fkeliyiz. \u00c7\u00fcnk\u00fc \u00fclkeyi y\u00f6netenlerin akla, bilime, mant\u0131\u011fa, uyar\u0131lara kulaklar\u0131n\u0131 t\u0131kamas\u0131n\u0131 on binlerce yurtta\u015f canlar\u0131 ile \u00f6dedi. 2012 y\u0131l\u0131nda deprem tespiti yap\u0131lm\u0131\u015f olup, depreme dayanaks\u0131z oldu\u011fu rapor edilmi\u015f olmas\u0131na ra\u011fmen arada ge\u00e7en 13 y\u0131la ra\u011fmen maalesef hi\u00e7bir \u00f6nlem al\u0131nmad\u0131. Hastanenin y\u0131k\u0131lan b\u00f6l\u00fcm\u00fc 14&#8217;u sa\u011fl\u0131k \u00e7al\u0131\u015fan\u0131 olmak \u00fczere 91 ki\u015fiye mezar oldu. Depremde k\u0131sa bir s\u00fcre sonra, &hellip;","og_url":"https:\/\/denizcankizil.tr\/en\/haberler\/gundem\/nacarne-yasimiz-bitti-ne-acimiz-dindi\/","og_site_name":"Av. Deniz Can K\u0131z\u0131l","article_published_time":"2025-02-06T15:41:29+00:00","author":"admin","twitter_card":"summary_large_image","twitter_misc":{"Written by":"admin","Estimated reading time":"3 minutes"},"schema":{"@context":"https:\/\/schema.org","@graph":[{"@type":"Article","@id":"https:\/\/denizcankizil.tr\/de\/haberler\/gundem\/nacarne-yasimiz-bitti-ne-acimiz-dindi\/#article","isPartOf":{"@id":"https:\/\/denizcankizil.tr\/de\/haberler\/gundem\/nacarne-yasimiz-bitti-ne-acimiz-dindi\/"},"author":{"name":"admin","@id":"https:\/\/denizcankizil.tr\/#\/schema\/person\/be3c05fe6a12686905512445d8185489"},"headline":"Nacar,\u201dNe Yas\u0131m\u0131z Bitti Ne Ac\u0131m\u0131z Dindi\u201d","datePublished":"2025-02-06T15:41:29+00:00","mainEntityOfPage":{"@id":"https:\/\/denizcankizil.tr\/de\/haberler\/gundem\/nacarne-yasimiz-bitti-ne-acimiz-dindi\/"},"wordCount":534,"commentCount":0,"publisher":{"@id":"https:\/\/denizcankizil.tr\/#organization"},"articleSection":["G\u00fcndem"],"inLanguage":"en-GB","potentialAction":[{"@type":"CommentAction","name":"Comment","target":["https:\/\/denizcankizil.tr\/de\/haberler\/gundem\/nacarne-yasimiz-bitti-ne-acimiz-dindi\/#respond"]}]},{"@type":"WebPage","@id":"https:\/\/denizcankizil.tr\/de\/haberler\/gundem\/nacarne-yasimiz-bitti-ne-acimiz-dindi\/","url":"https:\/\/denizcankizil.tr\/de\/haberler\/gundem\/nacarne-yasimiz-bitti-ne-acimiz-dindi\/","name":"Nacar,\u201dNe Yas\u0131m\u0131z Bitti Ne Ac\u0131m\u0131z Dindi\u201d - Av. Deniz Can K\u0131z\u0131l","isPartOf":{"@id":"https:\/\/denizcankizil.tr\/#website"},"datePublished":"2025-02-06T15:41:29+00:00","breadcrumb":{"@id":"https:\/\/denizcankizil.tr\/de\/haberler\/gundem\/nacarne-yasimiz-bitti-ne-acimiz-dindi\/#breadcrumb"},"inLanguage":"en-GB","potentialAction":[{"@type":"ReadAction","target":["https:\/\/denizcankizil.tr\/de\/haberler\/gundem\/nacarne-yasimiz-bitti-ne-acimiz-dindi\/"]}]},{"@type":"BreadcrumbList","@id":"https:\/\/denizcankizil.tr\/de\/haberler\/gundem\/nacarne-yasimiz-bitti-ne-acimiz-dindi\/#breadcrumb","itemListElement":[{"@type":"ListItem","position":1,"name":"Home","item":"https:\/\/denizcankizil.tr\/de\/"},{"@type":"ListItem","position":2,"name":"Nacar,\u201dNe Yas\u0131m\u0131z Bitti Ne Ac\u0131m\u0131z Dindi\u201d"}]},{"@type":"WebSite","@id":"https:\/\/denizcankizil.tr\/#website","url":"https:\/\/denizcankizil.tr\/","name":"Av. Deniz Can K\u0131z\u0131l","description":"Avukat Deniz Can K\u0131z\u0131l Antalya Barosu","publisher":{"@id":"https:\/\/denizcankizil.tr\/#organization"},"potentialAction":[{"@type":"SearchAction","target":{"@type":"EntryPoint","urlTemplate":"https:\/\/denizcankizil.tr\/?s={search_term_string}"},"query-input":{"@type":"PropertyValueSpecification","valueRequired":true,"valueName":"search_term_string"}}],"inLanguage":"en-GB"},{"@type":"Organization","@id":"https:\/\/denizcankizil.tr\/#organization","name":"Av. Deniz Can K\u0131z\u0131l","url":"https:\/\/denizcankizil.tr\/","logo":{"@type":"ImageObject","inLanguage":"en-GB","@id":"https:\/\/denizcankizil.tr\/#\/schema\/logo\/image\/","url":"https:\/\/denizcankizil.tr\/wp-content\/uploads\/2024\/10\/siyah-logo-svg.svg","contentUrl":"https:\/\/denizcankizil.tr\/wp-content\/uploads\/2024\/10\/siyah-logo-svg.svg","width":1080,"height":1080,"caption":"Av. Deniz Can K\u0131z\u0131l"},"image":{"@id":"https:\/\/denizcankizil.tr\/#\/schema\/logo\/image\/"}},{"@type":"Person","@id":"https:\/\/denizcankizil.tr\/#\/schema\/person\/be3c05fe6a12686905512445d8185489","name":"admin","image":{"@type":"ImageObject","inLanguage":"en-GB","@id":"https:\/\/denizcankizil.tr\/#\/schema\/person\/image\/","url":"https:\/\/secure.gravatar.com\/avatar\/c1fce94c830dc79107e174f890d7210541c4a63e8e5d816341794a2151c9d58c?s=96&d=mm&r=g","contentUrl":"https:\/\/secure.gravatar.com\/avatar\/c1fce94c830dc79107e174f890d7210541c4a63e8e5d816341794a2151c9d58c?s=96&d=mm&r=g","caption":"admin"},"sameAs":["http:\/\/denizcankizil.tr"],"url":"https:\/\/www.iskenderun.org\/nacarne-yasimiz-bitti-ne-acimiz-dindi"}]}},"_links":{"self":[{"href":"https:\/\/denizcankizil.tr\/en\/wp-json\/wp\/v2\/posts\/30781","targetHints":{"allow":["GET"]}}],"collection":[{"href":"https:\/\/denizcankizil.tr\/en\/wp-json\/wp\/v2\/posts"}],"about":[{"href":"https:\/\/denizcankizil.tr\/en\/wp-json\/wp\/v2\/types\/post"}],"author":[{"embeddable":true,"href":"https:\/\/denizcankizil.tr\/en\/wp-json\/wp\/v2\/users\/1"}],"replies":[{"embeddable":true,"href":"https:\/\/denizcankizil.tr\/en\/wp-json\/wp\/v2\/comments?post=30781"}],"version-history":[{"count":0,"href":"https:\/\/denizcankizil.tr\/en\/wp-json\/wp\/v2\/posts\/30781\/revisions"}],"wp:attachment":[{"href":"https:\/\/denizcankizil.tr\/en\/wp-json\/wp\/v2\/media?parent=30781"}],"wp:term":[{"taxonomy":"category","embeddable":true,"href":"https:\/\/denizcankizil.tr\/en\/wp-json\/wp\/v2\/categories?post=30781"},{"taxonomy":"post_tag","embeddable":true,"href":"https:\/\/denizcankizil.tr\/en\/wp-json\/wp\/v2\/tags?post=30781"}],"curies":[{"name":"wp","href":"https:\/\/api.w.org\/{rel}","templated":true}]}}