{"id":30725,"date":"2025-02-06T15:42:06","date_gmt":"2025-02-06T12:42:06","guid":{"rendered":"https:\/\/denizcankizil.tr\/uncategorized-tr\/antalya-konya-trafige-acildi\/"},"modified":"2025-02-06T15:42:06","modified_gmt":"2025-02-06T12:42:06","slug":"antalya-konya-trafige-acildi","status":"publish","type":"post","link":"https:\/\/denizcankizil.tr\/en\/haberler\/gundem\/antalya-konya-trafige-acildi\/","title":{"rendered":"Antalya-Konya trafi\u011fe a\u00e7\u0131ld\u0131"},"content":{"rendered":"<p>\u0130\u00e7 Anadolu&#8217;yu Akdeniz&#8217;e ba\u011flayan en \u00f6nemli yol olan ve d\u00fcn ak\u015fam 22.00 s\u0131ralar\u0131nda buzlanma ve tipi nedeniyle \u00a0t\u0131rlara ve \u00e7ekicilere kapat\u0131lan Antalya\u2019y\u0131 Konya\u2019ya ba\u011flayan Akseki-Seydi\u015fehir karayolu, kar ve tipinin etkisini yitirmesiyle t\u00fcm ara\u00e7 trafi\u011fine a\u00e7\u0131ld\u0131.<\/p>\n<p>T\u0130P\u0130 VE KAR NEDEN\u0130YLE G\u00d6R\u00dc\u015e A\u00c7ISI SIFIRA D\u00dc\u015eM\u00dc\u015eT\u00dc\u00a0<\/p>\n<p>Sal\u0131 g\u00fcn\u00fcnden itibaren b\u00f6lgede etkili olan kar ya\u011f\u0131\u015f\u0131 d\u00fcn ak\u015fam saatlerinde tipi ve f\u0131rt\u0131na etkili oldu. 1825 rak\u0131ml\u0131 Alacabel mevkiinde hava s\u0131cakl\u0131\u011f\u0131n\u0131n eksi 10 dereceye kadar d\u00fc\u015fmesi ile birlikte kar ya\u011f\u0131\u015f\u0131 yerini tipi ve f\u0131rt\u0131naya \u00e7evirdi. Ya\u011fan kar ve etkili tipi nedeniyle g\u00f6r\u00fc\u015f mesafesi s\u0131f\u0131ra d\u00fc\u015fm\u00fc\u015f, yolda buzlanma meydana geldi.<\/p>\n<p>KONYA-ANTALYA KARAYOLU TRAF\u0130\u011eE A\u00c7ILDI\u00a0<\/p>\n<p>Karayolu d\u00fcn ak\u015fam saat 22.00 s\u0131ralar\u0131nda Akseki ve Seydi\u015fehir il\u00e7elerinden t\u0131r ve \u00e7ekicilere kapat\u0131lm\u0131\u015ft\u0131. Karayollar\u0131 Alacabel ekipleri trafi\u011fin aksamamas\u0131 i\u00e7in \u00e7ok say\u0131da i\u015f makinesi ile yol a\u00e7ma ve tuzlama \u00e7al\u0131\u015fmalar\u0131 s\u00fcrd\u00fcrd\u00fc. Akseki B\u00f6lge Trafik ekipleri ise a\u011f\u0131r tonajl\u0131 ara\u00e7 s\u00fcr\u00fcc\u00fclerini dinlenme tesislerine y\u00f6nlendirdi. Alacabel&#8217;de \u00f6\u011fle saatlerinde saatlerinde tipinin etkisini yitirmesiyle birlikte ekiplerin yo\u011fun \u00e7al\u0131\u015fmas\u0131 sonucu Akseki-Seydi\u015fehir karayolu tamamen t\u00fcm ara\u00e7 trafi\u011fine a\u00e7\u0131ld\u0131.\u00a0\u00a0<\/p>\n<p> \u00a0 \u00a0 \u00a0<\/p>\n<p>\u00a0 \u00a0 \u00a0 \u00a0 \u00a0 \u00a0 \u00a0 \u00a0 \u00a0 \u00a0\u00a0<\/p>\n<p>\u200bSal\u0131 g\u00fcn\u00fcnden bu yana etkili olan kar ya\u011f\u0131\u015f\u0131 ve tipi nedeniyle Antalya-Konya kara yolu trafi\u011fe kapat\u0131lm\u0131\u015ft\u0131. \u00c7ok say\u0131da i\u015f makinesi tuzlama ve kar k\u00fcreme \u00e7al\u0131\u015fmalar\u0131n\u0131n ard\u0131ndan yol trafi\u011fe a\u00e7\u0131ld\u0131.\u00a0<\/p>\n<p>\u200bHaberin Al\u0131nt\u0131land\u0131\u011f\u0131 Kaynak: www.antalyakorfez.com<\/p>","protected":false},"excerpt":{"rendered":"<p>\u0130\u00e7 Anadolu&#8217;yu Akdeniz&#8217;e ba\u011flayan en \u00f6nemli yol olan ve d\u00fcn ak\u015fam 22.00 s\u0131ralar\u0131nda buzlanma ve tipi nedeniyle \u00a0t\u0131rlara ve \u00e7ekicilere kapat\u0131lan Antalya\u2019y\u0131 Konya\u2019ya ba\u011flayan Akseki-Seydi\u015fehir karayolu, kar ve tipinin etkisini yitirmesiyle t\u00fcm ara\u00e7 trafi\u011fine a\u00e7\u0131ld\u0131. T\u0130P\u0130 VE KAR NEDEN\u0130YLE G\u00d6R\u00dc\u015e A\u00c7ISI SIFIRA D\u00dc\u015eM\u00dc\u015eT\u00dc\u00a0 Sal\u0131 g\u00fcn\u00fcnden itibaren b\u00f6lgede etkili olan kar ya\u011f\u0131\u015f\u0131 d\u00fcn ak\u015fam saatlerinde tipi ve f\u0131rt\u0131na etkili oldu. 1825 rak\u0131ml\u0131 Alacabel mevkiinde hava s\u0131cakl\u0131\u011f\u0131n\u0131n eksi 10 dereceye kadar d\u00fc\u015fmesi ile birlikte kar ya\u011f\u0131\u015f\u0131 yerini tipi ve f\u0131rt\u0131naya \u00e7evirdi. Ya\u011fan kar ve etkili tipi nedeniyle g\u00f6r\u00fc\u015f mesafesi s\u0131f\u0131ra d\u00fc\u015fm\u00fc\u015f, yolda buzlanma meydana geldi. KONYA-ANTALYA KARAYOLU TRAF\u0130\u011eE A\u00c7ILDI\u00a0 Karayolu d\u00fcn ak\u015fam saat 22.00 s\u0131ralar\u0131nda Akseki ve Seydi\u015fehir il\u00e7elerinden t\u0131r ve \u00e7ekicilere kapat\u0131lm\u0131\u015ft\u0131. Karayollar\u0131 Alacabel ekipleri trafi\u011fin aksamamas\u0131 i\u00e7in \u00e7ok say\u0131da i\u015f makinesi ile yol a\u00e7ma ve tuzlama \u00e7al\u0131\u015fmalar\u0131 s\u00fcrd\u00fcrd\u00fc. Akseki B\u00f6lge Trafik ekipleri ise a\u011f\u0131r tonajl\u0131 ara\u00e7 s\u00fcr\u00fcc\u00fclerini dinlenme tesislerine y\u00f6nlendirdi. Alacabel&#8217;de \u00f6\u011fle saatlerinde saatlerinde tipinin etkisini yitirmesiyle birlikte ekiplerin yo\u011fun \u00e7al\u0131\u015fmas\u0131 sonucu Akseki-Seydi\u015fehir karayolu tamamen t\u00fcm ara\u00e7 trafi\u011fine a\u00e7\u0131ld\u0131.\u00a0\u00a0 \u00a0 \u00a0 \u00a0 \u00a0 \u00a0 \u00a0 \u00a0 \u00a0 \u00a0 \u00a0 \u00a0 \u00a0 \u00a0\u00a0 \u200bSal\u0131 g\u00fcn\u00fcnden bu yana etkili olan kar ya\u011f\u0131\u015f\u0131 ve tipi nedeniyle Antalya-Konya kara yolu trafi\u011fe kapat\u0131lm\u0131\u015ft\u0131. \u00c7ok say\u0131da i\u015f makinesi tuzlama ve kar k\u00fcreme \u00e7al\u0131\u015fmalar\u0131n\u0131n ard\u0131ndan yol trafi\u011fe &hellip;<\/p>","protected":false},"author":5,"featured_media":0,"comment_status":"open","ping_status":"open","sticky":false,"template":"","format":"standard","meta":{"_acf_changed":false,"footnotes":""},"categories":[24],"tags":[],"class_list":["post-30725","post","type-post","status-publish","format-standard","has-post-thumbnail","hentry","category-gundem"],"acf":[],"yoast_head":"<!-- This site is optimized with the Yoast SEO Premium plugin v26.6 (Yoast SEO v27.1.1) - https:\/\/yoast.com\/product\/yoast-seo-premium-wordpress\/ -->\n<title>Antalya-Konya trafi\u011fe a\u00e7\u0131ld\u0131 - Av. Deniz Can K\u0131z\u0131l<\/title>\n<meta name=\"robots\" content=\"index, follow, max-snippet:-1, max-image-preview:large, max-video-preview:-1\" \/>\n<link rel=\"canonical\" href=\"https:\/\/denizcankizil.tr\/en\/haberler\/gundem\/antalya-konya-trafige-acildi\/\" \/>\n<meta property=\"og:locale\" content=\"en_GB\" \/>\n<meta property=\"og:type\" content=\"article\" \/>\n<meta property=\"og:title\" content=\"Antalya-Konya trafi\u011fe a\u00e7\u0131ld\u0131\" \/>\n<meta property=\"og:description\" content=\"\u0130\u00e7 Anadolu&#8217;yu Akdeniz&#8217;e ba\u011flayan en \u00f6nemli yol olan ve d\u00fcn ak\u015fam 22.00 s\u0131ralar\u0131nda buzlanma ve tipi nedeniyle \u00a0t\u0131rlara ve \u00e7ekicilere kapat\u0131lan Antalya\u2019y\u0131 Konya\u2019ya ba\u011flayan Akseki-Seydi\u015fehir karayolu, kar ve tipinin etkisini yitirmesiyle t\u00fcm ara\u00e7 trafi\u011fine a\u00e7\u0131ld\u0131. T\u0130P\u0130 VE KAR NEDEN\u0130YLE G\u00d6R\u00dc\u015e A\u00c7ISI SIFIRA D\u00dc\u015eM\u00dc\u015eT\u00dc\u00a0 Sal\u0131 g\u00fcn\u00fcnden itibaren b\u00f6lgede etkili olan kar ya\u011f\u0131\u015f\u0131 d\u00fcn ak\u015fam saatlerinde tipi ve f\u0131rt\u0131na etkili oldu. 1825 rak\u0131ml\u0131 Alacabel mevkiinde hava s\u0131cakl\u0131\u011f\u0131n\u0131n eksi 10 dereceye kadar d\u00fc\u015fmesi ile birlikte kar ya\u011f\u0131\u015f\u0131 yerini tipi ve f\u0131rt\u0131naya \u00e7evirdi. Ya\u011fan kar ve etkili tipi nedeniyle g\u00f6r\u00fc\u015f mesafesi s\u0131f\u0131ra d\u00fc\u015fm\u00fc\u015f, yolda buzlanma meydana geldi. KONYA-ANTALYA KARAYOLU TRAF\u0130\u011eE A\u00c7ILDI\u00a0 Karayolu d\u00fcn ak\u015fam saat 22.00 s\u0131ralar\u0131nda Akseki ve Seydi\u015fehir il\u00e7elerinden t\u0131r ve \u00e7ekicilere kapat\u0131lm\u0131\u015ft\u0131. Karayollar\u0131 Alacabel ekipleri trafi\u011fin aksamamas\u0131 i\u00e7in \u00e7ok say\u0131da i\u015f makinesi ile yol a\u00e7ma ve tuzlama \u00e7al\u0131\u015fmalar\u0131 s\u00fcrd\u00fcrd\u00fc. Akseki B\u00f6lge Trafik ekipleri ise a\u011f\u0131r tonajl\u0131 ara\u00e7 s\u00fcr\u00fcc\u00fclerini dinlenme tesislerine y\u00f6nlendirdi. Alacabel&#8217;de \u00f6\u011fle saatlerinde saatlerinde tipinin etkisini yitirmesiyle birlikte ekiplerin yo\u011fun \u00e7al\u0131\u015fmas\u0131 sonucu Akseki-Seydi\u015fehir karayolu tamamen t\u00fcm ara\u00e7 trafi\u011fine a\u00e7\u0131ld\u0131.\u00a0\u00a0 \u00a0 \u00a0 \u00a0 \u00a0 \u00a0 \u00a0 \u00a0 \u00a0 \u00a0 \u00a0 \u00a0 \u00a0 \u00a0\u00a0 \u200bSal\u0131 g\u00fcn\u00fcnden bu yana etkili olan kar ya\u011f\u0131\u015f\u0131 ve tipi nedeniyle Antalya-Konya kara yolu trafi\u011fe kapat\u0131lm\u0131\u015ft\u0131. \u00c7ok say\u0131da i\u015f makinesi tuzlama ve kar k\u00fcreme \u00e7al\u0131\u015fmalar\u0131n\u0131n ard\u0131ndan yol trafi\u011fe &hellip;\" \/>\n<meta property=\"og:url\" content=\"https:\/\/denizcankizil.tr\/en\/haberler\/gundem\/antalya-konya-trafige-acildi\/\" \/>\n<meta property=\"og:site_name\" content=\"Av. Deniz Can K\u0131z\u0131l\" \/>\n<meta property=\"article:published_time\" content=\"2025-02-06T12:42:06+00:00\" \/>\n<meta name=\"author\" content=\"Antalya K\u00f6rfez\" \/>\n<meta name=\"twitter:card\" content=\"summary_large_image\" \/>\n<meta name=\"twitter:label1\" content=\"Written by\" \/>\n\t<meta name=\"twitter:data1\" content=\"Antalya K\u00f6rfez\" \/>\n\t<meta name=\"twitter:label2\" content=\"Estimated reading time\" \/>\n\t<meta name=\"twitter:data2\" content=\"1 minute\" \/>\n<script type=\"application\/ld+json\" class=\"yoast-schema-graph\">{\"@context\":\"https:\/\/schema.org\",\"@graph\":[{\"@type\":\"Article\",\"@id\":\"https:\/\/denizcankizil.tr\/en\/haberler\/gundem\/antalya-konya-trafige-acildi\/#article\",\"isPartOf\":{\"@id\":\"https:\/\/denizcankizil.tr\/en\/haberler\/gundem\/antalya-konya-trafige-acildi\/\"},\"author\":{\"name\":\"Antalya K\u00f6rfez\",\"@id\":\"https:\/\/denizcankizil.tr\/#\/schema\/person\/e1eb71bb4dd684d46563f0af307e1234\"},\"headline\":\"Antalya-Konya trafi\u011fe a\u00e7\u0131ld\u0131\",\"datePublished\":\"2025-02-06T12:42:06+00:00\",\"mainEntityOfPage\":{\"@id\":\"https:\/\/denizcankizil.tr\/en\/haberler\/gundem\/antalya-konya-trafige-acildi\/\"},\"wordCount\":281,\"commentCount\":0,\"publisher\":{\"@id\":\"https:\/\/denizcankizil.tr\/#organization\"},\"articleSection\":[\"G\u00fcndem\"],\"inLanguage\":\"en-GB\",\"potentialAction\":[{\"@type\":\"CommentAction\",\"name\":\"Comment\",\"target\":[\"https:\/\/denizcankizil.tr\/en\/haberler\/gundem\/antalya-konya-trafige-acildi\/#respond\"]}]},{\"@type\":\"WebPage\",\"@id\":\"https:\/\/denizcankizil.tr\/en\/haberler\/gundem\/antalya-konya-trafige-acildi\/\",\"url\":\"https:\/\/denizcankizil.tr\/en\/haberler\/gundem\/antalya-konya-trafige-acildi\/\",\"name\":\"Antalya-Konya trafi\u011fe a\u00e7\u0131ld\u0131 - Av. Deniz Can K\u0131z\u0131l\",\"isPartOf\":{\"@id\":\"https:\/\/denizcankizil.tr\/#website\"},\"datePublished\":\"2025-02-06T12:42:06+00:00\",\"breadcrumb\":{\"@id\":\"https:\/\/denizcankizil.tr\/en\/haberler\/gundem\/antalya-konya-trafige-acildi\/#breadcrumb\"},\"inLanguage\":\"en-GB\",\"potentialAction\":[{\"@type\":\"ReadAction\",\"target\":[\"https:\/\/denizcankizil.tr\/en\/haberler\/gundem\/antalya-konya-trafige-acildi\/\"]}]},{\"@type\":\"BreadcrumbList\",\"@id\":\"https:\/\/denizcankizil.tr\/en\/haberler\/gundem\/antalya-konya-trafige-acildi\/#breadcrumb\",\"itemListElement\":[{\"@type\":\"ListItem\",\"position\":1,\"name\":\"Home\",\"item\":\"https:\/\/denizcankizil.tr\/uk\/\"},{\"@type\":\"ListItem\",\"position\":2,\"name\":\"Antalya-Konya trafi\u011fe a\u00e7\u0131ld\u0131\"}]},{\"@type\":\"WebSite\",\"@id\":\"https:\/\/denizcankizil.tr\/#website\",\"url\":\"https:\/\/denizcankizil.tr\/\",\"name\":\"Av. Deniz Can K\u0131z\u0131l\",\"description\":\"Avukat Deniz Can K\u0131z\u0131l Antalya Barosu\",\"publisher\":{\"@id\":\"https:\/\/denizcankizil.tr\/#organization\"},\"potentialAction\":[{\"@type\":\"SearchAction\",\"target\":{\"@type\":\"EntryPoint\",\"urlTemplate\":\"https:\/\/denizcankizil.tr\/?s={search_term_string}\"},\"query-input\":{\"@type\":\"PropertyValueSpecification\",\"valueRequired\":true,\"valueName\":\"search_term_string\"}}],\"inLanguage\":\"en-GB\"},{\"@type\":\"Organization\",\"@id\":\"https:\/\/denizcankizil.tr\/#organization\",\"name\":\"Av. Deniz Can K\u0131z\u0131l\",\"url\":\"https:\/\/denizcankizil.tr\/\",\"logo\":{\"@type\":\"ImageObject\",\"inLanguage\":\"en-GB\",\"@id\":\"https:\/\/denizcankizil.tr\/#\/schema\/logo\/image\/\",\"url\":\"https:\/\/denizcankizil.tr\/wp-content\/uploads\/2024\/10\/siyah-logo-svg.svg\",\"contentUrl\":\"https:\/\/denizcankizil.tr\/wp-content\/uploads\/2024\/10\/siyah-logo-svg.svg\",\"width\":1080,\"height\":1080,\"caption\":\"Av. Deniz Can K\u0131z\u0131l\"},\"image\":{\"@id\":\"https:\/\/denizcankizil.tr\/#\/schema\/logo\/image\/\"}},{\"@type\":\"Person\",\"@id\":\"https:\/\/denizcankizil.tr\/#\/schema\/person\/e1eb71bb4dd684d46563f0af307e1234\",\"name\":\"Antalya K\u00f6rfez\",\"image\":{\"@type\":\"ImageObject\",\"inLanguage\":\"en-GB\",\"@id\":\"https:\/\/denizcankizil.tr\/#\/schema\/person\/image\/\",\"url\":\"https:\/\/secure.gravatar.com\/avatar\/42b01982558a48a0b501fdcab6a408d3717ea5919095ee2e67b0e521799c5905?s=96&d=mm&r=g\",\"contentUrl\":\"https:\/\/secure.gravatar.com\/avatar\/42b01982558a48a0b501fdcab6a408d3717ea5919095ee2e67b0e521799c5905?s=96&d=mm&r=g\",\"caption\":\"Antalya K\u00f6rfez\"},\"sameAs\":[\"http:\/\/www.antalyakorfez.com\"],\"url\":\"https:\/\/www.antalyakorfez.com\/antalya-konya-trafige-acildi\"}]}<\/script>\n<!-- \/ Yoast SEO Premium plugin. -->","yoast_head_json":{"title":"Antalya-Konya trafi\u011fe a\u00e7\u0131ld\u0131 - Av. Deniz Can K\u0131z\u0131l","robots":{"index":"index","follow":"follow","max-snippet":"max-snippet:-1","max-image-preview":"max-image-preview:large","max-video-preview":"max-video-preview:-1"},"canonical":"https:\/\/denizcankizil.tr\/en\/haberler\/gundem\/antalya-konya-trafige-acildi\/","og_locale":"en_GB","og_type":"article","og_title":"Antalya-Konya trafi\u011fe a\u00e7\u0131ld\u0131","og_description":"\u0130\u00e7 Anadolu&#8217;yu Akdeniz&#8217;e ba\u011flayan en \u00f6nemli yol olan ve d\u00fcn ak\u015fam 22.00 s\u0131ralar\u0131nda buzlanma ve tipi nedeniyle \u00a0t\u0131rlara ve \u00e7ekicilere kapat\u0131lan Antalya\u2019y\u0131 Konya\u2019ya ba\u011flayan Akseki-Seydi\u015fehir karayolu, kar ve tipinin etkisini yitirmesiyle t\u00fcm ara\u00e7 trafi\u011fine a\u00e7\u0131ld\u0131. T\u0130P\u0130 VE KAR NEDEN\u0130YLE G\u00d6R\u00dc\u015e A\u00c7ISI SIFIRA D\u00dc\u015eM\u00dc\u015eT\u00dc\u00a0 Sal\u0131 g\u00fcn\u00fcnden itibaren b\u00f6lgede etkili olan kar ya\u011f\u0131\u015f\u0131 d\u00fcn ak\u015fam saatlerinde tipi ve f\u0131rt\u0131na etkili oldu. 1825 rak\u0131ml\u0131 Alacabel mevkiinde hava s\u0131cakl\u0131\u011f\u0131n\u0131n eksi 10 dereceye kadar d\u00fc\u015fmesi ile birlikte kar ya\u011f\u0131\u015f\u0131 yerini tipi ve f\u0131rt\u0131naya \u00e7evirdi. Ya\u011fan kar ve etkili tipi nedeniyle g\u00f6r\u00fc\u015f mesafesi s\u0131f\u0131ra d\u00fc\u015fm\u00fc\u015f, yolda buzlanma meydana geldi. KONYA-ANTALYA KARAYOLU TRAF\u0130\u011eE A\u00c7ILDI\u00a0 Karayolu d\u00fcn ak\u015fam saat 22.00 s\u0131ralar\u0131nda Akseki ve Seydi\u015fehir il\u00e7elerinden t\u0131r ve \u00e7ekicilere kapat\u0131lm\u0131\u015ft\u0131. Karayollar\u0131 Alacabel ekipleri trafi\u011fin aksamamas\u0131 i\u00e7in \u00e7ok say\u0131da i\u015f makinesi ile yol a\u00e7ma ve tuzlama \u00e7al\u0131\u015fmalar\u0131 s\u00fcrd\u00fcrd\u00fc. Akseki B\u00f6lge Trafik ekipleri ise a\u011f\u0131r tonajl\u0131 ara\u00e7 s\u00fcr\u00fcc\u00fclerini dinlenme tesislerine y\u00f6nlendirdi. Alacabel&#8217;de \u00f6\u011fle saatlerinde saatlerinde tipinin etkisini yitirmesiyle birlikte ekiplerin yo\u011fun \u00e7al\u0131\u015fmas\u0131 sonucu Akseki-Seydi\u015fehir karayolu tamamen t\u00fcm ara\u00e7 trafi\u011fine a\u00e7\u0131ld\u0131.\u00a0\u00a0 \u00a0 \u00a0 \u00a0 \u00a0 \u00a0 \u00a0 \u00a0 \u00a0 \u00a0 \u00a0 \u00a0 \u00a0 \u00a0\u00a0 \u200bSal\u0131 g\u00fcn\u00fcnden bu yana etkili olan kar ya\u011f\u0131\u015f\u0131 ve tipi nedeniyle Antalya-Konya kara yolu trafi\u011fe kapat\u0131lm\u0131\u015ft\u0131. \u00c7ok say\u0131da i\u015f makinesi tuzlama ve kar k\u00fcreme \u00e7al\u0131\u015fmalar\u0131n\u0131n ard\u0131ndan yol trafi\u011fe &hellip;","og_url":"https:\/\/denizcankizil.tr\/en\/haberler\/gundem\/antalya-konya-trafige-acildi\/","og_site_name":"Av. Deniz Can K\u0131z\u0131l","article_published_time":"2025-02-06T12:42:06+00:00","author":"Antalya K\u00f6rfez","twitter_card":"summary_large_image","twitter_misc":{"Written by":"Antalya K\u00f6rfez","Estimated reading time":"1 minute"},"schema":{"@context":"https:\/\/schema.org","@graph":[{"@type":"Article","@id":"https:\/\/denizcankizil.tr\/en\/haberler\/gundem\/antalya-konya-trafige-acildi\/#article","isPartOf":{"@id":"https:\/\/denizcankizil.tr\/en\/haberler\/gundem\/antalya-konya-trafige-acildi\/"},"author":{"name":"Antalya K\u00f6rfez","@id":"https:\/\/denizcankizil.tr\/#\/schema\/person\/e1eb71bb4dd684d46563f0af307e1234"},"headline":"Antalya-Konya trafi\u011fe a\u00e7\u0131ld\u0131","datePublished":"2025-02-06T12:42:06+00:00","mainEntityOfPage":{"@id":"https:\/\/denizcankizil.tr\/en\/haberler\/gundem\/antalya-konya-trafige-acildi\/"},"wordCount":281,"commentCount":0,"publisher":{"@id":"https:\/\/denizcankizil.tr\/#organization"},"articleSection":["G\u00fcndem"],"inLanguage":"en-GB","potentialAction":[{"@type":"CommentAction","name":"Comment","target":["https:\/\/denizcankizil.tr\/en\/haberler\/gundem\/antalya-konya-trafige-acildi\/#respond"]}]},{"@type":"WebPage","@id":"https:\/\/denizcankizil.tr\/en\/haberler\/gundem\/antalya-konya-trafige-acildi\/","url":"https:\/\/denizcankizil.tr\/en\/haberler\/gundem\/antalya-konya-trafige-acildi\/","name":"Antalya-Konya trafi\u011fe a\u00e7\u0131ld\u0131 - Av. Deniz Can K\u0131z\u0131l","isPartOf":{"@id":"https:\/\/denizcankizil.tr\/#website"},"datePublished":"2025-02-06T12:42:06+00:00","breadcrumb":{"@id":"https:\/\/denizcankizil.tr\/en\/haberler\/gundem\/antalya-konya-trafige-acildi\/#breadcrumb"},"inLanguage":"en-GB","potentialAction":[{"@type":"ReadAction","target":["https:\/\/denizcankizil.tr\/en\/haberler\/gundem\/antalya-konya-trafige-acildi\/"]}]},{"@type":"BreadcrumbList","@id":"https:\/\/denizcankizil.tr\/en\/haberler\/gundem\/antalya-konya-trafige-acildi\/#breadcrumb","itemListElement":[{"@type":"ListItem","position":1,"name":"Home","item":"https:\/\/denizcankizil.tr\/uk\/"},{"@type":"ListItem","position":2,"name":"Antalya-Konya trafi\u011fe a\u00e7\u0131ld\u0131"}]},{"@type":"WebSite","@id":"https:\/\/denizcankizil.tr\/#website","url":"https:\/\/denizcankizil.tr\/","name":"Av. Deniz Can K\u0131z\u0131l","description":"Avukat Deniz Can K\u0131z\u0131l Antalya Barosu","publisher":{"@id":"https:\/\/denizcankizil.tr\/#organization"},"potentialAction":[{"@type":"SearchAction","target":{"@type":"EntryPoint","urlTemplate":"https:\/\/denizcankizil.tr\/?s={search_term_string}"},"query-input":{"@type":"PropertyValueSpecification","valueRequired":true,"valueName":"search_term_string"}}],"inLanguage":"en-GB"},{"@type":"Organization","@id":"https:\/\/denizcankizil.tr\/#organization","name":"Av. Deniz Can K\u0131z\u0131l","url":"https:\/\/denizcankizil.tr\/","logo":{"@type":"ImageObject","inLanguage":"en-GB","@id":"https:\/\/denizcankizil.tr\/#\/schema\/logo\/image\/","url":"https:\/\/denizcankizil.tr\/wp-content\/uploads\/2024\/10\/siyah-logo-svg.svg","contentUrl":"https:\/\/denizcankizil.tr\/wp-content\/uploads\/2024\/10\/siyah-logo-svg.svg","width":1080,"height":1080,"caption":"Av. Deniz Can K\u0131z\u0131l"},"image":{"@id":"https:\/\/denizcankizil.tr\/#\/schema\/logo\/image\/"}},{"@type":"Person","@id":"https:\/\/denizcankizil.tr\/#\/schema\/person\/e1eb71bb4dd684d46563f0af307e1234","name":"Antalya K\u00f6rfez","image":{"@type":"ImageObject","inLanguage":"en-GB","@id":"https:\/\/denizcankizil.tr\/#\/schema\/person\/image\/","url":"https:\/\/secure.gravatar.com\/avatar\/42b01982558a48a0b501fdcab6a408d3717ea5919095ee2e67b0e521799c5905?s=96&d=mm&r=g","contentUrl":"https:\/\/secure.gravatar.com\/avatar\/42b01982558a48a0b501fdcab6a408d3717ea5919095ee2e67b0e521799c5905?s=96&d=mm&r=g","caption":"Antalya K\u00f6rfez"},"sameAs":["http:\/\/www.antalyakorfez.com"],"url":"https:\/\/www.antalyakorfez.com\/antalya-konya-trafige-acildi"}]}},"_links":{"self":[{"href":"https:\/\/denizcankizil.tr\/en\/wp-json\/wp\/v2\/posts\/30725","targetHints":{"allow":["GET"]}}],"collection":[{"href":"https:\/\/denizcankizil.tr\/en\/wp-json\/wp\/v2\/posts"}],"about":[{"href":"https:\/\/denizcankizil.tr\/en\/wp-json\/wp\/v2\/types\/post"}],"author":[{"embeddable":true,"href":"https:\/\/denizcankizil.tr\/en\/wp-json\/wp\/v2\/users\/5"}],"replies":[{"embeddable":true,"href":"https:\/\/denizcankizil.tr\/en\/wp-json\/wp\/v2\/comments?post=30725"}],"version-history":[{"count":0,"href":"https:\/\/denizcankizil.tr\/en\/wp-json\/wp\/v2\/posts\/30725\/revisions"}],"wp:attachment":[{"href":"https:\/\/denizcankizil.tr\/en\/wp-json\/wp\/v2\/media?parent=30725"}],"wp:term":[{"taxonomy":"category","embeddable":true,"href":"https:\/\/denizcankizil.tr\/en\/wp-json\/wp\/v2\/categories?post=30725"},{"taxonomy":"post_tag","embeddable":true,"href":"https:\/\/denizcankizil.tr\/en\/wp-json\/wp\/v2\/tags?post=30725"}],"curies":[{"name":"wp","href":"https:\/\/api.w.org\/{rel}","templated":true}]}}