{"id":30721,"date":"2025-02-06T15:41:41","date_gmt":"2025-02-06T12:41:41","guid":{"rendered":"https:\/\/denizcankizil.tr\/uncategorized-tr\/antalya-konya-kara-yolu-yeniden-acildi\/"},"modified":"2025-02-06T15:41:41","modified_gmt":"2025-02-06T12:41:41","slug":"antalya-konya-kara-yolu-yeniden-acildi","status":"publish","type":"post","link":"https:\/\/denizcankizil.tr\/en\/haberler\/antalya\/antalya-konya-kara-yolu-yeniden-acildi\/","title":{"rendered":"Antalya-Konya kara yolu yeniden a\u00e7\u0131ld\u0131"},"content":{"rendered":"<p>Antalya&#8217;n\u0131n y\u00fcksek kesimlerinde tipi etkili oldu<br \/>\nSal\u0131 g\u00fcn\u00fcnden itibaren b\u00f6lgede etkili olan kar ya\u011f\u0131\u015f\u0131 d\u00fcn ak\u015fam saatlerinde tipi ve f\u0131rt\u0131na etkili oldu. 1825 rak\u0131ml\u0131 Alacabel mevkiinde hava s\u0131cakl\u0131\u011f\u0131n\u0131n eksi 10 dereceye kadar d\u00fc\u015fmesi ile birlikte kar ya\u011f\u0131\u015f\u0131 yerini tipi ve f\u0131rt\u0131naya \u00e7evirdi. Ya\u011fan kar ve etkili tipi nedeniyle g\u00f6r\u00fc\u015f mesafesi s\u0131f\u0131ra d\u00fc\u015fm\u00fc\u015f, yolda buzlanma meydana geldi. Karayolu d\u00fcn ak\u015fam saat 22.00 s\u0131ralar\u0131nda Akseki ve Seydi\u015fehir il\u00e7elerinden t\u0131r ve \u00e7ekicilere kapat\u0131lm\u0131\u015ft\u0131. Karayollar\u0131 Alacabel ekipleri trafi\u011fin aksamamas\u0131 i\u00e7in \u00e7ok say\u0131da i\u015f makinesi ile yol a\u00e7ma ve tuzlama \u00e7al\u0131\u015fmalar\u0131 s\u00fcrd\u00fcrd\u00fc.<br \/>\nAkseki B\u00f6lge Trafik ekipleri ise a\u011f\u0131r tonajl\u0131 ara\u00e7 s\u00fcr\u00fcc\u00fclerini dinlenme tesislerine y\u00f6nlendirdi. Alacabel&#8217;de \u00f6\u011fle saatlerinde saatlerinde tipinin etkisini yitirmesiyle birlikte ekiplerin yo\u011fun \u00e7al\u0131\u015fmas\u0131 sonucu Akseki-Seydi\u015fehir karayolu tamamen t\u00fcm ara\u00e7 trafi\u011fine a\u00e7\u0131ld\u0131.<\/p>\n<p>Kaynak: www.kanalv.com.tr Haber Sitesinden Al\u0131nm\u0131\u015ft\u0131r.<\/p>","protected":false},"excerpt":{"rendered":"<p>Antalya&#8217;n\u0131n y\u00fcksek kesimlerinde tipi etkili oldu Sal\u0131 g\u00fcn\u00fcnden itibaren b\u00f6lgede etkili olan kar ya\u011f\u0131\u015f\u0131 d\u00fcn ak\u015fam saatlerinde tipi ve f\u0131rt\u0131na etkili oldu. 1825 rak\u0131ml\u0131 Alacabel mevkiinde hava s\u0131cakl\u0131\u011f\u0131n\u0131n eksi 10 dereceye kadar d\u00fc\u015fmesi ile birlikte kar ya\u011f\u0131\u015f\u0131 yerini tipi ve f\u0131rt\u0131naya \u00e7evirdi. Ya\u011fan kar ve etkili tipi nedeniyle g\u00f6r\u00fc\u015f mesafesi s\u0131f\u0131ra d\u00fc\u015fm\u00fc\u015f, yolda buzlanma meydana geldi. Karayolu d\u00fcn ak\u015fam saat 22.00 s\u0131ralar\u0131nda Akseki ve Seydi\u015fehir il\u00e7elerinden t\u0131r ve \u00e7ekicilere kapat\u0131lm\u0131\u015ft\u0131. Karayollar\u0131 Alacabel ekipleri trafi\u011fin aksamamas\u0131 i\u00e7in \u00e7ok say\u0131da i\u015f makinesi ile yol a\u00e7ma ve tuzlama \u00e7al\u0131\u015fmalar\u0131 s\u00fcrd\u00fcrd\u00fc. Akseki B\u00f6lge Trafik ekipleri ise a\u011f\u0131r tonajl\u0131 ara\u00e7 s\u00fcr\u00fcc\u00fclerini dinlenme tesislerine y\u00f6nlendirdi. Alacabel&#8217;de \u00f6\u011fle saatlerinde saatlerinde tipinin etkisini yitirmesiyle birlikte ekiplerin yo\u011fun \u00e7al\u0131\u015fmas\u0131 sonucu Akseki-Seydi\u015fehir karayolu tamamen t\u00fcm ara\u00e7 trafi\u011fine a\u00e7\u0131ld\u0131. Kaynak: www.kanalv.com.tr Haber Sitesinden Al\u0131nm\u0131\u015ft\u0131r.<\/p>","protected":false},"author":4,"featured_media":30722,"comment_status":"open","ping_status":"open","sticky":false,"template":"","format":"standard","meta":{"_acf_changed":false,"footnotes":""},"categories":[26],"tags":[],"class_list":["post-30721","post","type-post","status-publish","format-standard","has-post-thumbnail","hentry","category-antalya"],"acf":[],"yoast_head":"<!-- This site is optimized with the Yoast SEO Premium plugin v26.6 (Yoast SEO v27.1.1) - https:\/\/yoast.com\/product\/yoast-seo-premium-wordpress\/ -->\n<title>Antalya-Konya kara yolu yeniden a\u00e7\u0131ld\u0131 - Av. Deniz Can K\u0131z\u0131l<\/title>\n<meta name=\"robots\" content=\"index, follow, max-snippet:-1, max-image-preview:large, max-video-preview:-1\" \/>\n<link rel=\"canonical\" href=\"https:\/\/denizcankizil.tr\/en\/haberler\/antalya\/antalya-konya-kara-yolu-yeniden-acildi\/\" \/>\n<meta property=\"og:locale\" content=\"en_GB\" \/>\n<meta property=\"og:type\" content=\"article\" \/>\n<meta property=\"og:title\" content=\"Antalya-Konya kara yolu yeniden a\u00e7\u0131ld\u0131\" \/>\n<meta property=\"og:description\" content=\"Antalya&#8217;n\u0131n y\u00fcksek kesimlerinde tipi etkili oldu Sal\u0131 g\u00fcn\u00fcnden itibaren b\u00f6lgede etkili olan kar ya\u011f\u0131\u015f\u0131 d\u00fcn ak\u015fam saatlerinde tipi ve f\u0131rt\u0131na etkili oldu. 1825 rak\u0131ml\u0131 Alacabel mevkiinde hava s\u0131cakl\u0131\u011f\u0131n\u0131n eksi 10 dereceye kadar d\u00fc\u015fmesi ile birlikte kar ya\u011f\u0131\u015f\u0131 yerini tipi ve f\u0131rt\u0131naya \u00e7evirdi. Ya\u011fan kar ve etkili tipi nedeniyle g\u00f6r\u00fc\u015f mesafesi s\u0131f\u0131ra d\u00fc\u015fm\u00fc\u015f, yolda buzlanma meydana geldi. Karayolu d\u00fcn ak\u015fam saat 22.00 s\u0131ralar\u0131nda Akseki ve Seydi\u015fehir il\u00e7elerinden t\u0131r ve \u00e7ekicilere kapat\u0131lm\u0131\u015ft\u0131. Karayollar\u0131 Alacabel ekipleri trafi\u011fin aksamamas\u0131 i\u00e7in \u00e7ok say\u0131da i\u015f makinesi ile yol a\u00e7ma ve tuzlama \u00e7al\u0131\u015fmalar\u0131 s\u00fcrd\u00fcrd\u00fc. Akseki B\u00f6lge Trafik ekipleri ise a\u011f\u0131r tonajl\u0131 ara\u00e7 s\u00fcr\u00fcc\u00fclerini dinlenme tesislerine y\u00f6nlendirdi. Alacabel&#8217;de \u00f6\u011fle saatlerinde saatlerinde tipinin etkisini yitirmesiyle birlikte ekiplerin yo\u011fun \u00e7al\u0131\u015fmas\u0131 sonucu Akseki-Seydi\u015fehir karayolu tamamen t\u00fcm ara\u00e7 trafi\u011fine a\u00e7\u0131ld\u0131. Kaynak: www.kanalv.com.tr Haber Sitesinden Al\u0131nm\u0131\u015ft\u0131r.\" \/>\n<meta property=\"og:url\" content=\"https:\/\/denizcankizil.tr\/en\/haberler\/antalya\/antalya-konya-kara-yolu-yeniden-acildi\/\" \/>\n<meta property=\"og:site_name\" content=\"Av. Deniz Can K\u0131z\u0131l\" \/>\n<meta property=\"article:published_time\" content=\"2025-02-06T12:41:41+00:00\" \/>\n<meta property=\"og:image\" content=\"https:\/\/denizcankizil.tr\/wp-content\/uploads\/2025\/02\/4511-01-z35Wiu.jpeg\" \/>\n\t<meta property=\"og:image:width\" content=\"1280\" \/>\n\t<meta property=\"og:image:height\" content=\"720\" \/>\n\t<meta property=\"og:image:type\" content=\"image\/jpeg\" \/>\n<meta name=\"author\" content=\"Av. Deniz Can K\u0131z\u0131l\" \/>\n<meta name=\"twitter:card\" content=\"summary_large_image\" \/>\n<meta name=\"twitter:label1\" content=\"Written by\" \/>\n\t<meta name=\"twitter:data1\" content=\"Av. Deniz Can K\u0131z\u0131l\" \/>\n\t<meta name=\"twitter:label2\" content=\"Estimated reading time\" \/>\n\t<meta name=\"twitter:data2\" content=\"1 minute\" \/>\n<script type=\"application\/ld+json\" class=\"yoast-schema-graph\">{\"@context\":\"https:\/\/schema.org\",\"@graph\":[{\"@type\":\"Article\",\"@id\":\"https:\/\/denizcankizil.tr\/en\/haberler\/antalya\/antalya-konya-kara-yolu-yeniden-acildi\/#article\",\"isPartOf\":{\"@id\":\"https:\/\/denizcankizil.tr\/en\/haberler\/antalya\/antalya-konya-kara-yolu-yeniden-acildi\/\"},\"author\":{\"name\":\"Av. Deniz Can K\u0131z\u0131l\",\"@id\":\"https:\/\/denizcankizil.tr\/de\/#\/schema\/person\/5dc1b22991bd7ac833867c10afc9b0ff\"},\"headline\":\"Antalya-Konya kara yolu yeniden a\u00e7\u0131ld\u0131\",\"datePublished\":\"2025-02-06T12:41:41+00:00\",\"mainEntityOfPage\":{\"@id\":\"https:\/\/denizcankizil.tr\/en\/haberler\/antalya\/antalya-konya-kara-yolu-yeniden-acildi\/\"},\"wordCount\":183,\"commentCount\":0,\"publisher\":{\"@id\":\"https:\/\/denizcankizil.tr\/de\/#organization\"},\"image\":{\"@id\":\"https:\/\/denizcankizil.tr\/en\/haberler\/antalya\/antalya-konya-kara-yolu-yeniden-acildi\/#primaryimage\"},\"thumbnailUrl\":\"https:\/\/denizcankizil.tr\/wp-content\/uploads\/2025\/02\/4511-01-z35Wiu.jpeg\",\"articleSection\":[\"Antalya\"],\"inLanguage\":\"en-GB\",\"potentialAction\":[{\"@type\":\"CommentAction\",\"name\":\"Comment\",\"target\":[\"https:\/\/denizcankizil.tr\/en\/haberler\/antalya\/antalya-konya-kara-yolu-yeniden-acildi\/#respond\"]}]},{\"@type\":\"WebPage\",\"@id\":\"https:\/\/denizcankizil.tr\/en\/haberler\/antalya\/antalya-konya-kara-yolu-yeniden-acildi\/\",\"url\":\"https:\/\/denizcankizil.tr\/en\/haberler\/antalya\/antalya-konya-kara-yolu-yeniden-acildi\/\",\"name\":\"Antalya-Konya kara yolu yeniden a\u00e7\u0131ld\u0131 - Av. Deniz Can K\u0131z\u0131l\",\"isPartOf\":{\"@id\":\"https:\/\/denizcankizil.tr\/de\/#website\"},\"primaryImageOfPage\":{\"@id\":\"https:\/\/denizcankizil.tr\/en\/haberler\/antalya\/antalya-konya-kara-yolu-yeniden-acildi\/#primaryimage\"},\"image\":{\"@id\":\"https:\/\/denizcankizil.tr\/en\/haberler\/antalya\/antalya-konya-kara-yolu-yeniden-acildi\/#primaryimage\"},\"thumbnailUrl\":\"https:\/\/denizcankizil.tr\/wp-content\/uploads\/2025\/02\/4511-01-z35Wiu.jpeg\",\"datePublished\":\"2025-02-06T12:41:41+00:00\",\"breadcrumb\":{\"@id\":\"https:\/\/denizcankizil.tr\/en\/haberler\/antalya\/antalya-konya-kara-yolu-yeniden-acildi\/#breadcrumb\"},\"inLanguage\":\"en-GB\",\"potentialAction\":[{\"@type\":\"ReadAction\",\"target\":[\"https:\/\/denizcankizil.tr\/en\/haberler\/antalya\/antalya-konya-kara-yolu-yeniden-acildi\/\"]}]},{\"@type\":\"ImageObject\",\"inLanguage\":\"en-GB\",\"@id\":\"https:\/\/denizcankizil.tr\/en\/haberler\/antalya\/antalya-konya-kara-yolu-yeniden-acildi\/#primaryimage\",\"url\":\"https:\/\/denizcankizil.tr\/wp-content\/uploads\/2025\/02\/4511-01-z35Wiu.jpeg\",\"contentUrl\":\"https:\/\/denizcankizil.tr\/wp-content\/uploads\/2025\/02\/4511-01-z35Wiu.jpeg\",\"width\":1280,\"height\":720},{\"@type\":\"BreadcrumbList\",\"@id\":\"https:\/\/denizcankizil.tr\/en\/haberler\/antalya\/antalya-konya-kara-yolu-yeniden-acildi\/#breadcrumb\",\"itemListElement\":[{\"@type\":\"ListItem\",\"position\":1,\"name\":\"Home\",\"item\":\"https:\/\/denizcankizil.tr\/de\/\"},{\"@type\":\"ListItem\",\"position\":2,\"name\":\"Antalya-Konya kara yolu yeniden a\u00e7\u0131ld\u0131\"}]},{\"@type\":\"WebSite\",\"@id\":\"https:\/\/denizcankizil.tr\/de\/#website\",\"url\":\"https:\/\/denizcankizil.tr\/de\/\",\"name\":\"Av. Deniz Can K\u0131z\u0131l\",\"description\":\"Avukat Deniz Can K\u0131z\u0131l Antalya Barosu\",\"publisher\":{\"@id\":\"https:\/\/denizcankizil.tr\/de\/#organization\"},\"potentialAction\":[{\"@type\":\"SearchAction\",\"target\":{\"@type\":\"EntryPoint\",\"urlTemplate\":\"https:\/\/denizcankizil.tr\/de\/?s={search_term_string}\"},\"query-input\":{\"@type\":\"PropertyValueSpecification\",\"valueRequired\":true,\"valueName\":\"search_term_string\"}}],\"inLanguage\":\"en-GB\"},{\"@type\":\"Organization\",\"@id\":\"https:\/\/denizcankizil.tr\/de\/#organization\",\"name\":\"Av. Deniz Can K\u0131z\u0131l\",\"url\":\"https:\/\/denizcankizil.tr\/de\/\",\"logo\":{\"@type\":\"ImageObject\",\"inLanguage\":\"en-GB\",\"@id\":\"https:\/\/denizcankizil.tr\/de\/#\/schema\/logo\/image\/\",\"url\":\"https:\/\/denizcankizil.tr\/wp-content\/uploads\/2024\/10\/siyah-logo-svg.svg\",\"contentUrl\":\"https:\/\/denizcankizil.tr\/wp-content\/uploads\/2024\/10\/siyah-logo-svg.svg\",\"width\":1080,\"height\":1080,\"caption\":\"Av. Deniz Can K\u0131z\u0131l\"},\"image\":{\"@id\":\"https:\/\/denizcankizil.tr\/de\/#\/schema\/logo\/image\/\"}},{\"@type\":\"Person\",\"@id\":\"https:\/\/denizcankizil.tr\/de\/#\/schema\/person\/5dc1b22991bd7ac833867c10afc9b0ff\",\"name\":\"Av. Deniz Can K\u0131z\u0131l\",\"image\":{\"@type\":\"ImageObject\",\"inLanguage\":\"en-GB\",\"@id\":\"https:\/\/denizcankizil.tr\/de\/#\/schema\/person\/image\/\",\"url\":\"https:\/\/secure.gravatar.com\/avatar\/a0b128fb9855c79efc976d5640eedb31dc35ec297594d6016d2cf7c60e975bb6?s=96&d=mm&r=g\",\"contentUrl\":\"https:\/\/secure.gravatar.com\/avatar\/a0b128fb9855c79efc976d5640eedb31dc35ec297594d6016d2cf7c60e975bb6?s=96&d=mm&r=g\",\"caption\":\"Av. Deniz Can K\u0131z\u0131l\"},\"sameAs\":[\"http:\/\/www.denizcankizil.tr\"],\"url\":\"https:\/\/denizcankizil.tr\/en\/author\/denizcankizil\/\"}]}<\/script>\n<!-- \/ Yoast SEO Premium plugin. -->","yoast_head_json":{"title":"Antalya-Konya kara yolu yeniden a\u00e7\u0131ld\u0131 - Av. Deniz Can K\u0131z\u0131l","robots":{"index":"index","follow":"follow","max-snippet":"max-snippet:-1","max-image-preview":"max-image-preview:large","max-video-preview":"max-video-preview:-1"},"canonical":"https:\/\/denizcankizil.tr\/en\/haberler\/antalya\/antalya-konya-kara-yolu-yeniden-acildi\/","og_locale":"en_GB","og_type":"article","og_title":"Antalya-Konya kara yolu yeniden a\u00e7\u0131ld\u0131","og_description":"Antalya&#8217;n\u0131n y\u00fcksek kesimlerinde tipi etkili oldu Sal\u0131 g\u00fcn\u00fcnden itibaren b\u00f6lgede etkili olan kar ya\u011f\u0131\u015f\u0131 d\u00fcn ak\u015fam saatlerinde tipi ve f\u0131rt\u0131na etkili oldu. 1825 rak\u0131ml\u0131 Alacabel mevkiinde hava s\u0131cakl\u0131\u011f\u0131n\u0131n eksi 10 dereceye kadar d\u00fc\u015fmesi ile birlikte kar ya\u011f\u0131\u015f\u0131 yerini tipi ve f\u0131rt\u0131naya \u00e7evirdi. Ya\u011fan kar ve etkili tipi nedeniyle g\u00f6r\u00fc\u015f mesafesi s\u0131f\u0131ra d\u00fc\u015fm\u00fc\u015f, yolda buzlanma meydana geldi. Karayolu d\u00fcn ak\u015fam saat 22.00 s\u0131ralar\u0131nda Akseki ve Seydi\u015fehir il\u00e7elerinden t\u0131r ve \u00e7ekicilere kapat\u0131lm\u0131\u015ft\u0131. Karayollar\u0131 Alacabel ekipleri trafi\u011fin aksamamas\u0131 i\u00e7in \u00e7ok say\u0131da i\u015f makinesi ile yol a\u00e7ma ve tuzlama \u00e7al\u0131\u015fmalar\u0131 s\u00fcrd\u00fcrd\u00fc. Akseki B\u00f6lge Trafik ekipleri ise a\u011f\u0131r tonajl\u0131 ara\u00e7 s\u00fcr\u00fcc\u00fclerini dinlenme tesislerine y\u00f6nlendirdi. Alacabel&#8217;de \u00f6\u011fle saatlerinde saatlerinde tipinin etkisini yitirmesiyle birlikte ekiplerin yo\u011fun \u00e7al\u0131\u015fmas\u0131 sonucu Akseki-Seydi\u015fehir karayolu tamamen t\u00fcm ara\u00e7 trafi\u011fine a\u00e7\u0131ld\u0131. Kaynak: www.kanalv.com.tr Haber Sitesinden Al\u0131nm\u0131\u015ft\u0131r.","og_url":"https:\/\/denizcankizil.tr\/en\/haberler\/antalya\/antalya-konya-kara-yolu-yeniden-acildi\/","og_site_name":"Av. Deniz Can K\u0131z\u0131l","article_published_time":"2025-02-06T12:41:41+00:00","og_image":[{"width":1280,"height":720,"url":"https:\/\/denizcankizil.tr\/wp-content\/uploads\/2025\/02\/4511-01-z35Wiu.jpeg","type":"image\/jpeg"}],"author":"Av. Deniz Can K\u0131z\u0131l","twitter_card":"summary_large_image","twitter_misc":{"Written by":"Av. Deniz Can K\u0131z\u0131l","Estimated reading time":"1 minute"},"schema":{"@context":"https:\/\/schema.org","@graph":[{"@type":"Article","@id":"https:\/\/denizcankizil.tr\/en\/haberler\/antalya\/antalya-konya-kara-yolu-yeniden-acildi\/#article","isPartOf":{"@id":"https:\/\/denizcankizil.tr\/en\/haberler\/antalya\/antalya-konya-kara-yolu-yeniden-acildi\/"},"author":{"name":"Av. Deniz Can K\u0131z\u0131l","@id":"https:\/\/denizcankizil.tr\/de\/#\/schema\/person\/5dc1b22991bd7ac833867c10afc9b0ff"},"headline":"Antalya-Konya kara yolu yeniden a\u00e7\u0131ld\u0131","datePublished":"2025-02-06T12:41:41+00:00","mainEntityOfPage":{"@id":"https:\/\/denizcankizil.tr\/en\/haberler\/antalya\/antalya-konya-kara-yolu-yeniden-acildi\/"},"wordCount":183,"commentCount":0,"publisher":{"@id":"https:\/\/denizcankizil.tr\/de\/#organization"},"image":{"@id":"https:\/\/denizcankizil.tr\/en\/haberler\/antalya\/antalya-konya-kara-yolu-yeniden-acildi\/#primaryimage"},"thumbnailUrl":"https:\/\/denizcankizil.tr\/wp-content\/uploads\/2025\/02\/4511-01-z35Wiu.jpeg","articleSection":["Antalya"],"inLanguage":"en-GB","potentialAction":[{"@type":"CommentAction","name":"Comment","target":["https:\/\/denizcankizil.tr\/en\/haberler\/antalya\/antalya-konya-kara-yolu-yeniden-acildi\/#respond"]}]},{"@type":"WebPage","@id":"https:\/\/denizcankizil.tr\/en\/haberler\/antalya\/antalya-konya-kara-yolu-yeniden-acildi\/","url":"https:\/\/denizcankizil.tr\/en\/haberler\/antalya\/antalya-konya-kara-yolu-yeniden-acildi\/","name":"Antalya-Konya kara yolu yeniden a\u00e7\u0131ld\u0131 - Av. Deniz Can K\u0131z\u0131l","isPartOf":{"@id":"https:\/\/denizcankizil.tr\/de\/#website"},"primaryImageOfPage":{"@id":"https:\/\/denizcankizil.tr\/en\/haberler\/antalya\/antalya-konya-kara-yolu-yeniden-acildi\/#primaryimage"},"image":{"@id":"https:\/\/denizcankizil.tr\/en\/haberler\/antalya\/antalya-konya-kara-yolu-yeniden-acildi\/#primaryimage"},"thumbnailUrl":"https:\/\/denizcankizil.tr\/wp-content\/uploads\/2025\/02\/4511-01-z35Wiu.jpeg","datePublished":"2025-02-06T12:41:41+00:00","breadcrumb":{"@id":"https:\/\/denizcankizil.tr\/en\/haberler\/antalya\/antalya-konya-kara-yolu-yeniden-acildi\/#breadcrumb"},"inLanguage":"en-GB","potentialAction":[{"@type":"ReadAction","target":["https:\/\/denizcankizil.tr\/en\/haberler\/antalya\/antalya-konya-kara-yolu-yeniden-acildi\/"]}]},{"@type":"ImageObject","inLanguage":"en-GB","@id":"https:\/\/denizcankizil.tr\/en\/haberler\/antalya\/antalya-konya-kara-yolu-yeniden-acildi\/#primaryimage","url":"https:\/\/denizcankizil.tr\/wp-content\/uploads\/2025\/02\/4511-01-z35Wiu.jpeg","contentUrl":"https:\/\/denizcankizil.tr\/wp-content\/uploads\/2025\/02\/4511-01-z35Wiu.jpeg","width":1280,"height":720},{"@type":"BreadcrumbList","@id":"https:\/\/denizcankizil.tr\/en\/haberler\/antalya\/antalya-konya-kara-yolu-yeniden-acildi\/#breadcrumb","itemListElement":[{"@type":"ListItem","position":1,"name":"Home","item":"https:\/\/denizcankizil.tr\/de\/"},{"@type":"ListItem","position":2,"name":"Antalya-Konya kara yolu yeniden a\u00e7\u0131ld\u0131"}]},{"@type":"WebSite","@id":"https:\/\/denizcankizil.tr\/de\/#website","url":"https:\/\/denizcankizil.tr\/de\/","name":"Av. Deniz Can K\u0131z\u0131l","description":"Avukat Deniz Can K\u0131z\u0131l Antalya Barosu","publisher":{"@id":"https:\/\/denizcankizil.tr\/de\/#organization"},"potentialAction":[{"@type":"SearchAction","target":{"@type":"EntryPoint","urlTemplate":"https:\/\/denizcankizil.tr\/de\/?s={search_term_string}"},"query-input":{"@type":"PropertyValueSpecification","valueRequired":true,"valueName":"search_term_string"}}],"inLanguage":"en-GB"},{"@type":"Organization","@id":"https:\/\/denizcankizil.tr\/de\/#organization","name":"Av. Deniz Can K\u0131z\u0131l","url":"https:\/\/denizcankizil.tr\/de\/","logo":{"@type":"ImageObject","inLanguage":"en-GB","@id":"https:\/\/denizcankizil.tr\/de\/#\/schema\/logo\/image\/","url":"https:\/\/denizcankizil.tr\/wp-content\/uploads\/2024\/10\/siyah-logo-svg.svg","contentUrl":"https:\/\/denizcankizil.tr\/wp-content\/uploads\/2024\/10\/siyah-logo-svg.svg","width":1080,"height":1080,"caption":"Av. Deniz Can K\u0131z\u0131l"},"image":{"@id":"https:\/\/denizcankizil.tr\/de\/#\/schema\/logo\/image\/"}},{"@type":"Person","@id":"https:\/\/denizcankizil.tr\/de\/#\/schema\/person\/5dc1b22991bd7ac833867c10afc9b0ff","name":"Av. Deniz Can K\u0131z\u0131l","image":{"@type":"ImageObject","inLanguage":"en-GB","@id":"https:\/\/denizcankizil.tr\/de\/#\/schema\/person\/image\/","url":"https:\/\/secure.gravatar.com\/avatar\/a0b128fb9855c79efc976d5640eedb31dc35ec297594d6016d2cf7c60e975bb6?s=96&d=mm&r=g","contentUrl":"https:\/\/secure.gravatar.com\/avatar\/a0b128fb9855c79efc976d5640eedb31dc35ec297594d6016d2cf7c60e975bb6?s=96&d=mm&r=g","caption":"Av. Deniz Can K\u0131z\u0131l"},"sameAs":["http:\/\/www.denizcankizil.tr"],"url":"https:\/\/denizcankizil.tr\/en\/author\/denizcankizil\/"}]}},"_links":{"self":[{"href":"https:\/\/denizcankizil.tr\/en\/wp-json\/wp\/v2\/posts\/30721","targetHints":{"allow":["GET"]}}],"collection":[{"href":"https:\/\/denizcankizil.tr\/en\/wp-json\/wp\/v2\/posts"}],"about":[{"href":"https:\/\/denizcankizil.tr\/en\/wp-json\/wp\/v2\/types\/post"}],"author":[{"embeddable":true,"href":"https:\/\/denizcankizil.tr\/en\/wp-json\/wp\/v2\/users\/4"}],"replies":[{"embeddable":true,"href":"https:\/\/denizcankizil.tr\/en\/wp-json\/wp\/v2\/comments?post=30721"}],"version-history":[{"count":0,"href":"https:\/\/denizcankizil.tr\/en\/wp-json\/wp\/v2\/posts\/30721\/revisions"}],"wp:featuredmedia":[{"embeddable":true,"href":"https:\/\/denizcankizil.tr\/en\/wp-json\/wp\/v2\/media\/30722"}],"wp:attachment":[{"href":"https:\/\/denizcankizil.tr\/en\/wp-json\/wp\/v2\/media?parent=30721"}],"wp:term":[{"taxonomy":"category","embeddable":true,"href":"https:\/\/denizcankizil.tr\/en\/wp-json\/wp\/v2\/categories?post=30721"},{"taxonomy":"post_tag","embeddable":true,"href":"https:\/\/denizcankizil.tr\/en\/wp-json\/wp\/v2\/tags?post=30721"}],"curies":[{"name":"wp","href":"https:\/\/api.w.org\/{rel}","templated":true}]}}