{"id":30706,"date":"2025-02-06T14:42:30","date_gmt":"2025-02-06T11:42:30","guid":{"rendered":"https:\/\/denizcankizil.tr\/uncategorized-tr\/erzinde-6-subat-depremi-anma-toreni-yapildi\/"},"modified":"2025-02-06T14:42:30","modified_gmt":"2025-02-06T11:42:30","slug":"erzinde-6-subat-depremi-anma-toreni-yapildi","status":"publish","type":"post","link":"https:\/\/denizcankizil.tr\/en\/haberler\/gundem\/erzinde-6-subat-depremi-anma-toreni-yapildi\/","title":{"rendered":"Erzin\u2019de 6 \u015eubat Depremi Anma T\u00f6reni yap\u0131ld\u0131"},"content":{"rendered":"<p>Adil Co\u015fkuner\/Erzin<\/p>\n<p>Cumhuriyet Meydan\u0131\u2019nda ger\u00e7ekle\u015fen t\u00f6rene Erzin Kaymakam\u0131 Onur \u00d6zayd\u0131n, Belediye Ba\u015fkan\u0131 \u00d6kke\u015f Elmaso\u011flu, \u0130l\u00e7e Jandarma Komutan\u0131 \u00dcste\u011fmen Harun Baykal, \u0130l\u00e7e Emniyet M\u00fcd\u00fcr\u00fc \u0130sa Alt\u0131nda\u015f, \u0130l\u00e7e Milli E\u011fitim M\u00fcd\u00fcr\u00fc Erhan Kenao\u011flu, siyasi parti il\u00e7e ba\u015fkanlar\u0131 ve vatanda\u015flar kat\u0131ld\u0131.<\/p>\n<p>T\u00f6ren, depremin ya\u015fand\u0131\u011f\u0131 saat olan 04.17\u2019de sayg\u0131 duru\u015fu ve \u0130stiklal Mar\u015f\u0131\u2019n\u0131n okunmas\u0131yla ba\u015flad\u0131. G\u00fcn\u00fcn anlam ve \u00f6nemine dair konu\u015fmalar\u0131 Belediye Ba\u015fkan\u0131 \u00d6kke\u015f Elmaso\u011flu ve Kaymakam Onur \u00d6zayd\u0131n yapt\u0131. Ard\u0131ndan Kur\u2019an-\u0131 Kerim okunarak dualar edildi. Anma program\u0131 kapsam\u0131nda vatanda\u015flara ikramda bulunuldu.<\/p>\n<p>\u200b6 \u015eubat 2023 depremlerinin ikinci y\u0131l d\u00f6n\u00fcm\u00fc dolay\u0131s\u0131yla Hatay\u2019\u0131n Erzin il\u00e7esinde felaketin meydana geldi\u011fi saatlerde anma program\u0131 ger\u00e7ekle\u015ftirildi.\u00a0<\/p>\n<p>\u200bHaberin Al\u0131nt\u0131land\u0131\u011f\u0131 Kaynak: www.iskenderun.org<\/p>","protected":false},"excerpt":{"rendered":"<p>Adil Co\u015fkuner\/Erzin Cumhuriyet Meydan\u0131\u2019nda ger\u00e7ekle\u015fen t\u00f6rene Erzin Kaymakam\u0131 Onur \u00d6zayd\u0131n, Belediye Ba\u015fkan\u0131 \u00d6kke\u015f Elmaso\u011flu, \u0130l\u00e7e Jandarma Komutan\u0131 \u00dcste\u011fmen Harun Baykal, \u0130l\u00e7e Emniyet M\u00fcd\u00fcr\u00fc \u0130sa Alt\u0131nda\u015f, \u0130l\u00e7e Milli E\u011fitim M\u00fcd\u00fcr\u00fc Erhan Kenao\u011flu, siyasi parti il\u00e7e ba\u015fkanlar\u0131 ve vatanda\u015flar kat\u0131ld\u0131. T\u00f6ren, depremin ya\u015fand\u0131\u011f\u0131 saat olan 04.17\u2019de sayg\u0131 duru\u015fu ve \u0130stiklal Mar\u015f\u0131\u2019n\u0131n okunmas\u0131yla ba\u015flad\u0131. G\u00fcn\u00fcn anlam ve \u00f6nemine dair konu\u015fmalar\u0131 Belediye Ba\u015fkan\u0131 \u00d6kke\u015f Elmaso\u011flu ve Kaymakam Onur \u00d6zayd\u0131n yapt\u0131. Ard\u0131ndan Kur\u2019an-\u0131 Kerim okunarak dualar edildi. Anma program\u0131 kapsam\u0131nda vatanda\u015flara ikramda bulunuldu. \u200b6 \u015eubat 2023 depremlerinin ikinci y\u0131l d\u00f6n\u00fcm\u00fc dolay\u0131s\u0131yla Hatay\u2019\u0131n Erzin il\u00e7esinde felaketin meydana geldi\u011fi saatlerde anma program\u0131 ger\u00e7ekle\u015ftirildi.\u00a0 \u200bHaberin Al\u0131nt\u0131land\u0131\u011f\u0131 Kaynak: www.iskenderun.org<\/p>","protected":false},"author":1,"featured_media":0,"comment_status":"open","ping_status":"open","sticky":false,"template":"","format":"standard","meta":{"_acf_changed":false,"footnotes":""},"categories":[24],"tags":[],"class_list":["post-30706","post","type-post","status-publish","format-standard","has-post-thumbnail","hentry","category-gundem"],"acf":[],"yoast_head":"<!-- This site is optimized with the Yoast SEO Premium plugin v26.6 (Yoast SEO v27.1.1) - https:\/\/yoast.com\/product\/yoast-seo-premium-wordpress\/ -->\n<title>Erzin\u2019de 6 \u015eubat Depremi Anma T\u00f6reni yap\u0131ld\u0131 - Av. Deniz Can K\u0131z\u0131l<\/title>\n<meta name=\"robots\" content=\"index, follow, max-snippet:-1, max-image-preview:large, max-video-preview:-1\" \/>\n<link rel=\"canonical\" href=\"http:\/\/denizcankizil.tr\/en\/haberler\/gundem\/erzinde-6-subat-depremi-anma-toreni-yapildi\/\" \/>\n<meta property=\"og:locale\" content=\"en_GB\" \/>\n<meta property=\"og:type\" content=\"article\" \/>\n<meta property=\"og:title\" content=\"Erzin\u2019de 6 \u015eubat Depremi Anma T\u00f6reni yap\u0131ld\u0131\" \/>\n<meta property=\"og:description\" content=\"Adil Co\u015fkuner\/Erzin Cumhuriyet Meydan\u0131\u2019nda ger\u00e7ekle\u015fen t\u00f6rene Erzin Kaymakam\u0131 Onur \u00d6zayd\u0131n, Belediye Ba\u015fkan\u0131 \u00d6kke\u015f Elmaso\u011flu, \u0130l\u00e7e Jandarma Komutan\u0131 \u00dcste\u011fmen Harun Baykal, \u0130l\u00e7e Emniyet M\u00fcd\u00fcr\u00fc \u0130sa Alt\u0131nda\u015f, \u0130l\u00e7e Milli E\u011fitim M\u00fcd\u00fcr\u00fc Erhan Kenao\u011flu, siyasi parti il\u00e7e ba\u015fkanlar\u0131 ve vatanda\u015flar kat\u0131ld\u0131. T\u00f6ren, depremin ya\u015fand\u0131\u011f\u0131 saat olan 04.17\u2019de sayg\u0131 duru\u015fu ve \u0130stiklal Mar\u015f\u0131\u2019n\u0131n okunmas\u0131yla ba\u015flad\u0131. G\u00fcn\u00fcn anlam ve \u00f6nemine dair konu\u015fmalar\u0131 Belediye Ba\u015fkan\u0131 \u00d6kke\u015f Elmaso\u011flu ve Kaymakam Onur \u00d6zayd\u0131n yapt\u0131. Ard\u0131ndan Kur\u2019an-\u0131 Kerim okunarak dualar edildi. Anma program\u0131 kapsam\u0131nda vatanda\u015flara ikramda bulunuldu. \u200b6 \u015eubat 2023 depremlerinin ikinci y\u0131l d\u00f6n\u00fcm\u00fc dolay\u0131s\u0131yla Hatay\u2019\u0131n Erzin il\u00e7esinde felaketin meydana geldi\u011fi saatlerde anma program\u0131 ger\u00e7ekle\u015ftirildi.\u00a0 \u200bHaberin Al\u0131nt\u0131land\u0131\u011f\u0131 Kaynak: www.iskenderun.org\" \/>\n<meta property=\"og:url\" content=\"http:\/\/denizcankizil.tr\/en\/haberler\/gundem\/erzinde-6-subat-depremi-anma-toreni-yapildi\/\" \/>\n<meta property=\"og:site_name\" content=\"Av. Deniz Can K\u0131z\u0131l\" \/>\n<meta property=\"article:published_time\" content=\"2025-02-06T11:42:30+00:00\" \/>\n<meta name=\"author\" content=\"admin\" \/>\n<meta name=\"twitter:card\" content=\"summary_large_image\" \/>\n<meta name=\"twitter:label1\" content=\"Written by\" \/>\n\t<meta name=\"twitter:data1\" content=\"admin\" \/>\n\t<meta name=\"twitter:label2\" content=\"Estimated reading time\" \/>\n\t<meta name=\"twitter:data2\" content=\"1 minute\" \/>\n<script type=\"application\/ld+json\" class=\"yoast-schema-graph\">{\"@context\":\"https:\/\/schema.org\",\"@graph\":[{\"@type\":\"Article\",\"@id\":\"http:\/\/denizcankizil.tr\/de\/haberler\/gundem\/erzinde-6-subat-depremi-anma-toreni-yapildi\/#article\",\"isPartOf\":{\"@id\":\"http:\/\/denizcankizil.tr\/de\/haberler\/gundem\/erzinde-6-subat-depremi-anma-toreni-yapildi\/\"},\"author\":{\"name\":\"admin\",\"@id\":\"https:\/\/denizcankizil.tr\/de\/#\/schema\/person\/be3c05fe6a12686905512445d8185489\"},\"headline\":\"Erzin\u2019de 6 \u015eubat Depremi Anma T\u00f6reni yap\u0131ld\u0131\",\"datePublished\":\"2025-02-06T11:42:30+00:00\",\"mainEntityOfPage\":{\"@id\":\"http:\/\/denizcankizil.tr\/de\/haberler\/gundem\/erzinde-6-subat-depremi-anma-toreni-yapildi\/\"},\"wordCount\":162,\"commentCount\":0,\"publisher\":{\"@id\":\"https:\/\/denizcankizil.tr\/de\/#organization\"},\"articleSection\":[\"G\u00fcndem\"],\"inLanguage\":\"en-GB\",\"potentialAction\":[{\"@type\":\"CommentAction\",\"name\":\"Comment\",\"target\":[\"http:\/\/denizcankizil.tr\/de\/haberler\/gundem\/erzinde-6-subat-depremi-anma-toreni-yapildi\/#respond\"]}]},{\"@type\":\"WebPage\",\"@id\":\"http:\/\/denizcankizil.tr\/de\/haberler\/gundem\/erzinde-6-subat-depremi-anma-toreni-yapildi\/\",\"url\":\"http:\/\/denizcankizil.tr\/de\/haberler\/gundem\/erzinde-6-subat-depremi-anma-toreni-yapildi\/\",\"name\":\"Erzin\u2019de 6 \u015eubat Depremi Anma T\u00f6reni yap\u0131ld\u0131 - Av. Deniz Can K\u0131z\u0131l\",\"isPartOf\":{\"@id\":\"https:\/\/denizcankizil.tr\/de\/#website\"},\"datePublished\":\"2025-02-06T11:42:30+00:00\",\"breadcrumb\":{\"@id\":\"http:\/\/denizcankizil.tr\/de\/haberler\/gundem\/erzinde-6-subat-depremi-anma-toreni-yapildi\/#breadcrumb\"},\"inLanguage\":\"en-GB\",\"potentialAction\":[{\"@type\":\"ReadAction\",\"target\":[\"http:\/\/denizcankizil.tr\/de\/haberler\/gundem\/erzinde-6-subat-depremi-anma-toreni-yapildi\/\"]}]},{\"@type\":\"BreadcrumbList\",\"@id\":\"http:\/\/denizcankizil.tr\/de\/haberler\/gundem\/erzinde-6-subat-depremi-anma-toreni-yapildi\/#breadcrumb\",\"itemListElement\":[{\"@type\":\"ListItem\",\"position\":1,\"name\":\"Home\",\"item\":\"https:\/\/denizcankizil.tr\/de\/\"},{\"@type\":\"ListItem\",\"position\":2,\"name\":\"Erzin\u2019de 6 \u015eubat Depremi Anma T\u00f6reni yap\u0131ld\u0131\"}]},{\"@type\":\"WebSite\",\"@id\":\"https:\/\/denizcankizil.tr\/de\/#website\",\"url\":\"https:\/\/denizcankizil.tr\/de\/\",\"name\":\"Av. Deniz Can K\u0131z\u0131l\",\"description\":\"Avukat Deniz Can K\u0131z\u0131l Antalya Barosu\",\"publisher\":{\"@id\":\"https:\/\/denizcankizil.tr\/de\/#organization\"},\"potentialAction\":[{\"@type\":\"SearchAction\",\"target\":{\"@type\":\"EntryPoint\",\"urlTemplate\":\"https:\/\/denizcankizil.tr\/de\/?s={search_term_string}\"},\"query-input\":{\"@type\":\"PropertyValueSpecification\",\"valueRequired\":true,\"valueName\":\"search_term_string\"}}],\"inLanguage\":\"en-GB\"},{\"@type\":\"Organization\",\"@id\":\"https:\/\/denizcankizil.tr\/de\/#organization\",\"name\":\"Av. Deniz Can K\u0131z\u0131l\",\"url\":\"https:\/\/denizcankizil.tr\/de\/\",\"logo\":{\"@type\":\"ImageObject\",\"inLanguage\":\"en-GB\",\"@id\":\"https:\/\/denizcankizil.tr\/de\/#\/schema\/logo\/image\/\",\"url\":\"https:\/\/denizcankizil.tr\/wp-content\/uploads\/2024\/10\/siyah-logo-svg.svg\",\"contentUrl\":\"https:\/\/denizcankizil.tr\/wp-content\/uploads\/2024\/10\/siyah-logo-svg.svg\",\"width\":1080,\"height\":1080,\"caption\":\"Av. Deniz Can K\u0131z\u0131l\"},\"image\":{\"@id\":\"https:\/\/denizcankizil.tr\/de\/#\/schema\/logo\/image\/\"}},{\"@type\":\"Person\",\"@id\":\"https:\/\/denizcankizil.tr\/de\/#\/schema\/person\/be3c05fe6a12686905512445d8185489\",\"name\":\"admin\",\"image\":{\"@type\":\"ImageObject\",\"inLanguage\":\"en-GB\",\"@id\":\"https:\/\/denizcankizil.tr\/de\/#\/schema\/person\/image\/\",\"url\":\"https:\/\/secure.gravatar.com\/avatar\/c1fce94c830dc79107e174f890d7210541c4a63e8e5d816341794a2151c9d58c?s=96&d=mm&r=g\",\"contentUrl\":\"https:\/\/secure.gravatar.com\/avatar\/c1fce94c830dc79107e174f890d7210541c4a63e8e5d816341794a2151c9d58c?s=96&d=mm&r=g\",\"caption\":\"admin\"},\"sameAs\":[\"http:\/\/denizcankizil.tr\"],\"url\":\"https:\/\/www.iskenderun.org\/erzinde-6-subat-depremi-anma-toreni-yapildi\"}]}<\/script>\n<!-- \/ Yoast SEO Premium plugin. -->","yoast_head_json":{"title":"Erzin\u2019de 6 \u015eubat Depremi Anma T\u00f6reni yap\u0131ld\u0131 - Av. Deniz Can K\u0131z\u0131l","robots":{"index":"index","follow":"follow","max-snippet":"max-snippet:-1","max-image-preview":"max-image-preview:large","max-video-preview":"max-video-preview:-1"},"canonical":"http:\/\/denizcankizil.tr\/en\/haberler\/gundem\/erzinde-6-subat-depremi-anma-toreni-yapildi\/","og_locale":"en_GB","og_type":"article","og_title":"Erzin\u2019de 6 \u015eubat Depremi Anma T\u00f6reni yap\u0131ld\u0131","og_description":"Adil Co\u015fkuner\/Erzin Cumhuriyet Meydan\u0131\u2019nda ger\u00e7ekle\u015fen t\u00f6rene Erzin Kaymakam\u0131 Onur \u00d6zayd\u0131n, Belediye Ba\u015fkan\u0131 \u00d6kke\u015f Elmaso\u011flu, \u0130l\u00e7e Jandarma Komutan\u0131 \u00dcste\u011fmen Harun Baykal, \u0130l\u00e7e Emniyet M\u00fcd\u00fcr\u00fc \u0130sa Alt\u0131nda\u015f, \u0130l\u00e7e Milli E\u011fitim M\u00fcd\u00fcr\u00fc Erhan Kenao\u011flu, siyasi parti il\u00e7e ba\u015fkanlar\u0131 ve vatanda\u015flar kat\u0131ld\u0131. T\u00f6ren, depremin ya\u015fand\u0131\u011f\u0131 saat olan 04.17\u2019de sayg\u0131 duru\u015fu ve \u0130stiklal Mar\u015f\u0131\u2019n\u0131n okunmas\u0131yla ba\u015flad\u0131. G\u00fcn\u00fcn anlam ve \u00f6nemine dair konu\u015fmalar\u0131 Belediye Ba\u015fkan\u0131 \u00d6kke\u015f Elmaso\u011flu ve Kaymakam Onur \u00d6zayd\u0131n yapt\u0131. Ard\u0131ndan Kur\u2019an-\u0131 Kerim okunarak dualar edildi. Anma program\u0131 kapsam\u0131nda vatanda\u015flara ikramda bulunuldu. \u200b6 \u015eubat 2023 depremlerinin ikinci y\u0131l d\u00f6n\u00fcm\u00fc dolay\u0131s\u0131yla Hatay\u2019\u0131n Erzin il\u00e7esinde felaketin meydana geldi\u011fi saatlerde anma program\u0131 ger\u00e7ekle\u015ftirildi.\u00a0 \u200bHaberin Al\u0131nt\u0131land\u0131\u011f\u0131 Kaynak: www.iskenderun.org","og_url":"http:\/\/denizcankizil.tr\/en\/haberler\/gundem\/erzinde-6-subat-depremi-anma-toreni-yapildi\/","og_site_name":"Av. Deniz Can K\u0131z\u0131l","article_published_time":"2025-02-06T11:42:30+00:00","author":"admin","twitter_card":"summary_large_image","twitter_misc":{"Written by":"admin","Estimated reading time":"1 minute"},"schema":{"@context":"https:\/\/schema.org","@graph":[{"@type":"Article","@id":"http:\/\/denizcankizil.tr\/de\/haberler\/gundem\/erzinde-6-subat-depremi-anma-toreni-yapildi\/#article","isPartOf":{"@id":"http:\/\/denizcankizil.tr\/de\/haberler\/gundem\/erzinde-6-subat-depremi-anma-toreni-yapildi\/"},"author":{"name":"admin","@id":"https:\/\/denizcankizil.tr\/de\/#\/schema\/person\/be3c05fe6a12686905512445d8185489"},"headline":"Erzin\u2019de 6 \u015eubat Depremi Anma T\u00f6reni yap\u0131ld\u0131","datePublished":"2025-02-06T11:42:30+00:00","mainEntityOfPage":{"@id":"http:\/\/denizcankizil.tr\/de\/haberler\/gundem\/erzinde-6-subat-depremi-anma-toreni-yapildi\/"},"wordCount":162,"commentCount":0,"publisher":{"@id":"https:\/\/denizcankizil.tr\/de\/#organization"},"articleSection":["G\u00fcndem"],"inLanguage":"en-GB","potentialAction":[{"@type":"CommentAction","name":"Comment","target":["http:\/\/denizcankizil.tr\/de\/haberler\/gundem\/erzinde-6-subat-depremi-anma-toreni-yapildi\/#respond"]}]},{"@type":"WebPage","@id":"http:\/\/denizcankizil.tr\/de\/haberler\/gundem\/erzinde-6-subat-depremi-anma-toreni-yapildi\/","url":"http:\/\/denizcankizil.tr\/de\/haberler\/gundem\/erzinde-6-subat-depremi-anma-toreni-yapildi\/","name":"Erzin\u2019de 6 \u015eubat Depremi Anma T\u00f6reni yap\u0131ld\u0131 - Av. Deniz Can K\u0131z\u0131l","isPartOf":{"@id":"https:\/\/denizcankizil.tr\/de\/#website"},"datePublished":"2025-02-06T11:42:30+00:00","breadcrumb":{"@id":"http:\/\/denizcankizil.tr\/de\/haberler\/gundem\/erzinde-6-subat-depremi-anma-toreni-yapildi\/#breadcrumb"},"inLanguage":"en-GB","potentialAction":[{"@type":"ReadAction","target":["http:\/\/denizcankizil.tr\/de\/haberler\/gundem\/erzinde-6-subat-depremi-anma-toreni-yapildi\/"]}]},{"@type":"BreadcrumbList","@id":"http:\/\/denizcankizil.tr\/de\/haberler\/gundem\/erzinde-6-subat-depremi-anma-toreni-yapildi\/#breadcrumb","itemListElement":[{"@type":"ListItem","position":1,"name":"Home","item":"https:\/\/denizcankizil.tr\/de\/"},{"@type":"ListItem","position":2,"name":"Erzin\u2019de 6 \u015eubat Depremi Anma T\u00f6reni yap\u0131ld\u0131"}]},{"@type":"WebSite","@id":"https:\/\/denizcankizil.tr\/de\/#website","url":"https:\/\/denizcankizil.tr\/de\/","name":"Av. Deniz Can K\u0131z\u0131l","description":"Avukat Deniz Can K\u0131z\u0131l Antalya Barosu","publisher":{"@id":"https:\/\/denizcankizil.tr\/de\/#organization"},"potentialAction":[{"@type":"SearchAction","target":{"@type":"EntryPoint","urlTemplate":"https:\/\/denizcankizil.tr\/de\/?s={search_term_string}"},"query-input":{"@type":"PropertyValueSpecification","valueRequired":true,"valueName":"search_term_string"}}],"inLanguage":"en-GB"},{"@type":"Organization","@id":"https:\/\/denizcankizil.tr\/de\/#organization","name":"Av. Deniz Can K\u0131z\u0131l","url":"https:\/\/denizcankizil.tr\/de\/","logo":{"@type":"ImageObject","inLanguage":"en-GB","@id":"https:\/\/denizcankizil.tr\/de\/#\/schema\/logo\/image\/","url":"https:\/\/denizcankizil.tr\/wp-content\/uploads\/2024\/10\/siyah-logo-svg.svg","contentUrl":"https:\/\/denizcankizil.tr\/wp-content\/uploads\/2024\/10\/siyah-logo-svg.svg","width":1080,"height":1080,"caption":"Av. Deniz Can K\u0131z\u0131l"},"image":{"@id":"https:\/\/denizcankizil.tr\/de\/#\/schema\/logo\/image\/"}},{"@type":"Person","@id":"https:\/\/denizcankizil.tr\/de\/#\/schema\/person\/be3c05fe6a12686905512445d8185489","name":"admin","image":{"@type":"ImageObject","inLanguage":"en-GB","@id":"https:\/\/denizcankizil.tr\/de\/#\/schema\/person\/image\/","url":"https:\/\/secure.gravatar.com\/avatar\/c1fce94c830dc79107e174f890d7210541c4a63e8e5d816341794a2151c9d58c?s=96&d=mm&r=g","contentUrl":"https:\/\/secure.gravatar.com\/avatar\/c1fce94c830dc79107e174f890d7210541c4a63e8e5d816341794a2151c9d58c?s=96&d=mm&r=g","caption":"admin"},"sameAs":["http:\/\/denizcankizil.tr"],"url":"https:\/\/www.iskenderun.org\/erzinde-6-subat-depremi-anma-toreni-yapildi"}]}},"_links":{"self":[{"href":"https:\/\/denizcankizil.tr\/en\/wp-json\/wp\/v2\/posts\/30706","targetHints":{"allow":["GET"]}}],"collection":[{"href":"https:\/\/denizcankizil.tr\/en\/wp-json\/wp\/v2\/posts"}],"about":[{"href":"https:\/\/denizcankizil.tr\/en\/wp-json\/wp\/v2\/types\/post"}],"author":[{"embeddable":true,"href":"https:\/\/denizcankizil.tr\/en\/wp-json\/wp\/v2\/users\/1"}],"replies":[{"embeddable":true,"href":"https:\/\/denizcankizil.tr\/en\/wp-json\/wp\/v2\/comments?post=30706"}],"version-history":[{"count":0,"href":"https:\/\/denizcankizil.tr\/en\/wp-json\/wp\/v2\/posts\/30706\/revisions"}],"wp:attachment":[{"href":"https:\/\/denizcankizil.tr\/en\/wp-json\/wp\/v2\/media?parent=30706"}],"wp:term":[{"taxonomy":"category","embeddable":true,"href":"https:\/\/denizcankizil.tr\/en\/wp-json\/wp\/v2\/categories?post=30706"},{"taxonomy":"post_tag","embeddable":true,"href":"https:\/\/denizcankizil.tr\/en\/wp-json\/wp\/v2\/tags?post=30706"}],"curies":[{"name":"wp","href":"https:\/\/api.w.org\/{rel}","templated":true}]}}