{"id":30570,"date":"2025-02-06T04:41:34","date_gmt":"2025-02-06T01:41:34","guid":{"rendered":"https:\/\/denizcankizil.tr\/uncategorized-tr\/vali-masatlidan-6-subati-anma-mesaji\/"},"modified":"2025-02-06T04:41:34","modified_gmt":"2025-02-06T01:41:34","slug":"vali-masatlidan-6-subati-anma-mesaji","status":"publish","type":"post","link":"https:\/\/denizcankizil.tr\/en\/haberler\/gundem\/vali-masatlidan-6-subati-anma-mesaji\/","title":{"rendered":"Vali Masatl\u0131\u2019dan 6 \u015eubat\u0131 Anma Mesaj\u0131\u2026"},"content":{"rendered":"<p>Vali Masatl\u0131, bu b\u00fcy\u00fck felaketin on binlerce can kayb\u0131na ve maddi-manevi b\u00fcy\u00fck y\u0131k\u0131mlara neden oldu\u011funu belirterek, \u201cAc\u0131 h\u00e2l\u00e2 taze. Unutmad\u0131k! Aziz Milletimizin birlik ve beraberlik ruhu bu felaketin ard\u0131ndan en g\u00fc\u00e7l\u00fc \u015fekilde sergilendi. Depremin ilk anlar\u0131ndan itibaren g\u00f6sterilen dayan\u0131\u015fman\u0131n, T\u00fcrk milletinin zor zamanlarda birbirine nas\u0131l kenetlendi\u011finin bir kan\u0131t\u0131\u201d dedi.<\/p>\n<p>YEN\u0130DEN \u0130N\u015eA S\u00dcREC\u0130 VE <\/p>\n<p>DEVLET\u0130N DESTEKLER\u0130<\/p>\n<p>Hatay\u2019\u0131n yeniden in\u015fas\u0131 i\u00e7in uzun soluklu bir s\u00fcrecin y\u00fcr\u00fct\u00fcld\u00fc\u011f\u00fcne dikkat \u00e7eken Vali Masatl\u0131, &#8220;Bu s\u00fcre\u00e7te en b\u00fcy\u00fck g\u00fcc\u00fcm\u00fcz, birlik ve beraberli\u011fimizdir&#8221; dedi.<\/p>\n<p>Cumhurba\u015fkan\u0131 Recep Tayyip Erdo\u011fan\u2019\u0131n liderli\u011finde, G\u00fc\u00e7l\u00fc Devlet anlay\u0131\u015f\u0131yla b\u00f6lgede D\u00fcnyan\u0131n En B\u00fcy\u00fck \u0130yile\u015ftirme Operasyonunun y\u00fcr\u00fct\u00fcld\u00fc\u011f\u00fcn\u00fc hat\u0131rlatan vali Masatl\u0131 deprem sonras\u0131 ba\u015flat\u0131lan \u00e7al\u0131\u015fmalar kapsam\u0131nda; Ge\u00e7ici bar\u0131nmadan kal\u0131c\u0131 konutlara, Altyap\u0131dan e\u011fitime, Sa\u011fl\u0131ktan sanayiye, K\u00fclt\u00fcrel ve sosyal projelerden \u00e7evre d\u00fczenlemelerine kadar geni\u015f bir yelpazede ad\u0131mlar at\u0131ld\u0131\u011f\u0131na vurgu yapt\u0131.<\/p>\n<p>Masatl\u0131, iki y\u0131l gibi k\u0131sa bir s\u00fcrede b\u00fcy\u00fck ilerlemeler kaydedildi\u011fini belirterek, &#8220;\u0130nsan\u0131 ya\u015fat ki devlet ya\u015fas\u0131n&#8221; anlay\u0131\u015f\u0131yla \u015fehirde hayat\u0131n sa\u011fl\u0131kl\u0131 bir \u015fekilde s\u00fcrd\u00fcr\u00fclebilmesi i\u00e7in \u00e7al\u0131\u015fmalar\u0131n h\u0131z kesmeden devam etti\u011fini ifade etti.<\/p>\n<p>GELECE\u011eE DAHA G\u00dc\u00c7L\u00dc <\/p>\n<p>B\u0130R HATAY BIRAKACA\u011eIZ<\/p>\n<p>Deprem b\u00f6lgesinde yap\u0131lan \u00e7al\u0131\u015fmalardan ders \u00e7\u0131karman\u0131n \u00f6nemine de\u011finen Vali Masatl\u0131, &#8220;Gelece\u011fimizi daha sa\u011flam temeller \u00fczerine in\u015fa etmek zorunday\u0131z, Hatay eskisinden daha g\u00fc\u00e7l\u00fc bir \u015fehir olarak aya\u011fa kalkacak. Tarihin her d\u00f6neminde b\u00fcy\u00fck ac\u0131lar ya\u015famas\u0131na ra\u011fmen k\u00fcllerinden yeniden do\u011fmay\u0131 ba\u015farm\u0131\u015f bir \u015fehrin emanet\u00e7ileriyiz. Devlet-millet i\u015f birli\u011fiyle Hatay tekrar huzurun, ho\u015fg\u00f6r\u00fcn\u00fcn ve karde\u015fli\u011fin merkezi h\u00e2line getirilecek\u201d diye konu\u015ftu. <\/p>\n<p>Mesaj\u0131nda 6 \u015eubat Depremi&#8217;nde hayat\u0131n\u0131 kaybedenleri rahmetle anan Vali Masatl\u0131, vefat edenlerin yak\u0131nlar\u0131na ve milletimize ba\u015fsa\u011fl\u0131\u011f\u0131 diledi, yaral\u0131lara acil \u015fifalar temennisinde bulunarak, &#8220;Rabbim, bizleri b\u00f6ylesine b\u00fcy\u00fck ac\u0131larla bir daha s\u0131namas\u0131n&#8221; dedi.<\/p>\n<p>\u200bHatay Valisi Mustafa Masatl\u0131, 6 \u015eubat 2023\u2019te meydana gelen ve 11 ili etkileyen b\u00fcy\u00fck depremin ikinci y\u0131l d\u00f6n\u00fcm\u00fc dolay\u0131s\u0131yla bir anma mesaj\u0131 yay\u0131mlad\u0131.\u00a0<\/p>\n<p>\u200bHaberin Al\u0131nt\u0131land\u0131\u011f\u0131 Kaynak: www.iskenderun.org<\/p>","protected":false},"excerpt":{"rendered":"<p>Vali Masatl\u0131, bu b\u00fcy\u00fck felaketin on binlerce can kayb\u0131na ve maddi-manevi b\u00fcy\u00fck y\u0131k\u0131mlara neden oldu\u011funu belirterek, \u201cAc\u0131 h\u00e2l\u00e2 taze. Unutmad\u0131k! Aziz Milletimizin birlik ve beraberlik ruhu bu felaketin ard\u0131ndan en g\u00fc\u00e7l\u00fc \u015fekilde sergilendi. Depremin ilk anlar\u0131ndan itibaren g\u00f6sterilen dayan\u0131\u015fman\u0131n, T\u00fcrk milletinin zor zamanlarda birbirine nas\u0131l kenetlendi\u011finin bir kan\u0131t\u0131\u201d dedi. YEN\u0130DEN \u0130N\u015eA S\u00dcREC\u0130 VE DEVLET\u0130N DESTEKLER\u0130 Hatay\u2019\u0131n yeniden in\u015fas\u0131 i\u00e7in uzun soluklu bir s\u00fcrecin y\u00fcr\u00fct\u00fcld\u00fc\u011f\u00fcne dikkat \u00e7eken Vali Masatl\u0131, &#8220;Bu s\u00fcre\u00e7te en b\u00fcy\u00fck g\u00fcc\u00fcm\u00fcz, birlik ve beraberli\u011fimizdir&#8221; dedi. Cumhurba\u015fkan\u0131 Recep Tayyip Erdo\u011fan\u2019\u0131n liderli\u011finde, G\u00fc\u00e7l\u00fc Devlet anlay\u0131\u015f\u0131yla b\u00f6lgede D\u00fcnyan\u0131n En B\u00fcy\u00fck \u0130yile\u015ftirme Operasyonunun y\u00fcr\u00fct\u00fcld\u00fc\u011f\u00fcn\u00fc hat\u0131rlatan vali Masatl\u0131 deprem sonras\u0131 ba\u015flat\u0131lan \u00e7al\u0131\u015fmalar kapsam\u0131nda; Ge\u00e7ici bar\u0131nmadan kal\u0131c\u0131 konutlara, Altyap\u0131dan e\u011fitime, Sa\u011fl\u0131ktan sanayiye, K\u00fclt\u00fcrel ve sosyal projelerden \u00e7evre d\u00fczenlemelerine kadar geni\u015f bir yelpazede ad\u0131mlar at\u0131ld\u0131\u011f\u0131na vurgu yapt\u0131. Masatl\u0131, iki y\u0131l gibi k\u0131sa bir s\u00fcrede b\u00fcy\u00fck ilerlemeler kaydedildi\u011fini belirterek, &#8220;\u0130nsan\u0131 ya\u015fat ki devlet ya\u015fas\u0131n&#8221; anlay\u0131\u015f\u0131yla \u015fehirde hayat\u0131n sa\u011fl\u0131kl\u0131 bir \u015fekilde s\u00fcrd\u00fcr\u00fclebilmesi i\u00e7in \u00e7al\u0131\u015fmalar\u0131n h\u0131z kesmeden devam etti\u011fini ifade etti. GELECE\u011eE DAHA G\u00dc\u00c7L\u00dc B\u0130R HATAY BIRAKACA\u011eIZ Deprem b\u00f6lgesinde yap\u0131lan \u00e7al\u0131\u015fmalardan ders \u00e7\u0131karman\u0131n \u00f6nemine de\u011finen Vali Masatl\u0131, &#8220;Gelece\u011fimizi daha sa\u011flam temeller \u00fczerine in\u015fa etmek zorunday\u0131z, Hatay eskisinden daha g\u00fc\u00e7l\u00fc bir \u015fehir olarak aya\u011fa kalkacak. Tarihin her d\u00f6neminde b\u00fcy\u00fck ac\u0131lar ya\u015famas\u0131na ra\u011fmen k\u00fcllerinden yeniden do\u011fmay\u0131 ba\u015farm\u0131\u015f bir \u015fehrin emanet\u00e7ileriyiz. &hellip;<\/p>","protected":false},"author":1,"featured_media":0,"comment_status":"open","ping_status":"open","sticky":false,"template":"","format":"standard","meta":{"_acf_changed":false,"footnotes":""},"categories":[24],"tags":[],"class_list":["post-30570","post","type-post","status-publish","format-standard","has-post-thumbnail","hentry","category-gundem"],"acf":[],"yoast_head":"<!-- This site is optimized with the Yoast SEO Premium plugin v26.6 (Yoast SEO v27.1.1) - https:\/\/yoast.com\/product\/yoast-seo-premium-wordpress\/ -->\n<title>Vali Masatl\u0131\u2019dan 6 \u015eubat\u0131 Anma Mesaj\u0131\u2026 - Av. Deniz Can K\u0131z\u0131l<\/title>\n<meta name=\"robots\" content=\"index, follow, max-snippet:-1, max-image-preview:large, max-video-preview:-1\" \/>\n<link rel=\"canonical\" href=\"https:\/\/denizcankizil.tr\/en\/haberler\/gundem\/vali-masatlidan-6-subati-anma-mesaji\/\" \/>\n<meta property=\"og:locale\" content=\"en_GB\" \/>\n<meta property=\"og:type\" content=\"article\" \/>\n<meta property=\"og:title\" content=\"Vali Masatl\u0131\u2019dan 6 \u015eubat\u0131 Anma Mesaj\u0131\u2026\" \/>\n<meta property=\"og:description\" content=\"Vali Masatl\u0131, bu b\u00fcy\u00fck felaketin on binlerce can kayb\u0131na ve maddi-manevi b\u00fcy\u00fck y\u0131k\u0131mlara neden oldu\u011funu belirterek, \u201cAc\u0131 h\u00e2l\u00e2 taze. Unutmad\u0131k! Aziz Milletimizin birlik ve beraberlik ruhu bu felaketin ard\u0131ndan en g\u00fc\u00e7l\u00fc \u015fekilde sergilendi. Depremin ilk anlar\u0131ndan itibaren g\u00f6sterilen dayan\u0131\u015fman\u0131n, T\u00fcrk milletinin zor zamanlarda birbirine nas\u0131l kenetlendi\u011finin bir kan\u0131t\u0131\u201d dedi. YEN\u0130DEN \u0130N\u015eA S\u00dcREC\u0130 VE DEVLET\u0130N DESTEKLER\u0130 Hatay\u2019\u0131n yeniden in\u015fas\u0131 i\u00e7in uzun soluklu bir s\u00fcrecin y\u00fcr\u00fct\u00fcld\u00fc\u011f\u00fcne dikkat \u00e7eken Vali Masatl\u0131, &#8220;Bu s\u00fcre\u00e7te en b\u00fcy\u00fck g\u00fcc\u00fcm\u00fcz, birlik ve beraberli\u011fimizdir&#8221; dedi. Cumhurba\u015fkan\u0131 Recep Tayyip Erdo\u011fan\u2019\u0131n liderli\u011finde, G\u00fc\u00e7l\u00fc Devlet anlay\u0131\u015f\u0131yla b\u00f6lgede D\u00fcnyan\u0131n En B\u00fcy\u00fck \u0130yile\u015ftirme Operasyonunun y\u00fcr\u00fct\u00fcld\u00fc\u011f\u00fcn\u00fc hat\u0131rlatan vali Masatl\u0131 deprem sonras\u0131 ba\u015flat\u0131lan \u00e7al\u0131\u015fmalar kapsam\u0131nda; Ge\u00e7ici bar\u0131nmadan kal\u0131c\u0131 konutlara, Altyap\u0131dan e\u011fitime, Sa\u011fl\u0131ktan sanayiye, K\u00fclt\u00fcrel ve sosyal projelerden \u00e7evre d\u00fczenlemelerine kadar geni\u015f bir yelpazede ad\u0131mlar at\u0131ld\u0131\u011f\u0131na vurgu yapt\u0131. Masatl\u0131, iki y\u0131l gibi k\u0131sa bir s\u00fcrede b\u00fcy\u00fck ilerlemeler kaydedildi\u011fini belirterek, &#8220;\u0130nsan\u0131 ya\u015fat ki devlet ya\u015fas\u0131n&#8221; anlay\u0131\u015f\u0131yla \u015fehirde hayat\u0131n sa\u011fl\u0131kl\u0131 bir \u015fekilde s\u00fcrd\u00fcr\u00fclebilmesi i\u00e7in \u00e7al\u0131\u015fmalar\u0131n h\u0131z kesmeden devam etti\u011fini ifade etti. GELECE\u011eE DAHA G\u00dc\u00c7L\u00dc B\u0130R HATAY BIRAKACA\u011eIZ Deprem b\u00f6lgesinde yap\u0131lan \u00e7al\u0131\u015fmalardan ders \u00e7\u0131karman\u0131n \u00f6nemine de\u011finen Vali Masatl\u0131, &#8220;Gelece\u011fimizi daha sa\u011flam temeller \u00fczerine in\u015fa etmek zorunday\u0131z, Hatay eskisinden daha g\u00fc\u00e7l\u00fc bir \u015fehir olarak aya\u011fa kalkacak. Tarihin her d\u00f6neminde b\u00fcy\u00fck ac\u0131lar ya\u015famas\u0131na ra\u011fmen k\u00fcllerinden yeniden do\u011fmay\u0131 ba\u015farm\u0131\u015f bir \u015fehrin emanet\u00e7ileriyiz. &hellip;\" \/>\n<meta property=\"og:url\" content=\"https:\/\/denizcankizil.tr\/en\/haberler\/gundem\/vali-masatlidan-6-subati-anma-mesaji\/\" \/>\n<meta property=\"og:site_name\" content=\"Av. Deniz Can K\u0131z\u0131l\" \/>\n<meta property=\"article:published_time\" content=\"2025-02-06T01:41:34+00:00\" \/>\n<meta name=\"author\" content=\"admin\" \/>\n<meta name=\"twitter:card\" content=\"summary_large_image\" \/>\n<meta name=\"twitter:label1\" content=\"Written by\" \/>\n\t<meta name=\"twitter:data1\" content=\"admin\" \/>\n\t<meta name=\"twitter:label2\" content=\"Estimated reading time\" \/>\n\t<meta name=\"twitter:data2\" content=\"2 minutes\" \/>\n<script type=\"application\/ld+json\" class=\"yoast-schema-graph\">{\"@context\":\"https:\/\/schema.org\",\"@graph\":[{\"@type\":\"Article\",\"@id\":\"https:\/\/denizcankizil.tr\/de\/haberler\/gundem\/vali-masatlidan-6-subati-anma-mesaji\/#article\",\"isPartOf\":{\"@id\":\"https:\/\/denizcankizil.tr\/de\/haberler\/gundem\/vali-masatlidan-6-subati-anma-mesaji\/\"},\"author\":{\"name\":\"admin\",\"@id\":\"https:\/\/denizcankizil.tr\/de\/#\/schema\/person\/be3c05fe6a12686905512445d8185489\"},\"headline\":\"Vali Masatl\u0131\u2019dan 6 \u015eubat\u0131 Anma Mesaj\u0131\u2026\",\"datePublished\":\"2025-02-06T01:41:34+00:00\",\"mainEntityOfPage\":{\"@id\":\"https:\/\/denizcankizil.tr\/de\/haberler\/gundem\/vali-masatlidan-6-subati-anma-mesaji\/\"},\"wordCount\":431,\"commentCount\":0,\"publisher\":{\"@id\":\"https:\/\/denizcankizil.tr\/de\/#organization\"},\"articleSection\":[\"G\u00fcndem\"],\"inLanguage\":\"en-GB\",\"potentialAction\":[{\"@type\":\"CommentAction\",\"name\":\"Comment\",\"target\":[\"https:\/\/denizcankizil.tr\/de\/haberler\/gundem\/vali-masatlidan-6-subati-anma-mesaji\/#respond\"]}]},{\"@type\":\"WebPage\",\"@id\":\"https:\/\/denizcankizil.tr\/de\/haberler\/gundem\/vali-masatlidan-6-subati-anma-mesaji\/\",\"url\":\"https:\/\/denizcankizil.tr\/de\/haberler\/gundem\/vali-masatlidan-6-subati-anma-mesaji\/\",\"name\":\"Vali Masatl\u0131\u2019dan 6 \u015eubat\u0131 Anma Mesaj\u0131\u2026 - Av. Deniz Can K\u0131z\u0131l\",\"isPartOf\":{\"@id\":\"https:\/\/denizcankizil.tr\/de\/#website\"},\"datePublished\":\"2025-02-06T01:41:34+00:00\",\"breadcrumb\":{\"@id\":\"https:\/\/denizcankizil.tr\/de\/haberler\/gundem\/vali-masatlidan-6-subati-anma-mesaji\/#breadcrumb\"},\"inLanguage\":\"en-GB\",\"potentialAction\":[{\"@type\":\"ReadAction\",\"target\":[\"https:\/\/denizcankizil.tr\/de\/haberler\/gundem\/vali-masatlidan-6-subati-anma-mesaji\/\"]}]},{\"@type\":\"BreadcrumbList\",\"@id\":\"https:\/\/denizcankizil.tr\/de\/haberler\/gundem\/vali-masatlidan-6-subati-anma-mesaji\/#breadcrumb\",\"itemListElement\":[{\"@type\":\"ListItem\",\"position\":1,\"name\":\"Home\",\"item\":\"https:\/\/denizcankizil.tr\/de\/\"},{\"@type\":\"ListItem\",\"position\":2,\"name\":\"Vali Masatl\u0131\u2019dan 6 \u015eubat\u0131 Anma Mesaj\u0131\u2026\"}]},{\"@type\":\"WebSite\",\"@id\":\"https:\/\/denizcankizil.tr\/de\/#website\",\"url\":\"https:\/\/denizcankizil.tr\/de\/\",\"name\":\"Av. Deniz Can K\u0131z\u0131l\",\"description\":\"Avukat Deniz Can K\u0131z\u0131l Antalya Barosu\",\"publisher\":{\"@id\":\"https:\/\/denizcankizil.tr\/de\/#organization\"},\"potentialAction\":[{\"@type\":\"SearchAction\",\"target\":{\"@type\":\"EntryPoint\",\"urlTemplate\":\"https:\/\/denizcankizil.tr\/de\/?s={search_term_string}\"},\"query-input\":{\"@type\":\"PropertyValueSpecification\",\"valueRequired\":true,\"valueName\":\"search_term_string\"}}],\"inLanguage\":\"en-GB\"},{\"@type\":\"Organization\",\"@id\":\"https:\/\/denizcankizil.tr\/de\/#organization\",\"name\":\"Av. Deniz Can K\u0131z\u0131l\",\"url\":\"https:\/\/denizcankizil.tr\/de\/\",\"logo\":{\"@type\":\"ImageObject\",\"inLanguage\":\"en-GB\",\"@id\":\"https:\/\/denizcankizil.tr\/de\/#\/schema\/logo\/image\/\",\"url\":\"https:\/\/denizcankizil.tr\/wp-content\/uploads\/2024\/10\/siyah-logo-svg.svg\",\"contentUrl\":\"https:\/\/denizcankizil.tr\/wp-content\/uploads\/2024\/10\/siyah-logo-svg.svg\",\"width\":1080,\"height\":1080,\"caption\":\"Av. Deniz Can K\u0131z\u0131l\"},\"image\":{\"@id\":\"https:\/\/denizcankizil.tr\/de\/#\/schema\/logo\/image\/\"}},{\"@type\":\"Person\",\"@id\":\"https:\/\/denizcankizil.tr\/de\/#\/schema\/person\/be3c05fe6a12686905512445d8185489\",\"name\":\"admin\",\"image\":{\"@type\":\"ImageObject\",\"inLanguage\":\"en-GB\",\"@id\":\"https:\/\/denizcankizil.tr\/de\/#\/schema\/person\/image\/\",\"url\":\"https:\/\/secure.gravatar.com\/avatar\/c1fce94c830dc79107e174f890d7210541c4a63e8e5d816341794a2151c9d58c?s=96&d=mm&r=g\",\"contentUrl\":\"https:\/\/secure.gravatar.com\/avatar\/c1fce94c830dc79107e174f890d7210541c4a63e8e5d816341794a2151c9d58c?s=96&d=mm&r=g\",\"caption\":\"admin\"},\"sameAs\":[\"http:\/\/denizcankizil.tr\"],\"url\":\"https:\/\/www.iskenderun.org\/vali-masatlidan-6-subati-anma-mesaji\"}]}<\/script>\n<!-- \/ Yoast SEO Premium plugin. -->","yoast_head_json":{"title":"Vali Masatl\u0131\u2019dan 6 \u015eubat\u0131 Anma Mesaj\u0131\u2026 - Av. Deniz Can K\u0131z\u0131l","robots":{"index":"index","follow":"follow","max-snippet":"max-snippet:-1","max-image-preview":"max-image-preview:large","max-video-preview":"max-video-preview:-1"},"canonical":"https:\/\/denizcankizil.tr\/en\/haberler\/gundem\/vali-masatlidan-6-subati-anma-mesaji\/","og_locale":"en_GB","og_type":"article","og_title":"Vali Masatl\u0131\u2019dan 6 \u015eubat\u0131 Anma Mesaj\u0131\u2026","og_description":"Vali Masatl\u0131, bu b\u00fcy\u00fck felaketin on binlerce can kayb\u0131na ve maddi-manevi b\u00fcy\u00fck y\u0131k\u0131mlara neden oldu\u011funu belirterek, \u201cAc\u0131 h\u00e2l\u00e2 taze. Unutmad\u0131k! Aziz Milletimizin birlik ve beraberlik ruhu bu felaketin ard\u0131ndan en g\u00fc\u00e7l\u00fc \u015fekilde sergilendi. Depremin ilk anlar\u0131ndan itibaren g\u00f6sterilen dayan\u0131\u015fman\u0131n, T\u00fcrk milletinin zor zamanlarda birbirine nas\u0131l kenetlendi\u011finin bir kan\u0131t\u0131\u201d dedi. YEN\u0130DEN \u0130N\u015eA S\u00dcREC\u0130 VE DEVLET\u0130N DESTEKLER\u0130 Hatay\u2019\u0131n yeniden in\u015fas\u0131 i\u00e7in uzun soluklu bir s\u00fcrecin y\u00fcr\u00fct\u00fcld\u00fc\u011f\u00fcne dikkat \u00e7eken Vali Masatl\u0131, &#8220;Bu s\u00fcre\u00e7te en b\u00fcy\u00fck g\u00fcc\u00fcm\u00fcz, birlik ve beraberli\u011fimizdir&#8221; dedi. Cumhurba\u015fkan\u0131 Recep Tayyip Erdo\u011fan\u2019\u0131n liderli\u011finde, G\u00fc\u00e7l\u00fc Devlet anlay\u0131\u015f\u0131yla b\u00f6lgede D\u00fcnyan\u0131n En B\u00fcy\u00fck \u0130yile\u015ftirme Operasyonunun y\u00fcr\u00fct\u00fcld\u00fc\u011f\u00fcn\u00fc hat\u0131rlatan vali Masatl\u0131 deprem sonras\u0131 ba\u015flat\u0131lan \u00e7al\u0131\u015fmalar kapsam\u0131nda; Ge\u00e7ici bar\u0131nmadan kal\u0131c\u0131 konutlara, Altyap\u0131dan e\u011fitime, Sa\u011fl\u0131ktan sanayiye, K\u00fclt\u00fcrel ve sosyal projelerden \u00e7evre d\u00fczenlemelerine kadar geni\u015f bir yelpazede ad\u0131mlar at\u0131ld\u0131\u011f\u0131na vurgu yapt\u0131. Masatl\u0131, iki y\u0131l gibi k\u0131sa bir s\u00fcrede b\u00fcy\u00fck ilerlemeler kaydedildi\u011fini belirterek, &#8220;\u0130nsan\u0131 ya\u015fat ki devlet ya\u015fas\u0131n&#8221; anlay\u0131\u015f\u0131yla \u015fehirde hayat\u0131n sa\u011fl\u0131kl\u0131 bir \u015fekilde s\u00fcrd\u00fcr\u00fclebilmesi i\u00e7in \u00e7al\u0131\u015fmalar\u0131n h\u0131z kesmeden devam etti\u011fini ifade etti. GELECE\u011eE DAHA G\u00dc\u00c7L\u00dc B\u0130R HATAY BIRAKACA\u011eIZ Deprem b\u00f6lgesinde yap\u0131lan \u00e7al\u0131\u015fmalardan ders \u00e7\u0131karman\u0131n \u00f6nemine de\u011finen Vali Masatl\u0131, &#8220;Gelece\u011fimizi daha sa\u011flam temeller \u00fczerine in\u015fa etmek zorunday\u0131z, Hatay eskisinden daha g\u00fc\u00e7l\u00fc bir \u015fehir olarak aya\u011fa kalkacak. Tarihin her d\u00f6neminde b\u00fcy\u00fck ac\u0131lar ya\u015famas\u0131na ra\u011fmen k\u00fcllerinden yeniden do\u011fmay\u0131 ba\u015farm\u0131\u015f bir \u015fehrin emanet\u00e7ileriyiz. &hellip;","og_url":"https:\/\/denizcankizil.tr\/en\/haberler\/gundem\/vali-masatlidan-6-subati-anma-mesaji\/","og_site_name":"Av. Deniz Can K\u0131z\u0131l","article_published_time":"2025-02-06T01:41:34+00:00","author":"admin","twitter_card":"summary_large_image","twitter_misc":{"Written by":"admin","Estimated reading time":"2 minutes"},"schema":{"@context":"https:\/\/schema.org","@graph":[{"@type":"Article","@id":"https:\/\/denizcankizil.tr\/de\/haberler\/gundem\/vali-masatlidan-6-subati-anma-mesaji\/#article","isPartOf":{"@id":"https:\/\/denizcankizil.tr\/de\/haberler\/gundem\/vali-masatlidan-6-subati-anma-mesaji\/"},"author":{"name":"admin","@id":"https:\/\/denizcankizil.tr\/de\/#\/schema\/person\/be3c05fe6a12686905512445d8185489"},"headline":"Vali Masatl\u0131\u2019dan 6 \u015eubat\u0131 Anma Mesaj\u0131\u2026","datePublished":"2025-02-06T01:41:34+00:00","mainEntityOfPage":{"@id":"https:\/\/denizcankizil.tr\/de\/haberler\/gundem\/vali-masatlidan-6-subati-anma-mesaji\/"},"wordCount":431,"commentCount":0,"publisher":{"@id":"https:\/\/denizcankizil.tr\/de\/#organization"},"articleSection":["G\u00fcndem"],"inLanguage":"en-GB","potentialAction":[{"@type":"CommentAction","name":"Comment","target":["https:\/\/denizcankizil.tr\/de\/haberler\/gundem\/vali-masatlidan-6-subati-anma-mesaji\/#respond"]}]},{"@type":"WebPage","@id":"https:\/\/denizcankizil.tr\/de\/haberler\/gundem\/vali-masatlidan-6-subati-anma-mesaji\/","url":"https:\/\/denizcankizil.tr\/de\/haberler\/gundem\/vali-masatlidan-6-subati-anma-mesaji\/","name":"Vali Masatl\u0131\u2019dan 6 \u015eubat\u0131 Anma Mesaj\u0131\u2026 - Av. Deniz Can K\u0131z\u0131l","isPartOf":{"@id":"https:\/\/denizcankizil.tr\/de\/#website"},"datePublished":"2025-02-06T01:41:34+00:00","breadcrumb":{"@id":"https:\/\/denizcankizil.tr\/de\/haberler\/gundem\/vali-masatlidan-6-subati-anma-mesaji\/#breadcrumb"},"inLanguage":"en-GB","potentialAction":[{"@type":"ReadAction","target":["https:\/\/denizcankizil.tr\/de\/haberler\/gundem\/vali-masatlidan-6-subati-anma-mesaji\/"]}]},{"@type":"BreadcrumbList","@id":"https:\/\/denizcankizil.tr\/de\/haberler\/gundem\/vali-masatlidan-6-subati-anma-mesaji\/#breadcrumb","itemListElement":[{"@type":"ListItem","position":1,"name":"Home","item":"https:\/\/denizcankizil.tr\/de\/"},{"@type":"ListItem","position":2,"name":"Vali Masatl\u0131\u2019dan 6 \u015eubat\u0131 Anma Mesaj\u0131\u2026"}]},{"@type":"WebSite","@id":"https:\/\/denizcankizil.tr\/de\/#website","url":"https:\/\/denizcankizil.tr\/de\/","name":"Av. Deniz Can K\u0131z\u0131l","description":"Avukat Deniz Can K\u0131z\u0131l Antalya Barosu","publisher":{"@id":"https:\/\/denizcankizil.tr\/de\/#organization"},"potentialAction":[{"@type":"SearchAction","target":{"@type":"EntryPoint","urlTemplate":"https:\/\/denizcankizil.tr\/de\/?s={search_term_string}"},"query-input":{"@type":"PropertyValueSpecification","valueRequired":true,"valueName":"search_term_string"}}],"inLanguage":"en-GB"},{"@type":"Organization","@id":"https:\/\/denizcankizil.tr\/de\/#organization","name":"Av. Deniz Can K\u0131z\u0131l","url":"https:\/\/denizcankizil.tr\/de\/","logo":{"@type":"ImageObject","inLanguage":"en-GB","@id":"https:\/\/denizcankizil.tr\/de\/#\/schema\/logo\/image\/","url":"https:\/\/denizcankizil.tr\/wp-content\/uploads\/2024\/10\/siyah-logo-svg.svg","contentUrl":"https:\/\/denizcankizil.tr\/wp-content\/uploads\/2024\/10\/siyah-logo-svg.svg","width":1080,"height":1080,"caption":"Av. Deniz Can K\u0131z\u0131l"},"image":{"@id":"https:\/\/denizcankizil.tr\/de\/#\/schema\/logo\/image\/"}},{"@type":"Person","@id":"https:\/\/denizcankizil.tr\/de\/#\/schema\/person\/be3c05fe6a12686905512445d8185489","name":"admin","image":{"@type":"ImageObject","inLanguage":"en-GB","@id":"https:\/\/denizcankizil.tr\/de\/#\/schema\/person\/image\/","url":"https:\/\/secure.gravatar.com\/avatar\/c1fce94c830dc79107e174f890d7210541c4a63e8e5d816341794a2151c9d58c?s=96&d=mm&r=g","contentUrl":"https:\/\/secure.gravatar.com\/avatar\/c1fce94c830dc79107e174f890d7210541c4a63e8e5d816341794a2151c9d58c?s=96&d=mm&r=g","caption":"admin"},"sameAs":["http:\/\/denizcankizil.tr"],"url":"https:\/\/www.iskenderun.org\/vali-masatlidan-6-subati-anma-mesaji"}]}},"_links":{"self":[{"href":"https:\/\/denizcankizil.tr\/en\/wp-json\/wp\/v2\/posts\/30570","targetHints":{"allow":["GET"]}}],"collection":[{"href":"https:\/\/denizcankizil.tr\/en\/wp-json\/wp\/v2\/posts"}],"about":[{"href":"https:\/\/denizcankizil.tr\/en\/wp-json\/wp\/v2\/types\/post"}],"author":[{"embeddable":true,"href":"https:\/\/denizcankizil.tr\/en\/wp-json\/wp\/v2\/users\/1"}],"replies":[{"embeddable":true,"href":"https:\/\/denizcankizil.tr\/en\/wp-json\/wp\/v2\/comments?post=30570"}],"version-history":[{"count":0,"href":"https:\/\/denizcankizil.tr\/en\/wp-json\/wp\/v2\/posts\/30570\/revisions"}],"wp:attachment":[{"href":"https:\/\/denizcankizil.tr\/en\/wp-json\/wp\/v2\/media?parent=30570"}],"wp:term":[{"taxonomy":"category","embeddable":true,"href":"https:\/\/denizcankizil.tr\/en\/wp-json\/wp\/v2\/categories?post=30570"},{"taxonomy":"post_tag","embeddable":true,"href":"https:\/\/denizcankizil.tr\/en\/wp-json\/wp\/v2\/tags?post=30570"}],"curies":[{"name":"wp","href":"https:\/\/api.w.org\/{rel}","templated":true}]}}