{"id":30431,"date":"2025-02-05T17:41:51","date_gmt":"2025-02-05T14:41:51","guid":{"rendered":"https:\/\/denizcankizil.tr\/uncategorized-tr\/bursa-nilufer-cayi-valilik-markajinda\/"},"modified":"2025-02-05T17:41:51","modified_gmt":"2025-02-05T14:41:51","slug":"bursa-nilufer-cayi-valilik-markajinda","status":"publish","type":"post","link":"https:\/\/denizcankizil.tr\/en\/haberler\/gundem\/bursa-nilufer-cayi-valilik-markajinda\/","title":{"rendered":"Bursa Nil\u00fcfer \u00c7ay\u0131 &#8216;Valilik&#8217; markaj\u0131nda"},"content":{"rendered":"<p>Marmara B\u00f6lgesi&#8217;nin \u00f6nemli su kaynaklar\u0131ndan olan Nil\u00fcfer \u00c7ay\u0131, Bursa B\u00fcy\u00fck\u015fehir Belediyesi, BUSK\u0130 Genel M\u00fcd\u00fcrl\u00fc\u011f\u00fc ve \u00c7evre \u015eehircilik ve \u0130klim De\u011fi\u015fikli\u011fi \u0130l M\u00fcd\u00fcrl\u00fc\u011f\u00fc i\u015fbirli\u011fi ile inceleme alt\u0131na al\u0131nd\u0131. Bursa Valili\u011fi koordinasyonunda ba\u015flat\u0131lan proje ile ka\u00e7ak de\u015farjlara neden olan ba\u011flant\u0131 ve \u00e7\u0131k\u0131\u015flar yak\u0131n takipte.BURSA (\u0130GFA) &#8211; Nil\u00fcfer \u00c7ay\u0131&#8217;n\u0131n daha temiz ve sa\u011fl\u0131kl\u0131 bir \u015fekilde akmas\u0131n\u0131 sa\u011flamak ad\u0131na harekete ge\u00e7en Bursa B\u00fcy\u00fck\u015fehir Belediyesi, Bursa Valili\u011fi koordinasyonunda ba\u015flat\u0131lan temizlik \u00e7al\u0131\u015fmalar\u0131n\u0131 aral\u0131ks\u0131z s\u00fcrd\u00fcr\u00fcyor.<br \/>\nBu kapsamda, Bursa B\u00fcy\u00fck\u015fehir Belediyesi, BUSK\u0130 Genel M\u00fcd\u00fcrl\u00fc\u011f\u00fc ve \u00c7evre \u015eehircilik ve \u0130klim De\u011fi\u015fikli\u011fi \u0130l M\u00fcd\u00fcrl\u00fc\u011f\u00fc ekipleri, kirlili\u011fe yol a\u00e7an unsurlar\u0131 tespit etmek ve ortadan kald\u0131rmak i\u00e7in sahada yo\u011fun \u015fekilde \u00e7al\u0131\u015f\u0131yor.<br \/>\nDenetimler, Bursa&#8217;n\u0131n \u00e7evresel de\u011ferlerini koruma ad\u0131na at\u0131lan \u00f6nemli bir ad\u0131m olarak \u00f6ne \u00e7\u0131karken yap\u0131lan \u00e7al\u0131\u015fmalar ile Marmara Denizi\u2019nde olu\u015fan m\u00fcsilaj\u0131n da \u00f6n\u00fcne ge\u00e7ilmesi hedefleniyor. Bursa&#8217;n\u0131n \u00e7evresel s\u00fcrd\u00fcr\u00fclebilirli\u011fine katk\u0131 sa\u011flaman\u0131n ama\u00e7land\u0131\u011f\u0131 proje ile t\u00fcm kent payda\u015flar\u0131 bir araya gelerek di\u011fer kentlere \u00f6rnek te\u015fkil edecek do\u011fa dostu bir projeye imza at\u0131l\u0131yor.<\/p>\n<p>\u201cGELECE\u011eE BIRAKACA\u011eIMIZ EN DE\u011eERL\u0130 M\u0130RAS\u201d<br \/>\nBursa B\u00fcy\u00fck\u015fehir Belediye Ba\u015fkan\u0131 Mustafa Bozbey, konuyla ilgili yapt\u0131\u011f\u0131 a\u00e7\u0131klamada, &#8220;Nil\u00fcfer \u00c7ay\u0131, Bursa\u2019m\u0131z\u0131n en de\u011ferli su kaynaklar\u0131ndan biridir. Bu kayna\u011f\u0131 korumak, hem do\u011fam\u0131za hem de gelece\u011fimize olan sorumlulu\u011fumuzdur. Bunun gibi ortakla\u015fa y\u00fcr\u00fct\u00fclen \u00e7al\u0131\u015fmalarla Nil\u00fcfer \u00c7ay\u0131\u2019m\u0131z\u0131n daha temiz akmas\u0131n\u0131 sa\u011flamak, \u00e7evreye duyarl\u0131 bir Bursa hedefimize ula\u015fmak i\u00e7in \u00e7ok \u00f6nemli bir ad\u0131md\u0131r. El birli\u011fiyle \u00e7evreyi korumak ad\u0131na att\u0131\u011f\u0131m\u0131z bu ad\u0131mlar, gelece\u011fe b\u0131rakaca\u011f\u0131m\u0131z en de\u011ferli miras olacakt\u0131r&#8221; dedi.<br \/>\n\u201c\u00c7ALI\u015eMALARIN HER A\u015eAMASI T\u0130T\u0130ZL\u0130KLE Y\u00dcR\u00dcT\u00dcLECEK\u201d<br \/>\nBUSK\u0130 Genel M\u00fcd\u00fcr Yard\u0131mc\u0131s\u0131 Ali Alper Makam ise Bursa B\u00fcy\u00fck\u015fehir Belediye Ba\u015fkan\u0131 Mustafa Bozbey\u2019in giri\u015fimleri ve Bursa Valisi Erol Ayy\u0131ld\u0131z\u2019\u0131n talimatlar\u0131yla \u0130l \u00c7evre M\u00fcd\u00fcrl\u00fc\u011f\u00fc ile birlikte \u00e7al\u0131\u015fmalar\u0131n ba\u015flat\u0131ld\u0131\u011f\u0131n\u0131 ifade etti.<br \/>\nEkiplerin Nil\u00fcfer \u00c7ay\u0131\u2019n\u0131 ba\u015ftan sona ge\u00e7erek \u00e7al\u0131\u015fmalar\u0131n\u0131 ger\u00e7ekle\u015ftireceklerine dikkat \u00e7eken Makam, \u2018\u2019Nil\u00fcfer \u00c7ay\u0131 \u00fczerinde bulunan ka\u00e7ak de\u015farjlar tespit edilecek ve m\u00fcsilaja neden olan sebeplerin ortadan kald\u0131r\u0131lmas\u0131 i\u00e7in \u00e7al\u0131\u015fmalar\u0131n her a\u015famas\u0131 titizlikle y\u00fcr\u00fct\u00fclecek. Nil\u00fcfer \u00c7ay\u0131\u2019na yap\u0131lan ka\u00e7ak de\u015farjlar tespit edildikten sonra da ilgili firmalara gerekli yapt\u0131r\u0131mlar, \u0130l \u00c7evre M\u00fcd\u00fcrl\u00fc\u011f\u00fcm\u00fcz taraf\u0131ndan uygulanacak ve bu de\u015farjlar\u0131n \u00f6n\u00fc kesilecektir\u201d dedi.<\/p>\n<p>\u200bMarmara B\u00f6lgesi&#8217;nin \u00f6nemli su kaynaklar\u0131ndan olan Nil\u00fcfer \u00c7ay\u0131, Bursa B\u00fcy\u00fck\u015fehir Belediyesi, BUSK\u0130 Genel M\u00fcd\u00fcrl\u00fc\u011f\u00fc ve \u00c7evre \u015eehircilik ve \u0130klim De\u011fi\u015fikli\u011fi \u0130l M\u00fcd\u00fcrl\u00fc\u011f\u00fc i\u015fbirli\u011fi ile inceleme alt\u0131na al\u0131nd\u0131. Bursa Valili\u011fi koordinasyonunda ba\u015flat\u0131lan proje ile ka\u00e7ak de\u015farjlara neden olan ba\u011flant\u0131 ve \u00e7\u0131k\u0131\u015flar yak\u0131n takipte.BURSA (\u0130GFA) &#8211; Nil\u00fcfer \u00c7ay\u0131&#8217;n\u0131n daha temiz ve sa\u011fl\u0131kl\u0131 bir \u015fekilde akmas\u0131n\u0131 sa\u011flamak ad\u0131na harekete ge\u00e7en Bursa B\u00fcy\u00fck\u015fehir Belediyesi, Bursa Valili\u011fi koordinasyonunda ba\u015flat\u0131lan temizlik \u00e7al\u0131\u015fmalar\u0131n\u0131 aral\u0131ks\u0131z s\u00fcrd\u00fcr\u00fcyor.<br \/>\nBu kapsamda, Bursa B\u00fcy\u00fck\u015fehir Belediyesi, BUSK\u0130 Genel M\u00fcd\u00fcrl\u00fc\u011f\u00fc ve \u00c7evre \u015eehircilik ve \u0130klim De\u011fi\u015fikli\u011fi \u0130l M\u00fcd\u00fcrl\u00fc\u011f\u00fc ekipleri, kirlili\u011fe yol a\u00e7an unsurlar\u0131 tespit etmek ve ortadan kald\u0131rmak i\u00e7in sahada yo\u011fun \u015fekilde \u00e7al\u0131\u015f\u0131yor.<br \/>\nDenetimler, Bursa&#8217;n\u0131n \u00e7evresel de\u011ferlerini koruma ad\u0131na at\u0131lan \u00f6nemli bir ad\u0131m olarak \u00f6ne \u00e7\u0131karken yap\u0131lan \u00e7al\u0131\u015fmalar ile Marmara Denizi\u2019nde olu\u015fan m\u00fcsilaj\u0131n da \u00f6n\u00fcne ge\u00e7ilmesi hedefleniyor. Bursa&#8217;n\u0131n \u00e7evresel s\u00fcrd\u00fcr\u00fclebilirli\u011fine katk\u0131 sa\u011flaman\u0131n ama\u00e7land\u0131\u011f\u0131 proje ile t\u00fcm kent payda\u015flar\u0131 bir araya gelerek di\u011fer kentlere \u00f6rnek te\u015fkil edecek do\u011fa dostu bir projeye imza at\u0131l\u0131yor.<\/p>\n<p>\u201cGELECE\u011eE BIRAKACA\u011eIMIZ EN DE\u011eERL\u0130 M\u0130RAS\u201d<br \/>\nBursa B\u00fcy\u00fck\u015fehir Belediye Ba\u015fkan\u0131 Mustafa Bozbey, konuyla ilgili yapt\u0131\u011f\u0131 a\u00e7\u0131klamada, &#8220;Nil\u00fcfer \u00c7ay\u0131, Bursa\u2019m\u0131z\u0131n en de\u011ferli su kaynaklar\u0131ndan biridir. Bu kayna\u011f\u0131 korumak, hem do\u011fam\u0131za hem de gelece\u011fimize olan sorumlulu\u011fumuzdur. Bunun gibi ortakla\u015fa y\u00fcr\u00fct\u00fclen \u00e7al\u0131\u015fmalarla Nil\u00fcfer \u00c7ay\u0131\u2019m\u0131z\u0131n daha temiz akmas\u0131n\u0131 sa\u011flamak, \u00e7evreye duyarl\u0131 bir Bursa hedefimize ula\u015fmak i\u00e7in \u00e7ok \u00f6nemli bir ad\u0131md\u0131r. El birli\u011fiyle \u00e7evreyi korumak ad\u0131na att\u0131\u011f\u0131m\u0131z bu ad\u0131mlar, gelece\u011fe b\u0131rakaca\u011f\u0131m\u0131z en de\u011ferli miras olacakt\u0131r&#8221; dedi.<br \/>\n\u201c\u00c7ALI\u015eMALARIN HER A\u015eAMASI T\u0130T\u0130ZL\u0130KLE Y\u00dcR\u00dcT\u00dcLECEK\u201d<br \/>\nBUSK\u0130 Genel M\u00fcd\u00fcr Yard\u0131mc\u0131s\u0131 Ali Alper Makam ise Bursa B\u00fcy\u00fck\u015fehir Belediye Ba\u015fkan\u0131 Mustafa Bozbey\u2019in giri\u015fimleri ve Bursa Valisi Erol Ayy\u0131ld\u0131z\u2019\u0131n talimatlar\u0131yla \u0130l \u00c7evre M\u00fcd\u00fcrl\u00fc\u011f\u00fc ile birlikte \u00e7al\u0131\u015fmalar\u0131n ba\u015flat\u0131ld\u0131\u011f\u0131n\u0131 ifade etti.<br \/>\nEkiplerin Nil\u00fcfer \u00c7ay\u0131\u2019n\u0131 ba\u015ftan sona ge\u00e7erek \u00e7al\u0131\u015fmalar\u0131n\u0131 ger\u00e7ekle\u015ftireceklerine dikkat \u00e7eken Makam, \u2018\u2019Nil\u00fcfer \u00c7ay\u0131 \u00fczerinde bulunan ka\u00e7ak de\u015farjlar tespit edilecek ve m\u00fcsilaja neden olan sebeplerin ortadan kald\u0131r\u0131lmas\u0131 i\u00e7in \u00e7al\u0131\u015fmalar\u0131n her a\u015famas\u0131 titizlikle y\u00fcr\u00fct\u00fclecek. Nil\u00fcfer \u00c7ay\u0131\u2019na yap\u0131lan ka\u00e7ak de\u015farjlar tespit edildikten sonra da ilgili firmalara gerekli yapt\u0131r\u0131mlar, \u0130l \u00c7evre M\u00fcd\u00fcrl\u00fc\u011f\u00fcm\u00fcz taraf\u0131ndan uygulanacak ve bu de\u015farjlar\u0131n \u00f6n\u00fc kesilecektir\u201d dedi.\u00a0<\/p>\n<p>\u200bHaberin Al\u0131nt\u0131land\u0131\u011f\u0131 Kaynak: www.iskenderun.org<\/p>","protected":false},"excerpt":{"rendered":"<p>Marmara B\u00f6lgesi&#8217;nin \u00f6nemli su kaynaklar\u0131ndan olan Nil\u00fcfer \u00c7ay\u0131, Bursa B\u00fcy\u00fck\u015fehir Belediyesi, BUSK\u0130 Genel M\u00fcd\u00fcrl\u00fc\u011f\u00fc ve \u00c7evre \u015eehircilik ve \u0130klim De\u011fi\u015fikli\u011fi \u0130l M\u00fcd\u00fcrl\u00fc\u011f\u00fc i\u015fbirli\u011fi ile inceleme alt\u0131na al\u0131nd\u0131. Bursa Valili\u011fi koordinasyonunda ba\u015flat\u0131lan proje ile ka\u00e7ak de\u015farjlara neden olan ba\u011flant\u0131 ve \u00e7\u0131k\u0131\u015flar yak\u0131n takipte.BURSA (\u0130GFA) &#8211; Nil\u00fcfer \u00c7ay\u0131&#8217;n\u0131n daha temiz ve sa\u011fl\u0131kl\u0131 bir \u015fekilde akmas\u0131n\u0131 sa\u011flamak ad\u0131na harekete ge\u00e7en Bursa B\u00fcy\u00fck\u015fehir Belediyesi, Bursa Valili\u011fi koordinasyonunda ba\u015flat\u0131lan temizlik \u00e7al\u0131\u015fmalar\u0131n\u0131 aral\u0131ks\u0131z s\u00fcrd\u00fcr\u00fcyor. Bu kapsamda, Bursa B\u00fcy\u00fck\u015fehir Belediyesi, BUSK\u0130 Genel M\u00fcd\u00fcrl\u00fc\u011f\u00fc ve \u00c7evre \u015eehircilik ve \u0130klim De\u011fi\u015fikli\u011fi \u0130l M\u00fcd\u00fcrl\u00fc\u011f\u00fc ekipleri, kirlili\u011fe yol a\u00e7an unsurlar\u0131 tespit etmek ve ortadan kald\u0131rmak i\u00e7in sahada yo\u011fun \u015fekilde \u00e7al\u0131\u015f\u0131yor. Denetimler, Bursa&#8217;n\u0131n \u00e7evresel de\u011ferlerini koruma ad\u0131na at\u0131lan \u00f6nemli bir ad\u0131m olarak \u00f6ne \u00e7\u0131karken yap\u0131lan \u00e7al\u0131\u015fmalar ile Marmara Denizi\u2019nde olu\u015fan m\u00fcsilaj\u0131n da \u00f6n\u00fcne ge\u00e7ilmesi hedefleniyor. Bursa&#8217;n\u0131n \u00e7evresel s\u00fcrd\u00fcr\u00fclebilirli\u011fine katk\u0131 sa\u011flaman\u0131n ama\u00e7land\u0131\u011f\u0131 proje ile t\u00fcm kent payda\u015flar\u0131 bir araya gelerek di\u011fer kentlere \u00f6rnek te\u015fkil edecek do\u011fa dostu bir projeye imza at\u0131l\u0131yor. \u201cGELECE\u011eE BIRAKACA\u011eIMIZ EN DE\u011eERL\u0130 M\u0130RAS\u201d Bursa B\u00fcy\u00fck\u015fehir Belediye Ba\u015fkan\u0131 Mustafa Bozbey, konuyla ilgili yapt\u0131\u011f\u0131 a\u00e7\u0131klamada, &#8220;Nil\u00fcfer \u00c7ay\u0131, Bursa\u2019m\u0131z\u0131n en de\u011ferli su kaynaklar\u0131ndan biridir. Bu kayna\u011f\u0131 korumak, hem do\u011fam\u0131za hem de gelece\u011fimize olan sorumlulu\u011fumuzdur. Bunun gibi ortakla\u015fa y\u00fcr\u00fct\u00fclen \u00e7al\u0131\u015fmalarla Nil\u00fcfer \u00c7ay\u0131\u2019m\u0131z\u0131n daha temiz akmas\u0131n\u0131 sa\u011flamak, \u00e7evreye duyarl\u0131 bir Bursa hedefimize ula\u015fmak i\u00e7in \u00e7ok &hellip;<\/p>","protected":false},"author":1,"featured_media":0,"comment_status":"open","ping_status":"open","sticky":false,"template":"","format":"standard","meta":{"_acf_changed":false,"footnotes":""},"categories":[24],"tags":[],"class_list":["post-30431","post","type-post","status-publish","format-standard","has-post-thumbnail","hentry","category-gundem"],"acf":[],"yoast_head":"<!-- This site is optimized with the Yoast SEO Premium plugin v26.6 (Yoast SEO v27.1.1) - https:\/\/yoast.com\/product\/yoast-seo-premium-wordpress\/ -->\n<title>Bursa Nil\u00fcfer \u00c7ay\u0131 &#039;Valilik&#039; markaj\u0131nda - Av. Deniz Can K\u0131z\u0131l<\/title>\n<meta name=\"robots\" content=\"index, follow, max-snippet:-1, max-image-preview:large, max-video-preview:-1\" \/>\n<link rel=\"canonical\" href=\"https:\/\/denizcankizil.tr\/en\/haberler\/gundem\/bursa-nilufer-cayi-valilik-markajinda\/\" \/>\n<meta property=\"og:locale\" content=\"en_GB\" \/>\n<meta property=\"og:type\" content=\"article\" \/>\n<meta property=\"og:title\" content=\"Bursa Nil\u00fcfer \u00c7ay\u0131 &#039;Valilik&#039; markaj\u0131nda\" \/>\n<meta property=\"og:description\" content=\"Marmara B\u00f6lgesi&#8217;nin \u00f6nemli su kaynaklar\u0131ndan olan Nil\u00fcfer \u00c7ay\u0131, Bursa B\u00fcy\u00fck\u015fehir Belediyesi, BUSK\u0130 Genel M\u00fcd\u00fcrl\u00fc\u011f\u00fc ve \u00c7evre \u015eehircilik ve \u0130klim De\u011fi\u015fikli\u011fi \u0130l M\u00fcd\u00fcrl\u00fc\u011f\u00fc i\u015fbirli\u011fi ile inceleme alt\u0131na al\u0131nd\u0131. Bursa Valili\u011fi koordinasyonunda ba\u015flat\u0131lan proje ile ka\u00e7ak de\u015farjlara neden olan ba\u011flant\u0131 ve \u00e7\u0131k\u0131\u015flar yak\u0131n takipte.BURSA (\u0130GFA) &#8211; Nil\u00fcfer \u00c7ay\u0131&#8217;n\u0131n daha temiz ve sa\u011fl\u0131kl\u0131 bir \u015fekilde akmas\u0131n\u0131 sa\u011flamak ad\u0131na harekete ge\u00e7en Bursa B\u00fcy\u00fck\u015fehir Belediyesi, Bursa Valili\u011fi koordinasyonunda ba\u015flat\u0131lan temizlik \u00e7al\u0131\u015fmalar\u0131n\u0131 aral\u0131ks\u0131z s\u00fcrd\u00fcr\u00fcyor. Bu kapsamda, Bursa B\u00fcy\u00fck\u015fehir Belediyesi, BUSK\u0130 Genel M\u00fcd\u00fcrl\u00fc\u011f\u00fc ve \u00c7evre \u015eehircilik ve \u0130klim De\u011fi\u015fikli\u011fi \u0130l M\u00fcd\u00fcrl\u00fc\u011f\u00fc ekipleri, kirlili\u011fe yol a\u00e7an unsurlar\u0131 tespit etmek ve ortadan kald\u0131rmak i\u00e7in sahada yo\u011fun \u015fekilde \u00e7al\u0131\u015f\u0131yor. Denetimler, Bursa&#8217;n\u0131n \u00e7evresel de\u011ferlerini koruma ad\u0131na at\u0131lan \u00f6nemli bir ad\u0131m olarak \u00f6ne \u00e7\u0131karken yap\u0131lan \u00e7al\u0131\u015fmalar ile Marmara Denizi\u2019nde olu\u015fan m\u00fcsilaj\u0131n da \u00f6n\u00fcne ge\u00e7ilmesi hedefleniyor. Bursa&#8217;n\u0131n \u00e7evresel s\u00fcrd\u00fcr\u00fclebilirli\u011fine katk\u0131 sa\u011flaman\u0131n ama\u00e7land\u0131\u011f\u0131 proje ile t\u00fcm kent payda\u015flar\u0131 bir araya gelerek di\u011fer kentlere \u00f6rnek te\u015fkil edecek do\u011fa dostu bir projeye imza at\u0131l\u0131yor. \u201cGELECE\u011eE BIRAKACA\u011eIMIZ EN DE\u011eERL\u0130 M\u0130RAS\u201d Bursa B\u00fcy\u00fck\u015fehir Belediye Ba\u015fkan\u0131 Mustafa Bozbey, konuyla ilgili yapt\u0131\u011f\u0131 a\u00e7\u0131klamada, &#8220;Nil\u00fcfer \u00c7ay\u0131, Bursa\u2019m\u0131z\u0131n en de\u011ferli su kaynaklar\u0131ndan biridir. Bu kayna\u011f\u0131 korumak, hem do\u011fam\u0131za hem de gelece\u011fimize olan sorumlulu\u011fumuzdur. Bunun gibi ortakla\u015fa y\u00fcr\u00fct\u00fclen \u00e7al\u0131\u015fmalarla Nil\u00fcfer \u00c7ay\u0131\u2019m\u0131z\u0131n daha temiz akmas\u0131n\u0131 sa\u011flamak, \u00e7evreye duyarl\u0131 bir Bursa hedefimize ula\u015fmak i\u00e7in \u00e7ok &hellip;\" \/>\n<meta property=\"og:url\" content=\"https:\/\/denizcankizil.tr\/en\/haberler\/gundem\/bursa-nilufer-cayi-valilik-markajinda\/\" \/>\n<meta property=\"og:site_name\" content=\"Av. Deniz Can K\u0131z\u0131l\" \/>\n<meta property=\"article:published_time\" content=\"2025-02-05T14:41:51+00:00\" \/>\n<meta name=\"author\" content=\"admin\" \/>\n<meta name=\"twitter:card\" content=\"summary_large_image\" \/>\n<meta name=\"twitter:label1\" content=\"Written by\" \/>\n\t<meta name=\"twitter:data1\" content=\"admin\" \/>\n\t<meta name=\"twitter:label2\" content=\"Estimated reading time\" \/>\n\t<meta name=\"twitter:data2\" content=\"5 minutes\" \/>\n<script type=\"application\/ld+json\" class=\"yoast-schema-graph\">{\"@context\":\"https:\/\/schema.org\",\"@graph\":[{\"@type\":\"Article\",\"@id\":\"https:\/\/denizcankizil.tr\/uk\/haberler\/gundem\/bursa-nilufer-cayi-valilik-markajinda\/#article\",\"isPartOf\":{\"@id\":\"https:\/\/denizcankizil.tr\/uk\/haberler\/gundem\/bursa-nilufer-cayi-valilik-markajinda\/\"},\"author\":{\"name\":\"admin\",\"@id\":\"https:\/\/denizcankizil.tr\/#\/schema\/person\/be3c05fe6a12686905512445d8185489\"},\"headline\":\"Bursa Nil\u00fcfer \u00c7ay\u0131 &#8216;Valilik&#8217; markaj\u0131nda\",\"datePublished\":\"2025-02-05T14:41:51+00:00\",\"mainEntityOfPage\":{\"@id\":\"https:\/\/denizcankizil.tr\/uk\/haberler\/gundem\/bursa-nilufer-cayi-valilik-markajinda\/\"},\"wordCount\":1041,\"commentCount\":0,\"publisher\":{\"@id\":\"https:\/\/denizcankizil.tr\/#organization\"},\"articleSection\":[\"G\u00fcndem\"],\"inLanguage\":\"en-GB\",\"potentialAction\":[{\"@type\":\"CommentAction\",\"name\":\"Comment\",\"target\":[\"https:\/\/denizcankizil.tr\/uk\/haberler\/gundem\/bursa-nilufer-cayi-valilik-markajinda\/#respond\"]}]},{\"@type\":\"WebPage\",\"@id\":\"https:\/\/denizcankizil.tr\/uk\/haberler\/gundem\/bursa-nilufer-cayi-valilik-markajinda\/\",\"url\":\"https:\/\/denizcankizil.tr\/uk\/haberler\/gundem\/bursa-nilufer-cayi-valilik-markajinda\/\",\"name\":\"Bursa Nil\u00fcfer \u00c7ay\u0131 'Valilik' markaj\u0131nda - Av. Deniz Can K\u0131z\u0131l\",\"isPartOf\":{\"@id\":\"https:\/\/denizcankizil.tr\/#website\"},\"datePublished\":\"2025-02-05T14:41:51+00:00\",\"breadcrumb\":{\"@id\":\"https:\/\/denizcankizil.tr\/uk\/haberler\/gundem\/bursa-nilufer-cayi-valilik-markajinda\/#breadcrumb\"},\"inLanguage\":\"en-GB\",\"potentialAction\":[{\"@type\":\"ReadAction\",\"target\":[\"https:\/\/denizcankizil.tr\/uk\/haberler\/gundem\/bursa-nilufer-cayi-valilik-markajinda\/\"]}]},{\"@type\":\"BreadcrumbList\",\"@id\":\"https:\/\/denizcankizil.tr\/uk\/haberler\/gundem\/bursa-nilufer-cayi-valilik-markajinda\/#breadcrumb\",\"itemListElement\":[{\"@type\":\"ListItem\",\"position\":1,\"name\":\"Home\",\"item\":\"https:\/\/denizcankizil.tr\/de\/\"},{\"@type\":\"ListItem\",\"position\":2,\"name\":\"Bursa Nil\u00fcfer \u00c7ay\u0131 &#8216;Valilik&#8217; markaj\u0131nda\"}]},{\"@type\":\"WebSite\",\"@id\":\"https:\/\/denizcankizil.tr\/#website\",\"url\":\"https:\/\/denizcankizil.tr\/\",\"name\":\"Av. Deniz Can K\u0131z\u0131l\",\"description\":\"Avukat Deniz Can K\u0131z\u0131l Antalya Barosu\",\"publisher\":{\"@id\":\"https:\/\/denizcankizil.tr\/#organization\"},\"potentialAction\":[{\"@type\":\"SearchAction\",\"target\":{\"@type\":\"EntryPoint\",\"urlTemplate\":\"https:\/\/denizcankizil.tr\/?s={search_term_string}\"},\"query-input\":{\"@type\":\"PropertyValueSpecification\",\"valueRequired\":true,\"valueName\":\"search_term_string\"}}],\"inLanguage\":\"en-GB\"},{\"@type\":\"Organization\",\"@id\":\"https:\/\/denizcankizil.tr\/#organization\",\"name\":\"Av. Deniz Can K\u0131z\u0131l\",\"url\":\"https:\/\/denizcankizil.tr\/\",\"logo\":{\"@type\":\"ImageObject\",\"inLanguage\":\"en-GB\",\"@id\":\"https:\/\/denizcankizil.tr\/#\/schema\/logo\/image\/\",\"url\":\"https:\/\/denizcankizil.tr\/wp-content\/uploads\/2024\/10\/siyah-logo-svg.svg\",\"contentUrl\":\"https:\/\/denizcankizil.tr\/wp-content\/uploads\/2024\/10\/siyah-logo-svg.svg\",\"width\":1080,\"height\":1080,\"caption\":\"Av. Deniz Can K\u0131z\u0131l\"},\"image\":{\"@id\":\"https:\/\/denizcankizil.tr\/#\/schema\/logo\/image\/\"}},{\"@type\":\"Person\",\"@id\":\"https:\/\/denizcankizil.tr\/#\/schema\/person\/be3c05fe6a12686905512445d8185489\",\"name\":\"admin\",\"image\":{\"@type\":\"ImageObject\",\"inLanguage\":\"en-GB\",\"@id\":\"https:\/\/denizcankizil.tr\/#\/schema\/person\/image\/\",\"url\":\"https:\/\/secure.gravatar.com\/avatar\/c1fce94c830dc79107e174f890d7210541c4a63e8e5d816341794a2151c9d58c?s=96&d=mm&r=g\",\"contentUrl\":\"https:\/\/secure.gravatar.com\/avatar\/c1fce94c830dc79107e174f890d7210541c4a63e8e5d816341794a2151c9d58c?s=96&d=mm&r=g\",\"caption\":\"admin\"},\"sameAs\":[\"http:\/\/denizcankizil.tr\"],\"url\":\"https:\/\/www.iskenderun.org\/bursa-nilufer-cayi-valilik-markajinda\"}]}<\/script>\n<!-- \/ Yoast SEO Premium plugin. -->","yoast_head_json":{"title":"Bursa Nil\u00fcfer \u00c7ay\u0131 'Valilik' markaj\u0131nda - Av. Deniz Can K\u0131z\u0131l","robots":{"index":"index","follow":"follow","max-snippet":"max-snippet:-1","max-image-preview":"max-image-preview:large","max-video-preview":"max-video-preview:-1"},"canonical":"https:\/\/denizcankizil.tr\/en\/haberler\/gundem\/bursa-nilufer-cayi-valilik-markajinda\/","og_locale":"en_GB","og_type":"article","og_title":"Bursa Nil\u00fcfer \u00c7ay\u0131 'Valilik' markaj\u0131nda","og_description":"Marmara B\u00f6lgesi&#8217;nin \u00f6nemli su kaynaklar\u0131ndan olan Nil\u00fcfer \u00c7ay\u0131, Bursa B\u00fcy\u00fck\u015fehir Belediyesi, BUSK\u0130 Genel M\u00fcd\u00fcrl\u00fc\u011f\u00fc ve \u00c7evre \u015eehircilik ve \u0130klim De\u011fi\u015fikli\u011fi \u0130l M\u00fcd\u00fcrl\u00fc\u011f\u00fc i\u015fbirli\u011fi ile inceleme alt\u0131na al\u0131nd\u0131. Bursa Valili\u011fi koordinasyonunda ba\u015flat\u0131lan proje ile ka\u00e7ak de\u015farjlara neden olan ba\u011flant\u0131 ve \u00e7\u0131k\u0131\u015flar yak\u0131n takipte.BURSA (\u0130GFA) &#8211; Nil\u00fcfer \u00c7ay\u0131&#8217;n\u0131n daha temiz ve sa\u011fl\u0131kl\u0131 bir \u015fekilde akmas\u0131n\u0131 sa\u011flamak ad\u0131na harekete ge\u00e7en Bursa B\u00fcy\u00fck\u015fehir Belediyesi, Bursa Valili\u011fi koordinasyonunda ba\u015flat\u0131lan temizlik \u00e7al\u0131\u015fmalar\u0131n\u0131 aral\u0131ks\u0131z s\u00fcrd\u00fcr\u00fcyor. Bu kapsamda, Bursa B\u00fcy\u00fck\u015fehir Belediyesi, BUSK\u0130 Genel M\u00fcd\u00fcrl\u00fc\u011f\u00fc ve \u00c7evre \u015eehircilik ve \u0130klim De\u011fi\u015fikli\u011fi \u0130l M\u00fcd\u00fcrl\u00fc\u011f\u00fc ekipleri, kirlili\u011fe yol a\u00e7an unsurlar\u0131 tespit etmek ve ortadan kald\u0131rmak i\u00e7in sahada yo\u011fun \u015fekilde \u00e7al\u0131\u015f\u0131yor. Denetimler, Bursa&#8217;n\u0131n \u00e7evresel de\u011ferlerini koruma ad\u0131na at\u0131lan \u00f6nemli bir ad\u0131m olarak \u00f6ne \u00e7\u0131karken yap\u0131lan \u00e7al\u0131\u015fmalar ile Marmara Denizi\u2019nde olu\u015fan m\u00fcsilaj\u0131n da \u00f6n\u00fcne ge\u00e7ilmesi hedefleniyor. Bursa&#8217;n\u0131n \u00e7evresel s\u00fcrd\u00fcr\u00fclebilirli\u011fine katk\u0131 sa\u011flaman\u0131n ama\u00e7land\u0131\u011f\u0131 proje ile t\u00fcm kent payda\u015flar\u0131 bir araya gelerek di\u011fer kentlere \u00f6rnek te\u015fkil edecek do\u011fa dostu bir projeye imza at\u0131l\u0131yor. \u201cGELECE\u011eE BIRAKACA\u011eIMIZ EN DE\u011eERL\u0130 M\u0130RAS\u201d Bursa B\u00fcy\u00fck\u015fehir Belediye Ba\u015fkan\u0131 Mustafa Bozbey, konuyla ilgili yapt\u0131\u011f\u0131 a\u00e7\u0131klamada, &#8220;Nil\u00fcfer \u00c7ay\u0131, Bursa\u2019m\u0131z\u0131n en de\u011ferli su kaynaklar\u0131ndan biridir. Bu kayna\u011f\u0131 korumak, hem do\u011fam\u0131za hem de gelece\u011fimize olan sorumlulu\u011fumuzdur. Bunun gibi ortakla\u015fa y\u00fcr\u00fct\u00fclen \u00e7al\u0131\u015fmalarla Nil\u00fcfer \u00c7ay\u0131\u2019m\u0131z\u0131n daha temiz akmas\u0131n\u0131 sa\u011flamak, \u00e7evreye duyarl\u0131 bir Bursa hedefimize ula\u015fmak i\u00e7in \u00e7ok &hellip;","og_url":"https:\/\/denizcankizil.tr\/en\/haberler\/gundem\/bursa-nilufer-cayi-valilik-markajinda\/","og_site_name":"Av. Deniz Can K\u0131z\u0131l","article_published_time":"2025-02-05T14:41:51+00:00","author":"admin","twitter_card":"summary_large_image","twitter_misc":{"Written by":"admin","Estimated reading time":"5 minutes"},"schema":{"@context":"https:\/\/schema.org","@graph":[{"@type":"Article","@id":"https:\/\/denizcankizil.tr\/uk\/haberler\/gundem\/bursa-nilufer-cayi-valilik-markajinda\/#article","isPartOf":{"@id":"https:\/\/denizcankizil.tr\/uk\/haberler\/gundem\/bursa-nilufer-cayi-valilik-markajinda\/"},"author":{"name":"admin","@id":"https:\/\/denizcankizil.tr\/#\/schema\/person\/be3c05fe6a12686905512445d8185489"},"headline":"Bursa Nil\u00fcfer \u00c7ay\u0131 &#8216;Valilik&#8217; markaj\u0131nda","datePublished":"2025-02-05T14:41:51+00:00","mainEntityOfPage":{"@id":"https:\/\/denizcankizil.tr\/uk\/haberler\/gundem\/bursa-nilufer-cayi-valilik-markajinda\/"},"wordCount":1041,"commentCount":0,"publisher":{"@id":"https:\/\/denizcankizil.tr\/#organization"},"articleSection":["G\u00fcndem"],"inLanguage":"en-GB","potentialAction":[{"@type":"CommentAction","name":"Comment","target":["https:\/\/denizcankizil.tr\/uk\/haberler\/gundem\/bursa-nilufer-cayi-valilik-markajinda\/#respond"]}]},{"@type":"WebPage","@id":"https:\/\/denizcankizil.tr\/uk\/haberler\/gundem\/bursa-nilufer-cayi-valilik-markajinda\/","url":"https:\/\/denizcankizil.tr\/uk\/haberler\/gundem\/bursa-nilufer-cayi-valilik-markajinda\/","name":"Bursa Nil\u00fcfer \u00c7ay\u0131 'Valilik' markaj\u0131nda - Av. Deniz Can K\u0131z\u0131l","isPartOf":{"@id":"https:\/\/denizcankizil.tr\/#website"},"datePublished":"2025-02-05T14:41:51+00:00","breadcrumb":{"@id":"https:\/\/denizcankizil.tr\/uk\/haberler\/gundem\/bursa-nilufer-cayi-valilik-markajinda\/#breadcrumb"},"inLanguage":"en-GB","potentialAction":[{"@type":"ReadAction","target":["https:\/\/denizcankizil.tr\/uk\/haberler\/gundem\/bursa-nilufer-cayi-valilik-markajinda\/"]}]},{"@type":"BreadcrumbList","@id":"https:\/\/denizcankizil.tr\/uk\/haberler\/gundem\/bursa-nilufer-cayi-valilik-markajinda\/#breadcrumb","itemListElement":[{"@type":"ListItem","position":1,"name":"Home","item":"https:\/\/denizcankizil.tr\/de\/"},{"@type":"ListItem","position":2,"name":"Bursa Nil\u00fcfer \u00c7ay\u0131 &#8216;Valilik&#8217; markaj\u0131nda"}]},{"@type":"WebSite","@id":"https:\/\/denizcankizil.tr\/#website","url":"https:\/\/denizcankizil.tr\/","name":"Av. Deniz Can K\u0131z\u0131l","description":"Avukat Deniz Can K\u0131z\u0131l Antalya Barosu","publisher":{"@id":"https:\/\/denizcankizil.tr\/#organization"},"potentialAction":[{"@type":"SearchAction","target":{"@type":"EntryPoint","urlTemplate":"https:\/\/denizcankizil.tr\/?s={search_term_string}"},"query-input":{"@type":"PropertyValueSpecification","valueRequired":true,"valueName":"search_term_string"}}],"inLanguage":"en-GB"},{"@type":"Organization","@id":"https:\/\/denizcankizil.tr\/#organization","name":"Av. Deniz Can K\u0131z\u0131l","url":"https:\/\/denizcankizil.tr\/","logo":{"@type":"ImageObject","inLanguage":"en-GB","@id":"https:\/\/denizcankizil.tr\/#\/schema\/logo\/image\/","url":"https:\/\/denizcankizil.tr\/wp-content\/uploads\/2024\/10\/siyah-logo-svg.svg","contentUrl":"https:\/\/denizcankizil.tr\/wp-content\/uploads\/2024\/10\/siyah-logo-svg.svg","width":1080,"height":1080,"caption":"Av. Deniz Can K\u0131z\u0131l"},"image":{"@id":"https:\/\/denizcankizil.tr\/#\/schema\/logo\/image\/"}},{"@type":"Person","@id":"https:\/\/denizcankizil.tr\/#\/schema\/person\/be3c05fe6a12686905512445d8185489","name":"admin","image":{"@type":"ImageObject","inLanguage":"en-GB","@id":"https:\/\/denizcankizil.tr\/#\/schema\/person\/image\/","url":"https:\/\/secure.gravatar.com\/avatar\/c1fce94c830dc79107e174f890d7210541c4a63e8e5d816341794a2151c9d58c?s=96&d=mm&r=g","contentUrl":"https:\/\/secure.gravatar.com\/avatar\/c1fce94c830dc79107e174f890d7210541c4a63e8e5d816341794a2151c9d58c?s=96&d=mm&r=g","caption":"admin"},"sameAs":["http:\/\/denizcankizil.tr"],"url":"https:\/\/www.iskenderun.org\/bursa-nilufer-cayi-valilik-markajinda"}]}},"_links":{"self":[{"href":"https:\/\/denizcankizil.tr\/en\/wp-json\/wp\/v2\/posts\/30431","targetHints":{"allow":["GET"]}}],"collection":[{"href":"https:\/\/denizcankizil.tr\/en\/wp-json\/wp\/v2\/posts"}],"about":[{"href":"https:\/\/denizcankizil.tr\/en\/wp-json\/wp\/v2\/types\/post"}],"author":[{"embeddable":true,"href":"https:\/\/denizcankizil.tr\/en\/wp-json\/wp\/v2\/users\/1"}],"replies":[{"embeddable":true,"href":"https:\/\/denizcankizil.tr\/en\/wp-json\/wp\/v2\/comments?post=30431"}],"version-history":[{"count":0,"href":"https:\/\/denizcankizil.tr\/en\/wp-json\/wp\/v2\/posts\/30431\/revisions"}],"wp:attachment":[{"href":"https:\/\/denizcankizil.tr\/en\/wp-json\/wp\/v2\/media?parent=30431"}],"wp:term":[{"taxonomy":"category","embeddable":true,"href":"https:\/\/denizcankizil.tr\/en\/wp-json\/wp\/v2\/categories?post=30431"},{"taxonomy":"post_tag","embeddable":true,"href":"https:\/\/denizcankizil.tr\/en\/wp-json\/wp\/v2\/tags?post=30431"}],"curies":[{"name":"wp","href":"https:\/\/api.w.org\/{rel}","templated":true}]}}