{"id":30339,"date":"2025-02-05T12:42:00","date_gmt":"2025-02-05T09:42:00","guid":{"rendered":"https:\/\/denizcankizil.tr\/uncategorized-tr\/antalyada-kaygilandiran-deprem-uyarisi-kaderine-terk-edilen-binalar-yikilacak\/"},"modified":"2025-02-05T12:42:00","modified_gmt":"2025-02-05T09:42:00","slug":"antalyada-kaygilandiran-deprem-uyarisi-kaderine-terk-edilen-binalar-yikilacak","status":"publish","type":"post","link":"https:\/\/denizcankizil.tr\/en\/haberler\/gundem\/antalyada-kaygilandiran-deprem-uyarisi-kaderine-terk-edilen-binalar-yikilacak\/","title":{"rendered":"Antalya\u2019da kayg\u0131land\u0131ran deprem uyar\u0131s\u0131: Kaderine terk edilen binalar y\u0131k\u0131lacak!"},"content":{"rendered":"<p>Kahramanmara\u015f\u2019\u0131n Pazarc\u0131k ve Elbistan il\u00e7elerinde 6 \u015eubat 2023 tarihi saat 04.17&#8217;de 7.7 ve 7.6 b\u00fcy\u00fckl\u00fc\u011f\u00fcnde iki b\u00fcy\u00fck deprem meydana geldi. Kahramanmara\u015f&#8217;\u0131n yan\u0131 s\u0131ra ba\u015fta Gaziantep, Hatay, Kilis, Ad\u0131yaman olmak \u00fczere 11 ilde y\u0131k\u0131ma neden olan 6 \u015eubat depremi nedeniyle 53 bin 537 ki\u015fi \u00f6ld\u00fc, 107 bin 213 ki\u015fi de yaraland\u0131. Cumhuriyet tarihinin en b\u00fcy\u00fck depremi olarak kabul edilen 6 \u015eubat 2023 depremlerinin \u00fczerinden 2 y\u0131l ge\u00e7ti. Depremler 11 ilde 14 milyonu a\u015fk\u0131n n\u00fcfusu do\u011frudan etkiledi. 6 \u015eubat depremleri b\u00fcy\u00fckl\u00fc\u011f\u00fc, \u015fiddeti, y\u0131k\u0131c\u0131l\u0131\u011f\u0131 ve ivmeleri a\u00e7\u0131s\u0131ndan yer bilimcilerin ve sismologlar\u0131n da beklentisini a\u015fan bir deprem olarak kay\u0131tlara ge\u00e7ti.\u00a0 TMMOB \u0130n\u015faat M\u00fchendisleri Odas\u0131 Antalya \u015eubesi Ba\u015fkan\u0131 Mehmet Soner Akdo\u011fan ve y\u00f6netim kurulu \u00fcyeleri depremin ikinci y\u0131l\u0131nda bas\u0131n mensuplar\u0131 ile bir araya geldi. T\u00fcrkiye\u2019de d\u00f6n\u00fc\u015fmesi gereken 7 milyon konutun oldu\u011funa dikkat \u00e7eken Akdo\u011fan, 15 y\u0131lda 700 bin yap\u0131n\u0131n ancak d\u00f6n\u00fc\u015ft\u00fcrebildi\u011fini s\u00f6yledi. Yap\u0131 stokunun yetersiz oldu\u011funa dikkat \u00e7eken Akdo\u011fan, 2000 y\u0131l\u0131 \u00f6ncesine yap\u0131lan onlarca binan\u0131n kaderine terk edildi\u011fini ve bu binalar\u0131n olas\u0131 bir depremde y\u0131k\u0131laca\u011f\u0131n\u0131 s\u00f6zlerine ekledi. Binalar\u0131n da insanlar gibi nefes al\u0131p verdi\u011fine dikkat \u00e7eken Akdo\u011fan, vatanda\u015flar\u0131n arabalar\u0131na bakt\u0131\u011f\u0131 gibi binalar\u0131na da bak\u0131m yapmas\u0131 gerekti\u011fini s\u00f6yledi.\u00a0<\/p>\n<p>KADER\u0130NE TERK ED\u0130LEN YAPILAN YIKILACAK<\/p>\n<p>Antalya K\u00f6rfez Gazetesi muhabiri Ertu\u011frul G\u00fcn&#8217;\u00fcn haberine g\u00f6re; Akdo\u011fan, \u201cKahramanmara\u015f\u2019\u0131n Pazarc\u0131k ve Elbistan il\u00e7elerinde meydana gelen depremlerde 50 binden fazla vatanda\u015f hayat\u0131n\u0131 kaybetti. Bunlar resmi rakam bunun \u00fczerinde de olabilir. Ge\u00e7en y\u0131l 30 binin \u00fczerinde deprem meydana geldi. Deprem bir do\u011fa olay\u0131d\u0131r, afete d\u00f6n\u00fc\u015fmesi binalar\u0131n y\u0131k\u0131lmas\u0131 ile ger\u00e7e\u011fe d\u00f6n\u00fc\u015f\u00fcyor. Ge\u00e7en y\u0131l ya\u015fanan depremleri hat\u0131rlam\u0131yoruz. 6 \u015eubat tarihini ise unutmuyoruz. Bu ac\u0131 tablonun bir sonucudur. Olay\u0131 deprem \u015furada m\u0131 olacak burada m\u0131 olacak olay\u0131na indirgedik. Her an her yerde y\u0131k\u0131c\u0131 bir deprem olabilir. Depremle ilgili al\u0131nacak \u00f6nlemleri konu\u015fmam\u0131z gerekir. Birincisi en \u00f6nemlisi sa\u011fl\u0131kl\u0131 yap\u0131 \u00fcretimi ger\u00e7ekle\u015ftirilemiyor. Bunun teknik yolu \u00e7ok basit. \u0130kincisi mevcut yap\u0131 stokudur. 3 tane tedbir var. Kentsel d\u00f6n\u00fc\u015f\u00fcm uygulamalar\u0131 burada \u00f6ne \u00e7\u0131k\u0131yor. Acil d\u00f6n\u00fc\u015fmesi gerek 7 milyon yap\u0131 var. 15 y\u0131lda 700 bin yap\u0131 ancak d\u00f6n\u00fc\u015ft\u00fc. 2000 y\u0131l\u0131 \u00f6ncesi yap\u0131lan yap\u0131lar tehlikeli yap\u0131lard\u0131r. Yap\u0131lar\u0131n g\u00fc\u00e7lendirilmesini g\u00fcndemimize alm\u0131yoruz. Bug\u00fcn Antalya \u00fczerinde bile konu\u015fsak yap\u0131lar\u0131n \u00e7o\u011fu 2000 y\u0131l\u0131 \u00f6ncesi yap\u0131lard\u0131r. 20 y\u0131l sonra Hatay\u2019daki sa\u011fl\u0131k sorunlar\u0131n\u0131 konu\u015fmaya ba\u015flayaca\u011f\u0131z. Bu kadar asbese maruz kalmak ne kadar mant\u0131kl\u0131d\u0131r? Bilimsel veriler var, yap\u0131lan g\u00fc\u00e7lendirilmesi neden bizim g\u00fcndemimize gelmiyor. Yap\u0131n\u0131n d\u00f6n\u00fc\u015fmesi i\u00e7in ortada basit bir y\u00f6ntem var. 3-4 ayda bir bina g\u00fc\u00e7lendirilebilir. Bununla ilgili bir talep yok, te\u015fvik yok, kamuoyu olu\u015fturma yok\u201d dedi.\u00a0<\/p>\n<p>HER AN HER YERDE DEPREM OLAB\u0130L\u0130R<\/p>\n<p>Antalya\u2019da olas\u0131 bir depremde \u015fehrin bo\u015falt\u0131lamayaca\u011f\u0131n\u0131 belirten Mehmet Soner Akdo\u011fan, \u201c\u015eurada deprem olacak burada deprem olacak s\u00f6ylentileri do\u011fru de\u011fil. T\u00fcrkiye\u2019nin her yerinde olabilir. Depremci arkada\u015fa prim vermeyelim. Bir harita var, bunu ticaret d\u00f6kenler var. Bu arkada\u015flara prim vermeyelim. T\u00fcrkiye bir deprem \u00fclkesidir. Meslek odalar\u0131na y\u00f6nelik ele\u015ftiriler var. Bizler ellerinde yetkisi olan kurumlar de\u011filiz. Kamusal sorumluluklar\u0131m\u0131z var. S\u00fcrekli meslek odalar\u0131n\u0131n neden sessiz oldu\u011fu konu\u015fuluyor. Bu sorunlar bizim \u00e7\u00f6zmemiz gereken sorunlar m\u0131? Konyaalt\u0131\u2019nda i\u015fgalleri \u00e7\u00f6zmek bizim i\u015fimiz mi? Defalarca a\u00e7\u0131klama yapt\u0131k. Halk\u0131n denize girece\u011fi alanlar her ge\u00e7en g\u00fcn azal\u0131yor. Ben her g\u00fcn \u00e7\u0131k\u0131p sahil mi demeliyim, bunun takibini ben mi yapaca\u011f\u0131m. Falezlerde ruhsat\u0131 kim veriyor o bile de\u011fil. Belediye bakanl\u0131\u011fa bakanl\u0131k belediyeye at\u0131yor. Herkes bir top \u00e7eviriyor, bizim 2010 y\u0131l\u0131nda bir kayd\u0131m\u0131z var. 2010 y\u0131l\u0131ndan bu yana ya\u015fananlar adeta bir faciad\u0131r. Engelli vatanda\u015flar\u0131m\u0131z\u0131 bile kullan\u0131yorlar. Onlar ad\u0131na asans\u00f6r yapt\u0131k diye \u00f6v\u00fcn\u00fcyorlar. Bir eksik \u0131\u015f\u0131kland\u0131rma vard\u0131, onu da yap\u0131n. Plan de\u011fi\u015fikliklerine y\u00f6nelik de a\u00e7\u0131klamalar\u0131m\u0131z oldu\u201d s\u00f6zlerine yer verdi.\u00a0 Mehmet Soner Akdo\u011fan, plan de\u011fi\u015fikliklerinin \u015fah\u0131slara g\u00f6re yap\u0131lmamas\u0131 gerekti\u011fi uyar\u0131s\u0131nda bulundu. Deprem konusunda herkesin her \u015feyden haberinin oldu\u011funu ifade eden Akdo\u011fan, idarecilere b\u00fcy\u00fck g\u00f6revler d\u00fc\u015ft\u00fc\u011f\u00fcn\u00fc kaydetti.\u00a0<\/p>\n<p>\u200bKahramanmara\u015f\u2019\u0131n Pazarc\u0131k ve Elbistan il\u00e7elerinde 6 \u015eubat 2023 y\u0131l\u0131nda meydana gelen depremlerde 50 binin \u00fczerinde ki\u015fi enkaz alt\u0131nda kalarak hayat\u0131n\u0131 kaybetti. TMMOB \u0130n\u015faat M\u00fchendisleri Odas\u0131 Antalya \u015eubesi deprem ger\u00e7e\u011fine bir kez daha dikkat \u00e7ekti. Ba\u015fkan Akdo\u011fan, olas\u0131 bir depremde Antalya\u2019da 2000 y\u0131l\u0131 \u00f6ncesi yap\u0131lan ve kaderine terk edilen yap\u0131lar\u0131n bir\u00e7o\u011funun y\u0131k\u0131larak binlerce insan\u0131n enkaz alt\u0131nda kalaca\u011f\u0131n\u0131 belirtti.\u00a0<\/p>\n<p>\u200bHaberin Al\u0131nt\u0131land\u0131\u011f\u0131 Kaynak: www.antalyakorfez.com<\/p>","protected":false},"excerpt":{"rendered":"<p>Kahramanmara\u015f\u2019\u0131n Pazarc\u0131k ve Elbistan il\u00e7elerinde 6 \u015eubat 2023 tarihi saat 04.17&#8217;de 7.7 ve 7.6 b\u00fcy\u00fckl\u00fc\u011f\u00fcnde iki b\u00fcy\u00fck deprem meydana geldi. Kahramanmara\u015f&#8217;\u0131n yan\u0131 s\u0131ra ba\u015fta Gaziantep, Hatay, Kilis, Ad\u0131yaman olmak \u00fczere 11 ilde y\u0131k\u0131ma neden olan 6 \u015eubat depremi nedeniyle 53 bin 537 ki\u015fi \u00f6ld\u00fc, 107 bin 213 ki\u015fi de yaraland\u0131. Cumhuriyet tarihinin en b\u00fcy\u00fck depremi olarak kabul edilen 6 \u015eubat 2023 depremlerinin \u00fczerinden 2 y\u0131l ge\u00e7ti. Depremler 11 ilde 14 milyonu a\u015fk\u0131n n\u00fcfusu do\u011frudan etkiledi. 6 \u015eubat depremleri b\u00fcy\u00fckl\u00fc\u011f\u00fc, \u015fiddeti, y\u0131k\u0131c\u0131l\u0131\u011f\u0131 ve ivmeleri a\u00e7\u0131s\u0131ndan yer bilimcilerin ve sismologlar\u0131n da beklentisini a\u015fan bir deprem olarak kay\u0131tlara ge\u00e7ti.\u00a0 TMMOB \u0130n\u015faat M\u00fchendisleri Odas\u0131 Antalya \u015eubesi Ba\u015fkan\u0131 Mehmet Soner Akdo\u011fan ve y\u00f6netim kurulu \u00fcyeleri depremin ikinci y\u0131l\u0131nda bas\u0131n mensuplar\u0131 ile bir araya geldi. T\u00fcrkiye\u2019de d\u00f6n\u00fc\u015fmesi gereken 7 milyon konutun oldu\u011funa dikkat \u00e7eken Akdo\u011fan, 15 y\u0131lda 700 bin yap\u0131n\u0131n ancak d\u00f6n\u00fc\u015ft\u00fcrebildi\u011fini s\u00f6yledi. Yap\u0131 stokunun yetersiz oldu\u011funa dikkat \u00e7eken Akdo\u011fan, 2000 y\u0131l\u0131 \u00f6ncesine yap\u0131lan onlarca binan\u0131n kaderine terk edildi\u011fini ve bu binalar\u0131n olas\u0131 bir depremde y\u0131k\u0131laca\u011f\u0131n\u0131 s\u00f6zlerine ekledi. Binalar\u0131n da insanlar gibi nefes al\u0131p verdi\u011fine dikkat \u00e7eken Akdo\u011fan, vatanda\u015flar\u0131n arabalar\u0131na bakt\u0131\u011f\u0131 gibi binalar\u0131na da bak\u0131m yapmas\u0131 gerekti\u011fini s\u00f6yledi.\u00a0 KADER\u0130NE TERK ED\u0130LEN YAPILAN YIKILACAK Antalya K\u00f6rfez Gazetesi muhabiri Ertu\u011frul G\u00fcn&#8217;\u00fcn haberine g\u00f6re; Akdo\u011fan, \u201cKahramanmara\u015f\u2019\u0131n Pazarc\u0131k ve Elbistan &hellip;<\/p>","protected":false},"author":5,"featured_media":0,"comment_status":"open","ping_status":"open","sticky":false,"template":"","format":"standard","meta":{"_acf_changed":false,"footnotes":""},"categories":[24],"tags":[],"class_list":["post-30339","post","type-post","status-publish","format-standard","has-post-thumbnail","hentry","category-gundem"],"acf":[],"yoast_head":"<!-- This site is optimized with the Yoast SEO Premium plugin v26.6 (Yoast SEO v27.1.1) - https:\/\/yoast.com\/product\/yoast-seo-premium-wordpress\/ -->\n<title>Antalya\u2019da kayg\u0131land\u0131ran deprem uyar\u0131s\u0131: Kaderine terk edilen binalar y\u0131k\u0131lacak! - Av. Deniz Can K\u0131z\u0131l<\/title>\n<meta name=\"robots\" content=\"index, follow, max-snippet:-1, max-image-preview:large, max-video-preview:-1\" \/>\n<link rel=\"canonical\" href=\"https:\/\/denizcankizil.tr\/en\/haberler\/gundem\/antalyada-kaygilandiran-deprem-uyarisi-kaderine-terk-edilen-binalar-yikilacak\/\" \/>\n<meta property=\"og:locale\" content=\"en_GB\" \/>\n<meta property=\"og:type\" content=\"article\" \/>\n<meta property=\"og:title\" content=\"Antalya\u2019da kayg\u0131land\u0131ran deprem uyar\u0131s\u0131: Kaderine terk edilen binalar y\u0131k\u0131lacak!\" \/>\n<meta property=\"og:description\" content=\"Kahramanmara\u015f\u2019\u0131n Pazarc\u0131k ve Elbistan il\u00e7elerinde 6 \u015eubat 2023 tarihi saat 04.17&#8217;de 7.7 ve 7.6 b\u00fcy\u00fckl\u00fc\u011f\u00fcnde iki b\u00fcy\u00fck deprem meydana geldi. Kahramanmara\u015f&#8217;\u0131n yan\u0131 s\u0131ra ba\u015fta Gaziantep, Hatay, Kilis, Ad\u0131yaman olmak \u00fczere 11 ilde y\u0131k\u0131ma neden olan 6 \u015eubat depremi nedeniyle 53 bin 537 ki\u015fi \u00f6ld\u00fc, 107 bin 213 ki\u015fi de yaraland\u0131. Cumhuriyet tarihinin en b\u00fcy\u00fck depremi olarak kabul edilen 6 \u015eubat 2023 depremlerinin \u00fczerinden 2 y\u0131l ge\u00e7ti. Depremler 11 ilde 14 milyonu a\u015fk\u0131n n\u00fcfusu do\u011frudan etkiledi. 6 \u015eubat depremleri b\u00fcy\u00fckl\u00fc\u011f\u00fc, \u015fiddeti, y\u0131k\u0131c\u0131l\u0131\u011f\u0131 ve ivmeleri a\u00e7\u0131s\u0131ndan yer bilimcilerin ve sismologlar\u0131n da beklentisini a\u015fan bir deprem olarak kay\u0131tlara ge\u00e7ti.\u00a0 TMMOB \u0130n\u015faat M\u00fchendisleri Odas\u0131 Antalya \u015eubesi Ba\u015fkan\u0131 Mehmet Soner Akdo\u011fan ve y\u00f6netim kurulu \u00fcyeleri depremin ikinci y\u0131l\u0131nda bas\u0131n mensuplar\u0131 ile bir araya geldi. T\u00fcrkiye\u2019de d\u00f6n\u00fc\u015fmesi gereken 7 milyon konutun oldu\u011funa dikkat \u00e7eken Akdo\u011fan, 15 y\u0131lda 700 bin yap\u0131n\u0131n ancak d\u00f6n\u00fc\u015ft\u00fcrebildi\u011fini s\u00f6yledi. Yap\u0131 stokunun yetersiz oldu\u011funa dikkat \u00e7eken Akdo\u011fan, 2000 y\u0131l\u0131 \u00f6ncesine yap\u0131lan onlarca binan\u0131n kaderine terk edildi\u011fini ve bu binalar\u0131n olas\u0131 bir depremde y\u0131k\u0131laca\u011f\u0131n\u0131 s\u00f6zlerine ekledi. Binalar\u0131n da insanlar gibi nefes al\u0131p verdi\u011fine dikkat \u00e7eken Akdo\u011fan, vatanda\u015flar\u0131n arabalar\u0131na bakt\u0131\u011f\u0131 gibi binalar\u0131na da bak\u0131m yapmas\u0131 gerekti\u011fini s\u00f6yledi.\u00a0 KADER\u0130NE TERK ED\u0130LEN YAPILAN YIKILACAK Antalya K\u00f6rfez Gazetesi muhabiri Ertu\u011frul G\u00fcn&#8217;\u00fcn haberine g\u00f6re; Akdo\u011fan, \u201cKahramanmara\u015f\u2019\u0131n Pazarc\u0131k ve Elbistan &hellip;\" \/>\n<meta property=\"og:url\" content=\"https:\/\/denizcankizil.tr\/en\/haberler\/gundem\/antalyada-kaygilandiran-deprem-uyarisi-kaderine-terk-edilen-binalar-yikilacak\/\" \/>\n<meta property=\"og:site_name\" content=\"Av. Deniz Can K\u0131z\u0131l\" \/>\n<meta property=\"article:published_time\" content=\"2025-02-05T09:42:00+00:00\" \/>\n<meta name=\"author\" content=\"Antalya K\u00f6rfez\" \/>\n<meta name=\"twitter:card\" content=\"summary_large_image\" \/>\n<meta name=\"twitter:label1\" content=\"Written by\" \/>\n\t<meta name=\"twitter:data1\" content=\"Antalya K\u00f6rfez\" \/>\n\t<meta name=\"twitter:label2\" content=\"Estimated reading time\" \/>\n\t<meta name=\"twitter:data2\" content=\"4 minutes\" \/>\n<script type=\"application\/ld+json\" class=\"yoast-schema-graph\">{\"@context\":\"https:\/\/schema.org\",\"@graph\":[{\"@type\":\"Article\",\"@id\":\"https:\/\/denizcankizil.tr\/en\/haberler\/gundem\/antalyada-kaygilandiran-deprem-uyarisi-kaderine-terk-edilen-binalar-yikilacak\/#article\",\"isPartOf\":{\"@id\":\"https:\/\/denizcankizil.tr\/en\/haberler\/gundem\/antalyada-kaygilandiran-deprem-uyarisi-kaderine-terk-edilen-binalar-yikilacak\/\"},\"author\":{\"name\":\"Antalya K\u00f6rfez\",\"@id\":\"https:\/\/denizcankizil.tr\/#\/schema\/person\/e1eb71bb4dd684d46563f0af307e1234\"},\"headline\":\"Antalya\u2019da kayg\u0131land\u0131ran deprem uyar\u0131s\u0131: Kaderine terk edilen binalar y\u0131k\u0131lacak!\",\"datePublished\":\"2025-02-05T09:42:00+00:00\",\"mainEntityOfPage\":{\"@id\":\"https:\/\/denizcankizil.tr\/en\/haberler\/gundem\/antalyada-kaygilandiran-deprem-uyarisi-kaderine-terk-edilen-binalar-yikilacak\/\"},\"wordCount\":898,\"commentCount\":0,\"publisher\":{\"@id\":\"https:\/\/denizcankizil.tr\/#organization\"},\"articleSection\":[\"G\u00fcndem\"],\"inLanguage\":\"en-GB\",\"potentialAction\":[{\"@type\":\"CommentAction\",\"name\":\"Comment\",\"target\":[\"https:\/\/denizcankizil.tr\/en\/haberler\/gundem\/antalyada-kaygilandiran-deprem-uyarisi-kaderine-terk-edilen-binalar-yikilacak\/#respond\"]}]},{\"@type\":\"WebPage\",\"@id\":\"https:\/\/denizcankizil.tr\/en\/haberler\/gundem\/antalyada-kaygilandiran-deprem-uyarisi-kaderine-terk-edilen-binalar-yikilacak\/\",\"url\":\"https:\/\/denizcankizil.tr\/en\/haberler\/gundem\/antalyada-kaygilandiran-deprem-uyarisi-kaderine-terk-edilen-binalar-yikilacak\/\",\"name\":\"Antalya\u2019da kayg\u0131land\u0131ran deprem uyar\u0131s\u0131: Kaderine terk edilen binalar y\u0131k\u0131lacak! - Av. Deniz Can K\u0131z\u0131l\",\"isPartOf\":{\"@id\":\"https:\/\/denizcankizil.tr\/#website\"},\"datePublished\":\"2025-02-05T09:42:00+00:00\",\"breadcrumb\":{\"@id\":\"https:\/\/denizcankizil.tr\/en\/haberler\/gundem\/antalyada-kaygilandiran-deprem-uyarisi-kaderine-terk-edilen-binalar-yikilacak\/#breadcrumb\"},\"inLanguage\":\"en-GB\",\"potentialAction\":[{\"@type\":\"ReadAction\",\"target\":[\"https:\/\/denizcankizil.tr\/en\/haberler\/gundem\/antalyada-kaygilandiran-deprem-uyarisi-kaderine-terk-edilen-binalar-yikilacak\/\"]}]},{\"@type\":\"BreadcrumbList\",\"@id\":\"https:\/\/denizcankizil.tr\/en\/haberler\/gundem\/antalyada-kaygilandiran-deprem-uyarisi-kaderine-terk-edilen-binalar-yikilacak\/#breadcrumb\",\"itemListElement\":[{\"@type\":\"ListItem\",\"position\":1,\"name\":\"Home\",\"item\":\"https:\/\/denizcankizil.tr\/de\/\"},{\"@type\":\"ListItem\",\"position\":2,\"name\":\"Antalya\u2019da kayg\u0131land\u0131ran deprem uyar\u0131s\u0131: Kaderine terk edilen binalar y\u0131k\u0131lacak!\"}]},{\"@type\":\"WebSite\",\"@id\":\"https:\/\/denizcankizil.tr\/#website\",\"url\":\"https:\/\/denizcankizil.tr\/\",\"name\":\"Av. Deniz Can K\u0131z\u0131l\",\"description\":\"Avukat Deniz Can K\u0131z\u0131l Antalya Barosu\",\"publisher\":{\"@id\":\"https:\/\/denizcankizil.tr\/#organization\"},\"potentialAction\":[{\"@type\":\"SearchAction\",\"target\":{\"@type\":\"EntryPoint\",\"urlTemplate\":\"https:\/\/denizcankizil.tr\/?s={search_term_string}\"},\"query-input\":{\"@type\":\"PropertyValueSpecification\",\"valueRequired\":true,\"valueName\":\"search_term_string\"}}],\"inLanguage\":\"en-GB\"},{\"@type\":\"Organization\",\"@id\":\"https:\/\/denizcankizil.tr\/#organization\",\"name\":\"Av. Deniz Can K\u0131z\u0131l\",\"url\":\"https:\/\/denizcankizil.tr\/\",\"logo\":{\"@type\":\"ImageObject\",\"inLanguage\":\"en-GB\",\"@id\":\"https:\/\/denizcankizil.tr\/#\/schema\/logo\/image\/\",\"url\":\"https:\/\/denizcankizil.tr\/wp-content\/uploads\/2024\/10\/siyah-logo-svg.svg\",\"contentUrl\":\"https:\/\/denizcankizil.tr\/wp-content\/uploads\/2024\/10\/siyah-logo-svg.svg\",\"width\":1080,\"height\":1080,\"caption\":\"Av. Deniz Can K\u0131z\u0131l\"},\"image\":{\"@id\":\"https:\/\/denizcankizil.tr\/#\/schema\/logo\/image\/\"}},{\"@type\":\"Person\",\"@id\":\"https:\/\/denizcankizil.tr\/#\/schema\/person\/e1eb71bb4dd684d46563f0af307e1234\",\"name\":\"Antalya K\u00f6rfez\",\"image\":{\"@type\":\"ImageObject\",\"inLanguage\":\"en-GB\",\"@id\":\"https:\/\/denizcankizil.tr\/#\/schema\/person\/image\/\",\"url\":\"https:\/\/secure.gravatar.com\/avatar\/42b01982558a48a0b501fdcab6a408d3717ea5919095ee2e67b0e521799c5905?s=96&d=mm&r=g\",\"contentUrl\":\"https:\/\/secure.gravatar.com\/avatar\/42b01982558a48a0b501fdcab6a408d3717ea5919095ee2e67b0e521799c5905?s=96&d=mm&r=g\",\"caption\":\"Antalya K\u00f6rfez\"},\"sameAs\":[\"http:\/\/www.antalyakorfez.com\"],\"url\":\"https:\/\/www.antalyakorfez.com\/antalyada-kaygilandiran-deprem-uyarisi-kaderine-terk-edilen-binalar-yikilacak\"}]}<\/script>\n<!-- \/ Yoast SEO Premium plugin. -->","yoast_head_json":{"title":"Antalya\u2019da kayg\u0131land\u0131ran deprem uyar\u0131s\u0131: Kaderine terk edilen binalar y\u0131k\u0131lacak! - Av. Deniz Can K\u0131z\u0131l","robots":{"index":"index","follow":"follow","max-snippet":"max-snippet:-1","max-image-preview":"max-image-preview:large","max-video-preview":"max-video-preview:-1"},"canonical":"https:\/\/denizcankizil.tr\/en\/haberler\/gundem\/antalyada-kaygilandiran-deprem-uyarisi-kaderine-terk-edilen-binalar-yikilacak\/","og_locale":"en_GB","og_type":"article","og_title":"Antalya\u2019da kayg\u0131land\u0131ran deprem uyar\u0131s\u0131: Kaderine terk edilen binalar y\u0131k\u0131lacak!","og_description":"Kahramanmara\u015f\u2019\u0131n Pazarc\u0131k ve Elbistan il\u00e7elerinde 6 \u015eubat 2023 tarihi saat 04.17&#8217;de 7.7 ve 7.6 b\u00fcy\u00fckl\u00fc\u011f\u00fcnde iki b\u00fcy\u00fck deprem meydana geldi. Kahramanmara\u015f&#8217;\u0131n yan\u0131 s\u0131ra ba\u015fta Gaziantep, Hatay, Kilis, Ad\u0131yaman olmak \u00fczere 11 ilde y\u0131k\u0131ma neden olan 6 \u015eubat depremi nedeniyle 53 bin 537 ki\u015fi \u00f6ld\u00fc, 107 bin 213 ki\u015fi de yaraland\u0131. Cumhuriyet tarihinin en b\u00fcy\u00fck depremi olarak kabul edilen 6 \u015eubat 2023 depremlerinin \u00fczerinden 2 y\u0131l ge\u00e7ti. Depremler 11 ilde 14 milyonu a\u015fk\u0131n n\u00fcfusu do\u011frudan etkiledi. 6 \u015eubat depremleri b\u00fcy\u00fckl\u00fc\u011f\u00fc, \u015fiddeti, y\u0131k\u0131c\u0131l\u0131\u011f\u0131 ve ivmeleri a\u00e7\u0131s\u0131ndan yer bilimcilerin ve sismologlar\u0131n da beklentisini a\u015fan bir deprem olarak kay\u0131tlara ge\u00e7ti.\u00a0 TMMOB \u0130n\u015faat M\u00fchendisleri Odas\u0131 Antalya \u015eubesi Ba\u015fkan\u0131 Mehmet Soner Akdo\u011fan ve y\u00f6netim kurulu \u00fcyeleri depremin ikinci y\u0131l\u0131nda bas\u0131n mensuplar\u0131 ile bir araya geldi. T\u00fcrkiye\u2019de d\u00f6n\u00fc\u015fmesi gereken 7 milyon konutun oldu\u011funa dikkat \u00e7eken Akdo\u011fan, 15 y\u0131lda 700 bin yap\u0131n\u0131n ancak d\u00f6n\u00fc\u015ft\u00fcrebildi\u011fini s\u00f6yledi. Yap\u0131 stokunun yetersiz oldu\u011funa dikkat \u00e7eken Akdo\u011fan, 2000 y\u0131l\u0131 \u00f6ncesine yap\u0131lan onlarca binan\u0131n kaderine terk edildi\u011fini ve bu binalar\u0131n olas\u0131 bir depremde y\u0131k\u0131laca\u011f\u0131n\u0131 s\u00f6zlerine ekledi. Binalar\u0131n da insanlar gibi nefes al\u0131p verdi\u011fine dikkat \u00e7eken Akdo\u011fan, vatanda\u015flar\u0131n arabalar\u0131na bakt\u0131\u011f\u0131 gibi binalar\u0131na da bak\u0131m yapmas\u0131 gerekti\u011fini s\u00f6yledi.\u00a0 KADER\u0130NE TERK ED\u0130LEN YAPILAN YIKILACAK Antalya K\u00f6rfez Gazetesi muhabiri Ertu\u011frul G\u00fcn&#8217;\u00fcn haberine g\u00f6re; Akdo\u011fan, \u201cKahramanmara\u015f\u2019\u0131n Pazarc\u0131k ve Elbistan &hellip;","og_url":"https:\/\/denizcankizil.tr\/en\/haberler\/gundem\/antalyada-kaygilandiran-deprem-uyarisi-kaderine-terk-edilen-binalar-yikilacak\/","og_site_name":"Av. Deniz Can K\u0131z\u0131l","article_published_time":"2025-02-05T09:42:00+00:00","author":"Antalya K\u00f6rfez","twitter_card":"summary_large_image","twitter_misc":{"Written by":"Antalya K\u00f6rfez","Estimated reading time":"4 minutes"},"schema":{"@context":"https:\/\/schema.org","@graph":[{"@type":"Article","@id":"https:\/\/denizcankizil.tr\/en\/haberler\/gundem\/antalyada-kaygilandiran-deprem-uyarisi-kaderine-terk-edilen-binalar-yikilacak\/#article","isPartOf":{"@id":"https:\/\/denizcankizil.tr\/en\/haberler\/gundem\/antalyada-kaygilandiran-deprem-uyarisi-kaderine-terk-edilen-binalar-yikilacak\/"},"author":{"name":"Antalya K\u00f6rfez","@id":"https:\/\/denizcankizil.tr\/#\/schema\/person\/e1eb71bb4dd684d46563f0af307e1234"},"headline":"Antalya\u2019da kayg\u0131land\u0131ran deprem uyar\u0131s\u0131: Kaderine terk edilen binalar y\u0131k\u0131lacak!","datePublished":"2025-02-05T09:42:00+00:00","mainEntityOfPage":{"@id":"https:\/\/denizcankizil.tr\/en\/haberler\/gundem\/antalyada-kaygilandiran-deprem-uyarisi-kaderine-terk-edilen-binalar-yikilacak\/"},"wordCount":898,"commentCount":0,"publisher":{"@id":"https:\/\/denizcankizil.tr\/#organization"},"articleSection":["G\u00fcndem"],"inLanguage":"en-GB","potentialAction":[{"@type":"CommentAction","name":"Comment","target":["https:\/\/denizcankizil.tr\/en\/haberler\/gundem\/antalyada-kaygilandiran-deprem-uyarisi-kaderine-terk-edilen-binalar-yikilacak\/#respond"]}]},{"@type":"WebPage","@id":"https:\/\/denizcankizil.tr\/en\/haberler\/gundem\/antalyada-kaygilandiran-deprem-uyarisi-kaderine-terk-edilen-binalar-yikilacak\/","url":"https:\/\/denizcankizil.tr\/en\/haberler\/gundem\/antalyada-kaygilandiran-deprem-uyarisi-kaderine-terk-edilen-binalar-yikilacak\/","name":"Antalya\u2019da kayg\u0131land\u0131ran deprem uyar\u0131s\u0131: Kaderine terk edilen binalar y\u0131k\u0131lacak! - Av. Deniz Can K\u0131z\u0131l","isPartOf":{"@id":"https:\/\/denizcankizil.tr\/#website"},"datePublished":"2025-02-05T09:42:00+00:00","breadcrumb":{"@id":"https:\/\/denizcankizil.tr\/en\/haberler\/gundem\/antalyada-kaygilandiran-deprem-uyarisi-kaderine-terk-edilen-binalar-yikilacak\/#breadcrumb"},"inLanguage":"en-GB","potentialAction":[{"@type":"ReadAction","target":["https:\/\/denizcankizil.tr\/en\/haberler\/gundem\/antalyada-kaygilandiran-deprem-uyarisi-kaderine-terk-edilen-binalar-yikilacak\/"]}]},{"@type":"BreadcrumbList","@id":"https:\/\/denizcankizil.tr\/en\/haberler\/gundem\/antalyada-kaygilandiran-deprem-uyarisi-kaderine-terk-edilen-binalar-yikilacak\/#breadcrumb","itemListElement":[{"@type":"ListItem","position":1,"name":"Home","item":"https:\/\/denizcankizil.tr\/de\/"},{"@type":"ListItem","position":2,"name":"Antalya\u2019da kayg\u0131land\u0131ran deprem uyar\u0131s\u0131: Kaderine terk edilen binalar y\u0131k\u0131lacak!"}]},{"@type":"WebSite","@id":"https:\/\/denizcankizil.tr\/#website","url":"https:\/\/denizcankizil.tr\/","name":"Av. Deniz Can K\u0131z\u0131l","description":"Avukat Deniz Can K\u0131z\u0131l Antalya Barosu","publisher":{"@id":"https:\/\/denizcankizil.tr\/#organization"},"potentialAction":[{"@type":"SearchAction","target":{"@type":"EntryPoint","urlTemplate":"https:\/\/denizcankizil.tr\/?s={search_term_string}"},"query-input":{"@type":"PropertyValueSpecification","valueRequired":true,"valueName":"search_term_string"}}],"inLanguage":"en-GB"},{"@type":"Organization","@id":"https:\/\/denizcankizil.tr\/#organization","name":"Av. Deniz Can K\u0131z\u0131l","url":"https:\/\/denizcankizil.tr\/","logo":{"@type":"ImageObject","inLanguage":"en-GB","@id":"https:\/\/denizcankizil.tr\/#\/schema\/logo\/image\/","url":"https:\/\/denizcankizil.tr\/wp-content\/uploads\/2024\/10\/siyah-logo-svg.svg","contentUrl":"https:\/\/denizcankizil.tr\/wp-content\/uploads\/2024\/10\/siyah-logo-svg.svg","width":1080,"height":1080,"caption":"Av. Deniz Can K\u0131z\u0131l"},"image":{"@id":"https:\/\/denizcankizil.tr\/#\/schema\/logo\/image\/"}},{"@type":"Person","@id":"https:\/\/denizcankizil.tr\/#\/schema\/person\/e1eb71bb4dd684d46563f0af307e1234","name":"Antalya K\u00f6rfez","image":{"@type":"ImageObject","inLanguage":"en-GB","@id":"https:\/\/denizcankizil.tr\/#\/schema\/person\/image\/","url":"https:\/\/secure.gravatar.com\/avatar\/42b01982558a48a0b501fdcab6a408d3717ea5919095ee2e67b0e521799c5905?s=96&d=mm&r=g","contentUrl":"https:\/\/secure.gravatar.com\/avatar\/42b01982558a48a0b501fdcab6a408d3717ea5919095ee2e67b0e521799c5905?s=96&d=mm&r=g","caption":"Antalya K\u00f6rfez"},"sameAs":["http:\/\/www.antalyakorfez.com"],"url":"https:\/\/www.antalyakorfez.com\/antalyada-kaygilandiran-deprem-uyarisi-kaderine-terk-edilen-binalar-yikilacak"}]}},"_links":{"self":[{"href":"https:\/\/denizcankizil.tr\/en\/wp-json\/wp\/v2\/posts\/30339","targetHints":{"allow":["GET"]}}],"collection":[{"href":"https:\/\/denizcankizil.tr\/en\/wp-json\/wp\/v2\/posts"}],"about":[{"href":"https:\/\/denizcankizil.tr\/en\/wp-json\/wp\/v2\/types\/post"}],"author":[{"embeddable":true,"href":"https:\/\/denizcankizil.tr\/en\/wp-json\/wp\/v2\/users\/5"}],"replies":[{"embeddable":true,"href":"https:\/\/denizcankizil.tr\/en\/wp-json\/wp\/v2\/comments?post=30339"}],"version-history":[{"count":0,"href":"https:\/\/denizcankizil.tr\/en\/wp-json\/wp\/v2\/posts\/30339\/revisions"}],"wp:attachment":[{"href":"https:\/\/denizcankizil.tr\/en\/wp-json\/wp\/v2\/media?parent=30339"}],"wp:term":[{"taxonomy":"category","embeddable":true,"href":"https:\/\/denizcankizil.tr\/en\/wp-json\/wp\/v2\/categories?post=30339"},{"taxonomy":"post_tag","embeddable":true,"href":"https:\/\/denizcankizil.tr\/en\/wp-json\/wp\/v2\/tags?post=30339"}],"curies":[{"name":"wp","href":"https:\/\/api.w.org\/{rel}","templated":true}]}}