{"id":29843,"date":"2025-02-03T18:41:40","date_gmt":"2025-02-03T15:41:40","guid":{"rendered":"https:\/\/denizcankizil.tr\/uncategorized-tr\/kaldirim-isgaline-kim-dur-diyecek\/"},"modified":"2025-02-03T18:41:40","modified_gmt":"2025-02-03T15:41:40","slug":"kaldirim-isgaline-kim-dur-diyecek","status":"publish","type":"post","link":"https:\/\/denizcankizil.tr\/en\/haberler\/gundem\/kaldirim-isgaline-kim-dur-diyecek\/","title":{"rendered":"Kald\u0131r\u0131m i\u015fgaline kim dur diyecek?"},"content":{"rendered":"<p>D\u00fczce \u015fehir merkezinde esnaflar\u0131n yaya kald\u0131r\u0131mlar\u0131n\u0131 gere\u011finden fazlas\u0131yla i\u015fgal etmesi vatanda\u015f\u0131 can\u0131ndan bezdirdi.Sefer DEM\u0130R \/ D\u00dcZCE (\u0130GFA) &#8211;\u00a0\u00a0D\u00fczce&#8217;de Belediye binas\u0131na 100 metre mesafede kald\u0131r\u0131mlar\u0131n bu \u015fekilde i\u015fgal edilmesi ve zab\u0131tan\u0131n g\u00f6rmemesi yayalar\u0131 \u00e7ileden \u00e7\u0131kard\u0131.<br \/>\nEski Bolu caddesi \u00fczerinde bulunan kald\u0131r\u0131m\u0131n defalarca haber yap\u0131lmas\u0131na ra\u011fmen i\u015fgal edilmesi ve yetkililerin g\u00f6rmezden gelmesi b\u00f6lgede ya\u015fayan insanlar\u0131n tepkilerine neden oldu.<br \/>\nDefalarca kez belediyeyi aray\u0131p \u015fikayet ettiklerini ancak kimsenin buna \u00e7\u00f6z\u00fcm bulamad\u0131\u011f\u0131n\u0131 s\u00f6yleyen b\u00f6lge halk\u0131 &#8220;bir an \u00f6nce \u00e7\u00f6z\u00fcm bulunmas\u0131n\u0131 kald\u0131r\u0131mda rahat y\u00fcr\u00fcmek istediklerini &#8221; dile getirdiler.\u00a0<\/p>\n<p>\u200bD\u00fczce \u015fehir merkezinde esnaflar\u0131n yaya kald\u0131r\u0131mlar\u0131n\u0131 gere\u011finden fazlas\u0131yla i\u015fgal etmesi vatanda\u015f\u0131 can\u0131ndan bezdirdi.Sefer DEM\u0130R \/ D\u00dcZCE (\u0130GFA) &#8211;\u00a0\u00a0D\u00fczce&#8217;de Belediye binas\u0131na 100 metre mesafede kald\u0131r\u0131mlar\u0131n bu \u015fekilde i\u015fgal edilmesi ve zab\u0131tan\u0131n g\u00f6rmemesi yayalar\u0131 \u00e7ileden \u00e7\u0131kard\u0131.<br \/>\nEski Bolu caddesi \u00fczerinde bulunan kald\u0131r\u0131m\u0131n defalarca haber yap\u0131lmas\u0131na ra\u011fmen i\u015fgal edilmesi ve yetkililerin g\u00f6rmezden gelmesi b\u00f6lgede ya\u015fayan insanlar\u0131n tepkilerine neden oldu.<br \/>\nDefalarca kez belediyeyi aray\u0131p \u015fikayet ettiklerini ancak kimsenin buna \u00e7\u00f6z\u00fcm bulamad\u0131\u011f\u0131n\u0131 s\u00f6yleyen b\u00f6lge halk\u0131 &#8220;bir an \u00f6nce \u00e7\u00f6z\u00fcm bulunmas\u0131n\u0131 kald\u0131r\u0131mda rahat y\u00fcr\u00fcmek istediklerini &#8221; dile getirdiler.\u00a0\u00a0<\/p>\n<p>\u200bHaberin Al\u0131nt\u0131land\u0131\u011f\u0131 Kaynak: www.iskenderun.org<\/p>","protected":false},"excerpt":{"rendered":"<p>D\u00fczce \u015fehir merkezinde esnaflar\u0131n yaya kald\u0131r\u0131mlar\u0131n\u0131 gere\u011finden fazlas\u0131yla i\u015fgal etmesi vatanda\u015f\u0131 can\u0131ndan bezdirdi.Sefer DEM\u0130R \/ D\u00dcZCE (\u0130GFA) &#8211;\u00a0\u00a0D\u00fczce&#8217;de Belediye binas\u0131na 100 metre mesafede kald\u0131r\u0131mlar\u0131n bu \u015fekilde i\u015fgal edilmesi ve zab\u0131tan\u0131n g\u00f6rmemesi yayalar\u0131 \u00e7ileden \u00e7\u0131kard\u0131. Eski Bolu caddesi \u00fczerinde bulunan kald\u0131r\u0131m\u0131n defalarca haber yap\u0131lmas\u0131na ra\u011fmen i\u015fgal edilmesi ve yetkililerin g\u00f6rmezden gelmesi b\u00f6lgede ya\u015fayan insanlar\u0131n tepkilerine neden oldu. Defalarca kez belediyeyi aray\u0131p \u015fikayet ettiklerini ancak kimsenin buna \u00e7\u00f6z\u00fcm bulamad\u0131\u011f\u0131n\u0131 s\u00f6yleyen b\u00f6lge halk\u0131 &#8220;bir an \u00f6nce \u00e7\u00f6z\u00fcm bulunmas\u0131n\u0131 kald\u0131r\u0131mda rahat y\u00fcr\u00fcmek istediklerini &#8221; dile getirdiler.\u00a0 \u200bD\u00fczce \u015fehir merkezinde esnaflar\u0131n yaya kald\u0131r\u0131mlar\u0131n\u0131 gere\u011finden fazlas\u0131yla i\u015fgal etmesi vatanda\u015f\u0131 can\u0131ndan bezdirdi.Sefer DEM\u0130R \/ D\u00dcZCE (\u0130GFA) &#8211;\u00a0\u00a0D\u00fczce&#8217;de Belediye binas\u0131na 100 metre mesafede kald\u0131r\u0131mlar\u0131n bu \u015fekilde i\u015fgal edilmesi ve zab\u0131tan\u0131n g\u00f6rmemesi yayalar\u0131 \u00e7ileden \u00e7\u0131kard\u0131. Eski Bolu caddesi \u00fczerinde bulunan kald\u0131r\u0131m\u0131n defalarca haber yap\u0131lmas\u0131na ra\u011fmen i\u015fgal edilmesi ve yetkililerin g\u00f6rmezden gelmesi b\u00f6lgede ya\u015fayan insanlar\u0131n tepkilerine neden oldu. Defalarca kez belediyeyi aray\u0131p \u015fikayet ettiklerini ancak kimsenin buna \u00e7\u00f6z\u00fcm bulamad\u0131\u011f\u0131n\u0131 s\u00f6yleyen b\u00f6lge halk\u0131 &#8220;bir an \u00f6nce \u00e7\u00f6z\u00fcm bulunmas\u0131n\u0131 kald\u0131r\u0131mda rahat y\u00fcr\u00fcmek istediklerini &#8221; dile getirdiler.\u00a0\u00a0 \u200bHaberin Al\u0131nt\u0131land\u0131\u011f\u0131 Kaynak: www.iskenderun.org<\/p>","protected":false},"author":1,"featured_media":0,"comment_status":"open","ping_status":"open","sticky":false,"template":"","format":"standard","meta":{"_acf_changed":false,"footnotes":""},"categories":[24],"tags":[],"class_list":["post-29843","post","type-post","status-publish","format-standard","has-post-thumbnail","hentry","category-gundem"],"acf":[],"yoast_head":"<!-- This site is optimized with the Yoast SEO Premium plugin v26.6 (Yoast SEO v27.1.1) - https:\/\/yoast.com\/product\/yoast-seo-premium-wordpress\/ -->\n<title>Kald\u0131r\u0131m i\u015fgaline kim dur diyecek? - Av. Deniz Can K\u0131z\u0131l<\/title>\n<meta name=\"robots\" content=\"index, follow, max-snippet:-1, max-image-preview:large, max-video-preview:-1\" \/>\n<link rel=\"canonical\" href=\"https:\/\/denizcankizil.tr\/en\/haberler\/gundem\/kaldirim-isgaline-kim-dur-diyecek\/\" \/>\n<meta property=\"og:locale\" content=\"en_GB\" \/>\n<meta property=\"og:type\" content=\"article\" \/>\n<meta property=\"og:title\" content=\"Kald\u0131r\u0131m i\u015fgaline kim dur diyecek?\" \/>\n<meta property=\"og:description\" content=\"D\u00fczce \u015fehir merkezinde esnaflar\u0131n yaya kald\u0131r\u0131mlar\u0131n\u0131 gere\u011finden fazlas\u0131yla i\u015fgal etmesi vatanda\u015f\u0131 can\u0131ndan bezdirdi.Sefer DEM\u0130R \/ D\u00dcZCE (\u0130GFA) &#8211;\u00a0\u00a0D\u00fczce&#8217;de Belediye binas\u0131na 100 metre mesafede kald\u0131r\u0131mlar\u0131n bu \u015fekilde i\u015fgal edilmesi ve zab\u0131tan\u0131n g\u00f6rmemesi yayalar\u0131 \u00e7ileden \u00e7\u0131kard\u0131. Eski Bolu caddesi \u00fczerinde bulunan kald\u0131r\u0131m\u0131n defalarca haber yap\u0131lmas\u0131na ra\u011fmen i\u015fgal edilmesi ve yetkililerin g\u00f6rmezden gelmesi b\u00f6lgede ya\u015fayan insanlar\u0131n tepkilerine neden oldu. Defalarca kez belediyeyi aray\u0131p \u015fikayet ettiklerini ancak kimsenin buna \u00e7\u00f6z\u00fcm bulamad\u0131\u011f\u0131n\u0131 s\u00f6yleyen b\u00f6lge halk\u0131 &#8220;bir an \u00f6nce \u00e7\u00f6z\u00fcm bulunmas\u0131n\u0131 kald\u0131r\u0131mda rahat y\u00fcr\u00fcmek istediklerini &#8221; dile getirdiler.\u00a0 \u200bD\u00fczce \u015fehir merkezinde esnaflar\u0131n yaya kald\u0131r\u0131mlar\u0131n\u0131 gere\u011finden fazlas\u0131yla i\u015fgal etmesi vatanda\u015f\u0131 can\u0131ndan bezdirdi.Sefer DEM\u0130R \/ D\u00dcZCE (\u0130GFA) &#8211;\u00a0\u00a0D\u00fczce&#8217;de Belediye binas\u0131na 100 metre mesafede kald\u0131r\u0131mlar\u0131n bu \u015fekilde i\u015fgal edilmesi ve zab\u0131tan\u0131n g\u00f6rmemesi yayalar\u0131 \u00e7ileden \u00e7\u0131kard\u0131. Eski Bolu caddesi \u00fczerinde bulunan kald\u0131r\u0131m\u0131n defalarca haber yap\u0131lmas\u0131na ra\u011fmen i\u015fgal edilmesi ve yetkililerin g\u00f6rmezden gelmesi b\u00f6lgede ya\u015fayan insanlar\u0131n tepkilerine neden oldu. Defalarca kez belediyeyi aray\u0131p \u015fikayet ettiklerini ancak kimsenin buna \u00e7\u00f6z\u00fcm bulamad\u0131\u011f\u0131n\u0131 s\u00f6yleyen b\u00f6lge halk\u0131 &#8220;bir an \u00f6nce \u00e7\u00f6z\u00fcm bulunmas\u0131n\u0131 kald\u0131r\u0131mda rahat y\u00fcr\u00fcmek istediklerini &#8221; dile getirdiler.\u00a0\u00a0 \u200bHaberin Al\u0131nt\u0131land\u0131\u011f\u0131 Kaynak: www.iskenderun.org\" \/>\n<meta property=\"og:url\" content=\"https:\/\/denizcankizil.tr\/en\/haberler\/gundem\/kaldirim-isgaline-kim-dur-diyecek\/\" \/>\n<meta property=\"og:site_name\" content=\"Av. Deniz Can K\u0131z\u0131l\" \/>\n<meta property=\"article:published_time\" content=\"2025-02-03T15:41:40+00:00\" \/>\n<meta name=\"author\" content=\"admin\" \/>\n<meta name=\"twitter:card\" content=\"summary_large_image\" \/>\n<meta name=\"twitter:label1\" content=\"Written by\" \/>\n\t<meta name=\"twitter:data1\" content=\"admin\" \/>\n\t<meta name=\"twitter:label2\" content=\"Estimated reading time\" \/>\n\t<meta name=\"twitter:data2\" content=\"1 minute\" \/>\n<script type=\"application\/ld+json\" class=\"yoast-schema-graph\">{\"@context\":\"https:\/\/schema.org\",\"@graph\":[{\"@type\":\"Article\",\"@id\":\"https:\/\/denizcankizil.tr\/en\/haberler\/gundem\/kaldirim-isgaline-kim-dur-diyecek\/#article\",\"isPartOf\":{\"@id\":\"https:\/\/denizcankizil.tr\/en\/haberler\/gundem\/kaldirim-isgaline-kim-dur-diyecek\/\"},\"author\":{\"name\":\"admin\",\"@id\":\"https:\/\/denizcankizil.tr\/#\/schema\/person\/be3c05fe6a12686905512445d8185489\"},\"headline\":\"Kald\u0131r\u0131m i\u015fgaline kim dur diyecek?\",\"datePublished\":\"2025-02-03T15:41:40+00:00\",\"mainEntityOfPage\":{\"@id\":\"https:\/\/denizcankizil.tr\/en\/haberler\/gundem\/kaldirim-isgaline-kim-dur-diyecek\/\"},\"wordCount\":264,\"commentCount\":0,\"publisher\":{\"@id\":\"https:\/\/denizcankizil.tr\/#organization\"},\"articleSection\":[\"G\u00fcndem\"],\"inLanguage\":\"en-GB\",\"potentialAction\":[{\"@type\":\"CommentAction\",\"name\":\"Comment\",\"target\":[\"https:\/\/denizcankizil.tr\/en\/haberler\/gundem\/kaldirim-isgaline-kim-dur-diyecek\/#respond\"]}]},{\"@type\":\"WebPage\",\"@id\":\"https:\/\/denizcankizil.tr\/en\/haberler\/gundem\/kaldirim-isgaline-kim-dur-diyecek\/\",\"url\":\"https:\/\/denizcankizil.tr\/en\/haberler\/gundem\/kaldirim-isgaline-kim-dur-diyecek\/\",\"name\":\"Kald\u0131r\u0131m i\u015fgaline kim dur diyecek? - Av. Deniz Can K\u0131z\u0131l\",\"isPartOf\":{\"@id\":\"https:\/\/denizcankizil.tr\/#website\"},\"datePublished\":\"2025-02-03T15:41:40+00:00\",\"breadcrumb\":{\"@id\":\"https:\/\/denizcankizil.tr\/en\/haberler\/gundem\/kaldirim-isgaline-kim-dur-diyecek\/#breadcrumb\"},\"inLanguage\":\"en-GB\",\"potentialAction\":[{\"@type\":\"ReadAction\",\"target\":[\"https:\/\/denizcankizil.tr\/en\/haberler\/gundem\/kaldirim-isgaline-kim-dur-diyecek\/\"]}]},{\"@type\":\"BreadcrumbList\",\"@id\":\"https:\/\/denizcankizil.tr\/en\/haberler\/gundem\/kaldirim-isgaline-kim-dur-diyecek\/#breadcrumb\",\"itemListElement\":[{\"@type\":\"ListItem\",\"position\":1,\"name\":\"Home\",\"item\":\"https:\/\/denizcankizil.tr\/uk\/\"},{\"@type\":\"ListItem\",\"position\":2,\"name\":\"Kald\u0131r\u0131m i\u015fgaline kim dur diyecek?\"}]},{\"@type\":\"WebSite\",\"@id\":\"https:\/\/denizcankizil.tr\/#website\",\"url\":\"https:\/\/denizcankizil.tr\/\",\"name\":\"Av. Deniz Can K\u0131z\u0131l\",\"description\":\"Avukat Deniz Can K\u0131z\u0131l Antalya Barosu\",\"publisher\":{\"@id\":\"https:\/\/denizcankizil.tr\/#organization\"},\"potentialAction\":[{\"@type\":\"SearchAction\",\"target\":{\"@type\":\"EntryPoint\",\"urlTemplate\":\"https:\/\/denizcankizil.tr\/?s={search_term_string}\"},\"query-input\":{\"@type\":\"PropertyValueSpecification\",\"valueRequired\":true,\"valueName\":\"search_term_string\"}}],\"inLanguage\":\"en-GB\"},{\"@type\":\"Organization\",\"@id\":\"https:\/\/denizcankizil.tr\/#organization\",\"name\":\"Av. Deniz Can K\u0131z\u0131l\",\"url\":\"https:\/\/denizcankizil.tr\/\",\"logo\":{\"@type\":\"ImageObject\",\"inLanguage\":\"en-GB\",\"@id\":\"https:\/\/denizcankizil.tr\/#\/schema\/logo\/image\/\",\"url\":\"https:\/\/denizcankizil.tr\/wp-content\/uploads\/2024\/10\/siyah-logo-svg.svg\",\"contentUrl\":\"https:\/\/denizcankizil.tr\/wp-content\/uploads\/2024\/10\/siyah-logo-svg.svg\",\"width\":1080,\"height\":1080,\"caption\":\"Av. Deniz Can K\u0131z\u0131l\"},\"image\":{\"@id\":\"https:\/\/denizcankizil.tr\/#\/schema\/logo\/image\/\"}},{\"@type\":\"Person\",\"@id\":\"https:\/\/denizcankizil.tr\/#\/schema\/person\/be3c05fe6a12686905512445d8185489\",\"name\":\"admin\",\"image\":{\"@type\":\"ImageObject\",\"inLanguage\":\"en-GB\",\"@id\":\"https:\/\/denizcankizil.tr\/#\/schema\/person\/image\/\",\"url\":\"https:\/\/secure.gravatar.com\/avatar\/c1fce94c830dc79107e174f890d7210541c4a63e8e5d816341794a2151c9d58c?s=96&d=mm&r=g\",\"contentUrl\":\"https:\/\/secure.gravatar.com\/avatar\/c1fce94c830dc79107e174f890d7210541c4a63e8e5d816341794a2151c9d58c?s=96&d=mm&r=g\",\"caption\":\"admin\"},\"sameAs\":[\"http:\/\/denizcankizil.tr\"],\"url\":\"https:\/\/www.iskenderun.org\/kaldirim-isgaline-kim-dur-diyecek\"}]}<\/script>\n<!-- \/ Yoast SEO Premium plugin. -->","yoast_head_json":{"title":"Kald\u0131r\u0131m i\u015fgaline kim dur diyecek? - Av. Deniz Can K\u0131z\u0131l","robots":{"index":"index","follow":"follow","max-snippet":"max-snippet:-1","max-image-preview":"max-image-preview:large","max-video-preview":"max-video-preview:-1"},"canonical":"https:\/\/denizcankizil.tr\/en\/haberler\/gundem\/kaldirim-isgaline-kim-dur-diyecek\/","og_locale":"en_GB","og_type":"article","og_title":"Kald\u0131r\u0131m i\u015fgaline kim dur diyecek?","og_description":"D\u00fczce \u015fehir merkezinde esnaflar\u0131n yaya kald\u0131r\u0131mlar\u0131n\u0131 gere\u011finden fazlas\u0131yla i\u015fgal etmesi vatanda\u015f\u0131 can\u0131ndan bezdirdi.Sefer DEM\u0130R \/ D\u00dcZCE (\u0130GFA) &#8211;\u00a0\u00a0D\u00fczce&#8217;de Belediye binas\u0131na 100 metre mesafede kald\u0131r\u0131mlar\u0131n bu \u015fekilde i\u015fgal edilmesi ve zab\u0131tan\u0131n g\u00f6rmemesi yayalar\u0131 \u00e7ileden \u00e7\u0131kard\u0131. Eski Bolu caddesi \u00fczerinde bulunan kald\u0131r\u0131m\u0131n defalarca haber yap\u0131lmas\u0131na ra\u011fmen i\u015fgal edilmesi ve yetkililerin g\u00f6rmezden gelmesi b\u00f6lgede ya\u015fayan insanlar\u0131n tepkilerine neden oldu. Defalarca kez belediyeyi aray\u0131p \u015fikayet ettiklerini ancak kimsenin buna \u00e7\u00f6z\u00fcm bulamad\u0131\u011f\u0131n\u0131 s\u00f6yleyen b\u00f6lge halk\u0131 &#8220;bir an \u00f6nce \u00e7\u00f6z\u00fcm bulunmas\u0131n\u0131 kald\u0131r\u0131mda rahat y\u00fcr\u00fcmek istediklerini &#8221; dile getirdiler.\u00a0 \u200bD\u00fczce \u015fehir merkezinde esnaflar\u0131n yaya kald\u0131r\u0131mlar\u0131n\u0131 gere\u011finden fazlas\u0131yla i\u015fgal etmesi vatanda\u015f\u0131 can\u0131ndan bezdirdi.Sefer DEM\u0130R \/ D\u00dcZCE (\u0130GFA) &#8211;\u00a0\u00a0D\u00fczce&#8217;de Belediye binas\u0131na 100 metre mesafede kald\u0131r\u0131mlar\u0131n bu \u015fekilde i\u015fgal edilmesi ve zab\u0131tan\u0131n g\u00f6rmemesi yayalar\u0131 \u00e7ileden \u00e7\u0131kard\u0131. Eski Bolu caddesi \u00fczerinde bulunan kald\u0131r\u0131m\u0131n defalarca haber yap\u0131lmas\u0131na ra\u011fmen i\u015fgal edilmesi ve yetkililerin g\u00f6rmezden gelmesi b\u00f6lgede ya\u015fayan insanlar\u0131n tepkilerine neden oldu. Defalarca kez belediyeyi aray\u0131p \u015fikayet ettiklerini ancak kimsenin buna \u00e7\u00f6z\u00fcm bulamad\u0131\u011f\u0131n\u0131 s\u00f6yleyen b\u00f6lge halk\u0131 &#8220;bir an \u00f6nce \u00e7\u00f6z\u00fcm bulunmas\u0131n\u0131 kald\u0131r\u0131mda rahat y\u00fcr\u00fcmek istediklerini &#8221; dile getirdiler.\u00a0\u00a0 \u200bHaberin Al\u0131nt\u0131land\u0131\u011f\u0131 Kaynak: www.iskenderun.org","og_url":"https:\/\/denizcankizil.tr\/en\/haberler\/gundem\/kaldirim-isgaline-kim-dur-diyecek\/","og_site_name":"Av. Deniz Can K\u0131z\u0131l","article_published_time":"2025-02-03T15:41:40+00:00","author":"admin","twitter_card":"summary_large_image","twitter_misc":{"Written by":"admin","Estimated reading time":"1 minute"},"schema":{"@context":"https:\/\/schema.org","@graph":[{"@type":"Article","@id":"https:\/\/denizcankizil.tr\/en\/haberler\/gundem\/kaldirim-isgaline-kim-dur-diyecek\/#article","isPartOf":{"@id":"https:\/\/denizcankizil.tr\/en\/haberler\/gundem\/kaldirim-isgaline-kim-dur-diyecek\/"},"author":{"name":"admin","@id":"https:\/\/denizcankizil.tr\/#\/schema\/person\/be3c05fe6a12686905512445d8185489"},"headline":"Kald\u0131r\u0131m i\u015fgaline kim dur diyecek?","datePublished":"2025-02-03T15:41:40+00:00","mainEntityOfPage":{"@id":"https:\/\/denizcankizil.tr\/en\/haberler\/gundem\/kaldirim-isgaline-kim-dur-diyecek\/"},"wordCount":264,"commentCount":0,"publisher":{"@id":"https:\/\/denizcankizil.tr\/#organization"},"articleSection":["G\u00fcndem"],"inLanguage":"en-GB","potentialAction":[{"@type":"CommentAction","name":"Comment","target":["https:\/\/denizcankizil.tr\/en\/haberler\/gundem\/kaldirim-isgaline-kim-dur-diyecek\/#respond"]}]},{"@type":"WebPage","@id":"https:\/\/denizcankizil.tr\/en\/haberler\/gundem\/kaldirim-isgaline-kim-dur-diyecek\/","url":"https:\/\/denizcankizil.tr\/en\/haberler\/gundem\/kaldirim-isgaline-kim-dur-diyecek\/","name":"Kald\u0131r\u0131m i\u015fgaline kim dur diyecek? - Av. Deniz Can K\u0131z\u0131l","isPartOf":{"@id":"https:\/\/denizcankizil.tr\/#website"},"datePublished":"2025-02-03T15:41:40+00:00","breadcrumb":{"@id":"https:\/\/denizcankizil.tr\/en\/haberler\/gundem\/kaldirim-isgaline-kim-dur-diyecek\/#breadcrumb"},"inLanguage":"en-GB","potentialAction":[{"@type":"ReadAction","target":["https:\/\/denizcankizil.tr\/en\/haberler\/gundem\/kaldirim-isgaline-kim-dur-diyecek\/"]}]},{"@type":"BreadcrumbList","@id":"https:\/\/denizcankizil.tr\/en\/haberler\/gundem\/kaldirim-isgaline-kim-dur-diyecek\/#breadcrumb","itemListElement":[{"@type":"ListItem","position":1,"name":"Home","item":"https:\/\/denizcankizil.tr\/uk\/"},{"@type":"ListItem","position":2,"name":"Kald\u0131r\u0131m i\u015fgaline kim dur diyecek?"}]},{"@type":"WebSite","@id":"https:\/\/denizcankizil.tr\/#website","url":"https:\/\/denizcankizil.tr\/","name":"Av. Deniz Can K\u0131z\u0131l","description":"Avukat Deniz Can K\u0131z\u0131l Antalya Barosu","publisher":{"@id":"https:\/\/denizcankizil.tr\/#organization"},"potentialAction":[{"@type":"SearchAction","target":{"@type":"EntryPoint","urlTemplate":"https:\/\/denizcankizil.tr\/?s={search_term_string}"},"query-input":{"@type":"PropertyValueSpecification","valueRequired":true,"valueName":"search_term_string"}}],"inLanguage":"en-GB"},{"@type":"Organization","@id":"https:\/\/denizcankizil.tr\/#organization","name":"Av. Deniz Can K\u0131z\u0131l","url":"https:\/\/denizcankizil.tr\/","logo":{"@type":"ImageObject","inLanguage":"en-GB","@id":"https:\/\/denizcankizil.tr\/#\/schema\/logo\/image\/","url":"https:\/\/denizcankizil.tr\/wp-content\/uploads\/2024\/10\/siyah-logo-svg.svg","contentUrl":"https:\/\/denizcankizil.tr\/wp-content\/uploads\/2024\/10\/siyah-logo-svg.svg","width":1080,"height":1080,"caption":"Av. Deniz Can K\u0131z\u0131l"},"image":{"@id":"https:\/\/denizcankizil.tr\/#\/schema\/logo\/image\/"}},{"@type":"Person","@id":"https:\/\/denizcankizil.tr\/#\/schema\/person\/be3c05fe6a12686905512445d8185489","name":"admin","image":{"@type":"ImageObject","inLanguage":"en-GB","@id":"https:\/\/denizcankizil.tr\/#\/schema\/person\/image\/","url":"https:\/\/secure.gravatar.com\/avatar\/c1fce94c830dc79107e174f890d7210541c4a63e8e5d816341794a2151c9d58c?s=96&d=mm&r=g","contentUrl":"https:\/\/secure.gravatar.com\/avatar\/c1fce94c830dc79107e174f890d7210541c4a63e8e5d816341794a2151c9d58c?s=96&d=mm&r=g","caption":"admin"},"sameAs":["http:\/\/denizcankizil.tr"],"url":"https:\/\/www.iskenderun.org\/kaldirim-isgaline-kim-dur-diyecek"}]}},"_links":{"self":[{"href":"https:\/\/denizcankizil.tr\/en\/wp-json\/wp\/v2\/posts\/29843","targetHints":{"allow":["GET"]}}],"collection":[{"href":"https:\/\/denizcankizil.tr\/en\/wp-json\/wp\/v2\/posts"}],"about":[{"href":"https:\/\/denizcankizil.tr\/en\/wp-json\/wp\/v2\/types\/post"}],"author":[{"embeddable":true,"href":"https:\/\/denizcankizil.tr\/en\/wp-json\/wp\/v2\/users\/1"}],"replies":[{"embeddable":true,"href":"https:\/\/denizcankizil.tr\/en\/wp-json\/wp\/v2\/comments?post=29843"}],"version-history":[{"count":0,"href":"https:\/\/denizcankizil.tr\/en\/wp-json\/wp\/v2\/posts\/29843\/revisions"}],"wp:attachment":[{"href":"https:\/\/denizcankizil.tr\/en\/wp-json\/wp\/v2\/media?parent=29843"}],"wp:term":[{"taxonomy":"category","embeddable":true,"href":"https:\/\/denizcankizil.tr\/en\/wp-json\/wp\/v2\/categories?post=29843"},{"taxonomy":"post_tag","embeddable":true,"href":"https:\/\/denizcankizil.tr\/en\/wp-json\/wp\/v2\/tags?post=29843"}],"curies":[{"name":"wp","href":"https:\/\/api.w.org\/{rel}","templated":true}]}}