{"id":29366,"date":"2025-02-01T20:41:31","date_gmt":"2025-02-01T17:41:31","guid":{"rendered":"https:\/\/denizcankizil.tr\/uncategorized-tr\/bahceliden-tegmenlere-darbeci-imasi\/"},"modified":"2025-02-01T20:41:31","modified_gmt":"2025-02-01T17:41:31","slug":"bahceliden-tegmenlere-darbeci-imasi","status":"publish","type":"post","link":"https:\/\/denizcankizil.tr\/en\/haberler\/gundem\/bahceliden-tegmenlere-darbeci-imasi\/","title":{"rendered":"Bah\u00e7eli\u2019den te\u011fmenlere  \u2018darbeci\u2019 imas\u0131"},"content":{"rendered":"<p>Milliyet\u00e7i Hareket Partisi (MHP) Genel Ba\u015fkan\u0131 Devlet Bah\u00e7eli, T\u00fcrk Silahl\u0131 kuvvetleri (TSK) Disiplin Kanunu&#8217;na g\u00f6re ay\u0131rma cezas\u0131 alan te\u011fmenler Ebru Ero\u011flu, \u0130zzet Talip Akarsu, Serhat G\u00fcndar, Deniz Demirta\u015f, Batuhan Gazi K\u0131l\u0131\u00e7 ile alay komutan\u0131 vekili Albay Alper Topsakal Tabur Komutan\u0131 Yarbay Halit T\u00fcrko\u011flu ve B\u00f6l\u00fck Komutan\u0131 Binba\u015f\u0131 Murat \u00d6zt\u00fcrk hakk\u0131nda yaz\u0131l\u0131 a\u00e7\u0131klamada bulundu.<\/p>\n<p>MAKSATLI TARTI\u015eMALAR VE MARAZ\u0130 TAHR\u0130KLER<\/p>\n<p>30 A\u011fustos 2024 Cuma g\u00fcn\u00fcne i\u015faret eden Bah\u00e7eli, &#8220;Milli Savunma \u00dcniversitesi Kara Harp Okulu Diploma Alma ve Sancak Devir Teslim T\u00f6reni\u2019nin resmi safhas\u0131 tamamland\u0131ktan sonra bir grup te\u011fmenin ge\u00e7erlili\u011fi olmayan bir yemini m\u00fc\u015ftereken seslendirmek suretiyle askeri ve siyasi g\u00fcndeme yerle\u015ftikleri bilinen bir husustur. O g\u00fcnden bug\u00fcne maksatl\u0131 tart\u0131\u015fmalar\u0131n ve marazi tahriklerin dozaj\u0131 ideolojik d\u00fcrt\u00fclerin tazyikiyle sistematik olarak art\u0131r\u0131lm\u0131\u015ft\u0131r&#8221; ifadelerini kulland\u0131.<\/p>\n<p>&#8220;DEMOKRAS\u0130 DI\u015eI EYLEM VE HEDEF&#8221;\u00a0<\/p>\n<p>Te\u011fmenlerin davran\u0131\u015flar\u0131n\u0131 &#8220;demokrasi d\u0131\u015f\u0131 bir eylem ve emel&#8221; olarak yorumlayan Bah\u00e7eli, &#8220;T\u00fcrk milletinin medar\u0131 iftihar\u0131 ve g\u00f6zbebe\u011fi mertebesindeki T\u00fcrk Silahl\u0131 Kuvvetlerimizin g\u00fcnl\u00fck siyasi polemiklere kasten alet edilme \u00e7abas\u0131 gayri ahlaki bir planlama kapsam\u0131nda s\u00fcrekli ilerletilmi\u015ftir. Korsan bir metnin k\u0131l\u0131\u00e7lar e\u015fli\u011finde okunmas\u0131n\u0131n yanl\u0131\u015fl\u0131\u011f\u0131 kadar olu\u015fturaca\u011f\u0131 tahribat\u0131 g\u00f6rmeyen, g\u00f6remeyen, hatta g\u00f6rmekten ve g\u00f6stermekten ku\u015fkulu \u015fekilde uzak duran bir g\u00fcruhun f\u0131rsat\u00e7\u0131l\u0131\u011fa heveslenmesi ve sonu\u00e7lar\u0131 a\u011f\u0131r olacak siyasi hesapla\u015fma sayfas\u0131 a\u00e7mak istemesi elbette demokrasi d\u0131\u015f\u0131 emel ve eylem hedefinin takibinden ba\u015fka bir \u015fey de\u011fildir&#8221; a\u00e7\u0131klamas\u0131nda bulundu.<\/p>\n<p>&#8220;DARBE SEVERLER AKLINI BA\u015eINA ALMALI&#8221;\u00a0<\/p>\n<p>Mustafa Kemal Atat\u00fcrk\u2019\u00fcn istismar edildi\u011fini ve TSK taraf\u0131ndan verilen karara herkesin sayg\u0131 duymas\u0131 gerekti\u011fini ifade eden Devlet Bah\u00e7eli, \u015funlar\u0131 kaydetti: &#8220;Milli Savunma Bakanl\u0131\u011f\u0131\u2019n\u0131n yapm\u0131\u015f oldu\u011fu a\u00e7\u0131klama mucibince 5 te\u011fmene ve 3 disiplin amirine TSK Disiplin Kanunu gere\u011fince &#8216;silahl\u0131 kuvvetlerden ay\u0131rma&#8217; cezas\u0131 verilmi\u015ftir. T\u00fcrk Silahl\u0131 Kuvvetleri\u2019nin hiyerar\u015fik zincirini k\u0131ran, team\u00fcllerini bozan, i\u00e7 disiplin ve denge yap\u0131s\u0131n\u0131 sakatlayarak buhrana s\u00fcr\u00fckleyen hi\u00e7bir fiil, fesat, fitne, olay, olu\u015fum, durum, beyan ve grupla\u015fmaya bihakk\u0131n m\u00fcsaade edilmemelidir ve bug\u00fcne kadar da edilmemi\u015ftir. TSK Disiplin Kanunu\u2019nun amir h\u00fck\u00fcmlerinin tatbikiyle ay\u0131rma cezas\u0131n\u0131n muhataplar\u0131na uygulanmas\u0131 do\u011fru ve isabetli bir karard\u0131r. Herkes bu karara sayg\u0131 duymal\u0131, kar\u0131\u015f\u0131k, karanl\u0131k ve kaotik T\u00fcrkiye \u015fartlar\u0131n\u0131 ikmal ve in\u015fa etmek i\u00e7in pusuda bekleyen demokrat maskeli darbe severler akl\u0131n\u0131 ba\u015f\u0131na almal\u0131d\u0131r.&#8221;<\/p>\n<p>\u200bMilliyet\u00e7i Hareket Partisi (MHP) Genel Ba\u015fkan\u0131 Devlet Bah\u00e7eli, ordudan ihra\u00e7 edilen 5 te\u011fmen ve 3 disiplin amiri hakk\u0131nda yapt\u0131\u011f\u0131 de\u011ferlendirmede, &#8220;TSK Disiplin Kanunu\u2019nun amir h\u00fck\u00fcmlerinin tatbikiyle ay\u0131rma cezas\u0131n\u0131n muhataplar\u0131na uygulanmas\u0131 do\u011fru ve isabetli bir karard\u0131r. Pusuda bekleyen demokrat maskeli darbe severler akl\u0131n\u0131 ba\u015f\u0131na almal\u0131d\u0131r&#8221; dedi\u00a0<\/p>\n<p>\u200bHaberin Al\u0131nt\u0131land\u0131\u011f\u0131 Kaynak: www.antalyakorfez.com<\/p>","protected":false},"excerpt":{"rendered":"<p>Milliyet\u00e7i Hareket Partisi (MHP) Genel Ba\u015fkan\u0131 Devlet Bah\u00e7eli, T\u00fcrk Silahl\u0131 kuvvetleri (TSK) Disiplin Kanunu&#8217;na g\u00f6re ay\u0131rma cezas\u0131 alan te\u011fmenler Ebru Ero\u011flu, \u0130zzet Talip Akarsu, Serhat G\u00fcndar, Deniz Demirta\u015f, Batuhan Gazi K\u0131l\u0131\u00e7 ile alay komutan\u0131 vekili Albay Alper Topsakal Tabur Komutan\u0131 Yarbay Halit T\u00fcrko\u011flu ve B\u00f6l\u00fck Komutan\u0131 Binba\u015f\u0131 Murat \u00d6zt\u00fcrk hakk\u0131nda yaz\u0131l\u0131 a\u00e7\u0131klamada bulundu. MAKSATLI TARTI\u015eMALAR VE MARAZ\u0130 TAHR\u0130KLER 30 A\u011fustos 2024 Cuma g\u00fcn\u00fcne i\u015faret eden Bah\u00e7eli, &#8220;Milli Savunma \u00dcniversitesi Kara Harp Okulu Diploma Alma ve Sancak Devir Teslim T\u00f6reni\u2019nin resmi safhas\u0131 tamamland\u0131ktan sonra bir grup te\u011fmenin ge\u00e7erlili\u011fi olmayan bir yemini m\u00fc\u015ftereken seslendirmek suretiyle askeri ve siyasi g\u00fcndeme yerle\u015ftikleri bilinen bir husustur. O g\u00fcnden bug\u00fcne maksatl\u0131 tart\u0131\u015fmalar\u0131n ve marazi tahriklerin dozaj\u0131 ideolojik d\u00fcrt\u00fclerin tazyikiyle sistematik olarak art\u0131r\u0131lm\u0131\u015ft\u0131r&#8221; ifadelerini kulland\u0131. &#8220;DEMOKRAS\u0130 DI\u015eI EYLEM VE HEDEF&#8221;\u00a0 Te\u011fmenlerin davran\u0131\u015flar\u0131n\u0131 &#8220;demokrasi d\u0131\u015f\u0131 bir eylem ve emel&#8221; olarak yorumlayan Bah\u00e7eli, &#8220;T\u00fcrk milletinin medar\u0131 iftihar\u0131 ve g\u00f6zbebe\u011fi mertebesindeki T\u00fcrk Silahl\u0131 Kuvvetlerimizin g\u00fcnl\u00fck siyasi polemiklere kasten alet edilme \u00e7abas\u0131 gayri ahlaki bir planlama kapsam\u0131nda s\u00fcrekli ilerletilmi\u015ftir. Korsan bir metnin k\u0131l\u0131\u00e7lar e\u015fli\u011finde okunmas\u0131n\u0131n yanl\u0131\u015fl\u0131\u011f\u0131 kadar olu\u015fturaca\u011f\u0131 tahribat\u0131 g\u00f6rmeyen, g\u00f6remeyen, hatta g\u00f6rmekten ve g\u00f6stermekten ku\u015fkulu \u015fekilde uzak duran bir g\u00fcruhun f\u0131rsat\u00e7\u0131l\u0131\u011fa heveslenmesi ve sonu\u00e7lar\u0131 a\u011f\u0131r olacak siyasi hesapla\u015fma sayfas\u0131 a\u00e7mak istemesi elbette demokrasi d\u0131\u015f\u0131 emel ve eylem hedefinin takibinden ba\u015fka &hellip;<\/p>","protected":false},"author":5,"featured_media":0,"comment_status":"open","ping_status":"open","sticky":false,"template":"","format":"standard","meta":{"_acf_changed":false,"footnotes":""},"categories":[24],"tags":[],"class_list":["post-29366","post","type-post","status-publish","format-standard","has-post-thumbnail","hentry","category-gundem"],"acf":[],"yoast_head":"<!-- This site is optimized with the Yoast SEO Premium plugin v26.6 (Yoast SEO v27.1.1) - https:\/\/yoast.com\/product\/yoast-seo-premium-wordpress\/ -->\n<title>Bah\u00e7eli\u2019den te\u011fmenlere \u2018darbeci\u2019 imas\u0131 - Av. Deniz Can K\u0131z\u0131l<\/title>\n<meta name=\"robots\" content=\"index, follow, max-snippet:-1, max-image-preview:large, max-video-preview:-1\" \/>\n<link rel=\"canonical\" href=\"https:\/\/denizcankizil.tr\/en\/haberler\/gundem\/bahceliden-tegmenlere-darbeci-imasi\/\" \/>\n<meta property=\"og:locale\" content=\"en_GB\" \/>\n<meta property=\"og:type\" content=\"article\" \/>\n<meta property=\"og:title\" content=\"Bah\u00e7eli\u2019den te\u011fmenlere \u2018darbeci\u2019 imas\u0131\" \/>\n<meta property=\"og:description\" content=\"Milliyet\u00e7i Hareket Partisi (MHP) Genel Ba\u015fkan\u0131 Devlet Bah\u00e7eli, T\u00fcrk Silahl\u0131 kuvvetleri (TSK) Disiplin Kanunu&#8217;na g\u00f6re ay\u0131rma cezas\u0131 alan te\u011fmenler Ebru Ero\u011flu, \u0130zzet Talip Akarsu, Serhat G\u00fcndar, Deniz Demirta\u015f, Batuhan Gazi K\u0131l\u0131\u00e7 ile alay komutan\u0131 vekili Albay Alper Topsakal Tabur Komutan\u0131 Yarbay Halit T\u00fcrko\u011flu ve B\u00f6l\u00fck Komutan\u0131 Binba\u015f\u0131 Murat \u00d6zt\u00fcrk hakk\u0131nda yaz\u0131l\u0131 a\u00e7\u0131klamada bulundu. MAKSATLI TARTI\u015eMALAR VE MARAZ\u0130 TAHR\u0130KLER 30 A\u011fustos 2024 Cuma g\u00fcn\u00fcne i\u015faret eden Bah\u00e7eli, &#8220;Milli Savunma \u00dcniversitesi Kara Harp Okulu Diploma Alma ve Sancak Devir Teslim T\u00f6reni\u2019nin resmi safhas\u0131 tamamland\u0131ktan sonra bir grup te\u011fmenin ge\u00e7erlili\u011fi olmayan bir yemini m\u00fc\u015ftereken seslendirmek suretiyle askeri ve siyasi g\u00fcndeme yerle\u015ftikleri bilinen bir husustur. O g\u00fcnden bug\u00fcne maksatl\u0131 tart\u0131\u015fmalar\u0131n ve marazi tahriklerin dozaj\u0131 ideolojik d\u00fcrt\u00fclerin tazyikiyle sistematik olarak art\u0131r\u0131lm\u0131\u015ft\u0131r&#8221; ifadelerini kulland\u0131. &#8220;DEMOKRAS\u0130 DI\u015eI EYLEM VE HEDEF&#8221;\u00a0 Te\u011fmenlerin davran\u0131\u015flar\u0131n\u0131 &#8220;demokrasi d\u0131\u015f\u0131 bir eylem ve emel&#8221; olarak yorumlayan Bah\u00e7eli, &#8220;T\u00fcrk milletinin medar\u0131 iftihar\u0131 ve g\u00f6zbebe\u011fi mertebesindeki T\u00fcrk Silahl\u0131 Kuvvetlerimizin g\u00fcnl\u00fck siyasi polemiklere kasten alet edilme \u00e7abas\u0131 gayri ahlaki bir planlama kapsam\u0131nda s\u00fcrekli ilerletilmi\u015ftir. Korsan bir metnin k\u0131l\u0131\u00e7lar e\u015fli\u011finde okunmas\u0131n\u0131n yanl\u0131\u015fl\u0131\u011f\u0131 kadar olu\u015fturaca\u011f\u0131 tahribat\u0131 g\u00f6rmeyen, g\u00f6remeyen, hatta g\u00f6rmekten ve g\u00f6stermekten ku\u015fkulu \u015fekilde uzak duran bir g\u00fcruhun f\u0131rsat\u00e7\u0131l\u0131\u011fa heveslenmesi ve sonu\u00e7lar\u0131 a\u011f\u0131r olacak siyasi hesapla\u015fma sayfas\u0131 a\u00e7mak istemesi elbette demokrasi d\u0131\u015f\u0131 emel ve eylem hedefinin takibinden ba\u015fka &hellip;\" \/>\n<meta property=\"og:url\" content=\"https:\/\/denizcankizil.tr\/en\/haberler\/gundem\/bahceliden-tegmenlere-darbeci-imasi\/\" \/>\n<meta property=\"og:site_name\" content=\"Av. Deniz Can K\u0131z\u0131l\" \/>\n<meta property=\"article:published_time\" content=\"2025-02-01T17:41:31+00:00\" \/>\n<meta name=\"author\" content=\"Antalya K\u00f6rfez\" \/>\n<meta name=\"twitter:card\" content=\"summary_large_image\" \/>\n<meta name=\"twitter:label1\" content=\"Written by\" \/>\n\t<meta name=\"twitter:data1\" content=\"Antalya K\u00f6rfez\" \/>\n\t<meta name=\"twitter:label2\" content=\"Estimated reading time\" \/>\n\t<meta name=\"twitter:data2\" content=\"3 minutes\" \/>\n<script type=\"application\/ld+json\" class=\"yoast-schema-graph\">{\"@context\":\"https:\/\/schema.org\",\"@graph\":[{\"@type\":\"Article\",\"@id\":\"https:\/\/denizcankizil.tr\/en\/haberler\/gundem\/bahceliden-tegmenlere-darbeci-imasi\/#article\",\"isPartOf\":{\"@id\":\"https:\/\/denizcankizil.tr\/en\/haberler\/gundem\/bahceliden-tegmenlere-darbeci-imasi\/\"},\"author\":{\"name\":\"Antalya K\u00f6rfez\",\"@id\":\"https:\/\/denizcankizil.tr\/de\/#\/schema\/person\/e1eb71bb4dd684d46563f0af307e1234\"},\"headline\":\"Bah\u00e7eli\u2019den te\u011fmenlere \u2018darbeci\u2019 imas\u0131\",\"datePublished\":\"2025-02-01T17:41:31+00:00\",\"mainEntityOfPage\":{\"@id\":\"https:\/\/denizcankizil.tr\/en\/haberler\/gundem\/bahceliden-tegmenlere-darbeci-imasi\/\"},\"wordCount\":533,\"commentCount\":0,\"publisher\":{\"@id\":\"https:\/\/denizcankizil.tr\/de\/#organization\"},\"articleSection\":[\"G\u00fcndem\"],\"inLanguage\":\"en-GB\",\"potentialAction\":[{\"@type\":\"CommentAction\",\"name\":\"Comment\",\"target\":[\"https:\/\/denizcankizil.tr\/en\/haberler\/gundem\/bahceliden-tegmenlere-darbeci-imasi\/#respond\"]}]},{\"@type\":\"WebPage\",\"@id\":\"https:\/\/denizcankizil.tr\/en\/haberler\/gundem\/bahceliden-tegmenlere-darbeci-imasi\/\",\"url\":\"https:\/\/denizcankizil.tr\/en\/haberler\/gundem\/bahceliden-tegmenlere-darbeci-imasi\/\",\"name\":\"Bah\u00e7eli\u2019den te\u011fmenlere \u2018darbeci\u2019 imas\u0131 - Av. Deniz Can K\u0131z\u0131l\",\"isPartOf\":{\"@id\":\"https:\/\/denizcankizil.tr\/de\/#website\"},\"datePublished\":\"2025-02-01T17:41:31+00:00\",\"breadcrumb\":{\"@id\":\"https:\/\/denizcankizil.tr\/en\/haberler\/gundem\/bahceliden-tegmenlere-darbeci-imasi\/#breadcrumb\"},\"inLanguage\":\"en-GB\",\"potentialAction\":[{\"@type\":\"ReadAction\",\"target\":[\"https:\/\/denizcankizil.tr\/en\/haberler\/gundem\/bahceliden-tegmenlere-darbeci-imasi\/\"]}]},{\"@type\":\"BreadcrumbList\",\"@id\":\"https:\/\/denizcankizil.tr\/en\/haberler\/gundem\/bahceliden-tegmenlere-darbeci-imasi\/#breadcrumb\",\"itemListElement\":[{\"@type\":\"ListItem\",\"position\":1,\"name\":\"Home\",\"item\":\"https:\/\/denizcankizil.tr\/de\/\"},{\"@type\":\"ListItem\",\"position\":2,\"name\":\"Bah\u00e7eli\u2019den te\u011fmenlere \u2018darbeci\u2019 imas\u0131\"}]},{\"@type\":\"WebSite\",\"@id\":\"https:\/\/denizcankizil.tr\/de\/#website\",\"url\":\"https:\/\/denizcankizil.tr\/de\/\",\"name\":\"Av. Deniz Can K\u0131z\u0131l\",\"description\":\"Avukat Deniz Can K\u0131z\u0131l Antalya Barosu\",\"publisher\":{\"@id\":\"https:\/\/denizcankizil.tr\/de\/#organization\"},\"potentialAction\":[{\"@type\":\"SearchAction\",\"target\":{\"@type\":\"EntryPoint\",\"urlTemplate\":\"https:\/\/denizcankizil.tr\/de\/?s={search_term_string}\"},\"query-input\":{\"@type\":\"PropertyValueSpecification\",\"valueRequired\":true,\"valueName\":\"search_term_string\"}}],\"inLanguage\":\"en-GB\"},{\"@type\":\"Organization\",\"@id\":\"https:\/\/denizcankizil.tr\/de\/#organization\",\"name\":\"Av. Deniz Can K\u0131z\u0131l\",\"url\":\"https:\/\/denizcankizil.tr\/de\/\",\"logo\":{\"@type\":\"ImageObject\",\"inLanguage\":\"en-GB\",\"@id\":\"https:\/\/denizcankizil.tr\/de\/#\/schema\/logo\/image\/\",\"url\":\"https:\/\/denizcankizil.tr\/wp-content\/uploads\/2024\/10\/siyah-logo-svg.svg\",\"contentUrl\":\"https:\/\/denizcankizil.tr\/wp-content\/uploads\/2024\/10\/siyah-logo-svg.svg\",\"width\":1080,\"height\":1080,\"caption\":\"Av. Deniz Can K\u0131z\u0131l\"},\"image\":{\"@id\":\"https:\/\/denizcankizil.tr\/de\/#\/schema\/logo\/image\/\"}},{\"@type\":\"Person\",\"@id\":\"https:\/\/denizcankizil.tr\/de\/#\/schema\/person\/e1eb71bb4dd684d46563f0af307e1234\",\"name\":\"Antalya K\u00f6rfez\",\"image\":{\"@type\":\"ImageObject\",\"inLanguage\":\"en-GB\",\"@id\":\"https:\/\/denizcankizil.tr\/de\/#\/schema\/person\/image\/\",\"url\":\"https:\/\/secure.gravatar.com\/avatar\/42b01982558a48a0b501fdcab6a408d3717ea5919095ee2e67b0e521799c5905?s=96&d=mm&r=g\",\"contentUrl\":\"https:\/\/secure.gravatar.com\/avatar\/42b01982558a48a0b501fdcab6a408d3717ea5919095ee2e67b0e521799c5905?s=96&d=mm&r=g\",\"caption\":\"Antalya K\u00f6rfez\"},\"sameAs\":[\"http:\/\/www.antalyakorfez.com\"],\"url\":\"https:\/\/www.antalyakorfez.com\/bahceliden-tegmenlere-darbeci-imasi\"}]}<\/script>\n<!-- \/ Yoast SEO Premium plugin. -->","yoast_head_json":{"title":"Bah\u00e7eli\u2019den te\u011fmenlere \u2018darbeci\u2019 imas\u0131 - Av. Deniz Can K\u0131z\u0131l","robots":{"index":"index","follow":"follow","max-snippet":"max-snippet:-1","max-image-preview":"max-image-preview:large","max-video-preview":"max-video-preview:-1"},"canonical":"https:\/\/denizcankizil.tr\/en\/haberler\/gundem\/bahceliden-tegmenlere-darbeci-imasi\/","og_locale":"en_GB","og_type":"article","og_title":"Bah\u00e7eli\u2019den te\u011fmenlere \u2018darbeci\u2019 imas\u0131","og_description":"Milliyet\u00e7i Hareket Partisi (MHP) Genel Ba\u015fkan\u0131 Devlet Bah\u00e7eli, T\u00fcrk Silahl\u0131 kuvvetleri (TSK) Disiplin Kanunu&#8217;na g\u00f6re ay\u0131rma cezas\u0131 alan te\u011fmenler Ebru Ero\u011flu, \u0130zzet Talip Akarsu, Serhat G\u00fcndar, Deniz Demirta\u015f, Batuhan Gazi K\u0131l\u0131\u00e7 ile alay komutan\u0131 vekili Albay Alper Topsakal Tabur Komutan\u0131 Yarbay Halit T\u00fcrko\u011flu ve B\u00f6l\u00fck Komutan\u0131 Binba\u015f\u0131 Murat \u00d6zt\u00fcrk hakk\u0131nda yaz\u0131l\u0131 a\u00e7\u0131klamada bulundu. MAKSATLI TARTI\u015eMALAR VE MARAZ\u0130 TAHR\u0130KLER 30 A\u011fustos 2024 Cuma g\u00fcn\u00fcne i\u015faret eden Bah\u00e7eli, &#8220;Milli Savunma \u00dcniversitesi Kara Harp Okulu Diploma Alma ve Sancak Devir Teslim T\u00f6reni\u2019nin resmi safhas\u0131 tamamland\u0131ktan sonra bir grup te\u011fmenin ge\u00e7erlili\u011fi olmayan bir yemini m\u00fc\u015ftereken seslendirmek suretiyle askeri ve siyasi g\u00fcndeme yerle\u015ftikleri bilinen bir husustur. O g\u00fcnden bug\u00fcne maksatl\u0131 tart\u0131\u015fmalar\u0131n ve marazi tahriklerin dozaj\u0131 ideolojik d\u00fcrt\u00fclerin tazyikiyle sistematik olarak art\u0131r\u0131lm\u0131\u015ft\u0131r&#8221; ifadelerini kulland\u0131. &#8220;DEMOKRAS\u0130 DI\u015eI EYLEM VE HEDEF&#8221;\u00a0 Te\u011fmenlerin davran\u0131\u015flar\u0131n\u0131 &#8220;demokrasi d\u0131\u015f\u0131 bir eylem ve emel&#8221; olarak yorumlayan Bah\u00e7eli, &#8220;T\u00fcrk milletinin medar\u0131 iftihar\u0131 ve g\u00f6zbebe\u011fi mertebesindeki T\u00fcrk Silahl\u0131 Kuvvetlerimizin g\u00fcnl\u00fck siyasi polemiklere kasten alet edilme \u00e7abas\u0131 gayri ahlaki bir planlama kapsam\u0131nda s\u00fcrekli ilerletilmi\u015ftir. Korsan bir metnin k\u0131l\u0131\u00e7lar e\u015fli\u011finde okunmas\u0131n\u0131n yanl\u0131\u015fl\u0131\u011f\u0131 kadar olu\u015fturaca\u011f\u0131 tahribat\u0131 g\u00f6rmeyen, g\u00f6remeyen, hatta g\u00f6rmekten ve g\u00f6stermekten ku\u015fkulu \u015fekilde uzak duran bir g\u00fcruhun f\u0131rsat\u00e7\u0131l\u0131\u011fa heveslenmesi ve sonu\u00e7lar\u0131 a\u011f\u0131r olacak siyasi hesapla\u015fma sayfas\u0131 a\u00e7mak istemesi elbette demokrasi d\u0131\u015f\u0131 emel ve eylem hedefinin takibinden ba\u015fka &hellip;","og_url":"https:\/\/denizcankizil.tr\/en\/haberler\/gundem\/bahceliden-tegmenlere-darbeci-imasi\/","og_site_name":"Av. Deniz Can K\u0131z\u0131l","article_published_time":"2025-02-01T17:41:31+00:00","author":"Antalya K\u00f6rfez","twitter_card":"summary_large_image","twitter_misc":{"Written by":"Antalya K\u00f6rfez","Estimated reading time":"3 minutes"},"schema":{"@context":"https:\/\/schema.org","@graph":[{"@type":"Article","@id":"https:\/\/denizcankizil.tr\/en\/haberler\/gundem\/bahceliden-tegmenlere-darbeci-imasi\/#article","isPartOf":{"@id":"https:\/\/denizcankizil.tr\/en\/haberler\/gundem\/bahceliden-tegmenlere-darbeci-imasi\/"},"author":{"name":"Antalya K\u00f6rfez","@id":"https:\/\/denizcankizil.tr\/de\/#\/schema\/person\/e1eb71bb4dd684d46563f0af307e1234"},"headline":"Bah\u00e7eli\u2019den te\u011fmenlere \u2018darbeci\u2019 imas\u0131","datePublished":"2025-02-01T17:41:31+00:00","mainEntityOfPage":{"@id":"https:\/\/denizcankizil.tr\/en\/haberler\/gundem\/bahceliden-tegmenlere-darbeci-imasi\/"},"wordCount":533,"commentCount":0,"publisher":{"@id":"https:\/\/denizcankizil.tr\/de\/#organization"},"articleSection":["G\u00fcndem"],"inLanguage":"en-GB","potentialAction":[{"@type":"CommentAction","name":"Comment","target":["https:\/\/denizcankizil.tr\/en\/haberler\/gundem\/bahceliden-tegmenlere-darbeci-imasi\/#respond"]}]},{"@type":"WebPage","@id":"https:\/\/denizcankizil.tr\/en\/haberler\/gundem\/bahceliden-tegmenlere-darbeci-imasi\/","url":"https:\/\/denizcankizil.tr\/en\/haberler\/gundem\/bahceliden-tegmenlere-darbeci-imasi\/","name":"Bah\u00e7eli\u2019den te\u011fmenlere \u2018darbeci\u2019 imas\u0131 - Av. Deniz Can K\u0131z\u0131l","isPartOf":{"@id":"https:\/\/denizcankizil.tr\/de\/#website"},"datePublished":"2025-02-01T17:41:31+00:00","breadcrumb":{"@id":"https:\/\/denizcankizil.tr\/en\/haberler\/gundem\/bahceliden-tegmenlere-darbeci-imasi\/#breadcrumb"},"inLanguage":"en-GB","potentialAction":[{"@type":"ReadAction","target":["https:\/\/denizcankizil.tr\/en\/haberler\/gundem\/bahceliden-tegmenlere-darbeci-imasi\/"]}]},{"@type":"BreadcrumbList","@id":"https:\/\/denizcankizil.tr\/en\/haberler\/gundem\/bahceliden-tegmenlere-darbeci-imasi\/#breadcrumb","itemListElement":[{"@type":"ListItem","position":1,"name":"Home","item":"https:\/\/denizcankizil.tr\/de\/"},{"@type":"ListItem","position":2,"name":"Bah\u00e7eli\u2019den te\u011fmenlere \u2018darbeci\u2019 imas\u0131"}]},{"@type":"WebSite","@id":"https:\/\/denizcankizil.tr\/de\/#website","url":"https:\/\/denizcankizil.tr\/de\/","name":"Av. Deniz Can K\u0131z\u0131l","description":"Avukat Deniz Can K\u0131z\u0131l Antalya Barosu","publisher":{"@id":"https:\/\/denizcankizil.tr\/de\/#organization"},"potentialAction":[{"@type":"SearchAction","target":{"@type":"EntryPoint","urlTemplate":"https:\/\/denizcankizil.tr\/de\/?s={search_term_string}"},"query-input":{"@type":"PropertyValueSpecification","valueRequired":true,"valueName":"search_term_string"}}],"inLanguage":"en-GB"},{"@type":"Organization","@id":"https:\/\/denizcankizil.tr\/de\/#organization","name":"Av. Deniz Can K\u0131z\u0131l","url":"https:\/\/denizcankizil.tr\/de\/","logo":{"@type":"ImageObject","inLanguage":"en-GB","@id":"https:\/\/denizcankizil.tr\/de\/#\/schema\/logo\/image\/","url":"https:\/\/denizcankizil.tr\/wp-content\/uploads\/2024\/10\/siyah-logo-svg.svg","contentUrl":"https:\/\/denizcankizil.tr\/wp-content\/uploads\/2024\/10\/siyah-logo-svg.svg","width":1080,"height":1080,"caption":"Av. Deniz Can K\u0131z\u0131l"},"image":{"@id":"https:\/\/denizcankizil.tr\/de\/#\/schema\/logo\/image\/"}},{"@type":"Person","@id":"https:\/\/denizcankizil.tr\/de\/#\/schema\/person\/e1eb71bb4dd684d46563f0af307e1234","name":"Antalya K\u00f6rfez","image":{"@type":"ImageObject","inLanguage":"en-GB","@id":"https:\/\/denizcankizil.tr\/de\/#\/schema\/person\/image\/","url":"https:\/\/secure.gravatar.com\/avatar\/42b01982558a48a0b501fdcab6a408d3717ea5919095ee2e67b0e521799c5905?s=96&d=mm&r=g","contentUrl":"https:\/\/secure.gravatar.com\/avatar\/42b01982558a48a0b501fdcab6a408d3717ea5919095ee2e67b0e521799c5905?s=96&d=mm&r=g","caption":"Antalya K\u00f6rfez"},"sameAs":["http:\/\/www.antalyakorfez.com"],"url":"https:\/\/www.antalyakorfez.com\/bahceliden-tegmenlere-darbeci-imasi"}]}},"_links":{"self":[{"href":"https:\/\/denizcankizil.tr\/en\/wp-json\/wp\/v2\/posts\/29366","targetHints":{"allow":["GET"]}}],"collection":[{"href":"https:\/\/denizcankizil.tr\/en\/wp-json\/wp\/v2\/posts"}],"about":[{"href":"https:\/\/denizcankizil.tr\/en\/wp-json\/wp\/v2\/types\/post"}],"author":[{"embeddable":true,"href":"https:\/\/denizcankizil.tr\/en\/wp-json\/wp\/v2\/users\/5"}],"replies":[{"embeddable":true,"href":"https:\/\/denizcankizil.tr\/en\/wp-json\/wp\/v2\/comments?post=29366"}],"version-history":[{"count":0,"href":"https:\/\/denizcankizil.tr\/en\/wp-json\/wp\/v2\/posts\/29366\/revisions"}],"wp:attachment":[{"href":"https:\/\/denizcankizil.tr\/en\/wp-json\/wp\/v2\/media?parent=29366"}],"wp:term":[{"taxonomy":"category","embeddable":true,"href":"https:\/\/denizcankizil.tr\/en\/wp-json\/wp\/v2\/categories?post=29366"},{"taxonomy":"post_tag","embeddable":true,"href":"https:\/\/denizcankizil.tr\/en\/wp-json\/wp\/v2\/tags?post=29366"}],"curies":[{"name":"wp","href":"https:\/\/api.w.org\/{rel}","templated":true}]}}