{"id":29357,"date":"2025-02-01T18:41:50","date_gmt":"2025-02-01T15:41:50","guid":{"rendered":"https:\/\/denizcankizil.tr\/uncategorized-tr\/mil-diyanet-sen-kampanya-standi-acti\/"},"modified":"2025-02-01T18:41:50","modified_gmt":"2025-02-01T15:41:50","slug":"mil-diyanet-sen-kampanya-standi-acti","status":"publish","type":"post","link":"https:\/\/denizcankizil.tr\/en\/haberler\/gundem\/mil-diyanet-sen-kampanya-standi-acti\/","title":{"rendered":"Mil-Diyanet Sen kampanya stand\u0131 a\u00e7t\u0131\u2026"},"content":{"rendered":"<p>Kampanya kapsam\u0131nda \u0130skenderun \u015eehit Pamir Caddesi \u00fczerindeki Havuzlu \u00c7ar\u015f\u0131 giri\u015finde Mil-Diyanet Sen taraf\u0131ndan, kurulan stantta 1-4 \u015eubat 2025 tarihleri aras\u0131nda t\u00fcm illerde e\u015f zamanl\u0131 olarak y\u00fcr\u00fct\u00fclecek olan kampanya \u2018Aile Y\u0131l\u0131\u2019 vurgusuyla ba\u015flat\u0131ld\u0131.<\/p>\n<p>Mil-Diyanet Sen Hatay \u0130l Ba\u015fkan\u0131 Mustafa Enzin, Cumhurba\u015fkan\u0131 Recep Tayyip Erdo\u011fan\u2019\u0131n 2025 y\u0131l\u0131n\u0131 &#8220;Aile Y\u0131l\u0131&#8221; ilan etti\u011fini hat\u0131rlatarak, toplumda ve aile yap\u0131s\u0131nda ya\u015fanan sosyal ve ahlaki yozla\u015fmalara kar\u015f\u0131 m\u00fccadele ettiklerini belirtti.<\/p>\n<p>LGBT DERNEKLER\u0130 <\/p>\n<p>KAPATILSIN TALEB\u0130 <\/p>\n<p>Mil-Diyanet Sen olarak \u0130\u00e7i\u015fleri Bakanl\u0131\u011f\u0131\u2019na daha \u00f6nce LGBT derneklerinin kapat\u0131lmas\u0131 y\u00f6n\u00fcnde iki kez dilek\u00e7e verdiklerini ancak sonu\u00e7 alamad\u0131klar\u0131n\u0131 ifade eden Enzin, \u201cBu talebimizi bir ad\u0131m daha ileriye ta\u015f\u0131yarak geni\u015f kat\u0131l\u0131ml\u0131 bir imza kampanyas\u0131 d\u00fczenliyoruz. Ailenin, gen\u00e7li\u011fin ve neslin korunmas\u0131 i\u00e7in bu m\u00fccadeleyi s\u00fcrd\u00fcrmekte kararl\u0131y\u0131z\u201d dedi.<\/p>\n<p>LGBT hareketlerini \u201cinsan f\u0131trat\u0131na y\u00f6nelik bir tehdit\u201d olarak nitelendiren Enzin, \u201cE\u015fcinsellik ve cinsiyetsizlik propagandalar\u0131, insan neslini hedef alan Siyonist projelerin bir par\u00e7as\u0131d\u0131r. Allah, insan\u0131 kad\u0131n ve erkek olarak yaratm\u0131\u015ft\u0131r. Bu f\u0131trat\u0131n korunmas\u0131, hem dinimizin hem de insanl\u0131\u011f\u0131n bir gere\u011fidir\u201d diye konu\u015ftu.<\/p>\n<p>&#8220;D\u0130\u011eER \u00dcLKELERDE YASAKLANDI, <\/p>\n<p>T\u00dcRK\u0130YE\u2019DE DE YASAKLANMALI&#8221;<\/p>\n<p>D\u00fcnya genelinde LGBT faaliyetlerine y\u00f6nelik yasaklardan \u00f6rnekler vererek, baz\u0131 \u00fclkelerin bu konuda ciddi ad\u0131mlar att\u0131\u011f\u0131n\u0131 hat\u0131rlatan Mustafa Enzin \u015funlar\u0131 kaydetti: \u201cBa\u015fta Rusya olmak \u00fczere bir\u00e7ok \u00fclke LGBT derneklerini kapatm\u0131\u015f, faaliyetlerini yasaklam\u0131\u015f, hatta propagandas\u0131n\u0131 bile engellemi\u015ftir. ABD\u2019nin eski Ba\u015fkan\u0131 Donald Trump, LGBT\u2019ye kar\u015f\u0131 sava\u015f a\u00e7t\u0131\u011f\u0131n\u0131 ilan etmi\u015ftir. T\u00fcrkiye olarak bizler de ailemizi ve neslimizi korumak ad\u0131na bu m\u00fccadeleyi kararl\u0131l\u0131kla s\u00fcrd\u00fcrmeliyiz\u201d<\/p>\n<p>KAMPANYA 1-4 \u015eUBAT <\/p>\n<p>TAR\u0130HLER\u0130 ARASI S\u00dcRECEK<\/p>\n<p>1-4 \u015eubat 2025 tarihleri aras\u0131nda \u00fclke genelinde e\u015f zamanl\u0131 d\u00fczenlenecek kampanya kapsam\u0131nda \u015fu ana kadar 700 civar\u0131nda imza topland\u0131\u011f\u0131 belirten Mil-Diyanet Sen \u0130l Ba\u015fkan\u0131 Mustafa Enzin, \u201cToplumun temel ta\u015f\u0131 olan aile yap\u0131s\u0131n\u0131 korumak ve ahlaki de\u011ferleri g\u00fc\u00e7lendirmek ad\u0131na \u00e7al\u0131\u015fmalar\u0131m\u0131za devam edece\u011fiz. Devlet yetkililerimizin de \u00fczerine d\u00fc\u015feni yapmas\u0131n\u0131 bekliyoruz\u201d \u015feklinde konu\u015ftu.<\/p>\n<p>\u200bMil-Diyanet Sen, LGBT derneklerinin kapat\u0131lmas\u0131 ve faaliyetlerinin yasaklanmas\u0131 amac\u0131yla geni\u015f kapsaml\u0131 bir imza kampanyas\u0131 ba\u015flatt\u0131. \u0130skenderun\u2019da da kentin en i\u015flek noktas\u0131nda stant kurularak vatanda\u015flara bro\u015f\u00fcrler da\u011f\u0131t\u0131ld\u0131 ve sesli anonslarla destek \u00e7a\u011fr\u0131s\u0131 yap\u0131ld\u0131.\u00a0<\/p>\n<p>\u200bHaberin Al\u0131nt\u0131land\u0131\u011f\u0131 Kaynak: www.iskenderun.org<\/p>","protected":false},"excerpt":{"rendered":"<p>Kampanya kapsam\u0131nda \u0130skenderun \u015eehit Pamir Caddesi \u00fczerindeki Havuzlu \u00c7ar\u015f\u0131 giri\u015finde Mil-Diyanet Sen taraf\u0131ndan, kurulan stantta 1-4 \u015eubat 2025 tarihleri aras\u0131nda t\u00fcm illerde e\u015f zamanl\u0131 olarak y\u00fcr\u00fct\u00fclecek olan kampanya \u2018Aile Y\u0131l\u0131\u2019 vurgusuyla ba\u015flat\u0131ld\u0131. Mil-Diyanet Sen Hatay \u0130l Ba\u015fkan\u0131 Mustafa Enzin, Cumhurba\u015fkan\u0131 Recep Tayyip Erdo\u011fan\u2019\u0131n 2025 y\u0131l\u0131n\u0131 &#8220;Aile Y\u0131l\u0131&#8221; ilan etti\u011fini hat\u0131rlatarak, toplumda ve aile yap\u0131s\u0131nda ya\u015fanan sosyal ve ahlaki yozla\u015fmalara kar\u015f\u0131 m\u00fccadele ettiklerini belirtti. LGBT DERNEKLER\u0130 KAPATILSIN TALEB\u0130 Mil-Diyanet Sen olarak \u0130\u00e7i\u015fleri Bakanl\u0131\u011f\u0131\u2019na daha \u00f6nce LGBT derneklerinin kapat\u0131lmas\u0131 y\u00f6n\u00fcnde iki kez dilek\u00e7e verdiklerini ancak sonu\u00e7 alamad\u0131klar\u0131n\u0131 ifade eden Enzin, \u201cBu talebimizi bir ad\u0131m daha ileriye ta\u015f\u0131yarak geni\u015f kat\u0131l\u0131ml\u0131 bir imza kampanyas\u0131 d\u00fczenliyoruz. Ailenin, gen\u00e7li\u011fin ve neslin korunmas\u0131 i\u00e7in bu m\u00fccadeleyi s\u00fcrd\u00fcrmekte kararl\u0131y\u0131z\u201d dedi. LGBT hareketlerini \u201cinsan f\u0131trat\u0131na y\u00f6nelik bir tehdit\u201d olarak nitelendiren Enzin, \u201cE\u015fcinsellik ve cinsiyetsizlik propagandalar\u0131, insan neslini hedef alan Siyonist projelerin bir par\u00e7as\u0131d\u0131r. Allah, insan\u0131 kad\u0131n ve erkek olarak yaratm\u0131\u015ft\u0131r. Bu f\u0131trat\u0131n korunmas\u0131, hem dinimizin hem de insanl\u0131\u011f\u0131n bir gere\u011fidir\u201d diye konu\u015ftu. &#8220;D\u0130\u011eER \u00dcLKELERDE YASAKLANDI, T\u00dcRK\u0130YE\u2019DE DE YASAKLANMALI&#8221; D\u00fcnya genelinde LGBT faaliyetlerine y\u00f6nelik yasaklardan \u00f6rnekler vererek, baz\u0131 \u00fclkelerin bu konuda ciddi ad\u0131mlar att\u0131\u011f\u0131n\u0131 hat\u0131rlatan Mustafa Enzin \u015funlar\u0131 kaydetti: \u201cBa\u015fta Rusya olmak \u00fczere bir\u00e7ok \u00fclke LGBT derneklerini kapatm\u0131\u015f, faaliyetlerini yasaklam\u0131\u015f, hatta propagandas\u0131n\u0131 bile engellemi\u015ftir. ABD\u2019nin eski Ba\u015fkan\u0131 Donald Trump, LGBT\u2019ye &hellip;<\/p>","protected":false},"author":1,"featured_media":0,"comment_status":"open","ping_status":"open","sticky":false,"template":"","format":"standard","meta":{"_acf_changed":false,"footnotes":""},"categories":[24],"tags":[],"class_list":["post-29357","post","type-post","status-publish","format-standard","has-post-thumbnail","hentry","category-gundem"],"acf":[],"yoast_head":"<!-- This site is optimized with the Yoast SEO Premium plugin v26.6 (Yoast SEO v27.1.1) - https:\/\/yoast.com\/product\/yoast-seo-premium-wordpress\/ -->\n<title>Mil-Diyanet Sen kampanya stand\u0131 a\u00e7t\u0131\u2026 - Av. Deniz Can K\u0131z\u0131l<\/title>\n<meta name=\"robots\" content=\"index, follow, max-snippet:-1, max-image-preview:large, max-video-preview:-1\" \/>\n<link rel=\"canonical\" href=\"https:\/\/denizcankizil.tr\/en\/haberler\/gundem\/mil-diyanet-sen-kampanya-standi-acti\/\" \/>\n<meta property=\"og:locale\" content=\"en_GB\" \/>\n<meta property=\"og:type\" content=\"article\" \/>\n<meta property=\"og:title\" content=\"Mil-Diyanet Sen kampanya stand\u0131 a\u00e7t\u0131\u2026\" \/>\n<meta property=\"og:description\" content=\"Kampanya kapsam\u0131nda \u0130skenderun \u015eehit Pamir Caddesi \u00fczerindeki Havuzlu \u00c7ar\u015f\u0131 giri\u015finde Mil-Diyanet Sen taraf\u0131ndan, kurulan stantta 1-4 \u015eubat 2025 tarihleri aras\u0131nda t\u00fcm illerde e\u015f zamanl\u0131 olarak y\u00fcr\u00fct\u00fclecek olan kampanya \u2018Aile Y\u0131l\u0131\u2019 vurgusuyla ba\u015flat\u0131ld\u0131. Mil-Diyanet Sen Hatay \u0130l Ba\u015fkan\u0131 Mustafa Enzin, Cumhurba\u015fkan\u0131 Recep Tayyip Erdo\u011fan\u2019\u0131n 2025 y\u0131l\u0131n\u0131 &#8220;Aile Y\u0131l\u0131&#8221; ilan etti\u011fini hat\u0131rlatarak, toplumda ve aile yap\u0131s\u0131nda ya\u015fanan sosyal ve ahlaki yozla\u015fmalara kar\u015f\u0131 m\u00fccadele ettiklerini belirtti. LGBT DERNEKLER\u0130 KAPATILSIN TALEB\u0130 Mil-Diyanet Sen olarak \u0130\u00e7i\u015fleri Bakanl\u0131\u011f\u0131\u2019na daha \u00f6nce LGBT derneklerinin kapat\u0131lmas\u0131 y\u00f6n\u00fcnde iki kez dilek\u00e7e verdiklerini ancak sonu\u00e7 alamad\u0131klar\u0131n\u0131 ifade eden Enzin, \u201cBu talebimizi bir ad\u0131m daha ileriye ta\u015f\u0131yarak geni\u015f kat\u0131l\u0131ml\u0131 bir imza kampanyas\u0131 d\u00fczenliyoruz. Ailenin, gen\u00e7li\u011fin ve neslin korunmas\u0131 i\u00e7in bu m\u00fccadeleyi s\u00fcrd\u00fcrmekte kararl\u0131y\u0131z\u201d dedi. LGBT hareketlerini \u201cinsan f\u0131trat\u0131na y\u00f6nelik bir tehdit\u201d olarak nitelendiren Enzin, \u201cE\u015fcinsellik ve cinsiyetsizlik propagandalar\u0131, insan neslini hedef alan Siyonist projelerin bir par\u00e7as\u0131d\u0131r. Allah, insan\u0131 kad\u0131n ve erkek olarak yaratm\u0131\u015ft\u0131r. Bu f\u0131trat\u0131n korunmas\u0131, hem dinimizin hem de insanl\u0131\u011f\u0131n bir gere\u011fidir\u201d diye konu\u015ftu. &#8220;D\u0130\u011eER \u00dcLKELERDE YASAKLANDI, T\u00dcRK\u0130YE\u2019DE DE YASAKLANMALI&#8221; D\u00fcnya genelinde LGBT faaliyetlerine y\u00f6nelik yasaklardan \u00f6rnekler vererek, baz\u0131 \u00fclkelerin bu konuda ciddi ad\u0131mlar att\u0131\u011f\u0131n\u0131 hat\u0131rlatan Mustafa Enzin \u015funlar\u0131 kaydetti: \u201cBa\u015fta Rusya olmak \u00fczere bir\u00e7ok \u00fclke LGBT derneklerini kapatm\u0131\u015f, faaliyetlerini yasaklam\u0131\u015f, hatta propagandas\u0131n\u0131 bile engellemi\u015ftir. ABD\u2019nin eski Ba\u015fkan\u0131 Donald Trump, LGBT\u2019ye &hellip;\" \/>\n<meta property=\"og:url\" content=\"https:\/\/denizcankizil.tr\/en\/haberler\/gundem\/mil-diyanet-sen-kampanya-standi-acti\/\" \/>\n<meta property=\"og:site_name\" content=\"Av. Deniz Can K\u0131z\u0131l\" \/>\n<meta property=\"article:published_time\" content=\"2025-02-01T15:41:50+00:00\" \/>\n<meta name=\"author\" content=\"admin\" \/>\n<meta name=\"twitter:card\" content=\"summary_large_image\" \/>\n<meta name=\"twitter:label1\" content=\"Written by\" \/>\n\t<meta name=\"twitter:data1\" content=\"admin\" \/>\n\t<meta name=\"twitter:label2\" content=\"Estimated reading time\" \/>\n\t<meta name=\"twitter:data2\" content=\"2 minutes\" \/>\n<script type=\"application\/ld+json\" class=\"yoast-schema-graph\">{\"@context\":\"https:\/\/schema.org\",\"@graph\":[{\"@type\":\"Article\",\"@id\":\"https:\/\/denizcankizil.tr\/de\/haberler\/gundem\/mil-diyanet-sen-kampanya-standi-acti\/#article\",\"isPartOf\":{\"@id\":\"https:\/\/denizcankizil.tr\/de\/haberler\/gundem\/mil-diyanet-sen-kampanya-standi-acti\/\"},\"author\":{\"name\":\"admin\",\"@id\":\"https:\/\/denizcankizil.tr\/de\/#\/schema\/person\/be3c05fe6a12686905512445d8185489\"},\"headline\":\"Mil-Diyanet Sen kampanya stand\u0131 a\u00e7t\u0131\u2026\",\"datePublished\":\"2025-02-01T15:41:50+00:00\",\"mainEntityOfPage\":{\"@id\":\"https:\/\/denizcankizil.tr\/de\/haberler\/gundem\/mil-diyanet-sen-kampanya-standi-acti\/\"},\"wordCount\":435,\"commentCount\":0,\"publisher\":{\"@id\":\"https:\/\/denizcankizil.tr\/de\/#organization\"},\"articleSection\":[\"G\u00fcndem\"],\"inLanguage\":\"en-GB\",\"potentialAction\":[{\"@type\":\"CommentAction\",\"name\":\"Comment\",\"target\":[\"https:\/\/denizcankizil.tr\/de\/haberler\/gundem\/mil-diyanet-sen-kampanya-standi-acti\/#respond\"]}]},{\"@type\":\"WebPage\",\"@id\":\"https:\/\/denizcankizil.tr\/de\/haberler\/gundem\/mil-diyanet-sen-kampanya-standi-acti\/\",\"url\":\"https:\/\/denizcankizil.tr\/de\/haberler\/gundem\/mil-diyanet-sen-kampanya-standi-acti\/\",\"name\":\"Mil-Diyanet Sen kampanya stand\u0131 a\u00e7t\u0131\u2026 - Av. Deniz Can K\u0131z\u0131l\",\"isPartOf\":{\"@id\":\"https:\/\/denizcankizil.tr\/de\/#website\"},\"datePublished\":\"2025-02-01T15:41:50+00:00\",\"breadcrumb\":{\"@id\":\"https:\/\/denizcankizil.tr\/de\/haberler\/gundem\/mil-diyanet-sen-kampanya-standi-acti\/#breadcrumb\"},\"inLanguage\":\"en-GB\",\"potentialAction\":[{\"@type\":\"ReadAction\",\"target\":[\"https:\/\/denizcankizil.tr\/de\/haberler\/gundem\/mil-diyanet-sen-kampanya-standi-acti\/\"]}]},{\"@type\":\"BreadcrumbList\",\"@id\":\"https:\/\/denizcankizil.tr\/de\/haberler\/gundem\/mil-diyanet-sen-kampanya-standi-acti\/#breadcrumb\",\"itemListElement\":[{\"@type\":\"ListItem\",\"position\":1,\"name\":\"Home\",\"item\":\"https:\/\/denizcankizil.tr\/de\/\"},{\"@type\":\"ListItem\",\"position\":2,\"name\":\"Mil-Diyanet Sen kampanya stand\u0131 a\u00e7t\u0131\u2026\"}]},{\"@type\":\"WebSite\",\"@id\":\"https:\/\/denizcankizil.tr\/de\/#website\",\"url\":\"https:\/\/denizcankizil.tr\/de\/\",\"name\":\"Av. Deniz Can K\u0131z\u0131l\",\"description\":\"Avukat Deniz Can K\u0131z\u0131l Antalya Barosu\",\"publisher\":{\"@id\":\"https:\/\/denizcankizil.tr\/de\/#organization\"},\"potentialAction\":[{\"@type\":\"SearchAction\",\"target\":{\"@type\":\"EntryPoint\",\"urlTemplate\":\"https:\/\/denizcankizil.tr\/de\/?s={search_term_string}\"},\"query-input\":{\"@type\":\"PropertyValueSpecification\",\"valueRequired\":true,\"valueName\":\"search_term_string\"}}],\"inLanguage\":\"en-GB\"},{\"@type\":\"Organization\",\"@id\":\"https:\/\/denizcankizil.tr\/de\/#organization\",\"name\":\"Av. Deniz Can K\u0131z\u0131l\",\"url\":\"https:\/\/denizcankizil.tr\/de\/\",\"logo\":{\"@type\":\"ImageObject\",\"inLanguage\":\"en-GB\",\"@id\":\"https:\/\/denizcankizil.tr\/de\/#\/schema\/logo\/image\/\",\"url\":\"https:\/\/denizcankizil.tr\/wp-content\/uploads\/2024\/10\/siyah-logo-svg.svg\",\"contentUrl\":\"https:\/\/denizcankizil.tr\/wp-content\/uploads\/2024\/10\/siyah-logo-svg.svg\",\"width\":1080,\"height\":1080,\"caption\":\"Av. Deniz Can K\u0131z\u0131l\"},\"image\":{\"@id\":\"https:\/\/denizcankizil.tr\/de\/#\/schema\/logo\/image\/\"}},{\"@type\":\"Person\",\"@id\":\"https:\/\/denizcankizil.tr\/de\/#\/schema\/person\/be3c05fe6a12686905512445d8185489\",\"name\":\"admin\",\"image\":{\"@type\":\"ImageObject\",\"inLanguage\":\"en-GB\",\"@id\":\"https:\/\/denizcankizil.tr\/de\/#\/schema\/person\/image\/\",\"url\":\"https:\/\/secure.gravatar.com\/avatar\/c1fce94c830dc79107e174f890d7210541c4a63e8e5d816341794a2151c9d58c?s=96&d=mm&r=g\",\"contentUrl\":\"https:\/\/secure.gravatar.com\/avatar\/c1fce94c830dc79107e174f890d7210541c4a63e8e5d816341794a2151c9d58c?s=96&d=mm&r=g\",\"caption\":\"admin\"},\"sameAs\":[\"http:\/\/denizcankizil.tr\"],\"url\":\"https:\/\/www.iskenderun.org\/mil-diyanet-sen-kampanya-standi-acti\"}]}<\/script>\n<!-- \/ Yoast SEO Premium plugin. -->","yoast_head_json":{"title":"Mil-Diyanet Sen kampanya stand\u0131 a\u00e7t\u0131\u2026 - Av. Deniz Can K\u0131z\u0131l","robots":{"index":"index","follow":"follow","max-snippet":"max-snippet:-1","max-image-preview":"max-image-preview:large","max-video-preview":"max-video-preview:-1"},"canonical":"https:\/\/denizcankizil.tr\/en\/haberler\/gundem\/mil-diyanet-sen-kampanya-standi-acti\/","og_locale":"en_GB","og_type":"article","og_title":"Mil-Diyanet Sen kampanya stand\u0131 a\u00e7t\u0131\u2026","og_description":"Kampanya kapsam\u0131nda \u0130skenderun \u015eehit Pamir Caddesi \u00fczerindeki Havuzlu \u00c7ar\u015f\u0131 giri\u015finde Mil-Diyanet Sen taraf\u0131ndan, kurulan stantta 1-4 \u015eubat 2025 tarihleri aras\u0131nda t\u00fcm illerde e\u015f zamanl\u0131 olarak y\u00fcr\u00fct\u00fclecek olan kampanya \u2018Aile Y\u0131l\u0131\u2019 vurgusuyla ba\u015flat\u0131ld\u0131. Mil-Diyanet Sen Hatay \u0130l Ba\u015fkan\u0131 Mustafa Enzin, Cumhurba\u015fkan\u0131 Recep Tayyip Erdo\u011fan\u2019\u0131n 2025 y\u0131l\u0131n\u0131 &#8220;Aile Y\u0131l\u0131&#8221; ilan etti\u011fini hat\u0131rlatarak, toplumda ve aile yap\u0131s\u0131nda ya\u015fanan sosyal ve ahlaki yozla\u015fmalara kar\u015f\u0131 m\u00fccadele ettiklerini belirtti. LGBT DERNEKLER\u0130 KAPATILSIN TALEB\u0130 Mil-Diyanet Sen olarak \u0130\u00e7i\u015fleri Bakanl\u0131\u011f\u0131\u2019na daha \u00f6nce LGBT derneklerinin kapat\u0131lmas\u0131 y\u00f6n\u00fcnde iki kez dilek\u00e7e verdiklerini ancak sonu\u00e7 alamad\u0131klar\u0131n\u0131 ifade eden Enzin, \u201cBu talebimizi bir ad\u0131m daha ileriye ta\u015f\u0131yarak geni\u015f kat\u0131l\u0131ml\u0131 bir imza kampanyas\u0131 d\u00fczenliyoruz. Ailenin, gen\u00e7li\u011fin ve neslin korunmas\u0131 i\u00e7in bu m\u00fccadeleyi s\u00fcrd\u00fcrmekte kararl\u0131y\u0131z\u201d dedi. LGBT hareketlerini \u201cinsan f\u0131trat\u0131na y\u00f6nelik bir tehdit\u201d olarak nitelendiren Enzin, \u201cE\u015fcinsellik ve cinsiyetsizlik propagandalar\u0131, insan neslini hedef alan Siyonist projelerin bir par\u00e7as\u0131d\u0131r. Allah, insan\u0131 kad\u0131n ve erkek olarak yaratm\u0131\u015ft\u0131r. Bu f\u0131trat\u0131n korunmas\u0131, hem dinimizin hem de insanl\u0131\u011f\u0131n bir gere\u011fidir\u201d diye konu\u015ftu. &#8220;D\u0130\u011eER \u00dcLKELERDE YASAKLANDI, T\u00dcRK\u0130YE\u2019DE DE YASAKLANMALI&#8221; D\u00fcnya genelinde LGBT faaliyetlerine y\u00f6nelik yasaklardan \u00f6rnekler vererek, baz\u0131 \u00fclkelerin bu konuda ciddi ad\u0131mlar att\u0131\u011f\u0131n\u0131 hat\u0131rlatan Mustafa Enzin \u015funlar\u0131 kaydetti: \u201cBa\u015fta Rusya olmak \u00fczere bir\u00e7ok \u00fclke LGBT derneklerini kapatm\u0131\u015f, faaliyetlerini yasaklam\u0131\u015f, hatta propagandas\u0131n\u0131 bile engellemi\u015ftir. ABD\u2019nin eski Ba\u015fkan\u0131 Donald Trump, LGBT\u2019ye &hellip;","og_url":"https:\/\/denizcankizil.tr\/en\/haberler\/gundem\/mil-diyanet-sen-kampanya-standi-acti\/","og_site_name":"Av. Deniz Can K\u0131z\u0131l","article_published_time":"2025-02-01T15:41:50+00:00","author":"admin","twitter_card":"summary_large_image","twitter_misc":{"Written by":"admin","Estimated reading time":"2 minutes"},"schema":{"@context":"https:\/\/schema.org","@graph":[{"@type":"Article","@id":"https:\/\/denizcankizil.tr\/de\/haberler\/gundem\/mil-diyanet-sen-kampanya-standi-acti\/#article","isPartOf":{"@id":"https:\/\/denizcankizil.tr\/de\/haberler\/gundem\/mil-diyanet-sen-kampanya-standi-acti\/"},"author":{"name":"admin","@id":"https:\/\/denizcankizil.tr\/de\/#\/schema\/person\/be3c05fe6a12686905512445d8185489"},"headline":"Mil-Diyanet Sen kampanya stand\u0131 a\u00e7t\u0131\u2026","datePublished":"2025-02-01T15:41:50+00:00","mainEntityOfPage":{"@id":"https:\/\/denizcankizil.tr\/de\/haberler\/gundem\/mil-diyanet-sen-kampanya-standi-acti\/"},"wordCount":435,"commentCount":0,"publisher":{"@id":"https:\/\/denizcankizil.tr\/de\/#organization"},"articleSection":["G\u00fcndem"],"inLanguage":"en-GB","potentialAction":[{"@type":"CommentAction","name":"Comment","target":["https:\/\/denizcankizil.tr\/de\/haberler\/gundem\/mil-diyanet-sen-kampanya-standi-acti\/#respond"]}]},{"@type":"WebPage","@id":"https:\/\/denizcankizil.tr\/de\/haberler\/gundem\/mil-diyanet-sen-kampanya-standi-acti\/","url":"https:\/\/denizcankizil.tr\/de\/haberler\/gundem\/mil-diyanet-sen-kampanya-standi-acti\/","name":"Mil-Diyanet Sen kampanya stand\u0131 a\u00e7t\u0131\u2026 - Av. Deniz Can K\u0131z\u0131l","isPartOf":{"@id":"https:\/\/denizcankizil.tr\/de\/#website"},"datePublished":"2025-02-01T15:41:50+00:00","breadcrumb":{"@id":"https:\/\/denizcankizil.tr\/de\/haberler\/gundem\/mil-diyanet-sen-kampanya-standi-acti\/#breadcrumb"},"inLanguage":"en-GB","potentialAction":[{"@type":"ReadAction","target":["https:\/\/denizcankizil.tr\/de\/haberler\/gundem\/mil-diyanet-sen-kampanya-standi-acti\/"]}]},{"@type":"BreadcrumbList","@id":"https:\/\/denizcankizil.tr\/de\/haberler\/gundem\/mil-diyanet-sen-kampanya-standi-acti\/#breadcrumb","itemListElement":[{"@type":"ListItem","position":1,"name":"Home","item":"https:\/\/denizcankizil.tr\/de\/"},{"@type":"ListItem","position":2,"name":"Mil-Diyanet Sen kampanya stand\u0131 a\u00e7t\u0131\u2026"}]},{"@type":"WebSite","@id":"https:\/\/denizcankizil.tr\/de\/#website","url":"https:\/\/denizcankizil.tr\/de\/","name":"Av. Deniz Can K\u0131z\u0131l","description":"Avukat Deniz Can K\u0131z\u0131l Antalya Barosu","publisher":{"@id":"https:\/\/denizcankizil.tr\/de\/#organization"},"potentialAction":[{"@type":"SearchAction","target":{"@type":"EntryPoint","urlTemplate":"https:\/\/denizcankizil.tr\/de\/?s={search_term_string}"},"query-input":{"@type":"PropertyValueSpecification","valueRequired":true,"valueName":"search_term_string"}}],"inLanguage":"en-GB"},{"@type":"Organization","@id":"https:\/\/denizcankizil.tr\/de\/#organization","name":"Av. Deniz Can K\u0131z\u0131l","url":"https:\/\/denizcankizil.tr\/de\/","logo":{"@type":"ImageObject","inLanguage":"en-GB","@id":"https:\/\/denizcankizil.tr\/de\/#\/schema\/logo\/image\/","url":"https:\/\/denizcankizil.tr\/wp-content\/uploads\/2024\/10\/siyah-logo-svg.svg","contentUrl":"https:\/\/denizcankizil.tr\/wp-content\/uploads\/2024\/10\/siyah-logo-svg.svg","width":1080,"height":1080,"caption":"Av. Deniz Can K\u0131z\u0131l"},"image":{"@id":"https:\/\/denizcankizil.tr\/de\/#\/schema\/logo\/image\/"}},{"@type":"Person","@id":"https:\/\/denizcankizil.tr\/de\/#\/schema\/person\/be3c05fe6a12686905512445d8185489","name":"admin","image":{"@type":"ImageObject","inLanguage":"en-GB","@id":"https:\/\/denizcankizil.tr\/de\/#\/schema\/person\/image\/","url":"https:\/\/secure.gravatar.com\/avatar\/c1fce94c830dc79107e174f890d7210541c4a63e8e5d816341794a2151c9d58c?s=96&d=mm&r=g","contentUrl":"https:\/\/secure.gravatar.com\/avatar\/c1fce94c830dc79107e174f890d7210541c4a63e8e5d816341794a2151c9d58c?s=96&d=mm&r=g","caption":"admin"},"sameAs":["http:\/\/denizcankizil.tr"],"url":"https:\/\/www.iskenderun.org\/mil-diyanet-sen-kampanya-standi-acti"}]}},"_links":{"self":[{"href":"https:\/\/denizcankizil.tr\/en\/wp-json\/wp\/v2\/posts\/29357","targetHints":{"allow":["GET"]}}],"collection":[{"href":"https:\/\/denizcankizil.tr\/en\/wp-json\/wp\/v2\/posts"}],"about":[{"href":"https:\/\/denizcankizil.tr\/en\/wp-json\/wp\/v2\/types\/post"}],"author":[{"embeddable":true,"href":"https:\/\/denizcankizil.tr\/en\/wp-json\/wp\/v2\/users\/1"}],"replies":[{"embeddable":true,"href":"https:\/\/denizcankizil.tr\/en\/wp-json\/wp\/v2\/comments?post=29357"}],"version-history":[{"count":0,"href":"https:\/\/denizcankizil.tr\/en\/wp-json\/wp\/v2\/posts\/29357\/revisions"}],"wp:attachment":[{"href":"https:\/\/denizcankizil.tr\/en\/wp-json\/wp\/v2\/media?parent=29357"}],"wp:term":[{"taxonomy":"category","embeddable":true,"href":"https:\/\/denizcankizil.tr\/en\/wp-json\/wp\/v2\/categories?post=29357"},{"taxonomy":"post_tag","embeddable":true,"href":"https:\/\/denizcankizil.tr\/en\/wp-json\/wp\/v2\/tags?post=29357"}],"curies":[{"name":"wp","href":"https:\/\/api.w.org\/{rel}","templated":true}]}}