{"id":29299,"date":"2025-02-01T13:41:58","date_gmt":"2025-02-01T10:41:58","guid":{"rendered":"https:\/\/denizcankizil.tr\/uncategorized-tr\/izmir-itfaiyesinden-zabita-personeline-yangin-guvenligi-egitimi\/"},"modified":"2025-02-01T13:41:58","modified_gmt":"2025-02-01T10:41:58","slug":"izmir-itfaiyesinden-zabita-personeline-yangin-guvenligi-egitimi","status":"publish","type":"post","link":"https:\/\/denizcankizil.tr\/en\/haberler\/gundem\/izmir-itfaiyesinden-zabita-personeline-yangin-guvenligi-egitimi\/","title":{"rendered":"\u0130zmir \u0130tfaiyesi\u2019nden zab\u0131ta personeline yang\u0131n g\u00fcvenli\u011fi e\u011fitimi"},"content":{"rendered":"<p>\u0130zmir B\u00fcy\u00fck\u015fehir Belediyesi zab\u0131ta ekipleri, yang\u0131n riskine kar\u015f\u0131 al\u0131nmas\u0131 gereken \u00f6nlemler ile olas\u0131 yang\u0131nlara kar\u015f\u0131 do\u011fru m\u00fcdahale tekniklerine y\u00f6nelik e\u011fitimden ge\u00e7irildi.<\/p>\n<p>\u200b\u0130zmir B\u00fcy\u00fck\u015fehir Belediyesi zab\u0131ta ekipleri, yang\u0131n riskine kar\u015f\u0131 al\u0131nmas\u0131 gereken \u00f6nlemler ile olas\u0131 yang\u0131nlara kar\u015f\u0131 do\u011fru m\u00fcdahale tekniklerine y\u00f6nelik e\u011fitimden ge\u00e7irildi.\u00a0<\/p>\n<p>\u200bHaberin Al\u0131nt\u0131land\u0131\u011f\u0131 Kaynak: www.iskenderun.org<\/p>","protected":false},"excerpt":{"rendered":"<p>\u0130zmir B\u00fcy\u00fck\u015fehir Belediyesi zab\u0131ta ekipleri, yang\u0131n riskine kar\u015f\u0131 al\u0131nmas\u0131 gereken \u00f6nlemler ile olas\u0131 yang\u0131nlara kar\u015f\u0131 do\u011fru m\u00fcdahale tekniklerine y\u00f6nelik e\u011fitimden ge\u00e7irildi. \u200b\u0130zmir B\u00fcy\u00fck\u015fehir Belediyesi zab\u0131ta ekipleri, yang\u0131n riskine kar\u015f\u0131 al\u0131nmas\u0131 gereken \u00f6nlemler ile olas\u0131 yang\u0131nlara kar\u015f\u0131 do\u011fru m\u00fcdahale tekniklerine y\u00f6nelik e\u011fitimden ge\u00e7irildi.\u00a0 \u200bHaberin Al\u0131nt\u0131land\u0131\u011f\u0131 Kaynak: www.iskenderun.org<\/p>","protected":false},"author":1,"featured_media":0,"comment_status":"open","ping_status":"open","sticky":false,"template":"","format":"standard","meta":{"_acf_changed":false,"footnotes":""},"categories":[24],"tags":[],"class_list":["post-29299","post","type-post","status-publish","format-standard","has-post-thumbnail","hentry","category-gundem"],"acf":[],"yoast_head":"<!-- This site is optimized with the Yoast SEO Premium plugin v26.6 (Yoast SEO v27.1.1) - https:\/\/yoast.com\/product\/yoast-seo-premium-wordpress\/ -->\n<title>\u0130zmir \u0130tfaiyesi\u2019nden zab\u0131ta personeline yang\u0131n g\u00fcvenli\u011fi e\u011fitimi - Av. Deniz Can K\u0131z\u0131l<\/title>\n<meta name=\"robots\" content=\"index, follow, max-snippet:-1, max-image-preview:large, max-video-preview:-1\" \/>\n<link rel=\"canonical\" href=\"https:\/\/denizcankizil.tr\/en\/haberler\/gundem\/izmir-itfaiyesinden-zabita-personeline-yangin-guvenligi-egitimi\/\" \/>\n<meta property=\"og:locale\" content=\"en_GB\" \/>\n<meta property=\"og:type\" content=\"article\" \/>\n<meta property=\"og:title\" content=\"\u0130zmir \u0130tfaiyesi\u2019nden zab\u0131ta personeline yang\u0131n g\u00fcvenli\u011fi e\u011fitimi\" \/>\n<meta property=\"og:description\" content=\"\u0130zmir B\u00fcy\u00fck\u015fehir Belediyesi zab\u0131ta ekipleri, yang\u0131n riskine kar\u015f\u0131 al\u0131nmas\u0131 gereken \u00f6nlemler ile olas\u0131 yang\u0131nlara kar\u015f\u0131 do\u011fru m\u00fcdahale tekniklerine y\u00f6nelik e\u011fitimden ge\u00e7irildi. \u200b\u0130zmir B\u00fcy\u00fck\u015fehir Belediyesi zab\u0131ta ekipleri, yang\u0131n riskine kar\u015f\u0131 al\u0131nmas\u0131 gereken \u00f6nlemler ile olas\u0131 yang\u0131nlara kar\u015f\u0131 do\u011fru m\u00fcdahale tekniklerine y\u00f6nelik e\u011fitimden ge\u00e7irildi.\u00a0 \u200bHaberin Al\u0131nt\u0131land\u0131\u011f\u0131 Kaynak: www.iskenderun.org\" \/>\n<meta property=\"og:url\" content=\"https:\/\/denizcankizil.tr\/en\/haberler\/gundem\/izmir-itfaiyesinden-zabita-personeline-yangin-guvenligi-egitimi\/\" \/>\n<meta property=\"og:site_name\" content=\"Av. Deniz Can K\u0131z\u0131l\" \/>\n<meta property=\"article:published_time\" content=\"2025-02-01T10:41:58+00:00\" \/>\n<meta name=\"author\" content=\"admin\" \/>\n<meta name=\"twitter:card\" content=\"summary_large_image\" \/>\n<meta name=\"twitter:label1\" content=\"Written by\" \/>\n\t<meta name=\"twitter:data1\" content=\"admin\" \/>\n<script type=\"application\/ld+json\" class=\"yoast-schema-graph\">{\"@context\":\"https:\/\/schema.org\",\"@graph\":[{\"@type\":\"Article\",\"@id\":\"https:\/\/denizcankizil.tr\/en\/haberler\/gundem\/izmir-itfaiyesinden-zabita-personeline-yangin-guvenligi-egitimi\/#article\",\"isPartOf\":{\"@id\":\"https:\/\/denizcankizil.tr\/en\/haberler\/gundem\/izmir-itfaiyesinden-zabita-personeline-yangin-guvenligi-egitimi\/\"},\"author\":{\"name\":\"admin\",\"@id\":\"https:\/\/denizcankizil.tr\/#\/schema\/person\/be3c05fe6a12686905512445d8185489\"},\"headline\":\"\u0130zmir \u0130tfaiyesi\u2019nden zab\u0131ta personeline yang\u0131n g\u00fcvenli\u011fi e\u011fitimi\",\"datePublished\":\"2025-02-01T10:41:58+00:00\",\"mainEntityOfPage\":{\"@id\":\"https:\/\/denizcankizil.tr\/en\/haberler\/gundem\/izmir-itfaiyesinden-zabita-personeline-yangin-guvenligi-egitimi\/\"},\"wordCount\":87,\"commentCount\":0,\"publisher\":{\"@id\":\"https:\/\/denizcankizil.tr\/#organization\"},\"articleSection\":[\"G\u00fcndem\"],\"inLanguage\":\"en-GB\",\"potentialAction\":[{\"@type\":\"CommentAction\",\"name\":\"Comment\",\"target\":[\"https:\/\/denizcankizil.tr\/en\/haberler\/gundem\/izmir-itfaiyesinden-zabita-personeline-yangin-guvenligi-egitimi\/#respond\"]}]},{\"@type\":\"WebPage\",\"@id\":\"https:\/\/denizcankizil.tr\/en\/haberler\/gundem\/izmir-itfaiyesinden-zabita-personeline-yangin-guvenligi-egitimi\/\",\"url\":\"https:\/\/denizcankizil.tr\/en\/haberler\/gundem\/izmir-itfaiyesinden-zabita-personeline-yangin-guvenligi-egitimi\/\",\"name\":\"\u0130zmir \u0130tfaiyesi\u2019nden zab\u0131ta personeline yang\u0131n g\u00fcvenli\u011fi e\u011fitimi - Av. Deniz Can K\u0131z\u0131l\",\"isPartOf\":{\"@id\":\"https:\/\/denizcankizil.tr\/#website\"},\"datePublished\":\"2025-02-01T10:41:58+00:00\",\"breadcrumb\":{\"@id\":\"https:\/\/denizcankizil.tr\/en\/haberler\/gundem\/izmir-itfaiyesinden-zabita-personeline-yangin-guvenligi-egitimi\/#breadcrumb\"},\"inLanguage\":\"en-GB\",\"potentialAction\":[{\"@type\":\"ReadAction\",\"target\":[\"https:\/\/denizcankizil.tr\/en\/haberler\/gundem\/izmir-itfaiyesinden-zabita-personeline-yangin-guvenligi-egitimi\/\"]}]},{\"@type\":\"BreadcrumbList\",\"@id\":\"https:\/\/denizcankizil.tr\/en\/haberler\/gundem\/izmir-itfaiyesinden-zabita-personeline-yangin-guvenligi-egitimi\/#breadcrumb\",\"itemListElement\":[{\"@type\":\"ListItem\",\"position\":1,\"name\":\"Home\",\"item\":\"https:\/\/denizcankizil.tr\/de\/\"},{\"@type\":\"ListItem\",\"position\":2,\"name\":\"\u0130zmir \u0130tfaiyesi\u2019nden zab\u0131ta personeline yang\u0131n g\u00fcvenli\u011fi e\u011fitimi\"}]},{\"@type\":\"WebSite\",\"@id\":\"https:\/\/denizcankizil.tr\/#website\",\"url\":\"https:\/\/denizcankizil.tr\/\",\"name\":\"Av. Deniz Can K\u0131z\u0131l\",\"description\":\"Avukat Deniz Can K\u0131z\u0131l Antalya Barosu\",\"publisher\":{\"@id\":\"https:\/\/denizcankizil.tr\/#organization\"},\"potentialAction\":[{\"@type\":\"SearchAction\",\"target\":{\"@type\":\"EntryPoint\",\"urlTemplate\":\"https:\/\/denizcankizil.tr\/?s={search_term_string}\"},\"query-input\":{\"@type\":\"PropertyValueSpecification\",\"valueRequired\":true,\"valueName\":\"search_term_string\"}}],\"inLanguage\":\"en-GB\"},{\"@type\":\"Organization\",\"@id\":\"https:\/\/denizcankizil.tr\/#organization\",\"name\":\"Av. Deniz Can K\u0131z\u0131l\",\"url\":\"https:\/\/denizcankizil.tr\/\",\"logo\":{\"@type\":\"ImageObject\",\"inLanguage\":\"en-GB\",\"@id\":\"https:\/\/denizcankizil.tr\/#\/schema\/logo\/image\/\",\"url\":\"https:\/\/denizcankizil.tr\/wp-content\/uploads\/2024\/10\/siyah-logo-svg.svg\",\"contentUrl\":\"https:\/\/denizcankizil.tr\/wp-content\/uploads\/2024\/10\/siyah-logo-svg.svg\",\"width\":1080,\"height\":1080,\"caption\":\"Av. Deniz Can K\u0131z\u0131l\"},\"image\":{\"@id\":\"https:\/\/denizcankizil.tr\/#\/schema\/logo\/image\/\"}},{\"@type\":\"Person\",\"@id\":\"https:\/\/denizcankizil.tr\/#\/schema\/person\/be3c05fe6a12686905512445d8185489\",\"name\":\"admin\",\"image\":{\"@type\":\"ImageObject\",\"inLanguage\":\"en-GB\",\"@id\":\"https:\/\/denizcankizil.tr\/#\/schema\/person\/image\/\",\"url\":\"https:\/\/secure.gravatar.com\/avatar\/c1fce94c830dc79107e174f890d7210541c4a63e8e5d816341794a2151c9d58c?s=96&d=mm&r=g\",\"contentUrl\":\"https:\/\/secure.gravatar.com\/avatar\/c1fce94c830dc79107e174f890d7210541c4a63e8e5d816341794a2151c9d58c?s=96&d=mm&r=g\",\"caption\":\"admin\"},\"sameAs\":[\"http:\/\/denizcankizil.tr\"],\"url\":\"https:\/\/www.iskenderun.org\/izmir-itfaiyesinden-zabita-personeline-yangin-guvenligi-egitimi\"}]}<\/script>\n<!-- \/ Yoast SEO Premium plugin. -->","yoast_head_json":{"title":"\u0130zmir \u0130tfaiyesi\u2019nden zab\u0131ta personeline yang\u0131n g\u00fcvenli\u011fi e\u011fitimi - Av. Deniz Can K\u0131z\u0131l","robots":{"index":"index","follow":"follow","max-snippet":"max-snippet:-1","max-image-preview":"max-image-preview:large","max-video-preview":"max-video-preview:-1"},"canonical":"https:\/\/denizcankizil.tr\/en\/haberler\/gundem\/izmir-itfaiyesinden-zabita-personeline-yangin-guvenligi-egitimi\/","og_locale":"en_GB","og_type":"article","og_title":"\u0130zmir \u0130tfaiyesi\u2019nden zab\u0131ta personeline yang\u0131n g\u00fcvenli\u011fi e\u011fitimi","og_description":"\u0130zmir B\u00fcy\u00fck\u015fehir Belediyesi zab\u0131ta ekipleri, yang\u0131n riskine kar\u015f\u0131 al\u0131nmas\u0131 gereken \u00f6nlemler ile olas\u0131 yang\u0131nlara kar\u015f\u0131 do\u011fru m\u00fcdahale tekniklerine y\u00f6nelik e\u011fitimden ge\u00e7irildi. \u200b\u0130zmir B\u00fcy\u00fck\u015fehir Belediyesi zab\u0131ta ekipleri, yang\u0131n riskine kar\u015f\u0131 al\u0131nmas\u0131 gereken \u00f6nlemler ile olas\u0131 yang\u0131nlara kar\u015f\u0131 do\u011fru m\u00fcdahale tekniklerine y\u00f6nelik e\u011fitimden ge\u00e7irildi.\u00a0 \u200bHaberin Al\u0131nt\u0131land\u0131\u011f\u0131 Kaynak: www.iskenderun.org","og_url":"https:\/\/denizcankizil.tr\/en\/haberler\/gundem\/izmir-itfaiyesinden-zabita-personeline-yangin-guvenligi-egitimi\/","og_site_name":"Av. Deniz Can K\u0131z\u0131l","article_published_time":"2025-02-01T10:41:58+00:00","author":"admin","twitter_card":"summary_large_image","twitter_misc":{"Written by":"admin"},"schema":{"@context":"https:\/\/schema.org","@graph":[{"@type":"Article","@id":"https:\/\/denizcankizil.tr\/en\/haberler\/gundem\/izmir-itfaiyesinden-zabita-personeline-yangin-guvenligi-egitimi\/#article","isPartOf":{"@id":"https:\/\/denizcankizil.tr\/en\/haberler\/gundem\/izmir-itfaiyesinden-zabita-personeline-yangin-guvenligi-egitimi\/"},"author":{"name":"admin","@id":"https:\/\/denizcankizil.tr\/#\/schema\/person\/be3c05fe6a12686905512445d8185489"},"headline":"\u0130zmir \u0130tfaiyesi\u2019nden zab\u0131ta personeline yang\u0131n g\u00fcvenli\u011fi e\u011fitimi","datePublished":"2025-02-01T10:41:58+00:00","mainEntityOfPage":{"@id":"https:\/\/denizcankizil.tr\/en\/haberler\/gundem\/izmir-itfaiyesinden-zabita-personeline-yangin-guvenligi-egitimi\/"},"wordCount":87,"commentCount":0,"publisher":{"@id":"https:\/\/denizcankizil.tr\/#organization"},"articleSection":["G\u00fcndem"],"inLanguage":"en-GB","potentialAction":[{"@type":"CommentAction","name":"Comment","target":["https:\/\/denizcankizil.tr\/en\/haberler\/gundem\/izmir-itfaiyesinden-zabita-personeline-yangin-guvenligi-egitimi\/#respond"]}]},{"@type":"WebPage","@id":"https:\/\/denizcankizil.tr\/en\/haberler\/gundem\/izmir-itfaiyesinden-zabita-personeline-yangin-guvenligi-egitimi\/","url":"https:\/\/denizcankizil.tr\/en\/haberler\/gundem\/izmir-itfaiyesinden-zabita-personeline-yangin-guvenligi-egitimi\/","name":"\u0130zmir \u0130tfaiyesi\u2019nden zab\u0131ta personeline yang\u0131n g\u00fcvenli\u011fi e\u011fitimi - Av. Deniz Can K\u0131z\u0131l","isPartOf":{"@id":"https:\/\/denizcankizil.tr\/#website"},"datePublished":"2025-02-01T10:41:58+00:00","breadcrumb":{"@id":"https:\/\/denizcankizil.tr\/en\/haberler\/gundem\/izmir-itfaiyesinden-zabita-personeline-yangin-guvenligi-egitimi\/#breadcrumb"},"inLanguage":"en-GB","potentialAction":[{"@type":"ReadAction","target":["https:\/\/denizcankizil.tr\/en\/haberler\/gundem\/izmir-itfaiyesinden-zabita-personeline-yangin-guvenligi-egitimi\/"]}]},{"@type":"BreadcrumbList","@id":"https:\/\/denizcankizil.tr\/en\/haberler\/gundem\/izmir-itfaiyesinden-zabita-personeline-yangin-guvenligi-egitimi\/#breadcrumb","itemListElement":[{"@type":"ListItem","position":1,"name":"Home","item":"https:\/\/denizcankizil.tr\/de\/"},{"@type":"ListItem","position":2,"name":"\u0130zmir \u0130tfaiyesi\u2019nden zab\u0131ta personeline yang\u0131n g\u00fcvenli\u011fi e\u011fitimi"}]},{"@type":"WebSite","@id":"https:\/\/denizcankizil.tr\/#website","url":"https:\/\/denizcankizil.tr\/","name":"Av. Deniz Can K\u0131z\u0131l","description":"Avukat Deniz Can K\u0131z\u0131l Antalya Barosu","publisher":{"@id":"https:\/\/denizcankizil.tr\/#organization"},"potentialAction":[{"@type":"SearchAction","target":{"@type":"EntryPoint","urlTemplate":"https:\/\/denizcankizil.tr\/?s={search_term_string}"},"query-input":{"@type":"PropertyValueSpecification","valueRequired":true,"valueName":"search_term_string"}}],"inLanguage":"en-GB"},{"@type":"Organization","@id":"https:\/\/denizcankizil.tr\/#organization","name":"Av. Deniz Can K\u0131z\u0131l","url":"https:\/\/denizcankizil.tr\/","logo":{"@type":"ImageObject","inLanguage":"en-GB","@id":"https:\/\/denizcankizil.tr\/#\/schema\/logo\/image\/","url":"https:\/\/denizcankizil.tr\/wp-content\/uploads\/2024\/10\/siyah-logo-svg.svg","contentUrl":"https:\/\/denizcankizil.tr\/wp-content\/uploads\/2024\/10\/siyah-logo-svg.svg","width":1080,"height":1080,"caption":"Av. Deniz Can K\u0131z\u0131l"},"image":{"@id":"https:\/\/denizcankizil.tr\/#\/schema\/logo\/image\/"}},{"@type":"Person","@id":"https:\/\/denizcankizil.tr\/#\/schema\/person\/be3c05fe6a12686905512445d8185489","name":"admin","image":{"@type":"ImageObject","inLanguage":"en-GB","@id":"https:\/\/denizcankizil.tr\/#\/schema\/person\/image\/","url":"https:\/\/secure.gravatar.com\/avatar\/c1fce94c830dc79107e174f890d7210541c4a63e8e5d816341794a2151c9d58c?s=96&d=mm&r=g","contentUrl":"https:\/\/secure.gravatar.com\/avatar\/c1fce94c830dc79107e174f890d7210541c4a63e8e5d816341794a2151c9d58c?s=96&d=mm&r=g","caption":"admin"},"sameAs":["http:\/\/denizcankizil.tr"],"url":"https:\/\/www.iskenderun.org\/izmir-itfaiyesinden-zabita-personeline-yangin-guvenligi-egitimi"}]}},"_links":{"self":[{"href":"https:\/\/denizcankizil.tr\/en\/wp-json\/wp\/v2\/posts\/29299","targetHints":{"allow":["GET"]}}],"collection":[{"href":"https:\/\/denizcankizil.tr\/en\/wp-json\/wp\/v2\/posts"}],"about":[{"href":"https:\/\/denizcankizil.tr\/en\/wp-json\/wp\/v2\/types\/post"}],"author":[{"embeddable":true,"href":"https:\/\/denizcankizil.tr\/en\/wp-json\/wp\/v2\/users\/1"}],"replies":[{"embeddable":true,"href":"https:\/\/denizcankizil.tr\/en\/wp-json\/wp\/v2\/comments?post=29299"}],"version-history":[{"count":0,"href":"https:\/\/denizcankizil.tr\/en\/wp-json\/wp\/v2\/posts\/29299\/revisions"}],"wp:attachment":[{"href":"https:\/\/denizcankizil.tr\/en\/wp-json\/wp\/v2\/media?parent=29299"}],"wp:term":[{"taxonomy":"category","embeddable":true,"href":"https:\/\/denizcankizil.tr\/en\/wp-json\/wp\/v2\/categories?post=29299"},{"taxonomy":"post_tag","embeddable":true,"href":"https:\/\/denizcankizil.tr\/en\/wp-json\/wp\/v2\/tags?post=29299"}],"curies":[{"name":"wp","href":"https:\/\/api.w.org\/{rel}","templated":true}]}}