{"id":29109,"date":"2025-01-31T19:41:16","date_gmt":"2025-01-31T16:41:16","guid":{"rendered":"https:\/\/denizcankizil.tr\/uncategorized-tr\/gazipasada-ucretli-otopark-donemi-basliyor\/"},"modified":"2025-01-31T19:41:16","modified_gmt":"2025-01-31T16:41:16","slug":"gazipasada-ucretli-otopark-donemi-basliyor","status":"publish","type":"post","link":"https:\/\/denizcankizil.tr\/en\/haberler\/gundem\/gazipasada-ucretli-otopark-donemi-basliyor\/","title":{"rendered":"Gazipa\u015fa\u2019da \u00fccretli otopark d\u00f6nemi ba\u015fl\u0131yor"},"content":{"rendered":"<p>Antalya Gazipa\u015fa Belediyesi \u015fehir i\u00e7i trafi\u011fi d\u00fczenlenmesi ve g\u00fcvenli hale getirilmesi i\u00e7in yeni bir d\u00fczenleme hayata ge\u00e7irdi. Ara\u00e7 say\u0131s\u0131n\u0131n n\u00fcfusa oranla \u00e7ok fazla oldu\u011fu il\u00e7ede cadde \u00fcst\u00fc \u00fccretli otopark uygulamas\u0131 hayata ge\u00e7iyor. Bu uygulama kapsam\u0131nda il\u00e7ede \u00e7e\u015fitli yerlerinde araba park etmek isteyen s\u00fcr\u00fcc\u00fclerden belirli bir \u00fccret al\u0131nacak. Uygulama 3 \u015eubat 2025 Pazartesi&#8217;den itibaren ba\u015flayacak.\u00a0<\/p>\n<p>\u00dcCRETL\u0130 OTOPARK UYGULAMASI\u00a0<\/p>\n<p>Gazipa\u015fa Belediyesi\u2019nde yap\u0131lan a\u00e7\u0131klamada \u201cBilindi\u011fi \u00fczere, il\u00e7emizdeki ara\u00e7 say\u0131s\u0131 n\u00fcfusumuza oranla olduk\u00e7a y\u00fcksektir. \u015eehir i\u00e7i ya\u015fam\u0131n b\u00fcy\u00fck \u00f6l\u00e7\u00fcde 2-3 kilometrekarelik bir alanda s\u00fcrd\u00fc\u011f\u00fcn\u00fc g\u00f6z \u00f6n\u00fcnde bulundurdu\u011fumuzda, bu alandaki trafik y\u00fck\u00fcn\u00fc hafifletmedi\u011fimiz takdirde trafik sorununun giderek b\u00fcy\u00fcyece\u011fini \u00f6ng\u00f6rmekteyiz. \u00dccretli otopark alanlar\u0131nda uygulanacak c\u00fczi \u00fccretlerle, park yerlerinin d\u00fczenli kullan\u0131lmas\u0131n\u0131 ve trafik ak\u0131\u015f\u0131n\u0131n g\u00fcvenli bir \u015fekilde sa\u011flanmas\u0131n\u0131 ama\u00e7l\u0131yoruz. G\u00f6revli personellerimiz, otopark alanlar\u0131n\u0131n do\u011fru kullan\u0131lmas\u0131, trafik ak\u0131\u015f\u0131n\u0131n g\u00fcvenli\u011fi ve yayalar\u0131n can g\u00fcvenli\u011fini sa\u011flamak i\u00e7in \u00f6zveriyle \u00e7al\u0131\u015facakt\u0131r\u201d denildi.<\/p>\n<p>UYGULAMAYA TAB\u0130\u0130 OLAN ALANLAR\u00a0<\/p>\n<p>Gazipa\u015fa\u2019da uygulamaya tabi olacak alanlar ise \u015f\u00f6yle:\u00a0<\/p>\n<p>Gazipa\u015fa Belediyesi Yeni Otopark (Adalet Saray\u0131 Yan\u0131)<\/p>\n<p> Yeni Mahalle, Atat\u00fcrk Caddesi<\/p>\n<p> Cumhuriyet Meydan\u0131<\/p>\n<p> \u0130stiklal Mahallesi, Pazaryeri Caddesi (Rasih Kaplan Caddesi ile G\u00f6k\u00e7ein Caddesi aras\u0131)<\/p>\n<p> \u0130stiklal Mahallesi, Mehmet O\u011fuz Bulvar\u0131 (Ulusal Egemenlik Bulvar\u0131 ile Rasih Kaplan Caddesi aras\u0131)<\/p>\n<p> \u0130stiklal Mahallesi, \u015eehit S\u00fcleyman G\u00fcr Bulvar\u0131<\/p>\n<p> Belediye Fuar Alan\u0131\/Kapal\u0131 Pazar Yeri (Pazar kurulmad\u0131\u011f\u0131 g\u00fcnler)<\/p>\n<p> \u0130hsan O\u011fuz \u0130\u015f Merkezi ve H\u00fcseyin Bilgi\u00e7 \u0130\u015f Merkezi aras\u0131<\/p>\n<p>\u200bAntalya Gazipa\u015fa Belediyesi, 3 \u015eubat Pazartesi g\u00fcn\u00fcnden itibaren cadde \u00fcst\u00fc \u00fccretli otopark uygulamas\u0131na ge\u00e7iyor. Belediyenin belirledi\u011fi caddelerin belirli b\u00f6l\u00fcmleri trafi\u011fi aksatmayacak \u015fekilde ara\u00e7 park\u0131na ayr\u0131lacak\u00a0<\/p>\n<p>\u200bHaberin Al\u0131nt\u0131land\u0131\u011f\u0131 Kaynak: www.antalyakorfez.com<\/p>","protected":false},"excerpt":{"rendered":"<p>Antalya Gazipa\u015fa Belediyesi \u015fehir i\u00e7i trafi\u011fi d\u00fczenlenmesi ve g\u00fcvenli hale getirilmesi i\u00e7in yeni bir d\u00fczenleme hayata ge\u00e7irdi. Ara\u00e7 say\u0131s\u0131n\u0131n n\u00fcfusa oranla \u00e7ok fazla oldu\u011fu il\u00e7ede cadde \u00fcst\u00fc \u00fccretli otopark uygulamas\u0131 hayata ge\u00e7iyor. Bu uygulama kapsam\u0131nda il\u00e7ede \u00e7e\u015fitli yerlerinde araba park etmek isteyen s\u00fcr\u00fcc\u00fclerden belirli bir \u00fccret al\u0131nacak. Uygulama 3 \u015eubat 2025 Pazartesi&#8217;den itibaren ba\u015flayacak.\u00a0 \u00dcCRETL\u0130 OTOPARK UYGULAMASI\u00a0 Gazipa\u015fa Belediyesi\u2019nde yap\u0131lan a\u00e7\u0131klamada \u201cBilindi\u011fi \u00fczere, il\u00e7emizdeki ara\u00e7 say\u0131s\u0131 n\u00fcfusumuza oranla olduk\u00e7a y\u00fcksektir. \u015eehir i\u00e7i ya\u015fam\u0131n b\u00fcy\u00fck \u00f6l\u00e7\u00fcde 2-3 kilometrekarelik bir alanda s\u00fcrd\u00fc\u011f\u00fcn\u00fc g\u00f6z \u00f6n\u00fcnde bulundurdu\u011fumuzda, bu alandaki trafik y\u00fck\u00fcn\u00fc hafifletmedi\u011fimiz takdirde trafik sorununun giderek b\u00fcy\u00fcyece\u011fini \u00f6ng\u00f6rmekteyiz. \u00dccretli otopark alanlar\u0131nda uygulanacak c\u00fczi \u00fccretlerle, park yerlerinin d\u00fczenli kullan\u0131lmas\u0131n\u0131 ve trafik ak\u0131\u015f\u0131n\u0131n g\u00fcvenli bir \u015fekilde sa\u011flanmas\u0131n\u0131 ama\u00e7l\u0131yoruz. G\u00f6revli personellerimiz, otopark alanlar\u0131n\u0131n do\u011fru kullan\u0131lmas\u0131, trafik ak\u0131\u015f\u0131n\u0131n g\u00fcvenli\u011fi ve yayalar\u0131n can g\u00fcvenli\u011fini sa\u011flamak i\u00e7in \u00f6zveriyle \u00e7al\u0131\u015facakt\u0131r\u201d denildi. UYGULAMAYA TAB\u0130\u0130 OLAN ALANLAR\u00a0 Gazipa\u015fa\u2019da uygulamaya tabi olacak alanlar ise \u015f\u00f6yle:\u00a0 Gazipa\u015fa Belediyesi Yeni Otopark (Adalet Saray\u0131 Yan\u0131) Yeni Mahalle, Atat\u00fcrk Caddesi Cumhuriyet Meydan\u0131 \u0130stiklal Mahallesi, Pazaryeri Caddesi (Rasih Kaplan Caddesi ile G\u00f6k\u00e7ein Caddesi aras\u0131) \u0130stiklal Mahallesi, Mehmet O\u011fuz Bulvar\u0131 (Ulusal Egemenlik Bulvar\u0131 ile Rasih Kaplan Caddesi aras\u0131) \u0130stiklal Mahallesi, \u015eehit S\u00fcleyman G\u00fcr Bulvar\u0131 Belediye Fuar Alan\u0131\/Kapal\u0131 Pazar Yeri (Pazar kurulmad\u0131\u011f\u0131 g\u00fcnler) \u0130hsan O\u011fuz \u0130\u015f Merkezi ve H\u00fcseyin Bilgi\u00e7 \u0130\u015f &hellip;<\/p>","protected":false},"author":5,"featured_media":0,"comment_status":"open","ping_status":"open","sticky":false,"template":"","format":"standard","meta":{"_acf_changed":false,"footnotes":""},"categories":[24],"tags":[],"class_list":["post-29109","post","type-post","status-publish","format-standard","has-post-thumbnail","hentry","category-gundem"],"acf":[],"yoast_head":"<!-- This site is optimized with the Yoast SEO Premium plugin v26.6 (Yoast SEO v27.1.1) - https:\/\/yoast.com\/product\/yoast-seo-premium-wordpress\/ -->\n<title>Gazipa\u015fa\u2019da \u00fccretli otopark d\u00f6nemi ba\u015fl\u0131yor - Av. Deniz Can K\u0131z\u0131l<\/title>\n<meta name=\"robots\" content=\"index, follow, max-snippet:-1, max-image-preview:large, max-video-preview:-1\" \/>\n<link rel=\"canonical\" href=\"https:\/\/denizcankizil.tr\/en\/haberler\/gundem\/gazipasada-ucretli-otopark-donemi-basliyor\/\" \/>\n<meta property=\"og:locale\" content=\"en_GB\" \/>\n<meta property=\"og:type\" content=\"article\" \/>\n<meta property=\"og:title\" content=\"Gazipa\u015fa\u2019da \u00fccretli otopark d\u00f6nemi ba\u015fl\u0131yor\" \/>\n<meta property=\"og:description\" content=\"Antalya Gazipa\u015fa Belediyesi \u015fehir i\u00e7i trafi\u011fi d\u00fczenlenmesi ve g\u00fcvenli hale getirilmesi i\u00e7in yeni bir d\u00fczenleme hayata ge\u00e7irdi. Ara\u00e7 say\u0131s\u0131n\u0131n n\u00fcfusa oranla \u00e7ok fazla oldu\u011fu il\u00e7ede cadde \u00fcst\u00fc \u00fccretli otopark uygulamas\u0131 hayata ge\u00e7iyor. Bu uygulama kapsam\u0131nda il\u00e7ede \u00e7e\u015fitli yerlerinde araba park etmek isteyen s\u00fcr\u00fcc\u00fclerden belirli bir \u00fccret al\u0131nacak. Uygulama 3 \u015eubat 2025 Pazartesi&#8217;den itibaren ba\u015flayacak.\u00a0 \u00dcCRETL\u0130 OTOPARK UYGULAMASI\u00a0 Gazipa\u015fa Belediyesi\u2019nde yap\u0131lan a\u00e7\u0131klamada \u201cBilindi\u011fi \u00fczere, il\u00e7emizdeki ara\u00e7 say\u0131s\u0131 n\u00fcfusumuza oranla olduk\u00e7a y\u00fcksektir. \u015eehir i\u00e7i ya\u015fam\u0131n b\u00fcy\u00fck \u00f6l\u00e7\u00fcde 2-3 kilometrekarelik bir alanda s\u00fcrd\u00fc\u011f\u00fcn\u00fc g\u00f6z \u00f6n\u00fcnde bulundurdu\u011fumuzda, bu alandaki trafik y\u00fck\u00fcn\u00fc hafifletmedi\u011fimiz takdirde trafik sorununun giderek b\u00fcy\u00fcyece\u011fini \u00f6ng\u00f6rmekteyiz. \u00dccretli otopark alanlar\u0131nda uygulanacak c\u00fczi \u00fccretlerle, park yerlerinin d\u00fczenli kullan\u0131lmas\u0131n\u0131 ve trafik ak\u0131\u015f\u0131n\u0131n g\u00fcvenli bir \u015fekilde sa\u011flanmas\u0131n\u0131 ama\u00e7l\u0131yoruz. G\u00f6revli personellerimiz, otopark alanlar\u0131n\u0131n do\u011fru kullan\u0131lmas\u0131, trafik ak\u0131\u015f\u0131n\u0131n g\u00fcvenli\u011fi ve yayalar\u0131n can g\u00fcvenli\u011fini sa\u011flamak i\u00e7in \u00f6zveriyle \u00e7al\u0131\u015facakt\u0131r\u201d denildi. UYGULAMAYA TAB\u0130\u0130 OLAN ALANLAR\u00a0 Gazipa\u015fa\u2019da uygulamaya tabi olacak alanlar ise \u015f\u00f6yle:\u00a0 Gazipa\u015fa Belediyesi Yeni Otopark (Adalet Saray\u0131 Yan\u0131) Yeni Mahalle, Atat\u00fcrk Caddesi Cumhuriyet Meydan\u0131 \u0130stiklal Mahallesi, Pazaryeri Caddesi (Rasih Kaplan Caddesi ile G\u00f6k\u00e7ein Caddesi aras\u0131) \u0130stiklal Mahallesi, Mehmet O\u011fuz Bulvar\u0131 (Ulusal Egemenlik Bulvar\u0131 ile Rasih Kaplan Caddesi aras\u0131) \u0130stiklal Mahallesi, \u015eehit S\u00fcleyman G\u00fcr Bulvar\u0131 Belediye Fuar Alan\u0131\/Kapal\u0131 Pazar Yeri (Pazar kurulmad\u0131\u011f\u0131 g\u00fcnler) \u0130hsan O\u011fuz \u0130\u015f Merkezi ve H\u00fcseyin Bilgi\u00e7 \u0130\u015f &hellip;\" \/>\n<meta property=\"og:url\" content=\"https:\/\/denizcankizil.tr\/en\/haberler\/gundem\/gazipasada-ucretli-otopark-donemi-basliyor\/\" \/>\n<meta property=\"og:site_name\" content=\"Av. Deniz Can K\u0131z\u0131l\" \/>\n<meta property=\"article:published_time\" content=\"2025-01-31T16:41:16+00:00\" \/>\n<meta name=\"author\" content=\"Antalya K\u00f6rfez\" \/>\n<meta name=\"twitter:card\" content=\"summary_large_image\" \/>\n<meta name=\"twitter:label1\" content=\"Written by\" \/>\n\t<meta name=\"twitter:data1\" content=\"Antalya K\u00f6rfez\" \/>\n\t<meta name=\"twitter:label2\" content=\"Estimated reading time\" \/>\n\t<meta name=\"twitter:data2\" content=\"2 minutes\" \/>\n<script type=\"application\/ld+json\" class=\"yoast-schema-graph\">{\"@context\":\"https:\/\/schema.org\",\"@graph\":[{\"@type\":\"Article\",\"@id\":\"https:\/\/denizcankizil.tr\/en\/haberler\/gundem\/gazipasada-ucretli-otopark-donemi-basliyor\/#article\",\"isPartOf\":{\"@id\":\"https:\/\/denizcankizil.tr\/en\/haberler\/gundem\/gazipasada-ucretli-otopark-donemi-basliyor\/\"},\"author\":{\"name\":\"Antalya K\u00f6rfez\",\"@id\":\"https:\/\/denizcankizil.tr\/de\/#\/schema\/person\/e1eb71bb4dd684d46563f0af307e1234\"},\"headline\":\"Gazipa\u015fa\u2019da \u00fccretli otopark d\u00f6nemi ba\u015fl\u0131yor\",\"datePublished\":\"2025-01-31T16:41:16+00:00\",\"mainEntityOfPage\":{\"@id\":\"https:\/\/denizcankizil.tr\/en\/haberler\/gundem\/gazipasada-ucretli-otopark-donemi-basliyor\/\"},\"wordCount\":344,\"commentCount\":0,\"publisher\":{\"@id\":\"https:\/\/denizcankizil.tr\/de\/#organization\"},\"articleSection\":[\"G\u00fcndem\"],\"inLanguage\":\"en-GB\",\"potentialAction\":[{\"@type\":\"CommentAction\",\"name\":\"Comment\",\"target\":[\"https:\/\/denizcankizil.tr\/en\/haberler\/gundem\/gazipasada-ucretli-otopark-donemi-basliyor\/#respond\"]}]},{\"@type\":\"WebPage\",\"@id\":\"https:\/\/denizcankizil.tr\/en\/haberler\/gundem\/gazipasada-ucretli-otopark-donemi-basliyor\/\",\"url\":\"https:\/\/denizcankizil.tr\/en\/haberler\/gundem\/gazipasada-ucretli-otopark-donemi-basliyor\/\",\"name\":\"Gazipa\u015fa\u2019da \u00fccretli otopark d\u00f6nemi ba\u015fl\u0131yor - Av. Deniz Can K\u0131z\u0131l\",\"isPartOf\":{\"@id\":\"https:\/\/denizcankizil.tr\/de\/#website\"},\"datePublished\":\"2025-01-31T16:41:16+00:00\",\"breadcrumb\":{\"@id\":\"https:\/\/denizcankizil.tr\/en\/haberler\/gundem\/gazipasada-ucretli-otopark-donemi-basliyor\/#breadcrumb\"},\"inLanguage\":\"en-GB\",\"potentialAction\":[{\"@type\":\"ReadAction\",\"target\":[\"https:\/\/denizcankizil.tr\/en\/haberler\/gundem\/gazipasada-ucretli-otopark-donemi-basliyor\/\"]}]},{\"@type\":\"BreadcrumbList\",\"@id\":\"https:\/\/denizcankizil.tr\/en\/haberler\/gundem\/gazipasada-ucretli-otopark-donemi-basliyor\/#breadcrumb\",\"itemListElement\":[{\"@type\":\"ListItem\",\"position\":1,\"name\":\"Home\",\"item\":\"https:\/\/denizcankizil.tr\/de\/\"},{\"@type\":\"ListItem\",\"position\":2,\"name\":\"Gazipa\u015fa\u2019da \u00fccretli otopark d\u00f6nemi ba\u015fl\u0131yor\"}]},{\"@type\":\"WebSite\",\"@id\":\"https:\/\/denizcankizil.tr\/de\/#website\",\"url\":\"https:\/\/denizcankizil.tr\/de\/\",\"name\":\"Av. Deniz Can K\u0131z\u0131l\",\"description\":\"Avukat Deniz Can K\u0131z\u0131l Antalya Barosu\",\"publisher\":{\"@id\":\"https:\/\/denizcankizil.tr\/de\/#organization\"},\"potentialAction\":[{\"@type\":\"SearchAction\",\"target\":{\"@type\":\"EntryPoint\",\"urlTemplate\":\"https:\/\/denizcankizil.tr\/de\/?s={search_term_string}\"},\"query-input\":{\"@type\":\"PropertyValueSpecification\",\"valueRequired\":true,\"valueName\":\"search_term_string\"}}],\"inLanguage\":\"en-GB\"},{\"@type\":\"Organization\",\"@id\":\"https:\/\/denizcankizil.tr\/de\/#organization\",\"name\":\"Av. Deniz Can K\u0131z\u0131l\",\"url\":\"https:\/\/denizcankizil.tr\/de\/\",\"logo\":{\"@type\":\"ImageObject\",\"inLanguage\":\"en-GB\",\"@id\":\"https:\/\/denizcankizil.tr\/de\/#\/schema\/logo\/image\/\",\"url\":\"https:\/\/denizcankizil.tr\/wp-content\/uploads\/2024\/10\/siyah-logo-svg.svg\",\"contentUrl\":\"https:\/\/denizcankizil.tr\/wp-content\/uploads\/2024\/10\/siyah-logo-svg.svg\",\"width\":1080,\"height\":1080,\"caption\":\"Av. Deniz Can K\u0131z\u0131l\"},\"image\":{\"@id\":\"https:\/\/denizcankizil.tr\/de\/#\/schema\/logo\/image\/\"}},{\"@type\":\"Person\",\"@id\":\"https:\/\/denizcankizil.tr\/de\/#\/schema\/person\/e1eb71bb4dd684d46563f0af307e1234\",\"name\":\"Antalya K\u00f6rfez\",\"image\":{\"@type\":\"ImageObject\",\"inLanguage\":\"en-GB\",\"@id\":\"https:\/\/denizcankizil.tr\/de\/#\/schema\/person\/image\/\",\"url\":\"https:\/\/secure.gravatar.com\/avatar\/42b01982558a48a0b501fdcab6a408d3717ea5919095ee2e67b0e521799c5905?s=96&d=mm&r=g\",\"contentUrl\":\"https:\/\/secure.gravatar.com\/avatar\/42b01982558a48a0b501fdcab6a408d3717ea5919095ee2e67b0e521799c5905?s=96&d=mm&r=g\",\"caption\":\"Antalya K\u00f6rfez\"},\"sameAs\":[\"http:\/\/www.antalyakorfez.com\"],\"url\":\"https:\/\/www.antalyakorfez.com\/gazipasada-ucretli-otopark-donemi-basliyor\"}]}<\/script>\n<!-- \/ Yoast SEO Premium plugin. -->","yoast_head_json":{"title":"Gazipa\u015fa\u2019da \u00fccretli otopark d\u00f6nemi ba\u015fl\u0131yor - Av. Deniz Can K\u0131z\u0131l","robots":{"index":"index","follow":"follow","max-snippet":"max-snippet:-1","max-image-preview":"max-image-preview:large","max-video-preview":"max-video-preview:-1"},"canonical":"https:\/\/denizcankizil.tr\/en\/haberler\/gundem\/gazipasada-ucretli-otopark-donemi-basliyor\/","og_locale":"en_GB","og_type":"article","og_title":"Gazipa\u015fa\u2019da \u00fccretli otopark d\u00f6nemi ba\u015fl\u0131yor","og_description":"Antalya Gazipa\u015fa Belediyesi \u015fehir i\u00e7i trafi\u011fi d\u00fczenlenmesi ve g\u00fcvenli hale getirilmesi i\u00e7in yeni bir d\u00fczenleme hayata ge\u00e7irdi. Ara\u00e7 say\u0131s\u0131n\u0131n n\u00fcfusa oranla \u00e7ok fazla oldu\u011fu il\u00e7ede cadde \u00fcst\u00fc \u00fccretli otopark uygulamas\u0131 hayata ge\u00e7iyor. Bu uygulama kapsam\u0131nda il\u00e7ede \u00e7e\u015fitli yerlerinde araba park etmek isteyen s\u00fcr\u00fcc\u00fclerden belirli bir \u00fccret al\u0131nacak. Uygulama 3 \u015eubat 2025 Pazartesi&#8217;den itibaren ba\u015flayacak.\u00a0 \u00dcCRETL\u0130 OTOPARK UYGULAMASI\u00a0 Gazipa\u015fa Belediyesi\u2019nde yap\u0131lan a\u00e7\u0131klamada \u201cBilindi\u011fi \u00fczere, il\u00e7emizdeki ara\u00e7 say\u0131s\u0131 n\u00fcfusumuza oranla olduk\u00e7a y\u00fcksektir. \u015eehir i\u00e7i ya\u015fam\u0131n b\u00fcy\u00fck \u00f6l\u00e7\u00fcde 2-3 kilometrekarelik bir alanda s\u00fcrd\u00fc\u011f\u00fcn\u00fc g\u00f6z \u00f6n\u00fcnde bulundurdu\u011fumuzda, bu alandaki trafik y\u00fck\u00fcn\u00fc hafifletmedi\u011fimiz takdirde trafik sorununun giderek b\u00fcy\u00fcyece\u011fini \u00f6ng\u00f6rmekteyiz. \u00dccretli otopark alanlar\u0131nda uygulanacak c\u00fczi \u00fccretlerle, park yerlerinin d\u00fczenli kullan\u0131lmas\u0131n\u0131 ve trafik ak\u0131\u015f\u0131n\u0131n g\u00fcvenli bir \u015fekilde sa\u011flanmas\u0131n\u0131 ama\u00e7l\u0131yoruz. G\u00f6revli personellerimiz, otopark alanlar\u0131n\u0131n do\u011fru kullan\u0131lmas\u0131, trafik ak\u0131\u015f\u0131n\u0131n g\u00fcvenli\u011fi ve yayalar\u0131n can g\u00fcvenli\u011fini sa\u011flamak i\u00e7in \u00f6zveriyle \u00e7al\u0131\u015facakt\u0131r\u201d denildi. UYGULAMAYA TAB\u0130\u0130 OLAN ALANLAR\u00a0 Gazipa\u015fa\u2019da uygulamaya tabi olacak alanlar ise \u015f\u00f6yle:\u00a0 Gazipa\u015fa Belediyesi Yeni Otopark (Adalet Saray\u0131 Yan\u0131) Yeni Mahalle, Atat\u00fcrk Caddesi Cumhuriyet Meydan\u0131 \u0130stiklal Mahallesi, Pazaryeri Caddesi (Rasih Kaplan Caddesi ile G\u00f6k\u00e7ein Caddesi aras\u0131) \u0130stiklal Mahallesi, Mehmet O\u011fuz Bulvar\u0131 (Ulusal Egemenlik Bulvar\u0131 ile Rasih Kaplan Caddesi aras\u0131) \u0130stiklal Mahallesi, \u015eehit S\u00fcleyman G\u00fcr Bulvar\u0131 Belediye Fuar Alan\u0131\/Kapal\u0131 Pazar Yeri (Pazar kurulmad\u0131\u011f\u0131 g\u00fcnler) \u0130hsan O\u011fuz \u0130\u015f Merkezi ve H\u00fcseyin Bilgi\u00e7 \u0130\u015f &hellip;","og_url":"https:\/\/denizcankizil.tr\/en\/haberler\/gundem\/gazipasada-ucretli-otopark-donemi-basliyor\/","og_site_name":"Av. Deniz Can K\u0131z\u0131l","article_published_time":"2025-01-31T16:41:16+00:00","author":"Antalya K\u00f6rfez","twitter_card":"summary_large_image","twitter_misc":{"Written by":"Antalya K\u00f6rfez","Estimated reading time":"2 minutes"},"schema":{"@context":"https:\/\/schema.org","@graph":[{"@type":"Article","@id":"https:\/\/denizcankizil.tr\/en\/haberler\/gundem\/gazipasada-ucretli-otopark-donemi-basliyor\/#article","isPartOf":{"@id":"https:\/\/denizcankizil.tr\/en\/haberler\/gundem\/gazipasada-ucretli-otopark-donemi-basliyor\/"},"author":{"name":"Antalya K\u00f6rfez","@id":"https:\/\/denizcankizil.tr\/de\/#\/schema\/person\/e1eb71bb4dd684d46563f0af307e1234"},"headline":"Gazipa\u015fa\u2019da \u00fccretli otopark d\u00f6nemi ba\u015fl\u0131yor","datePublished":"2025-01-31T16:41:16+00:00","mainEntityOfPage":{"@id":"https:\/\/denizcankizil.tr\/en\/haberler\/gundem\/gazipasada-ucretli-otopark-donemi-basliyor\/"},"wordCount":344,"commentCount":0,"publisher":{"@id":"https:\/\/denizcankizil.tr\/de\/#organization"},"articleSection":["G\u00fcndem"],"inLanguage":"en-GB","potentialAction":[{"@type":"CommentAction","name":"Comment","target":["https:\/\/denizcankizil.tr\/en\/haberler\/gundem\/gazipasada-ucretli-otopark-donemi-basliyor\/#respond"]}]},{"@type":"WebPage","@id":"https:\/\/denizcankizil.tr\/en\/haberler\/gundem\/gazipasada-ucretli-otopark-donemi-basliyor\/","url":"https:\/\/denizcankizil.tr\/en\/haberler\/gundem\/gazipasada-ucretli-otopark-donemi-basliyor\/","name":"Gazipa\u015fa\u2019da \u00fccretli otopark d\u00f6nemi ba\u015fl\u0131yor - Av. Deniz Can K\u0131z\u0131l","isPartOf":{"@id":"https:\/\/denizcankizil.tr\/de\/#website"},"datePublished":"2025-01-31T16:41:16+00:00","breadcrumb":{"@id":"https:\/\/denizcankizil.tr\/en\/haberler\/gundem\/gazipasada-ucretli-otopark-donemi-basliyor\/#breadcrumb"},"inLanguage":"en-GB","potentialAction":[{"@type":"ReadAction","target":["https:\/\/denizcankizil.tr\/en\/haberler\/gundem\/gazipasada-ucretli-otopark-donemi-basliyor\/"]}]},{"@type":"BreadcrumbList","@id":"https:\/\/denizcankizil.tr\/en\/haberler\/gundem\/gazipasada-ucretli-otopark-donemi-basliyor\/#breadcrumb","itemListElement":[{"@type":"ListItem","position":1,"name":"Home","item":"https:\/\/denizcankizil.tr\/de\/"},{"@type":"ListItem","position":2,"name":"Gazipa\u015fa\u2019da \u00fccretli otopark d\u00f6nemi ba\u015fl\u0131yor"}]},{"@type":"WebSite","@id":"https:\/\/denizcankizil.tr\/de\/#website","url":"https:\/\/denizcankizil.tr\/de\/","name":"Av. Deniz Can K\u0131z\u0131l","description":"Avukat Deniz Can K\u0131z\u0131l Antalya Barosu","publisher":{"@id":"https:\/\/denizcankizil.tr\/de\/#organization"},"potentialAction":[{"@type":"SearchAction","target":{"@type":"EntryPoint","urlTemplate":"https:\/\/denizcankizil.tr\/de\/?s={search_term_string}"},"query-input":{"@type":"PropertyValueSpecification","valueRequired":true,"valueName":"search_term_string"}}],"inLanguage":"en-GB"},{"@type":"Organization","@id":"https:\/\/denizcankizil.tr\/de\/#organization","name":"Av. Deniz Can K\u0131z\u0131l","url":"https:\/\/denizcankizil.tr\/de\/","logo":{"@type":"ImageObject","inLanguage":"en-GB","@id":"https:\/\/denizcankizil.tr\/de\/#\/schema\/logo\/image\/","url":"https:\/\/denizcankizil.tr\/wp-content\/uploads\/2024\/10\/siyah-logo-svg.svg","contentUrl":"https:\/\/denizcankizil.tr\/wp-content\/uploads\/2024\/10\/siyah-logo-svg.svg","width":1080,"height":1080,"caption":"Av. Deniz Can K\u0131z\u0131l"},"image":{"@id":"https:\/\/denizcankizil.tr\/de\/#\/schema\/logo\/image\/"}},{"@type":"Person","@id":"https:\/\/denizcankizil.tr\/de\/#\/schema\/person\/e1eb71bb4dd684d46563f0af307e1234","name":"Antalya K\u00f6rfez","image":{"@type":"ImageObject","inLanguage":"en-GB","@id":"https:\/\/denizcankizil.tr\/de\/#\/schema\/person\/image\/","url":"https:\/\/secure.gravatar.com\/avatar\/42b01982558a48a0b501fdcab6a408d3717ea5919095ee2e67b0e521799c5905?s=96&d=mm&r=g","contentUrl":"https:\/\/secure.gravatar.com\/avatar\/42b01982558a48a0b501fdcab6a408d3717ea5919095ee2e67b0e521799c5905?s=96&d=mm&r=g","caption":"Antalya K\u00f6rfez"},"sameAs":["http:\/\/www.antalyakorfez.com"],"url":"https:\/\/www.antalyakorfez.com\/gazipasada-ucretli-otopark-donemi-basliyor"}]}},"_links":{"self":[{"href":"https:\/\/denizcankizil.tr\/en\/wp-json\/wp\/v2\/posts\/29109","targetHints":{"allow":["GET"]}}],"collection":[{"href":"https:\/\/denizcankizil.tr\/en\/wp-json\/wp\/v2\/posts"}],"about":[{"href":"https:\/\/denizcankizil.tr\/en\/wp-json\/wp\/v2\/types\/post"}],"author":[{"embeddable":true,"href":"https:\/\/denizcankizil.tr\/en\/wp-json\/wp\/v2\/users\/5"}],"replies":[{"embeddable":true,"href":"https:\/\/denizcankizil.tr\/en\/wp-json\/wp\/v2\/comments?post=29109"}],"version-history":[{"count":0,"href":"https:\/\/denizcankizil.tr\/en\/wp-json\/wp\/v2\/posts\/29109\/revisions"}],"wp:attachment":[{"href":"https:\/\/denizcankizil.tr\/en\/wp-json\/wp\/v2\/media?parent=29109"}],"wp:term":[{"taxonomy":"category","embeddable":true,"href":"https:\/\/denizcankizil.tr\/en\/wp-json\/wp\/v2\/categories?post=29109"},{"taxonomy":"post_tag","embeddable":true,"href":"https:\/\/denizcankizil.tr\/en\/wp-json\/wp\/v2\/tags?post=29109"}],"curies":[{"name":"wp","href":"https:\/\/api.w.org\/{rel}","templated":true}]}}