{"id":29006,"date":"2025-01-31T13:41:42","date_gmt":"2025-01-31T10:41:42","guid":{"rendered":"https:\/\/denizcankizil.tr\/uncategorized-tr\/okullarda-ilaclama-ve-dezenfeksiyon-calismasi\/"},"modified":"2025-01-31T13:41:42","modified_gmt":"2025-01-31T10:41:42","slug":"okullarda-ilaclama-ve-dezenfeksiyon-calismasi","status":"publish","type":"post","link":"https:\/\/denizcankizil.tr\/en\/haberler\/gundem\/okullarda-ilaclama-ve-dezenfeksiyon-calismasi\/","title":{"rendered":"Okullarda \u0130la\u00e7lama ve Dezenfeksiyon \u00c7al\u0131\u015fmas\u0131"},"content":{"rendered":"<p>K\u00fc\u00e7\u00fck\u00e7ekmece Belediyesi Veteriner \u0130\u015fleri M\u00fcd\u00fcrl\u00fc\u011f\u00fc, s\u00f6mestir tatili boyunca il\u00e7ede bulunan okullarda ila\u00e7lama ve dezenfeksiyon \u00e7al\u0131\u015fmas\u0131 ger\u00e7ekle\u015ftirerek, e\u011fitim yuvalar\u0131n\u0131 ikinci d\u00f6neme haz\u0131r hale getirdi.<\/p>\n<p>\u200bK\u00fc\u00e7\u00fck\u00e7ekmece Belediyesi Veteriner \u0130\u015fleri M\u00fcd\u00fcrl\u00fc\u011f\u00fc, s\u00f6mestir tatili boyunca il\u00e7ede bulunan okullarda ila\u00e7lama ve dezenfeksiyon \u00e7al\u0131\u015fmas\u0131 ger\u00e7ekle\u015ftirerek, e\u011fitim yuvalar\u0131n\u0131 ikinci d\u00f6neme haz\u0131r hale getirdi.\u00a0<\/p>\n<p>\u200bHaberin Al\u0131nt\u0131land\u0131\u011f\u0131 Kaynak: www.iskenderun.org<\/p>","protected":false},"excerpt":{"rendered":"<p>K\u00fc\u00e7\u00fck\u00e7ekmece Belediyesi Veteriner \u0130\u015fleri M\u00fcd\u00fcrl\u00fc\u011f\u00fc, s\u00f6mestir tatili boyunca il\u00e7ede bulunan okullarda ila\u00e7lama ve dezenfeksiyon \u00e7al\u0131\u015fmas\u0131 ger\u00e7ekle\u015ftirerek, e\u011fitim yuvalar\u0131n\u0131 ikinci d\u00f6neme haz\u0131r hale getirdi. \u200bK\u00fc\u00e7\u00fck\u00e7ekmece Belediyesi Veteriner \u0130\u015fleri M\u00fcd\u00fcrl\u00fc\u011f\u00fc, s\u00f6mestir tatili boyunca il\u00e7ede bulunan okullarda ila\u00e7lama ve dezenfeksiyon \u00e7al\u0131\u015fmas\u0131 ger\u00e7ekle\u015ftirerek, e\u011fitim yuvalar\u0131n\u0131 ikinci d\u00f6neme haz\u0131r hale getirdi.\u00a0 \u200bHaberin Al\u0131nt\u0131land\u0131\u011f\u0131 Kaynak: www.iskenderun.org<\/p>","protected":false},"author":1,"featured_media":0,"comment_status":"open","ping_status":"open","sticky":false,"template":"","format":"standard","meta":{"_acf_changed":false,"footnotes":""},"categories":[24],"tags":[],"class_list":["post-29006","post","type-post","status-publish","format-standard","has-post-thumbnail","hentry","category-gundem"],"acf":[],"yoast_head":"<!-- This site is optimized with the Yoast SEO Premium plugin v26.6 (Yoast SEO v27.1.1) - https:\/\/yoast.com\/product\/yoast-seo-premium-wordpress\/ -->\n<title>Okullarda \u0130la\u00e7lama ve Dezenfeksiyon \u00c7al\u0131\u015fmas\u0131 - Av. Deniz Can K\u0131z\u0131l<\/title>\n<meta name=\"robots\" content=\"index, follow, max-snippet:-1, max-image-preview:large, max-video-preview:-1\" \/>\n<link rel=\"canonical\" href=\"https:\/\/denizcankizil.tr\/en\/haberler\/gundem\/okullarda-ilaclama-ve-dezenfeksiyon-calismasi\/\" \/>\n<meta property=\"og:locale\" content=\"en_GB\" \/>\n<meta property=\"og:type\" content=\"article\" \/>\n<meta property=\"og:title\" content=\"Okullarda \u0130la\u00e7lama ve Dezenfeksiyon \u00c7al\u0131\u015fmas\u0131\" \/>\n<meta property=\"og:description\" content=\"K\u00fc\u00e7\u00fck\u00e7ekmece Belediyesi Veteriner \u0130\u015fleri M\u00fcd\u00fcrl\u00fc\u011f\u00fc, s\u00f6mestir tatili boyunca il\u00e7ede bulunan okullarda ila\u00e7lama ve dezenfeksiyon \u00e7al\u0131\u015fmas\u0131 ger\u00e7ekle\u015ftirerek, e\u011fitim yuvalar\u0131n\u0131 ikinci d\u00f6neme haz\u0131r hale getirdi. \u200bK\u00fc\u00e7\u00fck\u00e7ekmece Belediyesi Veteriner \u0130\u015fleri M\u00fcd\u00fcrl\u00fc\u011f\u00fc, s\u00f6mestir tatili boyunca il\u00e7ede bulunan okullarda ila\u00e7lama ve dezenfeksiyon \u00e7al\u0131\u015fmas\u0131 ger\u00e7ekle\u015ftirerek, e\u011fitim yuvalar\u0131n\u0131 ikinci d\u00f6neme haz\u0131r hale getirdi.\u00a0 \u200bHaberin Al\u0131nt\u0131land\u0131\u011f\u0131 Kaynak: www.iskenderun.org\" \/>\n<meta property=\"og:url\" content=\"https:\/\/denizcankizil.tr\/en\/haberler\/gundem\/okullarda-ilaclama-ve-dezenfeksiyon-calismasi\/\" \/>\n<meta property=\"og:site_name\" content=\"Av. Deniz Can K\u0131z\u0131l\" \/>\n<meta property=\"article:published_time\" content=\"2025-01-31T10:41:42+00:00\" \/>\n<meta name=\"author\" content=\"admin\" \/>\n<meta name=\"twitter:card\" content=\"summary_large_image\" \/>\n<meta name=\"twitter:label1\" content=\"Written by\" \/>\n\t<meta name=\"twitter:data1\" content=\"admin\" \/>\n<script type=\"application\/ld+json\" class=\"yoast-schema-graph\">{\"@context\":\"https:\/\/schema.org\",\"@graph\":[{\"@type\":\"Article\",\"@id\":\"https:\/\/denizcankizil.tr\/ru\/haberler\/gundem\/okullarda-ilaclama-ve-dezenfeksiyon-calismasi\/#article\",\"isPartOf\":{\"@id\":\"https:\/\/denizcankizil.tr\/ru\/haberler\/gundem\/okullarda-ilaclama-ve-dezenfeksiyon-calismasi\/\"},\"author\":{\"name\":\"admin\",\"@id\":\"https:\/\/denizcankizil.tr\/de\/#\/schema\/person\/be3c05fe6a12686905512445d8185489\"},\"headline\":\"Okullarda \u0130la\u00e7lama ve Dezenfeksiyon \u00c7al\u0131\u015fmas\u0131\",\"datePublished\":\"2025-01-31T10:41:42+00:00\",\"mainEntityOfPage\":{\"@id\":\"https:\/\/denizcankizil.tr\/ru\/haberler\/gundem\/okullarda-ilaclama-ve-dezenfeksiyon-calismasi\/\"},\"wordCount\":89,\"commentCount\":0,\"publisher\":{\"@id\":\"https:\/\/denizcankizil.tr\/de\/#organization\"},\"articleSection\":[\"G\u00fcndem\"],\"inLanguage\":\"en-GB\",\"potentialAction\":[{\"@type\":\"CommentAction\",\"name\":\"Comment\",\"target\":[\"https:\/\/denizcankizil.tr\/ru\/haberler\/gundem\/okullarda-ilaclama-ve-dezenfeksiyon-calismasi\/#respond\"]}]},{\"@type\":\"WebPage\",\"@id\":\"https:\/\/denizcankizil.tr\/ru\/haberler\/gundem\/okullarda-ilaclama-ve-dezenfeksiyon-calismasi\/\",\"url\":\"https:\/\/denizcankizil.tr\/ru\/haberler\/gundem\/okullarda-ilaclama-ve-dezenfeksiyon-calismasi\/\",\"name\":\"Okullarda \u0130la\u00e7lama ve Dezenfeksiyon \u00c7al\u0131\u015fmas\u0131 - Av. Deniz Can K\u0131z\u0131l\",\"isPartOf\":{\"@id\":\"https:\/\/denizcankizil.tr\/de\/#website\"},\"datePublished\":\"2025-01-31T10:41:42+00:00\",\"breadcrumb\":{\"@id\":\"https:\/\/denizcankizil.tr\/ru\/haberler\/gundem\/okullarda-ilaclama-ve-dezenfeksiyon-calismasi\/#breadcrumb\"},\"inLanguage\":\"en-GB\",\"potentialAction\":[{\"@type\":\"ReadAction\",\"target\":[\"https:\/\/denizcankizil.tr\/ru\/haberler\/gundem\/okullarda-ilaclama-ve-dezenfeksiyon-calismasi\/\"]}]},{\"@type\":\"BreadcrumbList\",\"@id\":\"https:\/\/denizcankizil.tr\/ru\/haberler\/gundem\/okullarda-ilaclama-ve-dezenfeksiyon-calismasi\/#breadcrumb\",\"itemListElement\":[{\"@type\":\"ListItem\",\"position\":1,\"name\":\"Home\",\"item\":\"https:\/\/denizcankizil.tr\/de\/\"},{\"@type\":\"ListItem\",\"position\":2,\"name\":\"Okullarda \u0130la\u00e7lama ve Dezenfeksiyon \u00c7al\u0131\u015fmas\u0131\"}]},{\"@type\":\"WebSite\",\"@id\":\"https:\/\/denizcankizil.tr\/de\/#website\",\"url\":\"https:\/\/denizcankizil.tr\/de\/\",\"name\":\"Av. Deniz Can K\u0131z\u0131l\",\"description\":\"Avukat Deniz Can K\u0131z\u0131l Antalya Barosu\",\"publisher\":{\"@id\":\"https:\/\/denizcankizil.tr\/de\/#organization\"},\"potentialAction\":[{\"@type\":\"SearchAction\",\"target\":{\"@type\":\"EntryPoint\",\"urlTemplate\":\"https:\/\/denizcankizil.tr\/de\/?s={search_term_string}\"},\"query-input\":{\"@type\":\"PropertyValueSpecification\",\"valueRequired\":true,\"valueName\":\"search_term_string\"}}],\"inLanguage\":\"en-GB\"},{\"@type\":\"Organization\",\"@id\":\"https:\/\/denizcankizil.tr\/de\/#organization\",\"name\":\"Av. Deniz Can K\u0131z\u0131l\",\"url\":\"https:\/\/denizcankizil.tr\/de\/\",\"logo\":{\"@type\":\"ImageObject\",\"inLanguage\":\"en-GB\",\"@id\":\"https:\/\/denizcankizil.tr\/de\/#\/schema\/logo\/image\/\",\"url\":\"https:\/\/denizcankizil.tr\/wp-content\/uploads\/2024\/10\/siyah-logo-svg.svg\",\"contentUrl\":\"https:\/\/denizcankizil.tr\/wp-content\/uploads\/2024\/10\/siyah-logo-svg.svg\",\"width\":1080,\"height\":1080,\"caption\":\"Av. Deniz Can K\u0131z\u0131l\"},\"image\":{\"@id\":\"https:\/\/denizcankizil.tr\/de\/#\/schema\/logo\/image\/\"}},{\"@type\":\"Person\",\"@id\":\"https:\/\/denizcankizil.tr\/de\/#\/schema\/person\/be3c05fe6a12686905512445d8185489\",\"name\":\"admin\",\"image\":{\"@type\":\"ImageObject\",\"inLanguage\":\"en-GB\",\"@id\":\"https:\/\/denizcankizil.tr\/de\/#\/schema\/person\/image\/\",\"url\":\"https:\/\/secure.gravatar.com\/avatar\/c1fce94c830dc79107e174f890d7210541c4a63e8e5d816341794a2151c9d58c?s=96&d=mm&r=g\",\"contentUrl\":\"https:\/\/secure.gravatar.com\/avatar\/c1fce94c830dc79107e174f890d7210541c4a63e8e5d816341794a2151c9d58c?s=96&d=mm&r=g\",\"caption\":\"admin\"},\"sameAs\":[\"http:\/\/denizcankizil.tr\"],\"url\":\"https:\/\/www.iskenderun.org\/okullarda-ilaclama-ve-dezenfeksiyon-calismasi\"}]}<\/script>\n<!-- \/ Yoast SEO Premium plugin. -->","yoast_head_json":{"title":"Okullarda \u0130la\u00e7lama ve Dezenfeksiyon \u00c7al\u0131\u015fmas\u0131 - Av. Deniz Can K\u0131z\u0131l","robots":{"index":"index","follow":"follow","max-snippet":"max-snippet:-1","max-image-preview":"max-image-preview:large","max-video-preview":"max-video-preview:-1"},"canonical":"https:\/\/denizcankizil.tr\/en\/haberler\/gundem\/okullarda-ilaclama-ve-dezenfeksiyon-calismasi\/","og_locale":"en_GB","og_type":"article","og_title":"Okullarda \u0130la\u00e7lama ve Dezenfeksiyon \u00c7al\u0131\u015fmas\u0131","og_description":"K\u00fc\u00e7\u00fck\u00e7ekmece Belediyesi Veteriner \u0130\u015fleri M\u00fcd\u00fcrl\u00fc\u011f\u00fc, s\u00f6mestir tatili boyunca il\u00e7ede bulunan okullarda ila\u00e7lama ve dezenfeksiyon \u00e7al\u0131\u015fmas\u0131 ger\u00e7ekle\u015ftirerek, e\u011fitim yuvalar\u0131n\u0131 ikinci d\u00f6neme haz\u0131r hale getirdi. \u200bK\u00fc\u00e7\u00fck\u00e7ekmece Belediyesi Veteriner \u0130\u015fleri M\u00fcd\u00fcrl\u00fc\u011f\u00fc, s\u00f6mestir tatili boyunca il\u00e7ede bulunan okullarda ila\u00e7lama ve dezenfeksiyon \u00e7al\u0131\u015fmas\u0131 ger\u00e7ekle\u015ftirerek, e\u011fitim yuvalar\u0131n\u0131 ikinci d\u00f6neme haz\u0131r hale getirdi.\u00a0 \u200bHaberin Al\u0131nt\u0131land\u0131\u011f\u0131 Kaynak: www.iskenderun.org","og_url":"https:\/\/denizcankizil.tr\/en\/haberler\/gundem\/okullarda-ilaclama-ve-dezenfeksiyon-calismasi\/","og_site_name":"Av. Deniz Can K\u0131z\u0131l","article_published_time":"2025-01-31T10:41:42+00:00","author":"admin","twitter_card":"summary_large_image","twitter_misc":{"Written by":"admin"},"schema":{"@context":"https:\/\/schema.org","@graph":[{"@type":"Article","@id":"https:\/\/denizcankizil.tr\/ru\/haberler\/gundem\/okullarda-ilaclama-ve-dezenfeksiyon-calismasi\/#article","isPartOf":{"@id":"https:\/\/denizcankizil.tr\/ru\/haberler\/gundem\/okullarda-ilaclama-ve-dezenfeksiyon-calismasi\/"},"author":{"name":"admin","@id":"https:\/\/denizcankizil.tr\/de\/#\/schema\/person\/be3c05fe6a12686905512445d8185489"},"headline":"Okullarda \u0130la\u00e7lama ve Dezenfeksiyon \u00c7al\u0131\u015fmas\u0131","datePublished":"2025-01-31T10:41:42+00:00","mainEntityOfPage":{"@id":"https:\/\/denizcankizil.tr\/ru\/haberler\/gundem\/okullarda-ilaclama-ve-dezenfeksiyon-calismasi\/"},"wordCount":89,"commentCount":0,"publisher":{"@id":"https:\/\/denizcankizil.tr\/de\/#organization"},"articleSection":["G\u00fcndem"],"inLanguage":"en-GB","potentialAction":[{"@type":"CommentAction","name":"Comment","target":["https:\/\/denizcankizil.tr\/ru\/haberler\/gundem\/okullarda-ilaclama-ve-dezenfeksiyon-calismasi\/#respond"]}]},{"@type":"WebPage","@id":"https:\/\/denizcankizil.tr\/ru\/haberler\/gundem\/okullarda-ilaclama-ve-dezenfeksiyon-calismasi\/","url":"https:\/\/denizcankizil.tr\/ru\/haberler\/gundem\/okullarda-ilaclama-ve-dezenfeksiyon-calismasi\/","name":"Okullarda \u0130la\u00e7lama ve Dezenfeksiyon \u00c7al\u0131\u015fmas\u0131 - Av. Deniz Can K\u0131z\u0131l","isPartOf":{"@id":"https:\/\/denizcankizil.tr\/de\/#website"},"datePublished":"2025-01-31T10:41:42+00:00","breadcrumb":{"@id":"https:\/\/denizcankizil.tr\/ru\/haberler\/gundem\/okullarda-ilaclama-ve-dezenfeksiyon-calismasi\/#breadcrumb"},"inLanguage":"en-GB","potentialAction":[{"@type":"ReadAction","target":["https:\/\/denizcankizil.tr\/ru\/haberler\/gundem\/okullarda-ilaclama-ve-dezenfeksiyon-calismasi\/"]}]},{"@type":"BreadcrumbList","@id":"https:\/\/denizcankizil.tr\/ru\/haberler\/gundem\/okullarda-ilaclama-ve-dezenfeksiyon-calismasi\/#breadcrumb","itemListElement":[{"@type":"ListItem","position":1,"name":"Home","item":"https:\/\/denizcankizil.tr\/de\/"},{"@type":"ListItem","position":2,"name":"Okullarda \u0130la\u00e7lama ve Dezenfeksiyon \u00c7al\u0131\u015fmas\u0131"}]},{"@type":"WebSite","@id":"https:\/\/denizcankizil.tr\/de\/#website","url":"https:\/\/denizcankizil.tr\/de\/","name":"Av. Deniz Can K\u0131z\u0131l","description":"Avukat Deniz Can K\u0131z\u0131l Antalya Barosu","publisher":{"@id":"https:\/\/denizcankizil.tr\/de\/#organization"},"potentialAction":[{"@type":"SearchAction","target":{"@type":"EntryPoint","urlTemplate":"https:\/\/denizcankizil.tr\/de\/?s={search_term_string}"},"query-input":{"@type":"PropertyValueSpecification","valueRequired":true,"valueName":"search_term_string"}}],"inLanguage":"en-GB"},{"@type":"Organization","@id":"https:\/\/denizcankizil.tr\/de\/#organization","name":"Av. Deniz Can K\u0131z\u0131l","url":"https:\/\/denizcankizil.tr\/de\/","logo":{"@type":"ImageObject","inLanguage":"en-GB","@id":"https:\/\/denizcankizil.tr\/de\/#\/schema\/logo\/image\/","url":"https:\/\/denizcankizil.tr\/wp-content\/uploads\/2024\/10\/siyah-logo-svg.svg","contentUrl":"https:\/\/denizcankizil.tr\/wp-content\/uploads\/2024\/10\/siyah-logo-svg.svg","width":1080,"height":1080,"caption":"Av. Deniz Can K\u0131z\u0131l"},"image":{"@id":"https:\/\/denizcankizil.tr\/de\/#\/schema\/logo\/image\/"}},{"@type":"Person","@id":"https:\/\/denizcankizil.tr\/de\/#\/schema\/person\/be3c05fe6a12686905512445d8185489","name":"admin","image":{"@type":"ImageObject","inLanguage":"en-GB","@id":"https:\/\/denizcankizil.tr\/de\/#\/schema\/person\/image\/","url":"https:\/\/secure.gravatar.com\/avatar\/c1fce94c830dc79107e174f890d7210541c4a63e8e5d816341794a2151c9d58c?s=96&d=mm&r=g","contentUrl":"https:\/\/secure.gravatar.com\/avatar\/c1fce94c830dc79107e174f890d7210541c4a63e8e5d816341794a2151c9d58c?s=96&d=mm&r=g","caption":"admin"},"sameAs":["http:\/\/denizcankizil.tr"],"url":"https:\/\/www.iskenderun.org\/okullarda-ilaclama-ve-dezenfeksiyon-calismasi"}]}},"_links":{"self":[{"href":"https:\/\/denizcankizil.tr\/en\/wp-json\/wp\/v2\/posts\/29006","targetHints":{"allow":["GET"]}}],"collection":[{"href":"https:\/\/denizcankizil.tr\/en\/wp-json\/wp\/v2\/posts"}],"about":[{"href":"https:\/\/denizcankizil.tr\/en\/wp-json\/wp\/v2\/types\/post"}],"author":[{"embeddable":true,"href":"https:\/\/denizcankizil.tr\/en\/wp-json\/wp\/v2\/users\/1"}],"replies":[{"embeddable":true,"href":"https:\/\/denizcankizil.tr\/en\/wp-json\/wp\/v2\/comments?post=29006"}],"version-history":[{"count":0,"href":"https:\/\/denizcankizil.tr\/en\/wp-json\/wp\/v2\/posts\/29006\/revisions"}],"wp:attachment":[{"href":"https:\/\/denizcankizil.tr\/en\/wp-json\/wp\/v2\/media?parent=29006"}],"wp:term":[{"taxonomy":"category","embeddable":true,"href":"https:\/\/denizcankizil.tr\/en\/wp-json\/wp\/v2\/categories?post=29006"},{"taxonomy":"post_tag","embeddable":true,"href":"https:\/\/denizcankizil.tr\/en\/wp-json\/wp\/v2\/tags?post=29006"}],"curies":[{"name":"wp","href":"https:\/\/api.w.org\/{rel}","templated":true}]}}