{"id":28714,"date":"2025-01-30T13:41:52","date_gmt":"2025-01-30T10:41:52","guid":{"rendered":"https:\/\/denizcankizil.tr\/uncategorized-tr\/kacak-hafriyat-dokenlere-2-milyon-lira-ceza-kesildi\/"},"modified":"2025-01-30T13:41:52","modified_gmt":"2025-01-30T10:41:52","slug":"kacak-hafriyat-dokenlere-2-milyon-lira-ceza-kesildi","status":"publish","type":"post","link":"https:\/\/denizcankizil.tr\/en\/haberler\/gundem\/kacak-hafriyat-dokenlere-2-milyon-lira-ceza-kesildi\/","title":{"rendered":"Ka\u00e7ak hafriyat d\u00f6kenlere 2 milyon lira ceza kesildi"},"content":{"rendered":"<p>Hafriyat ve in\u015faat at\u0131klar\u0131n\u0131 ka\u00e7ak olarak do\u011fal ortama b\u0131rakan ki\u015fi ve kurumlar\u0131 mercek alt\u0131na alan Osmangazi Belediyesi, 2024 y\u0131l\u0131nda 195 \u015fah\u0131s ve firmaya toplam 2 milyon 39 bin bin 523 lira para cezas\u0131 kesti. Yasal d\u00f6k\u00fcm sahalar\u0131 d\u0131\u015f\u0131ndaki noktalara d\u00f6k\u00fclen hafriyatlar ve at\u0131klar b\u00f6lgeden kald\u0131rt\u0131ld\u0131.\u00a0<\/p>\n<p>\u200bHafriyat ve in\u015faat at\u0131klar\u0131n\u0131 ka\u00e7ak olarak do\u011fal ortama b\u0131rakan ki\u015fi ve kurumlar\u0131 mercek alt\u0131na alan Osmangazi Belediyesi, 2024 y\u0131l\u0131nda 195 \u015fah\u0131s ve firmaya toplam 2 milyon 39 bin bin 523 lira para cezas\u0131 kesti. Yasal d\u00f6k\u00fcm sahalar\u0131 d\u0131\u015f\u0131ndaki noktalara d\u00f6k\u00fclen hafriyatlar ve at\u0131klar b\u00f6lgeden kald\u0131rt\u0131ld\u0131.\u00a0\u00a0<\/p>\n<p>\u200bHaberin Al\u0131nt\u0131land\u0131\u011f\u0131 Kaynak: www.iskenderun.org<\/p>","protected":false},"excerpt":{"rendered":"<p>Hafriyat ve in\u015faat at\u0131klar\u0131n\u0131 ka\u00e7ak olarak do\u011fal ortama b\u0131rakan ki\u015fi ve kurumlar\u0131 mercek alt\u0131na alan Osmangazi Belediyesi, 2024 y\u0131l\u0131nda 195 \u015fah\u0131s ve firmaya toplam 2 milyon 39 bin bin 523 lira para cezas\u0131 kesti. Yasal d\u00f6k\u00fcm sahalar\u0131 d\u0131\u015f\u0131ndaki noktalara d\u00f6k\u00fclen hafriyatlar ve at\u0131klar b\u00f6lgeden kald\u0131rt\u0131ld\u0131.\u00a0 \u200bHafriyat ve in\u015faat at\u0131klar\u0131n\u0131 ka\u00e7ak olarak do\u011fal ortama b\u0131rakan ki\u015fi ve kurumlar\u0131 mercek alt\u0131na alan Osmangazi Belediyesi, 2024 y\u0131l\u0131nda 195 \u015fah\u0131s ve firmaya toplam 2 milyon 39 bin bin 523 lira para cezas\u0131 kesti. Yasal d\u00f6k\u00fcm sahalar\u0131 d\u0131\u015f\u0131ndaki noktalara d\u00f6k\u00fclen hafriyatlar ve at\u0131klar b\u00f6lgeden kald\u0131rt\u0131ld\u0131.\u00a0\u00a0 \u200bHaberin Al\u0131nt\u0131land\u0131\u011f\u0131 Kaynak: www.iskenderun.org<\/p>","protected":false},"author":1,"featured_media":0,"comment_status":"open","ping_status":"open","sticky":false,"template":"","format":"standard","meta":{"_acf_changed":false,"footnotes":""},"categories":[24],"tags":[],"class_list":["post-28714","post","type-post","status-publish","format-standard","has-post-thumbnail","hentry","category-gundem"],"acf":[],"yoast_head":"<!-- This site is optimized with the Yoast SEO Premium plugin v26.6 (Yoast SEO v27.1.1) - https:\/\/yoast.com\/product\/yoast-seo-premium-wordpress\/ -->\n<title>Ka\u00e7ak hafriyat d\u00f6kenlere 2 milyon lira ceza kesildi - Av. Deniz Can K\u0131z\u0131l<\/title>\n<meta name=\"robots\" content=\"index, follow, max-snippet:-1, max-image-preview:large, max-video-preview:-1\" \/>\n<link rel=\"canonical\" href=\"https:\/\/denizcankizil.tr\/en\/haberler\/gundem\/kacak-hafriyat-dokenlere-2-milyon-lira-ceza-kesildi\/\" \/>\n<meta property=\"og:locale\" content=\"en_GB\" \/>\n<meta property=\"og:type\" content=\"article\" \/>\n<meta property=\"og:title\" content=\"Ka\u00e7ak hafriyat d\u00f6kenlere 2 milyon lira ceza kesildi\" \/>\n<meta property=\"og:description\" content=\"Hafriyat ve in\u015faat at\u0131klar\u0131n\u0131 ka\u00e7ak olarak do\u011fal ortama b\u0131rakan ki\u015fi ve kurumlar\u0131 mercek alt\u0131na alan Osmangazi Belediyesi, 2024 y\u0131l\u0131nda 195 \u015fah\u0131s ve firmaya toplam 2 milyon 39 bin bin 523 lira para cezas\u0131 kesti. Yasal d\u00f6k\u00fcm sahalar\u0131 d\u0131\u015f\u0131ndaki noktalara d\u00f6k\u00fclen hafriyatlar ve at\u0131klar b\u00f6lgeden kald\u0131rt\u0131ld\u0131.\u00a0 \u200bHafriyat ve in\u015faat at\u0131klar\u0131n\u0131 ka\u00e7ak olarak do\u011fal ortama b\u0131rakan ki\u015fi ve kurumlar\u0131 mercek alt\u0131na alan Osmangazi Belediyesi, 2024 y\u0131l\u0131nda 195 \u015fah\u0131s ve firmaya toplam 2 milyon 39 bin bin 523 lira para cezas\u0131 kesti. Yasal d\u00f6k\u00fcm sahalar\u0131 d\u0131\u015f\u0131ndaki noktalara d\u00f6k\u00fclen hafriyatlar ve at\u0131klar b\u00f6lgeden kald\u0131rt\u0131ld\u0131.\u00a0\u00a0 \u200bHaberin Al\u0131nt\u0131land\u0131\u011f\u0131 Kaynak: www.iskenderun.org\" \/>\n<meta property=\"og:url\" content=\"https:\/\/denizcankizil.tr\/en\/haberler\/gundem\/kacak-hafriyat-dokenlere-2-milyon-lira-ceza-kesildi\/\" \/>\n<meta property=\"og:site_name\" content=\"Av. Deniz Can K\u0131z\u0131l\" \/>\n<meta property=\"article:published_time\" content=\"2025-01-30T10:41:52+00:00\" \/>\n<meta name=\"author\" content=\"admin\" \/>\n<meta name=\"twitter:card\" content=\"summary_large_image\" \/>\n<meta name=\"twitter:label1\" content=\"Written by\" \/>\n\t<meta name=\"twitter:data1\" content=\"admin\" \/>\n\t<meta name=\"twitter:label2\" content=\"Estimated reading time\" \/>\n\t<meta name=\"twitter:data2\" content=\"1 minute\" \/>\n<script type=\"application\/ld+json\" class=\"yoast-schema-graph\">{\"@context\":\"https:\/\/schema.org\",\"@graph\":[{\"@type\":\"Article\",\"@id\":\"https:\/\/denizcankizil.tr\/en\/haberler\/gundem\/kacak-hafriyat-dokenlere-2-milyon-lira-ceza-kesildi\/#article\",\"isPartOf\":{\"@id\":\"https:\/\/denizcankizil.tr\/en\/haberler\/gundem\/kacak-hafriyat-dokenlere-2-milyon-lira-ceza-kesildi\/\"},\"author\":{\"name\":\"admin\",\"@id\":\"https:\/\/denizcankizil.tr\/de\/#\/schema\/person\/be3c05fe6a12686905512445d8185489\"},\"headline\":\"Ka\u00e7ak hafriyat d\u00f6kenlere 2 milyon lira ceza kesildi\",\"datePublished\":\"2025-01-30T10:41:52+00:00\",\"mainEntityOfPage\":{\"@id\":\"https:\/\/denizcankizil.tr\/en\/haberler\/gundem\/kacak-hafriyat-dokenlere-2-milyon-lira-ceza-kesildi\/\"},\"wordCount\":137,\"commentCount\":0,\"publisher\":{\"@id\":\"https:\/\/denizcankizil.tr\/de\/#organization\"},\"articleSection\":[\"G\u00fcndem\"],\"inLanguage\":\"en-GB\",\"potentialAction\":[{\"@type\":\"CommentAction\",\"name\":\"Comment\",\"target\":[\"https:\/\/denizcankizil.tr\/en\/haberler\/gundem\/kacak-hafriyat-dokenlere-2-milyon-lira-ceza-kesildi\/#respond\"]}]},{\"@type\":\"WebPage\",\"@id\":\"https:\/\/denizcankizil.tr\/en\/haberler\/gundem\/kacak-hafriyat-dokenlere-2-milyon-lira-ceza-kesildi\/\",\"url\":\"https:\/\/denizcankizil.tr\/en\/haberler\/gundem\/kacak-hafriyat-dokenlere-2-milyon-lira-ceza-kesildi\/\",\"name\":\"Ka\u00e7ak hafriyat d\u00f6kenlere 2 milyon lira ceza kesildi - Av. Deniz Can K\u0131z\u0131l\",\"isPartOf\":{\"@id\":\"https:\/\/denizcankizil.tr\/de\/#website\"},\"datePublished\":\"2025-01-30T10:41:52+00:00\",\"breadcrumb\":{\"@id\":\"https:\/\/denizcankizil.tr\/en\/haberler\/gundem\/kacak-hafriyat-dokenlere-2-milyon-lira-ceza-kesildi\/#breadcrumb\"},\"inLanguage\":\"en-GB\",\"potentialAction\":[{\"@type\":\"ReadAction\",\"target\":[\"https:\/\/denizcankizil.tr\/en\/haberler\/gundem\/kacak-hafriyat-dokenlere-2-milyon-lira-ceza-kesildi\/\"]}]},{\"@type\":\"BreadcrumbList\",\"@id\":\"https:\/\/denizcankizil.tr\/en\/haberler\/gundem\/kacak-hafriyat-dokenlere-2-milyon-lira-ceza-kesildi\/#breadcrumb\",\"itemListElement\":[{\"@type\":\"ListItem\",\"position\":1,\"name\":\"Home\",\"item\":\"https:\/\/denizcankizil.tr\/de\/\"},{\"@type\":\"ListItem\",\"position\":2,\"name\":\"Ka\u00e7ak hafriyat d\u00f6kenlere 2 milyon lira ceza kesildi\"}]},{\"@type\":\"WebSite\",\"@id\":\"https:\/\/denizcankizil.tr\/de\/#website\",\"url\":\"https:\/\/denizcankizil.tr\/de\/\",\"name\":\"Av. Deniz Can K\u0131z\u0131l\",\"description\":\"Avukat Deniz Can K\u0131z\u0131l Antalya Barosu\",\"publisher\":{\"@id\":\"https:\/\/denizcankizil.tr\/de\/#organization\"},\"potentialAction\":[{\"@type\":\"SearchAction\",\"target\":{\"@type\":\"EntryPoint\",\"urlTemplate\":\"https:\/\/denizcankizil.tr\/de\/?s={search_term_string}\"},\"query-input\":{\"@type\":\"PropertyValueSpecification\",\"valueRequired\":true,\"valueName\":\"search_term_string\"}}],\"inLanguage\":\"en-GB\"},{\"@type\":\"Organization\",\"@id\":\"https:\/\/denizcankizil.tr\/de\/#organization\",\"name\":\"Av. Deniz Can K\u0131z\u0131l\",\"url\":\"https:\/\/denizcankizil.tr\/de\/\",\"logo\":{\"@type\":\"ImageObject\",\"inLanguage\":\"en-GB\",\"@id\":\"https:\/\/denizcankizil.tr\/de\/#\/schema\/logo\/image\/\",\"url\":\"https:\/\/denizcankizil.tr\/wp-content\/uploads\/2024\/10\/siyah-logo-svg.svg\",\"contentUrl\":\"https:\/\/denizcankizil.tr\/wp-content\/uploads\/2024\/10\/siyah-logo-svg.svg\",\"width\":1080,\"height\":1080,\"caption\":\"Av. Deniz Can K\u0131z\u0131l\"},\"image\":{\"@id\":\"https:\/\/denizcankizil.tr\/de\/#\/schema\/logo\/image\/\"}},{\"@type\":\"Person\",\"@id\":\"https:\/\/denizcankizil.tr\/de\/#\/schema\/person\/be3c05fe6a12686905512445d8185489\",\"name\":\"admin\",\"image\":{\"@type\":\"ImageObject\",\"inLanguage\":\"en-GB\",\"@id\":\"https:\/\/denizcankizil.tr\/de\/#\/schema\/person\/image\/\",\"url\":\"https:\/\/secure.gravatar.com\/avatar\/c1fce94c830dc79107e174f890d7210541c4a63e8e5d816341794a2151c9d58c?s=96&d=mm&r=g\",\"contentUrl\":\"https:\/\/secure.gravatar.com\/avatar\/c1fce94c830dc79107e174f890d7210541c4a63e8e5d816341794a2151c9d58c?s=96&d=mm&r=g\",\"caption\":\"admin\"},\"sameAs\":[\"http:\/\/denizcankizil.tr\"],\"url\":\"https:\/\/www.iskenderun.org\/kacak-hafriyat-dokenlere-2-milyon-lira-ceza-kesildi\"}]}<\/script>\n<!-- \/ Yoast SEO Premium plugin. -->","yoast_head_json":{"title":"Ka\u00e7ak hafriyat d\u00f6kenlere 2 milyon lira ceza kesildi - Av. Deniz Can K\u0131z\u0131l","robots":{"index":"index","follow":"follow","max-snippet":"max-snippet:-1","max-image-preview":"max-image-preview:large","max-video-preview":"max-video-preview:-1"},"canonical":"https:\/\/denizcankizil.tr\/en\/haberler\/gundem\/kacak-hafriyat-dokenlere-2-milyon-lira-ceza-kesildi\/","og_locale":"en_GB","og_type":"article","og_title":"Ka\u00e7ak hafriyat d\u00f6kenlere 2 milyon lira ceza kesildi","og_description":"Hafriyat ve in\u015faat at\u0131klar\u0131n\u0131 ka\u00e7ak olarak do\u011fal ortama b\u0131rakan ki\u015fi ve kurumlar\u0131 mercek alt\u0131na alan Osmangazi Belediyesi, 2024 y\u0131l\u0131nda 195 \u015fah\u0131s ve firmaya toplam 2 milyon 39 bin bin 523 lira para cezas\u0131 kesti. Yasal d\u00f6k\u00fcm sahalar\u0131 d\u0131\u015f\u0131ndaki noktalara d\u00f6k\u00fclen hafriyatlar ve at\u0131klar b\u00f6lgeden kald\u0131rt\u0131ld\u0131.\u00a0 \u200bHafriyat ve in\u015faat at\u0131klar\u0131n\u0131 ka\u00e7ak olarak do\u011fal ortama b\u0131rakan ki\u015fi ve kurumlar\u0131 mercek alt\u0131na alan Osmangazi Belediyesi, 2024 y\u0131l\u0131nda 195 \u015fah\u0131s ve firmaya toplam 2 milyon 39 bin bin 523 lira para cezas\u0131 kesti. Yasal d\u00f6k\u00fcm sahalar\u0131 d\u0131\u015f\u0131ndaki noktalara d\u00f6k\u00fclen hafriyatlar ve at\u0131klar b\u00f6lgeden kald\u0131rt\u0131ld\u0131.\u00a0\u00a0 \u200bHaberin Al\u0131nt\u0131land\u0131\u011f\u0131 Kaynak: www.iskenderun.org","og_url":"https:\/\/denizcankizil.tr\/en\/haberler\/gundem\/kacak-hafriyat-dokenlere-2-milyon-lira-ceza-kesildi\/","og_site_name":"Av. Deniz Can K\u0131z\u0131l","article_published_time":"2025-01-30T10:41:52+00:00","author":"admin","twitter_card":"summary_large_image","twitter_misc":{"Written by":"admin","Estimated reading time":"1 minute"},"schema":{"@context":"https:\/\/schema.org","@graph":[{"@type":"Article","@id":"https:\/\/denizcankizil.tr\/en\/haberler\/gundem\/kacak-hafriyat-dokenlere-2-milyon-lira-ceza-kesildi\/#article","isPartOf":{"@id":"https:\/\/denizcankizil.tr\/en\/haberler\/gundem\/kacak-hafriyat-dokenlere-2-milyon-lira-ceza-kesildi\/"},"author":{"name":"admin","@id":"https:\/\/denizcankizil.tr\/de\/#\/schema\/person\/be3c05fe6a12686905512445d8185489"},"headline":"Ka\u00e7ak hafriyat d\u00f6kenlere 2 milyon lira ceza kesildi","datePublished":"2025-01-30T10:41:52+00:00","mainEntityOfPage":{"@id":"https:\/\/denizcankizil.tr\/en\/haberler\/gundem\/kacak-hafriyat-dokenlere-2-milyon-lira-ceza-kesildi\/"},"wordCount":137,"commentCount":0,"publisher":{"@id":"https:\/\/denizcankizil.tr\/de\/#organization"},"articleSection":["G\u00fcndem"],"inLanguage":"en-GB","potentialAction":[{"@type":"CommentAction","name":"Comment","target":["https:\/\/denizcankizil.tr\/en\/haberler\/gundem\/kacak-hafriyat-dokenlere-2-milyon-lira-ceza-kesildi\/#respond"]}]},{"@type":"WebPage","@id":"https:\/\/denizcankizil.tr\/en\/haberler\/gundem\/kacak-hafriyat-dokenlere-2-milyon-lira-ceza-kesildi\/","url":"https:\/\/denizcankizil.tr\/en\/haberler\/gundem\/kacak-hafriyat-dokenlere-2-milyon-lira-ceza-kesildi\/","name":"Ka\u00e7ak hafriyat d\u00f6kenlere 2 milyon lira ceza kesildi - Av. Deniz Can K\u0131z\u0131l","isPartOf":{"@id":"https:\/\/denizcankizil.tr\/de\/#website"},"datePublished":"2025-01-30T10:41:52+00:00","breadcrumb":{"@id":"https:\/\/denizcankizil.tr\/en\/haberler\/gundem\/kacak-hafriyat-dokenlere-2-milyon-lira-ceza-kesildi\/#breadcrumb"},"inLanguage":"en-GB","potentialAction":[{"@type":"ReadAction","target":["https:\/\/denizcankizil.tr\/en\/haberler\/gundem\/kacak-hafriyat-dokenlere-2-milyon-lira-ceza-kesildi\/"]}]},{"@type":"BreadcrumbList","@id":"https:\/\/denizcankizil.tr\/en\/haberler\/gundem\/kacak-hafriyat-dokenlere-2-milyon-lira-ceza-kesildi\/#breadcrumb","itemListElement":[{"@type":"ListItem","position":1,"name":"Home","item":"https:\/\/denizcankizil.tr\/de\/"},{"@type":"ListItem","position":2,"name":"Ka\u00e7ak hafriyat d\u00f6kenlere 2 milyon lira ceza kesildi"}]},{"@type":"WebSite","@id":"https:\/\/denizcankizil.tr\/de\/#website","url":"https:\/\/denizcankizil.tr\/de\/","name":"Av. Deniz Can K\u0131z\u0131l","description":"Avukat Deniz Can K\u0131z\u0131l Antalya Barosu","publisher":{"@id":"https:\/\/denizcankizil.tr\/de\/#organization"},"potentialAction":[{"@type":"SearchAction","target":{"@type":"EntryPoint","urlTemplate":"https:\/\/denizcankizil.tr\/de\/?s={search_term_string}"},"query-input":{"@type":"PropertyValueSpecification","valueRequired":true,"valueName":"search_term_string"}}],"inLanguage":"en-GB"},{"@type":"Organization","@id":"https:\/\/denizcankizil.tr\/de\/#organization","name":"Av. Deniz Can K\u0131z\u0131l","url":"https:\/\/denizcankizil.tr\/de\/","logo":{"@type":"ImageObject","inLanguage":"en-GB","@id":"https:\/\/denizcankizil.tr\/de\/#\/schema\/logo\/image\/","url":"https:\/\/denizcankizil.tr\/wp-content\/uploads\/2024\/10\/siyah-logo-svg.svg","contentUrl":"https:\/\/denizcankizil.tr\/wp-content\/uploads\/2024\/10\/siyah-logo-svg.svg","width":1080,"height":1080,"caption":"Av. Deniz Can K\u0131z\u0131l"},"image":{"@id":"https:\/\/denizcankizil.tr\/de\/#\/schema\/logo\/image\/"}},{"@type":"Person","@id":"https:\/\/denizcankizil.tr\/de\/#\/schema\/person\/be3c05fe6a12686905512445d8185489","name":"admin","image":{"@type":"ImageObject","inLanguage":"en-GB","@id":"https:\/\/denizcankizil.tr\/de\/#\/schema\/person\/image\/","url":"https:\/\/secure.gravatar.com\/avatar\/c1fce94c830dc79107e174f890d7210541c4a63e8e5d816341794a2151c9d58c?s=96&d=mm&r=g","contentUrl":"https:\/\/secure.gravatar.com\/avatar\/c1fce94c830dc79107e174f890d7210541c4a63e8e5d816341794a2151c9d58c?s=96&d=mm&r=g","caption":"admin"},"sameAs":["http:\/\/denizcankizil.tr"],"url":"https:\/\/www.iskenderun.org\/kacak-hafriyat-dokenlere-2-milyon-lira-ceza-kesildi"}]}},"_links":{"self":[{"href":"https:\/\/denizcankizil.tr\/en\/wp-json\/wp\/v2\/posts\/28714","targetHints":{"allow":["GET"]}}],"collection":[{"href":"https:\/\/denizcankizil.tr\/en\/wp-json\/wp\/v2\/posts"}],"about":[{"href":"https:\/\/denizcankizil.tr\/en\/wp-json\/wp\/v2\/types\/post"}],"author":[{"embeddable":true,"href":"https:\/\/denizcankizil.tr\/en\/wp-json\/wp\/v2\/users\/1"}],"replies":[{"embeddable":true,"href":"https:\/\/denizcankizil.tr\/en\/wp-json\/wp\/v2\/comments?post=28714"}],"version-history":[{"count":0,"href":"https:\/\/denizcankizil.tr\/en\/wp-json\/wp\/v2\/posts\/28714\/revisions"}],"wp:attachment":[{"href":"https:\/\/denizcankizil.tr\/en\/wp-json\/wp\/v2\/media?parent=28714"}],"wp:term":[{"taxonomy":"category","embeddable":true,"href":"https:\/\/denizcankizil.tr\/en\/wp-json\/wp\/v2\/categories?post=28714"},{"taxonomy":"post_tag","embeddable":true,"href":"https:\/\/denizcankizil.tr\/en\/wp-json\/wp\/v2\/tags?post=28714"}],"curies":[{"name":"wp","href":"https:\/\/api.w.org\/{rel}","templated":true}]}}