{"id":28710,"date":"2025-01-30T13:41:49","date_gmt":"2025-01-30T10:41:49","guid":{"rendered":"https:\/\/denizcankizil.tr\/uncategorized-tr\/bursa-karacabey-belediyesinden-genc-sporculara-kulturel-gezi\/"},"modified":"2025-01-30T13:41:49","modified_gmt":"2025-01-30T10:41:49","slug":"bursa-karacabey-belediyesinden-genc-sporculara-kulturel-gezi","status":"publish","type":"post","link":"https:\/\/denizcankizil.tr\/en\/haberler\/gundem\/bursa-karacabey-belediyesinden-genc-sporculara-kulturel-gezi\/","title":{"rendered":"Bursa Karacabey Belediyesi&#8217;nden gen\u00e7 sporculara k\u00fclt\u00fcrel gezi"},"content":{"rendered":"<p>Bursa Karacabey Belediyesi, gen\u00e7 sporcular\u0131n sosyal ve k\u00fclt\u00fcrel geli\u015fimlerine katk\u0131 sa\u011flamak amac\u0131yla anlaml\u0131 bir etkinlik d\u00fczenledi. Karacabey Belediyespor b\u00fcnyesinde e\u011fitim g\u00f6ren sporcular, Bursa Hayvanat Bah\u00e7esi\u2019ne ger\u00e7ekle\u015ftirilen \u00f6zel bir geziyle do\u011fayla i\u00e7 i\u00e7e keyifli bir g\u00fcn ge\u00e7irdi.BURSA (\u0130GFA) &#8211;\u00a0Gezi boyunca sporcular, hayvanat bah\u00e7esindeki 149 farkl\u0131 t\u00fcrdeki hayvan\u0131 g\u00f6zlemleme f\u0131rsat\u0131 buldu. Z\u00fcrafalardan kaplanlara, maymunlardan su ayg\u0131rlar\u0131na kadar bir\u00e7ok canl\u0131y\u0131 yak\u0131ndan tan\u0131yan gen\u00e7ler, rehberler e\u015fli\u011finde bu t\u00fcrlerin ya\u015fam alanlar\u0131 ve korunma gereklilikleri hakk\u0131nda bilgi edindi. Hayvan sevgisini ve \u00e7evre bilincini peki\u015ftirmeyi ama\u00e7layan etkinlikte, sporcular ayr\u0131ca hayvanat bah\u00e7esinin d\u00fczenledi\u011fi etkile\u015fimli g\u00f6sterilere kat\u0131larak, do\u011fal ya\u015fam hakk\u0131nda \u00f6nemli bilgiler edindi.<br \/>\nKaracabey Belediye Ba\u015fkan\u0131 Fatih Karabat\u0131, d\u00fczenlenen gezinin sadece bir sosyal etkinlik olmad\u0131\u011f\u0131n\u0131, ayn\u0131 zamanda sporcular\u0131n genel k\u00fclt\u00fcrlerine ve e\u011fitimlerine katk\u0131 sa\u011flayan bir f\u0131rsat sundu\u011funu belirtti. Karabat\u0131, \u201cSporcular\u0131m\u0131z\u0131n sadece fiziksel olarak de\u011fil, zihinsel ve sosyal a\u00e7\u0131dan da geli\u015fim g\u00f6stermelerini istiyoruz. Bu t\u00fcr etkinliklerle onlar\u0131n vizyonlar\u0131n\u0131 geni\u015fletiyor, farkl\u0131 ya\u015fam formlar\u0131na duyarl\u0131l\u0131k kazanmalar\u0131n\u0131 sa\u011fl\u0131yoruz\u201d dedi.<br \/>\nKaracabey Belediyesi\u2019nin gen\u00e7lere y\u00f6nelik sosyal sorumluluk projeleri kapsam\u0131nda ger\u00e7ekle\u015ftirilen bu etkinli\u011fin, gelecekte farkl\u0131 k\u00fclt\u00fcrel ve e\u011fitimsel gezilerle devam edece\u011fi belirtildi. Sporcular, bu gezinin kendilerine kazand\u0131rd\u0131\u011f\u0131 yeni bak\u0131\u015f a\u00e7\u0131lar\u0131yla antrenmanlar\u0131na daha motive \u015fekilde d\u00f6nerken, bu t\u00fcr organizasyonlar\u0131n tak\u0131m ruhunu da peki\u015ftirdi\u011fi vurguland\u0131.<br \/>\nVatanda\u015flardan Ba\u015fkan Karabat\u0131\u2019ya Te\u015fekk\u00fcr<br \/>\n\u00d6te yandan, Karacabey Belediyesi\u2019nin kald\u0131r\u0131m i\u015fgallerine son vermesi il\u00e7e genelinde geni\u015f yank\u0131 uyand\u0131rd\u0131. Ba\u015fta kad\u0131nlar ve engelliler olmak \u00fczere, vatanda\u015flar Belediye Ba\u015fkan\u0131 Fatih Karabat\u0131\u2019ya te\u015fekk\u00fcr etti ve kald\u0131r\u0131m i\u015fgallerine kar\u015f\u0131 bundan sonraki s\u00fcre\u00e7te de taviz verilmemesini istedi.<\/p>\n<p>\u200bBursa Karacabey Belediyesi, gen\u00e7 sporcular\u0131n sosyal ve k\u00fclt\u00fcrel geli\u015fimlerine katk\u0131 sa\u011flamak amac\u0131yla anlaml\u0131 bir etkinlik d\u00fczenledi. Karacabey Belediyespor b\u00fcnyesinde e\u011fitim g\u00f6ren sporcular, Bursa Hayvanat Bah\u00e7esi\u2019ne ger\u00e7ekle\u015ftirilen \u00f6zel bir geziyle do\u011fayla i\u00e7 i\u00e7e keyifli bir g\u00fcn ge\u00e7irdi.BURSA (\u0130GFA) &#8211;\u00a0Gezi boyunca sporcular, hayvanat bah\u00e7esindeki 149 farkl\u0131 t\u00fcrdeki hayvan\u0131 g\u00f6zlemleme f\u0131rsat\u0131 buldu. Z\u00fcrafalardan kaplanlara, maymunlardan su ayg\u0131rlar\u0131na kadar bir\u00e7ok canl\u0131y\u0131 yak\u0131ndan tan\u0131yan gen\u00e7ler, rehberler e\u015fli\u011finde bu t\u00fcrlerin ya\u015fam alanlar\u0131 ve korunma gereklilikleri hakk\u0131nda bilgi edindi. Hayvan sevgisini ve \u00e7evre bilincini peki\u015ftirmeyi ama\u00e7layan etkinlikte, sporcular ayr\u0131ca hayvanat bah\u00e7esinin d\u00fczenledi\u011fi etkile\u015fimli g\u00f6sterilere kat\u0131larak, do\u011fal ya\u015fam hakk\u0131nda \u00f6nemli bilgiler edindi.<br \/>\nKaracabey Belediye Ba\u015fkan\u0131 Fatih Karabat\u0131, d\u00fczenlenen gezinin sadece bir sosyal etkinlik olmad\u0131\u011f\u0131n\u0131, ayn\u0131 zamanda sporcular\u0131n genel k\u00fclt\u00fcrlerine ve e\u011fitimlerine katk\u0131 sa\u011flayan bir f\u0131rsat sundu\u011funu belirtti. Karabat\u0131, \u201cSporcular\u0131m\u0131z\u0131n sadece fiziksel olarak de\u011fil, zihinsel ve sosyal a\u00e7\u0131dan da geli\u015fim g\u00f6stermelerini istiyoruz. Bu t\u00fcr etkinliklerle onlar\u0131n vizyonlar\u0131n\u0131 geni\u015fletiyor, farkl\u0131 ya\u015fam formlar\u0131na duyarl\u0131l\u0131k kazanmalar\u0131n\u0131 sa\u011fl\u0131yoruz\u201d dedi.<br \/>\nKaracabey Belediyesi\u2019nin gen\u00e7lere y\u00f6nelik sosyal sorumluluk projeleri kapsam\u0131nda ger\u00e7ekle\u015ftirilen bu etkinli\u011fin, gelecekte farkl\u0131 k\u00fclt\u00fcrel ve e\u011fitimsel gezilerle devam edece\u011fi belirtildi. Sporcular, bu gezinin kendilerine kazand\u0131rd\u0131\u011f\u0131 yeni bak\u0131\u015f a\u00e7\u0131lar\u0131yla antrenmanlar\u0131na daha motive \u015fekilde d\u00f6nerken, bu t\u00fcr organizasyonlar\u0131n tak\u0131m ruhunu da peki\u015ftirdi\u011fi vurguland\u0131.<br \/>\nVatanda\u015flardan Ba\u015fkan Karabat\u0131\u2019ya Te\u015fekk\u00fcr<br \/>\n\u00d6te yandan, Karacabey Belediyesi\u2019nin kald\u0131r\u0131m i\u015fgallerine son vermesi il\u00e7e genelinde geni\u015f yank\u0131 uyand\u0131rd\u0131. Ba\u015fta kad\u0131nlar ve engelliler olmak \u00fczere, vatanda\u015flar Belediye Ba\u015fkan\u0131 Fatih Karabat\u0131\u2019ya te\u015fekk\u00fcr etti ve kald\u0131r\u0131m i\u015fgallerine kar\u015f\u0131 bundan sonraki s\u00fcre\u00e7te de taviz verilmemesini istedi.\u00a0<\/p>\n<p>\u200bHaberin Al\u0131nt\u0131land\u0131\u011f\u0131 Kaynak: www.iskenderun.org<\/p>","protected":false},"excerpt":{"rendered":"<p>Bursa Karacabey Belediyesi, gen\u00e7 sporcular\u0131n sosyal ve k\u00fclt\u00fcrel geli\u015fimlerine katk\u0131 sa\u011flamak amac\u0131yla anlaml\u0131 bir etkinlik d\u00fczenledi. Karacabey Belediyespor b\u00fcnyesinde e\u011fitim g\u00f6ren sporcular, Bursa Hayvanat Bah\u00e7esi\u2019ne ger\u00e7ekle\u015ftirilen \u00f6zel bir geziyle do\u011fayla i\u00e7 i\u00e7e keyifli bir g\u00fcn ge\u00e7irdi.BURSA (\u0130GFA) &#8211;\u00a0Gezi boyunca sporcular, hayvanat bah\u00e7esindeki 149 farkl\u0131 t\u00fcrdeki hayvan\u0131 g\u00f6zlemleme f\u0131rsat\u0131 buldu. Z\u00fcrafalardan kaplanlara, maymunlardan su ayg\u0131rlar\u0131na kadar bir\u00e7ok canl\u0131y\u0131 yak\u0131ndan tan\u0131yan gen\u00e7ler, rehberler e\u015fli\u011finde bu t\u00fcrlerin ya\u015fam alanlar\u0131 ve korunma gereklilikleri hakk\u0131nda bilgi edindi. Hayvan sevgisini ve \u00e7evre bilincini peki\u015ftirmeyi ama\u00e7layan etkinlikte, sporcular ayr\u0131ca hayvanat bah\u00e7esinin d\u00fczenledi\u011fi etkile\u015fimli g\u00f6sterilere kat\u0131larak, do\u011fal ya\u015fam hakk\u0131nda \u00f6nemli bilgiler edindi. Karacabey Belediye Ba\u015fkan\u0131 Fatih Karabat\u0131, d\u00fczenlenen gezinin sadece bir sosyal etkinlik olmad\u0131\u011f\u0131n\u0131, ayn\u0131 zamanda sporcular\u0131n genel k\u00fclt\u00fcrlerine ve e\u011fitimlerine katk\u0131 sa\u011flayan bir f\u0131rsat sundu\u011funu belirtti. Karabat\u0131, \u201cSporcular\u0131m\u0131z\u0131n sadece fiziksel olarak de\u011fil, zihinsel ve sosyal a\u00e7\u0131dan da geli\u015fim g\u00f6stermelerini istiyoruz. Bu t\u00fcr etkinliklerle onlar\u0131n vizyonlar\u0131n\u0131 geni\u015fletiyor, farkl\u0131 ya\u015fam formlar\u0131na duyarl\u0131l\u0131k kazanmalar\u0131n\u0131 sa\u011fl\u0131yoruz\u201d dedi. Karacabey Belediyesi\u2019nin gen\u00e7lere y\u00f6nelik sosyal sorumluluk projeleri kapsam\u0131nda ger\u00e7ekle\u015ftirilen bu etkinli\u011fin, gelecekte farkl\u0131 k\u00fclt\u00fcrel ve e\u011fitimsel gezilerle devam edece\u011fi belirtildi. Sporcular, bu gezinin kendilerine kazand\u0131rd\u0131\u011f\u0131 yeni bak\u0131\u015f a\u00e7\u0131lar\u0131yla antrenmanlar\u0131na daha motive \u015fekilde d\u00f6nerken, bu t\u00fcr organizasyonlar\u0131n tak\u0131m ruhunu da peki\u015ftirdi\u011fi vurguland\u0131. Vatanda\u015flardan Ba\u015fkan Karabat\u0131\u2019ya Te\u015fekk\u00fcr \u00d6te yandan, Karacabey Belediyesi\u2019nin kald\u0131r\u0131m i\u015fgallerine son vermesi il\u00e7e &hellip;<\/p>","protected":false},"author":1,"featured_media":0,"comment_status":"open","ping_status":"open","sticky":false,"template":"","format":"standard","meta":{"_acf_changed":false,"footnotes":""},"categories":[24],"tags":[],"class_list":["post-28710","post","type-post","status-publish","format-standard","has-post-thumbnail","hentry","category-gundem"],"acf":[],"yoast_head":"<!-- This site is optimized with the Yoast SEO Premium plugin v26.6 (Yoast SEO v27.1.1) - https:\/\/yoast.com\/product\/yoast-seo-premium-wordpress\/ -->\n<title>Bursa Karacabey Belediyesi&#039;nden gen\u00e7 sporculara k\u00fclt\u00fcrel gezi - Av. Deniz Can K\u0131z\u0131l<\/title>\n<meta name=\"robots\" content=\"index, follow, max-snippet:-1, max-image-preview:large, max-video-preview:-1\" \/>\n<link rel=\"canonical\" href=\"https:\/\/denizcankizil.tr\/en\/haberler\/gundem\/bursa-karacabey-belediyesinden-genc-sporculara-kulturel-gezi\/\" \/>\n<meta property=\"og:locale\" content=\"en_GB\" \/>\n<meta property=\"og:type\" content=\"article\" \/>\n<meta property=\"og:title\" content=\"Bursa Karacabey Belediyesi&#039;nden gen\u00e7 sporculara k\u00fclt\u00fcrel gezi\" \/>\n<meta property=\"og:description\" content=\"Bursa Karacabey Belediyesi, gen\u00e7 sporcular\u0131n sosyal ve k\u00fclt\u00fcrel geli\u015fimlerine katk\u0131 sa\u011flamak amac\u0131yla anlaml\u0131 bir etkinlik d\u00fczenledi. Karacabey Belediyespor b\u00fcnyesinde e\u011fitim g\u00f6ren sporcular, Bursa Hayvanat Bah\u00e7esi\u2019ne ger\u00e7ekle\u015ftirilen \u00f6zel bir geziyle do\u011fayla i\u00e7 i\u00e7e keyifli bir g\u00fcn ge\u00e7irdi.BURSA (\u0130GFA) &#8211;\u00a0Gezi boyunca sporcular, hayvanat bah\u00e7esindeki 149 farkl\u0131 t\u00fcrdeki hayvan\u0131 g\u00f6zlemleme f\u0131rsat\u0131 buldu. Z\u00fcrafalardan kaplanlara, maymunlardan su ayg\u0131rlar\u0131na kadar bir\u00e7ok canl\u0131y\u0131 yak\u0131ndan tan\u0131yan gen\u00e7ler, rehberler e\u015fli\u011finde bu t\u00fcrlerin ya\u015fam alanlar\u0131 ve korunma gereklilikleri hakk\u0131nda bilgi edindi. Hayvan sevgisini ve \u00e7evre bilincini peki\u015ftirmeyi ama\u00e7layan etkinlikte, sporcular ayr\u0131ca hayvanat bah\u00e7esinin d\u00fczenledi\u011fi etkile\u015fimli g\u00f6sterilere kat\u0131larak, do\u011fal ya\u015fam hakk\u0131nda \u00f6nemli bilgiler edindi. Karacabey Belediye Ba\u015fkan\u0131 Fatih Karabat\u0131, d\u00fczenlenen gezinin sadece bir sosyal etkinlik olmad\u0131\u011f\u0131n\u0131, ayn\u0131 zamanda sporcular\u0131n genel k\u00fclt\u00fcrlerine ve e\u011fitimlerine katk\u0131 sa\u011flayan bir f\u0131rsat sundu\u011funu belirtti. Karabat\u0131, \u201cSporcular\u0131m\u0131z\u0131n sadece fiziksel olarak de\u011fil, zihinsel ve sosyal a\u00e7\u0131dan da geli\u015fim g\u00f6stermelerini istiyoruz. Bu t\u00fcr etkinliklerle onlar\u0131n vizyonlar\u0131n\u0131 geni\u015fletiyor, farkl\u0131 ya\u015fam formlar\u0131na duyarl\u0131l\u0131k kazanmalar\u0131n\u0131 sa\u011fl\u0131yoruz\u201d dedi. Karacabey Belediyesi\u2019nin gen\u00e7lere y\u00f6nelik sosyal sorumluluk projeleri kapsam\u0131nda ger\u00e7ekle\u015ftirilen bu etkinli\u011fin, gelecekte farkl\u0131 k\u00fclt\u00fcrel ve e\u011fitimsel gezilerle devam edece\u011fi belirtildi. Sporcular, bu gezinin kendilerine kazand\u0131rd\u0131\u011f\u0131 yeni bak\u0131\u015f a\u00e7\u0131lar\u0131yla antrenmanlar\u0131na daha motive \u015fekilde d\u00f6nerken, bu t\u00fcr organizasyonlar\u0131n tak\u0131m ruhunu da peki\u015ftirdi\u011fi vurguland\u0131. Vatanda\u015flardan Ba\u015fkan Karabat\u0131\u2019ya Te\u015fekk\u00fcr \u00d6te yandan, Karacabey Belediyesi\u2019nin kald\u0131r\u0131m i\u015fgallerine son vermesi il\u00e7e &hellip;\" \/>\n<meta property=\"og:url\" content=\"https:\/\/denizcankizil.tr\/en\/haberler\/gundem\/bursa-karacabey-belediyesinden-genc-sporculara-kulturel-gezi\/\" \/>\n<meta property=\"og:site_name\" content=\"Av. Deniz Can K\u0131z\u0131l\" \/>\n<meta property=\"article:published_time\" content=\"2025-01-30T10:41:49+00:00\" \/>\n<meta name=\"author\" content=\"admin\" \/>\n<meta name=\"twitter:card\" content=\"summary_large_image\" \/>\n<meta name=\"twitter:label1\" content=\"Written by\" \/>\n\t<meta name=\"twitter:data1\" content=\"admin\" \/>\n\t<meta name=\"twitter:label2\" content=\"Estimated reading time\" \/>\n\t<meta name=\"twitter:data2\" content=\"4 minutes\" \/>\n<script type=\"application\/ld+json\" class=\"yoast-schema-graph\">{\"@context\":\"https:\/\/schema.org\",\"@graph\":[{\"@type\":\"Article\",\"@id\":\"https:\/\/denizcankizil.tr\/en\/haberler\/gundem\/bursa-karacabey-belediyesinden-genc-sporculara-kulturel-gezi\/#article\",\"isPartOf\":{\"@id\":\"https:\/\/denizcankizil.tr\/en\/haberler\/gundem\/bursa-karacabey-belediyesinden-genc-sporculara-kulturel-gezi\/\"},\"author\":{\"name\":\"admin\",\"@id\":\"https:\/\/denizcankizil.tr\/#\/schema\/person\/be3c05fe6a12686905512445d8185489\"},\"headline\":\"Bursa Karacabey Belediyesi&#8217;nden gen\u00e7 sporculara k\u00fclt\u00fcrel gezi\",\"datePublished\":\"2025-01-30T10:41:49+00:00\",\"mainEntityOfPage\":{\"@id\":\"https:\/\/denizcankizil.tr\/en\/haberler\/gundem\/bursa-karacabey-belediyesinden-genc-sporculara-kulturel-gezi\/\"},\"wordCount\":714,\"commentCount\":0,\"publisher\":{\"@id\":\"https:\/\/denizcankizil.tr\/#organization\"},\"articleSection\":[\"G\u00fcndem\"],\"inLanguage\":\"en-GB\",\"potentialAction\":[{\"@type\":\"CommentAction\",\"name\":\"Comment\",\"target\":[\"https:\/\/denizcankizil.tr\/en\/haberler\/gundem\/bursa-karacabey-belediyesinden-genc-sporculara-kulturel-gezi\/#respond\"]}]},{\"@type\":\"WebPage\",\"@id\":\"https:\/\/denizcankizil.tr\/en\/haberler\/gundem\/bursa-karacabey-belediyesinden-genc-sporculara-kulturel-gezi\/\",\"url\":\"https:\/\/denizcankizil.tr\/en\/haberler\/gundem\/bursa-karacabey-belediyesinden-genc-sporculara-kulturel-gezi\/\",\"name\":\"Bursa Karacabey Belediyesi'nden gen\u00e7 sporculara k\u00fclt\u00fcrel gezi - Av. Deniz Can K\u0131z\u0131l\",\"isPartOf\":{\"@id\":\"https:\/\/denizcankizil.tr\/#website\"},\"datePublished\":\"2025-01-30T10:41:49+00:00\",\"breadcrumb\":{\"@id\":\"https:\/\/denizcankizil.tr\/en\/haberler\/gundem\/bursa-karacabey-belediyesinden-genc-sporculara-kulturel-gezi\/#breadcrumb\"},\"inLanguage\":\"en-GB\",\"potentialAction\":[{\"@type\":\"ReadAction\",\"target\":[\"https:\/\/denizcankizil.tr\/en\/haberler\/gundem\/bursa-karacabey-belediyesinden-genc-sporculara-kulturel-gezi\/\"]}]},{\"@type\":\"BreadcrumbList\",\"@id\":\"https:\/\/denizcankizil.tr\/en\/haberler\/gundem\/bursa-karacabey-belediyesinden-genc-sporculara-kulturel-gezi\/#breadcrumb\",\"itemListElement\":[{\"@type\":\"ListItem\",\"position\":1,\"name\":\"Home\",\"item\":\"https:\/\/denizcankizil.tr\/de\/\"},{\"@type\":\"ListItem\",\"position\":2,\"name\":\"Bursa Karacabey Belediyesi&#8217;nden gen\u00e7 sporculara k\u00fclt\u00fcrel gezi\"}]},{\"@type\":\"WebSite\",\"@id\":\"https:\/\/denizcankizil.tr\/#website\",\"url\":\"https:\/\/denizcankizil.tr\/\",\"name\":\"Av. Deniz Can K\u0131z\u0131l\",\"description\":\"Avukat Deniz Can K\u0131z\u0131l Antalya Barosu\",\"publisher\":{\"@id\":\"https:\/\/denizcankizil.tr\/#organization\"},\"potentialAction\":[{\"@type\":\"SearchAction\",\"target\":{\"@type\":\"EntryPoint\",\"urlTemplate\":\"https:\/\/denizcankizil.tr\/?s={search_term_string}\"},\"query-input\":{\"@type\":\"PropertyValueSpecification\",\"valueRequired\":true,\"valueName\":\"search_term_string\"}}],\"inLanguage\":\"en-GB\"},{\"@type\":\"Organization\",\"@id\":\"https:\/\/denizcankizil.tr\/#organization\",\"name\":\"Av. Deniz Can K\u0131z\u0131l\",\"url\":\"https:\/\/denizcankizil.tr\/\",\"logo\":{\"@type\":\"ImageObject\",\"inLanguage\":\"en-GB\",\"@id\":\"https:\/\/denizcankizil.tr\/#\/schema\/logo\/image\/\",\"url\":\"https:\/\/denizcankizil.tr\/wp-content\/uploads\/2024\/10\/siyah-logo-svg.svg\",\"contentUrl\":\"https:\/\/denizcankizil.tr\/wp-content\/uploads\/2024\/10\/siyah-logo-svg.svg\",\"width\":1080,\"height\":1080,\"caption\":\"Av. Deniz Can K\u0131z\u0131l\"},\"image\":{\"@id\":\"https:\/\/denizcankizil.tr\/#\/schema\/logo\/image\/\"}},{\"@type\":\"Person\",\"@id\":\"https:\/\/denizcankizil.tr\/#\/schema\/person\/be3c05fe6a12686905512445d8185489\",\"name\":\"admin\",\"image\":{\"@type\":\"ImageObject\",\"inLanguage\":\"en-GB\",\"@id\":\"https:\/\/denizcankizil.tr\/#\/schema\/person\/image\/\",\"url\":\"https:\/\/secure.gravatar.com\/avatar\/c1fce94c830dc79107e174f890d7210541c4a63e8e5d816341794a2151c9d58c?s=96&d=mm&r=g\",\"contentUrl\":\"https:\/\/secure.gravatar.com\/avatar\/c1fce94c830dc79107e174f890d7210541c4a63e8e5d816341794a2151c9d58c?s=96&d=mm&r=g\",\"caption\":\"admin\"},\"sameAs\":[\"http:\/\/denizcankizil.tr\"],\"url\":\"https:\/\/www.iskenderun.org\/bursa-karacabey-belediyesinden-genc-sporculara-kulturel-gezi\"}]}<\/script>\n<!-- \/ Yoast SEO Premium plugin. -->","yoast_head_json":{"title":"Bursa Karacabey Belediyesi'nden gen\u00e7 sporculara k\u00fclt\u00fcrel gezi - Av. Deniz Can K\u0131z\u0131l","robots":{"index":"index","follow":"follow","max-snippet":"max-snippet:-1","max-image-preview":"max-image-preview:large","max-video-preview":"max-video-preview:-1"},"canonical":"https:\/\/denizcankizil.tr\/en\/haberler\/gundem\/bursa-karacabey-belediyesinden-genc-sporculara-kulturel-gezi\/","og_locale":"en_GB","og_type":"article","og_title":"Bursa Karacabey Belediyesi'nden gen\u00e7 sporculara k\u00fclt\u00fcrel gezi","og_description":"Bursa Karacabey Belediyesi, gen\u00e7 sporcular\u0131n sosyal ve k\u00fclt\u00fcrel geli\u015fimlerine katk\u0131 sa\u011flamak amac\u0131yla anlaml\u0131 bir etkinlik d\u00fczenledi. Karacabey Belediyespor b\u00fcnyesinde e\u011fitim g\u00f6ren sporcular, Bursa Hayvanat Bah\u00e7esi\u2019ne ger\u00e7ekle\u015ftirilen \u00f6zel bir geziyle do\u011fayla i\u00e7 i\u00e7e keyifli bir g\u00fcn ge\u00e7irdi.BURSA (\u0130GFA) &#8211;\u00a0Gezi boyunca sporcular, hayvanat bah\u00e7esindeki 149 farkl\u0131 t\u00fcrdeki hayvan\u0131 g\u00f6zlemleme f\u0131rsat\u0131 buldu. Z\u00fcrafalardan kaplanlara, maymunlardan su ayg\u0131rlar\u0131na kadar bir\u00e7ok canl\u0131y\u0131 yak\u0131ndan tan\u0131yan gen\u00e7ler, rehberler e\u015fli\u011finde bu t\u00fcrlerin ya\u015fam alanlar\u0131 ve korunma gereklilikleri hakk\u0131nda bilgi edindi. Hayvan sevgisini ve \u00e7evre bilincini peki\u015ftirmeyi ama\u00e7layan etkinlikte, sporcular ayr\u0131ca hayvanat bah\u00e7esinin d\u00fczenledi\u011fi etkile\u015fimli g\u00f6sterilere kat\u0131larak, do\u011fal ya\u015fam hakk\u0131nda \u00f6nemli bilgiler edindi. Karacabey Belediye Ba\u015fkan\u0131 Fatih Karabat\u0131, d\u00fczenlenen gezinin sadece bir sosyal etkinlik olmad\u0131\u011f\u0131n\u0131, ayn\u0131 zamanda sporcular\u0131n genel k\u00fclt\u00fcrlerine ve e\u011fitimlerine katk\u0131 sa\u011flayan bir f\u0131rsat sundu\u011funu belirtti. Karabat\u0131, \u201cSporcular\u0131m\u0131z\u0131n sadece fiziksel olarak de\u011fil, zihinsel ve sosyal a\u00e7\u0131dan da geli\u015fim g\u00f6stermelerini istiyoruz. Bu t\u00fcr etkinliklerle onlar\u0131n vizyonlar\u0131n\u0131 geni\u015fletiyor, farkl\u0131 ya\u015fam formlar\u0131na duyarl\u0131l\u0131k kazanmalar\u0131n\u0131 sa\u011fl\u0131yoruz\u201d dedi. Karacabey Belediyesi\u2019nin gen\u00e7lere y\u00f6nelik sosyal sorumluluk projeleri kapsam\u0131nda ger\u00e7ekle\u015ftirilen bu etkinli\u011fin, gelecekte farkl\u0131 k\u00fclt\u00fcrel ve e\u011fitimsel gezilerle devam edece\u011fi belirtildi. Sporcular, bu gezinin kendilerine kazand\u0131rd\u0131\u011f\u0131 yeni bak\u0131\u015f a\u00e7\u0131lar\u0131yla antrenmanlar\u0131na daha motive \u015fekilde d\u00f6nerken, bu t\u00fcr organizasyonlar\u0131n tak\u0131m ruhunu da peki\u015ftirdi\u011fi vurguland\u0131. Vatanda\u015flardan Ba\u015fkan Karabat\u0131\u2019ya Te\u015fekk\u00fcr \u00d6te yandan, Karacabey Belediyesi\u2019nin kald\u0131r\u0131m i\u015fgallerine son vermesi il\u00e7e &hellip;","og_url":"https:\/\/denizcankizil.tr\/en\/haberler\/gundem\/bursa-karacabey-belediyesinden-genc-sporculara-kulturel-gezi\/","og_site_name":"Av. Deniz Can K\u0131z\u0131l","article_published_time":"2025-01-30T10:41:49+00:00","author":"admin","twitter_card":"summary_large_image","twitter_misc":{"Written by":"admin","Estimated reading time":"4 minutes"},"schema":{"@context":"https:\/\/schema.org","@graph":[{"@type":"Article","@id":"https:\/\/denizcankizil.tr\/en\/haberler\/gundem\/bursa-karacabey-belediyesinden-genc-sporculara-kulturel-gezi\/#article","isPartOf":{"@id":"https:\/\/denizcankizil.tr\/en\/haberler\/gundem\/bursa-karacabey-belediyesinden-genc-sporculara-kulturel-gezi\/"},"author":{"name":"admin","@id":"https:\/\/denizcankizil.tr\/#\/schema\/person\/be3c05fe6a12686905512445d8185489"},"headline":"Bursa Karacabey Belediyesi&#8217;nden gen\u00e7 sporculara k\u00fclt\u00fcrel gezi","datePublished":"2025-01-30T10:41:49+00:00","mainEntityOfPage":{"@id":"https:\/\/denizcankizil.tr\/en\/haberler\/gundem\/bursa-karacabey-belediyesinden-genc-sporculara-kulturel-gezi\/"},"wordCount":714,"commentCount":0,"publisher":{"@id":"https:\/\/denizcankizil.tr\/#organization"},"articleSection":["G\u00fcndem"],"inLanguage":"en-GB","potentialAction":[{"@type":"CommentAction","name":"Comment","target":["https:\/\/denizcankizil.tr\/en\/haberler\/gundem\/bursa-karacabey-belediyesinden-genc-sporculara-kulturel-gezi\/#respond"]}]},{"@type":"WebPage","@id":"https:\/\/denizcankizil.tr\/en\/haberler\/gundem\/bursa-karacabey-belediyesinden-genc-sporculara-kulturel-gezi\/","url":"https:\/\/denizcankizil.tr\/en\/haberler\/gundem\/bursa-karacabey-belediyesinden-genc-sporculara-kulturel-gezi\/","name":"Bursa Karacabey Belediyesi'nden gen\u00e7 sporculara k\u00fclt\u00fcrel gezi - Av. Deniz Can K\u0131z\u0131l","isPartOf":{"@id":"https:\/\/denizcankizil.tr\/#website"},"datePublished":"2025-01-30T10:41:49+00:00","breadcrumb":{"@id":"https:\/\/denizcankizil.tr\/en\/haberler\/gundem\/bursa-karacabey-belediyesinden-genc-sporculara-kulturel-gezi\/#breadcrumb"},"inLanguage":"en-GB","potentialAction":[{"@type":"ReadAction","target":["https:\/\/denizcankizil.tr\/en\/haberler\/gundem\/bursa-karacabey-belediyesinden-genc-sporculara-kulturel-gezi\/"]}]},{"@type":"BreadcrumbList","@id":"https:\/\/denizcankizil.tr\/en\/haberler\/gundem\/bursa-karacabey-belediyesinden-genc-sporculara-kulturel-gezi\/#breadcrumb","itemListElement":[{"@type":"ListItem","position":1,"name":"Home","item":"https:\/\/denizcankizil.tr\/de\/"},{"@type":"ListItem","position":2,"name":"Bursa Karacabey Belediyesi&#8217;nden gen\u00e7 sporculara k\u00fclt\u00fcrel gezi"}]},{"@type":"WebSite","@id":"https:\/\/denizcankizil.tr\/#website","url":"https:\/\/denizcankizil.tr\/","name":"Av. Deniz Can K\u0131z\u0131l","description":"Avukat Deniz Can K\u0131z\u0131l Antalya Barosu","publisher":{"@id":"https:\/\/denizcankizil.tr\/#organization"},"potentialAction":[{"@type":"SearchAction","target":{"@type":"EntryPoint","urlTemplate":"https:\/\/denizcankizil.tr\/?s={search_term_string}"},"query-input":{"@type":"PropertyValueSpecification","valueRequired":true,"valueName":"search_term_string"}}],"inLanguage":"en-GB"},{"@type":"Organization","@id":"https:\/\/denizcankizil.tr\/#organization","name":"Av. Deniz Can K\u0131z\u0131l","url":"https:\/\/denizcankizil.tr\/","logo":{"@type":"ImageObject","inLanguage":"en-GB","@id":"https:\/\/denizcankizil.tr\/#\/schema\/logo\/image\/","url":"https:\/\/denizcankizil.tr\/wp-content\/uploads\/2024\/10\/siyah-logo-svg.svg","contentUrl":"https:\/\/denizcankizil.tr\/wp-content\/uploads\/2024\/10\/siyah-logo-svg.svg","width":1080,"height":1080,"caption":"Av. Deniz Can K\u0131z\u0131l"},"image":{"@id":"https:\/\/denizcankizil.tr\/#\/schema\/logo\/image\/"}},{"@type":"Person","@id":"https:\/\/denizcankizil.tr\/#\/schema\/person\/be3c05fe6a12686905512445d8185489","name":"admin","image":{"@type":"ImageObject","inLanguage":"en-GB","@id":"https:\/\/denizcankizil.tr\/#\/schema\/person\/image\/","url":"https:\/\/secure.gravatar.com\/avatar\/c1fce94c830dc79107e174f890d7210541c4a63e8e5d816341794a2151c9d58c?s=96&d=mm&r=g","contentUrl":"https:\/\/secure.gravatar.com\/avatar\/c1fce94c830dc79107e174f890d7210541c4a63e8e5d816341794a2151c9d58c?s=96&d=mm&r=g","caption":"admin"},"sameAs":["http:\/\/denizcankizil.tr"],"url":"https:\/\/www.iskenderun.org\/bursa-karacabey-belediyesinden-genc-sporculara-kulturel-gezi"}]}},"_links":{"self":[{"href":"https:\/\/denizcankizil.tr\/en\/wp-json\/wp\/v2\/posts\/28710","targetHints":{"allow":["GET"]}}],"collection":[{"href":"https:\/\/denizcankizil.tr\/en\/wp-json\/wp\/v2\/posts"}],"about":[{"href":"https:\/\/denizcankizil.tr\/en\/wp-json\/wp\/v2\/types\/post"}],"author":[{"embeddable":true,"href":"https:\/\/denizcankizil.tr\/en\/wp-json\/wp\/v2\/users\/1"}],"replies":[{"embeddable":true,"href":"https:\/\/denizcankizil.tr\/en\/wp-json\/wp\/v2\/comments?post=28710"}],"version-history":[{"count":0,"href":"https:\/\/denizcankizil.tr\/en\/wp-json\/wp\/v2\/posts\/28710\/revisions"}],"wp:attachment":[{"href":"https:\/\/denizcankizil.tr\/en\/wp-json\/wp\/v2\/media?parent=28710"}],"wp:term":[{"taxonomy":"category","embeddable":true,"href":"https:\/\/denizcankizil.tr\/en\/wp-json\/wp\/v2\/categories?post=28710"},{"taxonomy":"post_tag","embeddable":true,"href":"https:\/\/denizcankizil.tr\/en\/wp-json\/wp\/v2\/tags?post=28710"}],"curies":[{"name":"wp","href":"https:\/\/api.w.org\/{rel}","templated":true}]}}