{"id":28270,"date":"2025-01-28T22:41:19","date_gmt":"2025-01-28T19:41:19","guid":{"rendered":"https:\/\/denizcankizil.tr\/uncategorized-tr\/dosemealtindan-sonra-bir-chpli-belediyeye-daha-haciz-makam-koltugu-gitti\/"},"modified":"2025-01-28T22:41:19","modified_gmt":"2025-01-28T19:41:19","slug":"dosemealtindan-sonra-bir-chpli-belediyeye-daha-haciz-makam-koltugu-gitti","status":"publish","type":"post","link":"https:\/\/denizcankizil.tr\/en\/haberler\/gundem\/dosemealtindan-sonra-bir-chpli-belediyeye-daha-haciz-makam-koltugu-gitti\/","title":{"rendered":"D\u00f6\u015femealt\u0131&#8217;ndan sonra bir CHP&#8217;li belediyeye daha haciz: Makam koltu\u011fu gitti!"},"content":{"rendered":"<p>Adana Seyhan Belediye Ba\u015fkanl\u0131\u011f\u0131na ge\u00e7ti\u011fimiz d\u00f6nem CHP&#8217;den aday olup kazanan Akif Kemal Akay, son yap\u0131lan se\u00e7imde CHP&#8217;den aday g\u00f6sterilmeyince \u0130Y\u0130 Parti&#8217;ye ge\u00e7mi\u015f ve Seyhan Belediye Ba\u015fkan aday\u0131 olmu\u015ftu. Se\u00e7imlerde ise belediye ba\u015fkanl\u0131\u011f\u0131n\u0131 CHP&#8217;nin aday\u0131 Oya Tekin kazand\u0131. Bug\u00fcn Seyhan Belediyesi&#8217;ne Akay d\u00f6neminde 5 m\u00fcteahhide bor\u00e7lar \u00f6denmedi\u011fi gerek\u00e7esiyle haciz geldi. Haciz g\u00f6revlileri Tekin&#8217;in makam\u0131ndaki masa, sandalye, koltuk tak\u0131m\u0131 ve di\u011fer de\u011ferli e\u015fyalar\u0131 haczetti. Benzer durum Antalya D\u00f6\u015femealt\u0131 Belediyesi&#8217;nde de ya\u015fanm\u0131\u015ft\u0131. D\u00f6\u015femealt\u0131&#8217;n\u0131n eski ba\u015fkan\u0131 Turgay Gen\u00e7 d\u00f6neminden kalma bor\u00e7lar y\u00fcz\u00fcnden g\u00f6reve gelen Menderes Dal&#8217;\u0131n makam koltu\u011fu ve mamas\u0131 haczedilmi\u015fti.\u00a0<\/p>\n<p>BA\u015eKANDAN A\u00c7IKLAMA\u00a0<\/p>\n<p>Yap\u0131lan haciz i\u015flemiyle ilgili yaz\u0131l\u0131 a\u00e7\u0131klamada bulunan Seyhan Belediye Ba\u015fkan\u0131 Oya Tekin, \u201d Bug\u00fcn bas\u0131na yans\u0131yan ve belediyemiz aleyhine ba\u015flat\u0131lan haciz i\u015flemi, maalesef \u00f6nceki d\u00f6nemin mali politikalar\u0131n\u0131n ve ekonomik dalgalanmalar\u0131n etkisiyle a\u011f\u0131rla\u015fan bor\u00e7 y\u00fck\u00fcn\u00fcn bir sonucu olarak kar\u015f\u0131m\u0131za \u00e7\u0131km\u0131\u015ft\u0131r. G\u00f6reve geldi\u011fimizde se\u00e7im b\u00fct\u00e7esi uygulanm\u0131\u015f ve y\u00fcksek bor\u00e7larla devredilmi\u015f bir belediye ile kar\u015f\u0131la\u015ft\u0131k. Belediyemiz, o d\u00f6nem al\u0131nan meclis bor\u00e7lanma yetkileri ile \u00e7ekilen banka kredilerine ra\u011fmen bu kredilerle dahi \u00f6denmeyen bor\u00e7lar\u0131n y\u00fck\u00fc alt\u0131nda b\u0131rak\u0131lm\u0131\u015ft\u0131&#8221; dedi.<\/p>\n<p>ZOR B\u0130R S\u00dcRECE G\u0130RD\u0130K<\/p>\n<p>&#8220;Bu tabloya 1 Mart 2024 tarihinde imzalanan Toplu \u0130\u015f S\u00f6zle\u015fmesi (T\u0130S) ile y\u00fczde 140 oran\u0131nda art\u0131r\u0131lan personel maa\u015flar\u0131, ayn\u0131 oranda y\u00fckselen vergi ve SGK bor\u00e7lar\u0131 da eklenmi\u015ftir. \u00d6nceki d\u00f6nemde bozulan mali disiplin, belediyemizin ekonomik olarak daha da zor bir s\u00fcrece girmesine neden olmu\u015ftur. \u00dcstelik merkezi h\u00fck\u00fcmet taraf\u0131ndan b\u00fct\u00e7eden gelen paylar\u0131m\u0131z\u0131n y\u00fczde 40&#8217;\u0131n\u0131n kaynakta kesilmesi, mevcut durumumuzu daha da a\u011f\u0131rla\u015ft\u0131rm\u0131\u015ft\u0131r\u201d diye konu\u015ftu.\u00a0<\/p>\n<p>HALKIMIZ \u0130\u00c7\u0130N GEREKEN HER ADIMI ATACA\u011eIZ\u00a0<\/p>\n<p>Gelen haciz i\u015flemlerine ra\u011fmen halk i\u00e7in \u00e7al\u0131\u015fmaya devam edeceklerini belirten Tekin, \u201cBu zorlu tabloya ra\u011fmen Seyhanl\u0131 hem\u015fehrilerimizin temel ihtiya\u00e7lar\u0131n\u0131 kar\u015f\u0131lamak ad\u0131na t\u00fcm olanaklar\u0131m\u0131z\u0131 zorlayarak hizmet \u00fcretmeye devam ettik. Piyasa bor\u00e7lar\u0131na ra\u011fmen halk\u0131m\u0131z\u0131n en temel ihtiya\u00e7lar\u0131n\u0131 \u00f6nceleyen bir anlay\u0131\u015fla hareket ettik. Seyhan&#8217;da i\u015f yapan i\u015f insanlar\u0131m\u0131z\u0131n katk\u0131lar\u0131yla Kent Lokantalar\u0131 a\u00e7arak, dar gelirli yurtta\u015flar\u0131m\u0131z i\u00e7in uygun fiyatl\u0131, kaliteli yemekler sunmay\u0131 ba\u015fard\u0131k. Parklar\u0131m\u0131z\u0131n bak\u0131m\u0131 i\u00e7in y\u00fcksek b\u00fct\u00e7eli ihaleler yapmaktansa, sosyal sorumluluk projesi kapsam\u0131nda kad\u0131nlar\u0131m\u0131z\u0131n \u00e7al\u0131\u015fmas\u0131n\u0131 sa\u011flayarak hem istihdam olu\u015fturduk hem de mali tasarruf sa\u011flad\u0131k.&#8221;<\/p>\n<p>HALKTAN SABIR VE DESTEK BEKL\u0130YORUZ<\/p>\n<p>&#8220;T\u00fcm bu \u00e7abalar\u0131m\u0131za ra\u011fmen ge\u00e7mi\u015ften devrald\u0131\u011f\u0131m\u0131z mali y\u00fck, piyasaya olan bor\u00e7lar\u0131m\u0131z\u0131n \u00f6denmesinde aksamalara neden olmu\u015ftur. Ancak bu durum kar\u015f\u0131s\u0131nda Seyhan Belediyesi olarak g\u00fc\u00e7l\u00fc bir irade ve kararl\u0131l\u0131kla \u00e7al\u0131\u015fmaya devam ediyoruz. \u00d6nceli\u011fimiz, \u015feffaf ve \u00e7\u00f6z\u00fcm odakl\u0131 bir \u015fekilde bor\u00e7lar\u0131m\u0131z\u0131 \u00f6demek ve mali disiplini yeniden sa\u011flamak olacakt\u0131r. Seyhanl\u0131 hem\u015fehrilerimizin bu s\u00fcre\u00e7teki sabr\u0131 ve deste\u011fi en b\u00fcy\u00fck g\u00fcc\u00fcm\u00fczd\u00fcr. Bu zor g\u00fcnlerin \u00fcstesinden hep birlikte gelece\u011fimize olan inanc\u0131m\u0131z tamd\u0131r. Belediyemiz, halk\u0131m\u0131z\u0131n refah\u0131 i\u00e7in gereken her ad\u0131m\u0131 atmaya devam edecektir\u201d dedi. \u00a0<\/p>\n<p>\u00a0 \u00a0 \u00a0 \u00a0 \u00a0 \u00a0 \u00a0 \u00a0 \u00a0 \u00a0 \u00a0 \u00a0 \u00a0 \u00a0 \u00a0 \u00a0 \u00a0 \u00a0 \u00a0<br \/>\n\u00a0<\/p>\n<p>\u200bAntalya D\u00f6\u015femealt\u0131 Belediyesi&#8217;nden sonra bir CHP&#8217;li belediyeye daha \u00f6nceki ba\u015fkandan kalma bor\u00e7lar\u0131 y\u00fcz\u00fcnden haciz i\u015flemi uyguland\u0131. Haciz memurlar\u0131, D\u00f6\u015femealt\u0131&#8217;nda oldu\u011fu gibi o belediyede de makam koltu\u011funu ve masas\u0131n\u0131 haczetti. \u0130\u015fte ayr\u0131nt\u0131lar&#8230;\u00a0<\/p>\n<p>\u200bHaberin Al\u0131nt\u0131land\u0131\u011f\u0131 Kaynak: www.antalyakorfez.com<\/p>","protected":false},"excerpt":{"rendered":"<p>Adana Seyhan Belediye Ba\u015fkanl\u0131\u011f\u0131na ge\u00e7ti\u011fimiz d\u00f6nem CHP&#8217;den aday olup kazanan Akif Kemal Akay, son yap\u0131lan se\u00e7imde CHP&#8217;den aday g\u00f6sterilmeyince \u0130Y\u0130 Parti&#8217;ye ge\u00e7mi\u015f ve Seyhan Belediye Ba\u015fkan aday\u0131 olmu\u015ftu. Se\u00e7imlerde ise belediye ba\u015fkanl\u0131\u011f\u0131n\u0131 CHP&#8217;nin aday\u0131 Oya Tekin kazand\u0131. Bug\u00fcn Seyhan Belediyesi&#8217;ne Akay d\u00f6neminde 5 m\u00fcteahhide bor\u00e7lar \u00f6denmedi\u011fi gerek\u00e7esiyle haciz geldi. Haciz g\u00f6revlileri Tekin&#8217;in makam\u0131ndaki masa, sandalye, koltuk tak\u0131m\u0131 ve di\u011fer de\u011ferli e\u015fyalar\u0131 haczetti. Benzer durum Antalya D\u00f6\u015femealt\u0131 Belediyesi&#8217;nde de ya\u015fanm\u0131\u015ft\u0131. D\u00f6\u015femealt\u0131&#8217;n\u0131n eski ba\u015fkan\u0131 Turgay Gen\u00e7 d\u00f6neminden kalma bor\u00e7lar y\u00fcz\u00fcnden g\u00f6reve gelen Menderes Dal&#8217;\u0131n makam koltu\u011fu ve mamas\u0131 haczedilmi\u015fti.\u00a0 BA\u015eKANDAN A\u00c7IKLAMA\u00a0 Yap\u0131lan haciz i\u015flemiyle ilgili yaz\u0131l\u0131 a\u00e7\u0131klamada bulunan Seyhan Belediye Ba\u015fkan\u0131 Oya Tekin, \u201d Bug\u00fcn bas\u0131na yans\u0131yan ve belediyemiz aleyhine ba\u015flat\u0131lan haciz i\u015flemi, maalesef \u00f6nceki d\u00f6nemin mali politikalar\u0131n\u0131n ve ekonomik dalgalanmalar\u0131n etkisiyle a\u011f\u0131rla\u015fan bor\u00e7 y\u00fck\u00fcn\u00fcn bir sonucu olarak kar\u015f\u0131m\u0131za \u00e7\u0131km\u0131\u015ft\u0131r. G\u00f6reve geldi\u011fimizde se\u00e7im b\u00fct\u00e7esi uygulanm\u0131\u015f ve y\u00fcksek bor\u00e7larla devredilmi\u015f bir belediye ile kar\u015f\u0131la\u015ft\u0131k. Belediyemiz, o d\u00f6nem al\u0131nan meclis bor\u00e7lanma yetkileri ile \u00e7ekilen banka kredilerine ra\u011fmen bu kredilerle dahi \u00f6denmeyen bor\u00e7lar\u0131n y\u00fck\u00fc alt\u0131nda b\u0131rak\u0131lm\u0131\u015ft\u0131&#8221; dedi. ZOR B\u0130R S\u00dcRECE G\u0130RD\u0130K &#8220;Bu tabloya 1 Mart 2024 tarihinde imzalanan Toplu \u0130\u015f S\u00f6zle\u015fmesi (T\u0130S) ile y\u00fczde 140 oran\u0131nda art\u0131r\u0131lan personel maa\u015flar\u0131, ayn\u0131 oranda y\u00fckselen vergi ve SGK bor\u00e7lar\u0131 da eklenmi\u015ftir. \u00d6nceki d\u00f6nemde bozulan mali disiplin, belediyemizin ekonomik &hellip;<\/p>","protected":false},"author":5,"featured_media":0,"comment_status":"open","ping_status":"open","sticky":false,"template":"","format":"standard","meta":{"_acf_changed":false,"footnotes":""},"categories":[24],"tags":[],"class_list":["post-28270","post","type-post","status-publish","format-standard","has-post-thumbnail","hentry","category-gundem"],"acf":[],"yoast_head":"<!-- This site is optimized with the Yoast SEO Premium plugin v26.6 (Yoast SEO v27.1.1) - https:\/\/yoast.com\/product\/yoast-seo-premium-wordpress\/ -->\n<title>D\u00f6\u015femealt\u0131&#039;ndan sonra bir CHP&#039;li belediyeye daha haciz: Makam koltu\u011fu gitti! - Av. Deniz Can K\u0131z\u0131l<\/title>\n<meta name=\"robots\" content=\"index, follow, max-snippet:-1, max-image-preview:large, max-video-preview:-1\" \/>\n<link rel=\"canonical\" href=\"https:\/\/denizcankizil.tr\/en\/haberler\/gundem\/dosemealtindan-sonra-bir-chpli-belediyeye-daha-haciz-makam-koltugu-gitti\/\" \/>\n<meta property=\"og:locale\" content=\"en_GB\" \/>\n<meta property=\"og:type\" content=\"article\" \/>\n<meta property=\"og:title\" content=\"D\u00f6\u015femealt\u0131&#039;ndan sonra bir CHP&#039;li belediyeye daha haciz: Makam koltu\u011fu gitti!\" \/>\n<meta property=\"og:description\" content=\"Adana Seyhan Belediye Ba\u015fkanl\u0131\u011f\u0131na ge\u00e7ti\u011fimiz d\u00f6nem CHP&#8217;den aday olup kazanan Akif Kemal Akay, son yap\u0131lan se\u00e7imde CHP&#8217;den aday g\u00f6sterilmeyince \u0130Y\u0130 Parti&#8217;ye ge\u00e7mi\u015f ve Seyhan Belediye Ba\u015fkan aday\u0131 olmu\u015ftu. Se\u00e7imlerde ise belediye ba\u015fkanl\u0131\u011f\u0131n\u0131 CHP&#8217;nin aday\u0131 Oya Tekin kazand\u0131. Bug\u00fcn Seyhan Belediyesi&#8217;ne Akay d\u00f6neminde 5 m\u00fcteahhide bor\u00e7lar \u00f6denmedi\u011fi gerek\u00e7esiyle haciz geldi. Haciz g\u00f6revlileri Tekin&#8217;in makam\u0131ndaki masa, sandalye, koltuk tak\u0131m\u0131 ve di\u011fer de\u011ferli e\u015fyalar\u0131 haczetti. Benzer durum Antalya D\u00f6\u015femealt\u0131 Belediyesi&#8217;nde de ya\u015fanm\u0131\u015ft\u0131. D\u00f6\u015femealt\u0131&#8217;n\u0131n eski ba\u015fkan\u0131 Turgay Gen\u00e7 d\u00f6neminden kalma bor\u00e7lar y\u00fcz\u00fcnden g\u00f6reve gelen Menderes Dal&#8217;\u0131n makam koltu\u011fu ve mamas\u0131 haczedilmi\u015fti.\u00a0 BA\u015eKANDAN A\u00c7IKLAMA\u00a0 Yap\u0131lan haciz i\u015flemiyle ilgili yaz\u0131l\u0131 a\u00e7\u0131klamada bulunan Seyhan Belediye Ba\u015fkan\u0131 Oya Tekin, \u201d Bug\u00fcn bas\u0131na yans\u0131yan ve belediyemiz aleyhine ba\u015flat\u0131lan haciz i\u015flemi, maalesef \u00f6nceki d\u00f6nemin mali politikalar\u0131n\u0131n ve ekonomik dalgalanmalar\u0131n etkisiyle a\u011f\u0131rla\u015fan bor\u00e7 y\u00fck\u00fcn\u00fcn bir sonucu olarak kar\u015f\u0131m\u0131za \u00e7\u0131km\u0131\u015ft\u0131r. G\u00f6reve geldi\u011fimizde se\u00e7im b\u00fct\u00e7esi uygulanm\u0131\u015f ve y\u00fcksek bor\u00e7larla devredilmi\u015f bir belediye ile kar\u015f\u0131la\u015ft\u0131k. Belediyemiz, o d\u00f6nem al\u0131nan meclis bor\u00e7lanma yetkileri ile \u00e7ekilen banka kredilerine ra\u011fmen bu kredilerle dahi \u00f6denmeyen bor\u00e7lar\u0131n y\u00fck\u00fc alt\u0131nda b\u0131rak\u0131lm\u0131\u015ft\u0131&#8221; dedi. ZOR B\u0130R S\u00dcRECE G\u0130RD\u0130K &#8220;Bu tabloya 1 Mart 2024 tarihinde imzalanan Toplu \u0130\u015f S\u00f6zle\u015fmesi (T\u0130S) ile y\u00fczde 140 oran\u0131nda art\u0131r\u0131lan personel maa\u015flar\u0131, ayn\u0131 oranda y\u00fckselen vergi ve SGK bor\u00e7lar\u0131 da eklenmi\u015ftir. \u00d6nceki d\u00f6nemde bozulan mali disiplin, belediyemizin ekonomik &hellip;\" \/>\n<meta property=\"og:url\" content=\"https:\/\/denizcankizil.tr\/en\/haberler\/gundem\/dosemealtindan-sonra-bir-chpli-belediyeye-daha-haciz-makam-koltugu-gitti\/\" \/>\n<meta property=\"og:site_name\" content=\"Av. Deniz Can K\u0131z\u0131l\" \/>\n<meta property=\"article:published_time\" content=\"2025-01-28T19:41:19+00:00\" \/>\n<meta name=\"author\" content=\"Antalya K\u00f6rfez\" \/>\n<meta name=\"twitter:card\" content=\"summary_large_image\" \/>\n<meta name=\"twitter:label1\" content=\"Written by\" \/>\n\t<meta name=\"twitter:data1\" content=\"Antalya K\u00f6rfez\" \/>\n\t<meta name=\"twitter:label2\" content=\"Estimated reading time\" \/>\n\t<meta name=\"twitter:data2\" content=\"3 minutes\" \/>\n<script type=\"application\/ld+json\" class=\"yoast-schema-graph\">{\"@context\":\"https:\/\/schema.org\",\"@graph\":[{\"@type\":\"Article\",\"@id\":\"https:\/\/denizcankizil.tr\/en\/haberler\/gundem\/dosemealtindan-sonra-bir-chpli-belediyeye-daha-haciz-makam-koltugu-gitti\/#article\",\"isPartOf\":{\"@id\":\"https:\/\/denizcankizil.tr\/en\/haberler\/gundem\/dosemealtindan-sonra-bir-chpli-belediyeye-daha-haciz-makam-koltugu-gitti\/\"},\"author\":{\"name\":\"Antalya K\u00f6rfez\",\"@id\":\"https:\/\/denizcankizil.tr\/#\/schema\/person\/e1eb71bb4dd684d46563f0af307e1234\"},\"headline\":\"D\u00f6\u015femealt\u0131&#8217;ndan sonra bir CHP&#8217;li belediyeye daha haciz: Makam koltu\u011fu gitti!\",\"datePublished\":\"2025-01-28T19:41:19+00:00\",\"mainEntityOfPage\":{\"@id\":\"https:\/\/denizcankizil.tr\/en\/haberler\/gundem\/dosemealtindan-sonra-bir-chpli-belediyeye-daha-haciz-makam-koltugu-gitti\/\"},\"wordCount\":689,\"commentCount\":0,\"publisher\":{\"@id\":\"https:\/\/denizcankizil.tr\/#organization\"},\"articleSection\":[\"G\u00fcndem\"],\"inLanguage\":\"en-GB\",\"potentialAction\":[{\"@type\":\"CommentAction\",\"name\":\"Comment\",\"target\":[\"https:\/\/denizcankizil.tr\/en\/haberler\/gundem\/dosemealtindan-sonra-bir-chpli-belediyeye-daha-haciz-makam-koltugu-gitti\/#respond\"]}]},{\"@type\":\"WebPage\",\"@id\":\"https:\/\/denizcankizil.tr\/en\/haberler\/gundem\/dosemealtindan-sonra-bir-chpli-belediyeye-daha-haciz-makam-koltugu-gitti\/\",\"url\":\"https:\/\/denizcankizil.tr\/en\/haberler\/gundem\/dosemealtindan-sonra-bir-chpli-belediyeye-daha-haciz-makam-koltugu-gitti\/\",\"name\":\"D\u00f6\u015femealt\u0131'ndan sonra bir CHP'li belediyeye daha haciz: Makam koltu\u011fu gitti! - Av. Deniz Can K\u0131z\u0131l\",\"isPartOf\":{\"@id\":\"https:\/\/denizcankizil.tr\/#website\"},\"datePublished\":\"2025-01-28T19:41:19+00:00\",\"breadcrumb\":{\"@id\":\"https:\/\/denizcankizil.tr\/en\/haberler\/gundem\/dosemealtindan-sonra-bir-chpli-belediyeye-daha-haciz-makam-koltugu-gitti\/#breadcrumb\"},\"inLanguage\":\"en-GB\",\"potentialAction\":[{\"@type\":\"ReadAction\",\"target\":[\"https:\/\/denizcankizil.tr\/en\/haberler\/gundem\/dosemealtindan-sonra-bir-chpli-belediyeye-daha-haciz-makam-koltugu-gitti\/\"]}]},{\"@type\":\"BreadcrumbList\",\"@id\":\"https:\/\/denizcankizil.tr\/en\/haberler\/gundem\/dosemealtindan-sonra-bir-chpli-belediyeye-daha-haciz-makam-koltugu-gitti\/#breadcrumb\",\"itemListElement\":[{\"@type\":\"ListItem\",\"position\":1,\"name\":\"Home\",\"item\":\"https:\/\/denizcankizil.tr\/de\/\"},{\"@type\":\"ListItem\",\"position\":2,\"name\":\"D\u00f6\u015femealt\u0131&#8217;ndan sonra bir CHP&#8217;li belediyeye daha haciz: Makam koltu\u011fu gitti!\"}]},{\"@type\":\"WebSite\",\"@id\":\"https:\/\/denizcankizil.tr\/#website\",\"url\":\"https:\/\/denizcankizil.tr\/\",\"name\":\"Av. Deniz Can K\u0131z\u0131l\",\"description\":\"Avukat Deniz Can K\u0131z\u0131l Antalya Barosu\",\"publisher\":{\"@id\":\"https:\/\/denizcankizil.tr\/#organization\"},\"potentialAction\":[{\"@type\":\"SearchAction\",\"target\":{\"@type\":\"EntryPoint\",\"urlTemplate\":\"https:\/\/denizcankizil.tr\/?s={search_term_string}\"},\"query-input\":{\"@type\":\"PropertyValueSpecification\",\"valueRequired\":true,\"valueName\":\"search_term_string\"}}],\"inLanguage\":\"en-GB\"},{\"@type\":\"Organization\",\"@id\":\"https:\/\/denizcankizil.tr\/#organization\",\"name\":\"Av. Deniz Can K\u0131z\u0131l\",\"url\":\"https:\/\/denizcankizil.tr\/\",\"logo\":{\"@type\":\"ImageObject\",\"inLanguage\":\"en-GB\",\"@id\":\"https:\/\/denizcankizil.tr\/#\/schema\/logo\/image\/\",\"url\":\"https:\/\/denizcankizil.tr\/wp-content\/uploads\/2024\/10\/siyah-logo-svg.svg\",\"contentUrl\":\"https:\/\/denizcankizil.tr\/wp-content\/uploads\/2024\/10\/siyah-logo-svg.svg\",\"width\":1080,\"height\":1080,\"caption\":\"Av. Deniz Can K\u0131z\u0131l\"},\"image\":{\"@id\":\"https:\/\/denizcankizil.tr\/#\/schema\/logo\/image\/\"}},{\"@type\":\"Person\",\"@id\":\"https:\/\/denizcankizil.tr\/#\/schema\/person\/e1eb71bb4dd684d46563f0af307e1234\",\"name\":\"Antalya K\u00f6rfez\",\"image\":{\"@type\":\"ImageObject\",\"inLanguage\":\"en-GB\",\"@id\":\"https:\/\/denizcankizil.tr\/#\/schema\/person\/image\/\",\"url\":\"https:\/\/secure.gravatar.com\/avatar\/42b01982558a48a0b501fdcab6a408d3717ea5919095ee2e67b0e521799c5905?s=96&d=mm&r=g\",\"contentUrl\":\"https:\/\/secure.gravatar.com\/avatar\/42b01982558a48a0b501fdcab6a408d3717ea5919095ee2e67b0e521799c5905?s=96&d=mm&r=g\",\"caption\":\"Antalya K\u00f6rfez\"},\"sameAs\":[\"http:\/\/www.antalyakorfez.com\"],\"url\":\"https:\/\/www.antalyakorfez.com\/chpli-belediyeye-onceki-donemdeki-borclarindan-dolayi-haciz-geldi\"}]}<\/script>\n<!-- \/ Yoast SEO Premium plugin. -->","yoast_head_json":{"title":"D\u00f6\u015femealt\u0131'ndan sonra bir CHP'li belediyeye daha haciz: Makam koltu\u011fu gitti! - Av. Deniz Can K\u0131z\u0131l","robots":{"index":"index","follow":"follow","max-snippet":"max-snippet:-1","max-image-preview":"max-image-preview:large","max-video-preview":"max-video-preview:-1"},"canonical":"https:\/\/denizcankizil.tr\/en\/haberler\/gundem\/dosemealtindan-sonra-bir-chpli-belediyeye-daha-haciz-makam-koltugu-gitti\/","og_locale":"en_GB","og_type":"article","og_title":"D\u00f6\u015femealt\u0131'ndan sonra bir CHP'li belediyeye daha haciz: Makam koltu\u011fu gitti!","og_description":"Adana Seyhan Belediye Ba\u015fkanl\u0131\u011f\u0131na ge\u00e7ti\u011fimiz d\u00f6nem CHP&#8217;den aday olup kazanan Akif Kemal Akay, son yap\u0131lan se\u00e7imde CHP&#8217;den aday g\u00f6sterilmeyince \u0130Y\u0130 Parti&#8217;ye ge\u00e7mi\u015f ve Seyhan Belediye Ba\u015fkan aday\u0131 olmu\u015ftu. Se\u00e7imlerde ise belediye ba\u015fkanl\u0131\u011f\u0131n\u0131 CHP&#8217;nin aday\u0131 Oya Tekin kazand\u0131. Bug\u00fcn Seyhan Belediyesi&#8217;ne Akay d\u00f6neminde 5 m\u00fcteahhide bor\u00e7lar \u00f6denmedi\u011fi gerek\u00e7esiyle haciz geldi. Haciz g\u00f6revlileri Tekin&#8217;in makam\u0131ndaki masa, sandalye, koltuk tak\u0131m\u0131 ve di\u011fer de\u011ferli e\u015fyalar\u0131 haczetti. Benzer durum Antalya D\u00f6\u015femealt\u0131 Belediyesi&#8217;nde de ya\u015fanm\u0131\u015ft\u0131. D\u00f6\u015femealt\u0131&#8217;n\u0131n eski ba\u015fkan\u0131 Turgay Gen\u00e7 d\u00f6neminden kalma bor\u00e7lar y\u00fcz\u00fcnden g\u00f6reve gelen Menderes Dal&#8217;\u0131n makam koltu\u011fu ve mamas\u0131 haczedilmi\u015fti.\u00a0 BA\u015eKANDAN A\u00c7IKLAMA\u00a0 Yap\u0131lan haciz i\u015flemiyle ilgili yaz\u0131l\u0131 a\u00e7\u0131klamada bulunan Seyhan Belediye Ba\u015fkan\u0131 Oya Tekin, \u201d Bug\u00fcn bas\u0131na yans\u0131yan ve belediyemiz aleyhine ba\u015flat\u0131lan haciz i\u015flemi, maalesef \u00f6nceki d\u00f6nemin mali politikalar\u0131n\u0131n ve ekonomik dalgalanmalar\u0131n etkisiyle a\u011f\u0131rla\u015fan bor\u00e7 y\u00fck\u00fcn\u00fcn bir sonucu olarak kar\u015f\u0131m\u0131za \u00e7\u0131km\u0131\u015ft\u0131r. G\u00f6reve geldi\u011fimizde se\u00e7im b\u00fct\u00e7esi uygulanm\u0131\u015f ve y\u00fcksek bor\u00e7larla devredilmi\u015f bir belediye ile kar\u015f\u0131la\u015ft\u0131k. Belediyemiz, o d\u00f6nem al\u0131nan meclis bor\u00e7lanma yetkileri ile \u00e7ekilen banka kredilerine ra\u011fmen bu kredilerle dahi \u00f6denmeyen bor\u00e7lar\u0131n y\u00fck\u00fc alt\u0131nda b\u0131rak\u0131lm\u0131\u015ft\u0131&#8221; dedi. ZOR B\u0130R S\u00dcRECE G\u0130RD\u0130K &#8220;Bu tabloya 1 Mart 2024 tarihinde imzalanan Toplu \u0130\u015f S\u00f6zle\u015fmesi (T\u0130S) ile y\u00fczde 140 oran\u0131nda art\u0131r\u0131lan personel maa\u015flar\u0131, ayn\u0131 oranda y\u00fckselen vergi ve SGK bor\u00e7lar\u0131 da eklenmi\u015ftir. \u00d6nceki d\u00f6nemde bozulan mali disiplin, belediyemizin ekonomik &hellip;","og_url":"https:\/\/denizcankizil.tr\/en\/haberler\/gundem\/dosemealtindan-sonra-bir-chpli-belediyeye-daha-haciz-makam-koltugu-gitti\/","og_site_name":"Av. Deniz Can K\u0131z\u0131l","article_published_time":"2025-01-28T19:41:19+00:00","author":"Antalya K\u00f6rfez","twitter_card":"summary_large_image","twitter_misc":{"Written by":"Antalya K\u00f6rfez","Estimated reading time":"3 minutes"},"schema":{"@context":"https:\/\/schema.org","@graph":[{"@type":"Article","@id":"https:\/\/denizcankizil.tr\/en\/haberler\/gundem\/dosemealtindan-sonra-bir-chpli-belediyeye-daha-haciz-makam-koltugu-gitti\/#article","isPartOf":{"@id":"https:\/\/denizcankizil.tr\/en\/haberler\/gundem\/dosemealtindan-sonra-bir-chpli-belediyeye-daha-haciz-makam-koltugu-gitti\/"},"author":{"name":"Antalya K\u00f6rfez","@id":"https:\/\/denizcankizil.tr\/#\/schema\/person\/e1eb71bb4dd684d46563f0af307e1234"},"headline":"D\u00f6\u015femealt\u0131&#8217;ndan sonra bir CHP&#8217;li belediyeye daha haciz: Makam koltu\u011fu gitti!","datePublished":"2025-01-28T19:41:19+00:00","mainEntityOfPage":{"@id":"https:\/\/denizcankizil.tr\/en\/haberler\/gundem\/dosemealtindan-sonra-bir-chpli-belediyeye-daha-haciz-makam-koltugu-gitti\/"},"wordCount":689,"commentCount":0,"publisher":{"@id":"https:\/\/denizcankizil.tr\/#organization"},"articleSection":["G\u00fcndem"],"inLanguage":"en-GB","potentialAction":[{"@type":"CommentAction","name":"Comment","target":["https:\/\/denizcankizil.tr\/en\/haberler\/gundem\/dosemealtindan-sonra-bir-chpli-belediyeye-daha-haciz-makam-koltugu-gitti\/#respond"]}]},{"@type":"WebPage","@id":"https:\/\/denizcankizil.tr\/en\/haberler\/gundem\/dosemealtindan-sonra-bir-chpli-belediyeye-daha-haciz-makam-koltugu-gitti\/","url":"https:\/\/denizcankizil.tr\/en\/haberler\/gundem\/dosemealtindan-sonra-bir-chpli-belediyeye-daha-haciz-makam-koltugu-gitti\/","name":"D\u00f6\u015femealt\u0131'ndan sonra bir CHP'li belediyeye daha haciz: Makam koltu\u011fu gitti! - Av. Deniz Can K\u0131z\u0131l","isPartOf":{"@id":"https:\/\/denizcankizil.tr\/#website"},"datePublished":"2025-01-28T19:41:19+00:00","breadcrumb":{"@id":"https:\/\/denizcankizil.tr\/en\/haberler\/gundem\/dosemealtindan-sonra-bir-chpli-belediyeye-daha-haciz-makam-koltugu-gitti\/#breadcrumb"},"inLanguage":"en-GB","potentialAction":[{"@type":"ReadAction","target":["https:\/\/denizcankizil.tr\/en\/haberler\/gundem\/dosemealtindan-sonra-bir-chpli-belediyeye-daha-haciz-makam-koltugu-gitti\/"]}]},{"@type":"BreadcrumbList","@id":"https:\/\/denizcankizil.tr\/en\/haberler\/gundem\/dosemealtindan-sonra-bir-chpli-belediyeye-daha-haciz-makam-koltugu-gitti\/#breadcrumb","itemListElement":[{"@type":"ListItem","position":1,"name":"Home","item":"https:\/\/denizcankizil.tr\/de\/"},{"@type":"ListItem","position":2,"name":"D\u00f6\u015femealt\u0131&#8217;ndan sonra bir CHP&#8217;li belediyeye daha haciz: Makam koltu\u011fu gitti!"}]},{"@type":"WebSite","@id":"https:\/\/denizcankizil.tr\/#website","url":"https:\/\/denizcankizil.tr\/","name":"Av. Deniz Can K\u0131z\u0131l","description":"Avukat Deniz Can K\u0131z\u0131l Antalya Barosu","publisher":{"@id":"https:\/\/denizcankizil.tr\/#organization"},"potentialAction":[{"@type":"SearchAction","target":{"@type":"EntryPoint","urlTemplate":"https:\/\/denizcankizil.tr\/?s={search_term_string}"},"query-input":{"@type":"PropertyValueSpecification","valueRequired":true,"valueName":"search_term_string"}}],"inLanguage":"en-GB"},{"@type":"Organization","@id":"https:\/\/denizcankizil.tr\/#organization","name":"Av. Deniz Can K\u0131z\u0131l","url":"https:\/\/denizcankizil.tr\/","logo":{"@type":"ImageObject","inLanguage":"en-GB","@id":"https:\/\/denizcankizil.tr\/#\/schema\/logo\/image\/","url":"https:\/\/denizcankizil.tr\/wp-content\/uploads\/2024\/10\/siyah-logo-svg.svg","contentUrl":"https:\/\/denizcankizil.tr\/wp-content\/uploads\/2024\/10\/siyah-logo-svg.svg","width":1080,"height":1080,"caption":"Av. Deniz Can K\u0131z\u0131l"},"image":{"@id":"https:\/\/denizcankizil.tr\/#\/schema\/logo\/image\/"}},{"@type":"Person","@id":"https:\/\/denizcankizil.tr\/#\/schema\/person\/e1eb71bb4dd684d46563f0af307e1234","name":"Antalya K\u00f6rfez","image":{"@type":"ImageObject","inLanguage":"en-GB","@id":"https:\/\/denizcankizil.tr\/#\/schema\/person\/image\/","url":"https:\/\/secure.gravatar.com\/avatar\/42b01982558a48a0b501fdcab6a408d3717ea5919095ee2e67b0e521799c5905?s=96&d=mm&r=g","contentUrl":"https:\/\/secure.gravatar.com\/avatar\/42b01982558a48a0b501fdcab6a408d3717ea5919095ee2e67b0e521799c5905?s=96&d=mm&r=g","caption":"Antalya K\u00f6rfez"},"sameAs":["http:\/\/www.antalyakorfez.com"],"url":"https:\/\/www.antalyakorfez.com\/chpli-belediyeye-onceki-donemdeki-borclarindan-dolayi-haciz-geldi"}]}},"_links":{"self":[{"href":"https:\/\/denizcankizil.tr\/en\/wp-json\/wp\/v2\/posts\/28270","targetHints":{"allow":["GET"]}}],"collection":[{"href":"https:\/\/denizcankizil.tr\/en\/wp-json\/wp\/v2\/posts"}],"about":[{"href":"https:\/\/denizcankizil.tr\/en\/wp-json\/wp\/v2\/types\/post"}],"author":[{"embeddable":true,"href":"https:\/\/denizcankizil.tr\/en\/wp-json\/wp\/v2\/users\/5"}],"replies":[{"embeddable":true,"href":"https:\/\/denizcankizil.tr\/en\/wp-json\/wp\/v2\/comments?post=28270"}],"version-history":[{"count":0,"href":"https:\/\/denizcankizil.tr\/en\/wp-json\/wp\/v2\/posts\/28270\/revisions"}],"wp:attachment":[{"href":"https:\/\/denizcankizil.tr\/en\/wp-json\/wp\/v2\/media?parent=28270"}],"wp:term":[{"taxonomy":"category","embeddable":true,"href":"https:\/\/denizcankizil.tr\/en\/wp-json\/wp\/v2\/categories?post=28270"},{"taxonomy":"post_tag","embeddable":true,"href":"https:\/\/denizcankizil.tr\/en\/wp-json\/wp\/v2\/tags?post=28270"}],"curies":[{"name":"wp","href":"https:\/\/api.w.org\/{rel}","templated":true}]}}