{"id":28156,"date":"2025-01-28T14:41:25","date_gmt":"2025-01-28T11:41:25","guid":{"rendered":"https:\/\/denizcankizil.tr\/uncategorized-tr\/alkollu-kisi-falezlerden-dustu\/"},"modified":"2025-01-28T14:41:25","modified_gmt":"2025-01-28T11:41:25","slug":"alkollu-kisi-falezlerden-dustu","status":"publish","type":"post","link":"https:\/\/denizcankizil.tr\/en\/haberler\/antalya\/alkollu-kisi-falezlerden-dustu\/","title":{"rendered":"Alkoll\u00fc ki\u015fi falezlerden d\u00fc\u015ft\u00fc"},"content":{"rendered":"<p>Olay, saat 12.00 s\u0131ralar\u0131nda Antalya\u2019n\u0131n Muratpa\u015fa il\u00e7esi Konyaalt\u0131 Caddesi \u00fczerinde bulunan Yavuz \u00d6zcan Park\u0131\u2019nda meydana geldi. 112 Acil \u00c7a\u011fr\u0131 Merkezi\u2019ne bir ki\u015finin kayal\u0131klardan d\u00fc\u015ft\u00fc\u011f\u00fc ve mahsur kald\u0131\u011f\u0131 ihbar\u0131 \u00fczerine verilen adrese itfaiye, polis ve sa\u011fl\u0131k ekipleri sevk edildi. K\u0131sa s\u00fcrede olay yerine gelen polis ekipleri park\u0131n giri\u015fe yasak olan kayal\u0131k b\u00f6l\u00fcm\u00fcnde bir ki\u015finin yatt\u0131\u011f\u0131n\u0131 g\u00f6rd\u00fc. Yakla\u015f\u0131k 3 metrelik patika alandan yuvarland\u0131\u011f\u0131 anla\u015f\u0131lan ve vatanda\u015flar\u0131n yard\u0131m\u0131yla bulundu\u011fu yerden \u00e7\u0131kart\u0131l\u0131p, isminin Muharrem E. (67) oldu\u011fu \u00f6\u011frenilen ya\u015fl\u0131 adama ilk m\u00fcdahale, motorize 112 ekibi taraf\u0131ndan yap\u0131ld\u0131.<\/p>\n<p>Vatanda\u015flar\u0131n yard\u0131m\u0131yla \u00e7\u0131kart\u0131ld\u0131<br \/>\nSa\u011fl\u0131k g\u00f6revlisinin kendisine sordu\u011fu sorulara tepki g\u00f6steren ya\u015fl\u0131 adam \u201cSen de her \u015feye kar\u0131\u015f\u0131yorsun\u201d dedi. \u015eahs\u0131n ka\u00e7ak alkol kullanm\u0131\u015f olabilece\u011fi ihtimali \u00fczerine nereden ald\u0131\u011f\u0131n\u0131n sorulmas\u0131 \u00fczerine Muharrem E. g\u00f6revlilere, \u201cBenim ka\u00e7akla i\u015fim olmaz\u201d cevab\u0131n\u0131 verdi. Alkoll\u00fc oldu\u011fu g\u00f6r\u00fclen Muharrem E. ilk m\u00fcdahalesinin ard\u0131ndan ambulansla kontrol ama\u00e7l\u0131 hastaneye kald\u0131r\u0131ld\u0131. Ya\u015fl\u0131 adam\u0131 bulundu\u011fu yerden \u00e7\u0131kartan vatanda\u015flardan Samet Tapucu, \u201cDeniz polisi a\u015fa\u011f\u0131dan ba\u011f\u0131r\u0131yordu \u2018atlama\u2019 diye. Ben de a\u015fa\u011f\u0131ya sessizce indim, tuttum. Kolluk kuvvetleri geldi. D\u00fc\u015fm\u00fc\u015f ama atacakt\u0131 kendisini\u201d dedi.<\/p>\n<p>Kaynak: www.kanalv.com.tr Haber Sitesinden Al\u0131nm\u0131\u015ft\u0131r.<\/p>","protected":false},"excerpt":{"rendered":"<p>Olay, saat 12.00 s\u0131ralar\u0131nda Antalya\u2019n\u0131n Muratpa\u015fa il\u00e7esi Konyaalt\u0131 Caddesi \u00fczerinde bulunan Yavuz \u00d6zcan Park\u0131\u2019nda meydana geldi. 112 Acil \u00c7a\u011fr\u0131 Merkezi\u2019ne bir ki\u015finin kayal\u0131klardan d\u00fc\u015ft\u00fc\u011f\u00fc ve mahsur kald\u0131\u011f\u0131 ihbar\u0131 \u00fczerine verilen adrese itfaiye, polis ve sa\u011fl\u0131k ekipleri sevk edildi. K\u0131sa s\u00fcrede olay yerine gelen polis ekipleri park\u0131n giri\u015fe yasak olan kayal\u0131k b\u00f6l\u00fcm\u00fcnde bir ki\u015finin yatt\u0131\u011f\u0131n\u0131 g\u00f6rd\u00fc. Yakla\u015f\u0131k 3 metrelik patika alandan yuvarland\u0131\u011f\u0131 anla\u015f\u0131lan ve vatanda\u015flar\u0131n yard\u0131m\u0131yla bulundu\u011fu yerden \u00e7\u0131kart\u0131l\u0131p, isminin Muharrem E. (67) oldu\u011fu \u00f6\u011frenilen ya\u015fl\u0131 adama ilk m\u00fcdahale, motorize 112 ekibi taraf\u0131ndan yap\u0131ld\u0131. Vatanda\u015flar\u0131n yard\u0131m\u0131yla \u00e7\u0131kart\u0131ld\u0131 Sa\u011fl\u0131k g\u00f6revlisinin kendisine sordu\u011fu sorulara tepki g\u00f6steren ya\u015fl\u0131 adam \u201cSen de her \u015feye kar\u0131\u015f\u0131yorsun\u201d dedi. \u015eahs\u0131n ka\u00e7ak alkol kullanm\u0131\u015f olabilece\u011fi ihtimali \u00fczerine nereden ald\u0131\u011f\u0131n\u0131n sorulmas\u0131 \u00fczerine Muharrem E. g\u00f6revlilere, \u201cBenim ka\u00e7akla i\u015fim olmaz\u201d cevab\u0131n\u0131 verdi. Alkoll\u00fc oldu\u011fu g\u00f6r\u00fclen Muharrem E. ilk m\u00fcdahalesinin ard\u0131ndan ambulansla kontrol ama\u00e7l\u0131 hastaneye kald\u0131r\u0131ld\u0131. Ya\u015fl\u0131 adam\u0131 bulundu\u011fu yerden \u00e7\u0131kartan vatanda\u015flardan Samet Tapucu, \u201cDeniz polisi a\u015fa\u011f\u0131dan ba\u011f\u0131r\u0131yordu \u2018atlama\u2019 diye. Ben de a\u015fa\u011f\u0131ya sessizce indim, tuttum. Kolluk kuvvetleri geldi. D\u00fc\u015fm\u00fc\u015f ama atacakt\u0131 kendisini\u201d dedi. Kaynak: www.kanalv.com.tr Haber Sitesinden Al\u0131nm\u0131\u015ft\u0131r.<\/p>","protected":false},"author":4,"featured_media":28157,"comment_status":"open","ping_status":"open","sticky":false,"template":"","format":"standard","meta":{"_acf_changed":false,"footnotes":""},"categories":[26],"tags":[],"class_list":["post-28156","post","type-post","status-publish","format-standard","has-post-thumbnail","hentry","category-antalya"],"acf":[],"yoast_head":"<!-- This site is optimized with the Yoast SEO Premium plugin v26.6 (Yoast SEO v27.1.1) - https:\/\/yoast.com\/product\/yoast-seo-premium-wordpress\/ -->\n<title>Alkoll\u00fc ki\u015fi falezlerden d\u00fc\u015ft\u00fc - Av. Deniz Can K\u0131z\u0131l<\/title>\n<meta name=\"robots\" content=\"index, follow, max-snippet:-1, max-image-preview:large, max-video-preview:-1\" \/>\n<link rel=\"canonical\" href=\"http:\/\/denizcankizil.tr\/en\/haberler\/antalya\/alkollu-kisi-falezlerden-dustu\/\" \/>\n<meta property=\"og:locale\" content=\"en_GB\" \/>\n<meta property=\"og:type\" content=\"article\" \/>\n<meta property=\"og:title\" content=\"Alkoll\u00fc ki\u015fi falezlerden d\u00fc\u015ft\u00fc\" \/>\n<meta property=\"og:description\" content=\"Olay, saat 12.00 s\u0131ralar\u0131nda Antalya\u2019n\u0131n Muratpa\u015fa il\u00e7esi Konyaalt\u0131 Caddesi \u00fczerinde bulunan Yavuz \u00d6zcan Park\u0131\u2019nda meydana geldi. 112 Acil \u00c7a\u011fr\u0131 Merkezi\u2019ne bir ki\u015finin kayal\u0131klardan d\u00fc\u015ft\u00fc\u011f\u00fc ve mahsur kald\u0131\u011f\u0131 ihbar\u0131 \u00fczerine verilen adrese itfaiye, polis ve sa\u011fl\u0131k ekipleri sevk edildi. K\u0131sa s\u00fcrede olay yerine gelen polis ekipleri park\u0131n giri\u015fe yasak olan kayal\u0131k b\u00f6l\u00fcm\u00fcnde bir ki\u015finin yatt\u0131\u011f\u0131n\u0131 g\u00f6rd\u00fc. Yakla\u015f\u0131k 3 metrelik patika alandan yuvarland\u0131\u011f\u0131 anla\u015f\u0131lan ve vatanda\u015flar\u0131n yard\u0131m\u0131yla bulundu\u011fu yerden \u00e7\u0131kart\u0131l\u0131p, isminin Muharrem E. (67) oldu\u011fu \u00f6\u011frenilen ya\u015fl\u0131 adama ilk m\u00fcdahale, motorize 112 ekibi taraf\u0131ndan yap\u0131ld\u0131. Vatanda\u015flar\u0131n yard\u0131m\u0131yla \u00e7\u0131kart\u0131ld\u0131 Sa\u011fl\u0131k g\u00f6revlisinin kendisine sordu\u011fu sorulara tepki g\u00f6steren ya\u015fl\u0131 adam \u201cSen de her \u015feye kar\u0131\u015f\u0131yorsun\u201d dedi. \u015eahs\u0131n ka\u00e7ak alkol kullanm\u0131\u015f olabilece\u011fi ihtimali \u00fczerine nereden ald\u0131\u011f\u0131n\u0131n sorulmas\u0131 \u00fczerine Muharrem E. g\u00f6revlilere, \u201cBenim ka\u00e7akla i\u015fim olmaz\u201d cevab\u0131n\u0131 verdi. Alkoll\u00fc oldu\u011fu g\u00f6r\u00fclen Muharrem E. ilk m\u00fcdahalesinin ard\u0131ndan ambulansla kontrol ama\u00e7l\u0131 hastaneye kald\u0131r\u0131ld\u0131. Ya\u015fl\u0131 adam\u0131 bulundu\u011fu yerden \u00e7\u0131kartan vatanda\u015flardan Samet Tapucu, \u201cDeniz polisi a\u015fa\u011f\u0131dan ba\u011f\u0131r\u0131yordu \u2018atlama\u2019 diye. Ben de a\u015fa\u011f\u0131ya sessizce indim, tuttum. Kolluk kuvvetleri geldi. D\u00fc\u015fm\u00fc\u015f ama atacakt\u0131 kendisini\u201d dedi. Kaynak: www.kanalv.com.tr Haber Sitesinden Al\u0131nm\u0131\u015ft\u0131r.\" \/>\n<meta property=\"og:url\" content=\"http:\/\/denizcankizil.tr\/en\/haberler\/antalya\/alkollu-kisi-falezlerden-dustu\/\" \/>\n<meta property=\"og:site_name\" content=\"Av. Deniz Can K\u0131z\u0131l\" \/>\n<meta property=\"article:published_time\" content=\"2025-01-28T11:41:25+00:00\" \/>\n<meta property=\"og:image\" content=\"http:\/\/denizcankizil.tr\/wp-content\/uploads\/2025\/01\/4369-01-zu0YRM.jpeg\" \/>\n\t<meta property=\"og:image:width\" content=\"1280\" \/>\n\t<meta property=\"og:image:height\" content=\"720\" \/>\n\t<meta property=\"og:image:type\" content=\"image\/jpeg\" \/>\n<meta name=\"author\" content=\"Av. Deniz Can K\u0131z\u0131l\" \/>\n<meta name=\"twitter:card\" content=\"summary_large_image\" \/>\n<meta name=\"twitter:label1\" content=\"Written by\" \/>\n\t<meta name=\"twitter:data1\" content=\"Av. Deniz Can K\u0131z\u0131l\" \/>\n\t<meta name=\"twitter:label2\" content=\"Estimated reading time\" \/>\n\t<meta name=\"twitter:data2\" content=\"1 minute\" \/>\n<script type=\"application\/ld+json\" class=\"yoast-schema-graph\">{\"@context\":\"https:\/\/schema.org\",\"@graph\":[{\"@type\":\"Article\",\"@id\":\"http:\/\/denizcankizil.tr\/de\/haberler\/antalya\/alkollu-kisi-falezlerden-dustu\/#article\",\"isPartOf\":{\"@id\":\"http:\/\/denizcankizil.tr\/de\/haberler\/antalya\/alkollu-kisi-falezlerden-dustu\/\"},\"author\":{\"name\":\"Av. Deniz Can K\u0131z\u0131l\",\"@id\":\"https:\/\/denizcankizil.tr\/de\/#\/schema\/person\/5dc1b22991bd7ac833867c10afc9b0ff\"},\"headline\":\"Alkoll\u00fc ki\u015fi falezlerden d\u00fc\u015ft\u00fc\",\"datePublished\":\"2025-01-28T11:41:25+00:00\",\"mainEntityOfPage\":{\"@id\":\"http:\/\/denizcankizil.tr\/de\/haberler\/antalya\/alkollu-kisi-falezlerden-dustu\/\"},\"wordCount\":252,\"commentCount\":0,\"publisher\":{\"@id\":\"https:\/\/denizcankizil.tr\/de\/#organization\"},\"image\":{\"@id\":\"http:\/\/denizcankizil.tr\/de\/haberler\/antalya\/alkollu-kisi-falezlerden-dustu\/#primaryimage\"},\"thumbnailUrl\":\"https:\/\/denizcankizil.tr\/wp-content\/uploads\/2025\/01\/4369-01-zu0YRM.jpeg\",\"articleSection\":[\"Antalya\"],\"inLanguage\":\"en-GB\",\"potentialAction\":[{\"@type\":\"CommentAction\",\"name\":\"Comment\",\"target\":[\"http:\/\/denizcankizil.tr\/de\/haberler\/antalya\/alkollu-kisi-falezlerden-dustu\/#respond\"]}]},{\"@type\":\"WebPage\",\"@id\":\"http:\/\/denizcankizil.tr\/de\/haberler\/antalya\/alkollu-kisi-falezlerden-dustu\/\",\"url\":\"http:\/\/denizcankizil.tr\/de\/haberler\/antalya\/alkollu-kisi-falezlerden-dustu\/\",\"name\":\"Alkoll\u00fc ki\u015fi falezlerden d\u00fc\u015ft\u00fc - Av. Deniz Can K\u0131z\u0131l\",\"isPartOf\":{\"@id\":\"https:\/\/denizcankizil.tr\/de\/#website\"},\"primaryImageOfPage\":{\"@id\":\"http:\/\/denizcankizil.tr\/de\/haberler\/antalya\/alkollu-kisi-falezlerden-dustu\/#primaryimage\"},\"image\":{\"@id\":\"http:\/\/denizcankizil.tr\/de\/haberler\/antalya\/alkollu-kisi-falezlerden-dustu\/#primaryimage\"},\"thumbnailUrl\":\"https:\/\/denizcankizil.tr\/wp-content\/uploads\/2025\/01\/4369-01-zu0YRM.jpeg\",\"datePublished\":\"2025-01-28T11:41:25+00:00\",\"breadcrumb\":{\"@id\":\"http:\/\/denizcankizil.tr\/de\/haberler\/antalya\/alkollu-kisi-falezlerden-dustu\/#breadcrumb\"},\"inLanguage\":\"en-GB\",\"potentialAction\":[{\"@type\":\"ReadAction\",\"target\":[\"http:\/\/denizcankizil.tr\/de\/haberler\/antalya\/alkollu-kisi-falezlerden-dustu\/\"]}]},{\"@type\":\"ImageObject\",\"inLanguage\":\"en-GB\",\"@id\":\"http:\/\/denizcankizil.tr\/de\/haberler\/antalya\/alkollu-kisi-falezlerden-dustu\/#primaryimage\",\"url\":\"https:\/\/denizcankizil.tr\/wp-content\/uploads\/2025\/01\/4369-01-zu0YRM.jpeg\",\"contentUrl\":\"https:\/\/denizcankizil.tr\/wp-content\/uploads\/2025\/01\/4369-01-zu0YRM.jpeg\",\"width\":1280,\"height\":720},{\"@type\":\"BreadcrumbList\",\"@id\":\"http:\/\/denizcankizil.tr\/de\/haberler\/antalya\/alkollu-kisi-falezlerden-dustu\/#breadcrumb\",\"itemListElement\":[{\"@type\":\"ListItem\",\"position\":1,\"name\":\"Home\",\"item\":\"https:\/\/denizcankizil.tr\/de\/\"},{\"@type\":\"ListItem\",\"position\":2,\"name\":\"Alkoll\u00fc ki\u015fi falezlerden d\u00fc\u015ft\u00fc\"}]},{\"@type\":\"WebSite\",\"@id\":\"https:\/\/denizcankizil.tr\/de\/#website\",\"url\":\"https:\/\/denizcankizil.tr\/de\/\",\"name\":\"Av. Deniz Can K\u0131z\u0131l\",\"description\":\"Avukat Deniz Can K\u0131z\u0131l Antalya Barosu\",\"publisher\":{\"@id\":\"https:\/\/denizcankizil.tr\/de\/#organization\"},\"potentialAction\":[{\"@type\":\"SearchAction\",\"target\":{\"@type\":\"EntryPoint\",\"urlTemplate\":\"https:\/\/denizcankizil.tr\/de\/?s={search_term_string}\"},\"query-input\":{\"@type\":\"PropertyValueSpecification\",\"valueRequired\":true,\"valueName\":\"search_term_string\"}}],\"inLanguage\":\"en-GB\"},{\"@type\":\"Organization\",\"@id\":\"https:\/\/denizcankizil.tr\/de\/#organization\",\"name\":\"Av. Deniz Can K\u0131z\u0131l\",\"url\":\"https:\/\/denizcankizil.tr\/de\/\",\"logo\":{\"@type\":\"ImageObject\",\"inLanguage\":\"en-GB\",\"@id\":\"https:\/\/denizcankizil.tr\/de\/#\/schema\/logo\/image\/\",\"url\":\"https:\/\/denizcankizil.tr\/wp-content\/uploads\/2024\/10\/siyah-logo-svg.svg\",\"contentUrl\":\"https:\/\/denizcankizil.tr\/wp-content\/uploads\/2024\/10\/siyah-logo-svg.svg\",\"width\":1080,\"height\":1080,\"caption\":\"Av. Deniz Can K\u0131z\u0131l\"},\"image\":{\"@id\":\"https:\/\/denizcankizil.tr\/de\/#\/schema\/logo\/image\/\"}},{\"@type\":\"Person\",\"@id\":\"https:\/\/denizcankizil.tr\/de\/#\/schema\/person\/5dc1b22991bd7ac833867c10afc9b0ff\",\"name\":\"Av. Deniz Can K\u0131z\u0131l\",\"image\":{\"@type\":\"ImageObject\",\"inLanguage\":\"en-GB\",\"@id\":\"https:\/\/denizcankizil.tr\/de\/#\/schema\/person\/image\/\",\"url\":\"https:\/\/secure.gravatar.com\/avatar\/a0b128fb9855c79efc976d5640eedb31dc35ec297594d6016d2cf7c60e975bb6?s=96&d=mm&r=g\",\"contentUrl\":\"https:\/\/secure.gravatar.com\/avatar\/a0b128fb9855c79efc976d5640eedb31dc35ec297594d6016d2cf7c60e975bb6?s=96&d=mm&r=g\",\"caption\":\"Av. Deniz Can K\u0131z\u0131l\"},\"sameAs\":[\"http:\/\/www.denizcankizil.tr\"],\"url\":\"https:\/\/denizcankizil.tr\/en\/author\/denizcankizil\/\"}]}<\/script>\n<!-- \/ Yoast SEO Premium plugin. -->","yoast_head_json":{"title":"Alkoll\u00fc ki\u015fi falezlerden d\u00fc\u015ft\u00fc - Av. Deniz Can K\u0131z\u0131l","robots":{"index":"index","follow":"follow","max-snippet":"max-snippet:-1","max-image-preview":"max-image-preview:large","max-video-preview":"max-video-preview:-1"},"canonical":"http:\/\/denizcankizil.tr\/en\/haberler\/antalya\/alkollu-kisi-falezlerden-dustu\/","og_locale":"en_GB","og_type":"article","og_title":"Alkoll\u00fc ki\u015fi falezlerden d\u00fc\u015ft\u00fc","og_description":"Olay, saat 12.00 s\u0131ralar\u0131nda Antalya\u2019n\u0131n Muratpa\u015fa il\u00e7esi Konyaalt\u0131 Caddesi \u00fczerinde bulunan Yavuz \u00d6zcan Park\u0131\u2019nda meydana geldi. 112 Acil \u00c7a\u011fr\u0131 Merkezi\u2019ne bir ki\u015finin kayal\u0131klardan d\u00fc\u015ft\u00fc\u011f\u00fc ve mahsur kald\u0131\u011f\u0131 ihbar\u0131 \u00fczerine verilen adrese itfaiye, polis ve sa\u011fl\u0131k ekipleri sevk edildi. K\u0131sa s\u00fcrede olay yerine gelen polis ekipleri park\u0131n giri\u015fe yasak olan kayal\u0131k b\u00f6l\u00fcm\u00fcnde bir ki\u015finin yatt\u0131\u011f\u0131n\u0131 g\u00f6rd\u00fc. Yakla\u015f\u0131k 3 metrelik patika alandan yuvarland\u0131\u011f\u0131 anla\u015f\u0131lan ve vatanda\u015flar\u0131n yard\u0131m\u0131yla bulundu\u011fu yerden \u00e7\u0131kart\u0131l\u0131p, isminin Muharrem E. (67) oldu\u011fu \u00f6\u011frenilen ya\u015fl\u0131 adama ilk m\u00fcdahale, motorize 112 ekibi taraf\u0131ndan yap\u0131ld\u0131. Vatanda\u015flar\u0131n yard\u0131m\u0131yla \u00e7\u0131kart\u0131ld\u0131 Sa\u011fl\u0131k g\u00f6revlisinin kendisine sordu\u011fu sorulara tepki g\u00f6steren ya\u015fl\u0131 adam \u201cSen de her \u015feye kar\u0131\u015f\u0131yorsun\u201d dedi. \u015eahs\u0131n ka\u00e7ak alkol kullanm\u0131\u015f olabilece\u011fi ihtimali \u00fczerine nereden ald\u0131\u011f\u0131n\u0131n sorulmas\u0131 \u00fczerine Muharrem E. g\u00f6revlilere, \u201cBenim ka\u00e7akla i\u015fim olmaz\u201d cevab\u0131n\u0131 verdi. Alkoll\u00fc oldu\u011fu g\u00f6r\u00fclen Muharrem E. ilk m\u00fcdahalesinin ard\u0131ndan ambulansla kontrol ama\u00e7l\u0131 hastaneye kald\u0131r\u0131ld\u0131. Ya\u015fl\u0131 adam\u0131 bulundu\u011fu yerden \u00e7\u0131kartan vatanda\u015flardan Samet Tapucu, \u201cDeniz polisi a\u015fa\u011f\u0131dan ba\u011f\u0131r\u0131yordu \u2018atlama\u2019 diye. Ben de a\u015fa\u011f\u0131ya sessizce indim, tuttum. Kolluk kuvvetleri geldi. D\u00fc\u015fm\u00fc\u015f ama atacakt\u0131 kendisini\u201d dedi. Kaynak: www.kanalv.com.tr Haber Sitesinden Al\u0131nm\u0131\u015ft\u0131r.","og_url":"http:\/\/denizcankizil.tr\/en\/haberler\/antalya\/alkollu-kisi-falezlerden-dustu\/","og_site_name":"Av. Deniz Can K\u0131z\u0131l","article_published_time":"2025-01-28T11:41:25+00:00","og_image":[{"width":1280,"height":720,"url":"http:\/\/denizcankizil.tr\/wp-content\/uploads\/2025\/01\/4369-01-zu0YRM.jpeg","type":"image\/jpeg"}],"author":"Av. Deniz Can K\u0131z\u0131l","twitter_card":"summary_large_image","twitter_misc":{"Written by":"Av. Deniz Can K\u0131z\u0131l","Estimated reading time":"1 minute"},"schema":{"@context":"https:\/\/schema.org","@graph":[{"@type":"Article","@id":"http:\/\/denizcankizil.tr\/de\/haberler\/antalya\/alkollu-kisi-falezlerden-dustu\/#article","isPartOf":{"@id":"http:\/\/denizcankizil.tr\/de\/haberler\/antalya\/alkollu-kisi-falezlerden-dustu\/"},"author":{"name":"Av. Deniz Can K\u0131z\u0131l","@id":"https:\/\/denizcankizil.tr\/de\/#\/schema\/person\/5dc1b22991bd7ac833867c10afc9b0ff"},"headline":"Alkoll\u00fc ki\u015fi falezlerden d\u00fc\u015ft\u00fc","datePublished":"2025-01-28T11:41:25+00:00","mainEntityOfPage":{"@id":"http:\/\/denizcankizil.tr\/de\/haberler\/antalya\/alkollu-kisi-falezlerden-dustu\/"},"wordCount":252,"commentCount":0,"publisher":{"@id":"https:\/\/denizcankizil.tr\/de\/#organization"},"image":{"@id":"http:\/\/denizcankizil.tr\/de\/haberler\/antalya\/alkollu-kisi-falezlerden-dustu\/#primaryimage"},"thumbnailUrl":"https:\/\/denizcankizil.tr\/wp-content\/uploads\/2025\/01\/4369-01-zu0YRM.jpeg","articleSection":["Antalya"],"inLanguage":"en-GB","potentialAction":[{"@type":"CommentAction","name":"Comment","target":["http:\/\/denizcankizil.tr\/de\/haberler\/antalya\/alkollu-kisi-falezlerden-dustu\/#respond"]}]},{"@type":"WebPage","@id":"http:\/\/denizcankizil.tr\/de\/haberler\/antalya\/alkollu-kisi-falezlerden-dustu\/","url":"http:\/\/denizcankizil.tr\/de\/haberler\/antalya\/alkollu-kisi-falezlerden-dustu\/","name":"Alkoll\u00fc ki\u015fi falezlerden d\u00fc\u015ft\u00fc - Av. Deniz Can K\u0131z\u0131l","isPartOf":{"@id":"https:\/\/denizcankizil.tr\/de\/#website"},"primaryImageOfPage":{"@id":"http:\/\/denizcankizil.tr\/de\/haberler\/antalya\/alkollu-kisi-falezlerden-dustu\/#primaryimage"},"image":{"@id":"http:\/\/denizcankizil.tr\/de\/haberler\/antalya\/alkollu-kisi-falezlerden-dustu\/#primaryimage"},"thumbnailUrl":"https:\/\/denizcankizil.tr\/wp-content\/uploads\/2025\/01\/4369-01-zu0YRM.jpeg","datePublished":"2025-01-28T11:41:25+00:00","breadcrumb":{"@id":"http:\/\/denizcankizil.tr\/de\/haberler\/antalya\/alkollu-kisi-falezlerden-dustu\/#breadcrumb"},"inLanguage":"en-GB","potentialAction":[{"@type":"ReadAction","target":["http:\/\/denizcankizil.tr\/de\/haberler\/antalya\/alkollu-kisi-falezlerden-dustu\/"]}]},{"@type":"ImageObject","inLanguage":"en-GB","@id":"http:\/\/denizcankizil.tr\/de\/haberler\/antalya\/alkollu-kisi-falezlerden-dustu\/#primaryimage","url":"https:\/\/denizcankizil.tr\/wp-content\/uploads\/2025\/01\/4369-01-zu0YRM.jpeg","contentUrl":"https:\/\/denizcankizil.tr\/wp-content\/uploads\/2025\/01\/4369-01-zu0YRM.jpeg","width":1280,"height":720},{"@type":"BreadcrumbList","@id":"http:\/\/denizcankizil.tr\/de\/haberler\/antalya\/alkollu-kisi-falezlerden-dustu\/#breadcrumb","itemListElement":[{"@type":"ListItem","position":1,"name":"Home","item":"https:\/\/denizcankizil.tr\/de\/"},{"@type":"ListItem","position":2,"name":"Alkoll\u00fc ki\u015fi falezlerden d\u00fc\u015ft\u00fc"}]},{"@type":"WebSite","@id":"https:\/\/denizcankizil.tr\/de\/#website","url":"https:\/\/denizcankizil.tr\/de\/","name":"Av. Deniz Can K\u0131z\u0131l","description":"Avukat Deniz Can K\u0131z\u0131l Antalya Barosu","publisher":{"@id":"https:\/\/denizcankizil.tr\/de\/#organization"},"potentialAction":[{"@type":"SearchAction","target":{"@type":"EntryPoint","urlTemplate":"https:\/\/denizcankizil.tr\/de\/?s={search_term_string}"},"query-input":{"@type":"PropertyValueSpecification","valueRequired":true,"valueName":"search_term_string"}}],"inLanguage":"en-GB"},{"@type":"Organization","@id":"https:\/\/denizcankizil.tr\/de\/#organization","name":"Av. Deniz Can K\u0131z\u0131l","url":"https:\/\/denizcankizil.tr\/de\/","logo":{"@type":"ImageObject","inLanguage":"en-GB","@id":"https:\/\/denizcankizil.tr\/de\/#\/schema\/logo\/image\/","url":"https:\/\/denizcankizil.tr\/wp-content\/uploads\/2024\/10\/siyah-logo-svg.svg","contentUrl":"https:\/\/denizcankizil.tr\/wp-content\/uploads\/2024\/10\/siyah-logo-svg.svg","width":1080,"height":1080,"caption":"Av. Deniz Can K\u0131z\u0131l"},"image":{"@id":"https:\/\/denizcankizil.tr\/de\/#\/schema\/logo\/image\/"}},{"@type":"Person","@id":"https:\/\/denizcankizil.tr\/de\/#\/schema\/person\/5dc1b22991bd7ac833867c10afc9b0ff","name":"Av. Deniz Can K\u0131z\u0131l","image":{"@type":"ImageObject","inLanguage":"en-GB","@id":"https:\/\/denizcankizil.tr\/de\/#\/schema\/person\/image\/","url":"https:\/\/secure.gravatar.com\/avatar\/a0b128fb9855c79efc976d5640eedb31dc35ec297594d6016d2cf7c60e975bb6?s=96&d=mm&r=g","contentUrl":"https:\/\/secure.gravatar.com\/avatar\/a0b128fb9855c79efc976d5640eedb31dc35ec297594d6016d2cf7c60e975bb6?s=96&d=mm&r=g","caption":"Av. Deniz Can K\u0131z\u0131l"},"sameAs":["http:\/\/www.denizcankizil.tr"],"url":"https:\/\/denizcankizil.tr\/en\/author\/denizcankizil\/"}]}},"_links":{"self":[{"href":"https:\/\/denizcankizil.tr\/en\/wp-json\/wp\/v2\/posts\/28156","targetHints":{"allow":["GET"]}}],"collection":[{"href":"https:\/\/denizcankizil.tr\/en\/wp-json\/wp\/v2\/posts"}],"about":[{"href":"https:\/\/denizcankizil.tr\/en\/wp-json\/wp\/v2\/types\/post"}],"author":[{"embeddable":true,"href":"https:\/\/denizcankizil.tr\/en\/wp-json\/wp\/v2\/users\/4"}],"replies":[{"embeddable":true,"href":"https:\/\/denizcankizil.tr\/en\/wp-json\/wp\/v2\/comments?post=28156"}],"version-history":[{"count":0,"href":"https:\/\/denizcankizil.tr\/en\/wp-json\/wp\/v2\/posts\/28156\/revisions"}],"wp:featuredmedia":[{"embeddable":true,"href":"https:\/\/denizcankizil.tr\/en\/wp-json\/wp\/v2\/media\/28157"}],"wp:attachment":[{"href":"https:\/\/denizcankizil.tr\/en\/wp-json\/wp\/v2\/media?parent=28156"}],"wp:term":[{"taxonomy":"category","embeddable":true,"href":"https:\/\/denizcankizil.tr\/en\/wp-json\/wp\/v2\/categories?post=28156"},{"taxonomy":"post_tag","embeddable":true,"href":"https:\/\/denizcankizil.tr\/en\/wp-json\/wp\/v2\/tags?post=28156"}],"curies":[{"name":"wp","href":"https:\/\/api.w.org\/{rel}","templated":true}]}}