{"id":27939,"date":"2025-01-27T18:41:36","date_gmt":"2025-01-27T15:41:36","guid":{"rendered":"https:\/\/denizcankizil.tr\/uncategorized-tr\/mubadelenin-102nci-yili-kocaeli-izmitte-anilacak\/"},"modified":"2025-01-27T18:41:36","modified_gmt":"2025-01-27T15:41:36","slug":"mubadelenin-102nci-yili-kocaeli-izmitte-anilacak","status":"publish","type":"post","link":"https:\/\/denizcankizil.tr\/en\/haberler\/gundem\/mubadelenin-102nci-yili-kocaeli-izmitte-anilacak\/","title":{"rendered":"M\u00fcbadelenin 102\u2019nci y\u0131l\u0131 Kocaeli \u0130zmit\u2019te an\u0131lacak"},"content":{"rendered":"<p>Kocaeli \u0130zmit Belediyesi, Lozan M\u00fcbadelesinin 102\u2019nci y\u0131l d\u00f6n\u00fcm\u00fc dolay\u0131s\u0131yla 30 Ocak Per\u015fembe g\u00fcn\u00fc saat 18.30\u2019da Balkan Dernekleri Yerle\u015fkesi\u2019nde anma program\u0131 d\u00fczenleyecek.KOCAEL\u0130 (\u0130GFA) &#8211;\u00a0\u0130zmit Belediyesi, 1923 y\u0131l\u0131nda imzalanan Lozan M\u00fcbadele S\u00f6zle\u015fmesi\u2019nin 102\u2019nci y\u0131l d\u00f6n\u00fcm\u00fc dolay\u0131s\u0131yla anma program\u0131 d\u00fczenleyerek vatanlar\u0131ndan g\u00f6\u00e7en M\u00fcsl\u00fcman\/T\u00fcrk m\u00fcbadilleri anarak g\u00f6\u00e7 ile ya\u015fad\u0131klar\u0131 ac\u0131ya bir kez daha ortak olacak. Balkan Dernekleri ile fikir al\u0131\u015fveri\u015fi yap\u0131larak haz\u0131rlanan program 30 Ocak Per\u015fembe g\u00fcn\u00fc saat 18.30\u2019da Balkan Dernekleri Yerle\u015fkesi\u2019nde kavurma ve pilav ikram\u0131 ile ba\u015flayacak.\u00a0<br \/>\nS\u00d6YLE\u015e\u0130 \u0130LE TAR\u0130HE YOLCULUK<br \/>\nProgram\u0131n a\u00e7\u0131l\u0131\u015f\u0131n\u0131n ard\u0131ndan, Kocaeli \u00dcniversitesi Fen-Edebiyat Fak\u00fcltesi Tarih B\u00f6l\u00fcm\u00fc\u2019nden Do\u00e7. Dr. Esma Torun \u00c7elik\u2019in moderat\u00f6rl\u00fc\u011f\u00fcnde bir s\u00f6yle\u015fi ger\u00e7ekle\u015ftirilecek. S\u00f6yle\u015fide, Bat\u0131 Trakya T\u00fcrkleri Dayan\u0131\u015fma Derne\u011fi 27. Genel Ba\u015fkan\u0131 Av. Burhaneddin Hakg\u00fcder ile \u0130stanbul \u00dcniversitesi Edebiyat Fak\u00fcltesi Tarih B\u00f6l\u00fcm\u00fc \u00d6\u011fretim \u00dcyesi Prof. Dr. Cezmi Eraslan konu\u015fmac\u0131 olarak yer alacak.<br \/>\nKENT ORKESTRASINDAN BALKAN EZG\u0130LER\u0130<br \/>\nS\u00f6yle\u015fi sonras\u0131nda \u0130zmit Belediyesi Kent Orkestras\u0131, Balkan ezgilerinden olu\u015fan bir konserle geceye renk katacak. Ayr\u0131ca, etkinlik boyunca &#8220;Bir F\u0131rt\u0131na Tuttu Bizi&#8221; adl\u0131 M\u00fcbadele temal\u0131 foto\u011fraf sergisi ziyarete a\u00e7\u0131k olacak.<\/p>\n<p>\u200bKocaeli \u0130zmit Belediyesi, Lozan M\u00fcbadelesinin 102\u2019nci y\u0131l d\u00f6n\u00fcm\u00fc dolay\u0131s\u0131yla 30 Ocak Per\u015fembe g\u00fcn\u00fc saat 18.30\u2019da Balkan Dernekleri Yerle\u015fkesi\u2019nde anma program\u0131 d\u00fczenleyecek.KOCAEL\u0130 (\u0130GFA) &#8211;\u00a0\u0130zmit Belediyesi, 1923 y\u0131l\u0131nda imzalanan Lozan M\u00fcbadele S\u00f6zle\u015fmesi\u2019nin 102\u2019nci y\u0131l d\u00f6n\u00fcm\u00fc dolay\u0131s\u0131yla anma program\u0131 d\u00fczenleyerek vatanlar\u0131ndan g\u00f6\u00e7en M\u00fcsl\u00fcman\/T\u00fcrk m\u00fcbadilleri anarak g\u00f6\u00e7 ile ya\u015fad\u0131klar\u0131 ac\u0131ya bir kez daha ortak olacak. Balkan Dernekleri ile fikir al\u0131\u015fveri\u015fi yap\u0131larak haz\u0131rlanan program 30 Ocak Per\u015fembe g\u00fcn\u00fc saat 18.30\u2019da Balkan Dernekleri Yerle\u015fkesi\u2019nde kavurma ve pilav ikram\u0131 ile ba\u015flayacak.\u00a0<br \/>\nS\u00d6YLE\u015e\u0130 \u0130LE TAR\u0130HE YOLCULUK<br \/>\nProgram\u0131n a\u00e7\u0131l\u0131\u015f\u0131n\u0131n ard\u0131ndan, Kocaeli \u00dcniversitesi Fen-Edebiyat Fak\u00fcltesi Tarih B\u00f6l\u00fcm\u00fc\u2019nden Do\u00e7. Dr. Esma Torun \u00c7elik\u2019in moderat\u00f6rl\u00fc\u011f\u00fcnde bir s\u00f6yle\u015fi ger\u00e7ekle\u015ftirilecek. S\u00f6yle\u015fide, Bat\u0131 Trakya T\u00fcrkleri Dayan\u0131\u015fma Derne\u011fi 27. Genel Ba\u015fkan\u0131 Av. Burhaneddin Hakg\u00fcder ile \u0130stanbul \u00dcniversitesi Edebiyat Fak\u00fcltesi Tarih B\u00f6l\u00fcm\u00fc \u00d6\u011fretim \u00dcyesi Prof. Dr. Cezmi Eraslan konu\u015fmac\u0131 olarak yer alacak.<br \/>\nKENT ORKESTRASINDAN BALKAN EZG\u0130LER\u0130<br \/>\nS\u00f6yle\u015fi sonras\u0131nda \u0130zmit Belediyesi Kent Orkestras\u0131, Balkan ezgilerinden olu\u015fan bir konserle geceye renk katacak. Ayr\u0131ca, etkinlik boyunca &#8220;Bir F\u0131rt\u0131na Tuttu Bizi&#8221; adl\u0131 M\u00fcbadele temal\u0131 foto\u011fraf sergisi ziyarete a\u00e7\u0131k olacak.\u00a0<\/p>\n<p>\u200bHaberin Al\u0131nt\u0131land\u0131\u011f\u0131 Kaynak: www.iskenderun.org<\/p>","protected":false},"excerpt":{"rendered":"<p>Kocaeli \u0130zmit Belediyesi, Lozan M\u00fcbadelesinin 102\u2019nci y\u0131l d\u00f6n\u00fcm\u00fc dolay\u0131s\u0131yla 30 Ocak Per\u015fembe g\u00fcn\u00fc saat 18.30\u2019da Balkan Dernekleri Yerle\u015fkesi\u2019nde anma program\u0131 d\u00fczenleyecek.KOCAEL\u0130 (\u0130GFA) &#8211;\u00a0\u0130zmit Belediyesi, 1923 y\u0131l\u0131nda imzalanan Lozan M\u00fcbadele S\u00f6zle\u015fmesi\u2019nin 102\u2019nci y\u0131l d\u00f6n\u00fcm\u00fc dolay\u0131s\u0131yla anma program\u0131 d\u00fczenleyerek vatanlar\u0131ndan g\u00f6\u00e7en M\u00fcsl\u00fcman\/T\u00fcrk m\u00fcbadilleri anarak g\u00f6\u00e7 ile ya\u015fad\u0131klar\u0131 ac\u0131ya bir kez daha ortak olacak. Balkan Dernekleri ile fikir al\u0131\u015fveri\u015fi yap\u0131larak haz\u0131rlanan program 30 Ocak Per\u015fembe g\u00fcn\u00fc saat 18.30\u2019da Balkan Dernekleri Yerle\u015fkesi\u2019nde kavurma ve pilav ikram\u0131 ile ba\u015flayacak.\u00a0 S\u00d6YLE\u015e\u0130 \u0130LE TAR\u0130HE YOLCULUK Program\u0131n a\u00e7\u0131l\u0131\u015f\u0131n\u0131n ard\u0131ndan, Kocaeli \u00dcniversitesi Fen-Edebiyat Fak\u00fcltesi Tarih B\u00f6l\u00fcm\u00fc\u2019nden Do\u00e7. Dr. Esma Torun \u00c7elik\u2019in moderat\u00f6rl\u00fc\u011f\u00fcnde bir s\u00f6yle\u015fi ger\u00e7ekle\u015ftirilecek. S\u00f6yle\u015fide, Bat\u0131 Trakya T\u00fcrkleri Dayan\u0131\u015fma Derne\u011fi 27. Genel Ba\u015fkan\u0131 Av. Burhaneddin Hakg\u00fcder ile \u0130stanbul \u00dcniversitesi Edebiyat Fak\u00fcltesi Tarih B\u00f6l\u00fcm\u00fc \u00d6\u011fretim \u00dcyesi Prof. Dr. Cezmi Eraslan konu\u015fmac\u0131 olarak yer alacak. KENT ORKESTRASINDAN BALKAN EZG\u0130LER\u0130 S\u00f6yle\u015fi sonras\u0131nda \u0130zmit Belediyesi Kent Orkestras\u0131, Balkan ezgilerinden olu\u015fan bir konserle geceye renk katacak. Ayr\u0131ca, etkinlik boyunca &#8220;Bir F\u0131rt\u0131na Tuttu Bizi&#8221; adl\u0131 M\u00fcbadele temal\u0131 foto\u011fraf sergisi ziyarete a\u00e7\u0131k olacak. \u200bKocaeli \u0130zmit Belediyesi, Lozan M\u00fcbadelesinin 102\u2019nci y\u0131l d\u00f6n\u00fcm\u00fc dolay\u0131s\u0131yla 30 Ocak Per\u015fembe g\u00fcn\u00fc saat 18.30\u2019da Balkan Dernekleri Yerle\u015fkesi\u2019nde anma program\u0131 d\u00fczenleyecek.KOCAEL\u0130 (\u0130GFA) &#8211;\u00a0\u0130zmit Belediyesi, 1923 y\u0131l\u0131nda imzalanan Lozan M\u00fcbadele S\u00f6zle\u015fmesi\u2019nin 102\u2019nci y\u0131l d\u00f6n\u00fcm\u00fc dolay\u0131s\u0131yla anma program\u0131 d\u00fczenleyerek vatanlar\u0131ndan g\u00f6\u00e7en M\u00fcsl\u00fcman\/T\u00fcrk m\u00fcbadilleri anarak &hellip;<\/p>","protected":false},"author":1,"featured_media":0,"comment_status":"open","ping_status":"open","sticky":false,"template":"","format":"standard","meta":{"_acf_changed":false,"footnotes":""},"categories":[24],"tags":[],"class_list":["post-27939","post","type-post","status-publish","format-standard","has-post-thumbnail","hentry","category-gundem"],"acf":[],"yoast_head":"<!-- This site is optimized with the Yoast SEO Premium plugin v26.6 (Yoast SEO v27.1.1) - https:\/\/yoast.com\/product\/yoast-seo-premium-wordpress\/ -->\n<title>M\u00fcbadelenin 102\u2019nci y\u0131l\u0131 Kocaeli \u0130zmit\u2019te an\u0131lacak - Av. Deniz Can K\u0131z\u0131l<\/title>\n<meta name=\"robots\" content=\"index, follow, max-snippet:-1, max-image-preview:large, max-video-preview:-1\" \/>\n<link rel=\"canonical\" href=\"https:\/\/denizcankizil.tr\/en\/haberler\/gundem\/mubadelenin-102nci-yili-kocaeli-izmitte-anilacak\/\" \/>\n<meta property=\"og:locale\" content=\"en_GB\" \/>\n<meta property=\"og:type\" content=\"article\" \/>\n<meta property=\"og:title\" content=\"M\u00fcbadelenin 102\u2019nci y\u0131l\u0131 Kocaeli \u0130zmit\u2019te an\u0131lacak\" \/>\n<meta property=\"og:description\" content=\"Kocaeli \u0130zmit Belediyesi, Lozan M\u00fcbadelesinin 102\u2019nci y\u0131l d\u00f6n\u00fcm\u00fc dolay\u0131s\u0131yla 30 Ocak Per\u015fembe g\u00fcn\u00fc saat 18.30\u2019da Balkan Dernekleri Yerle\u015fkesi\u2019nde anma program\u0131 d\u00fczenleyecek.KOCAEL\u0130 (\u0130GFA) &#8211;\u00a0\u0130zmit Belediyesi, 1923 y\u0131l\u0131nda imzalanan Lozan M\u00fcbadele S\u00f6zle\u015fmesi\u2019nin 102\u2019nci y\u0131l d\u00f6n\u00fcm\u00fc dolay\u0131s\u0131yla anma program\u0131 d\u00fczenleyerek vatanlar\u0131ndan g\u00f6\u00e7en M\u00fcsl\u00fcman\/T\u00fcrk m\u00fcbadilleri anarak g\u00f6\u00e7 ile ya\u015fad\u0131klar\u0131 ac\u0131ya bir kez daha ortak olacak. Balkan Dernekleri ile fikir al\u0131\u015fveri\u015fi yap\u0131larak haz\u0131rlanan program 30 Ocak Per\u015fembe g\u00fcn\u00fc saat 18.30\u2019da Balkan Dernekleri Yerle\u015fkesi\u2019nde kavurma ve pilav ikram\u0131 ile ba\u015flayacak.\u00a0 S\u00d6YLE\u015e\u0130 \u0130LE TAR\u0130HE YOLCULUK Program\u0131n a\u00e7\u0131l\u0131\u015f\u0131n\u0131n ard\u0131ndan, Kocaeli \u00dcniversitesi Fen-Edebiyat Fak\u00fcltesi Tarih B\u00f6l\u00fcm\u00fc\u2019nden Do\u00e7. Dr. Esma Torun \u00c7elik\u2019in moderat\u00f6rl\u00fc\u011f\u00fcnde bir s\u00f6yle\u015fi ger\u00e7ekle\u015ftirilecek. S\u00f6yle\u015fide, Bat\u0131 Trakya T\u00fcrkleri Dayan\u0131\u015fma Derne\u011fi 27. Genel Ba\u015fkan\u0131 Av. Burhaneddin Hakg\u00fcder ile \u0130stanbul \u00dcniversitesi Edebiyat Fak\u00fcltesi Tarih B\u00f6l\u00fcm\u00fc \u00d6\u011fretim \u00dcyesi Prof. Dr. Cezmi Eraslan konu\u015fmac\u0131 olarak yer alacak. KENT ORKESTRASINDAN BALKAN EZG\u0130LER\u0130 S\u00f6yle\u015fi sonras\u0131nda \u0130zmit Belediyesi Kent Orkestras\u0131, Balkan ezgilerinden olu\u015fan bir konserle geceye renk katacak. Ayr\u0131ca, etkinlik boyunca &#8220;Bir F\u0131rt\u0131na Tuttu Bizi&#8221; adl\u0131 M\u00fcbadele temal\u0131 foto\u011fraf sergisi ziyarete a\u00e7\u0131k olacak. \u200bKocaeli \u0130zmit Belediyesi, Lozan M\u00fcbadelesinin 102\u2019nci y\u0131l d\u00f6n\u00fcm\u00fc dolay\u0131s\u0131yla 30 Ocak Per\u015fembe g\u00fcn\u00fc saat 18.30\u2019da Balkan Dernekleri Yerle\u015fkesi\u2019nde anma program\u0131 d\u00fczenleyecek.KOCAEL\u0130 (\u0130GFA) &#8211;\u00a0\u0130zmit Belediyesi, 1923 y\u0131l\u0131nda imzalanan Lozan M\u00fcbadele S\u00f6zle\u015fmesi\u2019nin 102\u2019nci y\u0131l d\u00f6n\u00fcm\u00fc dolay\u0131s\u0131yla anma program\u0131 d\u00fczenleyerek vatanlar\u0131ndan g\u00f6\u00e7en M\u00fcsl\u00fcman\/T\u00fcrk m\u00fcbadilleri anarak &hellip;\" \/>\n<meta property=\"og:url\" content=\"https:\/\/denizcankizil.tr\/en\/haberler\/gundem\/mubadelenin-102nci-yili-kocaeli-izmitte-anilacak\/\" \/>\n<meta property=\"og:site_name\" content=\"Av. Deniz Can K\u0131z\u0131l\" \/>\n<meta property=\"article:published_time\" content=\"2025-01-27T15:41:36+00:00\" \/>\n<meta name=\"author\" content=\"admin\" \/>\n<meta name=\"twitter:card\" content=\"summary_large_image\" \/>\n<meta name=\"twitter:label1\" content=\"Written by\" \/>\n\t<meta name=\"twitter:data1\" content=\"admin\" \/>\n\t<meta name=\"twitter:label2\" content=\"Estimated reading time\" \/>\n\t<meta name=\"twitter:data2\" content=\"2 minutes\" \/>\n<script type=\"application\/ld+json\" class=\"yoast-schema-graph\">{\"@context\":\"https:\/\/schema.org\",\"@graph\":[{\"@type\":\"Article\",\"@id\":\"https:\/\/denizcankizil.tr\/en\/haberler\/gundem\/mubadelenin-102nci-yili-kocaeli-izmitte-anilacak\/#article\",\"isPartOf\":{\"@id\":\"https:\/\/denizcankizil.tr\/en\/haberler\/gundem\/mubadelenin-102nci-yili-kocaeli-izmitte-anilacak\/\"},\"author\":{\"name\":\"admin\",\"@id\":\"https:\/\/denizcankizil.tr\/#\/schema\/person\/be3c05fe6a12686905512445d8185489\"},\"headline\":\"M\u00fcbadelenin 102\u2019nci y\u0131l\u0131 Kocaeli \u0130zmit\u2019te an\u0131lacak\",\"datePublished\":\"2025-01-27T15:41:36+00:00\",\"mainEntityOfPage\":{\"@id\":\"https:\/\/denizcankizil.tr\/en\/haberler\/gundem\/mubadelenin-102nci-yili-kocaeli-izmitte-anilacak\/\"},\"wordCount\":494,\"commentCount\":0,\"publisher\":{\"@id\":\"https:\/\/denizcankizil.tr\/#organization\"},\"articleSection\":[\"G\u00fcndem\"],\"inLanguage\":\"en-GB\",\"potentialAction\":[{\"@type\":\"CommentAction\",\"name\":\"Comment\",\"target\":[\"https:\/\/denizcankizil.tr\/en\/haberler\/gundem\/mubadelenin-102nci-yili-kocaeli-izmitte-anilacak\/#respond\"]}]},{\"@type\":\"WebPage\",\"@id\":\"https:\/\/denizcankizil.tr\/en\/haberler\/gundem\/mubadelenin-102nci-yili-kocaeli-izmitte-anilacak\/\",\"url\":\"https:\/\/denizcankizil.tr\/en\/haberler\/gundem\/mubadelenin-102nci-yili-kocaeli-izmitte-anilacak\/\",\"name\":\"M\u00fcbadelenin 102\u2019nci y\u0131l\u0131 Kocaeli \u0130zmit\u2019te an\u0131lacak - Av. Deniz Can K\u0131z\u0131l\",\"isPartOf\":{\"@id\":\"https:\/\/denizcankizil.tr\/#website\"},\"datePublished\":\"2025-01-27T15:41:36+00:00\",\"breadcrumb\":{\"@id\":\"https:\/\/denizcankizil.tr\/en\/haberler\/gundem\/mubadelenin-102nci-yili-kocaeli-izmitte-anilacak\/#breadcrumb\"},\"inLanguage\":\"en-GB\",\"potentialAction\":[{\"@type\":\"ReadAction\",\"target\":[\"https:\/\/denizcankizil.tr\/en\/haberler\/gundem\/mubadelenin-102nci-yili-kocaeli-izmitte-anilacak\/\"]}]},{\"@type\":\"BreadcrumbList\",\"@id\":\"https:\/\/denizcankizil.tr\/en\/haberler\/gundem\/mubadelenin-102nci-yili-kocaeli-izmitte-anilacak\/#breadcrumb\",\"itemListElement\":[{\"@type\":\"ListItem\",\"position\":1,\"name\":\"Home\",\"item\":\"https:\/\/denizcankizil.tr\/de\/\"},{\"@type\":\"ListItem\",\"position\":2,\"name\":\"M\u00fcbadelenin 102\u2019nci y\u0131l\u0131 Kocaeli \u0130zmit\u2019te an\u0131lacak\"}]},{\"@type\":\"WebSite\",\"@id\":\"https:\/\/denizcankizil.tr\/#website\",\"url\":\"https:\/\/denizcankizil.tr\/\",\"name\":\"Av. Deniz Can K\u0131z\u0131l\",\"description\":\"Avukat Deniz Can K\u0131z\u0131l Antalya Barosu\",\"publisher\":{\"@id\":\"https:\/\/denizcankizil.tr\/#organization\"},\"potentialAction\":[{\"@type\":\"SearchAction\",\"target\":{\"@type\":\"EntryPoint\",\"urlTemplate\":\"https:\/\/denizcankizil.tr\/?s={search_term_string}\"},\"query-input\":{\"@type\":\"PropertyValueSpecification\",\"valueRequired\":true,\"valueName\":\"search_term_string\"}}],\"inLanguage\":\"en-GB\"},{\"@type\":\"Organization\",\"@id\":\"https:\/\/denizcankizil.tr\/#organization\",\"name\":\"Av. Deniz Can K\u0131z\u0131l\",\"url\":\"https:\/\/denizcankizil.tr\/\",\"logo\":{\"@type\":\"ImageObject\",\"inLanguage\":\"en-GB\",\"@id\":\"https:\/\/denizcankizil.tr\/#\/schema\/logo\/image\/\",\"url\":\"https:\/\/denizcankizil.tr\/wp-content\/uploads\/2024\/10\/siyah-logo-svg.svg\",\"contentUrl\":\"https:\/\/denizcankizil.tr\/wp-content\/uploads\/2024\/10\/siyah-logo-svg.svg\",\"width\":1080,\"height\":1080,\"caption\":\"Av. Deniz Can K\u0131z\u0131l\"},\"image\":{\"@id\":\"https:\/\/denizcankizil.tr\/#\/schema\/logo\/image\/\"}},{\"@type\":\"Person\",\"@id\":\"https:\/\/denizcankizil.tr\/#\/schema\/person\/be3c05fe6a12686905512445d8185489\",\"name\":\"admin\",\"image\":{\"@type\":\"ImageObject\",\"inLanguage\":\"en-GB\",\"@id\":\"https:\/\/denizcankizil.tr\/#\/schema\/person\/image\/\",\"url\":\"https:\/\/secure.gravatar.com\/avatar\/c1fce94c830dc79107e174f890d7210541c4a63e8e5d816341794a2151c9d58c?s=96&d=mm&r=g\",\"contentUrl\":\"https:\/\/secure.gravatar.com\/avatar\/c1fce94c830dc79107e174f890d7210541c4a63e8e5d816341794a2151c9d58c?s=96&d=mm&r=g\",\"caption\":\"admin\"},\"sameAs\":[\"http:\/\/denizcankizil.tr\"],\"url\":\"https:\/\/www.iskenderun.org\/mubadelenin-102nci-yili-kocaeli-izmitte-anilacak\"}]}<\/script>\n<!-- \/ Yoast SEO Premium plugin. -->","yoast_head_json":{"title":"M\u00fcbadelenin 102\u2019nci y\u0131l\u0131 Kocaeli \u0130zmit\u2019te an\u0131lacak - Av. Deniz Can K\u0131z\u0131l","robots":{"index":"index","follow":"follow","max-snippet":"max-snippet:-1","max-image-preview":"max-image-preview:large","max-video-preview":"max-video-preview:-1"},"canonical":"https:\/\/denizcankizil.tr\/en\/haberler\/gundem\/mubadelenin-102nci-yili-kocaeli-izmitte-anilacak\/","og_locale":"en_GB","og_type":"article","og_title":"M\u00fcbadelenin 102\u2019nci y\u0131l\u0131 Kocaeli \u0130zmit\u2019te an\u0131lacak","og_description":"Kocaeli \u0130zmit Belediyesi, Lozan M\u00fcbadelesinin 102\u2019nci y\u0131l d\u00f6n\u00fcm\u00fc dolay\u0131s\u0131yla 30 Ocak Per\u015fembe g\u00fcn\u00fc saat 18.30\u2019da Balkan Dernekleri Yerle\u015fkesi\u2019nde anma program\u0131 d\u00fczenleyecek.KOCAEL\u0130 (\u0130GFA) &#8211;\u00a0\u0130zmit Belediyesi, 1923 y\u0131l\u0131nda imzalanan Lozan M\u00fcbadele S\u00f6zle\u015fmesi\u2019nin 102\u2019nci y\u0131l d\u00f6n\u00fcm\u00fc dolay\u0131s\u0131yla anma program\u0131 d\u00fczenleyerek vatanlar\u0131ndan g\u00f6\u00e7en M\u00fcsl\u00fcman\/T\u00fcrk m\u00fcbadilleri anarak g\u00f6\u00e7 ile ya\u015fad\u0131klar\u0131 ac\u0131ya bir kez daha ortak olacak. Balkan Dernekleri ile fikir al\u0131\u015fveri\u015fi yap\u0131larak haz\u0131rlanan program 30 Ocak Per\u015fembe g\u00fcn\u00fc saat 18.30\u2019da Balkan Dernekleri Yerle\u015fkesi\u2019nde kavurma ve pilav ikram\u0131 ile ba\u015flayacak.\u00a0 S\u00d6YLE\u015e\u0130 \u0130LE TAR\u0130HE YOLCULUK Program\u0131n a\u00e7\u0131l\u0131\u015f\u0131n\u0131n ard\u0131ndan, Kocaeli \u00dcniversitesi Fen-Edebiyat Fak\u00fcltesi Tarih B\u00f6l\u00fcm\u00fc\u2019nden Do\u00e7. Dr. Esma Torun \u00c7elik\u2019in moderat\u00f6rl\u00fc\u011f\u00fcnde bir s\u00f6yle\u015fi ger\u00e7ekle\u015ftirilecek. S\u00f6yle\u015fide, Bat\u0131 Trakya T\u00fcrkleri Dayan\u0131\u015fma Derne\u011fi 27. Genel Ba\u015fkan\u0131 Av. Burhaneddin Hakg\u00fcder ile \u0130stanbul \u00dcniversitesi Edebiyat Fak\u00fcltesi Tarih B\u00f6l\u00fcm\u00fc \u00d6\u011fretim \u00dcyesi Prof. Dr. Cezmi Eraslan konu\u015fmac\u0131 olarak yer alacak. KENT ORKESTRASINDAN BALKAN EZG\u0130LER\u0130 S\u00f6yle\u015fi sonras\u0131nda \u0130zmit Belediyesi Kent Orkestras\u0131, Balkan ezgilerinden olu\u015fan bir konserle geceye renk katacak. Ayr\u0131ca, etkinlik boyunca &#8220;Bir F\u0131rt\u0131na Tuttu Bizi&#8221; adl\u0131 M\u00fcbadele temal\u0131 foto\u011fraf sergisi ziyarete a\u00e7\u0131k olacak. \u200bKocaeli \u0130zmit Belediyesi, Lozan M\u00fcbadelesinin 102\u2019nci y\u0131l d\u00f6n\u00fcm\u00fc dolay\u0131s\u0131yla 30 Ocak Per\u015fembe g\u00fcn\u00fc saat 18.30\u2019da Balkan Dernekleri Yerle\u015fkesi\u2019nde anma program\u0131 d\u00fczenleyecek.KOCAEL\u0130 (\u0130GFA) &#8211;\u00a0\u0130zmit Belediyesi, 1923 y\u0131l\u0131nda imzalanan Lozan M\u00fcbadele S\u00f6zle\u015fmesi\u2019nin 102\u2019nci y\u0131l d\u00f6n\u00fcm\u00fc dolay\u0131s\u0131yla anma program\u0131 d\u00fczenleyerek vatanlar\u0131ndan g\u00f6\u00e7en M\u00fcsl\u00fcman\/T\u00fcrk m\u00fcbadilleri anarak &hellip;","og_url":"https:\/\/denizcankizil.tr\/en\/haberler\/gundem\/mubadelenin-102nci-yili-kocaeli-izmitte-anilacak\/","og_site_name":"Av. Deniz Can K\u0131z\u0131l","article_published_time":"2025-01-27T15:41:36+00:00","author":"admin","twitter_card":"summary_large_image","twitter_misc":{"Written by":"admin","Estimated reading time":"2 minutes"},"schema":{"@context":"https:\/\/schema.org","@graph":[{"@type":"Article","@id":"https:\/\/denizcankizil.tr\/en\/haberler\/gundem\/mubadelenin-102nci-yili-kocaeli-izmitte-anilacak\/#article","isPartOf":{"@id":"https:\/\/denizcankizil.tr\/en\/haberler\/gundem\/mubadelenin-102nci-yili-kocaeli-izmitte-anilacak\/"},"author":{"name":"admin","@id":"https:\/\/denizcankizil.tr\/#\/schema\/person\/be3c05fe6a12686905512445d8185489"},"headline":"M\u00fcbadelenin 102\u2019nci y\u0131l\u0131 Kocaeli \u0130zmit\u2019te an\u0131lacak","datePublished":"2025-01-27T15:41:36+00:00","mainEntityOfPage":{"@id":"https:\/\/denizcankizil.tr\/en\/haberler\/gundem\/mubadelenin-102nci-yili-kocaeli-izmitte-anilacak\/"},"wordCount":494,"commentCount":0,"publisher":{"@id":"https:\/\/denizcankizil.tr\/#organization"},"articleSection":["G\u00fcndem"],"inLanguage":"en-GB","potentialAction":[{"@type":"CommentAction","name":"Comment","target":["https:\/\/denizcankizil.tr\/en\/haberler\/gundem\/mubadelenin-102nci-yili-kocaeli-izmitte-anilacak\/#respond"]}]},{"@type":"WebPage","@id":"https:\/\/denizcankizil.tr\/en\/haberler\/gundem\/mubadelenin-102nci-yili-kocaeli-izmitte-anilacak\/","url":"https:\/\/denizcankizil.tr\/en\/haberler\/gundem\/mubadelenin-102nci-yili-kocaeli-izmitte-anilacak\/","name":"M\u00fcbadelenin 102\u2019nci y\u0131l\u0131 Kocaeli \u0130zmit\u2019te an\u0131lacak - Av. Deniz Can K\u0131z\u0131l","isPartOf":{"@id":"https:\/\/denizcankizil.tr\/#website"},"datePublished":"2025-01-27T15:41:36+00:00","breadcrumb":{"@id":"https:\/\/denizcankizil.tr\/en\/haberler\/gundem\/mubadelenin-102nci-yili-kocaeli-izmitte-anilacak\/#breadcrumb"},"inLanguage":"en-GB","potentialAction":[{"@type":"ReadAction","target":["https:\/\/denizcankizil.tr\/en\/haberler\/gundem\/mubadelenin-102nci-yili-kocaeli-izmitte-anilacak\/"]}]},{"@type":"BreadcrumbList","@id":"https:\/\/denizcankizil.tr\/en\/haberler\/gundem\/mubadelenin-102nci-yili-kocaeli-izmitte-anilacak\/#breadcrumb","itemListElement":[{"@type":"ListItem","position":1,"name":"Home","item":"https:\/\/denizcankizil.tr\/de\/"},{"@type":"ListItem","position":2,"name":"M\u00fcbadelenin 102\u2019nci y\u0131l\u0131 Kocaeli \u0130zmit\u2019te an\u0131lacak"}]},{"@type":"WebSite","@id":"https:\/\/denizcankizil.tr\/#website","url":"https:\/\/denizcankizil.tr\/","name":"Av. Deniz Can K\u0131z\u0131l","description":"Avukat Deniz Can K\u0131z\u0131l Antalya Barosu","publisher":{"@id":"https:\/\/denizcankizil.tr\/#organization"},"potentialAction":[{"@type":"SearchAction","target":{"@type":"EntryPoint","urlTemplate":"https:\/\/denizcankizil.tr\/?s={search_term_string}"},"query-input":{"@type":"PropertyValueSpecification","valueRequired":true,"valueName":"search_term_string"}}],"inLanguage":"en-GB"},{"@type":"Organization","@id":"https:\/\/denizcankizil.tr\/#organization","name":"Av. Deniz Can K\u0131z\u0131l","url":"https:\/\/denizcankizil.tr\/","logo":{"@type":"ImageObject","inLanguage":"en-GB","@id":"https:\/\/denizcankizil.tr\/#\/schema\/logo\/image\/","url":"https:\/\/denizcankizil.tr\/wp-content\/uploads\/2024\/10\/siyah-logo-svg.svg","contentUrl":"https:\/\/denizcankizil.tr\/wp-content\/uploads\/2024\/10\/siyah-logo-svg.svg","width":1080,"height":1080,"caption":"Av. Deniz Can K\u0131z\u0131l"},"image":{"@id":"https:\/\/denizcankizil.tr\/#\/schema\/logo\/image\/"}},{"@type":"Person","@id":"https:\/\/denizcankizil.tr\/#\/schema\/person\/be3c05fe6a12686905512445d8185489","name":"admin","image":{"@type":"ImageObject","inLanguage":"en-GB","@id":"https:\/\/denizcankizil.tr\/#\/schema\/person\/image\/","url":"https:\/\/secure.gravatar.com\/avatar\/c1fce94c830dc79107e174f890d7210541c4a63e8e5d816341794a2151c9d58c?s=96&d=mm&r=g","contentUrl":"https:\/\/secure.gravatar.com\/avatar\/c1fce94c830dc79107e174f890d7210541c4a63e8e5d816341794a2151c9d58c?s=96&d=mm&r=g","caption":"admin"},"sameAs":["http:\/\/denizcankizil.tr"],"url":"https:\/\/www.iskenderun.org\/mubadelenin-102nci-yili-kocaeli-izmitte-anilacak"}]}},"_links":{"self":[{"href":"https:\/\/denizcankizil.tr\/en\/wp-json\/wp\/v2\/posts\/27939","targetHints":{"allow":["GET"]}}],"collection":[{"href":"https:\/\/denizcankizil.tr\/en\/wp-json\/wp\/v2\/posts"}],"about":[{"href":"https:\/\/denizcankizil.tr\/en\/wp-json\/wp\/v2\/types\/post"}],"author":[{"embeddable":true,"href":"https:\/\/denizcankizil.tr\/en\/wp-json\/wp\/v2\/users\/1"}],"replies":[{"embeddable":true,"href":"https:\/\/denizcankizil.tr\/en\/wp-json\/wp\/v2\/comments?post=27939"}],"version-history":[{"count":0,"href":"https:\/\/denizcankizil.tr\/en\/wp-json\/wp\/v2\/posts\/27939\/revisions"}],"wp:attachment":[{"href":"https:\/\/denizcankizil.tr\/en\/wp-json\/wp\/v2\/media?parent=27939"}],"wp:term":[{"taxonomy":"category","embeddable":true,"href":"https:\/\/denizcankizil.tr\/en\/wp-json\/wp\/v2\/categories?post=27939"},{"taxonomy":"post_tag","embeddable":true,"href":"https:\/\/denizcankizil.tr\/en\/wp-json\/wp\/v2\/tags?post=27939"}],"curies":[{"name":"wp","href":"https:\/\/api.w.org\/{rel}","templated":true}]}}