{"id":27891,"date":"2025-01-27T14:56:42","date_gmt":"2025-01-27T11:56:42","guid":{"rendered":"https:\/\/denizcankizil.tr\/uncategorized-tr\/kat-maliklerinin-olaganustu-genel-kurulu-iptal-davalari\/"},"modified":"2025-01-27T14:56:42","modified_gmt":"2025-01-27T11:56:42","slug":"kat-maliklerinin-olaganustu-genel-kurulu-iptal-davalari","status":"publish","type":"post","link":"https:\/\/denizcankizil.tr\/en\/koseyazilari\/degerlendirme\/kat-maliklerinin-olaganustu-genel-kurulu-iptal-davalari\/","title":{"rendered":"Kat Maliklerinin Ola\u011fan\u00fcst\u00fc Genel Kurulu: \u0130ptal Davalar\u0131"},"content":{"rendered":"<p> <strong>Kat Maliklerinin Ola\u011fan\u00fcst\u00fc\u2063 Genel Kurulu: \u200d\u0130ptal Davalar\u0131 \u00dczerine Bir \u0130nceleme<\/strong><\/p>\n<p>Kat m\u00fclkiyeti, modern \u015fehir\u2063 ya\u015fam\u0131n\u0131n vazge\u00e7ilmez bir unsuru \u2062haline gelmi\u015f olup, bu yap\u0131lar\u0131n y\u00f6netimi ve kat malikleri aras\u0131ndaki ili\u015fkiler, hukuki d\u00fczenlemelerle belirlenmi\u015ftir. Kat\u2064 maliklerinin ola\u011fan\u00fcst\u00fc genel kurulu, bu ili\u015fkilerin d\u00fczenlenmesinde kritik bir rol oynamaktad\u0131r. \u2062Ancak, bu t\u00fcr \u2064toplant\u0131lar\u0131n ger\u00e7ekle\u015ftirilmesi \u200ds\u0131ras\u0131nda\u2063 al\u0131nan \u2063kararlar, zaman \u200bzaman \u200bhukuki ihtilaflara yol a\u00e7makta ve iptal davalar\u0131n\u0131n g\u00fcndeme gelmesine neden olmaktad\u0131r. Bu makalede, kat \u200cmaliklerinin \u200bola\u011fan\u00fcst\u00fc genel \u2064kurulunda al\u0131nan \u2063kararlar\u0131n iptali konusundaki hukuki \u200cs\u00fcre\u00e7ler, Yarg\u0131tay\u200b i\u00e7tihatlar\u0131 \u0131\u015f\u0131\u011f\u0131nda ele al\u0131nacak; iptal davalar\u0131n\u0131n \u200cdayanaklar\u0131, s\u00fcreci\u200c ve\u2064 sonu\u00e7lar\u0131 detayl\u0131 \u2063bir \u2063\u015fekilde incelenecektir. Bu ba\u011flamda, kat m\u00fclkiyeti \u2062hukukunun\u2062 dinamikleri ve <a href=\"https:\/\/denizcankizil.tr\/en\/hukukihaber\/aymnin-2020-19601-basvuru-numarali-karari\/\" title=\"AYM&#039;nin 2020\/19601 ba\u015fvuru numaral\u0131 karar\u0131\">kat maliklerinin<\/a> haklar\u0131 ile y\u00fck\u00fcml\u00fcl\u00fckleri aras\u0131ndaki dengeyi \u2064anlamak, hem akademik hem \u200cde pratik a\u00e7\u0131dan \u00f6nemli bir gereklilik olarak kar\u015f\u0131m\u0131za \u00e7\u0131kmaktad\u0131r.<br \/><img decoding=\"async\" class=\"kimage_class lazyload\" data-src=\"https:\/\/denizcankizil.tr\/wp-content\/uploads\/2024\/10\/4382-antalyada-ticaret-hukuku-avukatlarinin-yetki-alanlari.jpg\" alt=\"Kat Maliklerinin Ola\u011fan\u00fcst\u00fc Genel Kurulu Kavram\u0131 ve \u00d6nemi\" src=\"data:image\/svg+xml;base64,PHN2ZyB3aWR0aD0iMSIgaGVpZ2h0PSIxIiB4bWxucz0iaHR0cDovL3d3dy53My5vcmcvMjAwMC9zdmciPjwvc3ZnPg==\"><\/p>\n<h2 id=\"kat-maliklerinin-olaganustu-genel-kurulu-kavrami-ve-onemi\">Kat Maliklerinin Ola\u011fan\u00fcst\u00fc \u200cGenel Kurulu Kavram\u0131 ve \u00d6nemi<\/h2>\n<p><strong>Kat maliklerinin ola\u011fan\u00fcst\u00fc genel kurulu<\/strong>, \u200bkat m\u00fclkiyeti \u200csisteminin i\u015fleyi\u015finde kritik bir rol oynamaktad\u0131r. Bu t\u00fcr\u2064 toplant\u0131lar, ola\u011fan \u2064genel kurullarda ele al\u0131namayan acil ve \u2063\u00f6nemli konular\u0131n g\u00f6r\u00fc\u015f\u00fclmesi amac\u0131yla\u200b toplan\u0131r.\u200b Kat\u200d malikleri, bu toplant\u0131larda, ortak alanlar\u0131n y\u00f6netimi, bak\u0131m \u200dve onar\u0131m gibi\u2062 konular \u00fczerinde kararlar alarak, m\u00fclklerinin\u2064 de\u011ferini koruma ve art\u0131rma f\u0131rsat\u0131 bulurlar.<\/p>\n<p>Ola\u011fan\u00fcst\u00fc genel kurulun \u200c\u00f6nemi, \u200ckat malikleri aras\u0131ndaki ileti\u015fimi g\u00fc\u00e7lendirmesi ve \u2062ortak sorunlara h\u0131zl\u0131 \u00e7\u00f6z\u00fcmler \u00fcretebilmesidir. Bu toplant\u0131lar, \u200dkat malikleri aras\u0131nda i\u015fbirli\u011fi ve dayan\u0131\u015fma sa\u011flarken, ayn\u0131 zamanda m\u00fclk y\u00f6netiminde \u015feffafl\u0131k ve hesap verebilirlik \u200dilkelerini de peki\u015ftirir. Kat maliklerinin, \u2062bu\u200c t\u00fcr toplant\u0131lara \u2063kat\u0131l\u0131m g\u00f6stermesi, m\u00fclklerinin y\u00f6netiminde s\u00f6z sahibi olmalar\u0131 a\u00e7\u0131s\u0131ndan b\u00fcy\u00fck bir f\u0131rsatt\u0131r.<\/p>\n<p>Ola\u011fan\u00fcst\u00fc\u200d genel kurulda al\u0131nan kararlar\u0131n, kat malikleri taraf\u0131ndan itiraz edilebilmesi, bu toplant\u0131lar\u0131n \u2062hukuki a\u00e7\u0131dan da \u00f6nemini \u200bart\u0131rmaktad\u0131r. \u0130ptal davalar\u0131, kat maliklerinin haklar\u0131n\u0131 koruma ve y\u00f6netim s\u00fcre\u00e7lerinde adaletin\u200b sa\u011flanmas\u0131 a\u00e7\u0131s\u0131ndan \u00f6nemli bir mekanizma\u200b olarak \u00f6ne\u2062 \u00e7\u0131kmaktad\u0131r. Bu \u200bnedenle, kat maliklerinin ola\u011fan\u00fcst\u00fc genel \u200bkurullara\u200b kat\u0131l\u0131m\u0131 ve al\u0131nan kararlar\u0131n dikkatle incelenmesi, m\u00fclk\u200d y\u00f6netiminde sa\u011fl\u0131kl\u0131 bir i\u015fleyi\u015fin s\u00fcrd\u00fcr\u00fclmesi i\u00e7in elzemdir.<\/p>\n<p><img decoding=\"async\" class=\"kimage_class lazyload\" data-src=\"https:\/\/denizcankizil.tr\/wp-content\/uploads\/2024\/10\/IIKHg-253D.jpg\" alt=\"Ola\u011fan\u00fcst\u00fc Genel Kurul Toplant\u0131lar\u0131n\u0131n Hukuki Dayana\u011f\u0131\" src=\"data:image\/svg+xml;base64,PHN2ZyB3aWR0aD0iMSIgaGVpZ2h0PSIxIiB4bWxucz0iaHR0cDovL3d3dy53My5vcmcvMjAwMC9zdmciPjwvc3ZnPg==\"><\/p>\n<h2 id=\"olaganustu-genel-kurul-toplantilarinin-hukuki-dayanagi\">Ola\u011fan\u00fcst\u00fc Genel Kurul Toplant\u0131lar\u0131n\u0131n Hukuki Dayana\u011f\u0131<\/h2>\n<p>Ola\u011fan\u00fcst\u00fc genel kurul toplant\u0131lar\u0131, kat malikleri i\u00e7in \u00f6nemli \u2062bir hukuki dayanak te\u015fkil \u2064etmektedir.\u200b Bu toplant\u0131lar, genellikle acil durumlar veya ola\u011fan s\u00fcre\u00e7lerin d\u0131\u015f\u0131nda kalan meselelerin\u200d \u00e7\u00f6z\u00fcm\u00fc \u200bamac\u0131yla toplan\u0131r. Kat m\u00fclkiyeti kanunu \u00e7er\u00e7evesinde, ola\u011fan\u00fcst\u00fc genel kurulun toplanabilmesi\u200d i\u00e7in belirli\u2062 \u015fartlar\u0131n sa\u011flanmas\u0131 gerekmektedir. Bu \u015fartlar, kat maliklerinin\u2064 haklar\u0131n\u0131n korunmas\u0131\u200d ve y\u00f6netim s\u00fcre\u00e7lerinin \u015feffaf bir \u2063\u015fekilde y\u00fcr\u00fct\u00fclmesi a\u00e7\u0131s\u0131ndan kritik \u00f6neme\u2064 sahiptir.<\/p>\n<p>, <strong>Turkish Civil Code<\/strong> ve <strong>Kat\u2064 M\u00fclkiyeti Kanunu<\/strong> gibi mevzuatlarda a\u00e7\u0131k\u00e7a belirtilmi\u015ftir. \u2063Bu mevzuatlar, \u2064kat maliklerinin bir araya gelerek ortak kararlar alabilmesi i\u00e7in \u200cgerekli olan usul \u200dve esaslar\u0131 d\u00fczenlemektedir. Toplant\u0131n\u0131n ge\u00e7erlili\u011fi i\u00e7in, kat maliklerinin belirli bir \u00e7o\u011funlu\u011funun kat\u0131l\u0131m\u0131 ve al\u0131nacak kararlar\u0131n \u2062belirli bir oy \u00e7oklu\u011fuyla onaylanmas\u0131 gerekmektedir.<\/p>\n<p>Ola\u011fan\u00fcst\u00fc genel kurul toplant\u0131lar\u0131nda al\u0131nan kararlar, kat maliklerinin \u2064haklar\u0131n\u0131 do\u011frudan etkileyebilece\u011finden, \u200dbu kararlar\u0131n iptali i\u00e7in dava a\u00e7ma hakk\u0131 da bulunmaktad\u0131r. \u2063\u0130ptal davalar\u0131, kat maliklerinin toplant\u0131 \u2062s\u00fcre\u00e7lerinde ya\u015fanan\u200c usuls\u00fczl\u00fckler veya hukuka ayk\u0131r\u0131l\u0131k durumlar\u0131nda ba\u015fvurabilecekleri bir\u2062 yoldur.\u2062 Bu ba\u011flamda, kat \u2062maliklerinin haklar\u0131n\u0131 korumak \u2064amac\u0131yla, n\u0131n iyi \u200canla\u015f\u0131lmas\u0131 ve gerekti\u011finde hukuki yollara ba\u015fvurulmas\u0131 \u2064\u00f6nem arz etmektedir.<\/p>\n<p><img decoding=\"async\" class=\"kimage_class lazyload\" data-src=\"https:\/\/denizcankizil.tr\/wp-content\/uploads\/2024\/10\/o04aha.jpg\" alt=\"\u0130ptal Davalar\u0131n\u0131n Tan\u0131m\u0131 ve Hukuki S\u00fcreci\" src=\"data:image\/svg+xml;base64,PHN2ZyB3aWR0aD0iMSIgaGVpZ2h0PSIxIiB4bWxucz0iaHR0cDovL3d3dy53My5vcmcvMjAwMC9zdmciPjwvc3ZnPg==\"><\/p>\n<h2 id=\"iptal-davalarinin-tanimi-ve-hukuki-sureci\">\u0130ptal Davalar\u0131n\u0131n Tan\u0131m\u0131\u2062 ve Hukuki S\u00fcreci<\/h2>\n<p><strong>\u0130ptal\u200c davalar\u0131<\/strong>, kat malikleri aras\u0131nda meydana gelen uyu\u015fmazl\u0131klar\u0131n \u00e7\u00f6z\u00fcm\u00fcnde\u200b \u00f6nemli\u2063 bir rol oynamaktad\u0131r. Bu t\u00fcr davalar, genellikle ola\u011fan\u00fcst\u00fc genel kurul kararlar\u0131n\u0131n hukuka ayk\u0131r\u0131 oldu\u011fu iddias\u0131yla a\u00e7\u0131lmaktad\u0131r. \u0130ptal davas\u0131, \u2062kat m\u00fclkiyeti hukukunun temel unsurlar\u0131ndan\u200d biri olup, kat maliklerinin haklar\u0131n\u0131 \u200ckoruma amac\u0131 ta\u015f\u0131maktad\u0131r.<\/p>\n<p>\u0130ptal davalar\u0131n\u0131n hukuki s\u00fcreci, belirli a\u015famalardan\u200b olu\u015fmaktad\u0131r. Bu a\u015famalar\u2062 \u015funlard\u0131r:<\/p>\n<ul>\n<li><strong>Dava A\u00e7ma:<\/strong> Kat\u200c malikleri, ola\u011fan\u00fcst\u00fc genel kurulda al\u0131nan kararlar\u0131n iptali i\u00e7in mahkemeye ba\u015fvurabilirler.<\/li>\n<li><strong>\u0130tiraz S\u00fcreci:<\/strong> \u200dDava a\u00e7\u0131lmadan \u00f6nce, \u200ckat maliklerinin itiraz haklar\u0131n\u0131 kullanmalar\u0131 \u00f6nemlidir.<\/li>\n<li><strong>Mahkeme \u0130ncelemesi:<\/strong> Mahkeme, davan\u0131n\u200c kabul\u200d edilip\u200c edilmeyece\u011fine karar\u200d verirken, \u2062ilgili\u200b belgeleri ve delilleri de\u011ferlendirir.<\/li>\n<li><strong>Karar\u200b S\u00fcreci:<\/strong> Mahkeme, iptal davas\u0131 sonucunda ya karar verir ya da davay\u0131 reddedebilir.<\/li>\n<\/ul>\n<p>Bu s\u00fcre\u00e7, kat maliklerinin haklar\u0131n\u0131n korunmas\u0131 ve \u2062hukukun \u00fcst\u00fcnl\u00fc\u011f\u00fcn\u00fcn sa\u011flanmas\u0131 a\u00e7\u0131s\u0131ndan b\u00fcy\u00fck bir\u200c \u00f6neme \u2064sahiptir. \u0130ptal davalar\u0131, kat m\u00fclkiyeti sisteminin i\u015fleyi\u015fini g\u00fcvence alt\u0131na alarak, kat maliklerinin ortak ya\u015fam\u2064 alanlar\u0131ndaki haklar\u0131n\u0131 korumaktad\u0131r.<\/p>\n<p><img decoding=\"async\" class=\"kimage_class lazyload\" data-src=\"https:\/\/denizcankizil.tr\/wp-content\/uploads\/2024\/10\/1024-1.jpg\" alt=\"Kat Malikleri Taraf\u0131ndan \u0130ptal Davas\u0131 A\u00e7ma Sebepleri\" src=\"data:image\/svg+xml;base64,PHN2ZyB3aWR0aD0iMSIgaGVpZ2h0PSIxIiB4bWxucz0iaHR0cDovL3d3dy53My5vcmcvMjAwMC9zdmciPjwvc3ZnPg==\"><\/p>\n<h2 id=\"kat-malikleri-tarafindan-iptal-davasi-acma-sebepleri\">Kat Malikleri \u2063Taraf\u0131ndan \u0130ptal Davas\u0131 A\u00e7ma Sebepleri<\/h2>\n<p>Kat malikleri,\u2064 ola\u011fan\u00fcst\u00fc genel kurul toplant\u0131lar\u0131nda al\u0131nan kararlar\u0131n iptali i\u00e7in \u00e7e\u015fitli sebeplerle dava a\u00e7ma hakk\u0131na\u2064 sahiptir. Bu davalar\u0131n a\u00e7\u0131lmas\u0131nda en s\u0131k\u200d kar\u015f\u0131la\u015f\u0131lan sebepler aras\u0131nda \u015funlar yer almaktad\u0131r:<\/p>\n<ul>\n<li><strong>Kararlar\u0131n \u200dHukuka Ayk\u0131r\u0131l\u0131\u011f\u0131:<\/strong> Genel kurulda al\u0131nan kararlar\u0131n, y\u00fcr\u00fcrl\u00fckteki kanunlara veya y\u00f6netim\u200b plan\u0131na ayk\u0131r\u0131 olmas\u0131 durumunda, kat malikleri iptal davas\u0131 \u200ca\u00e7abilirler.<\/li>\n<li><strong>Karar Alma Usul\u00fcne \u2063Ayk\u0131r\u0131l\u0131k:<\/strong> Genel kurul\u200b toplant\u0131s\u0131nda karar \u2062alma usul\u00fcn\u00fcn ihlal edilmesi, \u00f6rne\u011fin yeterli \u00e7o\u011funlu\u011fun sa\u011flanmamas\u0131 gibi durumlar, iptal davas\u0131 a\u00e7ma sebebi olu\u015fturur.<\/li>\n<li><strong>Kat Malikleri Aras\u0131nda E\u015fitlik \u0130lkelerinin \u0130hlali:<\/strong> Kat malikleri aras\u0131nda e\u015fitlik ilkesinin \u2063ihlal edilmesi, baz\u0131 kat\u200c maliklerinin di\u011ferlerine g\u00f6re haks\u0131z bir avantaj elde etmesi, iptal \u2063davas\u0131 \u200ca\u00e7\u0131lmas\u0131na neden olabilir.<\/li>\n<li><strong>Toplant\u0131 \u0130htiya\u00e7lar\u0131n\u0131n Yerine Getirilmemesi:<\/strong> Ola\u011fan\u00fcst\u00fc \u2064genel kurul toplant\u0131s\u0131n\u0131n, kat maliklerinin ihtiya\u00e7lar\u0131n\u0131 \u200bkar\u015f\u0131lamamas\u0131 veya \u2063gerekli\u2064 bilgilendirmelerin yap\u0131lmamas\u0131 da iptal davas\u0131 a\u00e7ma gerek\u00e7eleri aras\u0131nda say\u0131labilir.<\/li>\n<\/ul>\n<p>Bu sebepler, kat maliklerinin haklar\u0131n\u0131\u200b koruma amac\u0131 ta\u015f\u0131makta olup,\u200c iptal davalar\u0131n\u0131n a\u00e7\u0131lmas\u0131, kat m\u00fclkiyeti sisteminin sa\u011fl\u0131kl\u0131 i\u015flemesi a\u00e7\u0131s\u0131ndan\u2064 b\u00fcy\u00fck \u2062\u00f6nem arz etmektedir. Kat malikleri, bu t\u00fcr davalar\u0131 \u200ba\u00e7arken, hukuki \u200cs\u00fcre\u00e7leri dikkatlice takip etmeli ve gerekli belgeleri eksiksiz \u200dsunmal\u0131d\u0131r.<\/p>\n<p><img decoding=\"async\" class=\"kimage_class lazyload\" data-src=\"https:\/\/denizcankizil.tr\/wp-content\/uploads\/2024\/10\/4698-d180d0bed0bbd18c-d0b0d0b4d0b2d0bed0bad0b0d182d0b0-d0b2-d0b4d0b5d0bbd0b0d185-d0be-d0b3d180d0b0d0b6d0b4d0b0d0bdd181d182d0b2d0b5-d0b8-d0b8.jpg\" alt=\"Yarg\u0131tay \u2063\u0130\u00e7tihatlar\u0131 I\u015f\u0131\u011f\u0131nda \u0130ptal Davalar\u0131n\u0131n\u2064 De\u011ferlendirilmesi\" src=\"data:image\/svg+xml;base64,PHN2ZyB3aWR0aD0iMSIgaGVpZ2h0PSIxIiB4bWxucz0iaHR0cDovL3d3dy53My5vcmcvMjAwMC9zdmciPjwvc3ZnPg==\"><\/p>\n<h2 id=\"yargitay-ictihatlari-isiginda-iptal-davalarinin-degerlendirilmesi\">Yarg\u0131tay \u0130\u00e7tihatlar\u0131 I\u015f\u0131\u011f\u0131nda \u0130ptal Davalar\u0131n\u0131n\u2063 De\u011ferlendirilmesi<\/h2>\n<p>Kat \u2062maliklerinin ola\u011fan\u00fcst\u00fc genel kurulu, kat m\u00fclkiyeti sisteminin \u00f6nemli bir par\u00e7as\u0131n\u0131 \u200bolu\u015fturmakta olup, bu toplant\u0131larda al\u0131nan kararlar\u0131n iptali, \u00e7e\u015fitli \u200dhukuki\u2063 sebeplerle g\u00fcndeme gelebilmektedir. \u0130ptal davalar\u0131, \u2063genel kurul kararlar\u0131n\u0131n hukuka uygunlu\u011funu \u200cdenetlemek amac\u0131yla a\u00e7\u0131lan davalard\u0131r. Bu ba\u011flamda, Yarg\u0131tay i\u00e7tihatlar\u0131,\u200d iptal\u2063 davalar\u0131n\u0131n de\u011ferlendirilmesinde \u00f6nemli bir\u200d rehberlik sa\u011flamaktad\u0131r.<\/p>\n<p>Yarg\u0131tay, kat maliklerinin ola\u011fan\u00fcst\u00fc genel kurulunda al\u0131nan kararlar\u0131n iptali\u200b konusunda, \u00f6zellikle karar\u0131n al\u0131nma \u015fekli, kat maliklerinin haklar\u0131n\u0131n ihlali ve genel kurulun yetki a\u015f\u0131m\u0131 gibi hususlara dikkat etmektedir. \u0130ptal davalar\u0131nda, a\u015fa\u011f\u0131daki unsurlar\u0131n varl\u0131\u011f\u0131, Yarg\u0131tay taraf\u0131ndan s\u0131kl\u0131kla g\u00f6z \u00f6n\u00fcnde bulundurulmaktad\u0131r:<\/p>\n<ul>\n<li><strong>Karar\u0131n\u200d hukuka \u200dayk\u0131r\u0131l\u0131\u011f\u0131:<\/strong> Genel\u2062 kurul karar\u0131n\u0131n, kat m\u00fclkiyeti kanununa veya di\u011fer ilgili mevzuatlara ayk\u0131r\u0131 olmas\u0131 durumunda iptal davas\u0131 a\u00e7\u0131labilir.<\/li>\n<li><strong>Kat maliklerinin haklar\u0131n\u0131n ihlali:<\/strong> Karar\u0131n, kat maliklerinin e\u015fitlik ilkesine ayk\u0131r\u0131 bir\u2063 \u015fekilde al\u0131nmas\u0131, \u2064iptal sebebi te\u015fkil edebilir.<\/li>\n<li><strong>Yetki a\u015f\u0131m\u0131:<\/strong> \u200c Genel kurulun, kendi yetkileri d\u0131\u015f\u0131nda \u200dbir karar almas\u0131 durumunda, bu karar\u0131n\u200d iptali talep edilebilir.<\/li>\n<\/ul>\n<p>Sonu\u00e7 olarak, kat maliklerinin ola\u011fan\u00fcst\u00fc genel kurulunda \u2064al\u0131nan kararlar\u0131n iptali, Yarg\u0131tay \u200bi\u00e7tihatlar\u0131 \u200b\u0131\u015f\u0131\u011f\u0131nda \u2062titizlikle incelenmekte ve hukukun \u00fcst\u00fcnl\u00fc\u011f\u00fc ilkesi\u2063 \u00e7er\u00e7evesinde de\u011ferlendirilmektedir. Bu nedenle, kat maliklerinin haklar\u0131n\u0131 korumak amac\u0131yla\u200c iptal\u2064 davalar\u0131n\u0131n a\u00e7\u0131lmas\u0131,\u200d hukuki bir gereklilik olarak kar\u015f\u0131m\u0131za \u2063\u00e7\u0131kmaktad\u0131r.<\/p>\n<h2 id=\"olaganustu-genel-kurul-kararlarinin-gecerliligi-ve-iptal-davalarinin-sonuclari\">Ola\u011fan\u00fcst\u00fc Genel Kurul \u2064Kararlar\u0131n\u0131n Ge\u00e7erlili\u011fi ve \u0130ptal Davalar\u0131n\u0131n Sonu\u00e7lar\u0131<\/h2>\n<p>Ola\u011fan\u00fcst\u00fc genel kurul\u2062 kararlar\u0131n\u0131n ge\u00e7erlili\u011fi, \u2064kat malikleri a\u00e7\u0131s\u0131ndan \u00f6nemli bir hukuki meseledir. Bu kararlar\u0131n iptali, kat m\u00fclkiyeti hukukunda s\u0131k\u00e7a kar\u015f\u0131la\u015f\u0131lan bir durumdur. Genel kurulda al\u0131nan kararlar\u0131n, kat maliklerinin haklar\u0131n\u0131 ihlal etmesi veya hukuka ayk\u0131r\u0131 olmas\u0131 durumunda, \u2064<a href=\"https:\/\/denizcankizil.tr\/en\/koseyazilari\/degerlendirme\/tapu-iptal-davalari\/\" title=\"Tapu \u0130ptal Davalar\u0131\">iptal davas\u0131 a\u00e7ma hakk\u0131 do\u011far<\/a>. Bu ba\u011flamda, ola\u011fan\u00fcst\u00fc genel kurul kararlar\u0131n\u0131n \u2064ge\u00e7erlili\u011fi, belirli \u015fartlara ba\u011fl\u0131d\u0131r.<\/p>\n<p>Ola\u011fan\u00fcst\u00fc genel kurul kararlar\u0131n\u0131n ge\u00e7erlili\u011fi i\u00e7in\u2062 a\u015fa\u011f\u0131daki unsurlar\u0131n sa\u011flanmas\u0131\u200d gerekmektedir:<\/p>\n<ul>\n<li><strong>Toplant\u0131 Usul\u00fc:<\/strong> Genel \u2063kurul toplant\u0131s\u0131n\u0131n, \u200ckat malikleri taraf\u0131ndan\u200c belirlenen usule uygun olarak yap\u0131lmas\u0131 zorunludur.<\/li>\n<li><strong>Karar Yeter \u200dSay\u0131s\u0131:<\/strong> Al\u0131nan kararlar\u0131n ge\u00e7erli olabilmesi \u2064i\u00e7in gerekli olan yeter \u2064say\u0131n\u0131n sa\u011flanmas\u0131\u2063 gerekmektedir.<\/li>\n<li><strong>Hukuka\u200c Ayk\u0131r\u0131l\u0131k:<\/strong> Kararlar\u0131n, kat m\u00fclkiyeti kanununa ve \u200cdi\u011fer ilgili mevzuata ayk\u0131r\u0131 olmamas\u0131 \u00f6nemlidir.<\/li>\n<\/ul>\n<p>\u0130ptal davalar\u0131, ola\u011fan\u00fcst\u00fc genel kurul kararlar\u0131n\u0131n\u2063 ge\u00e7erlili\u011fini \u200dsorgulamak amac\u0131yla a\u00e7\u0131lmaktad\u0131r. Bu davalarda,\u2063 mahkeme, karar\u0131n hukuka uygunlu\u011funu de\u011ferlendirir \u200cve gerekirse iptaline karar verebilir.\u200b \u0130ptal davas\u0131n\u0131n sonu\u00e7lar\u0131, yaln\u0131zca ilgili karar\u0131n ge\u00e7erlili\u011fini \u200cetkilemekle \u200bkalmaz, \u2063ayn\u0131 zamanda kat maliklerinin\u2063 haklar\u0131n\u0131n\u200c korunmas\u0131 a\u00e7\u0131s\u0131ndan da b\u00fcy\u00fck \u00f6nem ta\u015f\u0131r. Dolay\u0131s\u0131yla, kat maliklerinin, ola\u011fan\u00fcst\u00fc genel kurul kararlar\u0131na kar\u015f\u0131 iptal davas\u0131\u2062 a\u00e7ma hakk\u0131n\u0131 kullanmalar\u0131, haklar\u0131n\u0131n g\u00fcvence alt\u0131na al\u0131nmas\u0131\u2062 a\u00e7\u0131s\u0131ndan kritik bir ad\u0131md\u0131r.<\/p>\n<p>Sonu\u00e7 olarak, kat maliklerinin ola\u011fan\u00fcst\u00fc genel\u2062 kurulu, kat m\u00fclkiyeti \u2063sisteminin i\u015fleyi\u015finde \u2062kritik bir \u00f6neme \u2062sahiptir.\u2063 Bu t\u00fcr toplant\u0131lar, kat malikleri aras\u0131ndaki anla\u015fmazl\u0131klar\u0131n \u00e7\u00f6z\u00fcm\u00fcnde ve ortak ya\u015fam alanlar\u0131n\u0131n y\u00f6netiminde belirleyici bir \u200brol oynamaktad\u0131r. Ancak, ola\u011fan\u00fcst\u00fc genel kurul kararlar\u0131n\u0131n iptali, kat maliklerinin haklar\u0131n\u0131n korunmas\u0131 a\u00e7\u0131s\u0131ndan \u2062\u00f6nemli \u200dbir mekanizma sunmaktad\u0131r. \u0130ptal davalar\u0131, hukukun \u00fcst\u00fcnl\u00fc\u011f\u00fcn\u00fc sa\u011flamak ve kat\u2064 maliklerinin menfaatlerini g\u00f6zetmek amac\u0131yla, yarg\u0131 organlar\u0131 taraf\u0131ndan titizlikle \u2062incelenmelidir. Bu ba\u011flamda, kat m\u00fclkiyeti hukukunun dinamikleri \u200cve \u200byarg\u0131 uygulamalar\u0131, kat maliklerinin haklar\u0131n\u0131n g\u00fcvence alt\u0131na \u200dal\u0131nmas\u0131nda hayati bir rol oynamaktad\u0131r. Gelecekte, bu alandaki hukuki d\u00fczenlemelerin ve i\u00e7tihatlar\u0131n geli\u015fimi,\u200d kat maliklerinin \u2064haklar\u0131n\u0131n daha etkin bir \u2064\u015fekilde korunmas\u0131na katk\u0131 sa\u011flayacakt\u0131r. Bu\u200b nedenle, kat maliklerinin ola\u011fan\u00fcst\u00fc genel kurulu ve iptal davalar\u0131 konusundaki\u200c hukuki s\u00fcre\u00e7lerin \u200bdikkatle takip edilmesi, <a href=\"https:\/\/denizcankizil.tr\/en\/seo\/unlu-olma-kategorileri-ve-unlulerin-hukuki-ihtiyaclari\/\" title=\"\u00dcnl\u00fc Olma Kategorileri ve \u00dcnl\u00fclerin Hukuki \u0130htiya\u00e7lar\u0131\">hem akademik hem de pratik a\u00e7\u0131dan b\u00fcy\u00fck \u00f6nem ta\u015f\u0131maktad\u0131r<\/a>. <\/p>","protected":false},"excerpt":{"rendered":"<p>Kat maliklerinin ola\u011fan\u00fcst\u00fc genel kurulu, kat m\u00fclkiyeti hukukunda \u00f6nemli bir yer tutar. Bu toplant\u0131larda al\u0131nan kararlar, iptal davalar\u0131na konu olabilmektedir. \u0130ptal davalar\u0131, hukuka ayk\u0131r\u0131 kararlar\u0131n ge\u00e7ersiz k\u0131l\u0131nmas\u0131 amac\u0131yla a\u00e7\u0131lmaktad\u0131r.<\/p>","protected":false},"author":4,"featured_media":0,"comment_status":"open","ping_status":"open","sticky":false,"template":"","format":"standard","meta":{"_acf_changed":false,"footnotes":""},"categories":[22],"tags":[],"class_list":["post-27891","post","type-post","status-publish","format-standard","hentry","category-degerlendirme"],"acf":[],"yoast_head":"<!-- This site is optimized with the Yoast SEO Premium plugin v26.6 (Yoast SEO v27.1.1) - https:\/\/yoast.com\/product\/yoast-seo-premium-wordpress\/ -->\n<title>Kat Maliklerinin Ola\u011fan\u00fcst\u00fc Genel Kurulu: \u0130ptal Davalar\u0131 - Av. Deniz Can K\u0131z\u0131l<\/title>\n<meta name=\"robots\" content=\"index, follow, max-snippet:-1, max-image-preview:large, max-video-preview:-1\" \/>\n<link rel=\"canonical\" href=\"https:\/\/denizcankizil.tr\/en\/koseyazilari\/degerlendirme\/kat-maliklerinin-olaganustu-genel-kurulu-iptal-davalari\/\" \/>\n<meta property=\"og:locale\" content=\"en_GB\" \/>\n<meta property=\"og:type\" content=\"article\" \/>\n<meta property=\"og:title\" content=\"Kat Maliklerinin Ola\u011fan\u00fcst\u00fc Genel Kurulu: \u0130ptal Davalar\u0131\" \/>\n<meta property=\"og:description\" content=\"Kat maliklerinin ola\u011fan\u00fcst\u00fc genel kurulu, kat m\u00fclkiyeti hukukunda \u00f6nemli bir yer tutar. Bu toplant\u0131larda al\u0131nan kararlar, iptal davalar\u0131na konu olabilmektedir. \u0130ptal davalar\u0131, hukuka ayk\u0131r\u0131 kararlar\u0131n ge\u00e7ersiz k\u0131l\u0131nmas\u0131 amac\u0131yla a\u00e7\u0131lmaktad\u0131r.\" \/>\n<meta property=\"og:url\" content=\"https:\/\/denizcankizil.tr\/en\/koseyazilari\/degerlendirme\/kat-maliklerinin-olaganustu-genel-kurulu-iptal-davalari\/\" \/>\n<meta property=\"og:site_name\" content=\"Av. Deniz Can K\u0131z\u0131l\" \/>\n<meta property=\"article:published_time\" content=\"2025-01-27T11:56:42+00:00\" \/>\n<meta property=\"og:image\" content=\"https:\/\/denizcankizil.tr\/wp-content\/uploads\/2024\/10\/4382-antalyada-ticaret-hukuku-avukatlarinin-yetki-alanlari.jpg\" \/>\n<meta name=\"author\" content=\"Av. Deniz Can K\u0131z\u0131l\" \/>\n<meta name=\"twitter:card\" content=\"summary_large_image\" \/>\n<meta name=\"twitter:label1\" content=\"Written by\" \/>\n\t<meta name=\"twitter:data1\" content=\"Av. Deniz Can K\u0131z\u0131l\" \/>\n\t<meta name=\"twitter:label2\" content=\"Estimated reading time\" \/>\n\t<meta name=\"twitter:data2\" content=\"9 minutes\" \/>\n<script type=\"application\/ld+json\" class=\"yoast-schema-graph\">{\"@context\":\"https:\/\/schema.org\",\"@graph\":[{\"@type\":\"Article\",\"@id\":\"https:\/\/denizcankizil.tr\/ru\/koseyazilari\/degerlendirme\/kat-maliklerinin-olaganustu-genel-kurulu-iptal-davalari\/#article\",\"isPartOf\":{\"@id\":\"https:\/\/denizcankizil.tr\/ru\/koseyazilari\/degerlendirme\/kat-maliklerinin-olaganustu-genel-kurulu-iptal-davalari\/\"},\"author\":{\"name\":\"Av. Deniz Can K\u0131z\u0131l\",\"@id\":\"https:\/\/denizcankizil.tr\/de\/#\/schema\/person\/5dc1b22991bd7ac833867c10afc9b0ff\"},\"headline\":\"Kat Maliklerinin Ola\u011fan\u00fcst\u00fc Genel Kurulu: \u0130ptal Davalar\u0131\",\"datePublished\":\"2025-01-27T11:56:42+00:00\",\"mainEntityOfPage\":{\"@id\":\"https:\/\/denizcankizil.tr\/ru\/koseyazilari\/degerlendirme\/kat-maliklerinin-olaganustu-genel-kurulu-iptal-davalari\/\"},\"wordCount\":1885,\"commentCount\":0,\"publisher\":{\"@id\":\"https:\/\/denizcankizil.tr\/de\/#organization\"},\"image\":{\"@id\":\"https:\/\/denizcankizil.tr\/ru\/koseyazilari\/degerlendirme\/kat-maliklerinin-olaganustu-genel-kurulu-iptal-davalari\/#primaryimage\"},\"thumbnailUrl\":\"https:\/\/denizcankizil.tr\/wp-content\/uploads\/2024\/10\/4382-antalyada-ticaret-hukuku-avukatlarinin-yetki-alanlari.jpg\",\"articleSection\":[\"De\u011ferlendirme\"],\"inLanguage\":\"en-GB\",\"potentialAction\":[{\"@type\":\"CommentAction\",\"name\":\"Comment\",\"target\":[\"https:\/\/denizcankizil.tr\/ru\/koseyazilari\/degerlendirme\/kat-maliklerinin-olaganustu-genel-kurulu-iptal-davalari\/#respond\"]}]},{\"@type\":\"WebPage\",\"@id\":\"https:\/\/denizcankizil.tr\/ru\/koseyazilari\/degerlendirme\/kat-maliklerinin-olaganustu-genel-kurulu-iptal-davalari\/\",\"url\":\"https:\/\/denizcankizil.tr\/ru\/koseyazilari\/degerlendirme\/kat-maliklerinin-olaganustu-genel-kurulu-iptal-davalari\/\",\"name\":\"Kat Maliklerinin Ola\u011fan\u00fcst\u00fc Genel Kurulu: \u0130ptal Davalar\u0131 - Av. Deniz Can K\u0131z\u0131l\",\"isPartOf\":{\"@id\":\"https:\/\/denizcankizil.tr\/de\/#website\"},\"primaryImageOfPage\":{\"@id\":\"https:\/\/denizcankizil.tr\/ru\/koseyazilari\/degerlendirme\/kat-maliklerinin-olaganustu-genel-kurulu-iptal-davalari\/#primaryimage\"},\"image\":{\"@id\":\"https:\/\/denizcankizil.tr\/ru\/koseyazilari\/degerlendirme\/kat-maliklerinin-olaganustu-genel-kurulu-iptal-davalari\/#primaryimage\"},\"thumbnailUrl\":\"https:\/\/denizcankizil.tr\/wp-content\/uploads\/2024\/10\/4382-antalyada-ticaret-hukuku-avukatlarinin-yetki-alanlari.jpg\",\"datePublished\":\"2025-01-27T11:56:42+00:00\",\"breadcrumb\":{\"@id\":\"https:\/\/denizcankizil.tr\/ru\/koseyazilari\/degerlendirme\/kat-maliklerinin-olaganustu-genel-kurulu-iptal-davalari\/#breadcrumb\"},\"inLanguage\":\"en-GB\",\"potentialAction\":[{\"@type\":\"ReadAction\",\"target\":[\"https:\/\/denizcankizil.tr\/ru\/koseyazilari\/degerlendirme\/kat-maliklerinin-olaganustu-genel-kurulu-iptal-davalari\/\"]}]},{\"@type\":\"ImageObject\",\"inLanguage\":\"en-GB\",\"@id\":\"https:\/\/denizcankizil.tr\/ru\/koseyazilari\/degerlendirme\/kat-maliklerinin-olaganustu-genel-kurulu-iptal-davalari\/#primaryimage\",\"url\":\"https:\/\/denizcankizil.tr\/wp-content\/uploads\/2024\/10\/4382-antalyada-ticaret-hukuku-avukatlarinin-yetki-alanlari.jpg\",\"contentUrl\":\"https:\/\/denizcankizil.tr\/wp-content\/uploads\/2024\/10\/4382-antalyada-ticaret-hukuku-avukatlarinin-yetki-alanlari.jpg\"},{\"@type\":\"BreadcrumbList\",\"@id\":\"https:\/\/denizcankizil.tr\/ru\/koseyazilari\/degerlendirme\/kat-maliklerinin-olaganustu-genel-kurulu-iptal-davalari\/#breadcrumb\",\"itemListElement\":[{\"@type\":\"ListItem\",\"position\":1,\"name\":\"Home\",\"item\":\"https:\/\/denizcankizil.tr\/de\/\"},{\"@type\":\"ListItem\",\"position\":2,\"name\":\"Kat Maliklerinin Ola\u011fan\u00fcst\u00fc Genel Kurulu: \u0130ptal Davalar\u0131\"}]},{\"@type\":\"WebSite\",\"@id\":\"https:\/\/denizcankizil.tr\/de\/#website\",\"url\":\"https:\/\/denizcankizil.tr\/de\/\",\"name\":\"Av. Deniz Can K\u0131z\u0131l\",\"description\":\"Avukat Deniz Can K\u0131z\u0131l Antalya Barosu\",\"publisher\":{\"@id\":\"https:\/\/denizcankizil.tr\/de\/#organization\"},\"potentialAction\":[{\"@type\":\"SearchAction\",\"target\":{\"@type\":\"EntryPoint\",\"urlTemplate\":\"https:\/\/denizcankizil.tr\/de\/?s={search_term_string}\"},\"query-input\":{\"@type\":\"PropertyValueSpecification\",\"valueRequired\":true,\"valueName\":\"search_term_string\"}}],\"inLanguage\":\"en-GB\"},{\"@type\":\"Organization\",\"@id\":\"https:\/\/denizcankizil.tr\/de\/#organization\",\"name\":\"Av. Deniz Can K\u0131z\u0131l\",\"url\":\"https:\/\/denizcankizil.tr\/de\/\",\"logo\":{\"@type\":\"ImageObject\",\"inLanguage\":\"en-GB\",\"@id\":\"https:\/\/denizcankizil.tr\/de\/#\/schema\/logo\/image\/\",\"url\":\"https:\/\/denizcankizil.tr\/wp-content\/uploads\/2024\/10\/siyah-logo-svg.svg\",\"contentUrl\":\"https:\/\/denizcankizil.tr\/wp-content\/uploads\/2024\/10\/siyah-logo-svg.svg\",\"width\":1080,\"height\":1080,\"caption\":\"Av. Deniz Can K\u0131z\u0131l\"},\"image\":{\"@id\":\"https:\/\/denizcankizil.tr\/de\/#\/schema\/logo\/image\/\"}},{\"@type\":\"Person\",\"@id\":\"https:\/\/denizcankizil.tr\/de\/#\/schema\/person\/5dc1b22991bd7ac833867c10afc9b0ff\",\"name\":\"Av. Deniz Can K\u0131z\u0131l\",\"image\":{\"@type\":\"ImageObject\",\"inLanguage\":\"en-GB\",\"@id\":\"https:\/\/denizcankizil.tr\/de\/#\/schema\/person\/image\/\",\"url\":\"https:\/\/secure.gravatar.com\/avatar\/a0b128fb9855c79efc976d5640eedb31dc35ec297594d6016d2cf7c60e975bb6?s=96&d=mm&r=g\",\"contentUrl\":\"https:\/\/secure.gravatar.com\/avatar\/a0b128fb9855c79efc976d5640eedb31dc35ec297594d6016d2cf7c60e975bb6?s=96&d=mm&r=g\",\"caption\":\"Av. Deniz Can K\u0131z\u0131l\"},\"sameAs\":[\"http:\/\/www.denizcankizil.tr\"],\"url\":\"https:\/\/denizcankizil.tr\/en\/author\/denizcankizil\/\"}]}<\/script>\n<!-- \/ Yoast SEO Premium plugin. -->","yoast_head_json":{"title":"Kat Maliklerinin Ola\u011fan\u00fcst\u00fc Genel Kurulu: \u0130ptal Davalar\u0131 - Av. Deniz Can K\u0131z\u0131l","robots":{"index":"index","follow":"follow","max-snippet":"max-snippet:-1","max-image-preview":"max-image-preview:large","max-video-preview":"max-video-preview:-1"},"canonical":"https:\/\/denizcankizil.tr\/en\/koseyazilari\/degerlendirme\/kat-maliklerinin-olaganustu-genel-kurulu-iptal-davalari\/","og_locale":"en_GB","og_type":"article","og_title":"Kat Maliklerinin Ola\u011fan\u00fcst\u00fc Genel Kurulu: \u0130ptal Davalar\u0131","og_description":"Kat maliklerinin ola\u011fan\u00fcst\u00fc genel kurulu, kat m\u00fclkiyeti hukukunda \u00f6nemli bir yer tutar. Bu toplant\u0131larda al\u0131nan kararlar, iptal davalar\u0131na konu olabilmektedir. \u0130ptal davalar\u0131, hukuka ayk\u0131r\u0131 kararlar\u0131n ge\u00e7ersiz k\u0131l\u0131nmas\u0131 amac\u0131yla a\u00e7\u0131lmaktad\u0131r.","og_url":"https:\/\/denizcankizil.tr\/en\/koseyazilari\/degerlendirme\/kat-maliklerinin-olaganustu-genel-kurulu-iptal-davalari\/","og_site_name":"Av. Deniz Can K\u0131z\u0131l","article_published_time":"2025-01-27T11:56:42+00:00","og_image":[{"url":"https:\/\/denizcankizil.tr\/wp-content\/uploads\/2024\/10\/4382-antalyada-ticaret-hukuku-avukatlarinin-yetki-alanlari.jpg","type":"","width":"","height":""}],"author":"Av. Deniz Can K\u0131z\u0131l","twitter_card":"summary_large_image","twitter_misc":{"Written by":"Av. Deniz Can K\u0131z\u0131l","Estimated reading time":"9 minutes"},"schema":{"@context":"https:\/\/schema.org","@graph":[{"@type":"Article","@id":"https:\/\/denizcankizil.tr\/ru\/koseyazilari\/degerlendirme\/kat-maliklerinin-olaganustu-genel-kurulu-iptal-davalari\/#article","isPartOf":{"@id":"https:\/\/denizcankizil.tr\/ru\/koseyazilari\/degerlendirme\/kat-maliklerinin-olaganustu-genel-kurulu-iptal-davalari\/"},"author":{"name":"Av. Deniz Can K\u0131z\u0131l","@id":"https:\/\/denizcankizil.tr\/de\/#\/schema\/person\/5dc1b22991bd7ac833867c10afc9b0ff"},"headline":"Kat Maliklerinin Ola\u011fan\u00fcst\u00fc Genel Kurulu: \u0130ptal Davalar\u0131","datePublished":"2025-01-27T11:56:42+00:00","mainEntityOfPage":{"@id":"https:\/\/denizcankizil.tr\/ru\/koseyazilari\/degerlendirme\/kat-maliklerinin-olaganustu-genel-kurulu-iptal-davalari\/"},"wordCount":1885,"commentCount":0,"publisher":{"@id":"https:\/\/denizcankizil.tr\/de\/#organization"},"image":{"@id":"https:\/\/denizcankizil.tr\/ru\/koseyazilari\/degerlendirme\/kat-maliklerinin-olaganustu-genel-kurulu-iptal-davalari\/#primaryimage"},"thumbnailUrl":"https:\/\/denizcankizil.tr\/wp-content\/uploads\/2024\/10\/4382-antalyada-ticaret-hukuku-avukatlarinin-yetki-alanlari.jpg","articleSection":["De\u011ferlendirme"],"inLanguage":"en-GB","potentialAction":[{"@type":"CommentAction","name":"Comment","target":["https:\/\/denizcankizil.tr\/ru\/koseyazilari\/degerlendirme\/kat-maliklerinin-olaganustu-genel-kurulu-iptal-davalari\/#respond"]}]},{"@type":"WebPage","@id":"https:\/\/denizcankizil.tr\/ru\/koseyazilari\/degerlendirme\/kat-maliklerinin-olaganustu-genel-kurulu-iptal-davalari\/","url":"https:\/\/denizcankizil.tr\/ru\/koseyazilari\/degerlendirme\/kat-maliklerinin-olaganustu-genel-kurulu-iptal-davalari\/","name":"Kat Maliklerinin Ola\u011fan\u00fcst\u00fc Genel Kurulu: \u0130ptal Davalar\u0131 - Av. Deniz Can K\u0131z\u0131l","isPartOf":{"@id":"https:\/\/denizcankizil.tr\/de\/#website"},"primaryImageOfPage":{"@id":"https:\/\/denizcankizil.tr\/ru\/koseyazilari\/degerlendirme\/kat-maliklerinin-olaganustu-genel-kurulu-iptal-davalari\/#primaryimage"},"image":{"@id":"https:\/\/denizcankizil.tr\/ru\/koseyazilari\/degerlendirme\/kat-maliklerinin-olaganustu-genel-kurulu-iptal-davalari\/#primaryimage"},"thumbnailUrl":"https:\/\/denizcankizil.tr\/wp-content\/uploads\/2024\/10\/4382-antalyada-ticaret-hukuku-avukatlarinin-yetki-alanlari.jpg","datePublished":"2025-01-27T11:56:42+00:00","breadcrumb":{"@id":"https:\/\/denizcankizil.tr\/ru\/koseyazilari\/degerlendirme\/kat-maliklerinin-olaganustu-genel-kurulu-iptal-davalari\/#breadcrumb"},"inLanguage":"en-GB","potentialAction":[{"@type":"ReadAction","target":["https:\/\/denizcankizil.tr\/ru\/koseyazilari\/degerlendirme\/kat-maliklerinin-olaganustu-genel-kurulu-iptal-davalari\/"]}]},{"@type":"ImageObject","inLanguage":"en-GB","@id":"https:\/\/denizcankizil.tr\/ru\/koseyazilari\/degerlendirme\/kat-maliklerinin-olaganustu-genel-kurulu-iptal-davalari\/#primaryimage","url":"https:\/\/denizcankizil.tr\/wp-content\/uploads\/2024\/10\/4382-antalyada-ticaret-hukuku-avukatlarinin-yetki-alanlari.jpg","contentUrl":"https:\/\/denizcankizil.tr\/wp-content\/uploads\/2024\/10\/4382-antalyada-ticaret-hukuku-avukatlarinin-yetki-alanlari.jpg"},{"@type":"BreadcrumbList","@id":"https:\/\/denizcankizil.tr\/ru\/koseyazilari\/degerlendirme\/kat-maliklerinin-olaganustu-genel-kurulu-iptal-davalari\/#breadcrumb","itemListElement":[{"@type":"ListItem","position":1,"name":"Home","item":"https:\/\/denizcankizil.tr\/de\/"},{"@type":"ListItem","position":2,"name":"Kat Maliklerinin Ola\u011fan\u00fcst\u00fc Genel Kurulu: \u0130ptal Davalar\u0131"}]},{"@type":"WebSite","@id":"https:\/\/denizcankizil.tr\/de\/#website","url":"https:\/\/denizcankizil.tr\/de\/","name":"Av. Deniz Can K\u0131z\u0131l","description":"Avukat Deniz Can K\u0131z\u0131l Antalya Barosu","publisher":{"@id":"https:\/\/denizcankizil.tr\/de\/#organization"},"potentialAction":[{"@type":"SearchAction","target":{"@type":"EntryPoint","urlTemplate":"https:\/\/denizcankizil.tr\/de\/?s={search_term_string}"},"query-input":{"@type":"PropertyValueSpecification","valueRequired":true,"valueName":"search_term_string"}}],"inLanguage":"en-GB"},{"@type":"Organization","@id":"https:\/\/denizcankizil.tr\/de\/#organization","name":"Av. Deniz Can K\u0131z\u0131l","url":"https:\/\/denizcankizil.tr\/de\/","logo":{"@type":"ImageObject","inLanguage":"en-GB","@id":"https:\/\/denizcankizil.tr\/de\/#\/schema\/logo\/image\/","url":"https:\/\/denizcankizil.tr\/wp-content\/uploads\/2024\/10\/siyah-logo-svg.svg","contentUrl":"https:\/\/denizcankizil.tr\/wp-content\/uploads\/2024\/10\/siyah-logo-svg.svg","width":1080,"height":1080,"caption":"Av. Deniz Can K\u0131z\u0131l"},"image":{"@id":"https:\/\/denizcankizil.tr\/de\/#\/schema\/logo\/image\/"}},{"@type":"Person","@id":"https:\/\/denizcankizil.tr\/de\/#\/schema\/person\/5dc1b22991bd7ac833867c10afc9b0ff","name":"Av. Deniz Can K\u0131z\u0131l","image":{"@type":"ImageObject","inLanguage":"en-GB","@id":"https:\/\/denizcankizil.tr\/de\/#\/schema\/person\/image\/","url":"https:\/\/secure.gravatar.com\/avatar\/a0b128fb9855c79efc976d5640eedb31dc35ec297594d6016d2cf7c60e975bb6?s=96&d=mm&r=g","contentUrl":"https:\/\/secure.gravatar.com\/avatar\/a0b128fb9855c79efc976d5640eedb31dc35ec297594d6016d2cf7c60e975bb6?s=96&d=mm&r=g","caption":"Av. Deniz Can K\u0131z\u0131l"},"sameAs":["http:\/\/www.denizcankizil.tr"],"url":"https:\/\/denizcankizil.tr\/en\/author\/denizcankizil\/"}]}},"_links":{"self":[{"href":"https:\/\/denizcankizil.tr\/en\/wp-json\/wp\/v2\/posts\/27891","targetHints":{"allow":["GET"]}}],"collection":[{"href":"https:\/\/denizcankizil.tr\/en\/wp-json\/wp\/v2\/posts"}],"about":[{"href":"https:\/\/denizcankizil.tr\/en\/wp-json\/wp\/v2\/types\/post"}],"author":[{"embeddable":true,"href":"https:\/\/denizcankizil.tr\/en\/wp-json\/wp\/v2\/users\/4"}],"replies":[{"embeddable":true,"href":"https:\/\/denizcankizil.tr\/en\/wp-json\/wp\/v2\/comments?post=27891"}],"version-history":[{"count":0,"href":"https:\/\/denizcankizil.tr\/en\/wp-json\/wp\/v2\/posts\/27891\/revisions"}],"wp:attachment":[{"href":"https:\/\/denizcankizil.tr\/en\/wp-json\/wp\/v2\/media?parent=27891"}],"wp:term":[{"taxonomy":"category","embeddable":true,"href":"https:\/\/denizcankizil.tr\/en\/wp-json\/wp\/v2\/categories?post=27891"},{"taxonomy":"post_tag","embeddable":true,"href":"https:\/\/denizcankizil.tr\/en\/wp-json\/wp\/v2\/tags?post=27891"}],"curies":[{"name":"wp","href":"https:\/\/api.w.org\/{rel}","templated":true}]}}