{"id":2788,"date":"2024-10-15T13:42:08","date_gmt":"2024-10-15T10:42:08","guid":{"rendered":"https:\/\/denizcankizil.tr\/uncategorized\/bakan-yardimcisi-donmezden-yuksek-teknoloji-vurgusu\/"},"modified":"2024-10-15T13:42:08","modified_gmt":"2024-10-15T10:42:08","slug":"bakan-yardimcisi-donmezden-yuksek-teknoloji-vurgusu","status":"publish","type":"post","link":"https:\/\/denizcankizil.tr\/en\/haberler\/gundem\/bakan-yardimcisi-donmezden-yuksek-teknoloji-vurgusu\/","title":{"rendered":"\u00a0 Bakan Yard\u0131mc\u0131s\u0131 D\u00f6nmez&#8217;den y\u00fcksek teknoloji vurgusu"},"content":{"rendered":"<p>BT\u00dc Konu\u015fmalar\u0131n\u0131n konu\u011fu olan Sanayi ve Teknoloji Bakan Yard\u0131mc\u0131s\u0131 Dr. \u00c7etin Ali D\u00f6nmez T\u00fcrkiye sanayisindeki ana hedefin Ar-Ge, \u00dcr-Ge ve teknolojiye yat\u0131r\u0131m oldu\u011funu vurgulad\u0131. Katma de\u011ferli \u00fcretim i\u00e7in \u00e7a\u011fr\u0131da bulunan Dr. D\u00f6nmez, \u201cAr-Ge ve \u00fcretim konusunda uyan\u0131\u015fa ihtiyac\u0131m\u0131z var\u201d dedi.BURSA (\u0130GFA) &#8211; Bursa Teknik \u00dcniversitesi (BT\u00dc) \u00f6\u011frencilerini alan\u0131nda uzman ki\u015filerle bir araya getiren BT\u00dc Konu\u015fmalar\u0131, 3\u2019nc\u00fc sezonuna ba\u015flad\u0131. Sezonun ilk konu\u011fu \u201cSANTEK-101, Sanayi ve Teknolojiye Giri\u015f\u201d ba\u015fl\u0131kl\u0131 konu\u015fmas\u0131yla Sanayi ve Teknoloji Bakan Yard\u0131mc\u0131s\u0131 Dr. \u00c7etin Ali D\u00f6nmez oldu. Mimar Sinan Yerle\u015fkesi Turkuaz Salon\u2019da \u00f6\u011frencilerle bulu\u015fan Dr. \u00c7etin Ali D\u00f6nmez, rekabet\u00e7i \u00fcretim, yerli mal\u0131na bak\u0131\u015f, finansman gibi konulara de\u011findi. T\u00fcrkiye sanayisi i\u00e7in as\u0131l anahtar\u0131n, kolay kopyalanamayacak, herkesin \u00fcretemeyece\u011fi, nitelikli i\u015fg\u00fcc\u00fc gerektiren bir \u00fcretim \u015fekli oldu\u011funu vurgulayan \u00c7etin Ali D\u00f6nmez, \u201cBu i\u015fin temelinde rekabet\u00e7i olmak, Ar-Ge, \u00dcr-Ge ve teknoloji yat\u0131yor. Herkesin yapamayaca\u011f\u0131 bir \u00fcr\u00fcn \u00fcretiyorsan\u0131z, daha fazla kar edersiniz.\u00a0 Sanayi ve Teknoloji Bakanl\u0131\u011f\u0131 olarak T\u00fcrkiye\u2019de \u00fcretim yapan herkesin olabildi\u011fince Ar-Ge ve teknoloji odakl\u0131 gitmesi i\u00e7in te\u015fvikte bulunuyoruz. Bu i\u015fin kilidi ilk a\u015famada Ar-Ge, devam\u0131nda ise \u00dcr-Ge ve teknoloji&#8230; \u00c7\u00fcnk\u00fc \u00fcretim yapt\u0131\u011f\u0131n ara\u00e7lar\u0131n teknolojisine yat\u0131r\u0131m yapmazsan daima kullan\u0131c\u0131 olursun. Bu d\u00f6ng\u00fcden \u00e7\u0131kmam\u0131z gerekiyor. Memleketimizin Ar-Ge ve \u00fcretim konusunda bir uyan\u0131\u015fa ihtiyac\u0131 var \u201d dedi.<\/p>\n<p>\u201cUZUN VADEL\u0130 BAKI\u015e A\u00c7ISI ED\u0130NMEL\u0130Y\u0130Z\u201d<br \/>\nT\u00fcrkiye\u2019nin en temel problemlerinden bir tanesinin k\u0131sa vadeli bak\u0131\u015f oldu\u011funu vurgulayan Bakan Yard\u0131mc\u0131s\u0131 D\u00f6nmez, \u201cK\u0131sa vadeli bak\u0131\u015f de\u011fi\u015fmedi\u011fi s\u00fcrece bir basamak \u00fcste \u00e7\u0131kamayaca\u011f\u0131z. Uzun vadeli bak\u0131\u015f ve Ar-Ge ile kendi teknolojimizi \u00fcretmemiz gerekiyor. T\u00fcrkiye\u2019nin bu a\u00e7maz\u0131 \u00e7\u00f6zebilmesi i\u00e7in siz \u00fcniversite \u00f6\u011frencilerimizin yapaca\u011f\u0131 Ar-Ge \u00e7al\u0131\u015fmalar\u0131na da ihtiyac\u0131m\u0131z var\u201d \u015feklinde konu\u015ftu.<\/p>\n<p>\u201cKEND\u0130 TEKNOLOJ\u0130M\u0130Z\u0130 \u00dcRETMEL\u0130Y\u0130Z\u201d<br \/>\nT\u00fcrkiye\u2019deki pek \u00e7ok orta \u00f6l\u00e7ekli \u015firkette hala dijitalle\u015fmenin s\u00f6z konusu olmad\u0131\u011f\u0131n\u0131 belirten Dr. \u00c7etin Ali D\u00f6nmez, \u201cDijitalle\u015fme, fabrikan\u0131n kap\u0131s\u0131ndan \u00e7\u0131k\u0131\u015f\u0131na kadar de\u011fil lojistik tedarik, \u00fcretim, yani m\u00fc\u015fteriye ula\u015fan t\u00fcm s\u00fcre\u00e7lerde olmal\u0131. Teknolojinin yan\u0131na bu dijitalle\u015fmeyi de entegre etmeliyiz. Kendi teknolojimizi, kendimiz \u00fcretmeliyiz. Makine al\u0131p \u00fcretim yapma mottosundan gidersek e\u015fik atlayamay\u0131z. Biz o makineyi, o teknolojiyi \u00fcretmeliyiz\u201d ifadelerini kulland\u0131.<br \/>\n\u00a0<br \/>\n\u201c\u00dcRET\u0130C\u0130M\u0130ZE SAH\u0130P \u00c7IKIYORUZ\u201d<br \/>\nGeli\u015fmi\u015fli\u011fin; Ar-Ge oran\u0131n\u0131n milli gelir oran\u0131na g\u00f6re \u00f6l\u00e7\u00fcld\u00fc\u011f\u00fcn\u00fc belirten Dr. \u00c7etin Ali D\u00f6nmez, \u201cHangi \u00fclke az geli\u015fmi\u015fse Ar-Ge oran\u0131 milli gelir oran\u0131na g\u00f6re d\u00fc\u015f\u00fckt\u00fcr. Bir \u00fclkenin Ar-Ge geliri y\u00fcksekse, o \u00fclke zaten geli\u015fmi\u015ftir. Mevcutta T\u00fcrkiye\u2019de Ar-Ge gelirinin, milli gelire oran\u0131 % 1\u2019in \u00fczerinde ve bu y\u00fckseli\u015f devam edecek\u201d dedi. Yabanc\u0131lar\u0131n T\u00fcrkiye\u2019deki \u015firketleri yok etme stratejisi g\u00fctt\u00fc\u011f\u00fcn\u00fc ifade eden Bakan Yard\u0131mc\u0131s\u0131 Dr. D\u00f6nmez, bu oyuna gelinmemesi ve \u00fclke \u00fcreticisinden al\u0131\u015fveri\u015f yaparak kendi \u00fcreticimize sahip \u00e7\u0131k\u0131lmas\u0131 gerekti\u011fini anlatt\u0131.<br \/>\n\u201cREKABET\u00c7\u0130 \u00dcRET\u0130M OLMALI\u201d<br \/>\nSanayi ve Teknoloji Bakanl\u0131\u011f\u0131n\u0131n ana hedeflerinden bir tanesinin \u00fcreticiyi Ar-Ge\u2019ye te\u015fvik oldu\u011funu dile getiren Bakan Yard\u0131mc\u0131s\u0131 D\u00f6nmez, \u015funlar\u0131 s\u00f6zlerine ekledi: \u201cAmac\u0131m\u0131z T\u00fcrkiye\u2019yi \u00fcretim \u00fcss\u00fc hale getirmek de\u011fil, T\u00fcrkiye\u2019yi y\u00fcksek teknoloji alan\u0131nda, \u00e7evreye sayg\u0131l\u0131 bir \u00fcretim \u00fcss\u00fc haline getirmek. Rekabet\u00e7i \u00fcretim yapal\u0131m insan\u0131m\u0131z \u00e7ok kazans\u0131n istiyoruz. Bunun i\u00e7in bize laz\u0131m olan anahtarlar; Ar-Ge ve \u00dcr-Ge ile m\u00fchendisimize, i\u015fletmelerimize yat\u0131r\u0131m yapmak.<br \/>\nHER \u00c7AR\u015eAMBA ALANINDA UZMAN KONUKLAR\u2026<br \/>\nD\u00f6nem sonuna kadar her \u00e7ar\u015famba g\u00fcn\u00fc ger\u00e7ekle\u015ftirilecek olan BT\u00dc Konu\u015fmalar\u0131 kapsam\u0131nda, akademisyen, bilim insan\u0131, sanayici, i\u015f insan\u0131, b\u00fcrokrat gibi alan\u0131nda uzman yeti\u015fmi\u015f insan kaynaklar\u0131 \u00f6\u011frencilerle bulu\u015facak. Konuklar, \u00f6\u011frencilere sekt\u00f6r bilgilerini ve deneyimlerini aktaracak. Programda, \u00f6\u011frenciler, konuklara merak ettiklerini sorma f\u0131rsat\u0131 da bulacak. BT\u00dc Konu\u015fmalar\u0131\u2019na d\u00fczenli olarak kat\u0131lan \u00f6\u011frenciler, sosyal se\u00e7meli bir derslerinden muaf say\u0131lacak ve sosyal transkriptine eklenecek. BT\u00dc Konu\u015fmalar\u0131\u2019n\u0131n her b\u00f6l\u00fcm\u00fc etkinlikten bir g\u00fcn sonra https:\/\/www.youtube.com\/@BursaTeknikUni kanal\u0131ndan da yay\u0131nlanacak.<\/p>\n<p>\u200bBT\u00dc Konu\u015fmalar\u0131n\u0131n konu\u011fu olan Sanayi ve Teknoloji Bakan Yard\u0131mc\u0131s\u0131 Dr  \u00c7etin Ali D\u00f6nmez T\u00fcrkiye sanayisindeki ana hedefin Ar-Ge, \u00dcr-Ge ve teknolojiye yat\u0131r\u0131m oldu\u011funu vurgulad\u0131  Katma de\u011ferli \u00fcretim i\u00e7in \u00e7a\u011fr\u0131da bulunan Dr  D\u00f6nmez, \u201cAr-Ge ve \u00fcretim konusunda uyan\u0131\u015fa ihtiyac\u0131m\u0131z var\u201d dedi\u00a0<\/p>\n<p>\u200bHaberin Al\u0131nt\u0131land\u0131\u011f\u0131 Kaynak: www.iskenderun.org<\/p>","protected":false},"excerpt":{"rendered":"<p>BT\u00dc Konu\u015fmalar\u0131n\u0131n konu\u011fu olan Sanayi ve Teknoloji Bakan Yard\u0131mc\u0131s\u0131 Dr. \u00c7etin Ali D\u00f6nmez T\u00fcrkiye sanayisindeki ana hedefin Ar-Ge, \u00dcr-Ge ve teknolojiye yat\u0131r\u0131m oldu\u011funu vurgulad\u0131. Katma de\u011ferli \u00fcretim i\u00e7in \u00e7a\u011fr\u0131da bulunan Dr. D\u00f6nmez, \u201cAr-Ge ve \u00fcretim konusunda uyan\u0131\u015fa ihtiyac\u0131m\u0131z var\u201d dedi.BURSA (\u0130GFA) &#8211; Bursa Teknik \u00dcniversitesi (BT\u00dc) \u00f6\u011frencilerini alan\u0131nda uzman ki\u015filerle bir araya getiren BT\u00dc Konu\u015fmalar\u0131, 3\u2019nc\u00fc sezonuna ba\u015flad\u0131. Sezonun ilk konu\u011fu \u201cSANTEK-101, Sanayi ve Teknolojiye Giri\u015f\u201d ba\u015fl\u0131kl\u0131 konu\u015fmas\u0131yla Sanayi ve Teknoloji Bakan Yard\u0131mc\u0131s\u0131 Dr. \u00c7etin Ali D\u00f6nmez oldu. Mimar Sinan Yerle\u015fkesi Turkuaz Salon\u2019da \u00f6\u011frencilerle bulu\u015fan Dr. \u00c7etin Ali D\u00f6nmez, rekabet\u00e7i \u00fcretim, yerli mal\u0131na bak\u0131\u015f, finansman gibi konulara de\u011findi. T\u00fcrkiye sanayisi i\u00e7in as\u0131l anahtar\u0131n, kolay kopyalanamayacak, herkesin \u00fcretemeyece\u011fi, nitelikli i\u015fg\u00fcc\u00fc gerektiren bir \u00fcretim \u015fekli oldu\u011funu vurgulayan \u00c7etin Ali D\u00f6nmez, \u201cBu i\u015fin temelinde rekabet\u00e7i olmak, Ar-Ge, \u00dcr-Ge ve teknoloji yat\u0131yor. Herkesin yapamayaca\u011f\u0131 bir \u00fcr\u00fcn \u00fcretiyorsan\u0131z, daha fazla kar edersiniz.\u00a0 Sanayi ve Teknoloji Bakanl\u0131\u011f\u0131 olarak T\u00fcrkiye\u2019de \u00fcretim yapan herkesin olabildi\u011fince Ar-Ge ve teknoloji odakl\u0131 gitmesi i\u00e7in te\u015fvikte bulunuyoruz. Bu i\u015fin kilidi ilk a\u015famada Ar-Ge, devam\u0131nda ise \u00dcr-Ge ve teknoloji&#8230; \u00c7\u00fcnk\u00fc \u00fcretim yapt\u0131\u011f\u0131n ara\u00e7lar\u0131n teknolojisine yat\u0131r\u0131m yapmazsan daima kullan\u0131c\u0131 olursun. Bu d\u00f6ng\u00fcden \u00e7\u0131kmam\u0131z gerekiyor. Memleketimizin Ar-Ge ve \u00fcretim konusunda bir uyan\u0131\u015fa ihtiyac\u0131 var \u201d dedi. \u201cUZUN VADEL\u0130 BAKI\u015e A\u00c7ISI ED\u0130NMEL\u0130Y\u0130Z\u201d T\u00fcrkiye\u2019nin en temel problemlerinden &hellip;<\/p>","protected":false},"author":0,"featured_media":0,"comment_status":"open","ping_status":"open","sticky":false,"template":"","format":"standard","meta":{"_acf_changed":false,"footnotes":""},"categories":[24],"tags":[],"class_list":["post-2788","post","type-post","status-publish","format-standard","has-post-thumbnail","hentry","category-gundem"],"acf":[],"yoast_head":"<!-- This site is optimized with the Yoast SEO Premium plugin v26.6 (Yoast SEO v27.1.1) - https:\/\/yoast.com\/product\/yoast-seo-premium-wordpress\/ -->\n<title>\u00a0 Bakan Yard\u0131mc\u0131s\u0131 D\u00f6nmez&#039;den y\u00fcksek teknoloji vurgusu - Av. Deniz Can K\u0131z\u0131l<\/title>\n<meta name=\"robots\" content=\"index, follow, max-snippet:-1, max-image-preview:large, max-video-preview:-1\" \/>\n<link rel=\"canonical\" href=\"http:\/\/denizcankizil.tr\/en\/haberler\/gundem\/bakan-yardimcisi-donmezden-yuksek-teknoloji-vurgusu\/\" \/>\n<meta property=\"og:locale\" content=\"en_GB\" \/>\n<meta property=\"og:type\" content=\"article\" \/>\n<meta property=\"og:title\" content=\"\u00a0 Bakan Yard\u0131mc\u0131s\u0131 D\u00f6nmez&#039;den y\u00fcksek teknoloji vurgusu\" \/>\n<meta property=\"og:description\" content=\"BT\u00dc Konu\u015fmalar\u0131n\u0131n konu\u011fu olan Sanayi ve Teknoloji Bakan Yard\u0131mc\u0131s\u0131 Dr. \u00c7etin Ali D\u00f6nmez T\u00fcrkiye sanayisindeki ana hedefin Ar-Ge, \u00dcr-Ge ve teknolojiye yat\u0131r\u0131m oldu\u011funu vurgulad\u0131. Katma de\u011ferli \u00fcretim i\u00e7in \u00e7a\u011fr\u0131da bulunan Dr. D\u00f6nmez, \u201cAr-Ge ve \u00fcretim konusunda uyan\u0131\u015fa ihtiyac\u0131m\u0131z var\u201d dedi.BURSA (\u0130GFA) &#8211; Bursa Teknik \u00dcniversitesi (BT\u00dc) \u00f6\u011frencilerini alan\u0131nda uzman ki\u015filerle bir araya getiren BT\u00dc Konu\u015fmalar\u0131, 3\u2019nc\u00fc sezonuna ba\u015flad\u0131. Sezonun ilk konu\u011fu \u201cSANTEK-101, Sanayi ve Teknolojiye Giri\u015f\u201d ba\u015fl\u0131kl\u0131 konu\u015fmas\u0131yla Sanayi ve Teknoloji Bakan Yard\u0131mc\u0131s\u0131 Dr. \u00c7etin Ali D\u00f6nmez oldu. Mimar Sinan Yerle\u015fkesi Turkuaz Salon\u2019da \u00f6\u011frencilerle bulu\u015fan Dr. \u00c7etin Ali D\u00f6nmez, rekabet\u00e7i \u00fcretim, yerli mal\u0131na bak\u0131\u015f, finansman gibi konulara de\u011findi. T\u00fcrkiye sanayisi i\u00e7in as\u0131l anahtar\u0131n, kolay kopyalanamayacak, herkesin \u00fcretemeyece\u011fi, nitelikli i\u015fg\u00fcc\u00fc gerektiren bir \u00fcretim \u015fekli oldu\u011funu vurgulayan \u00c7etin Ali D\u00f6nmez, \u201cBu i\u015fin temelinde rekabet\u00e7i olmak, Ar-Ge, \u00dcr-Ge ve teknoloji yat\u0131yor. Herkesin yapamayaca\u011f\u0131 bir \u00fcr\u00fcn \u00fcretiyorsan\u0131z, daha fazla kar edersiniz.\u00a0 Sanayi ve Teknoloji Bakanl\u0131\u011f\u0131 olarak T\u00fcrkiye\u2019de \u00fcretim yapan herkesin olabildi\u011fince Ar-Ge ve teknoloji odakl\u0131 gitmesi i\u00e7in te\u015fvikte bulunuyoruz. Bu i\u015fin kilidi ilk a\u015famada Ar-Ge, devam\u0131nda ise \u00dcr-Ge ve teknoloji&#8230; \u00c7\u00fcnk\u00fc \u00fcretim yapt\u0131\u011f\u0131n ara\u00e7lar\u0131n teknolojisine yat\u0131r\u0131m yapmazsan daima kullan\u0131c\u0131 olursun. Bu d\u00f6ng\u00fcden \u00e7\u0131kmam\u0131z gerekiyor. Memleketimizin Ar-Ge ve \u00fcretim konusunda bir uyan\u0131\u015fa ihtiyac\u0131 var \u201d dedi. \u201cUZUN VADEL\u0130 BAKI\u015e A\u00c7ISI ED\u0130NMEL\u0130Y\u0130Z\u201d T\u00fcrkiye\u2019nin en temel problemlerinden &hellip;\" \/>\n<meta property=\"og:url\" content=\"http:\/\/denizcankizil.tr\/en\/haberler\/gundem\/bakan-yardimcisi-donmezden-yuksek-teknoloji-vurgusu\/\" \/>\n<meta property=\"og:site_name\" content=\"Av. Deniz Can K\u0131z\u0131l\" \/>\n<meta property=\"article:published_time\" content=\"2024-10-15T10:42:08+00:00\" \/>\n<meta name=\"twitter:card\" content=\"summary_large_image\" \/>\n<meta name=\"twitter:label1\" content=\"Estimated reading time\" \/>\n\t<meta name=\"twitter:data1\" content=\"4 minutes\" \/>\n<script type=\"application\/ld+json\" class=\"yoast-schema-graph\">{\"@context\":\"https:\/\/schema.org\",\"@graph\":[{\"@type\":\"Article\",\"@id\":\"http:\/\/denizcankizil.tr\/ru\/haberler\/gundem\/bakan-yardimcisi-donmezden-yuksek-teknoloji-vurgusu\/#article\",\"isPartOf\":{\"@id\":\"http:\/\/denizcankizil.tr\/ru\/haberler\/gundem\/bakan-yardimcisi-donmezden-yuksek-teknoloji-vurgusu\/\"},\"author\":{\"name\":\"\",\"@id\":\"\"},\"headline\":\"\u00a0 Bakan Yard\u0131mc\u0131s\u0131 D\u00f6nmez&#8217;den y\u00fcksek teknoloji vurgusu\",\"datePublished\":\"2024-10-15T10:42:08+00:00\",\"mainEntityOfPage\":{\"@id\":\"http:\/\/denizcankizil.tr\/ru\/haberler\/gundem\/bakan-yardimcisi-donmezden-yuksek-teknoloji-vurgusu\/\"},\"wordCount\":823,\"commentCount\":0,\"publisher\":{\"@id\":\"https:\/\/denizcankizil.tr\/de\/#organization\"},\"articleSection\":[\"G\u00fcndem\"],\"inLanguage\":\"en-GB\",\"potentialAction\":[{\"@type\":\"CommentAction\",\"name\":\"Comment\",\"target\":[\"http:\/\/denizcankizil.tr\/ru\/haberler\/gundem\/bakan-yardimcisi-donmezden-yuksek-teknoloji-vurgusu\/#respond\"]}]},{\"@type\":\"WebPage\",\"@id\":\"http:\/\/denizcankizil.tr\/ru\/haberler\/gundem\/bakan-yardimcisi-donmezden-yuksek-teknoloji-vurgusu\/\",\"url\":\"http:\/\/denizcankizil.tr\/ru\/haberler\/gundem\/bakan-yardimcisi-donmezden-yuksek-teknoloji-vurgusu\/\",\"name\":\"\u00a0 Bakan Yard\u0131mc\u0131s\u0131 D\u00f6nmez'den y\u00fcksek teknoloji vurgusu - Av. Deniz Can K\u0131z\u0131l\",\"isPartOf\":{\"@id\":\"https:\/\/denizcankizil.tr\/de\/#website\"},\"datePublished\":\"2024-10-15T10:42:08+00:00\",\"breadcrumb\":{\"@id\":\"http:\/\/denizcankizil.tr\/ru\/haberler\/gundem\/bakan-yardimcisi-donmezden-yuksek-teknoloji-vurgusu\/#breadcrumb\"},\"inLanguage\":\"en-GB\",\"potentialAction\":[{\"@type\":\"ReadAction\",\"target\":[\"http:\/\/denizcankizil.tr\/ru\/haberler\/gundem\/bakan-yardimcisi-donmezden-yuksek-teknoloji-vurgusu\/\"]}]},{\"@type\":\"BreadcrumbList\",\"@id\":\"http:\/\/denizcankizil.tr\/ru\/haberler\/gundem\/bakan-yardimcisi-donmezden-yuksek-teknoloji-vurgusu\/#breadcrumb\",\"itemListElement\":[{\"@type\":\"ListItem\",\"position\":1,\"name\":\"Home\",\"item\":\"https:\/\/denizcankizil.tr\/de\/\"},{\"@type\":\"ListItem\",\"position\":2,\"name\":\"\u00a0 Bakan Yard\u0131mc\u0131s\u0131 D\u00f6nmez&#8217;den y\u00fcksek teknoloji vurgusu\"}]},{\"@type\":\"WebSite\",\"@id\":\"https:\/\/denizcankizil.tr\/de\/#website\",\"url\":\"https:\/\/denizcankizil.tr\/de\/\",\"name\":\"Av. Deniz Can K\u0131z\u0131l\",\"description\":\"Avukat Deniz Can K\u0131z\u0131l Antalya Barosu\",\"publisher\":{\"@id\":\"https:\/\/denizcankizil.tr\/de\/#organization\"},\"potentialAction\":[{\"@type\":\"SearchAction\",\"target\":{\"@type\":\"EntryPoint\",\"urlTemplate\":\"https:\/\/denizcankizil.tr\/de\/?s={search_term_string}\"},\"query-input\":{\"@type\":\"PropertyValueSpecification\",\"valueRequired\":true,\"valueName\":\"search_term_string\"}}],\"inLanguage\":\"en-GB\"},{\"@type\":\"Organization\",\"@id\":\"https:\/\/denizcankizil.tr\/de\/#organization\",\"name\":\"Av. Deniz Can K\u0131z\u0131l\",\"url\":\"https:\/\/denizcankizil.tr\/de\/\",\"logo\":{\"@type\":\"ImageObject\",\"inLanguage\":\"en-GB\",\"@id\":\"https:\/\/denizcankizil.tr\/de\/#\/schema\/logo\/image\/\",\"url\":\"https:\/\/denizcankizil.tr\/wp-content\/uploads\/2024\/10\/siyah-logo-svg.svg\",\"contentUrl\":\"https:\/\/denizcankizil.tr\/wp-content\/uploads\/2024\/10\/siyah-logo-svg.svg\",\"width\":1080,\"height\":1080,\"caption\":\"Av. Deniz Can K\u0131z\u0131l\"},\"image\":{\"@id\":\"https:\/\/denizcankizil.tr\/de\/#\/schema\/logo\/image\/\"}}]}<\/script>\n<!-- \/ Yoast SEO Premium plugin. -->","yoast_head_json":{"title":"\u00a0 Bakan Yard\u0131mc\u0131s\u0131 D\u00f6nmez'den y\u00fcksek teknoloji vurgusu - Av. Deniz Can K\u0131z\u0131l","robots":{"index":"index","follow":"follow","max-snippet":"max-snippet:-1","max-image-preview":"max-image-preview:large","max-video-preview":"max-video-preview:-1"},"canonical":"http:\/\/denizcankizil.tr\/en\/haberler\/gundem\/bakan-yardimcisi-donmezden-yuksek-teknoloji-vurgusu\/","og_locale":"en_GB","og_type":"article","og_title":"\u00a0 Bakan Yard\u0131mc\u0131s\u0131 D\u00f6nmez'den y\u00fcksek teknoloji vurgusu","og_description":"BT\u00dc Konu\u015fmalar\u0131n\u0131n konu\u011fu olan Sanayi ve Teknoloji Bakan Yard\u0131mc\u0131s\u0131 Dr. \u00c7etin Ali D\u00f6nmez T\u00fcrkiye sanayisindeki ana hedefin Ar-Ge, \u00dcr-Ge ve teknolojiye yat\u0131r\u0131m oldu\u011funu vurgulad\u0131. Katma de\u011ferli \u00fcretim i\u00e7in \u00e7a\u011fr\u0131da bulunan Dr. D\u00f6nmez, \u201cAr-Ge ve \u00fcretim konusunda uyan\u0131\u015fa ihtiyac\u0131m\u0131z var\u201d dedi.BURSA (\u0130GFA) &#8211; Bursa Teknik \u00dcniversitesi (BT\u00dc) \u00f6\u011frencilerini alan\u0131nda uzman ki\u015filerle bir araya getiren BT\u00dc Konu\u015fmalar\u0131, 3\u2019nc\u00fc sezonuna ba\u015flad\u0131. Sezonun ilk konu\u011fu \u201cSANTEK-101, Sanayi ve Teknolojiye Giri\u015f\u201d ba\u015fl\u0131kl\u0131 konu\u015fmas\u0131yla Sanayi ve Teknoloji Bakan Yard\u0131mc\u0131s\u0131 Dr. \u00c7etin Ali D\u00f6nmez oldu. Mimar Sinan Yerle\u015fkesi Turkuaz Salon\u2019da \u00f6\u011frencilerle bulu\u015fan Dr. \u00c7etin Ali D\u00f6nmez, rekabet\u00e7i \u00fcretim, yerli mal\u0131na bak\u0131\u015f, finansman gibi konulara de\u011findi. T\u00fcrkiye sanayisi i\u00e7in as\u0131l anahtar\u0131n, kolay kopyalanamayacak, herkesin \u00fcretemeyece\u011fi, nitelikli i\u015fg\u00fcc\u00fc gerektiren bir \u00fcretim \u015fekli oldu\u011funu vurgulayan \u00c7etin Ali D\u00f6nmez, \u201cBu i\u015fin temelinde rekabet\u00e7i olmak, Ar-Ge, \u00dcr-Ge ve teknoloji yat\u0131yor. Herkesin yapamayaca\u011f\u0131 bir \u00fcr\u00fcn \u00fcretiyorsan\u0131z, daha fazla kar edersiniz.\u00a0 Sanayi ve Teknoloji Bakanl\u0131\u011f\u0131 olarak T\u00fcrkiye\u2019de \u00fcretim yapan herkesin olabildi\u011fince Ar-Ge ve teknoloji odakl\u0131 gitmesi i\u00e7in te\u015fvikte bulunuyoruz. Bu i\u015fin kilidi ilk a\u015famada Ar-Ge, devam\u0131nda ise \u00dcr-Ge ve teknoloji&#8230; \u00c7\u00fcnk\u00fc \u00fcretim yapt\u0131\u011f\u0131n ara\u00e7lar\u0131n teknolojisine yat\u0131r\u0131m yapmazsan daima kullan\u0131c\u0131 olursun. Bu d\u00f6ng\u00fcden \u00e7\u0131kmam\u0131z gerekiyor. Memleketimizin Ar-Ge ve \u00fcretim konusunda bir uyan\u0131\u015fa ihtiyac\u0131 var \u201d dedi. \u201cUZUN VADEL\u0130 BAKI\u015e A\u00c7ISI ED\u0130NMEL\u0130Y\u0130Z\u201d T\u00fcrkiye\u2019nin en temel problemlerinden &hellip;","og_url":"http:\/\/denizcankizil.tr\/en\/haberler\/gundem\/bakan-yardimcisi-donmezden-yuksek-teknoloji-vurgusu\/","og_site_name":"Av. Deniz Can K\u0131z\u0131l","article_published_time":"2024-10-15T10:42:08+00:00","twitter_card":"summary_large_image","twitter_misc":{"Estimated reading time":"4 minutes"},"schema":{"@context":"https:\/\/schema.org","@graph":[{"@type":"Article","@id":"http:\/\/denizcankizil.tr\/ru\/haberler\/gundem\/bakan-yardimcisi-donmezden-yuksek-teknoloji-vurgusu\/#article","isPartOf":{"@id":"http:\/\/denizcankizil.tr\/ru\/haberler\/gundem\/bakan-yardimcisi-donmezden-yuksek-teknoloji-vurgusu\/"},"author":{"name":"","@id":""},"headline":"\u00a0 Bakan Yard\u0131mc\u0131s\u0131 D\u00f6nmez&#8217;den y\u00fcksek teknoloji vurgusu","datePublished":"2024-10-15T10:42:08+00:00","mainEntityOfPage":{"@id":"http:\/\/denizcankizil.tr\/ru\/haberler\/gundem\/bakan-yardimcisi-donmezden-yuksek-teknoloji-vurgusu\/"},"wordCount":823,"commentCount":0,"publisher":{"@id":"https:\/\/denizcankizil.tr\/de\/#organization"},"articleSection":["G\u00fcndem"],"inLanguage":"en-GB","potentialAction":[{"@type":"CommentAction","name":"Comment","target":["http:\/\/denizcankizil.tr\/ru\/haberler\/gundem\/bakan-yardimcisi-donmezden-yuksek-teknoloji-vurgusu\/#respond"]}]},{"@type":"WebPage","@id":"http:\/\/denizcankizil.tr\/ru\/haberler\/gundem\/bakan-yardimcisi-donmezden-yuksek-teknoloji-vurgusu\/","url":"http:\/\/denizcankizil.tr\/ru\/haberler\/gundem\/bakan-yardimcisi-donmezden-yuksek-teknoloji-vurgusu\/","name":"\u00a0 Bakan Yard\u0131mc\u0131s\u0131 D\u00f6nmez'den y\u00fcksek teknoloji vurgusu - Av. Deniz Can K\u0131z\u0131l","isPartOf":{"@id":"https:\/\/denizcankizil.tr\/de\/#website"},"datePublished":"2024-10-15T10:42:08+00:00","breadcrumb":{"@id":"http:\/\/denizcankizil.tr\/ru\/haberler\/gundem\/bakan-yardimcisi-donmezden-yuksek-teknoloji-vurgusu\/#breadcrumb"},"inLanguage":"en-GB","potentialAction":[{"@type":"ReadAction","target":["http:\/\/denizcankizil.tr\/ru\/haberler\/gundem\/bakan-yardimcisi-donmezden-yuksek-teknoloji-vurgusu\/"]}]},{"@type":"BreadcrumbList","@id":"http:\/\/denizcankizil.tr\/ru\/haberler\/gundem\/bakan-yardimcisi-donmezden-yuksek-teknoloji-vurgusu\/#breadcrumb","itemListElement":[{"@type":"ListItem","position":1,"name":"Home","item":"https:\/\/denizcankizil.tr\/de\/"},{"@type":"ListItem","position":2,"name":"\u00a0 Bakan Yard\u0131mc\u0131s\u0131 D\u00f6nmez&#8217;den y\u00fcksek teknoloji vurgusu"}]},{"@type":"WebSite","@id":"https:\/\/denizcankizil.tr\/de\/#website","url":"https:\/\/denizcankizil.tr\/de\/","name":"Av. Deniz Can K\u0131z\u0131l","description":"Avukat Deniz Can K\u0131z\u0131l Antalya Barosu","publisher":{"@id":"https:\/\/denizcankizil.tr\/de\/#organization"},"potentialAction":[{"@type":"SearchAction","target":{"@type":"EntryPoint","urlTemplate":"https:\/\/denizcankizil.tr\/de\/?s={search_term_string}"},"query-input":{"@type":"PropertyValueSpecification","valueRequired":true,"valueName":"search_term_string"}}],"inLanguage":"en-GB"},{"@type":"Organization","@id":"https:\/\/denizcankizil.tr\/de\/#organization","name":"Av. Deniz Can K\u0131z\u0131l","url":"https:\/\/denizcankizil.tr\/de\/","logo":{"@type":"ImageObject","inLanguage":"en-GB","@id":"https:\/\/denizcankizil.tr\/de\/#\/schema\/logo\/image\/","url":"https:\/\/denizcankizil.tr\/wp-content\/uploads\/2024\/10\/siyah-logo-svg.svg","contentUrl":"https:\/\/denizcankizil.tr\/wp-content\/uploads\/2024\/10\/siyah-logo-svg.svg","width":1080,"height":1080,"caption":"Av. Deniz Can K\u0131z\u0131l"},"image":{"@id":"https:\/\/denizcankizil.tr\/de\/#\/schema\/logo\/image\/"}}]}},"_links":{"self":[{"href":"https:\/\/denizcankizil.tr\/en\/wp-json\/wp\/v2\/posts\/2788","targetHints":{"allow":["GET"]}}],"collection":[{"href":"https:\/\/denizcankizil.tr\/en\/wp-json\/wp\/v2\/posts"}],"about":[{"href":"https:\/\/denizcankizil.tr\/en\/wp-json\/wp\/v2\/types\/post"}],"replies":[{"embeddable":true,"href":"https:\/\/denizcankizil.tr\/en\/wp-json\/wp\/v2\/comments?post=2788"}],"version-history":[{"count":0,"href":"https:\/\/denizcankizil.tr\/en\/wp-json\/wp\/v2\/posts\/2788\/revisions"}],"wp:attachment":[{"href":"https:\/\/denizcankizil.tr\/en\/wp-json\/wp\/v2\/media?parent=2788"}],"wp:term":[{"taxonomy":"category","embeddable":true,"href":"https:\/\/denizcankizil.tr\/en\/wp-json\/wp\/v2\/categories?post=2788"},{"taxonomy":"post_tag","embeddable":true,"href":"https:\/\/denizcankizil.tr\/en\/wp-json\/wp\/v2\/tags?post=2788"}],"curies":[{"name":"wp","href":"https:\/\/api.w.org\/{rel}","templated":true}]}}