{"id":27406,"date":"2025-01-25T13:41:27","date_gmt":"2025-01-25T10:41:27","guid":{"rendered":"https:\/\/denizcankizil.tr\/uncategorized-tr\/otomobil-takla-atti-1-yarali\/"},"modified":"2025-01-25T13:41:27","modified_gmt":"2025-01-25T10:41:27","slug":"otomobil-takla-atti-1-yarali","status":"publish","type":"post","link":"https:\/\/denizcankizil.tr\/en\/haberler\/antalya\/otomobil-takla-atti-1-yarali\/","title":{"rendered":"Otomobil takla att\u0131 : 1 yaral\u0131"},"content":{"rendered":"<p>Kaza, saat 10:30 s\u0131ralar\u0131nda Alanya&#8217;n\u0131n K\u00fc\u00e7\u00fckhasbah\u00e7e Mahallesi \u00c7atalhavuz \u00c7\u0131kmaz\u0131 mevkiinde meydana geldi. Edinilen bilgilere g\u00f6re H\u00fcseyin K.(53), 07 UP 419 plakal\u0131 FIAT marka otomobilin direksiyon hakimiyetini kaybetti. S\u00fcr\u00fcc\u00fc H\u00fcseyin K.(53) \u00f6nce yol kenar\u0131nda bulunan toprak zemine \u00e7arp\u0131ktan sonra takla atarak durabildi. Kazay\u0131 g\u00f6ren \u00e7evredeki vatanda\u015flar durumu hemen 112 Acil \u00c7a\u011fr\u0131 Merkezi&#8217;ne bildirdi. Olay yerine polis, ambulans ve itfaiye ekipleri sevk edildi. Yaral\u0131 s\u00fcr\u00fcc\u00fc, H\u00fcseyin K. (53) sa\u011fl\u0131k ekiplerinin ilk m\u00fcdahalesinin ard\u0131ndan hastaneye kald\u0131r\u0131ld\u0131. Kazaya kar\u0131\u015fan ara\u00e7 \u00e7ekici yard\u0131m\u0131 ile otoparka g\u00f6t\u00fcr\u00fcld\u00fc. Kazada yaralanan otomobil s\u00fcr\u00fcc\u00fcs\u00fc H\u00fcseyin K.&#8217;n\u0131n durumunun ciddiyetini korudu\u011fu \u00f6\u011frenildi. Kaza yerine gelen Alanya Belediyesine ba\u011fl\u0131 Temizlik g\u00f6revlileri yolda temizlik \u00e7al\u0131\u015fmas\u0131 yapt\u0131.<br \/>\nPolis ekipleri kaza ile ilgili inceleme ba\u015flatt\u0131.<\/p>\n<p>Kaynak: www.kanalv.com.tr Haber Sitesinden Al\u0131nm\u0131\u015ft\u0131r.<\/p>","protected":false},"excerpt":{"rendered":"<p>Kaza, saat 10:30 s\u0131ralar\u0131nda Alanya&#8217;n\u0131n K\u00fc\u00e7\u00fckhasbah\u00e7e Mahallesi \u00c7atalhavuz \u00c7\u0131kmaz\u0131 mevkiinde meydana geldi. Edinilen bilgilere g\u00f6re H\u00fcseyin K.(53), 07 UP 419 plakal\u0131 FIAT marka otomobilin direksiyon hakimiyetini kaybetti. S\u00fcr\u00fcc\u00fc H\u00fcseyin K.(53) \u00f6nce yol kenar\u0131nda bulunan toprak zemine \u00e7arp\u0131ktan sonra takla atarak durabildi. Kazay\u0131 g\u00f6ren \u00e7evredeki vatanda\u015flar durumu hemen 112 Acil \u00c7a\u011fr\u0131 Merkezi&#8217;ne bildirdi. Olay yerine polis, ambulans ve itfaiye ekipleri sevk edildi. Yaral\u0131 s\u00fcr\u00fcc\u00fc, H\u00fcseyin K. (53) sa\u011fl\u0131k ekiplerinin ilk m\u00fcdahalesinin ard\u0131ndan hastaneye kald\u0131r\u0131ld\u0131. Kazaya kar\u0131\u015fan ara\u00e7 \u00e7ekici yard\u0131m\u0131 ile otoparka g\u00f6t\u00fcr\u00fcld\u00fc. Kazada yaralanan otomobil s\u00fcr\u00fcc\u00fcs\u00fc H\u00fcseyin K.&#8217;n\u0131n durumunun ciddiyetini korudu\u011fu \u00f6\u011frenildi. Kaza yerine gelen Alanya Belediyesine ba\u011fl\u0131 Temizlik g\u00f6revlileri yolda temizlik \u00e7al\u0131\u015fmas\u0131 yapt\u0131. Polis ekipleri kaza ile ilgili inceleme ba\u015flatt\u0131. Kaynak: www.kanalv.com.tr Haber Sitesinden Al\u0131nm\u0131\u015ft\u0131r.<\/p>","protected":false},"author":4,"featured_media":0,"comment_status":"open","ping_status":"open","sticky":false,"template":"","format":"standard","meta":{"_acf_changed":false,"footnotes":""},"categories":[26],"tags":[],"class_list":["post-27406","post","type-post","status-publish","format-standard","hentry","category-antalya"],"acf":[],"yoast_head":"<!-- This site is optimized with the Yoast SEO Premium plugin v26.6 (Yoast SEO v27.1.1) - https:\/\/yoast.com\/product\/yoast-seo-premium-wordpress\/ -->\n<title>Otomobil takla att\u0131 : 1 yaral\u0131 - Av. Deniz Can K\u0131z\u0131l<\/title>\n<meta name=\"robots\" content=\"index, follow, max-snippet:-1, max-image-preview:large, max-video-preview:-1\" \/>\n<link rel=\"canonical\" href=\"https:\/\/denizcankizil.tr\/en\/haberler\/antalya\/otomobil-takla-atti-1-yarali\/\" \/>\n<meta property=\"og:locale\" content=\"en_GB\" \/>\n<meta property=\"og:type\" content=\"article\" \/>\n<meta property=\"og:title\" content=\"Otomobil takla att\u0131 : 1 yaral\u0131\" \/>\n<meta property=\"og:description\" content=\"Kaza, saat 10:30 s\u0131ralar\u0131nda Alanya&#8217;n\u0131n K\u00fc\u00e7\u00fckhasbah\u00e7e Mahallesi \u00c7atalhavuz \u00c7\u0131kmaz\u0131 mevkiinde meydana geldi. Edinilen bilgilere g\u00f6re H\u00fcseyin K.(53), 07 UP 419 plakal\u0131 FIAT marka otomobilin direksiyon hakimiyetini kaybetti. S\u00fcr\u00fcc\u00fc H\u00fcseyin K.(53) \u00f6nce yol kenar\u0131nda bulunan toprak zemine \u00e7arp\u0131ktan sonra takla atarak durabildi. Kazay\u0131 g\u00f6ren \u00e7evredeki vatanda\u015flar durumu hemen 112 Acil \u00c7a\u011fr\u0131 Merkezi&#8217;ne bildirdi. Olay yerine polis, ambulans ve itfaiye ekipleri sevk edildi. Yaral\u0131 s\u00fcr\u00fcc\u00fc, H\u00fcseyin K. (53) sa\u011fl\u0131k ekiplerinin ilk m\u00fcdahalesinin ard\u0131ndan hastaneye kald\u0131r\u0131ld\u0131. Kazaya kar\u0131\u015fan ara\u00e7 \u00e7ekici yard\u0131m\u0131 ile otoparka g\u00f6t\u00fcr\u00fcld\u00fc. Kazada yaralanan otomobil s\u00fcr\u00fcc\u00fcs\u00fc H\u00fcseyin K.&#8217;n\u0131n durumunun ciddiyetini korudu\u011fu \u00f6\u011frenildi. Kaza yerine gelen Alanya Belediyesine ba\u011fl\u0131 Temizlik g\u00f6revlileri yolda temizlik \u00e7al\u0131\u015fmas\u0131 yapt\u0131. Polis ekipleri kaza ile ilgili inceleme ba\u015flatt\u0131. Kaynak: www.kanalv.com.tr Haber Sitesinden Al\u0131nm\u0131\u015ft\u0131r.\" \/>\n<meta property=\"og:url\" content=\"https:\/\/denizcankizil.tr\/en\/haberler\/antalya\/otomobil-takla-atti-1-yarali\/\" \/>\n<meta property=\"og:site_name\" content=\"Av. Deniz Can K\u0131z\u0131l\" \/>\n<meta property=\"article:published_time\" content=\"2025-01-25T10:41:27+00:00\" \/>\n<meta name=\"author\" content=\"Av. Deniz Can K\u0131z\u0131l\" \/>\n<meta name=\"twitter:card\" content=\"summary_large_image\" \/>\n<meta name=\"twitter:label1\" content=\"Written by\" \/>\n\t<meta name=\"twitter:data1\" content=\"Av. Deniz Can K\u0131z\u0131l\" \/>\n\t<meta name=\"twitter:label2\" content=\"Estimated reading time\" \/>\n\t<meta name=\"twitter:data2\" content=\"1 minute\" \/>\n<script type=\"application\/ld+json\" class=\"yoast-schema-graph\">{\"@context\":\"https:\/\/schema.org\",\"@graph\":[{\"@type\":\"Article\",\"@id\":\"https:\/\/denizcankizil.tr\/en\/haberler\/antalya\/otomobil-takla-atti-1-yarali\/#article\",\"isPartOf\":{\"@id\":\"https:\/\/denizcankizil.tr\/en\/haberler\/antalya\/otomobil-takla-atti-1-yarali\/\"},\"author\":{\"name\":\"Av. Deniz Can K\u0131z\u0131l\",\"@id\":\"https:\/\/denizcankizil.tr\/#\/schema\/person\/5dc1b22991bd7ac833867c10afc9b0ff\"},\"headline\":\"Otomobil takla att\u0131 : 1 yaral\u0131\",\"datePublished\":\"2025-01-25T10:41:27+00:00\",\"mainEntityOfPage\":{\"@id\":\"https:\/\/denizcankizil.tr\/en\/haberler\/antalya\/otomobil-takla-atti-1-yarali\/\"},\"wordCount\":162,\"commentCount\":0,\"publisher\":{\"@id\":\"https:\/\/denizcankizil.tr\/#organization\"},\"articleSection\":[\"Antalya\"],\"inLanguage\":\"en-GB\",\"potentialAction\":[{\"@type\":\"CommentAction\",\"name\":\"Comment\",\"target\":[\"https:\/\/denizcankizil.tr\/en\/haberler\/antalya\/otomobil-takla-atti-1-yarali\/#respond\"]}]},{\"@type\":\"WebPage\",\"@id\":\"https:\/\/denizcankizil.tr\/en\/haberler\/antalya\/otomobil-takla-atti-1-yarali\/\",\"url\":\"https:\/\/denizcankizil.tr\/en\/haberler\/antalya\/otomobil-takla-atti-1-yarali\/\",\"name\":\"Otomobil takla att\u0131 : 1 yaral\u0131 - Av. Deniz Can K\u0131z\u0131l\",\"isPartOf\":{\"@id\":\"https:\/\/denizcankizil.tr\/#website\"},\"datePublished\":\"2025-01-25T10:41:27+00:00\",\"breadcrumb\":{\"@id\":\"https:\/\/denizcankizil.tr\/en\/haberler\/antalya\/otomobil-takla-atti-1-yarali\/#breadcrumb\"},\"inLanguage\":\"en-GB\",\"potentialAction\":[{\"@type\":\"ReadAction\",\"target\":[\"https:\/\/denizcankizil.tr\/en\/haberler\/antalya\/otomobil-takla-atti-1-yarali\/\"]}]},{\"@type\":\"BreadcrumbList\",\"@id\":\"https:\/\/denizcankizil.tr\/en\/haberler\/antalya\/otomobil-takla-atti-1-yarali\/#breadcrumb\",\"itemListElement\":[{\"@type\":\"ListItem\",\"position\":1,\"name\":\"Home\",\"item\":\"https:\/\/denizcankizil.tr\/de\/\"},{\"@type\":\"ListItem\",\"position\":2,\"name\":\"Otomobil takla att\u0131 : 1 yaral\u0131\"}]},{\"@type\":\"WebSite\",\"@id\":\"https:\/\/denizcankizil.tr\/#website\",\"url\":\"https:\/\/denizcankizil.tr\/\",\"name\":\"Av. Deniz Can K\u0131z\u0131l\",\"description\":\"Avukat Deniz Can K\u0131z\u0131l Antalya Barosu\",\"publisher\":{\"@id\":\"https:\/\/denizcankizil.tr\/#organization\"},\"potentialAction\":[{\"@type\":\"SearchAction\",\"target\":{\"@type\":\"EntryPoint\",\"urlTemplate\":\"https:\/\/denizcankizil.tr\/?s={search_term_string}\"},\"query-input\":{\"@type\":\"PropertyValueSpecification\",\"valueRequired\":true,\"valueName\":\"search_term_string\"}}],\"inLanguage\":\"en-GB\"},{\"@type\":\"Organization\",\"@id\":\"https:\/\/denizcankizil.tr\/#organization\",\"name\":\"Av. Deniz Can K\u0131z\u0131l\",\"url\":\"https:\/\/denizcankizil.tr\/\",\"logo\":{\"@type\":\"ImageObject\",\"inLanguage\":\"en-GB\",\"@id\":\"https:\/\/denizcankizil.tr\/#\/schema\/logo\/image\/\",\"url\":\"https:\/\/denizcankizil.tr\/wp-content\/uploads\/2024\/10\/siyah-logo-svg.svg\",\"contentUrl\":\"https:\/\/denizcankizil.tr\/wp-content\/uploads\/2024\/10\/siyah-logo-svg.svg\",\"width\":1080,\"height\":1080,\"caption\":\"Av. Deniz Can K\u0131z\u0131l\"},\"image\":{\"@id\":\"https:\/\/denizcankizil.tr\/#\/schema\/logo\/image\/\"}},{\"@type\":\"Person\",\"@id\":\"https:\/\/denizcankizil.tr\/#\/schema\/person\/5dc1b22991bd7ac833867c10afc9b0ff\",\"name\":\"Av. Deniz Can K\u0131z\u0131l\",\"image\":{\"@type\":\"ImageObject\",\"inLanguage\":\"en-GB\",\"@id\":\"https:\/\/denizcankizil.tr\/#\/schema\/person\/image\/\",\"url\":\"https:\/\/secure.gravatar.com\/avatar\/a0b128fb9855c79efc976d5640eedb31dc35ec297594d6016d2cf7c60e975bb6?s=96&d=mm&r=g\",\"contentUrl\":\"https:\/\/secure.gravatar.com\/avatar\/a0b128fb9855c79efc976d5640eedb31dc35ec297594d6016d2cf7c60e975bb6?s=96&d=mm&r=g\",\"caption\":\"Av. Deniz Can K\u0131z\u0131l\"},\"sameAs\":[\"http:\/\/www.denizcankizil.tr\"],\"url\":\"https:\/\/denizcankizil.tr\/en\/author\/denizcankizil\/\"}]}<\/script>\n<!-- \/ Yoast SEO Premium plugin. -->","yoast_head_json":{"title":"Otomobil takla att\u0131 : 1 yaral\u0131 - Av. Deniz Can K\u0131z\u0131l","robots":{"index":"index","follow":"follow","max-snippet":"max-snippet:-1","max-image-preview":"max-image-preview:large","max-video-preview":"max-video-preview:-1"},"canonical":"https:\/\/denizcankizil.tr\/en\/haberler\/antalya\/otomobil-takla-atti-1-yarali\/","og_locale":"en_GB","og_type":"article","og_title":"Otomobil takla att\u0131 : 1 yaral\u0131","og_description":"Kaza, saat 10:30 s\u0131ralar\u0131nda Alanya&#8217;n\u0131n K\u00fc\u00e7\u00fckhasbah\u00e7e Mahallesi \u00c7atalhavuz \u00c7\u0131kmaz\u0131 mevkiinde meydana geldi. Edinilen bilgilere g\u00f6re H\u00fcseyin K.(53), 07 UP 419 plakal\u0131 FIAT marka otomobilin direksiyon hakimiyetini kaybetti. S\u00fcr\u00fcc\u00fc H\u00fcseyin K.(53) \u00f6nce yol kenar\u0131nda bulunan toprak zemine \u00e7arp\u0131ktan sonra takla atarak durabildi. Kazay\u0131 g\u00f6ren \u00e7evredeki vatanda\u015flar durumu hemen 112 Acil \u00c7a\u011fr\u0131 Merkezi&#8217;ne bildirdi. Olay yerine polis, ambulans ve itfaiye ekipleri sevk edildi. Yaral\u0131 s\u00fcr\u00fcc\u00fc, H\u00fcseyin K. (53) sa\u011fl\u0131k ekiplerinin ilk m\u00fcdahalesinin ard\u0131ndan hastaneye kald\u0131r\u0131ld\u0131. Kazaya kar\u0131\u015fan ara\u00e7 \u00e7ekici yard\u0131m\u0131 ile otoparka g\u00f6t\u00fcr\u00fcld\u00fc. Kazada yaralanan otomobil s\u00fcr\u00fcc\u00fcs\u00fc H\u00fcseyin K.&#8217;n\u0131n durumunun ciddiyetini korudu\u011fu \u00f6\u011frenildi. Kaza yerine gelen Alanya Belediyesine ba\u011fl\u0131 Temizlik g\u00f6revlileri yolda temizlik \u00e7al\u0131\u015fmas\u0131 yapt\u0131. Polis ekipleri kaza ile ilgili inceleme ba\u015flatt\u0131. Kaynak: www.kanalv.com.tr Haber Sitesinden Al\u0131nm\u0131\u015ft\u0131r.","og_url":"https:\/\/denizcankizil.tr\/en\/haberler\/antalya\/otomobil-takla-atti-1-yarali\/","og_site_name":"Av. Deniz Can K\u0131z\u0131l","article_published_time":"2025-01-25T10:41:27+00:00","author":"Av. Deniz Can K\u0131z\u0131l","twitter_card":"summary_large_image","twitter_misc":{"Written by":"Av. Deniz Can K\u0131z\u0131l","Estimated reading time":"1 minute"},"schema":{"@context":"https:\/\/schema.org","@graph":[{"@type":"Article","@id":"https:\/\/denizcankizil.tr\/en\/haberler\/antalya\/otomobil-takla-atti-1-yarali\/#article","isPartOf":{"@id":"https:\/\/denizcankizil.tr\/en\/haberler\/antalya\/otomobil-takla-atti-1-yarali\/"},"author":{"name":"Av. Deniz Can K\u0131z\u0131l","@id":"https:\/\/denizcankizil.tr\/#\/schema\/person\/5dc1b22991bd7ac833867c10afc9b0ff"},"headline":"Otomobil takla att\u0131 : 1 yaral\u0131","datePublished":"2025-01-25T10:41:27+00:00","mainEntityOfPage":{"@id":"https:\/\/denizcankizil.tr\/en\/haberler\/antalya\/otomobil-takla-atti-1-yarali\/"},"wordCount":162,"commentCount":0,"publisher":{"@id":"https:\/\/denizcankizil.tr\/#organization"},"articleSection":["Antalya"],"inLanguage":"en-GB","potentialAction":[{"@type":"CommentAction","name":"Comment","target":["https:\/\/denizcankizil.tr\/en\/haberler\/antalya\/otomobil-takla-atti-1-yarali\/#respond"]}]},{"@type":"WebPage","@id":"https:\/\/denizcankizil.tr\/en\/haberler\/antalya\/otomobil-takla-atti-1-yarali\/","url":"https:\/\/denizcankizil.tr\/en\/haberler\/antalya\/otomobil-takla-atti-1-yarali\/","name":"Otomobil takla att\u0131 : 1 yaral\u0131 - Av. Deniz Can K\u0131z\u0131l","isPartOf":{"@id":"https:\/\/denizcankizil.tr\/#website"},"datePublished":"2025-01-25T10:41:27+00:00","breadcrumb":{"@id":"https:\/\/denizcankizil.tr\/en\/haberler\/antalya\/otomobil-takla-atti-1-yarali\/#breadcrumb"},"inLanguage":"en-GB","potentialAction":[{"@type":"ReadAction","target":["https:\/\/denizcankizil.tr\/en\/haberler\/antalya\/otomobil-takla-atti-1-yarali\/"]}]},{"@type":"BreadcrumbList","@id":"https:\/\/denizcankizil.tr\/en\/haberler\/antalya\/otomobil-takla-atti-1-yarali\/#breadcrumb","itemListElement":[{"@type":"ListItem","position":1,"name":"Home","item":"https:\/\/denizcankizil.tr\/de\/"},{"@type":"ListItem","position":2,"name":"Otomobil takla att\u0131 : 1 yaral\u0131"}]},{"@type":"WebSite","@id":"https:\/\/denizcankizil.tr\/#website","url":"https:\/\/denizcankizil.tr\/","name":"Av. Deniz Can K\u0131z\u0131l","description":"Avukat Deniz Can K\u0131z\u0131l Antalya Barosu","publisher":{"@id":"https:\/\/denizcankizil.tr\/#organization"},"potentialAction":[{"@type":"SearchAction","target":{"@type":"EntryPoint","urlTemplate":"https:\/\/denizcankizil.tr\/?s={search_term_string}"},"query-input":{"@type":"PropertyValueSpecification","valueRequired":true,"valueName":"search_term_string"}}],"inLanguage":"en-GB"},{"@type":"Organization","@id":"https:\/\/denizcankizil.tr\/#organization","name":"Av. Deniz Can K\u0131z\u0131l","url":"https:\/\/denizcankizil.tr\/","logo":{"@type":"ImageObject","inLanguage":"en-GB","@id":"https:\/\/denizcankizil.tr\/#\/schema\/logo\/image\/","url":"https:\/\/denizcankizil.tr\/wp-content\/uploads\/2024\/10\/siyah-logo-svg.svg","contentUrl":"https:\/\/denizcankizil.tr\/wp-content\/uploads\/2024\/10\/siyah-logo-svg.svg","width":1080,"height":1080,"caption":"Av. Deniz Can K\u0131z\u0131l"},"image":{"@id":"https:\/\/denizcankizil.tr\/#\/schema\/logo\/image\/"}},{"@type":"Person","@id":"https:\/\/denizcankizil.tr\/#\/schema\/person\/5dc1b22991bd7ac833867c10afc9b0ff","name":"Av. Deniz Can K\u0131z\u0131l","image":{"@type":"ImageObject","inLanguage":"en-GB","@id":"https:\/\/denizcankizil.tr\/#\/schema\/person\/image\/","url":"https:\/\/secure.gravatar.com\/avatar\/a0b128fb9855c79efc976d5640eedb31dc35ec297594d6016d2cf7c60e975bb6?s=96&d=mm&r=g","contentUrl":"https:\/\/secure.gravatar.com\/avatar\/a0b128fb9855c79efc976d5640eedb31dc35ec297594d6016d2cf7c60e975bb6?s=96&d=mm&r=g","caption":"Av. Deniz Can K\u0131z\u0131l"},"sameAs":["http:\/\/www.denizcankizil.tr"],"url":"https:\/\/denizcankizil.tr\/en\/author\/denizcankizil\/"}]}},"_links":{"self":[{"href":"https:\/\/denizcankizil.tr\/en\/wp-json\/wp\/v2\/posts\/27406","targetHints":{"allow":["GET"]}}],"collection":[{"href":"https:\/\/denizcankizil.tr\/en\/wp-json\/wp\/v2\/posts"}],"about":[{"href":"https:\/\/denizcankizil.tr\/en\/wp-json\/wp\/v2\/types\/post"}],"author":[{"embeddable":true,"href":"https:\/\/denizcankizil.tr\/en\/wp-json\/wp\/v2\/users\/4"}],"replies":[{"embeddable":true,"href":"https:\/\/denizcankizil.tr\/en\/wp-json\/wp\/v2\/comments?post=27406"}],"version-history":[{"count":0,"href":"https:\/\/denizcankizil.tr\/en\/wp-json\/wp\/v2\/posts\/27406\/revisions"}],"wp:attachment":[{"href":"https:\/\/denizcankizil.tr\/en\/wp-json\/wp\/v2\/media?parent=27406"}],"wp:term":[{"taxonomy":"category","embeddable":true,"href":"https:\/\/denizcankizil.tr\/en\/wp-json\/wp\/v2\/categories?post=27406"},{"taxonomy":"post_tag","embeddable":true,"href":"https:\/\/denizcankizil.tr\/en\/wp-json\/wp\/v2\/tags?post=27406"}],"curies":[{"name":"wp","href":"https:\/\/api.w.org\/{rel}","templated":true}]}}