{"id":27397,"date":"2025-01-25T12:41:40","date_gmt":"2025-01-25T09:41:40","guid":{"rendered":"https:\/\/denizcankizil.tr\/uncategorized-tr\/baskan-tugay-ne-is-yapiyorsak-mumcunun-cesaretini-ornek-alalim\/"},"modified":"2025-01-25T12:41:40","modified_gmt":"2025-01-25T09:41:40","slug":"baskan-tugay-ne-is-yapiyorsak-mumcunun-cesaretini-ornek-alalim","status":"publish","type":"post","link":"https:\/\/denizcankizil.tr\/en\/haberler\/gundem\/baskan-tugay-ne-is-yapiyorsak-mumcunun-cesaretini-ornek-alalim\/","title":{"rendered":"Ba\u015fkan Tugay: Ne i\u015f yap\u0131yorsak Mumcu\u2019nun cesaretini \u00f6rnek alal\u0131m"},"content":{"rendered":"<p>\u0130zmir B\u00fcy\u00fck\u015fehir Belediyesi, \u0130zmir Gazeteciler Cemiyeti ile ara\u015ft\u0131rmac\u0131 gazeteci yazar U\u011fur Mumcu\u2019yu katledili\u015finin 32\u2019nci y\u0131l\u0131nda anma t\u00f6reni d\u00fczenledi.<\/p>\n<p>\u200b\u0130zmir B\u00fcy\u00fck\u015fehir Belediyesi, \u0130zmir Gazeteciler Cemiyeti ile ara\u015ft\u0131rmac\u0131 gazeteci yazar U\u011fur Mumcu\u2019yu katledili\u015finin 32\u2019nci y\u0131l\u0131nda anma t\u00f6reni d\u00fczenledi.\u00a0<\/p>\n<p>\u200bHaberin Al\u0131nt\u0131land\u0131\u011f\u0131 Kaynak: www.iskenderun.org<\/p>","protected":false},"excerpt":{"rendered":"<p>\u0130zmir B\u00fcy\u00fck\u015fehir Belediyesi, \u0130zmir Gazeteciler Cemiyeti ile ara\u015ft\u0131rmac\u0131 gazeteci yazar U\u011fur Mumcu\u2019yu katledili\u015finin 32\u2019nci y\u0131l\u0131nda anma t\u00f6reni d\u00fczenledi. \u200b\u0130zmir B\u00fcy\u00fck\u015fehir Belediyesi, \u0130zmir Gazeteciler Cemiyeti ile ara\u015ft\u0131rmac\u0131 gazeteci yazar U\u011fur Mumcu\u2019yu katledili\u015finin 32\u2019nci y\u0131l\u0131nda anma t\u00f6reni d\u00fczenledi.\u00a0 \u200bHaberin Al\u0131nt\u0131land\u0131\u011f\u0131 Kaynak: www.iskenderun.org<\/p>","protected":false},"author":1,"featured_media":0,"comment_status":"open","ping_status":"open","sticky":false,"template":"","format":"standard","meta":{"_acf_changed":false,"footnotes":""},"categories":[24],"tags":[],"class_list":["post-27397","post","type-post","status-publish","format-standard","has-post-thumbnail","hentry","category-gundem"],"acf":[],"yoast_head":"<!-- This site is optimized with the Yoast SEO Premium plugin v26.6 (Yoast SEO v27.1.1) - https:\/\/yoast.com\/product\/yoast-seo-premium-wordpress\/ -->\n<title>Ba\u015fkan Tugay: Ne i\u015f yap\u0131yorsak Mumcu\u2019nun cesaretini \u00f6rnek alal\u0131m - Av. Deniz Can K\u0131z\u0131l<\/title>\n<meta name=\"robots\" content=\"index, follow, max-snippet:-1, max-image-preview:large, max-video-preview:-1\" \/>\n<link rel=\"canonical\" href=\"http:\/\/denizcankizil.tr\/en\/haberler\/gundem\/baskan-tugay-ne-is-yapiyorsak-mumcunun-cesaretini-ornek-alalim\/\" \/>\n<meta property=\"og:locale\" content=\"en_GB\" \/>\n<meta property=\"og:type\" content=\"article\" \/>\n<meta property=\"og:title\" content=\"Ba\u015fkan Tugay: Ne i\u015f yap\u0131yorsak Mumcu\u2019nun cesaretini \u00f6rnek alal\u0131m\" \/>\n<meta property=\"og:description\" content=\"\u0130zmir B\u00fcy\u00fck\u015fehir Belediyesi, \u0130zmir Gazeteciler Cemiyeti ile ara\u015ft\u0131rmac\u0131 gazeteci yazar U\u011fur Mumcu\u2019yu katledili\u015finin 32\u2019nci y\u0131l\u0131nda anma t\u00f6reni d\u00fczenledi. \u200b\u0130zmir B\u00fcy\u00fck\u015fehir Belediyesi, \u0130zmir Gazeteciler Cemiyeti ile ara\u015ft\u0131rmac\u0131 gazeteci yazar U\u011fur Mumcu\u2019yu katledili\u015finin 32\u2019nci y\u0131l\u0131nda anma t\u00f6reni d\u00fczenledi.\u00a0 \u200bHaberin Al\u0131nt\u0131land\u0131\u011f\u0131 Kaynak: www.iskenderun.org\" \/>\n<meta property=\"og:url\" content=\"http:\/\/denizcankizil.tr\/en\/haberler\/gundem\/baskan-tugay-ne-is-yapiyorsak-mumcunun-cesaretini-ornek-alalim\/\" \/>\n<meta property=\"og:site_name\" content=\"Av. Deniz Can K\u0131z\u0131l\" \/>\n<meta property=\"article:published_time\" content=\"2025-01-25T09:41:40+00:00\" \/>\n<meta name=\"author\" content=\"admin\" \/>\n<meta name=\"twitter:card\" content=\"summary_large_image\" \/>\n<meta name=\"twitter:label1\" content=\"Written by\" \/>\n\t<meta name=\"twitter:data1\" content=\"admin\" \/>\n<script type=\"application\/ld+json\" class=\"yoast-schema-graph\">{\"@context\":\"https:\/\/schema.org\",\"@graph\":[{\"@type\":\"Article\",\"@id\":\"http:\/\/denizcankizil.tr\/ru\/haberler\/gundem\/baskan-tugay-ne-is-yapiyorsak-mumcunun-cesaretini-ornek-alalim\/#article\",\"isPartOf\":{\"@id\":\"http:\/\/denizcankizil.tr\/ru\/haberler\/gundem\/baskan-tugay-ne-is-yapiyorsak-mumcunun-cesaretini-ornek-alalim\/\"},\"author\":{\"name\":\"admin\",\"@id\":\"https:\/\/denizcankizil.tr\/de\/#\/schema\/person\/be3c05fe6a12686905512445d8185489\"},\"headline\":\"Ba\u015fkan Tugay: Ne i\u015f yap\u0131yorsak Mumcu\u2019nun cesaretini \u00f6rnek alal\u0131m\",\"datePublished\":\"2025-01-25T09:41:40+00:00\",\"mainEntityOfPage\":{\"@id\":\"http:\/\/denizcankizil.tr\/ru\/haberler\/gundem\/baskan-tugay-ne-is-yapiyorsak-mumcunun-cesaretini-ornek-alalim\/\"},\"wordCount\":81,\"commentCount\":0,\"publisher\":{\"@id\":\"https:\/\/denizcankizil.tr\/de\/#organization\"},\"articleSection\":[\"G\u00fcndem\"],\"inLanguage\":\"en-GB\",\"potentialAction\":[{\"@type\":\"CommentAction\",\"name\":\"Comment\",\"target\":[\"http:\/\/denizcankizil.tr\/ru\/haberler\/gundem\/baskan-tugay-ne-is-yapiyorsak-mumcunun-cesaretini-ornek-alalim\/#respond\"]}]},{\"@type\":\"WebPage\",\"@id\":\"http:\/\/denizcankizil.tr\/ru\/haberler\/gundem\/baskan-tugay-ne-is-yapiyorsak-mumcunun-cesaretini-ornek-alalim\/\",\"url\":\"http:\/\/denizcankizil.tr\/ru\/haberler\/gundem\/baskan-tugay-ne-is-yapiyorsak-mumcunun-cesaretini-ornek-alalim\/\",\"name\":\"Ba\u015fkan Tugay: Ne i\u015f yap\u0131yorsak Mumcu\u2019nun cesaretini \u00f6rnek alal\u0131m - Av. Deniz Can K\u0131z\u0131l\",\"isPartOf\":{\"@id\":\"https:\/\/denizcankizil.tr\/de\/#website\"},\"datePublished\":\"2025-01-25T09:41:40+00:00\",\"breadcrumb\":{\"@id\":\"http:\/\/denizcankizil.tr\/ru\/haberler\/gundem\/baskan-tugay-ne-is-yapiyorsak-mumcunun-cesaretini-ornek-alalim\/#breadcrumb\"},\"inLanguage\":\"en-GB\",\"potentialAction\":[{\"@type\":\"ReadAction\",\"target\":[\"http:\/\/denizcankizil.tr\/ru\/haberler\/gundem\/baskan-tugay-ne-is-yapiyorsak-mumcunun-cesaretini-ornek-alalim\/\"]}]},{\"@type\":\"BreadcrumbList\",\"@id\":\"http:\/\/denizcankizil.tr\/ru\/haberler\/gundem\/baskan-tugay-ne-is-yapiyorsak-mumcunun-cesaretini-ornek-alalim\/#breadcrumb\",\"itemListElement\":[{\"@type\":\"ListItem\",\"position\":1,\"name\":\"Home\",\"item\":\"https:\/\/denizcankizil.tr\/de\/\"},{\"@type\":\"ListItem\",\"position\":2,\"name\":\"Ba\u015fkan Tugay: Ne i\u015f yap\u0131yorsak Mumcu\u2019nun cesaretini \u00f6rnek alal\u0131m\"}]},{\"@type\":\"WebSite\",\"@id\":\"https:\/\/denizcankizil.tr\/de\/#website\",\"url\":\"https:\/\/denizcankizil.tr\/de\/\",\"name\":\"Av. Deniz Can K\u0131z\u0131l\",\"description\":\"Avukat Deniz Can K\u0131z\u0131l Antalya Barosu\",\"publisher\":{\"@id\":\"https:\/\/denizcankizil.tr\/de\/#organization\"},\"potentialAction\":[{\"@type\":\"SearchAction\",\"target\":{\"@type\":\"EntryPoint\",\"urlTemplate\":\"https:\/\/denizcankizil.tr\/de\/?s={search_term_string}\"},\"query-input\":{\"@type\":\"PropertyValueSpecification\",\"valueRequired\":true,\"valueName\":\"search_term_string\"}}],\"inLanguage\":\"en-GB\"},{\"@type\":\"Organization\",\"@id\":\"https:\/\/denizcankizil.tr\/de\/#organization\",\"name\":\"Av. Deniz Can K\u0131z\u0131l\",\"url\":\"https:\/\/denizcankizil.tr\/de\/\",\"logo\":{\"@type\":\"ImageObject\",\"inLanguage\":\"en-GB\",\"@id\":\"https:\/\/denizcankizil.tr\/de\/#\/schema\/logo\/image\/\",\"url\":\"https:\/\/denizcankizil.tr\/wp-content\/uploads\/2024\/10\/siyah-logo-svg.svg\",\"contentUrl\":\"https:\/\/denizcankizil.tr\/wp-content\/uploads\/2024\/10\/siyah-logo-svg.svg\",\"width\":1080,\"height\":1080,\"caption\":\"Av. Deniz Can K\u0131z\u0131l\"},\"image\":{\"@id\":\"https:\/\/denizcankizil.tr\/de\/#\/schema\/logo\/image\/\"}},{\"@type\":\"Person\",\"@id\":\"https:\/\/denizcankizil.tr\/de\/#\/schema\/person\/be3c05fe6a12686905512445d8185489\",\"name\":\"admin\",\"image\":{\"@type\":\"ImageObject\",\"inLanguage\":\"en-GB\",\"@id\":\"https:\/\/denizcankizil.tr\/de\/#\/schema\/person\/image\/\",\"url\":\"https:\/\/secure.gravatar.com\/avatar\/c1fce94c830dc79107e174f890d7210541c4a63e8e5d816341794a2151c9d58c?s=96&d=mm&r=g\",\"contentUrl\":\"https:\/\/secure.gravatar.com\/avatar\/c1fce94c830dc79107e174f890d7210541c4a63e8e5d816341794a2151c9d58c?s=96&d=mm&r=g\",\"caption\":\"admin\"},\"sameAs\":[\"http:\/\/denizcankizil.tr\"],\"url\":\"https:\/\/www.iskenderun.org\/baskan-tugay-ne-is-yapiyorsak-mumcunun-cesaretini-ornek-alalim\"}]}<\/script>\n<!-- \/ Yoast SEO Premium plugin. -->","yoast_head_json":{"title":"Ba\u015fkan Tugay: Ne i\u015f yap\u0131yorsak Mumcu\u2019nun cesaretini \u00f6rnek alal\u0131m - Av. Deniz Can K\u0131z\u0131l","robots":{"index":"index","follow":"follow","max-snippet":"max-snippet:-1","max-image-preview":"max-image-preview:large","max-video-preview":"max-video-preview:-1"},"canonical":"http:\/\/denizcankizil.tr\/en\/haberler\/gundem\/baskan-tugay-ne-is-yapiyorsak-mumcunun-cesaretini-ornek-alalim\/","og_locale":"en_GB","og_type":"article","og_title":"Ba\u015fkan Tugay: Ne i\u015f yap\u0131yorsak Mumcu\u2019nun cesaretini \u00f6rnek alal\u0131m","og_description":"\u0130zmir B\u00fcy\u00fck\u015fehir Belediyesi, \u0130zmir Gazeteciler Cemiyeti ile ara\u015ft\u0131rmac\u0131 gazeteci yazar U\u011fur Mumcu\u2019yu katledili\u015finin 32\u2019nci y\u0131l\u0131nda anma t\u00f6reni d\u00fczenledi. \u200b\u0130zmir B\u00fcy\u00fck\u015fehir Belediyesi, \u0130zmir Gazeteciler Cemiyeti ile ara\u015ft\u0131rmac\u0131 gazeteci yazar U\u011fur Mumcu\u2019yu katledili\u015finin 32\u2019nci y\u0131l\u0131nda anma t\u00f6reni d\u00fczenledi.\u00a0 \u200bHaberin Al\u0131nt\u0131land\u0131\u011f\u0131 Kaynak: www.iskenderun.org","og_url":"http:\/\/denizcankizil.tr\/en\/haberler\/gundem\/baskan-tugay-ne-is-yapiyorsak-mumcunun-cesaretini-ornek-alalim\/","og_site_name":"Av. Deniz Can K\u0131z\u0131l","article_published_time":"2025-01-25T09:41:40+00:00","author":"admin","twitter_card":"summary_large_image","twitter_misc":{"Written by":"admin"},"schema":{"@context":"https:\/\/schema.org","@graph":[{"@type":"Article","@id":"http:\/\/denizcankizil.tr\/ru\/haberler\/gundem\/baskan-tugay-ne-is-yapiyorsak-mumcunun-cesaretini-ornek-alalim\/#article","isPartOf":{"@id":"http:\/\/denizcankizil.tr\/ru\/haberler\/gundem\/baskan-tugay-ne-is-yapiyorsak-mumcunun-cesaretini-ornek-alalim\/"},"author":{"name":"admin","@id":"https:\/\/denizcankizil.tr\/de\/#\/schema\/person\/be3c05fe6a12686905512445d8185489"},"headline":"Ba\u015fkan Tugay: Ne i\u015f yap\u0131yorsak Mumcu\u2019nun cesaretini \u00f6rnek alal\u0131m","datePublished":"2025-01-25T09:41:40+00:00","mainEntityOfPage":{"@id":"http:\/\/denizcankizil.tr\/ru\/haberler\/gundem\/baskan-tugay-ne-is-yapiyorsak-mumcunun-cesaretini-ornek-alalim\/"},"wordCount":81,"commentCount":0,"publisher":{"@id":"https:\/\/denizcankizil.tr\/de\/#organization"},"articleSection":["G\u00fcndem"],"inLanguage":"en-GB","potentialAction":[{"@type":"CommentAction","name":"Comment","target":["http:\/\/denizcankizil.tr\/ru\/haberler\/gundem\/baskan-tugay-ne-is-yapiyorsak-mumcunun-cesaretini-ornek-alalim\/#respond"]}]},{"@type":"WebPage","@id":"http:\/\/denizcankizil.tr\/ru\/haberler\/gundem\/baskan-tugay-ne-is-yapiyorsak-mumcunun-cesaretini-ornek-alalim\/","url":"http:\/\/denizcankizil.tr\/ru\/haberler\/gundem\/baskan-tugay-ne-is-yapiyorsak-mumcunun-cesaretini-ornek-alalim\/","name":"Ba\u015fkan Tugay: Ne i\u015f yap\u0131yorsak Mumcu\u2019nun cesaretini \u00f6rnek alal\u0131m - Av. Deniz Can K\u0131z\u0131l","isPartOf":{"@id":"https:\/\/denizcankizil.tr\/de\/#website"},"datePublished":"2025-01-25T09:41:40+00:00","breadcrumb":{"@id":"http:\/\/denizcankizil.tr\/ru\/haberler\/gundem\/baskan-tugay-ne-is-yapiyorsak-mumcunun-cesaretini-ornek-alalim\/#breadcrumb"},"inLanguage":"en-GB","potentialAction":[{"@type":"ReadAction","target":["http:\/\/denizcankizil.tr\/ru\/haberler\/gundem\/baskan-tugay-ne-is-yapiyorsak-mumcunun-cesaretini-ornek-alalim\/"]}]},{"@type":"BreadcrumbList","@id":"http:\/\/denizcankizil.tr\/ru\/haberler\/gundem\/baskan-tugay-ne-is-yapiyorsak-mumcunun-cesaretini-ornek-alalim\/#breadcrumb","itemListElement":[{"@type":"ListItem","position":1,"name":"Home","item":"https:\/\/denizcankizil.tr\/de\/"},{"@type":"ListItem","position":2,"name":"Ba\u015fkan Tugay: Ne i\u015f yap\u0131yorsak Mumcu\u2019nun cesaretini \u00f6rnek alal\u0131m"}]},{"@type":"WebSite","@id":"https:\/\/denizcankizil.tr\/de\/#website","url":"https:\/\/denizcankizil.tr\/de\/","name":"Av. Deniz Can K\u0131z\u0131l","description":"Avukat Deniz Can K\u0131z\u0131l Antalya Barosu","publisher":{"@id":"https:\/\/denizcankizil.tr\/de\/#organization"},"potentialAction":[{"@type":"SearchAction","target":{"@type":"EntryPoint","urlTemplate":"https:\/\/denizcankizil.tr\/de\/?s={search_term_string}"},"query-input":{"@type":"PropertyValueSpecification","valueRequired":true,"valueName":"search_term_string"}}],"inLanguage":"en-GB"},{"@type":"Organization","@id":"https:\/\/denizcankizil.tr\/de\/#organization","name":"Av. Deniz Can K\u0131z\u0131l","url":"https:\/\/denizcankizil.tr\/de\/","logo":{"@type":"ImageObject","inLanguage":"en-GB","@id":"https:\/\/denizcankizil.tr\/de\/#\/schema\/logo\/image\/","url":"https:\/\/denizcankizil.tr\/wp-content\/uploads\/2024\/10\/siyah-logo-svg.svg","contentUrl":"https:\/\/denizcankizil.tr\/wp-content\/uploads\/2024\/10\/siyah-logo-svg.svg","width":1080,"height":1080,"caption":"Av. Deniz Can K\u0131z\u0131l"},"image":{"@id":"https:\/\/denizcankizil.tr\/de\/#\/schema\/logo\/image\/"}},{"@type":"Person","@id":"https:\/\/denizcankizil.tr\/de\/#\/schema\/person\/be3c05fe6a12686905512445d8185489","name":"admin","image":{"@type":"ImageObject","inLanguage":"en-GB","@id":"https:\/\/denizcankizil.tr\/de\/#\/schema\/person\/image\/","url":"https:\/\/secure.gravatar.com\/avatar\/c1fce94c830dc79107e174f890d7210541c4a63e8e5d816341794a2151c9d58c?s=96&d=mm&r=g","contentUrl":"https:\/\/secure.gravatar.com\/avatar\/c1fce94c830dc79107e174f890d7210541c4a63e8e5d816341794a2151c9d58c?s=96&d=mm&r=g","caption":"admin"},"sameAs":["http:\/\/denizcankizil.tr"],"url":"https:\/\/www.iskenderun.org\/baskan-tugay-ne-is-yapiyorsak-mumcunun-cesaretini-ornek-alalim"}]}},"_links":{"self":[{"href":"https:\/\/denizcankizil.tr\/en\/wp-json\/wp\/v2\/posts\/27397","targetHints":{"allow":["GET"]}}],"collection":[{"href":"https:\/\/denizcankizil.tr\/en\/wp-json\/wp\/v2\/posts"}],"about":[{"href":"https:\/\/denizcankizil.tr\/en\/wp-json\/wp\/v2\/types\/post"}],"author":[{"embeddable":true,"href":"https:\/\/denizcankizil.tr\/en\/wp-json\/wp\/v2\/users\/1"}],"replies":[{"embeddable":true,"href":"https:\/\/denizcankizil.tr\/en\/wp-json\/wp\/v2\/comments?post=27397"}],"version-history":[{"count":0,"href":"https:\/\/denizcankizil.tr\/en\/wp-json\/wp\/v2\/posts\/27397\/revisions"}],"wp:attachment":[{"href":"https:\/\/denizcankizil.tr\/en\/wp-json\/wp\/v2\/media?parent=27397"}],"wp:term":[{"taxonomy":"category","embeddable":true,"href":"https:\/\/denizcankizil.tr\/en\/wp-json\/wp\/v2\/categories?post=27397"},{"taxonomy":"post_tag","embeddable":true,"href":"https:\/\/denizcankizil.tr\/en\/wp-json\/wp\/v2\/tags?post=27397"}],"curies":[{"name":"wp","href":"https:\/\/api.w.org\/{rel}","templated":true}]}}