{"id":27241,"date":"2025-01-24T17:41:33","date_gmt":"2025-01-24T14:41:33","guid":{"rendered":"https:\/\/denizcankizil.tr\/uncategorized-tr\/makas-atan-arac-kazaya-sebep-oldu\/"},"modified":"2025-01-24T17:41:33","modified_gmt":"2025-01-24T14:41:33","slug":"makas-atan-arac-kazaya-sebep-oldu","status":"publish","type":"post","link":"https:\/\/denizcankizil.tr\/en\/haberler\/antalya\/makas-atan-arac-kazaya-sebep-oldu\/","title":{"rendered":"Makas atan ara\u00e7 kazaya sebep oldu"},"content":{"rendered":"<p>Kaza, saat 13.50 s\u0131ralar\u0131nda Antalya&#8217;n\u0131n Kepez il\u00e7esi G\u00f6ksu Mahallesi Gazi Bulvar\u0131 \u00fczerinde meydana geldi. Edinilen bilgiye g\u00f6re, s\u00fcratli ve makas atarak geldi\u011fi iddia edilen Ali N. idaresindeki 07 BFE 845 plakal\u0131 Volkswagen marka otomobil, \u00f6nce Erkan Burak. A.&#8217;n\u0131n idaresindeki 48 DM 888 Volkswagen araca, ard\u0131ndan da Yusuf K.&#8217;nin kulland\u0131\u011f\u0131 07 AAH 752 plakal\u0131 Fiat marka otomobile \u00e7arpt\u0131. \u00c7arpman\u0131n etkisiyle arac\u0131n direksiyon hakimiyetini kaybeden Yusuf K., ref\u00fcjdeki bariyerleri a\u015farak kar\u015f\u0131 \u015feride ge\u00e7ti.<\/p>\n<p>Biri \u00e7ocuk 2 yaral\u0131<br \/>\nKazan\u0131n di\u011fer s\u00fcr\u00fcc\u00fcler taraf\u0131ndan 112 Acil \u00c7a\u011fr\u0131 Merkezi&#8217;ne bildirilmesi ile olay yerine \u00e7ok say\u0131da sa\u011fl\u0131k ekibinin yan\u0131 s\u0131ra itfaiye ve polis ekipleri sevk edildi. K\u0131sa s\u00fcrede olay yerine gelen sa\u011fl\u0131k ekipleri kazay\u0131 hafif yaral\u0131 olarak atlatan Yusuf K. ve 7 ya\u015f\u0131ndaki Mustafa K.&#8217;yi ilk m\u00fcdahalelerinin ard\u0131ndan ambulansla hastaneye kald\u0131rd\u0131. Kaza nedeniyle yolun her iki y\u00f6n\u00fcnde de uzun ara\u00e7 kuyruklar\u0131 olu\u015furken, trafik ekipleri yolu a\u00e7mak i\u00e7in b\u00fcy\u00fck \u00e7aba harcad\u0131.<\/p>\n<p>Kar\u015f\u0131 \u015feride ge\u00e7ti<br \/>\nBariyerleri a\u015farak kar\u015f\u0131 \u015feride ge\u00e7en otomobil vatanda\u015flar ve trafik ekipleri taraf\u0131ndan d\u00fczeltilmesinin ard\u0131ndan \u00e7ekiciyle kald\u0131r\u0131ld\u0131. \u00d6te yandan kaza an\u0131 bir i\u015f yerinin g\u00fcvenlik kameras\u0131na saniye saniye yans\u0131d\u0131. G\u00f6r\u00fcnt\u00fclerde \u00e7arpma sonras\u0131 arac\u0131n direksiyon hakimiyetini kaybeden 07 AAH 752 plakal\u0131 otomobilin savrularak geri geri bariyerleri a\u015fmas\u0131 ve kar\u015f\u0131 y\u00f6ne ge\u00e7mesi yer ald\u0131. Kaza an\u0131nda kar\u015f\u0131 y\u00f6nden gelen ara\u00e7 trafi\u011finin az olmas\u0131 muhtemel bir facian\u0131n \u00f6n\u00fcne ge\u00e7ti.<\/p>\n<p>Olay\u0131n \u015fokuyla g\u00f6zya\u015flar\u0131na bo\u011fuldu<br \/>\nKaza sonras\u0131 ara\u00e7lardan bulunan k\u00fc\u00e7\u00fck bir k\u0131z\u0131n ya\u015fad\u0131\u011f\u0131 korku nedeniyle g\u00f6zya\u015f\u0131 d\u00f6kt\u00fc\u011f\u00fc ve annesinin sar\u0131larak k\u0131z\u0131n\u0131 teselli etti\u011fi g\u00f6r\u00fcld\u00fc. Kazay\u0131 g\u00f6ren ara\u00e7 s\u00fcr\u00fcc\u00fclerinden Ramazan Bozan, arac\u0131n makas atarak geldi\u011fini belirterek, \u201c\u015eurada ilk \u00f6nce Passat&#8217;a \u00e7arpt\u0131. Sonra Fiat&#8217;a \u00e7arparak kar\u015f\u0131 \u015feride att\u0131rd\u0131. Yaral\u0131lar vard\u0131 hastaneye gittiler. \u0130\u00e7lerinde bir tane de \u00e7ocuk vard\u0131\u201d dedi. Ara\u00e7lar\u0131n bulundu\u011fu yerden kald\u0131r\u0131lmas\u0131n\u0131n ard\u0131ndan yoldaki trafik a\u00e7\u0131ld\u0131.<\/p>\n<p>Kaynak: www.kanalv.com.tr Haber Sitesinden Al\u0131nm\u0131\u015ft\u0131r.<\/p>","protected":false},"excerpt":{"rendered":"<p>Kaza, saat 13.50 s\u0131ralar\u0131nda Antalya&#8217;n\u0131n Kepez il\u00e7esi G\u00f6ksu Mahallesi Gazi Bulvar\u0131 \u00fczerinde meydana geldi. Edinilen bilgiye g\u00f6re, s\u00fcratli ve makas atarak geldi\u011fi iddia edilen Ali N. idaresindeki 07 BFE 845 plakal\u0131 Volkswagen marka otomobil, \u00f6nce Erkan Burak. A.&#8217;n\u0131n idaresindeki 48 DM 888 Volkswagen araca, ard\u0131ndan da Yusuf K.&#8217;nin kulland\u0131\u011f\u0131 07 AAH 752 plakal\u0131 Fiat marka otomobile \u00e7arpt\u0131. \u00c7arpman\u0131n etkisiyle arac\u0131n direksiyon hakimiyetini kaybeden Yusuf K., ref\u00fcjdeki bariyerleri a\u015farak kar\u015f\u0131 \u015feride ge\u00e7ti. Biri \u00e7ocuk 2 yaral\u0131 Kazan\u0131n di\u011fer s\u00fcr\u00fcc\u00fcler taraf\u0131ndan 112 Acil \u00c7a\u011fr\u0131 Merkezi&#8217;ne bildirilmesi ile olay yerine \u00e7ok say\u0131da sa\u011fl\u0131k ekibinin yan\u0131 s\u0131ra itfaiye ve polis ekipleri sevk edildi. K\u0131sa s\u00fcrede olay yerine gelen sa\u011fl\u0131k ekipleri kazay\u0131 hafif yaral\u0131 olarak atlatan Yusuf K. ve 7 ya\u015f\u0131ndaki Mustafa K.&#8217;yi ilk m\u00fcdahalelerinin ard\u0131ndan ambulansla hastaneye kald\u0131rd\u0131. Kaza nedeniyle yolun her iki y\u00f6n\u00fcnde de uzun ara\u00e7 kuyruklar\u0131 olu\u015furken, trafik ekipleri yolu a\u00e7mak i\u00e7in b\u00fcy\u00fck \u00e7aba harcad\u0131. Kar\u015f\u0131 \u015feride ge\u00e7ti Bariyerleri a\u015farak kar\u015f\u0131 \u015feride ge\u00e7en otomobil vatanda\u015flar ve trafik ekipleri taraf\u0131ndan d\u00fczeltilmesinin ard\u0131ndan \u00e7ekiciyle kald\u0131r\u0131ld\u0131. \u00d6te yandan kaza an\u0131 bir i\u015f yerinin g\u00fcvenlik kameras\u0131na saniye saniye yans\u0131d\u0131. G\u00f6r\u00fcnt\u00fclerde \u00e7arpma sonras\u0131 arac\u0131n direksiyon hakimiyetini kaybeden 07 AAH 752 plakal\u0131 otomobilin savrularak geri geri bariyerleri a\u015fmas\u0131 ve kar\u015f\u0131 y\u00f6ne ge\u00e7mesi yer ald\u0131. Kaza an\u0131nda kar\u015f\u0131 y\u00f6nden &hellip;<\/p>","protected":false},"author":4,"featured_media":27242,"comment_status":"open","ping_status":"open","sticky":false,"template":"","format":"standard","meta":{"_acf_changed":false,"footnotes":""},"categories":[26],"tags":[],"class_list":["post-27241","post","type-post","status-publish","format-standard","has-post-thumbnail","hentry","category-antalya"],"acf":[],"yoast_head":"<!-- This site is optimized with the Yoast SEO Premium plugin v26.6 (Yoast SEO v27.1.1) - https:\/\/yoast.com\/product\/yoast-seo-premium-wordpress\/ -->\n<title>Makas atan ara\u00e7 kazaya sebep oldu - Av. Deniz Can K\u0131z\u0131l<\/title>\n<meta name=\"robots\" content=\"index, follow, max-snippet:-1, max-image-preview:large, max-video-preview:-1\" \/>\n<link rel=\"canonical\" href=\"https:\/\/denizcankizil.tr\/en\/haberler\/antalya\/makas-atan-arac-kazaya-sebep-oldu\/\" \/>\n<meta property=\"og:locale\" content=\"en_GB\" \/>\n<meta property=\"og:type\" content=\"article\" \/>\n<meta property=\"og:title\" content=\"Makas atan ara\u00e7 kazaya sebep oldu\" \/>\n<meta property=\"og:description\" content=\"Kaza, saat 13.50 s\u0131ralar\u0131nda Antalya&#8217;n\u0131n Kepez il\u00e7esi G\u00f6ksu Mahallesi Gazi Bulvar\u0131 \u00fczerinde meydana geldi. Edinilen bilgiye g\u00f6re, s\u00fcratli ve makas atarak geldi\u011fi iddia edilen Ali N. idaresindeki 07 BFE 845 plakal\u0131 Volkswagen marka otomobil, \u00f6nce Erkan Burak. A.&#8217;n\u0131n idaresindeki 48 DM 888 Volkswagen araca, ard\u0131ndan da Yusuf K.&#8217;nin kulland\u0131\u011f\u0131 07 AAH 752 plakal\u0131 Fiat marka otomobile \u00e7arpt\u0131. \u00c7arpman\u0131n etkisiyle arac\u0131n direksiyon hakimiyetini kaybeden Yusuf K., ref\u00fcjdeki bariyerleri a\u015farak kar\u015f\u0131 \u015feride ge\u00e7ti. Biri \u00e7ocuk 2 yaral\u0131 Kazan\u0131n di\u011fer s\u00fcr\u00fcc\u00fcler taraf\u0131ndan 112 Acil \u00c7a\u011fr\u0131 Merkezi&#8217;ne bildirilmesi ile olay yerine \u00e7ok say\u0131da sa\u011fl\u0131k ekibinin yan\u0131 s\u0131ra itfaiye ve polis ekipleri sevk edildi. K\u0131sa s\u00fcrede olay yerine gelen sa\u011fl\u0131k ekipleri kazay\u0131 hafif yaral\u0131 olarak atlatan Yusuf K. ve 7 ya\u015f\u0131ndaki Mustafa K.&#8217;yi ilk m\u00fcdahalelerinin ard\u0131ndan ambulansla hastaneye kald\u0131rd\u0131. Kaza nedeniyle yolun her iki y\u00f6n\u00fcnde de uzun ara\u00e7 kuyruklar\u0131 olu\u015furken, trafik ekipleri yolu a\u00e7mak i\u00e7in b\u00fcy\u00fck \u00e7aba harcad\u0131. Kar\u015f\u0131 \u015feride ge\u00e7ti Bariyerleri a\u015farak kar\u015f\u0131 \u015feride ge\u00e7en otomobil vatanda\u015flar ve trafik ekipleri taraf\u0131ndan d\u00fczeltilmesinin ard\u0131ndan \u00e7ekiciyle kald\u0131r\u0131ld\u0131. \u00d6te yandan kaza an\u0131 bir i\u015f yerinin g\u00fcvenlik kameras\u0131na saniye saniye yans\u0131d\u0131. G\u00f6r\u00fcnt\u00fclerde \u00e7arpma sonras\u0131 arac\u0131n direksiyon hakimiyetini kaybeden 07 AAH 752 plakal\u0131 otomobilin savrularak geri geri bariyerleri a\u015fmas\u0131 ve kar\u015f\u0131 y\u00f6ne ge\u00e7mesi yer ald\u0131. Kaza an\u0131nda kar\u015f\u0131 y\u00f6nden &hellip;\" \/>\n<meta property=\"og:url\" content=\"https:\/\/denizcankizil.tr\/en\/haberler\/antalya\/makas-atan-arac-kazaya-sebep-oldu\/\" \/>\n<meta property=\"og:site_name\" content=\"Av. Deniz Can K\u0131z\u0131l\" \/>\n<meta property=\"article:published_time\" content=\"2025-01-24T14:41:33+00:00\" \/>\n<meta property=\"og:image\" content=\"https:\/\/denizcankizil.tr\/wp-content\/uploads\/2025\/01\/4315-01-TgBKOr.jpeg\" \/>\n\t<meta property=\"og:image:width\" content=\"1280\" \/>\n\t<meta property=\"og:image:height\" content=\"720\" \/>\n\t<meta property=\"og:image:type\" content=\"image\/jpeg\" \/>\n<meta name=\"author\" content=\"Av. Deniz Can K\u0131z\u0131l\" \/>\n<meta name=\"twitter:card\" content=\"summary_large_image\" \/>\n<meta name=\"twitter:label1\" content=\"Written by\" \/>\n\t<meta name=\"twitter:data1\" content=\"Av. Deniz Can K\u0131z\u0131l\" \/>\n\t<meta name=\"twitter:label2\" content=\"Estimated reading time\" \/>\n\t<meta name=\"twitter:data2\" content=\"2 minutes\" \/>\n<script type=\"application\/ld+json\" class=\"yoast-schema-graph\">{\"@context\":\"https:\/\/schema.org\",\"@graph\":[{\"@type\":\"Article\",\"@id\":\"https:\/\/denizcankizil.tr\/en\/haberler\/antalya\/makas-atan-arac-kazaya-sebep-oldu\/#article\",\"isPartOf\":{\"@id\":\"https:\/\/denizcankizil.tr\/en\/haberler\/antalya\/makas-atan-arac-kazaya-sebep-oldu\/\"},\"author\":{\"name\":\"Av. Deniz Can K\u0131z\u0131l\",\"@id\":\"https:\/\/denizcankizil.tr\/#\/schema\/person\/5dc1b22991bd7ac833867c10afc9b0ff\"},\"headline\":\"Makas atan ara\u00e7 kazaya sebep oldu\",\"datePublished\":\"2025-01-24T14:41:33+00:00\",\"mainEntityOfPage\":{\"@id\":\"https:\/\/denizcankizil.tr\/en\/haberler\/antalya\/makas-atan-arac-kazaya-sebep-oldu\/\"},\"wordCount\":387,\"commentCount\":0,\"publisher\":{\"@id\":\"https:\/\/denizcankizil.tr\/#organization\"},\"image\":{\"@id\":\"https:\/\/denizcankizil.tr\/en\/haberler\/antalya\/makas-atan-arac-kazaya-sebep-oldu\/#primaryimage\"},\"thumbnailUrl\":\"https:\/\/denizcankizil.tr\/wp-content\/uploads\/2025\/01\/4315-01-TgBKOr.jpeg\",\"articleSection\":[\"Antalya\"],\"inLanguage\":\"en-GB\",\"potentialAction\":[{\"@type\":\"CommentAction\",\"name\":\"Comment\",\"target\":[\"https:\/\/denizcankizil.tr\/en\/haberler\/antalya\/makas-atan-arac-kazaya-sebep-oldu\/#respond\"]}]},{\"@type\":\"WebPage\",\"@id\":\"https:\/\/denizcankizil.tr\/en\/haberler\/antalya\/makas-atan-arac-kazaya-sebep-oldu\/\",\"url\":\"https:\/\/denizcankizil.tr\/en\/haberler\/antalya\/makas-atan-arac-kazaya-sebep-oldu\/\",\"name\":\"Makas atan ara\u00e7 kazaya sebep oldu - Av. Deniz Can K\u0131z\u0131l\",\"isPartOf\":{\"@id\":\"https:\/\/denizcankizil.tr\/#website\"},\"primaryImageOfPage\":{\"@id\":\"https:\/\/denizcankizil.tr\/en\/haberler\/antalya\/makas-atan-arac-kazaya-sebep-oldu\/#primaryimage\"},\"image\":{\"@id\":\"https:\/\/denizcankizil.tr\/en\/haberler\/antalya\/makas-atan-arac-kazaya-sebep-oldu\/#primaryimage\"},\"thumbnailUrl\":\"https:\/\/denizcankizil.tr\/wp-content\/uploads\/2025\/01\/4315-01-TgBKOr.jpeg\",\"datePublished\":\"2025-01-24T14:41:33+00:00\",\"breadcrumb\":{\"@id\":\"https:\/\/denizcankizil.tr\/en\/haberler\/antalya\/makas-atan-arac-kazaya-sebep-oldu\/#breadcrumb\"},\"inLanguage\":\"en-GB\",\"potentialAction\":[{\"@type\":\"ReadAction\",\"target\":[\"https:\/\/denizcankizil.tr\/en\/haberler\/antalya\/makas-atan-arac-kazaya-sebep-oldu\/\"]}]},{\"@type\":\"ImageObject\",\"inLanguage\":\"en-GB\",\"@id\":\"https:\/\/denizcankizil.tr\/en\/haberler\/antalya\/makas-atan-arac-kazaya-sebep-oldu\/#primaryimage\",\"url\":\"https:\/\/denizcankizil.tr\/wp-content\/uploads\/2025\/01\/4315-01-TgBKOr.jpeg\",\"contentUrl\":\"https:\/\/denizcankizil.tr\/wp-content\/uploads\/2025\/01\/4315-01-TgBKOr.jpeg\",\"width\":1280,\"height\":720},{\"@type\":\"BreadcrumbList\",\"@id\":\"https:\/\/denizcankizil.tr\/en\/haberler\/antalya\/makas-atan-arac-kazaya-sebep-oldu\/#breadcrumb\",\"itemListElement\":[{\"@type\":\"ListItem\",\"position\":1,\"name\":\"Home\",\"item\":\"https:\/\/denizcankizil.tr\/uk\/\"},{\"@type\":\"ListItem\",\"position\":2,\"name\":\"Makas atan ara\u00e7 kazaya sebep oldu\"}]},{\"@type\":\"WebSite\",\"@id\":\"https:\/\/denizcankizil.tr\/#website\",\"url\":\"https:\/\/denizcankizil.tr\/\",\"name\":\"Av. Deniz Can K\u0131z\u0131l\",\"description\":\"Avukat Deniz Can K\u0131z\u0131l Antalya Barosu\",\"publisher\":{\"@id\":\"https:\/\/denizcankizil.tr\/#organization\"},\"potentialAction\":[{\"@type\":\"SearchAction\",\"target\":{\"@type\":\"EntryPoint\",\"urlTemplate\":\"https:\/\/denizcankizil.tr\/?s={search_term_string}\"},\"query-input\":{\"@type\":\"PropertyValueSpecification\",\"valueRequired\":true,\"valueName\":\"search_term_string\"}}],\"inLanguage\":\"en-GB\"},{\"@type\":\"Organization\",\"@id\":\"https:\/\/denizcankizil.tr\/#organization\",\"name\":\"Av. Deniz Can K\u0131z\u0131l\",\"url\":\"https:\/\/denizcankizil.tr\/\",\"logo\":{\"@type\":\"ImageObject\",\"inLanguage\":\"en-GB\",\"@id\":\"https:\/\/denizcankizil.tr\/#\/schema\/logo\/image\/\",\"url\":\"https:\/\/denizcankizil.tr\/wp-content\/uploads\/2024\/10\/siyah-logo-svg.svg\",\"contentUrl\":\"https:\/\/denizcankizil.tr\/wp-content\/uploads\/2024\/10\/siyah-logo-svg.svg\",\"width\":1080,\"height\":1080,\"caption\":\"Av. Deniz Can K\u0131z\u0131l\"},\"image\":{\"@id\":\"https:\/\/denizcankizil.tr\/#\/schema\/logo\/image\/\"}},{\"@type\":\"Person\",\"@id\":\"https:\/\/denizcankizil.tr\/#\/schema\/person\/5dc1b22991bd7ac833867c10afc9b0ff\",\"name\":\"Av. Deniz Can K\u0131z\u0131l\",\"image\":{\"@type\":\"ImageObject\",\"inLanguage\":\"en-GB\",\"@id\":\"https:\/\/denizcankizil.tr\/#\/schema\/person\/image\/\",\"url\":\"https:\/\/secure.gravatar.com\/avatar\/a0b128fb9855c79efc976d5640eedb31dc35ec297594d6016d2cf7c60e975bb6?s=96&d=mm&r=g\",\"contentUrl\":\"https:\/\/secure.gravatar.com\/avatar\/a0b128fb9855c79efc976d5640eedb31dc35ec297594d6016d2cf7c60e975bb6?s=96&d=mm&r=g\",\"caption\":\"Av. Deniz Can K\u0131z\u0131l\"},\"sameAs\":[\"http:\/\/www.denizcankizil.tr\"],\"url\":\"https:\/\/denizcankizil.tr\/en\/author\/denizcankizil\/\"}]}<\/script>\n<!-- \/ Yoast SEO Premium plugin. -->","yoast_head_json":{"title":"Makas atan ara\u00e7 kazaya sebep oldu - Av. Deniz Can K\u0131z\u0131l","robots":{"index":"index","follow":"follow","max-snippet":"max-snippet:-1","max-image-preview":"max-image-preview:large","max-video-preview":"max-video-preview:-1"},"canonical":"https:\/\/denizcankizil.tr\/en\/haberler\/antalya\/makas-atan-arac-kazaya-sebep-oldu\/","og_locale":"en_GB","og_type":"article","og_title":"Makas atan ara\u00e7 kazaya sebep oldu","og_description":"Kaza, saat 13.50 s\u0131ralar\u0131nda Antalya&#8217;n\u0131n Kepez il\u00e7esi G\u00f6ksu Mahallesi Gazi Bulvar\u0131 \u00fczerinde meydana geldi. Edinilen bilgiye g\u00f6re, s\u00fcratli ve makas atarak geldi\u011fi iddia edilen Ali N. idaresindeki 07 BFE 845 plakal\u0131 Volkswagen marka otomobil, \u00f6nce Erkan Burak. A.&#8217;n\u0131n idaresindeki 48 DM 888 Volkswagen araca, ard\u0131ndan da Yusuf K.&#8217;nin kulland\u0131\u011f\u0131 07 AAH 752 plakal\u0131 Fiat marka otomobile \u00e7arpt\u0131. \u00c7arpman\u0131n etkisiyle arac\u0131n direksiyon hakimiyetini kaybeden Yusuf K., ref\u00fcjdeki bariyerleri a\u015farak kar\u015f\u0131 \u015feride ge\u00e7ti. Biri \u00e7ocuk 2 yaral\u0131 Kazan\u0131n di\u011fer s\u00fcr\u00fcc\u00fcler taraf\u0131ndan 112 Acil \u00c7a\u011fr\u0131 Merkezi&#8217;ne bildirilmesi ile olay yerine \u00e7ok say\u0131da sa\u011fl\u0131k ekibinin yan\u0131 s\u0131ra itfaiye ve polis ekipleri sevk edildi. K\u0131sa s\u00fcrede olay yerine gelen sa\u011fl\u0131k ekipleri kazay\u0131 hafif yaral\u0131 olarak atlatan Yusuf K. ve 7 ya\u015f\u0131ndaki Mustafa K.&#8217;yi ilk m\u00fcdahalelerinin ard\u0131ndan ambulansla hastaneye kald\u0131rd\u0131. Kaza nedeniyle yolun her iki y\u00f6n\u00fcnde de uzun ara\u00e7 kuyruklar\u0131 olu\u015furken, trafik ekipleri yolu a\u00e7mak i\u00e7in b\u00fcy\u00fck \u00e7aba harcad\u0131. Kar\u015f\u0131 \u015feride ge\u00e7ti Bariyerleri a\u015farak kar\u015f\u0131 \u015feride ge\u00e7en otomobil vatanda\u015flar ve trafik ekipleri taraf\u0131ndan d\u00fczeltilmesinin ard\u0131ndan \u00e7ekiciyle kald\u0131r\u0131ld\u0131. \u00d6te yandan kaza an\u0131 bir i\u015f yerinin g\u00fcvenlik kameras\u0131na saniye saniye yans\u0131d\u0131. G\u00f6r\u00fcnt\u00fclerde \u00e7arpma sonras\u0131 arac\u0131n direksiyon hakimiyetini kaybeden 07 AAH 752 plakal\u0131 otomobilin savrularak geri geri bariyerleri a\u015fmas\u0131 ve kar\u015f\u0131 y\u00f6ne ge\u00e7mesi yer ald\u0131. Kaza an\u0131nda kar\u015f\u0131 y\u00f6nden &hellip;","og_url":"https:\/\/denizcankizil.tr\/en\/haberler\/antalya\/makas-atan-arac-kazaya-sebep-oldu\/","og_site_name":"Av. Deniz Can K\u0131z\u0131l","article_published_time":"2025-01-24T14:41:33+00:00","og_image":[{"width":1280,"height":720,"url":"https:\/\/denizcankizil.tr\/wp-content\/uploads\/2025\/01\/4315-01-TgBKOr.jpeg","type":"image\/jpeg"}],"author":"Av. Deniz Can K\u0131z\u0131l","twitter_card":"summary_large_image","twitter_misc":{"Written by":"Av. Deniz Can K\u0131z\u0131l","Estimated reading time":"2 minutes"},"schema":{"@context":"https:\/\/schema.org","@graph":[{"@type":"Article","@id":"https:\/\/denizcankizil.tr\/en\/haberler\/antalya\/makas-atan-arac-kazaya-sebep-oldu\/#article","isPartOf":{"@id":"https:\/\/denizcankizil.tr\/en\/haberler\/antalya\/makas-atan-arac-kazaya-sebep-oldu\/"},"author":{"name":"Av. Deniz Can K\u0131z\u0131l","@id":"https:\/\/denizcankizil.tr\/#\/schema\/person\/5dc1b22991bd7ac833867c10afc9b0ff"},"headline":"Makas atan ara\u00e7 kazaya sebep oldu","datePublished":"2025-01-24T14:41:33+00:00","mainEntityOfPage":{"@id":"https:\/\/denizcankizil.tr\/en\/haberler\/antalya\/makas-atan-arac-kazaya-sebep-oldu\/"},"wordCount":387,"commentCount":0,"publisher":{"@id":"https:\/\/denizcankizil.tr\/#organization"},"image":{"@id":"https:\/\/denizcankizil.tr\/en\/haberler\/antalya\/makas-atan-arac-kazaya-sebep-oldu\/#primaryimage"},"thumbnailUrl":"https:\/\/denizcankizil.tr\/wp-content\/uploads\/2025\/01\/4315-01-TgBKOr.jpeg","articleSection":["Antalya"],"inLanguage":"en-GB","potentialAction":[{"@type":"CommentAction","name":"Comment","target":["https:\/\/denizcankizil.tr\/en\/haberler\/antalya\/makas-atan-arac-kazaya-sebep-oldu\/#respond"]}]},{"@type":"WebPage","@id":"https:\/\/denizcankizil.tr\/en\/haberler\/antalya\/makas-atan-arac-kazaya-sebep-oldu\/","url":"https:\/\/denizcankizil.tr\/en\/haberler\/antalya\/makas-atan-arac-kazaya-sebep-oldu\/","name":"Makas atan ara\u00e7 kazaya sebep oldu - Av. Deniz Can K\u0131z\u0131l","isPartOf":{"@id":"https:\/\/denizcankizil.tr\/#website"},"primaryImageOfPage":{"@id":"https:\/\/denizcankizil.tr\/en\/haberler\/antalya\/makas-atan-arac-kazaya-sebep-oldu\/#primaryimage"},"image":{"@id":"https:\/\/denizcankizil.tr\/en\/haberler\/antalya\/makas-atan-arac-kazaya-sebep-oldu\/#primaryimage"},"thumbnailUrl":"https:\/\/denizcankizil.tr\/wp-content\/uploads\/2025\/01\/4315-01-TgBKOr.jpeg","datePublished":"2025-01-24T14:41:33+00:00","breadcrumb":{"@id":"https:\/\/denizcankizil.tr\/en\/haberler\/antalya\/makas-atan-arac-kazaya-sebep-oldu\/#breadcrumb"},"inLanguage":"en-GB","potentialAction":[{"@type":"ReadAction","target":["https:\/\/denizcankizil.tr\/en\/haberler\/antalya\/makas-atan-arac-kazaya-sebep-oldu\/"]}]},{"@type":"ImageObject","inLanguage":"en-GB","@id":"https:\/\/denizcankizil.tr\/en\/haberler\/antalya\/makas-atan-arac-kazaya-sebep-oldu\/#primaryimage","url":"https:\/\/denizcankizil.tr\/wp-content\/uploads\/2025\/01\/4315-01-TgBKOr.jpeg","contentUrl":"https:\/\/denizcankizil.tr\/wp-content\/uploads\/2025\/01\/4315-01-TgBKOr.jpeg","width":1280,"height":720},{"@type":"BreadcrumbList","@id":"https:\/\/denizcankizil.tr\/en\/haberler\/antalya\/makas-atan-arac-kazaya-sebep-oldu\/#breadcrumb","itemListElement":[{"@type":"ListItem","position":1,"name":"Home","item":"https:\/\/denizcankizil.tr\/uk\/"},{"@type":"ListItem","position":2,"name":"Makas atan ara\u00e7 kazaya sebep oldu"}]},{"@type":"WebSite","@id":"https:\/\/denizcankizil.tr\/#website","url":"https:\/\/denizcankizil.tr\/","name":"Av. Deniz Can K\u0131z\u0131l","description":"Avukat Deniz Can K\u0131z\u0131l Antalya Barosu","publisher":{"@id":"https:\/\/denizcankizil.tr\/#organization"},"potentialAction":[{"@type":"SearchAction","target":{"@type":"EntryPoint","urlTemplate":"https:\/\/denizcankizil.tr\/?s={search_term_string}"},"query-input":{"@type":"PropertyValueSpecification","valueRequired":true,"valueName":"search_term_string"}}],"inLanguage":"en-GB"},{"@type":"Organization","@id":"https:\/\/denizcankizil.tr\/#organization","name":"Av. Deniz Can K\u0131z\u0131l","url":"https:\/\/denizcankizil.tr\/","logo":{"@type":"ImageObject","inLanguage":"en-GB","@id":"https:\/\/denizcankizil.tr\/#\/schema\/logo\/image\/","url":"https:\/\/denizcankizil.tr\/wp-content\/uploads\/2024\/10\/siyah-logo-svg.svg","contentUrl":"https:\/\/denizcankizil.tr\/wp-content\/uploads\/2024\/10\/siyah-logo-svg.svg","width":1080,"height":1080,"caption":"Av. Deniz Can K\u0131z\u0131l"},"image":{"@id":"https:\/\/denizcankizil.tr\/#\/schema\/logo\/image\/"}},{"@type":"Person","@id":"https:\/\/denizcankizil.tr\/#\/schema\/person\/5dc1b22991bd7ac833867c10afc9b0ff","name":"Av. Deniz Can K\u0131z\u0131l","image":{"@type":"ImageObject","inLanguage":"en-GB","@id":"https:\/\/denizcankizil.tr\/#\/schema\/person\/image\/","url":"https:\/\/secure.gravatar.com\/avatar\/a0b128fb9855c79efc976d5640eedb31dc35ec297594d6016d2cf7c60e975bb6?s=96&d=mm&r=g","contentUrl":"https:\/\/secure.gravatar.com\/avatar\/a0b128fb9855c79efc976d5640eedb31dc35ec297594d6016d2cf7c60e975bb6?s=96&d=mm&r=g","caption":"Av. Deniz Can K\u0131z\u0131l"},"sameAs":["http:\/\/www.denizcankizil.tr"],"url":"https:\/\/denizcankizil.tr\/en\/author\/denizcankizil\/"}]}},"_links":{"self":[{"href":"https:\/\/denizcankizil.tr\/en\/wp-json\/wp\/v2\/posts\/27241","targetHints":{"allow":["GET"]}}],"collection":[{"href":"https:\/\/denizcankizil.tr\/en\/wp-json\/wp\/v2\/posts"}],"about":[{"href":"https:\/\/denizcankizil.tr\/en\/wp-json\/wp\/v2\/types\/post"}],"author":[{"embeddable":true,"href":"https:\/\/denizcankizil.tr\/en\/wp-json\/wp\/v2\/users\/4"}],"replies":[{"embeddable":true,"href":"https:\/\/denizcankizil.tr\/en\/wp-json\/wp\/v2\/comments?post=27241"}],"version-history":[{"count":0,"href":"https:\/\/denizcankizil.tr\/en\/wp-json\/wp\/v2\/posts\/27241\/revisions"}],"wp:featuredmedia":[{"embeddable":true,"href":"https:\/\/denizcankizil.tr\/en\/wp-json\/wp\/v2\/media\/27242"}],"wp:attachment":[{"href":"https:\/\/denizcankizil.tr\/en\/wp-json\/wp\/v2\/media?parent=27241"}],"wp:term":[{"taxonomy":"category","embeddable":true,"href":"https:\/\/denizcankizil.tr\/en\/wp-json\/wp\/v2\/categories?post=27241"},{"taxonomy":"post_tag","embeddable":true,"href":"https:\/\/denizcankizil.tr\/en\/wp-json\/wp\/v2\/tags?post=27241"}],"curies":[{"name":"wp","href":"https:\/\/api.w.org\/{rel}","templated":true}]}}