{"id":27168,"date":"2025-01-24T11:42:04","date_gmt":"2025-01-24T08:42:04","guid":{"rendered":"https:\/\/denizcankizil.tr\/uncategorized-tr\/bilecik-pazaryerinde-kyk-kiz-ogrenci-yurdu-guclendiriliyor\/"},"modified":"2025-01-24T11:42:04","modified_gmt":"2025-01-24T08:42:04","slug":"bilecik-pazaryerinde-kyk-kiz-ogrenci-yurdu-guclendiriliyor","status":"publish","type":"post","link":"https:\/\/denizcankizil.tr\/en\/haberler\/gundem\/bilecik-pazaryerinde-kyk-kiz-ogrenci-yurdu-guclendiriliyor\/","title":{"rendered":"Bilecik Pazaryeri&#8217;nde KYK K\u0131z \u00d6\u011frenci Yurdu g\u00fc\u00e7lendiriliyor"},"content":{"rendered":"<p>Bilecik\u2019in Pazaryeri Kaymakam\u0131 Ahmed Tayyib Kahraman g\u00fc\u00e7lendirme \u00e7al\u0131\u015fmas\u0131 yap\u0131lan KYK K\u0131z \u00d6\u011frenci yurdunda incelemelerde bulundu.Pazaryeri G\u00fcndem \/ B\u0130LEC\u0130K (\u0130GFA) &#8211; Bilecik&#8217;in Pazaryeri il\u00e7esinde g\u00fc\u00e7lendirme yap\u0131lan KYK K\u0131z \u00f6\u011frenci yurdunda \u00e7al\u0131\u015fmalar s\u00fcr\u00fcyor.<br \/>\nKYK Yurdunda yap\u0131lan \u00e7al\u0131\u015fmalar ve devam eden \u00e7al\u0131\u015fmalar hakk\u0131nda bilgiler alan Pazaryeri Kaymakam\u0131 Ahmet Tayyib Kahraman, k\u0131z \u00f6\u011frenci yurdunda, kolon g\u00fc\u00e7lendirmesi, yang\u0131n s\u00f6nd\u00fcrme sistemi ve geni\u015fletilen odalar gibi bir \u00e7ok eksikli\u011fin giderildi\u011fini belirtti.<\/p>\n<p>Kaymakam Kahraman, yurdun yak\u0131n zamanda \u00f6\u011frencilerin hizmetine sunulaca\u011f\u0131n\u0131 duyurdu.<\/p>\n<p>\u200bBilecik\u2019in Pazaryeri Kaymakam\u0131 Ahmed Tayyib Kahraman g\u00fc\u00e7lendirme \u00e7al\u0131\u015fmas\u0131 yap\u0131lan KYK K\u0131z \u00d6\u011frenci yurdunda incelemelerde bulundu.Pazaryeri G\u00fcndem \/ B\u0130LEC\u0130K (\u0130GFA) &#8211; Bilecik&#8217;in Pazaryeri il\u00e7esinde g\u00fc\u00e7lendirme yap\u0131lan KYK K\u0131z \u00f6\u011frenci yurdunda \u00e7al\u0131\u015fmalar s\u00fcr\u00fcyor.<br \/>\nKYK Yurdunda yap\u0131lan \u00e7al\u0131\u015fmalar ve devam eden \u00e7al\u0131\u015fmalar hakk\u0131nda bilgiler alan Pazaryeri Kaymakam\u0131 Ahmet Tayyib Kahraman, k\u0131z \u00f6\u011frenci yurdunda, kolon g\u00fc\u00e7lendirmesi, yang\u0131n s\u00f6nd\u00fcrme sistemi ve geni\u015fletilen odalar gibi bir \u00e7ok eksikli\u011fin giderildi\u011fini belirtti.<\/p>\n<p>Kaymakam Kahraman, yurdun yak\u0131n zamanda \u00f6\u011frencilerin hizmetine sunulaca\u011f\u0131n\u0131 duyurdu.\u00a0<\/p>\n<p>\u200bHaberin Al\u0131nt\u0131land\u0131\u011f\u0131 Kaynak: www.iskenderun.org<\/p>","protected":false},"excerpt":{"rendered":"<p>Bilecik\u2019in Pazaryeri Kaymakam\u0131 Ahmed Tayyib Kahraman g\u00fc\u00e7lendirme \u00e7al\u0131\u015fmas\u0131 yap\u0131lan KYK K\u0131z \u00d6\u011frenci yurdunda incelemelerde bulundu.Pazaryeri G\u00fcndem \/ B\u0130LEC\u0130K (\u0130GFA) &#8211; Bilecik&#8217;in Pazaryeri il\u00e7esinde g\u00fc\u00e7lendirme yap\u0131lan KYK K\u0131z \u00f6\u011frenci yurdunda \u00e7al\u0131\u015fmalar s\u00fcr\u00fcyor. KYK Yurdunda yap\u0131lan \u00e7al\u0131\u015fmalar ve devam eden \u00e7al\u0131\u015fmalar hakk\u0131nda bilgiler alan Pazaryeri Kaymakam\u0131 Ahmet Tayyib Kahraman, k\u0131z \u00f6\u011frenci yurdunda, kolon g\u00fc\u00e7lendirmesi, yang\u0131n s\u00f6nd\u00fcrme sistemi ve geni\u015fletilen odalar gibi bir \u00e7ok eksikli\u011fin giderildi\u011fini belirtti. Kaymakam Kahraman, yurdun yak\u0131n zamanda \u00f6\u011frencilerin hizmetine sunulaca\u011f\u0131n\u0131 duyurdu. \u200bBilecik\u2019in Pazaryeri Kaymakam\u0131 Ahmed Tayyib Kahraman g\u00fc\u00e7lendirme \u00e7al\u0131\u015fmas\u0131 yap\u0131lan KYK K\u0131z \u00d6\u011frenci yurdunda incelemelerde bulundu.Pazaryeri G\u00fcndem \/ B\u0130LEC\u0130K (\u0130GFA) &#8211; Bilecik&#8217;in Pazaryeri il\u00e7esinde g\u00fc\u00e7lendirme yap\u0131lan KYK K\u0131z \u00f6\u011frenci yurdunda \u00e7al\u0131\u015fmalar s\u00fcr\u00fcyor. KYK Yurdunda yap\u0131lan \u00e7al\u0131\u015fmalar ve devam eden \u00e7al\u0131\u015fmalar hakk\u0131nda bilgiler alan Pazaryeri Kaymakam\u0131 Ahmet Tayyib Kahraman, k\u0131z \u00f6\u011frenci yurdunda, kolon g\u00fc\u00e7lendirmesi, yang\u0131n s\u00f6nd\u00fcrme sistemi ve geni\u015fletilen odalar gibi bir \u00e7ok eksikli\u011fin giderildi\u011fini belirtti. Kaymakam Kahraman, yurdun yak\u0131n zamanda \u00f6\u011frencilerin hizmetine sunulaca\u011f\u0131n\u0131 duyurdu.\u00a0 \u200bHaberin Al\u0131nt\u0131land\u0131\u011f\u0131 Kaynak: www.iskenderun.org<\/p>","protected":false},"author":1,"featured_media":0,"comment_status":"open","ping_status":"open","sticky":false,"template":"","format":"standard","meta":{"_acf_changed":false,"footnotes":""},"categories":[24],"tags":[],"class_list":["post-27168","post","type-post","status-publish","format-standard","has-post-thumbnail","hentry","category-gundem"],"acf":[],"yoast_head":"<!-- This site is optimized with the Yoast SEO Premium plugin v26.6 (Yoast SEO v27.1.1) - https:\/\/yoast.com\/product\/yoast-seo-premium-wordpress\/ -->\n<title>Bilecik Pazaryeri&#039;nde KYK K\u0131z \u00d6\u011frenci Yurdu g\u00fc\u00e7lendiriliyor - Av. Deniz Can K\u0131z\u0131l<\/title>\n<meta name=\"robots\" content=\"index, follow, max-snippet:-1, max-image-preview:large, max-video-preview:-1\" \/>\n<link rel=\"canonical\" href=\"https:\/\/denizcankizil.tr\/en\/haberler\/gundem\/bilecik-pazaryerinde-kyk-kiz-ogrenci-yurdu-guclendiriliyor\/\" \/>\n<meta property=\"og:locale\" content=\"en_GB\" \/>\n<meta property=\"og:type\" content=\"article\" \/>\n<meta property=\"og:title\" content=\"Bilecik Pazaryeri&#039;nde KYK K\u0131z \u00d6\u011frenci Yurdu g\u00fc\u00e7lendiriliyor\" \/>\n<meta property=\"og:description\" content=\"Bilecik\u2019in Pazaryeri Kaymakam\u0131 Ahmed Tayyib Kahraman g\u00fc\u00e7lendirme \u00e7al\u0131\u015fmas\u0131 yap\u0131lan KYK K\u0131z \u00d6\u011frenci yurdunda incelemelerde bulundu.Pazaryeri G\u00fcndem \/ B\u0130LEC\u0130K (\u0130GFA) &#8211; Bilecik&#8217;in Pazaryeri il\u00e7esinde g\u00fc\u00e7lendirme yap\u0131lan KYK K\u0131z \u00f6\u011frenci yurdunda \u00e7al\u0131\u015fmalar s\u00fcr\u00fcyor. KYK Yurdunda yap\u0131lan \u00e7al\u0131\u015fmalar ve devam eden \u00e7al\u0131\u015fmalar hakk\u0131nda bilgiler alan Pazaryeri Kaymakam\u0131 Ahmet Tayyib Kahraman, k\u0131z \u00f6\u011frenci yurdunda, kolon g\u00fc\u00e7lendirmesi, yang\u0131n s\u00f6nd\u00fcrme sistemi ve geni\u015fletilen odalar gibi bir \u00e7ok eksikli\u011fin giderildi\u011fini belirtti. Kaymakam Kahraman, yurdun yak\u0131n zamanda \u00f6\u011frencilerin hizmetine sunulaca\u011f\u0131n\u0131 duyurdu. \u200bBilecik\u2019in Pazaryeri Kaymakam\u0131 Ahmed Tayyib Kahraman g\u00fc\u00e7lendirme \u00e7al\u0131\u015fmas\u0131 yap\u0131lan KYK K\u0131z \u00d6\u011frenci yurdunda incelemelerde bulundu.Pazaryeri G\u00fcndem \/ B\u0130LEC\u0130K (\u0130GFA) &#8211; Bilecik&#8217;in Pazaryeri il\u00e7esinde g\u00fc\u00e7lendirme yap\u0131lan KYK K\u0131z \u00f6\u011frenci yurdunda \u00e7al\u0131\u015fmalar s\u00fcr\u00fcyor. KYK Yurdunda yap\u0131lan \u00e7al\u0131\u015fmalar ve devam eden \u00e7al\u0131\u015fmalar hakk\u0131nda bilgiler alan Pazaryeri Kaymakam\u0131 Ahmet Tayyib Kahraman, k\u0131z \u00f6\u011frenci yurdunda, kolon g\u00fc\u00e7lendirmesi, yang\u0131n s\u00f6nd\u00fcrme sistemi ve geni\u015fletilen odalar gibi bir \u00e7ok eksikli\u011fin giderildi\u011fini belirtti. Kaymakam Kahraman, yurdun yak\u0131n zamanda \u00f6\u011frencilerin hizmetine sunulaca\u011f\u0131n\u0131 duyurdu.\u00a0 \u200bHaberin Al\u0131nt\u0131land\u0131\u011f\u0131 Kaynak: www.iskenderun.org\" \/>\n<meta property=\"og:url\" content=\"https:\/\/denizcankizil.tr\/en\/haberler\/gundem\/bilecik-pazaryerinde-kyk-kiz-ogrenci-yurdu-guclendiriliyor\/\" \/>\n<meta property=\"og:site_name\" content=\"Av. Deniz Can K\u0131z\u0131l\" \/>\n<meta property=\"article:published_time\" content=\"2025-01-24T08:42:04+00:00\" \/>\n<meta name=\"author\" content=\"admin\" \/>\n<meta name=\"twitter:card\" content=\"summary_large_image\" \/>\n<meta name=\"twitter:label1\" content=\"Written by\" \/>\n\t<meta name=\"twitter:data1\" content=\"admin\" \/>\n\t<meta name=\"twitter:label2\" content=\"Estimated reading time\" \/>\n\t<meta name=\"twitter:data2\" content=\"1 minute\" \/>\n<script type=\"application\/ld+json\" class=\"yoast-schema-graph\">{\"@context\":\"https:\/\/schema.org\",\"@graph\":[{\"@type\":\"Article\",\"@id\":\"https:\/\/denizcankizil.tr\/de\/haberler\/gundem\/bilecik-pazaryerinde-kyk-kiz-ogrenci-yurdu-guclendiriliyor\/#article\",\"isPartOf\":{\"@id\":\"https:\/\/denizcankizil.tr\/de\/haberler\/gundem\/bilecik-pazaryerinde-kyk-kiz-ogrenci-yurdu-guclendiriliyor\/\"},\"author\":{\"name\":\"admin\",\"@id\":\"https:\/\/denizcankizil.tr\/de\/#\/schema\/person\/be3c05fe6a12686905512445d8185489\"},\"headline\":\"Bilecik Pazaryeri&#8217;nde KYK K\u0131z \u00d6\u011frenci Yurdu g\u00fc\u00e7lendiriliyor\",\"datePublished\":\"2025-01-24T08:42:04+00:00\",\"mainEntityOfPage\":{\"@id\":\"https:\/\/denizcankizil.tr\/de\/haberler\/gundem\/bilecik-pazaryerinde-kyk-kiz-ogrenci-yurdu-guclendiriliyor\/\"},\"wordCount\":224,\"commentCount\":0,\"publisher\":{\"@id\":\"https:\/\/denizcankizil.tr\/de\/#organization\"},\"articleSection\":[\"G\u00fcndem\"],\"inLanguage\":\"en-GB\",\"potentialAction\":[{\"@type\":\"CommentAction\",\"name\":\"Comment\",\"target\":[\"https:\/\/denizcankizil.tr\/de\/haberler\/gundem\/bilecik-pazaryerinde-kyk-kiz-ogrenci-yurdu-guclendiriliyor\/#respond\"]}]},{\"@type\":\"WebPage\",\"@id\":\"https:\/\/denizcankizil.tr\/de\/haberler\/gundem\/bilecik-pazaryerinde-kyk-kiz-ogrenci-yurdu-guclendiriliyor\/\",\"url\":\"https:\/\/denizcankizil.tr\/de\/haberler\/gundem\/bilecik-pazaryerinde-kyk-kiz-ogrenci-yurdu-guclendiriliyor\/\",\"name\":\"Bilecik Pazaryeri'nde KYK K\u0131z \u00d6\u011frenci Yurdu g\u00fc\u00e7lendiriliyor - Av. Deniz Can K\u0131z\u0131l\",\"isPartOf\":{\"@id\":\"https:\/\/denizcankizil.tr\/de\/#website\"},\"datePublished\":\"2025-01-24T08:42:04+00:00\",\"breadcrumb\":{\"@id\":\"https:\/\/denizcankizil.tr\/de\/haberler\/gundem\/bilecik-pazaryerinde-kyk-kiz-ogrenci-yurdu-guclendiriliyor\/#breadcrumb\"},\"inLanguage\":\"en-GB\",\"potentialAction\":[{\"@type\":\"ReadAction\",\"target\":[\"https:\/\/denizcankizil.tr\/de\/haberler\/gundem\/bilecik-pazaryerinde-kyk-kiz-ogrenci-yurdu-guclendiriliyor\/\"]}]},{\"@type\":\"BreadcrumbList\",\"@id\":\"https:\/\/denizcankizil.tr\/de\/haberler\/gundem\/bilecik-pazaryerinde-kyk-kiz-ogrenci-yurdu-guclendiriliyor\/#breadcrumb\",\"itemListElement\":[{\"@type\":\"ListItem\",\"position\":1,\"name\":\"Home\",\"item\":\"https:\/\/denizcankizil.tr\/de\/\"},{\"@type\":\"ListItem\",\"position\":2,\"name\":\"Bilecik Pazaryeri&#8217;nde KYK K\u0131z \u00d6\u011frenci Yurdu g\u00fc\u00e7lendiriliyor\"}]},{\"@type\":\"WebSite\",\"@id\":\"https:\/\/denizcankizil.tr\/de\/#website\",\"url\":\"https:\/\/denizcankizil.tr\/de\/\",\"name\":\"Av. Deniz Can K\u0131z\u0131l\",\"description\":\"Avukat Deniz Can K\u0131z\u0131l Antalya Barosu\",\"publisher\":{\"@id\":\"https:\/\/denizcankizil.tr\/de\/#organization\"},\"potentialAction\":[{\"@type\":\"SearchAction\",\"target\":{\"@type\":\"EntryPoint\",\"urlTemplate\":\"https:\/\/denizcankizil.tr\/de\/?s={search_term_string}\"},\"query-input\":{\"@type\":\"PropertyValueSpecification\",\"valueRequired\":true,\"valueName\":\"search_term_string\"}}],\"inLanguage\":\"en-GB\"},{\"@type\":\"Organization\",\"@id\":\"https:\/\/denizcankizil.tr\/de\/#organization\",\"name\":\"Av. Deniz Can K\u0131z\u0131l\",\"url\":\"https:\/\/denizcankizil.tr\/de\/\",\"logo\":{\"@type\":\"ImageObject\",\"inLanguage\":\"en-GB\",\"@id\":\"https:\/\/denizcankizil.tr\/de\/#\/schema\/logo\/image\/\",\"url\":\"https:\/\/denizcankizil.tr\/wp-content\/uploads\/2024\/10\/siyah-logo-svg.svg\",\"contentUrl\":\"https:\/\/denizcankizil.tr\/wp-content\/uploads\/2024\/10\/siyah-logo-svg.svg\",\"width\":1080,\"height\":1080,\"caption\":\"Av. Deniz Can K\u0131z\u0131l\"},\"image\":{\"@id\":\"https:\/\/denizcankizil.tr\/de\/#\/schema\/logo\/image\/\"}},{\"@type\":\"Person\",\"@id\":\"https:\/\/denizcankizil.tr\/de\/#\/schema\/person\/be3c05fe6a12686905512445d8185489\",\"name\":\"admin\",\"image\":{\"@type\":\"ImageObject\",\"inLanguage\":\"en-GB\",\"@id\":\"https:\/\/denizcankizil.tr\/de\/#\/schema\/person\/image\/\",\"url\":\"https:\/\/secure.gravatar.com\/avatar\/c1fce94c830dc79107e174f890d7210541c4a63e8e5d816341794a2151c9d58c?s=96&d=mm&r=g\",\"contentUrl\":\"https:\/\/secure.gravatar.com\/avatar\/c1fce94c830dc79107e174f890d7210541c4a63e8e5d816341794a2151c9d58c?s=96&d=mm&r=g\",\"caption\":\"admin\"},\"sameAs\":[\"http:\/\/denizcankizil.tr\"],\"url\":\"https:\/\/www.iskenderun.org\/bilecik-pazaryerinde-kyk-kiz-ogrenci-yurdu-guclendiriliyor\"}]}<\/script>\n<!-- \/ Yoast SEO Premium plugin. -->","yoast_head_json":{"title":"Bilecik Pazaryeri'nde KYK K\u0131z \u00d6\u011frenci Yurdu g\u00fc\u00e7lendiriliyor - Av. Deniz Can K\u0131z\u0131l","robots":{"index":"index","follow":"follow","max-snippet":"max-snippet:-1","max-image-preview":"max-image-preview:large","max-video-preview":"max-video-preview:-1"},"canonical":"https:\/\/denizcankizil.tr\/en\/haberler\/gundem\/bilecik-pazaryerinde-kyk-kiz-ogrenci-yurdu-guclendiriliyor\/","og_locale":"en_GB","og_type":"article","og_title":"Bilecik Pazaryeri'nde KYK K\u0131z \u00d6\u011frenci Yurdu g\u00fc\u00e7lendiriliyor","og_description":"Bilecik\u2019in Pazaryeri Kaymakam\u0131 Ahmed Tayyib Kahraman g\u00fc\u00e7lendirme \u00e7al\u0131\u015fmas\u0131 yap\u0131lan KYK K\u0131z \u00d6\u011frenci yurdunda incelemelerde bulundu.Pazaryeri G\u00fcndem \/ B\u0130LEC\u0130K (\u0130GFA) &#8211; Bilecik&#8217;in Pazaryeri il\u00e7esinde g\u00fc\u00e7lendirme yap\u0131lan KYK K\u0131z \u00f6\u011frenci yurdunda \u00e7al\u0131\u015fmalar s\u00fcr\u00fcyor. KYK Yurdunda yap\u0131lan \u00e7al\u0131\u015fmalar ve devam eden \u00e7al\u0131\u015fmalar hakk\u0131nda bilgiler alan Pazaryeri Kaymakam\u0131 Ahmet Tayyib Kahraman, k\u0131z \u00f6\u011frenci yurdunda, kolon g\u00fc\u00e7lendirmesi, yang\u0131n s\u00f6nd\u00fcrme sistemi ve geni\u015fletilen odalar gibi bir \u00e7ok eksikli\u011fin giderildi\u011fini belirtti. Kaymakam Kahraman, yurdun yak\u0131n zamanda \u00f6\u011frencilerin hizmetine sunulaca\u011f\u0131n\u0131 duyurdu. \u200bBilecik\u2019in Pazaryeri Kaymakam\u0131 Ahmed Tayyib Kahraman g\u00fc\u00e7lendirme \u00e7al\u0131\u015fmas\u0131 yap\u0131lan KYK K\u0131z \u00d6\u011frenci yurdunda incelemelerde bulundu.Pazaryeri G\u00fcndem \/ B\u0130LEC\u0130K (\u0130GFA) &#8211; Bilecik&#8217;in Pazaryeri il\u00e7esinde g\u00fc\u00e7lendirme yap\u0131lan KYK K\u0131z \u00f6\u011frenci yurdunda \u00e7al\u0131\u015fmalar s\u00fcr\u00fcyor. KYK Yurdunda yap\u0131lan \u00e7al\u0131\u015fmalar ve devam eden \u00e7al\u0131\u015fmalar hakk\u0131nda bilgiler alan Pazaryeri Kaymakam\u0131 Ahmet Tayyib Kahraman, k\u0131z \u00f6\u011frenci yurdunda, kolon g\u00fc\u00e7lendirmesi, yang\u0131n s\u00f6nd\u00fcrme sistemi ve geni\u015fletilen odalar gibi bir \u00e7ok eksikli\u011fin giderildi\u011fini belirtti. Kaymakam Kahraman, yurdun yak\u0131n zamanda \u00f6\u011frencilerin hizmetine sunulaca\u011f\u0131n\u0131 duyurdu.\u00a0 \u200bHaberin Al\u0131nt\u0131land\u0131\u011f\u0131 Kaynak: www.iskenderun.org","og_url":"https:\/\/denizcankizil.tr\/en\/haberler\/gundem\/bilecik-pazaryerinde-kyk-kiz-ogrenci-yurdu-guclendiriliyor\/","og_site_name":"Av. Deniz Can K\u0131z\u0131l","article_published_time":"2025-01-24T08:42:04+00:00","author":"admin","twitter_card":"summary_large_image","twitter_misc":{"Written by":"admin","Estimated reading time":"1 minute"},"schema":{"@context":"https:\/\/schema.org","@graph":[{"@type":"Article","@id":"https:\/\/denizcankizil.tr\/de\/haberler\/gundem\/bilecik-pazaryerinde-kyk-kiz-ogrenci-yurdu-guclendiriliyor\/#article","isPartOf":{"@id":"https:\/\/denizcankizil.tr\/de\/haberler\/gundem\/bilecik-pazaryerinde-kyk-kiz-ogrenci-yurdu-guclendiriliyor\/"},"author":{"name":"admin","@id":"https:\/\/denizcankizil.tr\/de\/#\/schema\/person\/be3c05fe6a12686905512445d8185489"},"headline":"Bilecik Pazaryeri&#8217;nde KYK K\u0131z \u00d6\u011frenci Yurdu g\u00fc\u00e7lendiriliyor","datePublished":"2025-01-24T08:42:04+00:00","mainEntityOfPage":{"@id":"https:\/\/denizcankizil.tr\/de\/haberler\/gundem\/bilecik-pazaryerinde-kyk-kiz-ogrenci-yurdu-guclendiriliyor\/"},"wordCount":224,"commentCount":0,"publisher":{"@id":"https:\/\/denizcankizil.tr\/de\/#organization"},"articleSection":["G\u00fcndem"],"inLanguage":"en-GB","potentialAction":[{"@type":"CommentAction","name":"Comment","target":["https:\/\/denizcankizil.tr\/de\/haberler\/gundem\/bilecik-pazaryerinde-kyk-kiz-ogrenci-yurdu-guclendiriliyor\/#respond"]}]},{"@type":"WebPage","@id":"https:\/\/denizcankizil.tr\/de\/haberler\/gundem\/bilecik-pazaryerinde-kyk-kiz-ogrenci-yurdu-guclendiriliyor\/","url":"https:\/\/denizcankizil.tr\/de\/haberler\/gundem\/bilecik-pazaryerinde-kyk-kiz-ogrenci-yurdu-guclendiriliyor\/","name":"Bilecik Pazaryeri'nde KYK K\u0131z \u00d6\u011frenci Yurdu g\u00fc\u00e7lendiriliyor - Av. Deniz Can K\u0131z\u0131l","isPartOf":{"@id":"https:\/\/denizcankizil.tr\/de\/#website"},"datePublished":"2025-01-24T08:42:04+00:00","breadcrumb":{"@id":"https:\/\/denizcankizil.tr\/de\/haberler\/gundem\/bilecik-pazaryerinde-kyk-kiz-ogrenci-yurdu-guclendiriliyor\/#breadcrumb"},"inLanguage":"en-GB","potentialAction":[{"@type":"ReadAction","target":["https:\/\/denizcankizil.tr\/de\/haberler\/gundem\/bilecik-pazaryerinde-kyk-kiz-ogrenci-yurdu-guclendiriliyor\/"]}]},{"@type":"BreadcrumbList","@id":"https:\/\/denizcankizil.tr\/de\/haberler\/gundem\/bilecik-pazaryerinde-kyk-kiz-ogrenci-yurdu-guclendiriliyor\/#breadcrumb","itemListElement":[{"@type":"ListItem","position":1,"name":"Home","item":"https:\/\/denizcankizil.tr\/de\/"},{"@type":"ListItem","position":2,"name":"Bilecik Pazaryeri&#8217;nde KYK K\u0131z \u00d6\u011frenci Yurdu g\u00fc\u00e7lendiriliyor"}]},{"@type":"WebSite","@id":"https:\/\/denizcankizil.tr\/de\/#website","url":"https:\/\/denizcankizil.tr\/de\/","name":"Av. Deniz Can K\u0131z\u0131l","description":"Avukat Deniz Can K\u0131z\u0131l Antalya Barosu","publisher":{"@id":"https:\/\/denizcankizil.tr\/de\/#organization"},"potentialAction":[{"@type":"SearchAction","target":{"@type":"EntryPoint","urlTemplate":"https:\/\/denizcankizil.tr\/de\/?s={search_term_string}"},"query-input":{"@type":"PropertyValueSpecification","valueRequired":true,"valueName":"search_term_string"}}],"inLanguage":"en-GB"},{"@type":"Organization","@id":"https:\/\/denizcankizil.tr\/de\/#organization","name":"Av. Deniz Can K\u0131z\u0131l","url":"https:\/\/denizcankizil.tr\/de\/","logo":{"@type":"ImageObject","inLanguage":"en-GB","@id":"https:\/\/denizcankizil.tr\/de\/#\/schema\/logo\/image\/","url":"https:\/\/denizcankizil.tr\/wp-content\/uploads\/2024\/10\/siyah-logo-svg.svg","contentUrl":"https:\/\/denizcankizil.tr\/wp-content\/uploads\/2024\/10\/siyah-logo-svg.svg","width":1080,"height":1080,"caption":"Av. Deniz Can K\u0131z\u0131l"},"image":{"@id":"https:\/\/denizcankizil.tr\/de\/#\/schema\/logo\/image\/"}},{"@type":"Person","@id":"https:\/\/denizcankizil.tr\/de\/#\/schema\/person\/be3c05fe6a12686905512445d8185489","name":"admin","image":{"@type":"ImageObject","inLanguage":"en-GB","@id":"https:\/\/denizcankizil.tr\/de\/#\/schema\/person\/image\/","url":"https:\/\/secure.gravatar.com\/avatar\/c1fce94c830dc79107e174f890d7210541c4a63e8e5d816341794a2151c9d58c?s=96&d=mm&r=g","contentUrl":"https:\/\/secure.gravatar.com\/avatar\/c1fce94c830dc79107e174f890d7210541c4a63e8e5d816341794a2151c9d58c?s=96&d=mm&r=g","caption":"admin"},"sameAs":["http:\/\/denizcankizil.tr"],"url":"https:\/\/www.iskenderun.org\/bilecik-pazaryerinde-kyk-kiz-ogrenci-yurdu-guclendiriliyor"}]}},"_links":{"self":[{"href":"https:\/\/denizcankizil.tr\/en\/wp-json\/wp\/v2\/posts\/27168","targetHints":{"allow":["GET"]}}],"collection":[{"href":"https:\/\/denizcankizil.tr\/en\/wp-json\/wp\/v2\/posts"}],"about":[{"href":"https:\/\/denizcankizil.tr\/en\/wp-json\/wp\/v2\/types\/post"}],"author":[{"embeddable":true,"href":"https:\/\/denizcankizil.tr\/en\/wp-json\/wp\/v2\/users\/1"}],"replies":[{"embeddable":true,"href":"https:\/\/denizcankizil.tr\/en\/wp-json\/wp\/v2\/comments?post=27168"}],"version-history":[{"count":0,"href":"https:\/\/denizcankizil.tr\/en\/wp-json\/wp\/v2\/posts\/27168\/revisions"}],"wp:attachment":[{"href":"https:\/\/denizcankizil.tr\/en\/wp-json\/wp\/v2\/media?parent=27168"}],"wp:term":[{"taxonomy":"category","embeddable":true,"href":"https:\/\/denizcankizil.tr\/en\/wp-json\/wp\/v2\/categories?post=27168"},{"taxonomy":"post_tag","embeddable":true,"href":"https:\/\/denizcankizil.tr\/en\/wp-json\/wp\/v2\/tags?post=27168"}],"curies":[{"name":"wp","href":"https:\/\/api.w.org\/{rel}","templated":true}]}}