{"id":27141,"date":"2025-01-24T09:41:40","date_gmt":"2025-01-24T06:41:40","guid":{"rendered":"https:\/\/denizcankizil.tr\/uncategorized-tr\/cevre-sehircilikte-572-sozlesmeli-personel-ise-yerlesti\/"},"modified":"2025-01-24T09:41:40","modified_gmt":"2025-01-24T06:41:40","slug":"cevre-sehircilikte-572-sozlesmeli-personel-ise-yerlesti","status":"publish","type":"post","link":"https:\/\/denizcankizil.tr\/en\/haberler\/gundem\/cevre-sehircilikte-572-sozlesmeli-personel-ise-yerlesti\/","title":{"rendered":"\u00c7evre \u015eehircilik&#8217;te 572 s\u00f6zle\u015fmeli personel i\u015fe yerle\u015fti"},"content":{"rendered":"<p>\u00c7evre, \u015eehircilik ve \u0130klim De\u011fi\u015fikli\u011fi Bakanl\u0131\u011f\u0131\u2019n\u0131n 527 s\u00f6zle\u015fmeli personel al\u0131m\u0131 ile ilgili yerle\u015ftirme sonu\u00e7lar\u0131 a\u00e7\u0131kland\u0131.ANKARA (\u0130GFA) &#8211; \u00c7evre \u015eehircilik ve \u0130klim De\u011fi\u015fikli\u011fi Bakanl\u0131\u011f\u0131&#8217;n\u0131n\u00a0527 s\u00f6zle\u015fmeli personelin al\u0131m yerle\u015ftirme sonu\u00e7lar\u0131 \u00d6SYM sayfas\u0131nda ilan edildi.<br \/>\n\u0130\u015fe yerle\u015ftirme ile ilgili takvim de bakanl\u0131\u011f\u0131n internet sitesinden duyuruldu.<br \/>\n27 Ocak 2025\u2019te ba\u015flayacak evrak teslimi 31 Ocak 2025\u2019te sona erecek.<br \/>\nYeni g\u00f6reve ba\u015flayacak personelin, Bakanl\u0131\u011f\u0131n Personel Genel M\u00fcd\u00fcrl\u00fc\u011f\u00fc&#8217;ne \u015fahsen m\u00fcracaat etmesi gerekiyor.<\/p>\n<p>\u0130\u015fe giri\u015f i\u015flemleri ile ilgili evraklar\u0131n detaylar\u0131na ula\u015fmak i\u00e7in t\u0131klayabilirsiniz<\/p>\n<p>\u200b\u00c7evre, \u015eehircilik ve \u0130klim De\u011fi\u015fikli\u011fi Bakanl\u0131\u011f\u0131\u2019n\u0131n 527 s\u00f6zle\u015fmeli personel al\u0131m\u0131 ile ilgili yerle\u015ftirme sonu\u00e7lar\u0131 a\u00e7\u0131kland\u0131.ANKARA (\u0130GFA) &#8211; \u00c7evre \u015eehircilik ve \u0130klim De\u011fi\u015fikli\u011fi Bakanl\u0131\u011f\u0131&#8217;n\u0131n\u00a0527 s\u00f6zle\u015fmeli personelin al\u0131m yerle\u015ftirme sonu\u00e7lar\u0131 \u00d6SYM sayfas\u0131nda ilan edildi.<br \/>\n\u0130\u015fe yerle\u015ftirme ile ilgili takvim de bakanl\u0131\u011f\u0131n internet sitesinden duyuruldu.<br \/>\n27 Ocak 2025\u2019te ba\u015flayacak evrak teslimi 31 Ocak 2025\u2019te sona erecek.<br \/>\nYeni g\u00f6reve ba\u015flayacak personelin, Bakanl\u0131\u011f\u0131n Personel Genel M\u00fcd\u00fcrl\u00fc\u011f\u00fc&#8217;ne \u015fahsen m\u00fcracaat etmesi gerekiyor.<\/p>\n<p>\u0130\u015fe giri\u015f i\u015flemleri ile ilgili evraklar\u0131n detaylar\u0131na ula\u015fmak i\u00e7in t\u0131klayabilirsiniz\u00a0<\/p>\n<p>\u200bHaberin Al\u0131nt\u0131land\u0131\u011f\u0131 Kaynak: www.iskenderun.org<\/p>","protected":false},"excerpt":{"rendered":"<p>\u00c7evre, \u015eehircilik ve \u0130klim De\u011fi\u015fikli\u011fi Bakanl\u0131\u011f\u0131\u2019n\u0131n 527 s\u00f6zle\u015fmeli personel al\u0131m\u0131 ile ilgili yerle\u015ftirme sonu\u00e7lar\u0131 a\u00e7\u0131kland\u0131.ANKARA (\u0130GFA) &#8211; \u00c7evre \u015eehircilik ve \u0130klim De\u011fi\u015fikli\u011fi Bakanl\u0131\u011f\u0131&#8217;n\u0131n\u00a0527 s\u00f6zle\u015fmeli personelin al\u0131m yerle\u015ftirme sonu\u00e7lar\u0131 \u00d6SYM sayfas\u0131nda ilan edildi. \u0130\u015fe yerle\u015ftirme ile ilgili takvim de bakanl\u0131\u011f\u0131n internet sitesinden duyuruldu. 27 Ocak 2025\u2019te ba\u015flayacak evrak teslimi 31 Ocak 2025\u2019te sona erecek. Yeni g\u00f6reve ba\u015flayacak personelin, Bakanl\u0131\u011f\u0131n Personel Genel M\u00fcd\u00fcrl\u00fc\u011f\u00fc&#8217;ne \u015fahsen m\u00fcracaat etmesi gerekiyor. \u0130\u015fe giri\u015f i\u015flemleri ile ilgili evraklar\u0131n detaylar\u0131na ula\u015fmak i\u00e7in t\u0131klayabilirsiniz \u200b\u00c7evre, \u015eehircilik ve \u0130klim De\u011fi\u015fikli\u011fi Bakanl\u0131\u011f\u0131\u2019n\u0131n 527 s\u00f6zle\u015fmeli personel al\u0131m\u0131 ile ilgili yerle\u015ftirme sonu\u00e7lar\u0131 a\u00e7\u0131kland\u0131.ANKARA (\u0130GFA) &#8211; \u00c7evre \u015eehircilik ve \u0130klim De\u011fi\u015fikli\u011fi Bakanl\u0131\u011f\u0131&#8217;n\u0131n\u00a0527 s\u00f6zle\u015fmeli personelin al\u0131m yerle\u015ftirme sonu\u00e7lar\u0131 \u00d6SYM sayfas\u0131nda ilan edildi. \u0130\u015fe yerle\u015ftirme ile ilgili takvim de bakanl\u0131\u011f\u0131n internet sitesinden duyuruldu. 27 Ocak 2025\u2019te ba\u015flayacak evrak teslimi 31 Ocak 2025\u2019te sona erecek. Yeni g\u00f6reve ba\u015flayacak personelin, Bakanl\u0131\u011f\u0131n Personel Genel M\u00fcd\u00fcrl\u00fc\u011f\u00fc&#8217;ne \u015fahsen m\u00fcracaat etmesi gerekiyor. \u0130\u015fe giri\u015f i\u015flemleri ile ilgili evraklar\u0131n detaylar\u0131na ula\u015fmak i\u00e7in t\u0131klayabilirsiniz\u00a0 \u200bHaberin Al\u0131nt\u0131land\u0131\u011f\u0131 Kaynak: www.iskenderun.org<\/p>","protected":false},"author":1,"featured_media":0,"comment_status":"open","ping_status":"open","sticky":false,"template":"","format":"standard","meta":{"_acf_changed":false,"footnotes":""},"categories":[24],"tags":[],"class_list":["post-27141","post","type-post","status-publish","format-standard","has-post-thumbnail","hentry","category-gundem"],"acf":[],"yoast_head":"<!-- This site is optimized with the Yoast SEO Premium plugin v26.6 (Yoast SEO v27.1.1) - https:\/\/yoast.com\/product\/yoast-seo-premium-wordpress\/ -->\n<title>\u00c7evre \u015eehircilik&#039;te 572 s\u00f6zle\u015fmeli personel i\u015fe yerle\u015fti - Av. Deniz Can K\u0131z\u0131l<\/title>\n<meta name=\"robots\" content=\"index, follow, max-snippet:-1, max-image-preview:large, max-video-preview:-1\" \/>\n<link rel=\"canonical\" href=\"https:\/\/denizcankizil.tr\/en\/haberler\/gundem\/cevre-sehircilikte-572-sozlesmeli-personel-ise-yerlesti\/\" \/>\n<meta property=\"og:locale\" content=\"en_GB\" \/>\n<meta property=\"og:type\" content=\"article\" \/>\n<meta property=\"og:title\" content=\"\u00c7evre \u015eehircilik&#039;te 572 s\u00f6zle\u015fmeli personel i\u015fe yerle\u015fti\" \/>\n<meta property=\"og:description\" content=\"\u00c7evre, \u015eehircilik ve \u0130klim De\u011fi\u015fikli\u011fi Bakanl\u0131\u011f\u0131\u2019n\u0131n 527 s\u00f6zle\u015fmeli personel al\u0131m\u0131 ile ilgili yerle\u015ftirme sonu\u00e7lar\u0131 a\u00e7\u0131kland\u0131.ANKARA (\u0130GFA) &#8211; \u00c7evre \u015eehircilik ve \u0130klim De\u011fi\u015fikli\u011fi Bakanl\u0131\u011f\u0131&#8217;n\u0131n\u00a0527 s\u00f6zle\u015fmeli personelin al\u0131m yerle\u015ftirme sonu\u00e7lar\u0131 \u00d6SYM sayfas\u0131nda ilan edildi. \u0130\u015fe yerle\u015ftirme ile ilgili takvim de bakanl\u0131\u011f\u0131n internet sitesinden duyuruldu. 27 Ocak 2025\u2019te ba\u015flayacak evrak teslimi 31 Ocak 2025\u2019te sona erecek. Yeni g\u00f6reve ba\u015flayacak personelin, Bakanl\u0131\u011f\u0131n Personel Genel M\u00fcd\u00fcrl\u00fc\u011f\u00fc&#8217;ne \u015fahsen m\u00fcracaat etmesi gerekiyor. \u0130\u015fe giri\u015f i\u015flemleri ile ilgili evraklar\u0131n detaylar\u0131na ula\u015fmak i\u00e7in t\u0131klayabilirsiniz \u200b\u00c7evre, \u015eehircilik ve \u0130klim De\u011fi\u015fikli\u011fi Bakanl\u0131\u011f\u0131\u2019n\u0131n 527 s\u00f6zle\u015fmeli personel al\u0131m\u0131 ile ilgili yerle\u015ftirme sonu\u00e7lar\u0131 a\u00e7\u0131kland\u0131.ANKARA (\u0130GFA) &#8211; \u00c7evre \u015eehircilik ve \u0130klim De\u011fi\u015fikli\u011fi Bakanl\u0131\u011f\u0131&#8217;n\u0131n\u00a0527 s\u00f6zle\u015fmeli personelin al\u0131m yerle\u015ftirme sonu\u00e7lar\u0131 \u00d6SYM sayfas\u0131nda ilan edildi. \u0130\u015fe yerle\u015ftirme ile ilgili takvim de bakanl\u0131\u011f\u0131n internet sitesinden duyuruldu. 27 Ocak 2025\u2019te ba\u015flayacak evrak teslimi 31 Ocak 2025\u2019te sona erecek. Yeni g\u00f6reve ba\u015flayacak personelin, Bakanl\u0131\u011f\u0131n Personel Genel M\u00fcd\u00fcrl\u00fc\u011f\u00fc&#8217;ne \u015fahsen m\u00fcracaat etmesi gerekiyor. \u0130\u015fe giri\u015f i\u015flemleri ile ilgili evraklar\u0131n detaylar\u0131na ula\u015fmak i\u00e7in t\u0131klayabilirsiniz\u00a0 \u200bHaberin Al\u0131nt\u0131land\u0131\u011f\u0131 Kaynak: www.iskenderun.org\" \/>\n<meta property=\"og:url\" content=\"https:\/\/denizcankizil.tr\/en\/haberler\/gundem\/cevre-sehircilikte-572-sozlesmeli-personel-ise-yerlesti\/\" \/>\n<meta property=\"og:site_name\" content=\"Av. Deniz Can K\u0131z\u0131l\" \/>\n<meta property=\"article:published_time\" content=\"2025-01-24T06:41:40+00:00\" \/>\n<meta name=\"author\" content=\"admin\" \/>\n<meta name=\"twitter:card\" content=\"summary_large_image\" \/>\n<meta name=\"twitter:label1\" content=\"Written by\" \/>\n\t<meta name=\"twitter:data1\" content=\"admin\" \/>\n\t<meta name=\"twitter:label2\" content=\"Estimated reading time\" \/>\n\t<meta name=\"twitter:data2\" content=\"1 minute\" \/>\n<script type=\"application\/ld+json\" class=\"yoast-schema-graph\">{\"@context\":\"https:\/\/schema.org\",\"@graph\":[{\"@type\":\"Article\",\"@id\":\"https:\/\/denizcankizil.tr\/ru\/haberler\/gundem\/cevre-sehircilikte-572-sozlesmeli-personel-ise-yerlesti\/#article\",\"isPartOf\":{\"@id\":\"https:\/\/denizcankizil.tr\/ru\/haberler\/gundem\/cevre-sehircilikte-572-sozlesmeli-personel-ise-yerlesti\/\"},\"author\":{\"name\":\"admin\",\"@id\":\"https:\/\/denizcankizil.tr\/de\/#\/schema\/person\/be3c05fe6a12686905512445d8185489\"},\"headline\":\"\u00c7evre \u015eehircilik&#8217;te 572 s\u00f6zle\u015fmeli personel i\u015fe yerle\u015fti\",\"datePublished\":\"2025-01-24T06:41:40+00:00\",\"mainEntityOfPage\":{\"@id\":\"https:\/\/denizcankizil.tr\/ru\/haberler\/gundem\/cevre-sehircilikte-572-sozlesmeli-personel-ise-yerlesti\/\"},\"wordCount\":241,\"commentCount\":0,\"publisher\":{\"@id\":\"https:\/\/denizcankizil.tr\/de\/#organization\"},\"articleSection\":[\"G\u00fcndem\"],\"inLanguage\":\"en-GB\",\"potentialAction\":[{\"@type\":\"CommentAction\",\"name\":\"Comment\",\"target\":[\"https:\/\/denizcankizil.tr\/ru\/haberler\/gundem\/cevre-sehircilikte-572-sozlesmeli-personel-ise-yerlesti\/#respond\"]}]},{\"@type\":\"WebPage\",\"@id\":\"https:\/\/denizcankizil.tr\/ru\/haberler\/gundem\/cevre-sehircilikte-572-sozlesmeli-personel-ise-yerlesti\/\",\"url\":\"https:\/\/denizcankizil.tr\/ru\/haberler\/gundem\/cevre-sehircilikte-572-sozlesmeli-personel-ise-yerlesti\/\",\"name\":\"\u00c7evre \u015eehircilik'te 572 s\u00f6zle\u015fmeli personel i\u015fe yerle\u015fti - Av. Deniz Can K\u0131z\u0131l\",\"isPartOf\":{\"@id\":\"https:\/\/denizcankizil.tr\/de\/#website\"},\"datePublished\":\"2025-01-24T06:41:40+00:00\",\"breadcrumb\":{\"@id\":\"https:\/\/denizcankizil.tr\/ru\/haberler\/gundem\/cevre-sehircilikte-572-sozlesmeli-personel-ise-yerlesti\/#breadcrumb\"},\"inLanguage\":\"en-GB\",\"potentialAction\":[{\"@type\":\"ReadAction\",\"target\":[\"https:\/\/denizcankizil.tr\/ru\/haberler\/gundem\/cevre-sehircilikte-572-sozlesmeli-personel-ise-yerlesti\/\"]}]},{\"@type\":\"BreadcrumbList\",\"@id\":\"https:\/\/denizcankizil.tr\/ru\/haberler\/gundem\/cevre-sehircilikte-572-sozlesmeli-personel-ise-yerlesti\/#breadcrumb\",\"itemListElement\":[{\"@type\":\"ListItem\",\"position\":1,\"name\":\"Home\",\"item\":\"https:\/\/denizcankizil.tr\/de\/\"},{\"@type\":\"ListItem\",\"position\":2,\"name\":\"\u00c7evre \u015eehircilik&#8217;te 572 s\u00f6zle\u015fmeli personel i\u015fe yerle\u015fti\"}]},{\"@type\":\"WebSite\",\"@id\":\"https:\/\/denizcankizil.tr\/de\/#website\",\"url\":\"https:\/\/denizcankizil.tr\/de\/\",\"name\":\"Av. Deniz Can K\u0131z\u0131l\",\"description\":\"Avukat Deniz Can K\u0131z\u0131l Antalya Barosu\",\"publisher\":{\"@id\":\"https:\/\/denizcankizil.tr\/de\/#organization\"},\"potentialAction\":[{\"@type\":\"SearchAction\",\"target\":{\"@type\":\"EntryPoint\",\"urlTemplate\":\"https:\/\/denizcankizil.tr\/de\/?s={search_term_string}\"},\"query-input\":{\"@type\":\"PropertyValueSpecification\",\"valueRequired\":true,\"valueName\":\"search_term_string\"}}],\"inLanguage\":\"en-GB\"},{\"@type\":\"Organization\",\"@id\":\"https:\/\/denizcankizil.tr\/de\/#organization\",\"name\":\"Av. Deniz Can K\u0131z\u0131l\",\"url\":\"https:\/\/denizcankizil.tr\/de\/\",\"logo\":{\"@type\":\"ImageObject\",\"inLanguage\":\"en-GB\",\"@id\":\"https:\/\/denizcankizil.tr\/de\/#\/schema\/logo\/image\/\",\"url\":\"https:\/\/denizcankizil.tr\/wp-content\/uploads\/2024\/10\/siyah-logo-svg.svg\",\"contentUrl\":\"https:\/\/denizcankizil.tr\/wp-content\/uploads\/2024\/10\/siyah-logo-svg.svg\",\"width\":1080,\"height\":1080,\"caption\":\"Av. Deniz Can K\u0131z\u0131l\"},\"image\":{\"@id\":\"https:\/\/denizcankizil.tr\/de\/#\/schema\/logo\/image\/\"}},{\"@type\":\"Person\",\"@id\":\"https:\/\/denizcankizil.tr\/de\/#\/schema\/person\/be3c05fe6a12686905512445d8185489\",\"name\":\"admin\",\"image\":{\"@type\":\"ImageObject\",\"inLanguage\":\"en-GB\",\"@id\":\"https:\/\/denizcankizil.tr\/de\/#\/schema\/person\/image\/\",\"url\":\"https:\/\/secure.gravatar.com\/avatar\/c1fce94c830dc79107e174f890d7210541c4a63e8e5d816341794a2151c9d58c?s=96&d=mm&r=g\",\"contentUrl\":\"https:\/\/secure.gravatar.com\/avatar\/c1fce94c830dc79107e174f890d7210541c4a63e8e5d816341794a2151c9d58c?s=96&d=mm&r=g\",\"caption\":\"admin\"},\"sameAs\":[\"http:\/\/denizcankizil.tr\"],\"url\":\"https:\/\/www.iskenderun.org\/cevre-sehircilikte-572-sozlesmeli-personel-ise-yerlesti\"}]}<\/script>\n<!-- \/ Yoast SEO Premium plugin. -->","yoast_head_json":{"title":"\u00c7evre \u015eehircilik'te 572 s\u00f6zle\u015fmeli personel i\u015fe yerle\u015fti - Av. Deniz Can K\u0131z\u0131l","robots":{"index":"index","follow":"follow","max-snippet":"max-snippet:-1","max-image-preview":"max-image-preview:large","max-video-preview":"max-video-preview:-1"},"canonical":"https:\/\/denizcankizil.tr\/en\/haberler\/gundem\/cevre-sehircilikte-572-sozlesmeli-personel-ise-yerlesti\/","og_locale":"en_GB","og_type":"article","og_title":"\u00c7evre \u015eehircilik'te 572 s\u00f6zle\u015fmeli personel i\u015fe yerle\u015fti","og_description":"\u00c7evre, \u015eehircilik ve \u0130klim De\u011fi\u015fikli\u011fi Bakanl\u0131\u011f\u0131\u2019n\u0131n 527 s\u00f6zle\u015fmeli personel al\u0131m\u0131 ile ilgili yerle\u015ftirme sonu\u00e7lar\u0131 a\u00e7\u0131kland\u0131.ANKARA (\u0130GFA) &#8211; \u00c7evre \u015eehircilik ve \u0130klim De\u011fi\u015fikli\u011fi Bakanl\u0131\u011f\u0131&#8217;n\u0131n\u00a0527 s\u00f6zle\u015fmeli personelin al\u0131m yerle\u015ftirme sonu\u00e7lar\u0131 \u00d6SYM sayfas\u0131nda ilan edildi. \u0130\u015fe yerle\u015ftirme ile ilgili takvim de bakanl\u0131\u011f\u0131n internet sitesinden duyuruldu. 27 Ocak 2025\u2019te ba\u015flayacak evrak teslimi 31 Ocak 2025\u2019te sona erecek. Yeni g\u00f6reve ba\u015flayacak personelin, Bakanl\u0131\u011f\u0131n Personel Genel M\u00fcd\u00fcrl\u00fc\u011f\u00fc&#8217;ne \u015fahsen m\u00fcracaat etmesi gerekiyor. \u0130\u015fe giri\u015f i\u015flemleri ile ilgili evraklar\u0131n detaylar\u0131na ula\u015fmak i\u00e7in t\u0131klayabilirsiniz \u200b\u00c7evre, \u015eehircilik ve \u0130klim De\u011fi\u015fikli\u011fi Bakanl\u0131\u011f\u0131\u2019n\u0131n 527 s\u00f6zle\u015fmeli personel al\u0131m\u0131 ile ilgili yerle\u015ftirme sonu\u00e7lar\u0131 a\u00e7\u0131kland\u0131.ANKARA (\u0130GFA) &#8211; \u00c7evre \u015eehircilik ve \u0130klim De\u011fi\u015fikli\u011fi Bakanl\u0131\u011f\u0131&#8217;n\u0131n\u00a0527 s\u00f6zle\u015fmeli personelin al\u0131m yerle\u015ftirme sonu\u00e7lar\u0131 \u00d6SYM sayfas\u0131nda ilan edildi. \u0130\u015fe yerle\u015ftirme ile ilgili takvim de bakanl\u0131\u011f\u0131n internet sitesinden duyuruldu. 27 Ocak 2025\u2019te ba\u015flayacak evrak teslimi 31 Ocak 2025\u2019te sona erecek. Yeni g\u00f6reve ba\u015flayacak personelin, Bakanl\u0131\u011f\u0131n Personel Genel M\u00fcd\u00fcrl\u00fc\u011f\u00fc&#8217;ne \u015fahsen m\u00fcracaat etmesi gerekiyor. \u0130\u015fe giri\u015f i\u015flemleri ile ilgili evraklar\u0131n detaylar\u0131na ula\u015fmak i\u00e7in t\u0131klayabilirsiniz\u00a0 \u200bHaberin Al\u0131nt\u0131land\u0131\u011f\u0131 Kaynak: www.iskenderun.org","og_url":"https:\/\/denizcankizil.tr\/en\/haberler\/gundem\/cevre-sehircilikte-572-sozlesmeli-personel-ise-yerlesti\/","og_site_name":"Av. Deniz Can K\u0131z\u0131l","article_published_time":"2025-01-24T06:41:40+00:00","author":"admin","twitter_card":"summary_large_image","twitter_misc":{"Written by":"admin","Estimated reading time":"1 minute"},"schema":{"@context":"https:\/\/schema.org","@graph":[{"@type":"Article","@id":"https:\/\/denizcankizil.tr\/ru\/haberler\/gundem\/cevre-sehircilikte-572-sozlesmeli-personel-ise-yerlesti\/#article","isPartOf":{"@id":"https:\/\/denizcankizil.tr\/ru\/haberler\/gundem\/cevre-sehircilikte-572-sozlesmeli-personel-ise-yerlesti\/"},"author":{"name":"admin","@id":"https:\/\/denizcankizil.tr\/de\/#\/schema\/person\/be3c05fe6a12686905512445d8185489"},"headline":"\u00c7evre \u015eehircilik&#8217;te 572 s\u00f6zle\u015fmeli personel i\u015fe yerle\u015fti","datePublished":"2025-01-24T06:41:40+00:00","mainEntityOfPage":{"@id":"https:\/\/denizcankizil.tr\/ru\/haberler\/gundem\/cevre-sehircilikte-572-sozlesmeli-personel-ise-yerlesti\/"},"wordCount":241,"commentCount":0,"publisher":{"@id":"https:\/\/denizcankizil.tr\/de\/#organization"},"articleSection":["G\u00fcndem"],"inLanguage":"en-GB","potentialAction":[{"@type":"CommentAction","name":"Comment","target":["https:\/\/denizcankizil.tr\/ru\/haberler\/gundem\/cevre-sehircilikte-572-sozlesmeli-personel-ise-yerlesti\/#respond"]}]},{"@type":"WebPage","@id":"https:\/\/denizcankizil.tr\/ru\/haberler\/gundem\/cevre-sehircilikte-572-sozlesmeli-personel-ise-yerlesti\/","url":"https:\/\/denizcankizil.tr\/ru\/haberler\/gundem\/cevre-sehircilikte-572-sozlesmeli-personel-ise-yerlesti\/","name":"\u00c7evre \u015eehircilik'te 572 s\u00f6zle\u015fmeli personel i\u015fe yerle\u015fti - Av. Deniz Can K\u0131z\u0131l","isPartOf":{"@id":"https:\/\/denizcankizil.tr\/de\/#website"},"datePublished":"2025-01-24T06:41:40+00:00","breadcrumb":{"@id":"https:\/\/denizcankizil.tr\/ru\/haberler\/gundem\/cevre-sehircilikte-572-sozlesmeli-personel-ise-yerlesti\/#breadcrumb"},"inLanguage":"en-GB","potentialAction":[{"@type":"ReadAction","target":["https:\/\/denizcankizil.tr\/ru\/haberler\/gundem\/cevre-sehircilikte-572-sozlesmeli-personel-ise-yerlesti\/"]}]},{"@type":"BreadcrumbList","@id":"https:\/\/denizcankizil.tr\/ru\/haberler\/gundem\/cevre-sehircilikte-572-sozlesmeli-personel-ise-yerlesti\/#breadcrumb","itemListElement":[{"@type":"ListItem","position":1,"name":"Home","item":"https:\/\/denizcankizil.tr\/de\/"},{"@type":"ListItem","position":2,"name":"\u00c7evre \u015eehircilik&#8217;te 572 s\u00f6zle\u015fmeli personel i\u015fe yerle\u015fti"}]},{"@type":"WebSite","@id":"https:\/\/denizcankizil.tr\/de\/#website","url":"https:\/\/denizcankizil.tr\/de\/","name":"Av. Deniz Can K\u0131z\u0131l","description":"Avukat Deniz Can K\u0131z\u0131l Antalya Barosu","publisher":{"@id":"https:\/\/denizcankizil.tr\/de\/#organization"},"potentialAction":[{"@type":"SearchAction","target":{"@type":"EntryPoint","urlTemplate":"https:\/\/denizcankizil.tr\/de\/?s={search_term_string}"},"query-input":{"@type":"PropertyValueSpecification","valueRequired":true,"valueName":"search_term_string"}}],"inLanguage":"en-GB"},{"@type":"Organization","@id":"https:\/\/denizcankizil.tr\/de\/#organization","name":"Av. Deniz Can K\u0131z\u0131l","url":"https:\/\/denizcankizil.tr\/de\/","logo":{"@type":"ImageObject","inLanguage":"en-GB","@id":"https:\/\/denizcankizil.tr\/de\/#\/schema\/logo\/image\/","url":"https:\/\/denizcankizil.tr\/wp-content\/uploads\/2024\/10\/siyah-logo-svg.svg","contentUrl":"https:\/\/denizcankizil.tr\/wp-content\/uploads\/2024\/10\/siyah-logo-svg.svg","width":1080,"height":1080,"caption":"Av. Deniz Can K\u0131z\u0131l"},"image":{"@id":"https:\/\/denizcankizil.tr\/de\/#\/schema\/logo\/image\/"}},{"@type":"Person","@id":"https:\/\/denizcankizil.tr\/de\/#\/schema\/person\/be3c05fe6a12686905512445d8185489","name":"admin","image":{"@type":"ImageObject","inLanguage":"en-GB","@id":"https:\/\/denizcankizil.tr\/de\/#\/schema\/person\/image\/","url":"https:\/\/secure.gravatar.com\/avatar\/c1fce94c830dc79107e174f890d7210541c4a63e8e5d816341794a2151c9d58c?s=96&d=mm&r=g","contentUrl":"https:\/\/secure.gravatar.com\/avatar\/c1fce94c830dc79107e174f890d7210541c4a63e8e5d816341794a2151c9d58c?s=96&d=mm&r=g","caption":"admin"},"sameAs":["http:\/\/denizcankizil.tr"],"url":"https:\/\/www.iskenderun.org\/cevre-sehircilikte-572-sozlesmeli-personel-ise-yerlesti"}]}},"_links":{"self":[{"href":"https:\/\/denizcankizil.tr\/en\/wp-json\/wp\/v2\/posts\/27141","targetHints":{"allow":["GET"]}}],"collection":[{"href":"https:\/\/denizcankizil.tr\/en\/wp-json\/wp\/v2\/posts"}],"about":[{"href":"https:\/\/denizcankizil.tr\/en\/wp-json\/wp\/v2\/types\/post"}],"author":[{"embeddable":true,"href":"https:\/\/denizcankizil.tr\/en\/wp-json\/wp\/v2\/users\/1"}],"replies":[{"embeddable":true,"href":"https:\/\/denizcankizil.tr\/en\/wp-json\/wp\/v2\/comments?post=27141"}],"version-history":[{"count":0,"href":"https:\/\/denizcankizil.tr\/en\/wp-json\/wp\/v2\/posts\/27141\/revisions"}],"wp:attachment":[{"href":"https:\/\/denizcankizil.tr\/en\/wp-json\/wp\/v2\/media?parent=27141"}],"wp:term":[{"taxonomy":"category","embeddable":true,"href":"https:\/\/denizcankizil.tr\/en\/wp-json\/wp\/v2\/categories?post=27141"},{"taxonomy":"post_tag","embeddable":true,"href":"https:\/\/denizcankizil.tr\/en\/wp-json\/wp\/v2\/tags?post=27141"}],"curies":[{"name":"wp","href":"https:\/\/api.w.org\/{rel}","templated":true}]}}