{"id":26985,"date":"2025-01-23T16:41:13","date_gmt":"2025-01-23T13:41:13","guid":{"rendered":"https:\/\/denizcankizil.tr\/uncategorized-tr\/finike-kalkan-bolunmus-yol-projesine-ced-olumlu-karari\/"},"modified":"2025-01-23T16:41:13","modified_gmt":"2025-01-23T13:41:13","slug":"finike-kalkan-bolunmus-yol-projesine-ced-olumlu-karari","status":"publish","type":"post","link":"https:\/\/denizcankizil.tr\/en\/haberler\/antalya\/finike-kalkan-bolunmus-yol-projesine-ced-olumlu-karari\/","title":{"rendered":"Finike- Kalkan b\u00f6l\u00fcnm\u00fc\u015f yol projesine &#8216;\u00c7ED olumlu&#8217; karar\u0131"},"content":{"rendered":"<p>Antalya&#8217;da Karayollar\u0131 B\u00f6lge M\u00fcd\u00fcrl\u00fc\u011f\u00fc&#8217;n\u00fcn 2017 y\u0131l\u0131ndan beri g\u00fcndemde olan Finike-Demre-Ka\u015f-Kalkan b\u00f6l\u00fcnm\u00fc\u015f yol projesine \u00c7evre, \u015eehircilik ve \u0130klim De\u011fi\u015fikli\u011fi Bakanl\u0131\u011f\u0131&#8217;nca &#8216;\u00c7ED Olumlu&#8217; karar\u0131 verildi. B\u00f6l\u00fcnm\u00fc\u015f yol projesi kapsam\u0131nda Finike&#8217;den ba\u015flay\u0131p Kalkan&#8217;a kadar toplam 74 kilometrelik yolun geni\u015fli\u011finin en az 60 metre, gidi\u015f-geli\u015f d\u00f6rt \u015ferit, 11 k\u00f6pr\u00fc ve viyad\u00fck 6 t\u00fcnel ve 12 adet alt ve \u00fcstge\u00e7it planlan\u0131yor.<\/p>\n<p>Antalya&#8217;n\u0131n do\u011fal ve tarihi zenginlikleriyle \u00f6ne \u00e7\u0131kan bat\u0131 kesiminde Akdeniz Sahil Yolu olarak da isimlendirilen Finike-Demre-Ka\u015f-Kalkan Devlet Yolu Projesi&#8217;ne ili\u015fkin Antalya Valili\u011fi&#8217;nin 22 Haziran 2017 tarihli &#8216;\u00c7ED Gerekli De\u011fildir&#8217; karar\u0131, 2019&#8217;da Antalya 2&#8217;nci \u0130dare Mahkemesi&#8217;nce iptal edildi, 2020&#8217;de Dan\u0131\u015ftay taraf\u0131ndan onand\u0131. Mahkeme karar\u0131 \u00fczerine \u00c7ED s\u00fcreci ba\u015flat\u0131lan proje kapsam\u0131nda ge\u00e7en y\u0131l ocak ay\u0131nda \u0130nceleme De\u011ferlendirme Komisyonu (\u0130DK) toplant\u0131s\u0131 yap\u0131ld\u0131. Bu toplant\u0131ya Demre ve Ka\u015f il\u00e7elerinden kat\u0131lanlar, &#8216;\u00c7ED Olumlu&#8217; karar\u0131 \u00e7\u0131kmamas\u0131 talebinde bulunmu\u015ftu.<\/p>\n<p>TAR\u0130H\u0130 VE DO\u011eAL ALANLARDAN GE\u00c7ECEK<\/p>\n<p>Di\u011fer yandan Kekova, Myra, Andriake gibi 11 arkeolojik alan, Ka\u015f-Kekova \u00d6zel \u00c7evre Koruma B\u00f6lgesi ve Kaputa\u015f 1&#8217;inci Derece Do\u011fal Sit Alan\u0131 dahil olmak \u00fczere toplam 9 do\u011fal koruma alan\u0131n\u0131n ya i\u00e7inden ya da yak\u0131n\u0131ndan te\u011fet ge\u00e7ece\u011fi belirtilen b\u00f6l\u00fcnm\u00fc\u015f yol projesine kar\u015f\u0131 \u00e7\u0131kan \u00e7evre \u00f6rg\u00fctleri, projenin iptalini istiyor. Ka\u015f K\u00fclt\u00fcr ve \u00c7evre Derne\u011fi Ba\u015fkan\u0131 Ahmet Akoy, projenin k\u0131ymetli tar\u0131m topraklar\u0131n\u0131n oldu\u011fu \u00fcretim alanlar\u0131ndan, hayvanc\u0131l\u0131k ve \u00e7ift\u00e7ilikle ge\u00e7inen da\u011f k\u00f6ylerinden, halk\u0131n ata topraklar\u0131 ve evlerinin \u00fczerinden ge\u00e7erek, do\u011fal ve sosyal hayat\u0131 b\u0131\u00e7ak gibi ikiye b\u00f6lece\u011fini s\u00f6yledi.<\/p>\n<p>Kaynak: www.kanalv.com.tr Haber Sitesinden Al\u0131nm\u0131\u015ft\u0131r.<\/p>","protected":false},"excerpt":{"rendered":"<p>Antalya&#8217;da Karayollar\u0131 B\u00f6lge M\u00fcd\u00fcrl\u00fc\u011f\u00fc&#8217;n\u00fcn 2017 y\u0131l\u0131ndan beri g\u00fcndemde olan Finike-Demre-Ka\u015f-Kalkan b\u00f6l\u00fcnm\u00fc\u015f yol projesine \u00c7evre, \u015eehircilik ve \u0130klim De\u011fi\u015fikli\u011fi Bakanl\u0131\u011f\u0131&#8217;nca &#8216;\u00c7ED Olumlu&#8217; karar\u0131 verildi. B\u00f6l\u00fcnm\u00fc\u015f yol projesi kapsam\u0131nda Finike&#8217;den ba\u015flay\u0131p Kalkan&#8217;a kadar toplam 74 kilometrelik yolun geni\u015fli\u011finin en az 60 metre, gidi\u015f-geli\u015f d\u00f6rt \u015ferit, 11 k\u00f6pr\u00fc ve viyad\u00fck 6 t\u00fcnel ve 12 adet alt ve \u00fcstge\u00e7it planlan\u0131yor. Antalya&#8217;n\u0131n do\u011fal ve tarihi zenginlikleriyle \u00f6ne \u00e7\u0131kan bat\u0131 kesiminde Akdeniz Sahil Yolu olarak da isimlendirilen Finike-Demre-Ka\u015f-Kalkan Devlet Yolu Projesi&#8217;ne ili\u015fkin Antalya Valili\u011fi&#8217;nin 22 Haziran 2017 tarihli &#8216;\u00c7ED Gerekli De\u011fildir&#8217; karar\u0131, 2019&#8217;da Antalya 2&#8217;nci \u0130dare Mahkemesi&#8217;nce iptal edildi, 2020&#8217;de Dan\u0131\u015ftay taraf\u0131ndan onand\u0131. Mahkeme karar\u0131 \u00fczerine \u00c7ED s\u00fcreci ba\u015flat\u0131lan proje kapsam\u0131nda ge\u00e7en y\u0131l ocak ay\u0131nda \u0130nceleme De\u011ferlendirme Komisyonu (\u0130DK) toplant\u0131s\u0131 yap\u0131ld\u0131. Bu toplant\u0131ya Demre ve Ka\u015f il\u00e7elerinden kat\u0131lanlar, &#8216;\u00c7ED Olumlu&#8217; karar\u0131 \u00e7\u0131kmamas\u0131 talebinde bulunmu\u015ftu. TAR\u0130H\u0130 VE DO\u011eAL ALANLARDAN GE\u00c7ECEK Di\u011fer yandan Kekova, Myra, Andriake gibi 11 arkeolojik alan, Ka\u015f-Kekova \u00d6zel \u00c7evre Koruma B\u00f6lgesi ve Kaputa\u015f 1&#8217;inci Derece Do\u011fal Sit Alan\u0131 dahil olmak \u00fczere toplam 9 do\u011fal koruma alan\u0131n\u0131n ya i\u00e7inden ya da yak\u0131n\u0131ndan te\u011fet ge\u00e7ece\u011fi belirtilen b\u00f6l\u00fcnm\u00fc\u015f yol projesine kar\u015f\u0131 \u00e7\u0131kan \u00e7evre \u00f6rg\u00fctleri, projenin iptalini istiyor. Ka\u015f K\u00fclt\u00fcr ve \u00c7evre Derne\u011fi Ba\u015fkan\u0131 Ahmet Akoy, projenin k\u0131ymetli tar\u0131m topraklar\u0131n\u0131n oldu\u011fu \u00fcretim alanlar\u0131ndan, hayvanc\u0131l\u0131k ve \u00e7ift\u00e7ilikle ge\u00e7inen da\u011f &hellip;<\/p>","protected":false},"author":4,"featured_media":26986,"comment_status":"open","ping_status":"open","sticky":false,"template":"","format":"standard","meta":{"_acf_changed":false,"footnotes":""},"categories":[26],"tags":[],"class_list":["post-26985","post","type-post","status-publish","format-standard","has-post-thumbnail","hentry","category-antalya"],"acf":[],"yoast_head":"<!-- This site is optimized with the Yoast SEO Premium plugin v26.6 (Yoast SEO v27.1.1) - https:\/\/yoast.com\/product\/yoast-seo-premium-wordpress\/ -->\n<title>Finike- Kalkan b\u00f6l\u00fcnm\u00fc\u015f yol projesine &#039;\u00c7ED olumlu&#039; karar\u0131 - Av. Deniz Can K\u0131z\u0131l<\/title>\n<meta name=\"robots\" content=\"index, follow, max-snippet:-1, max-image-preview:large, max-video-preview:-1\" \/>\n<link rel=\"canonical\" href=\"https:\/\/denizcankizil.tr\/en\/haberler\/antalya\/finike-kalkan-bolunmus-yol-projesine-ced-olumlu-karari\/\" \/>\n<meta property=\"og:locale\" content=\"en_GB\" \/>\n<meta property=\"og:type\" content=\"article\" \/>\n<meta property=\"og:title\" content=\"Finike- Kalkan b\u00f6l\u00fcnm\u00fc\u015f yol projesine &#039;\u00c7ED olumlu&#039; karar\u0131\" \/>\n<meta property=\"og:description\" content=\"Antalya&#8217;da Karayollar\u0131 B\u00f6lge M\u00fcd\u00fcrl\u00fc\u011f\u00fc&#8217;n\u00fcn 2017 y\u0131l\u0131ndan beri g\u00fcndemde olan Finike-Demre-Ka\u015f-Kalkan b\u00f6l\u00fcnm\u00fc\u015f yol projesine \u00c7evre, \u015eehircilik ve \u0130klim De\u011fi\u015fikli\u011fi Bakanl\u0131\u011f\u0131&#8217;nca &#8216;\u00c7ED Olumlu&#8217; karar\u0131 verildi. B\u00f6l\u00fcnm\u00fc\u015f yol projesi kapsam\u0131nda Finike&#8217;den ba\u015flay\u0131p Kalkan&#8217;a kadar toplam 74 kilometrelik yolun geni\u015fli\u011finin en az 60 metre, gidi\u015f-geli\u015f d\u00f6rt \u015ferit, 11 k\u00f6pr\u00fc ve viyad\u00fck 6 t\u00fcnel ve 12 adet alt ve \u00fcstge\u00e7it planlan\u0131yor. Antalya&#8217;n\u0131n do\u011fal ve tarihi zenginlikleriyle \u00f6ne \u00e7\u0131kan bat\u0131 kesiminde Akdeniz Sahil Yolu olarak da isimlendirilen Finike-Demre-Ka\u015f-Kalkan Devlet Yolu Projesi&#8217;ne ili\u015fkin Antalya Valili\u011fi&#8217;nin 22 Haziran 2017 tarihli &#8216;\u00c7ED Gerekli De\u011fildir&#8217; karar\u0131, 2019&#8217;da Antalya 2&#8217;nci \u0130dare Mahkemesi&#8217;nce iptal edildi, 2020&#8217;de Dan\u0131\u015ftay taraf\u0131ndan onand\u0131. Mahkeme karar\u0131 \u00fczerine \u00c7ED s\u00fcreci ba\u015flat\u0131lan proje kapsam\u0131nda ge\u00e7en y\u0131l ocak ay\u0131nda \u0130nceleme De\u011ferlendirme Komisyonu (\u0130DK) toplant\u0131s\u0131 yap\u0131ld\u0131. Bu toplant\u0131ya Demre ve Ka\u015f il\u00e7elerinden kat\u0131lanlar, &#8216;\u00c7ED Olumlu&#8217; karar\u0131 \u00e7\u0131kmamas\u0131 talebinde bulunmu\u015ftu. TAR\u0130H\u0130 VE DO\u011eAL ALANLARDAN GE\u00c7ECEK Di\u011fer yandan Kekova, Myra, Andriake gibi 11 arkeolojik alan, Ka\u015f-Kekova \u00d6zel \u00c7evre Koruma B\u00f6lgesi ve Kaputa\u015f 1&#8217;inci Derece Do\u011fal Sit Alan\u0131 dahil olmak \u00fczere toplam 9 do\u011fal koruma alan\u0131n\u0131n ya i\u00e7inden ya da yak\u0131n\u0131ndan te\u011fet ge\u00e7ece\u011fi belirtilen b\u00f6l\u00fcnm\u00fc\u015f yol projesine kar\u015f\u0131 \u00e7\u0131kan \u00e7evre \u00f6rg\u00fctleri, projenin iptalini istiyor. Ka\u015f K\u00fclt\u00fcr ve \u00c7evre Derne\u011fi Ba\u015fkan\u0131 Ahmet Akoy, projenin k\u0131ymetli tar\u0131m topraklar\u0131n\u0131n oldu\u011fu \u00fcretim alanlar\u0131ndan, hayvanc\u0131l\u0131k ve \u00e7ift\u00e7ilikle ge\u00e7inen da\u011f &hellip;\" \/>\n<meta property=\"og:url\" content=\"https:\/\/denizcankizil.tr\/en\/haberler\/antalya\/finike-kalkan-bolunmus-yol-projesine-ced-olumlu-karari\/\" \/>\n<meta property=\"og:site_name\" content=\"Av. Deniz Can K\u0131z\u0131l\" \/>\n<meta property=\"article:published_time\" content=\"2025-01-23T13:41:13+00:00\" \/>\n<meta property=\"og:image\" content=\"https:\/\/denizcankizil.tr\/wp-content\/uploads\/2025\/01\/4292-01-DlLHnl.jpeg\" \/>\n\t<meta property=\"og:image:width\" content=\"1280\" \/>\n\t<meta property=\"og:image:height\" content=\"720\" \/>\n\t<meta property=\"og:image:type\" content=\"image\/jpeg\" \/>\n<meta name=\"author\" content=\"Av. Deniz Can K\u0131z\u0131l\" \/>\n<meta name=\"twitter:card\" content=\"summary_large_image\" \/>\n<meta name=\"twitter:label1\" content=\"Written by\" \/>\n\t<meta name=\"twitter:data1\" content=\"Av. Deniz Can K\u0131z\u0131l\" \/>\n\t<meta name=\"twitter:label2\" content=\"Estimated reading time\" \/>\n\t<meta name=\"twitter:data2\" content=\"2 minutes\" \/>\n<script type=\"application\/ld+json\" class=\"yoast-schema-graph\">{\"@context\":\"https:\/\/schema.org\",\"@graph\":[{\"@type\":\"Article\",\"@id\":\"https:\/\/denizcankizil.tr\/ru\/haberler\/antalya\/finike-kalkan-bolunmus-yol-projesine-ced-olumlu-karari\/#article\",\"isPartOf\":{\"@id\":\"https:\/\/denizcankizil.tr\/ru\/haberler\/antalya\/finike-kalkan-bolunmus-yol-projesine-ced-olumlu-karari\/\"},\"author\":{\"name\":\"Av. Deniz Can K\u0131z\u0131l\",\"@id\":\"https:\/\/denizcankizil.tr\/de\/#\/schema\/person\/5dc1b22991bd7ac833867c10afc9b0ff\"},\"headline\":\"Finike- Kalkan b\u00f6l\u00fcnm\u00fc\u015f yol projesine &#8216;\u00c7ED olumlu&#8217; karar\u0131\",\"datePublished\":\"2025-01-23T13:41:13+00:00\",\"mainEntityOfPage\":{\"@id\":\"https:\/\/denizcankizil.tr\/ru\/haberler\/antalya\/finike-kalkan-bolunmus-yol-projesine-ced-olumlu-karari\/\"},\"wordCount\":327,\"commentCount\":0,\"publisher\":{\"@id\":\"https:\/\/denizcankizil.tr\/de\/#organization\"},\"image\":{\"@id\":\"https:\/\/denizcankizil.tr\/ru\/haberler\/antalya\/finike-kalkan-bolunmus-yol-projesine-ced-olumlu-karari\/#primaryimage\"},\"thumbnailUrl\":\"https:\/\/denizcankizil.tr\/wp-content\/uploads\/2025\/01\/4292-01-DlLHnl.jpeg\",\"articleSection\":[\"Antalya\"],\"inLanguage\":\"en-GB\",\"potentialAction\":[{\"@type\":\"CommentAction\",\"name\":\"Comment\",\"target\":[\"https:\/\/denizcankizil.tr\/ru\/haberler\/antalya\/finike-kalkan-bolunmus-yol-projesine-ced-olumlu-karari\/#respond\"]}]},{\"@type\":\"WebPage\",\"@id\":\"https:\/\/denizcankizil.tr\/ru\/haberler\/antalya\/finike-kalkan-bolunmus-yol-projesine-ced-olumlu-karari\/\",\"url\":\"https:\/\/denizcankizil.tr\/ru\/haberler\/antalya\/finike-kalkan-bolunmus-yol-projesine-ced-olumlu-karari\/\",\"name\":\"Finike- Kalkan b\u00f6l\u00fcnm\u00fc\u015f yol projesine '\u00c7ED olumlu' karar\u0131 - Av. Deniz Can K\u0131z\u0131l\",\"isPartOf\":{\"@id\":\"https:\/\/denizcankizil.tr\/de\/#website\"},\"primaryImageOfPage\":{\"@id\":\"https:\/\/denizcankizil.tr\/ru\/haberler\/antalya\/finike-kalkan-bolunmus-yol-projesine-ced-olumlu-karari\/#primaryimage\"},\"image\":{\"@id\":\"https:\/\/denizcankizil.tr\/ru\/haberler\/antalya\/finike-kalkan-bolunmus-yol-projesine-ced-olumlu-karari\/#primaryimage\"},\"thumbnailUrl\":\"https:\/\/denizcankizil.tr\/wp-content\/uploads\/2025\/01\/4292-01-DlLHnl.jpeg\",\"datePublished\":\"2025-01-23T13:41:13+00:00\",\"breadcrumb\":{\"@id\":\"https:\/\/denizcankizil.tr\/ru\/haberler\/antalya\/finike-kalkan-bolunmus-yol-projesine-ced-olumlu-karari\/#breadcrumb\"},\"inLanguage\":\"en-GB\",\"potentialAction\":[{\"@type\":\"ReadAction\",\"target\":[\"https:\/\/denizcankizil.tr\/ru\/haberler\/antalya\/finike-kalkan-bolunmus-yol-projesine-ced-olumlu-karari\/\"]}]},{\"@type\":\"ImageObject\",\"inLanguage\":\"en-GB\",\"@id\":\"https:\/\/denizcankizil.tr\/ru\/haberler\/antalya\/finike-kalkan-bolunmus-yol-projesine-ced-olumlu-karari\/#primaryimage\",\"url\":\"https:\/\/denizcankizil.tr\/wp-content\/uploads\/2025\/01\/4292-01-DlLHnl.jpeg\",\"contentUrl\":\"https:\/\/denizcankizil.tr\/wp-content\/uploads\/2025\/01\/4292-01-DlLHnl.jpeg\",\"width\":1280,\"height\":720},{\"@type\":\"BreadcrumbList\",\"@id\":\"https:\/\/denizcankizil.tr\/ru\/haberler\/antalya\/finike-kalkan-bolunmus-yol-projesine-ced-olumlu-karari\/#breadcrumb\",\"itemListElement\":[{\"@type\":\"ListItem\",\"position\":1,\"name\":\"Home\",\"item\":\"https:\/\/denizcankizil.tr\/de\/\"},{\"@type\":\"ListItem\",\"position\":2,\"name\":\"Finike- Kalkan b\u00f6l\u00fcnm\u00fc\u015f yol projesine &#8216;\u00c7ED olumlu&#8217; karar\u0131\"}]},{\"@type\":\"WebSite\",\"@id\":\"https:\/\/denizcankizil.tr\/de\/#website\",\"url\":\"https:\/\/denizcankizil.tr\/de\/\",\"name\":\"Av. Deniz Can K\u0131z\u0131l\",\"description\":\"Avukat Deniz Can K\u0131z\u0131l Antalya Barosu\",\"publisher\":{\"@id\":\"https:\/\/denizcankizil.tr\/de\/#organization\"},\"potentialAction\":[{\"@type\":\"SearchAction\",\"target\":{\"@type\":\"EntryPoint\",\"urlTemplate\":\"https:\/\/denizcankizil.tr\/de\/?s={search_term_string}\"},\"query-input\":{\"@type\":\"PropertyValueSpecification\",\"valueRequired\":true,\"valueName\":\"search_term_string\"}}],\"inLanguage\":\"en-GB\"},{\"@type\":\"Organization\",\"@id\":\"https:\/\/denizcankizil.tr\/de\/#organization\",\"name\":\"Av. Deniz Can K\u0131z\u0131l\",\"url\":\"https:\/\/denizcankizil.tr\/de\/\",\"logo\":{\"@type\":\"ImageObject\",\"inLanguage\":\"en-GB\",\"@id\":\"https:\/\/denizcankizil.tr\/de\/#\/schema\/logo\/image\/\",\"url\":\"https:\/\/denizcankizil.tr\/wp-content\/uploads\/2024\/10\/siyah-logo-svg.svg\",\"contentUrl\":\"https:\/\/denizcankizil.tr\/wp-content\/uploads\/2024\/10\/siyah-logo-svg.svg\",\"width\":1080,\"height\":1080,\"caption\":\"Av. Deniz Can K\u0131z\u0131l\"},\"image\":{\"@id\":\"https:\/\/denizcankizil.tr\/de\/#\/schema\/logo\/image\/\"}},{\"@type\":\"Person\",\"@id\":\"https:\/\/denizcankizil.tr\/de\/#\/schema\/person\/5dc1b22991bd7ac833867c10afc9b0ff\",\"name\":\"Av. Deniz Can K\u0131z\u0131l\",\"image\":{\"@type\":\"ImageObject\",\"inLanguage\":\"en-GB\",\"@id\":\"https:\/\/denizcankizil.tr\/de\/#\/schema\/person\/image\/\",\"url\":\"https:\/\/secure.gravatar.com\/avatar\/a0b128fb9855c79efc976d5640eedb31dc35ec297594d6016d2cf7c60e975bb6?s=96&d=mm&r=g\",\"contentUrl\":\"https:\/\/secure.gravatar.com\/avatar\/a0b128fb9855c79efc976d5640eedb31dc35ec297594d6016d2cf7c60e975bb6?s=96&d=mm&r=g\",\"caption\":\"Av. Deniz Can K\u0131z\u0131l\"},\"sameAs\":[\"http:\/\/www.denizcankizil.tr\"],\"url\":\"https:\/\/denizcankizil.tr\/en\/author\/denizcankizil\/\"}]}<\/script>\n<!-- \/ Yoast SEO Premium plugin. -->","yoast_head_json":{"title":"Finike- Kalkan b\u00f6l\u00fcnm\u00fc\u015f yol projesine '\u00c7ED olumlu' karar\u0131 - Av. Deniz Can K\u0131z\u0131l","robots":{"index":"index","follow":"follow","max-snippet":"max-snippet:-1","max-image-preview":"max-image-preview:large","max-video-preview":"max-video-preview:-1"},"canonical":"https:\/\/denizcankizil.tr\/en\/haberler\/antalya\/finike-kalkan-bolunmus-yol-projesine-ced-olumlu-karari\/","og_locale":"en_GB","og_type":"article","og_title":"Finike- Kalkan b\u00f6l\u00fcnm\u00fc\u015f yol projesine '\u00c7ED olumlu' karar\u0131","og_description":"Antalya&#8217;da Karayollar\u0131 B\u00f6lge M\u00fcd\u00fcrl\u00fc\u011f\u00fc&#8217;n\u00fcn 2017 y\u0131l\u0131ndan beri g\u00fcndemde olan Finike-Demre-Ka\u015f-Kalkan b\u00f6l\u00fcnm\u00fc\u015f yol projesine \u00c7evre, \u015eehircilik ve \u0130klim De\u011fi\u015fikli\u011fi Bakanl\u0131\u011f\u0131&#8217;nca &#8216;\u00c7ED Olumlu&#8217; karar\u0131 verildi. B\u00f6l\u00fcnm\u00fc\u015f yol projesi kapsam\u0131nda Finike&#8217;den ba\u015flay\u0131p Kalkan&#8217;a kadar toplam 74 kilometrelik yolun geni\u015fli\u011finin en az 60 metre, gidi\u015f-geli\u015f d\u00f6rt \u015ferit, 11 k\u00f6pr\u00fc ve viyad\u00fck 6 t\u00fcnel ve 12 adet alt ve \u00fcstge\u00e7it planlan\u0131yor. Antalya&#8217;n\u0131n do\u011fal ve tarihi zenginlikleriyle \u00f6ne \u00e7\u0131kan bat\u0131 kesiminde Akdeniz Sahil Yolu olarak da isimlendirilen Finike-Demre-Ka\u015f-Kalkan Devlet Yolu Projesi&#8217;ne ili\u015fkin Antalya Valili\u011fi&#8217;nin 22 Haziran 2017 tarihli &#8216;\u00c7ED Gerekli De\u011fildir&#8217; karar\u0131, 2019&#8217;da Antalya 2&#8217;nci \u0130dare Mahkemesi&#8217;nce iptal edildi, 2020&#8217;de Dan\u0131\u015ftay taraf\u0131ndan onand\u0131. Mahkeme karar\u0131 \u00fczerine \u00c7ED s\u00fcreci ba\u015flat\u0131lan proje kapsam\u0131nda ge\u00e7en y\u0131l ocak ay\u0131nda \u0130nceleme De\u011ferlendirme Komisyonu (\u0130DK) toplant\u0131s\u0131 yap\u0131ld\u0131. Bu toplant\u0131ya Demre ve Ka\u015f il\u00e7elerinden kat\u0131lanlar, &#8216;\u00c7ED Olumlu&#8217; karar\u0131 \u00e7\u0131kmamas\u0131 talebinde bulunmu\u015ftu. TAR\u0130H\u0130 VE DO\u011eAL ALANLARDAN GE\u00c7ECEK Di\u011fer yandan Kekova, Myra, Andriake gibi 11 arkeolojik alan, Ka\u015f-Kekova \u00d6zel \u00c7evre Koruma B\u00f6lgesi ve Kaputa\u015f 1&#8217;inci Derece Do\u011fal Sit Alan\u0131 dahil olmak \u00fczere toplam 9 do\u011fal koruma alan\u0131n\u0131n ya i\u00e7inden ya da yak\u0131n\u0131ndan te\u011fet ge\u00e7ece\u011fi belirtilen b\u00f6l\u00fcnm\u00fc\u015f yol projesine kar\u015f\u0131 \u00e7\u0131kan \u00e7evre \u00f6rg\u00fctleri, projenin iptalini istiyor. Ka\u015f K\u00fclt\u00fcr ve \u00c7evre Derne\u011fi Ba\u015fkan\u0131 Ahmet Akoy, projenin k\u0131ymetli tar\u0131m topraklar\u0131n\u0131n oldu\u011fu \u00fcretim alanlar\u0131ndan, hayvanc\u0131l\u0131k ve \u00e7ift\u00e7ilikle ge\u00e7inen da\u011f &hellip;","og_url":"https:\/\/denizcankizil.tr\/en\/haberler\/antalya\/finike-kalkan-bolunmus-yol-projesine-ced-olumlu-karari\/","og_site_name":"Av. Deniz Can K\u0131z\u0131l","article_published_time":"2025-01-23T13:41:13+00:00","og_image":[{"width":1280,"height":720,"url":"https:\/\/denizcankizil.tr\/wp-content\/uploads\/2025\/01\/4292-01-DlLHnl.jpeg","type":"image\/jpeg"}],"author":"Av. Deniz Can K\u0131z\u0131l","twitter_card":"summary_large_image","twitter_misc":{"Written by":"Av. Deniz Can K\u0131z\u0131l","Estimated reading time":"2 minutes"},"schema":{"@context":"https:\/\/schema.org","@graph":[{"@type":"Article","@id":"https:\/\/denizcankizil.tr\/ru\/haberler\/antalya\/finike-kalkan-bolunmus-yol-projesine-ced-olumlu-karari\/#article","isPartOf":{"@id":"https:\/\/denizcankizil.tr\/ru\/haberler\/antalya\/finike-kalkan-bolunmus-yol-projesine-ced-olumlu-karari\/"},"author":{"name":"Av. Deniz Can K\u0131z\u0131l","@id":"https:\/\/denizcankizil.tr\/de\/#\/schema\/person\/5dc1b22991bd7ac833867c10afc9b0ff"},"headline":"Finike- Kalkan b\u00f6l\u00fcnm\u00fc\u015f yol projesine &#8216;\u00c7ED olumlu&#8217; karar\u0131","datePublished":"2025-01-23T13:41:13+00:00","mainEntityOfPage":{"@id":"https:\/\/denizcankizil.tr\/ru\/haberler\/antalya\/finike-kalkan-bolunmus-yol-projesine-ced-olumlu-karari\/"},"wordCount":327,"commentCount":0,"publisher":{"@id":"https:\/\/denizcankizil.tr\/de\/#organization"},"image":{"@id":"https:\/\/denizcankizil.tr\/ru\/haberler\/antalya\/finike-kalkan-bolunmus-yol-projesine-ced-olumlu-karari\/#primaryimage"},"thumbnailUrl":"https:\/\/denizcankizil.tr\/wp-content\/uploads\/2025\/01\/4292-01-DlLHnl.jpeg","articleSection":["Antalya"],"inLanguage":"en-GB","potentialAction":[{"@type":"CommentAction","name":"Comment","target":["https:\/\/denizcankizil.tr\/ru\/haberler\/antalya\/finike-kalkan-bolunmus-yol-projesine-ced-olumlu-karari\/#respond"]}]},{"@type":"WebPage","@id":"https:\/\/denizcankizil.tr\/ru\/haberler\/antalya\/finike-kalkan-bolunmus-yol-projesine-ced-olumlu-karari\/","url":"https:\/\/denizcankizil.tr\/ru\/haberler\/antalya\/finike-kalkan-bolunmus-yol-projesine-ced-olumlu-karari\/","name":"Finike- Kalkan b\u00f6l\u00fcnm\u00fc\u015f yol projesine '\u00c7ED olumlu' karar\u0131 - Av. Deniz Can K\u0131z\u0131l","isPartOf":{"@id":"https:\/\/denizcankizil.tr\/de\/#website"},"primaryImageOfPage":{"@id":"https:\/\/denizcankizil.tr\/ru\/haberler\/antalya\/finike-kalkan-bolunmus-yol-projesine-ced-olumlu-karari\/#primaryimage"},"image":{"@id":"https:\/\/denizcankizil.tr\/ru\/haberler\/antalya\/finike-kalkan-bolunmus-yol-projesine-ced-olumlu-karari\/#primaryimage"},"thumbnailUrl":"https:\/\/denizcankizil.tr\/wp-content\/uploads\/2025\/01\/4292-01-DlLHnl.jpeg","datePublished":"2025-01-23T13:41:13+00:00","breadcrumb":{"@id":"https:\/\/denizcankizil.tr\/ru\/haberler\/antalya\/finike-kalkan-bolunmus-yol-projesine-ced-olumlu-karari\/#breadcrumb"},"inLanguage":"en-GB","potentialAction":[{"@type":"ReadAction","target":["https:\/\/denizcankizil.tr\/ru\/haberler\/antalya\/finike-kalkan-bolunmus-yol-projesine-ced-olumlu-karari\/"]}]},{"@type":"ImageObject","inLanguage":"en-GB","@id":"https:\/\/denizcankizil.tr\/ru\/haberler\/antalya\/finike-kalkan-bolunmus-yol-projesine-ced-olumlu-karari\/#primaryimage","url":"https:\/\/denizcankizil.tr\/wp-content\/uploads\/2025\/01\/4292-01-DlLHnl.jpeg","contentUrl":"https:\/\/denizcankizil.tr\/wp-content\/uploads\/2025\/01\/4292-01-DlLHnl.jpeg","width":1280,"height":720},{"@type":"BreadcrumbList","@id":"https:\/\/denizcankizil.tr\/ru\/haberler\/antalya\/finike-kalkan-bolunmus-yol-projesine-ced-olumlu-karari\/#breadcrumb","itemListElement":[{"@type":"ListItem","position":1,"name":"Home","item":"https:\/\/denizcankizil.tr\/de\/"},{"@type":"ListItem","position":2,"name":"Finike- Kalkan b\u00f6l\u00fcnm\u00fc\u015f yol projesine &#8216;\u00c7ED olumlu&#8217; karar\u0131"}]},{"@type":"WebSite","@id":"https:\/\/denizcankizil.tr\/de\/#website","url":"https:\/\/denizcankizil.tr\/de\/","name":"Av. Deniz Can K\u0131z\u0131l","description":"Avukat Deniz Can K\u0131z\u0131l Antalya Barosu","publisher":{"@id":"https:\/\/denizcankizil.tr\/de\/#organization"},"potentialAction":[{"@type":"SearchAction","target":{"@type":"EntryPoint","urlTemplate":"https:\/\/denizcankizil.tr\/de\/?s={search_term_string}"},"query-input":{"@type":"PropertyValueSpecification","valueRequired":true,"valueName":"search_term_string"}}],"inLanguage":"en-GB"},{"@type":"Organization","@id":"https:\/\/denizcankizil.tr\/de\/#organization","name":"Av. Deniz Can K\u0131z\u0131l","url":"https:\/\/denizcankizil.tr\/de\/","logo":{"@type":"ImageObject","inLanguage":"en-GB","@id":"https:\/\/denizcankizil.tr\/de\/#\/schema\/logo\/image\/","url":"https:\/\/denizcankizil.tr\/wp-content\/uploads\/2024\/10\/siyah-logo-svg.svg","contentUrl":"https:\/\/denizcankizil.tr\/wp-content\/uploads\/2024\/10\/siyah-logo-svg.svg","width":1080,"height":1080,"caption":"Av. Deniz Can K\u0131z\u0131l"},"image":{"@id":"https:\/\/denizcankizil.tr\/de\/#\/schema\/logo\/image\/"}},{"@type":"Person","@id":"https:\/\/denizcankizil.tr\/de\/#\/schema\/person\/5dc1b22991bd7ac833867c10afc9b0ff","name":"Av. Deniz Can K\u0131z\u0131l","image":{"@type":"ImageObject","inLanguage":"en-GB","@id":"https:\/\/denizcankizil.tr\/de\/#\/schema\/person\/image\/","url":"https:\/\/secure.gravatar.com\/avatar\/a0b128fb9855c79efc976d5640eedb31dc35ec297594d6016d2cf7c60e975bb6?s=96&d=mm&r=g","contentUrl":"https:\/\/secure.gravatar.com\/avatar\/a0b128fb9855c79efc976d5640eedb31dc35ec297594d6016d2cf7c60e975bb6?s=96&d=mm&r=g","caption":"Av. Deniz Can K\u0131z\u0131l"},"sameAs":["http:\/\/www.denizcankizil.tr"],"url":"https:\/\/denizcankizil.tr\/en\/author\/denizcankizil\/"}]}},"_links":{"self":[{"href":"https:\/\/denizcankizil.tr\/en\/wp-json\/wp\/v2\/posts\/26985","targetHints":{"allow":["GET"]}}],"collection":[{"href":"https:\/\/denizcankizil.tr\/en\/wp-json\/wp\/v2\/posts"}],"about":[{"href":"https:\/\/denizcankizil.tr\/en\/wp-json\/wp\/v2\/types\/post"}],"author":[{"embeddable":true,"href":"https:\/\/denizcankizil.tr\/en\/wp-json\/wp\/v2\/users\/4"}],"replies":[{"embeddable":true,"href":"https:\/\/denizcankizil.tr\/en\/wp-json\/wp\/v2\/comments?post=26985"}],"version-history":[{"count":0,"href":"https:\/\/denizcankizil.tr\/en\/wp-json\/wp\/v2\/posts\/26985\/revisions"}],"wp:featuredmedia":[{"embeddable":true,"href":"https:\/\/denizcankizil.tr\/en\/wp-json\/wp\/v2\/media\/26986"}],"wp:attachment":[{"href":"https:\/\/denizcankizil.tr\/en\/wp-json\/wp\/v2\/media?parent=26985"}],"wp:term":[{"taxonomy":"category","embeddable":true,"href":"https:\/\/denizcankizil.tr\/en\/wp-json\/wp\/v2\/categories?post=26985"},{"taxonomy":"post_tag","embeddable":true,"href":"https:\/\/denizcankizil.tr\/en\/wp-json\/wp\/v2\/tags?post=26985"}],"curies":[{"name":"wp","href":"https:\/\/api.w.org\/{rel}","templated":true}]}}