{"id":26957,"date":"2025-01-23T14:41:52","date_gmt":"2025-01-23T11:41:52","guid":{"rendered":"https:\/\/denizcankizil.tr\/uncategorized-tr\/balkan-golf-turnuvasi-basladi\/"},"modified":"2025-01-23T14:41:52","modified_gmt":"2025-01-23T11:41:52","slug":"balkan-golf-turnuvasi-basladi","status":"publish","type":"post","link":"https:\/\/denizcankizil.tr\/en\/haberler\/antalya\/balkan-golf-turnuvasi-basladi\/","title":{"rendered":"Balkan Golf Turnuvas\u0131 ba\u015flad\u0131"},"content":{"rendered":"<p>Serik&#8217;e ba\u011fl\u0131 Belek Turizm Merkezindeki bir golf sahas\u0131nda d\u00fczenlenen Balkan A\u00e7\u0131k Golf Turnuvas\u0131&#8217;na T\u00fcrkiye dahil 9 Balkan \u00fclkesinde toplam 74 sporcu kat\u0131ld\u0131. Kad\u0131nlar ve erkeklerde toplam 5 kategoride yap\u0131lacak yar\u0131\u015fmalar 3 g\u00fcn s\u00fcrecek.<\/p>\n<p>Balkan A\u00e7\u0131k Golf Turnuvas\u0131&#8217;n\u0131 d\u00fczenleyen firman\u0131n direkt\u00f6r Bekir Kara, &#8220;7&#8217;nci Balkan A\u00e7\u0131k Golf Turnuvas\u0131&#8217;n\u0131 her zaman oldu\u011fu gibi yine Antalya&#8217;da d\u00fczenliyoruz. Turnuvaya 9 farkl\u0131 Balkan \u00fclkesinden 74 golf\u00e7\u00fc kat\u0131ld\u0131. Turnuva 3 g\u00fcn s\u00fcrecek. Bug\u00fcn ilk raunduna start verdik. Cumartesi g\u00fcn\u00fc yap\u0131lacak olan final raundu ile hem kad\u0131nlarda hem erkeklerde birincileri belirlemi\u015f olaca\u011f\u0131z. Toplam 5 kategoride dereceye giren sporculara \u00f6d\u00fcller verece\u011fiz. Antalya&#8217;da y\u0131lda yakla\u015f\u0131k 20 golf turnuvas\u0131 d\u00fczenliyoruz. Amat\u00f6rden profesyonele kadar her alanda turnuvalar d\u00fczenleyerek \u00fclkemizin tan\u0131t\u0131mla b\u00fcy\u00fck bir katk\u0131 sunuyoruz. Bug\u00fcnden \u00f6n\u00fcm\u00fczdeki y\u0131l\u0131n planlamas\u0131n\u0131 da yapt\u0131k. 8&#8217;inci Balkan A\u00e7\u0131k Golf Turnuvas\u0131 da \u00f6n\u00fcm\u00fczdeki y\u0131l bu aylarda Antalya&#8217;da d\u00fczenlenecek&#8221; dedi.<\/p>\n<p>Kaynak: www.kanalv.com.tr Haber Sitesinden Al\u0131nm\u0131\u015ft\u0131r.<\/p>","protected":false},"excerpt":{"rendered":"<p>Serik&#8217;e ba\u011fl\u0131 Belek Turizm Merkezindeki bir golf sahas\u0131nda d\u00fczenlenen Balkan A\u00e7\u0131k Golf Turnuvas\u0131&#8217;na T\u00fcrkiye dahil 9 Balkan \u00fclkesinde toplam 74 sporcu kat\u0131ld\u0131. Kad\u0131nlar ve erkeklerde toplam 5 kategoride yap\u0131lacak yar\u0131\u015fmalar 3 g\u00fcn s\u00fcrecek. Balkan A\u00e7\u0131k Golf Turnuvas\u0131&#8217;n\u0131 d\u00fczenleyen firman\u0131n direkt\u00f6r Bekir Kara, &#8220;7&#8217;nci Balkan A\u00e7\u0131k Golf Turnuvas\u0131&#8217;n\u0131 her zaman oldu\u011fu gibi yine Antalya&#8217;da d\u00fczenliyoruz. Turnuvaya 9 farkl\u0131 Balkan \u00fclkesinden 74 golf\u00e7\u00fc kat\u0131ld\u0131. Turnuva 3 g\u00fcn s\u00fcrecek. Bug\u00fcn ilk raunduna start verdik. Cumartesi g\u00fcn\u00fc yap\u0131lacak olan final raundu ile hem kad\u0131nlarda hem erkeklerde birincileri belirlemi\u015f olaca\u011f\u0131z. Toplam 5 kategoride dereceye giren sporculara \u00f6d\u00fcller verece\u011fiz. Antalya&#8217;da y\u0131lda yakla\u015f\u0131k 20 golf turnuvas\u0131 d\u00fczenliyoruz. Amat\u00f6rden profesyonele kadar her alanda turnuvalar d\u00fczenleyerek \u00fclkemizin tan\u0131t\u0131mla b\u00fcy\u00fck bir katk\u0131 sunuyoruz. Bug\u00fcnden \u00f6n\u00fcm\u00fczdeki y\u0131l\u0131n planlamas\u0131n\u0131 da yapt\u0131k. 8&#8217;inci Balkan A\u00e7\u0131k Golf Turnuvas\u0131 da \u00f6n\u00fcm\u00fczdeki y\u0131l bu aylarda Antalya&#8217;da d\u00fczenlenecek&#8221; dedi. Kaynak: www.kanalv.com.tr Haber Sitesinden Al\u0131nm\u0131\u015ft\u0131r.<\/p>","protected":false},"author":4,"featured_media":26958,"comment_status":"open","ping_status":"open","sticky":false,"template":"","format":"standard","meta":{"_acf_changed":false,"footnotes":""},"categories":[26],"tags":[],"class_list":["post-26957","post","type-post","status-publish","format-standard","has-post-thumbnail","hentry","category-antalya"],"acf":[],"yoast_head":"<!-- This site is optimized with the Yoast SEO Premium plugin v26.6 (Yoast SEO v27.1.1) - https:\/\/yoast.com\/product\/yoast-seo-premium-wordpress\/ -->\n<title>Balkan Golf Turnuvas\u0131 ba\u015flad\u0131 - Av. Deniz Can K\u0131z\u0131l<\/title>\n<meta name=\"robots\" content=\"index, follow, max-snippet:-1, max-image-preview:large, max-video-preview:-1\" \/>\n<link rel=\"canonical\" href=\"https:\/\/denizcankizil.tr\/en\/haberler\/antalya\/balkan-golf-turnuvasi-basladi\/\" \/>\n<meta property=\"og:locale\" content=\"en_GB\" \/>\n<meta property=\"og:type\" content=\"article\" \/>\n<meta property=\"og:title\" content=\"Balkan Golf Turnuvas\u0131 ba\u015flad\u0131\" \/>\n<meta property=\"og:description\" content=\"Serik&#8217;e ba\u011fl\u0131 Belek Turizm Merkezindeki bir golf sahas\u0131nda d\u00fczenlenen Balkan A\u00e7\u0131k Golf Turnuvas\u0131&#8217;na T\u00fcrkiye dahil 9 Balkan \u00fclkesinde toplam 74 sporcu kat\u0131ld\u0131. Kad\u0131nlar ve erkeklerde toplam 5 kategoride yap\u0131lacak yar\u0131\u015fmalar 3 g\u00fcn s\u00fcrecek. Balkan A\u00e7\u0131k Golf Turnuvas\u0131&#8217;n\u0131 d\u00fczenleyen firman\u0131n direkt\u00f6r Bekir Kara, &#8220;7&#8217;nci Balkan A\u00e7\u0131k Golf Turnuvas\u0131&#8217;n\u0131 her zaman oldu\u011fu gibi yine Antalya&#8217;da d\u00fczenliyoruz. Turnuvaya 9 farkl\u0131 Balkan \u00fclkesinden 74 golf\u00e7\u00fc kat\u0131ld\u0131. Turnuva 3 g\u00fcn s\u00fcrecek. Bug\u00fcn ilk raunduna start verdik. Cumartesi g\u00fcn\u00fc yap\u0131lacak olan final raundu ile hem kad\u0131nlarda hem erkeklerde birincileri belirlemi\u015f olaca\u011f\u0131z. Toplam 5 kategoride dereceye giren sporculara \u00f6d\u00fcller verece\u011fiz. Antalya&#8217;da y\u0131lda yakla\u015f\u0131k 20 golf turnuvas\u0131 d\u00fczenliyoruz. Amat\u00f6rden profesyonele kadar her alanda turnuvalar d\u00fczenleyerek \u00fclkemizin tan\u0131t\u0131mla b\u00fcy\u00fck bir katk\u0131 sunuyoruz. Bug\u00fcnden \u00f6n\u00fcm\u00fczdeki y\u0131l\u0131n planlamas\u0131n\u0131 da yapt\u0131k. 8&#8217;inci Balkan A\u00e7\u0131k Golf Turnuvas\u0131 da \u00f6n\u00fcm\u00fczdeki y\u0131l bu aylarda Antalya&#8217;da d\u00fczenlenecek&#8221; dedi. Kaynak: www.kanalv.com.tr Haber Sitesinden Al\u0131nm\u0131\u015ft\u0131r.\" \/>\n<meta property=\"og:url\" content=\"https:\/\/denizcankizil.tr\/en\/haberler\/antalya\/balkan-golf-turnuvasi-basladi\/\" \/>\n<meta property=\"og:site_name\" content=\"Av. Deniz Can K\u0131z\u0131l\" \/>\n<meta property=\"article:published_time\" content=\"2025-01-23T11:41:52+00:00\" \/>\n<meta property=\"og:image\" content=\"https:\/\/denizcankizil.tr\/wp-content\/uploads\/2025\/01\/4289-01-CB96ik.jpeg\" \/>\n\t<meta property=\"og:image:width\" content=\"1280\" \/>\n\t<meta property=\"og:image:height\" content=\"720\" \/>\n\t<meta property=\"og:image:type\" content=\"image\/jpeg\" \/>\n<meta name=\"author\" content=\"Av. Deniz Can K\u0131z\u0131l\" \/>\n<meta name=\"twitter:card\" content=\"summary_large_image\" \/>\n<meta name=\"twitter:label1\" content=\"Written by\" \/>\n\t<meta name=\"twitter:data1\" content=\"Av. Deniz Can K\u0131z\u0131l\" \/>\n\t<meta name=\"twitter:label2\" content=\"Estimated reading time\" \/>\n\t<meta name=\"twitter:data2\" content=\"1 minute\" \/>\n<script type=\"application\/ld+json\" class=\"yoast-schema-graph\">{\"@context\":\"https:\/\/schema.org\",\"@graph\":[{\"@type\":\"Article\",\"@id\":\"https:\/\/denizcankizil.tr\/en\/haberler\/antalya\/balkan-golf-turnuvasi-basladi\/#article\",\"isPartOf\":{\"@id\":\"https:\/\/denizcankizil.tr\/en\/haberler\/antalya\/balkan-golf-turnuvasi-basladi\/\"},\"author\":{\"name\":\"Av. Deniz Can K\u0131z\u0131l\",\"@id\":\"https:\/\/denizcankizil.tr\/de\/#\/schema\/person\/5dc1b22991bd7ac833867c10afc9b0ff\"},\"headline\":\"Balkan Golf Turnuvas\u0131 ba\u015flad\u0131\",\"datePublished\":\"2025-01-23T11:41:52+00:00\",\"mainEntityOfPage\":{\"@id\":\"https:\/\/denizcankizil.tr\/en\/haberler\/antalya\/balkan-golf-turnuvasi-basladi\/\"},\"wordCount\":195,\"commentCount\":0,\"publisher\":{\"@id\":\"https:\/\/denizcankizil.tr\/de\/#organization\"},\"image\":{\"@id\":\"https:\/\/denizcankizil.tr\/en\/haberler\/antalya\/balkan-golf-turnuvasi-basladi\/#primaryimage\"},\"thumbnailUrl\":\"https:\/\/denizcankizil.tr\/wp-content\/uploads\/2025\/01\/4289-01-CB96ik.jpeg\",\"articleSection\":[\"Antalya\"],\"inLanguage\":\"en-GB\",\"potentialAction\":[{\"@type\":\"CommentAction\",\"name\":\"Comment\",\"target\":[\"https:\/\/denizcankizil.tr\/en\/haberler\/antalya\/balkan-golf-turnuvasi-basladi\/#respond\"]}]},{\"@type\":\"WebPage\",\"@id\":\"https:\/\/denizcankizil.tr\/en\/haberler\/antalya\/balkan-golf-turnuvasi-basladi\/\",\"url\":\"https:\/\/denizcankizil.tr\/en\/haberler\/antalya\/balkan-golf-turnuvasi-basladi\/\",\"name\":\"Balkan Golf Turnuvas\u0131 ba\u015flad\u0131 - Av. Deniz Can K\u0131z\u0131l\",\"isPartOf\":{\"@id\":\"https:\/\/denizcankizil.tr\/de\/#website\"},\"primaryImageOfPage\":{\"@id\":\"https:\/\/denizcankizil.tr\/en\/haberler\/antalya\/balkan-golf-turnuvasi-basladi\/#primaryimage\"},\"image\":{\"@id\":\"https:\/\/denizcankizil.tr\/en\/haberler\/antalya\/balkan-golf-turnuvasi-basladi\/#primaryimage\"},\"thumbnailUrl\":\"https:\/\/denizcankizil.tr\/wp-content\/uploads\/2025\/01\/4289-01-CB96ik.jpeg\",\"datePublished\":\"2025-01-23T11:41:52+00:00\",\"breadcrumb\":{\"@id\":\"https:\/\/denizcankizil.tr\/en\/haberler\/antalya\/balkan-golf-turnuvasi-basladi\/#breadcrumb\"},\"inLanguage\":\"en-GB\",\"potentialAction\":[{\"@type\":\"ReadAction\",\"target\":[\"https:\/\/denizcankizil.tr\/en\/haberler\/antalya\/balkan-golf-turnuvasi-basladi\/\"]}]},{\"@type\":\"ImageObject\",\"inLanguage\":\"en-GB\",\"@id\":\"https:\/\/denizcankizil.tr\/en\/haberler\/antalya\/balkan-golf-turnuvasi-basladi\/#primaryimage\",\"url\":\"https:\/\/denizcankizil.tr\/wp-content\/uploads\/2025\/01\/4289-01-CB96ik.jpeg\",\"contentUrl\":\"https:\/\/denizcankizil.tr\/wp-content\/uploads\/2025\/01\/4289-01-CB96ik.jpeg\",\"width\":1280,\"height\":720},{\"@type\":\"BreadcrumbList\",\"@id\":\"https:\/\/denizcankizil.tr\/en\/haberler\/antalya\/balkan-golf-turnuvasi-basladi\/#breadcrumb\",\"itemListElement\":[{\"@type\":\"ListItem\",\"position\":1,\"name\":\"Home\",\"item\":\"https:\/\/denizcankizil.tr\/de\/\"},{\"@type\":\"ListItem\",\"position\":2,\"name\":\"Balkan Golf Turnuvas\u0131 ba\u015flad\u0131\"}]},{\"@type\":\"WebSite\",\"@id\":\"https:\/\/denizcankizil.tr\/de\/#website\",\"url\":\"https:\/\/denizcankizil.tr\/de\/\",\"name\":\"Av. Deniz Can K\u0131z\u0131l\",\"description\":\"Avukat Deniz Can K\u0131z\u0131l Antalya Barosu\",\"publisher\":{\"@id\":\"https:\/\/denizcankizil.tr\/de\/#organization\"},\"potentialAction\":[{\"@type\":\"SearchAction\",\"target\":{\"@type\":\"EntryPoint\",\"urlTemplate\":\"https:\/\/denizcankizil.tr\/de\/?s={search_term_string}\"},\"query-input\":{\"@type\":\"PropertyValueSpecification\",\"valueRequired\":true,\"valueName\":\"search_term_string\"}}],\"inLanguage\":\"en-GB\"},{\"@type\":\"Organization\",\"@id\":\"https:\/\/denizcankizil.tr\/de\/#organization\",\"name\":\"Av. Deniz Can K\u0131z\u0131l\",\"url\":\"https:\/\/denizcankizil.tr\/de\/\",\"logo\":{\"@type\":\"ImageObject\",\"inLanguage\":\"en-GB\",\"@id\":\"https:\/\/denizcankizil.tr\/de\/#\/schema\/logo\/image\/\",\"url\":\"https:\/\/denizcankizil.tr\/wp-content\/uploads\/2024\/10\/siyah-logo-svg.svg\",\"contentUrl\":\"https:\/\/denizcankizil.tr\/wp-content\/uploads\/2024\/10\/siyah-logo-svg.svg\",\"width\":1080,\"height\":1080,\"caption\":\"Av. Deniz Can K\u0131z\u0131l\"},\"image\":{\"@id\":\"https:\/\/denizcankizil.tr\/de\/#\/schema\/logo\/image\/\"}},{\"@type\":\"Person\",\"@id\":\"https:\/\/denizcankizil.tr\/de\/#\/schema\/person\/5dc1b22991bd7ac833867c10afc9b0ff\",\"name\":\"Av. Deniz Can K\u0131z\u0131l\",\"image\":{\"@type\":\"ImageObject\",\"inLanguage\":\"en-GB\",\"@id\":\"https:\/\/denizcankizil.tr\/de\/#\/schema\/person\/image\/\",\"url\":\"https:\/\/secure.gravatar.com\/avatar\/a0b128fb9855c79efc976d5640eedb31dc35ec297594d6016d2cf7c60e975bb6?s=96&d=mm&r=g\",\"contentUrl\":\"https:\/\/secure.gravatar.com\/avatar\/a0b128fb9855c79efc976d5640eedb31dc35ec297594d6016d2cf7c60e975bb6?s=96&d=mm&r=g\",\"caption\":\"Av. Deniz Can K\u0131z\u0131l\"},\"sameAs\":[\"http:\/\/www.denizcankizil.tr\"],\"url\":\"https:\/\/denizcankizil.tr\/en\/author\/denizcankizil\/\"}]}<\/script>\n<!-- \/ Yoast SEO Premium plugin. -->","yoast_head_json":{"title":"Balkan Golf Turnuvas\u0131 ba\u015flad\u0131 - Av. Deniz Can K\u0131z\u0131l","robots":{"index":"index","follow":"follow","max-snippet":"max-snippet:-1","max-image-preview":"max-image-preview:large","max-video-preview":"max-video-preview:-1"},"canonical":"https:\/\/denizcankizil.tr\/en\/haberler\/antalya\/balkan-golf-turnuvasi-basladi\/","og_locale":"en_GB","og_type":"article","og_title":"Balkan Golf Turnuvas\u0131 ba\u015flad\u0131","og_description":"Serik&#8217;e ba\u011fl\u0131 Belek Turizm Merkezindeki bir golf sahas\u0131nda d\u00fczenlenen Balkan A\u00e7\u0131k Golf Turnuvas\u0131&#8217;na T\u00fcrkiye dahil 9 Balkan \u00fclkesinde toplam 74 sporcu kat\u0131ld\u0131. Kad\u0131nlar ve erkeklerde toplam 5 kategoride yap\u0131lacak yar\u0131\u015fmalar 3 g\u00fcn s\u00fcrecek. Balkan A\u00e7\u0131k Golf Turnuvas\u0131&#8217;n\u0131 d\u00fczenleyen firman\u0131n direkt\u00f6r Bekir Kara, &#8220;7&#8217;nci Balkan A\u00e7\u0131k Golf Turnuvas\u0131&#8217;n\u0131 her zaman oldu\u011fu gibi yine Antalya&#8217;da d\u00fczenliyoruz. Turnuvaya 9 farkl\u0131 Balkan \u00fclkesinden 74 golf\u00e7\u00fc kat\u0131ld\u0131. Turnuva 3 g\u00fcn s\u00fcrecek. Bug\u00fcn ilk raunduna start verdik. Cumartesi g\u00fcn\u00fc yap\u0131lacak olan final raundu ile hem kad\u0131nlarda hem erkeklerde birincileri belirlemi\u015f olaca\u011f\u0131z. Toplam 5 kategoride dereceye giren sporculara \u00f6d\u00fcller verece\u011fiz. Antalya&#8217;da y\u0131lda yakla\u015f\u0131k 20 golf turnuvas\u0131 d\u00fczenliyoruz. Amat\u00f6rden profesyonele kadar her alanda turnuvalar d\u00fczenleyerek \u00fclkemizin tan\u0131t\u0131mla b\u00fcy\u00fck bir katk\u0131 sunuyoruz. Bug\u00fcnden \u00f6n\u00fcm\u00fczdeki y\u0131l\u0131n planlamas\u0131n\u0131 da yapt\u0131k. 8&#8217;inci Balkan A\u00e7\u0131k Golf Turnuvas\u0131 da \u00f6n\u00fcm\u00fczdeki y\u0131l bu aylarda Antalya&#8217;da d\u00fczenlenecek&#8221; dedi. Kaynak: www.kanalv.com.tr Haber Sitesinden Al\u0131nm\u0131\u015ft\u0131r.","og_url":"https:\/\/denizcankizil.tr\/en\/haberler\/antalya\/balkan-golf-turnuvasi-basladi\/","og_site_name":"Av. Deniz Can K\u0131z\u0131l","article_published_time":"2025-01-23T11:41:52+00:00","og_image":[{"width":1280,"height":720,"url":"https:\/\/denizcankizil.tr\/wp-content\/uploads\/2025\/01\/4289-01-CB96ik.jpeg","type":"image\/jpeg"}],"author":"Av. Deniz Can K\u0131z\u0131l","twitter_card":"summary_large_image","twitter_misc":{"Written by":"Av. Deniz Can K\u0131z\u0131l","Estimated reading time":"1 minute"},"schema":{"@context":"https:\/\/schema.org","@graph":[{"@type":"Article","@id":"https:\/\/denizcankizil.tr\/en\/haberler\/antalya\/balkan-golf-turnuvasi-basladi\/#article","isPartOf":{"@id":"https:\/\/denizcankizil.tr\/en\/haberler\/antalya\/balkan-golf-turnuvasi-basladi\/"},"author":{"name":"Av. Deniz Can K\u0131z\u0131l","@id":"https:\/\/denizcankizil.tr\/de\/#\/schema\/person\/5dc1b22991bd7ac833867c10afc9b0ff"},"headline":"Balkan Golf Turnuvas\u0131 ba\u015flad\u0131","datePublished":"2025-01-23T11:41:52+00:00","mainEntityOfPage":{"@id":"https:\/\/denizcankizil.tr\/en\/haberler\/antalya\/balkan-golf-turnuvasi-basladi\/"},"wordCount":195,"commentCount":0,"publisher":{"@id":"https:\/\/denizcankizil.tr\/de\/#organization"},"image":{"@id":"https:\/\/denizcankizil.tr\/en\/haberler\/antalya\/balkan-golf-turnuvasi-basladi\/#primaryimage"},"thumbnailUrl":"https:\/\/denizcankizil.tr\/wp-content\/uploads\/2025\/01\/4289-01-CB96ik.jpeg","articleSection":["Antalya"],"inLanguage":"en-GB","potentialAction":[{"@type":"CommentAction","name":"Comment","target":["https:\/\/denizcankizil.tr\/en\/haberler\/antalya\/balkan-golf-turnuvasi-basladi\/#respond"]}]},{"@type":"WebPage","@id":"https:\/\/denizcankizil.tr\/en\/haberler\/antalya\/balkan-golf-turnuvasi-basladi\/","url":"https:\/\/denizcankizil.tr\/en\/haberler\/antalya\/balkan-golf-turnuvasi-basladi\/","name":"Balkan Golf Turnuvas\u0131 ba\u015flad\u0131 - Av. Deniz Can K\u0131z\u0131l","isPartOf":{"@id":"https:\/\/denizcankizil.tr\/de\/#website"},"primaryImageOfPage":{"@id":"https:\/\/denizcankizil.tr\/en\/haberler\/antalya\/balkan-golf-turnuvasi-basladi\/#primaryimage"},"image":{"@id":"https:\/\/denizcankizil.tr\/en\/haberler\/antalya\/balkan-golf-turnuvasi-basladi\/#primaryimage"},"thumbnailUrl":"https:\/\/denizcankizil.tr\/wp-content\/uploads\/2025\/01\/4289-01-CB96ik.jpeg","datePublished":"2025-01-23T11:41:52+00:00","breadcrumb":{"@id":"https:\/\/denizcankizil.tr\/en\/haberler\/antalya\/balkan-golf-turnuvasi-basladi\/#breadcrumb"},"inLanguage":"en-GB","potentialAction":[{"@type":"ReadAction","target":["https:\/\/denizcankizil.tr\/en\/haberler\/antalya\/balkan-golf-turnuvasi-basladi\/"]}]},{"@type":"ImageObject","inLanguage":"en-GB","@id":"https:\/\/denizcankizil.tr\/en\/haberler\/antalya\/balkan-golf-turnuvasi-basladi\/#primaryimage","url":"https:\/\/denizcankizil.tr\/wp-content\/uploads\/2025\/01\/4289-01-CB96ik.jpeg","contentUrl":"https:\/\/denizcankizil.tr\/wp-content\/uploads\/2025\/01\/4289-01-CB96ik.jpeg","width":1280,"height":720},{"@type":"BreadcrumbList","@id":"https:\/\/denizcankizil.tr\/en\/haberler\/antalya\/balkan-golf-turnuvasi-basladi\/#breadcrumb","itemListElement":[{"@type":"ListItem","position":1,"name":"Home","item":"https:\/\/denizcankizil.tr\/de\/"},{"@type":"ListItem","position":2,"name":"Balkan Golf Turnuvas\u0131 ba\u015flad\u0131"}]},{"@type":"WebSite","@id":"https:\/\/denizcankizil.tr\/de\/#website","url":"https:\/\/denizcankizil.tr\/de\/","name":"Av. Deniz Can K\u0131z\u0131l","description":"Avukat Deniz Can K\u0131z\u0131l Antalya Barosu","publisher":{"@id":"https:\/\/denizcankizil.tr\/de\/#organization"},"potentialAction":[{"@type":"SearchAction","target":{"@type":"EntryPoint","urlTemplate":"https:\/\/denizcankizil.tr\/de\/?s={search_term_string}"},"query-input":{"@type":"PropertyValueSpecification","valueRequired":true,"valueName":"search_term_string"}}],"inLanguage":"en-GB"},{"@type":"Organization","@id":"https:\/\/denizcankizil.tr\/de\/#organization","name":"Av. Deniz Can K\u0131z\u0131l","url":"https:\/\/denizcankizil.tr\/de\/","logo":{"@type":"ImageObject","inLanguage":"en-GB","@id":"https:\/\/denizcankizil.tr\/de\/#\/schema\/logo\/image\/","url":"https:\/\/denizcankizil.tr\/wp-content\/uploads\/2024\/10\/siyah-logo-svg.svg","contentUrl":"https:\/\/denizcankizil.tr\/wp-content\/uploads\/2024\/10\/siyah-logo-svg.svg","width":1080,"height":1080,"caption":"Av. Deniz Can K\u0131z\u0131l"},"image":{"@id":"https:\/\/denizcankizil.tr\/de\/#\/schema\/logo\/image\/"}},{"@type":"Person","@id":"https:\/\/denizcankizil.tr\/de\/#\/schema\/person\/5dc1b22991bd7ac833867c10afc9b0ff","name":"Av. Deniz Can K\u0131z\u0131l","image":{"@type":"ImageObject","inLanguage":"en-GB","@id":"https:\/\/denizcankizil.tr\/de\/#\/schema\/person\/image\/","url":"https:\/\/secure.gravatar.com\/avatar\/a0b128fb9855c79efc976d5640eedb31dc35ec297594d6016d2cf7c60e975bb6?s=96&d=mm&r=g","contentUrl":"https:\/\/secure.gravatar.com\/avatar\/a0b128fb9855c79efc976d5640eedb31dc35ec297594d6016d2cf7c60e975bb6?s=96&d=mm&r=g","caption":"Av. Deniz Can K\u0131z\u0131l"},"sameAs":["http:\/\/www.denizcankizil.tr"],"url":"https:\/\/denizcankizil.tr\/en\/author\/denizcankizil\/"}]}},"_links":{"self":[{"href":"https:\/\/denizcankizil.tr\/en\/wp-json\/wp\/v2\/posts\/26957","targetHints":{"allow":["GET"]}}],"collection":[{"href":"https:\/\/denizcankizil.tr\/en\/wp-json\/wp\/v2\/posts"}],"about":[{"href":"https:\/\/denizcankizil.tr\/en\/wp-json\/wp\/v2\/types\/post"}],"author":[{"embeddable":true,"href":"https:\/\/denizcankizil.tr\/en\/wp-json\/wp\/v2\/users\/4"}],"replies":[{"embeddable":true,"href":"https:\/\/denizcankizil.tr\/en\/wp-json\/wp\/v2\/comments?post=26957"}],"version-history":[{"count":0,"href":"https:\/\/denizcankizil.tr\/en\/wp-json\/wp\/v2\/posts\/26957\/revisions"}],"wp:featuredmedia":[{"embeddable":true,"href":"https:\/\/denizcankizil.tr\/en\/wp-json\/wp\/v2\/media\/26958"}],"wp:attachment":[{"href":"https:\/\/denizcankizil.tr\/en\/wp-json\/wp\/v2\/media?parent=26957"}],"wp:term":[{"taxonomy":"category","embeddable":true,"href":"https:\/\/denizcankizil.tr\/en\/wp-json\/wp\/v2\/categories?post=26957"},{"taxonomy":"post_tag","embeddable":true,"href":"https:\/\/denizcankizil.tr\/en\/wp-json\/wp\/v2\/tags?post=26957"}],"curies":[{"name":"wp","href":"https:\/\/api.w.org\/{rel}","templated":true}]}}