{"id":26915,"date":"2025-01-23T12:41:51","date_gmt":"2025-01-23T09:41:51","guid":{"rendered":"https:\/\/denizcankizil.tr\/uncategorized-tr\/antalyada-park-yasagini-dinleyen-yok-caddeler-otoparka-dondu\/"},"modified":"2025-01-23T12:41:51","modified_gmt":"2025-01-23T09:41:51","slug":"antalyada-park-yasagini-dinleyen-yok-caddeler-otoparka-dondu","status":"publish","type":"post","link":"https:\/\/denizcankizil.tr\/en\/haberler\/gundem\/antalyada-park-yasagini-dinleyen-yok-caddeler-otoparka-dondu\/","title":{"rendered":"Antalya\u2019da park yasa\u011f\u0131n\u0131 dinleyen yok! Caddeler otoparka d\u00f6nd\u00fc"},"content":{"rendered":"<p>Antalya\u2019da vatanda\u015flar taraf\u0131ndan \u00e7ok s\u0131k kullan\u0131lan G\u00fcll\u00fck, Cumhuriyet Caddesi, Cengiz Toytun\u00e7 Caddesi \u00fczerinde ya\u015fanan parklanmalar s\u00fcr\u00fcc\u00fcleri \u00e7ileden \u00e7\u0131kar\u0131nca Antalya \u0130l Emniyet M\u00fcd\u00fcrl\u00fc\u011f\u00fc Trafik Denetleme \u015eube M\u00fcd\u00fcrl\u00fc\u011f\u00fc ekipleri \u201cs\u0131f\u0131r park\u201d uygulamas\u0131na ge\u00e7mi\u015fti. Buna ra\u011fmen \u00e7ok say\u0131da s\u00fcr\u00fcc\u00fc kurallara uymamakta inat ediyor.<\/p>\n<p>ANTALYA&#8217;NIN EN \u00d6NEML\u0130 SORUNU: TRAF\u0130K<\/p>\n<p>Son y\u0131llarda yo\u011fun g\u00f6\u00e7 alan Antalya\u2019da ya\u015fanan en \u00f6nemli sorunlar\u0131n ba\u015f\u0131nda trafik geliyor. Son aylarda trafi\u011fe \u00e7\u0131kan ara\u00e7 say\u0131s\u0131n\u0131n da artmas\u0131 ile birlikte i\u015fe gidi\u015f ve \u00e7\u0131k\u0131\u015flarda trafik yo\u011funlu\u011fu ya\u015fan\u0131yor. Yo\u011funluk ya\u015fanan yerlerin ba\u015f\u0131nda ise her g\u00fcn binlerce s\u00fcr\u00fcc\u00fcn\u00fcn kulland\u0131\u011f\u0131 G\u00fcll\u00fck, Cumhuriyet Caddesi, Cengiz Toytun\u00e7 Caddesi geliyor. Bu caddeler \u00fczerinde s\u00fcr\u00fcc\u00fclerin geli\u015fi g\u00fczel ara\u00e7 park etmesi s\u00fcr\u00fcc\u00fcleri adeta bezdirdi.<\/p>\n<p>ANTALYA&#8217;NIN TARTI\u015eMA KONUSU<\/p>\n<p>Zaman zaman kamuoyunda tart\u0131\u015fma konusu olan Antalya trafi\u011fi g\u00fcndemdeki yerini korumaya devam ediyor. Kent merkezinde ya\u015fanan yo\u011funlu\u011fun b\u00fcy\u00fck bir b\u00f6l\u00fcm\u00fc ise otomobil s\u00fcr\u00fcc\u00fclerin \u00f6zellikle ana caddeler \u00fczerinde sa\u011fl\u0131 sollu geli\u015fi g\u00fczel parklanmalar\u0131ndan kaynakland\u0131. Sabah i\u015fe gidi\u015f ak\u015fam ise eve d\u00f6n\u00fc\u015f yolunda kangrene d\u00f6nen trafi\u011fi rahatlatmak i\u00e7in Antalya \u0130l Emniyet M\u00fcd\u00fcrl\u00fc\u011f\u00fc Trafik \u015eube M\u00fcd\u00fcrl\u00fc\u011f\u00fc ekipleri harekete ge\u00e7ti.<\/p>\n<p>DENET\u0130MLER ARTIRILMALI<\/p>\n<p>Antalya\u2019n\u0131n en \u00f6nemli caddelerinde ya\u015fanan sorun kar\u015f\u0131s\u0131nda trafik ekiplerinin daha fazla denetim ger\u00e7ekle\u015ftirmesi isteniyor. Park yasa\u011f\u0131na uymayan s\u00fcr\u00fcc\u00fcler hakk\u0131nda gerekli cezai i\u015flemlerin yo\u011fun \u015fekilde ger\u00e7ekle\u015ftirilmesini isteyen Antalyal\u0131lar, ara\u00e7lar\u0131n yasak olmas\u0131na ra\u011fmen bu caddelerde geli\u015fi g\u00fczel park ettiklerini a\u00e7\u0131klad\u0131lar. Trafik ekiplerine ra\u011fmen kural tan\u0131maz ara\u00e7 s\u00fcr\u00fcc\u00fclerinin gerekti\u011fi \u015fekilde cezaland\u0131r\u0131lmalar\u0131 isteniyor.<\/p>\n<p>\u200bAntalya\u2019da Cumhuriyet Caddesi\u2019nde park yasa\u011f\u0131na uyulmuyor. Yol boyu park yasa\u011f\u0131 tabelalar\u0131n\u0131n yer ald\u0131\u011f\u0131 caddesi s\u00fcr\u00fcc\u00fcler yasak dinlemiyor. \u015eehrin en \u00f6nemli caddeleri aras\u0131nda yer alan Cumhuriyet Caddesi, G\u00fcll\u00fck ve Cengiz Toytun\u00e7 Caddesinde yol boyu park eden ara\u00e7lar ara\u00e7 ve yaya trafi\u011fini tehlikeye at\u0131yor.\u00a0<\/p>\n<p>\u200bHaberin Al\u0131nt\u0131land\u0131\u011f\u0131 Kaynak: www.antalyakorfez.com<\/p>","protected":false},"excerpt":{"rendered":"<p>Antalya\u2019da vatanda\u015flar taraf\u0131ndan \u00e7ok s\u0131k kullan\u0131lan G\u00fcll\u00fck, Cumhuriyet Caddesi, Cengiz Toytun\u00e7 Caddesi \u00fczerinde ya\u015fanan parklanmalar s\u00fcr\u00fcc\u00fcleri \u00e7ileden \u00e7\u0131kar\u0131nca Antalya \u0130l Emniyet M\u00fcd\u00fcrl\u00fc\u011f\u00fc Trafik Denetleme \u015eube M\u00fcd\u00fcrl\u00fc\u011f\u00fc ekipleri \u201cs\u0131f\u0131r park\u201d uygulamas\u0131na ge\u00e7mi\u015fti. Buna ra\u011fmen \u00e7ok say\u0131da s\u00fcr\u00fcc\u00fc kurallara uymamakta inat ediyor. ANTALYA&#8217;NIN EN \u00d6NEML\u0130 SORUNU: TRAF\u0130K Son y\u0131llarda yo\u011fun g\u00f6\u00e7 alan Antalya\u2019da ya\u015fanan en \u00f6nemli sorunlar\u0131n ba\u015f\u0131nda trafik geliyor. Son aylarda trafi\u011fe \u00e7\u0131kan ara\u00e7 say\u0131s\u0131n\u0131n da artmas\u0131 ile birlikte i\u015fe gidi\u015f ve \u00e7\u0131k\u0131\u015flarda trafik yo\u011funlu\u011fu ya\u015fan\u0131yor. Yo\u011funluk ya\u015fanan yerlerin ba\u015f\u0131nda ise her g\u00fcn binlerce s\u00fcr\u00fcc\u00fcn\u00fcn kulland\u0131\u011f\u0131 G\u00fcll\u00fck, Cumhuriyet Caddesi, Cengiz Toytun\u00e7 Caddesi geliyor. Bu caddeler \u00fczerinde s\u00fcr\u00fcc\u00fclerin geli\u015fi g\u00fczel ara\u00e7 park etmesi s\u00fcr\u00fcc\u00fcleri adeta bezdirdi. ANTALYA&#8217;NIN TARTI\u015eMA KONUSU Zaman zaman kamuoyunda tart\u0131\u015fma konusu olan Antalya trafi\u011fi g\u00fcndemdeki yerini korumaya devam ediyor. Kent merkezinde ya\u015fanan yo\u011funlu\u011fun b\u00fcy\u00fck bir b\u00f6l\u00fcm\u00fc ise otomobil s\u00fcr\u00fcc\u00fclerin \u00f6zellikle ana caddeler \u00fczerinde sa\u011fl\u0131 sollu geli\u015fi g\u00fczel parklanmalar\u0131ndan kaynakland\u0131. Sabah i\u015fe gidi\u015f ak\u015fam ise eve d\u00f6n\u00fc\u015f yolunda kangrene d\u00f6nen trafi\u011fi rahatlatmak i\u00e7in Antalya \u0130l Emniyet M\u00fcd\u00fcrl\u00fc\u011f\u00fc Trafik \u015eube M\u00fcd\u00fcrl\u00fc\u011f\u00fc ekipleri harekete ge\u00e7ti. DENET\u0130MLER ARTIRILMALI Antalya\u2019n\u0131n en \u00f6nemli caddelerinde ya\u015fanan sorun kar\u015f\u0131s\u0131nda trafik ekiplerinin daha fazla denetim ger\u00e7ekle\u015ftirmesi isteniyor. Park yasa\u011f\u0131na uymayan s\u00fcr\u00fcc\u00fcler hakk\u0131nda gerekli cezai i\u015flemlerin yo\u011fun \u015fekilde ger\u00e7ekle\u015ftirilmesini isteyen Antalyal\u0131lar, ara\u00e7lar\u0131n yasak olmas\u0131na ra\u011fmen bu caddelerde geli\u015fi g\u00fczel &hellip;<\/p>","protected":false},"author":5,"featured_media":0,"comment_status":"open","ping_status":"open","sticky":false,"template":"","format":"standard","meta":{"_acf_changed":false,"footnotes":""},"categories":[24],"tags":[],"class_list":["post-26915","post","type-post","status-publish","format-standard","has-post-thumbnail","hentry","category-gundem"],"acf":[],"yoast_head":"<!-- This site is optimized with the Yoast SEO Premium plugin v26.6 (Yoast SEO v27.1.1) - https:\/\/yoast.com\/product\/yoast-seo-premium-wordpress\/ -->\n<title>Antalya\u2019da park yasa\u011f\u0131n\u0131 dinleyen yok! Caddeler otoparka d\u00f6nd\u00fc - Av. Deniz Can K\u0131z\u0131l<\/title>\n<meta name=\"robots\" content=\"index, follow, max-snippet:-1, max-image-preview:large, max-video-preview:-1\" \/>\n<link rel=\"canonical\" href=\"https:\/\/denizcankizil.tr\/en\/haberler\/gundem\/antalyada-park-yasagini-dinleyen-yok-caddeler-otoparka-dondu\/\" \/>\n<meta property=\"og:locale\" content=\"en_GB\" \/>\n<meta property=\"og:type\" content=\"article\" \/>\n<meta property=\"og:title\" content=\"Antalya\u2019da park yasa\u011f\u0131n\u0131 dinleyen yok! Caddeler otoparka d\u00f6nd\u00fc\" \/>\n<meta property=\"og:description\" content=\"Antalya\u2019da vatanda\u015flar taraf\u0131ndan \u00e7ok s\u0131k kullan\u0131lan G\u00fcll\u00fck, Cumhuriyet Caddesi, Cengiz Toytun\u00e7 Caddesi \u00fczerinde ya\u015fanan parklanmalar s\u00fcr\u00fcc\u00fcleri \u00e7ileden \u00e7\u0131kar\u0131nca Antalya \u0130l Emniyet M\u00fcd\u00fcrl\u00fc\u011f\u00fc Trafik Denetleme \u015eube M\u00fcd\u00fcrl\u00fc\u011f\u00fc ekipleri \u201cs\u0131f\u0131r park\u201d uygulamas\u0131na ge\u00e7mi\u015fti. Buna ra\u011fmen \u00e7ok say\u0131da s\u00fcr\u00fcc\u00fc kurallara uymamakta inat ediyor. ANTALYA&#8217;NIN EN \u00d6NEML\u0130 SORUNU: TRAF\u0130K Son y\u0131llarda yo\u011fun g\u00f6\u00e7 alan Antalya\u2019da ya\u015fanan en \u00f6nemli sorunlar\u0131n ba\u015f\u0131nda trafik geliyor. Son aylarda trafi\u011fe \u00e7\u0131kan ara\u00e7 say\u0131s\u0131n\u0131n da artmas\u0131 ile birlikte i\u015fe gidi\u015f ve \u00e7\u0131k\u0131\u015flarda trafik yo\u011funlu\u011fu ya\u015fan\u0131yor. Yo\u011funluk ya\u015fanan yerlerin ba\u015f\u0131nda ise her g\u00fcn binlerce s\u00fcr\u00fcc\u00fcn\u00fcn kulland\u0131\u011f\u0131 G\u00fcll\u00fck, Cumhuriyet Caddesi, Cengiz Toytun\u00e7 Caddesi geliyor. Bu caddeler \u00fczerinde s\u00fcr\u00fcc\u00fclerin geli\u015fi g\u00fczel ara\u00e7 park etmesi s\u00fcr\u00fcc\u00fcleri adeta bezdirdi. ANTALYA&#8217;NIN TARTI\u015eMA KONUSU Zaman zaman kamuoyunda tart\u0131\u015fma konusu olan Antalya trafi\u011fi g\u00fcndemdeki yerini korumaya devam ediyor. Kent merkezinde ya\u015fanan yo\u011funlu\u011fun b\u00fcy\u00fck bir b\u00f6l\u00fcm\u00fc ise otomobil s\u00fcr\u00fcc\u00fclerin \u00f6zellikle ana caddeler \u00fczerinde sa\u011fl\u0131 sollu geli\u015fi g\u00fczel parklanmalar\u0131ndan kaynakland\u0131. Sabah i\u015fe gidi\u015f ak\u015fam ise eve d\u00f6n\u00fc\u015f yolunda kangrene d\u00f6nen trafi\u011fi rahatlatmak i\u00e7in Antalya \u0130l Emniyet M\u00fcd\u00fcrl\u00fc\u011f\u00fc Trafik \u015eube M\u00fcd\u00fcrl\u00fc\u011f\u00fc ekipleri harekete ge\u00e7ti. DENET\u0130MLER ARTIRILMALI Antalya\u2019n\u0131n en \u00f6nemli caddelerinde ya\u015fanan sorun kar\u015f\u0131s\u0131nda trafik ekiplerinin daha fazla denetim ger\u00e7ekle\u015ftirmesi isteniyor. Park yasa\u011f\u0131na uymayan s\u00fcr\u00fcc\u00fcler hakk\u0131nda gerekli cezai i\u015flemlerin yo\u011fun \u015fekilde ger\u00e7ekle\u015ftirilmesini isteyen Antalyal\u0131lar, ara\u00e7lar\u0131n yasak olmas\u0131na ra\u011fmen bu caddelerde geli\u015fi g\u00fczel &hellip;\" \/>\n<meta property=\"og:url\" content=\"https:\/\/denizcankizil.tr\/en\/haberler\/gundem\/antalyada-park-yasagini-dinleyen-yok-caddeler-otoparka-dondu\/\" \/>\n<meta property=\"og:site_name\" content=\"Av. Deniz Can K\u0131z\u0131l\" \/>\n<meta property=\"article:published_time\" content=\"2025-01-23T09:41:51+00:00\" \/>\n<meta name=\"author\" content=\"Antalya K\u00f6rfez\" \/>\n<meta name=\"twitter:card\" content=\"summary_large_image\" \/>\n<meta name=\"twitter:label1\" content=\"Written by\" \/>\n\t<meta name=\"twitter:data1\" content=\"Antalya K\u00f6rfez\" \/>\n\t<meta name=\"twitter:label2\" content=\"Estimated reading time\" \/>\n\t<meta name=\"twitter:data2\" content=\"2 minutes\" \/>\n<script type=\"application\/ld+json\" class=\"yoast-schema-graph\">{\"@context\":\"https:\/\/schema.org\",\"@graph\":[{\"@type\":\"Article\",\"@id\":\"https:\/\/denizcankizil.tr\/ru\/haberler\/gundem\/antalyada-park-yasagini-dinleyen-yok-caddeler-otoparka-dondu\/#article\",\"isPartOf\":{\"@id\":\"https:\/\/denizcankizil.tr\/ru\/haberler\/gundem\/antalyada-park-yasagini-dinleyen-yok-caddeler-otoparka-dondu\/\"},\"author\":{\"name\":\"Antalya K\u00f6rfez\",\"@id\":\"https:\/\/denizcankizil.tr\/de\/#\/schema\/person\/e1eb71bb4dd684d46563f0af307e1234\"},\"headline\":\"Antalya\u2019da park yasa\u011f\u0131n\u0131 dinleyen yok! Caddeler otoparka d\u00f6nd\u00fc\",\"datePublished\":\"2025-01-23T09:41:51+00:00\",\"mainEntityOfPage\":{\"@id\":\"https:\/\/denizcankizil.tr\/ru\/haberler\/gundem\/antalyada-park-yasagini-dinleyen-yok-caddeler-otoparka-dondu\/\"},\"wordCount\":414,\"commentCount\":0,\"publisher\":{\"@id\":\"https:\/\/denizcankizil.tr\/de\/#organization\"},\"articleSection\":[\"G\u00fcndem\"],\"inLanguage\":\"en-GB\",\"potentialAction\":[{\"@type\":\"CommentAction\",\"name\":\"Comment\",\"target\":[\"https:\/\/denizcankizil.tr\/ru\/haberler\/gundem\/antalyada-park-yasagini-dinleyen-yok-caddeler-otoparka-dondu\/#respond\"]}]},{\"@type\":\"WebPage\",\"@id\":\"https:\/\/denizcankizil.tr\/ru\/haberler\/gundem\/antalyada-park-yasagini-dinleyen-yok-caddeler-otoparka-dondu\/\",\"url\":\"https:\/\/denizcankizil.tr\/ru\/haberler\/gundem\/antalyada-park-yasagini-dinleyen-yok-caddeler-otoparka-dondu\/\",\"name\":\"Antalya\u2019da park yasa\u011f\u0131n\u0131 dinleyen yok! Caddeler otoparka d\u00f6nd\u00fc - Av. Deniz Can K\u0131z\u0131l\",\"isPartOf\":{\"@id\":\"https:\/\/denizcankizil.tr\/de\/#website\"},\"datePublished\":\"2025-01-23T09:41:51+00:00\",\"breadcrumb\":{\"@id\":\"https:\/\/denizcankizil.tr\/ru\/haberler\/gundem\/antalyada-park-yasagini-dinleyen-yok-caddeler-otoparka-dondu\/#breadcrumb\"},\"inLanguage\":\"en-GB\",\"potentialAction\":[{\"@type\":\"ReadAction\",\"target\":[\"https:\/\/denizcankizil.tr\/ru\/haberler\/gundem\/antalyada-park-yasagini-dinleyen-yok-caddeler-otoparka-dondu\/\"]}]},{\"@type\":\"BreadcrumbList\",\"@id\":\"https:\/\/denizcankizil.tr\/ru\/haberler\/gundem\/antalyada-park-yasagini-dinleyen-yok-caddeler-otoparka-dondu\/#breadcrumb\",\"itemListElement\":[{\"@type\":\"ListItem\",\"position\":1,\"name\":\"Home\",\"item\":\"https:\/\/denizcankizil.tr\/de\/\"},{\"@type\":\"ListItem\",\"position\":2,\"name\":\"Antalya\u2019da park yasa\u011f\u0131n\u0131 dinleyen yok! Caddeler otoparka d\u00f6nd\u00fc\"}]},{\"@type\":\"WebSite\",\"@id\":\"https:\/\/denizcankizil.tr\/de\/#website\",\"url\":\"https:\/\/denizcankizil.tr\/de\/\",\"name\":\"Av. Deniz Can K\u0131z\u0131l\",\"description\":\"Avukat Deniz Can K\u0131z\u0131l Antalya Barosu\",\"publisher\":{\"@id\":\"https:\/\/denizcankizil.tr\/de\/#organization\"},\"potentialAction\":[{\"@type\":\"SearchAction\",\"target\":{\"@type\":\"EntryPoint\",\"urlTemplate\":\"https:\/\/denizcankizil.tr\/de\/?s={search_term_string}\"},\"query-input\":{\"@type\":\"PropertyValueSpecification\",\"valueRequired\":true,\"valueName\":\"search_term_string\"}}],\"inLanguage\":\"en-GB\"},{\"@type\":\"Organization\",\"@id\":\"https:\/\/denizcankizil.tr\/de\/#organization\",\"name\":\"Av. Deniz Can K\u0131z\u0131l\",\"url\":\"https:\/\/denizcankizil.tr\/de\/\",\"logo\":{\"@type\":\"ImageObject\",\"inLanguage\":\"en-GB\",\"@id\":\"https:\/\/denizcankizil.tr\/de\/#\/schema\/logo\/image\/\",\"url\":\"https:\/\/denizcankizil.tr\/wp-content\/uploads\/2024\/10\/siyah-logo-svg.svg\",\"contentUrl\":\"https:\/\/denizcankizil.tr\/wp-content\/uploads\/2024\/10\/siyah-logo-svg.svg\",\"width\":1080,\"height\":1080,\"caption\":\"Av. Deniz Can K\u0131z\u0131l\"},\"image\":{\"@id\":\"https:\/\/denizcankizil.tr\/de\/#\/schema\/logo\/image\/\"}},{\"@type\":\"Person\",\"@id\":\"https:\/\/denizcankizil.tr\/de\/#\/schema\/person\/e1eb71bb4dd684d46563f0af307e1234\",\"name\":\"Antalya K\u00f6rfez\",\"image\":{\"@type\":\"ImageObject\",\"inLanguage\":\"en-GB\",\"@id\":\"https:\/\/denizcankizil.tr\/de\/#\/schema\/person\/image\/\",\"url\":\"https:\/\/secure.gravatar.com\/avatar\/42b01982558a48a0b501fdcab6a408d3717ea5919095ee2e67b0e521799c5905?s=96&d=mm&r=g\",\"contentUrl\":\"https:\/\/secure.gravatar.com\/avatar\/42b01982558a48a0b501fdcab6a408d3717ea5919095ee2e67b0e521799c5905?s=96&d=mm&r=g\",\"caption\":\"Antalya K\u00f6rfez\"},\"sameAs\":[\"http:\/\/www.antalyakorfez.com\"],\"url\":\"https:\/\/www.antalyakorfez.com\/antalyada-park-yasagini-dinleyen-yok-caddeler-otoparka-dondu\"}]}<\/script>\n<!-- \/ Yoast SEO Premium plugin. -->","yoast_head_json":{"title":"Antalya\u2019da park yasa\u011f\u0131n\u0131 dinleyen yok! Caddeler otoparka d\u00f6nd\u00fc - Av. Deniz Can K\u0131z\u0131l","robots":{"index":"index","follow":"follow","max-snippet":"max-snippet:-1","max-image-preview":"max-image-preview:large","max-video-preview":"max-video-preview:-1"},"canonical":"https:\/\/denizcankizil.tr\/en\/haberler\/gundem\/antalyada-park-yasagini-dinleyen-yok-caddeler-otoparka-dondu\/","og_locale":"en_GB","og_type":"article","og_title":"Antalya\u2019da park yasa\u011f\u0131n\u0131 dinleyen yok! Caddeler otoparka d\u00f6nd\u00fc","og_description":"Antalya\u2019da vatanda\u015flar taraf\u0131ndan \u00e7ok s\u0131k kullan\u0131lan G\u00fcll\u00fck, Cumhuriyet Caddesi, Cengiz Toytun\u00e7 Caddesi \u00fczerinde ya\u015fanan parklanmalar s\u00fcr\u00fcc\u00fcleri \u00e7ileden \u00e7\u0131kar\u0131nca Antalya \u0130l Emniyet M\u00fcd\u00fcrl\u00fc\u011f\u00fc Trafik Denetleme \u015eube M\u00fcd\u00fcrl\u00fc\u011f\u00fc ekipleri \u201cs\u0131f\u0131r park\u201d uygulamas\u0131na ge\u00e7mi\u015fti. Buna ra\u011fmen \u00e7ok say\u0131da s\u00fcr\u00fcc\u00fc kurallara uymamakta inat ediyor. ANTALYA&#8217;NIN EN \u00d6NEML\u0130 SORUNU: TRAF\u0130K Son y\u0131llarda yo\u011fun g\u00f6\u00e7 alan Antalya\u2019da ya\u015fanan en \u00f6nemli sorunlar\u0131n ba\u015f\u0131nda trafik geliyor. Son aylarda trafi\u011fe \u00e7\u0131kan ara\u00e7 say\u0131s\u0131n\u0131n da artmas\u0131 ile birlikte i\u015fe gidi\u015f ve \u00e7\u0131k\u0131\u015flarda trafik yo\u011funlu\u011fu ya\u015fan\u0131yor. Yo\u011funluk ya\u015fanan yerlerin ba\u015f\u0131nda ise her g\u00fcn binlerce s\u00fcr\u00fcc\u00fcn\u00fcn kulland\u0131\u011f\u0131 G\u00fcll\u00fck, Cumhuriyet Caddesi, Cengiz Toytun\u00e7 Caddesi geliyor. Bu caddeler \u00fczerinde s\u00fcr\u00fcc\u00fclerin geli\u015fi g\u00fczel ara\u00e7 park etmesi s\u00fcr\u00fcc\u00fcleri adeta bezdirdi. ANTALYA&#8217;NIN TARTI\u015eMA KONUSU Zaman zaman kamuoyunda tart\u0131\u015fma konusu olan Antalya trafi\u011fi g\u00fcndemdeki yerini korumaya devam ediyor. Kent merkezinde ya\u015fanan yo\u011funlu\u011fun b\u00fcy\u00fck bir b\u00f6l\u00fcm\u00fc ise otomobil s\u00fcr\u00fcc\u00fclerin \u00f6zellikle ana caddeler \u00fczerinde sa\u011fl\u0131 sollu geli\u015fi g\u00fczel parklanmalar\u0131ndan kaynakland\u0131. Sabah i\u015fe gidi\u015f ak\u015fam ise eve d\u00f6n\u00fc\u015f yolunda kangrene d\u00f6nen trafi\u011fi rahatlatmak i\u00e7in Antalya \u0130l Emniyet M\u00fcd\u00fcrl\u00fc\u011f\u00fc Trafik \u015eube M\u00fcd\u00fcrl\u00fc\u011f\u00fc ekipleri harekete ge\u00e7ti. DENET\u0130MLER ARTIRILMALI Antalya\u2019n\u0131n en \u00f6nemli caddelerinde ya\u015fanan sorun kar\u015f\u0131s\u0131nda trafik ekiplerinin daha fazla denetim ger\u00e7ekle\u015ftirmesi isteniyor. Park yasa\u011f\u0131na uymayan s\u00fcr\u00fcc\u00fcler hakk\u0131nda gerekli cezai i\u015flemlerin yo\u011fun \u015fekilde ger\u00e7ekle\u015ftirilmesini isteyen Antalyal\u0131lar, ara\u00e7lar\u0131n yasak olmas\u0131na ra\u011fmen bu caddelerde geli\u015fi g\u00fczel &hellip;","og_url":"https:\/\/denizcankizil.tr\/en\/haberler\/gundem\/antalyada-park-yasagini-dinleyen-yok-caddeler-otoparka-dondu\/","og_site_name":"Av. Deniz Can K\u0131z\u0131l","article_published_time":"2025-01-23T09:41:51+00:00","author":"Antalya K\u00f6rfez","twitter_card":"summary_large_image","twitter_misc":{"Written by":"Antalya K\u00f6rfez","Estimated reading time":"2 minutes"},"schema":{"@context":"https:\/\/schema.org","@graph":[{"@type":"Article","@id":"https:\/\/denizcankizil.tr\/ru\/haberler\/gundem\/antalyada-park-yasagini-dinleyen-yok-caddeler-otoparka-dondu\/#article","isPartOf":{"@id":"https:\/\/denizcankizil.tr\/ru\/haberler\/gundem\/antalyada-park-yasagini-dinleyen-yok-caddeler-otoparka-dondu\/"},"author":{"name":"Antalya K\u00f6rfez","@id":"https:\/\/denizcankizil.tr\/de\/#\/schema\/person\/e1eb71bb4dd684d46563f0af307e1234"},"headline":"Antalya\u2019da park yasa\u011f\u0131n\u0131 dinleyen yok! Caddeler otoparka d\u00f6nd\u00fc","datePublished":"2025-01-23T09:41:51+00:00","mainEntityOfPage":{"@id":"https:\/\/denizcankizil.tr\/ru\/haberler\/gundem\/antalyada-park-yasagini-dinleyen-yok-caddeler-otoparka-dondu\/"},"wordCount":414,"commentCount":0,"publisher":{"@id":"https:\/\/denizcankizil.tr\/de\/#organization"},"articleSection":["G\u00fcndem"],"inLanguage":"en-GB","potentialAction":[{"@type":"CommentAction","name":"Comment","target":["https:\/\/denizcankizil.tr\/ru\/haberler\/gundem\/antalyada-park-yasagini-dinleyen-yok-caddeler-otoparka-dondu\/#respond"]}]},{"@type":"WebPage","@id":"https:\/\/denizcankizil.tr\/ru\/haberler\/gundem\/antalyada-park-yasagini-dinleyen-yok-caddeler-otoparka-dondu\/","url":"https:\/\/denizcankizil.tr\/ru\/haberler\/gundem\/antalyada-park-yasagini-dinleyen-yok-caddeler-otoparka-dondu\/","name":"Antalya\u2019da park yasa\u011f\u0131n\u0131 dinleyen yok! Caddeler otoparka d\u00f6nd\u00fc - Av. Deniz Can K\u0131z\u0131l","isPartOf":{"@id":"https:\/\/denizcankizil.tr\/de\/#website"},"datePublished":"2025-01-23T09:41:51+00:00","breadcrumb":{"@id":"https:\/\/denizcankizil.tr\/ru\/haberler\/gundem\/antalyada-park-yasagini-dinleyen-yok-caddeler-otoparka-dondu\/#breadcrumb"},"inLanguage":"en-GB","potentialAction":[{"@type":"ReadAction","target":["https:\/\/denizcankizil.tr\/ru\/haberler\/gundem\/antalyada-park-yasagini-dinleyen-yok-caddeler-otoparka-dondu\/"]}]},{"@type":"BreadcrumbList","@id":"https:\/\/denizcankizil.tr\/ru\/haberler\/gundem\/antalyada-park-yasagini-dinleyen-yok-caddeler-otoparka-dondu\/#breadcrumb","itemListElement":[{"@type":"ListItem","position":1,"name":"Home","item":"https:\/\/denizcankizil.tr\/de\/"},{"@type":"ListItem","position":2,"name":"Antalya\u2019da park yasa\u011f\u0131n\u0131 dinleyen yok! Caddeler otoparka d\u00f6nd\u00fc"}]},{"@type":"WebSite","@id":"https:\/\/denizcankizil.tr\/de\/#website","url":"https:\/\/denizcankizil.tr\/de\/","name":"Av. Deniz Can K\u0131z\u0131l","description":"Avukat Deniz Can K\u0131z\u0131l Antalya Barosu","publisher":{"@id":"https:\/\/denizcankizil.tr\/de\/#organization"},"potentialAction":[{"@type":"SearchAction","target":{"@type":"EntryPoint","urlTemplate":"https:\/\/denizcankizil.tr\/de\/?s={search_term_string}"},"query-input":{"@type":"PropertyValueSpecification","valueRequired":true,"valueName":"search_term_string"}}],"inLanguage":"en-GB"},{"@type":"Organization","@id":"https:\/\/denizcankizil.tr\/de\/#organization","name":"Av. Deniz Can K\u0131z\u0131l","url":"https:\/\/denizcankizil.tr\/de\/","logo":{"@type":"ImageObject","inLanguage":"en-GB","@id":"https:\/\/denizcankizil.tr\/de\/#\/schema\/logo\/image\/","url":"https:\/\/denizcankizil.tr\/wp-content\/uploads\/2024\/10\/siyah-logo-svg.svg","contentUrl":"https:\/\/denizcankizil.tr\/wp-content\/uploads\/2024\/10\/siyah-logo-svg.svg","width":1080,"height":1080,"caption":"Av. Deniz Can K\u0131z\u0131l"},"image":{"@id":"https:\/\/denizcankizil.tr\/de\/#\/schema\/logo\/image\/"}},{"@type":"Person","@id":"https:\/\/denizcankizil.tr\/de\/#\/schema\/person\/e1eb71bb4dd684d46563f0af307e1234","name":"Antalya K\u00f6rfez","image":{"@type":"ImageObject","inLanguage":"en-GB","@id":"https:\/\/denizcankizil.tr\/de\/#\/schema\/person\/image\/","url":"https:\/\/secure.gravatar.com\/avatar\/42b01982558a48a0b501fdcab6a408d3717ea5919095ee2e67b0e521799c5905?s=96&d=mm&r=g","contentUrl":"https:\/\/secure.gravatar.com\/avatar\/42b01982558a48a0b501fdcab6a408d3717ea5919095ee2e67b0e521799c5905?s=96&d=mm&r=g","caption":"Antalya K\u00f6rfez"},"sameAs":["http:\/\/www.antalyakorfez.com"],"url":"https:\/\/www.antalyakorfez.com\/antalyada-park-yasagini-dinleyen-yok-caddeler-otoparka-dondu"}]}},"_links":{"self":[{"href":"https:\/\/denizcankizil.tr\/en\/wp-json\/wp\/v2\/posts\/26915","targetHints":{"allow":["GET"]}}],"collection":[{"href":"https:\/\/denizcankizil.tr\/en\/wp-json\/wp\/v2\/posts"}],"about":[{"href":"https:\/\/denizcankizil.tr\/en\/wp-json\/wp\/v2\/types\/post"}],"author":[{"embeddable":true,"href":"https:\/\/denizcankizil.tr\/en\/wp-json\/wp\/v2\/users\/5"}],"replies":[{"embeddable":true,"href":"https:\/\/denizcankizil.tr\/en\/wp-json\/wp\/v2\/comments?post=26915"}],"version-history":[{"count":0,"href":"https:\/\/denizcankizil.tr\/en\/wp-json\/wp\/v2\/posts\/26915\/revisions"}],"wp:attachment":[{"href":"https:\/\/denizcankizil.tr\/en\/wp-json\/wp\/v2\/media?parent=26915"}],"wp:term":[{"taxonomy":"category","embeddable":true,"href":"https:\/\/denizcankizil.tr\/en\/wp-json\/wp\/v2\/categories?post=26915"},{"taxonomy":"post_tag","embeddable":true,"href":"https:\/\/denizcankizil.tr\/en\/wp-json\/wp\/v2\/tags?post=26915"}],"curies":[{"name":"wp","href":"https:\/\/api.w.org\/{rel}","templated":true}]}}