{"id":26800,"date":"2025-01-22T17:41:43","date_gmt":"2025-01-22T14:41:43","guid":{"rendered":"https:\/\/denizcankizil.tr\/uncategorized-tr\/2060a-kadar-susuzluk-yasatmayacak-cinarcik-barajinda-calismalar-hizlandi\/"},"modified":"2025-01-22T17:41:43","modified_gmt":"2025-01-22T14:41:43","slug":"2060a-kadar-susuzluk-yasatmayacak-cinarcik-barajinda-calismalar-hizlandi","status":"publish","type":"post","link":"https:\/\/denizcankizil.tr\/en\/haberler\/gundem\/2060a-kadar-susuzluk-yasatmayacak-cinarcik-barajinda-calismalar-hizlandi\/","title":{"rendered":"2060&#8217;a kadar susuzluk ya\u015fatmayacak \u00c7\u0131narc\u0131k Baraj\u0131\u2019nda \u00e7al\u0131\u015fmalar h\u0131zland\u0131"},"content":{"rendered":"<p>Bursa\u2019ya 2060 y\u0131l\u0131na kadar susuzluk ya\u015fatmayacak olan \u2018Bursa \u00c7\u0131narc\u0131k \u0130\u00e7me Suyu Projesi\u2019nde \u00e7al\u0131\u015fmalar t\u00fcm h\u0131z\u0131yla ilerliyor.BURSA (\u0130GFA) &#8211; K\u00fcresel \u0131s\u0131nmadan kaynakl\u0131 s\u0131cakl\u0131klar\u0131n artmas\u0131, k\u0131\u015f ya\u011f\u0131\u015flar\u0131n\u0131n azalmas\u0131, y\u00fczey sular\u0131n\u0131n kayb\u0131, kurakl\u0131klar\u0131n s\u0131kla\u015fmas\u0131 gibi etkiler do\u011frudan su kaynaklar\u0131n\u0131n varl\u0131\u011f\u0131n\u0131 tehdit ederken, Bursa B\u00fcy\u00fck\u015fehir Belediyesi taraf\u0131ndan iklim de\u011fi\u015fikli\u011fi ve kurakl\u0131kla m\u00fccadelede \u00f6nem ad\u0131mlar at\u0131l\u0131yor.<br \/>\nSa\u011fl\u0131kl\u0131 ve kesintisiz i\u00e7me suyuna eri\u015fim konusunda kentin gelece\u011fine damga vuracak \u00e7al\u0131\u015fmalar\u0131n\u0131 s\u00fcrd\u00fcren B\u00fcy\u00fck\u015fehir Belediyesi, Do\u011fanc\u0131 ve Nil\u00fcfer barajlar\u0131yla birlikte 2060 y\u0131l\u0131na kadar Bursa\u2019n\u0131n su ihtiyac\u0131n\u0131 kar\u015f\u0131layacak olan \u2018Bursa \u00c7\u0131narc\u0131k \u0130\u00e7me Suyu Projesi\u2019nde \u00e7al\u0131\u015fmalar\u0131 ara vermeden s\u00fcrd\u00fcr\u00fcyor. B\u00fcy\u00fck bir \u00f6zveriyle sahada g\u00f6rev alan ekipler, dev projenin bir an \u00f6nce hayata ge\u00e7irilmesi i\u00e7in gece g\u00fcnd\u00fcz demeden \u00e7al\u0131\u015f\u0131yor.<\/p>\n<p>Bursa\u2019n\u0131n y\u0131ll\u0131k n\u00fcfus art\u0131\u015f\u0131n\u0131n T\u00fcrkiye ortalamas\u0131n\u0131n \u00fczerinde oldu\u011funa dikkat \u00e7eken B\u00fcy\u00fck\u015fehir Belediye Ba\u015fkan\u0131 Mustafa Bozbey, Bursa&#8217;n\u0131n yo\u011fun g\u00f6\u00e7 alan kentlerin ba\u015f\u0131nda geldi\u011fini de hat\u0131rlatt\u0131.<br \/>\nT\u00fcm bu etkenlerin sa\u011fl\u0131kl\u0131 i\u00e7me suyuna eri\u015fim ihtiyac\u0131n\u0131 daha da art\u0131rd\u0131\u011f\u0131n\u0131 s\u00f6yleyen Ba\u015fkan Bozbey, \u201cBursa\u2019n\u0131n i\u00e7me suyu ihtiyac\u0131n\u0131 2060 y\u0131l\u0131na kadar Do\u011fanc\u0131 ve Nil\u00fcfer barajlar\u0131yla birlikte kar\u015f\u0131layacak olan \u00c7\u0131narc\u0131k Baraj\u0131\u2019nda \u00e7al\u0131\u015fmalar aral\u0131ks\u0131z devam ediyor. Suyu kente ula\u015ft\u0131racak iletim hatt\u0131 \u00e7al\u0131\u015fmalar\u0131nda \u00f6nemli a\u015famalar kaydettik. BUSK\u0130 marifetiyle ger\u00e7ekle\u015ftirdi\u011fimiz \u00e7al\u0131\u015fmalar tamamland\u0131\u011f\u0131nda 68 kilometrelik i\u00e7me suyu hatt\u0131 imalat\u0131 ile 21 bin metrek\u00fcp hacimli 3 adet i\u00e7me suyu deposunun in\u015faat\u0131n\u0131 tamamlam\u0131\u015f olaca\u011f\u0131z. \u00c7\u0131narc\u0131k Baraj\u0131 tam kapasitesiyle devreye girdi\u011finde Bursa\u2019n\u0131n mevcut g\u00fcnl\u00fck i\u00e7me suyu kapasitesine, 300 bin metrek\u00fcpl\u00fck daha ar\u0131t\u0131lm\u0131\u015f i\u00e7me suyu rezervi sa\u011flam\u0131\u015f olaca\u011f\u0131z. \u00c7\u0131narc\u0131k Baraj\u0131, Bursa\u2019n\u0131n i\u00e7me suyu tarihindeki \u00f6nemli d\u00f6n\u00fcm noktalar\u0131ndan biridir. Sa\u011fl\u0131kl\u0131 ve kesintisiz i\u00e7me suyu teminindeki \u00e7al\u0131\u015fmalar\u0131m\u0131z artan tempoyla devam edecektir\u201d diye konu\u015ftu.<\/p>\n<p>\u200bBursa\u2019ya 2060 y\u0131l\u0131na kadar susuzluk ya\u015fatmayacak olan \u2018Bursa \u00c7\u0131narc\u0131k \u0130\u00e7me Suyu Projesi\u2019nde \u00e7al\u0131\u015fmalar t\u00fcm h\u0131z\u0131yla ilerliyor.BURSA (\u0130GFA) &#8211; K\u00fcresel \u0131s\u0131nmadan kaynakl\u0131 s\u0131cakl\u0131klar\u0131n artmas\u0131, k\u0131\u015f ya\u011f\u0131\u015flar\u0131n\u0131n azalmas\u0131, y\u00fczey sular\u0131n\u0131n kayb\u0131, kurakl\u0131klar\u0131n s\u0131kla\u015fmas\u0131 gibi etkiler do\u011frudan su kaynaklar\u0131n\u0131n varl\u0131\u011f\u0131n\u0131 tehdit ederken, Bursa B\u00fcy\u00fck\u015fehir Belediyesi taraf\u0131ndan iklim de\u011fi\u015fikli\u011fi ve kurakl\u0131kla m\u00fccadelede \u00f6nem ad\u0131mlar at\u0131l\u0131yor.<br \/>\nSa\u011fl\u0131kl\u0131 ve kesintisiz i\u00e7me suyuna eri\u015fim konusunda kentin gelece\u011fine damga vuracak \u00e7al\u0131\u015fmalar\u0131n\u0131 s\u00fcrd\u00fcren B\u00fcy\u00fck\u015fehir Belediyesi, Do\u011fanc\u0131 ve Nil\u00fcfer barajlar\u0131yla birlikte 2060 y\u0131l\u0131na kadar Bursa\u2019n\u0131n su ihtiyac\u0131n\u0131 kar\u015f\u0131layacak olan \u2018Bursa \u00c7\u0131narc\u0131k \u0130\u00e7me Suyu Projesi\u2019nde \u00e7al\u0131\u015fmalar\u0131 ara vermeden s\u00fcrd\u00fcr\u00fcyor. B\u00fcy\u00fck bir \u00f6zveriyle sahada g\u00f6rev alan ekipler, dev projenin bir an \u00f6nce hayata ge\u00e7irilmesi i\u00e7in gece g\u00fcnd\u00fcz demeden \u00e7al\u0131\u015f\u0131yor.<\/p>\n<p>Bursa\u2019n\u0131n y\u0131ll\u0131k n\u00fcfus art\u0131\u015f\u0131n\u0131n T\u00fcrkiye ortalamas\u0131n\u0131n \u00fczerinde oldu\u011funa dikkat \u00e7eken B\u00fcy\u00fck\u015fehir Belediye Ba\u015fkan\u0131 Mustafa Bozbey, Bursa&#8217;n\u0131n yo\u011fun g\u00f6\u00e7 alan kentlerin ba\u015f\u0131nda geldi\u011fini de hat\u0131rlatt\u0131.<br \/>\nT\u00fcm bu etkenlerin sa\u011fl\u0131kl\u0131 i\u00e7me suyuna eri\u015fim ihtiyac\u0131n\u0131 daha da art\u0131rd\u0131\u011f\u0131n\u0131 s\u00f6yleyen Ba\u015fkan Bozbey, \u201cBursa\u2019n\u0131n i\u00e7me suyu ihtiyac\u0131n\u0131 2060 y\u0131l\u0131na kadar Do\u011fanc\u0131 ve Nil\u00fcfer barajlar\u0131yla birlikte kar\u015f\u0131layacak olan \u00c7\u0131narc\u0131k Baraj\u0131\u2019nda \u00e7al\u0131\u015fmalar aral\u0131ks\u0131z devam ediyor. Suyu kente ula\u015ft\u0131racak iletim hatt\u0131 \u00e7al\u0131\u015fmalar\u0131nda \u00f6nemli a\u015famalar kaydettik. BUSK\u0130 marifetiyle ger\u00e7ekle\u015ftirdi\u011fimiz \u00e7al\u0131\u015fmalar tamamland\u0131\u011f\u0131nda 68 kilometrelik i\u00e7me suyu hatt\u0131 imalat\u0131 ile 21 bin metrek\u00fcp hacimli 3 adet i\u00e7me suyu deposunun in\u015faat\u0131n\u0131 tamamlam\u0131\u015f olaca\u011f\u0131z. \u00c7\u0131narc\u0131k Baraj\u0131 tam kapasitesiyle devreye girdi\u011finde Bursa\u2019n\u0131n mevcut g\u00fcnl\u00fck i\u00e7me suyu kapasitesine, 300 bin metrek\u00fcpl\u00fck daha ar\u0131t\u0131lm\u0131\u015f i\u00e7me suyu rezervi sa\u011flam\u0131\u015f olaca\u011f\u0131z. \u00c7\u0131narc\u0131k Baraj\u0131, Bursa\u2019n\u0131n i\u00e7me suyu tarihindeki \u00f6nemli d\u00f6n\u00fcm noktalar\u0131ndan biridir. Sa\u011fl\u0131kl\u0131 ve kesintisiz i\u00e7me suyu teminindeki \u00e7al\u0131\u015fmalar\u0131m\u0131z artan tempoyla devam edecektir\u201d diye konu\u015ftu.\u00a0<\/p>\n<p>\u200bHaberin Al\u0131nt\u0131land\u0131\u011f\u0131 Kaynak: www.iskenderun.org<\/p>","protected":false},"excerpt":{"rendered":"<p>Bursa\u2019ya 2060 y\u0131l\u0131na kadar susuzluk ya\u015fatmayacak olan \u2018Bursa \u00c7\u0131narc\u0131k \u0130\u00e7me Suyu Projesi\u2019nde \u00e7al\u0131\u015fmalar t\u00fcm h\u0131z\u0131yla ilerliyor.BURSA (\u0130GFA) &#8211; K\u00fcresel \u0131s\u0131nmadan kaynakl\u0131 s\u0131cakl\u0131klar\u0131n artmas\u0131, k\u0131\u015f ya\u011f\u0131\u015flar\u0131n\u0131n azalmas\u0131, y\u00fczey sular\u0131n\u0131n kayb\u0131, kurakl\u0131klar\u0131n s\u0131kla\u015fmas\u0131 gibi etkiler do\u011frudan su kaynaklar\u0131n\u0131n varl\u0131\u011f\u0131n\u0131 tehdit ederken, Bursa B\u00fcy\u00fck\u015fehir Belediyesi taraf\u0131ndan iklim de\u011fi\u015fikli\u011fi ve kurakl\u0131kla m\u00fccadelede \u00f6nem ad\u0131mlar at\u0131l\u0131yor. Sa\u011fl\u0131kl\u0131 ve kesintisiz i\u00e7me suyuna eri\u015fim konusunda kentin gelece\u011fine damga vuracak \u00e7al\u0131\u015fmalar\u0131n\u0131 s\u00fcrd\u00fcren B\u00fcy\u00fck\u015fehir Belediyesi, Do\u011fanc\u0131 ve Nil\u00fcfer barajlar\u0131yla birlikte 2060 y\u0131l\u0131na kadar Bursa\u2019n\u0131n su ihtiyac\u0131n\u0131 kar\u015f\u0131layacak olan \u2018Bursa \u00c7\u0131narc\u0131k \u0130\u00e7me Suyu Projesi\u2019nde \u00e7al\u0131\u015fmalar\u0131 ara vermeden s\u00fcrd\u00fcr\u00fcyor. B\u00fcy\u00fck bir \u00f6zveriyle sahada g\u00f6rev alan ekipler, dev projenin bir an \u00f6nce hayata ge\u00e7irilmesi i\u00e7in gece g\u00fcnd\u00fcz demeden \u00e7al\u0131\u015f\u0131yor. Bursa\u2019n\u0131n y\u0131ll\u0131k n\u00fcfus art\u0131\u015f\u0131n\u0131n T\u00fcrkiye ortalamas\u0131n\u0131n \u00fczerinde oldu\u011funa dikkat \u00e7eken B\u00fcy\u00fck\u015fehir Belediye Ba\u015fkan\u0131 Mustafa Bozbey, Bursa&#8217;n\u0131n yo\u011fun g\u00f6\u00e7 alan kentlerin ba\u015f\u0131nda geldi\u011fini de hat\u0131rlatt\u0131. T\u00fcm bu etkenlerin sa\u011fl\u0131kl\u0131 i\u00e7me suyuna eri\u015fim ihtiyac\u0131n\u0131 daha da art\u0131rd\u0131\u011f\u0131n\u0131 s\u00f6yleyen Ba\u015fkan Bozbey, \u201cBursa\u2019n\u0131n i\u00e7me suyu ihtiyac\u0131n\u0131 2060 y\u0131l\u0131na kadar Do\u011fanc\u0131 ve Nil\u00fcfer barajlar\u0131yla birlikte kar\u015f\u0131layacak olan \u00c7\u0131narc\u0131k Baraj\u0131\u2019nda \u00e7al\u0131\u015fmalar aral\u0131ks\u0131z devam ediyor. Suyu kente ula\u015ft\u0131racak iletim hatt\u0131 \u00e7al\u0131\u015fmalar\u0131nda \u00f6nemli a\u015famalar kaydettik. BUSK\u0130 marifetiyle ger\u00e7ekle\u015ftirdi\u011fimiz \u00e7al\u0131\u015fmalar tamamland\u0131\u011f\u0131nda 68 kilometrelik i\u00e7me suyu hatt\u0131 imalat\u0131 ile 21 bin metrek\u00fcp hacimli 3 adet i\u00e7me suyu deposunun in\u015faat\u0131n\u0131 tamamlam\u0131\u015f olaca\u011f\u0131z. \u00c7\u0131narc\u0131k Baraj\u0131 &hellip;<\/p>","protected":false},"author":1,"featured_media":0,"comment_status":"open","ping_status":"open","sticky":false,"template":"","format":"standard","meta":{"_acf_changed":false,"footnotes":""},"categories":[24],"tags":[],"class_list":["post-26800","post","type-post","status-publish","format-standard","has-post-thumbnail","hentry","category-gundem"],"acf":[],"yoast_head":"<!-- This site is optimized with the Yoast SEO Premium plugin v26.6 (Yoast SEO v27.1.1) - https:\/\/yoast.com\/product\/yoast-seo-premium-wordpress\/ -->\n<title>2060&#039;a kadar susuzluk ya\u015fatmayacak \u00c7\u0131narc\u0131k Baraj\u0131\u2019nda \u00e7al\u0131\u015fmalar h\u0131zland\u0131 - Av. Deniz Can K\u0131z\u0131l<\/title>\n<meta name=\"robots\" content=\"index, follow, max-snippet:-1, max-image-preview:large, max-video-preview:-1\" \/>\n<link rel=\"canonical\" href=\"https:\/\/denizcankizil.tr\/en\/haberler\/gundem\/2060a-kadar-susuzluk-yasatmayacak-cinarcik-barajinda-calismalar-hizlandi\/\" \/>\n<meta property=\"og:locale\" content=\"en_GB\" \/>\n<meta property=\"og:type\" content=\"article\" \/>\n<meta property=\"og:title\" content=\"2060&#039;a kadar susuzluk ya\u015fatmayacak \u00c7\u0131narc\u0131k Baraj\u0131\u2019nda \u00e7al\u0131\u015fmalar h\u0131zland\u0131\" \/>\n<meta property=\"og:description\" content=\"Bursa\u2019ya 2060 y\u0131l\u0131na kadar susuzluk ya\u015fatmayacak olan \u2018Bursa \u00c7\u0131narc\u0131k \u0130\u00e7me Suyu Projesi\u2019nde \u00e7al\u0131\u015fmalar t\u00fcm h\u0131z\u0131yla ilerliyor.BURSA (\u0130GFA) &#8211; K\u00fcresel \u0131s\u0131nmadan kaynakl\u0131 s\u0131cakl\u0131klar\u0131n artmas\u0131, k\u0131\u015f ya\u011f\u0131\u015flar\u0131n\u0131n azalmas\u0131, y\u00fczey sular\u0131n\u0131n kayb\u0131, kurakl\u0131klar\u0131n s\u0131kla\u015fmas\u0131 gibi etkiler do\u011frudan su kaynaklar\u0131n\u0131n varl\u0131\u011f\u0131n\u0131 tehdit ederken, Bursa B\u00fcy\u00fck\u015fehir Belediyesi taraf\u0131ndan iklim de\u011fi\u015fikli\u011fi ve kurakl\u0131kla m\u00fccadelede \u00f6nem ad\u0131mlar at\u0131l\u0131yor. Sa\u011fl\u0131kl\u0131 ve kesintisiz i\u00e7me suyuna eri\u015fim konusunda kentin gelece\u011fine damga vuracak \u00e7al\u0131\u015fmalar\u0131n\u0131 s\u00fcrd\u00fcren B\u00fcy\u00fck\u015fehir Belediyesi, Do\u011fanc\u0131 ve Nil\u00fcfer barajlar\u0131yla birlikte 2060 y\u0131l\u0131na kadar Bursa\u2019n\u0131n su ihtiyac\u0131n\u0131 kar\u015f\u0131layacak olan \u2018Bursa \u00c7\u0131narc\u0131k \u0130\u00e7me Suyu Projesi\u2019nde \u00e7al\u0131\u015fmalar\u0131 ara vermeden s\u00fcrd\u00fcr\u00fcyor. B\u00fcy\u00fck bir \u00f6zveriyle sahada g\u00f6rev alan ekipler, dev projenin bir an \u00f6nce hayata ge\u00e7irilmesi i\u00e7in gece g\u00fcnd\u00fcz demeden \u00e7al\u0131\u015f\u0131yor. Bursa\u2019n\u0131n y\u0131ll\u0131k n\u00fcfus art\u0131\u015f\u0131n\u0131n T\u00fcrkiye ortalamas\u0131n\u0131n \u00fczerinde oldu\u011funa dikkat \u00e7eken B\u00fcy\u00fck\u015fehir Belediye Ba\u015fkan\u0131 Mustafa Bozbey, Bursa&#8217;n\u0131n yo\u011fun g\u00f6\u00e7 alan kentlerin ba\u015f\u0131nda geldi\u011fini de hat\u0131rlatt\u0131. T\u00fcm bu etkenlerin sa\u011fl\u0131kl\u0131 i\u00e7me suyuna eri\u015fim ihtiyac\u0131n\u0131 daha da art\u0131rd\u0131\u011f\u0131n\u0131 s\u00f6yleyen Ba\u015fkan Bozbey, \u201cBursa\u2019n\u0131n i\u00e7me suyu ihtiyac\u0131n\u0131 2060 y\u0131l\u0131na kadar Do\u011fanc\u0131 ve Nil\u00fcfer barajlar\u0131yla birlikte kar\u015f\u0131layacak olan \u00c7\u0131narc\u0131k Baraj\u0131\u2019nda \u00e7al\u0131\u015fmalar aral\u0131ks\u0131z devam ediyor. Suyu kente ula\u015ft\u0131racak iletim hatt\u0131 \u00e7al\u0131\u015fmalar\u0131nda \u00f6nemli a\u015famalar kaydettik. BUSK\u0130 marifetiyle ger\u00e7ekle\u015ftirdi\u011fimiz \u00e7al\u0131\u015fmalar tamamland\u0131\u011f\u0131nda 68 kilometrelik i\u00e7me suyu hatt\u0131 imalat\u0131 ile 21 bin metrek\u00fcp hacimli 3 adet i\u00e7me suyu deposunun in\u015faat\u0131n\u0131 tamamlam\u0131\u015f olaca\u011f\u0131z. \u00c7\u0131narc\u0131k Baraj\u0131 &hellip;\" \/>\n<meta property=\"og:url\" content=\"https:\/\/denizcankizil.tr\/en\/haberler\/gundem\/2060a-kadar-susuzluk-yasatmayacak-cinarcik-barajinda-calismalar-hizlandi\/\" \/>\n<meta property=\"og:site_name\" content=\"Av. Deniz Can K\u0131z\u0131l\" \/>\n<meta property=\"article:published_time\" content=\"2025-01-22T14:41:43+00:00\" \/>\n<meta name=\"author\" content=\"admin\" \/>\n<meta name=\"twitter:card\" content=\"summary_large_image\" \/>\n<meta name=\"twitter:label1\" content=\"Written by\" \/>\n\t<meta name=\"twitter:data1\" content=\"admin\" \/>\n\t<meta name=\"twitter:label2\" content=\"Estimated reading time\" \/>\n\t<meta name=\"twitter:data2\" content=\"4 minutes\" \/>\n<script type=\"application\/ld+json\" class=\"yoast-schema-graph\">{\"@context\":\"https:\/\/schema.org\",\"@graph\":[{\"@type\":\"Article\",\"@id\":\"https:\/\/denizcankizil.tr\/en\/haberler\/gundem\/2060a-kadar-susuzluk-yasatmayacak-cinarcik-barajinda-calismalar-hizlandi\/#article\",\"isPartOf\":{\"@id\":\"https:\/\/denizcankizil.tr\/en\/haberler\/gundem\/2060a-kadar-susuzluk-yasatmayacak-cinarcik-barajinda-calismalar-hizlandi\/\"},\"author\":{\"name\":\"admin\",\"@id\":\"https:\/\/denizcankizil.tr\/#\/schema\/person\/be3c05fe6a12686905512445d8185489\"},\"headline\":\"2060&#8217;a kadar susuzluk ya\u015fatmayacak \u00c7\u0131narc\u0131k Baraj\u0131\u2019nda \u00e7al\u0131\u015fmalar h\u0131zland\u0131\",\"datePublished\":\"2025-01-22T14:41:43+00:00\",\"mainEntityOfPage\":{\"@id\":\"https:\/\/denizcankizil.tr\/en\/haberler\/gundem\/2060a-kadar-susuzluk-yasatmayacak-cinarcik-barajinda-calismalar-hizlandi\/\"},\"wordCount\":827,\"commentCount\":0,\"publisher\":{\"@id\":\"https:\/\/denizcankizil.tr\/#organization\"},\"articleSection\":[\"G\u00fcndem\"],\"inLanguage\":\"en-GB\",\"potentialAction\":[{\"@type\":\"CommentAction\",\"name\":\"Comment\",\"target\":[\"https:\/\/denizcankizil.tr\/en\/haberler\/gundem\/2060a-kadar-susuzluk-yasatmayacak-cinarcik-barajinda-calismalar-hizlandi\/#respond\"]}]},{\"@type\":\"WebPage\",\"@id\":\"https:\/\/denizcankizil.tr\/en\/haberler\/gundem\/2060a-kadar-susuzluk-yasatmayacak-cinarcik-barajinda-calismalar-hizlandi\/\",\"url\":\"https:\/\/denizcankizil.tr\/en\/haberler\/gundem\/2060a-kadar-susuzluk-yasatmayacak-cinarcik-barajinda-calismalar-hizlandi\/\",\"name\":\"2060'a kadar susuzluk ya\u015fatmayacak \u00c7\u0131narc\u0131k Baraj\u0131\u2019nda \u00e7al\u0131\u015fmalar h\u0131zland\u0131 - Av. Deniz Can K\u0131z\u0131l\",\"isPartOf\":{\"@id\":\"https:\/\/denizcankizil.tr\/#website\"},\"datePublished\":\"2025-01-22T14:41:43+00:00\",\"breadcrumb\":{\"@id\":\"https:\/\/denizcankizil.tr\/en\/haberler\/gundem\/2060a-kadar-susuzluk-yasatmayacak-cinarcik-barajinda-calismalar-hizlandi\/#breadcrumb\"},\"inLanguage\":\"en-GB\",\"potentialAction\":[{\"@type\":\"ReadAction\",\"target\":[\"https:\/\/denizcankizil.tr\/en\/haberler\/gundem\/2060a-kadar-susuzluk-yasatmayacak-cinarcik-barajinda-calismalar-hizlandi\/\"]}]},{\"@type\":\"BreadcrumbList\",\"@id\":\"https:\/\/denizcankizil.tr\/en\/haberler\/gundem\/2060a-kadar-susuzluk-yasatmayacak-cinarcik-barajinda-calismalar-hizlandi\/#breadcrumb\",\"itemListElement\":[{\"@type\":\"ListItem\",\"position\":1,\"name\":\"Home\",\"item\":\"https:\/\/denizcankizil.tr\/de\/\"},{\"@type\":\"ListItem\",\"position\":2,\"name\":\"2060&#8217;a kadar susuzluk ya\u015fatmayacak \u00c7\u0131narc\u0131k Baraj\u0131\u2019nda \u00e7al\u0131\u015fmalar h\u0131zland\u0131\"}]},{\"@type\":\"WebSite\",\"@id\":\"https:\/\/denizcankizil.tr\/#website\",\"url\":\"https:\/\/denizcankizil.tr\/\",\"name\":\"Av. Deniz Can K\u0131z\u0131l\",\"description\":\"Avukat Deniz Can K\u0131z\u0131l Antalya Barosu\",\"publisher\":{\"@id\":\"https:\/\/denizcankizil.tr\/#organization\"},\"potentialAction\":[{\"@type\":\"SearchAction\",\"target\":{\"@type\":\"EntryPoint\",\"urlTemplate\":\"https:\/\/denizcankizil.tr\/?s={search_term_string}\"},\"query-input\":{\"@type\":\"PropertyValueSpecification\",\"valueRequired\":true,\"valueName\":\"search_term_string\"}}],\"inLanguage\":\"en-GB\"},{\"@type\":\"Organization\",\"@id\":\"https:\/\/denizcankizil.tr\/#organization\",\"name\":\"Av. Deniz Can K\u0131z\u0131l\",\"url\":\"https:\/\/denizcankizil.tr\/\",\"logo\":{\"@type\":\"ImageObject\",\"inLanguage\":\"en-GB\",\"@id\":\"https:\/\/denizcankizil.tr\/#\/schema\/logo\/image\/\",\"url\":\"https:\/\/denizcankizil.tr\/wp-content\/uploads\/2024\/10\/siyah-logo-svg.svg\",\"contentUrl\":\"https:\/\/denizcankizil.tr\/wp-content\/uploads\/2024\/10\/siyah-logo-svg.svg\",\"width\":1080,\"height\":1080,\"caption\":\"Av. Deniz Can K\u0131z\u0131l\"},\"image\":{\"@id\":\"https:\/\/denizcankizil.tr\/#\/schema\/logo\/image\/\"}},{\"@type\":\"Person\",\"@id\":\"https:\/\/denizcankizil.tr\/#\/schema\/person\/be3c05fe6a12686905512445d8185489\",\"name\":\"admin\",\"image\":{\"@type\":\"ImageObject\",\"inLanguage\":\"en-GB\",\"@id\":\"https:\/\/denizcankizil.tr\/#\/schema\/person\/image\/\",\"url\":\"https:\/\/secure.gravatar.com\/avatar\/c1fce94c830dc79107e174f890d7210541c4a63e8e5d816341794a2151c9d58c?s=96&d=mm&r=g\",\"contentUrl\":\"https:\/\/secure.gravatar.com\/avatar\/c1fce94c830dc79107e174f890d7210541c4a63e8e5d816341794a2151c9d58c?s=96&d=mm&r=g\",\"caption\":\"admin\"},\"sameAs\":[\"http:\/\/denizcankizil.tr\"],\"url\":\"https:\/\/www.iskenderun.org\/2060a-kadar-susuzluk-yasatmayacak-cinarcik-barajinda-calismalar-hizlandi\"}]}<\/script>\n<!-- \/ Yoast SEO Premium plugin. -->","yoast_head_json":{"title":"2060'a kadar susuzluk ya\u015fatmayacak \u00c7\u0131narc\u0131k Baraj\u0131\u2019nda \u00e7al\u0131\u015fmalar h\u0131zland\u0131 - Av. Deniz Can K\u0131z\u0131l","robots":{"index":"index","follow":"follow","max-snippet":"max-snippet:-1","max-image-preview":"max-image-preview:large","max-video-preview":"max-video-preview:-1"},"canonical":"https:\/\/denizcankizil.tr\/en\/haberler\/gundem\/2060a-kadar-susuzluk-yasatmayacak-cinarcik-barajinda-calismalar-hizlandi\/","og_locale":"en_GB","og_type":"article","og_title":"2060'a kadar susuzluk ya\u015fatmayacak \u00c7\u0131narc\u0131k Baraj\u0131\u2019nda \u00e7al\u0131\u015fmalar h\u0131zland\u0131","og_description":"Bursa\u2019ya 2060 y\u0131l\u0131na kadar susuzluk ya\u015fatmayacak olan \u2018Bursa \u00c7\u0131narc\u0131k \u0130\u00e7me Suyu Projesi\u2019nde \u00e7al\u0131\u015fmalar t\u00fcm h\u0131z\u0131yla ilerliyor.BURSA (\u0130GFA) &#8211; K\u00fcresel \u0131s\u0131nmadan kaynakl\u0131 s\u0131cakl\u0131klar\u0131n artmas\u0131, k\u0131\u015f ya\u011f\u0131\u015flar\u0131n\u0131n azalmas\u0131, y\u00fczey sular\u0131n\u0131n kayb\u0131, kurakl\u0131klar\u0131n s\u0131kla\u015fmas\u0131 gibi etkiler do\u011frudan su kaynaklar\u0131n\u0131n varl\u0131\u011f\u0131n\u0131 tehdit ederken, Bursa B\u00fcy\u00fck\u015fehir Belediyesi taraf\u0131ndan iklim de\u011fi\u015fikli\u011fi ve kurakl\u0131kla m\u00fccadelede \u00f6nem ad\u0131mlar at\u0131l\u0131yor. Sa\u011fl\u0131kl\u0131 ve kesintisiz i\u00e7me suyuna eri\u015fim konusunda kentin gelece\u011fine damga vuracak \u00e7al\u0131\u015fmalar\u0131n\u0131 s\u00fcrd\u00fcren B\u00fcy\u00fck\u015fehir Belediyesi, Do\u011fanc\u0131 ve Nil\u00fcfer barajlar\u0131yla birlikte 2060 y\u0131l\u0131na kadar Bursa\u2019n\u0131n su ihtiyac\u0131n\u0131 kar\u015f\u0131layacak olan \u2018Bursa \u00c7\u0131narc\u0131k \u0130\u00e7me Suyu Projesi\u2019nde \u00e7al\u0131\u015fmalar\u0131 ara vermeden s\u00fcrd\u00fcr\u00fcyor. B\u00fcy\u00fck bir \u00f6zveriyle sahada g\u00f6rev alan ekipler, dev projenin bir an \u00f6nce hayata ge\u00e7irilmesi i\u00e7in gece g\u00fcnd\u00fcz demeden \u00e7al\u0131\u015f\u0131yor. Bursa\u2019n\u0131n y\u0131ll\u0131k n\u00fcfus art\u0131\u015f\u0131n\u0131n T\u00fcrkiye ortalamas\u0131n\u0131n \u00fczerinde oldu\u011funa dikkat \u00e7eken B\u00fcy\u00fck\u015fehir Belediye Ba\u015fkan\u0131 Mustafa Bozbey, Bursa&#8217;n\u0131n yo\u011fun g\u00f6\u00e7 alan kentlerin ba\u015f\u0131nda geldi\u011fini de hat\u0131rlatt\u0131. T\u00fcm bu etkenlerin sa\u011fl\u0131kl\u0131 i\u00e7me suyuna eri\u015fim ihtiyac\u0131n\u0131 daha da art\u0131rd\u0131\u011f\u0131n\u0131 s\u00f6yleyen Ba\u015fkan Bozbey, \u201cBursa\u2019n\u0131n i\u00e7me suyu ihtiyac\u0131n\u0131 2060 y\u0131l\u0131na kadar Do\u011fanc\u0131 ve Nil\u00fcfer barajlar\u0131yla birlikte kar\u015f\u0131layacak olan \u00c7\u0131narc\u0131k Baraj\u0131\u2019nda \u00e7al\u0131\u015fmalar aral\u0131ks\u0131z devam ediyor. Suyu kente ula\u015ft\u0131racak iletim hatt\u0131 \u00e7al\u0131\u015fmalar\u0131nda \u00f6nemli a\u015famalar kaydettik. BUSK\u0130 marifetiyle ger\u00e7ekle\u015ftirdi\u011fimiz \u00e7al\u0131\u015fmalar tamamland\u0131\u011f\u0131nda 68 kilometrelik i\u00e7me suyu hatt\u0131 imalat\u0131 ile 21 bin metrek\u00fcp hacimli 3 adet i\u00e7me suyu deposunun in\u015faat\u0131n\u0131 tamamlam\u0131\u015f olaca\u011f\u0131z. \u00c7\u0131narc\u0131k Baraj\u0131 &hellip;","og_url":"https:\/\/denizcankizil.tr\/en\/haberler\/gundem\/2060a-kadar-susuzluk-yasatmayacak-cinarcik-barajinda-calismalar-hizlandi\/","og_site_name":"Av. Deniz Can K\u0131z\u0131l","article_published_time":"2025-01-22T14:41:43+00:00","author":"admin","twitter_card":"summary_large_image","twitter_misc":{"Written by":"admin","Estimated reading time":"4 minutes"},"schema":{"@context":"https:\/\/schema.org","@graph":[{"@type":"Article","@id":"https:\/\/denizcankizil.tr\/en\/haberler\/gundem\/2060a-kadar-susuzluk-yasatmayacak-cinarcik-barajinda-calismalar-hizlandi\/#article","isPartOf":{"@id":"https:\/\/denizcankizil.tr\/en\/haberler\/gundem\/2060a-kadar-susuzluk-yasatmayacak-cinarcik-barajinda-calismalar-hizlandi\/"},"author":{"name":"admin","@id":"https:\/\/denizcankizil.tr\/#\/schema\/person\/be3c05fe6a12686905512445d8185489"},"headline":"2060&#8217;a kadar susuzluk ya\u015fatmayacak \u00c7\u0131narc\u0131k Baraj\u0131\u2019nda \u00e7al\u0131\u015fmalar h\u0131zland\u0131","datePublished":"2025-01-22T14:41:43+00:00","mainEntityOfPage":{"@id":"https:\/\/denizcankizil.tr\/en\/haberler\/gundem\/2060a-kadar-susuzluk-yasatmayacak-cinarcik-barajinda-calismalar-hizlandi\/"},"wordCount":827,"commentCount":0,"publisher":{"@id":"https:\/\/denizcankizil.tr\/#organization"},"articleSection":["G\u00fcndem"],"inLanguage":"en-GB","potentialAction":[{"@type":"CommentAction","name":"Comment","target":["https:\/\/denizcankizil.tr\/en\/haberler\/gundem\/2060a-kadar-susuzluk-yasatmayacak-cinarcik-barajinda-calismalar-hizlandi\/#respond"]}]},{"@type":"WebPage","@id":"https:\/\/denizcankizil.tr\/en\/haberler\/gundem\/2060a-kadar-susuzluk-yasatmayacak-cinarcik-barajinda-calismalar-hizlandi\/","url":"https:\/\/denizcankizil.tr\/en\/haberler\/gundem\/2060a-kadar-susuzluk-yasatmayacak-cinarcik-barajinda-calismalar-hizlandi\/","name":"2060'a kadar susuzluk ya\u015fatmayacak \u00c7\u0131narc\u0131k Baraj\u0131\u2019nda \u00e7al\u0131\u015fmalar h\u0131zland\u0131 - Av. Deniz Can K\u0131z\u0131l","isPartOf":{"@id":"https:\/\/denizcankizil.tr\/#website"},"datePublished":"2025-01-22T14:41:43+00:00","breadcrumb":{"@id":"https:\/\/denizcankizil.tr\/en\/haberler\/gundem\/2060a-kadar-susuzluk-yasatmayacak-cinarcik-barajinda-calismalar-hizlandi\/#breadcrumb"},"inLanguage":"en-GB","potentialAction":[{"@type":"ReadAction","target":["https:\/\/denizcankizil.tr\/en\/haberler\/gundem\/2060a-kadar-susuzluk-yasatmayacak-cinarcik-barajinda-calismalar-hizlandi\/"]}]},{"@type":"BreadcrumbList","@id":"https:\/\/denizcankizil.tr\/en\/haberler\/gundem\/2060a-kadar-susuzluk-yasatmayacak-cinarcik-barajinda-calismalar-hizlandi\/#breadcrumb","itemListElement":[{"@type":"ListItem","position":1,"name":"Home","item":"https:\/\/denizcankizil.tr\/de\/"},{"@type":"ListItem","position":2,"name":"2060&#8217;a kadar susuzluk ya\u015fatmayacak \u00c7\u0131narc\u0131k Baraj\u0131\u2019nda \u00e7al\u0131\u015fmalar h\u0131zland\u0131"}]},{"@type":"WebSite","@id":"https:\/\/denizcankizil.tr\/#website","url":"https:\/\/denizcankizil.tr\/","name":"Av. Deniz Can K\u0131z\u0131l","description":"Avukat Deniz Can K\u0131z\u0131l Antalya Barosu","publisher":{"@id":"https:\/\/denizcankizil.tr\/#organization"},"potentialAction":[{"@type":"SearchAction","target":{"@type":"EntryPoint","urlTemplate":"https:\/\/denizcankizil.tr\/?s={search_term_string}"},"query-input":{"@type":"PropertyValueSpecification","valueRequired":true,"valueName":"search_term_string"}}],"inLanguage":"en-GB"},{"@type":"Organization","@id":"https:\/\/denizcankizil.tr\/#organization","name":"Av. Deniz Can K\u0131z\u0131l","url":"https:\/\/denizcankizil.tr\/","logo":{"@type":"ImageObject","inLanguage":"en-GB","@id":"https:\/\/denizcankizil.tr\/#\/schema\/logo\/image\/","url":"https:\/\/denizcankizil.tr\/wp-content\/uploads\/2024\/10\/siyah-logo-svg.svg","contentUrl":"https:\/\/denizcankizil.tr\/wp-content\/uploads\/2024\/10\/siyah-logo-svg.svg","width":1080,"height":1080,"caption":"Av. Deniz Can K\u0131z\u0131l"},"image":{"@id":"https:\/\/denizcankizil.tr\/#\/schema\/logo\/image\/"}},{"@type":"Person","@id":"https:\/\/denizcankizil.tr\/#\/schema\/person\/be3c05fe6a12686905512445d8185489","name":"admin","image":{"@type":"ImageObject","inLanguage":"en-GB","@id":"https:\/\/denizcankizil.tr\/#\/schema\/person\/image\/","url":"https:\/\/secure.gravatar.com\/avatar\/c1fce94c830dc79107e174f890d7210541c4a63e8e5d816341794a2151c9d58c?s=96&d=mm&r=g","contentUrl":"https:\/\/secure.gravatar.com\/avatar\/c1fce94c830dc79107e174f890d7210541c4a63e8e5d816341794a2151c9d58c?s=96&d=mm&r=g","caption":"admin"},"sameAs":["http:\/\/denizcankizil.tr"],"url":"https:\/\/www.iskenderun.org\/2060a-kadar-susuzluk-yasatmayacak-cinarcik-barajinda-calismalar-hizlandi"}]}},"_links":{"self":[{"href":"https:\/\/denizcankizil.tr\/en\/wp-json\/wp\/v2\/posts\/26800","targetHints":{"allow":["GET"]}}],"collection":[{"href":"https:\/\/denizcankizil.tr\/en\/wp-json\/wp\/v2\/posts"}],"about":[{"href":"https:\/\/denizcankizil.tr\/en\/wp-json\/wp\/v2\/types\/post"}],"author":[{"embeddable":true,"href":"https:\/\/denizcankizil.tr\/en\/wp-json\/wp\/v2\/users\/1"}],"replies":[{"embeddable":true,"href":"https:\/\/denizcankizil.tr\/en\/wp-json\/wp\/v2\/comments?post=26800"}],"version-history":[{"count":0,"href":"https:\/\/denizcankizil.tr\/en\/wp-json\/wp\/v2\/posts\/26800\/revisions"}],"wp:attachment":[{"href":"https:\/\/denizcankizil.tr\/en\/wp-json\/wp\/v2\/media?parent=26800"}],"wp:term":[{"taxonomy":"category","embeddable":true,"href":"https:\/\/denizcankizil.tr\/en\/wp-json\/wp\/v2\/categories?post=26800"},{"taxonomy":"post_tag","embeddable":true,"href":"https:\/\/denizcankizil.tr\/en\/wp-json\/wp\/v2\/tags?post=26800"}],"curies":[{"name":"wp","href":"https:\/\/api.w.org\/{rel}","templated":true}]}}