{"id":26789,"date":"2025-01-22T17:41:31","date_gmt":"2025-01-22T14:41:31","guid":{"rendered":"https:\/\/denizcankizil.tr\/uncategorized-tr\/akseki-seydisehir-karayoluna-dikkat-kar-basladi\/"},"modified":"2025-01-22T17:41:31","modified_gmt":"2025-01-22T14:41:31","slug":"akseki-seydisehir-karayoluna-dikkat-kar-basladi","status":"publish","type":"post","link":"https:\/\/denizcankizil.tr\/en\/haberler\/gundem\/akseki-seydisehir-karayoluna-dikkat-kar-basladi\/","title":{"rendered":"Akseki-Seydi\u015fehir karayoluna dikkat! Kar ba\u015flad\u0131"},"content":{"rendered":"<p>Antalya&#8217;y\u0131 Konya&#8217;ya ba\u011flayan Akseki-Seydi\u015fehir kara yolunda kar ya\u011f\u0131\u015f\u0131 etkili olurken, ekipler \u00e7ok say\u0131da i\u015f makinesi ile kar temizleme ve tuzlama \u00e7al\u0131\u015fmalar\u0131 ba\u015flatt\u0131. Kar ya\u011f\u0131\u015f\u0131n\u0131n Akseki&#8217;nin Yarpuz Mahallesi&#8217;nden itibaren ba\u015flad\u0131\u011f\u0131 ve Konya&#8217;n\u0131n Seydi\u015fehir il\u00e7esine kadar devam etti\u011fi bildirildi.<\/p>\n<p>S\u00dcR\u00dcC\u00dcLERE KAR UYARISI\u00a0<\/p>\n<p>B\u00f6lgede etkili olan ya\u011fmur, saat 14.30 s\u0131ralar\u0131nda yerini kar ya\u011f\u0131\u015f\u0131na b\u0131rakt\u0131. Akseki-Seydi\u015fehir kara yolu bin 825 metre rak\u0131ml\u0131 Alacabel&#8217;de kar ya\u011f\u0131\u015f\u0131 etkisini s\u00fcrd\u00fcr\u00fcrken, Karayollar\u0131 ekipleri \u00e7ok say\u0131da i\u015f makinesi ile kar temizleme ve tuzlama \u00e7al\u0131\u015fmalar\u0131 ba\u015flatt\u0131. B\u00f6lgede kar kal\u0131nl\u0131\u011f\u0131 yer yer 5-10 santimetreye ula\u015f\u0131rken, s\u00fcr\u00fcc\u00fcler her ihtimale kar\u015f\u0131 zincir bulundurmalar\u0131 konusunda uyar\u0131ld\u0131. Kar ya\u011f\u0131\u015f\u0131 nedeniyle ula\u015f\u0131mda herhangi bir aksama ya\u015fanmazken, Karayollar\u0131 Alacabel ekibi yolu ula\u015f\u0131ma a\u00e7\u0131k tutmak i\u00e7in \u00e7al\u0131\u015fmalar\u0131n\u0131 aral\u0131ks\u0131z s\u00fcrd\u00fcr\u00fcyor.\u00a0<\/p>\n<p>\u00a0 \u00a0 \u00a0 \u00a0 \u00a0 \u00a0 \u00a0 \u00a0 \u00a0 \u00a0 \u00a0 \u00a0 \u00a0 \u00a0 \u00a0\u00a0<\/p>\n<p>\u200bAntalya&#8217;y\u0131 Konya&#8217;ya ba\u011flayan Akseki-Seydi\u015fehir kara yolunda kar ya\u011f\u0131\u015f\u0131 etkili olmaya ba\u015flad\u0131. B\u00f6lgede 5-10 santimetreye ula\u015fan kar kal\u0131nl\u0131\u011f\u0131na kar\u015f\u0131 s\u00fcr\u00fcc\u00fclere uyar\u0131da bulunuldu.\u00a0<\/p>\n<p>\u200bHaberin Al\u0131nt\u0131land\u0131\u011f\u0131 Kaynak: www.antalyakorfez.com<\/p>","protected":false},"excerpt":{"rendered":"<p>Antalya&#8217;y\u0131 Konya&#8217;ya ba\u011flayan Akseki-Seydi\u015fehir kara yolunda kar ya\u011f\u0131\u015f\u0131 etkili olurken, ekipler \u00e7ok say\u0131da i\u015f makinesi ile kar temizleme ve tuzlama \u00e7al\u0131\u015fmalar\u0131 ba\u015flatt\u0131. Kar ya\u011f\u0131\u015f\u0131n\u0131n Akseki&#8217;nin Yarpuz Mahallesi&#8217;nden itibaren ba\u015flad\u0131\u011f\u0131 ve Konya&#8217;n\u0131n Seydi\u015fehir il\u00e7esine kadar devam etti\u011fi bildirildi. S\u00dcR\u00dcC\u00dcLERE KAR UYARISI\u00a0 B\u00f6lgede etkili olan ya\u011fmur, saat 14.30 s\u0131ralar\u0131nda yerini kar ya\u011f\u0131\u015f\u0131na b\u0131rakt\u0131. Akseki-Seydi\u015fehir kara yolu bin 825 metre rak\u0131ml\u0131 Alacabel&#8217;de kar ya\u011f\u0131\u015f\u0131 etkisini s\u00fcrd\u00fcr\u00fcrken, Karayollar\u0131 ekipleri \u00e7ok say\u0131da i\u015f makinesi ile kar temizleme ve tuzlama \u00e7al\u0131\u015fmalar\u0131 ba\u015flatt\u0131. B\u00f6lgede kar kal\u0131nl\u0131\u011f\u0131 yer yer 5-10 santimetreye ula\u015f\u0131rken, s\u00fcr\u00fcc\u00fcler her ihtimale kar\u015f\u0131 zincir bulundurmalar\u0131 konusunda uyar\u0131ld\u0131. Kar ya\u011f\u0131\u015f\u0131 nedeniyle ula\u015f\u0131mda herhangi bir aksama ya\u015fanmazken, Karayollar\u0131 Alacabel ekibi yolu ula\u015f\u0131ma a\u00e7\u0131k tutmak i\u00e7in \u00e7al\u0131\u015fmalar\u0131n\u0131 aral\u0131ks\u0131z s\u00fcrd\u00fcr\u00fcyor.\u00a0 \u00a0 \u00a0 \u00a0 \u00a0 \u00a0 \u00a0 \u00a0 \u00a0 \u00a0 \u00a0 \u00a0 \u00a0 \u00a0 \u00a0 \u00a0\u00a0 \u200bAntalya&#8217;y\u0131 Konya&#8217;ya ba\u011flayan Akseki-Seydi\u015fehir kara yolunda kar ya\u011f\u0131\u015f\u0131 etkili olmaya ba\u015flad\u0131. B\u00f6lgede 5-10 santimetreye ula\u015fan kar kal\u0131nl\u0131\u011f\u0131na kar\u015f\u0131 s\u00fcr\u00fcc\u00fclere uyar\u0131da bulunuldu.\u00a0 \u200bHaberin Al\u0131nt\u0131land\u0131\u011f\u0131 Kaynak: www.antalyakorfez.com<\/p>","protected":false},"author":5,"featured_media":0,"comment_status":"open","ping_status":"open","sticky":false,"template":"","format":"standard","meta":{"_acf_changed":false,"footnotes":""},"categories":[24],"tags":[],"class_list":["post-26789","post","type-post","status-publish","format-standard","has-post-thumbnail","hentry","category-gundem"],"acf":[],"yoast_head":"<!-- This site is optimized with the Yoast SEO Premium plugin v26.6 (Yoast SEO v27.1.1) - https:\/\/yoast.com\/product\/yoast-seo-premium-wordpress\/ -->\n<title>Akseki-Seydi\u015fehir karayoluna dikkat! Kar ba\u015flad\u0131 - Av. Deniz Can K\u0131z\u0131l<\/title>\n<meta name=\"robots\" content=\"index, follow, max-snippet:-1, max-image-preview:large, max-video-preview:-1\" \/>\n<link rel=\"canonical\" href=\"https:\/\/denizcankizil.tr\/en\/haberler\/gundem\/akseki-seydisehir-karayoluna-dikkat-kar-basladi\/\" \/>\n<meta property=\"og:locale\" content=\"en_GB\" \/>\n<meta property=\"og:type\" content=\"article\" \/>\n<meta property=\"og:title\" content=\"Akseki-Seydi\u015fehir karayoluna dikkat! Kar ba\u015flad\u0131\" \/>\n<meta property=\"og:description\" content=\"Antalya&#8217;y\u0131 Konya&#8217;ya ba\u011flayan Akseki-Seydi\u015fehir kara yolunda kar ya\u011f\u0131\u015f\u0131 etkili olurken, ekipler \u00e7ok say\u0131da i\u015f makinesi ile kar temizleme ve tuzlama \u00e7al\u0131\u015fmalar\u0131 ba\u015flatt\u0131. Kar ya\u011f\u0131\u015f\u0131n\u0131n Akseki&#8217;nin Yarpuz Mahallesi&#8217;nden itibaren ba\u015flad\u0131\u011f\u0131 ve Konya&#8217;n\u0131n Seydi\u015fehir il\u00e7esine kadar devam etti\u011fi bildirildi. S\u00dcR\u00dcC\u00dcLERE KAR UYARISI\u00a0 B\u00f6lgede etkili olan ya\u011fmur, saat 14.30 s\u0131ralar\u0131nda yerini kar ya\u011f\u0131\u015f\u0131na b\u0131rakt\u0131. Akseki-Seydi\u015fehir kara yolu bin 825 metre rak\u0131ml\u0131 Alacabel&#8217;de kar ya\u011f\u0131\u015f\u0131 etkisini s\u00fcrd\u00fcr\u00fcrken, Karayollar\u0131 ekipleri \u00e7ok say\u0131da i\u015f makinesi ile kar temizleme ve tuzlama \u00e7al\u0131\u015fmalar\u0131 ba\u015flatt\u0131. B\u00f6lgede kar kal\u0131nl\u0131\u011f\u0131 yer yer 5-10 santimetreye ula\u015f\u0131rken, s\u00fcr\u00fcc\u00fcler her ihtimale kar\u015f\u0131 zincir bulundurmalar\u0131 konusunda uyar\u0131ld\u0131. Kar ya\u011f\u0131\u015f\u0131 nedeniyle ula\u015f\u0131mda herhangi bir aksama ya\u015fanmazken, Karayollar\u0131 Alacabel ekibi yolu ula\u015f\u0131ma a\u00e7\u0131k tutmak i\u00e7in \u00e7al\u0131\u015fmalar\u0131n\u0131 aral\u0131ks\u0131z s\u00fcrd\u00fcr\u00fcyor.\u00a0 \u00a0 \u00a0 \u00a0 \u00a0 \u00a0 \u00a0 \u00a0 \u00a0 \u00a0 \u00a0 \u00a0 \u00a0 \u00a0 \u00a0 \u00a0\u00a0 \u200bAntalya&#8217;y\u0131 Konya&#8217;ya ba\u011flayan Akseki-Seydi\u015fehir kara yolunda kar ya\u011f\u0131\u015f\u0131 etkili olmaya ba\u015flad\u0131. B\u00f6lgede 5-10 santimetreye ula\u015fan kar kal\u0131nl\u0131\u011f\u0131na kar\u015f\u0131 s\u00fcr\u00fcc\u00fclere uyar\u0131da bulunuldu.\u00a0 \u200bHaberin Al\u0131nt\u0131land\u0131\u011f\u0131 Kaynak: www.antalyakorfez.com\" \/>\n<meta property=\"og:url\" content=\"https:\/\/denizcankizil.tr\/en\/haberler\/gundem\/akseki-seydisehir-karayoluna-dikkat-kar-basladi\/\" \/>\n<meta property=\"og:site_name\" content=\"Av. Deniz Can K\u0131z\u0131l\" \/>\n<meta property=\"article:published_time\" content=\"2025-01-22T14:41:31+00:00\" \/>\n<meta name=\"author\" content=\"Antalya K\u00f6rfez\" \/>\n<meta name=\"twitter:card\" content=\"summary_large_image\" \/>\n<meta name=\"twitter:label1\" content=\"Written by\" \/>\n\t<meta name=\"twitter:data1\" content=\"Antalya K\u00f6rfez\" \/>\n\t<meta name=\"twitter:label2\" content=\"Estimated reading time\" \/>\n\t<meta name=\"twitter:data2\" content=\"1 minute\" \/>\n<script type=\"application\/ld+json\" class=\"yoast-schema-graph\">{\"@context\":\"https:\/\/schema.org\",\"@graph\":[{\"@type\":\"Article\",\"@id\":\"https:\/\/denizcankizil.tr\/en\/haberler\/gundem\/akseki-seydisehir-karayoluna-dikkat-kar-basladi\/#article\",\"isPartOf\":{\"@id\":\"https:\/\/denizcankizil.tr\/en\/haberler\/gundem\/akseki-seydisehir-karayoluna-dikkat-kar-basladi\/\"},\"author\":{\"name\":\"Antalya K\u00f6rfez\",\"@id\":\"https:\/\/denizcankizil.tr\/de\/#\/schema\/person\/e1eb71bb4dd684d46563f0af307e1234\"},\"headline\":\"Akseki-Seydi\u015fehir karayoluna dikkat! Kar ba\u015flad\u0131\",\"datePublished\":\"2025-01-22T14:41:31+00:00\",\"mainEntityOfPage\":{\"@id\":\"https:\/\/denizcankizil.tr\/en\/haberler\/gundem\/akseki-seydisehir-karayoluna-dikkat-kar-basladi\/\"},\"wordCount\":212,\"commentCount\":0,\"publisher\":{\"@id\":\"https:\/\/denizcankizil.tr\/de\/#organization\"},\"articleSection\":[\"G\u00fcndem\"],\"inLanguage\":\"en-GB\",\"potentialAction\":[{\"@type\":\"CommentAction\",\"name\":\"Comment\",\"target\":[\"https:\/\/denizcankizil.tr\/en\/haberler\/gundem\/akseki-seydisehir-karayoluna-dikkat-kar-basladi\/#respond\"]}]},{\"@type\":\"WebPage\",\"@id\":\"https:\/\/denizcankizil.tr\/en\/haberler\/gundem\/akseki-seydisehir-karayoluna-dikkat-kar-basladi\/\",\"url\":\"https:\/\/denizcankizil.tr\/en\/haberler\/gundem\/akseki-seydisehir-karayoluna-dikkat-kar-basladi\/\",\"name\":\"Akseki-Seydi\u015fehir karayoluna dikkat! Kar ba\u015flad\u0131 - Av. Deniz Can K\u0131z\u0131l\",\"isPartOf\":{\"@id\":\"https:\/\/denizcankizil.tr\/de\/#website\"},\"datePublished\":\"2025-01-22T14:41:31+00:00\",\"breadcrumb\":{\"@id\":\"https:\/\/denizcankizil.tr\/en\/haberler\/gundem\/akseki-seydisehir-karayoluna-dikkat-kar-basladi\/#breadcrumb\"},\"inLanguage\":\"en-GB\",\"potentialAction\":[{\"@type\":\"ReadAction\",\"target\":[\"https:\/\/denizcankizil.tr\/en\/haberler\/gundem\/akseki-seydisehir-karayoluna-dikkat-kar-basladi\/\"]}]},{\"@type\":\"BreadcrumbList\",\"@id\":\"https:\/\/denizcankizil.tr\/en\/haberler\/gundem\/akseki-seydisehir-karayoluna-dikkat-kar-basladi\/#breadcrumb\",\"itemListElement\":[{\"@type\":\"ListItem\",\"position\":1,\"name\":\"Home\",\"item\":\"https:\/\/denizcankizil.tr\/de\/\"},{\"@type\":\"ListItem\",\"position\":2,\"name\":\"Akseki-Seydi\u015fehir karayoluna dikkat! Kar ba\u015flad\u0131\"}]},{\"@type\":\"WebSite\",\"@id\":\"https:\/\/denizcankizil.tr\/de\/#website\",\"url\":\"https:\/\/denizcankizil.tr\/de\/\",\"name\":\"Av. Deniz Can K\u0131z\u0131l\",\"description\":\"Avukat Deniz Can K\u0131z\u0131l Antalya Barosu\",\"publisher\":{\"@id\":\"https:\/\/denizcankizil.tr\/de\/#organization\"},\"potentialAction\":[{\"@type\":\"SearchAction\",\"target\":{\"@type\":\"EntryPoint\",\"urlTemplate\":\"https:\/\/denizcankizil.tr\/de\/?s={search_term_string}\"},\"query-input\":{\"@type\":\"PropertyValueSpecification\",\"valueRequired\":true,\"valueName\":\"search_term_string\"}}],\"inLanguage\":\"en-GB\"},{\"@type\":\"Organization\",\"@id\":\"https:\/\/denizcankizil.tr\/de\/#organization\",\"name\":\"Av. Deniz Can K\u0131z\u0131l\",\"url\":\"https:\/\/denizcankizil.tr\/de\/\",\"logo\":{\"@type\":\"ImageObject\",\"inLanguage\":\"en-GB\",\"@id\":\"https:\/\/denizcankizil.tr\/de\/#\/schema\/logo\/image\/\",\"url\":\"https:\/\/denizcankizil.tr\/wp-content\/uploads\/2024\/10\/siyah-logo-svg.svg\",\"contentUrl\":\"https:\/\/denizcankizil.tr\/wp-content\/uploads\/2024\/10\/siyah-logo-svg.svg\",\"width\":1080,\"height\":1080,\"caption\":\"Av. Deniz Can K\u0131z\u0131l\"},\"image\":{\"@id\":\"https:\/\/denizcankizil.tr\/de\/#\/schema\/logo\/image\/\"}},{\"@type\":\"Person\",\"@id\":\"https:\/\/denizcankizil.tr\/de\/#\/schema\/person\/e1eb71bb4dd684d46563f0af307e1234\",\"name\":\"Antalya K\u00f6rfez\",\"image\":{\"@type\":\"ImageObject\",\"inLanguage\":\"en-GB\",\"@id\":\"https:\/\/denizcankizil.tr\/de\/#\/schema\/person\/image\/\",\"url\":\"https:\/\/secure.gravatar.com\/avatar\/42b01982558a48a0b501fdcab6a408d3717ea5919095ee2e67b0e521799c5905?s=96&d=mm&r=g\",\"contentUrl\":\"https:\/\/secure.gravatar.com\/avatar\/42b01982558a48a0b501fdcab6a408d3717ea5919095ee2e67b0e521799c5905?s=96&d=mm&r=g\",\"caption\":\"Antalya K\u00f6rfez\"},\"sameAs\":[\"http:\/\/www.antalyakorfez.com\"],\"url\":\"https:\/\/www.antalyakorfez.com\/akseki-seydisehir-karayoluna-dikkat-kar-basladi\"}]}<\/script>\n<!-- \/ Yoast SEO Premium plugin. -->","yoast_head_json":{"title":"Akseki-Seydi\u015fehir karayoluna dikkat! Kar ba\u015flad\u0131 - Av. Deniz Can K\u0131z\u0131l","robots":{"index":"index","follow":"follow","max-snippet":"max-snippet:-1","max-image-preview":"max-image-preview:large","max-video-preview":"max-video-preview:-1"},"canonical":"https:\/\/denizcankizil.tr\/en\/haberler\/gundem\/akseki-seydisehir-karayoluna-dikkat-kar-basladi\/","og_locale":"en_GB","og_type":"article","og_title":"Akseki-Seydi\u015fehir karayoluna dikkat! Kar ba\u015flad\u0131","og_description":"Antalya&#8217;y\u0131 Konya&#8217;ya ba\u011flayan Akseki-Seydi\u015fehir kara yolunda kar ya\u011f\u0131\u015f\u0131 etkili olurken, ekipler \u00e7ok say\u0131da i\u015f makinesi ile kar temizleme ve tuzlama \u00e7al\u0131\u015fmalar\u0131 ba\u015flatt\u0131. Kar ya\u011f\u0131\u015f\u0131n\u0131n Akseki&#8217;nin Yarpuz Mahallesi&#8217;nden itibaren ba\u015flad\u0131\u011f\u0131 ve Konya&#8217;n\u0131n Seydi\u015fehir il\u00e7esine kadar devam etti\u011fi bildirildi. S\u00dcR\u00dcC\u00dcLERE KAR UYARISI\u00a0 B\u00f6lgede etkili olan ya\u011fmur, saat 14.30 s\u0131ralar\u0131nda yerini kar ya\u011f\u0131\u015f\u0131na b\u0131rakt\u0131. Akseki-Seydi\u015fehir kara yolu bin 825 metre rak\u0131ml\u0131 Alacabel&#8217;de kar ya\u011f\u0131\u015f\u0131 etkisini s\u00fcrd\u00fcr\u00fcrken, Karayollar\u0131 ekipleri \u00e7ok say\u0131da i\u015f makinesi ile kar temizleme ve tuzlama \u00e7al\u0131\u015fmalar\u0131 ba\u015flatt\u0131. B\u00f6lgede kar kal\u0131nl\u0131\u011f\u0131 yer yer 5-10 santimetreye ula\u015f\u0131rken, s\u00fcr\u00fcc\u00fcler her ihtimale kar\u015f\u0131 zincir bulundurmalar\u0131 konusunda uyar\u0131ld\u0131. Kar ya\u011f\u0131\u015f\u0131 nedeniyle ula\u015f\u0131mda herhangi bir aksama ya\u015fanmazken, Karayollar\u0131 Alacabel ekibi yolu ula\u015f\u0131ma a\u00e7\u0131k tutmak i\u00e7in \u00e7al\u0131\u015fmalar\u0131n\u0131 aral\u0131ks\u0131z s\u00fcrd\u00fcr\u00fcyor.\u00a0 \u00a0 \u00a0 \u00a0 \u00a0 \u00a0 \u00a0 \u00a0 \u00a0 \u00a0 \u00a0 \u00a0 \u00a0 \u00a0 \u00a0 \u00a0\u00a0 \u200bAntalya&#8217;y\u0131 Konya&#8217;ya ba\u011flayan Akseki-Seydi\u015fehir kara yolunda kar ya\u011f\u0131\u015f\u0131 etkili olmaya ba\u015flad\u0131. B\u00f6lgede 5-10 santimetreye ula\u015fan kar kal\u0131nl\u0131\u011f\u0131na kar\u015f\u0131 s\u00fcr\u00fcc\u00fclere uyar\u0131da bulunuldu.\u00a0 \u200bHaberin Al\u0131nt\u0131land\u0131\u011f\u0131 Kaynak: www.antalyakorfez.com","og_url":"https:\/\/denizcankizil.tr\/en\/haberler\/gundem\/akseki-seydisehir-karayoluna-dikkat-kar-basladi\/","og_site_name":"Av. Deniz Can K\u0131z\u0131l","article_published_time":"2025-01-22T14:41:31+00:00","author":"Antalya K\u00f6rfez","twitter_card":"summary_large_image","twitter_misc":{"Written by":"Antalya K\u00f6rfez","Estimated reading time":"1 minute"},"schema":{"@context":"https:\/\/schema.org","@graph":[{"@type":"Article","@id":"https:\/\/denizcankizil.tr\/en\/haberler\/gundem\/akseki-seydisehir-karayoluna-dikkat-kar-basladi\/#article","isPartOf":{"@id":"https:\/\/denizcankizil.tr\/en\/haberler\/gundem\/akseki-seydisehir-karayoluna-dikkat-kar-basladi\/"},"author":{"name":"Antalya K\u00f6rfez","@id":"https:\/\/denizcankizil.tr\/de\/#\/schema\/person\/e1eb71bb4dd684d46563f0af307e1234"},"headline":"Akseki-Seydi\u015fehir karayoluna dikkat! Kar ba\u015flad\u0131","datePublished":"2025-01-22T14:41:31+00:00","mainEntityOfPage":{"@id":"https:\/\/denizcankizil.tr\/en\/haberler\/gundem\/akseki-seydisehir-karayoluna-dikkat-kar-basladi\/"},"wordCount":212,"commentCount":0,"publisher":{"@id":"https:\/\/denizcankizil.tr\/de\/#organization"},"articleSection":["G\u00fcndem"],"inLanguage":"en-GB","potentialAction":[{"@type":"CommentAction","name":"Comment","target":["https:\/\/denizcankizil.tr\/en\/haberler\/gundem\/akseki-seydisehir-karayoluna-dikkat-kar-basladi\/#respond"]}]},{"@type":"WebPage","@id":"https:\/\/denizcankizil.tr\/en\/haberler\/gundem\/akseki-seydisehir-karayoluna-dikkat-kar-basladi\/","url":"https:\/\/denizcankizil.tr\/en\/haberler\/gundem\/akseki-seydisehir-karayoluna-dikkat-kar-basladi\/","name":"Akseki-Seydi\u015fehir karayoluna dikkat! Kar ba\u015flad\u0131 - Av. Deniz Can K\u0131z\u0131l","isPartOf":{"@id":"https:\/\/denizcankizil.tr\/de\/#website"},"datePublished":"2025-01-22T14:41:31+00:00","breadcrumb":{"@id":"https:\/\/denizcankizil.tr\/en\/haberler\/gundem\/akseki-seydisehir-karayoluna-dikkat-kar-basladi\/#breadcrumb"},"inLanguage":"en-GB","potentialAction":[{"@type":"ReadAction","target":["https:\/\/denizcankizil.tr\/en\/haberler\/gundem\/akseki-seydisehir-karayoluna-dikkat-kar-basladi\/"]}]},{"@type":"BreadcrumbList","@id":"https:\/\/denizcankizil.tr\/en\/haberler\/gundem\/akseki-seydisehir-karayoluna-dikkat-kar-basladi\/#breadcrumb","itemListElement":[{"@type":"ListItem","position":1,"name":"Home","item":"https:\/\/denizcankizil.tr\/de\/"},{"@type":"ListItem","position":2,"name":"Akseki-Seydi\u015fehir karayoluna dikkat! Kar ba\u015flad\u0131"}]},{"@type":"WebSite","@id":"https:\/\/denizcankizil.tr\/de\/#website","url":"https:\/\/denizcankizil.tr\/de\/","name":"Av. Deniz Can K\u0131z\u0131l","description":"Avukat Deniz Can K\u0131z\u0131l Antalya Barosu","publisher":{"@id":"https:\/\/denizcankizil.tr\/de\/#organization"},"potentialAction":[{"@type":"SearchAction","target":{"@type":"EntryPoint","urlTemplate":"https:\/\/denizcankizil.tr\/de\/?s={search_term_string}"},"query-input":{"@type":"PropertyValueSpecification","valueRequired":true,"valueName":"search_term_string"}}],"inLanguage":"en-GB"},{"@type":"Organization","@id":"https:\/\/denizcankizil.tr\/de\/#organization","name":"Av. Deniz Can K\u0131z\u0131l","url":"https:\/\/denizcankizil.tr\/de\/","logo":{"@type":"ImageObject","inLanguage":"en-GB","@id":"https:\/\/denizcankizil.tr\/de\/#\/schema\/logo\/image\/","url":"https:\/\/denizcankizil.tr\/wp-content\/uploads\/2024\/10\/siyah-logo-svg.svg","contentUrl":"https:\/\/denizcankizil.tr\/wp-content\/uploads\/2024\/10\/siyah-logo-svg.svg","width":1080,"height":1080,"caption":"Av. Deniz Can K\u0131z\u0131l"},"image":{"@id":"https:\/\/denizcankizil.tr\/de\/#\/schema\/logo\/image\/"}},{"@type":"Person","@id":"https:\/\/denizcankizil.tr\/de\/#\/schema\/person\/e1eb71bb4dd684d46563f0af307e1234","name":"Antalya K\u00f6rfez","image":{"@type":"ImageObject","inLanguage":"en-GB","@id":"https:\/\/denizcankizil.tr\/de\/#\/schema\/person\/image\/","url":"https:\/\/secure.gravatar.com\/avatar\/42b01982558a48a0b501fdcab6a408d3717ea5919095ee2e67b0e521799c5905?s=96&d=mm&r=g","contentUrl":"https:\/\/secure.gravatar.com\/avatar\/42b01982558a48a0b501fdcab6a408d3717ea5919095ee2e67b0e521799c5905?s=96&d=mm&r=g","caption":"Antalya K\u00f6rfez"},"sameAs":["http:\/\/www.antalyakorfez.com"],"url":"https:\/\/www.antalyakorfez.com\/akseki-seydisehir-karayoluna-dikkat-kar-basladi"}]}},"_links":{"self":[{"href":"https:\/\/denizcankizil.tr\/en\/wp-json\/wp\/v2\/posts\/26789","targetHints":{"allow":["GET"]}}],"collection":[{"href":"https:\/\/denizcankizil.tr\/en\/wp-json\/wp\/v2\/posts"}],"about":[{"href":"https:\/\/denizcankizil.tr\/en\/wp-json\/wp\/v2\/types\/post"}],"author":[{"embeddable":true,"href":"https:\/\/denizcankizil.tr\/en\/wp-json\/wp\/v2\/users\/5"}],"replies":[{"embeddable":true,"href":"https:\/\/denizcankizil.tr\/en\/wp-json\/wp\/v2\/comments?post=26789"}],"version-history":[{"count":0,"href":"https:\/\/denizcankizil.tr\/en\/wp-json\/wp\/v2\/posts\/26789\/revisions"}],"wp:attachment":[{"href":"https:\/\/denizcankizil.tr\/en\/wp-json\/wp\/v2\/media?parent=26789"}],"wp:term":[{"taxonomy":"category","embeddable":true,"href":"https:\/\/denizcankizil.tr\/en\/wp-json\/wp\/v2\/categories?post=26789"},{"taxonomy":"post_tag","embeddable":true,"href":"https:\/\/denizcankizil.tr\/en\/wp-json\/wp\/v2\/tags?post=26789"}],"curies":[{"name":"wp","href":"https:\/\/api.w.org\/{rel}","templated":true}]}}