{"id":26781,"date":"2025-01-22T16:41:25","date_gmt":"2025-01-22T13:41:25","guid":{"rendered":"https:\/\/denizcankizil.tr\/uncategorized-tr\/fahis-kira-artislarina-kuldan-cozum-onerisi-kiracilara-bolge-verin\/"},"modified":"2025-01-22T16:41:25","modified_gmt":"2025-01-22T13:41:25","slug":"fahis-kira-artislarina-kuldan-cozum-onerisi-kiracilara-bolge-verin","status":"publish","type":"post","link":"https:\/\/denizcankizil.tr\/en\/haberler\/gundem\/fahis-kira-artislarina-kuldan-cozum-onerisi-kiracilara-bolge-verin\/","title":{"rendered":"Fahi\u015f kira art\u0131\u015flar\u0131na Kul\u2019dan \u00e7\u00f6z\u00fcm \u00f6nerisi: Kirac\u0131lara b\u00f6lge verin"},"content":{"rendered":"<p>Kirac\u0131lar Dayan\u0131\u015fmas\u0131 Platformu Ba\u015fkan\u0131 Cengiz Kul, y\u00fcksek kira art\u0131\u015flar\u0131n\u0131 tekrardan g\u00fcndeme getirdi. Y\u00fcksek kira art\u0131\u015flar\u0131 nedeniyle vatanda\u015flar\u0131n bar\u0131nmas\u0131n\u0131n her ge\u00e7en g\u00fcn zorla\u015ft\u0131\u011f\u0131na de\u011finen Kul, siyasilerin ise bu konuya el atmamas\u0131na tepki g\u00f6sterdi. Kul, \u201cKirac\u0131lara b\u00f6lge verin. Yeni bir b\u00f6lge, yeni bir yer tahsis edin. Adaletin oldu\u011fu bir b\u00f6lge istiyoruz. Bu b\u00f6yle devam ettik\u00e7e bu i\u015fin sonu nereye varacak? Allah a\u015fk\u0131na kim bu dar gelirli vatanda\u015flara sahip \u00e7\u0131kacak\u201d diye konu\u015ftu.\u00a0<\/p>\n<p>S\u0130YAS\u0130LER SADECE RANT PE\u015e\u0130NDE\u00a0<\/p>\n<p>Bar\u0131nma soruna siyasilerin yeterince e\u011filmedi\u011fini ve siyasiler sadece rant d\u00fc\u015f\u00fcnd\u00fc\u011f\u00fcn\u00fc iddia eden Kul, \u201c\u0130\u00e7inde bulundu\u011fumuz kaotik ortam, T\u00fcrkiye siyasetinin ne kadar koku\u015fmu\u015f, \u00e7\u00fcr\u00fcm\u00fc\u015f, k\u00f6hnemi\u015f oldu\u011funu g\u00f6stermektedir. T\u00fcm siyasi partiler, \u00fclkeyi ve yurtta\u015flar\u0131 de\u011fil, sadece ranta ve \u00e7\u0131kara y\u00f6nelmi\u015f durumdalar. Halk\u0131 ve yurtta\u015flar\u0131 se\u00e7imden se\u00e7ime hat\u0131rlar hale geldiler. Emeklinin i\u015f\u00e7inin, k\u00f6yl\u00fcn\u00fcn \u00e7ift\u00e7inin, bal\u0131k\u00e7\u0131n\u0131n, esnaf\u0131n, kad\u0131nlar\u0131n, \u00e7ocuklar\u0131n, gen\u00e7lerin, sorunlar\u0131n\u0131 \u00e7\u00f6zmek yerine daha da derin u\u00e7urumlar olu\u015fturuyorlar. Bu b\u00f6yle gitmez! T\u00fcrkiye Cumhuriyeti Devleti\u2019nin gelece\u011fi i\u00e7in T\u00fcrkiye siyasetinin yeniden dizayn edilmesi zorunluluktur. Temiz d\u00fcr\u00fcst ilkeli \u00e7\u0131kars\u0131z liyakatli idealist bir siyaset anlay\u0131\u015f\u0131n\u0131n tesis edilmesi gerekmektedir. Bu g\u00f6rev yurdunu seven her yurtta\u015f i\u00e7in zorunluluktur\u201d dedi.\u00a0<\/p>\n<p>\u201cK\u0130RACILARA B\u00d6LGE VER\u0130N\u201d<\/p>\n<p>Fahi\u015f kira art\u0131\u015flar\u0131 sonras\u0131 vatanda\u015flara b\u00f6lge verilmesinin isteyen Cengiz Kul, \u201cBiz dar gelirli vatanda\u015flar olarak halk\u0131 vatan\u0131 milletini koruyup kollayan bir y\u00f6netim bekliyoruz. Buradan t\u00fcm siyasilere kendileri i\u00e7in de\u011fil halk\u0131n sorunlar\u0131n\u0131 \u00e7\u00f6zmesini temenni ediyorum. \u0130stanbul\u2019da belirlenen kira \u00fccreti 4 asgari \u00fccrete tekab\u00fcl ediyor ver bu durum normal kabul ediliyor. Madem durum b\u00f6yle o zaman kirac\u0131lara b\u00f6lge verin. Yeni bir b\u00f6lge yeni bir yer tahsis edin. Adaletin oldu\u011fu bir b\u00f6lge istiyoruz. Bu b\u00f6yle devam ettik\u00e7e bu i\u015fin sonu nereye varacak? Allah a\u015fk\u0131na kim bu dar gelirli vatanda\u015flara sahip \u00e7\u0131kacak? T\u00fcm siyasi genel ba\u015fkanlar\u0131ndan merhamet de\u011fil yasa istiyoruz ya da garibanlara b\u00f6lge tahsil edilmesini. Art\u0131k bu adaletsiz fahi\u015f fiyatlar insanlar\u0131 zor duruma sokmaya ba\u015flad\u0131\u201d ifadelerini kulland\u0131.\u00a0<\/p>\n<p>\u200bT\u00fcm T\u00fcrkiye\u2019de oldu\u011fu gibi Antalya&#8217;da da bar\u0131nma sorunu derinle\u015fiyor. Fahi\u015f kira art\u0131\u015flar\u0131 sonras\u0131 kirac\u0131lar\u0131n art\u0131k bar\u0131namad\u0131\u011f\u0131na dikkat \u00e7eken Kirac\u0131lar Dayan\u0131\u015fmas\u0131 Platformu Ba\u015fkan\u0131 Cengiz Kul, \u201cT\u00fcm siyasi genel ba\u015fkanlar\u0131ndan merhamet de\u011fil yasa istiyoruz. Ya da garibanlara b\u00f6lge tahsil edilmesini. Art\u0131k bu adaletsiz fahi\u015f fiyatlar, insanlar\u0131 zor duruma sokmaya ba\u015flad\u0131\u201d dedi.\u00a0<\/p>\n<p>\u200bHaberin Al\u0131nt\u0131land\u0131\u011f\u0131 Kaynak: www.antalyakorfez.com<\/p>","protected":false},"excerpt":{"rendered":"<p>Kirac\u0131lar Dayan\u0131\u015fmas\u0131 Platformu Ba\u015fkan\u0131 Cengiz Kul, y\u00fcksek kira art\u0131\u015flar\u0131n\u0131 tekrardan g\u00fcndeme getirdi. Y\u00fcksek kira art\u0131\u015flar\u0131 nedeniyle vatanda\u015flar\u0131n bar\u0131nmas\u0131n\u0131n her ge\u00e7en g\u00fcn zorla\u015ft\u0131\u011f\u0131na de\u011finen Kul, siyasilerin ise bu konuya el atmamas\u0131na tepki g\u00f6sterdi. Kul, \u201cKirac\u0131lara b\u00f6lge verin. Yeni bir b\u00f6lge, yeni bir yer tahsis edin. Adaletin oldu\u011fu bir b\u00f6lge istiyoruz. Bu b\u00f6yle devam ettik\u00e7e bu i\u015fin sonu nereye varacak? Allah a\u015fk\u0131na kim bu dar gelirli vatanda\u015flara sahip \u00e7\u0131kacak\u201d diye konu\u015ftu.\u00a0 S\u0130YAS\u0130LER SADECE RANT PE\u015e\u0130NDE\u00a0 Bar\u0131nma soruna siyasilerin yeterince e\u011filmedi\u011fini ve siyasiler sadece rant d\u00fc\u015f\u00fcnd\u00fc\u011f\u00fcn\u00fc iddia eden Kul, \u201c\u0130\u00e7inde bulundu\u011fumuz kaotik ortam, T\u00fcrkiye siyasetinin ne kadar koku\u015fmu\u015f, \u00e7\u00fcr\u00fcm\u00fc\u015f, k\u00f6hnemi\u015f oldu\u011funu g\u00f6stermektedir. T\u00fcm siyasi partiler, \u00fclkeyi ve yurtta\u015flar\u0131 de\u011fil, sadece ranta ve \u00e7\u0131kara y\u00f6nelmi\u015f durumdalar. Halk\u0131 ve yurtta\u015flar\u0131 se\u00e7imden se\u00e7ime hat\u0131rlar hale geldiler. Emeklinin i\u015f\u00e7inin, k\u00f6yl\u00fcn\u00fcn \u00e7ift\u00e7inin, bal\u0131k\u00e7\u0131n\u0131n, esnaf\u0131n, kad\u0131nlar\u0131n, \u00e7ocuklar\u0131n, gen\u00e7lerin, sorunlar\u0131n\u0131 \u00e7\u00f6zmek yerine daha da derin u\u00e7urumlar olu\u015fturuyorlar. Bu b\u00f6yle gitmez! T\u00fcrkiye Cumhuriyeti Devleti\u2019nin gelece\u011fi i\u00e7in T\u00fcrkiye siyasetinin yeniden dizayn edilmesi zorunluluktur. Temiz d\u00fcr\u00fcst ilkeli \u00e7\u0131kars\u0131z liyakatli idealist bir siyaset anlay\u0131\u015f\u0131n\u0131n tesis edilmesi gerekmektedir. Bu g\u00f6rev yurdunu seven her yurtta\u015f i\u00e7in zorunluluktur\u201d dedi.\u00a0 \u201cK\u0130RACILARA B\u00d6LGE VER\u0130N\u201d Fahi\u015f kira art\u0131\u015flar\u0131 sonras\u0131 vatanda\u015flara b\u00f6lge verilmesinin isteyen Cengiz Kul, \u201cBiz dar gelirli vatanda\u015flar olarak halk\u0131 vatan\u0131 milletini koruyup kollayan bir y\u00f6netim bekliyoruz. Buradan t\u00fcm &hellip;<\/p>","protected":false},"author":5,"featured_media":0,"comment_status":"open","ping_status":"open","sticky":false,"template":"","format":"standard","meta":{"_acf_changed":false,"footnotes":""},"categories":[24],"tags":[],"class_list":["post-26781","post","type-post","status-publish","format-standard","has-post-thumbnail","hentry","category-gundem"],"acf":[],"yoast_head":"<!-- This site is optimized with the Yoast SEO Premium plugin v26.6 (Yoast SEO v27.1.1) - https:\/\/yoast.com\/product\/yoast-seo-premium-wordpress\/ -->\n<title>Fahi\u015f kira art\u0131\u015flar\u0131na Kul\u2019dan \u00e7\u00f6z\u00fcm \u00f6nerisi: Kirac\u0131lara b\u00f6lge verin - Av. Deniz Can K\u0131z\u0131l<\/title>\n<meta name=\"robots\" content=\"index, follow, max-snippet:-1, max-image-preview:large, max-video-preview:-1\" \/>\n<link rel=\"canonical\" href=\"https:\/\/denizcankizil.tr\/en\/haberler\/gundem\/fahis-kira-artislarina-kuldan-cozum-onerisi-kiracilara-bolge-verin\/\" \/>\n<meta property=\"og:locale\" content=\"en_GB\" \/>\n<meta property=\"og:type\" content=\"article\" \/>\n<meta property=\"og:title\" content=\"Fahi\u015f kira art\u0131\u015flar\u0131na Kul\u2019dan \u00e7\u00f6z\u00fcm \u00f6nerisi: Kirac\u0131lara b\u00f6lge verin\" \/>\n<meta property=\"og:description\" content=\"Kirac\u0131lar Dayan\u0131\u015fmas\u0131 Platformu Ba\u015fkan\u0131 Cengiz Kul, y\u00fcksek kira art\u0131\u015flar\u0131n\u0131 tekrardan g\u00fcndeme getirdi. Y\u00fcksek kira art\u0131\u015flar\u0131 nedeniyle vatanda\u015flar\u0131n bar\u0131nmas\u0131n\u0131n her ge\u00e7en g\u00fcn zorla\u015ft\u0131\u011f\u0131na de\u011finen Kul, siyasilerin ise bu konuya el atmamas\u0131na tepki g\u00f6sterdi. Kul, \u201cKirac\u0131lara b\u00f6lge verin. Yeni bir b\u00f6lge, yeni bir yer tahsis edin. Adaletin oldu\u011fu bir b\u00f6lge istiyoruz. Bu b\u00f6yle devam ettik\u00e7e bu i\u015fin sonu nereye varacak? Allah a\u015fk\u0131na kim bu dar gelirli vatanda\u015flara sahip \u00e7\u0131kacak\u201d diye konu\u015ftu.\u00a0 S\u0130YAS\u0130LER SADECE RANT PE\u015e\u0130NDE\u00a0 Bar\u0131nma soruna siyasilerin yeterince e\u011filmedi\u011fini ve siyasiler sadece rant d\u00fc\u015f\u00fcnd\u00fc\u011f\u00fcn\u00fc iddia eden Kul, \u201c\u0130\u00e7inde bulundu\u011fumuz kaotik ortam, T\u00fcrkiye siyasetinin ne kadar koku\u015fmu\u015f, \u00e7\u00fcr\u00fcm\u00fc\u015f, k\u00f6hnemi\u015f oldu\u011funu g\u00f6stermektedir. T\u00fcm siyasi partiler, \u00fclkeyi ve yurtta\u015flar\u0131 de\u011fil, sadece ranta ve \u00e7\u0131kara y\u00f6nelmi\u015f durumdalar. Halk\u0131 ve yurtta\u015flar\u0131 se\u00e7imden se\u00e7ime hat\u0131rlar hale geldiler. Emeklinin i\u015f\u00e7inin, k\u00f6yl\u00fcn\u00fcn \u00e7ift\u00e7inin, bal\u0131k\u00e7\u0131n\u0131n, esnaf\u0131n, kad\u0131nlar\u0131n, \u00e7ocuklar\u0131n, gen\u00e7lerin, sorunlar\u0131n\u0131 \u00e7\u00f6zmek yerine daha da derin u\u00e7urumlar olu\u015fturuyorlar. Bu b\u00f6yle gitmez! T\u00fcrkiye Cumhuriyeti Devleti\u2019nin gelece\u011fi i\u00e7in T\u00fcrkiye siyasetinin yeniden dizayn edilmesi zorunluluktur. Temiz d\u00fcr\u00fcst ilkeli \u00e7\u0131kars\u0131z liyakatli idealist bir siyaset anlay\u0131\u015f\u0131n\u0131n tesis edilmesi gerekmektedir. Bu g\u00f6rev yurdunu seven her yurtta\u015f i\u00e7in zorunluluktur\u201d dedi.\u00a0 \u201cK\u0130RACILARA B\u00d6LGE VER\u0130N\u201d Fahi\u015f kira art\u0131\u015flar\u0131 sonras\u0131 vatanda\u015flara b\u00f6lge verilmesinin isteyen Cengiz Kul, \u201cBiz dar gelirli vatanda\u015flar olarak halk\u0131 vatan\u0131 milletini koruyup kollayan bir y\u00f6netim bekliyoruz. Buradan t\u00fcm &hellip;\" \/>\n<meta property=\"og:url\" content=\"https:\/\/denizcankizil.tr\/en\/haberler\/gundem\/fahis-kira-artislarina-kuldan-cozum-onerisi-kiracilara-bolge-verin\/\" \/>\n<meta property=\"og:site_name\" content=\"Av. Deniz Can K\u0131z\u0131l\" \/>\n<meta property=\"article:published_time\" content=\"2025-01-22T13:41:25+00:00\" \/>\n<meta name=\"author\" content=\"Antalya K\u00f6rfez\" \/>\n<meta name=\"twitter:card\" content=\"summary_large_image\" \/>\n<meta name=\"twitter:label1\" content=\"Written by\" \/>\n\t<meta name=\"twitter:data1\" content=\"Antalya K\u00f6rfez\" \/>\n\t<meta name=\"twitter:label2\" content=\"Estimated reading time\" \/>\n\t<meta name=\"twitter:data2\" content=\"2 minutes\" \/>\n<script type=\"application\/ld+json\" class=\"yoast-schema-graph\">{\"@context\":\"https:\/\/schema.org\",\"@graph\":[{\"@type\":\"Article\",\"@id\":\"https:\/\/denizcankizil.tr\/en\/haberler\/gundem\/fahis-kira-artislarina-kuldan-cozum-onerisi-kiracilara-bolge-verin\/#article\",\"isPartOf\":{\"@id\":\"https:\/\/denizcankizil.tr\/en\/haberler\/gundem\/fahis-kira-artislarina-kuldan-cozum-onerisi-kiracilara-bolge-verin\/\"},\"author\":{\"name\":\"Antalya K\u00f6rfez\",\"@id\":\"https:\/\/denizcankizil.tr\/#\/schema\/person\/e1eb71bb4dd684d46563f0af307e1234\"},\"headline\":\"Fahi\u015f kira art\u0131\u015flar\u0131na Kul\u2019dan \u00e7\u00f6z\u00fcm \u00f6nerisi: Kirac\u0131lara b\u00f6lge verin\",\"datePublished\":\"2025-01-22T13:41:25+00:00\",\"mainEntityOfPage\":{\"@id\":\"https:\/\/denizcankizil.tr\/en\/haberler\/gundem\/fahis-kira-artislarina-kuldan-cozum-onerisi-kiracilara-bolge-verin\/\"},\"wordCount\":502,\"commentCount\":0,\"publisher\":{\"@id\":\"https:\/\/denizcankizil.tr\/#organization\"},\"articleSection\":[\"G\u00fcndem\"],\"inLanguage\":\"en-GB\",\"potentialAction\":[{\"@type\":\"CommentAction\",\"name\":\"Comment\",\"target\":[\"https:\/\/denizcankizil.tr\/en\/haberler\/gundem\/fahis-kira-artislarina-kuldan-cozum-onerisi-kiracilara-bolge-verin\/#respond\"]}]},{\"@type\":\"WebPage\",\"@id\":\"https:\/\/denizcankizil.tr\/en\/haberler\/gundem\/fahis-kira-artislarina-kuldan-cozum-onerisi-kiracilara-bolge-verin\/\",\"url\":\"https:\/\/denizcankizil.tr\/en\/haberler\/gundem\/fahis-kira-artislarina-kuldan-cozum-onerisi-kiracilara-bolge-verin\/\",\"name\":\"Fahi\u015f kira art\u0131\u015flar\u0131na Kul\u2019dan \u00e7\u00f6z\u00fcm \u00f6nerisi: Kirac\u0131lara b\u00f6lge verin - Av. Deniz Can K\u0131z\u0131l\",\"isPartOf\":{\"@id\":\"https:\/\/denizcankizil.tr\/#website\"},\"datePublished\":\"2025-01-22T13:41:25+00:00\",\"breadcrumb\":{\"@id\":\"https:\/\/denizcankizil.tr\/en\/haberler\/gundem\/fahis-kira-artislarina-kuldan-cozum-onerisi-kiracilara-bolge-verin\/#breadcrumb\"},\"inLanguage\":\"en-GB\",\"potentialAction\":[{\"@type\":\"ReadAction\",\"target\":[\"https:\/\/denizcankizil.tr\/en\/haberler\/gundem\/fahis-kira-artislarina-kuldan-cozum-onerisi-kiracilara-bolge-verin\/\"]}]},{\"@type\":\"BreadcrumbList\",\"@id\":\"https:\/\/denizcankizil.tr\/en\/haberler\/gundem\/fahis-kira-artislarina-kuldan-cozum-onerisi-kiracilara-bolge-verin\/#breadcrumb\",\"itemListElement\":[{\"@type\":\"ListItem\",\"position\":1,\"name\":\"Home\",\"item\":\"https:\/\/denizcankizil.tr\/uk\/\"},{\"@type\":\"ListItem\",\"position\":2,\"name\":\"Fahi\u015f kira art\u0131\u015flar\u0131na Kul\u2019dan \u00e7\u00f6z\u00fcm \u00f6nerisi: Kirac\u0131lara b\u00f6lge verin\"}]},{\"@type\":\"WebSite\",\"@id\":\"https:\/\/denizcankizil.tr\/#website\",\"url\":\"https:\/\/denizcankizil.tr\/\",\"name\":\"Av. Deniz Can K\u0131z\u0131l\",\"description\":\"Avukat Deniz Can K\u0131z\u0131l Antalya Barosu\",\"publisher\":{\"@id\":\"https:\/\/denizcankizil.tr\/#organization\"},\"potentialAction\":[{\"@type\":\"SearchAction\",\"target\":{\"@type\":\"EntryPoint\",\"urlTemplate\":\"https:\/\/denizcankizil.tr\/?s={search_term_string}\"},\"query-input\":{\"@type\":\"PropertyValueSpecification\",\"valueRequired\":true,\"valueName\":\"search_term_string\"}}],\"inLanguage\":\"en-GB\"},{\"@type\":\"Organization\",\"@id\":\"https:\/\/denizcankizil.tr\/#organization\",\"name\":\"Av. Deniz Can K\u0131z\u0131l\",\"url\":\"https:\/\/denizcankizil.tr\/\",\"logo\":{\"@type\":\"ImageObject\",\"inLanguage\":\"en-GB\",\"@id\":\"https:\/\/denizcankizil.tr\/#\/schema\/logo\/image\/\",\"url\":\"https:\/\/denizcankizil.tr\/wp-content\/uploads\/2024\/10\/siyah-logo-svg.svg\",\"contentUrl\":\"https:\/\/denizcankizil.tr\/wp-content\/uploads\/2024\/10\/siyah-logo-svg.svg\",\"width\":1080,\"height\":1080,\"caption\":\"Av. Deniz Can K\u0131z\u0131l\"},\"image\":{\"@id\":\"https:\/\/denizcankizil.tr\/#\/schema\/logo\/image\/\"}},{\"@type\":\"Person\",\"@id\":\"https:\/\/denizcankizil.tr\/#\/schema\/person\/e1eb71bb4dd684d46563f0af307e1234\",\"name\":\"Antalya K\u00f6rfez\",\"image\":{\"@type\":\"ImageObject\",\"inLanguage\":\"en-GB\",\"@id\":\"https:\/\/denizcankizil.tr\/#\/schema\/person\/image\/\",\"url\":\"https:\/\/secure.gravatar.com\/avatar\/42b01982558a48a0b501fdcab6a408d3717ea5919095ee2e67b0e521799c5905?s=96&d=mm&r=g\",\"contentUrl\":\"https:\/\/secure.gravatar.com\/avatar\/42b01982558a48a0b501fdcab6a408d3717ea5919095ee2e67b0e521799c5905?s=96&d=mm&r=g\",\"caption\":\"Antalya K\u00f6rfez\"},\"sameAs\":[\"http:\/\/www.antalyakorfez.com\"],\"url\":\"https:\/\/www.antalyakorfez.com\/fahis-kira-artislarina-kuldan-cozum-onerisi-kiracilara-bolge-verin\"}]}<\/script>\n<!-- \/ Yoast SEO Premium plugin. -->","yoast_head_json":{"title":"Fahi\u015f kira art\u0131\u015flar\u0131na Kul\u2019dan \u00e7\u00f6z\u00fcm \u00f6nerisi: Kirac\u0131lara b\u00f6lge verin - Av. Deniz Can K\u0131z\u0131l","robots":{"index":"index","follow":"follow","max-snippet":"max-snippet:-1","max-image-preview":"max-image-preview:large","max-video-preview":"max-video-preview:-1"},"canonical":"https:\/\/denizcankizil.tr\/en\/haberler\/gundem\/fahis-kira-artislarina-kuldan-cozum-onerisi-kiracilara-bolge-verin\/","og_locale":"en_GB","og_type":"article","og_title":"Fahi\u015f kira art\u0131\u015flar\u0131na Kul\u2019dan \u00e7\u00f6z\u00fcm \u00f6nerisi: Kirac\u0131lara b\u00f6lge verin","og_description":"Kirac\u0131lar Dayan\u0131\u015fmas\u0131 Platformu Ba\u015fkan\u0131 Cengiz Kul, y\u00fcksek kira art\u0131\u015flar\u0131n\u0131 tekrardan g\u00fcndeme getirdi. Y\u00fcksek kira art\u0131\u015flar\u0131 nedeniyle vatanda\u015flar\u0131n bar\u0131nmas\u0131n\u0131n her ge\u00e7en g\u00fcn zorla\u015ft\u0131\u011f\u0131na de\u011finen Kul, siyasilerin ise bu konuya el atmamas\u0131na tepki g\u00f6sterdi. Kul, \u201cKirac\u0131lara b\u00f6lge verin. Yeni bir b\u00f6lge, yeni bir yer tahsis edin. Adaletin oldu\u011fu bir b\u00f6lge istiyoruz. Bu b\u00f6yle devam ettik\u00e7e bu i\u015fin sonu nereye varacak? Allah a\u015fk\u0131na kim bu dar gelirli vatanda\u015flara sahip \u00e7\u0131kacak\u201d diye konu\u015ftu.\u00a0 S\u0130YAS\u0130LER SADECE RANT PE\u015e\u0130NDE\u00a0 Bar\u0131nma soruna siyasilerin yeterince e\u011filmedi\u011fini ve siyasiler sadece rant d\u00fc\u015f\u00fcnd\u00fc\u011f\u00fcn\u00fc iddia eden Kul, \u201c\u0130\u00e7inde bulundu\u011fumuz kaotik ortam, T\u00fcrkiye siyasetinin ne kadar koku\u015fmu\u015f, \u00e7\u00fcr\u00fcm\u00fc\u015f, k\u00f6hnemi\u015f oldu\u011funu g\u00f6stermektedir. T\u00fcm siyasi partiler, \u00fclkeyi ve yurtta\u015flar\u0131 de\u011fil, sadece ranta ve \u00e7\u0131kara y\u00f6nelmi\u015f durumdalar. Halk\u0131 ve yurtta\u015flar\u0131 se\u00e7imden se\u00e7ime hat\u0131rlar hale geldiler. Emeklinin i\u015f\u00e7inin, k\u00f6yl\u00fcn\u00fcn \u00e7ift\u00e7inin, bal\u0131k\u00e7\u0131n\u0131n, esnaf\u0131n, kad\u0131nlar\u0131n, \u00e7ocuklar\u0131n, gen\u00e7lerin, sorunlar\u0131n\u0131 \u00e7\u00f6zmek yerine daha da derin u\u00e7urumlar olu\u015fturuyorlar. Bu b\u00f6yle gitmez! T\u00fcrkiye Cumhuriyeti Devleti\u2019nin gelece\u011fi i\u00e7in T\u00fcrkiye siyasetinin yeniden dizayn edilmesi zorunluluktur. Temiz d\u00fcr\u00fcst ilkeli \u00e7\u0131kars\u0131z liyakatli idealist bir siyaset anlay\u0131\u015f\u0131n\u0131n tesis edilmesi gerekmektedir. Bu g\u00f6rev yurdunu seven her yurtta\u015f i\u00e7in zorunluluktur\u201d dedi.\u00a0 \u201cK\u0130RACILARA B\u00d6LGE VER\u0130N\u201d Fahi\u015f kira art\u0131\u015flar\u0131 sonras\u0131 vatanda\u015flara b\u00f6lge verilmesinin isteyen Cengiz Kul, \u201cBiz dar gelirli vatanda\u015flar olarak halk\u0131 vatan\u0131 milletini koruyup kollayan bir y\u00f6netim bekliyoruz. Buradan t\u00fcm &hellip;","og_url":"https:\/\/denizcankizil.tr\/en\/haberler\/gundem\/fahis-kira-artislarina-kuldan-cozum-onerisi-kiracilara-bolge-verin\/","og_site_name":"Av. Deniz Can K\u0131z\u0131l","article_published_time":"2025-01-22T13:41:25+00:00","author":"Antalya K\u00f6rfez","twitter_card":"summary_large_image","twitter_misc":{"Written by":"Antalya K\u00f6rfez","Estimated reading time":"2 minutes"},"schema":{"@context":"https:\/\/schema.org","@graph":[{"@type":"Article","@id":"https:\/\/denizcankizil.tr\/en\/haberler\/gundem\/fahis-kira-artislarina-kuldan-cozum-onerisi-kiracilara-bolge-verin\/#article","isPartOf":{"@id":"https:\/\/denizcankizil.tr\/en\/haberler\/gundem\/fahis-kira-artislarina-kuldan-cozum-onerisi-kiracilara-bolge-verin\/"},"author":{"name":"Antalya K\u00f6rfez","@id":"https:\/\/denizcankizil.tr\/#\/schema\/person\/e1eb71bb4dd684d46563f0af307e1234"},"headline":"Fahi\u015f kira art\u0131\u015flar\u0131na Kul\u2019dan \u00e7\u00f6z\u00fcm \u00f6nerisi: Kirac\u0131lara b\u00f6lge verin","datePublished":"2025-01-22T13:41:25+00:00","mainEntityOfPage":{"@id":"https:\/\/denizcankizil.tr\/en\/haberler\/gundem\/fahis-kira-artislarina-kuldan-cozum-onerisi-kiracilara-bolge-verin\/"},"wordCount":502,"commentCount":0,"publisher":{"@id":"https:\/\/denizcankizil.tr\/#organization"},"articleSection":["G\u00fcndem"],"inLanguage":"en-GB","potentialAction":[{"@type":"CommentAction","name":"Comment","target":["https:\/\/denizcankizil.tr\/en\/haberler\/gundem\/fahis-kira-artislarina-kuldan-cozum-onerisi-kiracilara-bolge-verin\/#respond"]}]},{"@type":"WebPage","@id":"https:\/\/denizcankizil.tr\/en\/haberler\/gundem\/fahis-kira-artislarina-kuldan-cozum-onerisi-kiracilara-bolge-verin\/","url":"https:\/\/denizcankizil.tr\/en\/haberler\/gundem\/fahis-kira-artislarina-kuldan-cozum-onerisi-kiracilara-bolge-verin\/","name":"Fahi\u015f kira art\u0131\u015flar\u0131na Kul\u2019dan \u00e7\u00f6z\u00fcm \u00f6nerisi: Kirac\u0131lara b\u00f6lge verin - Av. Deniz Can K\u0131z\u0131l","isPartOf":{"@id":"https:\/\/denizcankizil.tr\/#website"},"datePublished":"2025-01-22T13:41:25+00:00","breadcrumb":{"@id":"https:\/\/denizcankizil.tr\/en\/haberler\/gundem\/fahis-kira-artislarina-kuldan-cozum-onerisi-kiracilara-bolge-verin\/#breadcrumb"},"inLanguage":"en-GB","potentialAction":[{"@type":"ReadAction","target":["https:\/\/denizcankizil.tr\/en\/haberler\/gundem\/fahis-kira-artislarina-kuldan-cozum-onerisi-kiracilara-bolge-verin\/"]}]},{"@type":"BreadcrumbList","@id":"https:\/\/denizcankizil.tr\/en\/haberler\/gundem\/fahis-kira-artislarina-kuldan-cozum-onerisi-kiracilara-bolge-verin\/#breadcrumb","itemListElement":[{"@type":"ListItem","position":1,"name":"Home","item":"https:\/\/denizcankizil.tr\/uk\/"},{"@type":"ListItem","position":2,"name":"Fahi\u015f kira art\u0131\u015flar\u0131na Kul\u2019dan \u00e7\u00f6z\u00fcm \u00f6nerisi: Kirac\u0131lara b\u00f6lge verin"}]},{"@type":"WebSite","@id":"https:\/\/denizcankizil.tr\/#website","url":"https:\/\/denizcankizil.tr\/","name":"Av. Deniz Can K\u0131z\u0131l","description":"Avukat Deniz Can K\u0131z\u0131l Antalya Barosu","publisher":{"@id":"https:\/\/denizcankizil.tr\/#organization"},"potentialAction":[{"@type":"SearchAction","target":{"@type":"EntryPoint","urlTemplate":"https:\/\/denizcankizil.tr\/?s={search_term_string}"},"query-input":{"@type":"PropertyValueSpecification","valueRequired":true,"valueName":"search_term_string"}}],"inLanguage":"en-GB"},{"@type":"Organization","@id":"https:\/\/denizcankizil.tr\/#organization","name":"Av. Deniz Can K\u0131z\u0131l","url":"https:\/\/denizcankizil.tr\/","logo":{"@type":"ImageObject","inLanguage":"en-GB","@id":"https:\/\/denizcankizil.tr\/#\/schema\/logo\/image\/","url":"https:\/\/denizcankizil.tr\/wp-content\/uploads\/2024\/10\/siyah-logo-svg.svg","contentUrl":"https:\/\/denizcankizil.tr\/wp-content\/uploads\/2024\/10\/siyah-logo-svg.svg","width":1080,"height":1080,"caption":"Av. Deniz Can K\u0131z\u0131l"},"image":{"@id":"https:\/\/denizcankizil.tr\/#\/schema\/logo\/image\/"}},{"@type":"Person","@id":"https:\/\/denizcankizil.tr\/#\/schema\/person\/e1eb71bb4dd684d46563f0af307e1234","name":"Antalya K\u00f6rfez","image":{"@type":"ImageObject","inLanguage":"en-GB","@id":"https:\/\/denizcankizil.tr\/#\/schema\/person\/image\/","url":"https:\/\/secure.gravatar.com\/avatar\/42b01982558a48a0b501fdcab6a408d3717ea5919095ee2e67b0e521799c5905?s=96&d=mm&r=g","contentUrl":"https:\/\/secure.gravatar.com\/avatar\/42b01982558a48a0b501fdcab6a408d3717ea5919095ee2e67b0e521799c5905?s=96&d=mm&r=g","caption":"Antalya K\u00f6rfez"},"sameAs":["http:\/\/www.antalyakorfez.com"],"url":"https:\/\/www.antalyakorfez.com\/fahis-kira-artislarina-kuldan-cozum-onerisi-kiracilara-bolge-verin"}]}},"_links":{"self":[{"href":"https:\/\/denizcankizil.tr\/en\/wp-json\/wp\/v2\/posts\/26781","targetHints":{"allow":["GET"]}}],"collection":[{"href":"https:\/\/denizcankizil.tr\/en\/wp-json\/wp\/v2\/posts"}],"about":[{"href":"https:\/\/denizcankizil.tr\/en\/wp-json\/wp\/v2\/types\/post"}],"author":[{"embeddable":true,"href":"https:\/\/denizcankizil.tr\/en\/wp-json\/wp\/v2\/users\/5"}],"replies":[{"embeddable":true,"href":"https:\/\/denizcankizil.tr\/en\/wp-json\/wp\/v2\/comments?post=26781"}],"version-history":[{"count":0,"href":"https:\/\/denizcankizil.tr\/en\/wp-json\/wp\/v2\/posts\/26781\/revisions"}],"wp:attachment":[{"href":"https:\/\/denizcankizil.tr\/en\/wp-json\/wp\/v2\/media?parent=26781"}],"wp:term":[{"taxonomy":"category","embeddable":true,"href":"https:\/\/denizcankizil.tr\/en\/wp-json\/wp\/v2\/categories?post=26781"},{"taxonomy":"post_tag","embeddable":true,"href":"https:\/\/denizcankizil.tr\/en\/wp-json\/wp\/v2\/tags?post=26781"}],"curies":[{"name":"wp","href":"https:\/\/api.w.org\/{rel}","templated":true}]}}