{"id":26713,"date":"2025-01-22T10:42:10","date_gmt":"2025-01-22T07:42:10","guid":{"rendered":"https:\/\/denizcankizil.tr\/uncategorized-tr\/izmirde-sosyal-dengeye-yuzde-18lik-ek-protokol\/"},"modified":"2025-01-22T10:42:10","modified_gmt":"2025-01-22T07:42:10","slug":"izmirde-sosyal-dengeye-yuzde-18lik-ek-protokol","status":"publish","type":"post","link":"https:\/\/denizcankizil.tr\/en\/haberler\/gundem\/izmirde-sosyal-dengeye-yuzde-18lik-ek-protokol\/","title":{"rendered":"\u0130zmir&#8217;de &#8216;Sosyal Denge&#8217;ye y\u00fczde 18&#8217;lik ek protokol"},"content":{"rendered":"<p>\u0130zmir B\u00fcy\u00fck\u015fehir Belediye Ba\u015fkan\u0131 Dr. Cemil Tugay, T\u00fcm Belediye ve Yerel Y\u00f6netim Hizmetleri Emek\u00e7ileri Sendikas\u0131 (T\u00fcm Bel-Sen) \u0130zmir 1 No&#8217;lu \u015eube y\u00f6neticileri ile bir araya gelerek memurlara y\u00f6nelik Sosyal Denge Tazminat\u0131 (SDT) ek protokol\u00fcn\u00fc imzalad\u0131. Ek protokol, 1 Ocak itibariyle ge\u00e7erli olacak.\u0130ZM\u0130R (\u0130GFA) &#8211; \u0130zmir B\u00fcy\u00fck\u015fehir Belediyesi, ESHOT ve \u0130ZSU Genel M\u00fcd\u00fcrl\u00fc\u011f\u00fc b\u00fcnyesinde g\u00f6rev yapan 6 bin 75 memur ve s\u00f6zle\u015fmeli memur personele y\u00f6nelik Sosyal Denge Tazminat\u0131 (SDT) \u00f6demeleri i\u00e7in ek protokole imza att\u0131.<br \/>\n\u0130zmir B\u00fcy\u00fck\u015fehir Belediye Ba\u015fkan\u0131 Dr. Cemil Tugay, \u0130zmir B\u00fcy\u00fck\u015fehir Belediyesi Genel Sekreteri Ramazan Tezcan, T\u00fcm Bel-Sen \u0130zmir 1 No&#8217;lu \u015eube Ba\u015fkan\u0131 Turgut Ang\u00fcn, T\u0130S ve Hukuk Sekreteri \u00d6zge Akman Bayraktar ve sendika temsilcilerinin kat\u0131ld\u0131\u011f\u0131 imza t\u00f6reninde konu\u015fan Ba\u015fkan Tugay, \u201cDayan\u0131\u015fma i\u00e7inde olmam\u0131z gereken bir d\u00f6nem. Hay\u0131rl\u0131 olsun, in\u015fallah daha g\u00fczel g\u00fcnlerimiz olsun. Benim i\u00e7in k\u0131ymetlisiniz. Ben burada patron de\u011filim, kamu y\u00f6neticisiyim. Halk\u0131n oylar\u0131yla gelen ge\u00e7ici bir y\u00f6neticiyim. Buray\u0131 y\u00f6netmekle y\u00fck\u00fcml\u00fcy\u00fcm. Mevcut \u015fartlar i\u00e7inde karar verebiliyorum ama bir taraftan da biz bir siyasi m\u00fccadele yap\u0131yoruz\u201d dedi. Protokol kapsam\u0131nda 1 Ocak tarihinden itibaren ge\u00e7erli olmak \u00fczere net 17 bin TL olarak \u00f6denen SDT, y\u00fczde 18 art\u0131\u015fla ayl\u0131k 20 bin TL oldu.<br \/>\n\u201c\u00c7OK DAHA \u0130Y\u0130S\u0130N\u0130 HAK ED\u0130YORSUNUZ\u201d<br \/>\nT\u00fcrkiye&#8217;nin israf, yalan, dolan d\u00fczeninden \u00e7\u0131kmas\u0131 i\u00e7in m\u00fccadele ettiklerini s\u00f6zlerine ekleyen Ba\u015fkan Tugay, \u201c\u0130n\u015fallah \u00f6n\u00fcm\u00fczdeki genel se\u00e7imi kazan\u0131rsak her \u015fey de\u011fi\u015fecek. As\u0131l \u00f6nemli olan o. G\u00fcnl\u00fck ya da k\u0131sa vadeli de\u011fil, bu perspektiften bakmakta fayda var. \u00dclkenin i\u00e7inde bulundu\u011fu bu \u015fartlar, bizlerin maruz kald\u0131\u011f\u0131 \u015fartlar \u015fu anda ancak bunu m\u00fcmk\u00fcn k\u0131l\u0131yor. \u00c7ok daha iyisini hak etti\u011finize y\u00fcrekten inan\u0131yorum. Ben de bir memur \u00e7ocu\u011fuyum. Kendim de 15 y\u0131l devlet memurlu\u011fu yapt\u0131m. Ger\u00e7ekten \u00fcz\u00fcl\u00fcyorum ama bunu halletmenin yolu bizim se\u00e7imi kazanmam\u0131z&#8221; diye konu\u015ftu.<br \/>\nT\u00fcm Bel-Sen \u0130zmir 1 No&#8217;lu \u015eube Ba\u015fkan\u0131 Turgut Ang\u00fcn ise \u0130zmir B\u00fcy\u00fck\u015fehir Belediyesi&#8217;nin kar\u015f\u0131l\u0131\u011f\u0131nda belki zorlanarak da olsa emek\u00e7iden yana tutum almalar\u0131ndan \u00f6t\u00fcr\u00fc Ba\u015fkan Cemil Tugay&#8217;a te\u015fekk\u00fcr etti.<br \/>\nY\u00dcZDE 18\u2019L\u0130K ARTI\u015e<br \/>\n\u0130zmir B\u00fcy\u00fck\u015fehir Belediyesi taraf\u0131ndan ESHOT ve \u0130ZSU Genel M\u00fcd\u00fcrl\u00fc\u011f\u00fc b\u00fcnyesinde g\u00f6rev yapan memur ve s\u00f6zle\u015fmeli memur personele 2024 y\u0131l\u0131 nisan ay\u0131na kadar net 14 bin TL Sosyal Denge Tazminat\u0131 \u00f6demesi yap\u0131ld\u0131.<br \/>\n14 A\u011fustos 2024 tarihinde imzalanan ve 1 Ocak 2024-21 Aral\u0131k 2025 d\u00f6nemini kapsayan toplu i\u015f s\u00f6zle\u015fmesi ile net 14 bin TL olarak \u00f6denen SDT, 17 bin TL oldu. 2025 y\u0131l\u0131nda memur ve s\u00f6zle\u015fmeli memur maa\u015flar\u0131nda y\u00fczde 11,54 oran\u0131na art\u0131\u015f olurken, sosyal denge tazminat\u0131nda t\u00fcm \u00f6demeler dahil yasal s\u0131n\u0131r br\u00fct 11 bin 543, 14 TL olarak belirlendi.<br \/>\nYap\u0131lan ek protokol kapsam\u0131nda, 1 Ocak tarihinden itibaren ge\u00e7erli olmak \u00fczere net 17 bin TL olarak \u00f6denen SDT, y\u00fczde 18 art\u0131\u015fla ayl\u0131k 20 bin TL oldu.<\/p>\n<p>\u200b\u0130zmir B\u00fcy\u00fck\u015fehir Belediye Ba\u015fkan\u0131 Dr. Cemil Tugay, T\u00fcm Belediye ve Yerel Y\u00f6netim Hizmetleri Emek\u00e7ileri Sendikas\u0131 (T\u00fcm Bel-Sen) \u0130zmir 1 No&#8217;lu \u015eube y\u00f6neticileri ile bir araya gelerek memurlara y\u00f6nelik Sosyal Denge Tazminat\u0131 (SDT) ek protokol\u00fcn\u00fc imzalad\u0131. Ek protokol, 1 Ocak itibariyle ge\u00e7erli olacak.\u0130ZM\u0130R (\u0130GFA) &#8211; \u0130zmir B\u00fcy\u00fck\u015fehir Belediyesi, ESHOT ve \u0130ZSU Genel M\u00fcd\u00fcrl\u00fc\u011f\u00fc b\u00fcnyesinde g\u00f6rev yapan 6 bin 75 memur ve s\u00f6zle\u015fmeli memur personele y\u00f6nelik Sosyal Denge Tazminat\u0131 (SDT) \u00f6demeleri i\u00e7in ek protokole imza att\u0131.<br \/>\n\u0130zmir B\u00fcy\u00fck\u015fehir Belediye Ba\u015fkan\u0131 Dr. Cemil Tugay, \u0130zmir B\u00fcy\u00fck\u015fehir Belediyesi Genel Sekreteri Ramazan Tezcan, T\u00fcm Bel-Sen \u0130zmir 1 No&#8217;lu \u015eube Ba\u015fkan\u0131 Turgut Ang\u00fcn, T\u0130S ve Hukuk Sekreteri \u00d6zge Akman Bayraktar ve sendika temsilcilerinin kat\u0131ld\u0131\u011f\u0131 imza t\u00f6reninde konu\u015fan Ba\u015fkan Tugay, \u201cDayan\u0131\u015fma i\u00e7inde olmam\u0131z gereken bir d\u00f6nem. Hay\u0131rl\u0131 olsun, in\u015fallah daha g\u00fczel g\u00fcnlerimiz olsun. Benim i\u00e7in k\u0131ymetlisiniz. Ben burada patron de\u011filim, kamu y\u00f6neticisiyim. Halk\u0131n oylar\u0131yla gelen ge\u00e7ici bir y\u00f6neticiyim. Buray\u0131 y\u00f6netmekle y\u00fck\u00fcml\u00fcy\u00fcm. Mevcut \u015fartlar i\u00e7inde karar verebiliyorum ama bir taraftan da biz bir siyasi m\u00fccadele yap\u0131yoruz\u201d dedi. Protokol kapsam\u0131nda 1 Ocak tarihinden itibaren ge\u00e7erli olmak \u00fczere net 17 bin TL olarak \u00f6denen SDT, y\u00fczde 18 art\u0131\u015fla ayl\u0131k 20 bin TL oldu.<br \/>\n\u201c\u00c7OK DAHA \u0130Y\u0130S\u0130N\u0130 HAK ED\u0130YORSUNUZ\u201d<br \/>\nT\u00fcrkiye&#8217;nin israf, yalan, dolan d\u00fczeninden \u00e7\u0131kmas\u0131 i\u00e7in m\u00fccadele ettiklerini s\u00f6zlerine ekleyen Ba\u015fkan Tugay, \u201c\u0130n\u015fallah \u00f6n\u00fcm\u00fczdeki genel se\u00e7imi kazan\u0131rsak her \u015fey de\u011fi\u015fecek. As\u0131l \u00f6nemli olan o. G\u00fcnl\u00fck ya da k\u0131sa vadeli de\u011fil, bu perspektiften bakmakta fayda var. \u00dclkenin i\u00e7inde bulundu\u011fu bu \u015fartlar, bizlerin maruz kald\u0131\u011f\u0131 \u015fartlar \u015fu anda ancak bunu m\u00fcmk\u00fcn k\u0131l\u0131yor. \u00c7ok daha iyisini hak etti\u011finize y\u00fcrekten inan\u0131yorum. Ben de bir memur \u00e7ocu\u011fuyum. Kendim de 15 y\u0131l devlet memurlu\u011fu yapt\u0131m. Ger\u00e7ekten \u00fcz\u00fcl\u00fcyorum ama bunu halletmenin yolu bizim se\u00e7imi kazanmam\u0131z&#8221; diye konu\u015ftu.<br \/>\nT\u00fcm Bel-Sen \u0130zmir 1 No&#8217;lu \u015eube Ba\u015fkan\u0131 Turgut Ang\u00fcn ise \u0130zmir B\u00fcy\u00fck\u015fehir Belediyesi&#8217;nin kar\u015f\u0131l\u0131\u011f\u0131nda belki zorlanarak da olsa emek\u00e7iden yana tutum almalar\u0131ndan \u00f6t\u00fcr\u00fc Ba\u015fkan Cemil Tugay&#8217;a te\u015fekk\u00fcr etti.<br \/>\nY\u00dcZDE 18\u2019L\u0130K ARTI\u015e<br \/>\n\u0130zmir B\u00fcy\u00fck\u015fehir Belediyesi taraf\u0131ndan ESHOT ve \u0130ZSU Genel M\u00fcd\u00fcrl\u00fc\u011f\u00fc b\u00fcnyesinde g\u00f6rev yapan memur ve s\u00f6zle\u015fmeli memur personele 2024 y\u0131l\u0131 nisan ay\u0131na kadar net 14 bin TL Sosyal Denge Tazminat\u0131 \u00f6demesi yap\u0131ld\u0131.<br \/>\n14 A\u011fustos 2024 tarihinde imzalanan ve 1 Ocak 2024-21 Aral\u0131k 2025 d\u00f6nemini kapsayan toplu i\u015f s\u00f6zle\u015fmesi ile net 14 bin TL olarak \u00f6denen SDT, 17 bin TL oldu. 2025 y\u0131l\u0131nda memur ve s\u00f6zle\u015fmeli memur maa\u015flar\u0131nda y\u00fczde 11,54 oran\u0131na art\u0131\u015f olurken, sosyal denge tazminat\u0131nda t\u00fcm \u00f6demeler dahil yasal s\u0131n\u0131r br\u00fct 11 bin 543, 14 TL olarak belirlendi.<br \/>\nYap\u0131lan ek protokol kapsam\u0131nda, 1 Ocak tarihinden itibaren ge\u00e7erli olmak \u00fczere net 17 bin TL olarak \u00f6denen SDT, y\u00fczde 18 art\u0131\u015fla ayl\u0131k 20 bin TL oldu.\u00a0<\/p>\n<p>\u200bHaberin Al\u0131nt\u0131land\u0131\u011f\u0131 Kaynak: www.iskenderun.org<\/p>","protected":false},"excerpt":{"rendered":"<p>\u0130zmir B\u00fcy\u00fck\u015fehir Belediye Ba\u015fkan\u0131 Dr. Cemil Tugay, T\u00fcm Belediye ve Yerel Y\u00f6netim Hizmetleri Emek\u00e7ileri Sendikas\u0131 (T\u00fcm Bel-Sen) \u0130zmir 1 No&#8217;lu \u015eube y\u00f6neticileri ile bir araya gelerek memurlara y\u00f6nelik Sosyal Denge Tazminat\u0131 (SDT) ek protokol\u00fcn\u00fc imzalad\u0131. Ek protokol, 1 Ocak itibariyle ge\u00e7erli olacak.\u0130ZM\u0130R (\u0130GFA) &#8211; \u0130zmir B\u00fcy\u00fck\u015fehir Belediyesi, ESHOT ve \u0130ZSU Genel M\u00fcd\u00fcrl\u00fc\u011f\u00fc b\u00fcnyesinde g\u00f6rev yapan 6 bin 75 memur ve s\u00f6zle\u015fmeli memur personele y\u00f6nelik Sosyal Denge Tazminat\u0131 (SDT) \u00f6demeleri i\u00e7in ek protokole imza att\u0131. \u0130zmir B\u00fcy\u00fck\u015fehir Belediye Ba\u015fkan\u0131 Dr. Cemil Tugay, \u0130zmir B\u00fcy\u00fck\u015fehir Belediyesi Genel Sekreteri Ramazan Tezcan, T\u00fcm Bel-Sen \u0130zmir 1 No&#8217;lu \u015eube Ba\u015fkan\u0131 Turgut Ang\u00fcn, T\u0130S ve Hukuk Sekreteri \u00d6zge Akman Bayraktar ve sendika temsilcilerinin kat\u0131ld\u0131\u011f\u0131 imza t\u00f6reninde konu\u015fan Ba\u015fkan Tugay, \u201cDayan\u0131\u015fma i\u00e7inde olmam\u0131z gereken bir d\u00f6nem. Hay\u0131rl\u0131 olsun, in\u015fallah daha g\u00fczel g\u00fcnlerimiz olsun. Benim i\u00e7in k\u0131ymetlisiniz. Ben burada patron de\u011filim, kamu y\u00f6neticisiyim. Halk\u0131n oylar\u0131yla gelen ge\u00e7ici bir y\u00f6neticiyim. Buray\u0131 y\u00f6netmekle y\u00fck\u00fcml\u00fcy\u00fcm. Mevcut \u015fartlar i\u00e7inde karar verebiliyorum ama bir taraftan da biz bir siyasi m\u00fccadele yap\u0131yoruz\u201d dedi. Protokol kapsam\u0131nda 1 Ocak tarihinden itibaren ge\u00e7erli olmak \u00fczere net 17 bin TL olarak \u00f6denen SDT, y\u00fczde 18 art\u0131\u015fla ayl\u0131k 20 bin TL oldu. \u201c\u00c7OK DAHA \u0130Y\u0130S\u0130N\u0130 HAK ED\u0130YORSUNUZ\u201d T\u00fcrkiye&#8217;nin israf, yalan, dolan d\u00fczeninden \u00e7\u0131kmas\u0131 i\u00e7in m\u00fccadele ettiklerini s\u00f6zlerine ekleyen Ba\u015fkan &hellip;<\/p>","protected":false},"author":1,"featured_media":0,"comment_status":"open","ping_status":"open","sticky":false,"template":"","format":"standard","meta":{"_acf_changed":false,"footnotes":""},"categories":[24],"tags":[],"class_list":["post-26713","post","type-post","status-publish","format-standard","has-post-thumbnail","hentry","category-gundem"],"acf":[],"yoast_head":"<!-- This site is optimized with the Yoast SEO Premium plugin v26.6 (Yoast SEO v27.1.1) - https:\/\/yoast.com\/product\/yoast-seo-premium-wordpress\/ -->\n<title>\u0130zmir&#039;de &#039;Sosyal Denge&#039;ye y\u00fczde 18&#039;lik ek protokol - Av. Deniz Can K\u0131z\u0131l<\/title>\n<meta name=\"robots\" content=\"index, follow, max-snippet:-1, max-image-preview:large, max-video-preview:-1\" \/>\n<link rel=\"canonical\" href=\"https:\/\/denizcankizil.tr\/en\/haberler\/gundem\/izmirde-sosyal-dengeye-yuzde-18lik-ek-protokol\/\" \/>\n<meta property=\"og:locale\" content=\"en_GB\" \/>\n<meta property=\"og:type\" content=\"article\" \/>\n<meta property=\"og:title\" content=\"\u0130zmir&#039;de &#039;Sosyal Denge&#039;ye y\u00fczde 18&#039;lik ek protokol\" \/>\n<meta property=\"og:description\" content=\"\u0130zmir B\u00fcy\u00fck\u015fehir Belediye Ba\u015fkan\u0131 Dr. Cemil Tugay, T\u00fcm Belediye ve Yerel Y\u00f6netim Hizmetleri Emek\u00e7ileri Sendikas\u0131 (T\u00fcm Bel-Sen) \u0130zmir 1 No&#8217;lu \u015eube y\u00f6neticileri ile bir araya gelerek memurlara y\u00f6nelik Sosyal Denge Tazminat\u0131 (SDT) ek protokol\u00fcn\u00fc imzalad\u0131. Ek protokol, 1 Ocak itibariyle ge\u00e7erli olacak.\u0130ZM\u0130R (\u0130GFA) &#8211; \u0130zmir B\u00fcy\u00fck\u015fehir Belediyesi, ESHOT ve \u0130ZSU Genel M\u00fcd\u00fcrl\u00fc\u011f\u00fc b\u00fcnyesinde g\u00f6rev yapan 6 bin 75 memur ve s\u00f6zle\u015fmeli memur personele y\u00f6nelik Sosyal Denge Tazminat\u0131 (SDT) \u00f6demeleri i\u00e7in ek protokole imza att\u0131. \u0130zmir B\u00fcy\u00fck\u015fehir Belediye Ba\u015fkan\u0131 Dr. Cemil Tugay, \u0130zmir B\u00fcy\u00fck\u015fehir Belediyesi Genel Sekreteri Ramazan Tezcan, T\u00fcm Bel-Sen \u0130zmir 1 No&#8217;lu \u015eube Ba\u015fkan\u0131 Turgut Ang\u00fcn, T\u0130S ve Hukuk Sekreteri \u00d6zge Akman Bayraktar ve sendika temsilcilerinin kat\u0131ld\u0131\u011f\u0131 imza t\u00f6reninde konu\u015fan Ba\u015fkan Tugay, \u201cDayan\u0131\u015fma i\u00e7inde olmam\u0131z gereken bir d\u00f6nem. Hay\u0131rl\u0131 olsun, in\u015fallah daha g\u00fczel g\u00fcnlerimiz olsun. Benim i\u00e7in k\u0131ymetlisiniz. Ben burada patron de\u011filim, kamu y\u00f6neticisiyim. Halk\u0131n oylar\u0131yla gelen ge\u00e7ici bir y\u00f6neticiyim. Buray\u0131 y\u00f6netmekle y\u00fck\u00fcml\u00fcy\u00fcm. Mevcut \u015fartlar i\u00e7inde karar verebiliyorum ama bir taraftan da biz bir siyasi m\u00fccadele yap\u0131yoruz\u201d dedi. Protokol kapsam\u0131nda 1 Ocak tarihinden itibaren ge\u00e7erli olmak \u00fczere net 17 bin TL olarak \u00f6denen SDT, y\u00fczde 18 art\u0131\u015fla ayl\u0131k 20 bin TL oldu. \u201c\u00c7OK DAHA \u0130Y\u0130S\u0130N\u0130 HAK ED\u0130YORSUNUZ\u201d T\u00fcrkiye&#8217;nin israf, yalan, dolan d\u00fczeninden \u00e7\u0131kmas\u0131 i\u00e7in m\u00fccadele ettiklerini s\u00f6zlerine ekleyen Ba\u015fkan &hellip;\" \/>\n<meta property=\"og:url\" content=\"https:\/\/denizcankizil.tr\/en\/haberler\/gundem\/izmirde-sosyal-dengeye-yuzde-18lik-ek-protokol\/\" \/>\n<meta property=\"og:site_name\" content=\"Av. Deniz Can K\u0131z\u0131l\" \/>\n<meta property=\"article:published_time\" content=\"2025-01-22T07:42:10+00:00\" \/>\n<meta name=\"author\" content=\"admin\" \/>\n<meta name=\"twitter:card\" content=\"summary_large_image\" \/>\n<meta name=\"twitter:label1\" content=\"Written by\" \/>\n\t<meta name=\"twitter:data1\" content=\"admin\" \/>\n\t<meta name=\"twitter:label2\" content=\"Estimated reading time\" \/>\n\t<meta name=\"twitter:data2\" content=\"6 minutes\" \/>\n<script type=\"application\/ld+json\" class=\"yoast-schema-graph\">{\"@context\":\"https:\/\/schema.org\",\"@graph\":[{\"@type\":\"Article\",\"@id\":\"https:\/\/denizcankizil.tr\/en\/haberler\/gundem\/izmirde-sosyal-dengeye-yuzde-18lik-ek-protokol\/#article\",\"isPartOf\":{\"@id\":\"https:\/\/denizcankizil.tr\/en\/haberler\/gundem\/izmirde-sosyal-dengeye-yuzde-18lik-ek-protokol\/\"},\"author\":{\"name\":\"admin\",\"@id\":\"https:\/\/denizcankizil.tr\/de\/#\/schema\/person\/be3c05fe6a12686905512445d8185489\"},\"headline\":\"\u0130zmir&#8217;de &#8216;Sosyal Denge&#8217;ye y\u00fczde 18&#8217;lik ek protokol\",\"datePublished\":\"2025-01-22T07:42:10+00:00\",\"mainEntityOfPage\":{\"@id\":\"https:\/\/denizcankizil.tr\/en\/haberler\/gundem\/izmirde-sosyal-dengeye-yuzde-18lik-ek-protokol\/\"},\"wordCount\":1124,\"commentCount\":0,\"publisher\":{\"@id\":\"https:\/\/denizcankizil.tr\/de\/#organization\"},\"articleSection\":[\"G\u00fcndem\"],\"inLanguage\":\"en-GB\",\"potentialAction\":[{\"@type\":\"CommentAction\",\"name\":\"Comment\",\"target\":[\"https:\/\/denizcankizil.tr\/en\/haberler\/gundem\/izmirde-sosyal-dengeye-yuzde-18lik-ek-protokol\/#respond\"]}]},{\"@type\":\"WebPage\",\"@id\":\"https:\/\/denizcankizil.tr\/en\/haberler\/gundem\/izmirde-sosyal-dengeye-yuzde-18lik-ek-protokol\/\",\"url\":\"https:\/\/denizcankizil.tr\/en\/haberler\/gundem\/izmirde-sosyal-dengeye-yuzde-18lik-ek-protokol\/\",\"name\":\"\u0130zmir'de 'Sosyal Denge'ye y\u00fczde 18'lik ek protokol - Av. Deniz Can K\u0131z\u0131l\",\"isPartOf\":{\"@id\":\"https:\/\/denizcankizil.tr\/de\/#website\"},\"datePublished\":\"2025-01-22T07:42:10+00:00\",\"breadcrumb\":{\"@id\":\"https:\/\/denizcankizil.tr\/en\/haberler\/gundem\/izmirde-sosyal-dengeye-yuzde-18lik-ek-protokol\/#breadcrumb\"},\"inLanguage\":\"en-GB\",\"potentialAction\":[{\"@type\":\"ReadAction\",\"target\":[\"https:\/\/denizcankizil.tr\/en\/haberler\/gundem\/izmirde-sosyal-dengeye-yuzde-18lik-ek-protokol\/\"]}]},{\"@type\":\"BreadcrumbList\",\"@id\":\"https:\/\/denizcankizil.tr\/en\/haberler\/gundem\/izmirde-sosyal-dengeye-yuzde-18lik-ek-protokol\/#breadcrumb\",\"itemListElement\":[{\"@type\":\"ListItem\",\"position\":1,\"name\":\"Home\",\"item\":\"https:\/\/denizcankizil.tr\/de\/\"},{\"@type\":\"ListItem\",\"position\":2,\"name\":\"\u0130zmir&#8217;de &#8216;Sosyal Denge&#8217;ye y\u00fczde 18&#8217;lik ek protokol\"}]},{\"@type\":\"WebSite\",\"@id\":\"https:\/\/denizcankizil.tr\/de\/#website\",\"url\":\"https:\/\/denizcankizil.tr\/de\/\",\"name\":\"Av. Deniz Can K\u0131z\u0131l\",\"description\":\"Avukat Deniz Can K\u0131z\u0131l Antalya Barosu\",\"publisher\":{\"@id\":\"https:\/\/denizcankizil.tr\/de\/#organization\"},\"potentialAction\":[{\"@type\":\"SearchAction\",\"target\":{\"@type\":\"EntryPoint\",\"urlTemplate\":\"https:\/\/denizcankizil.tr\/de\/?s={search_term_string}\"},\"query-input\":{\"@type\":\"PropertyValueSpecification\",\"valueRequired\":true,\"valueName\":\"search_term_string\"}}],\"inLanguage\":\"en-GB\"},{\"@type\":\"Organization\",\"@id\":\"https:\/\/denizcankizil.tr\/de\/#organization\",\"name\":\"Av. Deniz Can K\u0131z\u0131l\",\"url\":\"https:\/\/denizcankizil.tr\/de\/\",\"logo\":{\"@type\":\"ImageObject\",\"inLanguage\":\"en-GB\",\"@id\":\"https:\/\/denizcankizil.tr\/de\/#\/schema\/logo\/image\/\",\"url\":\"https:\/\/denizcankizil.tr\/wp-content\/uploads\/2024\/10\/siyah-logo-svg.svg\",\"contentUrl\":\"https:\/\/denizcankizil.tr\/wp-content\/uploads\/2024\/10\/siyah-logo-svg.svg\",\"width\":1080,\"height\":1080,\"caption\":\"Av. Deniz Can K\u0131z\u0131l\"},\"image\":{\"@id\":\"https:\/\/denizcankizil.tr\/de\/#\/schema\/logo\/image\/\"}},{\"@type\":\"Person\",\"@id\":\"https:\/\/denizcankizil.tr\/de\/#\/schema\/person\/be3c05fe6a12686905512445d8185489\",\"name\":\"admin\",\"image\":{\"@type\":\"ImageObject\",\"inLanguage\":\"en-GB\",\"@id\":\"https:\/\/denizcankizil.tr\/de\/#\/schema\/person\/image\/\",\"url\":\"https:\/\/secure.gravatar.com\/avatar\/c1fce94c830dc79107e174f890d7210541c4a63e8e5d816341794a2151c9d58c?s=96&d=mm&r=g\",\"contentUrl\":\"https:\/\/secure.gravatar.com\/avatar\/c1fce94c830dc79107e174f890d7210541c4a63e8e5d816341794a2151c9d58c?s=96&d=mm&r=g\",\"caption\":\"admin\"},\"sameAs\":[\"http:\/\/denizcankizil.tr\"],\"url\":\"https:\/\/www.iskenderun.org\/izmirde-sosyal-dengeye-yuzde-18lik-ek-protokol\"}]}<\/script>\n<!-- \/ Yoast SEO Premium plugin. -->","yoast_head_json":{"title":"\u0130zmir'de 'Sosyal Denge'ye y\u00fczde 18'lik ek protokol - Av. Deniz Can K\u0131z\u0131l","robots":{"index":"index","follow":"follow","max-snippet":"max-snippet:-1","max-image-preview":"max-image-preview:large","max-video-preview":"max-video-preview:-1"},"canonical":"https:\/\/denizcankizil.tr\/en\/haberler\/gundem\/izmirde-sosyal-dengeye-yuzde-18lik-ek-protokol\/","og_locale":"en_GB","og_type":"article","og_title":"\u0130zmir'de 'Sosyal Denge'ye y\u00fczde 18'lik ek protokol","og_description":"\u0130zmir B\u00fcy\u00fck\u015fehir Belediye Ba\u015fkan\u0131 Dr. Cemil Tugay, T\u00fcm Belediye ve Yerel Y\u00f6netim Hizmetleri Emek\u00e7ileri Sendikas\u0131 (T\u00fcm Bel-Sen) \u0130zmir 1 No&#8217;lu \u015eube y\u00f6neticileri ile bir araya gelerek memurlara y\u00f6nelik Sosyal Denge Tazminat\u0131 (SDT) ek protokol\u00fcn\u00fc imzalad\u0131. Ek protokol, 1 Ocak itibariyle ge\u00e7erli olacak.\u0130ZM\u0130R (\u0130GFA) &#8211; \u0130zmir B\u00fcy\u00fck\u015fehir Belediyesi, ESHOT ve \u0130ZSU Genel M\u00fcd\u00fcrl\u00fc\u011f\u00fc b\u00fcnyesinde g\u00f6rev yapan 6 bin 75 memur ve s\u00f6zle\u015fmeli memur personele y\u00f6nelik Sosyal Denge Tazminat\u0131 (SDT) \u00f6demeleri i\u00e7in ek protokole imza att\u0131. \u0130zmir B\u00fcy\u00fck\u015fehir Belediye Ba\u015fkan\u0131 Dr. Cemil Tugay, \u0130zmir B\u00fcy\u00fck\u015fehir Belediyesi Genel Sekreteri Ramazan Tezcan, T\u00fcm Bel-Sen \u0130zmir 1 No&#8217;lu \u015eube Ba\u015fkan\u0131 Turgut Ang\u00fcn, T\u0130S ve Hukuk Sekreteri \u00d6zge Akman Bayraktar ve sendika temsilcilerinin kat\u0131ld\u0131\u011f\u0131 imza t\u00f6reninde konu\u015fan Ba\u015fkan Tugay, \u201cDayan\u0131\u015fma i\u00e7inde olmam\u0131z gereken bir d\u00f6nem. Hay\u0131rl\u0131 olsun, in\u015fallah daha g\u00fczel g\u00fcnlerimiz olsun. Benim i\u00e7in k\u0131ymetlisiniz. Ben burada patron de\u011filim, kamu y\u00f6neticisiyim. Halk\u0131n oylar\u0131yla gelen ge\u00e7ici bir y\u00f6neticiyim. Buray\u0131 y\u00f6netmekle y\u00fck\u00fcml\u00fcy\u00fcm. Mevcut \u015fartlar i\u00e7inde karar verebiliyorum ama bir taraftan da biz bir siyasi m\u00fccadele yap\u0131yoruz\u201d dedi. Protokol kapsam\u0131nda 1 Ocak tarihinden itibaren ge\u00e7erli olmak \u00fczere net 17 bin TL olarak \u00f6denen SDT, y\u00fczde 18 art\u0131\u015fla ayl\u0131k 20 bin TL oldu. \u201c\u00c7OK DAHA \u0130Y\u0130S\u0130N\u0130 HAK ED\u0130YORSUNUZ\u201d T\u00fcrkiye&#8217;nin israf, yalan, dolan d\u00fczeninden \u00e7\u0131kmas\u0131 i\u00e7in m\u00fccadele ettiklerini s\u00f6zlerine ekleyen Ba\u015fkan &hellip;","og_url":"https:\/\/denizcankizil.tr\/en\/haberler\/gundem\/izmirde-sosyal-dengeye-yuzde-18lik-ek-protokol\/","og_site_name":"Av. Deniz Can K\u0131z\u0131l","article_published_time":"2025-01-22T07:42:10+00:00","author":"admin","twitter_card":"summary_large_image","twitter_misc":{"Written by":"admin","Estimated reading time":"6 minutes"},"schema":{"@context":"https:\/\/schema.org","@graph":[{"@type":"Article","@id":"https:\/\/denizcankizil.tr\/en\/haberler\/gundem\/izmirde-sosyal-dengeye-yuzde-18lik-ek-protokol\/#article","isPartOf":{"@id":"https:\/\/denizcankizil.tr\/en\/haberler\/gundem\/izmirde-sosyal-dengeye-yuzde-18lik-ek-protokol\/"},"author":{"name":"admin","@id":"https:\/\/denizcankizil.tr\/de\/#\/schema\/person\/be3c05fe6a12686905512445d8185489"},"headline":"\u0130zmir&#8217;de &#8216;Sosyal Denge&#8217;ye y\u00fczde 18&#8217;lik ek protokol","datePublished":"2025-01-22T07:42:10+00:00","mainEntityOfPage":{"@id":"https:\/\/denizcankizil.tr\/en\/haberler\/gundem\/izmirde-sosyal-dengeye-yuzde-18lik-ek-protokol\/"},"wordCount":1124,"commentCount":0,"publisher":{"@id":"https:\/\/denizcankizil.tr\/de\/#organization"},"articleSection":["G\u00fcndem"],"inLanguage":"en-GB","potentialAction":[{"@type":"CommentAction","name":"Comment","target":["https:\/\/denizcankizil.tr\/en\/haberler\/gundem\/izmirde-sosyal-dengeye-yuzde-18lik-ek-protokol\/#respond"]}]},{"@type":"WebPage","@id":"https:\/\/denizcankizil.tr\/en\/haberler\/gundem\/izmirde-sosyal-dengeye-yuzde-18lik-ek-protokol\/","url":"https:\/\/denizcankizil.tr\/en\/haberler\/gundem\/izmirde-sosyal-dengeye-yuzde-18lik-ek-protokol\/","name":"\u0130zmir'de 'Sosyal Denge'ye y\u00fczde 18'lik ek protokol - Av. Deniz Can K\u0131z\u0131l","isPartOf":{"@id":"https:\/\/denizcankizil.tr\/de\/#website"},"datePublished":"2025-01-22T07:42:10+00:00","breadcrumb":{"@id":"https:\/\/denizcankizil.tr\/en\/haberler\/gundem\/izmirde-sosyal-dengeye-yuzde-18lik-ek-protokol\/#breadcrumb"},"inLanguage":"en-GB","potentialAction":[{"@type":"ReadAction","target":["https:\/\/denizcankizil.tr\/en\/haberler\/gundem\/izmirde-sosyal-dengeye-yuzde-18lik-ek-protokol\/"]}]},{"@type":"BreadcrumbList","@id":"https:\/\/denizcankizil.tr\/en\/haberler\/gundem\/izmirde-sosyal-dengeye-yuzde-18lik-ek-protokol\/#breadcrumb","itemListElement":[{"@type":"ListItem","position":1,"name":"Home","item":"https:\/\/denizcankizil.tr\/de\/"},{"@type":"ListItem","position":2,"name":"\u0130zmir&#8217;de &#8216;Sosyal Denge&#8217;ye y\u00fczde 18&#8217;lik ek protokol"}]},{"@type":"WebSite","@id":"https:\/\/denizcankizil.tr\/de\/#website","url":"https:\/\/denizcankizil.tr\/de\/","name":"Av. Deniz Can K\u0131z\u0131l","description":"Avukat Deniz Can K\u0131z\u0131l Antalya Barosu","publisher":{"@id":"https:\/\/denizcankizil.tr\/de\/#organization"},"potentialAction":[{"@type":"SearchAction","target":{"@type":"EntryPoint","urlTemplate":"https:\/\/denizcankizil.tr\/de\/?s={search_term_string}"},"query-input":{"@type":"PropertyValueSpecification","valueRequired":true,"valueName":"search_term_string"}}],"inLanguage":"en-GB"},{"@type":"Organization","@id":"https:\/\/denizcankizil.tr\/de\/#organization","name":"Av. Deniz Can K\u0131z\u0131l","url":"https:\/\/denizcankizil.tr\/de\/","logo":{"@type":"ImageObject","inLanguage":"en-GB","@id":"https:\/\/denizcankizil.tr\/de\/#\/schema\/logo\/image\/","url":"https:\/\/denizcankizil.tr\/wp-content\/uploads\/2024\/10\/siyah-logo-svg.svg","contentUrl":"https:\/\/denizcankizil.tr\/wp-content\/uploads\/2024\/10\/siyah-logo-svg.svg","width":1080,"height":1080,"caption":"Av. Deniz Can K\u0131z\u0131l"},"image":{"@id":"https:\/\/denizcankizil.tr\/de\/#\/schema\/logo\/image\/"}},{"@type":"Person","@id":"https:\/\/denizcankizil.tr\/de\/#\/schema\/person\/be3c05fe6a12686905512445d8185489","name":"admin","image":{"@type":"ImageObject","inLanguage":"en-GB","@id":"https:\/\/denizcankizil.tr\/de\/#\/schema\/person\/image\/","url":"https:\/\/secure.gravatar.com\/avatar\/c1fce94c830dc79107e174f890d7210541c4a63e8e5d816341794a2151c9d58c?s=96&d=mm&r=g","contentUrl":"https:\/\/secure.gravatar.com\/avatar\/c1fce94c830dc79107e174f890d7210541c4a63e8e5d816341794a2151c9d58c?s=96&d=mm&r=g","caption":"admin"},"sameAs":["http:\/\/denizcankizil.tr"],"url":"https:\/\/www.iskenderun.org\/izmirde-sosyal-dengeye-yuzde-18lik-ek-protokol"}]}},"_links":{"self":[{"href":"https:\/\/denizcankizil.tr\/en\/wp-json\/wp\/v2\/posts\/26713","targetHints":{"allow":["GET"]}}],"collection":[{"href":"https:\/\/denizcankizil.tr\/en\/wp-json\/wp\/v2\/posts"}],"about":[{"href":"https:\/\/denizcankizil.tr\/en\/wp-json\/wp\/v2\/types\/post"}],"author":[{"embeddable":true,"href":"https:\/\/denizcankizil.tr\/en\/wp-json\/wp\/v2\/users\/1"}],"replies":[{"embeddable":true,"href":"https:\/\/denizcankizil.tr\/en\/wp-json\/wp\/v2\/comments?post=26713"}],"version-history":[{"count":0,"href":"https:\/\/denizcankizil.tr\/en\/wp-json\/wp\/v2\/posts\/26713\/revisions"}],"wp:attachment":[{"href":"https:\/\/denizcankizil.tr\/en\/wp-json\/wp\/v2\/media?parent=26713"}],"wp:term":[{"taxonomy":"category","embeddable":true,"href":"https:\/\/denizcankizil.tr\/en\/wp-json\/wp\/v2\/categories?post=26713"},{"taxonomy":"post_tag","embeddable":true,"href":"https:\/\/denizcankizil.tr\/en\/wp-json\/wp\/v2\/tags?post=26713"}],"curies":[{"name":"wp","href":"https:\/\/api.w.org\/{rel}","templated":true}]}}