{"id":26337,"date":"2025-01-20T16:41:52","date_gmt":"2025-01-20T13:41:52","guid":{"rendered":"https:\/\/denizcankizil.tr\/uncategorized-tr\/tmmobdan-can-atalay-cikisi-bin-gundur-meslektaslarimiz-hapiste\/"},"modified":"2025-01-20T16:41:52","modified_gmt":"2025-01-20T13:41:52","slug":"tmmobdan-can-atalay-cikisi-bin-gundur-meslektaslarimiz-hapiste","status":"publish","type":"post","link":"https:\/\/denizcankizil.tr\/en\/haberler\/gundem\/tmmobdan-can-atalay-cikisi-bin-gundur-meslektaslarimiz-hapiste\/","title":{"rendered":"TMMOB\u2019dan Can Atalay \u00e7\u0131k\u0131\u015f\u0131: Bin g\u00fcnd\u00fcr meslekta\u015flar\u0131m\u0131z hapiste"},"content":{"rendered":"<p>TMMMOB Antalya \u0130l Koordinasyon Kurulu, 28 May\u0131s 2013 tarihinde \u0130stanbul Taksim\u2019de ger\u00e7ekle\u015fen Gezi Park\u0131 eylemleri nedeniyle tutuklu bulunan \u00fcyeler i\u00e7in tepki g\u00f6sterdi. \u0130KK&#8217;dan yap\u0131lan a\u00e7\u0131klamada, \u201c\u015eehir Planc\u0131lar\u0131 Odas\u0131 Onur Kurulu \u00dcyesi Tayfun Kahraman ve Mimarlar Odas\u0131 Avukat\u0131 Can Atalay\u2019\u0131n da bulundu\u011fu arkada\u015flar\u0131m\u0131z, ne yaz\u0131k ki bin g\u00fcnd\u00fcr \u00f6zg\u00fcrl\u00fcklerinden mahrum b\u0131rak\u0131lm\u0131\u015f durumdalar. Dayana\u011f\u0131 zay\u0131f iddialarla haz\u0131rlanan ve kamuoyunda tart\u0131\u015fmalara yol a\u00e7an bu yarg\u0131 s\u00fcreci, hukuk ve adaletin ne denli \u00f6nem ta\u015f\u0131d\u0131\u011f\u0131n\u0131 bir kez daha g\u00f6zler \u00f6n\u00fcne sermi\u015ftir\u201d ifadeleri kullan\u0131ld\u0131.<\/p>\n<p>GEZ\u0130 PARKI EYLEMLER\u0130<\/p>\n<p>28 May\u0131s 2013 tarihinde \u0130stanbul Taksim\u2019de bulunan Gezi Park\u0131&#8217;n\u0131n Top\u00e7u K\u0131\u015flas\u0131&#8217;n\u0131 yeniden yapmak i\u00e7in ba\u015flayan in\u015faat \u00e7al\u0131\u015fmalar\u0131n\u0131 protesto etmek amac\u0131yla ba\u015flayan eylemler daha sonra T\u00fcrkiye&#8217;nin bir\u00e7ok noktas\u0131na yay\u0131ld\u0131. Ard\u0131ndan s\u00fcre\u00e7 h\u0131zla b\u00fcy\u00fcd\u00fc ve olaylar pe\u015f pe\u015fe gelmeye ba\u015flad\u0131. Bu s\u00fcre\u00e7te pek \u00e7ok ki\u015fi tutukland\u0131, eylemler esnas\u0131nda yaralanan polis ve g\u00f6stericiler olurken, \u00f6len ki\u015filer de oldu.<\/p>\n<p>TMMOB \u0130KK TEPK\u0130 G\u00d6STERD\u0130<\/p>\n<p>T\u00fcrk M\u00fchendis ve Mimar Odalar\u0131 Birli\u011fi (TMMOB) ise 2013 y\u0131l\u0131nda ya\u015fanan eylemlere y\u00f6nelik a\u00e7\u0131klamada bulundu. TMMMOB Antalya \u0130l Koordinasyon Kurulu, b\u00fcnyesinde yer alan \u015eehir Planc\u0131lar\u0131 Odas\u0131 Onur Kurulu \u00dcyesi Tayfun Kahraman ve Mimarlar Odas\u0131 avukat\u0131 Can Atalay\u2019\u0131n da bulundu\u011fu \u00fcyelerin bin g\u00fcnd\u00fcr tutuklu oldu\u011fu ve bu durumun hukuka ayk\u0131r\u0131 oldu\u011funu belirtti.<\/p>\n<p>CAN ATALAY \u00c7IKI\u015eI<\/p>\n<p>Ya\u015fanan bu geli\u015fmenin ard\u0131ndan TMMOB \u0130KK taraf\u0131ndan yap\u0131lan a\u00e7\u0131klamada, \u201cBug\u00fcn arkada\u015flar\u0131m\u0131z\u0131n bizden kopar\u0131l\u0131\u015flar\u0131n\u0131n bininci g\u00fcn\u00fc. Bin g\u00fcnd\u00fcr, meslekta\u015flar\u0131m\u0131z ve dostlar\u0131m\u0131zla yeniden bir araya gelece\u011fimiz g\u00fcn\u00fc umutla bekliyoruz. Bu s\u00fcre\u00e7te adaletin sa\u011flanamamas\u0131 hepimizi derinden yaralamakta ve toplumsal vicdan\u0131 sarsmaktad\u0131r. Aralar\u0131nda \u015eehir Planc\u0131lar\u0131 Odas\u0131 Onur Kurulu \u00dcyesi Tayfun Kahraman ve Mimarlar Odas\u0131 Avukat\u0131 Can Atalay\u2019\u0131n da bulundu\u011fu arkada\u015flar\u0131m\u0131z, ne yaz\u0131k ki bin g\u00fcnd\u00fcr \u00f6zg\u00fcrl\u00fcklerinden mahrum b\u0131rak\u0131lm\u0131\u015f durumdalar. Dayana\u011f\u0131 zay\u0131f iddialarla haz\u0131rlanan ve kamuoyunda tart\u0131\u015fmalara yol a\u00e7an bu yarg\u0131 s\u00fcreci, hukuk ve adaletin ne denli \u00f6nem ta\u015f\u0131d\u0131\u011f\u0131n\u0131 bir kez daha g\u00f6zler \u00f6n\u00fcne sermi\u015ftir\u201d denildi.<\/p>\n<p>\u201cMESLEK ONURUMUZUN B\u0130R PAR\u00c7ASIDIR\u201d<\/p>\n<p>Gezi Park\u0131 eylemlerinin toplumun do\u011faya ve tarihi sahip \u00e7\u0131kmas\u0131 olarak nitelendiren TMMOB \u0130KK, \u201cBizler, arkada\u015flar\u0131m\u0131z\u0131n bir su\u00e7 i\u015fledikleri i\u00e7in de\u011fil, mesleklerini halk yarar\u0131na icra ettikleri ve bu do\u011frultuda m\u00fccadele ettikleri i\u00e7in cezaland\u0131r\u0131ld\u0131klar\u0131na inan\u0131yoruz. Gezi Direni\u015fi ise, toplumun farkl\u0131 kesimlerinin do\u011faya, eme\u011fe, tarihe ve gelece\u011fe sahip \u00e7\u0131kma iradesinin g\u00fc\u00e7l\u00fc bir ifadesi olmu\u015ftur. Bu direni\u015f, toplum vicdan\u0131nda temiz bir yer edinmi\u015f ve halk\u0131n hak aray\u0131\u015f\u0131n\u0131n sembol\u00fc haline gelmi\u015ftir. Mesleki sorumluluklar\u0131m\u0131z gere\u011fi, \u015fehirlerimizi ve do\u011fal kaynaklar\u0131m\u0131z\u0131 korumak i\u00e7in y\u00fcr\u00fctt\u00fc\u011f\u00fcm\u00fcz m\u00fccadele, meslek onurumuzun bir par\u00e7as\u0131d\u0131r. Gezi Park\u0131\u2019n\u0131n park olarak kalmas\u0131 i\u00e7in verilen m\u00fccadele de bu sorumlulu\u011fun bir yans\u0131mas\u0131d\u0131r. Bilimin ve tekni\u011fin \u0131\u015f\u0131\u011f\u0131nda, do\u011fam\u0131z\u0131 ve tarihimizi korumak asla bir su\u00e7 olarak de\u011ferlendirilmemelidir \u201c ifadelerini kulland\u0131.<\/p>\n<p>\u201cM\u00dcCADELEM\u0130Z DEVAM EDECEK\u201d<\/p>\n<p>M\u00fccadelelerine y\u0131lmadan ve kararl\u0131l\u0131kla devam edeceklerini belirten TMMOB \u0130KK a\u00e7\u0131klamas\u0131nda, \u201cTMMOB ve ba\u011fl\u0131 odalar olarak, bilimi ve tekni\u011fi halk\u0131n yarar\u0131na kullanmay\u0131 temel bir ilke olarak benimsiyoruz. Toplumsal fayday\u0131 esas alan bu \u00e7izgimiz, \u00fclkemiz ad\u0131na sorumluluklar\u0131m\u0131z\u0131n bir gere\u011fidir. Bu do\u011frultuda, arkada\u015flar\u0131m\u0131z\u0131n yan\u0131nda olmaya, hakl\u0131l\u0131klar\u0131n\u0131 savunmaya ve kamu yarar\u0131na y\u00f6nelik m\u00fccadelemizi kararl\u0131l\u0131kla s\u00fcrd\u00fcrmeye devam edece\u011fiz. Bug\u00fcn, arkada\u015flar\u0131m\u0131z\u0131n bin g\u00fcnd\u00fcr \u00f6zg\u00fcrl\u00fcklerinden mahrum b\u0131rak\u0131lmas\u0131n\u0131n toplumda derin bir \u00fcz\u00fcnt\u00fc ve endi\u015fe yaratt\u0131\u011f\u0131n\u0131 bir kez daha vurguluyoruz. Vicdanlar\u0131 yaralayan bu kararlar\u0131n yeniden g\u00f6zden ge\u00e7irilmesini ve arkada\u015flar\u0131m\u0131z\u0131n en k\u0131sa s\u00fcrede serbest b\u0131rak\u0131lmas\u0131n\u0131 talep ediyoruz. Gelece\u011fe dair umutlar\u0131m\u0131z ve toplumsal sorumlulu\u011fumuz do\u011frultusunda m\u00fccadele etmeyi s\u00fcrd\u00fcrece\u011fiz. \u00c7\u00fcnk\u00fc inan\u0131yoruz ki halk\u0131n vicdan\u0131nda yer etmi\u015f bu m\u00fccadele, toplumun ortak iradesi ve adalet talebiyle g\u00fc\u00e7 bulacakt\u0131r\u201d denildi.<\/p>\n<p>\u200bTMMMOB Antalya \u0130l Koordinasyon Kurulu yay\u0131nlad\u0131\u011f\u0131 a\u00e7\u0131klamada Gezi Park\u0131 eylemleri nedeniyle tutuklanan ve aralar\u0131nda Can Atalay\u2019\u0131n da bulundu\u011fu \u00fcyeler i\u00e7in tepki g\u00f6sterdi. Yap\u0131lan a\u00e7\u0131klamada, \u201c\u015eehir Planc\u0131lar\u0131 Odas\u0131 Onur Kurulu \u00dcyesi Tayfun Kahraman ve Mimarlar Odas\u0131 avukat\u0131 Can Atalay\u2019\u0131n da bulundu\u011fu arkada\u015flar\u0131m\u0131z, ne yaz\u0131k ki bin g\u00fcnd\u00fcr \u00f6zg\u00fcrl\u00fcklerinden mahrum b\u0131rak\u0131lm\u0131\u015f durumdalar\u201d denildi\u00a0<\/p>\n<p>\u200bHaberin Al\u0131nt\u0131land\u0131\u011f\u0131 Kaynak: www.antalyakorfez.com<\/p>","protected":false},"excerpt":{"rendered":"<p>TMMMOB Antalya \u0130l Koordinasyon Kurulu, 28 May\u0131s 2013 tarihinde \u0130stanbul Taksim\u2019de ger\u00e7ekle\u015fen Gezi Park\u0131 eylemleri nedeniyle tutuklu bulunan \u00fcyeler i\u00e7in tepki g\u00f6sterdi. \u0130KK&#8217;dan yap\u0131lan a\u00e7\u0131klamada, \u201c\u015eehir Planc\u0131lar\u0131 Odas\u0131 Onur Kurulu \u00dcyesi Tayfun Kahraman ve Mimarlar Odas\u0131 Avukat\u0131 Can Atalay\u2019\u0131n da bulundu\u011fu arkada\u015flar\u0131m\u0131z, ne yaz\u0131k ki bin g\u00fcnd\u00fcr \u00f6zg\u00fcrl\u00fcklerinden mahrum b\u0131rak\u0131lm\u0131\u015f durumdalar. Dayana\u011f\u0131 zay\u0131f iddialarla haz\u0131rlanan ve kamuoyunda tart\u0131\u015fmalara yol a\u00e7an bu yarg\u0131 s\u00fcreci, hukuk ve adaletin ne denli \u00f6nem ta\u015f\u0131d\u0131\u011f\u0131n\u0131 bir kez daha g\u00f6zler \u00f6n\u00fcne sermi\u015ftir\u201d ifadeleri kullan\u0131ld\u0131. GEZ\u0130 PARKI EYLEMLER\u0130 28 May\u0131s 2013 tarihinde \u0130stanbul Taksim\u2019de bulunan Gezi Park\u0131&#8217;n\u0131n Top\u00e7u K\u0131\u015flas\u0131&#8217;n\u0131 yeniden yapmak i\u00e7in ba\u015flayan in\u015faat \u00e7al\u0131\u015fmalar\u0131n\u0131 protesto etmek amac\u0131yla ba\u015flayan eylemler daha sonra T\u00fcrkiye&#8217;nin bir\u00e7ok noktas\u0131na yay\u0131ld\u0131. Ard\u0131ndan s\u00fcre\u00e7 h\u0131zla b\u00fcy\u00fcd\u00fc ve olaylar pe\u015f pe\u015fe gelmeye ba\u015flad\u0131. Bu s\u00fcre\u00e7te pek \u00e7ok ki\u015fi tutukland\u0131, eylemler esnas\u0131nda yaralanan polis ve g\u00f6stericiler olurken, \u00f6len ki\u015filer de oldu. TMMOB \u0130KK TEPK\u0130 G\u00d6STERD\u0130 T\u00fcrk M\u00fchendis ve Mimar Odalar\u0131 Birli\u011fi (TMMOB) ise 2013 y\u0131l\u0131nda ya\u015fanan eylemlere y\u00f6nelik a\u00e7\u0131klamada bulundu. TMMMOB Antalya \u0130l Koordinasyon Kurulu, b\u00fcnyesinde yer alan \u015eehir Planc\u0131lar\u0131 Odas\u0131 Onur Kurulu \u00dcyesi Tayfun Kahraman ve Mimarlar Odas\u0131 avukat\u0131 Can Atalay\u2019\u0131n da bulundu\u011fu \u00fcyelerin bin g\u00fcnd\u00fcr tutuklu oldu\u011fu ve bu durumun hukuka ayk\u0131r\u0131 oldu\u011funu belirtti. CAN ATALAY \u00c7IKI\u015eI Ya\u015fanan bu geli\u015fmenin ard\u0131ndan TMMOB \u0130KK &hellip;<\/p>","protected":false},"author":5,"featured_media":0,"comment_status":"open","ping_status":"open","sticky":false,"template":"","format":"standard","meta":{"_acf_changed":false,"footnotes":""},"categories":[24],"tags":[],"class_list":["post-26337","post","type-post","status-publish","format-standard","has-post-thumbnail","hentry","category-gundem"],"acf":[],"yoast_head":"<!-- This site is optimized with the Yoast SEO Premium plugin v26.6 (Yoast SEO v27.1.1) - https:\/\/yoast.com\/product\/yoast-seo-premium-wordpress\/ -->\n<title>TMMOB\u2019dan Can Atalay \u00e7\u0131k\u0131\u015f\u0131: Bin g\u00fcnd\u00fcr meslekta\u015flar\u0131m\u0131z hapiste - Av. Deniz Can K\u0131z\u0131l<\/title>\n<meta name=\"robots\" content=\"index, follow, max-snippet:-1, max-image-preview:large, max-video-preview:-1\" \/>\n<link rel=\"canonical\" href=\"https:\/\/denizcankizil.tr\/en\/haberler\/gundem\/tmmobdan-can-atalay-cikisi-bin-gundur-meslektaslarimiz-hapiste\/\" \/>\n<meta property=\"og:locale\" content=\"en_GB\" \/>\n<meta property=\"og:type\" content=\"article\" \/>\n<meta property=\"og:title\" content=\"TMMOB\u2019dan Can Atalay \u00e7\u0131k\u0131\u015f\u0131: Bin g\u00fcnd\u00fcr meslekta\u015flar\u0131m\u0131z hapiste\" \/>\n<meta property=\"og:description\" content=\"TMMMOB Antalya \u0130l Koordinasyon Kurulu, 28 May\u0131s 2013 tarihinde \u0130stanbul Taksim\u2019de ger\u00e7ekle\u015fen Gezi Park\u0131 eylemleri nedeniyle tutuklu bulunan \u00fcyeler i\u00e7in tepki g\u00f6sterdi. \u0130KK&#8217;dan yap\u0131lan a\u00e7\u0131klamada, \u201c\u015eehir Planc\u0131lar\u0131 Odas\u0131 Onur Kurulu \u00dcyesi Tayfun Kahraman ve Mimarlar Odas\u0131 Avukat\u0131 Can Atalay\u2019\u0131n da bulundu\u011fu arkada\u015flar\u0131m\u0131z, ne yaz\u0131k ki bin g\u00fcnd\u00fcr \u00f6zg\u00fcrl\u00fcklerinden mahrum b\u0131rak\u0131lm\u0131\u015f durumdalar. Dayana\u011f\u0131 zay\u0131f iddialarla haz\u0131rlanan ve kamuoyunda tart\u0131\u015fmalara yol a\u00e7an bu yarg\u0131 s\u00fcreci, hukuk ve adaletin ne denli \u00f6nem ta\u015f\u0131d\u0131\u011f\u0131n\u0131 bir kez daha g\u00f6zler \u00f6n\u00fcne sermi\u015ftir\u201d ifadeleri kullan\u0131ld\u0131. GEZ\u0130 PARKI EYLEMLER\u0130 28 May\u0131s 2013 tarihinde \u0130stanbul Taksim\u2019de bulunan Gezi Park\u0131&#8217;n\u0131n Top\u00e7u K\u0131\u015flas\u0131&#8217;n\u0131 yeniden yapmak i\u00e7in ba\u015flayan in\u015faat \u00e7al\u0131\u015fmalar\u0131n\u0131 protesto etmek amac\u0131yla ba\u015flayan eylemler daha sonra T\u00fcrkiye&#8217;nin bir\u00e7ok noktas\u0131na yay\u0131ld\u0131. Ard\u0131ndan s\u00fcre\u00e7 h\u0131zla b\u00fcy\u00fcd\u00fc ve olaylar pe\u015f pe\u015fe gelmeye ba\u015flad\u0131. Bu s\u00fcre\u00e7te pek \u00e7ok ki\u015fi tutukland\u0131, eylemler esnas\u0131nda yaralanan polis ve g\u00f6stericiler olurken, \u00f6len ki\u015filer de oldu. TMMOB \u0130KK TEPK\u0130 G\u00d6STERD\u0130 T\u00fcrk M\u00fchendis ve Mimar Odalar\u0131 Birli\u011fi (TMMOB) ise 2013 y\u0131l\u0131nda ya\u015fanan eylemlere y\u00f6nelik a\u00e7\u0131klamada bulundu. TMMMOB Antalya \u0130l Koordinasyon Kurulu, b\u00fcnyesinde yer alan \u015eehir Planc\u0131lar\u0131 Odas\u0131 Onur Kurulu \u00dcyesi Tayfun Kahraman ve Mimarlar Odas\u0131 avukat\u0131 Can Atalay\u2019\u0131n da bulundu\u011fu \u00fcyelerin bin g\u00fcnd\u00fcr tutuklu oldu\u011fu ve bu durumun hukuka ayk\u0131r\u0131 oldu\u011funu belirtti. CAN ATALAY \u00c7IKI\u015eI Ya\u015fanan bu geli\u015fmenin ard\u0131ndan TMMOB \u0130KK &hellip;\" \/>\n<meta property=\"og:url\" content=\"https:\/\/denizcankizil.tr\/en\/haberler\/gundem\/tmmobdan-can-atalay-cikisi-bin-gundur-meslektaslarimiz-hapiste\/\" \/>\n<meta property=\"og:site_name\" content=\"Av. Deniz Can K\u0131z\u0131l\" \/>\n<meta property=\"article:published_time\" content=\"2025-01-20T13:41:52+00:00\" \/>\n<meta name=\"author\" content=\"Antalya K\u00f6rfez\" \/>\n<meta name=\"twitter:card\" content=\"summary_large_image\" \/>\n<meta name=\"twitter:label1\" content=\"Written by\" \/>\n\t<meta name=\"twitter:data1\" content=\"Antalya K\u00f6rfez\" \/>\n\t<meta name=\"twitter:label2\" content=\"Estimated reading time\" \/>\n\t<meta name=\"twitter:data2\" content=\"4 minutes\" \/>\n<script type=\"application\/ld+json\" class=\"yoast-schema-graph\">{\"@context\":\"https:\/\/schema.org\",\"@graph\":[{\"@type\":\"Article\",\"@id\":\"https:\/\/denizcankizil.tr\/en\/haberler\/gundem\/tmmobdan-can-atalay-cikisi-bin-gundur-meslektaslarimiz-hapiste\/#article\",\"isPartOf\":{\"@id\":\"https:\/\/denizcankizil.tr\/en\/haberler\/gundem\/tmmobdan-can-atalay-cikisi-bin-gundur-meslektaslarimiz-hapiste\/\"},\"author\":{\"name\":\"Antalya K\u00f6rfez\",\"@id\":\"https:\/\/denizcankizil.tr\/#\/schema\/person\/e1eb71bb4dd684d46563f0af307e1234\"},\"headline\":\"TMMOB\u2019dan Can Atalay \u00e7\u0131k\u0131\u015f\u0131: Bin g\u00fcnd\u00fcr meslekta\u015flar\u0131m\u0131z hapiste\",\"datePublished\":\"2025-01-20T13:41:52+00:00\",\"mainEntityOfPage\":{\"@id\":\"https:\/\/denizcankizil.tr\/en\/haberler\/gundem\/tmmobdan-can-atalay-cikisi-bin-gundur-meslektaslarimiz-hapiste\/\"},\"wordCount\":876,\"commentCount\":0,\"publisher\":{\"@id\":\"https:\/\/denizcankizil.tr\/#organization\"},\"articleSection\":[\"G\u00fcndem\"],\"inLanguage\":\"en-GB\",\"potentialAction\":[{\"@type\":\"CommentAction\",\"name\":\"Comment\",\"target\":[\"https:\/\/denizcankizil.tr\/en\/haberler\/gundem\/tmmobdan-can-atalay-cikisi-bin-gundur-meslektaslarimiz-hapiste\/#respond\"]}]},{\"@type\":\"WebPage\",\"@id\":\"https:\/\/denizcankizil.tr\/en\/haberler\/gundem\/tmmobdan-can-atalay-cikisi-bin-gundur-meslektaslarimiz-hapiste\/\",\"url\":\"https:\/\/denizcankizil.tr\/en\/haberler\/gundem\/tmmobdan-can-atalay-cikisi-bin-gundur-meslektaslarimiz-hapiste\/\",\"name\":\"TMMOB\u2019dan Can Atalay \u00e7\u0131k\u0131\u015f\u0131: Bin g\u00fcnd\u00fcr meslekta\u015flar\u0131m\u0131z hapiste - Av. Deniz Can K\u0131z\u0131l\",\"isPartOf\":{\"@id\":\"https:\/\/denizcankizil.tr\/#website\"},\"datePublished\":\"2025-01-20T13:41:52+00:00\",\"breadcrumb\":{\"@id\":\"https:\/\/denizcankizil.tr\/en\/haberler\/gundem\/tmmobdan-can-atalay-cikisi-bin-gundur-meslektaslarimiz-hapiste\/#breadcrumb\"},\"inLanguage\":\"en-GB\",\"potentialAction\":[{\"@type\":\"ReadAction\",\"target\":[\"https:\/\/denizcankizil.tr\/en\/haberler\/gundem\/tmmobdan-can-atalay-cikisi-bin-gundur-meslektaslarimiz-hapiste\/\"]}]},{\"@type\":\"BreadcrumbList\",\"@id\":\"https:\/\/denizcankizil.tr\/en\/haberler\/gundem\/tmmobdan-can-atalay-cikisi-bin-gundur-meslektaslarimiz-hapiste\/#breadcrumb\",\"itemListElement\":[{\"@type\":\"ListItem\",\"position\":1,\"name\":\"Home\",\"item\":\"https:\/\/denizcankizil.tr\/de\/\"},{\"@type\":\"ListItem\",\"position\":2,\"name\":\"TMMOB\u2019dan Can Atalay \u00e7\u0131k\u0131\u015f\u0131: Bin g\u00fcnd\u00fcr meslekta\u015flar\u0131m\u0131z hapiste\"}]},{\"@type\":\"WebSite\",\"@id\":\"https:\/\/denizcankizil.tr\/#website\",\"url\":\"https:\/\/denizcankizil.tr\/\",\"name\":\"Av. Deniz Can K\u0131z\u0131l\",\"description\":\"Avukat Deniz Can K\u0131z\u0131l Antalya Barosu\",\"publisher\":{\"@id\":\"https:\/\/denizcankizil.tr\/#organization\"},\"potentialAction\":[{\"@type\":\"SearchAction\",\"target\":{\"@type\":\"EntryPoint\",\"urlTemplate\":\"https:\/\/denizcankizil.tr\/?s={search_term_string}\"},\"query-input\":{\"@type\":\"PropertyValueSpecification\",\"valueRequired\":true,\"valueName\":\"search_term_string\"}}],\"inLanguage\":\"en-GB\"},{\"@type\":\"Organization\",\"@id\":\"https:\/\/denizcankizil.tr\/#organization\",\"name\":\"Av. Deniz Can K\u0131z\u0131l\",\"url\":\"https:\/\/denizcankizil.tr\/\",\"logo\":{\"@type\":\"ImageObject\",\"inLanguage\":\"en-GB\",\"@id\":\"https:\/\/denizcankizil.tr\/#\/schema\/logo\/image\/\",\"url\":\"https:\/\/denizcankizil.tr\/wp-content\/uploads\/2024\/10\/siyah-logo-svg.svg\",\"contentUrl\":\"https:\/\/denizcankizil.tr\/wp-content\/uploads\/2024\/10\/siyah-logo-svg.svg\",\"width\":1080,\"height\":1080,\"caption\":\"Av. Deniz Can K\u0131z\u0131l\"},\"image\":{\"@id\":\"https:\/\/denizcankizil.tr\/#\/schema\/logo\/image\/\"}},{\"@type\":\"Person\",\"@id\":\"https:\/\/denizcankizil.tr\/#\/schema\/person\/e1eb71bb4dd684d46563f0af307e1234\",\"name\":\"Antalya K\u00f6rfez\",\"image\":{\"@type\":\"ImageObject\",\"inLanguage\":\"en-GB\",\"@id\":\"https:\/\/denizcankizil.tr\/#\/schema\/person\/image\/\",\"url\":\"https:\/\/secure.gravatar.com\/avatar\/42b01982558a48a0b501fdcab6a408d3717ea5919095ee2e67b0e521799c5905?s=96&d=mm&r=g\",\"contentUrl\":\"https:\/\/secure.gravatar.com\/avatar\/42b01982558a48a0b501fdcab6a408d3717ea5919095ee2e67b0e521799c5905?s=96&d=mm&r=g\",\"caption\":\"Antalya K\u00f6rfez\"},\"sameAs\":[\"http:\/\/www.antalyakorfez.com\"],\"url\":\"https:\/\/www.antalyakorfez.com\/tmmobdan-can-atalay-cikisi-bin-gundur-meslektaslarimiz-hapiste\"}]}<\/script>\n<!-- \/ Yoast SEO Premium plugin. -->","yoast_head_json":{"title":"TMMOB\u2019dan Can Atalay \u00e7\u0131k\u0131\u015f\u0131: Bin g\u00fcnd\u00fcr meslekta\u015flar\u0131m\u0131z hapiste - Av. Deniz Can K\u0131z\u0131l","robots":{"index":"index","follow":"follow","max-snippet":"max-snippet:-1","max-image-preview":"max-image-preview:large","max-video-preview":"max-video-preview:-1"},"canonical":"https:\/\/denizcankizil.tr\/en\/haberler\/gundem\/tmmobdan-can-atalay-cikisi-bin-gundur-meslektaslarimiz-hapiste\/","og_locale":"en_GB","og_type":"article","og_title":"TMMOB\u2019dan Can Atalay \u00e7\u0131k\u0131\u015f\u0131: Bin g\u00fcnd\u00fcr meslekta\u015flar\u0131m\u0131z hapiste","og_description":"TMMMOB Antalya \u0130l Koordinasyon Kurulu, 28 May\u0131s 2013 tarihinde \u0130stanbul Taksim\u2019de ger\u00e7ekle\u015fen Gezi Park\u0131 eylemleri nedeniyle tutuklu bulunan \u00fcyeler i\u00e7in tepki g\u00f6sterdi. \u0130KK&#8217;dan yap\u0131lan a\u00e7\u0131klamada, \u201c\u015eehir Planc\u0131lar\u0131 Odas\u0131 Onur Kurulu \u00dcyesi Tayfun Kahraman ve Mimarlar Odas\u0131 Avukat\u0131 Can Atalay\u2019\u0131n da bulundu\u011fu arkada\u015flar\u0131m\u0131z, ne yaz\u0131k ki bin g\u00fcnd\u00fcr \u00f6zg\u00fcrl\u00fcklerinden mahrum b\u0131rak\u0131lm\u0131\u015f durumdalar. Dayana\u011f\u0131 zay\u0131f iddialarla haz\u0131rlanan ve kamuoyunda tart\u0131\u015fmalara yol a\u00e7an bu yarg\u0131 s\u00fcreci, hukuk ve adaletin ne denli \u00f6nem ta\u015f\u0131d\u0131\u011f\u0131n\u0131 bir kez daha g\u00f6zler \u00f6n\u00fcne sermi\u015ftir\u201d ifadeleri kullan\u0131ld\u0131. GEZ\u0130 PARKI EYLEMLER\u0130 28 May\u0131s 2013 tarihinde \u0130stanbul Taksim\u2019de bulunan Gezi Park\u0131&#8217;n\u0131n Top\u00e7u K\u0131\u015flas\u0131&#8217;n\u0131 yeniden yapmak i\u00e7in ba\u015flayan in\u015faat \u00e7al\u0131\u015fmalar\u0131n\u0131 protesto etmek amac\u0131yla ba\u015flayan eylemler daha sonra T\u00fcrkiye&#8217;nin bir\u00e7ok noktas\u0131na yay\u0131ld\u0131. Ard\u0131ndan s\u00fcre\u00e7 h\u0131zla b\u00fcy\u00fcd\u00fc ve olaylar pe\u015f pe\u015fe gelmeye ba\u015flad\u0131. Bu s\u00fcre\u00e7te pek \u00e7ok ki\u015fi tutukland\u0131, eylemler esnas\u0131nda yaralanan polis ve g\u00f6stericiler olurken, \u00f6len ki\u015filer de oldu. TMMOB \u0130KK TEPK\u0130 G\u00d6STERD\u0130 T\u00fcrk M\u00fchendis ve Mimar Odalar\u0131 Birli\u011fi (TMMOB) ise 2013 y\u0131l\u0131nda ya\u015fanan eylemlere y\u00f6nelik a\u00e7\u0131klamada bulundu. TMMMOB Antalya \u0130l Koordinasyon Kurulu, b\u00fcnyesinde yer alan \u015eehir Planc\u0131lar\u0131 Odas\u0131 Onur Kurulu \u00dcyesi Tayfun Kahraman ve Mimarlar Odas\u0131 avukat\u0131 Can Atalay\u2019\u0131n da bulundu\u011fu \u00fcyelerin bin g\u00fcnd\u00fcr tutuklu oldu\u011fu ve bu durumun hukuka ayk\u0131r\u0131 oldu\u011funu belirtti. CAN ATALAY \u00c7IKI\u015eI Ya\u015fanan bu geli\u015fmenin ard\u0131ndan TMMOB \u0130KK &hellip;","og_url":"https:\/\/denizcankizil.tr\/en\/haberler\/gundem\/tmmobdan-can-atalay-cikisi-bin-gundur-meslektaslarimiz-hapiste\/","og_site_name":"Av. Deniz Can K\u0131z\u0131l","article_published_time":"2025-01-20T13:41:52+00:00","author":"Antalya K\u00f6rfez","twitter_card":"summary_large_image","twitter_misc":{"Written by":"Antalya K\u00f6rfez","Estimated reading time":"4 minutes"},"schema":{"@context":"https:\/\/schema.org","@graph":[{"@type":"Article","@id":"https:\/\/denizcankizil.tr\/en\/haberler\/gundem\/tmmobdan-can-atalay-cikisi-bin-gundur-meslektaslarimiz-hapiste\/#article","isPartOf":{"@id":"https:\/\/denizcankizil.tr\/en\/haberler\/gundem\/tmmobdan-can-atalay-cikisi-bin-gundur-meslektaslarimiz-hapiste\/"},"author":{"name":"Antalya K\u00f6rfez","@id":"https:\/\/denizcankizil.tr\/#\/schema\/person\/e1eb71bb4dd684d46563f0af307e1234"},"headline":"TMMOB\u2019dan Can Atalay \u00e7\u0131k\u0131\u015f\u0131: Bin g\u00fcnd\u00fcr meslekta\u015flar\u0131m\u0131z hapiste","datePublished":"2025-01-20T13:41:52+00:00","mainEntityOfPage":{"@id":"https:\/\/denizcankizil.tr\/en\/haberler\/gundem\/tmmobdan-can-atalay-cikisi-bin-gundur-meslektaslarimiz-hapiste\/"},"wordCount":876,"commentCount":0,"publisher":{"@id":"https:\/\/denizcankizil.tr\/#organization"},"articleSection":["G\u00fcndem"],"inLanguage":"en-GB","potentialAction":[{"@type":"CommentAction","name":"Comment","target":["https:\/\/denizcankizil.tr\/en\/haberler\/gundem\/tmmobdan-can-atalay-cikisi-bin-gundur-meslektaslarimiz-hapiste\/#respond"]}]},{"@type":"WebPage","@id":"https:\/\/denizcankizil.tr\/en\/haberler\/gundem\/tmmobdan-can-atalay-cikisi-bin-gundur-meslektaslarimiz-hapiste\/","url":"https:\/\/denizcankizil.tr\/en\/haberler\/gundem\/tmmobdan-can-atalay-cikisi-bin-gundur-meslektaslarimiz-hapiste\/","name":"TMMOB\u2019dan Can Atalay \u00e7\u0131k\u0131\u015f\u0131: Bin g\u00fcnd\u00fcr meslekta\u015flar\u0131m\u0131z hapiste - Av. Deniz Can K\u0131z\u0131l","isPartOf":{"@id":"https:\/\/denizcankizil.tr\/#website"},"datePublished":"2025-01-20T13:41:52+00:00","breadcrumb":{"@id":"https:\/\/denizcankizil.tr\/en\/haberler\/gundem\/tmmobdan-can-atalay-cikisi-bin-gundur-meslektaslarimiz-hapiste\/#breadcrumb"},"inLanguage":"en-GB","potentialAction":[{"@type":"ReadAction","target":["https:\/\/denizcankizil.tr\/en\/haberler\/gundem\/tmmobdan-can-atalay-cikisi-bin-gundur-meslektaslarimiz-hapiste\/"]}]},{"@type":"BreadcrumbList","@id":"https:\/\/denizcankizil.tr\/en\/haberler\/gundem\/tmmobdan-can-atalay-cikisi-bin-gundur-meslektaslarimiz-hapiste\/#breadcrumb","itemListElement":[{"@type":"ListItem","position":1,"name":"Home","item":"https:\/\/denizcankizil.tr\/de\/"},{"@type":"ListItem","position":2,"name":"TMMOB\u2019dan Can Atalay \u00e7\u0131k\u0131\u015f\u0131: Bin g\u00fcnd\u00fcr meslekta\u015flar\u0131m\u0131z hapiste"}]},{"@type":"WebSite","@id":"https:\/\/denizcankizil.tr\/#website","url":"https:\/\/denizcankizil.tr\/","name":"Av. Deniz Can K\u0131z\u0131l","description":"Avukat Deniz Can K\u0131z\u0131l Antalya Barosu","publisher":{"@id":"https:\/\/denizcankizil.tr\/#organization"},"potentialAction":[{"@type":"SearchAction","target":{"@type":"EntryPoint","urlTemplate":"https:\/\/denizcankizil.tr\/?s={search_term_string}"},"query-input":{"@type":"PropertyValueSpecification","valueRequired":true,"valueName":"search_term_string"}}],"inLanguage":"en-GB"},{"@type":"Organization","@id":"https:\/\/denizcankizil.tr\/#organization","name":"Av. Deniz Can K\u0131z\u0131l","url":"https:\/\/denizcankizil.tr\/","logo":{"@type":"ImageObject","inLanguage":"en-GB","@id":"https:\/\/denizcankizil.tr\/#\/schema\/logo\/image\/","url":"https:\/\/denizcankizil.tr\/wp-content\/uploads\/2024\/10\/siyah-logo-svg.svg","contentUrl":"https:\/\/denizcankizil.tr\/wp-content\/uploads\/2024\/10\/siyah-logo-svg.svg","width":1080,"height":1080,"caption":"Av. Deniz Can K\u0131z\u0131l"},"image":{"@id":"https:\/\/denizcankizil.tr\/#\/schema\/logo\/image\/"}},{"@type":"Person","@id":"https:\/\/denizcankizil.tr\/#\/schema\/person\/e1eb71bb4dd684d46563f0af307e1234","name":"Antalya K\u00f6rfez","image":{"@type":"ImageObject","inLanguage":"en-GB","@id":"https:\/\/denizcankizil.tr\/#\/schema\/person\/image\/","url":"https:\/\/secure.gravatar.com\/avatar\/42b01982558a48a0b501fdcab6a408d3717ea5919095ee2e67b0e521799c5905?s=96&d=mm&r=g","contentUrl":"https:\/\/secure.gravatar.com\/avatar\/42b01982558a48a0b501fdcab6a408d3717ea5919095ee2e67b0e521799c5905?s=96&d=mm&r=g","caption":"Antalya K\u00f6rfez"},"sameAs":["http:\/\/www.antalyakorfez.com"],"url":"https:\/\/www.antalyakorfez.com\/tmmobdan-can-atalay-cikisi-bin-gundur-meslektaslarimiz-hapiste"}]}},"_links":{"self":[{"href":"https:\/\/denizcankizil.tr\/en\/wp-json\/wp\/v2\/posts\/26337","targetHints":{"allow":["GET"]}}],"collection":[{"href":"https:\/\/denizcankizil.tr\/en\/wp-json\/wp\/v2\/posts"}],"about":[{"href":"https:\/\/denizcankizil.tr\/en\/wp-json\/wp\/v2\/types\/post"}],"author":[{"embeddable":true,"href":"https:\/\/denizcankizil.tr\/en\/wp-json\/wp\/v2\/users\/5"}],"replies":[{"embeddable":true,"href":"https:\/\/denizcankizil.tr\/en\/wp-json\/wp\/v2\/comments?post=26337"}],"version-history":[{"count":0,"href":"https:\/\/denizcankizil.tr\/en\/wp-json\/wp\/v2\/posts\/26337\/revisions"}],"wp:attachment":[{"href":"https:\/\/denizcankizil.tr\/en\/wp-json\/wp\/v2\/media?parent=26337"}],"wp:term":[{"taxonomy":"category","embeddable":true,"href":"https:\/\/denizcankizil.tr\/en\/wp-json\/wp\/v2\/categories?post=26337"},{"taxonomy":"post_tag","embeddable":true,"href":"https:\/\/denizcankizil.tr\/en\/wp-json\/wp\/v2\/tags?post=26337"}],"curies":[{"name":"wp","href":"https:\/\/api.w.org\/{rel}","templated":true}]}}