{"id":26250,"date":"2025-01-20T10:41:16","date_gmt":"2025-01-20T07:41:16","guid":{"rendered":"https:\/\/denizcankizil.tr\/uncategorized-tr\/cocuklar-ve-gencler-icin-yariyil-tiyatro-senligi-basladi\/"},"modified":"2025-01-20T10:41:16","modified_gmt":"2025-01-20T07:41:16","slug":"cocuklar-ve-gencler-icin-yariyil-tiyatro-senligi-basladi","status":"publish","type":"post","link":"https:\/\/denizcankizil.tr\/en\/haberler\/antalya\/cocuklar-ve-gencler-icin-yariyil-tiyatro-senligi-basladi\/","title":{"rendered":"&#8216;\u00c7ocuklar ve Gen\u00e7ler \u0130\u00e7in Yar\u0131y\u0131l Tiyatro \u015eenli\u011fi&#8217; ba\u015flad\u0131"},"content":{"rendered":"<p>Antalya B\u00fcy\u00fck\u015fehir Belediyesi 2024-2025 e\u011fitim-\u00f6\u011fretim y\u0131l\u0131n\u0131n yar\u0131y\u0131l tatilinde \u00e7ocuklar ve gen\u00e7lerin dolu dolu bir tatil ge\u00e7irmesi ger\u00e7ekle\u015ftirdi\u011fi \u201c\u00c7ocuklar ve Gen\u00e7ler \u0130\u00e7in Yar\u0131y\u0131l Tiyatro \u015eenli\u011fi\u201d ba\u015flad\u0131. A\u015eT Y\u0131ld\u0131z Kenter sahnesinde ger\u00e7ekle\u015ftirilen Tiyatro \u015eenli\u011fi\u2019nde oyun \u00f6ncesinde \u00e7ocuklar, m\u00fczikal g\u00f6steriyle e\u011flendi. Daha sonra ise \u201cTiyatro \u015eenli\u011fi\u201dnin ilk oyunu, Balon A\u011fac\u0131 kukla oyunu \u00e7ocuklarla bulu\u015ftu. Aileleriyle birlikte tiyatro izlemeye gelen \u00e7ocuklar, oyunda hem e\u011flendi hem de kuklalar\u0131n b\u00fcy\u00fcl\u00fc d\u00fcnyas\u0131nda unutulmaz anlar ya\u015fad\u0131. Birbirinden renkli ve farkl\u0131 kuklalar\u0131 izleyen \u00e7ocuklar, dikkat \u00e7ekici sahne tasar\u0131m\u0131 ve e\u011flenceli diyaloglarla hem g\u00fcld\u00fc hem de b\u00fcy\u00fcl\u00fc bir yolculu\u011fa \u00e7\u0131kt\u0131.<\/p>\n<p>\u201cTatil boyunca devam edecek\u201d<br \/>\n\u00c7ocuklar\u0131n aileleriyle birlikte izleyebilecekleri tiyatro oyunlar\u0131 tatil boyunca devam edecek. Tiyatro \u015fenli\u011finde \u201cMarangozun K\u00f6pe\u011fi Ka\u015ftanka, Romeo+Juliet=A\u015fk(?), Z\u00fcmr\u00fcd\u00fcanka, Ku\u015f Ad\u0131mlar\u0131\u201d gibi birbirinden g\u00fczel tiyatro oyunlar\u0131, \u015fehir tiyatrolar\u0131 oyuncular\u0131 taraf\u0131ndan izleyicilerle bulu\u015facak.<\/p>\n<p>Kaynak: www.kanalv.com.tr Haber Sitesinden Al\u0131nm\u0131\u015ft\u0131r.<\/p>","protected":false},"excerpt":{"rendered":"<p>Antalya B\u00fcy\u00fck\u015fehir Belediyesi 2024-2025 e\u011fitim-\u00f6\u011fretim y\u0131l\u0131n\u0131n yar\u0131y\u0131l tatilinde \u00e7ocuklar ve gen\u00e7lerin dolu dolu bir tatil ge\u00e7irmesi ger\u00e7ekle\u015ftirdi\u011fi \u201c\u00c7ocuklar ve Gen\u00e7ler \u0130\u00e7in Yar\u0131y\u0131l Tiyatro \u015eenli\u011fi\u201d ba\u015flad\u0131. A\u015eT Y\u0131ld\u0131z Kenter sahnesinde ger\u00e7ekle\u015ftirilen Tiyatro \u015eenli\u011fi\u2019nde oyun \u00f6ncesinde \u00e7ocuklar, m\u00fczikal g\u00f6steriyle e\u011flendi. Daha sonra ise \u201cTiyatro \u015eenli\u011fi\u201dnin ilk oyunu, Balon A\u011fac\u0131 kukla oyunu \u00e7ocuklarla bulu\u015ftu. Aileleriyle birlikte tiyatro izlemeye gelen \u00e7ocuklar, oyunda hem e\u011flendi hem de kuklalar\u0131n b\u00fcy\u00fcl\u00fc d\u00fcnyas\u0131nda unutulmaz anlar ya\u015fad\u0131. Birbirinden renkli ve farkl\u0131 kuklalar\u0131 izleyen \u00e7ocuklar, dikkat \u00e7ekici sahne tasar\u0131m\u0131 ve e\u011flenceli diyaloglarla hem g\u00fcld\u00fc hem de b\u00fcy\u00fcl\u00fc bir yolculu\u011fa \u00e7\u0131kt\u0131. \u201cTatil boyunca devam edecek\u201d \u00c7ocuklar\u0131n aileleriyle birlikte izleyebilecekleri tiyatro oyunlar\u0131 tatil boyunca devam edecek. Tiyatro \u015fenli\u011finde \u201cMarangozun K\u00f6pe\u011fi Ka\u015ftanka, Romeo+Juliet=A\u015fk(?), Z\u00fcmr\u00fcd\u00fcanka, Ku\u015f Ad\u0131mlar\u0131\u201d gibi birbirinden g\u00fczel tiyatro oyunlar\u0131, \u015fehir tiyatrolar\u0131 oyuncular\u0131 taraf\u0131ndan izleyicilerle bulu\u015facak. Kaynak: www.kanalv.com.tr Haber Sitesinden Al\u0131nm\u0131\u015ft\u0131r.<\/p>","protected":false},"author":4,"featured_media":26251,"comment_status":"open","ping_status":"open","sticky":false,"template":"","format":"standard","meta":{"_acf_changed":false,"footnotes":""},"categories":[26],"tags":[],"class_list":["post-26250","post","type-post","status-publish","format-standard","has-post-thumbnail","hentry","category-antalya"],"acf":[],"yoast_head":"<!-- This site is optimized with the Yoast SEO Premium plugin v26.6 (Yoast SEO v27.1.1) - https:\/\/yoast.com\/product\/yoast-seo-premium-wordpress\/ -->\n<title>&#039;\u00c7ocuklar ve Gen\u00e7ler \u0130\u00e7in Yar\u0131y\u0131l Tiyatro \u015eenli\u011fi&#039; ba\u015flad\u0131 - Av. Deniz Can K\u0131z\u0131l<\/title>\n<meta name=\"robots\" content=\"index, follow, max-snippet:-1, max-image-preview:large, max-video-preview:-1\" \/>\n<link rel=\"canonical\" href=\"https:\/\/denizcankizil.tr\/en\/haberler\/antalya\/cocuklar-ve-gencler-icin-yariyil-tiyatro-senligi-basladi\/\" \/>\n<meta property=\"og:locale\" content=\"en_GB\" \/>\n<meta property=\"og:type\" content=\"article\" \/>\n<meta property=\"og:title\" content=\"&#039;\u00c7ocuklar ve Gen\u00e7ler \u0130\u00e7in Yar\u0131y\u0131l Tiyatro \u015eenli\u011fi&#039; ba\u015flad\u0131\" \/>\n<meta property=\"og:description\" content=\"Antalya B\u00fcy\u00fck\u015fehir Belediyesi 2024-2025 e\u011fitim-\u00f6\u011fretim y\u0131l\u0131n\u0131n yar\u0131y\u0131l tatilinde \u00e7ocuklar ve gen\u00e7lerin dolu dolu bir tatil ge\u00e7irmesi ger\u00e7ekle\u015ftirdi\u011fi \u201c\u00c7ocuklar ve Gen\u00e7ler \u0130\u00e7in Yar\u0131y\u0131l Tiyatro \u015eenli\u011fi\u201d ba\u015flad\u0131. A\u015eT Y\u0131ld\u0131z Kenter sahnesinde ger\u00e7ekle\u015ftirilen Tiyatro \u015eenli\u011fi\u2019nde oyun \u00f6ncesinde \u00e7ocuklar, m\u00fczikal g\u00f6steriyle e\u011flendi. Daha sonra ise \u201cTiyatro \u015eenli\u011fi\u201dnin ilk oyunu, Balon A\u011fac\u0131 kukla oyunu \u00e7ocuklarla bulu\u015ftu. Aileleriyle birlikte tiyatro izlemeye gelen \u00e7ocuklar, oyunda hem e\u011flendi hem de kuklalar\u0131n b\u00fcy\u00fcl\u00fc d\u00fcnyas\u0131nda unutulmaz anlar ya\u015fad\u0131. Birbirinden renkli ve farkl\u0131 kuklalar\u0131 izleyen \u00e7ocuklar, dikkat \u00e7ekici sahne tasar\u0131m\u0131 ve e\u011flenceli diyaloglarla hem g\u00fcld\u00fc hem de b\u00fcy\u00fcl\u00fc bir yolculu\u011fa \u00e7\u0131kt\u0131. \u201cTatil boyunca devam edecek\u201d \u00c7ocuklar\u0131n aileleriyle birlikte izleyebilecekleri tiyatro oyunlar\u0131 tatil boyunca devam edecek. Tiyatro \u015fenli\u011finde \u201cMarangozun K\u00f6pe\u011fi Ka\u015ftanka, Romeo+Juliet=A\u015fk(?), Z\u00fcmr\u00fcd\u00fcanka, Ku\u015f Ad\u0131mlar\u0131\u201d gibi birbirinden g\u00fczel tiyatro oyunlar\u0131, \u015fehir tiyatrolar\u0131 oyuncular\u0131 taraf\u0131ndan izleyicilerle bulu\u015facak. Kaynak: www.kanalv.com.tr Haber Sitesinden Al\u0131nm\u0131\u015ft\u0131r.\" \/>\n<meta property=\"og:url\" content=\"https:\/\/denizcankizil.tr\/en\/haberler\/antalya\/cocuklar-ve-gencler-icin-yariyil-tiyatro-senligi-basladi\/\" \/>\n<meta property=\"og:site_name\" content=\"Av. Deniz Can K\u0131z\u0131l\" \/>\n<meta property=\"article:published_time\" content=\"2025-01-20T07:41:16+00:00\" \/>\n<meta property=\"og:image\" content=\"https:\/\/denizcankizil.tr\/wp-content\/uploads\/2025\/01\/4227-01-cVGi1h.jpeg\" \/>\n\t<meta property=\"og:image:width\" content=\"1280\" \/>\n\t<meta property=\"og:image:height\" content=\"720\" \/>\n\t<meta property=\"og:image:type\" content=\"image\/jpeg\" \/>\n<meta name=\"author\" content=\"Av. Deniz Can K\u0131z\u0131l\" \/>\n<meta name=\"twitter:card\" content=\"summary_large_image\" \/>\n<meta name=\"twitter:label1\" content=\"Written by\" \/>\n\t<meta name=\"twitter:data1\" content=\"Av. Deniz Can K\u0131z\u0131l\" \/>\n\t<meta name=\"twitter:label2\" content=\"Estimated reading time\" \/>\n\t<meta name=\"twitter:data2\" content=\"1 minute\" \/>\n<script type=\"application\/ld+json\" class=\"yoast-schema-graph\">{\"@context\":\"https:\/\/schema.org\",\"@graph\":[{\"@type\":\"Article\",\"@id\":\"https:\/\/denizcankizil.tr\/en\/haberler\/antalya\/cocuklar-ve-gencler-icin-yariyil-tiyatro-senligi-basladi\/#article\",\"isPartOf\":{\"@id\":\"https:\/\/denizcankizil.tr\/en\/haberler\/antalya\/cocuklar-ve-gencler-icin-yariyil-tiyatro-senligi-basladi\/\"},\"author\":{\"name\":\"Av. Deniz Can K\u0131z\u0131l\",\"@id\":\"https:\/\/denizcankizil.tr\/de\/#\/schema\/person\/5dc1b22991bd7ac833867c10afc9b0ff\"},\"headline\":\"&#8216;\u00c7ocuklar ve Gen\u00e7ler \u0130\u00e7in Yar\u0131y\u0131l Tiyatro \u015eenli\u011fi&#8217; ba\u015flad\u0131\",\"datePublished\":\"2025-01-20T07:41:16+00:00\",\"mainEntityOfPage\":{\"@id\":\"https:\/\/denizcankizil.tr\/en\/haberler\/antalya\/cocuklar-ve-gencler-icin-yariyil-tiyatro-senligi-basladi\/\"},\"wordCount\":210,\"commentCount\":0,\"publisher\":{\"@id\":\"https:\/\/denizcankizil.tr\/de\/#organization\"},\"image\":{\"@id\":\"https:\/\/denizcankizil.tr\/en\/haberler\/antalya\/cocuklar-ve-gencler-icin-yariyil-tiyatro-senligi-basladi\/#primaryimage\"},\"thumbnailUrl\":\"https:\/\/denizcankizil.tr\/wp-content\/uploads\/2025\/01\/4227-01-cVGi1h.jpeg\",\"articleSection\":[\"Antalya\"],\"inLanguage\":\"en-GB\",\"potentialAction\":[{\"@type\":\"CommentAction\",\"name\":\"Comment\",\"target\":[\"https:\/\/denizcankizil.tr\/en\/haberler\/antalya\/cocuklar-ve-gencler-icin-yariyil-tiyatro-senligi-basladi\/#respond\"]}]},{\"@type\":\"WebPage\",\"@id\":\"https:\/\/denizcankizil.tr\/en\/haberler\/antalya\/cocuklar-ve-gencler-icin-yariyil-tiyatro-senligi-basladi\/\",\"url\":\"https:\/\/denizcankizil.tr\/en\/haberler\/antalya\/cocuklar-ve-gencler-icin-yariyil-tiyatro-senligi-basladi\/\",\"name\":\"'\u00c7ocuklar ve Gen\u00e7ler \u0130\u00e7in Yar\u0131y\u0131l Tiyatro \u015eenli\u011fi' ba\u015flad\u0131 - Av. Deniz Can K\u0131z\u0131l\",\"isPartOf\":{\"@id\":\"https:\/\/denizcankizil.tr\/de\/#website\"},\"primaryImageOfPage\":{\"@id\":\"https:\/\/denizcankizil.tr\/en\/haberler\/antalya\/cocuklar-ve-gencler-icin-yariyil-tiyatro-senligi-basladi\/#primaryimage\"},\"image\":{\"@id\":\"https:\/\/denizcankizil.tr\/en\/haberler\/antalya\/cocuklar-ve-gencler-icin-yariyil-tiyatro-senligi-basladi\/#primaryimage\"},\"thumbnailUrl\":\"https:\/\/denizcankizil.tr\/wp-content\/uploads\/2025\/01\/4227-01-cVGi1h.jpeg\",\"datePublished\":\"2025-01-20T07:41:16+00:00\",\"breadcrumb\":{\"@id\":\"https:\/\/denizcankizil.tr\/en\/haberler\/antalya\/cocuklar-ve-gencler-icin-yariyil-tiyatro-senligi-basladi\/#breadcrumb\"},\"inLanguage\":\"en-GB\",\"potentialAction\":[{\"@type\":\"ReadAction\",\"target\":[\"https:\/\/denizcankizil.tr\/en\/haberler\/antalya\/cocuklar-ve-gencler-icin-yariyil-tiyatro-senligi-basladi\/\"]}]},{\"@type\":\"ImageObject\",\"inLanguage\":\"en-GB\",\"@id\":\"https:\/\/denizcankizil.tr\/en\/haberler\/antalya\/cocuklar-ve-gencler-icin-yariyil-tiyatro-senligi-basladi\/#primaryimage\",\"url\":\"https:\/\/denizcankizil.tr\/wp-content\/uploads\/2025\/01\/4227-01-cVGi1h.jpeg\",\"contentUrl\":\"https:\/\/denizcankizil.tr\/wp-content\/uploads\/2025\/01\/4227-01-cVGi1h.jpeg\",\"width\":1280,\"height\":720},{\"@type\":\"BreadcrumbList\",\"@id\":\"https:\/\/denizcankizil.tr\/en\/haberler\/antalya\/cocuklar-ve-gencler-icin-yariyil-tiyatro-senligi-basladi\/#breadcrumb\",\"itemListElement\":[{\"@type\":\"ListItem\",\"position\":1,\"name\":\"Home\",\"item\":\"https:\/\/denizcankizil.tr\/de\/\"},{\"@type\":\"ListItem\",\"position\":2,\"name\":\"&#8216;\u00c7ocuklar ve Gen\u00e7ler \u0130\u00e7in Yar\u0131y\u0131l Tiyatro \u015eenli\u011fi&#8217; ba\u015flad\u0131\"}]},{\"@type\":\"WebSite\",\"@id\":\"https:\/\/denizcankizil.tr\/de\/#website\",\"url\":\"https:\/\/denizcankizil.tr\/de\/\",\"name\":\"Av. Deniz Can K\u0131z\u0131l\",\"description\":\"Avukat Deniz Can K\u0131z\u0131l Antalya Barosu\",\"publisher\":{\"@id\":\"https:\/\/denizcankizil.tr\/de\/#organization\"},\"potentialAction\":[{\"@type\":\"SearchAction\",\"target\":{\"@type\":\"EntryPoint\",\"urlTemplate\":\"https:\/\/denizcankizil.tr\/de\/?s={search_term_string}\"},\"query-input\":{\"@type\":\"PropertyValueSpecification\",\"valueRequired\":true,\"valueName\":\"search_term_string\"}}],\"inLanguage\":\"en-GB\"},{\"@type\":\"Organization\",\"@id\":\"https:\/\/denizcankizil.tr\/de\/#organization\",\"name\":\"Av. Deniz Can K\u0131z\u0131l\",\"url\":\"https:\/\/denizcankizil.tr\/de\/\",\"logo\":{\"@type\":\"ImageObject\",\"inLanguage\":\"en-GB\",\"@id\":\"https:\/\/denizcankizil.tr\/de\/#\/schema\/logo\/image\/\",\"url\":\"https:\/\/denizcankizil.tr\/wp-content\/uploads\/2024\/10\/siyah-logo-svg.svg\",\"contentUrl\":\"https:\/\/denizcankizil.tr\/wp-content\/uploads\/2024\/10\/siyah-logo-svg.svg\",\"width\":1080,\"height\":1080,\"caption\":\"Av. Deniz Can K\u0131z\u0131l\"},\"image\":{\"@id\":\"https:\/\/denizcankizil.tr\/de\/#\/schema\/logo\/image\/\"}},{\"@type\":\"Person\",\"@id\":\"https:\/\/denizcankizil.tr\/de\/#\/schema\/person\/5dc1b22991bd7ac833867c10afc9b0ff\",\"name\":\"Av. Deniz Can K\u0131z\u0131l\",\"image\":{\"@type\":\"ImageObject\",\"inLanguage\":\"en-GB\",\"@id\":\"https:\/\/denizcankizil.tr\/de\/#\/schema\/person\/image\/\",\"url\":\"https:\/\/secure.gravatar.com\/avatar\/a0b128fb9855c79efc976d5640eedb31dc35ec297594d6016d2cf7c60e975bb6?s=96&d=mm&r=g\",\"contentUrl\":\"https:\/\/secure.gravatar.com\/avatar\/a0b128fb9855c79efc976d5640eedb31dc35ec297594d6016d2cf7c60e975bb6?s=96&d=mm&r=g\",\"caption\":\"Av. Deniz Can K\u0131z\u0131l\"},\"sameAs\":[\"http:\/\/www.denizcankizil.tr\"],\"url\":\"https:\/\/denizcankizil.tr\/en\/author\/denizcankizil\/\"}]}<\/script>\n<!-- \/ Yoast SEO Premium plugin. -->","yoast_head_json":{"title":"'\u00c7ocuklar ve Gen\u00e7ler \u0130\u00e7in Yar\u0131y\u0131l Tiyatro \u015eenli\u011fi' ba\u015flad\u0131 - Av. Deniz Can K\u0131z\u0131l","robots":{"index":"index","follow":"follow","max-snippet":"max-snippet:-1","max-image-preview":"max-image-preview:large","max-video-preview":"max-video-preview:-1"},"canonical":"https:\/\/denizcankizil.tr\/en\/haberler\/antalya\/cocuklar-ve-gencler-icin-yariyil-tiyatro-senligi-basladi\/","og_locale":"en_GB","og_type":"article","og_title":"'\u00c7ocuklar ve Gen\u00e7ler \u0130\u00e7in Yar\u0131y\u0131l Tiyatro \u015eenli\u011fi' ba\u015flad\u0131","og_description":"Antalya B\u00fcy\u00fck\u015fehir Belediyesi 2024-2025 e\u011fitim-\u00f6\u011fretim y\u0131l\u0131n\u0131n yar\u0131y\u0131l tatilinde \u00e7ocuklar ve gen\u00e7lerin dolu dolu bir tatil ge\u00e7irmesi ger\u00e7ekle\u015ftirdi\u011fi \u201c\u00c7ocuklar ve Gen\u00e7ler \u0130\u00e7in Yar\u0131y\u0131l Tiyatro \u015eenli\u011fi\u201d ba\u015flad\u0131. A\u015eT Y\u0131ld\u0131z Kenter sahnesinde ger\u00e7ekle\u015ftirilen Tiyatro \u015eenli\u011fi\u2019nde oyun \u00f6ncesinde \u00e7ocuklar, m\u00fczikal g\u00f6steriyle e\u011flendi. Daha sonra ise \u201cTiyatro \u015eenli\u011fi\u201dnin ilk oyunu, Balon A\u011fac\u0131 kukla oyunu \u00e7ocuklarla bulu\u015ftu. Aileleriyle birlikte tiyatro izlemeye gelen \u00e7ocuklar, oyunda hem e\u011flendi hem de kuklalar\u0131n b\u00fcy\u00fcl\u00fc d\u00fcnyas\u0131nda unutulmaz anlar ya\u015fad\u0131. Birbirinden renkli ve farkl\u0131 kuklalar\u0131 izleyen \u00e7ocuklar, dikkat \u00e7ekici sahne tasar\u0131m\u0131 ve e\u011flenceli diyaloglarla hem g\u00fcld\u00fc hem de b\u00fcy\u00fcl\u00fc bir yolculu\u011fa \u00e7\u0131kt\u0131. \u201cTatil boyunca devam edecek\u201d \u00c7ocuklar\u0131n aileleriyle birlikte izleyebilecekleri tiyatro oyunlar\u0131 tatil boyunca devam edecek. Tiyatro \u015fenli\u011finde \u201cMarangozun K\u00f6pe\u011fi Ka\u015ftanka, Romeo+Juliet=A\u015fk(?), Z\u00fcmr\u00fcd\u00fcanka, Ku\u015f Ad\u0131mlar\u0131\u201d gibi birbirinden g\u00fczel tiyatro oyunlar\u0131, \u015fehir tiyatrolar\u0131 oyuncular\u0131 taraf\u0131ndan izleyicilerle bulu\u015facak. Kaynak: www.kanalv.com.tr Haber Sitesinden Al\u0131nm\u0131\u015ft\u0131r.","og_url":"https:\/\/denizcankizil.tr\/en\/haberler\/antalya\/cocuklar-ve-gencler-icin-yariyil-tiyatro-senligi-basladi\/","og_site_name":"Av. Deniz Can K\u0131z\u0131l","article_published_time":"2025-01-20T07:41:16+00:00","og_image":[{"width":1280,"height":720,"url":"https:\/\/denizcankizil.tr\/wp-content\/uploads\/2025\/01\/4227-01-cVGi1h.jpeg","type":"image\/jpeg"}],"author":"Av. Deniz Can K\u0131z\u0131l","twitter_card":"summary_large_image","twitter_misc":{"Written by":"Av. Deniz Can K\u0131z\u0131l","Estimated reading time":"1 minute"},"schema":{"@context":"https:\/\/schema.org","@graph":[{"@type":"Article","@id":"https:\/\/denizcankizil.tr\/en\/haberler\/antalya\/cocuklar-ve-gencler-icin-yariyil-tiyatro-senligi-basladi\/#article","isPartOf":{"@id":"https:\/\/denizcankizil.tr\/en\/haberler\/antalya\/cocuklar-ve-gencler-icin-yariyil-tiyatro-senligi-basladi\/"},"author":{"name":"Av. Deniz Can K\u0131z\u0131l","@id":"https:\/\/denizcankizil.tr\/de\/#\/schema\/person\/5dc1b22991bd7ac833867c10afc9b0ff"},"headline":"&#8216;\u00c7ocuklar ve Gen\u00e7ler \u0130\u00e7in Yar\u0131y\u0131l Tiyatro \u015eenli\u011fi&#8217; ba\u015flad\u0131","datePublished":"2025-01-20T07:41:16+00:00","mainEntityOfPage":{"@id":"https:\/\/denizcankizil.tr\/en\/haberler\/antalya\/cocuklar-ve-gencler-icin-yariyil-tiyatro-senligi-basladi\/"},"wordCount":210,"commentCount":0,"publisher":{"@id":"https:\/\/denizcankizil.tr\/de\/#organization"},"image":{"@id":"https:\/\/denizcankizil.tr\/en\/haberler\/antalya\/cocuklar-ve-gencler-icin-yariyil-tiyatro-senligi-basladi\/#primaryimage"},"thumbnailUrl":"https:\/\/denizcankizil.tr\/wp-content\/uploads\/2025\/01\/4227-01-cVGi1h.jpeg","articleSection":["Antalya"],"inLanguage":"en-GB","potentialAction":[{"@type":"CommentAction","name":"Comment","target":["https:\/\/denizcankizil.tr\/en\/haberler\/antalya\/cocuklar-ve-gencler-icin-yariyil-tiyatro-senligi-basladi\/#respond"]}]},{"@type":"WebPage","@id":"https:\/\/denizcankizil.tr\/en\/haberler\/antalya\/cocuklar-ve-gencler-icin-yariyil-tiyatro-senligi-basladi\/","url":"https:\/\/denizcankizil.tr\/en\/haberler\/antalya\/cocuklar-ve-gencler-icin-yariyil-tiyatro-senligi-basladi\/","name":"'\u00c7ocuklar ve Gen\u00e7ler \u0130\u00e7in Yar\u0131y\u0131l Tiyatro \u015eenli\u011fi' ba\u015flad\u0131 - Av. Deniz Can K\u0131z\u0131l","isPartOf":{"@id":"https:\/\/denizcankizil.tr\/de\/#website"},"primaryImageOfPage":{"@id":"https:\/\/denizcankizil.tr\/en\/haberler\/antalya\/cocuklar-ve-gencler-icin-yariyil-tiyatro-senligi-basladi\/#primaryimage"},"image":{"@id":"https:\/\/denizcankizil.tr\/en\/haberler\/antalya\/cocuklar-ve-gencler-icin-yariyil-tiyatro-senligi-basladi\/#primaryimage"},"thumbnailUrl":"https:\/\/denizcankizil.tr\/wp-content\/uploads\/2025\/01\/4227-01-cVGi1h.jpeg","datePublished":"2025-01-20T07:41:16+00:00","breadcrumb":{"@id":"https:\/\/denizcankizil.tr\/en\/haberler\/antalya\/cocuklar-ve-gencler-icin-yariyil-tiyatro-senligi-basladi\/#breadcrumb"},"inLanguage":"en-GB","potentialAction":[{"@type":"ReadAction","target":["https:\/\/denizcankizil.tr\/en\/haberler\/antalya\/cocuklar-ve-gencler-icin-yariyil-tiyatro-senligi-basladi\/"]}]},{"@type":"ImageObject","inLanguage":"en-GB","@id":"https:\/\/denizcankizil.tr\/en\/haberler\/antalya\/cocuklar-ve-gencler-icin-yariyil-tiyatro-senligi-basladi\/#primaryimage","url":"https:\/\/denizcankizil.tr\/wp-content\/uploads\/2025\/01\/4227-01-cVGi1h.jpeg","contentUrl":"https:\/\/denizcankizil.tr\/wp-content\/uploads\/2025\/01\/4227-01-cVGi1h.jpeg","width":1280,"height":720},{"@type":"BreadcrumbList","@id":"https:\/\/denizcankizil.tr\/en\/haberler\/antalya\/cocuklar-ve-gencler-icin-yariyil-tiyatro-senligi-basladi\/#breadcrumb","itemListElement":[{"@type":"ListItem","position":1,"name":"Home","item":"https:\/\/denizcankizil.tr\/de\/"},{"@type":"ListItem","position":2,"name":"&#8216;\u00c7ocuklar ve Gen\u00e7ler \u0130\u00e7in Yar\u0131y\u0131l Tiyatro \u015eenli\u011fi&#8217; ba\u015flad\u0131"}]},{"@type":"WebSite","@id":"https:\/\/denizcankizil.tr\/de\/#website","url":"https:\/\/denizcankizil.tr\/de\/","name":"Av. Deniz Can K\u0131z\u0131l","description":"Avukat Deniz Can K\u0131z\u0131l Antalya Barosu","publisher":{"@id":"https:\/\/denizcankizil.tr\/de\/#organization"},"potentialAction":[{"@type":"SearchAction","target":{"@type":"EntryPoint","urlTemplate":"https:\/\/denizcankizil.tr\/de\/?s={search_term_string}"},"query-input":{"@type":"PropertyValueSpecification","valueRequired":true,"valueName":"search_term_string"}}],"inLanguage":"en-GB"},{"@type":"Organization","@id":"https:\/\/denizcankizil.tr\/de\/#organization","name":"Av. Deniz Can K\u0131z\u0131l","url":"https:\/\/denizcankizil.tr\/de\/","logo":{"@type":"ImageObject","inLanguage":"en-GB","@id":"https:\/\/denizcankizil.tr\/de\/#\/schema\/logo\/image\/","url":"https:\/\/denizcankizil.tr\/wp-content\/uploads\/2024\/10\/siyah-logo-svg.svg","contentUrl":"https:\/\/denizcankizil.tr\/wp-content\/uploads\/2024\/10\/siyah-logo-svg.svg","width":1080,"height":1080,"caption":"Av. Deniz Can K\u0131z\u0131l"},"image":{"@id":"https:\/\/denizcankizil.tr\/de\/#\/schema\/logo\/image\/"}},{"@type":"Person","@id":"https:\/\/denizcankizil.tr\/de\/#\/schema\/person\/5dc1b22991bd7ac833867c10afc9b0ff","name":"Av. Deniz Can K\u0131z\u0131l","image":{"@type":"ImageObject","inLanguage":"en-GB","@id":"https:\/\/denizcankizil.tr\/de\/#\/schema\/person\/image\/","url":"https:\/\/secure.gravatar.com\/avatar\/a0b128fb9855c79efc976d5640eedb31dc35ec297594d6016d2cf7c60e975bb6?s=96&d=mm&r=g","contentUrl":"https:\/\/secure.gravatar.com\/avatar\/a0b128fb9855c79efc976d5640eedb31dc35ec297594d6016d2cf7c60e975bb6?s=96&d=mm&r=g","caption":"Av. Deniz Can K\u0131z\u0131l"},"sameAs":["http:\/\/www.denizcankizil.tr"],"url":"https:\/\/denizcankizil.tr\/en\/author\/denizcankizil\/"}]}},"_links":{"self":[{"href":"https:\/\/denizcankizil.tr\/en\/wp-json\/wp\/v2\/posts\/26250","targetHints":{"allow":["GET"]}}],"collection":[{"href":"https:\/\/denizcankizil.tr\/en\/wp-json\/wp\/v2\/posts"}],"about":[{"href":"https:\/\/denizcankizil.tr\/en\/wp-json\/wp\/v2\/types\/post"}],"author":[{"embeddable":true,"href":"https:\/\/denizcankizil.tr\/en\/wp-json\/wp\/v2\/users\/4"}],"replies":[{"embeddable":true,"href":"https:\/\/denizcankizil.tr\/en\/wp-json\/wp\/v2\/comments?post=26250"}],"version-history":[{"count":0,"href":"https:\/\/denizcankizil.tr\/en\/wp-json\/wp\/v2\/posts\/26250\/revisions"}],"wp:featuredmedia":[{"embeddable":true,"href":"https:\/\/denizcankizil.tr\/en\/wp-json\/wp\/v2\/media\/26251"}],"wp:attachment":[{"href":"https:\/\/denizcankizil.tr\/en\/wp-json\/wp\/v2\/media?parent=26250"}],"wp:term":[{"taxonomy":"category","embeddable":true,"href":"https:\/\/denizcankizil.tr\/en\/wp-json\/wp\/v2\/categories?post=26250"},{"taxonomy":"post_tag","embeddable":true,"href":"https:\/\/denizcankizil.tr\/en\/wp-json\/wp\/v2\/tags?post=26250"}],"curies":[{"name":"wp","href":"https:\/\/api.w.org\/{rel}","templated":true}]}}