{"id":2623,"date":"2024-10-14T22:15:00","date_gmt":"2024-10-14T19:15:00","guid":{"rendered":"https:\/\/denizcankizil.tr\/uncategorized\/hakan-catak-istanbul-barosunu-layikiyla-yonetmeye-talibiz\/"},"modified":"2024-10-14T22:15:00","modified_gmt":"2024-10-14T19:15:00","slug":"hakan-catak-istanbul-barosunu-layikiyla-yonetmeye-talibiz","status":"publish","type":"post","link":"https:\/\/denizcankizil.tr\/en\/hukukihaber\/hakan-catak-istanbul-barosunu-layikiyla-yonetmeye-talibiz\/","title":{"rendered":"Hakan \u00c7atak: \u0130stanbul Barosu&#8217;nu lay\u0131k\u0131yla y\u00f6netmeye talibiz"},"content":{"rendered":"<p>\u0130stanbul Milliyet\u00e7i Avukatlar Grubu&#8217;nun (\u0130MAG) \u0130stanbul Barosu Ba\u015fkan Aday\u0131 Avukat Hakan \u00c7atak&#8217;\u0131n sorular\u0131m\u0131za verdi\u011fi samimi cevaplar \u015f\u00f6yle;<\/p>\n<p>SORU 1: \u0130stanbul Milliyet\u00e7i Avukatlar Grubunun \u0130stanbul Barosu Ba\u015fkan Aday\u0131s\u0131n\u0131z. Yarg\u0131 ve Y\u00fcr\u00fctmenin nas\u0131l bir i\u015fleyi\u015f halinde olmas\u0131n\u0131 d\u00fc\u015f\u00fcn\u00fcyorsunuz?<\/p>\n<p>\u00d6ncelikle \u015funu ifade etmek isterim ki; Kuvvetler Ayr\u0131l\u0131\u011f\u0131 k\u0131rm\u0131z\u0131 \u00e7izgimizdir. Yarg\u0131n\u0131n, y\u00fcr\u00fctmenin etkisi alt\u0131nda kalmadan, tamamen ba\u011f\u0131ms\u0131z bir \u015fekilde \u00e7al\u0131\u015fmas\u0131, hukuk devleti ilkesinin gere\u011fidir. Y\u00fcr\u00fctme organ\u0131, yarg\u0131n\u0131n kararlar\u0131na sayg\u0131 g\u00f6stermeli ve ele\u015ftirilerini hukuk \u00e7er\u00e7evesinde yapmal\u0131d\u0131r. Yarg\u0131n\u0131n ba\u011f\u0131ms\u0131zl\u0131\u011f\u0131na y\u00f6nelik her t\u00fcrl\u00fc m\u00fcdahale, hukukun \u00fcst\u00fcnl\u00fc\u011f\u00fcn\u00fc zedeler ve demokrasinin temelini sarsar. Bu nedenle, yarg\u0131n\u0131n ba\u011f\u0131ms\u0131zl\u0131\u011f\u0131n\u0131 koruyacak g\u00fc\u00e7l\u00fc mekanizmalar\u0131n olu\u015fturulmas\u0131 ve bu mekanizmalar\u0131n etkin bir \u015fekilde i\u015fletilmesinin \u00f6nem ta\u015f\u0131d\u0131\u011f\u0131n\u0131 ifade etmek istiyorum.<\/p>\n<p>SORU 2: 2020 y\u0131l\u0131nda yap\u0131lan kanunla, \u0130stanbul dahil baz\u0131 illerde 2 No\u2019lu barolar kuruldu. \u00c7oklu Baro d\u00fczenlemesini de\u011ferlendirebilir misiniz?<\/p>\n<p>Siyasal iktidar\u0131n iste\u011fi ile ihdas edilen \u201c\u00e7oklu baro\u201d d\u00fczenlemesinin meslek eti\u011fine zarar vermesinin yan\u0131 s\u0131ra, hukukun siyasalla\u015fmas\u0131, meslekta\u015flar\u0131m\u0131z aras\u0131nda siyasal ayr\u0131\u015fman\u0131n derinle\u015fmesi, yapay \u00e7at\u0131\u015fmalara zemin haz\u0131rlamas\u0131 gibi olumsuz etkileri ka\u00e7\u0131n\u0131lmazd\u0131r. Nicelik olarak k\u00fc\u00e7\u00fck ve kontrol\u00fc kolay barolar olu\u015fturulmak amac\u0131yla getirilen \u201c\u00e7oklu baro\u201d yanl\u0131\u015ft\u0131r ve bu yanl\u0131\u015ftan hemen d\u00f6n\u00fclmesi gerekti\u011fi kanaatindeyim.<\/p>\n<p>Bu hususta mevcut baro y\u00f6netiminin de hatalar\u0131 olmu\u015ftur. Siyasal iktidara \u201c\u00e7oklu baro\u201d d\u00fczenlemesini yasala\u015ft\u0131rarak mesle\u011fe ve barolara m\u00fcdahale etme f\u0131rsat\u0131n\u0131, kat\u0131l\u0131mc\u0131 bir y\u00f6netim anlay\u0131\u015f\u0131n\u0131 reddeden mevcut baro y\u00f6netimi vermi\u015ftir. Baro y\u00f6netimi, kendi meslekta\u015flar\u0131yla y\u00f6netimi payla\u015fmad\u0131\u011f\u0131, yetkiyi b\u00f6l\u00fc\u015fmedi\u011fi ve kendilerine oy verenler d\u0131\u015f\u0131ndakileri \u00f6tekile\u015ftirdi\u011fi t\u00fcm meslekta\u015flar\u0131m\u0131z\u0131n malumudur. Maalesef ki ya\u015fanan \u00e7oklu baro deneyiminden hi\u00e7bir ders \u00e7\u0131kartmayarak, hali haz\u0131rda kendisi gibi d\u00fc\u015f\u00fcnmeyen meslekta\u015flar\u0131m\u0131z\u0131 \u201c\u00f6teki\u201d saymaya devam etmektedir.<\/p>\n<p>SORU 3: Yarg\u0131n\u0131n en \u00f6nemli sac aya\u011f\u0131 olan avukatl\u0131k mesle\u011fi ve ba\u011fl\u0131 bulunduklar\u0131 barolar\u0131n siyaseten ve toplumsal olarak bask\u0131 alt\u0131nda oldu\u011funu d\u00fc\u015f\u00fcn\u00fcyor musunuz?<\/p>\n<p>\u00d6ncelikle ifade ifade etmek istereim ki; avukatl\u0131k mesle\u011finin cinsiyeti, ideolojisi, politikas\u0131, iktidara yak\u0131nl\u0131\u011f\u0131 olmaz, olamaz. Avukatlar\u0131n ve barolar\u0131n da iktidar\u0131n sesi olmas\u0131 beklenemez. Meslekta\u015flar\u0131m\u0131z\u0131n, ak\u0131lc\u0131 ve yap\u0131c\u0131 ele\u015ftirileri ile hukukun \u00fcst\u00fcnl\u00fc\u011f\u00fcn\u00fc koruma \u00e7abalar\u0131, siyasi iktidar\u0131n hatalar\u0131n\u0131 d\u00fczeltmesine ve hukukun \u00e7er\u00e7evesinde kalmas\u0131na yard\u0131mc\u0131 olaca\u011f\u0131 a\u015fikard\u0131r. Siyasi iktidarlar\u0131n bunu anlamas\u0131 i\u00e7in t\u00fcm barolar\u0131n, \u00f6zellikle \u0130stanbul Barosu\u2019nun etkin bir \u015fekilde sesini y\u00fckseltmesi gereklidir.<\/p>\n<p>Sadece mesleki g\u00f6revini yerine getiren meslekta\u015flar\u0131m\u0131n, m\u00fcvekkilleriyle ya da dava konusuyla \u00f6zde\u015fle\u015ftirilmesi, siyasi ve toplumsal bask\u0131lara maruz kalmas\u0131 kabul edilemez.<\/p>\n<p>Ayr\u0131ca yarg\u0131 s\u00fcrecinin adil bir \u015fekilde i\u015flemesi i\u00e7in, s\u0131navlardan ba\u015flayarak, adalet akademisi ve yarg\u0131\u00e7\/savc\u0131 atamalar\u0131na kadar her a\u015famada siyasi m\u00fcdahalelerin \u00f6n\u00fcne ge\u00e7ilmelidir. Aksi durum toplumun adalet duygusunu ciddi \u015fekilde zedelemektedir.<\/p>\n<p>SORU 4: Son y\u0131llarda malumunuz \u00e7ok\u00e7a hukuk fak\u00fcltesi a\u00e7\u0131ld\u0131. Barolar\u0131n yahut devletin bu hususta nas\u0131l bir \u00e7al\u0131\u015fmas\u0131 olmal\u0131d\u0131r? Ayn\u0131 zamanda gen\u00e7 meslekta\u015flar\u0131n\u0131z\u0131n ve stajyer avukatlar\u0131n problemleri hakk\u0131ndaki d\u00fc\u015f\u00fcnceleriniz nelerdir?<\/p>\n<p>Hukuk fak\u00fcltesi e\u011fitiminin nicelik ve nitelik olarak yeniden planlanmas\u0131 zorunludur. Mesleki yeterlili\u011fi art\u0131rmak ad\u0131na, hukuk fak\u00fcltelerindeki m\u00fcfredata meslek derslerinin eklenmesi, \u00f6\u011frencilerin staj s\u00fcre\u00e7lerinde mahkemelerde ve avukatlarla birlikte \u00e7al\u0131\u015farak pratik deneyim kazanmalar\u0131 sa\u011flanmal\u0131d\u0131r.<\/p>\n<p>Gen\u00e7 meslekta\u015flar\u0131m\u0131za ekonomik destek ve sosyal g\u00fcvenlik sa\u011flamayan, emeklerinin s\u00f6m\u00fcr\u00fcld\u00fc\u011f\u00fc bu \u00e7arp\u0131k sistem kabul edilemez.<\/p>\n<p>Stajyer meslekta\u015flar\u0131m\u0131z\u0131n adliye staj\u0131 d\u00f6nemindeki \u00fccret ve sosyal g\u00fcvenlik haklar\u0131 i\u00e7in yasal d\u00fczenleme yap\u0131lmas\u0131 gerekti\u011fi kanaatindeyim ve d\u00fczenlemenin maliyeti de yarg\u0131 gelirlerinden kar\u015f\u0131lanmal\u0131d\u0131r.<\/p>\n<p>Gen\u00e7 meslekta\u015flar\u0131m\u0131z\u0131n, mesle\u011fe asgari \u00fccret gibi a\u011f\u0131r ekonomik y\u00fcklerle ba\u015flad\u0131\u011f\u0131, i\u015f y\u00fck\u00fcn\u00fcn mesai saatlerinden sonra da \u00e7al\u0131\u015fmay\u0131 gerektirdi\u011fi ve bu haliyle i\u015f kanunundaki asgari i\u015fveren y\u00fck\u00fcml\u00fcl\u00fcklerinin gen\u00e7 meslekta\u015flar\u0131m\u0131za kar\u015f\u0131 yerine getirilmedi\u011fini \u00fcz\u00fclerek g\u00f6r\u00fcyoruz.<\/p>\n<p>\u00d6\u011frenenle \u00f6\u011freten aras\u0131nda birtak\u0131m farklar\u0131n olmas\u0131 do\u011fald\u0131r. Ama bunun arz fazlas\u0131 nedeni ile gen\u00e7 meslekta\u015flar\u0131m\u0131z \u00fczerinde ekonomik bir istismar arac\u0131 olarak kullan\u0131lmas\u0131, emeklerinin meslekta\u015flar\u0131nca s\u00f6m\u00fcr\u00fclmesi kabul edilemez bir durum.<\/p>\n<p>Staj e\u011fitim merkezi uygulamas\u0131n\u0131n geni\u015fletilmesi, pratik \u00e7al\u0131\u015fmalara a\u011f\u0131rl\u0131k verilmesi, mevcut hukuk fak\u00fcltelerinden mezun olan ancak yeterli hukuk e\u011fitimi alamam\u0131\u015f gen\u00e7 meslekta\u015f adaylar\u0131m\u0131za ihtiya\u00e7 duyacaklar\u0131 mesleki bilgi ve birikimin aktar\u0131lmas\u0131 ve hukuk nosyonunun kazand\u0131r\u0131lmas\u0131 i\u00e7in barolar\u0131n daha etkin g\u00f6rev \u00fcstlenmeleri zorunludur.<\/p>\n<p>SORU 5: Meslekta\u015flar\u0131n\u0131z\u0131n mesleki sorunlar\u0131 hakk\u0131nda d\u00fc\u015f\u00fcnceleriniz ve \u00e7\u00f6z\u00fcmleriniz nelerdir?<\/p>\n<p>\u00d6ncelikle \u015funu ifade edeyim; borcu olan veya baro aidat\u0131n\u0131 \u00f6deyemeyen meslekta\u015f\u0131m\u0131n meslekten \u00e7\u0131kart\u0131lmas\u0131n\u0131 d\u00fczenleyen yasa h\u00fck\u00fcmlerinin ortadan kald\u0131r\u0131lmas\u0131 zorunludur.<\/p>\n<p>SGK\u2019li \u00e7al\u0131\u015fma sisteminden, meslekta\u015flar\u0131m\u0131z\u0131n onurunu koruyacak bir \u201cortak avukatl\u0131k\u201d sistemine ge\u00e7ilmelidir. Bu sistemde, meslek eti\u011fine uygun pay oranlar\u0131n\u0131n belirlendi\u011fi ve bireysel \u00e7al\u0131\u015fmalar\u0131 engellemeyecek, meslek eti\u011fine uygun \u201cAvukatl\u0131k Ortakl\u0131klar\u0131\u201d mesleki verimlili\u011fi art\u0131racakt\u0131r.<\/p>\n<p>Sermayeye dayal\u0131, yaln\u0131zca k\u00e2r amac\u0131yla kurulan ticari \u015firketler, avukatl\u0131k mesle\u011finin kamu hizmeti niteli\u011fiyle elbette ba\u011fda\u015fmaz. Avukatl\u0131\u011f\u0131n kendine \u00f6zg\u00fc niteli\u011fi sebebiyle avukatlar\u0131n birlikte \u00e7al\u0131\u015fmas\u0131n\u0131 d\u00fczenleyen, vergi, kredi ve te\u015fvik avantajlar\u0131 sa\u011flayan, t\u00fczel ki\u015fili\u011fe haiz yeni bir \u015firket t\u00fcr\u00fc olarak \u201chukuki \u015firket\u201d olu\u015fumunun yasala\u015ft\u0131r\u0131lmas\u0131 meslekta\u015flar\u0131m\u0131z\u0131n ekonomik gelece\u011fi a\u00e7\u0131s\u0131ndan \u00e7ok b\u00fcy\u00fck \u00f6neme sahiptir.<\/p>\n<p>Avukatl\u0131k, kamu hizmeti niteli\u011fi ta\u015f\u0131yan bir meslek oldu\u011fundan, avukatl\u0131k \u00fccretlerine y\u00f6nelik vergi d\u00fczenlemeleri meslekta\u015flar\u0131m\u0131z\u0131n lehine yeniden ele al\u0131nmal\u0131d\u0131r.<\/p>\n<p>Ba\u015fka bir husus da CMK \u00fccret tarifesinin AA\u00dcT\u2019e e\u015fitlenmesi zorunludur. Bu kamu hizmetinin angaryaya d\u00f6n\u00fc\u015ft\u00fcr\u00fclmesi kabul edilemez\u00a0 bir durumdur.<\/p>\n<p>Kamu avukatlar\u0131n\u0131n da \u00fcstlendikleri g\u00f6revler ve sorumluluklar g\u00f6z \u00f6n\u00fcnde bulundurularak, \u00f6zl\u00fck haklar\u0131n\u0131n iyile\u015ftirilmesi aciliyet ta\u015f\u0131maktad\u0131r.<\/p>\n<p>Sosyal medya dahil olmak \u00fczere, reklam yasa\u011f\u0131na ili\u015fkin ihlallerin barolar taraf\u0131ndan etkili bir \u015fekilde denetlenmesi ve gere\u011finin yap\u0131lmas\u0131 zorunludur.<\/p>\n<p>Cinsiyeti ve ya\u015f\u0131 ne olursa olsun, ba\u015fta kendi meslekta\u015flar\u0131m\u0131z olmak \u00fczere kim taraf\u0131ndan yap\u0131l\u0131rsa yap\u0131ls\u0131n meslekta\u015flar\u0131m\u0131za kar\u015f\u0131 her t\u00fcrl\u00fc cinsel, ekonomik, psikolojik sald\u0131r\u0131 ve taciz k\u0131rm\u0131z\u0131 \u00e7izgimizdir, asla kabul etmiyoruz.<\/p>\n<p>Ayn\u0131 zamanda avukat\u0131n delil toplamas\u0131n\u0131n \u00f6n\u00fcndeki k\u0131s\u0131tlamalar\u0131n giderilmesi, kamu g\u00f6revi ifa eden avukat\u0131n yasal taleplerinin yerine getirilmemesinde kas\u0131t ve ihmali bulunan kamu g\u00f6revlilerine verilecek cezalar\u0131n avukatl\u0131k kanununda a\u00e7\u0131k\u00e7a d\u00fczenlenmesi \u015fartt\u0131r. Baz\u0131 hukuk davalar\u0131nda ve arabuluculuk s\u00fcre\u00e7lerinde avukatla temsil zorunlulu\u011funun getirilmesi, ceza yarg\u0131lamalar\u0131nda avukatla temsil zorunlulu\u011funun kapsam\u0131n\u0131n geni\u015fletilmesi gibi \u00e7ok \u00f6ncelikli ihtiya\u00e7lar\u0131m\u0131z ve sorunlar\u0131m\u0131z bulunmaktad\u0131r. \u201cSilahlar\u0131n e\u015fitsizli\u011fine\u201d yol a\u00e7an bu ihtiya\u00e7 ve sorunlar\u0131m\u0131z\u0131n yap\u0131lacak kanun de\u011fi\u015fiklikleri ile acilen giderilmesi gerekti\u011fini d\u00fc\u015f\u00fcn\u00fcyorum. Bu dengesizli\u011fin di\u011fer taraf\u0131ndaki Cumhuriyet Savc\u0131lar\u0131, asli g\u00f6revlerinin bir gere\u011fi olarak fiilen kollu\u011fun ba\u015f\u0131na ge\u00e7meli ve emniyet birimleri hukuksal denetimi olmayan hi\u00e7bir i\u015f yapamamal\u0131d\u0131r. Savc\u0131lar\u0131n yarg\u0131\u00e7larla ayn\u0131 lojmanda, ayn\u0131 serviste, ayn\u0131 masada, kom\u015fu odada olmalar\u0131 yarg\u0131n\u0131n tarafs\u0131zl\u0131\u011f\u0131na g\u00f6lge d\u00fc\u015f\u00fcrd\u00fc\u011f\u00fc a\u00e7\u0131kt\u0131r. H\u00e2kimler ve Savc\u0131lar Kurulu\u2019ndan ba\u015flayarak, yap\u0131sal bir ayr\u0131m gerekli ve \u015fart oldu\u011funu d\u00fc\u015f\u00fcn\u00fcyorum.<\/p>\n<p>Barolar\u0131n pratik deneyimleri ile akademinin teorik bilgileri uyumlu hale getirilmeli ve akademi ile barolar aras\u0131ndaki i\u015f birlikleri somut ad\u0131mlarla g\u00fc\u00e7lendirilmelidir.<\/p>\n<p>T\u00fcm meslekta\u015flar\u0131m\u0131z\u0131n \u00fccretsiz eri\u015febilece\u011fi dijital bir k\u00fct\u00fcphane olu\u015fturulmal\u0131 ve bu k\u00fct\u00fcphane s\u00fcrekli g\u00fcncellenmelidir. Meslek i\u00e7i e\u011fitimlerle avukatlar\u0131n dijitalle\u015fmeye uyum s\u00fcre\u00e7leri h\u0131zland\u0131r\u0131lmal\u0131 ve adliyelerdeki fiziki ortamlar bu yeni ger\u00e7ekli\u011fe uygun hale getirilmelidir.<\/p>\n<p>Adalet Bakanl\u0131\u011f\u0131\u2019n\u0131n yaz\u0131l\u0131m \u00e7al\u0131\u015fmalar\u0131nda avukatlar da etkin \u015fekilde yer almal\u0131, bu alanda sadece \u00f6neri sunan de\u011fil, \u00e7\u00f6z\u00fcm \u00fcreten taraf olmal\u0131d\u0131rlar. (hukukihaber.net)<\/p>\n<p>\u200b\u0130stanbul Milliyet\u00e7i Avukatlar Grubu&#8217;nun (\u0130MAG) \u0130stanbul Barosu Ba\u015fkan Aday\u0131 Avukat Hakan \u00c7atak, Hukuki Haber&#8217;e konu\u015ftu. \u00c7atak, avukatl\u0131k mesle\u011fi ve \u0130stanbul Barosu&#8217;nun etkinli\u011fi \u00fczerine de\u011ferlendirmelerde bulundu.\u00a0Hukuki Haber<\/p>","protected":false},"excerpt":{"rendered":"<p>\u0130stanbul Milliyet\u00e7i Avukatlar Grubu&#8217;nun (\u0130MAG) \u0130stanbul Barosu Ba\u015fkan Aday\u0131 Avukat Hakan \u00c7atak&#8217;\u0131n sorular\u0131m\u0131za verdi\u011fi samimi cevaplar \u015f\u00f6yle; SORU 1: \u0130stanbul Milliyet\u00e7i Avukatlar Grubunun \u0130stanbul Barosu Ba\u015fkan Aday\u0131s\u0131n\u0131z. Yarg\u0131 ve Y\u00fcr\u00fctmenin nas\u0131l bir i\u015fleyi\u015f halinde olmas\u0131n\u0131 d\u00fc\u015f\u00fcn\u00fcyorsunuz? \u00d6ncelikle \u015funu ifade etmek isterim ki; Kuvvetler Ayr\u0131l\u0131\u011f\u0131 k\u0131rm\u0131z\u0131 \u00e7izgimizdir. Yarg\u0131n\u0131n, y\u00fcr\u00fctmenin etkisi alt\u0131nda kalmadan, tamamen ba\u011f\u0131ms\u0131z bir \u015fekilde \u00e7al\u0131\u015fmas\u0131, hukuk devleti ilkesinin gere\u011fidir. Y\u00fcr\u00fctme organ\u0131, yarg\u0131n\u0131n kararlar\u0131na sayg\u0131 g\u00f6stermeli ve ele\u015ftirilerini hukuk \u00e7er\u00e7evesinde yapmal\u0131d\u0131r. Yarg\u0131n\u0131n ba\u011f\u0131ms\u0131zl\u0131\u011f\u0131na y\u00f6nelik her t\u00fcrl\u00fc m\u00fcdahale, hukukun \u00fcst\u00fcnl\u00fc\u011f\u00fcn\u00fc zedeler ve demokrasinin temelini sarsar. Bu nedenle, yarg\u0131n\u0131n ba\u011f\u0131ms\u0131zl\u0131\u011f\u0131n\u0131 koruyacak g\u00fc\u00e7l\u00fc mekanizmalar\u0131n olu\u015fturulmas\u0131 ve bu mekanizmalar\u0131n etkin bir \u015fekilde i\u015fletilmesinin \u00f6nem ta\u015f\u0131d\u0131\u011f\u0131n\u0131 ifade etmek istiyorum. SORU 2: 2020 y\u0131l\u0131nda yap\u0131lan kanunla, \u0130stanbul dahil baz\u0131 illerde 2 No\u2019lu barolar kuruldu. \u00c7oklu Baro d\u00fczenlemesini de\u011ferlendirebilir misiniz? Siyasal iktidar\u0131n iste\u011fi ile ihdas edilen \u201c\u00e7oklu baro\u201d d\u00fczenlemesinin meslek eti\u011fine zarar vermesinin yan\u0131 s\u0131ra, hukukun siyasalla\u015fmas\u0131, meslekta\u015flar\u0131m\u0131z aras\u0131nda siyasal ayr\u0131\u015fman\u0131n derinle\u015fmesi, yapay \u00e7at\u0131\u015fmalara zemin haz\u0131rlamas\u0131 gibi olumsuz etkileri ka\u00e7\u0131n\u0131lmazd\u0131r. Nicelik olarak k\u00fc\u00e7\u00fck ve kontrol\u00fc kolay barolar olu\u015fturulmak amac\u0131yla getirilen \u201c\u00e7oklu baro\u201d yanl\u0131\u015ft\u0131r ve bu yanl\u0131\u015ftan hemen d\u00f6n\u00fclmesi gerekti\u011fi kanaatindeyim. Bu hususta mevcut baro y\u00f6netiminin de hatalar\u0131 olmu\u015ftur. Siyasal iktidara \u201c\u00e7oklu baro\u201d d\u00fczenlemesini yasala\u015ft\u0131rarak mesle\u011fe ve barolara m\u00fcdahale etme f\u0131rsat\u0131n\u0131, kat\u0131l\u0131mc\u0131 bir y\u00f6netim anlay\u0131\u015f\u0131n\u0131 reddeden mevcut baro &hellip;<\/p>","protected":false},"author":0,"featured_media":0,"comment_status":"open","ping_status":"open","sticky":false,"template":"","format":"standard","meta":{"_acf_changed":false,"footnotes":""},"categories":[27],"tags":[],"class_list":["post-2623","post","type-post","status-publish","format-standard","has-post-thumbnail","hentry","category-hukukihaber"],"acf":[],"yoast_head":"<!-- This site is optimized with the Yoast SEO Premium plugin v26.6 (Yoast SEO v27.1.1) - https:\/\/yoast.com\/product\/yoast-seo-premium-wordpress\/ -->\n<title>Hakan \u00c7atak: \u0130stanbul Barosu&#039;nu lay\u0131k\u0131yla y\u00f6netmeye talibiz - Av. Deniz Can K\u0131z\u0131l<\/title>\n<meta name=\"robots\" content=\"index, follow, max-snippet:-1, max-image-preview:large, max-video-preview:-1\" \/>\n<link rel=\"canonical\" href=\"https:\/\/denizcankizil.tr\/en\/hukukihaber\/hakan-catak-istanbul-barosunu-layikiyla-yonetmeye-talibiz\/\" \/>\n<meta property=\"og:locale\" content=\"en_GB\" \/>\n<meta property=\"og:type\" content=\"article\" \/>\n<meta property=\"og:title\" content=\"Hakan \u00c7atak: \u0130stanbul Barosu&#039;nu lay\u0131k\u0131yla y\u00f6netmeye talibiz\" \/>\n<meta property=\"og:description\" content=\"\u0130stanbul Milliyet\u00e7i Avukatlar Grubu&#8217;nun (\u0130MAG) \u0130stanbul Barosu Ba\u015fkan Aday\u0131 Avukat Hakan \u00c7atak&#8217;\u0131n sorular\u0131m\u0131za verdi\u011fi samimi cevaplar \u015f\u00f6yle; SORU 1: \u0130stanbul Milliyet\u00e7i Avukatlar Grubunun \u0130stanbul Barosu Ba\u015fkan Aday\u0131s\u0131n\u0131z. Yarg\u0131 ve Y\u00fcr\u00fctmenin nas\u0131l bir i\u015fleyi\u015f halinde olmas\u0131n\u0131 d\u00fc\u015f\u00fcn\u00fcyorsunuz? \u00d6ncelikle \u015funu ifade etmek isterim ki; Kuvvetler Ayr\u0131l\u0131\u011f\u0131 k\u0131rm\u0131z\u0131 \u00e7izgimizdir. Yarg\u0131n\u0131n, y\u00fcr\u00fctmenin etkisi alt\u0131nda kalmadan, tamamen ba\u011f\u0131ms\u0131z bir \u015fekilde \u00e7al\u0131\u015fmas\u0131, hukuk devleti ilkesinin gere\u011fidir. Y\u00fcr\u00fctme organ\u0131, yarg\u0131n\u0131n kararlar\u0131na sayg\u0131 g\u00f6stermeli ve ele\u015ftirilerini hukuk \u00e7er\u00e7evesinde yapmal\u0131d\u0131r. Yarg\u0131n\u0131n ba\u011f\u0131ms\u0131zl\u0131\u011f\u0131na y\u00f6nelik her t\u00fcrl\u00fc m\u00fcdahale, hukukun \u00fcst\u00fcnl\u00fc\u011f\u00fcn\u00fc zedeler ve demokrasinin temelini sarsar. Bu nedenle, yarg\u0131n\u0131n ba\u011f\u0131ms\u0131zl\u0131\u011f\u0131n\u0131 koruyacak g\u00fc\u00e7l\u00fc mekanizmalar\u0131n olu\u015fturulmas\u0131 ve bu mekanizmalar\u0131n etkin bir \u015fekilde i\u015fletilmesinin \u00f6nem ta\u015f\u0131d\u0131\u011f\u0131n\u0131 ifade etmek istiyorum. SORU 2: 2020 y\u0131l\u0131nda yap\u0131lan kanunla, \u0130stanbul dahil baz\u0131 illerde 2 No\u2019lu barolar kuruldu. \u00c7oklu Baro d\u00fczenlemesini de\u011ferlendirebilir misiniz? Siyasal iktidar\u0131n iste\u011fi ile ihdas edilen \u201c\u00e7oklu baro\u201d d\u00fczenlemesinin meslek eti\u011fine zarar vermesinin yan\u0131 s\u0131ra, hukukun siyasalla\u015fmas\u0131, meslekta\u015flar\u0131m\u0131z aras\u0131nda siyasal ayr\u0131\u015fman\u0131n derinle\u015fmesi, yapay \u00e7at\u0131\u015fmalara zemin haz\u0131rlamas\u0131 gibi olumsuz etkileri ka\u00e7\u0131n\u0131lmazd\u0131r. Nicelik olarak k\u00fc\u00e7\u00fck ve kontrol\u00fc kolay barolar olu\u015fturulmak amac\u0131yla getirilen \u201c\u00e7oklu baro\u201d yanl\u0131\u015ft\u0131r ve bu yanl\u0131\u015ftan hemen d\u00f6n\u00fclmesi gerekti\u011fi kanaatindeyim. Bu hususta mevcut baro y\u00f6netiminin de hatalar\u0131 olmu\u015ftur. Siyasal iktidara \u201c\u00e7oklu baro\u201d d\u00fczenlemesini yasala\u015ft\u0131rarak mesle\u011fe ve barolara m\u00fcdahale etme f\u0131rsat\u0131n\u0131, kat\u0131l\u0131mc\u0131 bir y\u00f6netim anlay\u0131\u015f\u0131n\u0131 reddeden mevcut baro &hellip;\" \/>\n<meta property=\"og:url\" content=\"https:\/\/denizcankizil.tr\/en\/hukukihaber\/hakan-catak-istanbul-barosunu-layikiyla-yonetmeye-talibiz\/\" \/>\n<meta property=\"og:site_name\" content=\"Av. Deniz Can K\u0131z\u0131l\" \/>\n<meta property=\"article:published_time\" content=\"2024-10-14T19:15:00+00:00\" \/>\n<meta name=\"twitter:card\" content=\"summary_large_image\" \/>\n<meta name=\"twitter:label1\" content=\"Estimated reading time\" \/>\n\t<meta name=\"twitter:data1\" content=\"8 minutes\" \/>\n<script type=\"application\/ld+json\" class=\"yoast-schema-graph\">{\"@context\":\"https:\/\/schema.org\",\"@graph\":[{\"@type\":\"Article\",\"@id\":\"https:\/\/denizcankizil.tr\/en\/hukukihaber\/hakan-catak-istanbul-barosunu-layikiyla-yonetmeye-talibiz\/#article\",\"isPartOf\":{\"@id\":\"https:\/\/denizcankizil.tr\/en\/hukukihaber\/hakan-catak-istanbul-barosunu-layikiyla-yonetmeye-talibiz\/\"},\"author\":{\"name\":\"\",\"@id\":\"\"},\"headline\":\"Hakan \u00c7atak: \u0130stanbul Barosu&#8217;nu lay\u0131k\u0131yla y\u00f6netmeye talibiz\",\"datePublished\":\"2024-10-14T19:15:00+00:00\",\"mainEntityOfPage\":{\"@id\":\"https:\/\/denizcankizil.tr\/en\/hukukihaber\/hakan-catak-istanbul-barosunu-layikiyla-yonetmeye-talibiz\/\"},\"wordCount\":1562,\"commentCount\":0,\"publisher\":{\"@id\":\"https:\/\/denizcankizil.tr\/#organization\"},\"articleSection\":[\"Hukuki Haberler\"],\"inLanguage\":\"en-GB\",\"potentialAction\":[{\"@type\":\"CommentAction\",\"name\":\"Comment\",\"target\":[\"https:\/\/denizcankizil.tr\/en\/hukukihaber\/hakan-catak-istanbul-barosunu-layikiyla-yonetmeye-talibiz\/#respond\"]}]},{\"@type\":\"WebPage\",\"@id\":\"https:\/\/denizcankizil.tr\/en\/hukukihaber\/hakan-catak-istanbul-barosunu-layikiyla-yonetmeye-talibiz\/\",\"url\":\"https:\/\/denizcankizil.tr\/en\/hukukihaber\/hakan-catak-istanbul-barosunu-layikiyla-yonetmeye-talibiz\/\",\"name\":\"Hakan \u00c7atak: \u0130stanbul Barosu'nu lay\u0131k\u0131yla y\u00f6netmeye talibiz - Av. Deniz Can K\u0131z\u0131l\",\"isPartOf\":{\"@id\":\"https:\/\/denizcankizil.tr\/#website\"},\"datePublished\":\"2024-10-14T19:15:00+00:00\",\"breadcrumb\":{\"@id\":\"https:\/\/denizcankizil.tr\/en\/hukukihaber\/hakan-catak-istanbul-barosunu-layikiyla-yonetmeye-talibiz\/#breadcrumb\"},\"inLanguage\":\"en-GB\",\"potentialAction\":[{\"@type\":\"ReadAction\",\"target\":[\"https:\/\/denizcankizil.tr\/en\/hukukihaber\/hakan-catak-istanbul-barosunu-layikiyla-yonetmeye-talibiz\/\"]}]},{\"@type\":\"BreadcrumbList\",\"@id\":\"https:\/\/denizcankizil.tr\/en\/hukukihaber\/hakan-catak-istanbul-barosunu-layikiyla-yonetmeye-talibiz\/#breadcrumb\",\"itemListElement\":[{\"@type\":\"ListItem\",\"position\":1,\"name\":\"Home\",\"item\":\"https:\/\/denizcankizil.tr\/de\/\"},{\"@type\":\"ListItem\",\"position\":2,\"name\":\"Hakan \u00c7atak: \u0130stanbul Barosu&#8217;nu lay\u0131k\u0131yla y\u00f6netmeye talibiz\"}]},{\"@type\":\"WebSite\",\"@id\":\"https:\/\/denizcankizil.tr\/#website\",\"url\":\"https:\/\/denizcankizil.tr\/\",\"name\":\"Av. Deniz Can K\u0131z\u0131l\",\"description\":\"Avukat Deniz Can K\u0131z\u0131l Antalya Barosu\",\"publisher\":{\"@id\":\"https:\/\/denizcankizil.tr\/#organization\"},\"potentialAction\":[{\"@type\":\"SearchAction\",\"target\":{\"@type\":\"EntryPoint\",\"urlTemplate\":\"https:\/\/denizcankizil.tr\/?s={search_term_string}\"},\"query-input\":{\"@type\":\"PropertyValueSpecification\",\"valueRequired\":true,\"valueName\":\"search_term_string\"}}],\"inLanguage\":\"en-GB\"},{\"@type\":\"Organization\",\"@id\":\"https:\/\/denizcankizil.tr\/#organization\",\"name\":\"Av. Deniz Can K\u0131z\u0131l\",\"url\":\"https:\/\/denizcankizil.tr\/\",\"logo\":{\"@type\":\"ImageObject\",\"inLanguage\":\"en-GB\",\"@id\":\"https:\/\/denizcankizil.tr\/#\/schema\/logo\/image\/\",\"url\":\"https:\/\/denizcankizil.tr\/wp-content\/uploads\/2024\/10\/siyah-logo-svg.svg\",\"contentUrl\":\"https:\/\/denizcankizil.tr\/wp-content\/uploads\/2024\/10\/siyah-logo-svg.svg\",\"width\":1080,\"height\":1080,\"caption\":\"Av. Deniz Can K\u0131z\u0131l\"},\"image\":{\"@id\":\"https:\/\/denizcankizil.tr\/#\/schema\/logo\/image\/\"}}]}<\/script>\n<!-- \/ Yoast SEO Premium plugin. -->","yoast_head_json":{"title":"Hakan \u00c7atak: \u0130stanbul Barosu'nu lay\u0131k\u0131yla y\u00f6netmeye talibiz - Av. Deniz Can K\u0131z\u0131l","robots":{"index":"index","follow":"follow","max-snippet":"max-snippet:-1","max-image-preview":"max-image-preview:large","max-video-preview":"max-video-preview:-1"},"canonical":"https:\/\/denizcankizil.tr\/en\/hukukihaber\/hakan-catak-istanbul-barosunu-layikiyla-yonetmeye-talibiz\/","og_locale":"en_GB","og_type":"article","og_title":"Hakan \u00c7atak: \u0130stanbul Barosu'nu lay\u0131k\u0131yla y\u00f6netmeye talibiz","og_description":"\u0130stanbul Milliyet\u00e7i Avukatlar Grubu&#8217;nun (\u0130MAG) \u0130stanbul Barosu Ba\u015fkan Aday\u0131 Avukat Hakan \u00c7atak&#8217;\u0131n sorular\u0131m\u0131za verdi\u011fi samimi cevaplar \u015f\u00f6yle; SORU 1: \u0130stanbul Milliyet\u00e7i Avukatlar Grubunun \u0130stanbul Barosu Ba\u015fkan Aday\u0131s\u0131n\u0131z. Yarg\u0131 ve Y\u00fcr\u00fctmenin nas\u0131l bir i\u015fleyi\u015f halinde olmas\u0131n\u0131 d\u00fc\u015f\u00fcn\u00fcyorsunuz? \u00d6ncelikle \u015funu ifade etmek isterim ki; Kuvvetler Ayr\u0131l\u0131\u011f\u0131 k\u0131rm\u0131z\u0131 \u00e7izgimizdir. Yarg\u0131n\u0131n, y\u00fcr\u00fctmenin etkisi alt\u0131nda kalmadan, tamamen ba\u011f\u0131ms\u0131z bir \u015fekilde \u00e7al\u0131\u015fmas\u0131, hukuk devleti ilkesinin gere\u011fidir. Y\u00fcr\u00fctme organ\u0131, yarg\u0131n\u0131n kararlar\u0131na sayg\u0131 g\u00f6stermeli ve ele\u015ftirilerini hukuk \u00e7er\u00e7evesinde yapmal\u0131d\u0131r. Yarg\u0131n\u0131n ba\u011f\u0131ms\u0131zl\u0131\u011f\u0131na y\u00f6nelik her t\u00fcrl\u00fc m\u00fcdahale, hukukun \u00fcst\u00fcnl\u00fc\u011f\u00fcn\u00fc zedeler ve demokrasinin temelini sarsar. Bu nedenle, yarg\u0131n\u0131n ba\u011f\u0131ms\u0131zl\u0131\u011f\u0131n\u0131 koruyacak g\u00fc\u00e7l\u00fc mekanizmalar\u0131n olu\u015fturulmas\u0131 ve bu mekanizmalar\u0131n etkin bir \u015fekilde i\u015fletilmesinin \u00f6nem ta\u015f\u0131d\u0131\u011f\u0131n\u0131 ifade etmek istiyorum. SORU 2: 2020 y\u0131l\u0131nda yap\u0131lan kanunla, \u0130stanbul dahil baz\u0131 illerde 2 No\u2019lu barolar kuruldu. \u00c7oklu Baro d\u00fczenlemesini de\u011ferlendirebilir misiniz? Siyasal iktidar\u0131n iste\u011fi ile ihdas edilen \u201c\u00e7oklu baro\u201d d\u00fczenlemesinin meslek eti\u011fine zarar vermesinin yan\u0131 s\u0131ra, hukukun siyasalla\u015fmas\u0131, meslekta\u015flar\u0131m\u0131z aras\u0131nda siyasal ayr\u0131\u015fman\u0131n derinle\u015fmesi, yapay \u00e7at\u0131\u015fmalara zemin haz\u0131rlamas\u0131 gibi olumsuz etkileri ka\u00e7\u0131n\u0131lmazd\u0131r. Nicelik olarak k\u00fc\u00e7\u00fck ve kontrol\u00fc kolay barolar olu\u015fturulmak amac\u0131yla getirilen \u201c\u00e7oklu baro\u201d yanl\u0131\u015ft\u0131r ve bu yanl\u0131\u015ftan hemen d\u00f6n\u00fclmesi gerekti\u011fi kanaatindeyim. Bu hususta mevcut baro y\u00f6netiminin de hatalar\u0131 olmu\u015ftur. Siyasal iktidara \u201c\u00e7oklu baro\u201d d\u00fczenlemesini yasala\u015ft\u0131rarak mesle\u011fe ve barolara m\u00fcdahale etme f\u0131rsat\u0131n\u0131, kat\u0131l\u0131mc\u0131 bir y\u00f6netim anlay\u0131\u015f\u0131n\u0131 reddeden mevcut baro &hellip;","og_url":"https:\/\/denizcankizil.tr\/en\/hukukihaber\/hakan-catak-istanbul-barosunu-layikiyla-yonetmeye-talibiz\/","og_site_name":"Av. Deniz Can K\u0131z\u0131l","article_published_time":"2024-10-14T19:15:00+00:00","twitter_card":"summary_large_image","twitter_misc":{"Estimated reading time":"8 minutes"},"schema":{"@context":"https:\/\/schema.org","@graph":[{"@type":"Article","@id":"https:\/\/denizcankizil.tr\/en\/hukukihaber\/hakan-catak-istanbul-barosunu-layikiyla-yonetmeye-talibiz\/#article","isPartOf":{"@id":"https:\/\/denizcankizil.tr\/en\/hukukihaber\/hakan-catak-istanbul-barosunu-layikiyla-yonetmeye-talibiz\/"},"author":{"name":"","@id":""},"headline":"Hakan \u00c7atak: \u0130stanbul Barosu&#8217;nu lay\u0131k\u0131yla y\u00f6netmeye talibiz","datePublished":"2024-10-14T19:15:00+00:00","mainEntityOfPage":{"@id":"https:\/\/denizcankizil.tr\/en\/hukukihaber\/hakan-catak-istanbul-barosunu-layikiyla-yonetmeye-talibiz\/"},"wordCount":1562,"commentCount":0,"publisher":{"@id":"https:\/\/denizcankizil.tr\/#organization"},"articleSection":["Hukuki Haberler"],"inLanguage":"en-GB","potentialAction":[{"@type":"CommentAction","name":"Comment","target":["https:\/\/denizcankizil.tr\/en\/hukukihaber\/hakan-catak-istanbul-barosunu-layikiyla-yonetmeye-talibiz\/#respond"]}]},{"@type":"WebPage","@id":"https:\/\/denizcankizil.tr\/en\/hukukihaber\/hakan-catak-istanbul-barosunu-layikiyla-yonetmeye-talibiz\/","url":"https:\/\/denizcankizil.tr\/en\/hukukihaber\/hakan-catak-istanbul-barosunu-layikiyla-yonetmeye-talibiz\/","name":"Hakan \u00c7atak: \u0130stanbul Barosu'nu lay\u0131k\u0131yla y\u00f6netmeye talibiz - Av. Deniz Can K\u0131z\u0131l","isPartOf":{"@id":"https:\/\/denizcankizil.tr\/#website"},"datePublished":"2024-10-14T19:15:00+00:00","breadcrumb":{"@id":"https:\/\/denizcankizil.tr\/en\/hukukihaber\/hakan-catak-istanbul-barosunu-layikiyla-yonetmeye-talibiz\/#breadcrumb"},"inLanguage":"en-GB","potentialAction":[{"@type":"ReadAction","target":["https:\/\/denizcankizil.tr\/en\/hukukihaber\/hakan-catak-istanbul-barosunu-layikiyla-yonetmeye-talibiz\/"]}]},{"@type":"BreadcrumbList","@id":"https:\/\/denizcankizil.tr\/en\/hukukihaber\/hakan-catak-istanbul-barosunu-layikiyla-yonetmeye-talibiz\/#breadcrumb","itemListElement":[{"@type":"ListItem","position":1,"name":"Home","item":"https:\/\/denizcankizil.tr\/de\/"},{"@type":"ListItem","position":2,"name":"Hakan \u00c7atak: \u0130stanbul Barosu&#8217;nu lay\u0131k\u0131yla y\u00f6netmeye talibiz"}]},{"@type":"WebSite","@id":"https:\/\/denizcankizil.tr\/#website","url":"https:\/\/denizcankizil.tr\/","name":"Av. Deniz Can K\u0131z\u0131l","description":"Avukat Deniz Can K\u0131z\u0131l Antalya Barosu","publisher":{"@id":"https:\/\/denizcankizil.tr\/#organization"},"potentialAction":[{"@type":"SearchAction","target":{"@type":"EntryPoint","urlTemplate":"https:\/\/denizcankizil.tr\/?s={search_term_string}"},"query-input":{"@type":"PropertyValueSpecification","valueRequired":true,"valueName":"search_term_string"}}],"inLanguage":"en-GB"},{"@type":"Organization","@id":"https:\/\/denizcankizil.tr\/#organization","name":"Av. Deniz Can K\u0131z\u0131l","url":"https:\/\/denizcankizil.tr\/","logo":{"@type":"ImageObject","inLanguage":"en-GB","@id":"https:\/\/denizcankizil.tr\/#\/schema\/logo\/image\/","url":"https:\/\/denizcankizil.tr\/wp-content\/uploads\/2024\/10\/siyah-logo-svg.svg","contentUrl":"https:\/\/denizcankizil.tr\/wp-content\/uploads\/2024\/10\/siyah-logo-svg.svg","width":1080,"height":1080,"caption":"Av. Deniz Can K\u0131z\u0131l"},"image":{"@id":"https:\/\/denizcankizil.tr\/#\/schema\/logo\/image\/"}}]}},"_links":{"self":[{"href":"https:\/\/denizcankizil.tr\/en\/wp-json\/wp\/v2\/posts\/2623","targetHints":{"allow":["GET"]}}],"collection":[{"href":"https:\/\/denizcankizil.tr\/en\/wp-json\/wp\/v2\/posts"}],"about":[{"href":"https:\/\/denizcankizil.tr\/en\/wp-json\/wp\/v2\/types\/post"}],"replies":[{"embeddable":true,"href":"https:\/\/denizcankizil.tr\/en\/wp-json\/wp\/v2\/comments?post=2623"}],"version-history":[{"count":0,"href":"https:\/\/denizcankizil.tr\/en\/wp-json\/wp\/v2\/posts\/2623\/revisions"}],"wp:attachment":[{"href":"https:\/\/denizcankizil.tr\/en\/wp-json\/wp\/v2\/media?parent=2623"}],"wp:term":[{"taxonomy":"category","embeddable":true,"href":"https:\/\/denizcankizil.tr\/en\/wp-json\/wp\/v2\/categories?post=2623"},{"taxonomy":"post_tag","embeddable":true,"href":"https:\/\/denizcankizil.tr\/en\/wp-json\/wp\/v2\/tags?post=2623"}],"curies":[{"name":"wp","href":"https:\/\/api.w.org\/{rel}","templated":true}]}}