{"id":26004,"date":"2025-01-18T13:41:18","date_gmt":"2025-01-18T10:41:18","guid":{"rendered":"https:\/\/denizcankizil.tr\/uncategorized-tr\/kiziltoprakta-ev-yangini\/"},"modified":"2025-01-18T13:41:18","modified_gmt":"2025-01-18T10:41:18","slug":"kiziltoprakta-ev-yangini","status":"publish","type":"post","link":"https:\/\/denizcankizil.tr\/en\/haberler\/antalya\/kiziltoprakta-ev-yangini\/","title":{"rendered":"K\u0131z\u0131ltoprak&#8217;ta ev yang\u0131n\u0131"},"content":{"rendered":"<p>Yang\u0131n, Muratpa\u015fa il\u00e7esi K\u0131z\u0131ltoprak Mahallesi&#8217;nde saat 09.30 s\u0131ralar\u0131nda 968 Sokak&#8217;taki bir gecekonduda \u00e7\u0131kt\u0131. Hen\u00fcz sebebi tespit etkilemeyen yang\u0131nda y\u00fckselen duman ve alevleri fark eden \u00e7evre sakinleri, hemen 112 Acil \u00c7a\u011fr\u0131 Merkezi&#8217;ne haber verdi. \u0130hbar \u00fczerine olay yerine polis, sa\u011fl\u0131k ve Antalya B\u00fcy\u00fck\u015fehir Belediyesi \u0130tfaiye ekipleri sevk edildi. Alevlerin k\u0131sa s\u00fcrede t\u00fcm gecekonduyu sard\u0131\u011f\u0131 yang\u0131na itfaiye ekipleri h\u0131zl\u0131 bir \u015fekilde m\u00fcdahale etti. Yakla\u015f\u0131k 1 saatlik \u00e7al\u0131\u015fman\u0131n ard\u0131ndan yang\u0131n kontrol alt\u0131na al\u0131narak tamamen s\u00f6nd\u00fcr\u00fcld\u00fc. \u0130tfaiye ekipleri, i\u00e7eride birinin olabilece\u011fi ihtimali \u00fczerine detayl\u0131 bir inceleme yaparak tu\u011fla ve moloz y\u0131\u011f\u0131nlar\u0131n\u0131 kontrol etti ve kimsenin olmad\u0131\u011f\u0131 belirlendi. Yang\u0131na ili\u015fkin vatanda\u015flar\u0131n cep telefonuyla kaydetti\u011fi g\u00f6r\u00fcnt\u00fclerde, gecekondunun alev topuna d\u00f6nd\u00fc\u011f\u00fc ve tamamen yanarak kullan\u0131lmaz hale geldi\u011fi g\u00f6r\u00fcld\u00fc.<br \/>\nYang\u0131n an\u0131na tan\u0131kl\u0131k eden mahalle sakinleri, itfaiyenin \u00e7al\u0131\u015fmalar\u0131n\u0131 merakl\u0131 bak\u0131\u015flarla izlerken, Yang\u0131n\u0131n \u00e7\u0131k\u0131\u015f nedeni ile ilgili inceleme ba\u015flat\u0131ld\u0131.<\/p>\n<p>Kaynak: www.kanalv.com.tr Haber Sitesinden Al\u0131nm\u0131\u015ft\u0131r.<\/p>","protected":false},"excerpt":{"rendered":"<p>Yang\u0131n, Muratpa\u015fa il\u00e7esi K\u0131z\u0131ltoprak Mahallesi&#8217;nde saat 09.30 s\u0131ralar\u0131nda 968 Sokak&#8217;taki bir gecekonduda \u00e7\u0131kt\u0131. Hen\u00fcz sebebi tespit etkilemeyen yang\u0131nda y\u00fckselen duman ve alevleri fark eden \u00e7evre sakinleri, hemen 112 Acil \u00c7a\u011fr\u0131 Merkezi&#8217;ne haber verdi. \u0130hbar \u00fczerine olay yerine polis, sa\u011fl\u0131k ve Antalya B\u00fcy\u00fck\u015fehir Belediyesi \u0130tfaiye ekipleri sevk edildi. Alevlerin k\u0131sa s\u00fcrede t\u00fcm gecekonduyu sard\u0131\u011f\u0131 yang\u0131na itfaiye ekipleri h\u0131zl\u0131 bir \u015fekilde m\u00fcdahale etti. Yakla\u015f\u0131k 1 saatlik \u00e7al\u0131\u015fman\u0131n ard\u0131ndan yang\u0131n kontrol alt\u0131na al\u0131narak tamamen s\u00f6nd\u00fcr\u00fcld\u00fc. \u0130tfaiye ekipleri, i\u00e7eride birinin olabilece\u011fi ihtimali \u00fczerine detayl\u0131 bir inceleme yaparak tu\u011fla ve moloz y\u0131\u011f\u0131nlar\u0131n\u0131 kontrol etti ve kimsenin olmad\u0131\u011f\u0131 belirlendi. Yang\u0131na ili\u015fkin vatanda\u015flar\u0131n cep telefonuyla kaydetti\u011fi g\u00f6r\u00fcnt\u00fclerde, gecekondunun alev topuna d\u00f6nd\u00fc\u011f\u00fc ve tamamen yanarak kullan\u0131lmaz hale geldi\u011fi g\u00f6r\u00fcld\u00fc. Yang\u0131n an\u0131na tan\u0131kl\u0131k eden mahalle sakinleri, itfaiyenin \u00e7al\u0131\u015fmalar\u0131n\u0131 merakl\u0131 bak\u0131\u015flarla izlerken, Yang\u0131n\u0131n \u00e7\u0131k\u0131\u015f nedeni ile ilgili inceleme ba\u015flat\u0131ld\u0131. Kaynak: www.kanalv.com.tr Haber Sitesinden Al\u0131nm\u0131\u015ft\u0131r.<\/p>","protected":false},"author":4,"featured_media":26005,"comment_status":"open","ping_status":"open","sticky":false,"template":"","format":"standard","meta":{"_acf_changed":false,"footnotes":""},"categories":[26],"tags":[],"class_list":["post-26004","post","type-post","status-publish","format-standard","has-post-thumbnail","hentry","category-antalya"],"acf":[],"yoast_head":"<!-- This site is optimized with the Yoast SEO Premium plugin v26.6 (Yoast SEO v27.1.1) - https:\/\/yoast.com\/product\/yoast-seo-premium-wordpress\/ -->\n<title>K\u0131z\u0131ltoprak&#039;ta ev yang\u0131n\u0131 - Av. Deniz Can K\u0131z\u0131l<\/title>\n<meta name=\"robots\" content=\"index, follow, max-snippet:-1, max-image-preview:large, max-video-preview:-1\" \/>\n<link rel=\"canonical\" href=\"https:\/\/denizcankizil.tr\/en\/haberler\/antalya\/kiziltoprakta-ev-yangini\/\" \/>\n<meta property=\"og:locale\" content=\"en_GB\" \/>\n<meta property=\"og:type\" content=\"article\" \/>\n<meta property=\"og:title\" content=\"K\u0131z\u0131ltoprak&#039;ta ev yang\u0131n\u0131\" \/>\n<meta property=\"og:description\" content=\"Yang\u0131n, Muratpa\u015fa il\u00e7esi K\u0131z\u0131ltoprak Mahallesi&#8217;nde saat 09.30 s\u0131ralar\u0131nda 968 Sokak&#8217;taki bir gecekonduda \u00e7\u0131kt\u0131. Hen\u00fcz sebebi tespit etkilemeyen yang\u0131nda y\u00fckselen duman ve alevleri fark eden \u00e7evre sakinleri, hemen 112 Acil \u00c7a\u011fr\u0131 Merkezi&#8217;ne haber verdi. \u0130hbar \u00fczerine olay yerine polis, sa\u011fl\u0131k ve Antalya B\u00fcy\u00fck\u015fehir Belediyesi \u0130tfaiye ekipleri sevk edildi. Alevlerin k\u0131sa s\u00fcrede t\u00fcm gecekonduyu sard\u0131\u011f\u0131 yang\u0131na itfaiye ekipleri h\u0131zl\u0131 bir \u015fekilde m\u00fcdahale etti. Yakla\u015f\u0131k 1 saatlik \u00e7al\u0131\u015fman\u0131n ard\u0131ndan yang\u0131n kontrol alt\u0131na al\u0131narak tamamen s\u00f6nd\u00fcr\u00fcld\u00fc. \u0130tfaiye ekipleri, i\u00e7eride birinin olabilece\u011fi ihtimali \u00fczerine detayl\u0131 bir inceleme yaparak tu\u011fla ve moloz y\u0131\u011f\u0131nlar\u0131n\u0131 kontrol etti ve kimsenin olmad\u0131\u011f\u0131 belirlendi. Yang\u0131na ili\u015fkin vatanda\u015flar\u0131n cep telefonuyla kaydetti\u011fi g\u00f6r\u00fcnt\u00fclerde, gecekondunun alev topuna d\u00f6nd\u00fc\u011f\u00fc ve tamamen yanarak kullan\u0131lmaz hale geldi\u011fi g\u00f6r\u00fcld\u00fc. Yang\u0131n an\u0131na tan\u0131kl\u0131k eden mahalle sakinleri, itfaiyenin \u00e7al\u0131\u015fmalar\u0131n\u0131 merakl\u0131 bak\u0131\u015flarla izlerken, Yang\u0131n\u0131n \u00e7\u0131k\u0131\u015f nedeni ile ilgili inceleme ba\u015flat\u0131ld\u0131. Kaynak: www.kanalv.com.tr Haber Sitesinden Al\u0131nm\u0131\u015ft\u0131r.\" \/>\n<meta property=\"og:url\" content=\"https:\/\/denizcankizil.tr\/en\/haberler\/antalya\/kiziltoprakta-ev-yangini\/\" \/>\n<meta property=\"og:site_name\" content=\"Av. Deniz Can K\u0131z\u0131l\" \/>\n<meta property=\"article:published_time\" content=\"2025-01-18T10:41:18+00:00\" \/>\n<meta property=\"og:image\" content=\"https:\/\/denizcankizil.tr\/wp-content\/uploads\/2025\/01\/4219-01-5yFLl5.jpeg\" \/>\n\t<meta property=\"og:image:width\" content=\"1280\" \/>\n\t<meta property=\"og:image:height\" content=\"720\" \/>\n\t<meta property=\"og:image:type\" content=\"image\/jpeg\" \/>\n<meta name=\"author\" content=\"Av. Deniz Can K\u0131z\u0131l\" \/>\n<meta name=\"twitter:card\" content=\"summary_large_image\" \/>\n<meta name=\"twitter:label1\" content=\"Written by\" \/>\n\t<meta name=\"twitter:data1\" content=\"Av. Deniz Can K\u0131z\u0131l\" \/>\n\t<meta name=\"twitter:label2\" content=\"Estimated reading time\" \/>\n\t<meta name=\"twitter:data2\" content=\"1 minute\" \/>\n<script type=\"application\/ld+json\" class=\"yoast-schema-graph\">{\"@context\":\"https:\/\/schema.org\",\"@graph\":[{\"@type\":\"Article\",\"@id\":\"https:\/\/denizcankizil.tr\/uk\/haberler\/antalya\/kiziltoprakta-ev-yangini\/#article\",\"isPartOf\":{\"@id\":\"https:\/\/denizcankizil.tr\/uk\/haberler\/antalya\/kiziltoprakta-ev-yangini\/\"},\"author\":{\"name\":\"Av. Deniz Can K\u0131z\u0131l\",\"@id\":\"https:\/\/denizcankizil.tr\/de\/#\/schema\/person\/5dc1b22991bd7ac833867c10afc9b0ff\"},\"headline\":\"K\u0131z\u0131ltoprak&#8217;ta ev yang\u0131n\u0131\",\"datePublished\":\"2025-01-18T10:41:18+00:00\",\"mainEntityOfPage\":{\"@id\":\"https:\/\/denizcankizil.tr\/uk\/haberler\/antalya\/kiziltoprakta-ev-yangini\/\"},\"wordCount\":207,\"commentCount\":0,\"publisher\":{\"@id\":\"https:\/\/denizcankizil.tr\/de\/#organization\"},\"image\":{\"@id\":\"https:\/\/denizcankizil.tr\/uk\/haberler\/antalya\/kiziltoprakta-ev-yangini\/#primaryimage\"},\"thumbnailUrl\":\"https:\/\/denizcankizil.tr\/wp-content\/uploads\/2025\/01\/4219-01-5yFLl5.jpeg\",\"articleSection\":[\"Antalya\"],\"inLanguage\":\"en-GB\",\"potentialAction\":[{\"@type\":\"CommentAction\",\"name\":\"Comment\",\"target\":[\"https:\/\/denizcankizil.tr\/uk\/haberler\/antalya\/kiziltoprakta-ev-yangini\/#respond\"]}]},{\"@type\":\"WebPage\",\"@id\":\"https:\/\/denizcankizil.tr\/uk\/haberler\/antalya\/kiziltoprakta-ev-yangini\/\",\"url\":\"https:\/\/denizcankizil.tr\/uk\/haberler\/antalya\/kiziltoprakta-ev-yangini\/\",\"name\":\"K\u0131z\u0131ltoprak'ta ev yang\u0131n\u0131 - Av. Deniz Can K\u0131z\u0131l\",\"isPartOf\":{\"@id\":\"https:\/\/denizcankizil.tr\/de\/#website\"},\"primaryImageOfPage\":{\"@id\":\"https:\/\/denizcankizil.tr\/uk\/haberler\/antalya\/kiziltoprakta-ev-yangini\/#primaryimage\"},\"image\":{\"@id\":\"https:\/\/denizcankizil.tr\/uk\/haberler\/antalya\/kiziltoprakta-ev-yangini\/#primaryimage\"},\"thumbnailUrl\":\"https:\/\/denizcankizil.tr\/wp-content\/uploads\/2025\/01\/4219-01-5yFLl5.jpeg\",\"datePublished\":\"2025-01-18T10:41:18+00:00\",\"breadcrumb\":{\"@id\":\"https:\/\/denizcankizil.tr\/uk\/haberler\/antalya\/kiziltoprakta-ev-yangini\/#breadcrumb\"},\"inLanguage\":\"en-GB\",\"potentialAction\":[{\"@type\":\"ReadAction\",\"target\":[\"https:\/\/denizcankizil.tr\/uk\/haberler\/antalya\/kiziltoprakta-ev-yangini\/\"]}]},{\"@type\":\"ImageObject\",\"inLanguage\":\"en-GB\",\"@id\":\"https:\/\/denizcankizil.tr\/uk\/haberler\/antalya\/kiziltoprakta-ev-yangini\/#primaryimage\",\"url\":\"https:\/\/denizcankizil.tr\/wp-content\/uploads\/2025\/01\/4219-01-5yFLl5.jpeg\",\"contentUrl\":\"https:\/\/denizcankizil.tr\/wp-content\/uploads\/2025\/01\/4219-01-5yFLl5.jpeg\",\"width\":1280,\"height\":720},{\"@type\":\"BreadcrumbList\",\"@id\":\"https:\/\/denizcankizil.tr\/uk\/haberler\/antalya\/kiziltoprakta-ev-yangini\/#breadcrumb\",\"itemListElement\":[{\"@type\":\"ListItem\",\"position\":1,\"name\":\"Home\",\"item\":\"https:\/\/denizcankizil.tr\/de\/\"},{\"@type\":\"ListItem\",\"position\":2,\"name\":\"K\u0131z\u0131ltoprak&#8217;ta ev yang\u0131n\u0131\"}]},{\"@type\":\"WebSite\",\"@id\":\"https:\/\/denizcankizil.tr\/de\/#website\",\"url\":\"https:\/\/denizcankizil.tr\/de\/\",\"name\":\"Av. Deniz Can K\u0131z\u0131l\",\"description\":\"Avukat Deniz Can K\u0131z\u0131l Antalya Barosu\",\"publisher\":{\"@id\":\"https:\/\/denizcankizil.tr\/de\/#organization\"},\"potentialAction\":[{\"@type\":\"SearchAction\",\"target\":{\"@type\":\"EntryPoint\",\"urlTemplate\":\"https:\/\/denizcankizil.tr\/de\/?s={search_term_string}\"},\"query-input\":{\"@type\":\"PropertyValueSpecification\",\"valueRequired\":true,\"valueName\":\"search_term_string\"}}],\"inLanguage\":\"en-GB\"},{\"@type\":\"Organization\",\"@id\":\"https:\/\/denizcankizil.tr\/de\/#organization\",\"name\":\"Av. Deniz Can K\u0131z\u0131l\",\"url\":\"https:\/\/denizcankizil.tr\/de\/\",\"logo\":{\"@type\":\"ImageObject\",\"inLanguage\":\"en-GB\",\"@id\":\"https:\/\/denizcankizil.tr\/de\/#\/schema\/logo\/image\/\",\"url\":\"https:\/\/denizcankizil.tr\/wp-content\/uploads\/2024\/10\/siyah-logo-svg.svg\",\"contentUrl\":\"https:\/\/denizcankizil.tr\/wp-content\/uploads\/2024\/10\/siyah-logo-svg.svg\",\"width\":1080,\"height\":1080,\"caption\":\"Av. Deniz Can K\u0131z\u0131l\"},\"image\":{\"@id\":\"https:\/\/denizcankizil.tr\/de\/#\/schema\/logo\/image\/\"}},{\"@type\":\"Person\",\"@id\":\"https:\/\/denizcankizil.tr\/de\/#\/schema\/person\/5dc1b22991bd7ac833867c10afc9b0ff\",\"name\":\"Av. Deniz Can K\u0131z\u0131l\",\"image\":{\"@type\":\"ImageObject\",\"inLanguage\":\"en-GB\",\"@id\":\"https:\/\/denizcankizil.tr\/de\/#\/schema\/person\/image\/\",\"url\":\"https:\/\/secure.gravatar.com\/avatar\/a0b128fb9855c79efc976d5640eedb31dc35ec297594d6016d2cf7c60e975bb6?s=96&d=mm&r=g\",\"contentUrl\":\"https:\/\/secure.gravatar.com\/avatar\/a0b128fb9855c79efc976d5640eedb31dc35ec297594d6016d2cf7c60e975bb6?s=96&d=mm&r=g\",\"caption\":\"Av. Deniz Can K\u0131z\u0131l\"},\"sameAs\":[\"http:\/\/www.denizcankizil.tr\"],\"url\":\"https:\/\/denizcankizil.tr\/en\/author\/denizcankizil\/\"}]}<\/script>\n<!-- \/ Yoast SEO Premium plugin. -->","yoast_head_json":{"title":"K\u0131z\u0131ltoprak'ta ev yang\u0131n\u0131 - Av. Deniz Can K\u0131z\u0131l","robots":{"index":"index","follow":"follow","max-snippet":"max-snippet:-1","max-image-preview":"max-image-preview:large","max-video-preview":"max-video-preview:-1"},"canonical":"https:\/\/denizcankizil.tr\/en\/haberler\/antalya\/kiziltoprakta-ev-yangini\/","og_locale":"en_GB","og_type":"article","og_title":"K\u0131z\u0131ltoprak'ta ev yang\u0131n\u0131","og_description":"Yang\u0131n, Muratpa\u015fa il\u00e7esi K\u0131z\u0131ltoprak Mahallesi&#8217;nde saat 09.30 s\u0131ralar\u0131nda 968 Sokak&#8217;taki bir gecekonduda \u00e7\u0131kt\u0131. Hen\u00fcz sebebi tespit etkilemeyen yang\u0131nda y\u00fckselen duman ve alevleri fark eden \u00e7evre sakinleri, hemen 112 Acil \u00c7a\u011fr\u0131 Merkezi&#8217;ne haber verdi. \u0130hbar \u00fczerine olay yerine polis, sa\u011fl\u0131k ve Antalya B\u00fcy\u00fck\u015fehir Belediyesi \u0130tfaiye ekipleri sevk edildi. Alevlerin k\u0131sa s\u00fcrede t\u00fcm gecekonduyu sard\u0131\u011f\u0131 yang\u0131na itfaiye ekipleri h\u0131zl\u0131 bir \u015fekilde m\u00fcdahale etti. Yakla\u015f\u0131k 1 saatlik \u00e7al\u0131\u015fman\u0131n ard\u0131ndan yang\u0131n kontrol alt\u0131na al\u0131narak tamamen s\u00f6nd\u00fcr\u00fcld\u00fc. \u0130tfaiye ekipleri, i\u00e7eride birinin olabilece\u011fi ihtimali \u00fczerine detayl\u0131 bir inceleme yaparak tu\u011fla ve moloz y\u0131\u011f\u0131nlar\u0131n\u0131 kontrol etti ve kimsenin olmad\u0131\u011f\u0131 belirlendi. Yang\u0131na ili\u015fkin vatanda\u015flar\u0131n cep telefonuyla kaydetti\u011fi g\u00f6r\u00fcnt\u00fclerde, gecekondunun alev topuna d\u00f6nd\u00fc\u011f\u00fc ve tamamen yanarak kullan\u0131lmaz hale geldi\u011fi g\u00f6r\u00fcld\u00fc. Yang\u0131n an\u0131na tan\u0131kl\u0131k eden mahalle sakinleri, itfaiyenin \u00e7al\u0131\u015fmalar\u0131n\u0131 merakl\u0131 bak\u0131\u015flarla izlerken, Yang\u0131n\u0131n \u00e7\u0131k\u0131\u015f nedeni ile ilgili inceleme ba\u015flat\u0131ld\u0131. Kaynak: www.kanalv.com.tr Haber Sitesinden Al\u0131nm\u0131\u015ft\u0131r.","og_url":"https:\/\/denizcankizil.tr\/en\/haberler\/antalya\/kiziltoprakta-ev-yangini\/","og_site_name":"Av. Deniz Can K\u0131z\u0131l","article_published_time":"2025-01-18T10:41:18+00:00","og_image":[{"width":1280,"height":720,"url":"https:\/\/denizcankizil.tr\/wp-content\/uploads\/2025\/01\/4219-01-5yFLl5.jpeg","type":"image\/jpeg"}],"author":"Av. Deniz Can K\u0131z\u0131l","twitter_card":"summary_large_image","twitter_misc":{"Written by":"Av. Deniz Can K\u0131z\u0131l","Estimated reading time":"1 minute"},"schema":{"@context":"https:\/\/schema.org","@graph":[{"@type":"Article","@id":"https:\/\/denizcankizil.tr\/uk\/haberler\/antalya\/kiziltoprakta-ev-yangini\/#article","isPartOf":{"@id":"https:\/\/denizcankizil.tr\/uk\/haberler\/antalya\/kiziltoprakta-ev-yangini\/"},"author":{"name":"Av. Deniz Can K\u0131z\u0131l","@id":"https:\/\/denizcankizil.tr\/de\/#\/schema\/person\/5dc1b22991bd7ac833867c10afc9b0ff"},"headline":"K\u0131z\u0131ltoprak&#8217;ta ev yang\u0131n\u0131","datePublished":"2025-01-18T10:41:18+00:00","mainEntityOfPage":{"@id":"https:\/\/denizcankizil.tr\/uk\/haberler\/antalya\/kiziltoprakta-ev-yangini\/"},"wordCount":207,"commentCount":0,"publisher":{"@id":"https:\/\/denizcankizil.tr\/de\/#organization"},"image":{"@id":"https:\/\/denizcankizil.tr\/uk\/haberler\/antalya\/kiziltoprakta-ev-yangini\/#primaryimage"},"thumbnailUrl":"https:\/\/denizcankizil.tr\/wp-content\/uploads\/2025\/01\/4219-01-5yFLl5.jpeg","articleSection":["Antalya"],"inLanguage":"en-GB","potentialAction":[{"@type":"CommentAction","name":"Comment","target":["https:\/\/denizcankizil.tr\/uk\/haberler\/antalya\/kiziltoprakta-ev-yangini\/#respond"]}]},{"@type":"WebPage","@id":"https:\/\/denizcankizil.tr\/uk\/haberler\/antalya\/kiziltoprakta-ev-yangini\/","url":"https:\/\/denizcankizil.tr\/uk\/haberler\/antalya\/kiziltoprakta-ev-yangini\/","name":"K\u0131z\u0131ltoprak'ta ev yang\u0131n\u0131 - Av. Deniz Can K\u0131z\u0131l","isPartOf":{"@id":"https:\/\/denizcankizil.tr\/de\/#website"},"primaryImageOfPage":{"@id":"https:\/\/denizcankizil.tr\/uk\/haberler\/antalya\/kiziltoprakta-ev-yangini\/#primaryimage"},"image":{"@id":"https:\/\/denizcankizil.tr\/uk\/haberler\/antalya\/kiziltoprakta-ev-yangini\/#primaryimage"},"thumbnailUrl":"https:\/\/denizcankizil.tr\/wp-content\/uploads\/2025\/01\/4219-01-5yFLl5.jpeg","datePublished":"2025-01-18T10:41:18+00:00","breadcrumb":{"@id":"https:\/\/denizcankizil.tr\/uk\/haberler\/antalya\/kiziltoprakta-ev-yangini\/#breadcrumb"},"inLanguage":"en-GB","potentialAction":[{"@type":"ReadAction","target":["https:\/\/denizcankizil.tr\/uk\/haberler\/antalya\/kiziltoprakta-ev-yangini\/"]}]},{"@type":"ImageObject","inLanguage":"en-GB","@id":"https:\/\/denizcankizil.tr\/uk\/haberler\/antalya\/kiziltoprakta-ev-yangini\/#primaryimage","url":"https:\/\/denizcankizil.tr\/wp-content\/uploads\/2025\/01\/4219-01-5yFLl5.jpeg","contentUrl":"https:\/\/denizcankizil.tr\/wp-content\/uploads\/2025\/01\/4219-01-5yFLl5.jpeg","width":1280,"height":720},{"@type":"BreadcrumbList","@id":"https:\/\/denizcankizil.tr\/uk\/haberler\/antalya\/kiziltoprakta-ev-yangini\/#breadcrumb","itemListElement":[{"@type":"ListItem","position":1,"name":"Home","item":"https:\/\/denizcankizil.tr\/de\/"},{"@type":"ListItem","position":2,"name":"K\u0131z\u0131ltoprak&#8217;ta ev yang\u0131n\u0131"}]},{"@type":"WebSite","@id":"https:\/\/denizcankizil.tr\/de\/#website","url":"https:\/\/denizcankizil.tr\/de\/","name":"Av. Deniz Can K\u0131z\u0131l","description":"Avukat Deniz Can K\u0131z\u0131l Antalya Barosu","publisher":{"@id":"https:\/\/denizcankizil.tr\/de\/#organization"},"potentialAction":[{"@type":"SearchAction","target":{"@type":"EntryPoint","urlTemplate":"https:\/\/denizcankizil.tr\/de\/?s={search_term_string}"},"query-input":{"@type":"PropertyValueSpecification","valueRequired":true,"valueName":"search_term_string"}}],"inLanguage":"en-GB"},{"@type":"Organization","@id":"https:\/\/denizcankizil.tr\/de\/#organization","name":"Av. Deniz Can K\u0131z\u0131l","url":"https:\/\/denizcankizil.tr\/de\/","logo":{"@type":"ImageObject","inLanguage":"en-GB","@id":"https:\/\/denizcankizil.tr\/de\/#\/schema\/logo\/image\/","url":"https:\/\/denizcankizil.tr\/wp-content\/uploads\/2024\/10\/siyah-logo-svg.svg","contentUrl":"https:\/\/denizcankizil.tr\/wp-content\/uploads\/2024\/10\/siyah-logo-svg.svg","width":1080,"height":1080,"caption":"Av. Deniz Can K\u0131z\u0131l"},"image":{"@id":"https:\/\/denizcankizil.tr\/de\/#\/schema\/logo\/image\/"}},{"@type":"Person","@id":"https:\/\/denizcankizil.tr\/de\/#\/schema\/person\/5dc1b22991bd7ac833867c10afc9b0ff","name":"Av. Deniz Can K\u0131z\u0131l","image":{"@type":"ImageObject","inLanguage":"en-GB","@id":"https:\/\/denizcankizil.tr\/de\/#\/schema\/person\/image\/","url":"https:\/\/secure.gravatar.com\/avatar\/a0b128fb9855c79efc976d5640eedb31dc35ec297594d6016d2cf7c60e975bb6?s=96&d=mm&r=g","contentUrl":"https:\/\/secure.gravatar.com\/avatar\/a0b128fb9855c79efc976d5640eedb31dc35ec297594d6016d2cf7c60e975bb6?s=96&d=mm&r=g","caption":"Av. Deniz Can K\u0131z\u0131l"},"sameAs":["http:\/\/www.denizcankizil.tr"],"url":"https:\/\/denizcankizil.tr\/en\/author\/denizcankizil\/"}]}},"_links":{"self":[{"href":"https:\/\/denizcankizil.tr\/en\/wp-json\/wp\/v2\/posts\/26004","targetHints":{"allow":["GET"]}}],"collection":[{"href":"https:\/\/denizcankizil.tr\/en\/wp-json\/wp\/v2\/posts"}],"about":[{"href":"https:\/\/denizcankizil.tr\/en\/wp-json\/wp\/v2\/types\/post"}],"author":[{"embeddable":true,"href":"https:\/\/denizcankizil.tr\/en\/wp-json\/wp\/v2\/users\/4"}],"replies":[{"embeddable":true,"href":"https:\/\/denizcankizil.tr\/en\/wp-json\/wp\/v2\/comments?post=26004"}],"version-history":[{"count":0,"href":"https:\/\/denizcankizil.tr\/en\/wp-json\/wp\/v2\/posts\/26004\/revisions"}],"wp:featuredmedia":[{"embeddable":true,"href":"https:\/\/denizcankizil.tr\/en\/wp-json\/wp\/v2\/media\/26005"}],"wp:attachment":[{"href":"https:\/\/denizcankizil.tr\/en\/wp-json\/wp\/v2\/media?parent=26004"}],"wp:term":[{"taxonomy":"category","embeddable":true,"href":"https:\/\/denizcankizil.tr\/en\/wp-json\/wp\/v2\/categories?post=26004"},{"taxonomy":"post_tag","embeddable":true,"href":"https:\/\/denizcankizil.tr\/en\/wp-json\/wp\/v2\/tags?post=26004"}],"curies":[{"name":"wp","href":"https:\/\/api.w.org\/{rel}","templated":true}]}}