{"id":25985,"date":"2025-01-18T11:41:29","date_gmt":"2025-01-18T08:41:29","guid":{"rendered":"https:\/\/denizcankizil.tr\/uncategorized-tr\/iddialara-sporcular-ve-velilerle-birlikte-yanit-verdiler\/"},"modified":"2025-01-18T11:41:29","modified_gmt":"2025-01-18T08:41:29","slug":"iddialara-sporcular-ve-velilerle-birlikte-yanit-verdiler","status":"publish","type":"post","link":"https:\/\/denizcankizil.tr\/en\/haberler\/gundem\/iddialara-sporcular-ve-velilerle-birlikte-yanit-verdiler\/","title":{"rendered":"\u0130ddialara sporcular ve velilerle birlikte yan\u0131t verdiler"},"content":{"rendered":"<p>Kemer Belediyesi Karate Antren\u00f6r\u00fc Emin Akar ile Kemer Belediyesi Kick Boks Antren\u00f6r\u00fc Volkan Kaplan, sosyal medyada haklar\u0131nda ortaya at\u0131lan \u201cBelediye\u2019de \u00e7al\u0131\u015fmadan maa\u015f ald\u0131klar\u0131\u201d y\u00f6n\u00fcnde iddiaya Ahucum D\u00fc\u011f\u00fcn Salonu\u2019nda sporcular ve velilerle birlikte yan\u0131t verdiler.<\/p>\n<p>\u200bKemer Belediyesi Karate Antren\u00f6r\u00fc Emin Akar ile Kemer Belediyesi Kick Boks Antren\u00f6r\u00fc Volkan Kaplan, sosyal medyada haklar\u0131nda ortaya at\u0131lan \u201cBelediye\u2019de \u00e7al\u0131\u015fmadan maa\u015f ald\u0131klar\u0131\u201d y\u00f6n\u00fcnde iddiaya Ahucum D\u00fc\u011f\u00fcn Salonu\u2019nda sporcular ve velilerle birlikte yan\u0131t verdiler.\u00a0<\/p>\n<p>\u200bHaberin Al\u0131nt\u0131land\u0131\u011f\u0131 Kaynak: www.iskenderun.org<\/p>","protected":false},"excerpt":{"rendered":"<p>Kemer Belediyesi Karate Antren\u00f6r\u00fc Emin Akar ile Kemer Belediyesi Kick Boks Antren\u00f6r\u00fc Volkan Kaplan, sosyal medyada haklar\u0131nda ortaya at\u0131lan \u201cBelediye\u2019de \u00e7al\u0131\u015fmadan maa\u015f ald\u0131klar\u0131\u201d y\u00f6n\u00fcnde iddiaya Ahucum D\u00fc\u011f\u00fcn Salonu\u2019nda sporcular ve velilerle birlikte yan\u0131t verdiler. \u200bKemer Belediyesi Karate Antren\u00f6r\u00fc Emin Akar ile Kemer Belediyesi Kick Boks Antren\u00f6r\u00fc Volkan Kaplan, sosyal medyada haklar\u0131nda ortaya at\u0131lan \u201cBelediye\u2019de \u00e7al\u0131\u015fmadan maa\u015f ald\u0131klar\u0131\u201d y\u00f6n\u00fcnde iddiaya Ahucum D\u00fc\u011f\u00fcn Salonu\u2019nda sporcular ve velilerle birlikte yan\u0131t verdiler.\u00a0 \u200bHaberin Al\u0131nt\u0131land\u0131\u011f\u0131 Kaynak: www.iskenderun.org<\/p>","protected":false},"author":1,"featured_media":0,"comment_status":"open","ping_status":"open","sticky":false,"template":"","format":"standard","meta":{"_acf_changed":false,"footnotes":""},"categories":[24],"tags":[],"class_list":["post-25985","post","type-post","status-publish","format-standard","has-post-thumbnail","hentry","category-gundem"],"acf":[],"yoast_head":"<!-- This site is optimized with the Yoast SEO Premium plugin v26.6 (Yoast SEO v27.1.1) - https:\/\/yoast.com\/product\/yoast-seo-premium-wordpress\/ -->\n<title>\u0130ddialara sporcular ve velilerle birlikte yan\u0131t verdiler - Av. Deniz Can K\u0131z\u0131l<\/title>\n<meta name=\"robots\" content=\"index, follow, max-snippet:-1, max-image-preview:large, max-video-preview:-1\" \/>\n<link rel=\"canonical\" href=\"https:\/\/denizcankizil.tr\/en\/haberler\/gundem\/iddialara-sporcular-ve-velilerle-birlikte-yanit-verdiler\/\" \/>\n<meta property=\"og:locale\" content=\"en_GB\" \/>\n<meta property=\"og:type\" content=\"article\" \/>\n<meta property=\"og:title\" content=\"\u0130ddialara sporcular ve velilerle birlikte yan\u0131t verdiler\" \/>\n<meta property=\"og:description\" content=\"Kemer Belediyesi Karate Antren\u00f6r\u00fc Emin Akar ile Kemer Belediyesi Kick Boks Antren\u00f6r\u00fc Volkan Kaplan, sosyal medyada haklar\u0131nda ortaya at\u0131lan \u201cBelediye\u2019de \u00e7al\u0131\u015fmadan maa\u015f ald\u0131klar\u0131\u201d y\u00f6n\u00fcnde iddiaya Ahucum D\u00fc\u011f\u00fcn Salonu\u2019nda sporcular ve velilerle birlikte yan\u0131t verdiler. \u200bKemer Belediyesi Karate Antren\u00f6r\u00fc Emin Akar ile Kemer Belediyesi Kick Boks Antren\u00f6r\u00fc Volkan Kaplan, sosyal medyada haklar\u0131nda ortaya at\u0131lan \u201cBelediye\u2019de \u00e7al\u0131\u015fmadan maa\u015f ald\u0131klar\u0131\u201d y\u00f6n\u00fcnde iddiaya Ahucum D\u00fc\u011f\u00fcn Salonu\u2019nda sporcular ve velilerle birlikte yan\u0131t verdiler.\u00a0 \u200bHaberin Al\u0131nt\u0131land\u0131\u011f\u0131 Kaynak: www.iskenderun.org\" \/>\n<meta property=\"og:url\" content=\"https:\/\/denizcankizil.tr\/en\/haberler\/gundem\/iddialara-sporcular-ve-velilerle-birlikte-yanit-verdiler\/\" \/>\n<meta property=\"og:site_name\" content=\"Av. Deniz Can K\u0131z\u0131l\" \/>\n<meta property=\"article:published_time\" content=\"2025-01-18T08:41:29+00:00\" \/>\n<meta name=\"author\" content=\"admin\" \/>\n<meta name=\"twitter:card\" content=\"summary_large_image\" \/>\n<meta name=\"twitter:label1\" content=\"Written by\" \/>\n\t<meta name=\"twitter:data1\" content=\"admin\" \/>\n\t<meta name=\"twitter:label2\" content=\"Estimated reading time\" \/>\n\t<meta name=\"twitter:data2\" content=\"1 minute\" \/>\n<script type=\"application\/ld+json\" class=\"yoast-schema-graph\">{\"@context\":\"https:\/\/schema.org\",\"@graph\":[{\"@type\":\"Article\",\"@id\":\"https:\/\/denizcankizil.tr\/ru\/haberler\/gundem\/iddialara-sporcular-ve-velilerle-birlikte-yanit-verdiler\/#article\",\"isPartOf\":{\"@id\":\"https:\/\/denizcankizil.tr\/ru\/haberler\/gundem\/iddialara-sporcular-ve-velilerle-birlikte-yanit-verdiler\/\"},\"author\":{\"name\":\"admin\",\"@id\":\"https:\/\/denizcankizil.tr\/de\/#\/schema\/person\/be3c05fe6a12686905512445d8185489\"},\"headline\":\"\u0130ddialara sporcular ve velilerle birlikte yan\u0131t verdiler\",\"datePublished\":\"2025-01-18T08:41:29+00:00\",\"mainEntityOfPage\":{\"@id\":\"https:\/\/denizcankizil.tr\/ru\/haberler\/gundem\/iddialara-sporcular-ve-velilerle-birlikte-yanit-verdiler\/\"},\"wordCount\":108,\"commentCount\":0,\"publisher\":{\"@id\":\"https:\/\/denizcankizil.tr\/de\/#organization\"},\"articleSection\":[\"G\u00fcndem\"],\"inLanguage\":\"en-GB\",\"potentialAction\":[{\"@type\":\"CommentAction\",\"name\":\"Comment\",\"target\":[\"https:\/\/denizcankizil.tr\/ru\/haberler\/gundem\/iddialara-sporcular-ve-velilerle-birlikte-yanit-verdiler\/#respond\"]}]},{\"@type\":\"WebPage\",\"@id\":\"https:\/\/denizcankizil.tr\/ru\/haberler\/gundem\/iddialara-sporcular-ve-velilerle-birlikte-yanit-verdiler\/\",\"url\":\"https:\/\/denizcankizil.tr\/ru\/haberler\/gundem\/iddialara-sporcular-ve-velilerle-birlikte-yanit-verdiler\/\",\"name\":\"\u0130ddialara sporcular ve velilerle birlikte yan\u0131t verdiler - Av. Deniz Can K\u0131z\u0131l\",\"isPartOf\":{\"@id\":\"https:\/\/denizcankizil.tr\/de\/#website\"},\"datePublished\":\"2025-01-18T08:41:29+00:00\",\"breadcrumb\":{\"@id\":\"https:\/\/denizcankizil.tr\/ru\/haberler\/gundem\/iddialara-sporcular-ve-velilerle-birlikte-yanit-verdiler\/#breadcrumb\"},\"inLanguage\":\"en-GB\",\"potentialAction\":[{\"@type\":\"ReadAction\",\"target\":[\"https:\/\/denizcankizil.tr\/ru\/haberler\/gundem\/iddialara-sporcular-ve-velilerle-birlikte-yanit-verdiler\/\"]}]},{\"@type\":\"BreadcrumbList\",\"@id\":\"https:\/\/denizcankizil.tr\/ru\/haberler\/gundem\/iddialara-sporcular-ve-velilerle-birlikte-yanit-verdiler\/#breadcrumb\",\"itemListElement\":[{\"@type\":\"ListItem\",\"position\":1,\"name\":\"Home\",\"item\":\"https:\/\/denizcankizil.tr\/de\/\"},{\"@type\":\"ListItem\",\"position\":2,\"name\":\"\u0130ddialara sporcular ve velilerle birlikte yan\u0131t verdiler\"}]},{\"@type\":\"WebSite\",\"@id\":\"https:\/\/denizcankizil.tr\/de\/#website\",\"url\":\"https:\/\/denizcankizil.tr\/de\/\",\"name\":\"Av. Deniz Can K\u0131z\u0131l\",\"description\":\"Avukat Deniz Can K\u0131z\u0131l Antalya Barosu\",\"publisher\":{\"@id\":\"https:\/\/denizcankizil.tr\/de\/#organization\"},\"potentialAction\":[{\"@type\":\"SearchAction\",\"target\":{\"@type\":\"EntryPoint\",\"urlTemplate\":\"https:\/\/denizcankizil.tr\/de\/?s={search_term_string}\"},\"query-input\":{\"@type\":\"PropertyValueSpecification\",\"valueRequired\":true,\"valueName\":\"search_term_string\"}}],\"inLanguage\":\"en-GB\"},{\"@type\":\"Organization\",\"@id\":\"https:\/\/denizcankizil.tr\/de\/#organization\",\"name\":\"Av. Deniz Can K\u0131z\u0131l\",\"url\":\"https:\/\/denizcankizil.tr\/de\/\",\"logo\":{\"@type\":\"ImageObject\",\"inLanguage\":\"en-GB\",\"@id\":\"https:\/\/denizcankizil.tr\/de\/#\/schema\/logo\/image\/\",\"url\":\"https:\/\/denizcankizil.tr\/wp-content\/uploads\/2024\/10\/siyah-logo-svg.svg\",\"contentUrl\":\"https:\/\/denizcankizil.tr\/wp-content\/uploads\/2024\/10\/siyah-logo-svg.svg\",\"width\":1080,\"height\":1080,\"caption\":\"Av. Deniz Can K\u0131z\u0131l\"},\"image\":{\"@id\":\"https:\/\/denizcankizil.tr\/de\/#\/schema\/logo\/image\/\"}},{\"@type\":\"Person\",\"@id\":\"https:\/\/denizcankizil.tr\/de\/#\/schema\/person\/be3c05fe6a12686905512445d8185489\",\"name\":\"admin\",\"image\":{\"@type\":\"ImageObject\",\"inLanguage\":\"en-GB\",\"@id\":\"https:\/\/denizcankizil.tr\/de\/#\/schema\/person\/image\/\",\"url\":\"https:\/\/secure.gravatar.com\/avatar\/c1fce94c830dc79107e174f890d7210541c4a63e8e5d816341794a2151c9d58c?s=96&d=mm&r=g\",\"contentUrl\":\"https:\/\/secure.gravatar.com\/avatar\/c1fce94c830dc79107e174f890d7210541c4a63e8e5d816341794a2151c9d58c?s=96&d=mm&r=g\",\"caption\":\"admin\"},\"sameAs\":[\"http:\/\/denizcankizil.tr\"],\"url\":\"https:\/\/www.iskenderun.org\/iddialara-sporcular-ve-velilerle-birlikte-yanit-verdiler\"}]}<\/script>\n<!-- \/ Yoast SEO Premium plugin. -->","yoast_head_json":{"title":"\u0130ddialara sporcular ve velilerle birlikte yan\u0131t verdiler - Av. Deniz Can K\u0131z\u0131l","robots":{"index":"index","follow":"follow","max-snippet":"max-snippet:-1","max-image-preview":"max-image-preview:large","max-video-preview":"max-video-preview:-1"},"canonical":"https:\/\/denizcankizil.tr\/en\/haberler\/gundem\/iddialara-sporcular-ve-velilerle-birlikte-yanit-verdiler\/","og_locale":"en_GB","og_type":"article","og_title":"\u0130ddialara sporcular ve velilerle birlikte yan\u0131t verdiler","og_description":"Kemer Belediyesi Karate Antren\u00f6r\u00fc Emin Akar ile Kemer Belediyesi Kick Boks Antren\u00f6r\u00fc Volkan Kaplan, sosyal medyada haklar\u0131nda ortaya at\u0131lan \u201cBelediye\u2019de \u00e7al\u0131\u015fmadan maa\u015f ald\u0131klar\u0131\u201d y\u00f6n\u00fcnde iddiaya Ahucum D\u00fc\u011f\u00fcn Salonu\u2019nda sporcular ve velilerle birlikte yan\u0131t verdiler. \u200bKemer Belediyesi Karate Antren\u00f6r\u00fc Emin Akar ile Kemer Belediyesi Kick Boks Antren\u00f6r\u00fc Volkan Kaplan, sosyal medyada haklar\u0131nda ortaya at\u0131lan \u201cBelediye\u2019de \u00e7al\u0131\u015fmadan maa\u015f ald\u0131klar\u0131\u201d y\u00f6n\u00fcnde iddiaya Ahucum D\u00fc\u011f\u00fcn Salonu\u2019nda sporcular ve velilerle birlikte yan\u0131t verdiler.\u00a0 \u200bHaberin Al\u0131nt\u0131land\u0131\u011f\u0131 Kaynak: www.iskenderun.org","og_url":"https:\/\/denizcankizil.tr\/en\/haberler\/gundem\/iddialara-sporcular-ve-velilerle-birlikte-yanit-verdiler\/","og_site_name":"Av. Deniz Can K\u0131z\u0131l","article_published_time":"2025-01-18T08:41:29+00:00","author":"admin","twitter_card":"summary_large_image","twitter_misc":{"Written by":"admin","Estimated reading time":"1 minute"},"schema":{"@context":"https:\/\/schema.org","@graph":[{"@type":"Article","@id":"https:\/\/denizcankizil.tr\/ru\/haberler\/gundem\/iddialara-sporcular-ve-velilerle-birlikte-yanit-verdiler\/#article","isPartOf":{"@id":"https:\/\/denizcankizil.tr\/ru\/haberler\/gundem\/iddialara-sporcular-ve-velilerle-birlikte-yanit-verdiler\/"},"author":{"name":"admin","@id":"https:\/\/denizcankizil.tr\/de\/#\/schema\/person\/be3c05fe6a12686905512445d8185489"},"headline":"\u0130ddialara sporcular ve velilerle birlikte yan\u0131t verdiler","datePublished":"2025-01-18T08:41:29+00:00","mainEntityOfPage":{"@id":"https:\/\/denizcankizil.tr\/ru\/haberler\/gundem\/iddialara-sporcular-ve-velilerle-birlikte-yanit-verdiler\/"},"wordCount":108,"commentCount":0,"publisher":{"@id":"https:\/\/denizcankizil.tr\/de\/#organization"},"articleSection":["G\u00fcndem"],"inLanguage":"en-GB","potentialAction":[{"@type":"CommentAction","name":"Comment","target":["https:\/\/denizcankizil.tr\/ru\/haberler\/gundem\/iddialara-sporcular-ve-velilerle-birlikte-yanit-verdiler\/#respond"]}]},{"@type":"WebPage","@id":"https:\/\/denizcankizil.tr\/ru\/haberler\/gundem\/iddialara-sporcular-ve-velilerle-birlikte-yanit-verdiler\/","url":"https:\/\/denizcankizil.tr\/ru\/haberler\/gundem\/iddialara-sporcular-ve-velilerle-birlikte-yanit-verdiler\/","name":"\u0130ddialara sporcular ve velilerle birlikte yan\u0131t verdiler - Av. Deniz Can K\u0131z\u0131l","isPartOf":{"@id":"https:\/\/denizcankizil.tr\/de\/#website"},"datePublished":"2025-01-18T08:41:29+00:00","breadcrumb":{"@id":"https:\/\/denizcankizil.tr\/ru\/haberler\/gundem\/iddialara-sporcular-ve-velilerle-birlikte-yanit-verdiler\/#breadcrumb"},"inLanguage":"en-GB","potentialAction":[{"@type":"ReadAction","target":["https:\/\/denizcankizil.tr\/ru\/haberler\/gundem\/iddialara-sporcular-ve-velilerle-birlikte-yanit-verdiler\/"]}]},{"@type":"BreadcrumbList","@id":"https:\/\/denizcankizil.tr\/ru\/haberler\/gundem\/iddialara-sporcular-ve-velilerle-birlikte-yanit-verdiler\/#breadcrumb","itemListElement":[{"@type":"ListItem","position":1,"name":"Home","item":"https:\/\/denizcankizil.tr\/de\/"},{"@type":"ListItem","position":2,"name":"\u0130ddialara sporcular ve velilerle birlikte yan\u0131t verdiler"}]},{"@type":"WebSite","@id":"https:\/\/denizcankizil.tr\/de\/#website","url":"https:\/\/denizcankizil.tr\/de\/","name":"Av. Deniz Can K\u0131z\u0131l","description":"Avukat Deniz Can K\u0131z\u0131l Antalya Barosu","publisher":{"@id":"https:\/\/denizcankizil.tr\/de\/#organization"},"potentialAction":[{"@type":"SearchAction","target":{"@type":"EntryPoint","urlTemplate":"https:\/\/denizcankizil.tr\/de\/?s={search_term_string}"},"query-input":{"@type":"PropertyValueSpecification","valueRequired":true,"valueName":"search_term_string"}}],"inLanguage":"en-GB"},{"@type":"Organization","@id":"https:\/\/denizcankizil.tr\/de\/#organization","name":"Av. Deniz Can K\u0131z\u0131l","url":"https:\/\/denizcankizil.tr\/de\/","logo":{"@type":"ImageObject","inLanguage":"en-GB","@id":"https:\/\/denizcankizil.tr\/de\/#\/schema\/logo\/image\/","url":"https:\/\/denizcankizil.tr\/wp-content\/uploads\/2024\/10\/siyah-logo-svg.svg","contentUrl":"https:\/\/denizcankizil.tr\/wp-content\/uploads\/2024\/10\/siyah-logo-svg.svg","width":1080,"height":1080,"caption":"Av. Deniz Can K\u0131z\u0131l"},"image":{"@id":"https:\/\/denizcankizil.tr\/de\/#\/schema\/logo\/image\/"}},{"@type":"Person","@id":"https:\/\/denizcankizil.tr\/de\/#\/schema\/person\/be3c05fe6a12686905512445d8185489","name":"admin","image":{"@type":"ImageObject","inLanguage":"en-GB","@id":"https:\/\/denizcankizil.tr\/de\/#\/schema\/person\/image\/","url":"https:\/\/secure.gravatar.com\/avatar\/c1fce94c830dc79107e174f890d7210541c4a63e8e5d816341794a2151c9d58c?s=96&d=mm&r=g","contentUrl":"https:\/\/secure.gravatar.com\/avatar\/c1fce94c830dc79107e174f890d7210541c4a63e8e5d816341794a2151c9d58c?s=96&d=mm&r=g","caption":"admin"},"sameAs":["http:\/\/denizcankizil.tr"],"url":"https:\/\/www.iskenderun.org\/iddialara-sporcular-ve-velilerle-birlikte-yanit-verdiler"}]}},"_links":{"self":[{"href":"https:\/\/denizcankizil.tr\/en\/wp-json\/wp\/v2\/posts\/25985","targetHints":{"allow":["GET"]}}],"collection":[{"href":"https:\/\/denizcankizil.tr\/en\/wp-json\/wp\/v2\/posts"}],"about":[{"href":"https:\/\/denizcankizil.tr\/en\/wp-json\/wp\/v2\/types\/post"}],"author":[{"embeddable":true,"href":"https:\/\/denizcankizil.tr\/en\/wp-json\/wp\/v2\/users\/1"}],"replies":[{"embeddable":true,"href":"https:\/\/denizcankizil.tr\/en\/wp-json\/wp\/v2\/comments?post=25985"}],"version-history":[{"count":0,"href":"https:\/\/denizcankizil.tr\/en\/wp-json\/wp\/v2\/posts\/25985\/revisions"}],"wp:attachment":[{"href":"https:\/\/denizcankizil.tr\/en\/wp-json\/wp\/v2\/media?parent=25985"}],"wp:term":[{"taxonomy":"category","embeddable":true,"href":"https:\/\/denizcankizil.tr\/en\/wp-json\/wp\/v2\/categories?post=25985"},{"taxonomy":"post_tag","embeddable":true,"href":"https:\/\/denizcankizil.tr\/en\/wp-json\/wp\/v2\/tags?post=25985"}],"curies":[{"name":"wp","href":"https:\/\/api.w.org\/{rel}","templated":true}]}}