{"id":25839,"date":"2025-01-17T14:57:30","date_gmt":"2025-01-17T11:57:30","guid":{"rendered":"https:\/\/denizcankizil.tr\/uncategorized-tr\/icra-memurunun-icra-emrini-gondermemesi-hukuki-sonuclar\/"},"modified":"2025-01-17T14:57:30","modified_gmt":"2025-01-17T11:57:30","slug":"icra-memurunun-icra-emrini-gondermemesi-hukuki-sonuclar","status":"publish","type":"post","link":"https:\/\/denizcankizil.tr\/en\/koseyazilari\/degerlendirme\/icra-memurunun-icra-emrini-gondermemesi-hukuki-sonuclar\/","title":{"rendered":"\u0130cra Memurunun \u0130cra Emrini G\u00f6ndermemesi: Hukuki Sonu\u00e7lar"},"content":{"rendered":"<p> <strong>\u0130cra Memurunun \u0130cra Emrini G\u00f6ndermemesi: Hukuki Sonu\u00e7lar<\/strong><\/p>\n<p>\u0130cra \u200bhukuku, bor\u00e7lular\u0131n haklar\u0131n\u0131n korunmas\u0131 ve alacakl\u0131lar\u0131n alacaklar\u0131n\u0131n tahsil edilmesi amac\u0131yla d\u00fczenlenmi\u015f\u2064 bir \u2063hukuk dal\u0131d\u0131r. Bu ba\u011flamda, icra memurlar\u0131n\u0131n g\u00f6revleri b\u00fcy\u00fck bir \u2062\u00f6nem \u200bta\u015f\u0131maktad\u0131r.\u200b \u0130cra memurlar\u0131, icra takibinin y\u00fcr\u00fct\u00fclmesi s\u00fcrecinde kritik bir \u2062rol \u00fcstlenirken, icra emrinin \u200dzaman\u0131nda ve do\u011fru bir \u015fekilde g\u00f6nderilmesi, s\u00fcrecin sa\u011fl\u0131kl\u0131 i\u015flemesi a\u00e7\u0131s\u0131ndan hayati bir \u00f6neme sahiptir. \u200cAncak, icra memurunun icra\u2064 emrini g\u00f6ndermemesi durumunda ortaya \u00e7\u0131kan hukuki\u2064 sonu\u00e7lar, hem alacakl\u0131lar hem de\u200c bor\u00e7lular a\u00e7\u0131s\u0131ndan \u00e7e\u015fitli sorunlar\u0131 beraberinde getirebilir. Bu makalede, icra \u200dmemurunun icra emrini g\u00f6ndermemesi durumunun hukuki boyutlar\u0131 ele al\u0131nacak, bu durumun sonu\u00e7lar\u0131 ve taraflar \u00fczerindeki \u200betkileri\u2064 detayl\u0131 bir \u015fekilde incelenecektir. \u2063\u0130cra hukuku \u00e7er\u00e7evesinde, bu t\u00fcr ihlallerin nas\u0131l de\u011ferlendirilece\u011fi ve hangi hukuki\u200b yollar\u0131n izlenebilece\u011fi konular\u0131, uygulay\u0131c\u0131lar ve hukuk\u00e7ular i\u00e7in \u00f6nemli bir tart\u0131\u015fma alan\u0131 olu\u015fturmaktad\u0131r.<br \/><img decoding=\"async\" class=\"kimage_class lazyload\" data-src=\"https:\/\/denizcankizil.tr\/wp-content\/uploads\/2024\/10\/Ntgv4-253D.jpg\" alt=\"\u0130cra Memurunun \u0130cra Emrini\u2062 G\u00f6ndermemesi Durumunun Tan\u0131m\u0131\" src=\"data:image\/svg+xml;base64,PHN2ZyB3aWR0aD0iMSIgaGVpZ2h0PSIxIiB4bWxucz0iaHR0cDovL3d3dy53My5vcmcvMjAwMC9zdmciPjwvc3ZnPg==\"><\/p>\n<h2 id=\"icra-memurunun-icra-emrini-gondermemesi-durumunun-tanimi\">\u0130cra \u2063Memurunun\u200c \u0130cra Emrini G\u00f6ndermemesi Durumunun Tan\u0131m\u0131<\/h2>\n<p>\u0130cra memurunun icra emrini g\u00f6ndermemesi, \u200dicra takibinin y\u00fcr\u00fct\u00fclmesinde \u00f6nemli bir aksakl\u0131k \u2062yaratabilir. Bu durum, icra memurunun g\u00f6revini yerine getirmemesi anlam\u0131na gelir ve \u00e7e\u015fitli <a href=\"https:\/\/denizcankizil.tr\/en\/koseyazilari\/degerlendirme\/haksiz-tutukluluk-nedeniyle-tazminat-davasi\/\" title=\"Compensation Case Due to Unfair Detention (Unfair Protective Measures)\">hukuki sonu\u00e7lar do\u011furabilir<\/a>. \u0130cra memurunun bu\u2064 eylemsizli\u011fi, alacakl\u0131\u2063 ve bor\u00e7lu taraflar a\u00e7\u0131s\u0131ndan baz\u0131 olumsuz sonu\u00e7lar do\u011furabilir.<\/p>\n<p>\u0130cra emrinin g\u00f6nderilmemesi durumunda ortaya \u00e7\u0131kabilecek hukuki sonu\u00e7lar \u015funlard\u0131r:<\/p>\n<ul>\n<li><strong>Alacakl\u0131n\u0131n Haklar\u0131:<\/strong> Alacakl\u0131, icra takibinin ba\u015flat\u0131lmas\u0131n\u0131 beklerken, icra\u2063 memurunun eylemsizli\u011fi \u200dnedeniyle hak kayb\u0131na u\u011frayabilir.<\/li>\n<li><strong>Bor\u00e7lunun Durumu:<\/strong> Bor\u00e7lu, icra \u200ctakibinin\u200c ba\u015flamad\u0131\u011f\u0131n\u0131 \u200dd\u00fc\u015f\u00fcnerek, borcunu \u00f6dememe konusunda rahat bir tutum sergileyebilir.<\/li>\n<li><strong>\u0130cra Takibinin Ge\u00e7erlili\u011fi:<\/strong> \u0130cra\u2064 emrinin g\u00f6nderilmemesi, icra takibinin ge\u00e7erlili\u011fini etkileyebilir ve <a href=\"https:\/\/denizcankizil.tr\/en\/hukukihaber\/tbb-sigortacilikta-tahkime-iliskin-yonetmelikteki-bazi-degisikliklerin-iptali-icin-danistaya-basvurdu\/\" title=\"TBB, S\u0130GORTACILIKTA TAHK\u0130ME \u0130L\u0130\u015eK\u0130N Y\u00d6NETMEL\u0130KTEK\u0130 BAZI DE\u011e\u0130\u015e\u0130KL\u0130KLER\u0130N \u0130PTAL\u0130 \u0130\u00c7\u0130N DANI\u015eTAY&#039;A BA\u015eVURDU\">bu durum<\/a>, icra mahkemesinde itirazlara yol a\u00e7abilir.<\/li>\n<\/ul>\n<p>Sonu\u00e7 olarak, icra memurunun icra emrini g\u00f6ndermemesi,\u200b hem \u200balacakl\u0131 hem de\u200c bor\u00e7lu a\u00e7\u0131s\u0131ndan \u00e7e\u015fitli\u2064 hukuki sorunlara neden olabilir. Bu \u2062nedenle, icra memurlar\u0131n\u0131n g\u00f6revlerini yerine getirmeleri ve \u200cicra emirlerini zaman\u0131nda \u2064g\u00f6ndermeleri b\u00fcy\u00fck \u00f6nem ta\u015f\u0131maktad\u0131r.<\/p>\n<p><img decoding=\"async\" class=\"kimage_class lazyload\" data-src=\"https:\/\/denizcankizil.tr\/wp-content\/uploads\/2024\/10\/3982-antalyadaki-fikri-ve-sinai-haklar-avukatlarinin-yetki-alanlari.jpg\" alt=\"\u0130cra Memurunun G\u00f6rev ve Sorumluluklar\u0131\" src=\"data:image\/svg+xml;base64,PHN2ZyB3aWR0aD0iMSIgaGVpZ2h0PSIxIiB4bWxucz0iaHR0cDovL3d3dy53My5vcmcvMjAwMC9zdmciPjwvc3ZnPg==\"><\/p>\n<h2 id=\"icra-memurunun-gorev-ve-sorumluluklari\">\u0130cra Memurunun G\u00f6rev ve Sorumluluklar\u0131<\/h2>\n<p>\u0130cra \u2064memurlar\u0131, icra takibinin\u2064 y\u00fcr\u00fct\u00fclmesinde \u00f6nemli bir rol oynamaktad\u0131r. Bu memurlar\u0131n g\u00f6revleri\u2064 aras\u0131nda, icra emirlerini zaman\u0131nda ve do\u011fru bir \u015fekilde yerine getirmek yer \u2064almaktad\u0131r.\u200d Ancak, icra memurunun icra emrini\u2063 g\u00f6ndermemesi durumunda, \u00e7e\u015fitli hukuki sonu\u00e7lar\u200d do\u011fabilir. Bu ba\u011flamda, icra memurunun sorumluluklar\u0131 ve bu sorumluluklar\u0131n ihlali halinde ortaya \u2062\u00e7\u0131kan sonu\u00e7lar \u00fczerinde durmak gerekmektedir.<\/p>\n<p>\u0130cra memurunun\u200d icra emrini g\u00f6ndermemesi, icra takibinin \u200bdurmas\u0131na neden olabilir. Bu durum, alacakl\u0131 a\u00e7\u0131s\u0131ndan ciddi ma\u011fduriyetler yaratabilir. Alacakl\u0131, icra takibinin ilerlemesi i\u00e7in gerekli \u200dolan ad\u0131mlar\u0131n at\u0131lmad\u0131\u011f\u0131n\u0131 g\u00f6zlemledi\u011finde, a\u015fa\u011f\u0131daki sonu\u00e7larla kar\u015f\u0131la\u015fabilir:<\/p>\n<ul>\n<li><strong>\u0130cra Takibinin \u200bGecikmesi:<\/strong> \u0130cra emrinin zaman\u0131nda g\u00f6nderilmemesi, alacakl\u0131n\u0131n alaca\u011f\u0131n\u0131 tahsil etme s\u00fcrecini \u2063uzat\u0131r.<\/li>\n<li><strong>Hukuki Yollar\u0131n T\u00fckenmesi:<\/strong> Alacakl\u0131, icra\u2062 takibinin durmas\u0131 nedeniyle ba\u015fka hukuki yollara ba\u015fvurmak zorunda kalabilir.<\/li>\n<li><strong>\u0130tibar \u2064Kayb\u0131:<\/strong> Alacakl\u0131, <a href=\"https:\/\/denizcankizil.tr\/en\/seo\/konyaalti-ve-muratpasada-icra-cek-ve-senet-hukuku\/\" title=\"Konyaalt\u0131 ve Muratpa\u015fa&#039;da \u0130cra, \u00c7ek ve Senet Hukuku\">icra s\u00fcrecinin<\/a> aksamas\u0131 nedeniyle itibar kayb\u0131 ya\u015fayabilir.<\/li>\n<\/ul>\n<p>Sonu\u00e7 olarak, icra memurlar\u0131n\u0131n g\u00f6revlerini yerine getirmemesi, yaln\u0131zca alacakl\u0131y\u0131 de\u011fil, ayn\u0131 zamanda \u2062icra s\u00fcrecinin b\u00fct\u00fcnl\u00fc\u011f\u00fcn\u00fc\u2062 de olumsuz etkileyebilir. \u2063Bu nedenle, icra memurlar\u0131n\u0131n g\u00f6rev ve sorumluluklar\u0131n\u0131 yerine\u200b getirmeleri, \u2064hukukun\u200b \u00fcst\u00fcnl\u00fc\u011f\u00fc a\u00e7\u0131s\u0131ndan b\u00fcy\u00fck \u00f6nem ta\u015f\u0131maktad\u0131r.<\/p>\n<p><img decoding=\"async\" class=\"kimage_class lazyload\" data-src=\"https:\/\/denizcankizil.tr\/wp-content\/uploads\/2024\/10\/3tcAw-253D.jpg\" alt=\"\u0130cra Emrinin G\u00f6nderilmemesi Halinde Hukuki Sonu\u00e7lar\" src=\"data:image\/svg+xml;base64,PHN2ZyB3aWR0aD0iMSIgaGVpZ2h0PSIxIiB4bWxucz0iaHR0cDovL3d3dy53My5vcmcvMjAwMC9zdmciPjwvc3ZnPg==\"><\/p>\n<h2 id=\"icra-emrinin-gonderilmemesi-halinde-hukuki-sonuclar\">\u0130cra Emrinin G\u00f6nderilmemesi Halinde \u200dHukuki Sonu\u00e7lar<\/h2>\n<p>\u0130cra memurunun icra emrini g\u00f6ndermemesi, icra takibinin y\u00fcr\u00fct\u00fclmesi a\u00e7\u0131s\u0131ndan \u00f6nemli hukuki sonu\u00e7lar do\u011furabilir. Bu durum, alacakl\u0131 ve bor\u00e7lu taraflar i\u00e7in \u00e7e\u015fitli hak\u2063 kay\u0131plar\u0131na yol a\u00e7abilece\u011fi gibi, icra \u2063s\u00fcrecinin i\u015fleyi\u015fini de olumsuz etkileyebilir. \u0130cra \u2063emrinin g\u00f6nderilmemesi halinde ortaya \u00e7\u0131kabilecek\u200d hukuki sonu\u00e7lar a\u015fa\u011f\u0131daki gibi s\u0131ralanabilir:<\/p>\n<ul>\n<li><strong>\u0130cra \u2064Takibinin Durmas\u0131:<\/strong> \u0130cra emrinin g\u00f6nderilmemesi, icra takibinin durmas\u0131na neden olabilir. Bu durumda, \u200balacakl\u0131 taraf\u0131n \u200balacaklar\u0131n\u0131 tahsil etme s\u00fcreci\u200b sekteye u\u011frayabilir.<\/li>\n<li><strong>Right to Object:<\/strong> Bor\u00e7lu, icra emrinin\u2064 kendisine ula\u015fmamas\u0131 nedeniyle itiraz hakk\u0131n\u0131 kullanma imkan\u0131na sahip olabilir. Bu durum, icra takibinin ge\u00e7erlili\u011fini sorgulamas\u0131na yol a\u00e7abilir.<\/li>\n<li><strong>Hukuki Sorumluluk:<\/strong> \u0130cra memurunun g\u00f6revini yerine\u2062 getirmemesi, kamu g\u00f6revlisi olarak hukuki\u2063 sorumlulu\u011funu do\u011furabilir. Bu ba\u011flamda, alacakl\u0131 taraf\u0131n u\u011frad\u0131\u011f\u0131 zararlar i\u00e7in tazminat talep etme \u200bhakk\u0131\u200b do\u011fabilir.<\/li>\n<li><strong>\u0130cra Takibinin Yeniden \u200bBa\u015flat\u0131lmas\u0131:<\/strong> \u0130cra emrinin \u2063g\u00f6nderilmemesi durumunda, alacakl\u0131\u200c taraf\u0131n icra takibini yeniden ba\u015flatma hakk\u0131 bulunmaktad\u0131r. Ancak bu s\u00fcre\u00e7, zaman kayb\u0131na \u2064ve ek maliyetlere yol a\u00e7abilir.<\/li>\n<\/ul>\n<p>Sonu\u00e7 olarak, icra memurunun icra emrini g\u00f6ndermemesi, hem alacakl\u0131 hem de bor\u00e7lu\u200b a\u00e7\u0131s\u0131ndan \u00f6nemli hukuki \u2062sonu\u00e7lar do\u011furabilir. Bu\u200b nedenle, icra s\u00fcre\u00e7lerinin dikkatli\u2062 bir \u015fekilde y\u00fcr\u00fct\u00fclmesi ve icra memurlar\u0131n\u0131n g\u00f6revlerini eksiksiz yerine getirmesi\u200b b\u00fcy\u00fck \u2063\u00f6nem ta\u015f\u0131maktad\u0131r.<\/p>\n<p><img decoding=\"async\" class=\"kimage_class lazyload\" data-src=\"https:\/\/denizcankizil.tr\/wp-content\/uploads\/2024\/10\/4698-d180d0bed0bbd18c-d0b0d0b4d0b2d0bed0bad0b0d182d0b0-d0b2-d0b4d0b5d0bbd0b0d185-d0be-d0b3d180d0b0d0b6d0b4d0b0d0bdd181d182d0b2d0b5-d0b8-d0b8.jpg\" alt=\"Bor\u00e7lunun Haklar\u0131 ve Korunmas\u0131\" src=\"data:image\/svg+xml;base64,PHN2ZyB3aWR0aD0iMSIgaGVpZ2h0PSIxIiB4bWxucz0iaHR0cDovL3d3dy53My5vcmcvMjAwMC9zdmciPjwvc3ZnPg==\"><\/p>\n<h2 id=\"borclunun-haklari-ve-korunmasi\">Bor\u00e7lunun Haklar\u0131 \u200bve\u200b Korunmas\u0131<\/h2>\n<section>\n<p>\u0130cra \u2063memurunun icra emrini \u200cg\u00f6ndermemesi durumunda,  \u00f6nemli bir konu haline gelir. Bor\u00e7lular, icra takibi\u2064 s\u00fcrecinde \u00e7e\u015fitli\u2063 haklara sahiptir ve bu haklar\u0131n \u200dihlali durumunda hukuki yollara ba\u015fvurabilirler. Bu ba\u011flamda, bor\u00e7lunun korunmas\u0131 i\u00e7in a\u015fa\u011f\u0131daki hususlar dikkate al\u0131nmal\u0131d\u0131r:<\/p>\n<ul>\n<li><strong>Right to Object:<\/strong> Bor\u00e7lu, icra\u2063 takibine itiraz etme hakk\u0131na sahiptir.\u2062 \u0130tiraz, icra takibinin durdurulmas\u0131n\u0131 sa\u011flayabilir.<\/li>\n<li><strong>Bilgilendirme Hakk\u0131:<\/strong> Bor\u00e7lu, icra takibi s\u00fcrecinde kendisine \u2063y\u00f6nelik yap\u0131lan i\u015flemler hakk\u0131nda bilgilendirilme hakk\u0131na sahiptir.<\/li>\n<li><strong>Koruma Talebi:<\/strong> Bor\u00e7lu,\u2064 icra memurunun i\u015flemlerine kar\u015f\u0131 mahkemeden \u2064koruma talep edebilir. Bu \u200dtalep, bor\u00e7lunun haklar\u0131n\u0131n\u200c ihlal \u2062edilmesini \u00f6nleyebilir.<\/li>\n<li><strong>Hukuki Yard\u0131m:<\/strong> Bor\u00e7lular,\u200c hukuki\u2064 s\u00fcre\u00e7lerde destek almak i\u00e7in avukat tutma hakk\u0131na sahiptir.\u2062 Bu, haklar\u0131n\u0131n korunmas\u0131nda \u00f6nemli bir ad\u0131md\u0131r.<\/li>\n<\/ul>\n<p>Sonu\u00e7 olarak, icra memurunun icra emrini g\u00f6ndermemesi durumunda bor\u00e7lunun haklar\u0131, <a href=\"https:\/\/denizcankizil.tr\/en\/seo\/ceza-avukati-hangi-davalara-bakar-antalyadaki-adliyeler-ve-ceza-mahkemeleri-listesi\/\" title=\"Ceza Avukat\u0131 Hangi Davalara Bakar? Antalya&#039;daki adliyeler ve ceza mahkemeleri listesi\">hukuki s\u00fcre\u00e7<\/a>lerin sa\u011fl\u0131kl\u0131 \u2062i\u015flemesi a\u00e7\u0131s\u0131ndan b\u00fcy\u00fck \u00f6nem ta\u015f\u0131maktad\u0131r. Bor\u00e7lular, bu haklar\u0131n\u0131 kullanarak kendilerini\u200c koruma alt\u0131na alabilir\u200d ve olas\u0131 \u2063ma\u011fduriyetlerin \u00f6n\u00fcne ge\u00e7ebilirler.<\/p>\n<\/section>\n<p><img decoding=\"async\" class=\"kimage_class lazyload\" data-src=\"https:\/\/denizcankizil.tr\/wp-content\/uploads\/2024\/10\/x504-1.jpg\" alt=\"Alacakl\u0131n\u0131n \u0130htiya\u00e7lar\u0131 ve \u0130cra S\u00fcrecindeki Etkileri\" src=\"data:image\/svg+xml;base64,PHN2ZyB3aWR0aD0iMSIgaGVpZ2h0PSIxIiB4bWxucz0iaHR0cDovL3d3dy53My5vcmcvMjAwMC9zdmciPjwvc3ZnPg==\"><\/p>\n<h2 id=\"alacaklinin-ihtiyaclari-ve-icra-surecindeki-etkileri\">Alacakl\u0131n\u0131n \u0130htiya\u00e7lar\u0131 ve \u0130cra \u200bS\u00fcrecindeki Etkileri<\/h2>\n<p>Alacakl\u0131n\u0131n ihtiya\u00e7lar\u0131, icra s\u00fcrecinin etkin bir \u015fekilde y\u00fcr\u00fct\u00fclmesi a\u00e7\u0131s\u0131ndan b\u00fcy\u00fck \u00f6nem \u200cta\u015f\u0131maktad\u0131r. \u2062\u0130cra takibi,\u2063 alacakl\u0131n\u0131n alaca\u011f\u0131n\u0131\u2063 tahsil \u200betme amac\u0131yla ba\u015flatt\u0131\u011f\u0131 hukuki bir s\u00fcre\u00e7tir ve bu s\u00fcre\u00e7te \u200balacakl\u0131n\u0131n\u2062 ihtiya\u00e7lar\u0131, icra memurunun g\u00f6revlerini \u2063yerine getirmesi a\u00e7\u0131s\u0131ndan belirleyici bir\u200d rol oynamaktad\u0131r. Alacakl\u0131n\u0131n ihtiya\u00e7lar\u0131, genel\u200c olarak a\u015fa\u011f\u0131daki\u2063 unsurlar\u0131 i\u00e7ermektedir:<\/p>\n<ul>\n<li><strong>H\u0131zl\u0131 Tahsilat:<\/strong> \u2064 Alacakl\u0131,\u200b alaca\u011f\u0131n\u0131 m\u00fcmk\u00fcn olan en k\u0131sa s\u00fcrede tahsil etmek istemektedir. Bu nedenle, icra s\u00fcrecinin h\u0131zl\u0131 \u200dbir \u015fekilde ilerlemesi alacakl\u0131n\u0131n \u00f6ncelikli ihtiya\u00e7lar\u0131ndand\u0131r.<\/li>\n<li><strong>Hukuki G\u00fcvence:<\/strong> Alacakl\u0131, icra s\u00fcrecinin \u2063hukuka uygun bir \u015fekilde y\u00fcr\u00fct\u00fclmesini ve haklar\u0131n\u0131n korunmas\u0131n\u0131 talep etmektedir. Bu ba\u011flamda, \u2064icra \u200dmemurunun g\u00f6revlerini yerine getirmesi b\u00fcy\u00fck \u00f6nem ta\u015f\u0131r.<\/li>\n<li><strong>Bilgilendirme:<\/strong> Alacakl\u0131, icra s\u00fcrecinin her\u2062 a\u015famas\u0131nda\u2063 bilgilendirilmek istemektedir. \u200b\u0130cra memurunun,\u2062 alacakl\u0131y\u0131 s\u00fcre\u00e7 \u200dhakk\u0131nda\u2064 d\u00fczenli olarak bilgilendirmesi, \u2064alacakl\u0131n\u0131n\u200b ihtiya\u00e7lar\u0131 aras\u0131nda yer almaktad\u0131r.<\/li>\n<\/ul>\n<p>\u0130cra s\u00fcrecindeki bu ihtiya\u00e7lar, icra memurunun icra emrini g\u00f6ndermemesi durumunda daha da belirgin hale gelmektedir. Alacakl\u0131, icra memurunun g\u00f6revini \u2064yerine getirmemesi nedeniyle ma\u011fduriyet ya\u015fayabilir. Bu durum, \u2064alacakl\u0131n\u0131n alaca\u011f\u0131n\u0131 \u2064tahsil etme s\u00fcrecini\u200b olumsuz etkileyerek,\u2064 hukuki sonu\u00e7lar do\u011furabilir. Dolay\u0131s\u0131yla, icra memurunun alacakl\u0131n\u0131n ihtiya\u00e7lar\u0131n\u0131 g\u00f6z \u00f6n\u00fcnde bulundurarak hareket etmesi, icra s\u00fcrecinin sa\u011fl\u0131kl\u0131 bir \u015fekilde i\u015flemesi a\u00e7\u0131s\u0131ndan kritik bir \u00f6neme sahiptir.<\/p>\n<p><img decoding=\"async\" class=\"kimage_class lazyload\" data-src=\"https:\/\/denizcankizil.tr\/wp-content\/uploads\/2024\/10\/ounsel-scaled.jpg\" alt=\"Yarg\u0131tay \u0130\u00e7tihatlar\u0131 I\u015f\u0131\u011f\u0131nda \u0130cra Memurunun Sorumlulu\u011fu\" src=\"data:image\/svg+xml;base64,PHN2ZyB3aWR0aD0iMSIgaGVpZ2h0PSIxIiB4bWxucz0iaHR0cDovL3d3dy53My5vcmcvMjAwMC9zdmciPjwvc3ZnPg==\"><\/p>\n<h2 id=\"yargitay-ictihatlari-isiginda-icra-memurunun-sorumlulugu\">Yarg\u0131tay \u0130\u00e7tihatlar\u0131 I\u015f\u0131\u011f\u0131nda \u0130cra Memurunun Sorumlulu\u011fu<\/h2>\n<p>\u0130cra memurlar\u0131n\u0131n\u2064 g\u00f6revleri, icra takibinin etkin bir \u015fekilde y\u00fcr\u00fct\u00fclmesi a\u00e7\u0131s\u0131ndan b\u00fcy\u00fck bir \u00f6neme\u2063 sahiptir. \u0130cra memurunun, icra emrini zaman\u0131nda\u2062 g\u00f6ndermemesi durumunda, \u00e7e\u015fitli hukuki sonu\u00e7lar \u2064do\u011fabilir. Bu ba\u011flamda, Yarg\u0131tay\u200d i\u00e7tihatlar\u0131, icra memurlar\u0131n\u0131n sorumlulu\u011funu belirleyen \u00f6nemli \u200bbir kaynak te\u015fkil etmektedir.<\/p>\n<p>\u0130cra memurunun icra emrini g\u00f6ndermemesi, alacakl\u0131 a\u00e7\u0131s\u0131ndan ciddi ma\u011fduriyetlere yol a\u00e7abilir. Bu t\u00fcr durumlarda, alacakl\u0131, icra memuruna kar\u015f\u0131\u200c tazminat davas\u0131\u2062 a\u00e7ma hakk\u0131na sahip olabilir. Yarg\u0131tay, icra\u2063 memurlar\u0131n\u0131n g\u00f6revlerini ihmal etmeleri halinde, alacakl\u0131lar\u0131n u\u011frad\u0131\u011f\u0131 zararlar\u0131n tazmin \u200dedilmesi gerekti\u011fini vurgulamaktad\u0131r. Bu ba\u011flamda, icra \u2064memurunun sorumlulu\u011fu \u015fu \u015fekilde \u00f6zetlenebilir:<\/p>\n<ul>\n<li><strong>G\u00f6rev \u200c\u0130hlali:<\/strong> \u0130cra emrinin\u200c zaman\u0131nda g\u00f6nderilmemesi, g\u00f6rev ihlali olarak de\u011ferlendirilebilir.<\/li>\n<li><strong>Tazminat Sorumlulu\u011fu:<\/strong> \u200dAlacakl\u0131, u\u011frad\u0131\u011f\u0131 zararlar\u2063 i\u00e7in icra memuruna kar\u015f\u0131 tazminat talep edebilir.<\/li>\n<li><strong>Hukuki S\u00fcre\u00e7:<\/strong> \u0130cra memurunun sorumlulu\u011fu, Yarg\u0131tay kararlar\u0131 \u0131\u015f\u0131\u011f\u0131nda hukuki s\u00fcre\u00e7ler ile belirlenmektedir.<\/li>\n<\/ul>\n<p>Sonu\u00e7 olarak,\u2064 icra\u200d memurlar\u0131n\u0131n g\u00f6revlerini yerine getirmemesi, yaln\u0131zca \u2064alacakl\u0131lar\u200b i\u00e7in\u2062 de\u011fil, ayn\u0131 zamanda \u200bicra sisteminin i\u015fleyi\u015fi a\u00e7\u0131s\u0131ndan da olumsuz sonu\u00e7lar do\u011furabilir.\u2063 Bu nedenle, icra memurlar\u0131n\u0131n sorumluluklar\u0131 ve g\u00f6revleri, hukukun temel ilkeleri do\u011frultusunda titizlikle yerine getirilmelidir.<\/p>\n<p>Sonu\u00e7 \u2062olarak, icra \u2062memurunun icra emrini g\u00f6ndermemesi, icra takibinin etkinli\u011fini ve alacakl\u0131lar\u0131n\u2063 haklar\u0131n\u0131 do\u011frudan etkileyen\u2064 \u00f6nemli \u200dbir husustur.\u200d Bu durum, icra hukukunun temel ilkeleriyle \u00e7eli\u015fmekte\u2063 olup,\u2064 alacakl\u0131lar\u0131n ma\u011fduriyetine \u200dyol a\u00e7abilir. \u0130cra memurlar\u0131n\u0131n g\u00f6revlerini yerine getirmemesi \u2062halinde, alacakl\u0131lar\u0131n ba\u015fvurabilece\u011fi\u2064 hukuki\u2063 yollar ve \u200ditiraz \u200bmekanizmalar\u0131 \u200dmevcuttur. Bu \u200bba\u011flamda, icra memurlar\u0131n\u0131n sorumluluklar\u0131 ve alacakl\u0131lar\u0131n \u200dhaklar\u0131 aras\u0131ndaki dengeyi sa\u011flamak, hukukun \u00fcst\u00fcnl\u00fc\u011f\u00fc ilkesinin gere\u011fidir. \u0130cra takibi s\u00fcre\u00e7lerinde ya\u015fanan aksakl\u0131klar\u0131n \u00f6n\u00fcne\u2063 ge\u00e7mek\u2064 i\u00e7in, ilgili mevzuat\u0131n\u200c titizlikle uygulanmas\u0131 ve icra memurlar\u0131n\u0131n \u2063g\u00f6rev bilinciyle \u2062hareket\u2062 etmesi b\u00fcy\u00fck \u00f6nem \u200cta\u015f\u0131maktad\u0131r. Bu makalede ele al\u0131nan hususlar, icra hukukunun i\u015fleyi\u015fine dair \u00f6nemli bir perspektif sunmakta ve uygulay\u0131c\u0131lar i\u00e7in yol g\u00f6sterici nitelik ta\u015f\u0131maktad\u0131r. <\/p>","protected":false},"excerpt":{"rendered":"<p>\u0130cra memurunun icra emrini g\u00f6ndermemesi, icra takibinin durmas\u0131na yol a\u00e7abilir. Bu durum, alacakl\u0131 a\u00e7\u0131s\u0131ndan hak kayb\u0131na neden olurken, bor\u00e7lu i\u00e7in de icra s\u00fcrecinin uzamas\u0131na sebep olabilir. Hukuki sonu\u00e7lar, icra hukukunun temel ilkeleri \u00e7er\u00e7evesinde de\u011ferlendirilmelidir.<\/p>","protected":false},"author":4,"featured_media":25840,"comment_status":"open","ping_status":"open","sticky":false,"template":"","format":"standard","meta":{"_acf_changed":false,"footnotes":""},"categories":[22],"tags":[],"class_list":["post-25839","post","type-post","status-publish","format-standard","has-post-thumbnail","hentry","category-degerlendirme"],"acf":[],"yoast_head":"<!-- This site is optimized with the Yoast SEO Premium plugin v26.6 (Yoast SEO v27.1.1) - https:\/\/yoast.com\/product\/yoast-seo-premium-wordpress\/ -->\n<title>\u0130cra Memurunun \u0130cra Emrini G\u00f6ndermemesi: Hukuki Sonu\u00e7lar - Av. Deniz Can K\u0131z\u0131l<\/title>\n<meta name=\"robots\" content=\"index, follow, max-snippet:-1, max-image-preview:large, max-video-preview:-1\" \/>\n<link rel=\"canonical\" href=\"https:\/\/denizcankizil.tr\/en\/koseyazilari\/degerlendirme\/icra-memurunun-icra-emrini-gondermemesi-hukuki-sonuclar\/\" \/>\n<meta property=\"og:locale\" content=\"en_GB\" \/>\n<meta property=\"og:type\" content=\"article\" \/>\n<meta property=\"og:title\" content=\"\u0130cra Memurunun \u0130cra Emrini G\u00f6ndermemesi: Hukuki Sonu\u00e7lar\" \/>\n<meta property=\"og:description\" content=\"\u0130cra memurunun icra emrini g\u00f6ndermemesi, icra takibinin durmas\u0131na yol a\u00e7abilir. Bu durum, alacakl\u0131 a\u00e7\u0131s\u0131ndan hak kayb\u0131na neden olurken, bor\u00e7lu i\u00e7in de icra s\u00fcrecinin uzamas\u0131na sebep olabilir. Hukuki sonu\u00e7lar, icra hukukunun temel ilkeleri \u00e7er\u00e7evesinde de\u011ferlendirilmelidir.\" \/>\n<meta property=\"og:url\" content=\"https:\/\/denizcankizil.tr\/en\/koseyazilari\/degerlendirme\/icra-memurunun-icra-emrini-gondermemesi-hukuki-sonuclar\/\" \/>\n<meta property=\"og:site_name\" content=\"Av. Deniz Can K\u0131z\u0131l\" \/>\n<meta property=\"article:published_time\" content=\"2025-01-17T11:57:30+00:00\" \/>\n<meta property=\"og:image\" content=\"https:\/\/denizcankizil.tr\/wp-content\/uploads\/2025\/01\/25839-icra-memurunun-icra-emrini-gondermemesi-hukuki-sonuclar.jpg\" \/>\n\t<meta property=\"og:image:width\" content=\"800\" \/>\n\t<meta property=\"og:image:height\" content=\"800\" \/>\n\t<meta property=\"og:image:type\" content=\"image\/jpeg\" \/>\n<meta name=\"author\" content=\"Av. Deniz Can K\u0131z\u0131l\" \/>\n<meta name=\"twitter:card\" content=\"summary_large_image\" \/>\n<meta name=\"twitter:label1\" content=\"Written by\" \/>\n\t<meta name=\"twitter:data1\" content=\"Av. Deniz Can K\u0131z\u0131l\" \/>\n\t<meta name=\"twitter:label2\" content=\"Estimated reading time\" \/>\n\t<meta name=\"twitter:data2\" content=\"9 minutes\" \/>\n<script type=\"application\/ld+json\" class=\"yoast-schema-graph\">{\"@context\":\"https:\/\/schema.org\",\"@graph\":[{\"@type\":\"Article\",\"@id\":\"https:\/\/denizcankizil.tr\/en\/koseyazilari\/degerlendirme\/icra-memurunun-icra-emrini-gondermemesi-hukuki-sonuclar\/#article\",\"isPartOf\":{\"@id\":\"https:\/\/denizcankizil.tr\/en\/koseyazilari\/degerlendirme\/icra-memurunun-icra-emrini-gondermemesi-hukuki-sonuclar\/\"},\"author\":{\"name\":\"Av. Deniz Can K\u0131z\u0131l\",\"@id\":\"https:\/\/denizcankizil.tr\/#\/schema\/person\/5dc1b22991bd7ac833867c10afc9b0ff\"},\"headline\":\"\u0130cra Memurunun \u0130cra Emrini G\u00f6ndermemesi: Hukuki Sonu\u00e7lar\",\"datePublished\":\"2025-01-17T11:57:30+00:00\",\"mainEntityOfPage\":{\"@id\":\"https:\/\/denizcankizil.tr\/en\/koseyazilari\/degerlendirme\/icra-memurunun-icra-emrini-gondermemesi-hukuki-sonuclar\/\"},\"wordCount\":1720,\"commentCount\":0,\"publisher\":{\"@id\":\"https:\/\/denizcankizil.tr\/#organization\"},\"image\":{\"@id\":\"https:\/\/denizcankizil.tr\/en\/koseyazilari\/degerlendirme\/icra-memurunun-icra-emrini-gondermemesi-hukuki-sonuclar\/#primaryimage\"},\"thumbnailUrl\":\"https:\/\/denizcankizil.tr\/wp-content\/uploads\/2025\/01\/25839-icra-memurunun-icra-emrini-gondermemesi-hukuki-sonuclar.jpg\",\"articleSection\":[\"De\u011ferlendirme\"],\"inLanguage\":\"en-GB\",\"potentialAction\":[{\"@type\":\"CommentAction\",\"name\":\"Comment\",\"target\":[\"https:\/\/denizcankizil.tr\/en\/koseyazilari\/degerlendirme\/icra-memurunun-icra-emrini-gondermemesi-hukuki-sonuclar\/#respond\"]}]},{\"@type\":\"WebPage\",\"@id\":\"https:\/\/denizcankizil.tr\/en\/koseyazilari\/degerlendirme\/icra-memurunun-icra-emrini-gondermemesi-hukuki-sonuclar\/\",\"url\":\"https:\/\/denizcankizil.tr\/en\/koseyazilari\/degerlendirme\/icra-memurunun-icra-emrini-gondermemesi-hukuki-sonuclar\/\",\"name\":\"\u0130cra Memurunun \u0130cra Emrini G\u00f6ndermemesi: Hukuki Sonu\u00e7lar - Av. Deniz Can K\u0131z\u0131l\",\"isPartOf\":{\"@id\":\"https:\/\/denizcankizil.tr\/#website\"},\"primaryImageOfPage\":{\"@id\":\"https:\/\/denizcankizil.tr\/en\/koseyazilari\/degerlendirme\/icra-memurunun-icra-emrini-gondermemesi-hukuki-sonuclar\/#primaryimage\"},\"image\":{\"@id\":\"https:\/\/denizcankizil.tr\/en\/koseyazilari\/degerlendirme\/icra-memurunun-icra-emrini-gondermemesi-hukuki-sonuclar\/#primaryimage\"},\"thumbnailUrl\":\"https:\/\/denizcankizil.tr\/wp-content\/uploads\/2025\/01\/25839-icra-memurunun-icra-emrini-gondermemesi-hukuki-sonuclar.jpg\",\"datePublished\":\"2025-01-17T11:57:30+00:00\",\"breadcrumb\":{\"@id\":\"https:\/\/denizcankizil.tr\/en\/koseyazilari\/degerlendirme\/icra-memurunun-icra-emrini-gondermemesi-hukuki-sonuclar\/#breadcrumb\"},\"inLanguage\":\"en-GB\",\"potentialAction\":[{\"@type\":\"ReadAction\",\"target\":[\"https:\/\/denizcankizil.tr\/en\/koseyazilari\/degerlendirme\/icra-memurunun-icra-emrini-gondermemesi-hukuki-sonuclar\/\"]}]},{\"@type\":\"ImageObject\",\"inLanguage\":\"en-GB\",\"@id\":\"https:\/\/denizcankizil.tr\/en\/koseyazilari\/degerlendirme\/icra-memurunun-icra-emrini-gondermemesi-hukuki-sonuclar\/#primaryimage\",\"url\":\"https:\/\/denizcankizil.tr\/wp-content\/uploads\/2025\/01\/25839-icra-memurunun-icra-emrini-gondermemesi-hukuki-sonuclar.jpg\",\"contentUrl\":\"https:\/\/denizcankizil.tr\/wp-content\/uploads\/2025\/01\/25839-icra-memurunun-icra-emrini-gondermemesi-hukuki-sonuclar.jpg\",\"width\":800,\"height\":800,\"caption\":\"\u0130cra Memurunun \u0130cra Emrini G\u00f6ndermemesi: Hukuki Sonu\u00e7lar\"},{\"@type\":\"BreadcrumbList\",\"@id\":\"https:\/\/denizcankizil.tr\/en\/koseyazilari\/degerlendirme\/icra-memurunun-icra-emrini-gondermemesi-hukuki-sonuclar\/#breadcrumb\",\"itemListElement\":[{\"@type\":\"ListItem\",\"position\":1,\"name\":\"Home\",\"item\":\"https:\/\/denizcankizil.tr\/de\/\"},{\"@type\":\"ListItem\",\"position\":2,\"name\":\"\u0130cra Memurunun \u0130cra Emrini G\u00f6ndermemesi: Hukuki Sonu\u00e7lar\"}]},{\"@type\":\"WebSite\",\"@id\":\"https:\/\/denizcankizil.tr\/#website\",\"url\":\"https:\/\/denizcankizil.tr\/\",\"name\":\"Av. Deniz Can K\u0131z\u0131l\",\"description\":\"Avukat Deniz Can K\u0131z\u0131l Antalya Barosu\",\"publisher\":{\"@id\":\"https:\/\/denizcankizil.tr\/#organization\"},\"potentialAction\":[{\"@type\":\"SearchAction\",\"target\":{\"@type\":\"EntryPoint\",\"urlTemplate\":\"https:\/\/denizcankizil.tr\/?s={search_term_string}\"},\"query-input\":{\"@type\":\"PropertyValueSpecification\",\"valueRequired\":true,\"valueName\":\"search_term_string\"}}],\"inLanguage\":\"en-GB\"},{\"@type\":\"Organization\",\"@id\":\"https:\/\/denizcankizil.tr\/#organization\",\"name\":\"Av. Deniz Can K\u0131z\u0131l\",\"url\":\"https:\/\/denizcankizil.tr\/\",\"logo\":{\"@type\":\"ImageObject\",\"inLanguage\":\"en-GB\",\"@id\":\"https:\/\/denizcankizil.tr\/#\/schema\/logo\/image\/\",\"url\":\"https:\/\/denizcankizil.tr\/wp-content\/uploads\/2024\/10\/siyah-logo-svg.svg\",\"contentUrl\":\"https:\/\/denizcankizil.tr\/wp-content\/uploads\/2024\/10\/siyah-logo-svg.svg\",\"width\":1080,\"height\":1080,\"caption\":\"Av. Deniz Can K\u0131z\u0131l\"},\"image\":{\"@id\":\"https:\/\/denizcankizil.tr\/#\/schema\/logo\/image\/\"}},{\"@type\":\"Person\",\"@id\":\"https:\/\/denizcankizil.tr\/#\/schema\/person\/5dc1b22991bd7ac833867c10afc9b0ff\",\"name\":\"Av. Deniz Can K\u0131z\u0131l\",\"image\":{\"@type\":\"ImageObject\",\"inLanguage\":\"en-GB\",\"@id\":\"https:\/\/denizcankizil.tr\/#\/schema\/person\/image\/\",\"url\":\"https:\/\/secure.gravatar.com\/avatar\/a0b128fb9855c79efc976d5640eedb31dc35ec297594d6016d2cf7c60e975bb6?s=96&d=mm&r=g\",\"contentUrl\":\"https:\/\/secure.gravatar.com\/avatar\/a0b128fb9855c79efc976d5640eedb31dc35ec297594d6016d2cf7c60e975bb6?s=96&d=mm&r=g\",\"caption\":\"Av. Deniz Can K\u0131z\u0131l\"},\"sameAs\":[\"http:\/\/www.denizcankizil.tr\"],\"url\":\"https:\/\/denizcankizil.tr\/en\/author\/denizcankizil\/\"}]}<\/script>\n<!-- \/ Yoast SEO Premium plugin. -->","yoast_head_json":{"title":"\u0130cra Memurunun \u0130cra Emrini G\u00f6ndermemesi: Hukuki Sonu\u00e7lar - Av. Deniz Can K\u0131z\u0131l","robots":{"index":"index","follow":"follow","max-snippet":"max-snippet:-1","max-image-preview":"max-image-preview:large","max-video-preview":"max-video-preview:-1"},"canonical":"https:\/\/denizcankizil.tr\/en\/koseyazilari\/degerlendirme\/icra-memurunun-icra-emrini-gondermemesi-hukuki-sonuclar\/","og_locale":"en_GB","og_type":"article","og_title":"\u0130cra Memurunun \u0130cra Emrini G\u00f6ndermemesi: Hukuki Sonu\u00e7lar","og_description":"\u0130cra memurunun icra emrini g\u00f6ndermemesi, icra takibinin durmas\u0131na yol a\u00e7abilir. Bu durum, alacakl\u0131 a\u00e7\u0131s\u0131ndan hak kayb\u0131na neden olurken, bor\u00e7lu i\u00e7in de icra s\u00fcrecinin uzamas\u0131na sebep olabilir. Hukuki sonu\u00e7lar, icra hukukunun temel ilkeleri \u00e7er\u00e7evesinde de\u011ferlendirilmelidir.","og_url":"https:\/\/denizcankizil.tr\/en\/koseyazilari\/degerlendirme\/icra-memurunun-icra-emrini-gondermemesi-hukuki-sonuclar\/","og_site_name":"Av. Deniz Can K\u0131z\u0131l","article_published_time":"2025-01-17T11:57:30+00:00","og_image":[{"width":800,"height":800,"url":"https:\/\/denizcankizil.tr\/wp-content\/uploads\/2025\/01\/25839-icra-memurunun-icra-emrini-gondermemesi-hukuki-sonuclar.jpg","type":"image\/jpeg"}],"author":"Av. Deniz Can K\u0131z\u0131l","twitter_card":"summary_large_image","twitter_misc":{"Written by":"Av. Deniz Can K\u0131z\u0131l","Estimated reading time":"9 minutes"},"schema":{"@context":"https:\/\/schema.org","@graph":[{"@type":"Article","@id":"https:\/\/denizcankizil.tr\/en\/koseyazilari\/degerlendirme\/icra-memurunun-icra-emrini-gondermemesi-hukuki-sonuclar\/#article","isPartOf":{"@id":"https:\/\/denizcankizil.tr\/en\/koseyazilari\/degerlendirme\/icra-memurunun-icra-emrini-gondermemesi-hukuki-sonuclar\/"},"author":{"name":"Av. Deniz Can K\u0131z\u0131l","@id":"https:\/\/denizcankizil.tr\/#\/schema\/person\/5dc1b22991bd7ac833867c10afc9b0ff"},"headline":"\u0130cra Memurunun \u0130cra Emrini G\u00f6ndermemesi: Hukuki Sonu\u00e7lar","datePublished":"2025-01-17T11:57:30+00:00","mainEntityOfPage":{"@id":"https:\/\/denizcankizil.tr\/en\/koseyazilari\/degerlendirme\/icra-memurunun-icra-emrini-gondermemesi-hukuki-sonuclar\/"},"wordCount":1720,"commentCount":0,"publisher":{"@id":"https:\/\/denizcankizil.tr\/#organization"},"image":{"@id":"https:\/\/denizcankizil.tr\/en\/koseyazilari\/degerlendirme\/icra-memurunun-icra-emrini-gondermemesi-hukuki-sonuclar\/#primaryimage"},"thumbnailUrl":"https:\/\/denizcankizil.tr\/wp-content\/uploads\/2025\/01\/25839-icra-memurunun-icra-emrini-gondermemesi-hukuki-sonuclar.jpg","articleSection":["De\u011ferlendirme"],"inLanguage":"en-GB","potentialAction":[{"@type":"CommentAction","name":"Comment","target":["https:\/\/denizcankizil.tr\/en\/koseyazilari\/degerlendirme\/icra-memurunun-icra-emrini-gondermemesi-hukuki-sonuclar\/#respond"]}]},{"@type":"WebPage","@id":"https:\/\/denizcankizil.tr\/en\/koseyazilari\/degerlendirme\/icra-memurunun-icra-emrini-gondermemesi-hukuki-sonuclar\/","url":"https:\/\/denizcankizil.tr\/en\/koseyazilari\/degerlendirme\/icra-memurunun-icra-emrini-gondermemesi-hukuki-sonuclar\/","name":"\u0130cra Memurunun \u0130cra Emrini G\u00f6ndermemesi: Hukuki Sonu\u00e7lar - Av. Deniz Can K\u0131z\u0131l","isPartOf":{"@id":"https:\/\/denizcankizil.tr\/#website"},"primaryImageOfPage":{"@id":"https:\/\/denizcankizil.tr\/en\/koseyazilari\/degerlendirme\/icra-memurunun-icra-emrini-gondermemesi-hukuki-sonuclar\/#primaryimage"},"image":{"@id":"https:\/\/denizcankizil.tr\/en\/koseyazilari\/degerlendirme\/icra-memurunun-icra-emrini-gondermemesi-hukuki-sonuclar\/#primaryimage"},"thumbnailUrl":"https:\/\/denizcankizil.tr\/wp-content\/uploads\/2025\/01\/25839-icra-memurunun-icra-emrini-gondermemesi-hukuki-sonuclar.jpg","datePublished":"2025-01-17T11:57:30+00:00","breadcrumb":{"@id":"https:\/\/denizcankizil.tr\/en\/koseyazilari\/degerlendirme\/icra-memurunun-icra-emrini-gondermemesi-hukuki-sonuclar\/#breadcrumb"},"inLanguage":"en-GB","potentialAction":[{"@type":"ReadAction","target":["https:\/\/denizcankizil.tr\/en\/koseyazilari\/degerlendirme\/icra-memurunun-icra-emrini-gondermemesi-hukuki-sonuclar\/"]}]},{"@type":"ImageObject","inLanguage":"en-GB","@id":"https:\/\/denizcankizil.tr\/en\/koseyazilari\/degerlendirme\/icra-memurunun-icra-emrini-gondermemesi-hukuki-sonuclar\/#primaryimage","url":"https:\/\/denizcankizil.tr\/wp-content\/uploads\/2025\/01\/25839-icra-memurunun-icra-emrini-gondermemesi-hukuki-sonuclar.jpg","contentUrl":"https:\/\/denizcankizil.tr\/wp-content\/uploads\/2025\/01\/25839-icra-memurunun-icra-emrini-gondermemesi-hukuki-sonuclar.jpg","width":800,"height":800,"caption":"\u0130cra Memurunun \u0130cra Emrini G\u00f6ndermemesi: Hukuki Sonu\u00e7lar"},{"@type":"BreadcrumbList","@id":"https:\/\/denizcankizil.tr\/en\/koseyazilari\/degerlendirme\/icra-memurunun-icra-emrini-gondermemesi-hukuki-sonuclar\/#breadcrumb","itemListElement":[{"@type":"ListItem","position":1,"name":"Home","item":"https:\/\/denizcankizil.tr\/de\/"},{"@type":"ListItem","position":2,"name":"\u0130cra Memurunun \u0130cra Emrini G\u00f6ndermemesi: Hukuki Sonu\u00e7lar"}]},{"@type":"WebSite","@id":"https:\/\/denizcankizil.tr\/#website","url":"https:\/\/denizcankizil.tr\/","name":"Av. Deniz Can K\u0131z\u0131l","description":"Avukat Deniz Can K\u0131z\u0131l Antalya Barosu","publisher":{"@id":"https:\/\/denizcankizil.tr\/#organization"},"potentialAction":[{"@type":"SearchAction","target":{"@type":"EntryPoint","urlTemplate":"https:\/\/denizcankizil.tr\/?s={search_term_string}"},"query-input":{"@type":"PropertyValueSpecification","valueRequired":true,"valueName":"search_term_string"}}],"inLanguage":"en-GB"},{"@type":"Organization","@id":"https:\/\/denizcankizil.tr\/#organization","name":"Av. Deniz Can K\u0131z\u0131l","url":"https:\/\/denizcankizil.tr\/","logo":{"@type":"ImageObject","inLanguage":"en-GB","@id":"https:\/\/denizcankizil.tr\/#\/schema\/logo\/image\/","url":"https:\/\/denizcankizil.tr\/wp-content\/uploads\/2024\/10\/siyah-logo-svg.svg","contentUrl":"https:\/\/denizcankizil.tr\/wp-content\/uploads\/2024\/10\/siyah-logo-svg.svg","width":1080,"height":1080,"caption":"Av. Deniz Can K\u0131z\u0131l"},"image":{"@id":"https:\/\/denizcankizil.tr\/#\/schema\/logo\/image\/"}},{"@type":"Person","@id":"https:\/\/denizcankizil.tr\/#\/schema\/person\/5dc1b22991bd7ac833867c10afc9b0ff","name":"Av. Deniz Can K\u0131z\u0131l","image":{"@type":"ImageObject","inLanguage":"en-GB","@id":"https:\/\/denizcankizil.tr\/#\/schema\/person\/image\/","url":"https:\/\/secure.gravatar.com\/avatar\/a0b128fb9855c79efc976d5640eedb31dc35ec297594d6016d2cf7c60e975bb6?s=96&d=mm&r=g","contentUrl":"https:\/\/secure.gravatar.com\/avatar\/a0b128fb9855c79efc976d5640eedb31dc35ec297594d6016d2cf7c60e975bb6?s=96&d=mm&r=g","caption":"Av. Deniz Can K\u0131z\u0131l"},"sameAs":["http:\/\/www.denizcankizil.tr"],"url":"https:\/\/denizcankizil.tr\/en\/author\/denizcankizil\/"}]}},"_links":{"self":[{"href":"https:\/\/denizcankizil.tr\/en\/wp-json\/wp\/v2\/posts\/25839","targetHints":{"allow":["GET"]}}],"collection":[{"href":"https:\/\/denizcankizil.tr\/en\/wp-json\/wp\/v2\/posts"}],"about":[{"href":"https:\/\/denizcankizil.tr\/en\/wp-json\/wp\/v2\/types\/post"}],"author":[{"embeddable":true,"href":"https:\/\/denizcankizil.tr\/en\/wp-json\/wp\/v2\/users\/4"}],"replies":[{"embeddable":true,"href":"https:\/\/denizcankizil.tr\/en\/wp-json\/wp\/v2\/comments?post=25839"}],"version-history":[{"count":0,"href":"https:\/\/denizcankizil.tr\/en\/wp-json\/wp\/v2\/posts\/25839\/revisions"}],"wp:featuredmedia":[{"embeddable":true,"href":"https:\/\/denizcankizil.tr\/en\/wp-json\/wp\/v2\/media\/25840"}],"wp:attachment":[{"href":"https:\/\/denizcankizil.tr\/en\/wp-json\/wp\/v2\/media?parent=25839"}],"wp:term":[{"taxonomy":"category","embeddable":true,"href":"https:\/\/denizcankizil.tr\/en\/wp-json\/wp\/v2\/categories?post=25839"},{"taxonomy":"post_tag","embeddable":true,"href":"https:\/\/denizcankizil.tr\/en\/wp-json\/wp\/v2\/tags?post=25839"}],"curies":[{"name":"wp","href":"https:\/\/api.w.org\/{rel}","templated":true}]}}