{"id":25675,"date":"2025-01-16T16:41:16","date_gmt":"2025-01-16T13:41:16","guid":{"rendered":"https:\/\/denizcankizil.tr\/uncategorized-tr\/konyaalti-spor-kurslari-basliyor\/"},"modified":"2025-01-16T16:41:16","modified_gmt":"2025-01-16T13:41:16","slug":"konyaalti-spor-kurslari-basliyor","status":"publish","type":"post","link":"https:\/\/denizcankizil.tr\/en\/haberler\/antalya\/konyaalti-spor-kurslari-basliyor\/","title":{"rendered":"Konyaalt\u0131 spor kurslar\u0131 ba\u015fl\u0131yor"},"content":{"rendered":"<p>Konyaalt\u0131 Belediyesi, \u00e7ocuklar\u0131n ve yeti\u015fkinlerin uzman e\u011fitmenler e\u015fli\u011finde spor yapmas\u0131n\u0131 sa\u011flayacak 9 farkl\u0131 bran\u015fta kurs d\u00fczenliyor. Kurslar; futbol, basketbol, tenis, oryantiring, yoga, e\u011fitsel oyunlar, sabah sporu, pilates ve g\u00fcre\u015f bran\u015flar\u0131nda ger\u00e7ekle\u015fecek.<\/p>\n<p>\u0130lk d\u00f6nemden b\u00fcy\u00fck ilgi<br \/>\nKonyaalt\u0131 Belediyesi, spor kurslar\u0131n\u0131n ilk d\u00f6neminde 5 farkl\u0131 bran\u015fta 511 \u00e7ocu\u011fu sporla bulu\u015fturdu. Ayr\u0131ca 9 bran\u015fta bin 20 yeti\u015fkin spora ba\u015flad\u0131. Belediye, 9 farkl\u0131 mahallede d\u00fczenledi\u011fi sabah sporu etkinlikleriyle de b\u00fcy\u00fck ilgi g\u00f6rd\u00fc.<br \/>\nBahar d\u00f6nemiyle birlikte daha fazla vatanda\u015fa ula\u015fmay\u0131 hedefleyen Konyaalt\u0131 Belediyesi, spor kurslar\u0131n\u0131n kapsam\u0131n\u0131 geni\u015fletiyor ve kat\u0131l\u0131mc\u0131lar\u0131n hem bedensel hem de ruhsal sa\u011fl\u0131\u011f\u0131na katk\u0131 sa\u011flamay\u0131 ama\u00e7l\u0131yor.<\/p>\n<p>Kaynak: www.kanalv.com.tr Haber Sitesinden Al\u0131nm\u0131\u015ft\u0131r.<\/p>","protected":false},"excerpt":{"rendered":"<p>Konyaalt\u0131 Belediyesi, \u00e7ocuklar\u0131n ve yeti\u015fkinlerin uzman e\u011fitmenler e\u015fli\u011finde spor yapmas\u0131n\u0131 sa\u011flayacak 9 farkl\u0131 bran\u015fta kurs d\u00fczenliyor. Kurslar; futbol, basketbol, tenis, oryantiring, yoga, e\u011fitsel oyunlar, sabah sporu, pilates ve g\u00fcre\u015f bran\u015flar\u0131nda ger\u00e7ekle\u015fecek. \u0130lk d\u00f6nemden b\u00fcy\u00fck ilgi Konyaalt\u0131 Belediyesi, spor kurslar\u0131n\u0131n ilk d\u00f6neminde 5 farkl\u0131 bran\u015fta 511 \u00e7ocu\u011fu sporla bulu\u015fturdu. Ayr\u0131ca 9 bran\u015fta bin 20 yeti\u015fkin spora ba\u015flad\u0131. Belediye, 9 farkl\u0131 mahallede d\u00fczenledi\u011fi sabah sporu etkinlikleriyle de b\u00fcy\u00fck ilgi g\u00f6rd\u00fc. Bahar d\u00f6nemiyle birlikte daha fazla vatanda\u015fa ula\u015fmay\u0131 hedefleyen Konyaalt\u0131 Belediyesi, spor kurslar\u0131n\u0131n kapsam\u0131n\u0131 geni\u015fletiyor ve kat\u0131l\u0131mc\u0131lar\u0131n hem bedensel hem de ruhsal sa\u011fl\u0131\u011f\u0131na katk\u0131 sa\u011flamay\u0131 ama\u00e7l\u0131yor. Kaynak: www.kanalv.com.tr Haber Sitesinden Al\u0131nm\u0131\u015ft\u0131r.<\/p>","protected":false},"author":4,"featured_media":25676,"comment_status":"open","ping_status":"open","sticky":false,"template":"","format":"standard","meta":{"_acf_changed":false,"footnotes":""},"categories":[26],"tags":[],"class_list":["post-25675","post","type-post","status-publish","format-standard","has-post-thumbnail","hentry","category-antalya"],"acf":[],"yoast_head":"<!-- This site is optimized with the Yoast SEO Premium plugin v26.6 (Yoast SEO v27.1.1) - https:\/\/yoast.com\/product\/yoast-seo-premium-wordpress\/ -->\n<title>Konyaalt\u0131 spor kurslar\u0131 ba\u015fl\u0131yor - Av. Deniz Can K\u0131z\u0131l<\/title>\n<meta name=\"robots\" content=\"index, follow, max-snippet:-1, max-image-preview:large, max-video-preview:-1\" \/>\n<link rel=\"canonical\" href=\"https:\/\/denizcankizil.tr\/en\/haberler\/antalya\/konyaalti-spor-kurslari-basliyor\/\" \/>\n<meta property=\"og:locale\" content=\"en_GB\" \/>\n<meta property=\"og:type\" content=\"article\" \/>\n<meta property=\"og:title\" content=\"Konyaalt\u0131 spor kurslar\u0131 ba\u015fl\u0131yor\" \/>\n<meta property=\"og:description\" content=\"Konyaalt\u0131 Belediyesi, \u00e7ocuklar\u0131n ve yeti\u015fkinlerin uzman e\u011fitmenler e\u015fli\u011finde spor yapmas\u0131n\u0131 sa\u011flayacak 9 farkl\u0131 bran\u015fta kurs d\u00fczenliyor. Kurslar; futbol, basketbol, tenis, oryantiring, yoga, e\u011fitsel oyunlar, sabah sporu, pilates ve g\u00fcre\u015f bran\u015flar\u0131nda ger\u00e7ekle\u015fecek. \u0130lk d\u00f6nemden b\u00fcy\u00fck ilgi Konyaalt\u0131 Belediyesi, spor kurslar\u0131n\u0131n ilk d\u00f6neminde 5 farkl\u0131 bran\u015fta 511 \u00e7ocu\u011fu sporla bulu\u015fturdu. Ayr\u0131ca 9 bran\u015fta bin 20 yeti\u015fkin spora ba\u015flad\u0131. Belediye, 9 farkl\u0131 mahallede d\u00fczenledi\u011fi sabah sporu etkinlikleriyle de b\u00fcy\u00fck ilgi g\u00f6rd\u00fc. Bahar d\u00f6nemiyle birlikte daha fazla vatanda\u015fa ula\u015fmay\u0131 hedefleyen Konyaalt\u0131 Belediyesi, spor kurslar\u0131n\u0131n kapsam\u0131n\u0131 geni\u015fletiyor ve kat\u0131l\u0131mc\u0131lar\u0131n hem bedensel hem de ruhsal sa\u011fl\u0131\u011f\u0131na katk\u0131 sa\u011flamay\u0131 ama\u00e7l\u0131yor. Kaynak: www.kanalv.com.tr Haber Sitesinden Al\u0131nm\u0131\u015ft\u0131r.\" \/>\n<meta property=\"og:url\" content=\"https:\/\/denizcankizil.tr\/en\/haberler\/antalya\/konyaalti-spor-kurslari-basliyor\/\" \/>\n<meta property=\"og:site_name\" content=\"Av. Deniz Can K\u0131z\u0131l\" \/>\n<meta property=\"article:published_time\" content=\"2025-01-16T13:41:16+00:00\" \/>\n<meta property=\"og:image\" content=\"https:\/\/denizcankizil.tr\/wp-content\/uploads\/2025\/01\/4190-01-IwEXb4.jpeg\" \/>\n\t<meta property=\"og:image:width\" content=\"1280\" \/>\n\t<meta property=\"og:image:height\" content=\"720\" \/>\n\t<meta property=\"og:image:type\" content=\"image\/jpeg\" \/>\n<meta name=\"author\" content=\"Av. Deniz Can K\u0131z\u0131l\" \/>\n<meta name=\"twitter:card\" content=\"summary_large_image\" \/>\n<meta name=\"twitter:label1\" content=\"Written by\" \/>\n\t<meta name=\"twitter:data1\" content=\"Av. Deniz Can K\u0131z\u0131l\" \/>\n\t<meta name=\"twitter:label2\" content=\"Estimated reading time\" \/>\n\t<meta name=\"twitter:data2\" content=\"1 minute\" \/>\n<script type=\"application\/ld+json\" class=\"yoast-schema-graph\">{\"@context\":\"https:\/\/schema.org\",\"@graph\":[{\"@type\":\"Article\",\"@id\":\"https:\/\/denizcankizil.tr\/en\/haberler\/antalya\/konyaalti-spor-kurslari-basliyor\/#article\",\"isPartOf\":{\"@id\":\"https:\/\/denizcankizil.tr\/en\/haberler\/antalya\/konyaalti-spor-kurslari-basliyor\/\"},\"author\":{\"name\":\"Av. Deniz Can K\u0131z\u0131l\",\"@id\":\"https:\/\/denizcankizil.tr\/de\/#\/schema\/person\/5dc1b22991bd7ac833867c10afc9b0ff\"},\"headline\":\"Konyaalt\u0131 spor kurslar\u0131 ba\u015fl\u0131yor\",\"datePublished\":\"2025-01-16T13:41:16+00:00\",\"mainEntityOfPage\":{\"@id\":\"https:\/\/denizcankizil.tr\/en\/haberler\/antalya\/konyaalti-spor-kurslari-basliyor\/\"},\"wordCount\":153,\"commentCount\":0,\"publisher\":{\"@id\":\"https:\/\/denizcankizil.tr\/de\/#organization\"},\"image\":{\"@id\":\"https:\/\/denizcankizil.tr\/en\/haberler\/antalya\/konyaalti-spor-kurslari-basliyor\/#primaryimage\"},\"thumbnailUrl\":\"https:\/\/denizcankizil.tr\/wp-content\/uploads\/2025\/01\/4190-01-IwEXb4.jpeg\",\"articleSection\":[\"Antalya\"],\"inLanguage\":\"en-GB\",\"potentialAction\":[{\"@type\":\"CommentAction\",\"name\":\"Comment\",\"target\":[\"https:\/\/denizcankizil.tr\/en\/haberler\/antalya\/konyaalti-spor-kurslari-basliyor\/#respond\"]}]},{\"@type\":\"WebPage\",\"@id\":\"https:\/\/denizcankizil.tr\/en\/haberler\/antalya\/konyaalti-spor-kurslari-basliyor\/\",\"url\":\"https:\/\/denizcankizil.tr\/en\/haberler\/antalya\/konyaalti-spor-kurslari-basliyor\/\",\"name\":\"Konyaalt\u0131 spor kurslar\u0131 ba\u015fl\u0131yor - Av. Deniz Can K\u0131z\u0131l\",\"isPartOf\":{\"@id\":\"https:\/\/denizcankizil.tr\/de\/#website\"},\"primaryImageOfPage\":{\"@id\":\"https:\/\/denizcankizil.tr\/en\/haberler\/antalya\/konyaalti-spor-kurslari-basliyor\/#primaryimage\"},\"image\":{\"@id\":\"https:\/\/denizcankizil.tr\/en\/haberler\/antalya\/konyaalti-spor-kurslari-basliyor\/#primaryimage\"},\"thumbnailUrl\":\"https:\/\/denizcankizil.tr\/wp-content\/uploads\/2025\/01\/4190-01-IwEXb4.jpeg\",\"datePublished\":\"2025-01-16T13:41:16+00:00\",\"breadcrumb\":{\"@id\":\"https:\/\/denizcankizil.tr\/en\/haberler\/antalya\/konyaalti-spor-kurslari-basliyor\/#breadcrumb\"},\"inLanguage\":\"en-GB\",\"potentialAction\":[{\"@type\":\"ReadAction\",\"target\":[\"https:\/\/denizcankizil.tr\/en\/haberler\/antalya\/konyaalti-spor-kurslari-basliyor\/\"]}]},{\"@type\":\"ImageObject\",\"inLanguage\":\"en-GB\",\"@id\":\"https:\/\/denizcankizil.tr\/en\/haberler\/antalya\/konyaalti-spor-kurslari-basliyor\/#primaryimage\",\"url\":\"https:\/\/denizcankizil.tr\/wp-content\/uploads\/2025\/01\/4190-01-IwEXb4.jpeg\",\"contentUrl\":\"https:\/\/denizcankizil.tr\/wp-content\/uploads\/2025\/01\/4190-01-IwEXb4.jpeg\",\"width\":1280,\"height\":720},{\"@type\":\"BreadcrumbList\",\"@id\":\"https:\/\/denizcankizil.tr\/en\/haberler\/antalya\/konyaalti-spor-kurslari-basliyor\/#breadcrumb\",\"itemListElement\":[{\"@type\":\"ListItem\",\"position\":1,\"name\":\"Home\",\"item\":\"https:\/\/denizcankizil.tr\/de\/\"},{\"@type\":\"ListItem\",\"position\":2,\"name\":\"Konyaalt\u0131 spor kurslar\u0131 ba\u015fl\u0131yor\"}]},{\"@type\":\"WebSite\",\"@id\":\"https:\/\/denizcankizil.tr\/de\/#website\",\"url\":\"https:\/\/denizcankizil.tr\/de\/\",\"name\":\"Av. Deniz Can K\u0131z\u0131l\",\"description\":\"Avukat Deniz Can K\u0131z\u0131l Antalya Barosu\",\"publisher\":{\"@id\":\"https:\/\/denizcankizil.tr\/de\/#organization\"},\"potentialAction\":[{\"@type\":\"SearchAction\",\"target\":{\"@type\":\"EntryPoint\",\"urlTemplate\":\"https:\/\/denizcankizil.tr\/de\/?s={search_term_string}\"},\"query-input\":{\"@type\":\"PropertyValueSpecification\",\"valueRequired\":true,\"valueName\":\"search_term_string\"}}],\"inLanguage\":\"en-GB\"},{\"@type\":\"Organization\",\"@id\":\"https:\/\/denizcankizil.tr\/de\/#organization\",\"name\":\"Av. Deniz Can K\u0131z\u0131l\",\"url\":\"https:\/\/denizcankizil.tr\/de\/\",\"logo\":{\"@type\":\"ImageObject\",\"inLanguage\":\"en-GB\",\"@id\":\"https:\/\/denizcankizil.tr\/de\/#\/schema\/logo\/image\/\",\"url\":\"https:\/\/denizcankizil.tr\/wp-content\/uploads\/2024\/10\/siyah-logo-svg.svg\",\"contentUrl\":\"https:\/\/denizcankizil.tr\/wp-content\/uploads\/2024\/10\/siyah-logo-svg.svg\",\"width\":1080,\"height\":1080,\"caption\":\"Av. Deniz Can K\u0131z\u0131l\"},\"image\":{\"@id\":\"https:\/\/denizcankizil.tr\/de\/#\/schema\/logo\/image\/\"}},{\"@type\":\"Person\",\"@id\":\"https:\/\/denizcankizil.tr\/de\/#\/schema\/person\/5dc1b22991bd7ac833867c10afc9b0ff\",\"name\":\"Av. Deniz Can K\u0131z\u0131l\",\"image\":{\"@type\":\"ImageObject\",\"inLanguage\":\"en-GB\",\"@id\":\"https:\/\/denizcankizil.tr\/de\/#\/schema\/person\/image\/\",\"url\":\"https:\/\/secure.gravatar.com\/avatar\/a0b128fb9855c79efc976d5640eedb31dc35ec297594d6016d2cf7c60e975bb6?s=96&d=mm&r=g\",\"contentUrl\":\"https:\/\/secure.gravatar.com\/avatar\/a0b128fb9855c79efc976d5640eedb31dc35ec297594d6016d2cf7c60e975bb6?s=96&d=mm&r=g\",\"caption\":\"Av. Deniz Can K\u0131z\u0131l\"},\"sameAs\":[\"http:\/\/www.denizcankizil.tr\"],\"url\":\"https:\/\/denizcankizil.tr\/en\/author\/denizcankizil\/\"}]}<\/script>\n<!-- \/ Yoast SEO Premium plugin. -->","yoast_head_json":{"title":"Konyaalt\u0131 spor kurslar\u0131 ba\u015fl\u0131yor - Av. Deniz Can K\u0131z\u0131l","robots":{"index":"index","follow":"follow","max-snippet":"max-snippet:-1","max-image-preview":"max-image-preview:large","max-video-preview":"max-video-preview:-1"},"canonical":"https:\/\/denizcankizil.tr\/en\/haberler\/antalya\/konyaalti-spor-kurslari-basliyor\/","og_locale":"en_GB","og_type":"article","og_title":"Konyaalt\u0131 spor kurslar\u0131 ba\u015fl\u0131yor","og_description":"Konyaalt\u0131 Belediyesi, \u00e7ocuklar\u0131n ve yeti\u015fkinlerin uzman e\u011fitmenler e\u015fli\u011finde spor yapmas\u0131n\u0131 sa\u011flayacak 9 farkl\u0131 bran\u015fta kurs d\u00fczenliyor. Kurslar; futbol, basketbol, tenis, oryantiring, yoga, e\u011fitsel oyunlar, sabah sporu, pilates ve g\u00fcre\u015f bran\u015flar\u0131nda ger\u00e7ekle\u015fecek. \u0130lk d\u00f6nemden b\u00fcy\u00fck ilgi Konyaalt\u0131 Belediyesi, spor kurslar\u0131n\u0131n ilk d\u00f6neminde 5 farkl\u0131 bran\u015fta 511 \u00e7ocu\u011fu sporla bulu\u015fturdu. Ayr\u0131ca 9 bran\u015fta bin 20 yeti\u015fkin spora ba\u015flad\u0131. Belediye, 9 farkl\u0131 mahallede d\u00fczenledi\u011fi sabah sporu etkinlikleriyle de b\u00fcy\u00fck ilgi g\u00f6rd\u00fc. Bahar d\u00f6nemiyle birlikte daha fazla vatanda\u015fa ula\u015fmay\u0131 hedefleyen Konyaalt\u0131 Belediyesi, spor kurslar\u0131n\u0131n kapsam\u0131n\u0131 geni\u015fletiyor ve kat\u0131l\u0131mc\u0131lar\u0131n hem bedensel hem de ruhsal sa\u011fl\u0131\u011f\u0131na katk\u0131 sa\u011flamay\u0131 ama\u00e7l\u0131yor. Kaynak: www.kanalv.com.tr Haber Sitesinden Al\u0131nm\u0131\u015ft\u0131r.","og_url":"https:\/\/denizcankizil.tr\/en\/haberler\/antalya\/konyaalti-spor-kurslari-basliyor\/","og_site_name":"Av. Deniz Can K\u0131z\u0131l","article_published_time":"2025-01-16T13:41:16+00:00","og_image":[{"width":1280,"height":720,"url":"https:\/\/denizcankizil.tr\/wp-content\/uploads\/2025\/01\/4190-01-IwEXb4.jpeg","type":"image\/jpeg"}],"author":"Av. Deniz Can K\u0131z\u0131l","twitter_card":"summary_large_image","twitter_misc":{"Written by":"Av. Deniz Can K\u0131z\u0131l","Estimated reading time":"1 minute"},"schema":{"@context":"https:\/\/schema.org","@graph":[{"@type":"Article","@id":"https:\/\/denizcankizil.tr\/en\/haberler\/antalya\/konyaalti-spor-kurslari-basliyor\/#article","isPartOf":{"@id":"https:\/\/denizcankizil.tr\/en\/haberler\/antalya\/konyaalti-spor-kurslari-basliyor\/"},"author":{"name":"Av. Deniz Can K\u0131z\u0131l","@id":"https:\/\/denizcankizil.tr\/de\/#\/schema\/person\/5dc1b22991bd7ac833867c10afc9b0ff"},"headline":"Konyaalt\u0131 spor kurslar\u0131 ba\u015fl\u0131yor","datePublished":"2025-01-16T13:41:16+00:00","mainEntityOfPage":{"@id":"https:\/\/denizcankizil.tr\/en\/haberler\/antalya\/konyaalti-spor-kurslari-basliyor\/"},"wordCount":153,"commentCount":0,"publisher":{"@id":"https:\/\/denizcankizil.tr\/de\/#organization"},"image":{"@id":"https:\/\/denizcankizil.tr\/en\/haberler\/antalya\/konyaalti-spor-kurslari-basliyor\/#primaryimage"},"thumbnailUrl":"https:\/\/denizcankizil.tr\/wp-content\/uploads\/2025\/01\/4190-01-IwEXb4.jpeg","articleSection":["Antalya"],"inLanguage":"en-GB","potentialAction":[{"@type":"CommentAction","name":"Comment","target":["https:\/\/denizcankizil.tr\/en\/haberler\/antalya\/konyaalti-spor-kurslari-basliyor\/#respond"]}]},{"@type":"WebPage","@id":"https:\/\/denizcankizil.tr\/en\/haberler\/antalya\/konyaalti-spor-kurslari-basliyor\/","url":"https:\/\/denizcankizil.tr\/en\/haberler\/antalya\/konyaalti-spor-kurslari-basliyor\/","name":"Konyaalt\u0131 spor kurslar\u0131 ba\u015fl\u0131yor - Av. Deniz Can K\u0131z\u0131l","isPartOf":{"@id":"https:\/\/denizcankizil.tr\/de\/#website"},"primaryImageOfPage":{"@id":"https:\/\/denizcankizil.tr\/en\/haberler\/antalya\/konyaalti-spor-kurslari-basliyor\/#primaryimage"},"image":{"@id":"https:\/\/denizcankizil.tr\/en\/haberler\/antalya\/konyaalti-spor-kurslari-basliyor\/#primaryimage"},"thumbnailUrl":"https:\/\/denizcankizil.tr\/wp-content\/uploads\/2025\/01\/4190-01-IwEXb4.jpeg","datePublished":"2025-01-16T13:41:16+00:00","breadcrumb":{"@id":"https:\/\/denizcankizil.tr\/en\/haberler\/antalya\/konyaalti-spor-kurslari-basliyor\/#breadcrumb"},"inLanguage":"en-GB","potentialAction":[{"@type":"ReadAction","target":["https:\/\/denizcankizil.tr\/en\/haberler\/antalya\/konyaalti-spor-kurslari-basliyor\/"]}]},{"@type":"ImageObject","inLanguage":"en-GB","@id":"https:\/\/denizcankizil.tr\/en\/haberler\/antalya\/konyaalti-spor-kurslari-basliyor\/#primaryimage","url":"https:\/\/denizcankizil.tr\/wp-content\/uploads\/2025\/01\/4190-01-IwEXb4.jpeg","contentUrl":"https:\/\/denizcankizil.tr\/wp-content\/uploads\/2025\/01\/4190-01-IwEXb4.jpeg","width":1280,"height":720},{"@type":"BreadcrumbList","@id":"https:\/\/denizcankizil.tr\/en\/haberler\/antalya\/konyaalti-spor-kurslari-basliyor\/#breadcrumb","itemListElement":[{"@type":"ListItem","position":1,"name":"Home","item":"https:\/\/denizcankizil.tr\/de\/"},{"@type":"ListItem","position":2,"name":"Konyaalt\u0131 spor kurslar\u0131 ba\u015fl\u0131yor"}]},{"@type":"WebSite","@id":"https:\/\/denizcankizil.tr\/de\/#website","url":"https:\/\/denizcankizil.tr\/de\/","name":"Av. Deniz Can K\u0131z\u0131l","description":"Avukat Deniz Can K\u0131z\u0131l Antalya Barosu","publisher":{"@id":"https:\/\/denizcankizil.tr\/de\/#organization"},"potentialAction":[{"@type":"SearchAction","target":{"@type":"EntryPoint","urlTemplate":"https:\/\/denizcankizil.tr\/de\/?s={search_term_string}"},"query-input":{"@type":"PropertyValueSpecification","valueRequired":true,"valueName":"search_term_string"}}],"inLanguage":"en-GB"},{"@type":"Organization","@id":"https:\/\/denizcankizil.tr\/de\/#organization","name":"Av. Deniz Can K\u0131z\u0131l","url":"https:\/\/denizcankizil.tr\/de\/","logo":{"@type":"ImageObject","inLanguage":"en-GB","@id":"https:\/\/denizcankizil.tr\/de\/#\/schema\/logo\/image\/","url":"https:\/\/denizcankizil.tr\/wp-content\/uploads\/2024\/10\/siyah-logo-svg.svg","contentUrl":"https:\/\/denizcankizil.tr\/wp-content\/uploads\/2024\/10\/siyah-logo-svg.svg","width":1080,"height":1080,"caption":"Av. Deniz Can K\u0131z\u0131l"},"image":{"@id":"https:\/\/denizcankizil.tr\/de\/#\/schema\/logo\/image\/"}},{"@type":"Person","@id":"https:\/\/denizcankizil.tr\/de\/#\/schema\/person\/5dc1b22991bd7ac833867c10afc9b0ff","name":"Av. Deniz Can K\u0131z\u0131l","image":{"@type":"ImageObject","inLanguage":"en-GB","@id":"https:\/\/denizcankizil.tr\/de\/#\/schema\/person\/image\/","url":"https:\/\/secure.gravatar.com\/avatar\/a0b128fb9855c79efc976d5640eedb31dc35ec297594d6016d2cf7c60e975bb6?s=96&d=mm&r=g","contentUrl":"https:\/\/secure.gravatar.com\/avatar\/a0b128fb9855c79efc976d5640eedb31dc35ec297594d6016d2cf7c60e975bb6?s=96&d=mm&r=g","caption":"Av. Deniz Can K\u0131z\u0131l"},"sameAs":["http:\/\/www.denizcankizil.tr"],"url":"https:\/\/denizcankizil.tr\/en\/author\/denizcankizil\/"}]}},"_links":{"self":[{"href":"https:\/\/denizcankizil.tr\/en\/wp-json\/wp\/v2\/posts\/25675","targetHints":{"allow":["GET"]}}],"collection":[{"href":"https:\/\/denizcankizil.tr\/en\/wp-json\/wp\/v2\/posts"}],"about":[{"href":"https:\/\/denizcankizil.tr\/en\/wp-json\/wp\/v2\/types\/post"}],"author":[{"embeddable":true,"href":"https:\/\/denizcankizil.tr\/en\/wp-json\/wp\/v2\/users\/4"}],"replies":[{"embeddable":true,"href":"https:\/\/denizcankizil.tr\/en\/wp-json\/wp\/v2\/comments?post=25675"}],"version-history":[{"count":0,"href":"https:\/\/denizcankizil.tr\/en\/wp-json\/wp\/v2\/posts\/25675\/revisions"}],"wp:featuredmedia":[{"embeddable":true,"href":"https:\/\/denizcankizil.tr\/en\/wp-json\/wp\/v2\/media\/25676"}],"wp:attachment":[{"href":"https:\/\/denizcankizil.tr\/en\/wp-json\/wp\/v2\/media?parent=25675"}],"wp:term":[{"taxonomy":"category","embeddable":true,"href":"https:\/\/denizcankizil.tr\/en\/wp-json\/wp\/v2\/categories?post=25675"},{"taxonomy":"post_tag","embeddable":true,"href":"https:\/\/denizcankizil.tr\/en\/wp-json\/wp\/v2\/tags?post=25675"}],"curies":[{"name":"wp","href":"https:\/\/api.w.org\/{rel}","templated":true}]}}