{"id":25667,"date":"2025-01-16T15:33:00","date_gmt":"2025-01-16T12:33:00","guid":{"rendered":"https:\/\/denizcankizil.tr\/uncategorized-tr\/aymnin-2021-28305-basvuru-numarali-karari\/"},"modified":"2025-01-16T15:33:00","modified_gmt":"2025-01-16T12:33:00","slug":"aymnin-2021-28305-basvuru-numarali-karari","status":"publish","type":"post","link":"https:\/\/denizcankizil.tr\/en\/hukukihaber\/aymnin-2021-28305-basvuru-numarali-karari\/","title":{"rendered":"AYM&#8217;nin 2021\/28305 ba\u015fvuru numaral\u0131 karar\u0131"},"content":{"rendered":"<p>T\u00dcRK\u0130YE CUMHUR\u0130YET\u0130<\/p>\n<p>   ANAYASA MAHKEMES\u0130<\/p>\n<p>   \u00a0<\/p>\n<p>   \u00a0<\/p>\n<p>   B\u0130R\u0130NC\u0130 B\u00d6L\u00dcM<\/p>\n<p>   \u00a0<\/p>\n<p>   KARAR<\/p>\n<p>   \u00a0<\/p>\n<p>   GUNAY NAHMADOVA VE D\u0130\u011eERLER\u0130 BA\u015eVURUSU<\/p>\n<p>   (Ba\u015fvuru Numaras\u0131: 2021\/28305)<\/p>\n<p>   \u00a0<\/p>\n<p>   Karar Tarihi: 28\/11\/2024<\/p>\n<p>   B\u0130R\u0130NC\u0130 B\u00d6L\u00dcM<\/p>\n<p>   \u00a0<\/p>\n<p>   KARAR<\/p>\n<p>   \u00a0<\/p>\n<p>   Ba\u015fkan<\/p>\n<p>   :<\/p>\n<p>   Hasan Tahsin G\u00d6KCAN<\/p>\n<p>   \u00dcyeler<\/p>\n<p>   :<\/p>\n<p>   Recai AKYEL<\/p>\n<p>   \u00a0<\/p>\n<p>   \u00a0<\/p>\n<p>   Yusuf \u015eevki HAKYEMEZ<\/p>\n<p>   \u00a0<\/p>\n<p>   \u00a0<\/p>\n<p>   \u0130rfan F\u0130DAN<\/p>\n<p>   \u00a0<\/p>\n<p>   \u00a0<\/p>\n<p>   Y\u0131lmaz AK\u00c7\u0130L<\/p>\n<p>   Raport\u00f6r<\/p>\n<p>   :<\/p>\n<p>   Kamber Ozan TUTAL<\/p>\n<p>   Ba\u015fvurucular<\/p>\n<p>   :<\/p>\n<p>   1. Gunay NAHMADOVA<\/p>\n<p>   \u00a0<\/p>\n<p>   \u00a0<\/p>\n<p>   2. Mekked\u0131n MORINA<\/p>\n<p>   \u00a0<\/p>\n<p>   \u00a0<\/p>\n<p>   3. Mohammad AMIRY<\/p>\n<p>   Ba\u015fvurucular Vekili<\/p>\n<p>   :<\/p>\n<p>   Av. Ahmet \u00c7a\u011fr\u0131 \u00c7ET\u0130N<\/p>\n<p>\u00a0<\/p>\n<p>I. BA\u015eVURUNUN \u00d6ZET\u0130<\/p>\n<p>1. Ba\u015fvuru, yabanc\u0131 uyruklu t\u0131pta uzmanl\u0131k \u00f6\u011frencilerine d\u00f6ner sermaye ek \u00f6demesi yap\u0131lmamas\u0131 nedeniyle m\u00fclkiyet hakk\u0131yla ba\u011flant\u0131l\u0131 olarak ayr\u0131mc\u0131l\u0131k yasa\u011f\u0131n\u0131n ihlal edildi\u011fi iddias\u0131na ili\u015fkindir.<\/p>\n<p>2. Yabanc\u0131 uyruklu olan ba\u015fvurucular, Tekirda\u011f Nam\u0131k Kemal \u00dcniversitesi Sa\u011fl\u0131k Uygulama ve Ara\u015ft\u0131rma Hastanesinde yabanc\u0131 uyruklu kontenjan\u0131ndan t\u0131pta uzmanl\u0131k \u00f6\u011frenimi g\u00f6rmektedir.<\/p>\n<p>3. 4\/1\/1961 tarihli ve 209 say\u0131l\u0131 Sa\u011fl\u0131k Bakanl\u0131\u011f\u0131na Ba\u011fl\u0131 Sa\u011fl\u0131k Kurumlar\u0131 ile Esenlendirme (Rehabilitasyon) Tesislerine Verilecek D\u00f6ner Sermaye Hakk\u0131nda Kanun&#8217;un 5. maddesi ile 4\/11\/1981 tarihli ve 2547 say\u0131l\u0131 Y\u00fcksek\u00f6\u011fretim Kanunu&#8217;nun 58. maddesi kapsam\u0131nda t\u0131pta uzmanl\u0131k \u00f6\u011frencilerine yap\u0131lan d\u00f6ner sermaye ek \u00f6demesinden ba\u015fvurucular yararland\u0131r\u0131lmamaktad\u0131r.<\/p>\n<p>4. Ba\u015fvurucular, \u00e7al\u0131\u015ft\u0131klar\u0131 kuruma muhtelif tarihlerde ba\u015fvurmu\u015f; d\u00f6ner sermaye geliri olarak yap\u0131lan ek \u00f6demeden kendilerinin de yararland\u0131r\u0131lmas\u0131n\u0131 talep etmi\u015ftir. \u0130dare, ba\u015fvurular\u0131 reddetmi\u015ftir.<\/p>\n<p>5. Ba\u015fvurucular, s\u00f6z konusu ret i\u015flemlerinin iptaliyle idareye ba\u015fvuru tarihinden altm\u0131\u015f g\u00fcn \u00f6ncesinden itibaren yararland\u0131r\u0131lmalar\u0131 gereken ek \u00f6demelerin yasal faiziyle birlikte \u00f6denmesine karar verilmesi istemiyle muhtelif tarihlerde idare mahkemelerinde dava a\u00e7m\u0131\u015ft\u0131r. Yarg\u0131lamalar sonucunda verilen nihai kararlarla davalar reddedilmi\u015ftir. Kararlar\u0131n gerek\u00e7esinde 14\/7\/1965 tarihli ve 657 say\u0131l\u0131 Devlet Memurlar\u0131 Kanunu&#8217;nun ek 33. maddesinde sadece n\u00f6bet \u00fccretlerinin \u00f6denmesine ili\u015fkin h\u00fck\u00fcmlerin bulundu\u011fu ve s\u00f6z konusu maddede yap\u0131lan de\u011fi\u015fikli\u011fin ancak n\u00f6bet \u00fccretini kapsad\u0131\u011f\u0131 ifade edilmi\u015ftir. Kararlarda 209 say\u0131l\u0131 Kanun&#8217;un 5. maddesinde ve 2547 say\u0131l\u0131 Kanun&#8217;un 58. maddesinde kimlerin d\u00f6ner sermaye gelirlerinden pay alaca\u011f\u0131n\u0131n a\u00e7\u0131k\u00e7a d\u00fczenlendi\u011fi, yabanc\u0131 uyruklu t\u0131pta uzmanl\u0131k \u00f6\u011frencilerinin bu kapsamda yer almad\u0131\u011f\u0131 vurgulanm\u0131\u015f; yabanc\u0131 uyruklu t\u0131pta uzmanl\u0131k \u00f6\u011frencilerine d\u00f6ner sermaye ek \u00f6demesi yap\u0131lamayaca\u011f\u0131 belirtilmi\u015f, ayr\u0131ca farkl\u0131 kontenjanlar kapsam\u0131nda uzmanl\u0131k e\u011fitimine ba\u015flayan yabanc\u0131 uyruklu \u00f6\u011frencilerin T\u00fcrk uyruklu \u00f6\u011frenciler ile ayn\u0131 stat\u00fcde bulunmad\u0131klar\u0131 a\u00e7\u0131klanm\u0131\u015ft\u0131r.<\/p>\n<p>6. Ba\u015fvurular s\u00fcresi i\u00e7inde yap\u0131lm\u0131\u015ft\u0131r.<\/p>\n<p>7. Ba\u015fvurular\u0131n kabul edilebilirlik ve esas incelemesinin B\u00f6l\u00fcm taraf\u0131ndan yap\u0131lmas\u0131na karar verilmi\u015ftir.<\/p>\n<p>II. DE\u011eERLEND\u0130RME<\/p>\n<p>8. 2021\/31087 ve 2021\/31089 numaral\u0131 ba\u015fvurular\u0131n 2021\/28305 numaral\u0131 ba\u015fvuruyla birle\u015ftirilmesine karar verilmesi gerekir.<\/p>\n<p>9. Ba\u015fvurucular; d\u00f6ner sermaye gelirine e\u015fit \u015fekilde katk\u0131 sunduklar\u0131 h\u00e2lde d\u00f6ner sermaye gelirinden pay alamamalar\u0131n\u0131n e\u015fitlik ilkesini, adil \u00fccret ilkesi ile \u00e7al\u0131\u015fma hakk\u0131n\u0131, yabanc\u0131 uyruklu asistan doktorlara d\u00f6ner sermaye \u00f6demesi yap\u0131lamayaca\u011f\u0131n\u0131 d\u00fczenleyen a\u00e7\u0131k bir kanun h\u00fckm\u00fc bulunmamas\u0131na ra\u011fmen b\u00f6lge idare mahkemesinin uluslararas\u0131 s\u00f6zle\u015fme h\u00fck\u00fcmlerine ayk\u0131r\u0131 olarak karar vermesinin adil yarg\u0131lanma hakk\u0131n\u0131 ve \u00f6ng\u00f6r\u00fclebilirlik ilkesini de ihlal etti\u011fini iddia etmi\u015ftir. 2547 say\u0131l\u0131 Kanun&#8217;un 50. maddesinin (e) f\u0131kras\u0131nda uzmanl\u0131k kavram\u0131 tan\u0131mlan\u0131rken T\u00fcrk vatanda\u015f\u0131-yabanc\u0131 uyruklu ayr\u0131m\u0131n\u0131n yap\u0131lmad\u0131\u011f\u0131n\u0131 belirten ba\u015fvurucular, fiilen \u00e7al\u0131\u015ft\u0131klar\u0131 h\u00e2lde d\u00f6ner sermaye ek \u00f6demesinden mahrum kald\u0131klar\u0131ndan yak\u0131nm\u0131\u015ft\u0131r. Adalet Bakanl\u0131\u011f\u0131 (Bakanl\u0131k) g\u00f6r\u00fc\u015f\u00fcnde, Anayasa ve ilgili mevzuat h\u00fck\u00fcmleriyle somut olay\u0131n ko\u015fullar\u0131n\u0131n dikkate al\u0131nmas\u0131 gerekti\u011fi bildirmi\u015ftir. Bakanl\u0131k g\u00f6r\u00fc\u015f\u00fcne kar\u015f\u0131 ba\u015fvurucular iddialar\u0131n\u0131 yinelemi\u015ftir.<\/p>\n<p>10. A\u00e7\u0131k\u00e7a dayanaktan yoksun olmad\u0131\u011f\u0131 ve kabul edilemezli\u011fine karar verilmesini gerektirecek ba\u015fka bir neden de bulunmad\u0131\u011f\u0131 anla\u015f\u0131lan ba\u015fvurunun kabul edilebilir oldu\u011funa karar verilmesi gerekir.<\/p>\n<p>11. Anayasa Mahkemesi benzer \u015fik\u00e2yeti Arif Huseynli ve di\u011ferleri (B. No: 2019\/39033, 28\/6\/2022) karar\u0131nda incelemi\u015f ve ba\u015fvurucular\u0131n Anayasa&#8217;n\u0131n 35. maddesinde d\u00fczenlenen m\u00fclkiyet hakk\u0131yla ba\u011flant\u0131l\u0131 olarak Anayasa&#8217;n\u0131n 10. maddesinde g\u00fcvence alt\u0131na al\u0131nan ayr\u0131mc\u0131l\u0131k yasa\u011f\u0131n\u0131n ihlal edildi\u011fine karar vermi\u015ftir.<\/p>\n<p>12. Arif Huseynli ve di\u011ferleri karar\u0131nda, T\u00fcrk vatanda\u015f\u0131 t\u0131pta uzmanl\u0131k \u00f6\u011frencileri d\u00f6ner sermaye ek \u00f6demesinden yararlan\u0131rken yabanc\u0131 uyruklu t\u0131pta uzmanl\u0131k \u00f6\u011frencilerinin bundan yararlanmamas\u0131n\u0131n farkl\u0131 muamele te\u015fkil etti\u011fi hususunun ilk bak\u0131\u015fta anla\u015f\u0131labilecek nitelikte oldu\u011fu belirtilmi\u015f; durumlar\u0131 benzer olan t\u0131pta uzmanl\u0131k \u00f6\u011frencileri aras\u0131nda d\u00f6ner sermaye ek \u00f6demesinden yararlanma y\u00f6n\u00fcnden uyrukluk temelinde farkl\u0131l\u0131k yarat\u0131ld\u0131\u011f\u0131 tespit edilmi\u015ftir (Arif Huseynli ve di\u011ferleri, \u00a7 54). An\u0131lan kararda ba\u015fvurucular\u0131n yabanc\u0131 uyruklu oldu\u011fu i\u00e7in maruz kald\u0131klar\u0131 farkl\u0131 muamelenin nesnel ve hakl\u0131 bir temeli oldu\u011funun ortaya konulamad\u0131\u011f\u0131 vurgulanm\u0131\u015f, farkl\u0131 muamelenin ilgili mevzuat\u0131n anayasal h\u00fck\u00fcmler g\u00f6zetilmeden yorumlanmas\u0131ndan kaynakland\u0131\u011f\u0131na i\u015faret edilmi\u015ftir (Arif Huseynli ve di\u011ferleri, \u00a7\u00a7 55, 56). Mahkemelerin \u00f6nlerindeki uyu\u015fmazl\u0131\u011fa uygulayacaklar\u0131 mevzuat h\u00fck\u00fcmlerini anayasal ilke ve g\u00fcvenceleri g\u00f6zeterek yorumlama mecburiyetinde oldu\u011fununalt\u0131n\u0131n \u00e7izildi\u011fi kararda, \u00f6deme yap\u0131lmas\u0131n\u0131 \u00f6ng\u00f6ren a\u00e7\u0131k bir h\u00fck\u00fcm bulunmad\u0131\u011f\u0131 gerek\u00e7esiyle ba\u015fvurucular\u0131n d\u00f6ner sermaye ek \u00f6demesinden yararland\u0131r\u0131lmamas\u0131n\u0131n hakl\u0131la\u015ft\u0131r\u0131lmas\u0131 yarg\u0131 mercilerinin mevzuat h\u00fck\u00fcmlerini anayasal g\u00fcvenceler \u0131\u015f\u0131\u011f\u0131nda yorumlama y\u00fck\u00fcml\u00fcl\u00fc\u011f\u00fcne ayk\u0131r\u0131l\u0131k olu\u015fturdu\u011fu sonucuna ula\u015f\u0131lm\u0131\u015ft\u0131r (Arif Huseynli ve di\u011ferleri, \u00a7\u00a7 57, 58).<\/p>\n<p>13. Ko\u015fullar\u0131 y\u00f6n\u00fcnden ayn\u0131 olan eldeki ba\u015fvuruda Arif Huseynli ve di\u011ferleri karar\u0131nda ula\u015f\u0131lan sonu\u00e7tan ayr\u0131lmay\u0131 gerektiren bir durum bulunmamaktad\u0131r.<\/p>\n<p>14. A\u00e7\u0131klanan gerek\u00e7elerle Anayasa&#8217;n\u0131n 35. maddesinde d\u00fczenlenen m\u00fclkiyet hakk\u0131yla ba\u011flant\u0131l\u0131 olarak Anayasa&#8217;n\u0131n 10. maddesinde g\u00fcvence alt\u0131na al\u0131nan ayr\u0131mc\u0131l\u0131k yasa\u011f\u0131n\u0131n ihlal edildi\u011fine karar verilmesi gerekir.<\/p>\n<p>III. G\u0130DER\u0130M<\/p>\n<p>15. Ba\u015fvurucular, ihlalin tespitiyle yeniden yarg\u0131lama yap\u0131lmas\u0131na karar verilmesi talebinde bulunmu\u015ftur.<\/p>\n<p>16. Ba\u015fvuruda tespit edilen hak ihlalinin sonu\u00e7lar\u0131n\u0131n ortadan kald\u0131r\u0131lmas\u0131 i\u00e7in yeniden yarg\u0131lama yap\u0131lmas\u0131nda hukuki yarar bulunmaktad\u0131r. Bu kapsamda karar\u0131n g\u00f6nderildi\u011fi yarg\u0131 mercilerince yap\u0131lmas\u0131 gereken i\u015f, yeniden yarg\u0131lama i\u015flemlerini ba\u015flatmak ve Anayasa Mahkemesini ihlal sonucuna ula\u015ft\u0131ran nedenleri gideren, ihlal karar\u0131nda belirtilen ilkelere uygun yeni bir karar vermektir (30\/3\/2011 tarihli ve 6216 say\u0131l\u0131 Anayasa Mahkemesinin Kurulu\u015fu ve Yarg\u0131lama Usulleri Hakk\u0131nda Kanun&#8217;un 50. maddesinin (2) numaral\u0131 f\u0131kras\u0131nda d\u00fczenlenen bireysel ba\u015fvuruya \u00f6zg\u00fc yeniden yarg\u0131lama kurumunun \u00f6zelliklerine ili\u015fkin kapsaml\u0131 a\u00e7\u0131klamalar i\u00e7in bkz. Mehmet Do\u011fan [GK], B. No: 2014\/8875, 7\/6\/2018, \u00a7\u00a7 54-60; Alig\u00fcl Alkaya ve di\u011ferleri (2), B. No: 2016\/12506, 7\/11\/2019, \u00a7\u00a7 53-60, 66; Kadri Enis Berbero\u011flu (3) [GK], B. No: 2020\/32949, 21\/1\/2021, \u00a7\u00a7 93-100).<\/p>\n<p>IV. H\u00dcK\u00dcM<\/p>\n<p>A. Ba\u015fvurular\u0131n B\u0130RLE\u015eT\u0130R\u0130LMES\u0130NE,<\/p>\n<p>B. M\u00fclkiyet hakk\u0131yla ba\u011flant\u0131l\u0131 olarak ayr\u0131mc\u0131l\u0131k yasa\u011f\u0131n\u0131n ihlal edildi\u011fine ili\u015fkin iddian\u0131n KABUL ED\u0130LEB\u0130L\u0130R OLDU\u011eUNA,<\/p>\n<p>C. Anayasa&#8217;n\u0131n 35. maddesinde d\u00fczenlenen m\u00fclkiyet hakk\u0131yla ba\u011flant\u0131l\u0131 olarak Anayasa&#8217;n\u0131n 10. maddesinde g\u00fcvence alt\u0131na al\u0131nan ayr\u0131mc\u0131l\u0131k yasa\u011f\u0131n\u0131n \u0130HLAL ED\u0130LD\u0130\u011e\u0130NE,<\/p>\n<p>D. Karar\u0131n bir \u00f6rne\u011finin m\u00fclkiyet hakk\u0131yla ba\u011flant\u0131l\u0131 olarak ayr\u0131mc\u0131l\u0131k yasa\u011f\u0131n\u0131n ihlalinin sonu\u00e7lar\u0131n\u0131n ortadan kald\u0131r\u0131lmas\u0131 i\u00e7in yeniden yarg\u0131lama yap\u0131lmak amac\u0131yla Tekirda\u011f 2. \u0130dare Mahkemesine (E.2020\/237, K.2021\/18 ve E.2020\/390, K.2021\/19), \u0130stanbul B\u00f6lge \u0130dare Mahkemesi Yedinci \u0130dari Dava Dairesine (E.2020\/1861, K.2021\/62) iletilmek \u00fczere Tekirda\u011f 1. \u0130dare Mahkemesine (E.2020\/229, K.2020\/999) G\u00d6NDER\u0130LMES\u0130NE,<\/p>\n<p>E. 487,60 TL ba\u015fvuru harc\u0131n\u0131n ba\u015fvuruculara AYRI AYRI, 30.000 TL vek\u00e2let \u00fccretinin ise ba\u015fvuruculara M\u00dc\u015eTEREKEN \u00d6DENMES\u0130NE,<\/p>\n<p>F. \u00d6demelerin karar\u0131n tebli\u011fini takiben ba\u015fvurucular\u0131n Hazine ve Maliye Bakanl\u0131\u011f\u0131na ba\u015fvuru tarihinden itibaren d\u00f6rt ay i\u00e7inde yap\u0131lmas\u0131na, \u00f6demede gecikme olmas\u0131 h\u00e2linde bu s\u00fcrenin sona erdi\u011fi tarihten \u00f6deme tarihine kadar ge\u00e7en s\u00fcre i\u00e7in yasal FA\u0130Z UYGULANMASINA,<\/p>\n<p>G. Karar\u0131n bir \u00f6rne\u011finin Adalet Bakanl\u0131\u011f\u0131na G\u00d6NDER\u0130LMES\u0130NE 28\/11\/2024 tarihinde OYB\u0130RL\u0130\u011e\u0130YLE karar verildi.<\/p>\n<p>\u200bAnayasa Mahkemesi&#8217;nin 28\/11\/2024 tarihli ve 2021\/28305 ba\u015fvuru numaral\u0131 karar\u0131\u00a0Hukuki Haber<\/p>\n<p>Haberin Al\u0131nt\u0131land\u0131\u011f\u0131 Kaynak: www.hukukihaber.net<\/p>","protected":false},"excerpt":{"rendered":"<p>T\u00dcRK\u0130YE CUMHUR\u0130YET\u0130 ANAYASA MAHKEMES\u0130 \u00a0 \u00a0 B\u0130R\u0130NC\u0130 B\u00d6L\u00dcM \u00a0 KARAR \u00a0 GUNAY NAHMADOVA VE D\u0130\u011eERLER\u0130 BA\u015eVURUSU (Ba\u015fvuru Numaras\u0131: 2021\/28305) \u00a0 Karar Tarihi: 28\/11\/2024 B\u0130R\u0130NC\u0130 B\u00d6L\u00dcM \u00a0 KARAR \u00a0 Ba\u015fkan : Hasan Tahsin G\u00d6KCAN \u00dcyeler : Recai AKYEL \u00a0 \u00a0 Yusuf \u015eevki HAKYEMEZ \u00a0 \u00a0 \u0130rfan F\u0130DAN \u00a0 \u00a0 Y\u0131lmaz AK\u00c7\u0130L Raport\u00f6r : Kamber Ozan TUTAL Ba\u015fvurucular : 1. Gunay NAHMADOVA \u00a0 \u00a0 2. Mekked\u0131n MORINA \u00a0 \u00a0 3. Mohammad AMIRY Ba\u015fvurucular Vekili : Av. Ahmet \u00c7a\u011fr\u0131 \u00c7ET\u0130N \u00a0 I. BA\u015eVURUNUN \u00d6ZET\u0130 1. Ba\u015fvuru, yabanc\u0131 uyruklu t\u0131pta uzmanl\u0131k \u00f6\u011frencilerine d\u00f6ner sermaye ek \u00f6demesi yap\u0131lmamas\u0131 nedeniyle m\u00fclkiyet hakk\u0131yla ba\u011flant\u0131l\u0131 olarak ayr\u0131mc\u0131l\u0131k yasa\u011f\u0131n\u0131n ihlal edildi\u011fi iddias\u0131na ili\u015fkindir. 2. Yabanc\u0131 uyruklu olan ba\u015fvurucular, Tekirda\u011f Nam\u0131k Kemal \u00dcniversitesi Sa\u011fl\u0131k Uygulama ve Ara\u015ft\u0131rma Hastanesinde yabanc\u0131 uyruklu kontenjan\u0131ndan t\u0131pta uzmanl\u0131k \u00f6\u011frenimi g\u00f6rmektedir. 3. 4\/1\/1961 tarihli ve 209 say\u0131l\u0131 Sa\u011fl\u0131k Bakanl\u0131\u011f\u0131na Ba\u011fl\u0131 Sa\u011fl\u0131k Kurumlar\u0131 ile Esenlendirme (Rehabilitasyon) Tesislerine Verilecek D\u00f6ner Sermaye Hakk\u0131nda Kanun&#8217;un 5. maddesi ile 4\/11\/1981 tarihli ve 2547 say\u0131l\u0131 Y\u00fcksek\u00f6\u011fretim Kanunu&#8217;nun 58. maddesi kapsam\u0131nda t\u0131pta uzmanl\u0131k \u00f6\u011frencilerine yap\u0131lan d\u00f6ner sermaye ek \u00f6demesinden ba\u015fvurucular yararland\u0131r\u0131lmamaktad\u0131r. 4. Ba\u015fvurucular, \u00e7al\u0131\u015ft\u0131klar\u0131 kuruma muhtelif tarihlerde ba\u015fvurmu\u015f; d\u00f6ner sermaye geliri olarak yap\u0131lan ek \u00f6demeden kendilerinin de yararland\u0131r\u0131lmas\u0131n\u0131 talep etmi\u015ftir. \u0130dare, ba\u015fvurular\u0131 reddetmi\u015ftir. 5. Ba\u015fvurucular, s\u00f6z konusu ret i\u015flemlerinin iptaliyle idareye ba\u015fvuru tarihinden &hellip;<\/p>","protected":false},"author":3,"featured_media":0,"comment_status":"open","ping_status":"open","sticky":false,"template":"","format":"standard","meta":{"_acf_changed":false,"footnotes":""},"categories":[27],"tags":[],"class_list":["post-25667","post","type-post","status-publish","format-standard","has-post-thumbnail","hentry","category-hukukihaber"],"acf":[],"yoast_head":"<!-- This site is optimized with the Yoast SEO Premium plugin v26.6 (Yoast SEO v27.1.1) - https:\/\/yoast.com\/product\/yoast-seo-premium-wordpress\/ -->\n<title>AYM&#039;nin 2021\/28305 ba\u015fvuru numaral\u0131 karar\u0131 - Av. Deniz Can K\u0131z\u0131l<\/title>\n<meta name=\"robots\" content=\"index, follow, max-snippet:-1, max-image-preview:large, max-video-preview:-1\" \/>\n<link rel=\"canonical\" href=\"https:\/\/denizcankizil.tr\/en\/hukukihaber\/aymnin-2021-28305-basvuru-numarali-karari\/\" \/>\n<meta property=\"og:locale\" content=\"en_GB\" \/>\n<meta property=\"og:type\" content=\"article\" \/>\n<meta property=\"og:title\" content=\"AYM&#039;nin 2021\/28305 ba\u015fvuru numaral\u0131 karar\u0131\" \/>\n<meta property=\"og:description\" content=\"T\u00dcRK\u0130YE CUMHUR\u0130YET\u0130 ANAYASA MAHKEMES\u0130 \u00a0 \u00a0 B\u0130R\u0130NC\u0130 B\u00d6L\u00dcM \u00a0 KARAR \u00a0 GUNAY NAHMADOVA VE D\u0130\u011eERLER\u0130 BA\u015eVURUSU (Ba\u015fvuru Numaras\u0131: 2021\/28305) \u00a0 Karar Tarihi: 28\/11\/2024 B\u0130R\u0130NC\u0130 B\u00d6L\u00dcM \u00a0 KARAR \u00a0 Ba\u015fkan : Hasan Tahsin G\u00d6KCAN \u00dcyeler : Recai AKYEL \u00a0 \u00a0 Yusuf \u015eevki HAKYEMEZ \u00a0 \u00a0 \u0130rfan F\u0130DAN \u00a0 \u00a0 Y\u0131lmaz AK\u00c7\u0130L Raport\u00f6r : Kamber Ozan TUTAL Ba\u015fvurucular : 1. Gunay NAHMADOVA \u00a0 \u00a0 2. Mekked\u0131n MORINA \u00a0 \u00a0 3. Mohammad AMIRY Ba\u015fvurucular Vekili : Av. Ahmet \u00c7a\u011fr\u0131 \u00c7ET\u0130N \u00a0 I. BA\u015eVURUNUN \u00d6ZET\u0130 1. Ba\u015fvuru, yabanc\u0131 uyruklu t\u0131pta uzmanl\u0131k \u00f6\u011frencilerine d\u00f6ner sermaye ek \u00f6demesi yap\u0131lmamas\u0131 nedeniyle m\u00fclkiyet hakk\u0131yla ba\u011flant\u0131l\u0131 olarak ayr\u0131mc\u0131l\u0131k yasa\u011f\u0131n\u0131n ihlal edildi\u011fi iddias\u0131na ili\u015fkindir. 2. Yabanc\u0131 uyruklu olan ba\u015fvurucular, Tekirda\u011f Nam\u0131k Kemal \u00dcniversitesi Sa\u011fl\u0131k Uygulama ve Ara\u015ft\u0131rma Hastanesinde yabanc\u0131 uyruklu kontenjan\u0131ndan t\u0131pta uzmanl\u0131k \u00f6\u011frenimi g\u00f6rmektedir. 3. 4\/1\/1961 tarihli ve 209 say\u0131l\u0131 Sa\u011fl\u0131k Bakanl\u0131\u011f\u0131na Ba\u011fl\u0131 Sa\u011fl\u0131k Kurumlar\u0131 ile Esenlendirme (Rehabilitasyon) Tesislerine Verilecek D\u00f6ner Sermaye Hakk\u0131nda Kanun&#8217;un 5. maddesi ile 4\/11\/1981 tarihli ve 2547 say\u0131l\u0131 Y\u00fcksek\u00f6\u011fretim Kanunu&#8217;nun 58. maddesi kapsam\u0131nda t\u0131pta uzmanl\u0131k \u00f6\u011frencilerine yap\u0131lan d\u00f6ner sermaye ek \u00f6demesinden ba\u015fvurucular yararland\u0131r\u0131lmamaktad\u0131r. 4. Ba\u015fvurucular, \u00e7al\u0131\u015ft\u0131klar\u0131 kuruma muhtelif tarihlerde ba\u015fvurmu\u015f; d\u00f6ner sermaye geliri olarak yap\u0131lan ek \u00f6demeden kendilerinin de yararland\u0131r\u0131lmas\u0131n\u0131 talep etmi\u015ftir. \u0130dare, ba\u015fvurular\u0131 reddetmi\u015ftir. 5. Ba\u015fvurucular, s\u00f6z konusu ret i\u015flemlerinin iptaliyle idareye ba\u015fvuru tarihinden &hellip;\" \/>\n<meta property=\"og:url\" content=\"https:\/\/denizcankizil.tr\/en\/hukukihaber\/aymnin-2021-28305-basvuru-numarali-karari\/\" \/>\n<meta property=\"og:site_name\" content=\"Av. Deniz Can K\u0131z\u0131l\" \/>\n<meta property=\"article:published_time\" content=\"2025-01-16T12:33:00+00:00\" \/>\n<meta name=\"author\" content=\"Hukuki Haber.net\" \/>\n<meta name=\"twitter:card\" content=\"summary_large_image\" \/>\n<meta name=\"twitter:label1\" content=\"Written by\" \/>\n\t<meta name=\"twitter:data1\" content=\"Hukuki Haber.net\" \/>\n\t<meta name=\"twitter:label2\" content=\"Estimated reading time\" \/>\n\t<meta name=\"twitter:data2\" content=\"7 minutes\" \/>\n<script type=\"application\/ld+json\" class=\"yoast-schema-graph\">{\"@context\":\"https:\/\/schema.org\",\"@graph\":[{\"@type\":\"Article\",\"@id\":\"https:\/\/denizcankizil.tr\/en\/hukukihaber\/aymnin-2021-28305-basvuru-numarali-karari\/#article\",\"isPartOf\":{\"@id\":\"https:\/\/denizcankizil.tr\/en\/hukukihaber\/aymnin-2021-28305-basvuru-numarali-karari\/\"},\"author\":{\"name\":\"Hukuki Haber.net\",\"@id\":\"https:\/\/denizcankizil.tr\/#\/schema\/person\/001a271de994a0aa3f90eea084424822\"},\"headline\":\"AYM&#8217;nin 2021\/28305 ba\u015fvuru numaral\u0131 karar\u0131\",\"datePublished\":\"2025-01-16T12:33:00+00:00\",\"mainEntityOfPage\":{\"@id\":\"https:\/\/denizcankizil.tr\/en\/hukukihaber\/aymnin-2021-28305-basvuru-numarali-karari\/\"},\"wordCount\":1437,\"commentCount\":0,\"publisher\":{\"@id\":\"https:\/\/denizcankizil.tr\/#organization\"},\"articleSection\":[\"Hukuki Haberler\"],\"inLanguage\":\"en-GB\",\"potentialAction\":[{\"@type\":\"CommentAction\",\"name\":\"Comment\",\"target\":[\"https:\/\/denizcankizil.tr\/en\/hukukihaber\/aymnin-2021-28305-basvuru-numarali-karari\/#respond\"]}]},{\"@type\":\"WebPage\",\"@id\":\"https:\/\/denizcankizil.tr\/en\/hukukihaber\/aymnin-2021-28305-basvuru-numarali-karari\/\",\"url\":\"https:\/\/denizcankizil.tr\/en\/hukukihaber\/aymnin-2021-28305-basvuru-numarali-karari\/\",\"name\":\"AYM'nin 2021\/28305 ba\u015fvuru numaral\u0131 karar\u0131 - Av. Deniz Can K\u0131z\u0131l\",\"isPartOf\":{\"@id\":\"https:\/\/denizcankizil.tr\/#website\"},\"datePublished\":\"2025-01-16T12:33:00+00:00\",\"breadcrumb\":{\"@id\":\"https:\/\/denizcankizil.tr\/en\/hukukihaber\/aymnin-2021-28305-basvuru-numarali-karari\/#breadcrumb\"},\"inLanguage\":\"en-GB\",\"potentialAction\":[{\"@type\":\"ReadAction\",\"target\":[\"https:\/\/denizcankizil.tr\/en\/hukukihaber\/aymnin-2021-28305-basvuru-numarali-karari\/\"]}]},{\"@type\":\"BreadcrumbList\",\"@id\":\"https:\/\/denizcankizil.tr\/en\/hukukihaber\/aymnin-2021-28305-basvuru-numarali-karari\/#breadcrumb\",\"itemListElement\":[{\"@type\":\"ListItem\",\"position\":1,\"name\":\"Home\",\"item\":\"https:\/\/denizcankizil.tr\/uk\/\"},{\"@type\":\"ListItem\",\"position\":2,\"name\":\"AYM&#8217;nin 2021\/28305 ba\u015fvuru numaral\u0131 karar\u0131\"}]},{\"@type\":\"WebSite\",\"@id\":\"https:\/\/denizcankizil.tr\/#website\",\"url\":\"https:\/\/denizcankizil.tr\/\",\"name\":\"Av. Deniz Can K\u0131z\u0131l\",\"description\":\"Avukat Deniz Can K\u0131z\u0131l Antalya Barosu\",\"publisher\":{\"@id\":\"https:\/\/denizcankizil.tr\/#organization\"},\"potentialAction\":[{\"@type\":\"SearchAction\",\"target\":{\"@type\":\"EntryPoint\",\"urlTemplate\":\"https:\/\/denizcankizil.tr\/?s={search_term_string}\"},\"query-input\":{\"@type\":\"PropertyValueSpecification\",\"valueRequired\":true,\"valueName\":\"search_term_string\"}}],\"inLanguage\":\"en-GB\"},{\"@type\":\"Organization\",\"@id\":\"https:\/\/denizcankizil.tr\/#organization\",\"name\":\"Av. Deniz Can K\u0131z\u0131l\",\"url\":\"https:\/\/denizcankizil.tr\/\",\"logo\":{\"@type\":\"ImageObject\",\"inLanguage\":\"en-GB\",\"@id\":\"https:\/\/denizcankizil.tr\/#\/schema\/logo\/image\/\",\"url\":\"https:\/\/denizcankizil.tr\/wp-content\/uploads\/2024\/10\/siyah-logo-svg.svg\",\"contentUrl\":\"https:\/\/denizcankizil.tr\/wp-content\/uploads\/2024\/10\/siyah-logo-svg.svg\",\"width\":1080,\"height\":1080,\"caption\":\"Av. Deniz Can K\u0131z\u0131l\"},\"image\":{\"@id\":\"https:\/\/denizcankizil.tr\/#\/schema\/logo\/image\/\"}},{\"@type\":\"Person\",\"@id\":\"https:\/\/denizcankizil.tr\/#\/schema\/person\/001a271de994a0aa3f90eea084424822\",\"name\":\"Hukuki Haber.net\",\"image\":{\"@type\":\"ImageObject\",\"inLanguage\":\"en-GB\",\"@id\":\"https:\/\/denizcankizil.tr\/#\/schema\/person\/image\/\",\"url\":\"https:\/\/secure.gravatar.com\/avatar\/57d8a49151495586611a149d29fc42865b951dc053a84709a3172ccb5abf3118?s=96&d=mm&r=g\",\"contentUrl\":\"https:\/\/secure.gravatar.com\/avatar\/57d8a49151495586611a149d29fc42865b951dc053a84709a3172ccb5abf3118?s=96&d=mm&r=g\",\"caption\":\"Hukuki Haber.net\"},\"sameAs\":[\"http:\/\/www.hukukihaber.net\"],\"url\":\"https:\/\/denizcankizil.tr\/en\/author\/hukukihabernet\/\"}]}<\/script>\n<!-- \/ Yoast SEO Premium plugin. -->","yoast_head_json":{"title":"AYM'nin 2021\/28305 ba\u015fvuru numaral\u0131 karar\u0131 - Av. Deniz Can K\u0131z\u0131l","robots":{"index":"index","follow":"follow","max-snippet":"max-snippet:-1","max-image-preview":"max-image-preview:large","max-video-preview":"max-video-preview:-1"},"canonical":"https:\/\/denizcankizil.tr\/en\/hukukihaber\/aymnin-2021-28305-basvuru-numarali-karari\/","og_locale":"en_GB","og_type":"article","og_title":"AYM'nin 2021\/28305 ba\u015fvuru numaral\u0131 karar\u0131","og_description":"T\u00dcRK\u0130YE CUMHUR\u0130YET\u0130 ANAYASA MAHKEMES\u0130 \u00a0 \u00a0 B\u0130R\u0130NC\u0130 B\u00d6L\u00dcM \u00a0 KARAR \u00a0 GUNAY NAHMADOVA VE D\u0130\u011eERLER\u0130 BA\u015eVURUSU (Ba\u015fvuru Numaras\u0131: 2021\/28305) \u00a0 Karar Tarihi: 28\/11\/2024 B\u0130R\u0130NC\u0130 B\u00d6L\u00dcM \u00a0 KARAR \u00a0 Ba\u015fkan : Hasan Tahsin G\u00d6KCAN \u00dcyeler : Recai AKYEL \u00a0 \u00a0 Yusuf \u015eevki HAKYEMEZ \u00a0 \u00a0 \u0130rfan F\u0130DAN \u00a0 \u00a0 Y\u0131lmaz AK\u00c7\u0130L Raport\u00f6r : Kamber Ozan TUTAL Ba\u015fvurucular : 1. Gunay NAHMADOVA \u00a0 \u00a0 2. Mekked\u0131n MORINA \u00a0 \u00a0 3. Mohammad AMIRY Ba\u015fvurucular Vekili : Av. Ahmet \u00c7a\u011fr\u0131 \u00c7ET\u0130N \u00a0 I. BA\u015eVURUNUN \u00d6ZET\u0130 1. Ba\u015fvuru, yabanc\u0131 uyruklu t\u0131pta uzmanl\u0131k \u00f6\u011frencilerine d\u00f6ner sermaye ek \u00f6demesi yap\u0131lmamas\u0131 nedeniyle m\u00fclkiyet hakk\u0131yla ba\u011flant\u0131l\u0131 olarak ayr\u0131mc\u0131l\u0131k yasa\u011f\u0131n\u0131n ihlal edildi\u011fi iddias\u0131na ili\u015fkindir. 2. Yabanc\u0131 uyruklu olan ba\u015fvurucular, Tekirda\u011f Nam\u0131k Kemal \u00dcniversitesi Sa\u011fl\u0131k Uygulama ve Ara\u015ft\u0131rma Hastanesinde yabanc\u0131 uyruklu kontenjan\u0131ndan t\u0131pta uzmanl\u0131k \u00f6\u011frenimi g\u00f6rmektedir. 3. 4\/1\/1961 tarihli ve 209 say\u0131l\u0131 Sa\u011fl\u0131k Bakanl\u0131\u011f\u0131na Ba\u011fl\u0131 Sa\u011fl\u0131k Kurumlar\u0131 ile Esenlendirme (Rehabilitasyon) Tesislerine Verilecek D\u00f6ner Sermaye Hakk\u0131nda Kanun&#8217;un 5. maddesi ile 4\/11\/1981 tarihli ve 2547 say\u0131l\u0131 Y\u00fcksek\u00f6\u011fretim Kanunu&#8217;nun 58. maddesi kapsam\u0131nda t\u0131pta uzmanl\u0131k \u00f6\u011frencilerine yap\u0131lan d\u00f6ner sermaye ek \u00f6demesinden ba\u015fvurucular yararland\u0131r\u0131lmamaktad\u0131r. 4. Ba\u015fvurucular, \u00e7al\u0131\u015ft\u0131klar\u0131 kuruma muhtelif tarihlerde ba\u015fvurmu\u015f; d\u00f6ner sermaye geliri olarak yap\u0131lan ek \u00f6demeden kendilerinin de yararland\u0131r\u0131lmas\u0131n\u0131 talep etmi\u015ftir. \u0130dare, ba\u015fvurular\u0131 reddetmi\u015ftir. 5. Ba\u015fvurucular, s\u00f6z konusu ret i\u015flemlerinin iptaliyle idareye ba\u015fvuru tarihinden &hellip;","og_url":"https:\/\/denizcankizil.tr\/en\/hukukihaber\/aymnin-2021-28305-basvuru-numarali-karari\/","og_site_name":"Av. Deniz Can K\u0131z\u0131l","article_published_time":"2025-01-16T12:33:00+00:00","author":"Hukuki Haber.net","twitter_card":"summary_large_image","twitter_misc":{"Written by":"Hukuki Haber.net","Estimated reading time":"7 minutes"},"schema":{"@context":"https:\/\/schema.org","@graph":[{"@type":"Article","@id":"https:\/\/denizcankizil.tr\/en\/hukukihaber\/aymnin-2021-28305-basvuru-numarali-karari\/#article","isPartOf":{"@id":"https:\/\/denizcankizil.tr\/en\/hukukihaber\/aymnin-2021-28305-basvuru-numarali-karari\/"},"author":{"name":"Hukuki Haber.net","@id":"https:\/\/denizcankizil.tr\/#\/schema\/person\/001a271de994a0aa3f90eea084424822"},"headline":"AYM&#8217;nin 2021\/28305 ba\u015fvuru numaral\u0131 karar\u0131","datePublished":"2025-01-16T12:33:00+00:00","mainEntityOfPage":{"@id":"https:\/\/denizcankizil.tr\/en\/hukukihaber\/aymnin-2021-28305-basvuru-numarali-karari\/"},"wordCount":1437,"commentCount":0,"publisher":{"@id":"https:\/\/denizcankizil.tr\/#organization"},"articleSection":["Hukuki Haberler"],"inLanguage":"en-GB","potentialAction":[{"@type":"CommentAction","name":"Comment","target":["https:\/\/denizcankizil.tr\/en\/hukukihaber\/aymnin-2021-28305-basvuru-numarali-karari\/#respond"]}]},{"@type":"WebPage","@id":"https:\/\/denizcankizil.tr\/en\/hukukihaber\/aymnin-2021-28305-basvuru-numarali-karari\/","url":"https:\/\/denizcankizil.tr\/en\/hukukihaber\/aymnin-2021-28305-basvuru-numarali-karari\/","name":"AYM'nin 2021\/28305 ba\u015fvuru numaral\u0131 karar\u0131 - Av. Deniz Can K\u0131z\u0131l","isPartOf":{"@id":"https:\/\/denizcankizil.tr\/#website"},"datePublished":"2025-01-16T12:33:00+00:00","breadcrumb":{"@id":"https:\/\/denizcankizil.tr\/en\/hukukihaber\/aymnin-2021-28305-basvuru-numarali-karari\/#breadcrumb"},"inLanguage":"en-GB","potentialAction":[{"@type":"ReadAction","target":["https:\/\/denizcankizil.tr\/en\/hukukihaber\/aymnin-2021-28305-basvuru-numarali-karari\/"]}]},{"@type":"BreadcrumbList","@id":"https:\/\/denizcankizil.tr\/en\/hukukihaber\/aymnin-2021-28305-basvuru-numarali-karari\/#breadcrumb","itemListElement":[{"@type":"ListItem","position":1,"name":"Home","item":"https:\/\/denizcankizil.tr\/uk\/"},{"@type":"ListItem","position":2,"name":"AYM&#8217;nin 2021\/28305 ba\u015fvuru numaral\u0131 karar\u0131"}]},{"@type":"WebSite","@id":"https:\/\/denizcankizil.tr\/#website","url":"https:\/\/denizcankizil.tr\/","name":"Av. Deniz Can K\u0131z\u0131l","description":"Avukat Deniz Can K\u0131z\u0131l Antalya Barosu","publisher":{"@id":"https:\/\/denizcankizil.tr\/#organization"},"potentialAction":[{"@type":"SearchAction","target":{"@type":"EntryPoint","urlTemplate":"https:\/\/denizcankizil.tr\/?s={search_term_string}"},"query-input":{"@type":"PropertyValueSpecification","valueRequired":true,"valueName":"search_term_string"}}],"inLanguage":"en-GB"},{"@type":"Organization","@id":"https:\/\/denizcankizil.tr\/#organization","name":"Av. Deniz Can K\u0131z\u0131l","url":"https:\/\/denizcankizil.tr\/","logo":{"@type":"ImageObject","inLanguage":"en-GB","@id":"https:\/\/denizcankizil.tr\/#\/schema\/logo\/image\/","url":"https:\/\/denizcankizil.tr\/wp-content\/uploads\/2024\/10\/siyah-logo-svg.svg","contentUrl":"https:\/\/denizcankizil.tr\/wp-content\/uploads\/2024\/10\/siyah-logo-svg.svg","width":1080,"height":1080,"caption":"Av. Deniz Can K\u0131z\u0131l"},"image":{"@id":"https:\/\/denizcankizil.tr\/#\/schema\/logo\/image\/"}},{"@type":"Person","@id":"https:\/\/denizcankizil.tr\/#\/schema\/person\/001a271de994a0aa3f90eea084424822","name":"Hukuki Haber.net","image":{"@type":"ImageObject","inLanguage":"en-GB","@id":"https:\/\/denizcankizil.tr\/#\/schema\/person\/image\/","url":"https:\/\/secure.gravatar.com\/avatar\/57d8a49151495586611a149d29fc42865b951dc053a84709a3172ccb5abf3118?s=96&d=mm&r=g","contentUrl":"https:\/\/secure.gravatar.com\/avatar\/57d8a49151495586611a149d29fc42865b951dc053a84709a3172ccb5abf3118?s=96&d=mm&r=g","caption":"Hukuki Haber.net"},"sameAs":["http:\/\/www.hukukihaber.net"],"url":"https:\/\/denizcankizil.tr\/en\/author\/hukukihabernet\/"}]}},"_links":{"self":[{"href":"https:\/\/denizcankizil.tr\/en\/wp-json\/wp\/v2\/posts\/25667","targetHints":{"allow":["GET"]}}],"collection":[{"href":"https:\/\/denizcankizil.tr\/en\/wp-json\/wp\/v2\/posts"}],"about":[{"href":"https:\/\/denizcankizil.tr\/en\/wp-json\/wp\/v2\/types\/post"}],"author":[{"embeddable":true,"href":"https:\/\/denizcankizil.tr\/en\/wp-json\/wp\/v2\/users\/3"}],"replies":[{"embeddable":true,"href":"https:\/\/denizcankizil.tr\/en\/wp-json\/wp\/v2\/comments?post=25667"}],"version-history":[{"count":0,"href":"https:\/\/denizcankizil.tr\/en\/wp-json\/wp\/v2\/posts\/25667\/revisions"}],"wp:attachment":[{"href":"https:\/\/denizcankizil.tr\/en\/wp-json\/wp\/v2\/media?parent=25667"}],"wp:term":[{"taxonomy":"category","embeddable":true,"href":"https:\/\/denizcankizil.tr\/en\/wp-json\/wp\/v2\/categories?post=25667"},{"taxonomy":"post_tag","embeddable":true,"href":"https:\/\/denizcankizil.tr\/en\/wp-json\/wp\/v2\/tags?post=25667"}],"curies":[{"name":"wp","href":"https:\/\/api.w.org\/{rel}","templated":true}]}}