{"id":25644,"date":"2025-01-16T13:41:31","date_gmt":"2025-01-16T10:41:31","guid":{"rendered":"https:\/\/denizcankizil.tr\/uncategorized-tr\/buyuksehirden-fidan-destegi\/"},"modified":"2025-01-16T13:41:31","modified_gmt":"2025-01-16T10:41:31","slug":"buyuksehirden-fidan-destegi","status":"publish","type":"post","link":"https:\/\/denizcankizil.tr\/en\/haberler\/antalya\/buyuksehirden-fidan-destegi\/","title":{"rendered":"B\u00fcy\u00fck\u015fehir&#8217;den fidan deste\u011fi"},"content":{"rendered":"<p>Antalya B\u00fcy\u00fck\u015fehir Belediyesi 2024 y\u0131l\u0131 Temmuz ay\u0131nda Serik il\u00e7esi Yumaklar Mahallesi\u2019nde \u00e7\u0131kan yang\u0131nda zarar g\u00f6ren \u00fcreticilere destek elini uzatt\u0131. B\u00fcy\u00fck\u015fehir Belediyesi yang\u0131n nedeniyle zarar g\u00f6ren bah\u00e7elerin yeniden canlanmas\u0131 ve \u00fcreticilerin ekonomik kay\u0131plar\u0131n\u0131n telafi edilmesi amac\u0131yla 17 \u00fcreticiye bin adet zeytin ve 200 adet ke\u00e7iboynuzu fidan\u0131 hibe etti.<\/p>\n<p>Yanan bah\u00e7elere yeni fidanlar<br \/>\nFidan da\u011f\u0131t\u0131m\u0131n\u0131 ger\u00e7ekle\u015ftiren Antalya B\u00fcy\u00fck\u015fehir Belediyesi Tar\u0131msal Hizmetler Dairesi Ba\u015fkanl\u0131\u011f\u0131\u2019nda \u00e7al\u0131\u015fan Ziraat M\u00fchendisi Naime Kaya, yang\u0131n\u0131n ard\u0131ndan b\u00f6lgede hasar tespiti ger\u00e7ekle\u015ftirdiklerini belirterek, yang\u0131nda zarar g\u00f6ren \u00fcreticilere fidan deste\u011fi sa\u011flad\u0131klar\u0131n\u0131 s\u00f6yledi.<br \/>\nYang\u0131nda a\u011fa\u00e7lar\u0131 zarar g\u00f6ren Yumaklar Mahalle sakinleri Antalya B\u00fcy\u00fck\u015fehir Belediyesi\u2019nin deste\u011finden b\u00fcy\u00fck memnuniyet duyduklar\u0131n\u0131 dile getirdi.<\/p>\n<p>Kaynak: www.kanalv.com.tr Haber Sitesinden Al\u0131nm\u0131\u015ft\u0131r.<\/p>","protected":false},"excerpt":{"rendered":"<p>Antalya B\u00fcy\u00fck\u015fehir Belediyesi 2024 y\u0131l\u0131 Temmuz ay\u0131nda Serik il\u00e7esi Yumaklar Mahallesi\u2019nde \u00e7\u0131kan yang\u0131nda zarar g\u00f6ren \u00fcreticilere destek elini uzatt\u0131. B\u00fcy\u00fck\u015fehir Belediyesi yang\u0131n nedeniyle zarar g\u00f6ren bah\u00e7elerin yeniden canlanmas\u0131 ve \u00fcreticilerin ekonomik kay\u0131plar\u0131n\u0131n telafi edilmesi amac\u0131yla 17 \u00fcreticiye bin adet zeytin ve 200 adet ke\u00e7iboynuzu fidan\u0131 hibe etti. Yanan bah\u00e7elere yeni fidanlar Fidan da\u011f\u0131t\u0131m\u0131n\u0131 ger\u00e7ekle\u015ftiren Antalya B\u00fcy\u00fck\u015fehir Belediyesi Tar\u0131msal Hizmetler Dairesi Ba\u015fkanl\u0131\u011f\u0131\u2019nda \u00e7al\u0131\u015fan Ziraat M\u00fchendisi Naime Kaya, yang\u0131n\u0131n ard\u0131ndan b\u00f6lgede hasar tespiti ger\u00e7ekle\u015ftirdiklerini belirterek, yang\u0131nda zarar g\u00f6ren \u00fcreticilere fidan deste\u011fi sa\u011flad\u0131klar\u0131n\u0131 s\u00f6yledi. Yang\u0131nda a\u011fa\u00e7lar\u0131 zarar g\u00f6ren Yumaklar Mahalle sakinleri Antalya B\u00fcy\u00fck\u015fehir Belediyesi\u2019nin deste\u011finden b\u00fcy\u00fck memnuniyet duyduklar\u0131n\u0131 dile getirdi. Kaynak: www.kanalv.com.tr Haber Sitesinden Al\u0131nm\u0131\u015ft\u0131r.<\/p>","protected":false},"author":4,"featured_media":25645,"comment_status":"open","ping_status":"open","sticky":false,"template":"","format":"standard","meta":{"_acf_changed":false,"footnotes":""},"categories":[26],"tags":[],"class_list":["post-25644","post","type-post","status-publish","format-standard","has-post-thumbnail","hentry","category-antalya"],"acf":[],"yoast_head":"<!-- This site is optimized with the Yoast SEO Premium plugin v26.6 (Yoast SEO v27.1.1) - https:\/\/yoast.com\/product\/yoast-seo-premium-wordpress\/ -->\n<title>B\u00fcy\u00fck\u015fehir&#039;den fidan deste\u011fi - Av. Deniz Can K\u0131z\u0131l<\/title>\n<meta name=\"robots\" content=\"index, follow, max-snippet:-1, max-image-preview:large, max-video-preview:-1\" \/>\n<link rel=\"canonical\" href=\"https:\/\/denizcankizil.tr\/en\/haberler\/antalya\/buyuksehirden-fidan-destegi\/\" \/>\n<meta property=\"og:locale\" content=\"en_GB\" \/>\n<meta property=\"og:type\" content=\"article\" \/>\n<meta property=\"og:title\" content=\"B\u00fcy\u00fck\u015fehir&#039;den fidan deste\u011fi\" \/>\n<meta property=\"og:description\" content=\"Antalya B\u00fcy\u00fck\u015fehir Belediyesi 2024 y\u0131l\u0131 Temmuz ay\u0131nda Serik il\u00e7esi Yumaklar Mahallesi\u2019nde \u00e7\u0131kan yang\u0131nda zarar g\u00f6ren \u00fcreticilere destek elini uzatt\u0131. B\u00fcy\u00fck\u015fehir Belediyesi yang\u0131n nedeniyle zarar g\u00f6ren bah\u00e7elerin yeniden canlanmas\u0131 ve \u00fcreticilerin ekonomik kay\u0131plar\u0131n\u0131n telafi edilmesi amac\u0131yla 17 \u00fcreticiye bin adet zeytin ve 200 adet ke\u00e7iboynuzu fidan\u0131 hibe etti. Yanan bah\u00e7elere yeni fidanlar Fidan da\u011f\u0131t\u0131m\u0131n\u0131 ger\u00e7ekle\u015ftiren Antalya B\u00fcy\u00fck\u015fehir Belediyesi Tar\u0131msal Hizmetler Dairesi Ba\u015fkanl\u0131\u011f\u0131\u2019nda \u00e7al\u0131\u015fan Ziraat M\u00fchendisi Naime Kaya, yang\u0131n\u0131n ard\u0131ndan b\u00f6lgede hasar tespiti ger\u00e7ekle\u015ftirdiklerini belirterek, yang\u0131nda zarar g\u00f6ren \u00fcreticilere fidan deste\u011fi sa\u011flad\u0131klar\u0131n\u0131 s\u00f6yledi. Yang\u0131nda a\u011fa\u00e7lar\u0131 zarar g\u00f6ren Yumaklar Mahalle sakinleri Antalya B\u00fcy\u00fck\u015fehir Belediyesi\u2019nin deste\u011finden b\u00fcy\u00fck memnuniyet duyduklar\u0131n\u0131 dile getirdi. Kaynak: www.kanalv.com.tr Haber Sitesinden Al\u0131nm\u0131\u015ft\u0131r.\" \/>\n<meta property=\"og:url\" content=\"https:\/\/denizcankizil.tr\/en\/haberler\/antalya\/buyuksehirden-fidan-destegi\/\" \/>\n<meta property=\"og:site_name\" content=\"Av. Deniz Can K\u0131z\u0131l\" \/>\n<meta property=\"article:published_time\" content=\"2025-01-16T10:41:31+00:00\" \/>\n<meta property=\"og:image\" content=\"https:\/\/denizcankizil.tr\/wp-content\/uploads\/2025\/01\/4184-01-gWuvSN.jpeg\" \/>\n\t<meta property=\"og:image:width\" content=\"1280\" \/>\n\t<meta property=\"og:image:height\" content=\"720\" \/>\n\t<meta property=\"og:image:type\" content=\"image\/jpeg\" \/>\n<meta name=\"author\" content=\"Av. Deniz Can K\u0131z\u0131l\" \/>\n<meta name=\"twitter:card\" content=\"summary_large_image\" \/>\n<meta name=\"twitter:label1\" content=\"Written by\" \/>\n\t<meta name=\"twitter:data1\" content=\"Av. Deniz Can K\u0131z\u0131l\" \/>\n\t<meta name=\"twitter:label2\" content=\"Estimated reading time\" \/>\n\t<meta name=\"twitter:data2\" content=\"1 minute\" \/>\n<script type=\"application\/ld+json\" class=\"yoast-schema-graph\">{\"@context\":\"https:\/\/schema.org\",\"@graph\":[{\"@type\":\"Article\",\"@id\":\"https:\/\/denizcankizil.tr\/uk\/haberler\/antalya\/buyuksehirden-fidan-destegi\/#article\",\"isPartOf\":{\"@id\":\"https:\/\/denizcankizil.tr\/uk\/haberler\/antalya\/buyuksehirden-fidan-destegi\/\"},\"author\":{\"name\":\"Av. Deniz Can K\u0131z\u0131l\",\"@id\":\"https:\/\/denizcankizil.tr\/#\/schema\/person\/5dc1b22991bd7ac833867c10afc9b0ff\"},\"headline\":\"B\u00fcy\u00fck\u015fehir&#8217;den fidan deste\u011fi\",\"datePublished\":\"2025-01-16T10:41:31+00:00\",\"mainEntityOfPage\":{\"@id\":\"https:\/\/denizcankizil.tr\/uk\/haberler\/antalya\/buyuksehirden-fidan-destegi\/\"},\"wordCount\":172,\"commentCount\":0,\"publisher\":{\"@id\":\"https:\/\/denizcankizil.tr\/#organization\"},\"image\":{\"@id\":\"https:\/\/denizcankizil.tr\/uk\/haberler\/antalya\/buyuksehirden-fidan-destegi\/#primaryimage\"},\"thumbnailUrl\":\"https:\/\/denizcankizil.tr\/wp-content\/uploads\/2025\/01\/4184-01-gWuvSN.jpeg\",\"articleSection\":[\"Antalya\"],\"inLanguage\":\"en-GB\",\"potentialAction\":[{\"@type\":\"CommentAction\",\"name\":\"Comment\",\"target\":[\"https:\/\/denizcankizil.tr\/uk\/haberler\/antalya\/buyuksehirden-fidan-destegi\/#respond\"]}]},{\"@type\":\"WebPage\",\"@id\":\"https:\/\/denizcankizil.tr\/uk\/haberler\/antalya\/buyuksehirden-fidan-destegi\/\",\"url\":\"https:\/\/denizcankizil.tr\/uk\/haberler\/antalya\/buyuksehirden-fidan-destegi\/\",\"name\":\"B\u00fcy\u00fck\u015fehir'den fidan deste\u011fi - Av. Deniz Can K\u0131z\u0131l\",\"isPartOf\":{\"@id\":\"https:\/\/denizcankizil.tr\/#website\"},\"primaryImageOfPage\":{\"@id\":\"https:\/\/denizcankizil.tr\/uk\/haberler\/antalya\/buyuksehirden-fidan-destegi\/#primaryimage\"},\"image\":{\"@id\":\"https:\/\/denizcankizil.tr\/uk\/haberler\/antalya\/buyuksehirden-fidan-destegi\/#primaryimage\"},\"thumbnailUrl\":\"https:\/\/denizcankizil.tr\/wp-content\/uploads\/2025\/01\/4184-01-gWuvSN.jpeg\",\"datePublished\":\"2025-01-16T10:41:31+00:00\",\"breadcrumb\":{\"@id\":\"https:\/\/denizcankizil.tr\/uk\/haberler\/antalya\/buyuksehirden-fidan-destegi\/#breadcrumb\"},\"inLanguage\":\"en-GB\",\"potentialAction\":[{\"@type\":\"ReadAction\",\"target\":[\"https:\/\/denizcankizil.tr\/uk\/haberler\/antalya\/buyuksehirden-fidan-destegi\/\"]}]},{\"@type\":\"ImageObject\",\"inLanguage\":\"en-GB\",\"@id\":\"https:\/\/denizcankizil.tr\/uk\/haberler\/antalya\/buyuksehirden-fidan-destegi\/#primaryimage\",\"url\":\"https:\/\/denizcankizil.tr\/wp-content\/uploads\/2025\/01\/4184-01-gWuvSN.jpeg\",\"contentUrl\":\"https:\/\/denizcankizil.tr\/wp-content\/uploads\/2025\/01\/4184-01-gWuvSN.jpeg\",\"width\":1280,\"height\":720},{\"@type\":\"BreadcrumbList\",\"@id\":\"https:\/\/denizcankizil.tr\/uk\/haberler\/antalya\/buyuksehirden-fidan-destegi\/#breadcrumb\",\"itemListElement\":[{\"@type\":\"ListItem\",\"position\":1,\"name\":\"Home\",\"item\":\"https:\/\/denizcankizil.tr\/de\/\"},{\"@type\":\"ListItem\",\"position\":2,\"name\":\"B\u00fcy\u00fck\u015fehir&#8217;den fidan deste\u011fi\"}]},{\"@type\":\"WebSite\",\"@id\":\"https:\/\/denizcankizil.tr\/#website\",\"url\":\"https:\/\/denizcankizil.tr\/\",\"name\":\"Av. Deniz Can K\u0131z\u0131l\",\"description\":\"Avukat Deniz Can K\u0131z\u0131l Antalya Barosu\",\"publisher\":{\"@id\":\"https:\/\/denizcankizil.tr\/#organization\"},\"potentialAction\":[{\"@type\":\"SearchAction\",\"target\":{\"@type\":\"EntryPoint\",\"urlTemplate\":\"https:\/\/denizcankizil.tr\/?s={search_term_string}\"},\"query-input\":{\"@type\":\"PropertyValueSpecification\",\"valueRequired\":true,\"valueName\":\"search_term_string\"}}],\"inLanguage\":\"en-GB\"},{\"@type\":\"Organization\",\"@id\":\"https:\/\/denizcankizil.tr\/#organization\",\"name\":\"Av. Deniz Can K\u0131z\u0131l\",\"url\":\"https:\/\/denizcankizil.tr\/\",\"logo\":{\"@type\":\"ImageObject\",\"inLanguage\":\"en-GB\",\"@id\":\"https:\/\/denizcankizil.tr\/#\/schema\/logo\/image\/\",\"url\":\"https:\/\/denizcankizil.tr\/wp-content\/uploads\/2024\/10\/siyah-logo-svg.svg\",\"contentUrl\":\"https:\/\/denizcankizil.tr\/wp-content\/uploads\/2024\/10\/siyah-logo-svg.svg\",\"width\":1080,\"height\":1080,\"caption\":\"Av. Deniz Can K\u0131z\u0131l\"},\"image\":{\"@id\":\"https:\/\/denizcankizil.tr\/#\/schema\/logo\/image\/\"}},{\"@type\":\"Person\",\"@id\":\"https:\/\/denizcankizil.tr\/#\/schema\/person\/5dc1b22991bd7ac833867c10afc9b0ff\",\"name\":\"Av. Deniz Can K\u0131z\u0131l\",\"image\":{\"@type\":\"ImageObject\",\"inLanguage\":\"en-GB\",\"@id\":\"https:\/\/denizcankizil.tr\/#\/schema\/person\/image\/\",\"url\":\"https:\/\/secure.gravatar.com\/avatar\/a0b128fb9855c79efc976d5640eedb31dc35ec297594d6016d2cf7c60e975bb6?s=96&d=mm&r=g\",\"contentUrl\":\"https:\/\/secure.gravatar.com\/avatar\/a0b128fb9855c79efc976d5640eedb31dc35ec297594d6016d2cf7c60e975bb6?s=96&d=mm&r=g\",\"caption\":\"Av. Deniz Can K\u0131z\u0131l\"},\"sameAs\":[\"http:\/\/www.denizcankizil.tr\"],\"url\":\"https:\/\/denizcankizil.tr\/en\/author\/denizcankizil\/\"}]}<\/script>\n<!-- \/ Yoast SEO Premium plugin. -->","yoast_head_json":{"title":"B\u00fcy\u00fck\u015fehir'den fidan deste\u011fi - Av. Deniz Can K\u0131z\u0131l","robots":{"index":"index","follow":"follow","max-snippet":"max-snippet:-1","max-image-preview":"max-image-preview:large","max-video-preview":"max-video-preview:-1"},"canonical":"https:\/\/denizcankizil.tr\/en\/haberler\/antalya\/buyuksehirden-fidan-destegi\/","og_locale":"en_GB","og_type":"article","og_title":"B\u00fcy\u00fck\u015fehir'den fidan deste\u011fi","og_description":"Antalya B\u00fcy\u00fck\u015fehir Belediyesi 2024 y\u0131l\u0131 Temmuz ay\u0131nda Serik il\u00e7esi Yumaklar Mahallesi\u2019nde \u00e7\u0131kan yang\u0131nda zarar g\u00f6ren \u00fcreticilere destek elini uzatt\u0131. B\u00fcy\u00fck\u015fehir Belediyesi yang\u0131n nedeniyle zarar g\u00f6ren bah\u00e7elerin yeniden canlanmas\u0131 ve \u00fcreticilerin ekonomik kay\u0131plar\u0131n\u0131n telafi edilmesi amac\u0131yla 17 \u00fcreticiye bin adet zeytin ve 200 adet ke\u00e7iboynuzu fidan\u0131 hibe etti. Yanan bah\u00e7elere yeni fidanlar Fidan da\u011f\u0131t\u0131m\u0131n\u0131 ger\u00e7ekle\u015ftiren Antalya B\u00fcy\u00fck\u015fehir Belediyesi Tar\u0131msal Hizmetler Dairesi Ba\u015fkanl\u0131\u011f\u0131\u2019nda \u00e7al\u0131\u015fan Ziraat M\u00fchendisi Naime Kaya, yang\u0131n\u0131n ard\u0131ndan b\u00f6lgede hasar tespiti ger\u00e7ekle\u015ftirdiklerini belirterek, yang\u0131nda zarar g\u00f6ren \u00fcreticilere fidan deste\u011fi sa\u011flad\u0131klar\u0131n\u0131 s\u00f6yledi. Yang\u0131nda a\u011fa\u00e7lar\u0131 zarar g\u00f6ren Yumaklar Mahalle sakinleri Antalya B\u00fcy\u00fck\u015fehir Belediyesi\u2019nin deste\u011finden b\u00fcy\u00fck memnuniyet duyduklar\u0131n\u0131 dile getirdi. Kaynak: www.kanalv.com.tr Haber Sitesinden Al\u0131nm\u0131\u015ft\u0131r.","og_url":"https:\/\/denizcankizil.tr\/en\/haberler\/antalya\/buyuksehirden-fidan-destegi\/","og_site_name":"Av. Deniz Can K\u0131z\u0131l","article_published_time":"2025-01-16T10:41:31+00:00","og_image":[{"width":1280,"height":720,"url":"https:\/\/denizcankizil.tr\/wp-content\/uploads\/2025\/01\/4184-01-gWuvSN.jpeg","type":"image\/jpeg"}],"author":"Av. Deniz Can K\u0131z\u0131l","twitter_card":"summary_large_image","twitter_misc":{"Written by":"Av. Deniz Can K\u0131z\u0131l","Estimated reading time":"1 minute"},"schema":{"@context":"https:\/\/schema.org","@graph":[{"@type":"Article","@id":"https:\/\/denizcankizil.tr\/uk\/haberler\/antalya\/buyuksehirden-fidan-destegi\/#article","isPartOf":{"@id":"https:\/\/denizcankizil.tr\/uk\/haberler\/antalya\/buyuksehirden-fidan-destegi\/"},"author":{"name":"Av. Deniz Can K\u0131z\u0131l","@id":"https:\/\/denizcankizil.tr\/#\/schema\/person\/5dc1b22991bd7ac833867c10afc9b0ff"},"headline":"B\u00fcy\u00fck\u015fehir&#8217;den fidan deste\u011fi","datePublished":"2025-01-16T10:41:31+00:00","mainEntityOfPage":{"@id":"https:\/\/denizcankizil.tr\/uk\/haberler\/antalya\/buyuksehirden-fidan-destegi\/"},"wordCount":172,"commentCount":0,"publisher":{"@id":"https:\/\/denizcankizil.tr\/#organization"},"image":{"@id":"https:\/\/denizcankizil.tr\/uk\/haberler\/antalya\/buyuksehirden-fidan-destegi\/#primaryimage"},"thumbnailUrl":"https:\/\/denizcankizil.tr\/wp-content\/uploads\/2025\/01\/4184-01-gWuvSN.jpeg","articleSection":["Antalya"],"inLanguage":"en-GB","potentialAction":[{"@type":"CommentAction","name":"Comment","target":["https:\/\/denizcankizil.tr\/uk\/haberler\/antalya\/buyuksehirden-fidan-destegi\/#respond"]}]},{"@type":"WebPage","@id":"https:\/\/denizcankizil.tr\/uk\/haberler\/antalya\/buyuksehirden-fidan-destegi\/","url":"https:\/\/denizcankizil.tr\/uk\/haberler\/antalya\/buyuksehirden-fidan-destegi\/","name":"B\u00fcy\u00fck\u015fehir'den fidan deste\u011fi - Av. Deniz Can K\u0131z\u0131l","isPartOf":{"@id":"https:\/\/denizcankizil.tr\/#website"},"primaryImageOfPage":{"@id":"https:\/\/denizcankizil.tr\/uk\/haberler\/antalya\/buyuksehirden-fidan-destegi\/#primaryimage"},"image":{"@id":"https:\/\/denizcankizil.tr\/uk\/haberler\/antalya\/buyuksehirden-fidan-destegi\/#primaryimage"},"thumbnailUrl":"https:\/\/denizcankizil.tr\/wp-content\/uploads\/2025\/01\/4184-01-gWuvSN.jpeg","datePublished":"2025-01-16T10:41:31+00:00","breadcrumb":{"@id":"https:\/\/denizcankizil.tr\/uk\/haberler\/antalya\/buyuksehirden-fidan-destegi\/#breadcrumb"},"inLanguage":"en-GB","potentialAction":[{"@type":"ReadAction","target":["https:\/\/denizcankizil.tr\/uk\/haberler\/antalya\/buyuksehirden-fidan-destegi\/"]}]},{"@type":"ImageObject","inLanguage":"en-GB","@id":"https:\/\/denizcankizil.tr\/uk\/haberler\/antalya\/buyuksehirden-fidan-destegi\/#primaryimage","url":"https:\/\/denizcankizil.tr\/wp-content\/uploads\/2025\/01\/4184-01-gWuvSN.jpeg","contentUrl":"https:\/\/denizcankizil.tr\/wp-content\/uploads\/2025\/01\/4184-01-gWuvSN.jpeg","width":1280,"height":720},{"@type":"BreadcrumbList","@id":"https:\/\/denizcankizil.tr\/uk\/haberler\/antalya\/buyuksehirden-fidan-destegi\/#breadcrumb","itemListElement":[{"@type":"ListItem","position":1,"name":"Home","item":"https:\/\/denizcankizil.tr\/de\/"},{"@type":"ListItem","position":2,"name":"B\u00fcy\u00fck\u015fehir&#8217;den fidan deste\u011fi"}]},{"@type":"WebSite","@id":"https:\/\/denizcankizil.tr\/#website","url":"https:\/\/denizcankizil.tr\/","name":"Av. Deniz Can K\u0131z\u0131l","description":"Avukat Deniz Can K\u0131z\u0131l Antalya Barosu","publisher":{"@id":"https:\/\/denizcankizil.tr\/#organization"},"potentialAction":[{"@type":"SearchAction","target":{"@type":"EntryPoint","urlTemplate":"https:\/\/denizcankizil.tr\/?s={search_term_string}"},"query-input":{"@type":"PropertyValueSpecification","valueRequired":true,"valueName":"search_term_string"}}],"inLanguage":"en-GB"},{"@type":"Organization","@id":"https:\/\/denizcankizil.tr\/#organization","name":"Av. Deniz Can K\u0131z\u0131l","url":"https:\/\/denizcankizil.tr\/","logo":{"@type":"ImageObject","inLanguage":"en-GB","@id":"https:\/\/denizcankizil.tr\/#\/schema\/logo\/image\/","url":"https:\/\/denizcankizil.tr\/wp-content\/uploads\/2024\/10\/siyah-logo-svg.svg","contentUrl":"https:\/\/denizcankizil.tr\/wp-content\/uploads\/2024\/10\/siyah-logo-svg.svg","width":1080,"height":1080,"caption":"Av. Deniz Can K\u0131z\u0131l"},"image":{"@id":"https:\/\/denizcankizil.tr\/#\/schema\/logo\/image\/"}},{"@type":"Person","@id":"https:\/\/denizcankizil.tr\/#\/schema\/person\/5dc1b22991bd7ac833867c10afc9b0ff","name":"Av. Deniz Can K\u0131z\u0131l","image":{"@type":"ImageObject","inLanguage":"en-GB","@id":"https:\/\/denizcankizil.tr\/#\/schema\/person\/image\/","url":"https:\/\/secure.gravatar.com\/avatar\/a0b128fb9855c79efc976d5640eedb31dc35ec297594d6016d2cf7c60e975bb6?s=96&d=mm&r=g","contentUrl":"https:\/\/secure.gravatar.com\/avatar\/a0b128fb9855c79efc976d5640eedb31dc35ec297594d6016d2cf7c60e975bb6?s=96&d=mm&r=g","caption":"Av. Deniz Can K\u0131z\u0131l"},"sameAs":["http:\/\/www.denizcankizil.tr"],"url":"https:\/\/denizcankizil.tr\/en\/author\/denizcankizil\/"}]}},"_links":{"self":[{"href":"https:\/\/denizcankizil.tr\/en\/wp-json\/wp\/v2\/posts\/25644","targetHints":{"allow":["GET"]}}],"collection":[{"href":"https:\/\/denizcankizil.tr\/en\/wp-json\/wp\/v2\/posts"}],"about":[{"href":"https:\/\/denizcankizil.tr\/en\/wp-json\/wp\/v2\/types\/post"}],"author":[{"embeddable":true,"href":"https:\/\/denizcankizil.tr\/en\/wp-json\/wp\/v2\/users\/4"}],"replies":[{"embeddable":true,"href":"https:\/\/denizcankizil.tr\/en\/wp-json\/wp\/v2\/comments?post=25644"}],"version-history":[{"count":0,"href":"https:\/\/denizcankizil.tr\/en\/wp-json\/wp\/v2\/posts\/25644\/revisions"}],"wp:featuredmedia":[{"embeddable":true,"href":"https:\/\/denizcankizil.tr\/en\/wp-json\/wp\/v2\/media\/25645"}],"wp:attachment":[{"href":"https:\/\/denizcankizil.tr\/en\/wp-json\/wp\/v2\/media?parent=25644"}],"wp:term":[{"taxonomy":"category","embeddable":true,"href":"https:\/\/denizcankizil.tr\/en\/wp-json\/wp\/v2\/categories?post=25644"},{"taxonomy":"post_tag","embeddable":true,"href":"https:\/\/denizcankizil.tr\/en\/wp-json\/wp\/v2\/tags?post=25644"}],"curies":[{"name":"wp","href":"https:\/\/api.w.org\/{rel}","templated":true}]}}