{"id":25439,"date":"2025-01-15T11:42:13","date_gmt":"2025-01-15T08:42:13","guid":{"rendered":"https:\/\/denizcankizil.tr\/uncategorized-tr\/cumhurbaskani-imzaladi-turkiye-adalet-akademisi-altuna-emanet\/"},"modified":"2025-01-15T11:42:13","modified_gmt":"2025-01-15T08:42:13","slug":"cumhurbaskani-imzaladi-turkiye-adalet-akademisi-altuna-emanet","status":"publish","type":"post","link":"https:\/\/denizcankizil.tr\/en\/haberler\/gundem\/cumhurbaskani-imzaladi-turkiye-adalet-akademisi-altuna-emanet\/","title":{"rendered":"Cumhurba\u015fkan\u0131 imzalad\u0131&#8230; T\u00fcrkiye Adalet Akademisi Altun&#8217;a emanet"},"content":{"rendered":"<p>Cumhurba\u015fkan\u0131 Erdo\u011fan imzas\u0131yla yay\u0131mlanan kararlara g\u00f6re, T\u00fcrkiye Adalet Akademisi Ba\u015fkan\u0131 Muhittin \u00d6zdemir g\u00f6revden al\u0131n\u0131rken, yerine \u0130stanbul \u00c7a\u011flayan Adliyesi Adalet Komisyon Ba\u015fkan\u0131 Bekir Altun atand\u0131. Ayn\u0131 kararnamede ayr\u0131ca Adli T\u0131p Kurumu&#8217;nun ihtisas komisyonu \u00fcyeliklerinde de de\u011fi\u015fiklikler ya\u015fand\u0131.ANKARA (\u0130GFA) &#8211; Adli T\u0131p Kurumu ve T\u00fcrkiye Adalet Akademisine ili\u015fkin atama kararlar\u0131 bug\u00fcnk\u00fc Resmi Gazete&#8217;de yay\u0131mland\u0131.<br \/>\nCumhurba\u015fkan\u0131 Recep Tayyip Erdo\u011fan imzas\u0131yla yay\u0131mlanan kararlara g\u00f6re, T\u00fcrkiye Adalet Akademisi Ba\u015fkan\u0131 Muhittin \u00d6zdemir g\u00f6revden al\u0131nd\u0131, yerine Bekir Altun atand\u0131.<br \/>\nKararnamede Adli T\u0131p Kurumu Adli T\u0131p Birinci \u0130htisas Kurulu Adli T\u0131p \u00dcyeli\u011fi&#8217;ne Uzm. Dr. Halit \u00c7akar atand\u0131<br \/>\nAdli T\u0131p Kurumu b\u00fcnyesindeki Adli T\u0131p \u0130kinci \u0130htisas Kurulu Ba\u015fkanl\u0131klar\u0131 ile baz\u0131 ihtisas komisyon \u00fcyelerine yap\u0131lan atama ve g\u00f6revlendirmeler \u015f\u00f6yle:<\/p>\n<p>BEK\u0130R ALTUN HSK&#8217;YA \u015e\u0130KAYET ETT\u0130\u011e\u0130 D\u0130LEK\u00c7EYLE G\u00dcNDEME GELM\u0130\u015eT\u0130<br \/>\nHat\u0131rlanaca\u011f\u0131 gibi, T\u00fcrkiye Adalet Akademisi Ba\u015fkan\u0131 Muhittin \u00d6zdemir&#8217;\u0130 de g\u00f6revden ald\u0131, yerine atanan Bekir Altun, 2023 y\u0131l\u0131nda \u0130stanbul Anadolu Adalet Saray\u0131 Komisyon Ba\u015fkanl\u0131\u011f\u0131\u2019ndan, \u0130stanbul Adalet Saray\u0131 Komisyon Ba\u015fkanl\u0131\u011f\u0131\u2019na atanm\u0131\u015ft\u0131. Altun, eski \u0130stanbul Anadolu Cumhuriyet Ba\u015fsavc\u0131s\u0131 \u0130smail U\u00e7ar\u2019\u0131n yarg\u0131daki r\u00fc\u015fvet ve usuls\u00fczl\u00fck iddias\u0131yla baz\u0131 yarg\u0131 mensuplar\u0131n\u0131 Hakimler ve Savc\u0131lar Kurulu\u2019na (HSK) \u015fik\u00e2yet etti\u011fi dilek\u00e7eyle g\u00fcndeme gelmi\u015fti.<br \/>\nHSK\u2019ya yaz\u0131 yollayan Altun, U\u00e7ar i\u00e7in, &#8220;\u0130smail U\u00e7ar, karakteri itibar\u0131yla uyumlu \u00e7al\u0131\u015fmaya m\u00fcsait olmayan bir ki\u015filiktir. Anadolu Adliyesi\u2019nde 7 y\u0131ll\u0131k Komisyon Ba\u015fkanl\u0131\u011f\u0131m s\u00fcresi boyunca uyumlu \u00e7al\u0131\u015fma noktas\u0131nda s\u00fcrekli zorluklar g\u00f6stermi\u015ftir&#8221; ifadelerini kullanm\u0131\u015ft\u0131.<\/p>\n<p>\u200bCumhurba\u015fkan\u0131 Erdo\u011fan imzas\u0131yla yay\u0131mlanan kararlara g\u00f6re, T\u00fcrkiye Adalet Akademisi Ba\u015fkan\u0131 Muhittin \u00d6zdemir g\u00f6revden al\u0131n\u0131rken, yerine \u0130stanbul \u00c7a\u011flayan Adliyesi Adalet Komisyon Ba\u015fkan\u0131 Bekir Altun atand\u0131. Ayn\u0131 kararnamede ayr\u0131ca Adli T\u0131p Kurumu&#8217;nun ihtisas komisyonu \u00fcyeliklerinde de de\u011fi\u015fiklikler ya\u015fand\u0131.ANKARA (\u0130GFA) &#8211; Adli T\u0131p Kurumu ve T\u00fcrkiye Adalet Akademisine ili\u015fkin atama kararlar\u0131 bug\u00fcnk\u00fc Resmi Gazete&#8217;de yay\u0131mland\u0131.<br \/>\nCumhurba\u015fkan\u0131 Recep Tayyip Erdo\u011fan imzas\u0131yla yay\u0131mlanan kararlara g\u00f6re, T\u00fcrkiye Adalet Akademisi Ba\u015fkan\u0131 Muhittin \u00d6zdemir g\u00f6revden al\u0131nd\u0131, yerine Bekir Altun atand\u0131.<br \/>\nKararnamede Adli T\u0131p Kurumu Adli T\u0131p Birinci \u0130htisas Kurulu Adli T\u0131p \u00dcyeli\u011fi&#8217;ne Uzm. Dr. Halit \u00c7akar atand\u0131<br \/>\nAdli T\u0131p Kurumu b\u00fcnyesindeki Adli T\u0131p \u0130kinci \u0130htisas Kurulu Ba\u015fkanl\u0131klar\u0131 ile baz\u0131 ihtisas komisyon \u00fcyelerine yap\u0131lan atama ve g\u00f6revlendirmeler \u015f\u00f6yle:<\/p>\n<p>BEK\u0130R ALTUN HSK&#8217;YA \u015e\u0130KAYET ETT\u0130\u011e\u0130 D\u0130LEK\u00c7EYLE G\u00dcNDEME GELM\u0130\u015eT\u0130<br \/>\nHat\u0131rlanaca\u011f\u0131 gibi, T\u00fcrkiye Adalet Akademisi Ba\u015fkan\u0131 Muhittin \u00d6zdemir&#8217;\u0130 de g\u00f6revden ald\u0131, yerine atanan Bekir Altun, 2023 y\u0131l\u0131nda \u0130stanbul Anadolu Adalet Saray\u0131 Komisyon Ba\u015fkanl\u0131\u011f\u0131\u2019ndan, \u0130stanbul Adalet Saray\u0131 Komisyon Ba\u015fkanl\u0131\u011f\u0131\u2019na atanm\u0131\u015ft\u0131. Altun, eski \u0130stanbul Anadolu Cumhuriyet Ba\u015fsavc\u0131s\u0131 \u0130smail U\u00e7ar\u2019\u0131n yarg\u0131daki r\u00fc\u015fvet ve usuls\u00fczl\u00fck iddias\u0131yla baz\u0131 yarg\u0131 mensuplar\u0131n\u0131 Hakimler ve Savc\u0131lar Kurulu\u2019na (HSK) \u015fik\u00e2yet etti\u011fi dilek\u00e7eyle g\u00fcndeme gelmi\u015fti.<br \/>\nHSK\u2019ya yaz\u0131 yollayan Altun, U\u00e7ar i\u00e7in, &#8220;\u0130smail U\u00e7ar, karakteri itibar\u0131yla uyumlu \u00e7al\u0131\u015fmaya m\u00fcsait olmayan bir ki\u015filiktir. Anadolu Adliyesi\u2019nde 7 y\u0131ll\u0131k Komisyon Ba\u015fkanl\u0131\u011f\u0131m s\u00fcresi boyunca uyumlu \u00e7al\u0131\u015fma noktas\u0131nda s\u00fcrekli zorluklar g\u00f6stermi\u015ftir&#8221; ifadelerini kullanm\u0131\u015ft\u0131.\u00a0<\/p>\n<p>\u200bHaberin Al\u0131nt\u0131land\u0131\u011f\u0131 Kaynak: www.iskenderun.org<\/p>","protected":false},"excerpt":{"rendered":"<p>Cumhurba\u015fkan\u0131 Erdo\u011fan imzas\u0131yla yay\u0131mlanan kararlara g\u00f6re, T\u00fcrkiye Adalet Akademisi Ba\u015fkan\u0131 Muhittin \u00d6zdemir g\u00f6revden al\u0131n\u0131rken, yerine \u0130stanbul \u00c7a\u011flayan Adliyesi Adalet Komisyon Ba\u015fkan\u0131 Bekir Altun atand\u0131. Ayn\u0131 kararnamede ayr\u0131ca Adli T\u0131p Kurumu&#8217;nun ihtisas komisyonu \u00fcyeliklerinde de de\u011fi\u015fiklikler ya\u015fand\u0131.ANKARA (\u0130GFA) &#8211; Adli T\u0131p Kurumu ve T\u00fcrkiye Adalet Akademisine ili\u015fkin atama kararlar\u0131 bug\u00fcnk\u00fc Resmi Gazete&#8217;de yay\u0131mland\u0131. Cumhurba\u015fkan\u0131 Recep Tayyip Erdo\u011fan imzas\u0131yla yay\u0131mlanan kararlara g\u00f6re, T\u00fcrkiye Adalet Akademisi Ba\u015fkan\u0131 Muhittin \u00d6zdemir g\u00f6revden al\u0131nd\u0131, yerine Bekir Altun atand\u0131. Kararnamede Adli T\u0131p Kurumu Adli T\u0131p Birinci \u0130htisas Kurulu Adli T\u0131p \u00dcyeli\u011fi&#8217;ne Uzm. Dr. Halit \u00c7akar atand\u0131 Adli T\u0131p Kurumu b\u00fcnyesindeki Adli T\u0131p \u0130kinci \u0130htisas Kurulu Ba\u015fkanl\u0131klar\u0131 ile baz\u0131 ihtisas komisyon \u00fcyelerine yap\u0131lan atama ve g\u00f6revlendirmeler \u015f\u00f6yle: BEK\u0130R ALTUN HSK&#8217;YA \u015e\u0130KAYET ETT\u0130\u011e\u0130 D\u0130LEK\u00c7EYLE G\u00dcNDEME GELM\u0130\u015eT\u0130 Hat\u0131rlanaca\u011f\u0131 gibi, T\u00fcrkiye Adalet Akademisi Ba\u015fkan\u0131 Muhittin \u00d6zdemir&#8217;\u0130 de g\u00f6revden ald\u0131, yerine atanan Bekir Altun, 2023 y\u0131l\u0131nda \u0130stanbul Anadolu Adalet Saray\u0131 Komisyon Ba\u015fkanl\u0131\u011f\u0131\u2019ndan, \u0130stanbul Adalet Saray\u0131 Komisyon Ba\u015fkanl\u0131\u011f\u0131\u2019na atanm\u0131\u015ft\u0131. Altun, eski \u0130stanbul Anadolu Cumhuriyet Ba\u015fsavc\u0131s\u0131 \u0130smail U\u00e7ar\u2019\u0131n yarg\u0131daki r\u00fc\u015fvet ve usuls\u00fczl\u00fck iddias\u0131yla baz\u0131 yarg\u0131 mensuplar\u0131n\u0131 Hakimler ve Savc\u0131lar Kurulu\u2019na (HSK) \u015fik\u00e2yet etti\u011fi dilek\u00e7eyle g\u00fcndeme gelmi\u015fti. HSK\u2019ya yaz\u0131 yollayan Altun, U\u00e7ar i\u00e7in, &#8220;\u0130smail U\u00e7ar, karakteri itibar\u0131yla uyumlu \u00e7al\u0131\u015fmaya m\u00fcsait olmayan bir ki\u015filiktir. Anadolu Adliyesi\u2019nde 7 y\u0131ll\u0131k Komisyon Ba\u015fkanl\u0131\u011f\u0131m s\u00fcresi boyunca uyumlu \u00e7al\u0131\u015fma noktas\u0131nda s\u00fcrekli &hellip;<\/p>","protected":false},"author":1,"featured_media":0,"comment_status":"open","ping_status":"open","sticky":false,"template":"","format":"standard","meta":{"_acf_changed":false,"footnotes":""},"categories":[24],"tags":[],"class_list":["post-25439","post","type-post","status-publish","format-standard","has-post-thumbnail","hentry","category-gundem"],"acf":[],"yoast_head":"<!-- This site is optimized with the Yoast SEO Premium plugin v26.6 (Yoast SEO v27.1.1) - https:\/\/yoast.com\/product\/yoast-seo-premium-wordpress\/ -->\n<title>Cumhurba\u015fkan\u0131 imzalad\u0131... T\u00fcrkiye Adalet Akademisi Altun&#039;a emanet - Av. Deniz Can K\u0131z\u0131l<\/title>\n<meta name=\"robots\" content=\"index, follow, max-snippet:-1, max-image-preview:large, max-video-preview:-1\" \/>\n<link rel=\"canonical\" href=\"https:\/\/denizcankizil.tr\/en\/haberler\/gundem\/cumhurbaskani-imzaladi-turkiye-adalet-akademisi-altuna-emanet\/\" \/>\n<meta property=\"og:locale\" content=\"en_GB\" \/>\n<meta property=\"og:type\" content=\"article\" \/>\n<meta property=\"og:title\" content=\"Cumhurba\u015fkan\u0131 imzalad\u0131... T\u00fcrkiye Adalet Akademisi Altun&#039;a emanet\" \/>\n<meta property=\"og:description\" content=\"Cumhurba\u015fkan\u0131 Erdo\u011fan imzas\u0131yla yay\u0131mlanan kararlara g\u00f6re, T\u00fcrkiye Adalet Akademisi Ba\u015fkan\u0131 Muhittin \u00d6zdemir g\u00f6revden al\u0131n\u0131rken, yerine \u0130stanbul \u00c7a\u011flayan Adliyesi Adalet Komisyon Ba\u015fkan\u0131 Bekir Altun atand\u0131. Ayn\u0131 kararnamede ayr\u0131ca Adli T\u0131p Kurumu&#8217;nun ihtisas komisyonu \u00fcyeliklerinde de de\u011fi\u015fiklikler ya\u015fand\u0131.ANKARA (\u0130GFA) &#8211; Adli T\u0131p Kurumu ve T\u00fcrkiye Adalet Akademisine ili\u015fkin atama kararlar\u0131 bug\u00fcnk\u00fc Resmi Gazete&#8217;de yay\u0131mland\u0131. Cumhurba\u015fkan\u0131 Recep Tayyip Erdo\u011fan imzas\u0131yla yay\u0131mlanan kararlara g\u00f6re, T\u00fcrkiye Adalet Akademisi Ba\u015fkan\u0131 Muhittin \u00d6zdemir g\u00f6revden al\u0131nd\u0131, yerine Bekir Altun atand\u0131. Kararnamede Adli T\u0131p Kurumu Adli T\u0131p Birinci \u0130htisas Kurulu Adli T\u0131p \u00dcyeli\u011fi&#8217;ne Uzm. Dr. Halit \u00c7akar atand\u0131 Adli T\u0131p Kurumu b\u00fcnyesindeki Adli T\u0131p \u0130kinci \u0130htisas Kurulu Ba\u015fkanl\u0131klar\u0131 ile baz\u0131 ihtisas komisyon \u00fcyelerine yap\u0131lan atama ve g\u00f6revlendirmeler \u015f\u00f6yle: BEK\u0130R ALTUN HSK&#8217;YA \u015e\u0130KAYET ETT\u0130\u011e\u0130 D\u0130LEK\u00c7EYLE G\u00dcNDEME GELM\u0130\u015eT\u0130 Hat\u0131rlanaca\u011f\u0131 gibi, T\u00fcrkiye Adalet Akademisi Ba\u015fkan\u0131 Muhittin \u00d6zdemir&#8217;\u0130 de g\u00f6revden ald\u0131, yerine atanan Bekir Altun, 2023 y\u0131l\u0131nda \u0130stanbul Anadolu Adalet Saray\u0131 Komisyon Ba\u015fkanl\u0131\u011f\u0131\u2019ndan, \u0130stanbul Adalet Saray\u0131 Komisyon Ba\u015fkanl\u0131\u011f\u0131\u2019na atanm\u0131\u015ft\u0131. Altun, eski \u0130stanbul Anadolu Cumhuriyet Ba\u015fsavc\u0131s\u0131 \u0130smail U\u00e7ar\u2019\u0131n yarg\u0131daki r\u00fc\u015fvet ve usuls\u00fczl\u00fck iddias\u0131yla baz\u0131 yarg\u0131 mensuplar\u0131n\u0131 Hakimler ve Savc\u0131lar Kurulu\u2019na (HSK) \u015fik\u00e2yet etti\u011fi dilek\u00e7eyle g\u00fcndeme gelmi\u015fti. HSK\u2019ya yaz\u0131 yollayan Altun, U\u00e7ar i\u00e7in, &#8220;\u0130smail U\u00e7ar, karakteri itibar\u0131yla uyumlu \u00e7al\u0131\u015fmaya m\u00fcsait olmayan bir ki\u015filiktir. Anadolu Adliyesi\u2019nde 7 y\u0131ll\u0131k Komisyon Ba\u015fkanl\u0131\u011f\u0131m s\u00fcresi boyunca uyumlu \u00e7al\u0131\u015fma noktas\u0131nda s\u00fcrekli &hellip;\" \/>\n<meta property=\"og:url\" content=\"https:\/\/denizcankizil.tr\/en\/haberler\/gundem\/cumhurbaskani-imzaladi-turkiye-adalet-akademisi-altuna-emanet\/\" \/>\n<meta property=\"og:site_name\" content=\"Av. Deniz Can K\u0131z\u0131l\" \/>\n<meta property=\"article:published_time\" content=\"2025-01-15T08:42:13+00:00\" \/>\n<meta name=\"author\" content=\"admin\" \/>\n<meta name=\"twitter:card\" content=\"summary_large_image\" \/>\n<meta name=\"twitter:label1\" content=\"Written by\" \/>\n\t<meta name=\"twitter:data1\" content=\"admin\" \/>\n\t<meta name=\"twitter:label2\" content=\"Estimated reading time\" \/>\n\t<meta name=\"twitter:data2\" content=\"3 minutes\" \/>\n<script type=\"application\/ld+json\" class=\"yoast-schema-graph\">{\"@context\":\"https:\/\/schema.org\",\"@graph\":[{\"@type\":\"Article\",\"@id\":\"https:\/\/denizcankizil.tr\/en\/haberler\/gundem\/cumhurbaskani-imzaladi-turkiye-adalet-akademisi-altuna-emanet\/#article\",\"isPartOf\":{\"@id\":\"https:\/\/denizcankizil.tr\/en\/haberler\/gundem\/cumhurbaskani-imzaladi-turkiye-adalet-akademisi-altuna-emanet\/\"},\"author\":{\"name\":\"admin\",\"@id\":\"https:\/\/denizcankizil.tr\/de\/#\/schema\/person\/be3c05fe6a12686905512445d8185489\"},\"headline\":\"Cumhurba\u015fkan\u0131 imzalad\u0131&#8230; T\u00fcrkiye Adalet Akademisi Altun&#8217;a emanet\",\"datePublished\":\"2025-01-15T08:42:13+00:00\",\"mainEntityOfPage\":{\"@id\":\"https:\/\/denizcankizil.tr\/en\/haberler\/gundem\/cumhurbaskani-imzaladi-turkiye-adalet-akademisi-altuna-emanet\/\"},\"wordCount\":622,\"commentCount\":0,\"publisher\":{\"@id\":\"https:\/\/denizcankizil.tr\/de\/#organization\"},\"articleSection\":[\"G\u00fcndem\"],\"inLanguage\":\"en-GB\",\"potentialAction\":[{\"@type\":\"CommentAction\",\"name\":\"Comment\",\"target\":[\"https:\/\/denizcankizil.tr\/en\/haberler\/gundem\/cumhurbaskani-imzaladi-turkiye-adalet-akademisi-altuna-emanet\/#respond\"]}]},{\"@type\":\"WebPage\",\"@id\":\"https:\/\/denizcankizil.tr\/en\/haberler\/gundem\/cumhurbaskani-imzaladi-turkiye-adalet-akademisi-altuna-emanet\/\",\"url\":\"https:\/\/denizcankizil.tr\/en\/haberler\/gundem\/cumhurbaskani-imzaladi-turkiye-adalet-akademisi-altuna-emanet\/\",\"name\":\"Cumhurba\u015fkan\u0131 imzalad\u0131... T\u00fcrkiye Adalet Akademisi Altun'a emanet - Av. Deniz Can K\u0131z\u0131l\",\"isPartOf\":{\"@id\":\"https:\/\/denizcankizil.tr\/de\/#website\"},\"datePublished\":\"2025-01-15T08:42:13+00:00\",\"breadcrumb\":{\"@id\":\"https:\/\/denizcankizil.tr\/en\/haberler\/gundem\/cumhurbaskani-imzaladi-turkiye-adalet-akademisi-altuna-emanet\/#breadcrumb\"},\"inLanguage\":\"en-GB\",\"potentialAction\":[{\"@type\":\"ReadAction\",\"target\":[\"https:\/\/denizcankizil.tr\/en\/haberler\/gundem\/cumhurbaskani-imzaladi-turkiye-adalet-akademisi-altuna-emanet\/\"]}]},{\"@type\":\"BreadcrumbList\",\"@id\":\"https:\/\/denizcankizil.tr\/en\/haberler\/gundem\/cumhurbaskani-imzaladi-turkiye-adalet-akademisi-altuna-emanet\/#breadcrumb\",\"itemListElement\":[{\"@type\":\"ListItem\",\"position\":1,\"name\":\"Home\",\"item\":\"https:\/\/denizcankizil.tr\/de\/\"},{\"@type\":\"ListItem\",\"position\":2,\"name\":\"Cumhurba\u015fkan\u0131 imzalad\u0131&#8230; T\u00fcrkiye Adalet Akademisi Altun&#8217;a emanet\"}]},{\"@type\":\"WebSite\",\"@id\":\"https:\/\/denizcankizil.tr\/de\/#website\",\"url\":\"https:\/\/denizcankizil.tr\/de\/\",\"name\":\"Av. Deniz Can K\u0131z\u0131l\",\"description\":\"Avukat Deniz Can K\u0131z\u0131l Antalya Barosu\",\"publisher\":{\"@id\":\"https:\/\/denizcankizil.tr\/de\/#organization\"},\"potentialAction\":[{\"@type\":\"SearchAction\",\"target\":{\"@type\":\"EntryPoint\",\"urlTemplate\":\"https:\/\/denizcankizil.tr\/de\/?s={search_term_string}\"},\"query-input\":{\"@type\":\"PropertyValueSpecification\",\"valueRequired\":true,\"valueName\":\"search_term_string\"}}],\"inLanguage\":\"en-GB\"},{\"@type\":\"Organization\",\"@id\":\"https:\/\/denizcankizil.tr\/de\/#organization\",\"name\":\"Av. Deniz Can K\u0131z\u0131l\",\"url\":\"https:\/\/denizcankizil.tr\/de\/\",\"logo\":{\"@type\":\"ImageObject\",\"inLanguage\":\"en-GB\",\"@id\":\"https:\/\/denizcankizil.tr\/de\/#\/schema\/logo\/image\/\",\"url\":\"https:\/\/denizcankizil.tr\/wp-content\/uploads\/2024\/10\/siyah-logo-svg.svg\",\"contentUrl\":\"https:\/\/denizcankizil.tr\/wp-content\/uploads\/2024\/10\/siyah-logo-svg.svg\",\"width\":1080,\"height\":1080,\"caption\":\"Av. Deniz Can K\u0131z\u0131l\"},\"image\":{\"@id\":\"https:\/\/denizcankizil.tr\/de\/#\/schema\/logo\/image\/\"}},{\"@type\":\"Person\",\"@id\":\"https:\/\/denizcankizil.tr\/de\/#\/schema\/person\/be3c05fe6a12686905512445d8185489\",\"name\":\"admin\",\"image\":{\"@type\":\"ImageObject\",\"inLanguage\":\"en-GB\",\"@id\":\"https:\/\/denizcankizil.tr\/de\/#\/schema\/person\/image\/\",\"url\":\"https:\/\/secure.gravatar.com\/avatar\/c1fce94c830dc79107e174f890d7210541c4a63e8e5d816341794a2151c9d58c?s=96&d=mm&r=g\",\"contentUrl\":\"https:\/\/secure.gravatar.com\/avatar\/c1fce94c830dc79107e174f890d7210541c4a63e8e5d816341794a2151c9d58c?s=96&d=mm&r=g\",\"caption\":\"admin\"},\"sameAs\":[\"http:\/\/denizcankizil.tr\"],\"url\":\"https:\/\/www.iskenderun.org\/cumhurbaskani-imzaladi-turkiye-adalet-akademisi-altuna-emanet\"}]}<\/script>\n<!-- \/ Yoast SEO Premium plugin. -->","yoast_head_json":{"title":"Cumhurba\u015fkan\u0131 imzalad\u0131... T\u00fcrkiye Adalet Akademisi Altun'a emanet - Av. Deniz Can K\u0131z\u0131l","robots":{"index":"index","follow":"follow","max-snippet":"max-snippet:-1","max-image-preview":"max-image-preview:large","max-video-preview":"max-video-preview:-1"},"canonical":"https:\/\/denizcankizil.tr\/en\/haberler\/gundem\/cumhurbaskani-imzaladi-turkiye-adalet-akademisi-altuna-emanet\/","og_locale":"en_GB","og_type":"article","og_title":"Cumhurba\u015fkan\u0131 imzalad\u0131... T\u00fcrkiye Adalet Akademisi Altun'a emanet","og_description":"Cumhurba\u015fkan\u0131 Erdo\u011fan imzas\u0131yla yay\u0131mlanan kararlara g\u00f6re, T\u00fcrkiye Adalet Akademisi Ba\u015fkan\u0131 Muhittin \u00d6zdemir g\u00f6revden al\u0131n\u0131rken, yerine \u0130stanbul \u00c7a\u011flayan Adliyesi Adalet Komisyon Ba\u015fkan\u0131 Bekir Altun atand\u0131. Ayn\u0131 kararnamede ayr\u0131ca Adli T\u0131p Kurumu&#8217;nun ihtisas komisyonu \u00fcyeliklerinde de de\u011fi\u015fiklikler ya\u015fand\u0131.ANKARA (\u0130GFA) &#8211; Adli T\u0131p Kurumu ve T\u00fcrkiye Adalet Akademisine ili\u015fkin atama kararlar\u0131 bug\u00fcnk\u00fc Resmi Gazete&#8217;de yay\u0131mland\u0131. Cumhurba\u015fkan\u0131 Recep Tayyip Erdo\u011fan imzas\u0131yla yay\u0131mlanan kararlara g\u00f6re, T\u00fcrkiye Adalet Akademisi Ba\u015fkan\u0131 Muhittin \u00d6zdemir g\u00f6revden al\u0131nd\u0131, yerine Bekir Altun atand\u0131. Kararnamede Adli T\u0131p Kurumu Adli T\u0131p Birinci \u0130htisas Kurulu Adli T\u0131p \u00dcyeli\u011fi&#8217;ne Uzm. Dr. Halit \u00c7akar atand\u0131 Adli T\u0131p Kurumu b\u00fcnyesindeki Adli T\u0131p \u0130kinci \u0130htisas Kurulu Ba\u015fkanl\u0131klar\u0131 ile baz\u0131 ihtisas komisyon \u00fcyelerine yap\u0131lan atama ve g\u00f6revlendirmeler \u015f\u00f6yle: BEK\u0130R ALTUN HSK&#8217;YA \u015e\u0130KAYET ETT\u0130\u011e\u0130 D\u0130LEK\u00c7EYLE G\u00dcNDEME GELM\u0130\u015eT\u0130 Hat\u0131rlanaca\u011f\u0131 gibi, T\u00fcrkiye Adalet Akademisi Ba\u015fkan\u0131 Muhittin \u00d6zdemir&#8217;\u0130 de g\u00f6revden ald\u0131, yerine atanan Bekir Altun, 2023 y\u0131l\u0131nda \u0130stanbul Anadolu Adalet Saray\u0131 Komisyon Ba\u015fkanl\u0131\u011f\u0131\u2019ndan, \u0130stanbul Adalet Saray\u0131 Komisyon Ba\u015fkanl\u0131\u011f\u0131\u2019na atanm\u0131\u015ft\u0131. Altun, eski \u0130stanbul Anadolu Cumhuriyet Ba\u015fsavc\u0131s\u0131 \u0130smail U\u00e7ar\u2019\u0131n yarg\u0131daki r\u00fc\u015fvet ve usuls\u00fczl\u00fck iddias\u0131yla baz\u0131 yarg\u0131 mensuplar\u0131n\u0131 Hakimler ve Savc\u0131lar Kurulu\u2019na (HSK) \u015fik\u00e2yet etti\u011fi dilek\u00e7eyle g\u00fcndeme gelmi\u015fti. HSK\u2019ya yaz\u0131 yollayan Altun, U\u00e7ar i\u00e7in, &#8220;\u0130smail U\u00e7ar, karakteri itibar\u0131yla uyumlu \u00e7al\u0131\u015fmaya m\u00fcsait olmayan bir ki\u015filiktir. Anadolu Adliyesi\u2019nde 7 y\u0131ll\u0131k Komisyon Ba\u015fkanl\u0131\u011f\u0131m s\u00fcresi boyunca uyumlu \u00e7al\u0131\u015fma noktas\u0131nda s\u00fcrekli &hellip;","og_url":"https:\/\/denizcankizil.tr\/en\/haberler\/gundem\/cumhurbaskani-imzaladi-turkiye-adalet-akademisi-altuna-emanet\/","og_site_name":"Av. Deniz Can K\u0131z\u0131l","article_published_time":"2025-01-15T08:42:13+00:00","author":"admin","twitter_card":"summary_large_image","twitter_misc":{"Written by":"admin","Estimated reading time":"3 minutes"},"schema":{"@context":"https:\/\/schema.org","@graph":[{"@type":"Article","@id":"https:\/\/denizcankizil.tr\/en\/haberler\/gundem\/cumhurbaskani-imzaladi-turkiye-adalet-akademisi-altuna-emanet\/#article","isPartOf":{"@id":"https:\/\/denizcankizil.tr\/en\/haberler\/gundem\/cumhurbaskani-imzaladi-turkiye-adalet-akademisi-altuna-emanet\/"},"author":{"name":"admin","@id":"https:\/\/denizcankizil.tr\/de\/#\/schema\/person\/be3c05fe6a12686905512445d8185489"},"headline":"Cumhurba\u015fkan\u0131 imzalad\u0131&#8230; T\u00fcrkiye Adalet Akademisi Altun&#8217;a emanet","datePublished":"2025-01-15T08:42:13+00:00","mainEntityOfPage":{"@id":"https:\/\/denizcankizil.tr\/en\/haberler\/gundem\/cumhurbaskani-imzaladi-turkiye-adalet-akademisi-altuna-emanet\/"},"wordCount":622,"commentCount":0,"publisher":{"@id":"https:\/\/denizcankizil.tr\/de\/#organization"},"articleSection":["G\u00fcndem"],"inLanguage":"en-GB","potentialAction":[{"@type":"CommentAction","name":"Comment","target":["https:\/\/denizcankizil.tr\/en\/haberler\/gundem\/cumhurbaskani-imzaladi-turkiye-adalet-akademisi-altuna-emanet\/#respond"]}]},{"@type":"WebPage","@id":"https:\/\/denizcankizil.tr\/en\/haberler\/gundem\/cumhurbaskani-imzaladi-turkiye-adalet-akademisi-altuna-emanet\/","url":"https:\/\/denizcankizil.tr\/en\/haberler\/gundem\/cumhurbaskani-imzaladi-turkiye-adalet-akademisi-altuna-emanet\/","name":"Cumhurba\u015fkan\u0131 imzalad\u0131... T\u00fcrkiye Adalet Akademisi Altun'a emanet - Av. Deniz Can K\u0131z\u0131l","isPartOf":{"@id":"https:\/\/denizcankizil.tr\/de\/#website"},"datePublished":"2025-01-15T08:42:13+00:00","breadcrumb":{"@id":"https:\/\/denizcankizil.tr\/en\/haberler\/gundem\/cumhurbaskani-imzaladi-turkiye-adalet-akademisi-altuna-emanet\/#breadcrumb"},"inLanguage":"en-GB","potentialAction":[{"@type":"ReadAction","target":["https:\/\/denizcankizil.tr\/en\/haberler\/gundem\/cumhurbaskani-imzaladi-turkiye-adalet-akademisi-altuna-emanet\/"]}]},{"@type":"BreadcrumbList","@id":"https:\/\/denizcankizil.tr\/en\/haberler\/gundem\/cumhurbaskani-imzaladi-turkiye-adalet-akademisi-altuna-emanet\/#breadcrumb","itemListElement":[{"@type":"ListItem","position":1,"name":"Home","item":"https:\/\/denizcankizil.tr\/de\/"},{"@type":"ListItem","position":2,"name":"Cumhurba\u015fkan\u0131 imzalad\u0131&#8230; T\u00fcrkiye Adalet Akademisi Altun&#8217;a emanet"}]},{"@type":"WebSite","@id":"https:\/\/denizcankizil.tr\/de\/#website","url":"https:\/\/denizcankizil.tr\/de\/","name":"Av. Deniz Can K\u0131z\u0131l","description":"Avukat Deniz Can K\u0131z\u0131l Antalya Barosu","publisher":{"@id":"https:\/\/denizcankizil.tr\/de\/#organization"},"potentialAction":[{"@type":"SearchAction","target":{"@type":"EntryPoint","urlTemplate":"https:\/\/denizcankizil.tr\/de\/?s={search_term_string}"},"query-input":{"@type":"PropertyValueSpecification","valueRequired":true,"valueName":"search_term_string"}}],"inLanguage":"en-GB"},{"@type":"Organization","@id":"https:\/\/denizcankizil.tr\/de\/#organization","name":"Av. Deniz Can K\u0131z\u0131l","url":"https:\/\/denizcankizil.tr\/de\/","logo":{"@type":"ImageObject","inLanguage":"en-GB","@id":"https:\/\/denizcankizil.tr\/de\/#\/schema\/logo\/image\/","url":"https:\/\/denizcankizil.tr\/wp-content\/uploads\/2024\/10\/siyah-logo-svg.svg","contentUrl":"https:\/\/denizcankizil.tr\/wp-content\/uploads\/2024\/10\/siyah-logo-svg.svg","width":1080,"height":1080,"caption":"Av. Deniz Can K\u0131z\u0131l"},"image":{"@id":"https:\/\/denizcankizil.tr\/de\/#\/schema\/logo\/image\/"}},{"@type":"Person","@id":"https:\/\/denizcankizil.tr\/de\/#\/schema\/person\/be3c05fe6a12686905512445d8185489","name":"admin","image":{"@type":"ImageObject","inLanguage":"en-GB","@id":"https:\/\/denizcankizil.tr\/de\/#\/schema\/person\/image\/","url":"https:\/\/secure.gravatar.com\/avatar\/c1fce94c830dc79107e174f890d7210541c4a63e8e5d816341794a2151c9d58c?s=96&d=mm&r=g","contentUrl":"https:\/\/secure.gravatar.com\/avatar\/c1fce94c830dc79107e174f890d7210541c4a63e8e5d816341794a2151c9d58c?s=96&d=mm&r=g","caption":"admin"},"sameAs":["http:\/\/denizcankizil.tr"],"url":"https:\/\/www.iskenderun.org\/cumhurbaskani-imzaladi-turkiye-adalet-akademisi-altuna-emanet"}]}},"_links":{"self":[{"href":"https:\/\/denizcankizil.tr\/en\/wp-json\/wp\/v2\/posts\/25439","targetHints":{"allow":["GET"]}}],"collection":[{"href":"https:\/\/denizcankizil.tr\/en\/wp-json\/wp\/v2\/posts"}],"about":[{"href":"https:\/\/denizcankizil.tr\/en\/wp-json\/wp\/v2\/types\/post"}],"author":[{"embeddable":true,"href":"https:\/\/denizcankizil.tr\/en\/wp-json\/wp\/v2\/users\/1"}],"replies":[{"embeddable":true,"href":"https:\/\/denizcankizil.tr\/en\/wp-json\/wp\/v2\/comments?post=25439"}],"version-history":[{"count":0,"href":"https:\/\/denizcankizil.tr\/en\/wp-json\/wp\/v2\/posts\/25439\/revisions"}],"wp:attachment":[{"href":"https:\/\/denizcankizil.tr\/en\/wp-json\/wp\/v2\/media?parent=25439"}],"wp:term":[{"taxonomy":"category","embeddable":true,"href":"https:\/\/denizcankizil.tr\/en\/wp-json\/wp\/v2\/categories?post=25439"},{"taxonomy":"post_tag","embeddable":true,"href":"https:\/\/denizcankizil.tr\/en\/wp-json\/wp\/v2\/tags?post=25439"}],"curies":[{"name":"wp","href":"https:\/\/api.w.org\/{rel}","templated":true}]}}