{"id":25255,"date":"2025-01-14T14:56:30","date_gmt":"2025-01-14T11:56:30","guid":{"rendered":"https:\/\/denizcankizil.tr\/uncategorized-tr\/ombudsman-kurumu-ve-cimer-iliskiler-ve-sorunlar\/"},"modified":"2025-01-14T14:56:30","modified_gmt":"2025-01-14T11:56:30","slug":"ombudsman-kurumu-ve-cimer-iliskiler-ve-sorunlar","status":"publish","type":"post","link":"https:\/\/denizcankizil.tr\/en\/koseyazilari\/degerlendirme\/ombudsman-kurumu-ve-cimer-iliskiler-ve-sorunlar\/","title":{"rendered":"Ombudsman Kurumu ve C\u0130MER: \u0130li\u015fkiler ve Sorunlar"},"content":{"rendered":"<p> <strong>Ombudsman Kurumu\u200d ve C\u0130MER: \u0130li\u015fkiler ve Sorunlar<\/strong><\/p>\n<p>G\u00fcn\u00fcm\u00fczde\u2063 kamu hizmetlerinin \u200detkinli\u011fi ve vatanda\u015flar\u0131n haklar\u0131n\u0131n korunmas\u0131, \u2062demokratik bir toplumun temel unsurlar\u0131ndan biri olarak \u00f6ne\u2064 \u00e7\u0131kmaktad\u0131r. Bu ba\u011flamda, \u200bOmbudsman \u200ckurumu, bireylerin devletle olan ili\u015fkilerinde ya\u015fad\u0131klar\u0131 sorunlar\u0131 \u00e7\u00f6zmek amac\u0131yla \u00f6nemli \u200bbir\u200b mekanizma olarak i\u015flev g\u00f6rmektedir. T\u00fcrkiye&#8217;de \u200cOmbudsmanl\u0131k, 2012\u2063 y\u0131l\u0131nda kurulan Kamu Denet\u00e7ili\u011fi Kurumu arac\u0131l\u0131\u011f\u0131yla faaliyet \u200cg\u00f6stermekte olup, \u200cvatanda\u015flar\u0131n \u015fikayetlerini dinleyerek, devletin i\u015fleyi\u015fine dair ele\u015ftirileri de\u011ferlendirerek ve\u2062 \u00f6nerilerde \u2064bulunarak kamu hizmetlerinin kalitesini art\u0131rmay\u0131 hedeflemektedir. <\/p>\n<p>\u00d6te yandan, C\u0130MER (Cumhurba\u015fkanl\u0131\u011f\u0131 \u0130leti\u015fim Merkezi), vatanda\u015flar\u0131n \u200bdevletle olan ileti\u015fimlerini kolayla\u015ft\u0131rmak amac\u0131yla\u2062 olu\u015fturulmu\u015f bir\u2062 platformdur. C\u0130MER, \u200d<a href=\"https:\/\/denizcankizil.tr\/en\/seo\/antalyada-unlu-is-hukuku-ve-isci-avukati-inceleme-ve-analiz-2\/\" title=\"Antalya&#039;da \u00dcnl\u00fc \u0130\u015f Hukuku ve \u0130\u015f\u00e7i Avukat\u0131: \u0130nceleme ve Analiz\">bireylerin taleplerini<\/a>, \u2063\u015fikayetlerini ve\u2062 \u00f6nerilerini do\u011frudan iletebilece\u011fi bir\u200b kanal sunarak, kamu y\u00f6netiminde\u2064 \u015feffafl\u0131k ve hesap\u200d verebilirlik ilkelerini desteklemektedir. Ancak, Ombudsman\u200c kurumu ile C\u0130MER aras\u0131ndaki ili\u015fki,\u200d <a href=\"https:\/\/denizcankizil.tr\/en\/koseyazilari\/degerlendirme\/durusmada-goruntu-ve-ses-kayitlarinin-kullanim-sorunlari\/\" title=\"Duru\u015fmada G\u00f6r\u00fcnt\u00fc ve Ses Kay\u0131tlar\u0131n\u0131n Kullan\u0131m Sorunlar\u0131\">baz\u0131 sorunlar\u0131 da beraberinde getirmektedir<\/a>.\u2062 Bu\u200c makalede, Ombudsman kurumu ve C\u0130MER aras\u0131ndaki etkile\u015fimler, i\u015fleyi\u015fleri\u2064 ve kar\u015f\u0131la\u015f\u0131lan sorunlar \u2062detayl\u0131 \u200dbir \u015fekilde incelenecek, bu iki mekanizman\u0131n kamu hizmetleri \u00fczerindeki etkileri de\u011ferlendirilecektir.<br \/><img decoding=\"async\" class=\"kimage_class lazyload\" data-src=\"https:\/\/denizcankizil.tr\/wp-content\/uploads\/2024\/10\/4698-d180d0bed0bbd18c-d0b0d0b4d0b2d0bed0bad0b0d182d0b0-d0b2-d0b4d0b5d0bbd0b0d185-d0be-d0b3d180d0b0d0b6d0b4d0b0d0bdd181d182d0b2d0b5-d0b8-d0b8.jpg\" alt=\"Ombudsman Kurumunun\u2062 Tan\u0131m\u0131 ve \u0130\u015flevleri\" src=\"data:image\/svg+xml;base64,PHN2ZyB3aWR0aD0iMSIgaGVpZ2h0PSIxIiB4bWxucz0iaHR0cDovL3d3dy53My5vcmcvMjAwMC9zdmciPjwvc3ZnPg==\"><\/p>\n<h2 id=\"ombudsman-kurumunun-tanimi-ve-islevleri\">Ombudsman Kurumunun Tan\u0131m\u0131 ve \u0130\u015flevleri<\/h2>\n<section>\n<p>Ombudsman kurumu, kamu hizmetlerinin etkinli\u011fini art\u0131rmak ve vatanda\u015flar\u0131n haklar\u0131n\u0131 korumak amac\u0131yla kurulmu\u015f \u200cba\u011f\u0131ms\u0131z bir\u2064 denetim mekanizmas\u0131d\u0131r. Bu kurum,\u2063 devletin \u00e7e\u015fitli organlar\u0131 taraf\u0131ndan sunulan\u2062 hizmetlerin adil \u200bve \u015feffaf bir \u2064\u015fekilde y\u00fcr\u00fct\u00fclmesini sa\u011flamak \u2064i\u00e7in \u00f6nemli bir rol oynamaktad\u0131r. Ombudsman, vatanda\u015flar\u0131n \u200b\u015fikayetlerini dinleyerek, bu \u015fikayetlerin incelenmesini \u200bve gerekli durumlarda \u00e7\u00f6z\u00fcm\u200d \u00f6nerileri\u2064 sunulmas\u0131n\u0131 sa\u011flar.<\/p>\n<p>Ombudsman kurumunun ba\u015fl\u0131ca\u200c i\u015flevleri aras\u0131nda \u015funlar yer almaktad\u0131r:<\/p>\n<ul>\n<li><strong>\u015eikayetlerin\u2063 De\u011ferlendirilmesi:<\/strong> \u200bVatanda\u015flar\u0131n \u200ckamu kurumlar\u0131yla ilgili ya\u015fad\u0131\u011f\u0131 sorunlar\u0131\u200c dinleyerek, bu sorunlar\u0131n \u00e7\u00f6z\u00fcm\u00fcne y\u00f6nelik \u00f6nerilerde bulunmak.<\/li>\n<li><strong>Denetim ve \u0130zleme:<\/strong> Kamu \u200chizmetlerinin sunumunu izleyerek, bu hizmetlerin kalitesini art\u0131rmak i\u00e7in \u200bgerekli denetimleri ger\u00e7ekle\u015ftirmek.<\/li>\n<li><strong>Bilgilendirme:<\/strong> Kamuoyunu,\u2064 haklar\u0131 ve ba\u015fvuru s\u00fcre\u00e7leri hakk\u0131nda bilgilendirerek, vatanda\u015flar\u0131n bilin\u00e7lenmesine katk\u0131da bulunmak.<\/li>\n<li><strong>\u00d6neri ve Raporlama:<\/strong> Kamu kurumlar\u0131na y\u00f6nelik \u00f6nerilerde bulunarak, hizmetlerin iyile\u015ftirilmesine y\u00f6nelik raporlar haz\u0131rlamak.<\/li>\n<\/ul>\n<p>Bu i\u015flevler, Ombudsman \u2063kurumunun vatanda\u015flar\u0131n devletle olan ili\u015fkilerini g\u00fc\u00e7lendirmesi ve\u200d kamu hizmetlerinin kalitesini art\u0131rmas\u0131 a\u00e7\u0131s\u0131ndan b\u00fcy\u00fck \u200d\u00f6nem ta\u015f\u0131maktad\u0131r. Ombudsman, ba\u011f\u0131ms\u0131z bir otorite olarak, kamu hizmetlerinin daha etkin ve adil bir \u200b\u015fekilde sunulmas\u0131na katk\u0131da\u2064 bulunarak,\u200b demokratik bir\u200b toplumun \u2063temel \u200cta\u015flar\u0131ndan birini olu\u015fturmaktad\u0131r.<\/p>\n<\/section>\n<p><img decoding=\"async\" class=\"kimage_class lazyload\" data-src=\"https:\/\/denizcankizil.tr\/wp-content\/uploads\/2024\/10\/P8RPY-253D.jpg\" alt=\"C\u0130MERin Kurulu\u015f Amac\u0131 ve Faaliyet Alanlar\u0131\" src=\"data:image\/svg+xml;base64,PHN2ZyB3aWR0aD0iMSIgaGVpZ2h0PSIxIiB4bWxucz0iaHR0cDovL3d3dy53My5vcmcvMjAwMC9zdmciPjwvc3ZnPg==\"><\/p>\n<h2 id=\"cimerin-kurulus-amaci-ve-faaliyet-alanlari\">C\u0130MERin\u2064 Kurulu\u015f \u200bAmac\u0131 ve Faaliyet Alanlar\u0131<\/h2>\n<section>\n<h2>C\u0130MER&#8217;in Kurulu\u015f Amac\u0131 ve Faaliyet\u200d Alanlar\u0131<\/h2>\n<p>C\u0130MER, yani Cumhurba\u015fkanl\u0131\u011f\u0131 \u200c\u0130leti\u015fim Merkezi, T\u00fcrkiye \u200dCumhuriyeti&#8217;nin vatanda\u015flar\u0131 ile devlet aras\u0131ndaki ileti\u015fimi\u200c g\u00fc\u00e7lendirmek amac\u0131yla kurulmu\u015ftur. Bu merkez,\u2064 bireylerin kamu hizmetlerine eri\u015fimini kolayla\u015ft\u0131rmay\u0131 ve devletin \u015feffafl\u0131k ilkesini benimsemesini sa\u011flamak i\u00e7in \u00f6nemli bir rol oynamaktad\u0131r. C\u0130MER, <a href=\"https:\/\/denizcankizil.tr\/en\/haberler\/antalya\/yilbasi-coskusu-dokumaparkta-basladi\/\" title=\"Y\u0131lba\u015f\u0131 co\u015fkusu DokumaPark\u2019ta ba\u015flad\u0131\">vatanda\u015flar\u0131n taleplerini<\/a>,\u200c \u015fikayetlerini ve \u00f6nerilerini\u2062 do\u011frudan iletebilece\u011fi bir \u200bplatform sunarak, kamu y\u00f6netiminde etkinli\u011fi\u200d art\u0131rmay\u0131 hedeflemektedir.<\/p>\n<p>C\u0130MER&#8217;in faaliyet \u200dalanlar\u0131\u200c olduk\u00e7a geni\u015ftir.\u2062 Bu kapsamda, \u2064a\u015fa\u011f\u0131daki ba\u015fl\u0131klar \u00f6ne \u00e7\u0131kmaktad\u0131r:<\/p>\n<ul>\n<li><strong>Vatanda\u015f Taleplerinin Y\u00f6netimi:<\/strong> C\u0130MER, bireylerin devlet kurumlar\u0131na y\u00f6nelik taleplerini toplar ve ilgili birimlere y\u00f6nlendirir.<\/li>\n<li><strong>\u015eikayetlerin \u200dDe\u011ferlendirilmesi:<\/strong> Kamu\u200d hizmetleri ile ilgili \u015fikayetler, \u200bC\u0130MER arac\u0131l\u0131\u011f\u0131yla toplanarak incelenir ve \u00e7\u00f6z\u00fcm \u00f6nerileri geli\u015ftirilir.<\/li>\n<li><strong>Bilgilendirme ve Dan\u0131\u015fmanl\u0131k Hizmetleri:<\/strong> C\u0130MER, vatanda\u015flara \u2064kamu hizmetleri\u200b hakk\u0131nda bilgi vererek, y\u00f6nlendirme\u2063 yapar.<\/li>\n<li><strong>\u015eeffafl\u0131k ve Hesap Verebilirlik:<\/strong> Kamu kurumlar\u0131n\u0131n faaliyetleri hakk\u0131nda bilgi ak\u0131\u015f\u0131n\u0131 sa\u011flayarak, \u200ddevletin hesap verebilirli\u011fini art\u0131r\u0131r.<\/li>\n<\/ul>\n<p>Sonu\u00e7 olarak, C\u0130MER, vatanda\u015flar\u0131n\u2064 devletle olan\u200b etkile\u015fimlerini kolayla\u015ft\u0131ran ve kamu hizmetlerinin kalitesini art\u0131rmay\u0131 ama\u00e7layan \u00f6nemli bir yap\u0131 olarak \u00f6ne \u00e7\u0131kmaktad\u0131r. Bu\u200b merkez, bireylerin haklar\u0131n\u0131 \u2062savunma\u200b ve kamu y\u00f6netiminde daha\u200b etkin bir rol alma f\u0131rsat\u0131 sunmaktad\u0131r.<\/p>\n<\/section>\n<p><img decoding=\"async\" class=\"kimage_class lazyload\" data-src=\"https:\/\/denizcankizil.tr\/wp-content\/uploads\/2024\/10\/3982-antalyadaki-fikri-ve-sinai-haklar-avukatlarinin-yetki-alanlari.jpg\" alt=\"Ombudsman Kurumu\u200b ile \u2063C\u0130MER \u200dAras\u0131ndaki \u0130li\u015fkinin \u0130ncelenmesi\" src=\"data:image\/svg+xml;base64,PHN2ZyB3aWR0aD0iMSIgaGVpZ2h0PSIxIiB4bWxucz0iaHR0cDovL3d3dy53My5vcmcvMjAwMC9zdmciPjwvc3ZnPg==\"><\/p>\n<h2 id=\"ombudsman-kurumu-ile-cimer-arasindaki-iliskinin-incelenmesi\">Ombudsman Kurumu ile C\u0130MER\u2063 Aras\u0131ndaki \u200b\u0130li\u015fkinin \u0130ncelenmesi<\/h2>\n<section>\n<p>Ombudsman \u2064Kurumu ile C\u0130MER (Cumhurba\u015fkanl\u0131\u011f\u0131 \u0130leti\u015fim Merkezi) \u2063aras\u0131ndaki ili\u015fki, kamu\u2063 hizmetlerinin etkinli\u011fi ve vatanda\u015flar\u0131n haklar\u0131n\u0131n korunmas\u0131 a\u00e7\u0131s\u0131ndan \u00f6nemli bir yere \u200dsahiptir. Her iki kurum da vatanda\u015flar\u0131n \u2062taleplerini dinleyerek, sorunlar\u0131na \u00e7\u00f6z\u00fcm\u2063 bulmay\u0131 ama\u00e7lamaktad\u0131r. Ancak, \u200cbu iki kurumun\u2063 i\u015fleyi\u015fi ve\u200c yetki alanlar\u0131 aras\u0131nda \u200bbaz\u0131 farkl\u0131l\u0131klar bulunmaktad\u0131r.<\/p>\n<p>Ombudsman Kurumu, ba\u011f\u0131ms\u0131z bir denetim mekanizmas\u0131 olarak, \u200ckamu hizmetlerinin\u200d sunumunda ya\u015fanan aksakl\u0131klar\u0131 incelemekte ve\u200d bu konularda \u00f6nerilerde bulunmaktad\u0131r. C\u0130MER ise, vatanda\u015flar\u0131n devletle olan ileti\u015fimini kolayla\u015ft\u0131rmak amac\u0131yla kurulmu\u015f bir platformdur. Bu ba\u011flamda, C\u0130MER \u00fczerinden yap\u0131lan ba\u015fvurular, Ombudsman Kurumu&#8217;na y\u00f6nlendirilebilmektedir. Ancak,\u200d bu \u2064s\u00fcre\u00e7te baz\u0131 sorunlar \u200dortaya \u00e7\u0131kabilmektedir:<\/p>\n<ul>\n<li><strong>Ba\u015fvuru Y\u00f6ntemleri:<\/strong> C\u0130MER \u00fczerinden yap\u0131lan ba\u015fvurular\u0131n, Ombudsman Kurumu&#8217;na iletilmesi s\u00fcrecinde ya\u015fanan gecikmeler.<\/li>\n<li><strong>Yetki Karma\u015fas\u0131:<\/strong> Her iki kurumun yetki alanlar\u0131n\u0131n net bir \u200c\u015fekilde tan\u0131mlanmamas\u0131, vatanda\u015flar\u0131n hangi kuruma ba\u015fvurmas\u0131 gerekti\u011fi konusunda\u2063 kafa kar\u0131\u015f\u0131kl\u0131\u011f\u0131na \u2062yol \u2063a\u00e7abilmektedir.<\/li>\n<li><strong>\u0130leti\u015fim Eksiklikleri:<\/strong> Ombudsman \u200cKurumu ve C\u0130MER aras\u0131nda yeterli ileti\u015fim sa\u011flanamamas\u0131, \u2063ba\u015fvurular\u0131n etkin bir \u015fekilde de\u011ferlendirilmesini engelleyebilir.<\/li>\n<\/ul>\n<p>Sonu\u00e7 olarak, Ombudsman \u200bKurumu ile C\u0130MER aras\u0131ndaki ili\u015fki, kamu \u2064hizmetlerinin kalitesini art\u0131rmak ve vatanda\u015flar\u0131n haklar\u0131n\u0131 korumak ad\u0131na kritik bir \u00f6neme sahiptir.\u2064 Bu iki kurumun\u2063 i\u015fbirli\u011fi ve\u2064 koordinasyonu,\u200b sorunlar\u0131n daha h\u0131zl\u0131\u200c ve\u200c etkili bir \u015fekilde \u2064\u00e7\u00f6z\u00fclmesine katk\u0131 sa\u011flayacakt\u0131r.<\/p>\n<\/section>\n<h2 id=\"ombudsman-kurumunun-cimer-uzerindeki-etkileri\">Ombudsman\u200b Kurumunun C\u0130MER \u00dczerindeki Etkileri<\/h2>\n<p>Ombudsman kurumunun, C\u0130MER\u200b (Cumhurba\u015fkanl\u0131\u011f\u0131 \u0130leti\u015fim Merkezi) \u00fczerindeki etkileri, kamu hizmetlerinin denetimi ve vatanda\u015flar\u0131n haklar\u0131n\u0131n korunmas\u0131 a\u00e7\u0131s\u0131ndan \u00f6nemli bir konudur. Ombudsman, \u200bkamu kurumlar\u0131yla ilgili \u200c\u015fikayetleri inceleyerek, vatanda\u015flar\u0131n sorunlar\u0131na\u200c \u00e7\u00f6z\u00fcm bulmay\u0131 ama\u00e7layan\u200c ba\u011f\u0131ms\u0131z bir denetim mekanizmas\u0131d\u0131r.\u200c C\u0130MER ise, vatanda\u015flar\u0131n devletle olan ileti\u015fimlerini kolayla\u015ft\u0131ran\u2064 bir platform \u2063olarak\u2064 \u00f6ne \u200c\u00e7\u0131kmaktad\u0131r. Bu iki \u2064kurum aras\u0131ndaki ili\u015fki, \u2062kamu y\u00f6netiminde \u015feffafl\u0131k ve hesap \u2064verebilirlik a\u00e7\u0131s\u0131ndan kritik bir rol oynamaktad\u0131r.<\/p>\n<p>Ombudsman kurumunun C\u0130MER \u00fczerindeki etkileri \u015fu \u015fekilde \u00f6zetlenebilir:<\/p>\n<ul>\n<li><strong>\u015eikayetlerin Y\u00f6nlendirilmesi:<\/strong> \u200dC\u0130MER \u200b\u00fczerinden yap\u0131lan ba\u015fvurular, Ombudsman kurumuna y\u00f6nlendirilerek daha derinlemesine bir \u200binceleme s\u00fcrecine tabi tutulabilir.<\/li>\n<li><strong>Veri Analizi:<\/strong> Ombudsman, C\u0130MER \u2062arac\u0131l\u0131\u011f\u0131yla toplanan verileri analiz ederek, kamu \u2063hizmetlerinde ya\u015fanan sorunlar\u0131 tespit edebilir.<\/li>\n<li><strong>Hizmet Kalitesinin Art\u0131r\u0131lmas\u0131:<\/strong> Ombudsman, C\u0130MER&#8217;den gelen geri bildirimleri de\u011ferlendirerek,\u2064 kamu hizmetlerinin kalitesini art\u0131rmaya y\u00f6nelik\u200b \u00f6nerilerde bulunabilir.<\/li>\n<li><strong>Vatanda\u015f Bilin\u00e7lendirme:<\/strong> Ombudsman, C\u0130MER arac\u0131l\u0131\u011f\u0131yla vatanda\u015flar\u0131 haklar\u0131\u2063 konusunda bilgilendirerek, kamu hizmetlerine eri\u015fimlerini kolayla\u015ft\u0131rabilir.<\/li>\n<\/ul>\n<p>Sonu\u00e7 olarak,\u200c Ombudsman kurumu ile C\u0130MER aras\u0131ndaki etkile\u015fim, kamu \u200cy\u00f6netiminde vatanda\u015f odakl\u0131 bir yakla\u015f\u0131m\u0131n benimsenmesine katk\u0131 sa\u011flamaktad\u0131r. Bu i\u015f\u200b birli\u011fi, hem vatanda\u015flar\u0131n haklar\u0131n\u0131n\u200c korunmas\u0131 hem de kamu hizmetlerinin etkinli\u011finin \u200cart\u0131r\u0131lmas\u0131 \u2062a\u00e7\u0131s\u0131ndan\u2064 b\u00fcy\u00fck \u2063\u00f6nem \u2062ta\u015f\u0131maktad\u0131r.<\/p>\n<p><img decoding=\"async\" class=\"kimage_class lazyload\" data-src=\"https:\/\/denizcankizil.tr\/wp-content\/uploads\/2024\/10\/4382-antalyada-ticaret-hukuku-avukatlarinin-yetki-alanlari.jpg\" alt=\"C\u0130MER Kullan\u0131c\u0131lar\u0131n\u0131n\u2064 Ombudsman Kurumuna Y\u00f6nlendirilmesi\" src=\"data:image\/svg+xml;base64,PHN2ZyB3aWR0aD0iMSIgaGVpZ2h0PSIxIiB4bWxucz0iaHR0cDovL3d3dy53My5vcmcvMjAwMC9zdmciPjwvc3ZnPg==\"><\/p>\n<h2 id=\"cimer-kullanicilarinin-ombudsman-kurumuna-yonlendirilmesi\">C\u0130MER \u200bKullan\u0131c\u0131lar\u0131n\u0131n Ombudsman Kurumuna Y\u00f6nlendirilmesi<\/h2>\n<p>C\u0130MER (Cumhurba\u015fkanl\u0131\u011f\u0131\u200b \u0130leti\u015fim Merkezi), vatanda\u015flar\u0131n kamu kurumlar\u0131yla olan\u200b ileti\u015fimlerini kolayla\u015ft\u0131rmak amac\u0131yla kurulmu\u015f bir platformdur. Ancak,\u200c baz\u0131 durumlarda C\u0130MER \u00fczerinden yap\u0131lan ba\u015fvurular\u0131n Ombudsman Kurumu&#8217;na y\u00f6nlendirilmesi gerekmektedir. Bu y\u00f6nlendirme, vatanda\u015flar\u0131n haklar\u0131n\u0131n korunmas\u0131 ve kamu hizmetlerinin etkin bir \u2064\u015fekilde \u2063denetlenmesi \u200da\u00e7\u0131s\u0131ndan b\u00fcy\u00fck \u00f6nem ta\u015f\u0131maktad\u0131r.<\/p>\n<p>Ombudsman Kurumu, bireylerin kamu hizmetleriyle \u200cilgili ya\u015fad\u0131klar\u0131 sorunlar\u0131\u2063 inceleyerek, bu sorunlar\u0131n \u00e7\u00f6z\u00fcm\u00fcne\u200c y\u00f6nelik \u00f6nerilerde bulunan ba\u011f\u0131ms\u0131z bir denetim mekanizmas\u0131d\u0131r. C\u0130MER \u00fczerinden yap\u0131lan ba\u015fvurular\u0131n \u2064Ombudsman&#8217;a y\u00f6nlendirilmesi,\u200c a\u015fa\u011f\u0131daki nedenlerden dolay\u0131 \u00f6nemlidir:<\/p>\n<ul>\n<li><strong>Ba\u011f\u0131ms\u0131z Denetim:<\/strong> Ombudsman, kamu kurumlar\u0131n\u0131n uygulamalar\u0131n\u0131 ba\u011f\u0131ms\u0131z bir \u015fekilde\u200b denetleyerek, vatanda\u015flar\u0131n haklar\u0131n\u0131\u2063 koruma g\u00f6revini \u00fcstlenir.<\/li>\n<li><strong>\u00c7\u00f6z\u00fcm S\u00fcreci:<\/strong> C\u0130MER\u2062 \u00fczerinden iletilen \u015fikayetlerin \u2062Ombudsman&#8217;a y\u00f6nlendirilmesi, daha kapsaml\u0131 bir\u2063 inceleme ve \u00e7\u00f6z\u00fcm s\u00fcreci sa\u011flar.<\/li>\n<li><strong>Hukuki Destek:<\/strong> \u2062Ombudsman, vatanda\u015flara hukuki\u2064 destek sunarak,\u2063 hak arama s\u00fcre\u00e7lerinde rehberlik\u200b eder.<\/li>\n<\/ul>\n<p>Sonu\u00e7\u200c olarak,\u200c C\u0130MER kullan\u0131c\u0131lar\u0131n\u0131n Ombudsman Kurumu&#8217;na y\u00f6nlendirilmesi, kamu hizmetlerinin kalitesinin art\u0131r\u0131lmas\u0131 ve vatanda\u015flar\u0131n\u2063 haklar\u0131n\u0131n korunmas\u0131 a\u00e7\u0131s\u0131ndan kritik bir rol oynamaktad\u0131r. \u200dBu\u200b s\u00fcre\u00e7, kamu kurumlar\u0131n\u0131n hesap\u200c verebilirli\u011fini art\u0131rarak, vatanda\u015flar\u0131n \u2063g\u00fcvenini\u200c peki\u015ftirmektedir.<\/p>\n<p><img decoding=\"async\" class=\"kimage_class lazyload\" data-src=\"https:\/\/denizcankizil.tr\/wp-content\/uploads\/2024\/10\/mpmXk-253D.jpg\" alt=\"Ombudsman Kurumu ve C\u0130MER \u2064Aras\u0131ndaki Sorunlar ve \u00c7\u00f6z\u00fcm \u00d6nerileri\" src=\"data:image\/svg+xml;base64,PHN2ZyB3aWR0aD0iMSIgaGVpZ2h0PSIxIiB4bWxucz0iaHR0cDovL3d3dy53My5vcmcvMjAwMC9zdmciPjwvc3ZnPg==\"><\/p>\n<h2 id=\"ombudsman-kurumu-ve-cimer-arasindaki-sorunlar-ve-cozum-onerileri\">Ombudsman Kurumu ve C\u0130MER Aras\u0131ndaki Sorunlar ve \u00c7\u00f6z\u00fcm \u00d6nerileri<\/h2>\n<p>Ombudsman\u200c Kurumu ve C\u0130MER\u200c (Cumhurba\u015fkanl\u0131\u011f\u0131 \u0130leti\u015fim Merkezi) aras\u0131ndaki ili\u015fkiler, kamu hizmetlerinin etkinli\u011fi ve vatanda\u015flar\u0131n haklar\u0131n\u0131n korunmas\u0131 a\u00e7\u0131s\u0131ndan b\u00fcy\u00fck \u00f6nem ta\u015f\u0131maktad\u0131r. \u2062Ancak, bu iki kurum aras\u0131nda baz\u0131 sorunlar ya\u015fanmaktad\u0131r. Bu \u200csorunlar, \u200cgenellikle\u2064 ileti\u015fim eksiklikleri ve g\u00f6rev tan\u0131mlar\u0131ndaki belirsizliklerden kaynaklanmaktad\u0131r.<\/p>\n<p>Bu ba\u011flamda, a\u015fa\u011f\u0131daki \u2062sorunlar \u00f6ne \u00e7\u0131kmaktad\u0131r:<\/p>\n<ul>\n<li><strong>\u0130leti\u015fim Sorunlar\u0131:<\/strong> Ombudsman\u200b Kurumu ve C\u0130MER aras\u0131nda yeterli bilgi \u2064ak\u0131\u015f\u0131n\u0131n\u2063 sa\u011flanamamas\u0131, vatanda\u015flar\u0131n taleplerinin etkin \u200bbir \u015fekilde de\u011ferlendirilmesini \u200cengellemektedir.<\/li>\n<li><strong>G\u00f6rev\u200c Tan\u0131mlar\u0131:<\/strong> \u2063Her iki\u200b kurumun g\u00f6rev \u2062ve yetki alanlar\u0131n\u0131n\u200c net bir \u015fekilde belirlenmemesi, baz\u0131 durumlarda \u00e7ak\u0131\u015fmalara yol \u200ba\u00e7maktad\u0131r.<\/li>\n<li><strong>Vatanda\u015f Bilgilendirmesi:<\/strong> C\u0130MER \u00fczerinden yap\u0131lan ba\u015fvurular\u0131n Ombudsman Kurumu&#8217;na y\u00f6nlendirilmesi s\u00fcrecinde vatanda\u015flar\u0131n yeterince bilgilendirilmemesi, \u015fikayetlerin takibini \u2063zorla\u015ft\u0131rmaktad\u0131r.<\/li>\n<\/ul>\n<p>Bu sorunlar\u0131n\u200b \u00e7\u00f6z\u00fcm\u00fc i\u00e7in\u2064 \u00f6nerilen baz\u0131\u200d stratejiler \u015funlard\u0131r:<\/p>\n<ul>\n<li><strong>\u0130leti\u015fim Protokolleri:<\/strong> Ombudsman\u200d Kurumu ve\u200d C\u0130MER aras\u0131nda d\u00fczenli ileti\u015fim protokollerinin olu\u015fturulmas\u0131, bilgi ak\u0131\u015f\u0131n\u0131\u2062 h\u0131zland\u0131racakt\u0131r.<\/li>\n<li><strong>G\u00f6rev Tan\u0131mlar\u0131n\u0131n Netle\u015ftirilmesi:<\/strong> Her iki kurumun g\u00f6rev ve yetki\u2062 alanlar\u0131n\u0131n a\u00e7\u0131k bir \u015fekilde belirlenmesi, i\u015fbirli\u011fini \u2062g\u00fc\u00e7lendirecektir.<\/li>\n<li><strong>Vatanda\u015f\u2062 E\u011fitimi:<\/strong> C\u0130MER \u00fczerinden \u2064yap\u0131lan\u200c ba\u015fvurular\u0131n \u2062nas\u0131l y\u00f6nlendirilece\u011fi\u2064 konusunda vatanda\u015flar\u0131n bilgilendirilmesi, \u015fikayet s\u00fcre\u00e7lerinin daha \u015feffaf \u200chale gelmesini sa\u011flayacakt\u0131r.<\/li>\n<\/ul>\n<p>Sonu\u00e7 \u2063olarak, Ombudsman Kurumu ve\u2062 C\u0130MER aras\u0131ndaki sorunlar\u0131n giderilmesi, kamu hizmetlerinin kalitesini art\u0131racak ve vatanda\u015flar\u0131n\u200d haklar\u0131n\u0131n daha etkin\u200c bir \u015fekilde korunmas\u0131na katk\u0131 sa\u011flayacakt\u0131r.<\/p>\n<p>Sonu\u00e7 olarak, Ombudsman Kurumu ve\u200d C\u0130MER \u2064aras\u0131ndaki ili\u015fki, kamu hizmetlerinin etkinli\u011fi ve vatanda\u015flar\u0131n haklar\u0131n\u0131n korunmas\u0131 a\u00e7\u0131s\u0131ndan b\u00fcy\u00fck bir \u00f6neme sahiptir. Ombudsman Kurumu, ba\u011f\u0131ms\u0131z bir denetim mekanizmas\u0131 olarak, kamu idarelerinin faaliyetlerini izleyerek vatanda\u015flar\u0131n \u015fikayetlerini de\u011ferlendirirken, \u2062C\u0130MER \u2062ise\u2062 bu s\u00fcre\u00e7te bir \u2062ileti\u015fim\u200b kanal\u0131\u2063 i\u015flevi g\u00f6rmektedir. Ancak, \u200cher iki kurumun i\u015fleyi\u015finde kar\u015f\u0131la\u015f\u0131lan sorunlar, etkinli\u011fin art\u0131r\u0131lmas\u0131 ve vatanda\u015f memnuniyetinin sa\u011flanmas\u0131 a\u00e7\u0131s\u0131ndan dikkate\u2064 al\u0131nmas\u0131 gereken \u00f6nemli unsurlard\u0131r. Bu ba\u011flamda, Ombudsman Kurumu ve C\u0130MER&#8217;in i\u015fbirli\u011fi ve koordinasyonunun g\u00fc\u00e7lendirilmesi, kamu y\u00f6netiminde \u015feffafl\u0131k ve hesap verebilirlik ilkelerinin daha etkin bir \u200b\u015fekilde hayata \u2064ge\u00e7irilmesine katk\u0131 sa\u011flayacakt\u0131r. Gelecekte, bu iki\u200b kurumun i\u015flevselli\u011finin art\u0131r\u0131lmas\u0131 i\u00e7in yap\u0131lacak reformlar ve iyile\u015ftirmeler, vatanda\u015flar\u0131n kamu hizmetlerine eri\u015fimini \u200bkolayla\u015ft\u0131racak \u2064ve demokratik kat\u0131l\u0131m\u0131 te\u015fvik\u200c edecektir. Bu nedenle, Ombudsman Kurumu ve C\u0130MER&#8217;in ili\u015fkilerinin derinlemesine incelenmesi, hem akademik hem de pratik a\u00e7\u0131dan \u00f6nemli bir gereklilik olarak kar\u015f\u0131m\u0131za \u2063\u00e7\u0131kmaktad\u0131r. <\/p>","protected":false},"excerpt":{"rendered":"<p>Ombudsman Kurumu, vatanda\u015flar\u0131n kamu hizmetlerine eri\u015fimini denetleyen \u00f6nemli bir mekanizmad\u0131r. C\u0130MER ise bu s\u00fcre\u00e7te ba\u015fvuru kanal\u0131 olarak i\u015flev g\u00f6rmektedir. Ancak, iki kurum aras\u0131ndaki ileti\u015fim eksiklikleri ve ba\u015fvuru s\u00fcre\u00e7lerindeki belirsizlikler, etkinli\u011fi olumsuz etkilemektedir.<\/p>","protected":false},"author":4,"featured_media":25256,"comment_status":"open","ping_status":"open","sticky":false,"template":"","format":"standard","meta":{"_acf_changed":false,"footnotes":""},"categories":[22],"tags":[],"class_list":["post-25255","post","type-post","status-publish","format-standard","has-post-thumbnail","hentry","category-degerlendirme"],"acf":[],"yoast_head":"<!-- This site is optimized with the Yoast SEO Premium plugin v26.6 (Yoast SEO v27.1.1) - https:\/\/yoast.com\/product\/yoast-seo-premium-wordpress\/ -->\n<title>Ombudsman Kurumu ve C\u0130MER: \u0130li\u015fkiler ve Sorunlar - Av. Deniz Can K\u0131z\u0131l<\/title>\n<meta name=\"robots\" content=\"index, follow, max-snippet:-1, max-image-preview:large, max-video-preview:-1\" \/>\n<link rel=\"canonical\" href=\"http:\/\/denizcankizil.tr\/en\/koseyazilari\/degerlendirme\/ombudsman-kurumu-ve-cimer-iliskiler-ve-sorunlar\/\" \/>\n<meta property=\"og:locale\" content=\"en_GB\" \/>\n<meta property=\"og:type\" content=\"article\" \/>\n<meta property=\"og:title\" content=\"Ombudsman Kurumu ve C\u0130MER: \u0130li\u015fkiler ve Sorunlar\" \/>\n<meta property=\"og:description\" content=\"Ombudsman Kurumu, vatanda\u015flar\u0131n kamu hizmetlerine eri\u015fimini denetleyen \u00f6nemli bir mekanizmad\u0131r. C\u0130MER ise bu s\u00fcre\u00e7te ba\u015fvuru kanal\u0131 olarak i\u015flev g\u00f6rmektedir. Ancak, iki kurum aras\u0131ndaki ileti\u015fim eksiklikleri ve ba\u015fvuru s\u00fcre\u00e7lerindeki belirsizlikler, etkinli\u011fi olumsuz etkilemektedir.\" \/>\n<meta property=\"og:url\" content=\"http:\/\/denizcankizil.tr\/en\/koseyazilari\/degerlendirme\/ombudsman-kurumu-ve-cimer-iliskiler-ve-sorunlar\/\" \/>\n<meta property=\"og:site_name\" content=\"Av. Deniz Can K\u0131z\u0131l\" \/>\n<meta property=\"article:published_time\" content=\"2025-01-14T11:56:30+00:00\" \/>\n<meta property=\"og:image\" content=\"http:\/\/denizcankizil.tr\/wp-content\/uploads\/2025\/01\/25255-ombudsman-kurumu-ve-cimer-iliskiler-ve-sorunlar.jpg\" \/>\n\t<meta property=\"og:image:width\" content=\"800\" \/>\n\t<meta property=\"og:image:height\" content=\"800\" \/>\n\t<meta property=\"og:image:type\" content=\"image\/jpeg\" \/>\n<meta name=\"author\" content=\"Av. Deniz Can K\u0131z\u0131l\" \/>\n<meta name=\"twitter:card\" content=\"summary_large_image\" \/>\n<meta name=\"twitter:label1\" content=\"Written by\" \/>\n\t<meta name=\"twitter:data1\" content=\"Av. Deniz Can K\u0131z\u0131l\" \/>\n\t<meta name=\"twitter:label2\" content=\"Estimated reading time\" \/>\n\t<meta name=\"twitter:data2\" content=\"10 minutes\" \/>\n<script type=\"application\/ld+json\" class=\"yoast-schema-graph\">{\"@context\":\"https:\/\/schema.org\",\"@graph\":[{\"@type\":\"Article\",\"@id\":\"http:\/\/denizcankizil.tr\/de\/koseyazilari\/degerlendirme\/ombudsman-kurumu-ve-cimer-iliskiler-ve-sorunlar\/#article\",\"isPartOf\":{\"@id\":\"http:\/\/denizcankizil.tr\/de\/koseyazilari\/degerlendirme\/ombudsman-kurumu-ve-cimer-iliskiler-ve-sorunlar\/\"},\"author\":{\"name\":\"Av. Deniz Can K\u0131z\u0131l\",\"@id\":\"https:\/\/denizcankizil.tr\/#\/schema\/person\/5dc1b22991bd7ac833867c10afc9b0ff\"},\"headline\":\"Ombudsman Kurumu ve C\u0130MER: \u0130li\u015fkiler ve Sorunlar\",\"datePublished\":\"2025-01-14T11:56:30+00:00\",\"mainEntityOfPage\":{\"@id\":\"http:\/\/denizcankizil.tr\/de\/koseyazilari\/degerlendirme\/ombudsman-kurumu-ve-cimer-iliskiler-ve-sorunlar\/\"},\"wordCount\":1947,\"commentCount\":0,\"publisher\":{\"@id\":\"https:\/\/denizcankizil.tr\/#organization\"},\"image\":{\"@id\":\"http:\/\/denizcankizil.tr\/de\/koseyazilari\/degerlendirme\/ombudsman-kurumu-ve-cimer-iliskiler-ve-sorunlar\/#primaryimage\"},\"thumbnailUrl\":\"https:\/\/denizcankizil.tr\/wp-content\/uploads\/2025\/01\/25255-ombudsman-kurumu-ve-cimer-iliskiler-ve-sorunlar.jpg\",\"articleSection\":[\"De\u011ferlendirme\"],\"inLanguage\":\"en-GB\",\"potentialAction\":[{\"@type\":\"CommentAction\",\"name\":\"Comment\",\"target\":[\"http:\/\/denizcankizil.tr\/de\/koseyazilari\/degerlendirme\/ombudsman-kurumu-ve-cimer-iliskiler-ve-sorunlar\/#respond\"]}]},{\"@type\":\"WebPage\",\"@id\":\"http:\/\/denizcankizil.tr\/de\/koseyazilari\/degerlendirme\/ombudsman-kurumu-ve-cimer-iliskiler-ve-sorunlar\/\",\"url\":\"http:\/\/denizcankizil.tr\/de\/koseyazilari\/degerlendirme\/ombudsman-kurumu-ve-cimer-iliskiler-ve-sorunlar\/\",\"name\":\"Ombudsman Kurumu ve C\u0130MER: \u0130li\u015fkiler ve Sorunlar - Av. Deniz Can K\u0131z\u0131l\",\"isPartOf\":{\"@id\":\"https:\/\/denizcankizil.tr\/#website\"},\"primaryImageOfPage\":{\"@id\":\"http:\/\/denizcankizil.tr\/de\/koseyazilari\/degerlendirme\/ombudsman-kurumu-ve-cimer-iliskiler-ve-sorunlar\/#primaryimage\"},\"image\":{\"@id\":\"http:\/\/denizcankizil.tr\/de\/koseyazilari\/degerlendirme\/ombudsman-kurumu-ve-cimer-iliskiler-ve-sorunlar\/#primaryimage\"},\"thumbnailUrl\":\"https:\/\/denizcankizil.tr\/wp-content\/uploads\/2025\/01\/25255-ombudsman-kurumu-ve-cimer-iliskiler-ve-sorunlar.jpg\",\"datePublished\":\"2025-01-14T11:56:30+00:00\",\"breadcrumb\":{\"@id\":\"http:\/\/denizcankizil.tr\/de\/koseyazilari\/degerlendirme\/ombudsman-kurumu-ve-cimer-iliskiler-ve-sorunlar\/#breadcrumb\"},\"inLanguage\":\"en-GB\",\"potentialAction\":[{\"@type\":\"ReadAction\",\"target\":[\"http:\/\/denizcankizil.tr\/de\/koseyazilari\/degerlendirme\/ombudsman-kurumu-ve-cimer-iliskiler-ve-sorunlar\/\"]}]},{\"@type\":\"ImageObject\",\"inLanguage\":\"en-GB\",\"@id\":\"http:\/\/denizcankizil.tr\/de\/koseyazilari\/degerlendirme\/ombudsman-kurumu-ve-cimer-iliskiler-ve-sorunlar\/#primaryimage\",\"url\":\"https:\/\/denizcankizil.tr\/wp-content\/uploads\/2025\/01\/25255-ombudsman-kurumu-ve-cimer-iliskiler-ve-sorunlar.jpg\",\"contentUrl\":\"https:\/\/denizcankizil.tr\/wp-content\/uploads\/2025\/01\/25255-ombudsman-kurumu-ve-cimer-iliskiler-ve-sorunlar.jpg\",\"width\":800,\"height\":800,\"caption\":\"Ombudsman Kurumu ve C\u0130MER: \u0130li\u015fkiler ve Sorunlar\"},{\"@type\":\"BreadcrumbList\",\"@id\":\"http:\/\/denizcankizil.tr\/de\/koseyazilari\/degerlendirme\/ombudsman-kurumu-ve-cimer-iliskiler-ve-sorunlar\/#breadcrumb\",\"itemListElement\":[{\"@type\":\"ListItem\",\"position\":1,\"name\":\"Home\",\"item\":\"https:\/\/denizcankizil.tr\/de\/\"},{\"@type\":\"ListItem\",\"position\":2,\"name\":\"Ombudsman Kurumu ve C\u0130MER: \u0130li\u015fkiler ve Sorunlar\"}]},{\"@type\":\"WebSite\",\"@id\":\"https:\/\/denizcankizil.tr\/#website\",\"url\":\"https:\/\/denizcankizil.tr\/\",\"name\":\"Av. Deniz Can K\u0131z\u0131l\",\"description\":\"Avukat Deniz Can K\u0131z\u0131l Antalya Barosu\",\"publisher\":{\"@id\":\"https:\/\/denizcankizil.tr\/#organization\"},\"potentialAction\":[{\"@type\":\"SearchAction\",\"target\":{\"@type\":\"EntryPoint\",\"urlTemplate\":\"https:\/\/denizcankizil.tr\/?s={search_term_string}\"},\"query-input\":{\"@type\":\"PropertyValueSpecification\",\"valueRequired\":true,\"valueName\":\"search_term_string\"}}],\"inLanguage\":\"en-GB\"},{\"@type\":\"Organization\",\"@id\":\"https:\/\/denizcankizil.tr\/#organization\",\"name\":\"Av. Deniz Can K\u0131z\u0131l\",\"url\":\"https:\/\/denizcankizil.tr\/\",\"logo\":{\"@type\":\"ImageObject\",\"inLanguage\":\"en-GB\",\"@id\":\"https:\/\/denizcankizil.tr\/#\/schema\/logo\/image\/\",\"url\":\"https:\/\/denizcankizil.tr\/wp-content\/uploads\/2024\/10\/siyah-logo-svg.svg\",\"contentUrl\":\"https:\/\/denizcankizil.tr\/wp-content\/uploads\/2024\/10\/siyah-logo-svg.svg\",\"width\":1080,\"height\":1080,\"caption\":\"Av. Deniz Can K\u0131z\u0131l\"},\"image\":{\"@id\":\"https:\/\/denizcankizil.tr\/#\/schema\/logo\/image\/\"}},{\"@type\":\"Person\",\"@id\":\"https:\/\/denizcankizil.tr\/#\/schema\/person\/5dc1b22991bd7ac833867c10afc9b0ff\",\"name\":\"Av. Deniz Can K\u0131z\u0131l\",\"image\":{\"@type\":\"ImageObject\",\"inLanguage\":\"en-GB\",\"@id\":\"https:\/\/denizcankizil.tr\/#\/schema\/person\/image\/\",\"url\":\"https:\/\/secure.gravatar.com\/avatar\/a0b128fb9855c79efc976d5640eedb31dc35ec297594d6016d2cf7c60e975bb6?s=96&d=mm&r=g\",\"contentUrl\":\"https:\/\/secure.gravatar.com\/avatar\/a0b128fb9855c79efc976d5640eedb31dc35ec297594d6016d2cf7c60e975bb6?s=96&d=mm&r=g\",\"caption\":\"Av. Deniz Can K\u0131z\u0131l\"},\"sameAs\":[\"http:\/\/www.denizcankizil.tr\"],\"url\":\"https:\/\/denizcankizil.tr\/en\/author\/denizcankizil\/\"}]}<\/script>\n<!-- \/ Yoast SEO Premium plugin. -->","yoast_head_json":{"title":"Ombudsman Kurumu ve C\u0130MER: \u0130li\u015fkiler ve Sorunlar - Av. Deniz Can K\u0131z\u0131l","robots":{"index":"index","follow":"follow","max-snippet":"max-snippet:-1","max-image-preview":"max-image-preview:large","max-video-preview":"max-video-preview:-1"},"canonical":"http:\/\/denizcankizil.tr\/en\/koseyazilari\/degerlendirme\/ombudsman-kurumu-ve-cimer-iliskiler-ve-sorunlar\/","og_locale":"en_GB","og_type":"article","og_title":"Ombudsman Kurumu ve C\u0130MER: \u0130li\u015fkiler ve Sorunlar","og_description":"Ombudsman Kurumu, vatanda\u015flar\u0131n kamu hizmetlerine eri\u015fimini denetleyen \u00f6nemli bir mekanizmad\u0131r. C\u0130MER ise bu s\u00fcre\u00e7te ba\u015fvuru kanal\u0131 olarak i\u015flev g\u00f6rmektedir. Ancak, iki kurum aras\u0131ndaki ileti\u015fim eksiklikleri ve ba\u015fvuru s\u00fcre\u00e7lerindeki belirsizlikler, etkinli\u011fi olumsuz etkilemektedir.","og_url":"http:\/\/denizcankizil.tr\/en\/koseyazilari\/degerlendirme\/ombudsman-kurumu-ve-cimer-iliskiler-ve-sorunlar\/","og_site_name":"Av. Deniz Can K\u0131z\u0131l","article_published_time":"2025-01-14T11:56:30+00:00","og_image":[{"width":800,"height":800,"url":"http:\/\/denizcankizil.tr\/wp-content\/uploads\/2025\/01\/25255-ombudsman-kurumu-ve-cimer-iliskiler-ve-sorunlar.jpg","type":"image\/jpeg"}],"author":"Av. Deniz Can K\u0131z\u0131l","twitter_card":"summary_large_image","twitter_misc":{"Written by":"Av. Deniz Can K\u0131z\u0131l","Estimated reading time":"10 minutes"},"schema":{"@context":"https:\/\/schema.org","@graph":[{"@type":"Article","@id":"http:\/\/denizcankizil.tr\/de\/koseyazilari\/degerlendirme\/ombudsman-kurumu-ve-cimer-iliskiler-ve-sorunlar\/#article","isPartOf":{"@id":"http:\/\/denizcankizil.tr\/de\/koseyazilari\/degerlendirme\/ombudsman-kurumu-ve-cimer-iliskiler-ve-sorunlar\/"},"author":{"name":"Av. Deniz Can K\u0131z\u0131l","@id":"https:\/\/denizcankizil.tr\/#\/schema\/person\/5dc1b22991bd7ac833867c10afc9b0ff"},"headline":"Ombudsman Kurumu ve C\u0130MER: \u0130li\u015fkiler ve Sorunlar","datePublished":"2025-01-14T11:56:30+00:00","mainEntityOfPage":{"@id":"http:\/\/denizcankizil.tr\/de\/koseyazilari\/degerlendirme\/ombudsman-kurumu-ve-cimer-iliskiler-ve-sorunlar\/"},"wordCount":1947,"commentCount":0,"publisher":{"@id":"https:\/\/denizcankizil.tr\/#organization"},"image":{"@id":"http:\/\/denizcankizil.tr\/de\/koseyazilari\/degerlendirme\/ombudsman-kurumu-ve-cimer-iliskiler-ve-sorunlar\/#primaryimage"},"thumbnailUrl":"https:\/\/denizcankizil.tr\/wp-content\/uploads\/2025\/01\/25255-ombudsman-kurumu-ve-cimer-iliskiler-ve-sorunlar.jpg","articleSection":["De\u011ferlendirme"],"inLanguage":"en-GB","potentialAction":[{"@type":"CommentAction","name":"Comment","target":["http:\/\/denizcankizil.tr\/de\/koseyazilari\/degerlendirme\/ombudsman-kurumu-ve-cimer-iliskiler-ve-sorunlar\/#respond"]}]},{"@type":"WebPage","@id":"http:\/\/denizcankizil.tr\/de\/koseyazilari\/degerlendirme\/ombudsman-kurumu-ve-cimer-iliskiler-ve-sorunlar\/","url":"http:\/\/denizcankizil.tr\/de\/koseyazilari\/degerlendirme\/ombudsman-kurumu-ve-cimer-iliskiler-ve-sorunlar\/","name":"Ombudsman Kurumu ve C\u0130MER: \u0130li\u015fkiler ve Sorunlar - Av. Deniz Can K\u0131z\u0131l","isPartOf":{"@id":"https:\/\/denizcankizil.tr\/#website"},"primaryImageOfPage":{"@id":"http:\/\/denizcankizil.tr\/de\/koseyazilari\/degerlendirme\/ombudsman-kurumu-ve-cimer-iliskiler-ve-sorunlar\/#primaryimage"},"image":{"@id":"http:\/\/denizcankizil.tr\/de\/koseyazilari\/degerlendirme\/ombudsman-kurumu-ve-cimer-iliskiler-ve-sorunlar\/#primaryimage"},"thumbnailUrl":"https:\/\/denizcankizil.tr\/wp-content\/uploads\/2025\/01\/25255-ombudsman-kurumu-ve-cimer-iliskiler-ve-sorunlar.jpg","datePublished":"2025-01-14T11:56:30+00:00","breadcrumb":{"@id":"http:\/\/denizcankizil.tr\/de\/koseyazilari\/degerlendirme\/ombudsman-kurumu-ve-cimer-iliskiler-ve-sorunlar\/#breadcrumb"},"inLanguage":"en-GB","potentialAction":[{"@type":"ReadAction","target":["http:\/\/denizcankizil.tr\/de\/koseyazilari\/degerlendirme\/ombudsman-kurumu-ve-cimer-iliskiler-ve-sorunlar\/"]}]},{"@type":"ImageObject","inLanguage":"en-GB","@id":"http:\/\/denizcankizil.tr\/de\/koseyazilari\/degerlendirme\/ombudsman-kurumu-ve-cimer-iliskiler-ve-sorunlar\/#primaryimage","url":"https:\/\/denizcankizil.tr\/wp-content\/uploads\/2025\/01\/25255-ombudsman-kurumu-ve-cimer-iliskiler-ve-sorunlar.jpg","contentUrl":"https:\/\/denizcankizil.tr\/wp-content\/uploads\/2025\/01\/25255-ombudsman-kurumu-ve-cimer-iliskiler-ve-sorunlar.jpg","width":800,"height":800,"caption":"Ombudsman Kurumu ve C\u0130MER: \u0130li\u015fkiler ve Sorunlar"},{"@type":"BreadcrumbList","@id":"http:\/\/denizcankizil.tr\/de\/koseyazilari\/degerlendirme\/ombudsman-kurumu-ve-cimer-iliskiler-ve-sorunlar\/#breadcrumb","itemListElement":[{"@type":"ListItem","position":1,"name":"Home","item":"https:\/\/denizcankizil.tr\/de\/"},{"@type":"ListItem","position":2,"name":"Ombudsman Kurumu ve C\u0130MER: \u0130li\u015fkiler ve Sorunlar"}]},{"@type":"WebSite","@id":"https:\/\/denizcankizil.tr\/#website","url":"https:\/\/denizcankizil.tr\/","name":"Av. Deniz Can K\u0131z\u0131l","description":"Avukat Deniz Can K\u0131z\u0131l Antalya Barosu","publisher":{"@id":"https:\/\/denizcankizil.tr\/#organization"},"potentialAction":[{"@type":"SearchAction","target":{"@type":"EntryPoint","urlTemplate":"https:\/\/denizcankizil.tr\/?s={search_term_string}"},"query-input":{"@type":"PropertyValueSpecification","valueRequired":true,"valueName":"search_term_string"}}],"inLanguage":"en-GB"},{"@type":"Organization","@id":"https:\/\/denizcankizil.tr\/#organization","name":"Av. Deniz Can K\u0131z\u0131l","url":"https:\/\/denizcankizil.tr\/","logo":{"@type":"ImageObject","inLanguage":"en-GB","@id":"https:\/\/denizcankizil.tr\/#\/schema\/logo\/image\/","url":"https:\/\/denizcankizil.tr\/wp-content\/uploads\/2024\/10\/siyah-logo-svg.svg","contentUrl":"https:\/\/denizcankizil.tr\/wp-content\/uploads\/2024\/10\/siyah-logo-svg.svg","width":1080,"height":1080,"caption":"Av. Deniz Can K\u0131z\u0131l"},"image":{"@id":"https:\/\/denizcankizil.tr\/#\/schema\/logo\/image\/"}},{"@type":"Person","@id":"https:\/\/denizcankizil.tr\/#\/schema\/person\/5dc1b22991bd7ac833867c10afc9b0ff","name":"Av. Deniz Can K\u0131z\u0131l","image":{"@type":"ImageObject","inLanguage":"en-GB","@id":"https:\/\/denizcankizil.tr\/#\/schema\/person\/image\/","url":"https:\/\/secure.gravatar.com\/avatar\/a0b128fb9855c79efc976d5640eedb31dc35ec297594d6016d2cf7c60e975bb6?s=96&d=mm&r=g","contentUrl":"https:\/\/secure.gravatar.com\/avatar\/a0b128fb9855c79efc976d5640eedb31dc35ec297594d6016d2cf7c60e975bb6?s=96&d=mm&r=g","caption":"Av. Deniz Can K\u0131z\u0131l"},"sameAs":["http:\/\/www.denizcankizil.tr"],"url":"https:\/\/denizcankizil.tr\/en\/author\/denizcankizil\/"}]}},"_links":{"self":[{"href":"https:\/\/denizcankizil.tr\/en\/wp-json\/wp\/v2\/posts\/25255","targetHints":{"allow":["GET"]}}],"collection":[{"href":"https:\/\/denizcankizil.tr\/en\/wp-json\/wp\/v2\/posts"}],"about":[{"href":"https:\/\/denizcankizil.tr\/en\/wp-json\/wp\/v2\/types\/post"}],"author":[{"embeddable":true,"href":"https:\/\/denizcankizil.tr\/en\/wp-json\/wp\/v2\/users\/4"}],"replies":[{"embeddable":true,"href":"https:\/\/denizcankizil.tr\/en\/wp-json\/wp\/v2\/comments?post=25255"}],"version-history":[{"count":0,"href":"https:\/\/denizcankizil.tr\/en\/wp-json\/wp\/v2\/posts\/25255\/revisions"}],"wp:featuredmedia":[{"embeddable":true,"href":"https:\/\/denizcankizil.tr\/en\/wp-json\/wp\/v2\/media\/25256"}],"wp:attachment":[{"href":"https:\/\/denizcankizil.tr\/en\/wp-json\/wp\/v2\/media?parent=25255"}],"wp:term":[{"taxonomy":"category","embeddable":true,"href":"https:\/\/denizcankizil.tr\/en\/wp-json\/wp\/v2\/categories?post=25255"},{"taxonomy":"post_tag","embeddable":true,"href":"https:\/\/denizcankizil.tr\/en\/wp-json\/wp\/v2\/tags?post=25255"}],"curies":[{"name":"wp","href":"https:\/\/api.w.org\/{rel}","templated":true}]}}