{"id":25014,"date":"2025-01-12T17:41:58","date_gmt":"2025-01-12T14:41:58","guid":{"rendered":"https:\/\/denizcankizil.tr\/uncategorized-tr\/buyuksehirden-halkevine-anlamli-gunde-anlamli-acilis\/"},"modified":"2025-01-12T17:41:58","modified_gmt":"2025-01-12T14:41:58","slug":"buyuksehirden-halkevine-anlamli-gunde-anlamli-acilis","status":"publish","type":"post","link":"https:\/\/denizcankizil.tr\/en\/haberler\/gundem\/buyuksehirden-halkevine-anlamli-gunde-anlamli-acilis\/","title":{"rendered":"B\u00fcy\u00fck\u015fehir\u2019den Halkevi\u2019ne anlaml\u0131 g\u00fcnde anlaml\u0131 a\u00e7\u0131l\u0131\u015f"},"content":{"rendered":"<p>Halkevi Gen\u00e7lik Merkezi i\u00e7erisinde bulunan k\u00fct\u00fcphaneye Atat\u00fcrk\u2019\u00fcn annesi Z\u00fcbeyde Han\u0131m\u2019\u0131n ismini veren Kocaeli B\u00fcy\u00fck\u015fehir, a\u00e7\u0131l\u0131\u015f\u0131 da Z\u00fcbeyde Han\u0131m\u2019\u0131n \u00f6l\u00fcm y\u0131l d\u00f6n\u00fcm\u00fc olan 14 Ocak\u2019ta yapacak<\/p>\n<p>\u200bHalkevi Gen\u00e7lik Merkezi i\u00e7erisinde bulunan k\u00fct\u00fcphaneye Atat\u00fcrk\u2019\u00fcn annesi Z\u00fcbeyde Han\u0131m\u2019\u0131n ismini veren Kocaeli B\u00fcy\u00fck\u015fehir, a\u00e7\u0131l\u0131\u015f\u0131 da Z\u00fcbeyde Han\u0131m\u2019\u0131n \u00f6l\u00fcm y\u0131l d\u00f6n\u00fcm\u00fc olan 14 Ocak\u2019ta yapacak\u00a0<\/p>\n<p>\u200bHaberin Al\u0131nt\u0131land\u0131\u011f\u0131 Kaynak: www.iskenderun.org<\/p>","protected":false},"excerpt":{"rendered":"<p>Halkevi Gen\u00e7lik Merkezi i\u00e7erisinde bulunan k\u00fct\u00fcphaneye Atat\u00fcrk\u2019\u00fcn annesi Z\u00fcbeyde Han\u0131m\u2019\u0131n ismini veren Kocaeli B\u00fcy\u00fck\u015fehir, a\u00e7\u0131l\u0131\u015f\u0131 da Z\u00fcbeyde Han\u0131m\u2019\u0131n \u00f6l\u00fcm y\u0131l d\u00f6n\u00fcm\u00fc olan 14 Ocak\u2019ta yapacak \u200bHalkevi Gen\u00e7lik Merkezi i\u00e7erisinde bulunan k\u00fct\u00fcphaneye Atat\u00fcrk\u2019\u00fcn annesi Z\u00fcbeyde Han\u0131m\u2019\u0131n ismini veren Kocaeli B\u00fcy\u00fck\u015fehir, a\u00e7\u0131l\u0131\u015f\u0131 da Z\u00fcbeyde Han\u0131m\u2019\u0131n \u00f6l\u00fcm y\u0131l d\u00f6n\u00fcm\u00fc olan 14 Ocak\u2019ta yapacak\u00a0 \u200bHaberin Al\u0131nt\u0131land\u0131\u011f\u0131 Kaynak: www.iskenderun.org<\/p>","protected":false},"author":1,"featured_media":0,"comment_status":"open","ping_status":"open","sticky":false,"template":"","format":"standard","meta":{"_acf_changed":false,"footnotes":""},"categories":[24],"tags":[],"class_list":["post-25014","post","type-post","status-publish","format-standard","has-post-thumbnail","hentry","category-gundem"],"acf":[],"yoast_head":"<!-- This site is optimized with the Yoast SEO Premium plugin v26.6 (Yoast SEO v27.1.1) - https:\/\/yoast.com\/product\/yoast-seo-premium-wordpress\/ -->\n<title>B\u00fcy\u00fck\u015fehir\u2019den Halkevi\u2019ne anlaml\u0131 g\u00fcnde anlaml\u0131 a\u00e7\u0131l\u0131\u015f - Av. Deniz Can K\u0131z\u0131l<\/title>\n<meta name=\"robots\" content=\"index, follow, max-snippet:-1, max-image-preview:large, max-video-preview:-1\" \/>\n<link rel=\"canonical\" href=\"https:\/\/denizcankizil.tr\/en\/haberler\/gundem\/buyuksehirden-halkevine-anlamli-gunde-anlamli-acilis\/\" \/>\n<meta property=\"og:locale\" content=\"en_GB\" \/>\n<meta property=\"og:type\" content=\"article\" \/>\n<meta property=\"og:title\" content=\"B\u00fcy\u00fck\u015fehir\u2019den Halkevi\u2019ne anlaml\u0131 g\u00fcnde anlaml\u0131 a\u00e7\u0131l\u0131\u015f\" \/>\n<meta property=\"og:description\" content=\"Halkevi Gen\u00e7lik Merkezi i\u00e7erisinde bulunan k\u00fct\u00fcphaneye Atat\u00fcrk\u2019\u00fcn annesi Z\u00fcbeyde Han\u0131m\u2019\u0131n ismini veren Kocaeli B\u00fcy\u00fck\u015fehir, a\u00e7\u0131l\u0131\u015f\u0131 da Z\u00fcbeyde Han\u0131m\u2019\u0131n \u00f6l\u00fcm y\u0131l d\u00f6n\u00fcm\u00fc olan 14 Ocak\u2019ta yapacak \u200bHalkevi Gen\u00e7lik Merkezi i\u00e7erisinde bulunan k\u00fct\u00fcphaneye Atat\u00fcrk\u2019\u00fcn annesi Z\u00fcbeyde Han\u0131m\u2019\u0131n ismini veren Kocaeli B\u00fcy\u00fck\u015fehir, a\u00e7\u0131l\u0131\u015f\u0131 da Z\u00fcbeyde Han\u0131m\u2019\u0131n \u00f6l\u00fcm y\u0131l d\u00f6n\u00fcm\u00fc olan 14 Ocak\u2019ta yapacak\u00a0 \u200bHaberin Al\u0131nt\u0131land\u0131\u011f\u0131 Kaynak: www.iskenderun.org\" \/>\n<meta property=\"og:url\" content=\"https:\/\/denizcankizil.tr\/en\/haberler\/gundem\/buyuksehirden-halkevine-anlamli-gunde-anlamli-acilis\/\" \/>\n<meta property=\"og:site_name\" content=\"Av. Deniz Can K\u0131z\u0131l\" \/>\n<meta property=\"article:published_time\" content=\"2025-01-12T14:41:58+00:00\" \/>\n<meta name=\"author\" content=\"admin\" \/>\n<meta name=\"twitter:card\" content=\"summary_large_image\" \/>\n<meta name=\"twitter:label1\" content=\"Written by\" \/>\n\t<meta name=\"twitter:data1\" content=\"admin\" \/>\n<script type=\"application\/ld+json\" class=\"yoast-schema-graph\">{\"@context\":\"https:\/\/schema.org\",\"@graph\":[{\"@type\":\"Article\",\"@id\":\"https:\/\/denizcankizil.tr\/en\/haberler\/gundem\/buyuksehirden-halkevine-anlamli-gunde-anlamli-acilis\/#article\",\"isPartOf\":{\"@id\":\"https:\/\/denizcankizil.tr\/en\/haberler\/gundem\/buyuksehirden-halkevine-anlamli-gunde-anlamli-acilis\/\"},\"author\":{\"name\":\"admin\",\"@id\":\"https:\/\/denizcankizil.tr\/de\/#\/schema\/person\/be3c05fe6a12686905512445d8185489\"},\"headline\":\"B\u00fcy\u00fck\u015fehir\u2019den Halkevi\u2019ne anlaml\u0131 g\u00fcnde anlaml\u0131 a\u00e7\u0131l\u0131\u015f\",\"datePublished\":\"2025-01-12T14:41:58+00:00\",\"mainEntityOfPage\":{\"@id\":\"https:\/\/denizcankizil.tr\/en\/haberler\/gundem\/buyuksehirden-halkevine-anlamli-gunde-anlamli-acilis\/\"},\"wordCount\":111,\"commentCount\":0,\"publisher\":{\"@id\":\"https:\/\/denizcankizil.tr\/de\/#organization\"},\"articleSection\":[\"G\u00fcndem\"],\"inLanguage\":\"en-GB\",\"potentialAction\":[{\"@type\":\"CommentAction\",\"name\":\"Comment\",\"target\":[\"https:\/\/denizcankizil.tr\/en\/haberler\/gundem\/buyuksehirden-halkevine-anlamli-gunde-anlamli-acilis\/#respond\"]}]},{\"@type\":\"WebPage\",\"@id\":\"https:\/\/denizcankizil.tr\/en\/haberler\/gundem\/buyuksehirden-halkevine-anlamli-gunde-anlamli-acilis\/\",\"url\":\"https:\/\/denizcankizil.tr\/en\/haberler\/gundem\/buyuksehirden-halkevine-anlamli-gunde-anlamli-acilis\/\",\"name\":\"B\u00fcy\u00fck\u015fehir\u2019den Halkevi\u2019ne anlaml\u0131 g\u00fcnde anlaml\u0131 a\u00e7\u0131l\u0131\u015f - Av. Deniz Can K\u0131z\u0131l\",\"isPartOf\":{\"@id\":\"https:\/\/denizcankizil.tr\/de\/#website\"},\"datePublished\":\"2025-01-12T14:41:58+00:00\",\"breadcrumb\":{\"@id\":\"https:\/\/denizcankizil.tr\/en\/haberler\/gundem\/buyuksehirden-halkevine-anlamli-gunde-anlamli-acilis\/#breadcrumb\"},\"inLanguage\":\"en-GB\",\"potentialAction\":[{\"@type\":\"ReadAction\",\"target\":[\"https:\/\/denizcankizil.tr\/en\/haberler\/gundem\/buyuksehirden-halkevine-anlamli-gunde-anlamli-acilis\/\"]}]},{\"@type\":\"BreadcrumbList\",\"@id\":\"https:\/\/denizcankizil.tr\/en\/haberler\/gundem\/buyuksehirden-halkevine-anlamli-gunde-anlamli-acilis\/#breadcrumb\",\"itemListElement\":[{\"@type\":\"ListItem\",\"position\":1,\"name\":\"Home\",\"item\":\"https:\/\/denizcankizil.tr\/de\/\"},{\"@type\":\"ListItem\",\"position\":2,\"name\":\"B\u00fcy\u00fck\u015fehir\u2019den Halkevi\u2019ne anlaml\u0131 g\u00fcnde anlaml\u0131 a\u00e7\u0131l\u0131\u015f\"}]},{\"@type\":\"WebSite\",\"@id\":\"https:\/\/denizcankizil.tr\/de\/#website\",\"url\":\"https:\/\/denizcankizil.tr\/de\/\",\"name\":\"Av. Deniz Can K\u0131z\u0131l\",\"description\":\"Avukat Deniz Can K\u0131z\u0131l Antalya Barosu\",\"publisher\":{\"@id\":\"https:\/\/denizcankizil.tr\/de\/#organization\"},\"potentialAction\":[{\"@type\":\"SearchAction\",\"target\":{\"@type\":\"EntryPoint\",\"urlTemplate\":\"https:\/\/denizcankizil.tr\/de\/?s={search_term_string}\"},\"query-input\":{\"@type\":\"PropertyValueSpecification\",\"valueRequired\":true,\"valueName\":\"search_term_string\"}}],\"inLanguage\":\"en-GB\"},{\"@type\":\"Organization\",\"@id\":\"https:\/\/denizcankizil.tr\/de\/#organization\",\"name\":\"Av. Deniz Can K\u0131z\u0131l\",\"url\":\"https:\/\/denizcankizil.tr\/de\/\",\"logo\":{\"@type\":\"ImageObject\",\"inLanguage\":\"en-GB\",\"@id\":\"https:\/\/denizcankizil.tr\/de\/#\/schema\/logo\/image\/\",\"url\":\"https:\/\/denizcankizil.tr\/wp-content\/uploads\/2024\/10\/siyah-logo-svg.svg\",\"contentUrl\":\"https:\/\/denizcankizil.tr\/wp-content\/uploads\/2024\/10\/siyah-logo-svg.svg\",\"width\":1080,\"height\":1080,\"caption\":\"Av. Deniz Can K\u0131z\u0131l\"},\"image\":{\"@id\":\"https:\/\/denizcankizil.tr\/de\/#\/schema\/logo\/image\/\"}},{\"@type\":\"Person\",\"@id\":\"https:\/\/denizcankizil.tr\/de\/#\/schema\/person\/be3c05fe6a12686905512445d8185489\",\"name\":\"admin\",\"image\":{\"@type\":\"ImageObject\",\"inLanguage\":\"en-GB\",\"@id\":\"https:\/\/denizcankizil.tr\/de\/#\/schema\/person\/image\/\",\"url\":\"https:\/\/secure.gravatar.com\/avatar\/c1fce94c830dc79107e174f890d7210541c4a63e8e5d816341794a2151c9d58c?s=96&d=mm&r=g\",\"contentUrl\":\"https:\/\/secure.gravatar.com\/avatar\/c1fce94c830dc79107e174f890d7210541c4a63e8e5d816341794a2151c9d58c?s=96&d=mm&r=g\",\"caption\":\"admin\"},\"sameAs\":[\"http:\/\/denizcankizil.tr\"],\"url\":\"https:\/\/www.iskenderun.org\/buyuksehirden-halkevine-anlamli-gunde-anlamli-acilis\"}]}<\/script>\n<!-- \/ Yoast SEO Premium plugin. -->","yoast_head_json":{"title":"B\u00fcy\u00fck\u015fehir\u2019den Halkevi\u2019ne anlaml\u0131 g\u00fcnde anlaml\u0131 a\u00e7\u0131l\u0131\u015f - Av. Deniz Can K\u0131z\u0131l","robots":{"index":"index","follow":"follow","max-snippet":"max-snippet:-1","max-image-preview":"max-image-preview:large","max-video-preview":"max-video-preview:-1"},"canonical":"https:\/\/denizcankizil.tr\/en\/haberler\/gundem\/buyuksehirden-halkevine-anlamli-gunde-anlamli-acilis\/","og_locale":"en_GB","og_type":"article","og_title":"B\u00fcy\u00fck\u015fehir\u2019den Halkevi\u2019ne anlaml\u0131 g\u00fcnde anlaml\u0131 a\u00e7\u0131l\u0131\u015f","og_description":"Halkevi Gen\u00e7lik Merkezi i\u00e7erisinde bulunan k\u00fct\u00fcphaneye Atat\u00fcrk\u2019\u00fcn annesi Z\u00fcbeyde Han\u0131m\u2019\u0131n ismini veren Kocaeli B\u00fcy\u00fck\u015fehir, a\u00e7\u0131l\u0131\u015f\u0131 da Z\u00fcbeyde Han\u0131m\u2019\u0131n \u00f6l\u00fcm y\u0131l d\u00f6n\u00fcm\u00fc olan 14 Ocak\u2019ta yapacak \u200bHalkevi Gen\u00e7lik Merkezi i\u00e7erisinde bulunan k\u00fct\u00fcphaneye Atat\u00fcrk\u2019\u00fcn annesi Z\u00fcbeyde Han\u0131m\u2019\u0131n ismini veren Kocaeli B\u00fcy\u00fck\u015fehir, a\u00e7\u0131l\u0131\u015f\u0131 da Z\u00fcbeyde Han\u0131m\u2019\u0131n \u00f6l\u00fcm y\u0131l d\u00f6n\u00fcm\u00fc olan 14 Ocak\u2019ta yapacak\u00a0 \u200bHaberin Al\u0131nt\u0131land\u0131\u011f\u0131 Kaynak: www.iskenderun.org","og_url":"https:\/\/denizcankizil.tr\/en\/haberler\/gundem\/buyuksehirden-halkevine-anlamli-gunde-anlamli-acilis\/","og_site_name":"Av. Deniz Can K\u0131z\u0131l","article_published_time":"2025-01-12T14:41:58+00:00","author":"admin","twitter_card":"summary_large_image","twitter_misc":{"Written by":"admin"},"schema":{"@context":"https:\/\/schema.org","@graph":[{"@type":"Article","@id":"https:\/\/denizcankizil.tr\/en\/haberler\/gundem\/buyuksehirden-halkevine-anlamli-gunde-anlamli-acilis\/#article","isPartOf":{"@id":"https:\/\/denizcankizil.tr\/en\/haberler\/gundem\/buyuksehirden-halkevine-anlamli-gunde-anlamli-acilis\/"},"author":{"name":"admin","@id":"https:\/\/denizcankizil.tr\/de\/#\/schema\/person\/be3c05fe6a12686905512445d8185489"},"headline":"B\u00fcy\u00fck\u015fehir\u2019den Halkevi\u2019ne anlaml\u0131 g\u00fcnde anlaml\u0131 a\u00e7\u0131l\u0131\u015f","datePublished":"2025-01-12T14:41:58+00:00","mainEntityOfPage":{"@id":"https:\/\/denizcankizil.tr\/en\/haberler\/gundem\/buyuksehirden-halkevine-anlamli-gunde-anlamli-acilis\/"},"wordCount":111,"commentCount":0,"publisher":{"@id":"https:\/\/denizcankizil.tr\/de\/#organization"},"articleSection":["G\u00fcndem"],"inLanguage":"en-GB","potentialAction":[{"@type":"CommentAction","name":"Comment","target":["https:\/\/denizcankizil.tr\/en\/haberler\/gundem\/buyuksehirden-halkevine-anlamli-gunde-anlamli-acilis\/#respond"]}]},{"@type":"WebPage","@id":"https:\/\/denizcankizil.tr\/en\/haberler\/gundem\/buyuksehirden-halkevine-anlamli-gunde-anlamli-acilis\/","url":"https:\/\/denizcankizil.tr\/en\/haberler\/gundem\/buyuksehirden-halkevine-anlamli-gunde-anlamli-acilis\/","name":"B\u00fcy\u00fck\u015fehir\u2019den Halkevi\u2019ne anlaml\u0131 g\u00fcnde anlaml\u0131 a\u00e7\u0131l\u0131\u015f - Av. Deniz Can K\u0131z\u0131l","isPartOf":{"@id":"https:\/\/denizcankizil.tr\/de\/#website"},"datePublished":"2025-01-12T14:41:58+00:00","breadcrumb":{"@id":"https:\/\/denizcankizil.tr\/en\/haberler\/gundem\/buyuksehirden-halkevine-anlamli-gunde-anlamli-acilis\/#breadcrumb"},"inLanguage":"en-GB","potentialAction":[{"@type":"ReadAction","target":["https:\/\/denizcankizil.tr\/en\/haberler\/gundem\/buyuksehirden-halkevine-anlamli-gunde-anlamli-acilis\/"]}]},{"@type":"BreadcrumbList","@id":"https:\/\/denizcankizil.tr\/en\/haberler\/gundem\/buyuksehirden-halkevine-anlamli-gunde-anlamli-acilis\/#breadcrumb","itemListElement":[{"@type":"ListItem","position":1,"name":"Home","item":"https:\/\/denizcankizil.tr\/de\/"},{"@type":"ListItem","position":2,"name":"B\u00fcy\u00fck\u015fehir\u2019den Halkevi\u2019ne anlaml\u0131 g\u00fcnde anlaml\u0131 a\u00e7\u0131l\u0131\u015f"}]},{"@type":"WebSite","@id":"https:\/\/denizcankizil.tr\/de\/#website","url":"https:\/\/denizcankizil.tr\/de\/","name":"Av. Deniz Can K\u0131z\u0131l","description":"Avukat Deniz Can K\u0131z\u0131l Antalya Barosu","publisher":{"@id":"https:\/\/denizcankizil.tr\/de\/#organization"},"potentialAction":[{"@type":"SearchAction","target":{"@type":"EntryPoint","urlTemplate":"https:\/\/denizcankizil.tr\/de\/?s={search_term_string}"},"query-input":{"@type":"PropertyValueSpecification","valueRequired":true,"valueName":"search_term_string"}}],"inLanguage":"en-GB"},{"@type":"Organization","@id":"https:\/\/denizcankizil.tr\/de\/#organization","name":"Av. Deniz Can K\u0131z\u0131l","url":"https:\/\/denizcankizil.tr\/de\/","logo":{"@type":"ImageObject","inLanguage":"en-GB","@id":"https:\/\/denizcankizil.tr\/de\/#\/schema\/logo\/image\/","url":"https:\/\/denizcankizil.tr\/wp-content\/uploads\/2024\/10\/siyah-logo-svg.svg","contentUrl":"https:\/\/denizcankizil.tr\/wp-content\/uploads\/2024\/10\/siyah-logo-svg.svg","width":1080,"height":1080,"caption":"Av. Deniz Can K\u0131z\u0131l"},"image":{"@id":"https:\/\/denizcankizil.tr\/de\/#\/schema\/logo\/image\/"}},{"@type":"Person","@id":"https:\/\/denizcankizil.tr\/de\/#\/schema\/person\/be3c05fe6a12686905512445d8185489","name":"admin","image":{"@type":"ImageObject","inLanguage":"en-GB","@id":"https:\/\/denizcankizil.tr\/de\/#\/schema\/person\/image\/","url":"https:\/\/secure.gravatar.com\/avatar\/c1fce94c830dc79107e174f890d7210541c4a63e8e5d816341794a2151c9d58c?s=96&d=mm&r=g","contentUrl":"https:\/\/secure.gravatar.com\/avatar\/c1fce94c830dc79107e174f890d7210541c4a63e8e5d816341794a2151c9d58c?s=96&d=mm&r=g","caption":"admin"},"sameAs":["http:\/\/denizcankizil.tr"],"url":"https:\/\/www.iskenderun.org\/buyuksehirden-halkevine-anlamli-gunde-anlamli-acilis"}]}},"_links":{"self":[{"href":"https:\/\/denizcankizil.tr\/en\/wp-json\/wp\/v2\/posts\/25014","targetHints":{"allow":["GET"]}}],"collection":[{"href":"https:\/\/denizcankizil.tr\/en\/wp-json\/wp\/v2\/posts"}],"about":[{"href":"https:\/\/denizcankizil.tr\/en\/wp-json\/wp\/v2\/types\/post"}],"author":[{"embeddable":true,"href":"https:\/\/denizcankizil.tr\/en\/wp-json\/wp\/v2\/users\/1"}],"replies":[{"embeddable":true,"href":"https:\/\/denizcankizil.tr\/en\/wp-json\/wp\/v2\/comments?post=25014"}],"version-history":[{"count":0,"href":"https:\/\/denizcankizil.tr\/en\/wp-json\/wp\/v2\/posts\/25014\/revisions"}],"wp:attachment":[{"href":"https:\/\/denizcankizil.tr\/en\/wp-json\/wp\/v2\/media?parent=25014"}],"wp:term":[{"taxonomy":"category","embeddable":true,"href":"https:\/\/denizcankizil.tr\/en\/wp-json\/wp\/v2\/categories?post=25014"},{"taxonomy":"post_tag","embeddable":true,"href":"https:\/\/denizcankizil.tr\/en\/wp-json\/wp\/v2\/tags?post=25014"}],"curies":[{"name":"wp","href":"https:\/\/api.w.org\/{rel}","templated":true}]}}