{"id":24884,"date":"2025-01-11T09:41:20","date_gmt":"2025-01-11T06:41:20","guid":{"rendered":"https:\/\/denizcankizil.tr\/uncategorized-tr\/gurz-37-operasyonlarinda-147-supheli-teror-orgutu-mensubu-yakalandi\/"},"modified":"2025-01-11T09:41:20","modified_gmt":"2025-01-11T06:41:20","slug":"gurz-37-operasyonlarinda-147-supheli-teror-orgutu-mensubu-yakalandi","status":"publish","type":"post","link":"https:\/\/denizcankizil.tr\/en\/haberler\/antalya\/gurz-37-operasyonlarinda-147-supheli-teror-orgutu-mensubu-yakalandi\/","title":{"rendered":"G\u00fcrz-37&#8243; operasyonlar\u0131nda 147 \u015f\u00fcpheli ter\u00f6r \u00f6rg\u00fct\u00fc mensubu yakaland\u0131"},"content":{"rendered":"<p>Bakan Yerlikaya sosyal medya hesab\u0131ndan yapt\u0131\u011f\u0131 a\u00e7\u0131klamada,41 ilde PKK\/KCK&#8217;ya y\u00f6nelik Jandarma taraf\u0131ndan son 10 g\u00fcnd\u00fcr devam eden \u201cG\u00fcrz-37&#8243; operasyonlar\u0131nda 147 \u015f\u00fcpheli ter\u00f6r \u00f6rg\u00fct\u00fc mensubu yakaland\u0131\u011f\u0131n\u0131 kaydetti. \u015e\u00fcphelilerden; 30\u2018u tutukland\u0131\u011f\u0131n\u0131, 17\u2019si hakk\u0131nda adli kontrol karar\u0131 verildi\u011fini belirten Bakan Yerlikaya, \u015fu bilgileri verdi:<br \/>\n&#8220;Cumhuriyet Ba\u015fsavc\u0131l\u0131klar\u0131 ile Jandarma Genel Komutanl\u0131\u011f\u0131 Ter\u00f6rle M\u00fccadele Daire Ba\u015fkanl\u0131\u011f\u0131 koordinesinde; \u0130l Jandarma Komutanl\u0131klar\u0131nca; Adana, Ad\u0131yaman, A\u011fr\u0131, Ankara, Antalya, Ardahan, Ayd\u0131n, Batman, Bing\u00f6l, Bitlis, Bolu, Denizli, Diyarbak\u0131r, Edirne, Eski\u015fehir, Gaziantep, Hakkari, Hatay, I\u011fd\u0131r, \u0130stanbul, \u0130zmir, Kars, Kayseri, Kilis, Kocaeli, Konya, K\u00fctahya, Manisa, Mardin, Mersin, Mu\u011fla, Mu\u015f, Nev\u015fehir, Siirt, \u015eanl\u0131urfa, \u015e\u0131rnak, Tekirda\u011f, Trabzon, Tunceli, Van ve Yozgat\u2019ta d\u00fczenlenen operasyonlarda yakalanan \u015f\u00fcphelilerin; PKK\/KCK ter\u00f6r \u00f6rg\u00fct\u00fc i\u00e7erisinde faaliyet y\u00fcr\u00fctt\u00fckleri, ter\u00f6r \u00f6rg\u00fct\u00fcne finans sa\u011flad\u0131klar\u0131, ter\u00f6r \u00f6rg\u00fct\u00fcn\u00fcn gen\u00e7lik yap\u0131lanmas\u0131 i\u00e7erisinde bulunduklar\u0131 ve Sosyal medya hesaplar\u0131 \u00fczerinden ter\u00f6r \u00f6rg\u00fct\u00fc propagandas\u0131 yapt\u0131klar\u0131 tespit edildi.<br \/>\nOperasyonlar sonucu; \u00e7ok say\u0131da \u00f6rg\u00fctsel dok\u00fcman ve dijital materyal ele ge\u00e7irildi. Operasyonlar\u0131 koordine eden Cumhuriyet Ba\u015fsavc\u0131l\u0131klar\u0131m\u0131z\u0131 ve operasyonlar\u0131 ger\u00e7ekle\u015ftiren Kahraman Jandarmam\u0131z\u0131 tebrik ediyorum.&#8221;<\/p>\n<p>Kaynak: www.kanalv.com.tr Haber Sitesinden Al\u0131nm\u0131\u015ft\u0131r.<\/p>","protected":false},"excerpt":{"rendered":"<p>Bakan Yerlikaya sosyal medya hesab\u0131ndan yapt\u0131\u011f\u0131 a\u00e7\u0131klamada,41 ilde PKK\/KCK&#8217;ya y\u00f6nelik Jandarma taraf\u0131ndan son 10 g\u00fcnd\u00fcr devam eden \u201cG\u00fcrz-37&#8243; operasyonlar\u0131nda 147 \u015f\u00fcpheli ter\u00f6r \u00f6rg\u00fct\u00fc mensubu yakaland\u0131\u011f\u0131n\u0131 kaydetti. \u015e\u00fcphelilerden; 30\u2018u tutukland\u0131\u011f\u0131n\u0131, 17\u2019si hakk\u0131nda adli kontrol karar\u0131 verildi\u011fini belirten Bakan Yerlikaya, \u015fu bilgileri verdi: &#8220;Cumhuriyet Ba\u015fsavc\u0131l\u0131klar\u0131 ile Jandarma Genel Komutanl\u0131\u011f\u0131 Ter\u00f6rle M\u00fccadele Daire Ba\u015fkanl\u0131\u011f\u0131 koordinesinde; \u0130l Jandarma Komutanl\u0131klar\u0131nca; Adana, Ad\u0131yaman, A\u011fr\u0131, Ankara, Antalya, Ardahan, Ayd\u0131n, Batman, Bing\u00f6l, Bitlis, Bolu, Denizli, Diyarbak\u0131r, Edirne, Eski\u015fehir, Gaziantep, Hakkari, Hatay, I\u011fd\u0131r, \u0130stanbul, \u0130zmir, Kars, Kayseri, Kilis, Kocaeli, Konya, K\u00fctahya, Manisa, Mardin, Mersin, Mu\u011fla, Mu\u015f, Nev\u015fehir, Siirt, \u015eanl\u0131urfa, \u015e\u0131rnak, Tekirda\u011f, Trabzon, Tunceli, Van ve Yozgat\u2019ta d\u00fczenlenen operasyonlarda yakalanan \u015f\u00fcphelilerin; PKK\/KCK ter\u00f6r \u00f6rg\u00fct\u00fc i\u00e7erisinde faaliyet y\u00fcr\u00fctt\u00fckleri, ter\u00f6r \u00f6rg\u00fct\u00fcne finans sa\u011flad\u0131klar\u0131, ter\u00f6r \u00f6rg\u00fct\u00fcn\u00fcn gen\u00e7lik yap\u0131lanmas\u0131 i\u00e7erisinde bulunduklar\u0131 ve Sosyal medya hesaplar\u0131 \u00fczerinden ter\u00f6r \u00f6rg\u00fct\u00fc propagandas\u0131 yapt\u0131klar\u0131 tespit edildi. Operasyonlar sonucu; \u00e7ok say\u0131da \u00f6rg\u00fctsel dok\u00fcman ve dijital materyal ele ge\u00e7irildi. Operasyonlar\u0131 koordine eden Cumhuriyet Ba\u015fsavc\u0131l\u0131klar\u0131m\u0131z\u0131 ve operasyonlar\u0131 ger\u00e7ekle\u015ftiren Kahraman Jandarmam\u0131z\u0131 tebrik ediyorum.&#8221; Kaynak: www.kanalv.com.tr Haber Sitesinden Al\u0131nm\u0131\u015ft\u0131r.<\/p>","protected":false},"author":4,"featured_media":24885,"comment_status":"open","ping_status":"open","sticky":false,"template":"","format":"standard","meta":{"_acf_changed":false,"footnotes":""},"categories":[26],"tags":[],"class_list":["post-24884","post","type-post","status-publish","format-standard","has-post-thumbnail","hentry","category-antalya"],"acf":[],"yoast_head":"<!-- This site is optimized with the Yoast SEO Premium plugin v26.6 (Yoast SEO v27.1.1) - https:\/\/yoast.com\/product\/yoast-seo-premium-wordpress\/ -->\n<title>G\u00fcrz-37&quot; operasyonlar\u0131nda 147 \u015f\u00fcpheli ter\u00f6r \u00f6rg\u00fct\u00fc mensubu yakaland\u0131 - Av. Deniz Can K\u0131z\u0131l<\/title>\n<meta name=\"robots\" content=\"index, follow, max-snippet:-1, max-image-preview:large, max-video-preview:-1\" \/>\n<link rel=\"canonical\" href=\"https:\/\/denizcankizil.tr\/en\/haberler\/antalya\/gurz-37-operasyonlarinda-147-supheli-teror-orgutu-mensubu-yakalandi\/\" \/>\n<meta property=\"og:locale\" content=\"en_GB\" \/>\n<meta property=\"og:type\" content=\"article\" \/>\n<meta property=\"og:title\" content=\"G\u00fcrz-37&quot; operasyonlar\u0131nda 147 \u015f\u00fcpheli ter\u00f6r \u00f6rg\u00fct\u00fc mensubu yakaland\u0131\" \/>\n<meta property=\"og:description\" content=\"Bakan Yerlikaya sosyal medya hesab\u0131ndan yapt\u0131\u011f\u0131 a\u00e7\u0131klamada,41 ilde PKK\/KCK&#8217;ya y\u00f6nelik Jandarma taraf\u0131ndan son 10 g\u00fcnd\u00fcr devam eden \u201cG\u00fcrz-37&#8243; operasyonlar\u0131nda 147 \u015f\u00fcpheli ter\u00f6r \u00f6rg\u00fct\u00fc mensubu yakaland\u0131\u011f\u0131n\u0131 kaydetti. \u015e\u00fcphelilerden; 30\u2018u tutukland\u0131\u011f\u0131n\u0131, 17\u2019si hakk\u0131nda adli kontrol karar\u0131 verildi\u011fini belirten Bakan Yerlikaya, \u015fu bilgileri verdi: &#8220;Cumhuriyet Ba\u015fsavc\u0131l\u0131klar\u0131 ile Jandarma Genel Komutanl\u0131\u011f\u0131 Ter\u00f6rle M\u00fccadele Daire Ba\u015fkanl\u0131\u011f\u0131 koordinesinde; \u0130l Jandarma Komutanl\u0131klar\u0131nca; Adana, Ad\u0131yaman, A\u011fr\u0131, Ankara, Antalya, Ardahan, Ayd\u0131n, Batman, Bing\u00f6l, Bitlis, Bolu, Denizli, Diyarbak\u0131r, Edirne, Eski\u015fehir, Gaziantep, Hakkari, Hatay, I\u011fd\u0131r, \u0130stanbul, \u0130zmir, Kars, Kayseri, Kilis, Kocaeli, Konya, K\u00fctahya, Manisa, Mardin, Mersin, Mu\u011fla, Mu\u015f, Nev\u015fehir, Siirt, \u015eanl\u0131urfa, \u015e\u0131rnak, Tekirda\u011f, Trabzon, Tunceli, Van ve Yozgat\u2019ta d\u00fczenlenen operasyonlarda yakalanan \u015f\u00fcphelilerin; PKK\/KCK ter\u00f6r \u00f6rg\u00fct\u00fc i\u00e7erisinde faaliyet y\u00fcr\u00fctt\u00fckleri, ter\u00f6r \u00f6rg\u00fct\u00fcne finans sa\u011flad\u0131klar\u0131, ter\u00f6r \u00f6rg\u00fct\u00fcn\u00fcn gen\u00e7lik yap\u0131lanmas\u0131 i\u00e7erisinde bulunduklar\u0131 ve Sosyal medya hesaplar\u0131 \u00fczerinden ter\u00f6r \u00f6rg\u00fct\u00fc propagandas\u0131 yapt\u0131klar\u0131 tespit edildi. Operasyonlar sonucu; \u00e7ok say\u0131da \u00f6rg\u00fctsel dok\u00fcman ve dijital materyal ele ge\u00e7irildi. Operasyonlar\u0131 koordine eden Cumhuriyet Ba\u015fsavc\u0131l\u0131klar\u0131m\u0131z\u0131 ve operasyonlar\u0131 ger\u00e7ekle\u015ftiren Kahraman Jandarmam\u0131z\u0131 tebrik ediyorum.&#8221; Kaynak: www.kanalv.com.tr Haber Sitesinden Al\u0131nm\u0131\u015ft\u0131r.\" \/>\n<meta property=\"og:url\" content=\"https:\/\/denizcankizil.tr\/en\/haberler\/antalya\/gurz-37-operasyonlarinda-147-supheli-teror-orgutu-mensubu-yakalandi\/\" \/>\n<meta property=\"og:site_name\" content=\"Av. Deniz Can K\u0131z\u0131l\" \/>\n<meta property=\"article:published_time\" content=\"2025-01-11T06:41:20+00:00\" \/>\n<meta property=\"og:image\" content=\"https:\/\/denizcankizil.tr\/wp-content\/uploads\/2025\/01\/4104-01-nS8QTZ.jpeg\" \/>\n\t<meta property=\"og:image:width\" content=\"1280\" \/>\n\t<meta property=\"og:image:height\" content=\"720\" \/>\n\t<meta property=\"og:image:type\" content=\"image\/jpeg\" \/>\n<meta name=\"author\" content=\"Av. Deniz Can K\u0131z\u0131l\" \/>\n<meta name=\"twitter:card\" content=\"summary_large_image\" \/>\n<meta name=\"twitter:label1\" content=\"Written by\" \/>\n\t<meta name=\"twitter:data1\" content=\"Av. Deniz Can K\u0131z\u0131l\" \/>\n\t<meta name=\"twitter:label2\" content=\"Estimated reading time\" \/>\n\t<meta name=\"twitter:data2\" content=\"1 minute\" \/>\n<script type=\"application\/ld+json\" class=\"yoast-schema-graph\">{\"@context\":\"https:\/\/schema.org\",\"@graph\":[{\"@type\":\"Article\",\"@id\":\"https:\/\/denizcankizil.tr\/en\/haberler\/antalya\/gurz-37-operasyonlarinda-147-supheli-teror-orgutu-mensubu-yakalandi\/#article\",\"isPartOf\":{\"@id\":\"https:\/\/denizcankizil.tr\/en\/haberler\/antalya\/gurz-37-operasyonlarinda-147-supheli-teror-orgutu-mensubu-yakalandi\/\"},\"author\":{\"name\":\"Av. Deniz Can K\u0131z\u0131l\",\"@id\":\"https:\/\/denizcankizil.tr\/de\/#\/schema\/person\/5dc1b22991bd7ac833867c10afc9b0ff\"},\"headline\":\"G\u00fcrz-37&#8243; operasyonlar\u0131nda 147 \u015f\u00fcpheli ter\u00f6r \u00f6rg\u00fct\u00fc mensubu yakaland\u0131\",\"datePublished\":\"2025-01-11T06:41:20+00:00\",\"mainEntityOfPage\":{\"@id\":\"https:\/\/denizcankizil.tr\/en\/haberler\/antalya\/gurz-37-operasyonlarinda-147-supheli-teror-orgutu-mensubu-yakalandi\/\"},\"wordCount\":243,\"commentCount\":0,\"publisher\":{\"@id\":\"https:\/\/denizcankizil.tr\/de\/#organization\"},\"image\":{\"@id\":\"https:\/\/denizcankizil.tr\/en\/haberler\/antalya\/gurz-37-operasyonlarinda-147-supheli-teror-orgutu-mensubu-yakalandi\/#primaryimage\"},\"thumbnailUrl\":\"https:\/\/denizcankizil.tr\/wp-content\/uploads\/2025\/01\/4104-01-nS8QTZ.jpeg\",\"articleSection\":[\"Antalya\"],\"inLanguage\":\"en-GB\",\"potentialAction\":[{\"@type\":\"CommentAction\",\"name\":\"Comment\",\"target\":[\"https:\/\/denizcankizil.tr\/en\/haberler\/antalya\/gurz-37-operasyonlarinda-147-supheli-teror-orgutu-mensubu-yakalandi\/#respond\"]}]},{\"@type\":\"WebPage\",\"@id\":\"https:\/\/denizcankizil.tr\/en\/haberler\/antalya\/gurz-37-operasyonlarinda-147-supheli-teror-orgutu-mensubu-yakalandi\/\",\"url\":\"https:\/\/denizcankizil.tr\/en\/haberler\/antalya\/gurz-37-operasyonlarinda-147-supheli-teror-orgutu-mensubu-yakalandi\/\",\"name\":\"G\u00fcrz-37\\\" operasyonlar\u0131nda 147 \u015f\u00fcpheli ter\u00f6r \u00f6rg\u00fct\u00fc mensubu yakaland\u0131 - Av. Deniz Can K\u0131z\u0131l\",\"isPartOf\":{\"@id\":\"https:\/\/denizcankizil.tr\/de\/#website\"},\"primaryImageOfPage\":{\"@id\":\"https:\/\/denizcankizil.tr\/en\/haberler\/antalya\/gurz-37-operasyonlarinda-147-supheli-teror-orgutu-mensubu-yakalandi\/#primaryimage\"},\"image\":{\"@id\":\"https:\/\/denizcankizil.tr\/en\/haberler\/antalya\/gurz-37-operasyonlarinda-147-supheli-teror-orgutu-mensubu-yakalandi\/#primaryimage\"},\"thumbnailUrl\":\"https:\/\/denizcankizil.tr\/wp-content\/uploads\/2025\/01\/4104-01-nS8QTZ.jpeg\",\"datePublished\":\"2025-01-11T06:41:20+00:00\",\"breadcrumb\":{\"@id\":\"https:\/\/denizcankizil.tr\/en\/haberler\/antalya\/gurz-37-operasyonlarinda-147-supheli-teror-orgutu-mensubu-yakalandi\/#breadcrumb\"},\"inLanguage\":\"en-GB\",\"potentialAction\":[{\"@type\":\"ReadAction\",\"target\":[\"https:\/\/denizcankizil.tr\/en\/haberler\/antalya\/gurz-37-operasyonlarinda-147-supheli-teror-orgutu-mensubu-yakalandi\/\"]}]},{\"@type\":\"ImageObject\",\"inLanguage\":\"en-GB\",\"@id\":\"https:\/\/denizcankizil.tr\/en\/haberler\/antalya\/gurz-37-operasyonlarinda-147-supheli-teror-orgutu-mensubu-yakalandi\/#primaryimage\",\"url\":\"https:\/\/denizcankizil.tr\/wp-content\/uploads\/2025\/01\/4104-01-nS8QTZ.jpeg\",\"contentUrl\":\"https:\/\/denizcankizil.tr\/wp-content\/uploads\/2025\/01\/4104-01-nS8QTZ.jpeg\",\"width\":1280,\"height\":720},{\"@type\":\"BreadcrumbList\",\"@id\":\"https:\/\/denizcankizil.tr\/en\/haberler\/antalya\/gurz-37-operasyonlarinda-147-supheli-teror-orgutu-mensubu-yakalandi\/#breadcrumb\",\"itemListElement\":[{\"@type\":\"ListItem\",\"position\":1,\"name\":\"Home\",\"item\":\"https:\/\/denizcankizil.tr\/de\/\"},{\"@type\":\"ListItem\",\"position\":2,\"name\":\"G\u00fcrz-37&#8243; operasyonlar\u0131nda 147 \u015f\u00fcpheli ter\u00f6r \u00f6rg\u00fct\u00fc mensubu yakaland\u0131\"}]},{\"@type\":\"WebSite\",\"@id\":\"https:\/\/denizcankizil.tr\/de\/#website\",\"url\":\"https:\/\/denizcankizil.tr\/de\/\",\"name\":\"Av. Deniz Can K\u0131z\u0131l\",\"description\":\"Avukat Deniz Can K\u0131z\u0131l Antalya Barosu\",\"publisher\":{\"@id\":\"https:\/\/denizcankizil.tr\/de\/#organization\"},\"potentialAction\":[{\"@type\":\"SearchAction\",\"target\":{\"@type\":\"EntryPoint\",\"urlTemplate\":\"https:\/\/denizcankizil.tr\/de\/?s={search_term_string}\"},\"query-input\":{\"@type\":\"PropertyValueSpecification\",\"valueRequired\":true,\"valueName\":\"search_term_string\"}}],\"inLanguage\":\"en-GB\"},{\"@type\":\"Organization\",\"@id\":\"https:\/\/denizcankizil.tr\/de\/#organization\",\"name\":\"Av. Deniz Can K\u0131z\u0131l\",\"url\":\"https:\/\/denizcankizil.tr\/de\/\",\"logo\":{\"@type\":\"ImageObject\",\"inLanguage\":\"en-GB\",\"@id\":\"https:\/\/denizcankizil.tr\/de\/#\/schema\/logo\/image\/\",\"url\":\"https:\/\/denizcankizil.tr\/wp-content\/uploads\/2024\/10\/siyah-logo-svg.svg\",\"contentUrl\":\"https:\/\/denizcankizil.tr\/wp-content\/uploads\/2024\/10\/siyah-logo-svg.svg\",\"width\":1080,\"height\":1080,\"caption\":\"Av. Deniz Can K\u0131z\u0131l\"},\"image\":{\"@id\":\"https:\/\/denizcankizil.tr\/de\/#\/schema\/logo\/image\/\"}},{\"@type\":\"Person\",\"@id\":\"https:\/\/denizcankizil.tr\/de\/#\/schema\/person\/5dc1b22991bd7ac833867c10afc9b0ff\",\"name\":\"Av. Deniz Can K\u0131z\u0131l\",\"image\":{\"@type\":\"ImageObject\",\"inLanguage\":\"en-GB\",\"@id\":\"https:\/\/denizcankizil.tr\/de\/#\/schema\/person\/image\/\",\"url\":\"https:\/\/secure.gravatar.com\/avatar\/a0b128fb9855c79efc976d5640eedb31dc35ec297594d6016d2cf7c60e975bb6?s=96&d=mm&r=g\",\"contentUrl\":\"https:\/\/secure.gravatar.com\/avatar\/a0b128fb9855c79efc976d5640eedb31dc35ec297594d6016d2cf7c60e975bb6?s=96&d=mm&r=g\",\"caption\":\"Av. Deniz Can K\u0131z\u0131l\"},\"sameAs\":[\"http:\/\/www.denizcankizil.tr\"],\"url\":\"https:\/\/denizcankizil.tr\/en\/author\/denizcankizil\/\"}]}<\/script>\n<!-- \/ Yoast SEO Premium plugin. -->","yoast_head_json":{"title":"G\u00fcrz-37\" operasyonlar\u0131nda 147 \u015f\u00fcpheli ter\u00f6r \u00f6rg\u00fct\u00fc mensubu yakaland\u0131 - Av. Deniz Can K\u0131z\u0131l","robots":{"index":"index","follow":"follow","max-snippet":"max-snippet:-1","max-image-preview":"max-image-preview:large","max-video-preview":"max-video-preview:-1"},"canonical":"https:\/\/denizcankizil.tr\/en\/haberler\/antalya\/gurz-37-operasyonlarinda-147-supheli-teror-orgutu-mensubu-yakalandi\/","og_locale":"en_GB","og_type":"article","og_title":"G\u00fcrz-37\" operasyonlar\u0131nda 147 \u015f\u00fcpheli ter\u00f6r \u00f6rg\u00fct\u00fc mensubu yakaland\u0131","og_description":"Bakan Yerlikaya sosyal medya hesab\u0131ndan yapt\u0131\u011f\u0131 a\u00e7\u0131klamada,41 ilde PKK\/KCK&#8217;ya y\u00f6nelik Jandarma taraf\u0131ndan son 10 g\u00fcnd\u00fcr devam eden \u201cG\u00fcrz-37&#8243; operasyonlar\u0131nda 147 \u015f\u00fcpheli ter\u00f6r \u00f6rg\u00fct\u00fc mensubu yakaland\u0131\u011f\u0131n\u0131 kaydetti. \u015e\u00fcphelilerden; 30\u2018u tutukland\u0131\u011f\u0131n\u0131, 17\u2019si hakk\u0131nda adli kontrol karar\u0131 verildi\u011fini belirten Bakan Yerlikaya, \u015fu bilgileri verdi: &#8220;Cumhuriyet Ba\u015fsavc\u0131l\u0131klar\u0131 ile Jandarma Genel Komutanl\u0131\u011f\u0131 Ter\u00f6rle M\u00fccadele Daire Ba\u015fkanl\u0131\u011f\u0131 koordinesinde; \u0130l Jandarma Komutanl\u0131klar\u0131nca; Adana, Ad\u0131yaman, A\u011fr\u0131, Ankara, Antalya, Ardahan, Ayd\u0131n, Batman, Bing\u00f6l, Bitlis, Bolu, Denizli, Diyarbak\u0131r, Edirne, Eski\u015fehir, Gaziantep, Hakkari, Hatay, I\u011fd\u0131r, \u0130stanbul, \u0130zmir, Kars, Kayseri, Kilis, Kocaeli, Konya, K\u00fctahya, Manisa, Mardin, Mersin, Mu\u011fla, Mu\u015f, Nev\u015fehir, Siirt, \u015eanl\u0131urfa, \u015e\u0131rnak, Tekirda\u011f, Trabzon, Tunceli, Van ve Yozgat\u2019ta d\u00fczenlenen operasyonlarda yakalanan \u015f\u00fcphelilerin; PKK\/KCK ter\u00f6r \u00f6rg\u00fct\u00fc i\u00e7erisinde faaliyet y\u00fcr\u00fctt\u00fckleri, ter\u00f6r \u00f6rg\u00fct\u00fcne finans sa\u011flad\u0131klar\u0131, ter\u00f6r \u00f6rg\u00fct\u00fcn\u00fcn gen\u00e7lik yap\u0131lanmas\u0131 i\u00e7erisinde bulunduklar\u0131 ve Sosyal medya hesaplar\u0131 \u00fczerinden ter\u00f6r \u00f6rg\u00fct\u00fc propagandas\u0131 yapt\u0131klar\u0131 tespit edildi. Operasyonlar sonucu; \u00e7ok say\u0131da \u00f6rg\u00fctsel dok\u00fcman ve dijital materyal ele ge\u00e7irildi. Operasyonlar\u0131 koordine eden Cumhuriyet Ba\u015fsavc\u0131l\u0131klar\u0131m\u0131z\u0131 ve operasyonlar\u0131 ger\u00e7ekle\u015ftiren Kahraman Jandarmam\u0131z\u0131 tebrik ediyorum.&#8221; Kaynak: www.kanalv.com.tr Haber Sitesinden Al\u0131nm\u0131\u015ft\u0131r.","og_url":"https:\/\/denizcankizil.tr\/en\/haberler\/antalya\/gurz-37-operasyonlarinda-147-supheli-teror-orgutu-mensubu-yakalandi\/","og_site_name":"Av. Deniz Can K\u0131z\u0131l","article_published_time":"2025-01-11T06:41:20+00:00","og_image":[{"width":1280,"height":720,"url":"https:\/\/denizcankizil.tr\/wp-content\/uploads\/2025\/01\/4104-01-nS8QTZ.jpeg","type":"image\/jpeg"}],"author":"Av. Deniz Can K\u0131z\u0131l","twitter_card":"summary_large_image","twitter_misc":{"Written by":"Av. Deniz Can K\u0131z\u0131l","Estimated reading time":"1 minute"},"schema":{"@context":"https:\/\/schema.org","@graph":[{"@type":"Article","@id":"https:\/\/denizcankizil.tr\/en\/haberler\/antalya\/gurz-37-operasyonlarinda-147-supheli-teror-orgutu-mensubu-yakalandi\/#article","isPartOf":{"@id":"https:\/\/denizcankizil.tr\/en\/haberler\/antalya\/gurz-37-operasyonlarinda-147-supheli-teror-orgutu-mensubu-yakalandi\/"},"author":{"name":"Av. Deniz Can K\u0131z\u0131l","@id":"https:\/\/denizcankizil.tr\/de\/#\/schema\/person\/5dc1b22991bd7ac833867c10afc9b0ff"},"headline":"G\u00fcrz-37&#8243; operasyonlar\u0131nda 147 \u015f\u00fcpheli ter\u00f6r \u00f6rg\u00fct\u00fc mensubu yakaland\u0131","datePublished":"2025-01-11T06:41:20+00:00","mainEntityOfPage":{"@id":"https:\/\/denizcankizil.tr\/en\/haberler\/antalya\/gurz-37-operasyonlarinda-147-supheli-teror-orgutu-mensubu-yakalandi\/"},"wordCount":243,"commentCount":0,"publisher":{"@id":"https:\/\/denizcankizil.tr\/de\/#organization"},"image":{"@id":"https:\/\/denizcankizil.tr\/en\/haberler\/antalya\/gurz-37-operasyonlarinda-147-supheli-teror-orgutu-mensubu-yakalandi\/#primaryimage"},"thumbnailUrl":"https:\/\/denizcankizil.tr\/wp-content\/uploads\/2025\/01\/4104-01-nS8QTZ.jpeg","articleSection":["Antalya"],"inLanguage":"en-GB","potentialAction":[{"@type":"CommentAction","name":"Comment","target":["https:\/\/denizcankizil.tr\/en\/haberler\/antalya\/gurz-37-operasyonlarinda-147-supheli-teror-orgutu-mensubu-yakalandi\/#respond"]}]},{"@type":"WebPage","@id":"https:\/\/denizcankizil.tr\/en\/haberler\/antalya\/gurz-37-operasyonlarinda-147-supheli-teror-orgutu-mensubu-yakalandi\/","url":"https:\/\/denizcankizil.tr\/en\/haberler\/antalya\/gurz-37-operasyonlarinda-147-supheli-teror-orgutu-mensubu-yakalandi\/","name":"G\u00fcrz-37\" operasyonlar\u0131nda 147 \u015f\u00fcpheli ter\u00f6r \u00f6rg\u00fct\u00fc mensubu yakaland\u0131 - Av. Deniz Can K\u0131z\u0131l","isPartOf":{"@id":"https:\/\/denizcankizil.tr\/de\/#website"},"primaryImageOfPage":{"@id":"https:\/\/denizcankizil.tr\/en\/haberler\/antalya\/gurz-37-operasyonlarinda-147-supheli-teror-orgutu-mensubu-yakalandi\/#primaryimage"},"image":{"@id":"https:\/\/denizcankizil.tr\/en\/haberler\/antalya\/gurz-37-operasyonlarinda-147-supheli-teror-orgutu-mensubu-yakalandi\/#primaryimage"},"thumbnailUrl":"https:\/\/denizcankizil.tr\/wp-content\/uploads\/2025\/01\/4104-01-nS8QTZ.jpeg","datePublished":"2025-01-11T06:41:20+00:00","breadcrumb":{"@id":"https:\/\/denizcankizil.tr\/en\/haberler\/antalya\/gurz-37-operasyonlarinda-147-supheli-teror-orgutu-mensubu-yakalandi\/#breadcrumb"},"inLanguage":"en-GB","potentialAction":[{"@type":"ReadAction","target":["https:\/\/denizcankizil.tr\/en\/haberler\/antalya\/gurz-37-operasyonlarinda-147-supheli-teror-orgutu-mensubu-yakalandi\/"]}]},{"@type":"ImageObject","inLanguage":"en-GB","@id":"https:\/\/denizcankizil.tr\/en\/haberler\/antalya\/gurz-37-operasyonlarinda-147-supheli-teror-orgutu-mensubu-yakalandi\/#primaryimage","url":"https:\/\/denizcankizil.tr\/wp-content\/uploads\/2025\/01\/4104-01-nS8QTZ.jpeg","contentUrl":"https:\/\/denizcankizil.tr\/wp-content\/uploads\/2025\/01\/4104-01-nS8QTZ.jpeg","width":1280,"height":720},{"@type":"BreadcrumbList","@id":"https:\/\/denizcankizil.tr\/en\/haberler\/antalya\/gurz-37-operasyonlarinda-147-supheli-teror-orgutu-mensubu-yakalandi\/#breadcrumb","itemListElement":[{"@type":"ListItem","position":1,"name":"Home","item":"https:\/\/denizcankizil.tr\/de\/"},{"@type":"ListItem","position":2,"name":"G\u00fcrz-37&#8243; operasyonlar\u0131nda 147 \u015f\u00fcpheli ter\u00f6r \u00f6rg\u00fct\u00fc mensubu yakaland\u0131"}]},{"@type":"WebSite","@id":"https:\/\/denizcankizil.tr\/de\/#website","url":"https:\/\/denizcankizil.tr\/de\/","name":"Av. Deniz Can K\u0131z\u0131l","description":"Avukat Deniz Can K\u0131z\u0131l Antalya Barosu","publisher":{"@id":"https:\/\/denizcankizil.tr\/de\/#organization"},"potentialAction":[{"@type":"SearchAction","target":{"@type":"EntryPoint","urlTemplate":"https:\/\/denizcankizil.tr\/de\/?s={search_term_string}"},"query-input":{"@type":"PropertyValueSpecification","valueRequired":true,"valueName":"search_term_string"}}],"inLanguage":"en-GB"},{"@type":"Organization","@id":"https:\/\/denizcankizil.tr\/de\/#organization","name":"Av. Deniz Can K\u0131z\u0131l","url":"https:\/\/denizcankizil.tr\/de\/","logo":{"@type":"ImageObject","inLanguage":"en-GB","@id":"https:\/\/denizcankizil.tr\/de\/#\/schema\/logo\/image\/","url":"https:\/\/denizcankizil.tr\/wp-content\/uploads\/2024\/10\/siyah-logo-svg.svg","contentUrl":"https:\/\/denizcankizil.tr\/wp-content\/uploads\/2024\/10\/siyah-logo-svg.svg","width":1080,"height":1080,"caption":"Av. Deniz Can K\u0131z\u0131l"},"image":{"@id":"https:\/\/denizcankizil.tr\/de\/#\/schema\/logo\/image\/"}},{"@type":"Person","@id":"https:\/\/denizcankizil.tr\/de\/#\/schema\/person\/5dc1b22991bd7ac833867c10afc9b0ff","name":"Av. Deniz Can K\u0131z\u0131l","image":{"@type":"ImageObject","inLanguage":"en-GB","@id":"https:\/\/denizcankizil.tr\/de\/#\/schema\/person\/image\/","url":"https:\/\/secure.gravatar.com\/avatar\/a0b128fb9855c79efc976d5640eedb31dc35ec297594d6016d2cf7c60e975bb6?s=96&d=mm&r=g","contentUrl":"https:\/\/secure.gravatar.com\/avatar\/a0b128fb9855c79efc976d5640eedb31dc35ec297594d6016d2cf7c60e975bb6?s=96&d=mm&r=g","caption":"Av. Deniz Can K\u0131z\u0131l"},"sameAs":["http:\/\/www.denizcankizil.tr"],"url":"https:\/\/denizcankizil.tr\/en\/author\/denizcankizil\/"}]}},"_links":{"self":[{"href":"https:\/\/denizcankizil.tr\/en\/wp-json\/wp\/v2\/posts\/24884","targetHints":{"allow":["GET"]}}],"collection":[{"href":"https:\/\/denizcankizil.tr\/en\/wp-json\/wp\/v2\/posts"}],"about":[{"href":"https:\/\/denizcankizil.tr\/en\/wp-json\/wp\/v2\/types\/post"}],"author":[{"embeddable":true,"href":"https:\/\/denizcankizil.tr\/en\/wp-json\/wp\/v2\/users\/4"}],"replies":[{"embeddable":true,"href":"https:\/\/denizcankizil.tr\/en\/wp-json\/wp\/v2\/comments?post=24884"}],"version-history":[{"count":0,"href":"https:\/\/denizcankizil.tr\/en\/wp-json\/wp\/v2\/posts\/24884\/revisions"}],"wp:featuredmedia":[{"embeddable":true,"href":"https:\/\/denizcankizil.tr\/en\/wp-json\/wp\/v2\/media\/24885"}],"wp:attachment":[{"href":"https:\/\/denizcankizil.tr\/en\/wp-json\/wp\/v2\/media?parent=24884"}],"wp:term":[{"taxonomy":"category","embeddable":true,"href":"https:\/\/denizcankizil.tr\/en\/wp-json\/wp\/v2\/categories?post=24884"},{"taxonomy":"post_tag","embeddable":true,"href":"https:\/\/denizcankizil.tr\/en\/wp-json\/wp\/v2\/tags?post=24884"}],"curies":[{"name":"wp","href":"https:\/\/api.w.org\/{rel}","templated":true}]}}