{"id":24846,"date":"2025-01-10T17:41:23","date_gmt":"2025-01-10T14:41:23","guid":{"rendered":"https:\/\/denizcankizil.tr\/uncategorized-tr\/gazetecilerin-ozluk-haklari-yasal-olarak-guvence-altina-alinmali\/"},"modified":"2025-01-10T17:41:23","modified_gmt":"2025-01-10T14:41:23","slug":"gazetecilerin-ozluk-haklari-yasal-olarak-guvence-altina-alinmali","status":"publish","type":"post","link":"https:\/\/denizcankizil.tr\/en\/haberler\/gundem\/gazetecilerin-ozluk-haklari-yasal-olarak-guvence-altina-alinmali\/","title":{"rendered":"Gazetecilerin \u00f6zl\u00fck haklar\u0131 yasal olarak g\u00fcvence alt\u0131na al\u0131nmal\u0131"},"content":{"rendered":"<p>T\u00fcrkiye \u0130\u015f\u00e7i Sendikalar\u0131 Konfederasyonu (T\u00dcRK-\u0130\u015e) Genel Ba\u015fkan Erg\u00fcn Atalay, 10 Ocak \u00c7al\u0131\u015fan Gazeteciler G\u00fcn\u00fc&#8217;n\u00fc kutlad\u0131. Atalay, &#8220;Fedakarca g\u00f6revini yapan gazetecilerin ba\u015fta i\u015f g\u00fcvencesi olmak \u00fczere ekonomik ve sosyal haklar\u0131n\u0131n sa\u011flanmas\u0131, do\u011fru ve tarafs\u0131z habere ula\u015fman\u0131n da \u00f6n \u015fart\u0131 niteli\u011findedir. Bu nedenle milletimizin haber alma hakk\u0131 i\u00e7in g\u00f6revini yerine getiren gazetecilerin \u00f6zl\u00fck haklar\u0131n\u0131n yasal olarak d\u00fczenlenmesi gerekmektedir&#8221; dedi.<\/p>\n<p>GAZETEC\u0130LER TOPLUMUN SES\u0130\u00a0<\/p>\n<p>T\u00dcRK-\u0130\u015e Genel Ba\u015fkan Erg\u00fcn Atalay, 10 Ocak \u00c7al\u0131\u015fan Gazeteciler G\u00fcn\u00fc dolay\u0131s\u0131yla yapt\u0131\u011f\u0131 yaz\u0131l\u0131 a\u00e7\u0131klamada, \u201cToplumun haber alma hakk\u0131 kapsam\u0131nda bas\u0131n \u00f6zg\u00fcrl\u00fc\u011f\u00fc \u00f6nemlidir. Bu g\u00f6revi yerine getiren gazeteciler, kamu yarar\u0131 i\u00e7in g\u00f6rev yapmakta, toplumun g\u00f6z\u00fc, kula\u011f\u0131, aynas\u0131 ve sesi olmaktad\u0131r. Fedakarca g\u00f6revini yapan gazetecilerin ba\u015fta i\u015f g\u00fcvencesi olmak \u00fczere ekonomik ve sosyal haklar\u0131n\u0131n sa\u011flanmas\u0131, do\u011fru ve tarafs\u0131z habere ula\u015fman\u0131n da \u00f6n \u015fart\u0131 niteli\u011findedir. Bu nedenle milletimizin haber alma hakk\u0131 i\u00e7in g\u00f6revini yerine getiren gazetecilerin \u00f6zl\u00fck haklar\u0131n\u0131n yasal olarak d\u00fczenlenmesi gerekmektedir. Bu do\u011frultuda geli\u015fme sa\u011flanmas\u0131 kolay olmam\u0131\u015ft\u0131r. 4 Ocak 1961\u2019de kabul edilen ve bas\u0131n \u00e7al\u0131\u015fanlar\u0131na \u00f6nemli haklar tan\u0131yan 212 Say\u0131l\u0131 Fikir \u0130\u015f\u00e7ileri Kanunu\u2019nun 10 Ocak g\u00fcn\u00fc Resmi Gazete\u2019de yay\u0131mlanmas\u0131 \u00fczerine d\u00f6nemin gazete sahipleri bir ortak bildiri ile 3 g\u00fcn gazetelerini kapatma karar\u0131 ald\u0131lar. Bunun \u00fczerine gazeteciler, hak ve \u00f6zg\u00fcrl\u00fcklerini savunmak ve halk\u0131 gazetesiz b\u0131rakmamak \u00fczere &#8216;Bas\u0131n&#8217; adl\u0131 bir gazete yay\u0131mlayarak gazete sahiplerinin tutumuna kar\u015f\u0131 tav\u0131r ald\u0131lar&#8221; ifadelerini kulland\u0131.\u00a0<\/p>\n<p>KAMU KURUM VE KURULU\u015eLAR DESTEKLEMEL\u0130\u00a0<\/p>\n<p>Erg\u00fcn Atalay, &#8220;1962\u2019den ba\u015flayarak 10 Ocak &#8216;Bas\u0131n Bayram\u0131&#8217; olarak kutlanmaya ba\u015fland\u0131. Bug\u00fcn 10 Ocak \u00c7al\u0131\u015fan Gazeteciler G\u00fcn\u00fc. 12 Eyl\u00fcl darbesi sonras\u0131 gelen iktidarlar d\u00f6neminde gazetecilere \u00e7e\u015fitli g\u00fcvenceler kazand\u0131ran 212 say\u0131l\u0131 yasa b\u00fcy\u00fck \u00f6l\u00e7\u00fcde budand\u0131 ve i\u00e7i bo\u015falt\u0131ld\u0131. B\u00f6ylece 10 Ocak Gazeteciler Bayram\u0131 da bas\u0131n \u00e7al\u0131\u015fanlar\u0131n\u0131n \u00f6zg\u00fcrl\u00fck ve haklar\u0131n\u0131n t\u00fcm\u00fcyle budand\u0131\u011f\u0131 bir g\u00fcn\u00fcn ad\u0131 olarak kald\u0131. Haber alma hakk\u0131n\u0131n sa\u011fl\u0131kl\u0131 olmas\u0131n\u0131 sa\u011flayan ve ya\u015fama \u015fartlar\u0131n\u0131n geli\u015ftirilmesi i\u00e7in t\u00fcm sivil toplum ile kamu kurum ve kurulu\u015flar\u0131 olarak gereken destek verilmelidir\u201d dedi. \u00a0\u00a0 \u00a0 \u00a0 \u00a0 \u00a0 \u00a0 \u00a0 \u00a0 \u00a0 \u00a0 \u00a0 \u00a0 \u00a0 \u00a0 \u00a0 \u00a0 \u00a0 \u00a0 \u00a0<\/p>\n<p>\u200bT\u00dcRK-\u0130\u015e Genel Ba\u015fkan Erg\u00fcn Atalay, 10 Ocak \u00c7al\u0131\u015fan Gazeteciler G\u00fcn\u00fc&#8217;nde meslek \u00f6zl\u00fck haklar\u0131na dikkat \u00e7ekti. Atalay, &#8220;Gazetecilerin ayakta kalmas\u0131 i\u00e7in kamu kurum ve kurulu\u015flar gerekli deste\u011fi vermelidir&#8221; diye konu\u015ftu.\u00a0<\/p>\n<p>\u200bHaberin Al\u0131nt\u0131land\u0131\u011f\u0131 Kaynak: www.antalyakorfez.com<\/p>","protected":false},"excerpt":{"rendered":"<p>T\u00fcrkiye \u0130\u015f\u00e7i Sendikalar\u0131 Konfederasyonu (T\u00dcRK-\u0130\u015e) Genel Ba\u015fkan Erg\u00fcn Atalay, 10 Ocak \u00c7al\u0131\u015fan Gazeteciler G\u00fcn\u00fc&#8217;n\u00fc kutlad\u0131. Atalay, &#8220;Fedakarca g\u00f6revini yapan gazetecilerin ba\u015fta i\u015f g\u00fcvencesi olmak \u00fczere ekonomik ve sosyal haklar\u0131n\u0131n sa\u011flanmas\u0131, do\u011fru ve tarafs\u0131z habere ula\u015fman\u0131n da \u00f6n \u015fart\u0131 niteli\u011findedir. Bu nedenle milletimizin haber alma hakk\u0131 i\u00e7in g\u00f6revini yerine getiren gazetecilerin \u00f6zl\u00fck haklar\u0131n\u0131n yasal olarak d\u00fczenlenmesi gerekmektedir&#8221; dedi. GAZETEC\u0130LER TOPLUMUN SES\u0130\u00a0 T\u00dcRK-\u0130\u015e Genel Ba\u015fkan Erg\u00fcn Atalay, 10 Ocak \u00c7al\u0131\u015fan Gazeteciler G\u00fcn\u00fc dolay\u0131s\u0131yla yapt\u0131\u011f\u0131 yaz\u0131l\u0131 a\u00e7\u0131klamada, \u201cToplumun haber alma hakk\u0131 kapsam\u0131nda bas\u0131n \u00f6zg\u00fcrl\u00fc\u011f\u00fc \u00f6nemlidir. Bu g\u00f6revi yerine getiren gazeteciler, kamu yarar\u0131 i\u00e7in g\u00f6rev yapmakta, toplumun g\u00f6z\u00fc, kula\u011f\u0131, aynas\u0131 ve sesi olmaktad\u0131r. Fedakarca g\u00f6revini yapan gazetecilerin ba\u015fta i\u015f g\u00fcvencesi olmak \u00fczere ekonomik ve sosyal haklar\u0131n\u0131n sa\u011flanmas\u0131, do\u011fru ve tarafs\u0131z habere ula\u015fman\u0131n da \u00f6n \u015fart\u0131 niteli\u011findedir. Bu nedenle milletimizin haber alma hakk\u0131 i\u00e7in g\u00f6revini yerine getiren gazetecilerin \u00f6zl\u00fck haklar\u0131n\u0131n yasal olarak d\u00fczenlenmesi gerekmektedir. Bu do\u011frultuda geli\u015fme sa\u011flanmas\u0131 kolay olmam\u0131\u015ft\u0131r. 4 Ocak 1961\u2019de kabul edilen ve bas\u0131n \u00e7al\u0131\u015fanlar\u0131na \u00f6nemli haklar tan\u0131yan 212 Say\u0131l\u0131 Fikir \u0130\u015f\u00e7ileri Kanunu\u2019nun 10 Ocak g\u00fcn\u00fc Resmi Gazete\u2019de yay\u0131mlanmas\u0131 \u00fczerine d\u00f6nemin gazete sahipleri bir ortak bildiri ile 3 g\u00fcn gazetelerini kapatma karar\u0131 ald\u0131lar. Bunun \u00fczerine gazeteciler, hak ve \u00f6zg\u00fcrl\u00fcklerini savunmak ve halk\u0131 gazetesiz b\u0131rakmamak \u00fczere &#8216;Bas\u0131n&#8217; adl\u0131 bir gazete yay\u0131mlayarak gazete sahiplerinin &hellip;<\/p>","protected":false},"author":5,"featured_media":0,"comment_status":"open","ping_status":"open","sticky":false,"template":"","format":"standard","meta":{"_acf_changed":false,"footnotes":""},"categories":[24],"tags":[],"class_list":["post-24846","post","type-post","status-publish","format-standard","has-post-thumbnail","hentry","category-gundem"],"acf":[],"yoast_head":"<!-- This site is optimized with the Yoast SEO Premium plugin v26.6 (Yoast SEO v27.1.1) - https:\/\/yoast.com\/product\/yoast-seo-premium-wordpress\/ -->\n<title>Gazetecilerin \u00f6zl\u00fck haklar\u0131 yasal olarak g\u00fcvence alt\u0131na al\u0131nmal\u0131 - Av. Deniz Can K\u0131z\u0131l<\/title>\n<meta name=\"robots\" content=\"index, follow, max-snippet:-1, max-image-preview:large, max-video-preview:-1\" \/>\n<link rel=\"canonical\" href=\"https:\/\/denizcankizil.tr\/en\/haberler\/gundem\/gazetecilerin-ozluk-haklari-yasal-olarak-guvence-altina-alinmali\/\" \/>\n<meta property=\"og:locale\" content=\"en_GB\" \/>\n<meta property=\"og:type\" content=\"article\" \/>\n<meta property=\"og:title\" content=\"Gazetecilerin \u00f6zl\u00fck haklar\u0131 yasal olarak g\u00fcvence alt\u0131na al\u0131nmal\u0131\" \/>\n<meta property=\"og:description\" content=\"T\u00fcrkiye \u0130\u015f\u00e7i Sendikalar\u0131 Konfederasyonu (T\u00dcRK-\u0130\u015e) Genel Ba\u015fkan Erg\u00fcn Atalay, 10 Ocak \u00c7al\u0131\u015fan Gazeteciler G\u00fcn\u00fc&#8217;n\u00fc kutlad\u0131. Atalay, &#8220;Fedakarca g\u00f6revini yapan gazetecilerin ba\u015fta i\u015f g\u00fcvencesi olmak \u00fczere ekonomik ve sosyal haklar\u0131n\u0131n sa\u011flanmas\u0131, do\u011fru ve tarafs\u0131z habere ula\u015fman\u0131n da \u00f6n \u015fart\u0131 niteli\u011findedir. Bu nedenle milletimizin haber alma hakk\u0131 i\u00e7in g\u00f6revini yerine getiren gazetecilerin \u00f6zl\u00fck haklar\u0131n\u0131n yasal olarak d\u00fczenlenmesi gerekmektedir&#8221; dedi. GAZETEC\u0130LER TOPLUMUN SES\u0130\u00a0 T\u00dcRK-\u0130\u015e Genel Ba\u015fkan Erg\u00fcn Atalay, 10 Ocak \u00c7al\u0131\u015fan Gazeteciler G\u00fcn\u00fc dolay\u0131s\u0131yla yapt\u0131\u011f\u0131 yaz\u0131l\u0131 a\u00e7\u0131klamada, \u201cToplumun haber alma hakk\u0131 kapsam\u0131nda bas\u0131n \u00f6zg\u00fcrl\u00fc\u011f\u00fc \u00f6nemlidir. Bu g\u00f6revi yerine getiren gazeteciler, kamu yarar\u0131 i\u00e7in g\u00f6rev yapmakta, toplumun g\u00f6z\u00fc, kula\u011f\u0131, aynas\u0131 ve sesi olmaktad\u0131r. Fedakarca g\u00f6revini yapan gazetecilerin ba\u015fta i\u015f g\u00fcvencesi olmak \u00fczere ekonomik ve sosyal haklar\u0131n\u0131n sa\u011flanmas\u0131, do\u011fru ve tarafs\u0131z habere ula\u015fman\u0131n da \u00f6n \u015fart\u0131 niteli\u011findedir. Bu nedenle milletimizin haber alma hakk\u0131 i\u00e7in g\u00f6revini yerine getiren gazetecilerin \u00f6zl\u00fck haklar\u0131n\u0131n yasal olarak d\u00fczenlenmesi gerekmektedir. Bu do\u011frultuda geli\u015fme sa\u011flanmas\u0131 kolay olmam\u0131\u015ft\u0131r. 4 Ocak 1961\u2019de kabul edilen ve bas\u0131n \u00e7al\u0131\u015fanlar\u0131na \u00f6nemli haklar tan\u0131yan 212 Say\u0131l\u0131 Fikir \u0130\u015f\u00e7ileri Kanunu\u2019nun 10 Ocak g\u00fcn\u00fc Resmi Gazete\u2019de yay\u0131mlanmas\u0131 \u00fczerine d\u00f6nemin gazete sahipleri bir ortak bildiri ile 3 g\u00fcn gazetelerini kapatma karar\u0131 ald\u0131lar. Bunun \u00fczerine gazeteciler, hak ve \u00f6zg\u00fcrl\u00fcklerini savunmak ve halk\u0131 gazetesiz b\u0131rakmamak \u00fczere &#8216;Bas\u0131n&#8217; adl\u0131 bir gazete yay\u0131mlayarak gazete sahiplerinin &hellip;\" \/>\n<meta property=\"og:url\" content=\"https:\/\/denizcankizil.tr\/en\/haberler\/gundem\/gazetecilerin-ozluk-haklari-yasal-olarak-guvence-altina-alinmali\/\" \/>\n<meta property=\"og:site_name\" content=\"Av. Deniz Can K\u0131z\u0131l\" \/>\n<meta property=\"article:published_time\" content=\"2025-01-10T14:41:23+00:00\" \/>\n<meta name=\"author\" content=\"Antalya K\u00f6rfez\" \/>\n<meta name=\"twitter:card\" content=\"summary_large_image\" \/>\n<meta name=\"twitter:label1\" content=\"Written by\" \/>\n\t<meta name=\"twitter:data1\" content=\"Antalya K\u00f6rfez\" \/>\n\t<meta name=\"twitter:label2\" content=\"Estimated reading time\" \/>\n\t<meta name=\"twitter:data2\" content=\"2 minutes\" \/>\n<script type=\"application\/ld+json\" class=\"yoast-schema-graph\">{\"@context\":\"https:\/\/schema.org\",\"@graph\":[{\"@type\":\"Article\",\"@id\":\"https:\/\/denizcankizil.tr\/ru\/haberler\/gundem\/gazetecilerin-ozluk-haklari-yasal-olarak-guvence-altina-alinmali\/#article\",\"isPartOf\":{\"@id\":\"https:\/\/denizcankizil.tr\/ru\/haberler\/gundem\/gazetecilerin-ozluk-haklari-yasal-olarak-guvence-altina-alinmali\/\"},\"author\":{\"name\":\"Antalya K\u00f6rfez\",\"@id\":\"https:\/\/denizcankizil.tr\/de\/#\/schema\/person\/e1eb71bb4dd684d46563f0af307e1234\"},\"headline\":\"Gazetecilerin \u00f6zl\u00fck haklar\u0131 yasal olarak g\u00fcvence alt\u0131na al\u0131nmal\u0131\",\"datePublished\":\"2025-01-10T14:41:23+00:00\",\"mainEntityOfPage\":{\"@id\":\"https:\/\/denizcankizil.tr\/ru\/haberler\/gundem\/gazetecilerin-ozluk-haklari-yasal-olarak-guvence-altina-alinmali\/\"},\"wordCount\":468,\"commentCount\":0,\"publisher\":{\"@id\":\"https:\/\/denizcankizil.tr\/de\/#organization\"},\"articleSection\":[\"G\u00fcndem\"],\"inLanguage\":\"en-GB\",\"potentialAction\":[{\"@type\":\"CommentAction\",\"name\":\"Comment\",\"target\":[\"https:\/\/denizcankizil.tr\/ru\/haberler\/gundem\/gazetecilerin-ozluk-haklari-yasal-olarak-guvence-altina-alinmali\/#respond\"]}]},{\"@type\":\"WebPage\",\"@id\":\"https:\/\/denizcankizil.tr\/ru\/haberler\/gundem\/gazetecilerin-ozluk-haklari-yasal-olarak-guvence-altina-alinmali\/\",\"url\":\"https:\/\/denizcankizil.tr\/ru\/haberler\/gundem\/gazetecilerin-ozluk-haklari-yasal-olarak-guvence-altina-alinmali\/\",\"name\":\"Gazetecilerin \u00f6zl\u00fck haklar\u0131 yasal olarak g\u00fcvence alt\u0131na al\u0131nmal\u0131 - Av. Deniz Can K\u0131z\u0131l\",\"isPartOf\":{\"@id\":\"https:\/\/denizcankizil.tr\/de\/#website\"},\"datePublished\":\"2025-01-10T14:41:23+00:00\",\"breadcrumb\":{\"@id\":\"https:\/\/denizcankizil.tr\/ru\/haberler\/gundem\/gazetecilerin-ozluk-haklari-yasal-olarak-guvence-altina-alinmali\/#breadcrumb\"},\"inLanguage\":\"en-GB\",\"potentialAction\":[{\"@type\":\"ReadAction\",\"target\":[\"https:\/\/denizcankizil.tr\/ru\/haberler\/gundem\/gazetecilerin-ozluk-haklari-yasal-olarak-guvence-altina-alinmali\/\"]}]},{\"@type\":\"BreadcrumbList\",\"@id\":\"https:\/\/denizcankizil.tr\/ru\/haberler\/gundem\/gazetecilerin-ozluk-haklari-yasal-olarak-guvence-altina-alinmali\/#breadcrumb\",\"itemListElement\":[{\"@type\":\"ListItem\",\"position\":1,\"name\":\"Home\",\"item\":\"https:\/\/denizcankizil.tr\/de\/\"},{\"@type\":\"ListItem\",\"position\":2,\"name\":\"Gazetecilerin \u00f6zl\u00fck haklar\u0131 yasal olarak g\u00fcvence alt\u0131na al\u0131nmal\u0131\"}]},{\"@type\":\"WebSite\",\"@id\":\"https:\/\/denizcankizil.tr\/de\/#website\",\"url\":\"https:\/\/denizcankizil.tr\/de\/\",\"name\":\"Av. Deniz Can K\u0131z\u0131l\",\"description\":\"Avukat Deniz Can K\u0131z\u0131l Antalya Barosu\",\"publisher\":{\"@id\":\"https:\/\/denizcankizil.tr\/de\/#organization\"},\"potentialAction\":[{\"@type\":\"SearchAction\",\"target\":{\"@type\":\"EntryPoint\",\"urlTemplate\":\"https:\/\/denizcankizil.tr\/de\/?s={search_term_string}\"},\"query-input\":{\"@type\":\"PropertyValueSpecification\",\"valueRequired\":true,\"valueName\":\"search_term_string\"}}],\"inLanguage\":\"en-GB\"},{\"@type\":\"Organization\",\"@id\":\"https:\/\/denizcankizil.tr\/de\/#organization\",\"name\":\"Av. Deniz Can K\u0131z\u0131l\",\"url\":\"https:\/\/denizcankizil.tr\/de\/\",\"logo\":{\"@type\":\"ImageObject\",\"inLanguage\":\"en-GB\",\"@id\":\"https:\/\/denizcankizil.tr\/de\/#\/schema\/logo\/image\/\",\"url\":\"https:\/\/denizcankizil.tr\/wp-content\/uploads\/2024\/10\/siyah-logo-svg.svg\",\"contentUrl\":\"https:\/\/denizcankizil.tr\/wp-content\/uploads\/2024\/10\/siyah-logo-svg.svg\",\"width\":1080,\"height\":1080,\"caption\":\"Av. Deniz Can K\u0131z\u0131l\"},\"image\":{\"@id\":\"https:\/\/denizcankizil.tr\/de\/#\/schema\/logo\/image\/\"}},{\"@type\":\"Person\",\"@id\":\"https:\/\/denizcankizil.tr\/de\/#\/schema\/person\/e1eb71bb4dd684d46563f0af307e1234\",\"name\":\"Antalya K\u00f6rfez\",\"image\":{\"@type\":\"ImageObject\",\"inLanguage\":\"en-GB\",\"@id\":\"https:\/\/denizcankizil.tr\/de\/#\/schema\/person\/image\/\",\"url\":\"https:\/\/secure.gravatar.com\/avatar\/42b01982558a48a0b501fdcab6a408d3717ea5919095ee2e67b0e521799c5905?s=96&d=mm&r=g\",\"contentUrl\":\"https:\/\/secure.gravatar.com\/avatar\/42b01982558a48a0b501fdcab6a408d3717ea5919095ee2e67b0e521799c5905?s=96&d=mm&r=g\",\"caption\":\"Antalya K\u00f6rfez\"},\"sameAs\":[\"http:\/\/www.antalyakorfez.com\"],\"url\":\"https:\/\/www.antalyakorfez.com\/gazetecilerin-ozluk-haklari-yasal-olarak-guvence-altina-alinmali\"}]}<\/script>\n<!-- \/ Yoast SEO Premium plugin. -->","yoast_head_json":{"title":"Gazetecilerin \u00f6zl\u00fck haklar\u0131 yasal olarak g\u00fcvence alt\u0131na al\u0131nmal\u0131 - Av. Deniz Can K\u0131z\u0131l","robots":{"index":"index","follow":"follow","max-snippet":"max-snippet:-1","max-image-preview":"max-image-preview:large","max-video-preview":"max-video-preview:-1"},"canonical":"https:\/\/denizcankizil.tr\/en\/haberler\/gundem\/gazetecilerin-ozluk-haklari-yasal-olarak-guvence-altina-alinmali\/","og_locale":"en_GB","og_type":"article","og_title":"Gazetecilerin \u00f6zl\u00fck haklar\u0131 yasal olarak g\u00fcvence alt\u0131na al\u0131nmal\u0131","og_description":"T\u00fcrkiye \u0130\u015f\u00e7i Sendikalar\u0131 Konfederasyonu (T\u00dcRK-\u0130\u015e) Genel Ba\u015fkan Erg\u00fcn Atalay, 10 Ocak \u00c7al\u0131\u015fan Gazeteciler G\u00fcn\u00fc&#8217;n\u00fc kutlad\u0131. Atalay, &#8220;Fedakarca g\u00f6revini yapan gazetecilerin ba\u015fta i\u015f g\u00fcvencesi olmak \u00fczere ekonomik ve sosyal haklar\u0131n\u0131n sa\u011flanmas\u0131, do\u011fru ve tarafs\u0131z habere ula\u015fman\u0131n da \u00f6n \u015fart\u0131 niteli\u011findedir. Bu nedenle milletimizin haber alma hakk\u0131 i\u00e7in g\u00f6revini yerine getiren gazetecilerin \u00f6zl\u00fck haklar\u0131n\u0131n yasal olarak d\u00fczenlenmesi gerekmektedir&#8221; dedi. GAZETEC\u0130LER TOPLUMUN SES\u0130\u00a0 T\u00dcRK-\u0130\u015e Genel Ba\u015fkan Erg\u00fcn Atalay, 10 Ocak \u00c7al\u0131\u015fan Gazeteciler G\u00fcn\u00fc dolay\u0131s\u0131yla yapt\u0131\u011f\u0131 yaz\u0131l\u0131 a\u00e7\u0131klamada, \u201cToplumun haber alma hakk\u0131 kapsam\u0131nda bas\u0131n \u00f6zg\u00fcrl\u00fc\u011f\u00fc \u00f6nemlidir. Bu g\u00f6revi yerine getiren gazeteciler, kamu yarar\u0131 i\u00e7in g\u00f6rev yapmakta, toplumun g\u00f6z\u00fc, kula\u011f\u0131, aynas\u0131 ve sesi olmaktad\u0131r. Fedakarca g\u00f6revini yapan gazetecilerin ba\u015fta i\u015f g\u00fcvencesi olmak \u00fczere ekonomik ve sosyal haklar\u0131n\u0131n sa\u011flanmas\u0131, do\u011fru ve tarafs\u0131z habere ula\u015fman\u0131n da \u00f6n \u015fart\u0131 niteli\u011findedir. Bu nedenle milletimizin haber alma hakk\u0131 i\u00e7in g\u00f6revini yerine getiren gazetecilerin \u00f6zl\u00fck haklar\u0131n\u0131n yasal olarak d\u00fczenlenmesi gerekmektedir. Bu do\u011frultuda geli\u015fme sa\u011flanmas\u0131 kolay olmam\u0131\u015ft\u0131r. 4 Ocak 1961\u2019de kabul edilen ve bas\u0131n \u00e7al\u0131\u015fanlar\u0131na \u00f6nemli haklar tan\u0131yan 212 Say\u0131l\u0131 Fikir \u0130\u015f\u00e7ileri Kanunu\u2019nun 10 Ocak g\u00fcn\u00fc Resmi Gazete\u2019de yay\u0131mlanmas\u0131 \u00fczerine d\u00f6nemin gazete sahipleri bir ortak bildiri ile 3 g\u00fcn gazetelerini kapatma karar\u0131 ald\u0131lar. Bunun \u00fczerine gazeteciler, hak ve \u00f6zg\u00fcrl\u00fcklerini savunmak ve halk\u0131 gazetesiz b\u0131rakmamak \u00fczere &#8216;Bas\u0131n&#8217; adl\u0131 bir gazete yay\u0131mlayarak gazete sahiplerinin &hellip;","og_url":"https:\/\/denizcankizil.tr\/en\/haberler\/gundem\/gazetecilerin-ozluk-haklari-yasal-olarak-guvence-altina-alinmali\/","og_site_name":"Av. Deniz Can K\u0131z\u0131l","article_published_time":"2025-01-10T14:41:23+00:00","author":"Antalya K\u00f6rfez","twitter_card":"summary_large_image","twitter_misc":{"Written by":"Antalya K\u00f6rfez","Estimated reading time":"2 minutes"},"schema":{"@context":"https:\/\/schema.org","@graph":[{"@type":"Article","@id":"https:\/\/denizcankizil.tr\/ru\/haberler\/gundem\/gazetecilerin-ozluk-haklari-yasal-olarak-guvence-altina-alinmali\/#article","isPartOf":{"@id":"https:\/\/denizcankizil.tr\/ru\/haberler\/gundem\/gazetecilerin-ozluk-haklari-yasal-olarak-guvence-altina-alinmali\/"},"author":{"name":"Antalya K\u00f6rfez","@id":"https:\/\/denizcankizil.tr\/de\/#\/schema\/person\/e1eb71bb4dd684d46563f0af307e1234"},"headline":"Gazetecilerin \u00f6zl\u00fck haklar\u0131 yasal olarak g\u00fcvence alt\u0131na al\u0131nmal\u0131","datePublished":"2025-01-10T14:41:23+00:00","mainEntityOfPage":{"@id":"https:\/\/denizcankizil.tr\/ru\/haberler\/gundem\/gazetecilerin-ozluk-haklari-yasal-olarak-guvence-altina-alinmali\/"},"wordCount":468,"commentCount":0,"publisher":{"@id":"https:\/\/denizcankizil.tr\/de\/#organization"},"articleSection":["G\u00fcndem"],"inLanguage":"en-GB","potentialAction":[{"@type":"CommentAction","name":"Comment","target":["https:\/\/denizcankizil.tr\/ru\/haberler\/gundem\/gazetecilerin-ozluk-haklari-yasal-olarak-guvence-altina-alinmali\/#respond"]}]},{"@type":"WebPage","@id":"https:\/\/denizcankizil.tr\/ru\/haberler\/gundem\/gazetecilerin-ozluk-haklari-yasal-olarak-guvence-altina-alinmali\/","url":"https:\/\/denizcankizil.tr\/ru\/haberler\/gundem\/gazetecilerin-ozluk-haklari-yasal-olarak-guvence-altina-alinmali\/","name":"Gazetecilerin \u00f6zl\u00fck haklar\u0131 yasal olarak g\u00fcvence alt\u0131na al\u0131nmal\u0131 - Av. Deniz Can K\u0131z\u0131l","isPartOf":{"@id":"https:\/\/denizcankizil.tr\/de\/#website"},"datePublished":"2025-01-10T14:41:23+00:00","breadcrumb":{"@id":"https:\/\/denizcankizil.tr\/ru\/haberler\/gundem\/gazetecilerin-ozluk-haklari-yasal-olarak-guvence-altina-alinmali\/#breadcrumb"},"inLanguage":"en-GB","potentialAction":[{"@type":"ReadAction","target":["https:\/\/denizcankizil.tr\/ru\/haberler\/gundem\/gazetecilerin-ozluk-haklari-yasal-olarak-guvence-altina-alinmali\/"]}]},{"@type":"BreadcrumbList","@id":"https:\/\/denizcankizil.tr\/ru\/haberler\/gundem\/gazetecilerin-ozluk-haklari-yasal-olarak-guvence-altina-alinmali\/#breadcrumb","itemListElement":[{"@type":"ListItem","position":1,"name":"Home","item":"https:\/\/denizcankizil.tr\/de\/"},{"@type":"ListItem","position":2,"name":"Gazetecilerin \u00f6zl\u00fck haklar\u0131 yasal olarak g\u00fcvence alt\u0131na al\u0131nmal\u0131"}]},{"@type":"WebSite","@id":"https:\/\/denizcankizil.tr\/de\/#website","url":"https:\/\/denizcankizil.tr\/de\/","name":"Av. Deniz Can K\u0131z\u0131l","description":"Avukat Deniz Can K\u0131z\u0131l Antalya Barosu","publisher":{"@id":"https:\/\/denizcankizil.tr\/de\/#organization"},"potentialAction":[{"@type":"SearchAction","target":{"@type":"EntryPoint","urlTemplate":"https:\/\/denizcankizil.tr\/de\/?s={search_term_string}"},"query-input":{"@type":"PropertyValueSpecification","valueRequired":true,"valueName":"search_term_string"}}],"inLanguage":"en-GB"},{"@type":"Organization","@id":"https:\/\/denizcankizil.tr\/de\/#organization","name":"Av. Deniz Can K\u0131z\u0131l","url":"https:\/\/denizcankizil.tr\/de\/","logo":{"@type":"ImageObject","inLanguage":"en-GB","@id":"https:\/\/denizcankizil.tr\/de\/#\/schema\/logo\/image\/","url":"https:\/\/denizcankizil.tr\/wp-content\/uploads\/2024\/10\/siyah-logo-svg.svg","contentUrl":"https:\/\/denizcankizil.tr\/wp-content\/uploads\/2024\/10\/siyah-logo-svg.svg","width":1080,"height":1080,"caption":"Av. Deniz Can K\u0131z\u0131l"},"image":{"@id":"https:\/\/denizcankizil.tr\/de\/#\/schema\/logo\/image\/"}},{"@type":"Person","@id":"https:\/\/denizcankizil.tr\/de\/#\/schema\/person\/e1eb71bb4dd684d46563f0af307e1234","name":"Antalya K\u00f6rfez","image":{"@type":"ImageObject","inLanguage":"en-GB","@id":"https:\/\/denizcankizil.tr\/de\/#\/schema\/person\/image\/","url":"https:\/\/secure.gravatar.com\/avatar\/42b01982558a48a0b501fdcab6a408d3717ea5919095ee2e67b0e521799c5905?s=96&d=mm&r=g","contentUrl":"https:\/\/secure.gravatar.com\/avatar\/42b01982558a48a0b501fdcab6a408d3717ea5919095ee2e67b0e521799c5905?s=96&d=mm&r=g","caption":"Antalya K\u00f6rfez"},"sameAs":["http:\/\/www.antalyakorfez.com"],"url":"https:\/\/www.antalyakorfez.com\/gazetecilerin-ozluk-haklari-yasal-olarak-guvence-altina-alinmali"}]}},"_links":{"self":[{"href":"https:\/\/denizcankizil.tr\/en\/wp-json\/wp\/v2\/posts\/24846","targetHints":{"allow":["GET"]}}],"collection":[{"href":"https:\/\/denizcankizil.tr\/en\/wp-json\/wp\/v2\/posts"}],"about":[{"href":"https:\/\/denizcankizil.tr\/en\/wp-json\/wp\/v2\/types\/post"}],"author":[{"embeddable":true,"href":"https:\/\/denizcankizil.tr\/en\/wp-json\/wp\/v2\/users\/5"}],"replies":[{"embeddable":true,"href":"https:\/\/denizcankizil.tr\/en\/wp-json\/wp\/v2\/comments?post=24846"}],"version-history":[{"count":0,"href":"https:\/\/denizcankizil.tr\/en\/wp-json\/wp\/v2\/posts\/24846\/revisions"}],"wp:attachment":[{"href":"https:\/\/denizcankizil.tr\/en\/wp-json\/wp\/v2\/media?parent=24846"}],"wp:term":[{"taxonomy":"category","embeddable":true,"href":"https:\/\/denizcankizil.tr\/en\/wp-json\/wp\/v2\/categories?post=24846"},{"taxonomy":"post_tag","embeddable":true,"href":"https:\/\/denizcankizil.tr\/en\/wp-json\/wp\/v2\/tags?post=24846"}],"curies":[{"name":"wp","href":"https:\/\/api.w.org\/{rel}","templated":true}]}}