{"id":24721,"date":"2025-01-09T19:41:25","date_gmt":"2025-01-09T16:41:25","guid":{"rendered":"https:\/\/denizcankizil.tr\/uncategorized-tr\/kolay-gelsin-filosunu-fiatla-guclendirdi\/"},"modified":"2025-01-09T19:41:25","modified_gmt":"2025-01-09T16:41:25","slug":"kolay-gelsin-filosunu-fiatla-guclendirdi","status":"publish","type":"post","link":"https:\/\/denizcankizil.tr\/en\/haberler\/gundem\/kolay-gelsin-filosunu-fiatla-guclendirdi\/","title":{"rendered":"Kolay Gelsin filosunu FIAT\u2019la g\u00fc\u00e7lendirdi"},"content":{"rendered":"<p>T\u00fcrkiye\u2019nin yenilik\u00e7i kargo markas\u0131 Kolay Gelsin, filosunu geli\u015ftiriyor. Tofa\u015f\u2019la yap\u0131lan anla\u015fma kapsam\u0131nda 294 adet Fiat Scudo\u2019yu ara\u00e7 filosuna dahil eden Kolay Gelsin, T\u00fcrkiye genelindeki operasyonlar\u0131n\u0131 daha da g\u00fc\u00e7lendirmeyi hedefliyor.<\/p>\n<p>\u200bT\u00fcrkiye\u2019nin yenilik\u00e7i kargo markas\u0131 Kolay Gelsin, filosunu geli\u015ftiriyor. Tofa\u015f\u2019la yap\u0131lan anla\u015fma kapsam\u0131nda 294 adet Fiat Scudo\u2019yu ara\u00e7 filosuna dahil eden Kolay Gelsin, T\u00fcrkiye genelindeki operasyonlar\u0131n\u0131 daha da g\u00fc\u00e7lendirmeyi hedefliyor.\u00a0<\/p>\n<p>\u200bHaberin Al\u0131nt\u0131land\u0131\u011f\u0131 Kaynak: www.iskenderun.org<\/p>","protected":false},"excerpt":{"rendered":"<p>T\u00fcrkiye\u2019nin yenilik\u00e7i kargo markas\u0131 Kolay Gelsin, filosunu geli\u015ftiriyor. Tofa\u015f\u2019la yap\u0131lan anla\u015fma kapsam\u0131nda 294 adet Fiat Scudo\u2019yu ara\u00e7 filosuna dahil eden Kolay Gelsin, T\u00fcrkiye genelindeki operasyonlar\u0131n\u0131 daha da g\u00fc\u00e7lendirmeyi hedefliyor. \u200bT\u00fcrkiye\u2019nin yenilik\u00e7i kargo markas\u0131 Kolay Gelsin, filosunu geli\u015ftiriyor. Tofa\u015f\u2019la yap\u0131lan anla\u015fma kapsam\u0131nda 294 adet Fiat Scudo\u2019yu ara\u00e7 filosuna dahil eden Kolay Gelsin, T\u00fcrkiye genelindeki operasyonlar\u0131n\u0131 daha da g\u00fc\u00e7lendirmeyi hedefliyor.\u00a0 \u200bHaberin Al\u0131nt\u0131land\u0131\u011f\u0131 Kaynak: www.iskenderun.org<\/p>","protected":false},"author":1,"featured_media":0,"comment_status":"open","ping_status":"open","sticky":false,"template":"","format":"standard","meta":{"_acf_changed":false,"footnotes":""},"categories":[24],"tags":[],"class_list":["post-24721","post","type-post","status-publish","format-standard","has-post-thumbnail","hentry","category-gundem"],"acf":[],"yoast_head":"<!-- This site is optimized with the Yoast SEO Premium plugin v26.6 (Yoast SEO v27.1.1) - https:\/\/yoast.com\/product\/yoast-seo-premium-wordpress\/ -->\n<title>Kolay Gelsin filosunu FIAT\u2019la g\u00fc\u00e7lendirdi - Av. Deniz Can K\u0131z\u0131l<\/title>\n<meta name=\"robots\" content=\"index, follow, max-snippet:-1, max-image-preview:large, max-video-preview:-1\" \/>\n<link rel=\"canonical\" href=\"https:\/\/denizcankizil.tr\/en\/haberler\/gundem\/kolay-gelsin-filosunu-fiatla-guclendirdi\/\" \/>\n<meta property=\"og:locale\" content=\"en_GB\" \/>\n<meta property=\"og:type\" content=\"article\" \/>\n<meta property=\"og:title\" content=\"Kolay Gelsin filosunu FIAT\u2019la g\u00fc\u00e7lendirdi\" \/>\n<meta property=\"og:description\" content=\"T\u00fcrkiye\u2019nin yenilik\u00e7i kargo markas\u0131 Kolay Gelsin, filosunu geli\u015ftiriyor. Tofa\u015f\u2019la yap\u0131lan anla\u015fma kapsam\u0131nda 294 adet Fiat Scudo\u2019yu ara\u00e7 filosuna dahil eden Kolay Gelsin, T\u00fcrkiye genelindeki operasyonlar\u0131n\u0131 daha da g\u00fc\u00e7lendirmeyi hedefliyor. \u200bT\u00fcrkiye\u2019nin yenilik\u00e7i kargo markas\u0131 Kolay Gelsin, filosunu geli\u015ftiriyor. Tofa\u015f\u2019la yap\u0131lan anla\u015fma kapsam\u0131nda 294 adet Fiat Scudo\u2019yu ara\u00e7 filosuna dahil eden Kolay Gelsin, T\u00fcrkiye genelindeki operasyonlar\u0131n\u0131 daha da g\u00fc\u00e7lendirmeyi hedefliyor.\u00a0 \u200bHaberin Al\u0131nt\u0131land\u0131\u011f\u0131 Kaynak: www.iskenderun.org\" \/>\n<meta property=\"og:url\" content=\"https:\/\/denizcankizil.tr\/en\/haberler\/gundem\/kolay-gelsin-filosunu-fiatla-guclendirdi\/\" \/>\n<meta property=\"og:site_name\" content=\"Av. Deniz Can K\u0131z\u0131l\" \/>\n<meta property=\"article:published_time\" content=\"2025-01-09T16:41:25+00:00\" \/>\n<meta name=\"author\" content=\"admin\" \/>\n<meta name=\"twitter:card\" content=\"summary_large_image\" \/>\n<meta name=\"twitter:label1\" content=\"Written by\" \/>\n\t<meta name=\"twitter:data1\" content=\"admin\" \/>\n<script type=\"application\/ld+json\" class=\"yoast-schema-graph\">{\"@context\":\"https:\/\/schema.org\",\"@graph\":[{\"@type\":\"Article\",\"@id\":\"https:\/\/denizcankizil.tr\/en\/haberler\/gundem\/kolay-gelsin-filosunu-fiatla-guclendirdi\/#article\",\"isPartOf\":{\"@id\":\"https:\/\/denizcankizil.tr\/en\/haberler\/gundem\/kolay-gelsin-filosunu-fiatla-guclendirdi\/\"},\"author\":{\"name\":\"admin\",\"@id\":\"https:\/\/denizcankizil.tr\/de\/#\/schema\/person\/be3c05fe6a12686905512445d8185489\"},\"headline\":\"Kolay Gelsin filosunu FIAT\u2019la g\u00fc\u00e7lendirdi\",\"datePublished\":\"2025-01-09T16:41:25+00:00\",\"mainEntityOfPage\":{\"@id\":\"https:\/\/denizcankizil.tr\/en\/haberler\/gundem\/kolay-gelsin-filosunu-fiatla-guclendirdi\/\"},\"wordCount\":95,\"commentCount\":0,\"publisher\":{\"@id\":\"https:\/\/denizcankizil.tr\/de\/#organization\"},\"articleSection\":[\"G\u00fcndem\"],\"inLanguage\":\"en-GB\",\"potentialAction\":[{\"@type\":\"CommentAction\",\"name\":\"Comment\",\"target\":[\"https:\/\/denizcankizil.tr\/en\/haberler\/gundem\/kolay-gelsin-filosunu-fiatla-guclendirdi\/#respond\"]}]},{\"@type\":\"WebPage\",\"@id\":\"https:\/\/denizcankizil.tr\/en\/haberler\/gundem\/kolay-gelsin-filosunu-fiatla-guclendirdi\/\",\"url\":\"https:\/\/denizcankizil.tr\/en\/haberler\/gundem\/kolay-gelsin-filosunu-fiatla-guclendirdi\/\",\"name\":\"Kolay Gelsin filosunu FIAT\u2019la g\u00fc\u00e7lendirdi - Av. Deniz Can K\u0131z\u0131l\",\"isPartOf\":{\"@id\":\"https:\/\/denizcankizil.tr\/de\/#website\"},\"datePublished\":\"2025-01-09T16:41:25+00:00\",\"breadcrumb\":{\"@id\":\"https:\/\/denizcankizil.tr\/en\/haberler\/gundem\/kolay-gelsin-filosunu-fiatla-guclendirdi\/#breadcrumb\"},\"inLanguage\":\"en-GB\",\"potentialAction\":[{\"@type\":\"ReadAction\",\"target\":[\"https:\/\/denizcankizil.tr\/en\/haberler\/gundem\/kolay-gelsin-filosunu-fiatla-guclendirdi\/\"]}]},{\"@type\":\"BreadcrumbList\",\"@id\":\"https:\/\/denizcankizil.tr\/en\/haberler\/gundem\/kolay-gelsin-filosunu-fiatla-guclendirdi\/#breadcrumb\",\"itemListElement\":[{\"@type\":\"ListItem\",\"position\":1,\"name\":\"Home\",\"item\":\"https:\/\/denizcankizil.tr\/de\/\"},{\"@type\":\"ListItem\",\"position\":2,\"name\":\"Kolay Gelsin filosunu FIAT\u2019la g\u00fc\u00e7lendirdi\"}]},{\"@type\":\"WebSite\",\"@id\":\"https:\/\/denizcankizil.tr\/de\/#website\",\"url\":\"https:\/\/denizcankizil.tr\/de\/\",\"name\":\"Av. Deniz Can K\u0131z\u0131l\",\"description\":\"Avukat Deniz Can K\u0131z\u0131l Antalya Barosu\",\"publisher\":{\"@id\":\"https:\/\/denizcankizil.tr\/de\/#organization\"},\"potentialAction\":[{\"@type\":\"SearchAction\",\"target\":{\"@type\":\"EntryPoint\",\"urlTemplate\":\"https:\/\/denizcankizil.tr\/de\/?s={search_term_string}\"},\"query-input\":{\"@type\":\"PropertyValueSpecification\",\"valueRequired\":true,\"valueName\":\"search_term_string\"}}],\"inLanguage\":\"en-GB\"},{\"@type\":\"Organization\",\"@id\":\"https:\/\/denizcankizil.tr\/de\/#organization\",\"name\":\"Av. Deniz Can K\u0131z\u0131l\",\"url\":\"https:\/\/denizcankizil.tr\/de\/\",\"logo\":{\"@type\":\"ImageObject\",\"inLanguage\":\"en-GB\",\"@id\":\"https:\/\/denizcankizil.tr\/de\/#\/schema\/logo\/image\/\",\"url\":\"https:\/\/denizcankizil.tr\/wp-content\/uploads\/2024\/10\/siyah-logo-svg.svg\",\"contentUrl\":\"https:\/\/denizcankizil.tr\/wp-content\/uploads\/2024\/10\/siyah-logo-svg.svg\",\"width\":1080,\"height\":1080,\"caption\":\"Av. Deniz Can K\u0131z\u0131l\"},\"image\":{\"@id\":\"https:\/\/denizcankizil.tr\/de\/#\/schema\/logo\/image\/\"}},{\"@type\":\"Person\",\"@id\":\"https:\/\/denizcankizil.tr\/de\/#\/schema\/person\/be3c05fe6a12686905512445d8185489\",\"name\":\"admin\",\"image\":{\"@type\":\"ImageObject\",\"inLanguage\":\"en-GB\",\"@id\":\"https:\/\/denizcankizil.tr\/de\/#\/schema\/person\/image\/\",\"url\":\"https:\/\/secure.gravatar.com\/avatar\/c1fce94c830dc79107e174f890d7210541c4a63e8e5d816341794a2151c9d58c?s=96&d=mm&r=g\",\"contentUrl\":\"https:\/\/secure.gravatar.com\/avatar\/c1fce94c830dc79107e174f890d7210541c4a63e8e5d816341794a2151c9d58c?s=96&d=mm&r=g\",\"caption\":\"admin\"},\"sameAs\":[\"http:\/\/denizcankizil.tr\"],\"url\":\"https:\/\/www.iskenderun.org\/kolay-gelsin-filosunu-fiatla-guclendirdi\"}]}<\/script>\n<!-- \/ Yoast SEO Premium plugin. -->","yoast_head_json":{"title":"Kolay Gelsin filosunu FIAT\u2019la g\u00fc\u00e7lendirdi - Av. Deniz Can K\u0131z\u0131l","robots":{"index":"index","follow":"follow","max-snippet":"max-snippet:-1","max-image-preview":"max-image-preview:large","max-video-preview":"max-video-preview:-1"},"canonical":"https:\/\/denizcankizil.tr\/en\/haberler\/gundem\/kolay-gelsin-filosunu-fiatla-guclendirdi\/","og_locale":"en_GB","og_type":"article","og_title":"Kolay Gelsin filosunu FIAT\u2019la g\u00fc\u00e7lendirdi","og_description":"T\u00fcrkiye\u2019nin yenilik\u00e7i kargo markas\u0131 Kolay Gelsin, filosunu geli\u015ftiriyor. Tofa\u015f\u2019la yap\u0131lan anla\u015fma kapsam\u0131nda 294 adet Fiat Scudo\u2019yu ara\u00e7 filosuna dahil eden Kolay Gelsin, T\u00fcrkiye genelindeki operasyonlar\u0131n\u0131 daha da g\u00fc\u00e7lendirmeyi hedefliyor. \u200bT\u00fcrkiye\u2019nin yenilik\u00e7i kargo markas\u0131 Kolay Gelsin, filosunu geli\u015ftiriyor. Tofa\u015f\u2019la yap\u0131lan anla\u015fma kapsam\u0131nda 294 adet Fiat Scudo\u2019yu ara\u00e7 filosuna dahil eden Kolay Gelsin, T\u00fcrkiye genelindeki operasyonlar\u0131n\u0131 daha da g\u00fc\u00e7lendirmeyi hedefliyor.\u00a0 \u200bHaberin Al\u0131nt\u0131land\u0131\u011f\u0131 Kaynak: www.iskenderun.org","og_url":"https:\/\/denizcankizil.tr\/en\/haberler\/gundem\/kolay-gelsin-filosunu-fiatla-guclendirdi\/","og_site_name":"Av. Deniz Can K\u0131z\u0131l","article_published_time":"2025-01-09T16:41:25+00:00","author":"admin","twitter_card":"summary_large_image","twitter_misc":{"Written by":"admin"},"schema":{"@context":"https:\/\/schema.org","@graph":[{"@type":"Article","@id":"https:\/\/denizcankizil.tr\/en\/haberler\/gundem\/kolay-gelsin-filosunu-fiatla-guclendirdi\/#article","isPartOf":{"@id":"https:\/\/denizcankizil.tr\/en\/haberler\/gundem\/kolay-gelsin-filosunu-fiatla-guclendirdi\/"},"author":{"name":"admin","@id":"https:\/\/denizcankizil.tr\/de\/#\/schema\/person\/be3c05fe6a12686905512445d8185489"},"headline":"Kolay Gelsin filosunu FIAT\u2019la g\u00fc\u00e7lendirdi","datePublished":"2025-01-09T16:41:25+00:00","mainEntityOfPage":{"@id":"https:\/\/denizcankizil.tr\/en\/haberler\/gundem\/kolay-gelsin-filosunu-fiatla-guclendirdi\/"},"wordCount":95,"commentCount":0,"publisher":{"@id":"https:\/\/denizcankizil.tr\/de\/#organization"},"articleSection":["G\u00fcndem"],"inLanguage":"en-GB","potentialAction":[{"@type":"CommentAction","name":"Comment","target":["https:\/\/denizcankizil.tr\/en\/haberler\/gundem\/kolay-gelsin-filosunu-fiatla-guclendirdi\/#respond"]}]},{"@type":"WebPage","@id":"https:\/\/denizcankizil.tr\/en\/haberler\/gundem\/kolay-gelsin-filosunu-fiatla-guclendirdi\/","url":"https:\/\/denizcankizil.tr\/en\/haberler\/gundem\/kolay-gelsin-filosunu-fiatla-guclendirdi\/","name":"Kolay Gelsin filosunu FIAT\u2019la g\u00fc\u00e7lendirdi - Av. Deniz Can K\u0131z\u0131l","isPartOf":{"@id":"https:\/\/denizcankizil.tr\/de\/#website"},"datePublished":"2025-01-09T16:41:25+00:00","breadcrumb":{"@id":"https:\/\/denizcankizil.tr\/en\/haberler\/gundem\/kolay-gelsin-filosunu-fiatla-guclendirdi\/#breadcrumb"},"inLanguage":"en-GB","potentialAction":[{"@type":"ReadAction","target":["https:\/\/denizcankizil.tr\/en\/haberler\/gundem\/kolay-gelsin-filosunu-fiatla-guclendirdi\/"]}]},{"@type":"BreadcrumbList","@id":"https:\/\/denizcankizil.tr\/en\/haberler\/gundem\/kolay-gelsin-filosunu-fiatla-guclendirdi\/#breadcrumb","itemListElement":[{"@type":"ListItem","position":1,"name":"Home","item":"https:\/\/denizcankizil.tr\/de\/"},{"@type":"ListItem","position":2,"name":"Kolay Gelsin filosunu FIAT\u2019la g\u00fc\u00e7lendirdi"}]},{"@type":"WebSite","@id":"https:\/\/denizcankizil.tr\/de\/#website","url":"https:\/\/denizcankizil.tr\/de\/","name":"Av. Deniz Can K\u0131z\u0131l","description":"Avukat Deniz Can K\u0131z\u0131l Antalya Barosu","publisher":{"@id":"https:\/\/denizcankizil.tr\/de\/#organization"},"potentialAction":[{"@type":"SearchAction","target":{"@type":"EntryPoint","urlTemplate":"https:\/\/denizcankizil.tr\/de\/?s={search_term_string}"},"query-input":{"@type":"PropertyValueSpecification","valueRequired":true,"valueName":"search_term_string"}}],"inLanguage":"en-GB"},{"@type":"Organization","@id":"https:\/\/denizcankizil.tr\/de\/#organization","name":"Av. Deniz Can K\u0131z\u0131l","url":"https:\/\/denizcankizil.tr\/de\/","logo":{"@type":"ImageObject","inLanguage":"en-GB","@id":"https:\/\/denizcankizil.tr\/de\/#\/schema\/logo\/image\/","url":"https:\/\/denizcankizil.tr\/wp-content\/uploads\/2024\/10\/siyah-logo-svg.svg","contentUrl":"https:\/\/denizcankizil.tr\/wp-content\/uploads\/2024\/10\/siyah-logo-svg.svg","width":1080,"height":1080,"caption":"Av. Deniz Can K\u0131z\u0131l"},"image":{"@id":"https:\/\/denizcankizil.tr\/de\/#\/schema\/logo\/image\/"}},{"@type":"Person","@id":"https:\/\/denizcankizil.tr\/de\/#\/schema\/person\/be3c05fe6a12686905512445d8185489","name":"admin","image":{"@type":"ImageObject","inLanguage":"en-GB","@id":"https:\/\/denizcankizil.tr\/de\/#\/schema\/person\/image\/","url":"https:\/\/secure.gravatar.com\/avatar\/c1fce94c830dc79107e174f890d7210541c4a63e8e5d816341794a2151c9d58c?s=96&d=mm&r=g","contentUrl":"https:\/\/secure.gravatar.com\/avatar\/c1fce94c830dc79107e174f890d7210541c4a63e8e5d816341794a2151c9d58c?s=96&d=mm&r=g","caption":"admin"},"sameAs":["http:\/\/denizcankizil.tr"],"url":"https:\/\/www.iskenderun.org\/kolay-gelsin-filosunu-fiatla-guclendirdi"}]}},"_links":{"self":[{"href":"https:\/\/denizcankizil.tr\/en\/wp-json\/wp\/v2\/posts\/24721","targetHints":{"allow":["GET"]}}],"collection":[{"href":"https:\/\/denizcankizil.tr\/en\/wp-json\/wp\/v2\/posts"}],"about":[{"href":"https:\/\/denizcankizil.tr\/en\/wp-json\/wp\/v2\/types\/post"}],"author":[{"embeddable":true,"href":"https:\/\/denizcankizil.tr\/en\/wp-json\/wp\/v2\/users\/1"}],"replies":[{"embeddable":true,"href":"https:\/\/denizcankizil.tr\/en\/wp-json\/wp\/v2\/comments?post=24721"}],"version-history":[{"count":0,"href":"https:\/\/denizcankizil.tr\/en\/wp-json\/wp\/v2\/posts\/24721\/revisions"}],"wp:attachment":[{"href":"https:\/\/denizcankizil.tr\/en\/wp-json\/wp\/v2\/media?parent=24721"}],"wp:term":[{"taxonomy":"category","embeddable":true,"href":"https:\/\/denizcankizil.tr\/en\/wp-json\/wp\/v2\/categories?post=24721"},{"taxonomy":"post_tag","embeddable":true,"href":"https:\/\/denizcankizil.tr\/en\/wp-json\/wp\/v2\/tags?post=24721"}],"curies":[{"name":"wp","href":"https:\/\/api.w.org\/{rel}","templated":true}]}}