{"id":24692,"date":"2025-01-09T15:41:29","date_gmt":"2025-01-09T12:41:29","guid":{"rendered":"https:\/\/denizcankizil.tr\/uncategorized-tr\/antalyada-motosiklet-kazasi-baba-hayatinin-sokunu-yasadi\/"},"modified":"2025-01-09T15:41:29","modified_gmt":"2025-01-09T12:41:29","slug":"antalyada-motosiklet-kazasi-baba-hayatinin-sokunu-yasadi","status":"publish","type":"post","link":"https:\/\/denizcankizil.tr\/en\/haberler\/antalya\/antalyada-motosiklet-kazasi-baba-hayatinin-sokunu-yasadi\/","title":{"rendered":"Antalya&#8217;da motosiklet kazas\u0131: Baba hayat\u0131n\u0131n \u015fokunu ya\u015fad\u0131"},"content":{"rendered":"<p>Kaza, saat 13.00 s\u0131ralar\u0131nda Gazi Mahallesi Ulusal Egemenlik Bulvar\u0131 D-400 Karayolu&#8217;nda meydana geldi. Edinilen bilgiye g\u00f6re, Gazipa\u015fa&#8217;dan Alanya y\u00f6n\u00fcne seyir halinde olan Egemen Ceylan (17) idaresindeki 07 BUV 076 plakal\u0131 motosiklet, Fadime Tuncer Caddesi&#8217;nden D-400 Karayolu&#8217;na \u00e7\u0131kan Abd\u00fclkerim B.&#8217;nin kulland\u0131\u011f\u0131 07 BBF 420 plakal\u0131 kamyonetin sol \u00f6n k\u0131sm\u0131na \u00e7arpt\u0131. \u00c7arp\u0131\u015fman\u0131n \u015fiddetiyle devrilen motosikletten orta ref\u00fcje savrulan motosiklet s\u00fcr\u00fcc\u00fcs\u00fc Egemen Ceylan a\u011f\u0131r yaraland\u0131. Kazaya kar\u0131\u015fan motosiklet ise yolda 120 metre s\u00fcr\u00fcklendikten sonra durdu.<\/p>\n<p>Kald\u0131r\u0131ld\u0131\u011f\u0131 hastanede hayat\u0131n\u0131 kaybetti<br \/>\nKazay\u0131 g\u00f6renler durumu 112 Acil \u00c7a\u011fr\u0131 Merkezine bildirdi. \u0130hbar \u00fczerine olay yerine polis ve sa\u011fl\u0131k ekipleri sevk edildi. \u0130lk m\u00fcdahalesi olay yerinde yap\u0131lan yaral\u0131, sa\u011fl\u0131k ekiplerince ambulansla Gazipa\u015fa Devlet Hastanesine kald\u0131r\u0131ld\u0131. Burada tedavi alt\u0131na al\u0131nan Egemen Ceylan, doktorlar\u0131n t\u00fcm m\u00fcdahalesine ra\u011fmen hayat\u0131n\u0131 kaybetti.<\/p>\n<p>Baba hayat\u0131n\u0131n \u015fokunu ya\u015fad\u0131<br \/>\nKazaya kurban giden gencin babas\u0131, kaza sonras\u0131 hayat\u0131n\u0131n \u015fokunu ya\u015fad\u0131. Sanayiden \u015fehir merkezi istikametine giden baba, yolda kaza oldu\u011funu fark edip durdu. Olay yerinde yaral\u0131n\u0131n ba\u015f\u0131na gelen baba, yaral\u0131n\u0131n ba\u015f\u0131ndan kask\u0131 \u00e7\u0131kar\u0131l\u0131nca kaza yapan\u0131n kendi o\u011flu oldu\u011funu fark edince \u015foke oldu. O\u011flunun kald\u0131r\u0131ld\u0131\u011f\u0131 hastaneye giden baba, ac\u0131 haberi al\u0131nca sinir krizi ge\u00e7irdi.<br \/>\nKazada hayat\u0131n\u0131 kaybeden 17 ya\u015f\u0131ndaki gen\u00e7ten geriye, olay yerindeki s\u0131rt \u00e7antas\u0131 ve kask\u0131 kald\u0131. Olay Yeri inceleme ekiplerinin \u00e7al\u0131\u015fmas\u0131n\u0131n ard\u0131ndan kazaya kar\u0131\u015fan ara\u00e7lar, bulundu\u011fu yerden kald\u0131r\u0131ld\u0131. Polis ekipleri kazayla ilgili inceleme ba\u015flatt\u0131.<\/p>\n<p>Kaynak: www.kanalv.com.tr Haber Sitesinden Al\u0131nm\u0131\u015ft\u0131r.<\/p>","protected":false},"excerpt":{"rendered":"<p>Kaza, saat 13.00 s\u0131ralar\u0131nda Gazi Mahallesi Ulusal Egemenlik Bulvar\u0131 D-400 Karayolu&#8217;nda meydana geldi. Edinilen bilgiye g\u00f6re, Gazipa\u015fa&#8217;dan Alanya y\u00f6n\u00fcne seyir halinde olan Egemen Ceylan (17) idaresindeki 07 BUV 076 plakal\u0131 motosiklet, Fadime Tuncer Caddesi&#8217;nden D-400 Karayolu&#8217;na \u00e7\u0131kan Abd\u00fclkerim B.&#8217;nin kulland\u0131\u011f\u0131 07 BBF 420 plakal\u0131 kamyonetin sol \u00f6n k\u0131sm\u0131na \u00e7arpt\u0131. \u00c7arp\u0131\u015fman\u0131n \u015fiddetiyle devrilen motosikletten orta ref\u00fcje savrulan motosiklet s\u00fcr\u00fcc\u00fcs\u00fc Egemen Ceylan a\u011f\u0131r yaraland\u0131. Kazaya kar\u0131\u015fan motosiklet ise yolda 120 metre s\u00fcr\u00fcklendikten sonra durdu. Kald\u0131r\u0131ld\u0131\u011f\u0131 hastanede hayat\u0131n\u0131 kaybetti Kazay\u0131 g\u00f6renler durumu 112 Acil \u00c7a\u011fr\u0131 Merkezine bildirdi. \u0130hbar \u00fczerine olay yerine polis ve sa\u011fl\u0131k ekipleri sevk edildi. \u0130lk m\u00fcdahalesi olay yerinde yap\u0131lan yaral\u0131, sa\u011fl\u0131k ekiplerince ambulansla Gazipa\u015fa Devlet Hastanesine kald\u0131r\u0131ld\u0131. Burada tedavi alt\u0131na al\u0131nan Egemen Ceylan, doktorlar\u0131n t\u00fcm m\u00fcdahalesine ra\u011fmen hayat\u0131n\u0131 kaybetti. Baba hayat\u0131n\u0131n \u015fokunu ya\u015fad\u0131 Kazaya kurban giden gencin babas\u0131, kaza sonras\u0131 hayat\u0131n\u0131n \u015fokunu ya\u015fad\u0131. Sanayiden \u015fehir merkezi istikametine giden baba, yolda kaza oldu\u011funu fark edip durdu. Olay yerinde yaral\u0131n\u0131n ba\u015f\u0131na gelen baba, yaral\u0131n\u0131n ba\u015f\u0131ndan kask\u0131 \u00e7\u0131kar\u0131l\u0131nca kaza yapan\u0131n kendi o\u011flu oldu\u011funu fark edince \u015foke oldu. O\u011flunun kald\u0131r\u0131ld\u0131\u011f\u0131 hastaneye giden baba, ac\u0131 haberi al\u0131nca sinir krizi ge\u00e7irdi. Kazada hayat\u0131n\u0131 kaybeden 17 ya\u015f\u0131ndaki gen\u00e7ten geriye, olay yerindeki s\u0131rt \u00e7antas\u0131 ve kask\u0131 kald\u0131. Olay Yeri inceleme ekiplerinin \u00e7al\u0131\u015fmas\u0131n\u0131n ard\u0131ndan kazaya kar\u0131\u015fan ara\u00e7lar, bulundu\u011fu yerden &hellip;<\/p>","protected":false},"author":4,"featured_media":24693,"comment_status":"open","ping_status":"open","sticky":false,"template":"","format":"standard","meta":{"_acf_changed":false,"footnotes":""},"categories":[26],"tags":[],"class_list":["post-24692","post","type-post","status-publish","format-standard","has-post-thumbnail","hentry","category-antalya"],"acf":[],"yoast_head":"<!-- This site is optimized with the Yoast SEO Premium plugin v26.6 (Yoast SEO v27.1.1) - https:\/\/yoast.com\/product\/yoast-seo-premium-wordpress\/ -->\n<title>Antalya&#039;da motosiklet kazas\u0131: Baba hayat\u0131n\u0131n \u015fokunu ya\u015fad\u0131 - Av. Deniz Can K\u0131z\u0131l<\/title>\n<meta name=\"robots\" content=\"index, follow, max-snippet:-1, max-image-preview:large, max-video-preview:-1\" \/>\n<link rel=\"canonical\" href=\"https:\/\/denizcankizil.tr\/en\/haberler\/antalya\/antalyada-motosiklet-kazasi-baba-hayatinin-sokunu-yasadi\/\" \/>\n<meta property=\"og:locale\" content=\"en_GB\" \/>\n<meta property=\"og:type\" content=\"article\" \/>\n<meta property=\"og:title\" content=\"Antalya&#039;da motosiklet kazas\u0131: Baba hayat\u0131n\u0131n \u015fokunu ya\u015fad\u0131\" \/>\n<meta property=\"og:description\" content=\"Kaza, saat 13.00 s\u0131ralar\u0131nda Gazi Mahallesi Ulusal Egemenlik Bulvar\u0131 D-400 Karayolu&#8217;nda meydana geldi. Edinilen bilgiye g\u00f6re, Gazipa\u015fa&#8217;dan Alanya y\u00f6n\u00fcne seyir halinde olan Egemen Ceylan (17) idaresindeki 07 BUV 076 plakal\u0131 motosiklet, Fadime Tuncer Caddesi&#8217;nden D-400 Karayolu&#8217;na \u00e7\u0131kan Abd\u00fclkerim B.&#8217;nin kulland\u0131\u011f\u0131 07 BBF 420 plakal\u0131 kamyonetin sol \u00f6n k\u0131sm\u0131na \u00e7arpt\u0131. \u00c7arp\u0131\u015fman\u0131n \u015fiddetiyle devrilen motosikletten orta ref\u00fcje savrulan motosiklet s\u00fcr\u00fcc\u00fcs\u00fc Egemen Ceylan a\u011f\u0131r yaraland\u0131. Kazaya kar\u0131\u015fan motosiklet ise yolda 120 metre s\u00fcr\u00fcklendikten sonra durdu. Kald\u0131r\u0131ld\u0131\u011f\u0131 hastanede hayat\u0131n\u0131 kaybetti Kazay\u0131 g\u00f6renler durumu 112 Acil \u00c7a\u011fr\u0131 Merkezine bildirdi. \u0130hbar \u00fczerine olay yerine polis ve sa\u011fl\u0131k ekipleri sevk edildi. \u0130lk m\u00fcdahalesi olay yerinde yap\u0131lan yaral\u0131, sa\u011fl\u0131k ekiplerince ambulansla Gazipa\u015fa Devlet Hastanesine kald\u0131r\u0131ld\u0131. Burada tedavi alt\u0131na al\u0131nan Egemen Ceylan, doktorlar\u0131n t\u00fcm m\u00fcdahalesine ra\u011fmen hayat\u0131n\u0131 kaybetti. Baba hayat\u0131n\u0131n \u015fokunu ya\u015fad\u0131 Kazaya kurban giden gencin babas\u0131, kaza sonras\u0131 hayat\u0131n\u0131n \u015fokunu ya\u015fad\u0131. Sanayiden \u015fehir merkezi istikametine giden baba, yolda kaza oldu\u011funu fark edip durdu. Olay yerinde yaral\u0131n\u0131n ba\u015f\u0131na gelen baba, yaral\u0131n\u0131n ba\u015f\u0131ndan kask\u0131 \u00e7\u0131kar\u0131l\u0131nca kaza yapan\u0131n kendi o\u011flu oldu\u011funu fark edince \u015foke oldu. O\u011flunun kald\u0131r\u0131ld\u0131\u011f\u0131 hastaneye giden baba, ac\u0131 haberi al\u0131nca sinir krizi ge\u00e7irdi. Kazada hayat\u0131n\u0131 kaybeden 17 ya\u015f\u0131ndaki gen\u00e7ten geriye, olay yerindeki s\u0131rt \u00e7antas\u0131 ve kask\u0131 kald\u0131. Olay Yeri inceleme ekiplerinin \u00e7al\u0131\u015fmas\u0131n\u0131n ard\u0131ndan kazaya kar\u0131\u015fan ara\u00e7lar, bulundu\u011fu yerden &hellip;\" \/>\n<meta property=\"og:url\" content=\"https:\/\/denizcankizil.tr\/en\/haberler\/antalya\/antalyada-motosiklet-kazasi-baba-hayatinin-sokunu-yasadi\/\" \/>\n<meta property=\"og:site_name\" content=\"Av. Deniz Can K\u0131z\u0131l\" \/>\n<meta property=\"article:published_time\" content=\"2025-01-09T12:41:29+00:00\" \/>\n<meta property=\"og:image\" content=\"https:\/\/denizcankizil.tr\/wp-content\/uploads\/2025\/01\/4083-01-wTlJKZ.jpeg\" \/>\n\t<meta property=\"og:image:width\" content=\"1280\" \/>\n\t<meta property=\"og:image:height\" content=\"720\" \/>\n\t<meta property=\"og:image:type\" content=\"image\/jpeg\" \/>\n<meta name=\"author\" content=\"Av. Deniz Can K\u0131z\u0131l\" \/>\n<meta name=\"twitter:card\" content=\"summary_large_image\" \/>\n<meta name=\"twitter:label1\" content=\"Written by\" \/>\n\t<meta name=\"twitter:data1\" content=\"Av. Deniz Can K\u0131z\u0131l\" \/>\n\t<meta name=\"twitter:label2\" content=\"Estimated reading time\" \/>\n\t<meta name=\"twitter:data2\" content=\"1 minute\" \/>\n<script type=\"application\/ld+json\" class=\"yoast-schema-graph\">{\"@context\":\"https:\/\/schema.org\",\"@graph\":[{\"@type\":\"Article\",\"@id\":\"https:\/\/denizcankizil.tr\/de\/haberler\/antalya\/antalyada-motosiklet-kazasi-baba-hayatinin-sokunu-yasadi\/#article\",\"isPartOf\":{\"@id\":\"https:\/\/denizcankizil.tr\/de\/haberler\/antalya\/antalyada-motosiklet-kazasi-baba-hayatinin-sokunu-yasadi\/\"},\"author\":{\"name\":\"Av. Deniz Can K\u0131z\u0131l\",\"@id\":\"https:\/\/denizcankizil.tr\/de\/#\/schema\/person\/5dc1b22991bd7ac833867c10afc9b0ff\"},\"headline\":\"Antalya&#8217;da motosiklet kazas\u0131: Baba hayat\u0131n\u0131n \u015fokunu ya\u015fad\u0131\",\"datePublished\":\"2025-01-09T12:41:29+00:00\",\"mainEntityOfPage\":{\"@id\":\"https:\/\/denizcankizil.tr\/de\/haberler\/antalya\/antalyada-motosiklet-kazasi-baba-hayatinin-sokunu-yasadi\/\"},\"wordCount\":302,\"commentCount\":0,\"publisher\":{\"@id\":\"https:\/\/denizcankizil.tr\/de\/#organization\"},\"image\":{\"@id\":\"https:\/\/denizcankizil.tr\/de\/haberler\/antalya\/antalyada-motosiklet-kazasi-baba-hayatinin-sokunu-yasadi\/#primaryimage\"},\"thumbnailUrl\":\"https:\/\/denizcankizil.tr\/wp-content\/uploads\/2025\/01\/4083-01-wTlJKZ.jpeg\",\"articleSection\":[\"Antalya\"],\"inLanguage\":\"en-GB\",\"potentialAction\":[{\"@type\":\"CommentAction\",\"name\":\"Comment\",\"target\":[\"https:\/\/denizcankizil.tr\/de\/haberler\/antalya\/antalyada-motosiklet-kazasi-baba-hayatinin-sokunu-yasadi\/#respond\"]}]},{\"@type\":\"WebPage\",\"@id\":\"https:\/\/denizcankizil.tr\/de\/haberler\/antalya\/antalyada-motosiklet-kazasi-baba-hayatinin-sokunu-yasadi\/\",\"url\":\"https:\/\/denizcankizil.tr\/de\/haberler\/antalya\/antalyada-motosiklet-kazasi-baba-hayatinin-sokunu-yasadi\/\",\"name\":\"Antalya'da motosiklet kazas\u0131: Baba hayat\u0131n\u0131n \u015fokunu ya\u015fad\u0131 - Av. Deniz Can K\u0131z\u0131l\",\"isPartOf\":{\"@id\":\"https:\/\/denizcankizil.tr\/de\/#website\"},\"primaryImageOfPage\":{\"@id\":\"https:\/\/denizcankizil.tr\/de\/haberler\/antalya\/antalyada-motosiklet-kazasi-baba-hayatinin-sokunu-yasadi\/#primaryimage\"},\"image\":{\"@id\":\"https:\/\/denizcankizil.tr\/de\/haberler\/antalya\/antalyada-motosiklet-kazasi-baba-hayatinin-sokunu-yasadi\/#primaryimage\"},\"thumbnailUrl\":\"https:\/\/denizcankizil.tr\/wp-content\/uploads\/2025\/01\/4083-01-wTlJKZ.jpeg\",\"datePublished\":\"2025-01-09T12:41:29+00:00\",\"breadcrumb\":{\"@id\":\"https:\/\/denizcankizil.tr\/de\/haberler\/antalya\/antalyada-motosiklet-kazasi-baba-hayatinin-sokunu-yasadi\/#breadcrumb\"},\"inLanguage\":\"en-GB\",\"potentialAction\":[{\"@type\":\"ReadAction\",\"target\":[\"https:\/\/denizcankizil.tr\/de\/haberler\/antalya\/antalyada-motosiklet-kazasi-baba-hayatinin-sokunu-yasadi\/\"]}]},{\"@type\":\"ImageObject\",\"inLanguage\":\"en-GB\",\"@id\":\"https:\/\/denizcankizil.tr\/de\/haberler\/antalya\/antalyada-motosiklet-kazasi-baba-hayatinin-sokunu-yasadi\/#primaryimage\",\"url\":\"https:\/\/denizcankizil.tr\/wp-content\/uploads\/2025\/01\/4083-01-wTlJKZ.jpeg\",\"contentUrl\":\"https:\/\/denizcankizil.tr\/wp-content\/uploads\/2025\/01\/4083-01-wTlJKZ.jpeg\",\"width\":1280,\"height\":720},{\"@type\":\"BreadcrumbList\",\"@id\":\"https:\/\/denizcankizil.tr\/de\/haberler\/antalya\/antalyada-motosiklet-kazasi-baba-hayatinin-sokunu-yasadi\/#breadcrumb\",\"itemListElement\":[{\"@type\":\"ListItem\",\"position\":1,\"name\":\"Home\",\"item\":\"https:\/\/denizcankizil.tr\/de\/\"},{\"@type\":\"ListItem\",\"position\":2,\"name\":\"Antalya&#8217;da motosiklet kazas\u0131: Baba hayat\u0131n\u0131n \u015fokunu ya\u015fad\u0131\"}]},{\"@type\":\"WebSite\",\"@id\":\"https:\/\/denizcankizil.tr\/de\/#website\",\"url\":\"https:\/\/denizcankizil.tr\/de\/\",\"name\":\"Av. Deniz Can K\u0131z\u0131l\",\"description\":\"Avukat Deniz Can K\u0131z\u0131l Antalya Barosu\",\"publisher\":{\"@id\":\"https:\/\/denizcankizil.tr\/de\/#organization\"},\"potentialAction\":[{\"@type\":\"SearchAction\",\"target\":{\"@type\":\"EntryPoint\",\"urlTemplate\":\"https:\/\/denizcankizil.tr\/de\/?s={search_term_string}\"},\"query-input\":{\"@type\":\"PropertyValueSpecification\",\"valueRequired\":true,\"valueName\":\"search_term_string\"}}],\"inLanguage\":\"en-GB\"},{\"@type\":\"Organization\",\"@id\":\"https:\/\/denizcankizil.tr\/de\/#organization\",\"name\":\"Av. Deniz Can K\u0131z\u0131l\",\"url\":\"https:\/\/denizcankizil.tr\/de\/\",\"logo\":{\"@type\":\"ImageObject\",\"inLanguage\":\"en-GB\",\"@id\":\"https:\/\/denizcankizil.tr\/de\/#\/schema\/logo\/image\/\",\"url\":\"https:\/\/denizcankizil.tr\/wp-content\/uploads\/2024\/10\/siyah-logo-svg.svg\",\"contentUrl\":\"https:\/\/denizcankizil.tr\/wp-content\/uploads\/2024\/10\/siyah-logo-svg.svg\",\"width\":1080,\"height\":1080,\"caption\":\"Av. Deniz Can K\u0131z\u0131l\"},\"image\":{\"@id\":\"https:\/\/denizcankizil.tr\/de\/#\/schema\/logo\/image\/\"}},{\"@type\":\"Person\",\"@id\":\"https:\/\/denizcankizil.tr\/de\/#\/schema\/person\/5dc1b22991bd7ac833867c10afc9b0ff\",\"name\":\"Av. Deniz Can K\u0131z\u0131l\",\"image\":{\"@type\":\"ImageObject\",\"inLanguage\":\"en-GB\",\"@id\":\"https:\/\/denizcankizil.tr\/de\/#\/schema\/person\/image\/\",\"url\":\"https:\/\/secure.gravatar.com\/avatar\/a0b128fb9855c79efc976d5640eedb31dc35ec297594d6016d2cf7c60e975bb6?s=96&d=mm&r=g\",\"contentUrl\":\"https:\/\/secure.gravatar.com\/avatar\/a0b128fb9855c79efc976d5640eedb31dc35ec297594d6016d2cf7c60e975bb6?s=96&d=mm&r=g\",\"caption\":\"Av. Deniz Can K\u0131z\u0131l\"},\"sameAs\":[\"http:\/\/www.denizcankizil.tr\"],\"url\":\"https:\/\/denizcankizil.tr\/en\/author\/denizcankizil\/\"}]}<\/script>\n<!-- \/ Yoast SEO Premium plugin. -->","yoast_head_json":{"title":"Antalya'da motosiklet kazas\u0131: Baba hayat\u0131n\u0131n \u015fokunu ya\u015fad\u0131 - Av. Deniz Can K\u0131z\u0131l","robots":{"index":"index","follow":"follow","max-snippet":"max-snippet:-1","max-image-preview":"max-image-preview:large","max-video-preview":"max-video-preview:-1"},"canonical":"https:\/\/denizcankizil.tr\/en\/haberler\/antalya\/antalyada-motosiklet-kazasi-baba-hayatinin-sokunu-yasadi\/","og_locale":"en_GB","og_type":"article","og_title":"Antalya'da motosiklet kazas\u0131: Baba hayat\u0131n\u0131n \u015fokunu ya\u015fad\u0131","og_description":"Kaza, saat 13.00 s\u0131ralar\u0131nda Gazi Mahallesi Ulusal Egemenlik Bulvar\u0131 D-400 Karayolu&#8217;nda meydana geldi. Edinilen bilgiye g\u00f6re, Gazipa\u015fa&#8217;dan Alanya y\u00f6n\u00fcne seyir halinde olan Egemen Ceylan (17) idaresindeki 07 BUV 076 plakal\u0131 motosiklet, Fadime Tuncer Caddesi&#8217;nden D-400 Karayolu&#8217;na \u00e7\u0131kan Abd\u00fclkerim B.&#8217;nin kulland\u0131\u011f\u0131 07 BBF 420 plakal\u0131 kamyonetin sol \u00f6n k\u0131sm\u0131na \u00e7arpt\u0131. \u00c7arp\u0131\u015fman\u0131n \u015fiddetiyle devrilen motosikletten orta ref\u00fcje savrulan motosiklet s\u00fcr\u00fcc\u00fcs\u00fc Egemen Ceylan a\u011f\u0131r yaraland\u0131. Kazaya kar\u0131\u015fan motosiklet ise yolda 120 metre s\u00fcr\u00fcklendikten sonra durdu. Kald\u0131r\u0131ld\u0131\u011f\u0131 hastanede hayat\u0131n\u0131 kaybetti Kazay\u0131 g\u00f6renler durumu 112 Acil \u00c7a\u011fr\u0131 Merkezine bildirdi. \u0130hbar \u00fczerine olay yerine polis ve sa\u011fl\u0131k ekipleri sevk edildi. \u0130lk m\u00fcdahalesi olay yerinde yap\u0131lan yaral\u0131, sa\u011fl\u0131k ekiplerince ambulansla Gazipa\u015fa Devlet Hastanesine kald\u0131r\u0131ld\u0131. Burada tedavi alt\u0131na al\u0131nan Egemen Ceylan, doktorlar\u0131n t\u00fcm m\u00fcdahalesine ra\u011fmen hayat\u0131n\u0131 kaybetti. Baba hayat\u0131n\u0131n \u015fokunu ya\u015fad\u0131 Kazaya kurban giden gencin babas\u0131, kaza sonras\u0131 hayat\u0131n\u0131n \u015fokunu ya\u015fad\u0131. Sanayiden \u015fehir merkezi istikametine giden baba, yolda kaza oldu\u011funu fark edip durdu. Olay yerinde yaral\u0131n\u0131n ba\u015f\u0131na gelen baba, yaral\u0131n\u0131n ba\u015f\u0131ndan kask\u0131 \u00e7\u0131kar\u0131l\u0131nca kaza yapan\u0131n kendi o\u011flu oldu\u011funu fark edince \u015foke oldu. O\u011flunun kald\u0131r\u0131ld\u0131\u011f\u0131 hastaneye giden baba, ac\u0131 haberi al\u0131nca sinir krizi ge\u00e7irdi. Kazada hayat\u0131n\u0131 kaybeden 17 ya\u015f\u0131ndaki gen\u00e7ten geriye, olay yerindeki s\u0131rt \u00e7antas\u0131 ve kask\u0131 kald\u0131. Olay Yeri inceleme ekiplerinin \u00e7al\u0131\u015fmas\u0131n\u0131n ard\u0131ndan kazaya kar\u0131\u015fan ara\u00e7lar, bulundu\u011fu yerden &hellip;","og_url":"https:\/\/denizcankizil.tr\/en\/haberler\/antalya\/antalyada-motosiklet-kazasi-baba-hayatinin-sokunu-yasadi\/","og_site_name":"Av. Deniz Can K\u0131z\u0131l","article_published_time":"2025-01-09T12:41:29+00:00","og_image":[{"width":1280,"height":720,"url":"https:\/\/denizcankizil.tr\/wp-content\/uploads\/2025\/01\/4083-01-wTlJKZ.jpeg","type":"image\/jpeg"}],"author":"Av. Deniz Can K\u0131z\u0131l","twitter_card":"summary_large_image","twitter_misc":{"Written by":"Av. Deniz Can K\u0131z\u0131l","Estimated reading time":"1 minute"},"schema":{"@context":"https:\/\/schema.org","@graph":[{"@type":"Article","@id":"https:\/\/denizcankizil.tr\/de\/haberler\/antalya\/antalyada-motosiklet-kazasi-baba-hayatinin-sokunu-yasadi\/#article","isPartOf":{"@id":"https:\/\/denizcankizil.tr\/de\/haberler\/antalya\/antalyada-motosiklet-kazasi-baba-hayatinin-sokunu-yasadi\/"},"author":{"name":"Av. Deniz Can K\u0131z\u0131l","@id":"https:\/\/denizcankizil.tr\/de\/#\/schema\/person\/5dc1b22991bd7ac833867c10afc9b0ff"},"headline":"Antalya&#8217;da motosiklet kazas\u0131: Baba hayat\u0131n\u0131n \u015fokunu ya\u015fad\u0131","datePublished":"2025-01-09T12:41:29+00:00","mainEntityOfPage":{"@id":"https:\/\/denizcankizil.tr\/de\/haberler\/antalya\/antalyada-motosiklet-kazasi-baba-hayatinin-sokunu-yasadi\/"},"wordCount":302,"commentCount":0,"publisher":{"@id":"https:\/\/denizcankizil.tr\/de\/#organization"},"image":{"@id":"https:\/\/denizcankizil.tr\/de\/haberler\/antalya\/antalyada-motosiklet-kazasi-baba-hayatinin-sokunu-yasadi\/#primaryimage"},"thumbnailUrl":"https:\/\/denizcankizil.tr\/wp-content\/uploads\/2025\/01\/4083-01-wTlJKZ.jpeg","articleSection":["Antalya"],"inLanguage":"en-GB","potentialAction":[{"@type":"CommentAction","name":"Comment","target":["https:\/\/denizcankizil.tr\/de\/haberler\/antalya\/antalyada-motosiklet-kazasi-baba-hayatinin-sokunu-yasadi\/#respond"]}]},{"@type":"WebPage","@id":"https:\/\/denizcankizil.tr\/de\/haberler\/antalya\/antalyada-motosiklet-kazasi-baba-hayatinin-sokunu-yasadi\/","url":"https:\/\/denizcankizil.tr\/de\/haberler\/antalya\/antalyada-motosiklet-kazasi-baba-hayatinin-sokunu-yasadi\/","name":"Antalya'da motosiklet kazas\u0131: Baba hayat\u0131n\u0131n \u015fokunu ya\u015fad\u0131 - Av. Deniz Can K\u0131z\u0131l","isPartOf":{"@id":"https:\/\/denizcankizil.tr\/de\/#website"},"primaryImageOfPage":{"@id":"https:\/\/denizcankizil.tr\/de\/haberler\/antalya\/antalyada-motosiklet-kazasi-baba-hayatinin-sokunu-yasadi\/#primaryimage"},"image":{"@id":"https:\/\/denizcankizil.tr\/de\/haberler\/antalya\/antalyada-motosiklet-kazasi-baba-hayatinin-sokunu-yasadi\/#primaryimage"},"thumbnailUrl":"https:\/\/denizcankizil.tr\/wp-content\/uploads\/2025\/01\/4083-01-wTlJKZ.jpeg","datePublished":"2025-01-09T12:41:29+00:00","breadcrumb":{"@id":"https:\/\/denizcankizil.tr\/de\/haberler\/antalya\/antalyada-motosiklet-kazasi-baba-hayatinin-sokunu-yasadi\/#breadcrumb"},"inLanguage":"en-GB","potentialAction":[{"@type":"ReadAction","target":["https:\/\/denizcankizil.tr\/de\/haberler\/antalya\/antalyada-motosiklet-kazasi-baba-hayatinin-sokunu-yasadi\/"]}]},{"@type":"ImageObject","inLanguage":"en-GB","@id":"https:\/\/denizcankizil.tr\/de\/haberler\/antalya\/antalyada-motosiklet-kazasi-baba-hayatinin-sokunu-yasadi\/#primaryimage","url":"https:\/\/denizcankizil.tr\/wp-content\/uploads\/2025\/01\/4083-01-wTlJKZ.jpeg","contentUrl":"https:\/\/denizcankizil.tr\/wp-content\/uploads\/2025\/01\/4083-01-wTlJKZ.jpeg","width":1280,"height":720},{"@type":"BreadcrumbList","@id":"https:\/\/denizcankizil.tr\/de\/haberler\/antalya\/antalyada-motosiklet-kazasi-baba-hayatinin-sokunu-yasadi\/#breadcrumb","itemListElement":[{"@type":"ListItem","position":1,"name":"Home","item":"https:\/\/denizcankizil.tr\/de\/"},{"@type":"ListItem","position":2,"name":"Antalya&#8217;da motosiklet kazas\u0131: Baba hayat\u0131n\u0131n \u015fokunu ya\u015fad\u0131"}]},{"@type":"WebSite","@id":"https:\/\/denizcankizil.tr\/de\/#website","url":"https:\/\/denizcankizil.tr\/de\/","name":"Av. Deniz Can K\u0131z\u0131l","description":"Avukat Deniz Can K\u0131z\u0131l Antalya Barosu","publisher":{"@id":"https:\/\/denizcankizil.tr\/de\/#organization"},"potentialAction":[{"@type":"SearchAction","target":{"@type":"EntryPoint","urlTemplate":"https:\/\/denizcankizil.tr\/de\/?s={search_term_string}"},"query-input":{"@type":"PropertyValueSpecification","valueRequired":true,"valueName":"search_term_string"}}],"inLanguage":"en-GB"},{"@type":"Organization","@id":"https:\/\/denizcankizil.tr\/de\/#organization","name":"Av. Deniz Can K\u0131z\u0131l","url":"https:\/\/denizcankizil.tr\/de\/","logo":{"@type":"ImageObject","inLanguage":"en-GB","@id":"https:\/\/denizcankizil.tr\/de\/#\/schema\/logo\/image\/","url":"https:\/\/denizcankizil.tr\/wp-content\/uploads\/2024\/10\/siyah-logo-svg.svg","contentUrl":"https:\/\/denizcankizil.tr\/wp-content\/uploads\/2024\/10\/siyah-logo-svg.svg","width":1080,"height":1080,"caption":"Av. Deniz Can K\u0131z\u0131l"},"image":{"@id":"https:\/\/denizcankizil.tr\/de\/#\/schema\/logo\/image\/"}},{"@type":"Person","@id":"https:\/\/denizcankizil.tr\/de\/#\/schema\/person\/5dc1b22991bd7ac833867c10afc9b0ff","name":"Av. Deniz Can K\u0131z\u0131l","image":{"@type":"ImageObject","inLanguage":"en-GB","@id":"https:\/\/denizcankizil.tr\/de\/#\/schema\/person\/image\/","url":"https:\/\/secure.gravatar.com\/avatar\/a0b128fb9855c79efc976d5640eedb31dc35ec297594d6016d2cf7c60e975bb6?s=96&d=mm&r=g","contentUrl":"https:\/\/secure.gravatar.com\/avatar\/a0b128fb9855c79efc976d5640eedb31dc35ec297594d6016d2cf7c60e975bb6?s=96&d=mm&r=g","caption":"Av. Deniz Can K\u0131z\u0131l"},"sameAs":["http:\/\/www.denizcankizil.tr"],"url":"https:\/\/denizcankizil.tr\/en\/author\/denizcankizil\/"}]}},"_links":{"self":[{"href":"https:\/\/denizcankizil.tr\/en\/wp-json\/wp\/v2\/posts\/24692","targetHints":{"allow":["GET"]}}],"collection":[{"href":"https:\/\/denizcankizil.tr\/en\/wp-json\/wp\/v2\/posts"}],"about":[{"href":"https:\/\/denizcankizil.tr\/en\/wp-json\/wp\/v2\/types\/post"}],"author":[{"embeddable":true,"href":"https:\/\/denizcankizil.tr\/en\/wp-json\/wp\/v2\/users\/4"}],"replies":[{"embeddable":true,"href":"https:\/\/denizcankizil.tr\/en\/wp-json\/wp\/v2\/comments?post=24692"}],"version-history":[{"count":0,"href":"https:\/\/denizcankizil.tr\/en\/wp-json\/wp\/v2\/posts\/24692\/revisions"}],"wp:featuredmedia":[{"embeddable":true,"href":"https:\/\/denizcankizil.tr\/en\/wp-json\/wp\/v2\/media\/24693"}],"wp:attachment":[{"href":"https:\/\/denizcankizil.tr\/en\/wp-json\/wp\/v2\/media?parent=24692"}],"wp:term":[{"taxonomy":"category","embeddable":true,"href":"https:\/\/denizcankizil.tr\/en\/wp-json\/wp\/v2\/categories?post=24692"},{"taxonomy":"post_tag","embeddable":true,"href":"https:\/\/denizcankizil.tr\/en\/wp-json\/wp\/v2\/tags?post=24692"}],"curies":[{"name":"wp","href":"https:\/\/api.w.org\/{rel}","templated":true}]}}